{"id":6445,"date":"2015-12-01T12:01:28","date_gmt":"2015-12-01T17:01:28","guid":{"rendered":"http:\/\/colegiocolombianodecontadores.com\/?p=6445"},"modified":"2017-02-04T21:59:55","modified_gmt":"2017-02-05T02:59:55","slug":"puc-para-entidades-vigiladas-por-la-superintendencia-de-economia-solidaria","status":"publish","type":"post","link":"https:\/\/contadoreshoy.com\/?p=6445","title":{"rendered":"PUC para entidades vigiladas por la Superintendencia de Econom\u00eda Solidaria"},"content":{"rendered":"<p>&nbsp;<\/p>\n<p style=\"text-align: center;\"><strong>RESOLUCI\u00d3N N\u00daMERO 2015110009615 DE 2015 &#8211; Superintendencia de la \u00a0Econom\u00eda Solidaria<\/strong><\/p>\n<p style=\"text-align: center;\">(noviembre 13)<\/p>\n<p><em>por la cual se crea el Cat\u00e1logo \u00danico de Informaci\u00f3n Financiera con fines de Supervisi\u00f3n para las organizaciones solidarias vigiladas por la Superintendencia\u00a0 de la Econom\u00eda Solidaria.<\/em><\/p>\n<p>La Superintendente de la Econom\u00eda Solidaria (e), en ejercicio de las facultades legales y en especial las conferidas en los numerales 3 y 22 del art\u00edculo 36 de la Ley 454 de 1998 en concordancia con el art\u00edculo 10 de la Ley 1314 de 2009 y el Decreto 1297 del 17 de junio de 2015, y<\/p>\n<p style=\"text-align: center;\">CONSIDERANDO:<\/p>\n<p>Que mediante la Resoluci\u00f3n n\u00famero 1515 del 27 de noviembre de 2001, se expidi\u00f3 el Plan \u00danico de Cuentas para las entidades del sector solidario vigiladas por la Superintendencia de la Econom\u00eda Solidaria, el cual tuvo algunas modificaciones en el curso de su vigencia.<\/p>\n<p>Que el Gobierno nacional expidi\u00f3 la Ley 1314 de 2009, por la cual se regulan los principios y normas de contabilidad e informaci\u00f3n financiera y de aseguramiento de informaci\u00f3n aceptados en Colombia y se se\u00f1alan las autoridades competentes, el procedimiento para su expedici\u00f3n y se determinan las entidades responsables de vigilar su cumplimiento.<\/p>\n<p>Que la Ley 1314 de 2009, tiene como objetivo conformar un sistema \u00fanico y homog\u00e9neo de alta calidad, comprensible y de forzosa observancia, de normas contables, de informaci\u00f3n financiera y de aseguramiento de la informaci\u00f3n, por cuya virtud los informes contables y, en particular, los estados financieros, brinden informaci\u00f3n financiera comprensible, transparente y comparable, pertinente y confiable, \u00fatil para la toma de decisiones econ\u00f3micas por parte del Estado, los propietarios, funcionarios y empleados de las empresas, los inversionistas actuales o potenciales y otras partes interesadas, para mejorar la productividad, la competitividad y el desarrollo arm\u00f3nico de la actividad empresarial de las personas naturales y jur\u00eddicas, nacionales o extranjeras.<\/p>\n<p>Que de conformidad con lo previsto en el numeral 2 del art\u00edculo 10 de la Ley 1314 de 2009 en desarrollo de las funciones de inspecci\u00f3n, control y vigilancia corresponde a las autoridades de supervisi\u00f3n expedir normas t\u00e9cnicas especiales, interpretaciones y gu\u00edas en materia de contabilidad y de informaci\u00f3n financiera y de aseguramiento de informaci\u00f3n, y en tal sentido esta Superintendencia considera necesario armonizar algunos de los requerimientos e instrucciones impartidas a sus vigilados frente a los nuevos marcos t\u00e9cnicos normativos para preparadores de informaci\u00f3n financiera que pertenecen a los Grupos 1, 2 y 3, teniendo en cuenta que se debe garantizar que la informaci\u00f3n financiera que remitan las entidades vigiladas sea suficiente y apropiada para el ejercicio de las funciones de supervisi\u00f3n y el cumplimiento de los requerimientos prudenciales.<\/p>\n<p>Que para facilitar la comprensi\u00f3n y aplicaci\u00f3n de la estructura contable, en el proceso de convergencia hacia las normas de informaci\u00f3n financiera y de aseguramiento de la informaci\u00f3n la Superintendencia de la Econom\u00eda Solidaria en ejercicio de las facultades previstas en los numerales 3 y 22 del art\u00edculo 36 de la Ley 454 de 1998 y numeral 2 del art\u00edculo 10 de la Ley 1314 de 2009.<\/p>\n<p style=\"text-align: center;\">RESUELVE:<\/p>\n<p><span style=\"color: #0000ff;\">Art\u00edculo 1\u00b0. Crear el Cat\u00e1logo \u00danico de Informaci\u00f3n Financiera con fines de Supervisi\u00f3n que deber\u00e1n aplicar los preparadores de informaci\u00f3n financiera sujetos a la vigilancia de la Superintendencia de la Econom\u00eda Solidaria, que hacen parte de los Grupos 1, 2 y 3, establecidos en los Decretos 2784 de 2012, 3022 y 3023 de 2013 y dem\u00e1s decretos que los modifiquen, deroguen o sustituyan. Documento que hace parte integral del presente acto administrativo, mediante anexo adjunto.<\/span><\/p>\n<p>Par\u00e1grafo. Los preparadores de informaci\u00f3n financiera destinatarios de la presente resoluci\u00f3n deber\u00e1n utilizar el Cat\u00e1logo \u00danico de Informaci\u00f3n Financiera con Fines de Supervisi\u00f3n, teniendo en cuenta su naturaleza jur\u00eddica y capacidad legal, as\u00ed como las condiciones, codificaci\u00f3n y estructura establecidas en el mismo.<\/p>\n<p><span style=\"color: #0000ff;\">Art\u00edculo 2\u00b0. El Cat\u00e1logo \u00danico de Informaci\u00f3n Financiera con fines de Supervisi\u00f3n regir\u00e1 a partir del 1\u00b0 de enero de 2016, a nivel de reporte.<\/span><\/p>\n<p>Para efectos de esta instrucci\u00f3n se entiende por reporte, los informes contables y financieros que peri\u00f3dicamente se deben transmitir a esta Superintendencia.<\/p>\n<p><strong><span style=\"color: #ff9900;\">A partir del 1\u00b0 de enero de 2016 los preparadores de informaci\u00f3n financiera que hacen parte del Grupo 1 y 3 vigilados por esta Superintendencia, deber\u00e1n ajustar su sistema de contabilidad interno, al Cat\u00e1logo \u00danico de Informaci\u00f3n Financiera con Fines de Supervisi\u00f3n que se crea por medio del presente acto administrativo, a nivel de documento fuente.<\/span><\/strong><\/p>\n<p><span style=\"text-decoration: underline;\"><strong><span style=\"color: #ff9900; text-decoration: underline;\">La obligaci\u00f3n establecida en el inciso anterior operar\u00e1 a partir del 1\u00b0 de enero de 2017 para los preparadores de informaci\u00f3n financiera que hacen parte del Grupo 2 vigilados por esta Superintendencia.<\/span><\/strong><\/span><\/p>\n<p><span style=\"color: #0000ff;\">Art\u00edculo 3\u00b0. Los Planes \u00danicos de Cuentas (PUC) vigentes a la fecha utilizada por las entidades destinatarios de la presente resoluci\u00f3n continuar\u00e1n aplic\u00e1ndose hasta el 31 de diciembre de 2015.<\/span><\/p>\n<p>Lo anterior sin perjuicio de la reglamentaci\u00f3n que expida el Gobierno nacional para efectos tributarios, aduaneros y cambiarios.<\/p>\n<p>Art\u00edculo 4\u00b0. La periodicidad de la remisi\u00f3n de la informaci\u00f3n financiera requerida por el Cat\u00e1logo \u00danico de Informaci\u00f3n Financiera con fines de Supervisi\u00f3n que se crea mediante la presente resoluci\u00f3n, atender\u00e1 los mismos plazos y tiempos se\u00f1alados en la Circular B\u00e1sica Contable y Financiera n\u00famero 004 de 2008 que actualmente se aplica para cada entidad vigilada por esta Superintendencia y dem\u00e1s circulares que la modifiquen, deroguen o sustituyan.<\/p>\n<p>Art\u00edculo 5\u00b0. Las actuaciones administrativas sancionatorias iniciadas por esta Superintendencia por el presunto incumplimiento de las instrucciones que se dejan de aplicar con la entrada en vigencia de la presente resoluci\u00f3n, continuar\u00e1n su procedimiento hasta su terminaci\u00f3n, con base en las instrucciones aplicables al momento de la ocurrencia de los hechos.<\/p>\n<p>Art\u00edculo 6\u00b0. <span style=\"color: #ff9900;\">La presente resoluci\u00f3n rige a partir de la fecha de su publicaci\u00f3n y deroga expresamente la Resoluci\u00f3n 1515 de noviembre 27 de 2001<\/span>, as\u00ed como las dem\u00e1s disposiciones que le sean contrarias, en los t\u00e9rminos y condiciones aqu\u00ed se\u00f1alados.<\/p>\n<p>Publ\u00edquese y c\u00famplase.<\/p>\n<p>&nbsp;<\/p>\n<p><a href=\"http:\/\/www.supersolidaria.gov.co\/sites\/default\/files\/public\/sicses\/catalogo.pdf\" target=\"_blank\">CAT\u00c1LOGO \u00daNICO DE INFORMACI\u00d3N FINANCIERA CON FINES DE SUPERVISI\u00d3N<\/a><\/p>\n","protected":false},"excerpt":{"rendered":"<p>Resoluci\u00f3n 2015110009615 noviembre 13 de 2015 &#8211; Superintendencia de la Econom\u00eda Solidaria &#8211; Por la cual se crea el Cat\u00e1logo \u00danico de Informaci\u00f3n Financiera con fines de Supervisi\u00f3n para las organizaciones solidarias vigiladas por la Superintendencia  de la Econom\u00eda Solidaria.<\/p>\n","protected":false},"author":1,"featured_media":6446,"comment_status":"open","ping_status":"open","sticky":false,"template":"","format":"standard","meta":{"_monsterinsights_skip_tracking":false,"ngg_post_thumbnail":0,"footnotes":"","_links_to":"","_links_to_target":""},"categories":[454],"tags":[],"class_list":["post-6445","post","type-post","status-publish","format-standard","has-post-thumbnail","hentry","category-sin-categoria"],"aioseo_notices":[],"aioseo_head":"\n\t\t<!-- All in One SEO 5.0.1.1 - aioseo.com -->\n\t<meta name=\"description\" content=\"Resoluci\u00f3n 2015110009615 noviembre 13 de 2015 - Superintendencia de la Econom\u00eda Solidaria - Por la cual se crea el Cat\u00e1logo \u00danico de Informaci\u00f3n Financiera con fines de Supervisi\u00f3n para las organizaciones solidarias vigiladas por la Superintendencia de la Econom\u00eda Solidaria.\" \/>\n\t<meta name=\"robots\" content=\"max-image-preview:large\" \/>\n\t<meta name=\"author\" content=\"Miguel Antonio M\u00e1rquez Monta\u00f1ez\"\/>\n\t<link rel=\"canonical\" href=\"https:\/\/contadoreshoy.com\/?p=6445\" \/>\n\t<meta name=\"generator\" content=\"All in One SEO (AIOSEO) 5.0.1.1\" \/>\n\t\t<meta property=\"og:locale\" content=\"es_ES\" \/>\n\t\t<meta property=\"og:site_name\" content=\"Contadores P\u00fablicos - Portal para Contadores P\u00fablicos y empresarios\" \/>\n\t\t<meta property=\"og:type\" content=\"article\" \/>\n\t\t<meta property=\"og:title\" content=\"PUC para entidades vigiladas por la Superintendencia de Econom\u00eda Solidaria - Contadores P\u00fablicos\" \/>\n\t\t<meta property=\"og:description\" content=\"Resoluci\u00f3n 2015110009615 noviembre 13 de 2015 - Superintendencia de la Econom\u00eda Solidaria - Por la cual se crea el Cat\u00e1logo \u00danico de Informaci\u00f3n Financiera con fines de Supervisi\u00f3n para las organizaciones solidarias vigiladas por la Superintendencia de la Econom\u00eda Solidaria.\" \/>\n\t\t<meta property=\"og:url\" content=\"https:\/\/contadoreshoy.com\/?p=6445\" \/>\n\t\t<meta property=\"og:image\" content=\"https:\/\/contadoreshoy.com\/wp-content\/uploads\/2024\/01\/cropped-cropped-cropped-Copia-de-M.jpg\" \/>\n\t\t<meta property=\"og:image:secure_url\" content=\"https:\/\/contadoreshoy.com\/wp-content\/uploads\/2024\/01\/cropped-cropped-cropped-Copia-de-M.jpg\" \/>\n\t\t<meta property=\"og:image:width\" content=\"512\" \/>\n\t\t<meta property=\"og:image:height\" content=\"371\" \/>\n\t\t<meta property=\"article:published_time\" content=\"2015-12-01T17:01:28+00:00\" \/>\n\t\t<meta property=\"article:modified_time\" content=\"2017-02-05T02:59:55+00:00\" \/>\n\t\t<meta name=\"twitter:card\" content=\"summary_large_image\" \/>\n\t\t<meta name=\"twitter:title\" content=\"PUC para entidades vigiladas por la Superintendencia de Econom\u00eda Solidaria - Contadores P\u00fablicos\" \/>\n\t\t<meta name=\"twitter:description\" content=\"Resoluci\u00f3n 2015110009615 noviembre 13 de 2015 - Superintendencia de la Econom\u00eda Solidaria - Por la cual se crea el Cat\u00e1logo \u00danico de Informaci\u00f3n Financiera con fines de Supervisi\u00f3n para las organizaciones solidarias vigiladas por la Superintendencia de la Econom\u00eda Solidaria.\" \/>\n\t\t<meta name=\"twitter:image\" content=\"https:\/\/contadoreshoy.com\/wp-content\/uploads\/2024\/01\/cropped-cropped-cropped-Copia-de-M.jpg\" \/>\n\t\t<script type=\"application\/ld+json\" class=\"aioseo-schema\">\n\t\t\t{\"@context\":\"https:\\\/\\\/schema.org\",\"@graph\":[{\"@type\":\"BlogPosting\",\"@id\":\"https:\\\/\\\/contadoreshoy.com\\\/?p=6445#blogposting\",\"name\":\"PUC para entidades vigiladas por la Superintendencia de Econom\\u00eda Solidaria - Contadores P\\u00fablicos\",\"headline\":\"PUC para entidades vigiladas por la Superintendencia de Econom\\u00eda Solidaria\",\"author\":{\"@id\":\"https:\\\/\\\/contadoreshoy.com\\\/?author=1#author\"},\"publisher\":{\"@id\":\"https:\\\/\\\/contadoreshoy.com\\\/#organization\"},\"image\":{\"@type\":\"ImageObject\",\"url\":\"https:\\\/\\\/contadoreshoy.com\\\/wp-content\\\/uploads\\\/2015\\\/12\\\/PUC-Econom\\u00eda-solidaria.jpg\",\"width\":600,\"height\":400},\"datePublished\":\"2015-12-01T12:01:28-05:00\",\"dateModified\":\"2017-02-04T21:59:55-05:00\",\"inLanguage\":\"es-ES\",\"mainEntityOfPage\":{\"@id\":\"https:\\\/\\\/contadoreshoy.com\\\/?p=6445#webpage\"},\"isPartOf\":{\"@id\":\"https:\\\/\\\/contadoreshoy.com\\\/?p=6445#webpage\"},\"articleSection\":\"Sin categor\\u00eda\"},{\"@type\":\"BreadcrumbList\",\"@id\":\"https:\\\/\\\/contadoreshoy.com\\\/?p=6445#breadcrumblist\",\"itemListElement\":[{\"@type\":\"ListItem\",\"@id\":\"https:\\\/\\\/contadoreshoy.com#listItem\",\"position\":1,\"name\":\"Home\",\"item\":\"https:\\\/\\\/contadoreshoy.com\",\"nextItem\":{\"@type\":\"ListItem\",\"@id\":\"https:\\\/\\\/contadoreshoy.com\\\/?cat=454#listItem\",\"name\":\"Sin categor\\u00eda\"}},{\"@type\":\"ListItem\",\"@id\":\"https:\\\/\\\/contadoreshoy.com\\\/?cat=454#listItem\",\"position\":2,\"name\":\"Sin categor\\u00eda\",\"item\":\"https:\\\/\\\/contadoreshoy.com\\\/?cat=454\",\"nextItem\":{\"@type\":\"ListItem\",\"@id\":\"https:\\\/\\\/contadoreshoy.com\\\/?p=6445#listItem\",\"name\":\"PUC para entidades vigiladas por la Superintendencia de Econom\\u00eda Solidaria\"},\"previousItem\":{\"@type\":\"ListItem\",\"@id\":\"https:\\\/\\\/contadoreshoy.com#listItem\",\"name\":\"Home\"}},{\"@type\":\"ListItem\",\"@id\":\"https:\\\/\\\/contadoreshoy.com\\\/?p=6445#listItem\",\"position\":3,\"name\":\"PUC para entidades vigiladas por la Superintendencia de Econom\\u00eda Solidaria\",\"previousItem\":{\"@type\":\"ListItem\",\"@id\":\"https:\\\/\\\/contadoreshoy.com\\\/?cat=454#listItem\",\"name\":\"Sin categor\\u00eda\"}}]},{\"@type\":\"Organization\",\"@id\":\"https:\\\/\\\/contadoreshoy.com\\\/#organization\",\"name\":\"Contadores P\\u00fablicos\",\"description\":\"Portal para Contadores P\\u00fablicos y empresarios\",\"url\":\"https:\\\/\\\/contadoreshoy.com\\\/\",\"logo\":{\"@type\":\"ImageObject\",\"url\":\"https:\\\/\\\/contadoreshoy.com\\\/wp-content\\\/uploads\\\/2024\\\/01\\\/cropped-cropped-Copia-de-M-1.jpg\",\"@id\":\"https:\\\/\\\/contadoreshoy.com\\\/?p=6445\\\/#organizationLogo\",\"width\":499,\"height\":500},\"image\":{\"@id\":\"https:\\\/\\\/contadoreshoy.com\\\/?p=6445\\\/#organizationLogo\"}},{\"@type\":\"Person\",\"@id\":\"https:\\\/\\\/contadoreshoy.com\\\/?author=1#author\",\"url\":\"https:\\\/\\\/contadoreshoy.com\\\/?author=1\",\"name\":\"Miguel Antonio M\\u00e1rquez Monta\\u00f1ez\"},{\"@type\":\"WebPage\",\"@id\":\"https:\\\/\\\/contadoreshoy.com\\\/?p=6445#webpage\",\"url\":\"https:\\\/\\\/contadoreshoy.com\\\/?p=6445\",\"name\":\"PUC para entidades vigiladas por la Superintendencia de Econom\\u00eda Solidaria - Contadores P\\u00fablicos\",\"description\":\"Resoluci\\u00f3n 2015110009615 noviembre 13 de 2015 - Superintendencia de la Econom\\u00eda Solidaria - Por la cual se crea el Cat\\u00e1logo \\u00danico de Informaci\\u00f3n Financiera con fines de Supervisi\\u00f3n para las organizaciones solidarias vigiladas por la Superintendencia de la Econom\\u00eda Solidaria.\",\"inLanguage\":\"es-ES\",\"isPartOf\":{\"@id\":\"https:\\\/\\\/contadoreshoy.com\\\/#website\"},\"breadcrumb\":{\"@id\":\"https:\\\/\\\/contadoreshoy.com\\\/?p=6445#breadcrumblist\"},\"author\":{\"@id\":\"https:\\\/\\\/contadoreshoy.com\\\/?author=1#author\"},\"creator\":{\"@id\":\"https:\\\/\\\/contadoreshoy.com\\\/?author=1#author\"},\"image\":{\"@type\":\"ImageObject\",\"url\":\"https:\\\/\\\/contadoreshoy.com\\\/wp-content\\\/uploads\\\/2015\\\/12\\\/PUC-Econom\\u00eda-solidaria.jpg\",\"@id\":\"https:\\\/\\\/contadoreshoy.com\\\/?p=6445\\\/#mainImage\",\"width\":600,\"height\":400},\"primaryImageOfPage\":{\"@id\":\"https:\\\/\\\/contadoreshoy.com\\\/?p=6445#mainImage\"},\"datePublished\":\"2015-12-01T12:01:28-05:00\",\"dateModified\":\"2017-02-04T21:59:55-05:00\"},{\"@type\":\"WebSite\",\"@id\":\"https:\\\/\\\/contadoreshoy.com\\\/#website\",\"url\":\"https:\\\/\\\/contadoreshoy.com\\\/\",\"name\":\"Contadores P\\u00fablicos\",\"description\":\"Portal para Contadores P\\u00fablicos y empresarios\",\"inLanguage\":\"es-ES\",\"publisher\":{\"@id\":\"https:\\\/\\\/contadoreshoy.com\\\/#organization\"}}]}\n\t\t<\/script>\n\t\t<!-- All in One SEO -->\n\n","aioseo_head_json":{"title":"PUC para entidades vigiladas por la Superintendencia de Econom\u00eda Solidaria - Contadores P\u00fablicos","description":"Resoluci\u00f3n 2015110009615 noviembre 13 de 2015 - Superintendencia de la Econom\u00eda Solidaria - Por la cual se crea el Cat\u00e1logo \u00danico de Informaci\u00f3n Financiera con fines de Supervisi\u00f3n para las organizaciones solidarias vigiladas por la Superintendencia de la Econom\u00eda Solidaria.","canonical_url":"https:\/\/contadoreshoy.com\/?p=6445","robots":"max-image-preview:large","keywords":"","webmasterTools":{"miscellaneous":""},"schema":{"@context":"https:\/\/schema.org","@graph":[{"@type":"BlogPosting","@id":"https:\/\/contadoreshoy.com\/?p=6445#blogposting","name":"PUC para entidades vigiladas por la Superintendencia de Econom\u00eda Solidaria - Contadores P\u00fablicos","headline":"PUC para entidades vigiladas por la Superintendencia de Econom\u00eda Solidaria","author":{"@id":"https:\/\/contadoreshoy.com\/?author=1#author"},"publisher":{"@id":"https:\/\/contadoreshoy.com\/#organization"},"image":{"@type":"ImageObject","url":"https:\/\/contadoreshoy.com\/wp-content\/uploads\/2015\/12\/PUC-Econom\u00eda-solidaria.jpg","width":600,"height":400},"datePublished":"2015-12-01T12:01:28-05:00","dateModified":"2017-02-04T21:59:55-05:00","inLanguage":"es-ES","mainEntityOfPage":{"@id":"https:\/\/contadoreshoy.com\/?p=6445#webpage"},"isPartOf":{"@id":"https:\/\/contadoreshoy.com\/?p=6445#webpage"},"articleSection":"Sin categor\u00eda"},{"@type":"BreadcrumbList","@id":"https:\/\/contadoreshoy.com\/?p=6445#breadcrumblist","itemListElement":[{"@type":"ListItem","@id":"https:\/\/contadoreshoy.com#listItem","position":1,"name":"Home","item":"https:\/\/contadoreshoy.com","nextItem":{"@type":"ListItem","@id":"https:\/\/contadoreshoy.com\/?cat=454#listItem","name":"Sin categor\u00eda"}},{"@type":"ListItem","@id":"https:\/\/contadoreshoy.com\/?cat=454#listItem","position":2,"name":"Sin categor\u00eda","item":"https:\/\/contadoreshoy.com\/?cat=454","nextItem":{"@type":"ListItem","@id":"https:\/\/contadoreshoy.com\/?p=6445#listItem","name":"PUC para entidades vigiladas por la Superintendencia de Econom\u00eda Solidaria"},"previousItem":{"@type":"ListItem","@id":"https:\/\/contadoreshoy.com#listItem","name":"Home"}},{"@type":"ListItem","@id":"https:\/\/contadoreshoy.com\/?p=6445#listItem","position":3,"name":"PUC para entidades vigiladas por la Superintendencia de Econom\u00eda Solidaria","previousItem":{"@type":"ListItem","@id":"https:\/\/contadoreshoy.com\/?cat=454#listItem","name":"Sin categor\u00eda"}}]},{"@type":"Organization","@id":"https:\/\/contadoreshoy.com\/#organization","name":"Contadores P\u00fablicos","description":"Portal para Contadores P\u00fablicos y empresarios","url":"https:\/\/contadoreshoy.com\/","logo":{"@type":"ImageObject","url":"https:\/\/contadoreshoy.com\/wp-content\/uploads\/2024\/01\/cropped-cropped-Copia-de-M-1.jpg","@id":"https:\/\/contadoreshoy.com\/?p=6445\/#organizationLogo","width":499,"height":500},"image":{"@id":"https:\/\/contadoreshoy.com\/?p=6445\/#organizationLogo"}},{"@type":"Person","@id":"https:\/\/contadoreshoy.com\/?author=1#author","url":"https:\/\/contadoreshoy.com\/?author=1","name":"Miguel Antonio M\u00e1rquez Monta\u00f1ez"},{"@type":"WebPage","@id":"https:\/\/contadoreshoy.com\/?p=6445#webpage","url":"https:\/\/contadoreshoy.com\/?p=6445","name":"PUC para entidades vigiladas por la Superintendencia de Econom\u00eda Solidaria - Contadores P\u00fablicos","description":"Resoluci\u00f3n 2015110009615 noviembre 13 de 2015 - Superintendencia de la Econom\u00eda Solidaria - Por la cual se crea el Cat\u00e1logo \u00danico de Informaci\u00f3n Financiera con fines de Supervisi\u00f3n para las organizaciones solidarias vigiladas por la Superintendencia de la Econom\u00eda Solidaria.","inLanguage":"es-ES","isPartOf":{"@id":"https:\/\/contadoreshoy.com\/#website"},"breadcrumb":{"@id":"https:\/\/contadoreshoy.com\/?p=6445#breadcrumblist"},"author":{"@id":"https:\/\/contadoreshoy.com\/?author=1#author"},"creator":{"@id":"https:\/\/contadoreshoy.com\/?author=1#author"},"image":{"@type":"ImageObject","url":"https:\/\/contadoreshoy.com\/wp-content\/uploads\/2015\/12\/PUC-Econom\u00eda-solidaria.jpg","@id":"https:\/\/contadoreshoy.com\/?p=6445\/#mainImage","width":600,"height":400},"primaryImageOfPage":{"@id":"https:\/\/contadoreshoy.com\/?p=6445#mainImage"},"datePublished":"2015-12-01T12:01:28-05:00","dateModified":"2017-02-04T21:59:55-05:00"},{"@type":"WebSite","@id":"https:\/\/contadoreshoy.com\/#website","url":"https:\/\/contadoreshoy.com\/","name":"Contadores P\u00fablicos","description":"Portal para Contadores P\u00fablicos y empresarios","inLanguage":"es-ES","publisher":{"@id":"https:\/\/contadoreshoy.com\/#organization"}}]},"og:locale":"es_ES","og:site_name":"Contadores P\u00fablicos - Portal para Contadores P\u00fablicos y empresarios","og:type":"article","og:title":"PUC para entidades vigiladas por la Superintendencia de Econom\u00eda Solidaria - Contadores P\u00fablicos","og:description":"Resoluci\u00f3n 2015110009615 noviembre 13 de 2015 - Superintendencia de la Econom\u00eda Solidaria - Por la cual se crea el Cat\u00e1logo \u00danico de Informaci\u00f3n Financiera con fines de Supervisi\u00f3n para las organizaciones solidarias vigiladas por la Superintendencia de la Econom\u00eda Solidaria.","og:url":"https:\/\/contadoreshoy.com\/?p=6445","og:image":"https:\/\/contadoreshoy.com\/wp-content\/uploads\/2024\/01\/cropped-cropped-cropped-Copia-de-M.jpg","og:image:secure_url":"https:\/\/contadoreshoy.com\/wp-content\/uploads\/2024\/01\/cropped-cropped-cropped-Copia-de-M.jpg","og:image:width":512,"og:image:height":371,"article:published_time":"2015-12-01T17:01:28+00:00","article:modified_time":"2017-02-05T02:59:55+00:00","twitter:card":"summary_large_image","twitter:title":"PUC para entidades vigiladas por la Superintendencia de Econom\u00eda Solidaria - Contadores P\u00fablicos","twitter:description":"Resoluci\u00f3n 2015110009615 noviembre 13 de 2015 - Superintendencia de la Econom\u00eda Solidaria - Por la cual se crea el Cat\u00e1logo \u00danico de Informaci\u00f3n Financiera con fines de Supervisi\u00f3n para las organizaciones solidarias vigiladas por la Superintendencia de la Econom\u00eda Solidaria.","twitter:image":"https:\/\/contadoreshoy.com\/wp-content\/uploads\/2024\/01\/cropped-cropped-cropped-Copia-de-M.jpg"},"aioseo_meta_data":{"post_id":"6445","title":null,"description":null,"keywords":null,"keyphrases":null,"primary_term":null,"canonical_url":null,"og_title":null,"og_description":null,"og_object_type":"default","og_image_type":"default","og_image_url":null,"og_image_width":null,"og_image_height":null,"og_image_custom_url":null,"og_image_custom_fields":null,"og_video":null,"og_custom_url":null,"og_article_section":null,"og_article_tags":null,"twitter_use_og":false,"twitter_card":"default","twitter_image_type":"default","twitter_image_url":null,"twitter_image_custom_url":null,"twitter_image_custom_fields":null,"twitter_title":null,"twitter_description":null,"schema":{"blockGraphs":[],"customGraphs":[],"default":{"data":{"Article":[],"Course":[],"Dataset":[],"FAQPage":[],"Movie":[],"Person":[],"Product":[],"ProductReview":[],"Car":[],"Recipe":[],"Service":[],"SoftwareApplication":[],"WebPage":[]},"graphName":"","isEnabled":true},"graphs":[]},"schema_type":"default","schema_type_options":null,"pillar_content":false,"robots_default":true,"robots_noindex":false,"robots_noarchive":false,"robots_nosnippet":false,"robots_nofollow":false,"robots_noimageindex":false,"robots_noodp":false,"robots_notranslate":false,"robots_max_snippet":null,"robots_max_videopreview":null,"robots_max_imagepreview":"large","priority":null,"frequency":null,"local_seo":null,"breadcrumb_settings":null,"limit_modified_date":false,"ai":null,"created":"2024-03-05 01:26:57","updated":"2026-03-03 04:44:23","seo_analyzer_scan_date":null,"focus_keyword":null,"additional_keywords":null,"truseo_locale":null},"aioseo_breadcrumb":"<div class=\"aioseo-breadcrumbs\"><span class=\"aioseo-breadcrumb\">\n\t\t\t<a href=\"https:\/\/contadoreshoy.com\" title=\"Home\">Home<\/a>\n\t\t<\/span><span class=\"aioseo-breadcrumb-separator\">&raquo;<\/span><span class=\"aioseo-breadcrumb\">\n\t\t\t<a href=\"https:\/\/contadoreshoy.com\/?cat=454\" title=\"Sin categor\u00eda\">Sin categor\u00eda<\/a>\n\t\t<\/span><span class=\"aioseo-breadcrumb-separator\">&raquo;<\/span><span class=\"aioseo-breadcrumb\">\n\t\t\tPUC para entidades vigiladas por la Superintendencia de Econom\u00eda Solidaria\n\t\t<\/span><\/div>","aioseo_breadcrumb_json":[{"label":"Home","link":"https:\/\/contadoreshoy.com"},{"label":"Sin categor\u00eda","link":"https:\/\/contadoreshoy.com\/?cat=454"},{"label":"PUC para entidades vigiladas por la Superintendencia de Econom\u00eda Solidaria","link":"https:\/\/contadoreshoy.com\/?p=6445"}],"yoast_head":"<!-- This site is optimized with the Yoast SEO plugin v28.4 - https:\/\/yoast.com\/product\/yoast-seo-wordpress\/ -->\n<title>PUC para entidades vigiladas por la Superintendencia de Econom\u00eda Solidaria - Contadores P\u00fablicos<\/title>\n<meta name=\"robots\" content=\"index, follow, max-snippet:-1, max-image-preview:large, max-video-preview:-1\" \/>\n<link rel=\"canonical\" href=\"https:\/\/contadoreshoy.com\/?p=6445\" \/>\n<meta property=\"og:locale\" content=\"es_ES\" \/>\n<meta property=\"og:type\" content=\"article\" \/>\n<meta property=\"og:title\" content=\"PUC para entidades vigiladas por la Superintendencia de Econom\u00eda Solidaria - Contadores P\u00fablicos\" \/>\n<meta property=\"og:description\" content=\"Resoluci\u00f3n 2015110009615 noviembre 13 de 2015 - Superintendencia de la Econom\u00eda Solidaria - Por la cual se crea el Cat\u00e1logo \u00danico de Informaci\u00f3n Financiera con fines de Supervisi\u00f3n para las organizaciones solidarias vigiladas por la Superintendencia de la Econom\u00eda Solidaria.\" \/>\n<meta property=\"og:url\" content=\"https:\/\/contadoreshoy.com\/?p=6445\" \/>\n<meta property=\"og:site_name\" content=\"Contadores P\u00fablicos\" \/>\n<meta property=\"article:publisher\" content=\"https:\/\/www.facebook.com\/CCCPBucaramanga\/\" \/>\n<meta property=\"article:published_time\" content=\"2015-12-01T17:01:28+00:00\" \/>\n<meta property=\"article:modified_time\" content=\"2017-02-05T02:59:55+00:00\" \/>\n<meta property=\"og:image\" content=\"https:\/\/contadoreshoy.com\/wp-content\/uploads\/2015\/12\/PUC-Econom\u00eda-solidaria.jpg\" \/>\n\t<meta property=\"og:image:width\" content=\"600\" \/>\n\t<meta property=\"og:image:height\" content=\"400\" \/>\n\t<meta property=\"og:image:type\" content=\"image\/jpeg\" \/>\n<meta name=\"author\" content=\"Miguel Antonio M\u00e1rquez Monta\u00f1ez\" \/>\n<meta name=\"twitter:card\" content=\"summary_large_image\" \/>\n<meta name=\"twitter:label1\" content=\"Escrito por\" \/>\n\t<meta name=\"twitter:data1\" content=\"Miguel Antonio M\u00e1rquez Monta\u00f1ez\" \/>\n\t<meta name=\"twitter:label2\" content=\"Tiempo de lectura\" \/>\n\t<meta name=\"twitter:data2\" content=\"5 minutos\" \/>\n<script type=\"application\/ld+json\" class=\"yoast-schema-graph\">{\"@context\":\"https:\\\/\\\/schema.org\",\"@graph\":[{\"@type\":\"Article\",\"@id\":\"https:\\\/\\\/contadoreshoy.com\\\/?p=6445#article\",\"isPartOf\":{\"@id\":\"https:\\\/\\\/contadoreshoy.com\\\/?p=6445\"},\"author\":{\"name\":\"Miguel Antonio M\u00e1rquez Monta\u00f1ez\",\"@id\":\"https:\\\/\\\/contadoreshoy.com\\\/#\\\/schema\\\/person\\\/96d8979cb865537c5dc9345e40089fc5\"},\"headline\":\"PUC para entidades vigiladas por la Superintendencia de Econom\u00eda Solidaria\",\"datePublished\":\"2015-12-01T17:01:28+00:00\",\"dateModified\":\"2017-02-05T02:59:55+00:00\",\"mainEntityOfPage\":{\"@id\":\"https:\\\/\\\/contadoreshoy.com\\\/?p=6445\"},\"wordCount\":1023,\"commentCount\":0,\"publisher\":{\"@id\":\"https:\\\/\\\/contadoreshoy.com\\\/#organization\"},\"image\":{\"@id\":\"https:\\\/\\\/contadoreshoy.com\\\/?p=6445#primaryimage\"},\"thumbnailUrl\":\"https:\\\/\\\/contadoreshoy.com\\\/wp-content\\\/uploads\\\/2015\\\/12\\\/PUC-Econom\u00eda-solidaria.jpg\",\"inLanguage\":\"es\",\"potentialAction\":[{\"@type\":\"CommentAction\",\"name\":\"Comment\",\"target\":[\"https:\\\/\\\/contadoreshoy.com\\\/?p=6445#respond\"]}]},{\"@type\":\"WebPage\",\"@id\":\"https:\\\/\\\/contadoreshoy.com\\\/?p=6445\",\"url\":\"https:\\\/\\\/contadoreshoy.com\\\/?p=6445\",\"name\":\"PUC para entidades vigiladas por la Superintendencia de Econom\u00eda Solidaria - Contadores P\u00fablicos\",\"isPartOf\":{\"@id\":\"https:\\\/\\\/contadoreshoy.com\\\/#website\"},\"primaryImageOfPage\":{\"@id\":\"https:\\\/\\\/contadoreshoy.com\\\/?p=6445#primaryimage\"},\"image\":{\"@id\":\"https:\\\/\\\/contadoreshoy.com\\\/?p=6445#primaryimage\"},\"thumbnailUrl\":\"https:\\\/\\\/contadoreshoy.com\\\/wp-content\\\/uploads\\\/2015\\\/12\\\/PUC-Econom\u00eda-solidaria.jpg\",\"datePublished\":\"2015-12-01T17:01:28+00:00\",\"dateModified\":\"2017-02-05T02:59:55+00:00\",\"breadcrumb\":{\"@id\":\"https:\\\/\\\/contadoreshoy.com\\\/?p=6445#breadcrumb\"},\"inLanguage\":\"es\",\"potentialAction\":[{\"@type\":\"ReadAction\",\"target\":[\"https:\\\/\\\/contadoreshoy.com\\\/?p=6445\"]}]},{\"@type\":\"ImageObject\",\"inLanguage\":\"es\",\"@id\":\"https:\\\/\\\/contadoreshoy.com\\\/?p=6445#primaryimage\",\"url\":\"https:\\\/\\\/contadoreshoy.com\\\/wp-content\\\/uploads\\\/2015\\\/12\\\/PUC-Econom\u00eda-solidaria.jpg\",\"contentUrl\":\"https:\\\/\\\/contadoreshoy.com\\\/wp-content\\\/uploads\\\/2015\\\/12\\\/PUC-Econom\u00eda-solidaria.jpg\",\"width\":600,\"height\":400},{\"@type\":\"BreadcrumbList\",\"@id\":\"https:\\\/\\\/contadoreshoy.com\\\/?p=6445#breadcrumb\",\"itemListElement\":[{\"@type\":\"ListItem\",\"position\":1,\"name\":\"Portada\",\"item\":\"https:\\\/\\\/contadoreshoy.com\\\/\"},{\"@type\":\"ListItem\",\"position\":2,\"name\":\"PUC para entidades vigiladas por la Superintendencia de Econom\u00eda Solidaria\"}]},{\"@type\":\"WebSite\",\"@id\":\"https:\\\/\\\/contadoreshoy.com\\\/#website\",\"url\":\"https:\\\/\\\/contadoreshoy.com\\\/\",\"name\":\"Contadorespublicossantander\",\"description\":\"Portal para Contadores P\u00fablicos y empresarios\",\"publisher\":{\"@id\":\"https:\\\/\\\/contadoreshoy.com\\\/#organization\"},\"potentialAction\":[{\"@type\":\"SearchAction\",\"target\":{\"@type\":\"EntryPoint\",\"urlTemplate\":\"https:\\\/\\\/contadoreshoy.com\\\/?s={search_term_string}\"},\"query-input\":{\"@type\":\"PropertyValueSpecification\",\"valueRequired\":true,\"valueName\":\"search_term_string\"}}],\"inLanguage\":\"es\"},{\"@type\":\"Organization\",\"@id\":\"https:\\\/\\\/contadoreshoy.com\\\/#organization\",\"name\":\"Contadores P\u00fablicos de Santander\",\"url\":\"https:\\\/\\\/contadoreshoy.com\\\/\",\"logo\":{\"@type\":\"ImageObject\",\"inLanguage\":\"es\",\"@id\":\"https:\\\/\\\/contadoreshoy.com\\\/#\\\/schema\\\/logo\\\/image\\\/\",\"url\":\"https:\\\/\\\/contadoreshoy.com\\\/wp-content\\\/uploads\\\/2024\\\/01\\\/cropped-cropped-Copia-de-M-1.jpg\",\"contentUrl\":\"https:\\\/\\\/contadoreshoy.com\\\/wp-content\\\/uploads\\\/2024\\\/01\\\/cropped-cropped-Copia-de-M-1.jpg\",\"width\":499,\"height\":500,\"caption\":\"Contadores P\u00fablicos de Santander\"},\"image\":{\"@id\":\"https:\\\/\\\/contadoreshoy.com\\\/#\\\/schema\\\/logo\\\/image\\\/\"},\"sameAs\":[\"https:\\\/\\\/www.facebook.com\\\/CCCPBucaramanga\\\/\"]},{\"@type\":\"Person\",\"@id\":\"https:\\\/\\\/contadoreshoy.com\\\/#\\\/schema\\\/person\\\/96d8979cb865537c5dc9345e40089fc5\",\"name\":\"Miguel Antonio M\u00e1rquez Monta\u00f1ez\",\"description\":\"Contador P\u00fablico egresado de la Universidad Aut\u00f3noma de Bucaramanga - Asesor contable tributario con m\u00e1s de 25 a\u00f1os de experiencia - Conferencista en temas contables y tributarios - T\u00e9cnico en Hardware y Dise\u00f1o Web - Creador y director Grupo de Estudio Colegio Colombiano de Contadores P\u00fablicos de Bucaramanga - Creador y Master Web p\u00e1gina www.contadoresp\u00fablicossantander.com - Expresidente Colegio Colombiano de Contadores P\u00fablicos Bucaramanga\",\"url\":\"https:\\\/\\\/contadoreshoy.com\\\/?author=1\"}]}<\/script>\n<!-- \/ Yoast SEO plugin. -->","yoast_head_json":{"title":"PUC para entidades vigiladas por la Superintendencia de Econom\u00eda Solidaria - Contadores P\u00fablicos","robots":{"index":"index","follow":"follow","max-snippet":"max-snippet:-1","max-image-preview":"max-image-preview:large","max-video-preview":"max-video-preview:-1"},"canonical":"https:\/\/contadoreshoy.com\/?p=6445","og_locale":"es_ES","og_type":"article","og_title":"PUC para entidades vigiladas por la Superintendencia de Econom\u00eda Solidaria - Contadores P\u00fablicos","og_description":"Resoluci\u00f3n 2015110009615 noviembre 13 de 2015 - Superintendencia de la Econom\u00eda Solidaria - Por la cual se crea el Cat\u00e1logo \u00danico de Informaci\u00f3n Financiera con fines de Supervisi\u00f3n para las organizaciones solidarias vigiladas por la Superintendencia de la Econom\u00eda Solidaria.","og_url":"https:\/\/contadoreshoy.com\/?p=6445","og_site_name":"Contadores P\u00fablicos","article_publisher":"https:\/\/www.facebook.com\/CCCPBucaramanga\/","article_published_time":"2015-12-01T17:01:28+00:00","article_modified_time":"2017-02-05T02:59:55+00:00","og_image":[{"width":600,"height":400,"url":"https:\/\/contadoreshoy.com\/wp-content\/uploads\/2015\/12\/PUC-Econom\u00eda-solidaria.jpg","type":"image\/jpeg"}],"author":"Miguel Antonio M\u00e1rquez Monta\u00f1ez","twitter_card":"summary_large_image","twitter_misc":{"Escrito por":"Miguel Antonio M\u00e1rquez Monta\u00f1ez","Tiempo de lectura":"5 minutos"},"schema":{"@context":"https:\/\/schema.org","@graph":[{"@type":"Article","@id":"https:\/\/contadoreshoy.com\/?p=6445#article","isPartOf":{"@id":"https:\/\/contadoreshoy.com\/?p=6445"},"author":{"name":"Miguel Antonio M\u00e1rquez Monta\u00f1ez","@id":"https:\/\/contadoreshoy.com\/#\/schema\/person\/96d8979cb865537c5dc9345e40089fc5"},"headline":"PUC para entidades vigiladas por la Superintendencia de Econom\u00eda Solidaria","datePublished":"2015-12-01T17:01:28+00:00","dateModified":"2017-02-05T02:59:55+00:00","mainEntityOfPage":{"@id":"https:\/\/contadoreshoy.com\/?p=6445"},"wordCount":1023,"commentCount":0,"publisher":{"@id":"https:\/\/contadoreshoy.com\/#organization"},"image":{"@id":"https:\/\/contadoreshoy.com\/?p=6445#primaryimage"},"thumbnailUrl":"https:\/\/contadoreshoy.com\/wp-content\/uploads\/2015\/12\/PUC-Econom\u00eda-solidaria.jpg","inLanguage":"es","potentialAction":[{"@type":"CommentAction","name":"Comment","target":["https:\/\/contadoreshoy.com\/?p=6445#respond"]}]},{"@type":"WebPage","@id":"https:\/\/contadoreshoy.com\/?p=6445","url":"https:\/\/contadoreshoy.com\/?p=6445","name":"PUC para entidades vigiladas por la Superintendencia de Econom\u00eda Solidaria - Contadores P\u00fablicos","isPartOf":{"@id":"https:\/\/contadoreshoy.com\/#website"},"primaryImageOfPage":{"@id":"https:\/\/contadoreshoy.com\/?p=6445#primaryimage"},"image":{"@id":"https:\/\/contadoreshoy.com\/?p=6445#primaryimage"},"thumbnailUrl":"https:\/\/contadoreshoy.com\/wp-content\/uploads\/2015\/12\/PUC-Econom\u00eda-solidaria.jpg","datePublished":"2015-12-01T17:01:28+00:00","dateModified":"2017-02-05T02:59:55+00:00","breadcrumb":{"@id":"https:\/\/contadoreshoy.com\/?p=6445#breadcrumb"},"inLanguage":"es","potentialAction":[{"@type":"ReadAction","target":["https:\/\/contadoreshoy.com\/?p=6445"]}]},{"@type":"ImageObject","inLanguage":"es","@id":"https:\/\/contadoreshoy.com\/?p=6445#primaryimage","url":"https:\/\/contadoreshoy.com\/wp-content\/uploads\/2015\/12\/PUC-Econom\u00eda-solidaria.jpg","contentUrl":"https:\/\/contadoreshoy.com\/wp-content\/uploads\/2015\/12\/PUC-Econom\u00eda-solidaria.jpg","width":600,"height":400},{"@type":"BreadcrumbList","@id":"https:\/\/contadoreshoy.com\/?p=6445#breadcrumb","itemListElement":[{"@type":"ListItem","position":1,"name":"Portada","item":"https:\/\/contadoreshoy.com\/"},{"@type":"ListItem","position":2,"name":"PUC para entidades vigiladas por la Superintendencia de Econom\u00eda Solidaria"}]},{"@type":"WebSite","@id":"https:\/\/contadoreshoy.com\/#website","url":"https:\/\/contadoreshoy.com\/","name":"Contadorespublicossantander","description":"Portal para Contadores P\u00fablicos y empresarios","publisher":{"@id":"https:\/\/contadoreshoy.com\/#organization"},"potentialAction":[{"@type":"SearchAction","target":{"@type":"EntryPoint","urlTemplate":"https:\/\/contadoreshoy.com\/?s={search_term_string}"},"query-input":{"@type":"PropertyValueSpecification","valueRequired":true,"valueName":"search_term_string"}}],"inLanguage":"es"},{"@type":"Organization","@id":"https:\/\/contadoreshoy.com\/#organization","name":"Contadores P\u00fablicos de Santander","url":"https:\/\/contadoreshoy.com\/","logo":{"@type":"ImageObject","inLanguage":"es","@id":"https:\/\/contadoreshoy.com\/#\/schema\/logo\/image\/","url":"https:\/\/contadoreshoy.com\/wp-content\/uploads\/2024\/01\/cropped-cropped-Copia-de-M-1.jpg","contentUrl":"https:\/\/contadoreshoy.com\/wp-content\/uploads\/2024\/01\/cropped-cropped-Copia-de-M-1.jpg","width":499,"height":500,"caption":"Contadores P\u00fablicos de Santander"},"image":{"@id":"https:\/\/contadoreshoy.com\/#\/schema\/logo\/image\/"},"sameAs":["https:\/\/www.facebook.com\/CCCPBucaramanga\/"]},{"@type":"Person","@id":"https:\/\/contadoreshoy.com\/#\/schema\/person\/96d8979cb865537c5dc9345e40089fc5","name":"Miguel Antonio M\u00e1rquez Monta\u00f1ez","description":"Contador P\u00fablico egresado de la Universidad Aut\u00f3noma de Bucaramanga - Asesor contable tributario con m\u00e1s de 25 a\u00f1os de experiencia - Conferencista en temas contables y tributarios - T\u00e9cnico en Hardware y Dise\u00f1o Web - Creador y director Grupo de Estudio Colegio Colombiano de Contadores P\u00fablicos de Bucaramanga - Creador y Master Web p\u00e1gina www.contadoresp\u00fablicossantander.com - Expresidente Colegio Colombiano de Contadores P\u00fablicos Bucaramanga","url":"https:\/\/contadoreshoy.com\/?author=1"}]}},"_links":{"self":[{"href":"https:\/\/contadoreshoy.com\/index.php?rest_route=\/wp\/v2\/posts\/6445","targetHints":{"allow":["GET"]}}],"collection":[{"href":"https:\/\/contadoreshoy.com\/index.php?rest_route=\/wp\/v2\/posts"}],"about":[{"href":"https:\/\/contadoreshoy.com\/index.php?rest_route=\/wp\/v2\/types\/post"}],"author":[{"embeddable":true,"href":"https:\/\/contadoreshoy.com\/index.php?rest_route=\/wp\/v2\/users\/1"}],"replies":[{"embeddable":true,"href":"https:\/\/contadoreshoy.com\/index.php?rest_route=%2Fwp%2Fv2%2Fcomments&post=6445"}],"version-history":[{"count":1,"href":"https:\/\/contadoreshoy.com\/index.php?rest_route=\/wp\/v2\/posts\/6445\/revisions"}],"predecessor-version":[{"id":7976,"href":"https:\/\/contadoreshoy.com\/index.php?rest_route=\/wp\/v2\/posts\/6445\/revisions\/7976"}],"wp:featuredmedia":[{"embeddable":true,"href":"https:\/\/contadoreshoy.com\/index.php?rest_route=\/wp\/v2\/media\/6446"}],"wp:attachment":[{"href":"https:\/\/contadoreshoy.com\/index.php?rest_route=%2Fwp%2Fv2%2Fmedia&parent=6445"}],"wp:term":[{"taxonomy":"category","embeddable":true,"href":"https:\/\/contadoreshoy.com\/index.php?rest_route=%2Fwp%2Fv2%2Fcategories&post=6445"},{"taxonomy":"post_tag","embeddable":true,"href":"https:\/\/contadoreshoy.com\/index.php?rest_route=%2Fwp%2Fv2%2Ftags&post=6445"}],"curies":[{"name":"wp","href":"https:\/\/api.w.org\/{rel}","templated":true}]}}