{"id":6462,"date":"2015-12-01T15:06:38","date_gmt":"2015-12-01T20:06:38","guid":{"rendered":"http:\/\/colegiocolombianodecontadores.com\/?p=6462"},"modified":"2017-02-04T21:59:43","modified_gmt":"2017-02-05T02:59:43","slug":"reglamentacion-factura-electronica","status":"publish","type":"post","link":"https:\/\/contadoreshoy.com\/?p=6462","title":{"rendered":"Reglamentaci\u00f3n Factura Electr\u00f3nica"},"content":{"rendered":"<p style=\"text-align: center;\"><strong><a href=\"http:\/\/www.dian.gov.co\/descargas\/normatividad\/2015\/Decretos\/Decreto_2242_del_24_de_Noviembre_2015.pdf\" target=\"_blank\">DECRETO N\u00daMERO 2242 DE 2015<\/a><\/strong><\/p>\n<p style=\"text-align: center;\">(noviembre 24)<\/p>\n<p><span style=\"color: #0000ff;\"><em>por el cual se reglamentan las condiciones de expedici\u00f3n e interoperabilidad\u00a0 de la factura electr\u00f3nica con fines de masificaci\u00f3n y control fiscal.<\/em><\/span><\/p>\n<p>El Presidente de la Rep\u00fablica de Colombia, en ejercicio de sus facultades constitucionales y legales, en especial las que le confiere el numeral 11 del art\u00edculo 189 de la Constituci\u00f3n Pol\u00edtica de Colombia, el art\u00edculo 616-1 del Estatuto Tributario y el art\u00edculo<\/p>\n<p>183 de la Ley 1607 de 2012,<\/p>\n<p style=\"text-align: center;\">CONSIDERANDO:<\/p>\n<p style=\"text-align: justify;\">Que el art\u00edculo 615 del Estatuto Tributario establece que todas las personas o entidades que tengan la calidad de comerciantes, ejerzan profesiones liberales o presten servicios inherentes a estas, o enajenen bienes producto de la actividad agr\u00edcola o ganadera deber\u00e1n expedir factura o documento equivalente, independientemente de su calidad de contribuyentes o no contribuyentes de los impuestos administrados por la Unidad Administrativa Especial \u2013 Direcci\u00f3n de Impuestos y Aduanas Nacionales, en adelante DIAN, y que el art\u00edculo 511 ib\u00eddem, establece tambi\u00e9n esta obligaci\u00f3n para los responsables del impuesto sobre las ventas.<\/p>\n<p style=\"text-align: justify;\">Que el art\u00edculo 616-1 del Estatuto Tributario consagra la factura electr\u00f3nica como un documento equivalente a la factura de venta.<\/p>\n<p style=\"text-align: justify;\">Que el art\u00edculo 617 del mismo ordenamiento se\u00f1ala los requisitos de la factura para efectos tributarios, norma de acuerdo con la cual debe incluir, entre otros, un n\u00famero que corresponda a un sistema de numeraci\u00f3n consecutiva de facturas de venta, y que cuando el contribuyente utilice un sistema de facturaci\u00f3n deber\u00e1 numerar en forma consecutiva las facturas y se deber\u00e1n proveer los medios necesarios para su verificaci\u00f3n y auditor\u00eda; y que la Ley 1607 de 2012 estableci\u00f3 el Impuesto Nacional al Consumo y en los art\u00edculos 79 y 81 que adicionan el Estatuto Tributario con los art\u00edculos 512-9 y 512 -11, se\u00f1ala la obligatoriedad de discriminar este impuesto en la factura.<\/p>\n<p style=\"text-align: justify;\">Que el art\u00edculo 618 del Estatuto Tributario establece la factura o documento equivalente como un documento exigible por los adquirentes de bienes corporales muebles o servicios y que la DIAN puede exigir su exhibici\u00f3n.<\/p>\n<p style=\"text-align: justify;\">Que de conformidad con el art\u00edculo 26 de la Ley 962 de 2005 la factura electr\u00f3nica podr\u00e1 expedirse, aceptarse, archivarse y en general llevarse usando cualquier tipo de tecnolog\u00eda disponible, siempre y cuando se cumplan todos los requisitos legales establecidos y la respectiva tecnolog\u00eda que garantice su autenticidad e integridad desde su expedici\u00f3n y durante todo el tiempo de conservaci\u00f3n, aplicando as\u00ed el principio de neutralidad tecnol\u00f3gica.<\/p>\n<p style=\"text-align: justify;\">Que el art\u00edculo 183 de la Ley 1607 de 2012, establece que el Gobierno nacional podr\u00e1 instaurar tecnolog\u00edas para el control fiscal con el fin de combatir el fraude, la evasi\u00f3n y el contrabando, para lo cual podr\u00e1 determinar sus controles, condiciones y caracter\u00edsticas, as\u00ed como los sujetos, sectores o entidades, contribuyentes, o responsables obligados a adoptarlos y que su no adopci\u00f3n dar\u00e1 lugar a la aplicaci\u00f3n de la sanci\u00f3n prevista en el art\u00edculo 657 del Estatuto Tributario, como se indica en el inciso 2\u00b0 del art\u00edculo 684-2 ib\u00eddem.<\/p>\n<p style=\"text-align: justify;\">Que la Ley 527 de 1999 define la firma digital y el Decreto 2364 de 2012 reglamenta la firma electr\u00f3nica, y dado que estos mecanismos, cumplidas las condiciones legales y reglamentarias, permiten garantizar autenticidad e integridad de los mensajes de datos, constituyen tecnol\u00f3gicamente instrumentos que pueden facilitar el control fiscal.<\/p>\n<p style=\"text-align: justify;\">Que el art\u00edculo 684-2 del Estatuto Tributario se\u00f1ala que la DIAN podr\u00e1 prescribir que determinados contribuyentes o sectores, previa consideraci\u00f3n de su capacidad econ\u00f3mica, adopten sistemas t\u00e9cnicos razonables para el control de su actividad productora de renta, o implantar directamente los mismos, los cuales le servir\u00e1n de base para la determinaci\u00f3n de sus obligaciones tributarias.<\/p>\n<p style=\"text-align: justify;\">Que es necesario para la competitividad del pa\u00eds ampliar la expedici\u00f3n de la factura electr\u00f3nica propiciando condiciones de interoperabilidad que faciliten la interacci\u00f3n entre los obligados a facturar y los adquirentes en el comercio nacional, su uso en escenarios de comercio exterior, el control por parte de la DIAN as\u00ed como su circulaci\u00f3n una vez se reglamente el par\u00e1grafo 1\u00b0 del art\u00edculo primero de la Ley 1231 de 2008.<\/p>\n<p style=\"text-align: justify;\">Que acorde con el art\u00edculo 2.1.2.1.9 del Decreto 1081 de 2015 \u2013 Decreto \u00danico Reglamentario del Sector de la Presidencia de la Rep\u00fablica, modificado por el Decreto 1609 de agosto de 2015 y, en cumplimiento del art\u00edculo 7 de la Ley 1340 de 2009, se inform\u00f3 a la Superintendencia de Industria y Comercio del tr\u00e1mite de este decreto y se solicit\u00f3 concepto con el fin de descartar cualquier inquietud que el mismo pudiera generar en torno a posibles incidencias en materia de competencia.<\/p>\n<p style=\"text-align: justify;\">Que a trav\u00e9s de oficio con radicado 15-203532-4-0 del 8 de septiembre de 2015 la Superintendencia Delegada para la Protecci\u00f3n de la Competencia emite Concepto manifestando que:<\/p>\n<p style=\"text-align: justify;\">\u201c&#8230; reconoce que el Proyecto de Decreto remitido establece requisitos para concurrir al mercado de proveedores de servicios tecnol\u00f3gicos, como es el caso de la certificaci\u00f3n ISO 27001 y el deber de cumplir unos l\u00edmites de patrimonio l\u00edquido y activos fijos.<\/p>\n<p style=\"text-align: justify;\">Sin embargo, tales exigencias se encuentran justificadas en consideraci\u00f3n al grado de sensibilidad de la informaci\u00f3n que van a manejar los proveedores de Servicios Tecnol\u00f3gicos y ante la necesidad de que los mismos tengan garant\u00eda de continuidad y respaldo econ\u00f3mico. Espec\u00edficamente, la SIC encontr\u00f3 que la DIAN realiz\u00f3 un estudio de mercado sobre actuales y futuros oferentes para justificar la imposici\u00f3n de un umbral que no tienda a limitar el n\u00famero de empresas que participan en el mercado\u201d.<\/p>\n<p style=\"text-align: justify;\">Que cumplida la formalidad prevista en el numeral 8 del art\u00edculo 8\u00b0 del C\u00f3digo de Procedimiento Administrativo y de lo Contencioso Administrativo en relaci\u00f3n con el texto del presente decreto,<\/p>\n<p style=\"text-align: center;\">DECRETA:<\/p>\n<p style=\"text-align: justify;\"><span style=\"color: #0000ff;\">Art\u00edculo 1\u00b0. \u00c1mbito de aplicaci\u00f3n. Este Decreto aplica a:<\/span><\/p>\n<ol style=\"text-align: justify;\">\n<li>Las personas naturales o jur\u00eddicas que de acuerdo con el Estatuto Tributario tienen la obligaci\u00f3n de facturar <span style=\"color: #ff9900;\">y sean seleccionadas por la DIAN para expedir factura electr\u00f3nica.<\/span><\/li>\n<li>Las personas naturales o jur\u00eddicas que de acuerdo con el Estatuto Tributario tienen la obligaci\u00f3n de facturar y<span style=\"color: #ff9900;\"> opten por expedir factura electr\u00f3nica<\/span>.<\/li>\n<li>Las personas que no siendo obligadas a facturar de acuerdo con el Estatuto Tributario y\/o decretos reglamentarios, opten por expedir factura electr\u00f3nica.<\/li>\n<\/ol>\n<p style=\"text-align: justify;\">En cualquiera de estos casos, las personas naturales o jur\u00eddicas deber\u00e1n surtir el procedimiento de habilitaci\u00f3n previsto en el art\u00edculo 10 del presente Decreto. Una vez agotado el mismo, deber\u00e1n expedir factura electr\u00f3nica en las condiciones se\u00f1aladas en este decreto y, <span style=\"color: #ff9900;\">en adelante, no podr\u00e1n expedir, si fuere el caso, la factura electr\u00f3nica a que se refiere el Decreto 1929 de 2007, ni la factura por computador prevista en el art\u00edculo 13 del Decreto 1165 de 1996, ni la factura por talonario.<\/span><\/p>\n<p style=\"text-align: justify;\">Par\u00e1grafo. <span style=\"text-decoration: underline;\"><strong><span style=\"color: #ff9900; text-decoration: underline;\">La DIAN no podr\u00e1 establecer la obligaci\u00f3n de facturar electr\u00f3nicamente, hasta que se expida la reglamentaci\u00f3n de la <a href=\"http:\/\/www.alcaldiabogota.gov.co\/sisjur\/normas\/Norma1.jsp?i=31593\" target=\"_blank\">Ley 1231 de 2008<\/a> y dem\u00e1s normas relacionadas que permita la puesta en circulaci\u00f3n de la factura electr\u00f3nica como t\u00edtulo valor<\/span><\/strong><\/span>.<span style=\"color: #ff9900;\"> No obstante lo anterior, las personas de que tratan los numerales 2 y 3 del presente art\u00edculo, es decir, aquellas que\u00a0voluntariamente opten por expedir factura electr\u00f3nica, podr\u00e1n hacer la solicitud a partir de la publicaci\u00f3n del presente decreto.<\/span><\/p>\n<p style=\"text-align: justify;\">Art\u00edculo 2\u00b0. <em>Definiciones<\/em>. Para efectos de la aplicaci\u00f3n e interpretaci\u00f3n del presente Decreto, se tendr\u00e1n en cuenta las siguientes definiciones:<\/p>\n<ol style=\"text-align: justify;\">\n<li><span style=\"color: #ff9900;\">Factura electr\u00f3nica: Es el documento que soporta transacciones de venta de bienes y\/o servicios y que operativamente tiene lugar a trav\u00e9s de sistemas computacionales y\/o soluciones inform\u00e1ticas que permiten el cumplimiento de las caracter\u00edsticas y condiciones que se establecen en el presente Decreto en relaci\u00f3n con la expedici\u00f3n, recibo, rechazo y conservaci\u00f3n<\/span>. La expedici\u00f3n de la factura electr\u00f3nica comprende la generaci\u00f3n por el obligado a facturar y su entrega al adquirente.<\/li>\n<li>Obligado a facturar electr\u00f3nicamente: Persona natural o jur\u00eddica comprendida en el \u00e1mbito de este Decreto y que como tal debe facturar electr\u00f3nicamente en las condiciones que se establecen en los art\u00edculos siguientes.<\/li>\n<li>Adquirente: Persona natural o jur\u00eddica que adquiere bienes y\/o servicios y debe exigir factura o documento equivalente y, que trat\u00e1ndose de la factura electr\u00f3nica, la recibe, rechaza, cuando sea del caso, y conserva para su posterior exhibici\u00f3n, en las condiciones que se establecen en el presente decreto.<\/li>\n<li>Proveedor tecnol\u00f3gico: Es la persona natural o jur\u00eddica que podr\u00e1 prestar a los obligados a facturar electr\u00f3nicamente y\/o a los adquirentes que opten por recibir la factura en formato electr\u00f3nico de generaci\u00f3n, cuando unos u otros as\u00ed lo autoricen, los servicios inherentes a la expedici\u00f3n de la factura electr\u00f3nica, incluida la entrega del ejemplar a la DIAN como se indica en el art\u00edculo 7\u00b0 del presente Decreto, as\u00ed como los servicios relacionados con su recibo, rechazo y conservaci\u00f3n. El proveedor tecnol\u00f3gico deber\u00e1 surtir el proceso de autorizaci\u00f3n por parte de la DIAN previsto en el art\u00edculo 12 de este decreto.<\/li>\n<li>Cat\u00e1logo de Participantes de Factura Electr\u00f3nica: Es el registro electr\u00f3nico administrado por la DIAN, que provee informaci\u00f3n de los obligados a facturar electr\u00f3nicamente dentro del \u00e1mbito del presente Decreto, de los adquirentes que decidan recibirla electr\u00f3nicamente y proveedores tecnol\u00f3gicos, con el fin de facilitar su operatividad.<\/li>\n<li>C\u00f3digo \u00danico de Factura Electr\u00f3nica: <span style=\"color: #ff9900;\">El c\u00f3digo \u00fanico de factura electr\u00f3nica para las facturas electr\u00f3nicas, corresponde a un valor alfanum\u00e9rico obtenido a partir de la aplicaci\u00f3n de un procedimiento que utiliza datos de la factura, que adicionalmente incluye la clave de contenido t\u00e9cnico de control generada y entregada por la DIAN.<\/span><\/li>\n<\/ol>\n<p style=\"text-align: justify;\"><span style=\"color: #ff9900;\">El C\u00f3digo \u00danico de Factura Electr\u00f3nica deber\u00e1 ser incluido como un campo m\u00e1s dentro de la factura electr\u00f3nica. Este c\u00f3digo deber\u00e1 visualizarse en la representaci\u00f3n gr\u00e1fica de las facturas electr\u00f3nicas y en los c\u00f3digos bidimensionales QR definidos para tal fin.<\/span><\/p>\n<p style=\"text-align: justify;\">Art\u00edculo 3\u00b0. <em>Condiciones de expedici\u00f3n de la factura electr\u00f3nica<\/em>. Para efectos de control fiscal, la expedici\u00f3n (generaci\u00f3n y entrega) de la factura electr\u00f3nica deber\u00e1 cumplir las siguientes condiciones tecnol\u00f3gicas y de contenido fiscal:<\/p>\n<ol style=\"text-align: justify;\">\n<li>Condiciones de generaci\u00f3n:<\/li>\n<li>Utilizar el formato electr\u00f3nico de generaci\u00f3n XML est\u00e1ndar establecido por la DIAN.<\/li>\n<li>Llevar numeraci\u00f3n consecutiva autorizada por la DIAN en las condiciones que\u00a0esta se\u00f1ale.<\/li>\n<li>Cumplir los requisitos se\u00f1alados en el art\u00edculo 617 del Estatuto Tributario, salvo lo referente al nombre o raz\u00f3n social y NIT del impresor y la pre-impresi\u00f3n de los requisitos a que se refiere esta norma; y discriminar el impuesto al consumo, cuando sea del caso.<\/li>\n<\/ol>\n<p style=\"text-align: justify;\"><span style=\"color: #ff9900;\">Cuando el adquirente persona natural no tenga NIT deber\u00e1 incluirse el tipo y n\u00famero del documento de identificaci\u00f3n.<\/span><\/p>\n<ol style=\"text-align: justify;\">\n<li>Incluir firma digital o electr\u00f3nica como elemento para garantizar autenticidad e integridad de la factura electr\u00f3nica desde su expedici\u00f3n hasta su conservaci\u00f3n, de acuerdo con la <a href=\"http:\/\/www.secretariasenado.gov.co\/senado\/basedoc\/ley_0962_2005.html\" target=\"_blank\">Ley 962 de 2005<\/a> en concordancia con la <a href=\"http:\/\/www.alcaldiabogota.gov.co\/sisjur\/normas\/Norma1.jsp?i=4276\" target=\"_blank\">Ley 527 de 1999<\/a>, el Decreto <a href=\"http:\/\/wsp.presidencia.gov.co\/Normativa\/Decretos\/2012\/Documents\/NOVIEMBRE\/22\/DECRETO%202364%20DEL%2022%20DE%20NOVIEMBRE%20DE%202012.pdf\" target=\"_blank\">2364 de 2012<\/a>, el <a href=\"http:\/\/www.alcaldiabogota.gov.co\/sisjur\/normas\/Norma1.jsp?i=56767\" target=\"_blank\">Decreto 333 de 2014<\/a> y las normas que los modifiquen, adicionen o sustituyan, y de acuerdo con la pol\u00edtica de firma que establezca la DIAN.<\/li>\n<\/ol>\n<p style=\"text-align: justify;\"><span style=\"color: #ff9900;\">La firma digital o electr\u00f3nica que se incluya en la factura electr\u00f3nica como elemento tecnol\u00f3gico para el control fiscal podr\u00e1 pertenecer:<\/span><\/p>\n<ul style=\"text-align: justify;\">\n<li>Al obligado a facturar electr\u00f3nicamente.<\/li>\n<li>A los sujetos autorizados en su empresa.<\/li>\n<li>Al proveedor tecnol\u00f3gico, en las condiciones que acuerden, cuando sea expresamente autorizado por el obligado a facturar electr\u00f3nicamente, para este efecto.<\/li>\n<\/ul>\n<p>e) Incluir el C\u00f3digo \u00danico de Factura Electr\u00f3nica.<\/p>\n<p>2.\u00a0Condiciones de entrega: <span style=\"color: #ff9900;\">El obligado a facturar electr\u00f3nicamente deber\u00e1 entregar o poner a disposici\u00f3n del adquirente la factura en el formato electr\u00f3nico de generaci\u00f3n, siempre que<\/span>:<\/p>\n<p>a.\u00a0<span style=\"color: #ff9900;\">El adquirente tambi\u00e9n expida factura electr\u00f3nica<\/span>, por tratarse de un obligado a\u00a0facturar electr\u00f3nicamente en el \u00e1mbito del presente decreto.<\/p>\n<p>b.<span style=\"color: #ff9900;\">\u00a0El adquirente, no obligado a facturar electr\u00f3nicamente en el \u00e1mbito de este decreto,\u00a0decida recibir factura en formato electr\u00f3nico de generaci\u00f3n<\/span>.<\/p>\n<p style=\"text-align: justify;\">Para efectos de la entrega de la factura electr\u00f3nica en formato electr\u00f3nico de generaci\u00f3n se tendr\u00e1 en cuenta lo dispuesto en el numeral 2 del art\u00edculo 15 de este decreto.<\/p>\n<p style=\"text-align: justify;\">Par\u00e1grafo 1\u00b0. <span style=\"color: #0000ff;\">El obligado a facturar electr\u00f3nicamente deber\u00e1 entregar al adquirente una representaci\u00f3n gr\u00e1fica de la factura electr\u00f3nica en formato impreso o en formato digital. En este \u00faltimo caso deber\u00e1 enviarla al correo o direcci\u00f3n electr\u00f3nica indicada por el adquirente o ponerla a disposici\u00f3n del mismo en sitios electr\u00f3nicos del obligado a facturar electr\u00f3nicamente, cuando se trate de<\/span>:<\/p>\n<ol style=\"text-align: justify;\">\n<li>Obligados a facturar de acuerdo con el Estatuto Tributario que a su vez sean adquirentes de bienes o servicios, que no se encuentran obligados a facturar electr\u00f3nicamente y que no optaron por recibirla en formato electr\u00f3nico de generaci\u00f3n.<\/li>\n<li>Personas naturales o jur\u00eddicas, no obligadas a facturar seg\u00fan el Estatuto Tributario que a su vez sean adquirentes de bienes o servicios, o que solamente tienen la calidad de adquirentes, que no hayan optado por recibir factura electr\u00f3nica en formato electr\u00f3nico de generaci\u00f3n.<\/li>\n<\/ol>\n<p style=\"text-align: justify;\"><span style=\"color: #ff9900;\">La representaci\u00f3n gr\u00e1fica de la factura electr\u00f3nica contendr\u00e1 elementos gr\u00e1ficos como c\u00f3digos de barras o bidimensionales establecidos por la DIAN, para facilitar la verificaci\u00f3n ante la Entidad por el adquirente y las autoridades que por sus funciones lo requieran<\/span>.<\/p>\n<p style=\"text-align: justify;\">Para efectos de la representaci\u00f3n gr\u00e1fica de la factura electr\u00f3nica en formato digital, los obligados a facturar electr\u00f3nicamente deber\u00e1n utilizar formatos que sean de f\u00e1cil y amplio acceso por el adquirente, garantizando que la factura se pueda leer, copiar, descargar e imprimir de forma gratuita sin tener que acudir a otras fuentes para proveerse de las aplicaciones necesarias para ello.<\/p>\n<p style=\"text-align: justify;\"><span style=\"color: #0000ff;\">Par\u00e1grafo 2\u00b0. Cuando deban expedirse notas cr\u00e9dito y\/o d\u00e9bito, las mismas deben generarse en el formato electr\u00f3nico XML que establezca la DIAN, corresponder a un sistema de numeraci\u00f3n consecutiva propio de quien las expide y contener como m\u00ednimo la fecha de expedici\u00f3n, el n\u00famero y la fecha de las facturas a las cuales hacen referencia, cuando sea el caso; as\u00ed mismo, el nombre o raz\u00f3n social y NIT del obligado a facturar y del adquirente, descripci\u00f3n de la mercanc\u00eda, n\u00famero de unidades, valor de los impuestos, valores unitario y valor total.<\/span><\/p>\n<p style=\"text-align: justify;\">Las notas cr\u00e9dito y\/o d\u00e9bito deben ser entregadas al adquirente en formato electr\u00f3nico de generaci\u00f3n, o en representaci\u00f3n gr\u00e1fica en formato impreso o en formato digital, seg\u00fan como se haya entregado la factura electr\u00f3nica. Estos documentos deber\u00e1n ser suministrados a la DIAN siempre en formato electr\u00f3nico de generaci\u00f3n.<\/p>\n<p style=\"text-align: justify;\"><span style=\"color: #ff9900;\">Par\u00e1grafo 3\u00b0. Cuando la factura electr\u00f3nica haya sido generada y tenga lugar devoluciones, anulaciones, rescisiones o resoluciones deber\u00e1 emitirse la correspondiente nota cr\u00e9dito, dejando clara la justificaci\u00f3n de la misma. En caso de anulaciones, los n\u00fameros de las facturas anuladas no podr\u00e1n ser utilizados nuevamente.<\/span><\/p>\n<p style=\"text-align: justify;\"><span style=\"color: #ff9900;\">Estas notas deben ser entregadas al adquirente y a la DIAN, en la forma prevista en el par\u00e1grafo 2\u00b0 de este art\u00edculo.<\/span><\/p>\n<p style=\"text-align: justify;\">Par\u00e1grafo 4\u00b0. Lo previsto en este art\u00edculo aplica a toda factura electr\u00f3nica. En todo caso, para efectos de su circulaci\u00f3n deber\u00e1 atenderse en lo relativo a su aceptaci\u00f3n, endoso y tr\u00e1mites relacionados, la reglamentaci\u00f3n que sobre estos aspectos se haga en desarrollo de la Ley 1231 de 2008 y las normas que la modifiquen, adicionen o sustituyan.<\/p>\n<p style=\"text-align: justify;\">Art\u00edculo 4\u00b0. <em>Acuse de recibo de la factura electr\u00f3nica<\/em>. <span style=\"color: #ff9900;\">El adquirente que reciba una factura electr\u00f3nica en formato electr\u00f3nico de generaci\u00f3n deber\u00e1 informar al obligado a facturar electr\u00f3nicamente el recibo de la misma,<\/span> para lo cual podr\u00e1 utilizar sus propios medios tecnol\u00f3gicos o los que disponga para este fin, el obligado a facturar electr\u00f3nicamente. As\u00ed mismo, podr\u00e1 utilizar para este efecto el formato que establezca la DIAN como alternativa.<\/p>\n<p style=\"text-align: justify;\">Cuando la factura electr\u00f3nica sea entregada en representaci\u00f3n gr\u00e1fica en formato impreso o formato digital, el adquirente podr\u00e1, de ser necesario, manifestar su recibo, caso en el cual lo har\u00e1 en documento separado f\u00edsico o electr\u00f3nico, a trav\u00e9s de sus propios medios o a trav\u00e9s de los que disponga el obligado a facturar electr\u00f3nicamente, para este efecto.<\/p>\n<p style=\"text-align: justify;\">Art\u00edculo 5. Verificaci\u00f3n y Rechazo de la factura electr\u00f3nica. <span style=\"color: #0000ff;\">El adquirente que reciba la factura electr\u00f3nica en formato electr\u00f3nico de generaci\u00f3n deber\u00e1 verificar las siguientes condiciones:<\/span><\/p>\n<ol style=\"text-align: justify;\">\n<li>Entrega en el formato XML est\u00e1ndar establecido por la DIAN.<\/li>\n<li>Existencia de los requisitos se\u00f1alados en el art\u00edculo 617 del Estatuto Tributario, salvo lo referente a los literales a), h), i), as\u00ed como la pre-impresi\u00f3n de los requisitos que seg\u00fan esta norma deben cumplir con esta previsi\u00f3n; discriminando el impuesto al consumo, cuando sea del caso.<\/li>\n<\/ol>\n<p style=\"text-align: justify;\">Cuando el adquirente persona natural no tenga NIT deber\u00e1 verificarse que se haya incluido el tipo Y n\u00famero del documento de identificaci\u00f3n.<\/p>\n<ol style=\"text-align: justify;\" start=\"3\">\n<li>Existencia de la firma digital o electr\u00f3nica y validez de la misma.<\/li>\n<\/ol>\n<p style=\"text-align: justify;\">El adquirente deber\u00e1 rechazar la factura electr\u00f3nica cuando no cumpla alguna de las condiciones se\u00f1aladas en los numerales anteriores, incluida la imposibilidad de leer la informaci\u00f3n. Lo anterior, sin perjuicio del rechazo por incumplimiento de requisitos propios de la operaci\u00f3n comercial.<\/p>\n<p style=\"text-align: justify;\"><span style=\"color: #ff9900;\">En los casos de rechazo de la factura electr\u00f3nica por incumplimiento de alguna de las condiciones se\u00f1aladas en los numerales 1, 2 o 3 del presente art\u00edculo procede su anulaci\u00f3n por parte del obligado a facturar electr\u00f3nicamente, <strong>evento en el cual deber\u00e1 generar el correspondiente registro a trav\u00e9s de una nota cr\u00e9dito<\/strong><\/span>, la cual deber\u00e1 relacionar el n\u00famero y la fecha de la factura objeto de anulaci\u00f3n, sin perjuicio de proceder a expedir al adquirente una nueva factura electr\u00f3nica con la imposibilidad de reutilizar la numeraci\u00f3n utilizada en la factura anulada.<\/p>\n<p style=\"text-align: justify;\">El adquirente que reciba factura electr\u00f3nica en formato electr\u00f3nico de generaci\u00f3n deber\u00e1 informar al obligado a facturar electr\u00f3nicamente el correspondiente rechazo.<\/p>\n<p style=\"text-align: justify;\">En este caso podr\u00e1 utilizar sus propios medios tecnol\u00f3gicos o los que disponga, para este fin, el obligado a facturar. As\u00ed mismo, podr\u00e1 utilizar para este efecto el formato que establezca la DIAN como alternativa.<\/p>\n<p style=\"text-align: justify;\">Par\u00e1grafo. Trat\u00e1ndose de la entrega de la factura electr\u00f3nica en su representaci\u00f3n gr\u00e1fica en formato impreso o formato digital, el adquirente verificar\u00e1 el cumplimiento de los requisitos del numeral 2 de este art\u00edculo sobre el ejemplar recibido, y podr\u00e1 a trav\u00e9s de los servicios ofrecidos por la DIAN consultar las otras condiciones.<\/p>\n<p style=\"text-align: justify;\">Cuando la factura electr\u00f3nica sea entregada en representaci\u00f3n gr\u00e1fica en formato impreso o formato digital, el adquirente podr\u00e1, de ser necesario, manifestar su rechazo, caso en el cual lo har\u00e1 en documento separado f\u00edsico o electr\u00f3nico, a trav\u00e9s de sus propios medios o a trav\u00e9s de los que disponga el obligado a facturar electr\u00f3nicamente, para este efecto.<\/p>\n<p style=\"text-align: justify;\">En este evento deber\u00e1 generarse tambi\u00e9n por el obligado a facturar el correspondiente registro a trav\u00e9s de una nota cr\u00e9dito, como se indica en este art\u00edculo.<\/p>\n<p style=\"text-align: justify;\">Art\u00edculo 6\u00b0. <em>Conservaci\u00f3n de la factura electr\u00f3nica<\/em>. Para efectos fiscales, la factura electr\u00f3nica, las notas cr\u00e9dito y d\u00e9bito se conservar\u00e1n en el formato electr\u00f3nico de generaci\u00f3n establecido por la DIAN, tanto por el obligado a facturar electr\u00f3nicamente como por el adquirente que las recibe en ese formato.<\/p>\n<p style=\"text-align: justify;\"><span style=\"color: #ff9900;\">La factura electr\u00f3nica, las notas cr\u00e9dito y d\u00e9bito as\u00ed como las constancias de recibo y rechazo, si fuere el caso, deber\u00e1n ser conservadas por el t\u00e9rmino establecido en el art\u00edculo 632 del Estatuto Tributario o las normas que lo modifiquen o sustituyan.<\/span><\/p>\n<p style=\"text-align: justify;\">La factura electr\u00f3nica entregada al adquirente en representaci\u00f3n gr\u00e1fica, en formato impreso o formato digital, de acuerdo con lo establecido en el par\u00e1grafo 1 del art\u00edculo 3\u00b0 del presente decreto, podr\u00e1 ser conservada por el adquirente, en el formato en que la recibi\u00f3.<\/p>\n<p style=\"text-align: justify;\">En todo caso deber\u00e1 asegurarse que la informaci\u00f3n conservada sea accesible para su posterior consulta y, en general, cumpliendo las condiciones se\u00f1aladas en los art\u00edculos 12 y 13 de la Ley 527 de 1999.<\/p>\n<p style=\"text-align: justify;\">Art\u00edculo 7\u00b0. <em>Ejemplar de la factura electr\u00f3nica para la DIAN<\/em>. <span style=\"text-decoration: underline;\"><strong><span style=\"color: #ff9900; text-decoration: underline;\">El obligado a facturar electr\u00f3nicamente deber\u00e1 suministrar a la DIAN un ejemplar de todas las facturas electr\u00f3nicas generadas<\/span><\/strong><\/span>, independientemente de la forma de entrega al adquirente, en las condiciones que disponga la DIAN, teniendo en cuenta las siguientes disposiciones:<\/p>\n<p style=\"text-align: justify;\"><span style=\"text-decoration: underline;\"><strong><span style=\"color: #ff9900; text-decoration: underline;\">El ejemplar de la factura en formato electr\u00f3nico de generaci\u00f3n deber\u00e1 ser entregado a la DIAN dentro del t\u00e9rmino que establezca la misma, m\u00e1ximo cuarenta y ocho (48) horas siguientes a su generaci\u00f3n<\/span><\/strong><\/span>. Dentro del mismo t\u00e9rmino se deben entregar las correspondientes notas cr\u00e9dito o d\u00e9bito generadas, cuando sea el caso.<\/p>\n<p style=\"text-align: justify;\">Sobre el ejemplar entregado a la DIAN, la Entidad verificar\u00e1 el cumplimiento de las siguientes condiciones:<\/p>\n<ol style=\"text-align: justify;\">\n<li>Uso del formato de generaci\u00f3n XML est\u00e1ndar establecido.<\/li>\n<li>Numeraci\u00f3n consecutiva vigente y uso del c\u00f3digo \u00fanico de factura electr\u00f3nica en las condiciones se\u00f1aladas por la DIAN.<\/li>\n<li>Existencia de los requisitos se\u00f1alados en el art\u00edculo 617 del Estatuto Tributario, salvo lo referente al nombre o raz\u00f3n social y NIT del impresor y la pre-impresi\u00f3n de los requisitos a que se refiere esta norma; discriminando el impuesto al consumo, cuando sea del caso.<\/li>\n<\/ol>\n<p style=\"text-align: justify;\">Cuando el adquirente persona natural no tenga NIT deber\u00e1 verificarse que se haya incluido el tipo y n\u00famero del documento de identificaci\u00f3n.<\/p>\n<ol style=\"text-align: justify;\" start=\"4\">\n<li>Existencia y validez de la firma digital o electr\u00f3nica.<\/li>\n<li>Validez del NIT del obligado a facturar electr\u00f3nicamente y del adquirente, si fuera el caso.<\/li>\n<li>Existencia y validez del C\u00f3digo \u00danico de Factura Electr\u00f3nica.<\/li>\n<\/ol>\n<p style=\"text-align: justify;\"><span style=\"color: #ff9900;\">La DIAN dar\u00e1 a conocer la recepci\u00f3n del ejemplar de la factura electr\u00f3nica<\/span> recibido por los medios que establezca y podr\u00e1 ofrecer servicios de consulta del resultado de la verificaci\u00f3n realizada por la Entidad, a los obligados a facturar electr\u00f3nicamente y a los adquirentes que reciben la factura en formato electr\u00f3nico de generaci\u00f3n, respecto de sus propias transacciones.<\/p>\n<p style=\"text-align: justify;\">Cuando como resultado de la verificaci\u00f3n que realice la DIAN se establezca la imposibilidad de acceder al contenido de la factura electr\u00f3nica, proceder\u00e1 su reenv\u00edo por el obligado a facturar electr\u00f3nicamente dentro de las cuarenta y ocho (48) horas siguientes a la comunicaci\u00f3n de este resultado por la DIAN, por los medios que la misma establezca.<\/p>\n<p style=\"text-align: justify;\">La DIAN podr\u00e1 prestar igualmente servicios de consulta a los adquirentes respecto de sus propias transacciones, cuando la factura electr\u00f3nica se hubiere entregado en representaci\u00f3n gr\u00e1fica en formato impreso o formato digital.<\/p>\n<p style=\"text-align: justify;\">Par\u00e1grafo 1\u00b0. El ejemplar de la factura electr\u00f3nica suministrado a la DIAN no podr\u00e1 ser objeto de cesi\u00f3n, endoso o circulaci\u00f3n y, as\u00ed se indicar\u00e1, en las condiciones que establezca la DIAN a trav\u00e9s del formato que disponga. La DIAN conservar\u00e1 el ejemplar de la factura electr\u00f3nica recibido exclusivamente para fines de control, verificaci\u00f3n y fiscalizaci\u00f3n y, dar\u00e1 cumplimento a las disposiciones en materia de reserva de la informaci\u00f3n.<\/p>\n<p style=\"text-align: justify;\">La verificaci\u00f3n por parte de la DIAN del ejemplar de factura que el obligado a facturar electr\u00f3nicamente le suministra, en ning\u00fan momento limita o excluye las facultades de fiscalizaci\u00f3n de la entidad.<\/p>\n<p style=\"text-align: justify;\"><span style=\"text-decoration: underline;\"><strong><span style=\"color: #ff9900; text-decoration: underline;\">Par\u00e1grafo 2\u00b0. El incumplimiento por el obligado a facturar electr\u00f3nicamente de la entrega del ejemplar a la DIAN y su reenv\u00edo, si fuere el caso, dentro del t\u00e9rmino y\/o en las condiciones establecidas en el presente Decreto, dar\u00e1 lugar a la aplicaci\u00f3n de las sanciones contempladas en el art\u00edculo 651 del Estatuto Tributario.<\/span><\/strong><\/span><\/p>\n<p style=\"text-align: justify;\">Art\u00edculo 8\u00b0. <em>Medidas en caso de inconvenientes t\u00e9cnicos y situaciones especiales.<\/em> En caso de inconvenientes t\u00e9cnicos que impidan la generaci\u00f3n y\/o entrega de la factura electr\u00f3nica entre el obligado a facturar y el adquirente, y\/o la entrega del ejemplar para la DIAN, o en situaciones de fuerza mayor o caso fortuito, aplicar\u00e1n las medidas que establezca la DIAN en relaci\u00f3n con:<\/p>\n<ol style=\"text-align: justify;\">\n<li>Los sistemas del obligado a facturar electr\u00f3nicamente o sus proveedores tecnol\u00f3gicos.<\/li>\n<li>Los sistemas del adquirente que recibe la factura en formato electr\u00f3nico de generaci\u00f3n.<\/li>\n<li>Los servicios inform\u00e1ticos electr\u00f3nicos de la DIAN.<\/li>\n<\/ol>\n<p style=\"text-align: justify;\">Cuando se presenten situaciones especiales que impidan al obligado a facturar electr\u00f3nicamente la expedici\u00f3n de la factura electr\u00f3nica en alguna zona geogr\u00e1fica espec\u00edfica o se cancele o no se renueve la autorizaci\u00f3n a su proveedor tecnol\u00f3gico, aplicar\u00e1n al obligado a facturar electr\u00f3nicamente las medidas que establezca la DIAN.<\/p>\n<p style=\"text-align: justify;\">En estos eventos la DIAN se\u00f1alar\u00e1, cuando sea del caso, las alternativas de facturaci\u00f3n que considere viables.<\/p>\n<p style=\"text-align: justify;\">Art\u00edculo 9\u00b0.<span style=\"color: #0000ff;\"> <em>Informaci\u00f3n a entregar a la DIAN<\/em>.<\/span> El obligado a facturar electr\u00f3nicamente deber\u00e1 entregar a la DIAN, a trav\u00e9s de los servicios inform\u00e1ticos electr\u00f3nicos que disponga la Entidad, en las condiciones y t\u00e9rminos que esta se\u00f1ale:<\/p>\n<ol style=\"text-align: justify;\">\n<li>La informaci\u00f3n de las facturas que se expidan (generaci\u00f3n y entrega) en los casos contemplados en el art\u00edculo 8 de este Decreto, seg\u00fan las medidas determinadas.<\/li>\n<li>Registro Auxiliar de Ventas y Compras e IVA por pagar el Impuesto Nacional al Consumo, cuando la DIAN lo disponga.<\/li>\n<\/ol>\n<p style=\"text-align: justify;\">Par\u00e1grafo. La DIAN podr\u00e1 relevar la entrega total o parcial de informaci\u00f3n por parte de obligados a facturar, que se derive de otras disposiciones de car\u00e1cter tributario en donde sea requerida la informaci\u00f3n de la factura.<\/p>\n<p style=\"text-align: justify;\">Art\u00edculo 10. <em>Habilitaci\u00f3n para expedir factura electr\u00f3nica<\/em>. Para expedir factura electr\u00f3nica en el \u00e1mbito de este Decreto, deber\u00e1 surtirse el procedimiento de habilitaci\u00f3n que se\u00f1ale la DIAN y que contemplar\u00e1 como m\u00ednimo las condiciones que se indican a continuaci\u00f3n. Quienes se encuentran obligados a facturar electr\u00f3nicamente ser\u00e1n sancionados por el incumplimiento en los t\u00e9rminos y\/o condiciones establecidos en este decreto para la adopci\u00f3n y expedici\u00f3n de la factura electr\u00f3nica, de conformidad con los art\u00edculos 684-2 y 657 del Estatuto Tributario y el art\u00edculo 183 de la Ley 1607 de 2012.<\/p>\n<ol style=\"text-align: justify;\">\n<li>Para personas naturales o jur\u00eddicas que de acuerdo con el Estatuto Tributario tienen la obligaci\u00f3n de facturar y sean seleccionadas por la DIAN.<\/li>\n<\/ol>\n<p style=\"text-align: justify;\"><span style=\"color: #ff9900;\">La DIAN mediante resoluci\u00f3n de car\u00e1cter general seleccionar\u00e1 de manera gradual las personas naturales o jur\u00eddicas que deber\u00e1n facturar electr\u00f3nicamente de acuerdo con la clasificaci\u00f3n de actividades econ\u00f3micas adoptada por la DIAN a trav\u00e9s de la <a href=\"http:\/\/www.alcaldiabogota.gov.co\/sisjur\/normas\/Norma1.jsp?i=50602\" target=\"_blank\">Resoluci\u00f3n 000139 de 2012<\/a> y las que la modifiquen o sustituyan, dentro de los sectores que se definen a continuaci\u00f3n<\/span>:<\/p>\n<ol style=\"text-align: justify;\">\n<li>Agricultura, ganader\u00eda, caza, silvicultura y pesca.<\/li>\n<li>Explotaci\u00f3n de minas y canteras.<\/li>\n<li>Industrias manufactureras<\/li>\n<li>Suministro de electricidad, gas, vapor y aire acondicionado.<\/li>\n<li>Distribuci\u00f3n de agua; evacuaci\u00f3n y tratamiento de aguas residuales, gesti\u00f3n de\u00a0desechos y actividades de saneamiento ambiental.<\/li>\n<li>Construcci\u00f3n.<\/li>\n<li>Comercio al por mayor y al por menor; reparaci\u00f3n de veh\u00edculos automotores y\u00a0motocicletas.<\/li>\n<li>Transporte y almacenamiento.<\/li>\n<li>Alojamiento y servicios de comida.<\/li>\n<li>Informaci\u00f3n y comunicaciones.<\/li>\n<li>Actividades financieras y de seguros.<\/li>\n<li>Actividades inmobiliarias.<\/li>\n<li>Actividades profesionales, cient\u00edficas y t\u00e9cnicas.<\/li>\n<li>Actividades de servicios administrativos y de apoyo.<\/li>\n<li>Educaci\u00f3n.<\/li>\n<li>Actividades de atenci\u00f3n de la salud humana y de asistencia social.<\/li>\n<li>Actividades art\u00edsticas, de entretenimiento y recreaci\u00f3n.<\/li>\n<li>Otras actividades de servicios.<\/li>\n<\/ol>\n<p style=\"text-align: justify;\">En todo caso, la selecci\u00f3n que haga la DIAN deber\u00e1 efectuarse teniendo en cuenta que se trate de sujetos obligados a facturar y atender\u00e1, entre otros, a criterios tales como: volumen de operaciones, ingresos, patrimonio, importancia en el recaudo, nivel de riesgo, cumplimiento de obligaciones tributarias, solicitantes de devoluciones, zonas urbanas y\/o rurales.<\/p>\n<p style=\"text-align: justify;\"><span style=\"color: #ff9900;\">Las resoluciones de la DIAN que fijen los seleccionados obligados a facturar electr\u00f3nicamente entrar\u00e1n en vigencia en un plazo no inferior a tres meses despu\u00e9s de su publicaci\u00f3n en el <em>Diario Oficial<\/em>. Lo anterior, sin perjuicio del plazo adicional de tres meses que otorga el art\u00edculo 684-2 del Estatuto Tributario para que la DIAN pueda hacer exigible la facturaci\u00f3n electr\u00f3nica y de la condici\u00f3n establecida en el par\u00e1grafo del art\u00edculo 1\u00b0 del presente decreto.<\/span><\/p>\n<p style=\"text-align: justify;\"><span style=\"color: #ff9900;\">Una vez la DIAN publique las respectivas resoluciones de seleccionados para facturar electr\u00f3nicamente, los mismos deber\u00e1n, directamente o a trav\u00e9s de un proveedor tecnol\u00f3gico autorizado, surtir satisfactoriamente las pruebas tecnol\u00f3gicas que establezca la Entidad<\/span>, tendientes a demostrar el cumplimiento de las condiciones t\u00e9cnicas de expedici\u00f3n (generaci\u00f3n \u2013 entrega) de la factura electr\u00f3nica, recibo, rechazo, y las dem\u00e1s condiciones tecnol\u00f3gicas y operativas establecidas.<\/p>\n<ol style=\"text-align: justify;\" start=\"2\">\n<li><span style=\"color: #0000ff;\">Para personas naturales o jur\u00eddicas que opten por expedir factura electr\u00f3nica de manera voluntaria<\/span>.<\/li>\n<\/ol>\n<p style=\"text-align: justify;\"><span style=\"color: #ff9900;\"><strong>Quienes de manera voluntaria opten por facturar electr\u00f3nicamente, deber\u00e1n manifestarlo expresamente a la DIAN en la forma que esta disponga y dentro de los tres (3) meses siguientes a la fecha de recibo de esta manifestaci\u00f3n por la Entidad,<\/strong> deber\u00e1n cumplir, en lo pertinente, lo establecido en el inciso final del numeral 1 de este art\u00edculo.<\/span><\/p>\n<p style=\"text-align: justify;\">Obtenido el visto bueno del cumplimiento de las condiciones establecidas, a m\u00e1s tardar dentro de los diez (10) d\u00edas h\u00e1biles siguientes la DIAN expedir\u00e1 una resoluci\u00f3n indicando la fecha a partir de la cual el obligado debe empezar a facturar electr\u00f3nicamente, sin que exceda de los tres (3)\u00a0meses siguientes a la fecha de notificaci\u00f3n de la resoluci\u00f3n. Vencido este t\u00e9rmino la DIAN puede hacer exigible la facturaci\u00f3n electr\u00f3nica acorde con el art\u00edculo 684-2 del Estatuto Tributario.<\/p>\n<p style=\"text-align: justify;\">Si el interesado no obtiene el visto bueno de la DIAN, podr\u00e1 agotar nuevamente el procedimiento respectivo hasta obtenerlo.<\/p>\n<p style=\"text-align: justify;\">Par\u00e1grafo 1\u00b0. Los obligados a facturar electr\u00f3nicamente que facturen directamente y los proveedores tecnol\u00f3gicos definidos en el presente Decreto podr\u00e1n, para este efecto, adquirir soluciones tecnol\u00f3gicas o desarrollarlas; las mismas deber\u00e1n cumplir, en todo caso, las condiciones t\u00e9cnicas y tecnol\u00f3gicas que fije la DIAN y en la forma que la Entidad establezca.<\/p>\n<p style=\"text-align: justify;\">Par\u00e1grafo 2\u00b0.<strong><span style=\"color: #0000ff;\"> La DIAN deber\u00e1, a m\u00e1s tardar en el a\u00f1o 2017, disponer de manera gratuita los servicios inform\u00e1ticos electr\u00f3nicos correspondientes con el fin de facilitar la expedici\u00f3n de la factura electr\u00f3nica en las condiciones establecidas en el presente Decreto, a microempresas y peque\u00f1as empresas<\/span><\/strong> conforme con las definiciones del art\u00edculo 2\u00b0 de la <a href=\"http:\/\/www.alcaldiabogota.gov.co\/sisjur\/normas\/Norma1.jsp?i=14501\" target=\"_blank\">Ley 905 de 2004<\/a> o las que establezca el Gobierno nacional en desarrollo del art\u00edculo 43 de la <a href=\"http:\/\/www.secretariasenado.gov.co\/senado\/basedoc\/ley_1450_2011.html\" target=\"_blank\">Ley 1450 de 2011<\/a> o las disposiciones que modifiquen o sustituyan estas normas. La DIAN tendr\u00e1 en cuenta estos elementos con el fin de identificar las empresas de menor capacidad empresarial a las cuales estar\u00e1n dirigidos principalmente estos servicios y dispondr\u00e1 los servicios respectivos acorde con los est\u00e1ndares y lineamientos que expida el Ministerio de Tecnolog\u00edas de la Informaci\u00f3n y las Comunicaciones a trav\u00e9s del Viceministerio de Tecnolog\u00edas y Sistemas de la Informaci\u00f3n.<\/p>\n<p style=\"text-align: justify;\">Par\u00e1grafo 3\u00b0. La habilitaci\u00f3n para expedir factura electr\u00f3nica deber\u00e1 actualizarse por el obligado a facturar en caso de:<\/p>\n<ol style=\"text-align: justify;\">\n<li>Cambio de proveedor tecnol\u00f3gico.<\/li>\n<li>Cambio de la soluci\u00f3n tecnol\u00f3gica.<\/li>\n<li>Cancelaci\u00f3n o no renovaci\u00f3n de la autorizaci\u00f3n de su proveedor tecnol\u00f3gico, evento en el cual deber\u00e1n tenerse en cuenta las medidas especiales que fije la DIAN de acuerdo con el inciso segundo del art\u00edculo 8 del presente decreto.<\/li>\n<\/ol>\n<p style=\"text-align: justify;\">Par\u00e1grafo 4\u00b0. Los adquirentes a que se refiere el literal b) del numeral 2 del art\u00edculo 3\u00b0 de este Decreto, no requieren habilitaci\u00f3n para recibir la factura en formato electr\u00f3nico de generaci\u00f3n, en todo caso, deber\u00e1n registrarse en el Cat\u00e1logo de Participantes de Factura Electr\u00f3nica y cumplir en lo pertinente, las disposiciones de este decreto.<\/p>\n<p style=\"text-align: justify;\"><span style=\"color: #0000ff;\">Art\u00edculo 11. Factura electr\u00f3nica en los contratos de mandato, consorcio y uniones temporales.<\/span><\/p>\n<ol style=\"text-align: justify;\">\n<li>En los contratos de mandato, las facturas deben ser expedidas en todos los casos por el mandatario. En consecuencia:<\/li>\n<\/ol>\n<p style=\"text-align: justify;\"><span style=\"color: #ff9900;\">Si el mandante es elegido por la DIAN para facturar electr\u00f3nicamente o lo es en forma voluntaria, el mandatario deber\u00e1 facturar en forma electr\u00f3nica<\/span>. Para tal efecto, este deber\u00e1 surtir el procedimiento de habilitaci\u00f3n respectivo y cumplir las disposiciones del presente decreto. Las facturas electr\u00f3nicas deber\u00e1n permitir diferenciar las operaciones relacionadas con el mandante de las del mandatario.<\/p>\n<p style=\"text-align: justify;\"><em><strong><span style=\"color: #ff9900;\">Si el mandante seleccionado por la DIAN o voluntario para expedir factura electr\u00f3nica, por su parte, factura adem\u00e1s operaciones en forma directa, tambi\u00e9n deber\u00e1 adelantar el respectivo procedimiento de habilitaci\u00f3n y cumplir las disposiciones de este decreto.<\/span><\/strong><\/em><\/p>\n<p style=\"text-align: justify;\">Cuando el mandatario sea el sujeto elegido por la DIAN para facturar electr\u00f3nicamente o este decida hacerlo voluntariamente, debe facturar en forma electr\u00f3nica. Los mandantes por los cuales act\u00faa, si facturan adem\u00e1s operaciones por su cuenta, lo har\u00e1n en forma electr\u00f3nica si son obligados de acuerdo con el \u00e1mbito de este decreto, o por las dem\u00e1s formas de facturaci\u00f3n vigentes, si fuere ese el caso.<\/p>\n<ol style=\"text-align: justify;\" start=\"2\">\n<li><span style=\"color: #0000ff;\">Cuando el obligado a facturar electr\u00f3nicamente, seleccionado por la DIAN o voluntario, sea un consorcio o uni\u00f3n temporal, podr\u00e1, seg\u00fan este lo determine: \u00a0\u00a0<\/span><span style=\"color: #000000;\"><strong>a)\u00a0<\/strong><\/span>Facturar en su propio nombre y bajo su propio NIT, evento en el cual quien lo representa deber\u00e1 adelantar el respectivo procedimiento de habilitaci\u00f3n. Para efectos del contenido de la factura, sin perjuicio de lo establecido en el art\u00edculo 3\u00b0 de este decreto, deber\u00e1 se\u00f1alar el porcentaje o valor del ingreso que corresponda a cada uno de los miembros del consorcio o uni\u00f3n temporal, indicando el nombre o raz\u00f3n social y el NIT de cada uno de ellos. La factura deber\u00e1 incluir una sola firma digital o electr\u00f3nica y, deber\u00e1 cumplir los lineamientos del literal d) del numeral 1 del art\u00edculo 3\u00b0 del presente decreto. \u00a0\u00a0<strong>b)<\/strong>\u00a0Facturar en forma independiente cada uno de los miembros del consorcio o uni\u00f3n temporal. En este evento cada miembro deber\u00e1 agotar el respectivo procedimiento de habilitaci\u00f3n. En este caso, cada uno de ellos deber\u00e1 facturar en forma electr\u00f3nica sus operaciones, incluidas las relacionadas con el consorcio o uni\u00f3n temporal. Las facturas deber\u00e1n permitir identificar la facturaci\u00f3n realizada respecto de su participaci\u00f3n en el consorcio o uni\u00f3n temporal.<\/li>\n<\/ol>\n<p style=\"text-align: justify;\"><span style=\"color: #ff9900;\">Cuando la DIAN seleccione obligados a facturar en forma electr\u00f3nica a sujetos que formen parte de consorcios o uniones temporales y, en relaci\u00f3n con estos, facturan en forma separada, agotar\u00e1n el procedimiento de habilitaci\u00f3n y deber\u00e1n expedir factura electr\u00f3nica de sus operaciones incluidas las relacionadas con el consorcio o uni\u00f3n temporal, cumpliendo en lo pertinente lo dispuesto en este literal. Los dem\u00e1s miembros del consorcio o uni\u00f3n temporal, facturar\u00e1n en forma electr\u00f3nica, si son obligados a ello en el \u00e1mbito de este decreto, o por las dem\u00e1s formas de facturaci\u00f3n vigentes, si fuere ese el caso<\/span>.<\/p>\n<p style=\"text-align: justify;\"><span style=\"color: #ff9900;\">Par\u00e1grafo 1\u00b0. Cuando el consorcio o uni\u00f3n temporal realice directamente actividades gravadas, en este caso, por ser responsable del IVA de acuerdo con el art\u00edculo 66 de la Ley 488 de 1998, deber\u00e1 facturar electr\u00f3nicamente en los t\u00e9rminos del literal a) del numeral 2 de este art\u00edculo.<\/span><\/p>\n<p style=\"text-align: justify;\">Par\u00e1grafo 2\u00b0. Para efectos de la pr\u00e1ctica de la retenci\u00f3n en la fuente y la distribuci\u00f3n del impuesto sobre las ventas facturado, debe tenerse en cuenta lo dispuesto en los incisos 3\u00b0 y 4\u00b0 del art\u00edculo 11 del Decreto 3050 de 1997.<\/p>\n<p style=\"text-align: justify;\">Art\u00edculo 12. <em>Autorizaci\u00f3n de Proveedores Tecnol\u00f3gicos<\/em>. <span style=\"color: #ff9900;\">Sin perjuicio de la expedici\u00f3n de la factura electr\u00f3nica directamente por el obligado a facturar electr\u00f3nicamente, este podr\u00e1 para tal efecto contratar los servicios de proveedores tecnol\u00f3gicos autorizados por la DIAN<\/span>.<\/p>\n<p style=\"text-align: justify;\"><strong><span style=\"color: #ff9900;\">Los proveedores tecnol\u00f3gicos que ofrezcan los servicios de factura electr\u00f3nica, previa solicitud, ser\u00e1n autorizados por la DIAN, por per\u00edodos de cinco (5) a\u00f1os<\/span><\/strong>. Esta autorizaci\u00f3n estar\u00e1 condicionada a su renovaci\u00f3n por igual t\u00e9rmino, en forma sucesiva, debiendo seguir el procedimiento que la misma se\u00f1ale, teniendo en cuenta, entre otros, los siguientes aspectos:<\/p>\n<p style=\"text-align: justify;\"><span style=\"color: #ff9900;\">Quienes opten por ser autorizados como proveedores tecnol\u00f3gicos, deber\u00e1n agotar previamente el procedimiento de habilitaci\u00f3n para facturar electr\u00f3nicamente<\/span> indicado en el numeral 2 del art\u00edculo 10 de este Decreto, salvo que para cuando decidan solicitar la autorizaci\u00f3n ya se encuentren habilitados.<\/p>\n<p style=\"text-align: justify;\">Agotado lo anterior, el interesado deber\u00e1 presentar a la DIAN una solicitud y cumplir como m\u00ednimo los siguientes requisitos:<\/p>\n<ol style=\"text-align: justify;\">\n<li>Tener vigente y actualizado el Registro \u00danico Tributario (RUT).<\/li>\n<li>Ser responsable del impuesto sobre las ventas y pertenecer al r\u00e9gimen com\u00fan.<\/li>\n<li>Estar acreditado con certificaci\u00f3n ISO 27001 sobre sistemas de gesti\u00f3n de la seguridad de la informaci\u00f3n vigente, o por las normas que las modifiquen o sustituyan. <span style=\"color: #ff9900;\">Si para la fecha de presentaci\u00f3n de la solicitud como proveedor tecnol\u00f3gico ante la DIAN, no se cuenta con esta certificaci\u00f3n, deber\u00e1 manifestarse el compromiso de aportarla a m\u00e1s tardar dentro de los dos (2) a\u00f1os siguientes a la fecha de notificaci\u00f3n de la autorizaci\u00f3n como proveedor tecnol\u00f3gico,<\/span> t\u00e9rmino dentro del cual deber\u00e1 allegarse a la DIAN la certificaci\u00f3n correspondiente, como requisito necesario para operar como tal.<\/li>\n<li><span style=\"color: #ff9900;\">Poseer para la fecha de presentaci\u00f3n de la solicitud un patrimonio l\u00edquido igual o superior a veinte mil (20.000) UVT y unos activos fijos que representen por lo menos el cincuenta por ciento (50%) del patrimonio l\u00edquido.<\/span> En este caso se aceptar\u00e1n estados financieros certificados por contador p\u00fablico o revisor fiscal. En todo caso, la DIAN podr\u00e1 efectuar las verificaciones que considere pertinentes.<\/li>\n<li>Cumplir las condiciones de operatividad tecnol\u00f3gica que se\u00f1ale la DIAN.<\/li>\n<\/ol>\n<p style=\"text-align: justify;\">A m\u00e1s tardar dentro de los dos (2) meses siguientes al recibo de la solicitud, la Entidad decidir\u00e1 sobre la misma, previas las verificaciones que considere pertinentes.<\/p>\n<p style=\"text-align: justify;\">Si la decisi\u00f3n es favorable autorizar\u00e1 al solicitante para prestar a los obligados a facturar electr\u00f3nicamente y\/o a los adquirentes que as\u00ed lo decidan, los servicios de proveedor tecnol\u00f3gico en el \u00e1mbito de este decreto.<\/p>\n<p style=\"text-align: justify;\">Contra la resoluci\u00f3n que decida en forma negativa la solicitud de autorizaci\u00f3n, proceden los recursos de reposici\u00f3n y apelaci\u00f3n de acuerdo con el C\u00f3digo de Procedimiento Administrativo y de lo Contencioso Administrativo.<\/p>\n<p style=\"text-align: justify;\">Par\u00e1grafo 1\u00b0. Las condiciones se\u00f1aladas en el presente art\u00edculo deber\u00e1n cumplirse por el proveedor tecnol\u00f3gico para la fecha de presentaci\u00f3n de la solicitud de autorizaci\u00f3n y, las se\u00f1aladas en los numerales 1 a 5, ser\u00e1n tambi\u00e9n condici\u00f3n necesaria para su renovaci\u00f3n. Para efectos de la renovaci\u00f3n de la autorizaci\u00f3n, el requisito se\u00f1alado en el numeral 4 de este art\u00edculo, se tendr\u00e1 en cuenta el valor de la UVT para la fecha de presentaci\u00f3n de la solicitud de renovaci\u00f3n.<\/p>\n<p style=\"text-align: justify;\">Sin perjuicio de lo anterior, las condiciones se\u00f1aladas en el presente art\u00edculo deber\u00e1n cumplirse por el proveedor tecnol\u00f3gico para la fecha de presentaci\u00f3n de la respectiva solicitud y durante el tiempo que ofrezca servicios de facturaci\u00f3n electr\u00f3nica.<\/p>\n<p style=\"text-align: justify;\">Cuando la DIAN efect\u00fae verificaciones tendientes a establecer el cumplimiento o mantenimiento de las condiciones de autorizaci\u00f3n o renovaci\u00f3n, en relaci\u00f3n con el patrimonio l\u00edquido y activos fijos, tendr\u00e1 en cuenta los niveles de patrimonio l\u00edquido y activos fijos en t\u00e9rminos de UVT del a\u00f1o de verificaci\u00f3n.<\/p>\n<p style=\"text-align: justify;\">Par\u00e1grafo 2\u00b0. Los proveedores tecnol\u00f3gicos no podr\u00e1n ceder la autorizaci\u00f3n otorgada por la DIAN.<\/p>\n<p style=\"text-align: justify;\">Art\u00edculo 13. <em>Obligaciones de los Proveedores Tecnol\u00f3gicos<\/em>. Los proveedores tecnol\u00f3gicos que ofrezcan servicios de facturaci\u00f3n electr\u00f3nica deber\u00e1n como m\u00ednimo, prestar a los obligados a facturar y\/o al adquirente los servicios de facturaci\u00f3n electr\u00f3nica contratados, cumpliendo en la facturaci\u00f3n las disposiciones de este decreto y las condiciones de operatividad tecnol\u00f3gica que establezca la DIAN.<\/p>\n<p style=\"text-align: justify;\">Par\u00e1grafo. En todo caso, el obligado a facturar electr\u00f3nicamente y el adquirente son los responsables ante la DIAN por las obligaciones que como tales les corresponden.<\/p>\n<p style=\"text-align: justify;\">Art\u00edculo 14. <em>Cancelaci\u00f3n de la autorizaci\u00f3n a Proveedores Tecnol\u00f3gicos<\/em>.<\/p>\n<ol style=\"text-align: justify;\">\n<li>Cuando el proveedor tecnol\u00f3gico autorizado por la DIAN decida terminar con su actividad como Proveedor de los servicios inherentes a la facturaci\u00f3n electr\u00f3nica, deber\u00e1 solicitar a la DIAN la cancelaci\u00f3n de la autorizaci\u00f3n. La DIAN resolver\u00e1 la petici\u00f3n dentro de los t\u00e9rminos de ley.<\/li>\n<\/ol>\n<p style=\"text-align: justify;\">En caso de liquidaci\u00f3n de la sucesi\u00f3n il\u00edquida, liquidaci\u00f3n de la persona jur\u00eddica o asimilada, fusi\u00f3n por absorci\u00f3n o fusi\u00f3n por creaci\u00f3n, o de escisi\u00f3n cuando el proveedor tecnol\u00f3gico autorizado desaparezca jur\u00eddicamente, as\u00ed como cuando tenga lugar el cese de actividades mercantiles en forma definitiva, o la liquidaci\u00f3n de la sucesi\u00f3n, que implican la cancelaci\u00f3n del RUT, opera tambi\u00e9n la cancelaci\u00f3n de la autorizaci\u00f3n como proveedor de servicios de factura electr\u00f3nica. En este evento, a partir del documento de cancelaci\u00f3n del RUT, la DIAN proceder\u00e1 a actualizar el Cat\u00e1logo de Participantes de Factura Electr\u00f3nica en tal sentido, sin que se requiera ninguna otra actuaci\u00f3n.<\/p>\n<ol style=\"text-align: justify;\" start=\"2\">\n<li>Si el proveedor tecnol\u00f3gico autorizado por la DIAN no aporta dentro de la oportunidad la certificaci\u00f3n ISO a que se refiere el numeral 3 del art\u00edculo 12 de este decreto, la autorizaci\u00f3n ser\u00e1 cancelada.<\/li>\n<\/ol>\n<p style=\"text-align: justify;\">Par\u00e1grafo. <span style=\"color: #ff9900;\">El obligado a facturar electr\u00f3nicamente que ten\u00eda contratados los servicios de un proveedor tecnol\u00f3gico a quien no se le renueve la autorizaci\u00f3n o se le cancele la misma deber\u00e1 actualizar su habilitaci\u00f3n. Para tal efecto podr\u00e1:<\/span><\/p>\n<ol style=\"text-align: justify;\">\n<li>Registrar ante la DIAN un nuevo proveedor tecnol\u00f3gico, previo agotamiento de las pruebas pertinentes y, <span style=\"color: #ff9900;\">en todo caso, deber\u00e1 reanudar la facturaci\u00f3n electr\u00f3nica, a m\u00e1s tardar, dentro de los tres (3) meses siguientes al vencimiento de la autorizaci\u00f3n respectiva o dentro de los tres (3) meses siguientes a la ejecutoria del acto administrativo por el cual se hubiere cancelado la autorizaci\u00f3n<\/span>.<\/li>\n<li>Facturar electr\u00f3nicamente en forma directa, evento en el cual deber\u00e1 surtir las pruebas necesarias ante la DIAN y, en todo caso, deber\u00e1 reanudar la facturaci\u00f3n electr\u00f3nica, a m\u00e1s tardar, dentro de los seis (6) meses siguientes al vencimiento de la autorizaci\u00f3n respectiva o dentro de los seis (6) meses siguientes a la ejecutoria del acto administrativo por el cual se hubiere cancelado la autorizaci\u00f3n.<\/li>\n<\/ol>\n<p style=\"text-align: justify;\">Durante el t\u00e9rmino que dure el tr\u00e1mite y, a m\u00e1s tardar dentro de los t\u00e9rminos se\u00f1alados en los literales a) o b), seg\u00fan el caso, aplicar\u00e1n las medidas especiales que para estos eventos determine la DIAN, en concordancia con el art\u00edculo 8\u00b0 de este decreto.<\/p>\n<p style=\"text-align: justify;\">Art\u00edculo 15. <em>Cat\u00e1logo de Participantes de Factura Electr\u00f3nica<\/em>. <span style=\"color: #0000ff;\">Los obligados a facturar electr\u00f3nicamente, los adquirentes que decidan recibir factura en formato electr\u00f3nico de generaci\u00f3n y los proveedores tecnol\u00f3gicos deben estar registrados en el Cat\u00e1logo de Participantes de Factura Electr\u00f3nica.<\/span> Este registro permanecer\u00e1 a disposici\u00f3n de los participantes y deber\u00e1 mantenerse actualizado por los mismos y por la DIAN en lo que corresponda. El Cat\u00e1logo de Participantes contendr\u00e1 como m\u00ednimo:<\/p>\n<ol style=\"text-align: justify;\">\n<li>La informaci\u00f3n actualizada id\u00e9ntica a la del RUT en relaci\u00f3n con la identificaci\u00f3n del obligado a facturar electr\u00f3nicamente y, en general, la identificaci\u00f3n de los participantes.<\/li>\n<li>La informaci\u00f3n t\u00e9cnica necesaria, como m\u00ednimo una casilla de correo electr\u00f3nico, para la entrega de la factura electr\u00f3nica en formato electr\u00f3nico de generaci\u00f3n y de las notas cr\u00e9dito y d\u00e9bito, sin perjuicio de utilizar e informar otros esquemas electr\u00f3nicos para su entrega previamente acordados entre el obligado a facturar electr\u00f3nicamente y el adquirente que recibe factura en formato electr\u00f3nico de generaci\u00f3n, siempre y cuando los esquemas adoptados no impliquen costos o dependencias tecnol\u00f3gicas para este \u00faltimo.<\/li>\n<li>La informaci\u00f3n concerniente a las diferentes situaciones relacionadas con los participantes.<\/li>\n<li>La informaci\u00f3n de los autorizados por los participantes para intervenir u operar los distintos procedimientos asociados a la factura electr\u00f3nica.<\/li>\n<\/ol>\n<p style=\"text-align: justify;\">La DIAN establecer\u00e1 los procedimientos y protocolos tecnol\u00f3gicos para su acceso y actualizaci\u00f3n.<\/p>\n<p style=\"text-align: justify;\"><strong><span style=\"color: #ff9900;\">Art\u00edculo 16. <em>Otros documentos equivalentes de la factura<\/em>. Mientras no se modifiquen las disposiciones vigentes, podr\u00e1n utilizarse los otros documentos equivalentes en las condiciones actuales.<\/span><\/strong><\/p>\n<p style=\"text-align: justify;\"><strong><span style=\"text-decoration: underline;\"><span style=\"color: #0000ff; text-decoration: underline;\">El obligado a facturar electr\u00f3nicamente podr\u00e1 continuar utilizando los tiquetes de m\u00e1quinas registradoras POS, cuando su modelo de negocio lo requiera.<\/span><\/span><\/strong> En estos casos, cuando el adquirente sea un responsable del impuesto sobre las ventas del r\u00e9gimen com\u00fan, si lo requiere para efectos de impuestos descontables, podr\u00e1 solicitar la factura correspondiente. En este evento el obligado a facturar electr\u00f3nicamente, deber\u00e1 expedirle factura electr\u00f3nica en las condiciones del presente decreto.<\/p>\n<p style=\"text-align: justify;\">Art\u00edculo 17. <em>Factura electr\u00f3nica como soporte fiscal<\/em>. La factura electr\u00f3nica que cumpla las condiciones se\u00f1aladas en el presente Decreto, servir\u00e1 como soporte fiscal de los ingresos, costos y\/o deducciones, en el impuesto sobre la renta y complementarios, impuesto sobre la renta para la equidad CREE as\u00ed como de los impuestos descontables en el impuesto sobre las ventas.<\/p>\n<p style=\"text-align: justify;\">Art\u00edculo 18. <em>La factura electr\u00f3nica de comercio exterior<\/em>. Los sujetos obligados a facturar electr\u00f3nicamente en el \u00e1mbito del presente Decreto, deber\u00e1n cuando sea del caso, soportar con factura electr\u00f3nica la venta de bienes y\/o servicios desde cualquier zona geogr\u00e1fica del Territorio Aduanero Nacional hacia mercados externos.<\/p>\n<p style=\"text-align: justify;\">Lo anterior incluye las operaciones de venta de bienes y\/o servicios desde zonas francas hacia el exterior.<\/p>\n<p style=\"text-align: justify;\">La entrega de la factura electr\u00f3nica al adquirente del exterior podr\u00e1 realizarse, previo acuerdo, en el formato electr\u00f3nico de generaci\u00f3n, en las condiciones del presente decreto, y a trav\u00e9s de los medios igualmente acordados o los que disponga el obligado a facturar electr\u00f3nicamente. En caso contrario, el obligado a facturar electr\u00f3nicamente deber\u00e1 generarla en este formato y entregarla al adquirente del exterior en representaci\u00f3n gr\u00e1fica en formato impreso o formato digital. En todo caso, el obligado a facturar electr\u00f3nicamente deber\u00e1 entregar a la DIAN el ejemplar en formato electr\u00f3nico de generaci\u00f3n.<\/p>\n<p style=\"text-align: justify;\">Lo anterior en concordancia con las disposiciones en materia aduanera de orden nacional o supranacional, de comercio electr\u00f3nico y sin perjuicio de lo dispuesto en tratados internacionales.<\/p>\n<p style=\"text-align: justify;\">Par\u00e1grafo. En las operaciones de venta de bienes y\/o servicios al interior de zonas francas o desde zonas francas hacia el resto del Territorio Aduanero Nacional y desde este hacia zonas francas, aplican en general, las disposiciones del presente decreto.<\/p>\n<p style=\"text-align: justify;\"><span style=\"color: #0000ff;\">Art\u00edculo 19. <em>Otras disposiciones<\/em>. La DIAN mediante resoluci\u00f3n, deber\u00e1:<\/span><\/p>\n<ol style=\"text-align: justify;\">\n<li><span style=\"color: #ff9900;\">Establecer dentro de los tres (3) meses siguientes a la publicaci\u00f3n de este decreto, el formato electr\u00f3nico de generaci\u00f3n XML est\u00e1ndar de la factura electr\u00f3nica, los formatos XML correspondientes a las notas cr\u00e9dito, d\u00e9bito, y los formatos alternativos para el recibo y rechazo de la factura electr\u00f3nica. Adoptar dentro del mismo t\u00e9rmino, la pol\u00edtica de firma a que se refiere el literal d) del numeral 1 del art\u00edculo 3\u00b0 de este decreto.<\/span><\/li>\n<li><span style=\"color: #ff9900;\">Establecer dentro de los cuatro (4) meses siguientes a la publicaci\u00f3n de este decreto, los procedimientos que deber\u00e1n agotar los sujetos del \u00e1mbito del mismo, as\u00ed como las condiciones de operatividad tecnol\u00f3gica que deber\u00e1n cumplir, con el fin de ser habilitados para expedir factura electr\u00f3nica;<\/span> as\u00ed mismo, los procedimientos que deben surtir y las condiciones que deben cumplir los proveedores tecnol\u00f3gicos con el fin de obtener la autorizaci\u00f3n para prestar los servicios asociados a la facturaci\u00f3n electr\u00f3nica, cuando sea el caso.<\/li>\n<li><span style=\"color: #ff9900;\">Adecuar dentro de los seis (6) meses siguientes a la publicaci\u00f3n del presente decreto, las disposiciones relacionadas con la numeraci\u00f3n y los procedimientos correspondientes, incluida la autorizaci\u00f3n al proveedor tecnol\u00f3gico para recibir la numeraci\u00f3n respectiva<\/span>, si fuere el caso, y lo pertinente para la inhabilitaci\u00f3n de la numeraci\u00f3n asociada a la factura electr\u00f3nica y la factura por computador que se hubieren autorizado conforme con el Decreto 1929 de 2007 y el art\u00edculo 13 del Decreto 1165 de 1996 y sus reglamentos, y la factura por talonario, cuando fuere el caso; as\u00ed como establecer los procedimientos, elementos y condiciones necesarias para la asignaci\u00f3n de la clave de contenido t\u00e9cnico de control y la obtenci\u00f3n del C\u00f3digo \u00danico de Factura Electr\u00f3nica por el obligado a facturar o su proveedor tecnol\u00f3gico, cuando as\u00ed lo autorice para este efecto.<\/li>\n<li><span style=\"color: #ff9900;\">Poner a disposici\u00f3n de los obligados a facturar electr\u00f3nicamente y adquirentes que opten por recibir factura electr\u00f3nica en formato electr\u00f3nico de generaci\u00f3n, a m\u00e1s tardar dentro de los seis (6) meses siguientes a la publicaci\u00f3n de este decreto, los servicios inform\u00e1ticos y tecnol\u00f3gicos correspondientes al Cat\u00e1logo de Participantes de Factura Electr\u00f3nica<\/span> y los necesarios para el recibo y verificaci\u00f3n del ejemplar de la factura electr\u00f3nica suministrado a la DIAN.<\/li>\n<li>Poner a disposici\u00f3n de los obligados a facturar electr\u00f3nicamente en el \u00e1mbito de este Decreto, dentro los seis (6) meses siguientes a su publicaci\u00f3n, un ambiente de pruebas seg\u00fan lo previsto en el art\u00edculo 10 del mismo.<\/li>\n<li>Disponer dentro de los cuatro (4) meses siguientes a la publicaci\u00f3n de este decreto las especificaciones necesarias de los elementos gr\u00e1ficos de control, tales como c\u00f3digos\u00a0de barras y\/o bidimensionales que debe incorporar la factura electr\u00f3nica cuando sea entregada en representaci\u00f3n gr\u00e1fica en formato impreso o formato digital.<\/li>\n<\/ol>\n<ol style=\"text-align: justify;\" start=\"7\">\n<li>Establecer a m\u00e1s tardar dentro de los cuatro (4) meses siguientes a la publicaci\u00f3n de este Decreto las medidas en caso de inconvenientes t\u00e9cnicos y situaciones especiales que deber\u00e1n operar acorde con lo indicado en el art\u00edculo 8\u00b0 del mismo.<\/li>\n<li>Se\u00f1alar dentro de los cuatro (4) meses siguientes a la publicaci\u00f3n del presente decreto, las especificaciones t\u00e9cnicas de la informaci\u00f3n que debe ser entregada a la DIAN por los obligados a facturar electr\u00f3nicamente, de acuerdo con el numeral 1 del art\u00edculo 9\u00b0 de este decreto.<\/li>\n<\/ol>\n<p style=\"text-align: justify;\">Par\u00e1grafo. Cuando la DIAN efect\u00fae modificaciones sobre el formato electr\u00f3nico de generaci\u00f3n de la factura electr\u00f3nica, notas cr\u00e9dito, d\u00e9bito as\u00ed como sobre los formatos alternativos para efectos de recibo o rechazo de la factura electr\u00f3nica y\/o de los servicios inform\u00e1ticos electr\u00f3nicos dispuestos por la Entidad en relaci\u00f3n con la factura electr\u00f3nica y\/o sobre los procedimientos establecidos, deber\u00e1 adoptar\u00edas mediante resoluci\u00f3n de car\u00e1cter general; <span style=\"color: #ff9900;\">las modificaciones que se establezcan aplicar\u00e1n m\u00ednimo dentro de los tres (3) meses siguientes a su publicaci\u00f3n.<\/span><\/p>\n<p style=\"text-align: justify;\">Art\u00edculo 20. <em>Transici\u00f3n<\/em>.<\/p>\n<ol style=\"text-align: justify;\">\n<li>Una vez los obligados a facturar electr\u00f3nicamente sean habilitados de conformidad con lo establecido en el art\u00edculo 10 de este decreto y deban comenzar a expedir factura electr\u00f3nica bajo las condiciones establecidas en el mismo, deber\u00e1n cesar la expedici\u00f3n de la factura electr\u00f3nica prevista en el Decreto 1929 de 2007 y\/o la factura por computador prevista en el art\u00edculo 13 del Decreto 1165 de 1996 y sus reglamentos, as\u00ed como la factura por talonario, si fuere el caso. La numeraci\u00f3n autorizada en estos eventos ser\u00e1 inhabilitada, debiendo seguir para el efecto el procedimiento que se\u00f1ale la DIAN.<\/li>\n<\/ol>\n<p style=\"text-align: justify;\">Las operaciones que el obligado ven\u00eda facturando en cualquiera de las formas de que trata este numeral deber\u00e1n en adelante ser facturadas electr\u00f3nicamente, en las condiciones de este decreto.<\/p>\n<ol style=\"text-align: justify;\" start=\"2\">\n<li><span style=\"color: #ff9900;\">Quienes con anterioridad a la publicaci\u00f3n de este decreto expidan factura electr\u00f3nica y\/o por computador de acuerdo con el Decreto 1929 de 2007 y\/o el art\u00edculo 13 del Decreto 1165 de 1996 y sus reglamentos, o por talonario, podr\u00e1n continuar facturando en tales condiciones. En caso de ser elegidos por la DIAN u optar voluntariamente por facturar electr\u00f3nicamente de conformidad con el presente decreto, seguir\u00e1n la disposici\u00f3n del numeral anterior.<\/span><\/li>\n<li>Quienes para la fecha de publicaci\u00f3n del presente Decreto hayan iniciado ante la DIAN el procedimiento para comenzar a facturar electr\u00f3nicamente en las condiciones del Decreto 1929 de 2007 y la Resoluci\u00f3n 14465 del mismo a\u00f1o, podr\u00e1n culminarlos.<\/li>\n<\/ol>\n<p style=\"text-align: justify;\">Estos sujetos, una vez sean elegidos por la DIAN para facturar electr\u00f3nicamente de conformidad con el presente decreto u opten voluntariamente por expedir factura electr\u00f3nica de acuerdo con el mismo, dar\u00e1n aplicaci\u00f3n a lo se\u00f1alado en el numeral primero de este art\u00edculo.<\/p>\n<p style=\"text-align: justify;\">Una vez publicado el presente decreto no habr\u00e1 lugar a iniciar el procedimiento para facturar electr\u00f3nicamente conforme con el Decreto 1929 de 2007 y sus reglamentos.<\/p>\n<ol style=\"text-align: justify;\" start=\"4\">\n<li><span style=\"color: #ff9900;\">Quienes para la fecha de publicaci\u00f3n de este Decreto facturen por computador o quienes con posterioridad a su publicaci\u00f3n soliciten esta forma de facturaci\u00f3n podr\u00e1n hacerlo, no obstante, una vez sean seleccionados para facturar electr\u00f3nicamente o entren voluntariamente en esta modalidad deber\u00e1n dejar de facturar por computador, como se indica en el numeral 1 de este art\u00edculo.<\/span><\/li>\n<\/ol>\n<p style=\"text-align: justify;\"><span style=\"color: #ff9900;\">La misma regla aplica para quienes facturen por talonario y sean elegidos por la DIAN u opten voluntariamente por facturar electr\u00f3nicamente.<\/span><\/p>\n<p style=\"text-align: justify;\"><span style=\"text-decoration: underline;\"><strong><span style=\"color: #ff9900; text-decoration: underline;\">Par\u00e1grafo. En todo caso, la factura electr\u00f3nica prevista en el <a href=\"http:\/\/www.alcaldiabogota.gov.co\/sisjur\/normas\/Norma1.jsp?i=25311\" target=\"_blank\">Decreto 1929 de 2007<\/a>, tendr\u00e1 aplicaci\u00f3n solamente hasta el 31 de diciembre del a\u00f1o 2017.<\/span><\/strong><\/span><\/p>\n<p style=\"text-align: justify;\">Art\u00edculo 21. <em>Vigencia<\/em>. El presente decreto rige a partir de la fecha de publicaci\u00f3n y deroga el Decreto 1929 de 2007 a partir del 1\u00b0 de enero del a\u00f1o 2018.<\/p>\n<p style=\"text-align: justify;\">Publ\u00edquese y c\u00famplase.<\/p>\n<p style=\"text-align: justify;\">Dado en Bogot\u00e1 D. C., a 24 de noviembre de 2015.<\/p>\n<p style=\"text-align: justify;\">JUAN MANUEL SANTOS CALDER\u00d3N<\/p>\n<p style=\"text-align: justify;\">El Ministro de Hacienda y Cr\u00e9dito P\u00fablico,<\/p>\n<p style=\"text-align: justify;\"><em>Mauricio C\u00e1rdenas Santamar\u00eda. <\/em>La Ministra de Comercio, Industria y Turismo,<\/p>\n<p style=\"text-align: justify;\"><em>Cecilia \u00c1lvarez-Correa. <\/em>El Ministro de Tecnolog\u00edas de la Informaci\u00f3n y las Comunicaciones,<\/p>\n<p style=\"text-align: justify;\"><em>David Luna S\u00e1nchez<\/em><\/p>\n<p style=\"text-align: justify;\"><a href=\"http:\/\/www.dian.gov.co\/descargas\/normatividad\/2015\/Decretos\/Decreto_2242_del_24_de_Noviembre_2015.pdf\" target=\"_blank\">DECRETO 2242 NOVIEMBRE 24 DE 2015<\/a><\/p>\n<p style=\"text-align: justify;\"><a href=\"http:\/\/www.dian.gov.co\/descargas\/normatividad\/2016\/Resoluciones\/Factura_Electronica\/Resolucion_000019_24_Febrero_2016_FACTURA_ELECTRONICA.pdf\" target=\"_blank\">Resoluci\u00f3n 0019 de febrero 24 de 2016 DIAN<\/a><\/p>\n","protected":false},"excerpt":{"rendered":"<p>Decreto 2242 noviembre 24 de 2015, por el cual se reglamentan las condiciones de expedici\u00f3n e interoperabilidad  de la factura electr\u00f3nica con fines de masificaci\u00f3n y control fiscal.<\/p>\n","protected":false},"author":1,"featured_media":6463,"comment_status":"open","ping_status":"open","sticky":false,"template":"","format":"standard","meta":{"_monsterinsights_skip_tracking":false,"ngg_post_thumbnail":0,"footnotes":"","_links_to":"","_links_to_target":""},"categories":[459,454],"tags":[],"class_list":["post-6462","post","type-post","status-publish","format-standard","has-post-thumbnail","hentry","category-obligaciones","category-sin-categoria"],"aioseo_notices":[],"aioseo_head":"\n\t\t<!-- All in One SEO 5.0.1.1 - aioseo.com -->\n\t<meta name=\"description\" content=\"Decreto 2242 noviembre 24 de 2015, por el cual se reglamentan las condiciones de expedici\u00f3n e interoperabilidad de la factura electr\u00f3nica con fines de masificaci\u00f3n y control fiscal.\" \/>\n\t<meta name=\"robots\" content=\"max-image-preview:large\" \/>\n\t<meta name=\"author\" content=\"Miguel Antonio M\u00e1rquez Monta\u00f1ez\"\/>\n\t<link rel=\"canonical\" href=\"https:\/\/contadoreshoy.com\/?p=6462\" \/>\n\t<meta name=\"generator\" content=\"All in One SEO (AIOSEO) 5.0.1.1\" \/>\n\t\t<meta property=\"og:locale\" content=\"es_ES\" \/>\n\t\t<meta property=\"og:site_name\" content=\"Contadores P\u00fablicos - Portal para Contadores P\u00fablicos y empresarios\" \/>\n\t\t<meta property=\"og:type\" content=\"article\" \/>\n\t\t<meta property=\"og:title\" content=\"Reglamentaci\u00f3n Factura Electr\u00f3nica - Contadores P\u00fablicos\" \/>\n\t\t<meta property=\"og:description\" content=\"Decreto 2242 noviembre 24 de 2015, por el cual se reglamentan las condiciones de expedici\u00f3n e interoperabilidad de la factura electr\u00f3nica con fines de masificaci\u00f3n y control fiscal.\" \/>\n\t\t<meta property=\"og:url\" content=\"https:\/\/contadoreshoy.com\/?p=6462\" \/>\n\t\t<meta property=\"og:image\" content=\"https:\/\/contadoreshoy.com\/wp-content\/uploads\/2024\/01\/cropped-cropped-cropped-Copia-de-M.jpg\" \/>\n\t\t<meta property=\"og:image:secure_url\" content=\"https:\/\/contadoreshoy.com\/wp-content\/uploads\/2024\/01\/cropped-cropped-cropped-Copia-de-M.jpg\" \/>\n\t\t<meta property=\"og:image:width\" content=\"512\" \/>\n\t\t<meta property=\"og:image:height\" content=\"371\" \/>\n\t\t<meta property=\"article:published_time\" content=\"2015-12-01T20:06:38+00:00\" \/>\n\t\t<meta property=\"article:modified_time\" content=\"2017-02-05T02:59:43+00:00\" \/>\n\t\t<meta name=\"twitter:card\" content=\"summary_large_image\" \/>\n\t\t<meta name=\"twitter:title\" content=\"Reglamentaci\u00f3n Factura Electr\u00f3nica - Contadores P\u00fablicos\" \/>\n\t\t<meta name=\"twitter:description\" content=\"Decreto 2242 noviembre 24 de 2015, por el cual se reglamentan las condiciones de expedici\u00f3n e interoperabilidad de la factura electr\u00f3nica con fines de masificaci\u00f3n y control fiscal.\" \/>\n\t\t<meta name=\"twitter:image\" content=\"https:\/\/contadoreshoy.com\/wp-content\/uploads\/2024\/01\/cropped-cropped-cropped-Copia-de-M.jpg\" \/>\n\t\t<script type=\"application\/ld+json\" class=\"aioseo-schema\">\n\t\t\t{\"@context\":\"https:\\\/\\\/schema.org\",\"@graph\":[{\"@type\":\"BlogPosting\",\"@id\":\"https:\\\/\\\/contadoreshoy.com\\\/?p=6462#blogposting\",\"name\":\"Reglamentaci\\u00f3n Factura Electr\\u00f3nica - Contadores P\\u00fablicos\",\"headline\":\"Reglamentaci\\u00f3n Factura Electr\\u00f3nica\",\"author\":{\"@id\":\"https:\\\/\\\/contadoreshoy.com\\\/?author=1#author\"},\"publisher\":{\"@id\":\"https:\\\/\\\/contadoreshoy.com\\\/#organization\"},\"image\":{\"@type\":\"ImageObject\",\"url\":\"https:\\\/\\\/contadoreshoy.com\\\/wp-content\\\/uploads\\\/2015\\\/12\\\/Factura-electr\\u00f3nica.jpg\",\"width\":600,\"height\":400},\"datePublished\":\"2015-12-01T15:06:38-05:00\",\"dateModified\":\"2017-02-04T21:59:43-05:00\",\"inLanguage\":\"es-ES\",\"mainEntityOfPage\":{\"@id\":\"https:\\\/\\\/contadoreshoy.com\\\/?p=6462#webpage\"},\"isPartOf\":{\"@id\":\"https:\\\/\\\/contadoreshoy.com\\\/?p=6462#webpage\"},\"articleSection\":\"Obligaciones, Sin categor\\u00eda\"},{\"@type\":\"BreadcrumbList\",\"@id\":\"https:\\\/\\\/contadoreshoy.com\\\/?p=6462#breadcrumblist\",\"itemListElement\":[{\"@type\":\"ListItem\",\"@id\":\"https:\\\/\\\/contadoreshoy.com#listItem\",\"position\":1,\"name\":\"Home\",\"item\":\"https:\\\/\\\/contadoreshoy.com\",\"nextItem\":{\"@type\":\"ListItem\",\"@id\":\"https:\\\/\\\/contadoreshoy.com\\\/?cat=454#listItem\",\"name\":\"Sin categor\\u00eda\"}},{\"@type\":\"ListItem\",\"@id\":\"https:\\\/\\\/contadoreshoy.com\\\/?cat=454#listItem\",\"position\":2,\"name\":\"Sin categor\\u00eda\",\"item\":\"https:\\\/\\\/contadoreshoy.com\\\/?cat=454\",\"nextItem\":{\"@type\":\"ListItem\",\"@id\":\"https:\\\/\\\/contadoreshoy.com\\\/?p=6462#listItem\",\"name\":\"Reglamentaci\\u00f3n Factura Electr\\u00f3nica\"},\"previousItem\":{\"@type\":\"ListItem\",\"@id\":\"https:\\\/\\\/contadoreshoy.com#listItem\",\"name\":\"Home\"}},{\"@type\":\"ListItem\",\"@id\":\"https:\\\/\\\/contadoreshoy.com\\\/?p=6462#listItem\",\"position\":3,\"name\":\"Reglamentaci\\u00f3n Factura Electr\\u00f3nica\",\"previousItem\":{\"@type\":\"ListItem\",\"@id\":\"https:\\\/\\\/contadoreshoy.com\\\/?cat=454#listItem\",\"name\":\"Sin categor\\u00eda\"}}]},{\"@type\":\"Organization\",\"@id\":\"https:\\\/\\\/contadoreshoy.com\\\/#organization\",\"name\":\"Contadores P\\u00fablicos\",\"description\":\"Portal para Contadores P\\u00fablicos y empresarios\",\"url\":\"https:\\\/\\\/contadoreshoy.com\\\/\",\"logo\":{\"@type\":\"ImageObject\",\"url\":\"https:\\\/\\\/contadoreshoy.com\\\/wp-content\\\/uploads\\\/2024\\\/01\\\/cropped-cropped-Copia-de-M-1.jpg\",\"@id\":\"https:\\\/\\\/contadoreshoy.com\\\/?p=6462\\\/#organizationLogo\",\"width\":499,\"height\":500},\"image\":{\"@id\":\"https:\\\/\\\/contadoreshoy.com\\\/?p=6462\\\/#organizationLogo\"}},{\"@type\":\"Person\",\"@id\":\"https:\\\/\\\/contadoreshoy.com\\\/?author=1#author\",\"url\":\"https:\\\/\\\/contadoreshoy.com\\\/?author=1\",\"name\":\"Miguel Antonio M\\u00e1rquez Monta\\u00f1ez\"},{\"@type\":\"WebPage\",\"@id\":\"https:\\\/\\\/contadoreshoy.com\\\/?p=6462#webpage\",\"url\":\"https:\\\/\\\/contadoreshoy.com\\\/?p=6462\",\"name\":\"Reglamentaci\\u00f3n Factura Electr\\u00f3nica - Contadores P\\u00fablicos\",\"description\":\"Decreto 2242 noviembre 24 de 2015, por el cual se reglamentan las condiciones de expedici\\u00f3n e interoperabilidad de la factura electr\\u00f3nica con fines de masificaci\\u00f3n y control fiscal.\",\"inLanguage\":\"es-ES\",\"isPartOf\":{\"@id\":\"https:\\\/\\\/contadoreshoy.com\\\/#website\"},\"breadcrumb\":{\"@id\":\"https:\\\/\\\/contadoreshoy.com\\\/?p=6462#breadcrumblist\"},\"author\":{\"@id\":\"https:\\\/\\\/contadoreshoy.com\\\/?author=1#author\"},\"creator\":{\"@id\":\"https:\\\/\\\/contadoreshoy.com\\\/?author=1#author\"},\"image\":{\"@type\":\"ImageObject\",\"url\":\"https:\\\/\\\/contadoreshoy.com\\\/wp-content\\\/uploads\\\/2015\\\/12\\\/Factura-electr\\u00f3nica.jpg\",\"@id\":\"https:\\\/\\\/contadoreshoy.com\\\/?p=6462\\\/#mainImage\",\"width\":600,\"height\":400},\"primaryImageOfPage\":{\"@id\":\"https:\\\/\\\/contadoreshoy.com\\\/?p=6462#mainImage\"},\"datePublished\":\"2015-12-01T15:06:38-05:00\",\"dateModified\":\"2017-02-04T21:59:43-05:00\"},{\"@type\":\"WebSite\",\"@id\":\"https:\\\/\\\/contadoreshoy.com\\\/#website\",\"url\":\"https:\\\/\\\/contadoreshoy.com\\\/\",\"name\":\"Contadores P\\u00fablicos\",\"description\":\"Portal para Contadores P\\u00fablicos y empresarios\",\"inLanguage\":\"es-ES\",\"publisher\":{\"@id\":\"https:\\\/\\\/contadoreshoy.com\\\/#organization\"}}]}\n\t\t<\/script>\n\t\t<!-- All in One SEO -->\n\n","aioseo_head_json":{"title":"Reglamentaci\u00f3n Factura Electr\u00f3nica - Contadores P\u00fablicos","description":"Decreto 2242 noviembre 24 de 2015, por el cual se reglamentan las condiciones de expedici\u00f3n e interoperabilidad de la factura electr\u00f3nica con fines de masificaci\u00f3n y control fiscal.","canonical_url":"https:\/\/contadoreshoy.com\/?p=6462","robots":"max-image-preview:large","keywords":"","webmasterTools":{"miscellaneous":""},"schema":{"@context":"https:\/\/schema.org","@graph":[{"@type":"BlogPosting","@id":"https:\/\/contadoreshoy.com\/?p=6462#blogposting","name":"Reglamentaci\u00f3n Factura Electr\u00f3nica - Contadores P\u00fablicos","headline":"Reglamentaci\u00f3n Factura Electr\u00f3nica","author":{"@id":"https:\/\/contadoreshoy.com\/?author=1#author"},"publisher":{"@id":"https:\/\/contadoreshoy.com\/#organization"},"image":{"@type":"ImageObject","url":"https:\/\/contadoreshoy.com\/wp-content\/uploads\/2015\/12\/Factura-electr\u00f3nica.jpg","width":600,"height":400},"datePublished":"2015-12-01T15:06:38-05:00","dateModified":"2017-02-04T21:59:43-05:00","inLanguage":"es-ES","mainEntityOfPage":{"@id":"https:\/\/contadoreshoy.com\/?p=6462#webpage"},"isPartOf":{"@id":"https:\/\/contadoreshoy.com\/?p=6462#webpage"},"articleSection":"Obligaciones, Sin categor\u00eda"},{"@type":"BreadcrumbList","@id":"https:\/\/contadoreshoy.com\/?p=6462#breadcrumblist","itemListElement":[{"@type":"ListItem","@id":"https:\/\/contadoreshoy.com#listItem","position":1,"name":"Home","item":"https:\/\/contadoreshoy.com","nextItem":{"@type":"ListItem","@id":"https:\/\/contadoreshoy.com\/?cat=454#listItem","name":"Sin categor\u00eda"}},{"@type":"ListItem","@id":"https:\/\/contadoreshoy.com\/?cat=454#listItem","position":2,"name":"Sin categor\u00eda","item":"https:\/\/contadoreshoy.com\/?cat=454","nextItem":{"@type":"ListItem","@id":"https:\/\/contadoreshoy.com\/?p=6462#listItem","name":"Reglamentaci\u00f3n Factura Electr\u00f3nica"},"previousItem":{"@type":"ListItem","@id":"https:\/\/contadoreshoy.com#listItem","name":"Home"}},{"@type":"ListItem","@id":"https:\/\/contadoreshoy.com\/?p=6462#listItem","position":3,"name":"Reglamentaci\u00f3n Factura Electr\u00f3nica","previousItem":{"@type":"ListItem","@id":"https:\/\/contadoreshoy.com\/?cat=454#listItem","name":"Sin categor\u00eda"}}]},{"@type":"Organization","@id":"https:\/\/contadoreshoy.com\/#organization","name":"Contadores P\u00fablicos","description":"Portal para Contadores P\u00fablicos y empresarios","url":"https:\/\/contadoreshoy.com\/","logo":{"@type":"ImageObject","url":"https:\/\/contadoreshoy.com\/wp-content\/uploads\/2024\/01\/cropped-cropped-Copia-de-M-1.jpg","@id":"https:\/\/contadoreshoy.com\/?p=6462\/#organizationLogo","width":499,"height":500},"image":{"@id":"https:\/\/contadoreshoy.com\/?p=6462\/#organizationLogo"}},{"@type":"Person","@id":"https:\/\/contadoreshoy.com\/?author=1#author","url":"https:\/\/contadoreshoy.com\/?author=1","name":"Miguel Antonio M\u00e1rquez Monta\u00f1ez"},{"@type":"WebPage","@id":"https:\/\/contadoreshoy.com\/?p=6462#webpage","url":"https:\/\/contadoreshoy.com\/?p=6462","name":"Reglamentaci\u00f3n Factura Electr\u00f3nica - Contadores P\u00fablicos","description":"Decreto 2242 noviembre 24 de 2015, por el cual se reglamentan las condiciones de expedici\u00f3n e interoperabilidad de la factura electr\u00f3nica con fines de masificaci\u00f3n y control fiscal.","inLanguage":"es-ES","isPartOf":{"@id":"https:\/\/contadoreshoy.com\/#website"},"breadcrumb":{"@id":"https:\/\/contadoreshoy.com\/?p=6462#breadcrumblist"},"author":{"@id":"https:\/\/contadoreshoy.com\/?author=1#author"},"creator":{"@id":"https:\/\/contadoreshoy.com\/?author=1#author"},"image":{"@type":"ImageObject","url":"https:\/\/contadoreshoy.com\/wp-content\/uploads\/2015\/12\/Factura-electr\u00f3nica.jpg","@id":"https:\/\/contadoreshoy.com\/?p=6462\/#mainImage","width":600,"height":400},"primaryImageOfPage":{"@id":"https:\/\/contadoreshoy.com\/?p=6462#mainImage"},"datePublished":"2015-12-01T15:06:38-05:00","dateModified":"2017-02-04T21:59:43-05:00"},{"@type":"WebSite","@id":"https:\/\/contadoreshoy.com\/#website","url":"https:\/\/contadoreshoy.com\/","name":"Contadores P\u00fablicos","description":"Portal para Contadores P\u00fablicos y empresarios","inLanguage":"es-ES","publisher":{"@id":"https:\/\/contadoreshoy.com\/#organization"}}]},"og:locale":"es_ES","og:site_name":"Contadores P\u00fablicos - Portal para Contadores P\u00fablicos y empresarios","og:type":"article","og:title":"Reglamentaci\u00f3n Factura Electr\u00f3nica - Contadores P\u00fablicos","og:description":"Decreto 2242 noviembre 24 de 2015, por el cual se reglamentan las condiciones de expedici\u00f3n e interoperabilidad de la factura electr\u00f3nica con fines de masificaci\u00f3n y control fiscal.","og:url":"https:\/\/contadoreshoy.com\/?p=6462","og:image":"https:\/\/contadoreshoy.com\/wp-content\/uploads\/2024\/01\/cropped-cropped-cropped-Copia-de-M.jpg","og:image:secure_url":"https:\/\/contadoreshoy.com\/wp-content\/uploads\/2024\/01\/cropped-cropped-cropped-Copia-de-M.jpg","og:image:width":512,"og:image:height":371,"article:published_time":"2015-12-01T20:06:38+00:00","article:modified_time":"2017-02-05T02:59:43+00:00","twitter:card":"summary_large_image","twitter:title":"Reglamentaci\u00f3n Factura Electr\u00f3nica - Contadores P\u00fablicos","twitter:description":"Decreto 2242 noviembre 24 de 2015, por el cual se reglamentan las condiciones de expedici\u00f3n e interoperabilidad de la factura electr\u00f3nica con fines de masificaci\u00f3n y control fiscal.","twitter:image":"https:\/\/contadoreshoy.com\/wp-content\/uploads\/2024\/01\/cropped-cropped-cropped-Copia-de-M.jpg"},"aioseo_meta_data":{"post_id":"6462","title":null,"description":null,"keywords":null,"keyphrases":null,"primary_term":null,"canonical_url":null,"og_title":null,"og_description":null,"og_object_type":"default","og_image_type":"default","og_image_url":null,"og_image_width":null,"og_image_height":null,"og_image_custom_url":null,"og_image_custom_fields":null,"og_video":null,"og_custom_url":null,"og_article_section":null,"og_article_tags":null,"twitter_use_og":false,"twitter_card":"default","twitter_image_type":"default","twitter_image_url":null,"twitter_image_custom_url":null,"twitter_image_custom_fields":null,"twitter_title":null,"twitter_description":null,"schema":{"blockGraphs":[],"customGraphs":[],"default":{"data":{"Article":[],"Course":[],"Dataset":[],"FAQPage":[],"Movie":[],"Person":[],"Product":[],"ProductReview":[],"Car":[],"Recipe":[],"Service":[],"SoftwareApplication":[],"WebPage":[]},"graphName":"","isEnabled":true},"graphs":[]},"schema_type":"default","schema_type_options":null,"pillar_content":false,"robots_default":true,"robots_noindex":false,"robots_noarchive":false,"robots_nosnippet":false,"robots_nofollow":false,"robots_noimageindex":false,"robots_noodp":false,"robots_notranslate":false,"robots_max_snippet":null,"robots_max_videopreview":null,"robots_max_imagepreview":"large","priority":null,"frequency":null,"local_seo":null,"breadcrumb_settings":null,"limit_modified_date":false,"ai":null,"created":"2024-03-05 01:26:57","updated":"2026-03-03 04:44:23","seo_analyzer_scan_date":null,"focus_keyword":null,"additional_keywords":null,"truseo_locale":null},"aioseo_breadcrumb":"<div class=\"aioseo-breadcrumbs\"><span class=\"aioseo-breadcrumb\">\n\t\t\t<a href=\"https:\/\/contadoreshoy.com\" title=\"Home\">Home<\/a>\n\t\t<\/span><span class=\"aioseo-breadcrumb-separator\">&raquo;<\/span><span class=\"aioseo-breadcrumb\">\n\t\t\t<a href=\"https:\/\/contadoreshoy.com\/?cat=454\" title=\"Sin categor\u00eda\">Sin categor\u00eda<\/a>\n\t\t<\/span><span class=\"aioseo-breadcrumb-separator\">&raquo;<\/span><span class=\"aioseo-breadcrumb\">\n\t\t\tReglamentaci\u00f3n Factura Electr\u00f3nica\n\t\t<\/span><\/div>","aioseo_breadcrumb_json":[{"label":"Home","link":"https:\/\/contadoreshoy.com"},{"label":"Sin categor\u00eda","link":"https:\/\/contadoreshoy.com\/?cat=454"},{"label":"Reglamentaci\u00f3n Factura Electr\u00f3nica","link":"https:\/\/contadoreshoy.com\/?p=6462"}],"yoast_head":"<!-- This site is optimized with the Yoast SEO plugin v28.4 - https:\/\/yoast.com\/product\/yoast-seo-wordpress\/ -->\n<title>Reglamentaci\u00f3n Factura Electr\u00f3nica - Contadores P\u00fablicos<\/title>\n<meta name=\"robots\" content=\"index, follow, max-snippet:-1, max-image-preview:large, max-video-preview:-1\" \/>\n<link rel=\"canonical\" href=\"https:\/\/contadoreshoy.com\/?p=6462\" \/>\n<meta property=\"og:locale\" content=\"es_ES\" \/>\n<meta property=\"og:type\" content=\"article\" \/>\n<meta property=\"og:title\" content=\"Reglamentaci\u00f3n Factura Electr\u00f3nica - Contadores P\u00fablicos\" \/>\n<meta property=\"og:description\" content=\"Decreto 2242 noviembre 24 de 2015, por el cual se reglamentan las condiciones de expedici\u00f3n e interoperabilidad de la factura electr\u00f3nica con fines de masificaci\u00f3n y control fiscal.\" \/>\n<meta property=\"og:url\" content=\"https:\/\/contadoreshoy.com\/?p=6462\" \/>\n<meta property=\"og:site_name\" content=\"Contadores P\u00fablicos\" \/>\n<meta property=\"article:publisher\" content=\"https:\/\/www.facebook.com\/CCCPBucaramanga\/\" \/>\n<meta property=\"article:published_time\" content=\"2015-12-01T20:06:38+00:00\" \/>\n<meta property=\"article:modified_time\" content=\"2017-02-05T02:59:43+00:00\" \/>\n<meta property=\"og:image\" content=\"https:\/\/contadoreshoy.com\/wp-content\/uploads\/2015\/12\/Factura-electr\u00f3nica.jpg\" \/>\n\t<meta property=\"og:image:width\" content=\"600\" \/>\n\t<meta property=\"og:image:height\" content=\"400\" \/>\n\t<meta property=\"og:image:type\" content=\"image\/jpeg\" \/>\n<meta name=\"author\" content=\"Miguel Antonio M\u00e1rquez Monta\u00f1ez\" \/>\n<meta name=\"twitter:card\" content=\"summary_large_image\" \/>\n<meta name=\"twitter:label1\" content=\"Escrito por\" \/>\n\t<meta name=\"twitter:data1\" content=\"Miguel Antonio M\u00e1rquez Monta\u00f1ez\" \/>\n\t<meta name=\"twitter:label2\" content=\"Tiempo de lectura\" \/>\n\t<meta name=\"twitter:data2\" content=\"46 minutos\" \/>\n<script type=\"application\/ld+json\" class=\"yoast-schema-graph\">{\"@context\":\"https:\\\/\\\/schema.org\",\"@graph\":[{\"@type\":\"Article\",\"@id\":\"https:\\\/\\\/contadoreshoy.com\\\/?p=6462#article\",\"isPartOf\":{\"@id\":\"https:\\\/\\\/contadoreshoy.com\\\/?p=6462\"},\"author\":{\"name\":\"Miguel Antonio M\u00e1rquez Monta\u00f1ez\",\"@id\":\"https:\\\/\\\/contadoreshoy.com\\\/#\\\/schema\\\/person\\\/96d8979cb865537c5dc9345e40089fc5\"},\"headline\":\"Reglamentaci\u00f3n Factura Electr\u00f3nica\",\"datePublished\":\"2015-12-01T20:06:38+00:00\",\"dateModified\":\"2017-02-05T02:59:43+00:00\",\"mainEntityOfPage\":{\"@id\":\"https:\\\/\\\/contadoreshoy.com\\\/?p=6462\"},\"wordCount\":9146,\"commentCount\":0,\"publisher\":{\"@id\":\"https:\\\/\\\/contadoreshoy.com\\\/#organization\"},\"image\":{\"@id\":\"https:\\\/\\\/contadoreshoy.com\\\/?p=6462#primaryimage\"},\"thumbnailUrl\":\"https:\\\/\\\/contadoreshoy.com\\\/wp-content\\\/uploads\\\/2015\\\/12\\\/Factura-electr\u00f3nica.jpg\",\"articleSection\":[\"Obligaciones\"],\"inLanguage\":\"es\",\"potentialAction\":[{\"@type\":\"CommentAction\",\"name\":\"Comment\",\"target\":[\"https:\\\/\\\/contadoreshoy.com\\\/?p=6462#respond\"]}]},{\"@type\":\"WebPage\",\"@id\":\"https:\\\/\\\/contadoreshoy.com\\\/?p=6462\",\"url\":\"https:\\\/\\\/contadoreshoy.com\\\/?p=6462\",\"name\":\"Reglamentaci\u00f3n Factura Electr\u00f3nica - Contadores P\u00fablicos\",\"isPartOf\":{\"@id\":\"https:\\\/\\\/contadoreshoy.com\\\/#website\"},\"primaryImageOfPage\":{\"@id\":\"https:\\\/\\\/contadoreshoy.com\\\/?p=6462#primaryimage\"},\"image\":{\"@id\":\"https:\\\/\\\/contadoreshoy.com\\\/?p=6462#primaryimage\"},\"thumbnailUrl\":\"https:\\\/\\\/contadoreshoy.com\\\/wp-content\\\/uploads\\\/2015\\\/12\\\/Factura-electr\u00f3nica.jpg\",\"datePublished\":\"2015-12-01T20:06:38+00:00\",\"dateModified\":\"2017-02-05T02:59:43+00:00\",\"breadcrumb\":{\"@id\":\"https:\\\/\\\/contadoreshoy.com\\\/?p=6462#breadcrumb\"},\"inLanguage\":\"es\",\"potentialAction\":[{\"@type\":\"ReadAction\",\"target\":[\"https:\\\/\\\/contadoreshoy.com\\\/?p=6462\"]}]},{\"@type\":\"ImageObject\",\"inLanguage\":\"es\",\"@id\":\"https:\\\/\\\/contadoreshoy.com\\\/?p=6462#primaryimage\",\"url\":\"https:\\\/\\\/contadoreshoy.com\\\/wp-content\\\/uploads\\\/2015\\\/12\\\/Factura-electr\u00f3nica.jpg\",\"contentUrl\":\"https:\\\/\\\/contadoreshoy.com\\\/wp-content\\\/uploads\\\/2015\\\/12\\\/Factura-electr\u00f3nica.jpg\",\"width\":600,\"height\":400},{\"@type\":\"BreadcrumbList\",\"@id\":\"https:\\\/\\\/contadoreshoy.com\\\/?p=6462#breadcrumb\",\"itemListElement\":[{\"@type\":\"ListItem\",\"position\":1,\"name\":\"Portada\",\"item\":\"https:\\\/\\\/contadoreshoy.com\\\/\"},{\"@type\":\"ListItem\",\"position\":2,\"name\":\"Reglamentaci\u00f3n Factura Electr\u00f3nica\"}]},{\"@type\":\"WebSite\",\"@id\":\"https:\\\/\\\/contadoreshoy.com\\\/#website\",\"url\":\"https:\\\/\\\/contadoreshoy.com\\\/\",\"name\":\"Contadorespublicossantander\",\"description\":\"Portal para Contadores P\u00fablicos y empresarios\",\"publisher\":{\"@id\":\"https:\\\/\\\/contadoreshoy.com\\\/#organization\"},\"potentialAction\":[{\"@type\":\"SearchAction\",\"target\":{\"@type\":\"EntryPoint\",\"urlTemplate\":\"https:\\\/\\\/contadoreshoy.com\\\/?s={search_term_string}\"},\"query-input\":{\"@type\":\"PropertyValueSpecification\",\"valueRequired\":true,\"valueName\":\"search_term_string\"}}],\"inLanguage\":\"es\"},{\"@type\":\"Organization\",\"@id\":\"https:\\\/\\\/contadoreshoy.com\\\/#organization\",\"name\":\"Contadores P\u00fablicos de Santander\",\"url\":\"https:\\\/\\\/contadoreshoy.com\\\/\",\"logo\":{\"@type\":\"ImageObject\",\"inLanguage\":\"es\",\"@id\":\"https:\\\/\\\/contadoreshoy.com\\\/#\\\/schema\\\/logo\\\/image\\\/\",\"url\":\"https:\\\/\\\/contadoreshoy.com\\\/wp-content\\\/uploads\\\/2024\\\/01\\\/cropped-cropped-Copia-de-M-1.jpg\",\"contentUrl\":\"https:\\\/\\\/contadoreshoy.com\\\/wp-content\\\/uploads\\\/2024\\\/01\\\/cropped-cropped-Copia-de-M-1.jpg\",\"width\":499,\"height\":500,\"caption\":\"Contadores P\u00fablicos de Santander\"},\"image\":{\"@id\":\"https:\\\/\\\/contadoreshoy.com\\\/#\\\/schema\\\/logo\\\/image\\\/\"},\"sameAs\":[\"https:\\\/\\\/www.facebook.com\\\/CCCPBucaramanga\\\/\"]},{\"@type\":\"Person\",\"@id\":\"https:\\\/\\\/contadoreshoy.com\\\/#\\\/schema\\\/person\\\/96d8979cb865537c5dc9345e40089fc5\",\"name\":\"Miguel Antonio M\u00e1rquez Monta\u00f1ez\",\"description\":\"Contador P\u00fablico egresado de la Universidad Aut\u00f3noma de Bucaramanga - Asesor contable tributario con m\u00e1s de 25 a\u00f1os de experiencia - Conferencista en temas contables y tributarios - T\u00e9cnico en Hardware y Dise\u00f1o Web - Creador y director Grupo de Estudio Colegio Colombiano de Contadores P\u00fablicos de Bucaramanga - Creador y Master Web p\u00e1gina www.contadoresp\u00fablicossantander.com - Expresidente Colegio Colombiano de Contadores P\u00fablicos Bucaramanga\",\"url\":\"https:\\\/\\\/contadoreshoy.com\\\/?author=1\"}]}<\/script>\n<!-- \/ Yoast SEO plugin. -->","yoast_head_json":{"title":"Reglamentaci\u00f3n Factura Electr\u00f3nica - Contadores P\u00fablicos","robots":{"index":"index","follow":"follow","max-snippet":"max-snippet:-1","max-image-preview":"max-image-preview:large","max-video-preview":"max-video-preview:-1"},"canonical":"https:\/\/contadoreshoy.com\/?p=6462","og_locale":"es_ES","og_type":"article","og_title":"Reglamentaci\u00f3n Factura Electr\u00f3nica - Contadores P\u00fablicos","og_description":"Decreto 2242 noviembre 24 de 2015, por el cual se reglamentan las condiciones de expedici\u00f3n e interoperabilidad de la factura electr\u00f3nica con fines de masificaci\u00f3n y control fiscal.","og_url":"https:\/\/contadoreshoy.com\/?p=6462","og_site_name":"Contadores P\u00fablicos","article_publisher":"https:\/\/www.facebook.com\/CCCPBucaramanga\/","article_published_time":"2015-12-01T20:06:38+00:00","article_modified_time":"2017-02-05T02:59:43+00:00","og_image":[{"width":600,"height":400,"url":"https:\/\/contadoreshoy.com\/wp-content\/uploads\/2015\/12\/Factura-electr\u00f3nica.jpg","type":"image\/jpeg"}],"author":"Miguel Antonio M\u00e1rquez Monta\u00f1ez","twitter_card":"summary_large_image","twitter_misc":{"Escrito por":"Miguel Antonio M\u00e1rquez Monta\u00f1ez","Tiempo de lectura":"46 minutos"},"schema":{"@context":"https:\/\/schema.org","@graph":[{"@type":"Article","@id":"https:\/\/contadoreshoy.com\/?p=6462#article","isPartOf":{"@id":"https:\/\/contadoreshoy.com\/?p=6462"},"author":{"name":"Miguel Antonio M\u00e1rquez Monta\u00f1ez","@id":"https:\/\/contadoreshoy.com\/#\/schema\/person\/96d8979cb865537c5dc9345e40089fc5"},"headline":"Reglamentaci\u00f3n Factura Electr\u00f3nica","datePublished":"2015-12-01T20:06:38+00:00","dateModified":"2017-02-05T02:59:43+00:00","mainEntityOfPage":{"@id":"https:\/\/contadoreshoy.com\/?p=6462"},"wordCount":9146,"commentCount":0,"publisher":{"@id":"https:\/\/contadoreshoy.com\/#organization"},"image":{"@id":"https:\/\/contadoreshoy.com\/?p=6462#primaryimage"},"thumbnailUrl":"https:\/\/contadoreshoy.com\/wp-content\/uploads\/2015\/12\/Factura-electr\u00f3nica.jpg","articleSection":["Obligaciones"],"inLanguage":"es","potentialAction":[{"@type":"CommentAction","name":"Comment","target":["https:\/\/contadoreshoy.com\/?p=6462#respond"]}]},{"@type":"WebPage","@id":"https:\/\/contadoreshoy.com\/?p=6462","url":"https:\/\/contadoreshoy.com\/?p=6462","name":"Reglamentaci\u00f3n Factura Electr\u00f3nica - Contadores P\u00fablicos","isPartOf":{"@id":"https:\/\/contadoreshoy.com\/#website"},"primaryImageOfPage":{"@id":"https:\/\/contadoreshoy.com\/?p=6462#primaryimage"},"image":{"@id":"https:\/\/contadoreshoy.com\/?p=6462#primaryimage"},"thumbnailUrl":"https:\/\/contadoreshoy.com\/wp-content\/uploads\/2015\/12\/Factura-electr\u00f3nica.jpg","datePublished":"2015-12-01T20:06:38+00:00","dateModified":"2017-02-05T02:59:43+00:00","breadcrumb":{"@id":"https:\/\/contadoreshoy.com\/?p=6462#breadcrumb"},"inLanguage":"es","potentialAction":[{"@type":"ReadAction","target":["https:\/\/contadoreshoy.com\/?p=6462"]}]},{"@type":"ImageObject","inLanguage":"es","@id":"https:\/\/contadoreshoy.com\/?p=6462#primaryimage","url":"https:\/\/contadoreshoy.com\/wp-content\/uploads\/2015\/12\/Factura-electr\u00f3nica.jpg","contentUrl":"https:\/\/contadoreshoy.com\/wp-content\/uploads\/2015\/12\/Factura-electr\u00f3nica.jpg","width":600,"height":400},{"@type":"BreadcrumbList","@id":"https:\/\/contadoreshoy.com\/?p=6462#breadcrumb","itemListElement":[{"@type":"ListItem","position":1,"name":"Portada","item":"https:\/\/contadoreshoy.com\/"},{"@type":"ListItem","position":2,"name":"Reglamentaci\u00f3n Factura Electr\u00f3nica"}]},{"@type":"WebSite","@id":"https:\/\/contadoreshoy.com\/#website","url":"https:\/\/contadoreshoy.com\/","name":"Contadorespublicossantander","description":"Portal para Contadores P\u00fablicos y empresarios","publisher":{"@id":"https:\/\/contadoreshoy.com\/#organization"},"potentialAction":[{"@type":"SearchAction","target":{"@type":"EntryPoint","urlTemplate":"https:\/\/contadoreshoy.com\/?s={search_term_string}"},"query-input":{"@type":"PropertyValueSpecification","valueRequired":true,"valueName":"search_term_string"}}],"inLanguage":"es"},{"@type":"Organization","@id":"https:\/\/contadoreshoy.com\/#organization","name":"Contadores P\u00fablicos de Santander","url":"https:\/\/contadoreshoy.com\/","logo":{"@type":"ImageObject","inLanguage":"es","@id":"https:\/\/contadoreshoy.com\/#\/schema\/logo\/image\/","url":"https:\/\/contadoreshoy.com\/wp-content\/uploads\/2024\/01\/cropped-cropped-Copia-de-M-1.jpg","contentUrl":"https:\/\/contadoreshoy.com\/wp-content\/uploads\/2024\/01\/cropped-cropped-Copia-de-M-1.jpg","width":499,"height":500,"caption":"Contadores P\u00fablicos de Santander"},"image":{"@id":"https:\/\/contadoreshoy.com\/#\/schema\/logo\/image\/"},"sameAs":["https:\/\/www.facebook.com\/CCCPBucaramanga\/"]},{"@type":"Person","@id":"https:\/\/contadoreshoy.com\/#\/schema\/person\/96d8979cb865537c5dc9345e40089fc5","name":"Miguel Antonio M\u00e1rquez Monta\u00f1ez","description":"Contador P\u00fablico egresado de la Universidad Aut\u00f3noma de Bucaramanga - Asesor contable tributario con m\u00e1s de 25 a\u00f1os de experiencia - Conferencista en temas contables y tributarios - T\u00e9cnico en Hardware y Dise\u00f1o Web - Creador y director Grupo de Estudio Colegio Colombiano de Contadores P\u00fablicos de Bucaramanga - Creador y Master Web p\u00e1gina www.contadoresp\u00fablicossantander.com - Expresidente Colegio Colombiano de Contadores P\u00fablicos Bucaramanga","url":"https:\/\/contadoreshoy.com\/?author=1"}]}},"_links":{"self":[{"href":"https:\/\/contadoreshoy.com\/index.php?rest_route=\/wp\/v2\/posts\/6462","targetHints":{"allow":["GET"]}}],"collection":[{"href":"https:\/\/contadoreshoy.com\/index.php?rest_route=\/wp\/v2\/posts"}],"about":[{"href":"https:\/\/contadoreshoy.com\/index.php?rest_route=\/wp\/v2\/types\/post"}],"author":[{"embeddable":true,"href":"https:\/\/contadoreshoy.com\/index.php?rest_route=\/wp\/v2\/users\/1"}],"replies":[{"embeddable":true,"href":"https:\/\/contadoreshoy.com\/index.php?rest_route=%2Fwp%2Fv2%2Fcomments&post=6462"}],"version-history":[{"count":1,"href":"https:\/\/contadoreshoy.com\/index.php?rest_route=\/wp\/v2\/posts\/6462\/revisions"}],"predecessor-version":[{"id":7973,"href":"https:\/\/contadoreshoy.com\/index.php?rest_route=\/wp\/v2\/posts\/6462\/revisions\/7973"}],"wp:featuredmedia":[{"embeddable":true,"href":"https:\/\/contadoreshoy.com\/index.php?rest_route=\/wp\/v2\/media\/6463"}],"wp:attachment":[{"href":"https:\/\/contadoreshoy.com\/index.php?rest_route=%2Fwp%2Fv2%2Fmedia&parent=6462"}],"wp:term":[{"taxonomy":"category","embeddable":true,"href":"https:\/\/contadoreshoy.com\/index.php?rest_route=%2Fwp%2Fv2%2Fcategories&post=6462"},{"taxonomy":"post_tag","embeddable":true,"href":"https:\/\/contadoreshoy.com\/index.php?rest_route=%2Fwp%2Fv2%2Ftags&post=6462"}],"curies":[{"name":"wp","href":"https:\/\/api.w.org\/{rel}","templated":true}]}}