{"id":6515,"date":"2015-12-10T12:23:41","date_gmt":"2015-12-10T17:23:41","guid":{"rendered":"http:\/\/colegiocolombianodecontadores.com\/?p=6515"},"modified":"2017-02-04T21:59:41","modified_gmt":"2017-02-05T02:59:41","slug":"solicitud-alteracion-facturacion-fin-de-ano","status":"publish","type":"post","link":"https:\/\/contadoreshoy.com\/?p=6515","title":{"rendered":"Solicitud alteraci\u00f3n facturaci\u00f3n fin de a\u00f1o"},"content":{"rendered":"<p style=\"text-align: center;\"><span style=\"color: #0000ff; font-size: 10pt;\"><strong>CONTADORES CAPACIT\u00c1NDOSE EN NORMAS INTERNACIONALES &#8211; LEY 1314 DE 2009<\/strong><\/span><\/p>\n<p style=\"text-align: center;\"><a href=\"http:\/\/colegiocolombianodecontadores.com\/wp-content\/uploads\/2015\/12\/capacitaci\u00f3n-niif-3.jpg\"><img loading=\"lazy\" decoding=\"async\" class=\"wp-image-6519 aligncenter\" src=\"http:\/\/colegiocolombianodecontadores.com\/wp-content\/uploads\/2015\/12\/capacitaci\u00f3n-niif-3.jpg\" alt=\"capacitaci\u00f3n niif 3\" width=\"223\" height=\"167\" srcset=\"https:\/\/contadoreshoy.com\/wp-content\/uploads\/2015\/12\/capacitaci\u00f3n-niif-3.jpg 350w, https:\/\/contadoreshoy.com\/wp-content\/uploads\/2015\/12\/capacitaci\u00f3n-niif-3-300x225.jpg 300w\" sizes=\"auto, (max-width: 223px) 100vw, 223px\" \/><\/a><\/p>\n<p style=\"text-align: center;\"><span style=\"font-size: 10pt;\"><strong><span style=\"color: #008000;\">EMPRESAS IMPLEMENTANDO NORMAS INTERNACIONALES<\/span><\/strong><\/span><\/p>\n<p style=\"text-align: center;\"><a href=\"http:\/\/colegiocolombianodecontadores.com\/wp-content\/uploads\/2015\/12\/implementando-NIIF-3.jpg\"><img loading=\"lazy\" decoding=\"async\" class=\"aligncenter wp-image-6521\" src=\"http:\/\/colegiocolombianodecontadores.com\/wp-content\/uploads\/2015\/12\/implementando-NIIF-3.jpg\" alt=\"implementando NIIF 3\" width=\"221\" height=\"122\" srcset=\"https:\/\/contadoreshoy.com\/wp-content\/uploads\/2015\/12\/implementando-NIIF-3.jpg 350w, https:\/\/contadoreshoy.com\/wp-content\/uploads\/2015\/12\/implementando-NIIF-3-300x166.jpg 300w\" sizes=\"auto, (max-width: 221px) 100vw, 221px\" \/><\/a><\/p>\n<p style=\"text-align: center;\"><span style=\"font-size: 10pt;\"><strong><span style=\"color: #ff0000;\">CONTADOR QUE RECIBE COMUNICADO DE CLIENTE SOLICITANDO ALTERACI\u00d3N DE FACTURACI\u00d3N (CORTE DE OPERACIONES)<\/span><\/strong><\/span><\/p>\n<p style=\"text-align: center;\"><a href=\"http:\/\/colegiocolombianodecontadores.com\/wp-content\/uploads\/2015\/12\/triste.jpg\"><img loading=\"lazy\" decoding=\"async\" class=\"aligncenter wp-image-6522\" src=\"http:\/\/colegiocolombianodecontadores.com\/wp-content\/uploads\/2015\/12\/triste.jpg\" alt=\"triste\" width=\"227\" height=\"167\" srcset=\"https:\/\/contadoreshoy.com\/wp-content\/uploads\/2015\/12\/triste.jpg 350w, https:\/\/contadoreshoy.com\/wp-content\/uploads\/2015\/12\/triste-300x220.jpg 300w\" sizes=\"auto, (max-width: 227px) 100vw, 227px\" \/><\/a><\/p>\n<p style=\"text-align: justify;\">Cada vez que una empresa env\u00eda una misiva a sus proveedores, en la cual les comunica que solo hasta cierta fecha del mes reciben facturas y, que de ah\u00ed en adelante se les debe facturar con fecha del mes siguiente, me hago las siguientes preguntas :<\/p>\n<ol style=\"text-align: justify;\">\n<li style=\"text-align: left;\">Ser\u00e1 que la administraci\u00f3n no tiene conocimiento de la ley 1314 de 2009 y de sus decretos reglamentarios ?<\/li>\n<li style=\"text-align: left;\">Estar\u00e1n a\u00fan pensando que el congreso a \u00faltima hora va a desmontar la implementaci\u00f3n de las NIIF y, el nuevo marco legal contable ?<\/li>\n<li style=\"text-align: left;\">Como ser\u00e1 la calidad de sus contabilidades, si no aplican el principio de oportunidad ?<\/li>\n<li style=\"text-align: left;\">Como ser\u00e1 el control interno de estas empresas, cuando manipulan la informaci\u00f3n y los hechos econ\u00f3micos ?<\/li>\n<li style=\"text-align: left;\">Como soportan una inspecci\u00f3n contable ante la DIAN ?<\/li>\n<li style=\"text-align: left;\">Como hacen con el reporte de informaci\u00f3n ex\u00f3gena, cuando pasan operaciones de un a\u00f1o a otro ?<\/li>\n<li style=\"text-align: left;\">En que se basan para alterar la contabilidad y el control interno de los proveedores ?<\/li>\n<li style=\"text-align: left;\">Ser\u00e1 que desconocen que si su contabilidad no se ajusta a la normatividad vigente, carece de validez legal y, que la Superintendencia de Sociedades puede imponerles multas sucesivas de hasta 1.000 salarios m\u00ednimos mensuales legales vigentes ?<\/li>\n<li style=\"text-align: left;\">Y como hacen los proveedores que acceden a estas peticiones de no facturar en forma oportuna, tal como lo dispone el Estatuto Tributario y las normas contables ??<\/li>\n<li style=\"text-align: left;\">Ser\u00e1 que las empresas que solicitan la alteraci\u00f3n de facturaci\u00f3n, les ir\u00e1n a reconocer a sus proveedores el valor de las posibles sanciones ?<\/li>\n<li style=\"text-align: left;\">Que pasa con la inversi\u00f3n que hacen las empresas y los contadores, para ajustarse a la Normas Internacionales de Informaci\u00f3n Financiera (NIIF) y a las NIC ?<\/li>\n<li style=\"text-align: left;\">Como hacen las empresas que llevan contabilidad al d\u00eda y con manejo de inventarios permanentes?<\/li>\n<li style=\"text-align: left;\">Ser\u00e1 que cuando la Superintendencia de Sociedades o la DIAN, quieran imponer multas o sanciones a los proveedores que han alterado su contabilidad, por satisfacer el \u00abcorte de operaciones\u00bb, bastar\u00e1 con decirle a los funcionarios, que se hizo para no perder el cliente o el pago de las facturas ?<\/li>\n<\/ol>\n<p style=\"text-align: justify;\">No hay derecho a que todav\u00eda existan empresas que presionen a sus clientes para que alteren su facturaci\u00f3n, so pena de no cancelar cuentas o de romper relaciones comerciales.<\/p>\n<p style=\"text-align: justify;\">Cuando una empresa adopta esta clase de pol\u00edticas de corte de registros a una fecha determinada, est\u00e1 dejando entrever que su contabilidad es manipulada y, de paso obliga a sus proveedores a hacer lo mismo.<\/p>\n<p style=\"text-align: justify;\">Todo el esfuerzo que hacen muchos contadores y empresarios, para tener una contabilidad que refleje la realidad econ\u00f3mica de la empresa y, en forma oportuna, se van al traste cuando son presionados por clientes que persisten en medidas arbitrarias y, fuera del contexto legal.<\/p>\n<p style=\"text-align: justify;\">Se\u00f1ores empresarios, auditores, contadores, tesoreros y dem\u00e1s, el corte de registro de operaciones a una fecha determinada, y el del registro no oportuno de las operaciones, es ilegal desde el punto de vista tributario y contable.<\/p>\n<p style=\"text-align: justify;\">Para los contadores, asesores, auditores, administradores y revisores fiscales de empresas que insisten en el corte arbitrario de registro de operaciones, les recomiendo lean los siguientes conceptos y oficios, adicional de la ley 1314 de 2009 y sus decretos reglamentarios:<\/p>\n<ol style=\"text-align: justify;\">\n<li>Concepto 074982 de agosto 09 de 2000 DIAN;<\/li>\n<li>Concepto 091 de 2006 del Concejo T\u00e9cnico de la Contadur\u00eda;<\/li>\n<li>Concepto 115-15014 de 2014 de la Superintendencia de Sociedades;<\/li>\n<li>Oficio de enero 02 de 2015 \u00a0DIAN;<\/li>\n<li>Oficio de julio de 2015 DIAN<\/li>\n<li>Ley 1314 de 2009<\/li>\n<\/ol>\n<p style=\"text-align: justify;\">La \u00faltima palabra la tienen la Superintendencia de Sociedades y la Direcci\u00f3n de Impuestos y Aduanas Nacionales.<\/p>\n<p style=\"text-align: justify;\"><a href=\"http:\/\/colegiocolombianodecontadores.com\/?p=5877\" target=\"_blank\">CORTE ANTICIPADO DE FACTURACI\u00d3N<\/a><\/p>\n<p>MIGUEL ANTONIO MARQUEZ MONTA\u00d1EZ<\/p>\n<p>Presidente Colegio Colombiano de Contadores P\u00fablicos de Bucaramanga<\/p>\n<p>&nbsp;<\/p>\n<p>mamm<\/p>\n<p>&nbsp;<\/p>\n","protected":false},"excerpt":{"rendered":"<p>Que hacer con las empresas que env\u00edan misivas a sus proveedores, anunciando que reciben facturas hasta el d\u00eda 11, 15, 20&#8230;, y que las ventas despu\u00e9s de esos d\u00edas se deben facturar con fecha del mes siguiente, o a\u00f1o siguiente ? Que dir\u00e1 la DIAN y la Supersociedades al respecto ?<\/p>\n","protected":false},"author":1,"featured_media":6522,"comment_status":"open","ping_status":"open","sticky":false,"template":"","format":"standard","meta":{"_monsterinsights_skip_tracking":false,"ngg_post_thumbnail":0,"footnotes":"","_links_to":"","_links_to_target":""},"categories":[454,458],"tags":[],"class_list":["post-6515","post","type-post","status-publish","format-standard","has-post-thumbnail","hentry","category-sin-categoria","category-ultimas"],"aioseo_notices":[],"aioseo_head":"\n\t\t<!-- All in One SEO 5.0.1.1 - aioseo.com -->\n\t<meta name=\"description\" content=\"Que hacer con las empresas que env\u00edan misivas a sus proveedores, anunciando que reciben facturas hasta el d\u00eda 11, 15, 20..., y que las ventas despu\u00e9s de esos d\u00edas se deben facturar con fecha del mes siguiente, o a\u00f1o siguiente ? Que dir\u00e1 la DIAN y la Supersociedades al respecto ?\" \/>\n\t<meta name=\"robots\" content=\"max-image-preview:large\" \/>\n\t<meta name=\"author\" content=\"Miguel Antonio M\u00e1rquez Monta\u00f1ez\"\/>\n\t<link rel=\"canonical\" href=\"https:\/\/contadoreshoy.com\/?p=6515\" \/>\n\t<meta name=\"generator\" content=\"All in One SEO (AIOSEO) 5.0.1.1\" \/>\n\t\t<meta property=\"og:locale\" content=\"es_ES\" \/>\n\t\t<meta property=\"og:site_name\" content=\"Contadores P\u00fablicos - Portal para Contadores P\u00fablicos y empresarios\" \/>\n\t\t<meta property=\"og:type\" content=\"article\" \/>\n\t\t<meta property=\"og:title\" content=\"Solicitud alteraci\u00f3n facturaci\u00f3n fin de a\u00f1o - Contadores P\u00fablicos\" \/>\n\t\t<meta property=\"og:description\" content=\"Que hacer con las empresas que env\u00edan misivas a sus proveedores, anunciando que reciben facturas hasta el d\u00eda 11, 15, 20..., y que las ventas despu\u00e9s de esos d\u00edas se deben facturar con fecha del mes siguiente, o a\u00f1o siguiente ? Que dir\u00e1 la DIAN y la Supersociedades al respecto ?\" \/>\n\t\t<meta property=\"og:url\" content=\"https:\/\/contadoreshoy.com\/?p=6515\" \/>\n\t\t<meta property=\"og:image\" content=\"https:\/\/contadoreshoy.com\/wp-content\/uploads\/2024\/01\/cropped-cropped-cropped-Copia-de-M.jpg\" \/>\n\t\t<meta property=\"og:image:secure_url\" content=\"https:\/\/contadoreshoy.com\/wp-content\/uploads\/2024\/01\/cropped-cropped-cropped-Copia-de-M.jpg\" \/>\n\t\t<meta property=\"og:image:width\" content=\"512\" \/>\n\t\t<meta property=\"og:image:height\" content=\"371\" \/>\n\t\t<meta property=\"article:published_time\" content=\"2015-12-10T17:23:41+00:00\" \/>\n\t\t<meta property=\"article:modified_time\" content=\"2017-02-05T02:59:41+00:00\" \/>\n\t\t<meta name=\"twitter:card\" content=\"summary_large_image\" \/>\n\t\t<meta name=\"twitter:title\" content=\"Solicitud alteraci\u00f3n facturaci\u00f3n fin de a\u00f1o - Contadores P\u00fablicos\" \/>\n\t\t<meta name=\"twitter:description\" content=\"Que hacer con las empresas que env\u00edan misivas a sus proveedores, anunciando que reciben facturas hasta el d\u00eda 11, 15, 20..., y que las ventas despu\u00e9s de esos d\u00edas se deben facturar con fecha del mes siguiente, o a\u00f1o siguiente ? Que dir\u00e1 la DIAN y la Supersociedades al respecto ?\" \/>\n\t\t<meta name=\"twitter:image\" content=\"https:\/\/contadoreshoy.com\/wp-content\/uploads\/2024\/01\/cropped-cropped-cropped-Copia-de-M.jpg\" \/>\n\t\t<script type=\"application\/ld+json\" class=\"aioseo-schema\">\n\t\t\t{\"@context\":\"https:\\\/\\\/schema.org\",\"@graph\":[{\"@type\":\"BlogPosting\",\"@id\":\"https:\\\/\\\/contadoreshoy.com\\\/?p=6515#blogposting\",\"name\":\"Solicitud alteraci\\u00f3n facturaci\\u00f3n fin de a\\u00f1o - Contadores P\\u00fablicos\",\"headline\":\"Solicitud alteraci\\u00f3n facturaci\\u00f3n fin de a\\u00f1o\",\"author\":{\"@id\":\"https:\\\/\\\/contadoreshoy.com\\\/?author=1#author\"},\"publisher\":{\"@id\":\"https:\\\/\\\/contadoreshoy.com\\\/#organization\"},\"image\":{\"@type\":\"ImageObject\",\"url\":\"https:\\\/\\\/contadoreshoy.com\\\/wp-content\\\/uploads\\\/2015\\\/12\\\/triste.jpg\",\"width\":350,\"height\":257},\"datePublished\":\"2015-12-10T12:23:41-05:00\",\"dateModified\":\"2017-02-04T21:59:41-05:00\",\"inLanguage\":\"es-ES\",\"mainEntityOfPage\":{\"@id\":\"https:\\\/\\\/contadoreshoy.com\\\/?p=6515#webpage\"},\"isPartOf\":{\"@id\":\"https:\\\/\\\/contadoreshoy.com\\\/?p=6515#webpage\"},\"articleSection\":\"Sin categor\\u00eda, Ultimas Noticias\"},{\"@type\":\"BreadcrumbList\",\"@id\":\"https:\\\/\\\/contadoreshoy.com\\\/?p=6515#breadcrumblist\",\"itemListElement\":[{\"@type\":\"ListItem\",\"@id\":\"https:\\\/\\\/contadoreshoy.com#listItem\",\"position\":1,\"name\":\"Home\",\"item\":\"https:\\\/\\\/contadoreshoy.com\",\"nextItem\":{\"@type\":\"ListItem\",\"@id\":\"https:\\\/\\\/contadoreshoy.com\\\/?cat=454#listItem\",\"name\":\"Sin categor\\u00eda\"}},{\"@type\":\"ListItem\",\"@id\":\"https:\\\/\\\/contadoreshoy.com\\\/?cat=454#listItem\",\"position\":2,\"name\":\"Sin categor\\u00eda\",\"item\":\"https:\\\/\\\/contadoreshoy.com\\\/?cat=454\",\"nextItem\":{\"@type\":\"ListItem\",\"@id\":\"https:\\\/\\\/contadoreshoy.com\\\/?p=6515#listItem\",\"name\":\"Solicitud alteraci\\u00f3n facturaci\\u00f3n fin de a\\u00f1o\"},\"previousItem\":{\"@type\":\"ListItem\",\"@id\":\"https:\\\/\\\/contadoreshoy.com#listItem\",\"name\":\"Home\"}},{\"@type\":\"ListItem\",\"@id\":\"https:\\\/\\\/contadoreshoy.com\\\/?p=6515#listItem\",\"position\":3,\"name\":\"Solicitud alteraci\\u00f3n facturaci\\u00f3n fin de a\\u00f1o\",\"previousItem\":{\"@type\":\"ListItem\",\"@id\":\"https:\\\/\\\/contadoreshoy.com\\\/?cat=454#listItem\",\"name\":\"Sin categor\\u00eda\"}}]},{\"@type\":\"Organization\",\"@id\":\"https:\\\/\\\/contadoreshoy.com\\\/#organization\",\"name\":\"Contadores P\\u00fablicos\",\"description\":\"Portal para Contadores P\\u00fablicos y empresarios\",\"url\":\"https:\\\/\\\/contadoreshoy.com\\\/\",\"logo\":{\"@type\":\"ImageObject\",\"url\":\"https:\\\/\\\/contadoreshoy.com\\\/wp-content\\\/uploads\\\/2024\\\/01\\\/cropped-cropped-Copia-de-M-1.jpg\",\"@id\":\"https:\\\/\\\/contadoreshoy.com\\\/?p=6515\\\/#organizationLogo\",\"width\":499,\"height\":500},\"image\":{\"@id\":\"https:\\\/\\\/contadoreshoy.com\\\/?p=6515\\\/#organizationLogo\"}},{\"@type\":\"Person\",\"@id\":\"https:\\\/\\\/contadoreshoy.com\\\/?author=1#author\",\"url\":\"https:\\\/\\\/contadoreshoy.com\\\/?author=1\",\"name\":\"Miguel Antonio M\\u00e1rquez Monta\\u00f1ez\"},{\"@type\":\"WebPage\",\"@id\":\"https:\\\/\\\/contadoreshoy.com\\\/?p=6515#webpage\",\"url\":\"https:\\\/\\\/contadoreshoy.com\\\/?p=6515\",\"name\":\"Solicitud alteraci\\u00f3n facturaci\\u00f3n fin de a\\u00f1o - Contadores P\\u00fablicos\",\"description\":\"Que hacer con las empresas que env\\u00edan misivas a sus proveedores, anunciando que reciben facturas hasta el d\\u00eda 11, 15, 20..., y que las ventas despu\\u00e9s de esos d\\u00edas se deben facturar con fecha del mes siguiente, o a\\u00f1o siguiente ? Que dir\\u00e1 la DIAN y la Supersociedades al respecto ?\",\"inLanguage\":\"es-ES\",\"isPartOf\":{\"@id\":\"https:\\\/\\\/contadoreshoy.com\\\/#website\"},\"breadcrumb\":{\"@id\":\"https:\\\/\\\/contadoreshoy.com\\\/?p=6515#breadcrumblist\"},\"author\":{\"@id\":\"https:\\\/\\\/contadoreshoy.com\\\/?author=1#author\"},\"creator\":{\"@id\":\"https:\\\/\\\/contadoreshoy.com\\\/?author=1#author\"},\"image\":{\"@type\":\"ImageObject\",\"url\":\"https:\\\/\\\/contadoreshoy.com\\\/wp-content\\\/uploads\\\/2015\\\/12\\\/triste.jpg\",\"@id\":\"https:\\\/\\\/contadoreshoy.com\\\/?p=6515\\\/#mainImage\",\"width\":350,\"height\":257},\"primaryImageOfPage\":{\"@id\":\"https:\\\/\\\/contadoreshoy.com\\\/?p=6515#mainImage\"},\"datePublished\":\"2015-12-10T12:23:41-05:00\",\"dateModified\":\"2017-02-04T21:59:41-05:00\"},{\"@type\":\"WebSite\",\"@id\":\"https:\\\/\\\/contadoreshoy.com\\\/#website\",\"url\":\"https:\\\/\\\/contadoreshoy.com\\\/\",\"name\":\"Contadores P\\u00fablicos\",\"description\":\"Portal para Contadores P\\u00fablicos y empresarios\",\"inLanguage\":\"es-ES\",\"publisher\":{\"@id\":\"https:\\\/\\\/contadoreshoy.com\\\/#organization\"}}]}\n\t\t<\/script>\n\t\t<!-- All in One SEO -->\n\n","aioseo_head_json":{"title":"Solicitud alteraci\u00f3n facturaci\u00f3n fin de a\u00f1o - Contadores P\u00fablicos","description":"Que hacer con las empresas que env\u00edan misivas a sus proveedores, anunciando que reciben facturas hasta el d\u00eda 11, 15, 20..., y que las ventas despu\u00e9s de esos d\u00edas se deben facturar con fecha del mes siguiente, o a\u00f1o siguiente ? Que dir\u00e1 la DIAN y la Supersociedades al respecto ?","canonical_url":"https:\/\/contadoreshoy.com\/?p=6515","robots":"max-image-preview:large","keywords":"","webmasterTools":{"miscellaneous":""},"schema":{"@context":"https:\/\/schema.org","@graph":[{"@type":"BlogPosting","@id":"https:\/\/contadoreshoy.com\/?p=6515#blogposting","name":"Solicitud alteraci\u00f3n facturaci\u00f3n fin de a\u00f1o - Contadores P\u00fablicos","headline":"Solicitud alteraci\u00f3n facturaci\u00f3n fin de a\u00f1o","author":{"@id":"https:\/\/contadoreshoy.com\/?author=1#author"},"publisher":{"@id":"https:\/\/contadoreshoy.com\/#organization"},"image":{"@type":"ImageObject","url":"https:\/\/contadoreshoy.com\/wp-content\/uploads\/2015\/12\/triste.jpg","width":350,"height":257},"datePublished":"2015-12-10T12:23:41-05:00","dateModified":"2017-02-04T21:59:41-05:00","inLanguage":"es-ES","mainEntityOfPage":{"@id":"https:\/\/contadoreshoy.com\/?p=6515#webpage"},"isPartOf":{"@id":"https:\/\/contadoreshoy.com\/?p=6515#webpage"},"articleSection":"Sin categor\u00eda, Ultimas Noticias"},{"@type":"BreadcrumbList","@id":"https:\/\/contadoreshoy.com\/?p=6515#breadcrumblist","itemListElement":[{"@type":"ListItem","@id":"https:\/\/contadoreshoy.com#listItem","position":1,"name":"Home","item":"https:\/\/contadoreshoy.com","nextItem":{"@type":"ListItem","@id":"https:\/\/contadoreshoy.com\/?cat=454#listItem","name":"Sin categor\u00eda"}},{"@type":"ListItem","@id":"https:\/\/contadoreshoy.com\/?cat=454#listItem","position":2,"name":"Sin categor\u00eda","item":"https:\/\/contadoreshoy.com\/?cat=454","nextItem":{"@type":"ListItem","@id":"https:\/\/contadoreshoy.com\/?p=6515#listItem","name":"Solicitud alteraci\u00f3n facturaci\u00f3n fin de a\u00f1o"},"previousItem":{"@type":"ListItem","@id":"https:\/\/contadoreshoy.com#listItem","name":"Home"}},{"@type":"ListItem","@id":"https:\/\/contadoreshoy.com\/?p=6515#listItem","position":3,"name":"Solicitud alteraci\u00f3n facturaci\u00f3n fin de a\u00f1o","previousItem":{"@type":"ListItem","@id":"https:\/\/contadoreshoy.com\/?cat=454#listItem","name":"Sin categor\u00eda"}}]},{"@type":"Organization","@id":"https:\/\/contadoreshoy.com\/#organization","name":"Contadores P\u00fablicos","description":"Portal para Contadores P\u00fablicos y empresarios","url":"https:\/\/contadoreshoy.com\/","logo":{"@type":"ImageObject","url":"https:\/\/contadoreshoy.com\/wp-content\/uploads\/2024\/01\/cropped-cropped-Copia-de-M-1.jpg","@id":"https:\/\/contadoreshoy.com\/?p=6515\/#organizationLogo","width":499,"height":500},"image":{"@id":"https:\/\/contadoreshoy.com\/?p=6515\/#organizationLogo"}},{"@type":"Person","@id":"https:\/\/contadoreshoy.com\/?author=1#author","url":"https:\/\/contadoreshoy.com\/?author=1","name":"Miguel Antonio M\u00e1rquez Monta\u00f1ez"},{"@type":"WebPage","@id":"https:\/\/contadoreshoy.com\/?p=6515#webpage","url":"https:\/\/contadoreshoy.com\/?p=6515","name":"Solicitud alteraci\u00f3n facturaci\u00f3n fin de a\u00f1o - Contadores P\u00fablicos","description":"Que hacer con las empresas que env\u00edan misivas a sus proveedores, anunciando que reciben facturas hasta el d\u00eda 11, 15, 20..., y que las ventas despu\u00e9s de esos d\u00edas se deben facturar con fecha del mes siguiente, o a\u00f1o siguiente ? Que dir\u00e1 la DIAN y la Supersociedades al respecto ?","inLanguage":"es-ES","isPartOf":{"@id":"https:\/\/contadoreshoy.com\/#website"},"breadcrumb":{"@id":"https:\/\/contadoreshoy.com\/?p=6515#breadcrumblist"},"author":{"@id":"https:\/\/contadoreshoy.com\/?author=1#author"},"creator":{"@id":"https:\/\/contadoreshoy.com\/?author=1#author"},"image":{"@type":"ImageObject","url":"https:\/\/contadoreshoy.com\/wp-content\/uploads\/2015\/12\/triste.jpg","@id":"https:\/\/contadoreshoy.com\/?p=6515\/#mainImage","width":350,"height":257},"primaryImageOfPage":{"@id":"https:\/\/contadoreshoy.com\/?p=6515#mainImage"},"datePublished":"2015-12-10T12:23:41-05:00","dateModified":"2017-02-04T21:59:41-05:00"},{"@type":"WebSite","@id":"https:\/\/contadoreshoy.com\/#website","url":"https:\/\/contadoreshoy.com\/","name":"Contadores P\u00fablicos","description":"Portal para Contadores P\u00fablicos y empresarios","inLanguage":"es-ES","publisher":{"@id":"https:\/\/contadoreshoy.com\/#organization"}}]},"og:locale":"es_ES","og:site_name":"Contadores P\u00fablicos - Portal para Contadores P\u00fablicos y empresarios","og:type":"article","og:title":"Solicitud alteraci\u00f3n facturaci\u00f3n fin de a\u00f1o - Contadores P\u00fablicos","og:description":"Que hacer con las empresas que env\u00edan misivas a sus proveedores, anunciando que reciben facturas hasta el d\u00eda 11, 15, 20..., y que las ventas despu\u00e9s de esos d\u00edas se deben facturar con fecha del mes siguiente, o a\u00f1o siguiente ? Que dir\u00e1 la DIAN y la Supersociedades al respecto ?","og:url":"https:\/\/contadoreshoy.com\/?p=6515","og:image":"https:\/\/contadoreshoy.com\/wp-content\/uploads\/2024\/01\/cropped-cropped-cropped-Copia-de-M.jpg","og:image:secure_url":"https:\/\/contadoreshoy.com\/wp-content\/uploads\/2024\/01\/cropped-cropped-cropped-Copia-de-M.jpg","og:image:width":512,"og:image:height":371,"article:published_time":"2015-12-10T17:23:41+00:00","article:modified_time":"2017-02-05T02:59:41+00:00","twitter:card":"summary_large_image","twitter:title":"Solicitud alteraci\u00f3n facturaci\u00f3n fin de a\u00f1o - Contadores P\u00fablicos","twitter:description":"Que hacer con las empresas que env\u00edan misivas a sus proveedores, anunciando que reciben facturas hasta el d\u00eda 11, 15, 20..., y que las ventas despu\u00e9s de esos d\u00edas se deben facturar con fecha del mes siguiente, o a\u00f1o siguiente ? Que dir\u00e1 la DIAN y la Supersociedades al respecto ?","twitter:image":"https:\/\/contadoreshoy.com\/wp-content\/uploads\/2024\/01\/cropped-cropped-cropped-Copia-de-M.jpg"},"aioseo_meta_data":{"post_id":"6515","title":null,"description":null,"keywords":null,"keyphrases":null,"primary_term":null,"canonical_url":null,"og_title":null,"og_description":null,"og_object_type":"default","og_image_type":"default","og_image_url":null,"og_image_width":null,"og_image_height":null,"og_image_custom_url":null,"og_image_custom_fields":null,"og_video":null,"og_custom_url":null,"og_article_section":null,"og_article_tags":null,"twitter_use_og":false,"twitter_card":"default","twitter_image_type":"default","twitter_image_url":null,"twitter_image_custom_url":null,"twitter_image_custom_fields":null,"twitter_title":null,"twitter_description":null,"schema":{"blockGraphs":[],"customGraphs":[],"default":{"data":{"Article":[],"Course":[],"Dataset":[],"FAQPage":[],"Movie":[],"Person":[],"Product":[],"ProductReview":[],"Car":[],"Recipe":[],"Service":[],"SoftwareApplication":[],"WebPage":[]},"graphName":"","isEnabled":true},"graphs":[]},"schema_type":"default","schema_type_options":null,"pillar_content":false,"robots_default":true,"robots_noindex":false,"robots_noarchive":false,"robots_nosnippet":false,"robots_nofollow":false,"robots_noimageindex":false,"robots_noodp":false,"robots_notranslate":false,"robots_max_snippet":null,"robots_max_videopreview":null,"robots_max_imagepreview":"large","priority":null,"frequency":null,"local_seo":null,"breadcrumb_settings":null,"limit_modified_date":false,"ai":null,"created":"2024-03-05 01:27:34","updated":"2026-03-03 04:45:08","seo_analyzer_scan_date":null,"focus_keyword":null,"additional_keywords":null,"truseo_locale":null},"aioseo_breadcrumb":"<div class=\"aioseo-breadcrumbs\"><span class=\"aioseo-breadcrumb\">\n\t\t\t<a href=\"https:\/\/contadoreshoy.com\" title=\"Home\">Home<\/a>\n\t\t<\/span><span class=\"aioseo-breadcrumb-separator\">&raquo;<\/span><span class=\"aioseo-breadcrumb\">\n\t\t\t<a href=\"https:\/\/contadoreshoy.com\/?cat=454\" title=\"Sin categor\u00eda\">Sin categor\u00eda<\/a>\n\t\t<\/span><span class=\"aioseo-breadcrumb-separator\">&raquo;<\/span><span class=\"aioseo-breadcrumb\">\n\t\t\tSolicitud alteraci\u00f3n facturaci\u00f3n fin de a\u00f1o\n\t\t<\/span><\/div>","aioseo_breadcrumb_json":[{"label":"Home","link":"https:\/\/contadoreshoy.com"},{"label":"Sin categor\u00eda","link":"https:\/\/contadoreshoy.com\/?cat=454"},{"label":"Solicitud alteraci\u00f3n facturaci\u00f3n fin de a\u00f1o","link":"https:\/\/contadoreshoy.com\/?p=6515"}],"yoast_head":"<!-- This site is optimized with the Yoast SEO plugin v28.4 - https:\/\/yoast.com\/product\/yoast-seo-wordpress\/ -->\n<title>Solicitud alteraci\u00f3n facturaci\u00f3n fin de a\u00f1o - Contadores P\u00fablicos<\/title>\n<meta name=\"robots\" content=\"index, follow, max-snippet:-1, max-image-preview:large, max-video-preview:-1\" \/>\n<link rel=\"canonical\" href=\"https:\/\/contadoreshoy.com\/?p=6515\" \/>\n<meta property=\"og:locale\" content=\"es_ES\" \/>\n<meta property=\"og:type\" content=\"article\" \/>\n<meta property=\"og:title\" content=\"Solicitud alteraci\u00f3n facturaci\u00f3n fin de a\u00f1o - Contadores P\u00fablicos\" \/>\n<meta property=\"og:description\" content=\"Que hacer con las empresas que env\u00edan misivas a sus proveedores, anunciando que reciben facturas hasta el d\u00eda 11, 15, 20..., y que las ventas despu\u00e9s de esos d\u00edas se deben facturar con fecha del mes siguiente, o a\u00f1o siguiente ? Que dir\u00e1 la DIAN y la Supersociedades al respecto ?\" \/>\n<meta property=\"og:url\" content=\"https:\/\/contadoreshoy.com\/?p=6515\" \/>\n<meta property=\"og:site_name\" content=\"Contadores P\u00fablicos\" \/>\n<meta property=\"article:publisher\" content=\"https:\/\/www.facebook.com\/CCCPBucaramanga\/\" \/>\n<meta property=\"article:published_time\" content=\"2015-12-10T17:23:41+00:00\" \/>\n<meta property=\"article:modified_time\" content=\"2017-02-05T02:59:41+00:00\" \/>\n<meta property=\"og:image\" content=\"https:\/\/contadoreshoy.com\/wp-content\/uploads\/2015\/12\/triste.jpg\" \/>\n\t<meta property=\"og:image:width\" content=\"350\" \/>\n\t<meta property=\"og:image:height\" content=\"257\" \/>\n\t<meta property=\"og:image:type\" content=\"image\/jpeg\" \/>\n<meta name=\"author\" content=\"Miguel Antonio M\u00e1rquez Monta\u00f1ez\" \/>\n<meta name=\"twitter:card\" content=\"summary_large_image\" \/>\n<meta name=\"twitter:label1\" content=\"Escrito por\" \/>\n\t<meta name=\"twitter:data1\" content=\"Miguel Antonio M\u00e1rquez Monta\u00f1ez\" \/>\n\t<meta name=\"twitter:label2\" content=\"Tiempo de lectura\" \/>\n\t<meta name=\"twitter:data2\" content=\"3 minutos\" \/>\n<script type=\"application\/ld+json\" class=\"yoast-schema-graph\">{\"@context\":\"https:\\\/\\\/schema.org\",\"@graph\":[{\"@type\":\"Article\",\"@id\":\"https:\\\/\\\/contadoreshoy.com\\\/?p=6515#article\",\"isPartOf\":{\"@id\":\"https:\\\/\\\/contadoreshoy.com\\\/?p=6515\"},\"author\":{\"name\":\"Miguel Antonio M\u00e1rquez Monta\u00f1ez\",\"@id\":\"https:\\\/\\\/contadoreshoy.com\\\/#\\\/schema\\\/person\\\/96d8979cb865537c5dc9345e40089fc5\"},\"headline\":\"Solicitud alteraci\u00f3n facturaci\u00f3n fin de a\u00f1o\",\"datePublished\":\"2015-12-10T17:23:41+00:00\",\"dateModified\":\"2017-02-05T02:59:41+00:00\",\"mainEntityOfPage\":{\"@id\":\"https:\\\/\\\/contadoreshoy.com\\\/?p=6515\"},\"wordCount\":646,\"commentCount\":0,\"publisher\":{\"@id\":\"https:\\\/\\\/contadoreshoy.com\\\/#organization\"},\"image\":{\"@id\":\"https:\\\/\\\/contadoreshoy.com\\\/?p=6515#primaryimage\"},\"thumbnailUrl\":\"https:\\\/\\\/contadoreshoy.com\\\/wp-content\\\/uploads\\\/2015\\\/12\\\/triste.jpg\",\"articleSection\":{\"1\":\"Ultimas Noticias\"},\"inLanguage\":\"es\",\"potentialAction\":[{\"@type\":\"CommentAction\",\"name\":\"Comment\",\"target\":[\"https:\\\/\\\/contadoreshoy.com\\\/?p=6515#respond\"]}]},{\"@type\":\"WebPage\",\"@id\":\"https:\\\/\\\/contadoreshoy.com\\\/?p=6515\",\"url\":\"https:\\\/\\\/contadoreshoy.com\\\/?p=6515\",\"name\":\"Solicitud alteraci\u00f3n facturaci\u00f3n fin de a\u00f1o - Contadores P\u00fablicos\",\"isPartOf\":{\"@id\":\"https:\\\/\\\/contadoreshoy.com\\\/#website\"},\"primaryImageOfPage\":{\"@id\":\"https:\\\/\\\/contadoreshoy.com\\\/?p=6515#primaryimage\"},\"image\":{\"@id\":\"https:\\\/\\\/contadoreshoy.com\\\/?p=6515#primaryimage\"},\"thumbnailUrl\":\"https:\\\/\\\/contadoreshoy.com\\\/wp-content\\\/uploads\\\/2015\\\/12\\\/triste.jpg\",\"datePublished\":\"2015-12-10T17:23:41+00:00\",\"dateModified\":\"2017-02-05T02:59:41+00:00\",\"breadcrumb\":{\"@id\":\"https:\\\/\\\/contadoreshoy.com\\\/?p=6515#breadcrumb\"},\"inLanguage\":\"es\",\"potentialAction\":[{\"@type\":\"ReadAction\",\"target\":[\"https:\\\/\\\/contadoreshoy.com\\\/?p=6515\"]}]},{\"@type\":\"ImageObject\",\"inLanguage\":\"es\",\"@id\":\"https:\\\/\\\/contadoreshoy.com\\\/?p=6515#primaryimage\",\"url\":\"https:\\\/\\\/contadoreshoy.com\\\/wp-content\\\/uploads\\\/2015\\\/12\\\/triste.jpg\",\"contentUrl\":\"https:\\\/\\\/contadoreshoy.com\\\/wp-content\\\/uploads\\\/2015\\\/12\\\/triste.jpg\",\"width\":350,\"height\":257},{\"@type\":\"BreadcrumbList\",\"@id\":\"https:\\\/\\\/contadoreshoy.com\\\/?p=6515#breadcrumb\",\"itemListElement\":[{\"@type\":\"ListItem\",\"position\":1,\"name\":\"Portada\",\"item\":\"https:\\\/\\\/contadoreshoy.com\\\/\"},{\"@type\":\"ListItem\",\"position\":2,\"name\":\"Solicitud alteraci\u00f3n facturaci\u00f3n fin de a\u00f1o\"}]},{\"@type\":\"WebSite\",\"@id\":\"https:\\\/\\\/contadoreshoy.com\\\/#website\",\"url\":\"https:\\\/\\\/contadoreshoy.com\\\/\",\"name\":\"Contadorespublicossantander\",\"description\":\"Portal para Contadores P\u00fablicos y empresarios\",\"publisher\":{\"@id\":\"https:\\\/\\\/contadoreshoy.com\\\/#organization\"},\"potentialAction\":[{\"@type\":\"SearchAction\",\"target\":{\"@type\":\"EntryPoint\",\"urlTemplate\":\"https:\\\/\\\/contadoreshoy.com\\\/?s={search_term_string}\"},\"query-input\":{\"@type\":\"PropertyValueSpecification\",\"valueRequired\":true,\"valueName\":\"search_term_string\"}}],\"inLanguage\":\"es\"},{\"@type\":\"Organization\",\"@id\":\"https:\\\/\\\/contadoreshoy.com\\\/#organization\",\"name\":\"Contadores P\u00fablicos de Santander\",\"url\":\"https:\\\/\\\/contadoreshoy.com\\\/\",\"logo\":{\"@type\":\"ImageObject\",\"inLanguage\":\"es\",\"@id\":\"https:\\\/\\\/contadoreshoy.com\\\/#\\\/schema\\\/logo\\\/image\\\/\",\"url\":\"https:\\\/\\\/contadoreshoy.com\\\/wp-content\\\/uploads\\\/2024\\\/01\\\/cropped-cropped-Copia-de-M-1.jpg\",\"contentUrl\":\"https:\\\/\\\/contadoreshoy.com\\\/wp-content\\\/uploads\\\/2024\\\/01\\\/cropped-cropped-Copia-de-M-1.jpg\",\"width\":499,\"height\":500,\"caption\":\"Contadores P\u00fablicos de Santander\"},\"image\":{\"@id\":\"https:\\\/\\\/contadoreshoy.com\\\/#\\\/schema\\\/logo\\\/image\\\/\"},\"sameAs\":[\"https:\\\/\\\/www.facebook.com\\\/CCCPBucaramanga\\\/\"]},{\"@type\":\"Person\",\"@id\":\"https:\\\/\\\/contadoreshoy.com\\\/#\\\/schema\\\/person\\\/96d8979cb865537c5dc9345e40089fc5\",\"name\":\"Miguel Antonio M\u00e1rquez Monta\u00f1ez\",\"description\":\"Contador P\u00fablico egresado de la Universidad Aut\u00f3noma de Bucaramanga - Asesor contable tributario con m\u00e1s de 25 a\u00f1os de experiencia - Conferencista en temas contables y tributarios - T\u00e9cnico en Hardware y Dise\u00f1o Web - Creador y director Grupo de Estudio Colegio Colombiano de Contadores P\u00fablicos de Bucaramanga - Creador y Master Web p\u00e1gina www.contadoresp\u00fablicossantander.com - Expresidente Colegio Colombiano de Contadores P\u00fablicos Bucaramanga\",\"url\":\"https:\\\/\\\/contadoreshoy.com\\\/?author=1\"}]}<\/script>\n<!-- \/ Yoast SEO plugin. -->","yoast_head_json":{"title":"Solicitud alteraci\u00f3n facturaci\u00f3n fin de a\u00f1o - Contadores P\u00fablicos","robots":{"index":"index","follow":"follow","max-snippet":"max-snippet:-1","max-image-preview":"max-image-preview:large","max-video-preview":"max-video-preview:-1"},"canonical":"https:\/\/contadoreshoy.com\/?p=6515","og_locale":"es_ES","og_type":"article","og_title":"Solicitud alteraci\u00f3n facturaci\u00f3n fin de a\u00f1o - Contadores P\u00fablicos","og_description":"Que hacer con las empresas que env\u00edan misivas a sus proveedores, anunciando que reciben facturas hasta el d\u00eda 11, 15, 20..., y que las ventas despu\u00e9s de esos d\u00edas se deben facturar con fecha del mes siguiente, o a\u00f1o siguiente ? Que dir\u00e1 la DIAN y la Supersociedades al respecto ?","og_url":"https:\/\/contadoreshoy.com\/?p=6515","og_site_name":"Contadores P\u00fablicos","article_publisher":"https:\/\/www.facebook.com\/CCCPBucaramanga\/","article_published_time":"2015-12-10T17:23:41+00:00","article_modified_time":"2017-02-05T02:59:41+00:00","og_image":[{"width":350,"height":257,"url":"https:\/\/contadoreshoy.com\/wp-content\/uploads\/2015\/12\/triste.jpg","type":"image\/jpeg"}],"author":"Miguel Antonio M\u00e1rquez Monta\u00f1ez","twitter_card":"summary_large_image","twitter_misc":{"Escrito por":"Miguel Antonio M\u00e1rquez Monta\u00f1ez","Tiempo de lectura":"3 minutos"},"schema":{"@context":"https:\/\/schema.org","@graph":[{"@type":"Article","@id":"https:\/\/contadoreshoy.com\/?p=6515#article","isPartOf":{"@id":"https:\/\/contadoreshoy.com\/?p=6515"},"author":{"name":"Miguel Antonio M\u00e1rquez Monta\u00f1ez","@id":"https:\/\/contadoreshoy.com\/#\/schema\/person\/96d8979cb865537c5dc9345e40089fc5"},"headline":"Solicitud alteraci\u00f3n facturaci\u00f3n fin de a\u00f1o","datePublished":"2015-12-10T17:23:41+00:00","dateModified":"2017-02-05T02:59:41+00:00","mainEntityOfPage":{"@id":"https:\/\/contadoreshoy.com\/?p=6515"},"wordCount":646,"commentCount":0,"publisher":{"@id":"https:\/\/contadoreshoy.com\/#organization"},"image":{"@id":"https:\/\/contadoreshoy.com\/?p=6515#primaryimage"},"thumbnailUrl":"https:\/\/contadoreshoy.com\/wp-content\/uploads\/2015\/12\/triste.jpg","articleSection":{"1":"Ultimas Noticias"},"inLanguage":"es","potentialAction":[{"@type":"CommentAction","name":"Comment","target":["https:\/\/contadoreshoy.com\/?p=6515#respond"]}]},{"@type":"WebPage","@id":"https:\/\/contadoreshoy.com\/?p=6515","url":"https:\/\/contadoreshoy.com\/?p=6515","name":"Solicitud alteraci\u00f3n facturaci\u00f3n fin de a\u00f1o - Contadores P\u00fablicos","isPartOf":{"@id":"https:\/\/contadoreshoy.com\/#website"},"primaryImageOfPage":{"@id":"https:\/\/contadoreshoy.com\/?p=6515#primaryimage"},"image":{"@id":"https:\/\/contadoreshoy.com\/?p=6515#primaryimage"},"thumbnailUrl":"https:\/\/contadoreshoy.com\/wp-content\/uploads\/2015\/12\/triste.jpg","datePublished":"2015-12-10T17:23:41+00:00","dateModified":"2017-02-05T02:59:41+00:00","breadcrumb":{"@id":"https:\/\/contadoreshoy.com\/?p=6515#breadcrumb"},"inLanguage":"es","potentialAction":[{"@type":"ReadAction","target":["https:\/\/contadoreshoy.com\/?p=6515"]}]},{"@type":"ImageObject","inLanguage":"es","@id":"https:\/\/contadoreshoy.com\/?p=6515#primaryimage","url":"https:\/\/contadoreshoy.com\/wp-content\/uploads\/2015\/12\/triste.jpg","contentUrl":"https:\/\/contadoreshoy.com\/wp-content\/uploads\/2015\/12\/triste.jpg","width":350,"height":257},{"@type":"BreadcrumbList","@id":"https:\/\/contadoreshoy.com\/?p=6515#breadcrumb","itemListElement":[{"@type":"ListItem","position":1,"name":"Portada","item":"https:\/\/contadoreshoy.com\/"},{"@type":"ListItem","position":2,"name":"Solicitud alteraci\u00f3n facturaci\u00f3n fin de a\u00f1o"}]},{"@type":"WebSite","@id":"https:\/\/contadoreshoy.com\/#website","url":"https:\/\/contadoreshoy.com\/","name":"Contadorespublicossantander","description":"Portal para Contadores P\u00fablicos y empresarios","publisher":{"@id":"https:\/\/contadoreshoy.com\/#organization"},"potentialAction":[{"@type":"SearchAction","target":{"@type":"EntryPoint","urlTemplate":"https:\/\/contadoreshoy.com\/?s={search_term_string}"},"query-input":{"@type":"PropertyValueSpecification","valueRequired":true,"valueName":"search_term_string"}}],"inLanguage":"es"},{"@type":"Organization","@id":"https:\/\/contadoreshoy.com\/#organization","name":"Contadores P\u00fablicos de Santander","url":"https:\/\/contadoreshoy.com\/","logo":{"@type":"ImageObject","inLanguage":"es","@id":"https:\/\/contadoreshoy.com\/#\/schema\/logo\/image\/","url":"https:\/\/contadoreshoy.com\/wp-content\/uploads\/2024\/01\/cropped-cropped-Copia-de-M-1.jpg","contentUrl":"https:\/\/contadoreshoy.com\/wp-content\/uploads\/2024\/01\/cropped-cropped-Copia-de-M-1.jpg","width":499,"height":500,"caption":"Contadores P\u00fablicos de Santander"},"image":{"@id":"https:\/\/contadoreshoy.com\/#\/schema\/logo\/image\/"},"sameAs":["https:\/\/www.facebook.com\/CCCPBucaramanga\/"]},{"@type":"Person","@id":"https:\/\/contadoreshoy.com\/#\/schema\/person\/96d8979cb865537c5dc9345e40089fc5","name":"Miguel Antonio M\u00e1rquez Monta\u00f1ez","description":"Contador P\u00fablico egresado de la Universidad Aut\u00f3noma de Bucaramanga - Asesor contable tributario con m\u00e1s de 25 a\u00f1os de experiencia - Conferencista en temas contables y tributarios - T\u00e9cnico en Hardware y Dise\u00f1o Web - Creador y director Grupo de Estudio Colegio Colombiano de Contadores P\u00fablicos de Bucaramanga - Creador y Master Web p\u00e1gina www.contadoresp\u00fablicossantander.com - Expresidente Colegio Colombiano de Contadores P\u00fablicos Bucaramanga","url":"https:\/\/contadoreshoy.com\/?author=1"}]}},"_links":{"self":[{"href":"https:\/\/contadoreshoy.com\/index.php?rest_route=\/wp\/v2\/posts\/6515","targetHints":{"allow":["GET"]}}],"collection":[{"href":"https:\/\/contadoreshoy.com\/index.php?rest_route=\/wp\/v2\/posts"}],"about":[{"href":"https:\/\/contadoreshoy.com\/index.php?rest_route=\/wp\/v2\/types\/post"}],"author":[{"embeddable":true,"href":"https:\/\/contadoreshoy.com\/index.php?rest_route=\/wp\/v2\/users\/1"}],"replies":[{"embeddable":true,"href":"https:\/\/contadoreshoy.com\/index.php?rest_route=%2Fwp%2Fv2%2Fcomments&post=6515"}],"version-history":[{"count":1,"href":"https:\/\/contadoreshoy.com\/index.php?rest_route=\/wp\/v2\/posts\/6515\/revisions"}],"predecessor-version":[{"id":7966,"href":"https:\/\/contadoreshoy.com\/index.php?rest_route=\/wp\/v2\/posts\/6515\/revisions\/7966"}],"wp:featuredmedia":[{"embeddable":true,"href":"https:\/\/contadoreshoy.com\/index.php?rest_route=\/wp\/v2\/media\/6522"}],"wp:attachment":[{"href":"https:\/\/contadoreshoy.com\/index.php?rest_route=%2Fwp%2Fv2%2Fmedia&parent=6515"}],"wp:term":[{"taxonomy":"category","embeddable":true,"href":"https:\/\/contadoreshoy.com\/index.php?rest_route=%2Fwp%2Fv2%2Fcategories&post=6515"},{"taxonomy":"post_tag","embeddable":true,"href":"https:\/\/contadoreshoy.com\/index.php?rest_route=%2Fwp%2Fv2%2Ftags&post=6515"}],"curies":[{"name":"wp","href":"https:\/\/api.w.org\/{rel}","templated":true}]}}