{"id":6598,"date":"2016-01-03T19:54:45","date_gmt":"2016-01-04T00:54:45","guid":{"rendered":"http:\/\/colegiocolombianodecontadores.com\/?p=6598"},"modified":"2017-02-04T21:59:40","modified_gmt":"2017-02-05T02:59:40","slug":"oficio-33113-noviembre-18-de-2015-dian-se-puede-deducir-el-iva-sin-tener-los-soporte-correspondientes","status":"publish","type":"post","link":"https:\/\/contadoreshoy.com\/?p=6598","title":{"rendered":"Oficio 33113 noviembre 18 de 2015 DIAN &#8211; Se puede deducir el IVA, sin tener los soportes correspondientes ?"},"content":{"rendered":"<p style=\"text-align: center;\"><strong>OFICIO N\u00daMERO 033113 DE 2015 DIAN<\/strong><\/p>\n<p style=\"text-align: center;\">( noviembre\u00a0 18)<\/p>\n<p style=\"text-align: center;\">Subdirecci\u00f3n de Gesti\u00f3n Normativa y Doctrina<\/p>\n<p>Bogot\u00e1, D. C., 13 de noviembre de 2015<\/p>\n<p>100208221-001497<\/p>\n<p>Se\u00f1ora<\/p>\n<p>LOURDES ROJAS \u00c1VILA<\/p>\n<p>Secretaria<\/p>\n<p>Juzgado 58 Civil Municipal de Oralidad<\/p>\n<p>Carrera 10 N\u00b0 14-33 piso 4\u00b0 Bogot\u00e1, D. C.<\/p>\n<p><strong>Referencia:<\/strong>\u00a0 Radicado n\u00famero 900309 del 5 de noviembre de 2015<\/p>\n<p>Tema \u00a0\u00a0\u00a0\u00a0\u00a0\u00a0\u00a0\u00a0\u00a0\u00a0\u00a0\u00a0\u00a0 Impuesto a las ventas<\/p>\n<p>Impuesto sobre la Renta y Complementarios<\/p>\n<p>&nbsp;<\/p>\n<p style=\"text-align: justify;\">Fuentes formales Art\u00edculos 115, 258-1, 258-2, 488, 617 y 771-2 del Estatuto Tributario; Concepto n\u00famero 019752 del 29 de septiembre de 1999.<\/p>\n<p style=\"text-align: justify;\">CORDIAL SALUDO SE\u00d1ORA ROJAS \u00c1VILA:<\/p>\n<p style=\"text-align: justify;\">De conformidad con el art\u00edculo 20 del Decreto n\u00famero 4048 de 2008 es funci\u00f3n de esta Subdirecci\u00f3n absolver las consultas escritas que se formulen sobre la interpretaci\u00f3n y\u00a0aplicaci\u00f3n de las normas tributarias de car\u00e1cter nacional, aduaneras y cambiarias en lo de competencia de la Entidad.<\/p>\n<p style=\"text-align: justify;\"><span style=\"color: #0000ff;\">Mediante el radicado de la referencia consulta <em>\u201csi un contador p\u00fablico puede deducir el IVA, sin tener los soportes correspondientes para hacerlo\u201d<\/em>.<\/span><\/p>\n<p style=\"text-align: justify;\"><span style=\"color: #ff9900;\">Sobre el particular y en lo que ata\u00f1e al impuesto sobre la renta y complementarios, el art\u00edculo 115 del Estatuto Tributario permite deducir <\/span><em><span style=\"color: #ff9900;\">\u201cel cien por ciento (100%) de los impuestos de industria y comercio, avisos y tableros y predial, que efectivamente se hayan pagado durante el a\u00f1o o per\u00edodo gravable<\/span> siempre y cuando tengan relaci\u00f3n de causalidad con la actividad econ\u00f3mica del contribuyente\u201d<\/em>, <span style=\"color: #ff9900;\">no as\u00ed el impuesto sobre las ventas que se hubiere asumido econ\u00f3micamente.<\/span><\/p>\n<p style=\"text-align: justify;\">Empero, el art\u00edculo 258-1 <em>ib\u00eddem <\/em>otorga a las personas jur\u00eddicas y sus asimiladas el derecho <em>\u201ca <strong>descontar del impuesto sobre la renta a su cargo, dos (2) puntos del impuesto sobre las ventas pagado en la adquisici\u00f3n o importaci\u00f3n de bienes de capital<\/strong> gravados a la tarifa general de impuesto sobre las ventas, en la declaraci\u00f3n de renta y complementarios correspondiente al a\u00f1o en que se haya realizado su adquisici\u00f3n o importaci\u00f3n\u201d <\/em>(negrilla fuera de texto).<\/p>\n<p style=\"text-align: justify;\">Asimismo, el art\u00edculo 258-2 <em>ib\u00eddem <\/em>permite descontar el valor del impuesto sobre las ventas pagado por la adquisici\u00f3n o importaci\u00f3n de maquinaria pesada para industrias b\u00e1sicas del impuesto sobre la renta <em>\u201ccorrespondiente al per\u00edodo gravable en el cual se haya efectuado el pago y en los per\u00edodos siguientes\u201d<\/em>.<\/p>\n<p style=\"text-align: justify;\">Por otra parte y en lo que respecta al r\u00e9gimen del IVA, el art\u00edculo 488 <em>ib\u00eddem<\/em> dispone que <em>\u201csolo otorga derecho a descuento, el impuesto sobre las ventas por las adquisiciones de bienes corporales muebles y servicios, y por las importaciones <strong>que, de acuerdo con las disposiciones del impuesto a la renta, resulten computables como costo o gasto de la empresa y que se destinen a las operaciones gravadas con el impuesto sobre las ventas<\/strong>\u201d <\/em>(negrilla fuera de texto).<\/p>\n<p style=\"text-align: justify;\"><span style=\"color: #ff9900;\">Ahora bien, para efectos de la procedencia del descuento del IVA, en Concepto n\u00famero 019752 del 29 de septiembre de 1999, la Administraci\u00f3n Tributaria se\u00f1al\u00f3 que <em>\u201cla factura debe contener la discriminaci\u00f3n del impuesto sobre las ventas respectivo\u201d<\/em>.<\/span><\/p>\n<p style=\"text-align: justify;\"><span style=\"color: #ff9900;\">En efecto, el literal c) del art\u00edculo 617 <em>ib\u00eddem <\/em>consagra como requisito de la factura el relacionar <em>\u201c[a]pellidos y nombre o raz\u00f3n social y NIT del adquirente de los bienes o servicios, <strong>junto con la discriminaci\u00f3n del IVA pagado<\/strong>\u201d <\/em><\/span>(negrilla fuera de texto). Igualmente, el art\u00edculo 771-2 <em>ib\u00eddem <\/em>dispone que <em>\u201cpara la procedencia de costos y deducciones en el impuesto sobre la renta, as\u00ed como de los impuestos descontables en el impuesto sobre las ventas, <strong>se requerir\u00e1 de facturas con el cumplimiento de los requisitos establecidos en los literales b), c), d), e), f) y g) de los art\u00edculos 617 y 618 del Estatuto Tributario<\/strong>\u201d <\/em>(negrilla fuera de texto).<\/p>\n<p style=\"text-align: justify;\"><strong><span style=\"color: #ff9900;\">De modo que, el contribuyente no puede descontar el IVA pagado sin contar con la correspondiente factura que acredite<\/span> <\/strong>\u2013con el lleno de los requisitos legales\u2013 el impuesto asumido en la adquisici\u00f3n o importaci\u00f3n: i) de bienes de capital, ii) de maquinaria pesada para industrias b\u00e1sicas o, iii) de bienes y servicios en general que resulten computables como costo o gasto de la empresa y que se destinen a las operaciones gravadas con el impuesto sobre las ventas.<\/p>\n<p style=\"text-align: justify;\">En los anteriores t\u00e9rminos se resuelve su solicitud y cordialmente le informamos que tanto la normatividad en materia tributaria, aduanera y cambiaria, como los conceptos emitidos por la Direcci\u00f3n de Gesti\u00f3n Jur\u00eddica en estas materias pueden consultarse directamente en nuestras bases de datos jur\u00eddica ingresando a la p\u00e1gina electr\u00f3nica de la DIAN: <a href=\"http:\/\/www.dian.gov.co\">www. <\/a><a href=\"http:\/\/www.dian.gov.co\">dian.gov.co<\/a> siguiendo los iconos: \u201cNormatividad\u201d &#8211; \u201ct\u00e9cnica\u201d y seleccionando \u201cDoctrina\u201d y Direcci\u00f3n Gesti\u00f3n Jur\u00eddica.<\/p>\n<p style=\"text-align: justify;\">Atentamente,<\/p>\n<p style=\"text-align: justify;\">El Subdirector de Gesti\u00f3n Normativa y Doctrina (e),<\/p>\n<p style=\"text-align: justify;\"><em>Pedro Pablo Contreras Camargo.<\/em><\/p>\n<p style=\"text-align: justify;\"><strong>(C. F.).<\/strong><\/p>\n","protected":false},"excerpt":{"rendered":"<p>El contribuyente no puede descontar el IVA pagado sin contar con la correspondiente factura, que acredite con el lleno de los requisitos legales el impuesto asumido en la adquisici\u00f3n o importaci\u00f3n.<\/p>\n","protected":false},"author":1,"featured_media":5611,"comment_status":"open","ping_status":"open","sticky":false,"template":"","format":"standard","meta":{"_monsterinsights_skip_tracking":false,"ngg_post_thumbnail":0,"footnotes":"","_links_to":"","_links_to_target":""},"categories":[456],"tags":[],"class_list":["post-6598","post","type-post","status-publish","format-standard","has-post-thumbnail","hentry","category-conceptos-y-oficios-dian"],"aioseo_notices":[],"aioseo_head":"\n\t\t<!-- All in One SEO 5.0.1.1 - aioseo.com -->\n\t<meta name=\"description\" content=\"El contribuyente no puede descontar el IVA pagado sin contar con la correspondiente factura, que acredite con el lleno de los requisitos legales el impuesto asumido en la adquisici\u00f3n o importaci\u00f3n.\" \/>\n\t<meta name=\"robots\" content=\"max-image-preview:large\" \/>\n\t<meta name=\"author\" content=\"Miguel Antonio M\u00e1rquez Monta\u00f1ez\"\/>\n\t<link rel=\"canonical\" href=\"https:\/\/contadoreshoy.com\/?p=6598\" \/>\n\t<meta name=\"generator\" content=\"All in One SEO (AIOSEO) 5.0.1.1\" \/>\n\t\t<meta property=\"og:locale\" content=\"es_ES\" \/>\n\t\t<meta property=\"og:site_name\" content=\"Contadores P\u00fablicos - Portal para Contadores P\u00fablicos y empresarios\" \/>\n\t\t<meta property=\"og:type\" content=\"article\" \/>\n\t\t<meta property=\"og:title\" content=\"Oficio 33113 noviembre 18 de 2015 DIAN \u2013 Se puede deducir el IVA, sin tener los soportes correspondientes ? - Contadores P\u00fablicos\" \/>\n\t\t<meta property=\"og:description\" content=\"El contribuyente no puede descontar el IVA pagado sin contar con la correspondiente factura, que acredite con el lleno de los requisitos legales el impuesto asumido en la adquisici\u00f3n o importaci\u00f3n.\" \/>\n\t\t<meta property=\"og:url\" content=\"https:\/\/contadoreshoy.com\/?p=6598\" \/>\n\t\t<meta property=\"og:image\" content=\"https:\/\/contadoreshoy.com\/wp-content\/uploads\/2024\/01\/cropped-cropped-cropped-Copia-de-M.jpg\" \/>\n\t\t<meta property=\"og:image:secure_url\" content=\"https:\/\/contadoreshoy.com\/wp-content\/uploads\/2024\/01\/cropped-cropped-cropped-Copia-de-M.jpg\" \/>\n\t\t<meta property=\"og:image:width\" content=\"512\" \/>\n\t\t<meta property=\"og:image:height\" content=\"371\" \/>\n\t\t<meta property=\"article:published_time\" content=\"2016-01-04T00:54:45+00:00\" \/>\n\t\t<meta property=\"article:modified_time\" content=\"2017-02-05T02:59:40+00:00\" \/>\n\t\t<meta name=\"twitter:card\" content=\"summary_large_image\" \/>\n\t\t<meta name=\"twitter:title\" content=\"Oficio 33113 noviembre 18 de 2015 DIAN \u2013 Se puede deducir el IVA, sin tener los soportes correspondientes ? - Contadores P\u00fablicos\" \/>\n\t\t<meta name=\"twitter:description\" content=\"El contribuyente no puede descontar el IVA pagado sin contar con la correspondiente factura, que acredite con el lleno de los requisitos legales el impuesto asumido en la adquisici\u00f3n o importaci\u00f3n.\" \/>\n\t\t<meta name=\"twitter:image\" content=\"https:\/\/contadoreshoy.com\/wp-content\/uploads\/2024\/01\/cropped-cropped-cropped-Copia-de-M.jpg\" \/>\n\t\t<script type=\"application\/ld+json\" class=\"aioseo-schema\">\n\t\t\t{\"@context\":\"https:\\\/\\\/schema.org\",\"@graph\":[{\"@type\":\"BlogPosting\",\"@id\":\"https:\\\/\\\/contadoreshoy.com\\\/?p=6598#blogposting\",\"name\":\"Oficio 33113 noviembre 18 de 2015 DIAN \\u2013 Se puede deducir el IVA, sin tener los soportes correspondientes ? - Contadores P\\u00fablicos\",\"headline\":\"Oficio 33113 noviembre 18 de 2015 DIAN &#8211; Se puede deducir el IVA, sin tener los soportes correspondientes ?\",\"author\":{\"@id\":\"https:\\\/\\\/contadoreshoy.com\\\/?author=1#author\"},\"publisher\":{\"@id\":\"https:\\\/\\\/contadoreshoy.com\\\/#organization\"},\"image\":{\"@type\":\"ImageObject\",\"url\":\"https:\\\/\\\/contadoreshoy.com\\\/wp-content\\\/uploads\\\/2015\\\/08\\\/DIAN.jpg\",\"width\":350,\"height\":343},\"datePublished\":\"2016-01-03T19:54:45-05:00\",\"dateModified\":\"2017-02-04T21:59:40-05:00\",\"inLanguage\":\"es-ES\",\"mainEntityOfPage\":{\"@id\":\"https:\\\/\\\/contadoreshoy.com\\\/?p=6598#webpage\"},\"isPartOf\":{\"@id\":\"https:\\\/\\\/contadoreshoy.com\\\/?p=6598#webpage\"},\"articleSection\":\"Conceptos y Oficios DIAN\"},{\"@type\":\"BreadcrumbList\",\"@id\":\"https:\\\/\\\/contadoreshoy.com\\\/?p=6598#breadcrumblist\",\"itemListElement\":[{\"@type\":\"ListItem\",\"@id\":\"https:\\\/\\\/contadoreshoy.com#listItem\",\"position\":1,\"name\":\"Home\",\"item\":\"https:\\\/\\\/contadoreshoy.com\",\"nextItem\":{\"@type\":\"ListItem\",\"@id\":\"https:\\\/\\\/contadoreshoy.com\\\/?cat=456#listItem\",\"name\":\"Conceptos y Oficios DIAN\"}},{\"@type\":\"ListItem\",\"@id\":\"https:\\\/\\\/contadoreshoy.com\\\/?cat=456#listItem\",\"position\":2,\"name\":\"Conceptos y Oficios DIAN\",\"item\":\"https:\\\/\\\/contadoreshoy.com\\\/?cat=456\",\"nextItem\":{\"@type\":\"ListItem\",\"@id\":\"https:\\\/\\\/contadoreshoy.com\\\/?p=6598#listItem\",\"name\":\"Oficio 33113 noviembre 18 de 2015 DIAN &#8211; Se puede deducir el IVA, sin tener los soportes correspondientes ?\"},\"previousItem\":{\"@type\":\"ListItem\",\"@id\":\"https:\\\/\\\/contadoreshoy.com#listItem\",\"name\":\"Home\"}},{\"@type\":\"ListItem\",\"@id\":\"https:\\\/\\\/contadoreshoy.com\\\/?p=6598#listItem\",\"position\":3,\"name\":\"Oficio 33113 noviembre 18 de 2015 DIAN &#8211; Se puede deducir el IVA, sin tener los soportes correspondientes ?\",\"previousItem\":{\"@type\":\"ListItem\",\"@id\":\"https:\\\/\\\/contadoreshoy.com\\\/?cat=456#listItem\",\"name\":\"Conceptos y Oficios DIAN\"}}]},{\"@type\":\"Organization\",\"@id\":\"https:\\\/\\\/contadoreshoy.com\\\/#organization\",\"name\":\"Contadores P\\u00fablicos\",\"description\":\"Portal para Contadores P\\u00fablicos y empresarios\",\"url\":\"https:\\\/\\\/contadoreshoy.com\\\/\",\"logo\":{\"@type\":\"ImageObject\",\"url\":\"https:\\\/\\\/contadoreshoy.com\\\/wp-content\\\/uploads\\\/2024\\\/01\\\/cropped-cropped-Copia-de-M-1.jpg\",\"@id\":\"https:\\\/\\\/contadoreshoy.com\\\/?p=6598\\\/#organizationLogo\",\"width\":499,\"height\":500},\"image\":{\"@id\":\"https:\\\/\\\/contadoreshoy.com\\\/?p=6598\\\/#organizationLogo\"}},{\"@type\":\"Person\",\"@id\":\"https:\\\/\\\/contadoreshoy.com\\\/?author=1#author\",\"url\":\"https:\\\/\\\/contadoreshoy.com\\\/?author=1\",\"name\":\"Miguel Antonio M\\u00e1rquez Monta\\u00f1ez\"},{\"@type\":\"WebPage\",\"@id\":\"https:\\\/\\\/contadoreshoy.com\\\/?p=6598#webpage\",\"url\":\"https:\\\/\\\/contadoreshoy.com\\\/?p=6598\",\"name\":\"Oficio 33113 noviembre 18 de 2015 DIAN \\u2013 Se puede deducir el IVA, sin tener los soportes correspondientes ? - Contadores P\\u00fablicos\",\"description\":\"El contribuyente no puede descontar el IVA pagado sin contar con la correspondiente factura, que acredite con el lleno de los requisitos legales el impuesto asumido en la adquisici\\u00f3n o importaci\\u00f3n.\",\"inLanguage\":\"es-ES\",\"isPartOf\":{\"@id\":\"https:\\\/\\\/contadoreshoy.com\\\/#website\"},\"breadcrumb\":{\"@id\":\"https:\\\/\\\/contadoreshoy.com\\\/?p=6598#breadcrumblist\"},\"author\":{\"@id\":\"https:\\\/\\\/contadoreshoy.com\\\/?author=1#author\"},\"creator\":{\"@id\":\"https:\\\/\\\/contadoreshoy.com\\\/?author=1#author\"},\"image\":{\"@type\":\"ImageObject\",\"url\":\"https:\\\/\\\/contadoreshoy.com\\\/wp-content\\\/uploads\\\/2015\\\/08\\\/DIAN.jpg\",\"@id\":\"https:\\\/\\\/contadoreshoy.com\\\/?p=6598\\\/#mainImage\",\"width\":350,\"height\":343},\"primaryImageOfPage\":{\"@id\":\"https:\\\/\\\/contadoreshoy.com\\\/?p=6598#mainImage\"},\"datePublished\":\"2016-01-03T19:54:45-05:00\",\"dateModified\":\"2017-02-04T21:59:40-05:00\"},{\"@type\":\"WebSite\",\"@id\":\"https:\\\/\\\/contadoreshoy.com\\\/#website\",\"url\":\"https:\\\/\\\/contadoreshoy.com\\\/\",\"name\":\"Contadores P\\u00fablicos\",\"description\":\"Portal para Contadores P\\u00fablicos y empresarios\",\"inLanguage\":\"es-ES\",\"publisher\":{\"@id\":\"https:\\\/\\\/contadoreshoy.com\\\/#organization\"}}]}\n\t\t<\/script>\n\t\t<!-- All in One SEO -->\n\n","aioseo_head_json":{"title":"Oficio 33113 noviembre 18 de 2015 DIAN \u2013 Se puede deducir el IVA, sin tener los soportes correspondientes ? - Contadores P\u00fablicos","description":"El contribuyente no puede descontar el IVA pagado sin contar con la correspondiente factura, que acredite con el lleno de los requisitos legales el impuesto asumido en la adquisici\u00f3n o importaci\u00f3n.","canonical_url":"https:\/\/contadoreshoy.com\/?p=6598","robots":"max-image-preview:large","keywords":"","webmasterTools":{"miscellaneous":""},"schema":{"@context":"https:\/\/schema.org","@graph":[{"@type":"BlogPosting","@id":"https:\/\/contadoreshoy.com\/?p=6598#blogposting","name":"Oficio 33113 noviembre 18 de 2015 DIAN \u2013 Se puede deducir el IVA, sin tener los soportes correspondientes ? - Contadores P\u00fablicos","headline":"Oficio 33113 noviembre 18 de 2015 DIAN &#8211; Se puede deducir el IVA, sin tener los soportes correspondientes ?","author":{"@id":"https:\/\/contadoreshoy.com\/?author=1#author"},"publisher":{"@id":"https:\/\/contadoreshoy.com\/#organization"},"image":{"@type":"ImageObject","url":"https:\/\/contadoreshoy.com\/wp-content\/uploads\/2015\/08\/DIAN.jpg","width":350,"height":343},"datePublished":"2016-01-03T19:54:45-05:00","dateModified":"2017-02-04T21:59:40-05:00","inLanguage":"es-ES","mainEntityOfPage":{"@id":"https:\/\/contadoreshoy.com\/?p=6598#webpage"},"isPartOf":{"@id":"https:\/\/contadoreshoy.com\/?p=6598#webpage"},"articleSection":"Conceptos y Oficios DIAN"},{"@type":"BreadcrumbList","@id":"https:\/\/contadoreshoy.com\/?p=6598#breadcrumblist","itemListElement":[{"@type":"ListItem","@id":"https:\/\/contadoreshoy.com#listItem","position":1,"name":"Home","item":"https:\/\/contadoreshoy.com","nextItem":{"@type":"ListItem","@id":"https:\/\/contadoreshoy.com\/?cat=456#listItem","name":"Conceptos y Oficios DIAN"}},{"@type":"ListItem","@id":"https:\/\/contadoreshoy.com\/?cat=456#listItem","position":2,"name":"Conceptos y Oficios DIAN","item":"https:\/\/contadoreshoy.com\/?cat=456","nextItem":{"@type":"ListItem","@id":"https:\/\/contadoreshoy.com\/?p=6598#listItem","name":"Oficio 33113 noviembre 18 de 2015 DIAN &#8211; Se puede deducir el IVA, sin tener los soportes correspondientes ?"},"previousItem":{"@type":"ListItem","@id":"https:\/\/contadoreshoy.com#listItem","name":"Home"}},{"@type":"ListItem","@id":"https:\/\/contadoreshoy.com\/?p=6598#listItem","position":3,"name":"Oficio 33113 noviembre 18 de 2015 DIAN &#8211; Se puede deducir el IVA, sin tener los soportes correspondientes ?","previousItem":{"@type":"ListItem","@id":"https:\/\/contadoreshoy.com\/?cat=456#listItem","name":"Conceptos y Oficios DIAN"}}]},{"@type":"Organization","@id":"https:\/\/contadoreshoy.com\/#organization","name":"Contadores P\u00fablicos","description":"Portal para Contadores P\u00fablicos y empresarios","url":"https:\/\/contadoreshoy.com\/","logo":{"@type":"ImageObject","url":"https:\/\/contadoreshoy.com\/wp-content\/uploads\/2024\/01\/cropped-cropped-Copia-de-M-1.jpg","@id":"https:\/\/contadoreshoy.com\/?p=6598\/#organizationLogo","width":499,"height":500},"image":{"@id":"https:\/\/contadoreshoy.com\/?p=6598\/#organizationLogo"}},{"@type":"Person","@id":"https:\/\/contadoreshoy.com\/?author=1#author","url":"https:\/\/contadoreshoy.com\/?author=1","name":"Miguel Antonio M\u00e1rquez Monta\u00f1ez"},{"@type":"WebPage","@id":"https:\/\/contadoreshoy.com\/?p=6598#webpage","url":"https:\/\/contadoreshoy.com\/?p=6598","name":"Oficio 33113 noviembre 18 de 2015 DIAN \u2013 Se puede deducir el IVA, sin tener los soportes correspondientes ? - Contadores P\u00fablicos","description":"El contribuyente no puede descontar el IVA pagado sin contar con la correspondiente factura, que acredite con el lleno de los requisitos legales el impuesto asumido en la adquisici\u00f3n o importaci\u00f3n.","inLanguage":"es-ES","isPartOf":{"@id":"https:\/\/contadoreshoy.com\/#website"},"breadcrumb":{"@id":"https:\/\/contadoreshoy.com\/?p=6598#breadcrumblist"},"author":{"@id":"https:\/\/contadoreshoy.com\/?author=1#author"},"creator":{"@id":"https:\/\/contadoreshoy.com\/?author=1#author"},"image":{"@type":"ImageObject","url":"https:\/\/contadoreshoy.com\/wp-content\/uploads\/2015\/08\/DIAN.jpg","@id":"https:\/\/contadoreshoy.com\/?p=6598\/#mainImage","width":350,"height":343},"primaryImageOfPage":{"@id":"https:\/\/contadoreshoy.com\/?p=6598#mainImage"},"datePublished":"2016-01-03T19:54:45-05:00","dateModified":"2017-02-04T21:59:40-05:00"},{"@type":"WebSite","@id":"https:\/\/contadoreshoy.com\/#website","url":"https:\/\/contadoreshoy.com\/","name":"Contadores P\u00fablicos","description":"Portal para Contadores P\u00fablicos y empresarios","inLanguage":"es-ES","publisher":{"@id":"https:\/\/contadoreshoy.com\/#organization"}}]},"og:locale":"es_ES","og:site_name":"Contadores P\u00fablicos - Portal para Contadores P\u00fablicos y empresarios","og:type":"article","og:title":"Oficio 33113 noviembre 18 de 2015 DIAN \u2013 Se puede deducir el IVA, sin tener los soportes correspondientes ? - Contadores P\u00fablicos","og:description":"El contribuyente no puede descontar el IVA pagado sin contar con la correspondiente factura, que acredite con el lleno de los requisitos legales el impuesto asumido en la adquisici\u00f3n o importaci\u00f3n.","og:url":"https:\/\/contadoreshoy.com\/?p=6598","og:image":"https:\/\/contadoreshoy.com\/wp-content\/uploads\/2024\/01\/cropped-cropped-cropped-Copia-de-M.jpg","og:image:secure_url":"https:\/\/contadoreshoy.com\/wp-content\/uploads\/2024\/01\/cropped-cropped-cropped-Copia-de-M.jpg","og:image:width":512,"og:image:height":371,"article:published_time":"2016-01-04T00:54:45+00:00","article:modified_time":"2017-02-05T02:59:40+00:00","twitter:card":"summary_large_image","twitter:title":"Oficio 33113 noviembre 18 de 2015 DIAN \u2013 Se puede deducir el IVA, sin tener los soportes correspondientes ? - Contadores P\u00fablicos","twitter:description":"El contribuyente no puede descontar el IVA pagado sin contar con la correspondiente factura, que acredite con el lleno de los requisitos legales el impuesto asumido en la adquisici\u00f3n o importaci\u00f3n.","twitter:image":"https:\/\/contadoreshoy.com\/wp-content\/uploads\/2024\/01\/cropped-cropped-cropped-Copia-de-M.jpg"},"aioseo_meta_data":{"post_id":"6598","title":null,"description":null,"keywords":null,"keyphrases":null,"primary_term":null,"canonical_url":null,"og_title":null,"og_description":null,"og_object_type":"default","og_image_type":"default","og_image_url":null,"og_image_width":null,"og_image_height":null,"og_image_custom_url":null,"og_image_custom_fields":null,"og_video":null,"og_custom_url":null,"og_article_section":null,"og_article_tags":null,"twitter_use_og":false,"twitter_card":"default","twitter_image_type":"default","twitter_image_url":null,"twitter_image_custom_url":null,"twitter_image_custom_fields":null,"twitter_title":null,"twitter_description":null,"schema":{"blockGraphs":[],"customGraphs":[],"default":{"data":{"Article":[],"Course":[],"Dataset":[],"FAQPage":[],"Movie":[],"Person":[],"Product":[],"ProductReview":[],"Car":[],"Recipe":[],"Service":[],"SoftwareApplication":[],"WebPage":[]},"graphName":"","isEnabled":true},"graphs":[]},"schema_type":"default","schema_type_options":null,"pillar_content":false,"robots_default":true,"robots_noindex":false,"robots_noarchive":false,"robots_nosnippet":false,"robots_nofollow":false,"robots_noimageindex":false,"robots_noodp":false,"robots_notranslate":false,"robots_max_snippet":null,"robots_max_videopreview":null,"robots_max_imagepreview":"large","priority":null,"frequency":null,"local_seo":null,"breadcrumb_settings":null,"limit_modified_date":false,"ai":null,"created":"2024-03-05 01:27:34","updated":"2026-03-03 04:46:09","seo_analyzer_scan_date":null,"focus_keyword":null,"additional_keywords":null,"truseo_locale":null},"aioseo_breadcrumb":"<div class=\"aioseo-breadcrumbs\"><span class=\"aioseo-breadcrumb\">\n\t\t\t<a href=\"https:\/\/contadoreshoy.com\" title=\"Home\">Home<\/a>\n\t\t<\/span><span class=\"aioseo-breadcrumb-separator\">&raquo;<\/span><span class=\"aioseo-breadcrumb\">\n\t\t\t<a href=\"https:\/\/contadoreshoy.com\/?cat=456\" title=\"Conceptos y Oficios DIAN\">Conceptos y Oficios DIAN<\/a>\n\t\t<\/span><span class=\"aioseo-breadcrumb-separator\">&raquo;<\/span><span class=\"aioseo-breadcrumb\">\n\t\t\tOficio 33113 noviembre 18 de 2015 DIAN \u2013 Se puede deducir el IVA, sin tener los soportes correspondientes ?\n\t\t<\/span><\/div>","aioseo_breadcrumb_json":[{"label":"Home","link":"https:\/\/contadoreshoy.com"},{"label":"Conceptos y Oficios DIAN","link":"https:\/\/contadoreshoy.com\/?cat=456"},{"label":"Oficio 33113 noviembre 18 de 2015 DIAN &#8211; Se puede deducir el IVA, sin tener los soportes correspondientes ?","link":"https:\/\/contadoreshoy.com\/?p=6598"}],"yoast_head":"<!-- This site is optimized with the Yoast SEO plugin v28.4 - https:\/\/yoast.com\/product\/yoast-seo-wordpress\/ -->\n<title>Oficio 33113 noviembre 18 de 2015 DIAN - Se puede deducir el IVA, sin tener los soportes correspondientes ? - Contadores P\u00fablicos<\/title>\n<meta name=\"robots\" content=\"index, follow, max-snippet:-1, max-image-preview:large, max-video-preview:-1\" \/>\n<link rel=\"canonical\" href=\"https:\/\/contadoreshoy.com\/?p=6598\" \/>\n<meta property=\"og:locale\" content=\"es_ES\" \/>\n<meta property=\"og:type\" content=\"article\" \/>\n<meta property=\"og:title\" content=\"Oficio 33113 noviembre 18 de 2015 DIAN - Se puede deducir el IVA, sin tener los soportes correspondientes ? - Contadores P\u00fablicos\" \/>\n<meta property=\"og:description\" content=\"El contribuyente no puede descontar el IVA pagado sin contar con la correspondiente factura, que acredite con el lleno de los requisitos legales el impuesto asumido en la adquisici\u00f3n o importaci\u00f3n.\" \/>\n<meta property=\"og:url\" content=\"https:\/\/contadoreshoy.com\/?p=6598\" \/>\n<meta property=\"og:site_name\" content=\"Contadores P\u00fablicos\" \/>\n<meta property=\"article:publisher\" content=\"https:\/\/www.facebook.com\/CCCPBucaramanga\/\" \/>\n<meta property=\"article:published_time\" content=\"2016-01-04T00:54:45+00:00\" \/>\n<meta property=\"article:modified_time\" content=\"2017-02-05T02:59:40+00:00\" \/>\n<meta property=\"og:image\" content=\"https:\/\/contadoreshoy.com\/wp-content\/uploads\/2015\/08\/DIAN.jpg\" \/>\n\t<meta property=\"og:image:width\" content=\"350\" \/>\n\t<meta property=\"og:image:height\" content=\"343\" \/>\n\t<meta property=\"og:image:type\" content=\"image\/jpeg\" \/>\n<meta name=\"author\" content=\"Miguel Antonio M\u00e1rquez Monta\u00f1ez\" \/>\n<meta name=\"twitter:card\" content=\"summary_large_image\" \/>\n<meta name=\"twitter:label1\" content=\"Escrito por\" \/>\n\t<meta name=\"twitter:data1\" content=\"Miguel Antonio M\u00e1rquez Monta\u00f1ez\" \/>\n\t<meta name=\"twitter:label2\" content=\"Tiempo de lectura\" \/>\n\t<meta name=\"twitter:data2\" content=\"4 minutos\" \/>\n<script type=\"application\/ld+json\" class=\"yoast-schema-graph\">{\"@context\":\"https:\\\/\\\/schema.org\",\"@graph\":[{\"@type\":\"Article\",\"@id\":\"https:\\\/\\\/contadoreshoy.com\\\/?p=6598#article\",\"isPartOf\":{\"@id\":\"https:\\\/\\\/contadoreshoy.com\\\/?p=6598\"},\"author\":{\"name\":\"Miguel Antonio M\u00e1rquez Monta\u00f1ez\",\"@id\":\"https:\\\/\\\/contadoreshoy.com\\\/#\\\/schema\\\/person\\\/96d8979cb865537c5dc9345e40089fc5\"},\"headline\":\"Oficio 33113 noviembre 18 de 2015 DIAN &#8211; Se puede deducir el IVA, sin tener los soportes correspondientes ?\",\"datePublished\":\"2016-01-04T00:54:45+00:00\",\"dateModified\":\"2017-02-05T02:59:40+00:00\",\"mainEntityOfPage\":{\"@id\":\"https:\\\/\\\/contadoreshoy.com\\\/?p=6598\"},\"wordCount\":802,\"commentCount\":0,\"publisher\":{\"@id\":\"https:\\\/\\\/contadoreshoy.com\\\/#organization\"},\"image\":{\"@id\":\"https:\\\/\\\/contadoreshoy.com\\\/?p=6598#primaryimage\"},\"thumbnailUrl\":\"https:\\\/\\\/contadoreshoy.com\\\/wp-content\\\/uploads\\\/2015\\\/08\\\/DIAN.jpg\",\"articleSection\":[\"Conceptos y Oficios DIAN\"],\"inLanguage\":\"es\",\"potentialAction\":[{\"@type\":\"CommentAction\",\"name\":\"Comment\",\"target\":[\"https:\\\/\\\/contadoreshoy.com\\\/?p=6598#respond\"]}]},{\"@type\":\"WebPage\",\"@id\":\"https:\\\/\\\/contadoreshoy.com\\\/?p=6598\",\"url\":\"https:\\\/\\\/contadoreshoy.com\\\/?p=6598\",\"name\":\"Oficio 33113 noviembre 18 de 2015 DIAN - Se puede deducir el IVA, sin tener los soportes correspondientes ? - Contadores P\u00fablicos\",\"isPartOf\":{\"@id\":\"https:\\\/\\\/contadoreshoy.com\\\/#website\"},\"primaryImageOfPage\":{\"@id\":\"https:\\\/\\\/contadoreshoy.com\\\/?p=6598#primaryimage\"},\"image\":{\"@id\":\"https:\\\/\\\/contadoreshoy.com\\\/?p=6598#primaryimage\"},\"thumbnailUrl\":\"https:\\\/\\\/contadoreshoy.com\\\/wp-content\\\/uploads\\\/2015\\\/08\\\/DIAN.jpg\",\"datePublished\":\"2016-01-04T00:54:45+00:00\",\"dateModified\":\"2017-02-05T02:59:40+00:00\",\"breadcrumb\":{\"@id\":\"https:\\\/\\\/contadoreshoy.com\\\/?p=6598#breadcrumb\"},\"inLanguage\":\"es\",\"potentialAction\":[{\"@type\":\"ReadAction\",\"target\":[\"https:\\\/\\\/contadoreshoy.com\\\/?p=6598\"]}]},{\"@type\":\"ImageObject\",\"inLanguage\":\"es\",\"@id\":\"https:\\\/\\\/contadoreshoy.com\\\/?p=6598#primaryimage\",\"url\":\"https:\\\/\\\/contadoreshoy.com\\\/wp-content\\\/uploads\\\/2015\\\/08\\\/DIAN.jpg\",\"contentUrl\":\"https:\\\/\\\/contadoreshoy.com\\\/wp-content\\\/uploads\\\/2015\\\/08\\\/DIAN.jpg\",\"width\":350,\"height\":343},{\"@type\":\"BreadcrumbList\",\"@id\":\"https:\\\/\\\/contadoreshoy.com\\\/?p=6598#breadcrumb\",\"itemListElement\":[{\"@type\":\"ListItem\",\"position\":1,\"name\":\"Portada\",\"item\":\"https:\\\/\\\/contadoreshoy.com\\\/\"},{\"@type\":\"ListItem\",\"position\":2,\"name\":\"Oficio 33113 noviembre 18 de 2015 DIAN &#8211; Se puede deducir el IVA, sin tener los soportes correspondientes ?\"}]},{\"@type\":\"WebSite\",\"@id\":\"https:\\\/\\\/contadoreshoy.com\\\/#website\",\"url\":\"https:\\\/\\\/contadoreshoy.com\\\/\",\"name\":\"Contadorespublicossantander\",\"description\":\"Portal para Contadores P\u00fablicos y empresarios\",\"publisher\":{\"@id\":\"https:\\\/\\\/contadoreshoy.com\\\/#organization\"},\"potentialAction\":[{\"@type\":\"SearchAction\",\"target\":{\"@type\":\"EntryPoint\",\"urlTemplate\":\"https:\\\/\\\/contadoreshoy.com\\\/?s={search_term_string}\"},\"query-input\":{\"@type\":\"PropertyValueSpecification\",\"valueRequired\":true,\"valueName\":\"search_term_string\"}}],\"inLanguage\":\"es\"},{\"@type\":\"Organization\",\"@id\":\"https:\\\/\\\/contadoreshoy.com\\\/#organization\",\"name\":\"Contadores P\u00fablicos de Santander\",\"url\":\"https:\\\/\\\/contadoreshoy.com\\\/\",\"logo\":{\"@type\":\"ImageObject\",\"inLanguage\":\"es\",\"@id\":\"https:\\\/\\\/contadoreshoy.com\\\/#\\\/schema\\\/logo\\\/image\\\/\",\"url\":\"https:\\\/\\\/contadoreshoy.com\\\/wp-content\\\/uploads\\\/2024\\\/01\\\/cropped-cropped-Copia-de-M-1.jpg\",\"contentUrl\":\"https:\\\/\\\/contadoreshoy.com\\\/wp-content\\\/uploads\\\/2024\\\/01\\\/cropped-cropped-Copia-de-M-1.jpg\",\"width\":499,\"height\":500,\"caption\":\"Contadores P\u00fablicos de Santander\"},\"image\":{\"@id\":\"https:\\\/\\\/contadoreshoy.com\\\/#\\\/schema\\\/logo\\\/image\\\/\"},\"sameAs\":[\"https:\\\/\\\/www.facebook.com\\\/CCCPBucaramanga\\\/\"]},{\"@type\":\"Person\",\"@id\":\"https:\\\/\\\/contadoreshoy.com\\\/#\\\/schema\\\/person\\\/96d8979cb865537c5dc9345e40089fc5\",\"name\":\"Miguel Antonio M\u00e1rquez Monta\u00f1ez\",\"description\":\"Contador P\u00fablico egresado de la Universidad Aut\u00f3noma de Bucaramanga - Asesor contable tributario con m\u00e1s de 25 a\u00f1os de experiencia - Conferencista en temas contables y tributarios - T\u00e9cnico en Hardware y Dise\u00f1o Web - Creador y director Grupo de Estudio Colegio Colombiano de Contadores P\u00fablicos de Bucaramanga - Creador y Master Web p\u00e1gina www.contadoresp\u00fablicossantander.com - Expresidente Colegio Colombiano de Contadores P\u00fablicos Bucaramanga\",\"url\":\"https:\\\/\\\/contadoreshoy.com\\\/?author=1\"}]}<\/script>\n<!-- \/ Yoast SEO plugin. -->","yoast_head_json":{"title":"Oficio 33113 noviembre 18 de 2015 DIAN - Se puede deducir el IVA, sin tener los soportes correspondientes ? - Contadores P\u00fablicos","robots":{"index":"index","follow":"follow","max-snippet":"max-snippet:-1","max-image-preview":"max-image-preview:large","max-video-preview":"max-video-preview:-1"},"canonical":"https:\/\/contadoreshoy.com\/?p=6598","og_locale":"es_ES","og_type":"article","og_title":"Oficio 33113 noviembre 18 de 2015 DIAN - Se puede deducir el IVA, sin tener los soportes correspondientes ? - Contadores P\u00fablicos","og_description":"El contribuyente no puede descontar el IVA pagado sin contar con la correspondiente factura, que acredite con el lleno de los requisitos legales el impuesto asumido en la adquisici\u00f3n o importaci\u00f3n.","og_url":"https:\/\/contadoreshoy.com\/?p=6598","og_site_name":"Contadores P\u00fablicos","article_publisher":"https:\/\/www.facebook.com\/CCCPBucaramanga\/","article_published_time":"2016-01-04T00:54:45+00:00","article_modified_time":"2017-02-05T02:59:40+00:00","og_image":[{"width":350,"height":343,"url":"https:\/\/contadoreshoy.com\/wp-content\/uploads\/2015\/08\/DIAN.jpg","type":"image\/jpeg"}],"author":"Miguel Antonio M\u00e1rquez Monta\u00f1ez","twitter_card":"summary_large_image","twitter_misc":{"Escrito por":"Miguel Antonio M\u00e1rquez Monta\u00f1ez","Tiempo de lectura":"4 minutos"},"schema":{"@context":"https:\/\/schema.org","@graph":[{"@type":"Article","@id":"https:\/\/contadoreshoy.com\/?p=6598#article","isPartOf":{"@id":"https:\/\/contadoreshoy.com\/?p=6598"},"author":{"name":"Miguel Antonio M\u00e1rquez Monta\u00f1ez","@id":"https:\/\/contadoreshoy.com\/#\/schema\/person\/96d8979cb865537c5dc9345e40089fc5"},"headline":"Oficio 33113 noviembre 18 de 2015 DIAN &#8211; Se puede deducir el IVA, sin tener los soportes correspondientes ?","datePublished":"2016-01-04T00:54:45+00:00","dateModified":"2017-02-05T02:59:40+00:00","mainEntityOfPage":{"@id":"https:\/\/contadoreshoy.com\/?p=6598"},"wordCount":802,"commentCount":0,"publisher":{"@id":"https:\/\/contadoreshoy.com\/#organization"},"image":{"@id":"https:\/\/contadoreshoy.com\/?p=6598#primaryimage"},"thumbnailUrl":"https:\/\/contadoreshoy.com\/wp-content\/uploads\/2015\/08\/DIAN.jpg","articleSection":["Conceptos y Oficios DIAN"],"inLanguage":"es","potentialAction":[{"@type":"CommentAction","name":"Comment","target":["https:\/\/contadoreshoy.com\/?p=6598#respond"]}]},{"@type":"WebPage","@id":"https:\/\/contadoreshoy.com\/?p=6598","url":"https:\/\/contadoreshoy.com\/?p=6598","name":"Oficio 33113 noviembre 18 de 2015 DIAN - Se puede deducir el IVA, sin tener los soportes correspondientes ? - Contadores P\u00fablicos","isPartOf":{"@id":"https:\/\/contadoreshoy.com\/#website"},"primaryImageOfPage":{"@id":"https:\/\/contadoreshoy.com\/?p=6598#primaryimage"},"image":{"@id":"https:\/\/contadoreshoy.com\/?p=6598#primaryimage"},"thumbnailUrl":"https:\/\/contadoreshoy.com\/wp-content\/uploads\/2015\/08\/DIAN.jpg","datePublished":"2016-01-04T00:54:45+00:00","dateModified":"2017-02-05T02:59:40+00:00","breadcrumb":{"@id":"https:\/\/contadoreshoy.com\/?p=6598#breadcrumb"},"inLanguage":"es","potentialAction":[{"@type":"ReadAction","target":["https:\/\/contadoreshoy.com\/?p=6598"]}]},{"@type":"ImageObject","inLanguage":"es","@id":"https:\/\/contadoreshoy.com\/?p=6598#primaryimage","url":"https:\/\/contadoreshoy.com\/wp-content\/uploads\/2015\/08\/DIAN.jpg","contentUrl":"https:\/\/contadoreshoy.com\/wp-content\/uploads\/2015\/08\/DIAN.jpg","width":350,"height":343},{"@type":"BreadcrumbList","@id":"https:\/\/contadoreshoy.com\/?p=6598#breadcrumb","itemListElement":[{"@type":"ListItem","position":1,"name":"Portada","item":"https:\/\/contadoreshoy.com\/"},{"@type":"ListItem","position":2,"name":"Oficio 33113 noviembre 18 de 2015 DIAN &#8211; Se puede deducir el IVA, sin tener los soportes correspondientes ?"}]},{"@type":"WebSite","@id":"https:\/\/contadoreshoy.com\/#website","url":"https:\/\/contadoreshoy.com\/","name":"Contadorespublicossantander","description":"Portal para Contadores P\u00fablicos y empresarios","publisher":{"@id":"https:\/\/contadoreshoy.com\/#organization"},"potentialAction":[{"@type":"SearchAction","target":{"@type":"EntryPoint","urlTemplate":"https:\/\/contadoreshoy.com\/?s={search_term_string}"},"query-input":{"@type":"PropertyValueSpecification","valueRequired":true,"valueName":"search_term_string"}}],"inLanguage":"es"},{"@type":"Organization","@id":"https:\/\/contadoreshoy.com\/#organization","name":"Contadores P\u00fablicos de Santander","url":"https:\/\/contadoreshoy.com\/","logo":{"@type":"ImageObject","inLanguage":"es","@id":"https:\/\/contadoreshoy.com\/#\/schema\/logo\/image\/","url":"https:\/\/contadoreshoy.com\/wp-content\/uploads\/2024\/01\/cropped-cropped-Copia-de-M-1.jpg","contentUrl":"https:\/\/contadoreshoy.com\/wp-content\/uploads\/2024\/01\/cropped-cropped-Copia-de-M-1.jpg","width":499,"height":500,"caption":"Contadores P\u00fablicos de Santander"},"image":{"@id":"https:\/\/contadoreshoy.com\/#\/schema\/logo\/image\/"},"sameAs":["https:\/\/www.facebook.com\/CCCPBucaramanga\/"]},{"@type":"Person","@id":"https:\/\/contadoreshoy.com\/#\/schema\/person\/96d8979cb865537c5dc9345e40089fc5","name":"Miguel Antonio M\u00e1rquez Monta\u00f1ez","description":"Contador P\u00fablico egresado de la Universidad Aut\u00f3noma de Bucaramanga - Asesor contable tributario con m\u00e1s de 25 a\u00f1os de experiencia - Conferencista en temas contables y tributarios - T\u00e9cnico en Hardware y Dise\u00f1o Web - Creador y director Grupo de Estudio Colegio Colombiano de Contadores P\u00fablicos de Bucaramanga - Creador y Master Web p\u00e1gina www.contadoresp\u00fablicossantander.com - Expresidente Colegio Colombiano de Contadores P\u00fablicos Bucaramanga","url":"https:\/\/contadoreshoy.com\/?author=1"}]}},"_links":{"self":[{"href":"https:\/\/contadoreshoy.com\/index.php?rest_route=\/wp\/v2\/posts\/6598","targetHints":{"allow":["GET"]}}],"collection":[{"href":"https:\/\/contadoreshoy.com\/index.php?rest_route=\/wp\/v2\/posts"}],"about":[{"href":"https:\/\/contadoreshoy.com\/index.php?rest_route=\/wp\/v2\/types\/post"}],"author":[{"embeddable":true,"href":"https:\/\/contadoreshoy.com\/index.php?rest_route=\/wp\/v2\/users\/1"}],"replies":[{"embeddable":true,"href":"https:\/\/contadoreshoy.com\/index.php?rest_route=%2Fwp%2Fv2%2Fcomments&post=6598"}],"version-history":[{"count":1,"href":"https:\/\/contadoreshoy.com\/index.php?rest_route=\/wp\/v2\/posts\/6598\/revisions"}],"predecessor-version":[{"id":7958,"href":"https:\/\/contadoreshoy.com\/index.php?rest_route=\/wp\/v2\/posts\/6598\/revisions\/7958"}],"wp:featuredmedia":[{"embeddable":true,"href":"https:\/\/contadoreshoy.com\/index.php?rest_route=\/wp\/v2\/media\/5611"}],"wp:attachment":[{"href":"https:\/\/contadoreshoy.com\/index.php?rest_route=%2Fwp%2Fv2%2Fmedia&parent=6598"}],"wp:term":[{"taxonomy":"category","embeddable":true,"href":"https:\/\/contadoreshoy.com\/index.php?rest_route=%2Fwp%2Fv2%2Fcategories&post=6598"},{"taxonomy":"post_tag","embeddable":true,"href":"https:\/\/contadoreshoy.com\/index.php?rest_route=%2Fwp%2Fv2%2Ftags&post=6598"}],"curies":[{"name":"wp","href":"https:\/\/api.w.org\/{rel}","templated":true}]}}