{"id":6600,"date":"2016-01-03T22:10:47","date_gmt":"2016-01-04T03:10:47","guid":{"rendered":"http:\/\/colegiocolombianodecontadores.com\/?p=6600"},"modified":"2017-02-04T21:59:39","modified_gmt":"2017-02-05T02:59:39","slug":"resolucion-0132-diciembre-22-de-2015-dian-sistema-tecnico-de-control-para-procesadores-de-pieles-yo-cueros","status":"publish","type":"post","link":"https:\/\/contadoreshoy.com\/?p=6600","title":{"rendered":"Resoluci\u00f3n 0132 diciembre 22 de 2015 DIAN &#8211; Sistema T\u00e9cnico de control para procesadores de pieles y\/o cueros."},"content":{"rendered":"<p style=\"text-align: center;\"><strong>RESOLUCI\u00d3N N\u00daMERO 000132 DE 2015 DIAN<\/strong><\/p>\n<p style=\"text-align: center;\">(diciembre 22)<\/p>\n<p style=\"text-align: justify;\"><strong><span style=\"color: #0000ff;\"><em>por la cual se establece un Sistema T\u00e9cnico de Control para quienes procesan y\/o presten el servicio de curtido, preparaci\u00f3n y te\u00f1ido de cueros y\/o pieles y\/o comercializan y\/o exportan pieles y\/o cueros de animales bovinos y bufalinos, se determina la informaci\u00f3n que deben suministrar a la Unidad Administrativa Especial Direcci\u00f3n de Impuestos y Aduanas <\/em><\/span><\/strong><\/p>\n<p style=\"text-align: justify;\"><em>Nacionales por el a\u00f1o gravable 2015 y siguientes, y se se\u00f1alan las caracter\u00edsticas, contenido y plazos para la entrega.<\/em><\/p>\n<p style=\"text-align: justify;\">El Director General de la Unidad Administrativa Especial Direcci\u00f3n de Impuestos y Aduanas Nacionales, en uso de sus facultades legales, en especial las consagradas en el numeral 12 del art\u00edculo 6\u00b0 del Decreto 4048 de 2008, en los art\u00edculos 684-2, 631-3, 633, 684 y 686 del Estatuto Tributario, y<\/p>\n<p style=\"text-align: center;\">CONSIDERANDO:<\/p>\n<p style=\"text-align: justify;\">Que el Director de Impuestos y Aduanas Nacionales se encuentra facultado para implantar sistemas t\u00e9cnicos razonables para el control de la actividad productora de renta.<\/p>\n<p style=\"text-align: justify;\">Que los hechos econ\u00f3micos deben documentarse mediante soportes, debidamente fechados y autorizados por quienes intervienen en ellos.<\/p>\n<p style=\"text-align: justify;\">Que se hace necesario establecer un Sistema T\u00e9cnico de Control que permita determinar los ingresos, costos y gastos de las personas naturales y asimiladas, las personas jur\u00eddicas, sociedades y asimiladas, que procesan y\/o presten el servicio de curtido, preparaci\u00f3n y te\u00f1ido de cueros y\/o pieles y\/o comercializan y\/o exportan pieles y\/o cueros de animales bovinos y bufalinos, bien sea en forma directa o a trav\u00e9s de terceros, comprendiendo toda la cadena productiva.<\/p>\n<p style=\"text-align: justify;\">Que se dio cumplimiento a la publicaci\u00f3n prevista en el numeral 8 del art\u00edculo 8\u00b0 del C\u00f3digo de Procedimiento Administrativo y de lo Contencioso Administrativo, en relaci\u00f3n con el texto de la presente resoluci\u00f3n.<\/p>\n<p style=\"text-align: center;\">RESUELVE:<\/p>\n<p style=\"text-align: justify;\"><span style=\"color: #0000ff;\">Art\u00edculo 1\u00b0. <em>Sistema T\u00e9cnico de Control de la actividad productora de renta. <\/em><\/span><span style=\"color: #ff9900;\">Ad\u00f3ptese el Sistema T\u00e9cnico de Control para determinar los ingresos, costos y gastos de las personas naturales y asimiladas, las personas jur\u00eddicas, sociedades y asimiladas que procesan y\/o presten el servicio de curtido, preparaci\u00f3n y te\u00f1ido de cueros y\/o pieles y\/o comercializan y\/o exportan pieles y\/o cueros de animales bovinos y bufalinos, bien sea en forma directa o a trav\u00e9s de terceros, comprendiendo toda la cadena productiva.<\/span><\/p>\n<p style=\"text-align: justify;\">El Sistema T\u00e9cnico de Control a que se refiere el inciso anterior, se aplica sobre el n\u00famero o cantidad, peso en kilos, medidas de \u00e1rea y valores de las pieles y\/o cueros adquiridos y\/o enajenados y la prestaci\u00f3n del servicio por las personas naturales y asimiladas, las personas jur\u00eddicas, sociedades y asimiladas, descritas en esta resoluci\u00f3n y tendr\u00e1 como base la informaci\u00f3n registrada en la factura de venta, o de la prestaci\u00f3n del servicio de curtido, preparaci\u00f3n y te\u00f1ido, documentos equivalentes o en el libro fiscal de registro de operaciones diarias y en las Declaraciones de Exportaci\u00f3n (DEX).<\/p>\n<p style=\"text-align: justify;\"><span style=\"color: #0000ff;\">Art\u00edculo 2\u00b0. <em>Sujetos obligados al cumplimiento del Sistema T\u00e9cnico de Control.<\/em><\/span> Se encuentran obligados a cumplir con el Sistema T\u00e9cnico de Control previsto en la presente resoluci\u00f3n, <span style=\"color: #ff9900;\">las personas naturales y asimiladas, las personas jur\u00eddicas, sociedades y asimiladas que procesen y\/o presten el servicio de curtido, preparaci\u00f3n y te\u00f1ido de cueros y\/o pieles y\/o comercialicen y\/o exporten pieles y\/o cueros de animales bovinos y bufalinos, bien sea en forma directa o a trav\u00e9s de terceros, comprendiendo toda la cadena productiva.<\/span><\/p>\n<p style=\"text-align: justify;\"><span style=\"color: #ff9900;\">Par\u00e1grafo. Cuando las operaciones se\u00f1aladas en este art\u00edculo se realicen a trav\u00e9s de mandato o intermediaci\u00f3n, los mandatarios, intermediarios o terceros deben reportar la informaci\u00f3n que establece la presente resoluci\u00f3n.<\/span><\/p>\n<p style=\"text-align: justify;\"><span style=\"color: #0000ff;\">Art\u00edculo 3\u00b0. <em>Conformaci\u00f3n de la base de datos.<\/em><\/span> Para dar cumplimiento al Sistema T\u00e9cnico de Control establecido en esta resoluci\u00f3n, las personas naturales y asimiladas, las personas jur\u00eddicas, sociedades y asimiladas que procesen y\/o presten el servicio de curtido, preparaci\u00f3n y te\u00f1ido de cueros y\/o pieles y\/o comercialicen y\/o exporten pieles y\/o cueros de animales bovinos y bufalinos, bien sea en forma directa o a trav\u00e9s de mandato, intermediaci\u00f3n o de terceros, comprendiendo toda la cadena productiva, <span style=\"color: #ff9900;\">conformar\u00e1n una base de datos respecto de todas las personas naturales y asimiladas, las personas jur\u00eddicas, sociedades y asimiladas que les vendan y\/o compren pieles y\/o cueros, y\/o presten el servicio en el desarrollo de las actividades curtido, preparaci\u00f3n y te\u00f1ido de pieles y\/o cueros de animales bovinos y bufalinos, en la cual se registre semanalmente de forma sucesiva y cronol\u00f3gica, cada una de las operaciones de compra y\/o venta, o prestaci\u00f3n del servicio de curtido, preparaci\u00f3n y te\u00f1ido de cueros y\/o pieles, identificando el proveedor, comprador o adquirente o prestador del servicio, as\u00ed como la informaci\u00f3n se\u00f1alada en el art\u00edculo 4\u00b0 de la presente resoluci\u00f3n.<\/span><\/p>\n<p style=\"text-align: justify;\"><span style=\"color: #0000ff;\">Art\u00edculo 4\u00b0. <em>Informaci\u00f3n a suministrar por los obligados.<\/em><\/span> Los obligados al cumplimiento del Sistema T\u00e9cnico de Control prescrito mediante la presente resoluci\u00f3n, <span style=\"color: #ff9900;\">deber\u00e1n informar semestralmente a la Direcci\u00f3n de Impuestos y Aduanas Nacionales, las operaciones realizadas con sus proveedores y compradores de las pieles y\/o cueros y con quienes les prestaron el servicio de curtido, preparaci\u00f3n y te\u00f1ido de cueros y\/o pieles, de la siguiente forma:<\/span><\/p>\n<p style=\"text-align: justify;\"><strong>4.1. informaci\u00f3n consolidada de las operaciones de compra de pieles y\/o cueros en el territorio nacional.<\/strong> <span style=\"color: #ff9900;\">La informaci\u00f3n se debe presentar semestralmente conforme con los par\u00e1metros establecidos en el Anexo 2 de Especificaciones T\u00e9cnicas, el cual se adopta por medio de la presente resoluci\u00f3n, indicando:<\/span><\/p>\n<ol style=\"text-align: justify;\">\n<li>Tipo de documento del vendedor de pieles y\/o cueros<\/li>\n<li>N\u00famero de identificaci\u00f3n del vendedor de pieles y\/o cueros<\/li>\n<li>Primer apellido del vendedor de pieles y\/o cueros<\/li>\n<li>Segundo apellido del vendedor pieles y\/o cueros<\/li>\n<li>Primer nombre del vendedor pieles y\/o cueros<\/li>\n<li>Otros nombres del vendedor pieles y\/o cueros<\/li>\n<li>Raz\u00f3n social del vendedor pieles y\/o cueros<\/li>\n<li>Direcci\u00f3n del vendedor pieles y\/o cueros<\/li>\n<li>C\u00f3digo Pa\u00eds<\/li>\n<li>C\u00f3digo Departamento<\/li>\n<li>C\u00f3digo Municipio<\/li>\n<li>Correo Electr\u00f3nico<\/li>\n<li><span style=\"color: #ff9900;\">C\u00f3digo de las pieles o cueros<\/span><\/li>\n<li><span style=\"color: #ff9900;\">N\u00famero o cantidad de unidades u hojas de pieles y\/o cueros adquiridos<\/span><\/li>\n<li><span style=\"color: #ff9900;\">Peso en kilos de las pieles y\/o cueros adquiridos<\/span><\/li>\n<li><span style=\"color: #ff9900;\">Valor en pesos de las pieles y\/o cueros adquiridos<\/span><\/li>\n<li>Valor del IVA facturado por el proveedor de pieles y\/o cueros<\/li>\n<li>Tipo de documento del mandante o contratante<\/li>\n<li>N\u00famero de identificaci\u00f3n del mandante o contratante<\/li>\n<li>Nombre o raz\u00f3n social del mandante o contratante<\/li>\n<li>Tipo de documento del mandatario, intermediario o tercero<\/li>\n<li>N\u00famero de identificaci\u00f3n del mandatario, intermediario o tercero<\/li>\n<li>Nombre o raz\u00f3n social del mandatario, intermediario o tercero<\/li>\n<\/ol>\n<p style=\"text-align: justify;\">Par\u00e1grafo. Cuando las operaciones de compra de pieles y\/o cueros se ejecuten a trav\u00e9s de mandatarios, intermediarios o terceros la informaci\u00f3n debe ser reportada por todos los que participan en la operaci\u00f3n.<\/p>\n<p style=\"text-align: justify;\"><span style=\"color: #0000ff;\">Para informar el c\u00f3digo de las pieles o cueros, se debe utilizar la siguiente codificaci\u00f3n:<\/span><\/p>\n<table style=\"height: 426px;\" width=\"722\">\n<tbody>\n<tr>\n<td width=\"63\"><strong>C\u00f3digo<\/strong><\/td>\n<td width=\"205\"><strong>descripci\u00f3n<\/strong><\/td>\n<td width=\"185\"><strong>Medidas a Reportar<\/strong><\/td>\n<\/tr>\n<tr>\n<td width=\"63\">1<\/td>\n<td width=\"205\">Crudo Fresco<\/td>\n<td width=\"185\">Unidades y kilos<\/td>\n<\/tr>\n<tr>\n<td width=\"63\">2<\/td>\n<td width=\"205\">Crudo Salado<\/td>\n<td width=\"185\">Unidades y kilos<\/td>\n<\/tr>\n<tr>\n<td width=\"63\">3<\/td>\n<td width=\"205\">Wet Blue o Azul<\/td>\n<td width=\"185\">Unidades y kilos<\/td>\n<\/tr>\n<tr>\n<td width=\"63\">4<\/td>\n<td width=\"205\">Crust<\/td>\n<td width=\"185\">Hojas y \u00c1rea en Dec\u00edmetros<\/td>\n<\/tr>\n<tr>\n<td width=\"63\">5<\/td>\n<td width=\"205\">Acabado o Terminado Salado<\/td>\n<td width=\"185\">Hojas y \u00c1rea en Dec\u00edmetros<\/td>\n<\/tr>\n<\/tbody>\n<\/table>\n<p style=\"text-align: justify;\">La informaci\u00f3n a que se refiere este numeral deber\u00e1 ser suministrada en el Formato\u00a01310, Versi\u00f3n 9.<\/p>\n<p style=\"text-align: justify;\">\n4.2 Informaci\u00f3n consolidada sobre la prestaci\u00f3n del servicio de curtido, preparaci\u00f3n\u00a0y te\u00f1ido de cueros y\/o pieles de animales bovinos y bufalinos. La informaci\u00f3n se\u00a0debe presentar semestralmente, conforme con los par\u00e1metros establecidos en el Anexo 3 de\u00a0Especificaciones T\u00e9cnicas, el cual se adopta por medio de la presente resoluci\u00f3n, indicando\u00a0la persona natural o jur\u00eddica a quien se le haya prestado el servicio de curtido, preparaci\u00f3n\u00a0y te\u00f1ido de cueros y\/o pieles, as\u00ed:<\/p>\n<p style=\"text-align: justify;\">\na) Tipo de documento<br \/>\nb) N\u00famero de identificaci\u00f3n<br \/>\nc) Primer apellido de la persona a quien se le prest\u00f3 el servicio<br \/>\nd) Segundo apellido de la persona a quien se le prest\u00f3 el servicio<br \/>\ne) Primer nombre de la persona a quien se le prest\u00f3 el servicio<br \/>\nf) Otros nombres del vendedor de la persona a quien se le prest\u00f3 el servicio<br \/>\ng) Raz\u00f3n social de la sociedad a quien se le prest\u00f3 el servicio<br \/>\nh) Direcci\u00f3n de la persona o sociedad a quien se le prest\u00f3 el servicio<br \/>\ni) C\u00f3digo Pa\u00eds<br \/>\nj) C\u00f3digo Departamento<br \/>\nk) C\u00f3digo Municipio<br \/>\nl) Correo Electr\u00f3nico<br \/>\nm) C\u00f3digo de las pieles o cueros<br \/>\nn) N\u00famero o cantidad de las pieles y\/o cueros sobre los que se prest\u00f3 el servicio<br \/>\no) Peso en KILOS de las pieles y\/o cueros curtidos, preparados y te\u00f1idos<br \/>\np) C\u00f3digo de Unidad de medida del \u00e1rea de las hojas de pieles y\/o cueros curtidos,<br \/>\npreparados y te\u00f1idos<br \/>\nq) Cantidad de unidades o \u00e1rea de las hojas de pieles y\/o cueros curtidos, preparados<br \/>\ny te\u00f1idos<br \/>\nr) Valor del servicio prestado de curtido, preparaci\u00f3n y te\u00f1ido<\/p>\n<p style=\"text-align: justify;\">s) Valor del IVA facturado por el servicio de curtido, preparaci\u00f3n y te\u00f1ido<br \/>\nt) Tipo de documento del mandante o contratante<br \/>\nu) N\u00famero de identificaci\u00f3n del mandante o contratante<br \/>\nv) Nombre o raz\u00f3n social del mandante o contratante<br \/>\nw) Tipo de documento del mandatario, intermediario o tercero<br \/>\nx) N\u00famero de identificaci\u00f3n del mandatario, intermediario o tercero<br \/>\ny) Nombre o raz\u00f3n social del mandatario, intermediario o tercero<\/p>\n<p style=\"text-align: justify;\">\nPar\u00e1grafo. Cuando las operaciones de la prestaci\u00f3n del servicio de curtido, preparaci\u00f3n\u00a0y te\u00f1ido de cueros y\/o pieles se ejecuten a trav\u00e9s de mandatarios, intermediarios o terceros\u00a0la informaci\u00f3n debe ser reportada por todos los que participan en la operaci\u00f3n.<\/p>\n<p style=\"text-align: justify;\">\nPara informar el c\u00f3digo de las pieles o cueros, se debe utilizar la siguiente codificaci\u00f3n:<\/p>\n<table style=\"height: 414px;\" width=\"686\">\n<tbody>\n<tr>\n<td width=\"63\"><strong>C\u00f3digo<\/strong><\/td>\n<td width=\"205\"><strong>descripci\u00f3n<\/strong><\/td>\n<td width=\"185\"><strong>Medidas a Reportar<\/strong><\/td>\n<\/tr>\n<tr>\n<td width=\"63\">1<\/td>\n<td width=\"205\">Crudo Fresco<\/td>\n<td width=\"185\">Unidades y kilos<\/td>\n<\/tr>\n<tr>\n<td width=\"63\">2<\/td>\n<td width=\"205\">Crudo Salado<\/td>\n<td width=\"185\">Unidades y kilos<\/td>\n<\/tr>\n<tr>\n<td width=\"63\">3<\/td>\n<td width=\"205\">Wet Blue o Azul<\/td>\n<td width=\"185\">Unidades y kilos<\/td>\n<\/tr>\n<tr>\n<td width=\"63\">4<\/td>\n<td width=\"205\">Crust<\/td>\n<td width=\"185\">Hojas y \u00c1rea en Dec\u00edmetros<\/td>\n<\/tr>\n<tr>\n<td width=\"63\">5<\/td>\n<td width=\"205\">Acabado o Terminado Salado<\/td>\n<td width=\"185\">Hojas y \u00c1rea en Dec\u00edmetros<\/td>\n<\/tr>\n<\/tbody>\n<\/table>\n<p style=\"text-align: justify;\">\nLa informaci\u00f3n a que se refiere este numeral deber\u00e1 ser suministrada en el Formato\u00a02285 Versi\u00f3n 1.<\/p>\n<p style=\"text-align: justify;\">\n4.3. Informaci\u00f3n consolidada de las operaciones de venta de pieles y\/o cueros<br \/>\n4.3.1. Operaciones de Venta en el Territorio Nacional y en el mercado internacional\u00a0o exportaci\u00f3n. La informaci\u00f3n se debe presentar semestralmente, conforme con los\u00a0par\u00e1metros establecidos en el Anexo 1 de Especificaciones T\u00e9cnicas, el cual se adopta por\u00a0medio de la presente resoluci\u00f3n, indicando la persona natural o jur\u00eddica a quien se le haya\u00a0vendido pieles y\/o cueros, as\u00ed:<\/p>\n<p style=\"text-align: justify;\">\na) Tipo de documento del comprador<br \/>\nb) N\u00famero de Identificaci\u00f3n del comprador<br \/>\nc) Primer apellido del comprador<\/p>\n<p style=\"text-align: justify;\">d) Segundo apellido del comprador<br \/>\ne) Primer nombre del comprador<br \/>\nf) Otros nombres del comprador<br \/>\ng) Raz\u00f3n social del comprador<br \/>\nh) Direcci\u00f3n del comprador<br \/>\ni) C\u00f3digo Pa\u00eds<br \/>\nj) C\u00f3digo Departamento<br \/>\nk) C\u00f3digo Municipio<br \/>\nl) C\u00f3digo Venta nacional o exportaci\u00f3n<br \/>\nm) C\u00f3digo de las Pieles o Cueros<br \/>\nn) N\u00famero o cantidad de unidades u hojas de pieles y\/o cueros vendidos<br \/>\no) Peso en Kilos de las pieles y\/o cueros vendidos<br \/>\np) C\u00f3digo de Unidad de medida del \u00e1rea de las hojas de pieles y\/o cueros vendidos<br \/>\nq) Cantidad de unidades f\u00edsicas o \u00e1rea de las hojas de pieles y\/o cueros vendidos<br \/>\nr) Valor en pesos de las pieles y\/o cueros vendidos<br \/>\ns) Valor del IVA facturado por el proveedor de pieles y\/o cueros<br \/>\nt) Partida arancelaria registrada en la Declaraci\u00f3n de exportaci\u00f3n (Dex)<br \/>\nu) Valor FOB en d\u00f3lares americanos<br \/>\nv) N\u00famero de las declaraciones de exportaci\u00f3n (Dex) que ampara la venta.<br \/>\nw) Tipo de documento del mandante o contratante<br \/>\nx) N\u00famero de Identificaci\u00f3n del mandante o contratante<br \/>\ny) Nombre o Raz\u00f3n social del mandante o contratante<br \/>\nz) Tipo de documento del mandatario, intermediario o tercero<br \/>\naa) N\u00famero de Identificaci\u00f3n del mandatario, intermediario o tercero<br \/>\nbb) Nombre o Raz\u00f3n social del mandatario, intermediario o tercero<\/p>\n<p style=\"text-align: justify;\">Par\u00e1grafo 1\u00b0. Cuando las operaciones de venta de pieles y\/o cueros se ejecuten a trav\u00e9s\u00a0de mandatarios, intermediarios o terceros la informaci\u00f3n debe ser reportada por todos los\u00a0que participan en la operaci\u00f3n<\/p>\n<p>Para informar el c\u00f3digo de las pieles o cueros, se debe utilizar la siguiente codificaci\u00f3n<\/p>\n<table style=\"height: 419px;\" width=\"717\">\n<tbody>\n<tr>\n<td width=\"63\"><strong>C\u00f3digo<\/strong><\/td>\n<td width=\"210\"><strong>descripci\u00f3n<\/strong><\/td>\n<td width=\"179\"><strong>Medidas a Reportar<\/strong><\/td>\n<\/tr>\n<tr>\n<td width=\"63\">1<\/td>\n<td width=\"210\">Crudo Fresco<\/td>\n<td width=\"179\">Unidades y kilos<\/td>\n<\/tr>\n<tr>\n<td width=\"63\">2<\/td>\n<td width=\"210\">Crudo Salado<\/td>\n<td width=\"179\">Unidades y kilos<\/td>\n<\/tr>\n<tr>\n<td width=\"63\">3<\/td>\n<td width=\"210\">Wet Blue o Azul<\/td>\n<td width=\"179\">Unidades y kilos<\/td>\n<\/tr>\n<tr>\n<td width=\"63\">4<\/td>\n<td width=\"210\">Crust<\/td>\n<td width=\"179\">Hojas y \u00c1rea en Dec\u00edmetros<\/td>\n<\/tr>\n<tr>\n<td width=\"63\">5<\/td>\n<td width=\"210\">Acabado o Terminado Salado<\/td>\n<td width=\"179\">Hojas y \u00c1rea en Dec\u00edmetros<\/td>\n<\/tr>\n<\/tbody>\n<\/table>\n<p style=\"text-align: justify;\">La informaci\u00f3n a que se refiere este numeral deber\u00e1 ser suministrada en el Formato\u00a01309 Versi\u00f3n 9.<\/p>\n<p style=\"text-align: justify;\"><span style=\"color: #0000ff;\">Art\u00edculo 5\u00b0. Plazos para presentar la informaci\u00f3n<\/span>. La informaci\u00f3n relacionada con el\u00a0Sistema T\u00e9cnico de Control a que se refiere la presente resoluci\u00f3n, deber\u00e1 entregarse por\u00a0parte de los obligados a la Direcci\u00f3n de Impuestos y Aduanas Nacionales semestralmentepor cada una de las operaciones efectuadas, en los siguientes plazos:<\/p>\n<p style=\"text-align: justify;\">\n<span style=\"color: #ff9900;\">1. Periodo enero 1\u00ba a junio 30 a m\u00e1s tardar el 31 de julio del mismo a\u00f1o. <\/span><\/p>\n<p style=\"text-align: justify;\"><span style=\"color: #ff9900;\">2.\u00a0Periodo julio 1\u00ba a diciembre 31 a m\u00e1s tardar el d\u00eda 31 de enero del a\u00f1o inmediatamente siguiente.<\/span><\/p>\n<p>Par\u00e1grafo transitorio. La informaci\u00f3n relacionada con el Sistema T\u00e9cnico de Control a que se refiere la presente resoluci\u00f3n, correspondiente al periodo enero 1\u00ba a junio 30 del a\u00f1o 2015 se debe reportar a m\u00e1s tardar el 31 de enero del 2016.<\/p>\n<p><span style=\"color: #0000ff;\">Art\u00edculo 6\u00b0. <\/span><em><span style=\"color: #0000ff;\">Forma de presentaci\u00f3n de la informaci\u00f3n<\/span>.<\/em> La informaci\u00f3n a que se refiere la presente resoluci\u00f3n debe ser presentada en forma virtual utilizando los servicios inform\u00e1ticos electr\u00f3nicos de la Direcci\u00f3n de Impuestos y Aduanas Nacionales, haciendo uso de la firma digital respaldada con certificado digital emitido por la DIAN.<\/p>\n<p><span style=\"color: #0000ff;\">Art\u00edculo 7\u00b0. <em>Procedimiento previo a la presentaci\u00f3n de la informaci\u00f3n a trav\u00e9s de los servicios inform\u00e1ticos electr\u00f3nicos. <\/em><\/span>Los responsables de presentar la informaci\u00f3n en forma virtual haciendo uso del mecanismo de firma digital, deber\u00e1n cumplir en forma previa el siguiente procedimiento:<\/p>\n<ol>\n<li>Inscribir o actualizar de ser necesario, el Registro \u00danico Tributario del informante<\/li>\n<\/ol>\n<p>incluyendo la responsabilidad \u201cInformante de ex\u00f3gena\u201d, y su correo electr\u00f3nico. Las personas jur\u00eddicas o dem\u00e1s entidades deben actualizar el Registro \u00danico Tributario, incluyendo al representante legal a quien se le asignar\u00e1 el mecanismo de firma con certificado digital.<\/p>\n<ol>\n<li>El representante legal deber\u00e1 inscribir o actualizar, de ser necesario, su Registro \u00danico Tributario personal, conforme al art\u00edculo 2\u00b0 de la Resoluci\u00f3n 1767 de 2006 de la DIAN, informando su correo electr\u00f3nico e incluyendo la responsabilidad 22, \u201cObligados a cumplir deberes formales a nombre de terceros\u201d.<\/li>\n<li>Adelantar, de ser necesario, el tr\u00e1mite de emisi\u00f3n y activaci\u00f3n del mecanismo de firma digital respaldado con certificado digital de la DIAN, m\u00ednimo con tres d\u00edas h\u00e1biles de antelaci\u00f3n al vencimiento del t\u00e9rmino para informar y siguiendo el procedimiento se\u00f1alado en la Resoluci\u00f3n 12717 de 2005 de la DIAN.<\/li>\n<\/ol>\n<p>Par\u00e1grafo 1\u00b0. La DIAN emitir\u00e1 el mecanismo de firma con certificado digital a la persona natural que a nombre propio o en representaci\u00f3n del contribuyente, responsable, agente retenedor, o declarante, deba cumplir con la obligaci\u00f3n de presentar informaci\u00f3n de manera virtual. Para tal efecto deber\u00e1 darse cumplimiento al procedimiento se\u00f1alado en la Resoluci\u00f3n 12717 de 2005.<\/p>\n<p>Par\u00e1grafo 2\u00b0. El mecanismo de firma con certificado digital debe solicitarse personalmente o a trav\u00e9s de apoderado debidamente facultado o por interpuesta persona con autorizaci\u00f3n autenticada, presentada ante las respectivas Direcciones Seccionales de la DIAN y\/o en los lugares habilitados para tal efecto. Para las personas jur\u00eddicas o las dem\u00e1s entidades debe se\u00f1alarse expresamente la persona a quien se le har\u00e1 entrega del mecanismo de firma digital.<\/p>\n<p style=\"text-align: justify;\">Par\u00e1grafo 3\u00b0. Los obligados, personas naturales y representantes legales de las personas jur\u00eddicas y dem\u00e1s entidades a quienes a la fecha de entrada en vigencia de la presente\u00a0resoluci\u00f3n, la DIAN les haya asignado previamente el mecanismo de firma con certificado digital, no requieren la emisi\u00f3n de un nuevo mecanismo.<\/p>\n<p>Par\u00e1grafo 4\u00b0. Cuando la DIAN lo autorice, podr\u00e1 utilizarse firma digital respaldada con certificado digital emitido por entidades externas.<\/p>\n<p>Par\u00e1grafo 5\u00b0. Las personas naturales o jur\u00eddicas que deban cumplir la obligaci\u00f3n de presentar la informaci\u00f3n de manera presencial deben tambi\u00e9n, de ser necesario, actualizar el Registro \u00danico Tributario con la responsabilidad 22, \u201cCumplimiento de obligaciones tributarias, aduaneras y cambiarias\u201d, conforme al art\u00edculo 2\u00b0 de la Resoluci\u00f3n 1767 de 2006 y la responsabilidad como informante de ex\u00f3gena.<\/p>\n<p>Art\u00edculo 8\u00b0. <em>Contingencia.<\/em> Cuando por inconvenientes t\u00e9cnicos no haya disponibilidad de los servicios inform\u00e1ticos electr\u00f3nicos y, en consecuencia, el obligado no pueda cumplir con la presentaci\u00f3n de la informaci\u00f3n a que se refiere la presente resoluci\u00f3n en forma virtual, deber\u00e1 acercarse a la Direcci\u00f3n Seccional o puntos habilitados por la DIAN llevando la informaci\u00f3n en unidades extra\u00edbles USB y el archivo de firma digital para su respectiva presentaci\u00f3n.<\/p>\n<p>Si agotado el procedimiento anterior no es posible la presentaci\u00f3n virtual por el obligado, y la Subdirecci\u00f3n de Gesti\u00f3n de Tecnolog\u00eda y Telecomunicaciones o dependencia que haga sus veces, establece que la no disponibilidad de los servicios inform\u00e1ticos electr\u00f3nicos, impide cumplir efectivamente con la obligaci\u00f3n de informar, as\u00ed lo dar\u00e1 a conocer mediante comunicado. En este evento, el informante podr\u00e1 cumplir con el respectivo deber legal dentro de los ocho (8) d\u00edas h\u00e1biles siguientes a la finalizaci\u00f3n de los vencimientos establecidos para la presentaci\u00f3n de la respectiva informaci\u00f3n, sin que ello implique extemporaneidad y sin perjuicio de que el informante la presente antes.<\/p>\n<p>Sin perjuicio de lo anterior, cuando se presenten situaciones de fuerza mayor no imputables a los informantes ni a la DIAN, la Direcci\u00f3n General podr\u00e1 habilitar t\u00e9rminos con el fin de facilitar el cumplimiento del respectivo deber legal.<\/p>\n<p>Par\u00e1grafo. Para efectos de lo dispuesto en la presente resoluci\u00f3n, el obligado a presentar virtualmente la informaci\u00f3n, deber\u00e1 prever con suficiente antelaci\u00f3n el adecuado funcionamiento de los medios requeridos para asegurar el cumplimiento de sus obligaciones.<\/p>\n<p><span style=\"color: #0000ff;\">En ning\u00fan caso constituir\u00e1n causales de justificaci\u00f3n de la extemporaneidad en la presentaci\u00f3n de la informaci\u00f3n:<\/span><\/p>\n<ul>\n<li>Los da\u00f1os en los sistemas, conexiones y\/o equipos inform\u00e1ticos del informante.<\/li>\n<li>Los da\u00f1os en el mecanismo de firma con certificado digital.<\/li>\n<li>El olvido de las claves asociadas al mismo, por quienes deben cumplir el deber formal de declarar.<\/li>\n<li><span style=\"color: #ff9900;\">El no agotar los procedimientos previos a la presentaci\u00f3n de la informaci\u00f3n, como el tr\u00e1mite de Inscripci\u00f3n o actualizaci\u00f3n en el Registro \u00danico Tributario y\/o de la activaci\u00f3n del mecanismo de firma digital<\/span> o asignaci\u00f3n de un nuevo mecanismo de firma amparado con certificado digital, u obtenci\u00f3n de la clave secreta por quienes deben cumplir con la obligaci\u00f3n de informar en forma virtual o la solicitud de cambio o asignaci\u00f3n con una antelaci\u00f3n inferior a tres (3) d\u00edas h\u00e1biles al vencimiento.<\/li>\n<\/ul>\n<p><span style=\"color: #0000ff;\">Art\u00edculo 9\u00b0. <\/span><em><span style=\"color: #0000ff;\">Sanciones<\/span>.<\/em> La no adopci\u00f3n o el incumplimiento del sistema t\u00e9cnico de control establecido en la presente resoluci\u00f3n, dar\u00e1 lugar a la aplicaci\u00f3n de la sanci\u00f3n de <span style=\"color: #ff9900;\">clausura de establecimiento de que trata el art\u00edculo 684-2 del Estatuto Tributario<\/span>, en los t\u00e9rminos del art\u00edculo 657 del Estatuto Tributario.<\/p>\n<p><span style=\"color: #ff9900;\">Cuando no se suministre la informaci\u00f3n dentro de los plazos establecidos por parte de los obligados, cuando el contenido presente errores o no corresponda a lo solicitado, habr\u00e1 lugar a la aplicaci\u00f3n de las sanciones contempladas en el art\u00edculo 651<\/span> del Estatuto Tributario.<\/p>\n<p>Art\u00edculo 10. <em>Formatos y especificaciones t\u00e9cnicas.<\/em> La informaci\u00f3n a que se refiere la presente resoluci\u00f3n, deber\u00e1 enviarse teniendo en cuenta las especificaciones t\u00e9cnicas contenidas en el documento anexo que hace parte integral de la presente resoluci\u00f3n.<\/p>\n<p>Para diligenciar la casilla de tipo de documento, se debe utilizar la siguiente codificaci\u00f3n:<\/p>\n<ol start=\"11\">\n<li>Registro civil de nacimiento<\/li>\n<li>Tarjeta de identidad<\/li>\n<li>C\u00e9dula de ciudadan\u00eda<\/li>\n<li>Tarjeta de extranjer\u00eda<\/li>\n<li>C\u00e9dula de extranjer\u00eda<\/li>\n<\/ol>\n<p>31 . NIT<\/p>\n<ol start=\"41\">\n<li>Pasaporte<\/li>\n<li>Tipo de documento extranjero<\/li>\n<li>Sin identificaci\u00f3n del exterior o para uso definido por la DIAN.<\/li>\n<\/ol>\n<p>Art\u00edculo 11. <em>Vigencia.<\/em> La presente resoluci\u00f3n rige a partir de la fecha de su publicaci\u00f3n y deroga las Resoluciones 000259 del 19 de diciembre de 2014 y 000079 del 22 de julio de 2015.<\/p>\n<p>Publ\u00edquese y c\u00famplase.<\/p>\n<p>Dada en Bogot\u00e1, D. C., a 22 de diciembre de 2015.<\/p>\n<p>El Director General,<\/p>\n<p><em>Santiago Rojas Arroyo.<\/em><\/p>\n<p>&nbsp;<\/p>\n","protected":false},"excerpt":{"rendered":"<p>Se encuentran obligados a cumplir con el Sistema T\u00e9cnico de Control previsto en la presente resoluci\u00f3n, las personas naturales y asimiladas, las personas jur\u00eddicas, sociedades y asimiladas que procesen y\/o presten el servicio de curtido, preparaci\u00f3n y te\u00f1ido de cueros y\/o pieles y\/o comercialicen y\/o exporten pieles y\/o cueros de animales bovinos y bufalinos, bien sea en forma directa o a trav\u00e9s de terceros, comprendiendo toda la cadena productiva.<\/p>\n","protected":false},"author":1,"featured_media":6601,"comment_status":"open","ping_status":"open","sticky":false,"template":"","format":"standard","meta":{"_monsterinsights_skip_tracking":false,"ngg_post_thumbnail":0,"footnotes":"","_links_to":"","_links_to_target":""},"categories":[458],"tags":[],"class_list":["post-6600","post","type-post","status-publish","format-standard","has-post-thumbnail","hentry","category-ultimas"],"aioseo_notices":[],"aioseo_head":"\n\t\t<!-- All in One SEO 5.0.1.1 - aioseo.com -->\n\t<meta name=\"description\" content=\"Se encuentran obligados a cumplir con el Sistema T\u00e9cnico de Control previsto en la presente resoluci\u00f3n, las personas naturales y asimiladas, las personas jur\u00eddicas, sociedades y asimiladas que procesen y\/o presten el servicio de curtido, preparaci\u00f3n y te\u00f1ido de cueros y\/o pieles y\/o comercialicen y\/o exporten pieles y\/o cueros de animales bovinos y bufalinos, bien sea en forma directa o a trav\u00e9s de terceros, comprendiendo toda la cadena productiva.\" \/>\n\t<meta name=\"robots\" content=\"max-image-preview:large\" \/>\n\t<meta name=\"author\" content=\"Miguel Antonio M\u00e1rquez Monta\u00f1ez\"\/>\n\t<link rel=\"canonical\" href=\"https:\/\/contadoreshoy.com\/?p=6600\" \/>\n\t<meta name=\"generator\" content=\"All in One SEO (AIOSEO) 5.0.1.1\" \/>\n\t\t<meta property=\"og:locale\" content=\"es_ES\" \/>\n\t\t<meta property=\"og:site_name\" content=\"Contadores P\u00fablicos - Portal para Contadores P\u00fablicos y empresarios\" \/>\n\t\t<meta property=\"og:type\" content=\"article\" \/>\n\t\t<meta property=\"og:title\" content=\"Resoluci\u00f3n 0132 diciembre 22 de 2015 DIAN \u2013 Sistema T\u00e9cnico de control para procesadores de pieles y\/o cueros. - Contadores P\u00fablicos\" \/>\n\t\t<meta property=\"og:description\" content=\"Se encuentran obligados a cumplir con el Sistema T\u00e9cnico de Control previsto en la presente resoluci\u00f3n, las personas naturales y asimiladas, las personas jur\u00eddicas, sociedades y asimiladas que procesen y\/o presten el servicio de curtido, preparaci\u00f3n y te\u00f1ido de cueros y\/o pieles y\/o comercialicen y\/o exporten pieles y\/o cueros de animales bovinos y bufalinos, bien sea en forma directa o a trav\u00e9s de terceros, comprendiendo toda la cadena productiva.\" \/>\n\t\t<meta property=\"og:url\" content=\"https:\/\/contadoreshoy.com\/?p=6600\" \/>\n\t\t<meta property=\"og:image\" content=\"https:\/\/contadoreshoy.com\/wp-content\/uploads\/2024\/01\/cropped-cropped-cropped-Copia-de-M.jpg\" \/>\n\t\t<meta property=\"og:image:secure_url\" content=\"https:\/\/contadoreshoy.com\/wp-content\/uploads\/2024\/01\/cropped-cropped-cropped-Copia-de-M.jpg\" \/>\n\t\t<meta property=\"og:image:width\" content=\"512\" \/>\n\t\t<meta property=\"og:image:height\" content=\"371\" \/>\n\t\t<meta property=\"article:published_time\" content=\"2016-01-04T03:10:47+00:00\" \/>\n\t\t<meta property=\"article:modified_time\" content=\"2017-02-05T02:59:39+00:00\" \/>\n\t\t<meta name=\"twitter:card\" content=\"summary_large_image\" \/>\n\t\t<meta name=\"twitter:title\" content=\"Resoluci\u00f3n 0132 diciembre 22 de 2015 DIAN \u2013 Sistema T\u00e9cnico de control para procesadores de pieles y\/o cueros. - Contadores P\u00fablicos\" \/>\n\t\t<meta name=\"twitter:description\" content=\"Se encuentran obligados a cumplir con el Sistema T\u00e9cnico de Control previsto en la presente resoluci\u00f3n, las personas naturales y asimiladas, las personas jur\u00eddicas, sociedades y asimiladas que procesen y\/o presten el servicio de curtido, preparaci\u00f3n y te\u00f1ido de cueros y\/o pieles y\/o comercialicen y\/o exporten pieles y\/o cueros de animales bovinos y bufalinos, bien sea en forma directa o a trav\u00e9s de terceros, comprendiendo toda la cadena productiva.\" \/>\n\t\t<meta name=\"twitter:image\" content=\"https:\/\/contadoreshoy.com\/wp-content\/uploads\/2024\/01\/cropped-cropped-cropped-Copia-de-M.jpg\" \/>\n\t\t<script type=\"application\/ld+json\" class=\"aioseo-schema\">\n\t\t\t{\"@context\":\"https:\\\/\\\/schema.org\",\"@graph\":[{\"@type\":\"BlogPosting\",\"@id\":\"https:\\\/\\\/contadoreshoy.com\\\/?p=6600#blogposting\",\"name\":\"Resoluci\\u00f3n 0132 diciembre 22 de 2015 DIAN \\u2013 Sistema T\\u00e9cnico de control para procesadores de pieles y\\\/o cueros. - Contadores P\\u00fablicos\",\"headline\":\"Resoluci\\u00f3n 0132 diciembre 22 de 2015 DIAN &#8211; Sistema T\\u00e9cnico de control para procesadores de pieles y\\\/o cueros.\",\"author\":{\"@id\":\"https:\\\/\\\/contadoreshoy.com\\\/?author=1#author\"},\"publisher\":{\"@id\":\"https:\\\/\\\/contadoreshoy.com\\\/#organization\"},\"image\":{\"@type\":\"ImageObject\",\"url\":\"https:\\\/\\\/contadoreshoy.com\\\/wp-content\\\/uploads\\\/2016\\\/01\\\/venta-de-cueros.jpg\",\"width\":600,\"height\":400},\"datePublished\":\"2016-01-03T22:10:47-05:00\",\"dateModified\":\"2017-02-04T21:59:39-05:00\",\"inLanguage\":\"es-ES\",\"mainEntityOfPage\":{\"@id\":\"https:\\\/\\\/contadoreshoy.com\\\/?p=6600#webpage\"},\"isPartOf\":{\"@id\":\"https:\\\/\\\/contadoreshoy.com\\\/?p=6600#webpage\"},\"articleSection\":\"Ultimas Noticias\"},{\"@type\":\"BreadcrumbList\",\"@id\":\"https:\\\/\\\/contadoreshoy.com\\\/?p=6600#breadcrumblist\",\"itemListElement\":[{\"@type\":\"ListItem\",\"@id\":\"https:\\\/\\\/contadoreshoy.com#listItem\",\"position\":1,\"name\":\"Home\",\"item\":\"https:\\\/\\\/contadoreshoy.com\",\"nextItem\":{\"@type\":\"ListItem\",\"@id\":\"https:\\\/\\\/contadoreshoy.com\\\/?cat=458#listItem\",\"name\":\"Ultimas Noticias\"}},{\"@type\":\"ListItem\",\"@id\":\"https:\\\/\\\/contadoreshoy.com\\\/?cat=458#listItem\",\"position\":2,\"name\":\"Ultimas Noticias\",\"item\":\"https:\\\/\\\/contadoreshoy.com\\\/?cat=458\",\"nextItem\":{\"@type\":\"ListItem\",\"@id\":\"https:\\\/\\\/contadoreshoy.com\\\/?p=6600#listItem\",\"name\":\"Resoluci\\u00f3n 0132 diciembre 22 de 2015 DIAN &#8211; Sistema T\\u00e9cnico de control para procesadores de pieles y\\\/o cueros.\"},\"previousItem\":{\"@type\":\"ListItem\",\"@id\":\"https:\\\/\\\/contadoreshoy.com#listItem\",\"name\":\"Home\"}},{\"@type\":\"ListItem\",\"@id\":\"https:\\\/\\\/contadoreshoy.com\\\/?p=6600#listItem\",\"position\":3,\"name\":\"Resoluci\\u00f3n 0132 diciembre 22 de 2015 DIAN &#8211; Sistema T\\u00e9cnico de control para procesadores de pieles y\\\/o cueros.\",\"previousItem\":{\"@type\":\"ListItem\",\"@id\":\"https:\\\/\\\/contadoreshoy.com\\\/?cat=458#listItem\",\"name\":\"Ultimas Noticias\"}}]},{\"@type\":\"Organization\",\"@id\":\"https:\\\/\\\/contadoreshoy.com\\\/#organization\",\"name\":\"Contadores P\\u00fablicos\",\"description\":\"Portal para Contadores P\\u00fablicos y empresarios\",\"url\":\"https:\\\/\\\/contadoreshoy.com\\\/\",\"logo\":{\"@type\":\"ImageObject\",\"url\":\"https:\\\/\\\/contadoreshoy.com\\\/wp-content\\\/uploads\\\/2024\\\/01\\\/cropped-cropped-Copia-de-M-1.jpg\",\"@id\":\"https:\\\/\\\/contadoreshoy.com\\\/?p=6600\\\/#organizationLogo\",\"width\":499,\"height\":500},\"image\":{\"@id\":\"https:\\\/\\\/contadoreshoy.com\\\/?p=6600\\\/#organizationLogo\"}},{\"@type\":\"Person\",\"@id\":\"https:\\\/\\\/contadoreshoy.com\\\/?author=1#author\",\"url\":\"https:\\\/\\\/contadoreshoy.com\\\/?author=1\",\"name\":\"Miguel Antonio M\\u00e1rquez Monta\\u00f1ez\"},{\"@type\":\"WebPage\",\"@id\":\"https:\\\/\\\/contadoreshoy.com\\\/?p=6600#webpage\",\"url\":\"https:\\\/\\\/contadoreshoy.com\\\/?p=6600\",\"name\":\"Resoluci\\u00f3n 0132 diciembre 22 de 2015 DIAN \\u2013 Sistema T\\u00e9cnico de control para procesadores de pieles y\\\/o cueros. - Contadores P\\u00fablicos\",\"description\":\"Se encuentran obligados a cumplir con el Sistema T\\u00e9cnico de Control previsto en la presente resoluci\\u00f3n, las personas naturales y asimiladas, las personas jur\\u00eddicas, sociedades y asimiladas que procesen y\\\/o presten el servicio de curtido, preparaci\\u00f3n y te\\u00f1ido de cueros y\\\/o pieles y\\\/o comercialicen y\\\/o exporten pieles y\\\/o cueros de animales bovinos y bufalinos, bien sea en forma directa o a trav\\u00e9s de terceros, comprendiendo toda la cadena productiva.\",\"inLanguage\":\"es-ES\",\"isPartOf\":{\"@id\":\"https:\\\/\\\/contadoreshoy.com\\\/#website\"},\"breadcrumb\":{\"@id\":\"https:\\\/\\\/contadoreshoy.com\\\/?p=6600#breadcrumblist\"},\"author\":{\"@id\":\"https:\\\/\\\/contadoreshoy.com\\\/?author=1#author\"},\"creator\":{\"@id\":\"https:\\\/\\\/contadoreshoy.com\\\/?author=1#author\"},\"image\":{\"@type\":\"ImageObject\",\"url\":\"https:\\\/\\\/contadoreshoy.com\\\/wp-content\\\/uploads\\\/2016\\\/01\\\/venta-de-cueros.jpg\",\"@id\":\"https:\\\/\\\/contadoreshoy.com\\\/?p=6600\\\/#mainImage\",\"width\":600,\"height\":400},\"primaryImageOfPage\":{\"@id\":\"https:\\\/\\\/contadoreshoy.com\\\/?p=6600#mainImage\"},\"datePublished\":\"2016-01-03T22:10:47-05:00\",\"dateModified\":\"2017-02-04T21:59:39-05:00\"},{\"@type\":\"WebSite\",\"@id\":\"https:\\\/\\\/contadoreshoy.com\\\/#website\",\"url\":\"https:\\\/\\\/contadoreshoy.com\\\/\",\"name\":\"Contadores P\\u00fablicos\",\"description\":\"Portal para Contadores P\\u00fablicos y empresarios\",\"inLanguage\":\"es-ES\",\"publisher\":{\"@id\":\"https:\\\/\\\/contadoreshoy.com\\\/#organization\"}}]}\n\t\t<\/script>\n\t\t<!-- All in One SEO -->\n\n","aioseo_head_json":{"title":"Resoluci\u00f3n 0132 diciembre 22 de 2015 DIAN \u2013 Sistema T\u00e9cnico de control para procesadores de pieles y\/o cueros. - Contadores P\u00fablicos","description":"Se encuentran obligados a cumplir con el Sistema T\u00e9cnico de Control previsto en la presente resoluci\u00f3n, las personas naturales y asimiladas, las personas jur\u00eddicas, sociedades y asimiladas que procesen y\/o presten el servicio de curtido, preparaci\u00f3n y te\u00f1ido de cueros y\/o pieles y\/o comercialicen y\/o exporten pieles y\/o cueros de animales bovinos y bufalinos, bien sea en forma directa o a trav\u00e9s de terceros, comprendiendo toda la cadena productiva.","canonical_url":"https:\/\/contadoreshoy.com\/?p=6600","robots":"max-image-preview:large","keywords":"","webmasterTools":{"miscellaneous":""},"schema":{"@context":"https:\/\/schema.org","@graph":[{"@type":"BlogPosting","@id":"https:\/\/contadoreshoy.com\/?p=6600#blogposting","name":"Resoluci\u00f3n 0132 diciembre 22 de 2015 DIAN \u2013 Sistema T\u00e9cnico de control para procesadores de pieles y\/o cueros. - Contadores P\u00fablicos","headline":"Resoluci\u00f3n 0132 diciembre 22 de 2015 DIAN &#8211; Sistema T\u00e9cnico de control para procesadores de pieles y\/o cueros.","author":{"@id":"https:\/\/contadoreshoy.com\/?author=1#author"},"publisher":{"@id":"https:\/\/contadoreshoy.com\/#organization"},"image":{"@type":"ImageObject","url":"https:\/\/contadoreshoy.com\/wp-content\/uploads\/2016\/01\/venta-de-cueros.jpg","width":600,"height":400},"datePublished":"2016-01-03T22:10:47-05:00","dateModified":"2017-02-04T21:59:39-05:00","inLanguage":"es-ES","mainEntityOfPage":{"@id":"https:\/\/contadoreshoy.com\/?p=6600#webpage"},"isPartOf":{"@id":"https:\/\/contadoreshoy.com\/?p=6600#webpage"},"articleSection":"Ultimas Noticias"},{"@type":"BreadcrumbList","@id":"https:\/\/contadoreshoy.com\/?p=6600#breadcrumblist","itemListElement":[{"@type":"ListItem","@id":"https:\/\/contadoreshoy.com#listItem","position":1,"name":"Home","item":"https:\/\/contadoreshoy.com","nextItem":{"@type":"ListItem","@id":"https:\/\/contadoreshoy.com\/?cat=458#listItem","name":"Ultimas Noticias"}},{"@type":"ListItem","@id":"https:\/\/contadoreshoy.com\/?cat=458#listItem","position":2,"name":"Ultimas Noticias","item":"https:\/\/contadoreshoy.com\/?cat=458","nextItem":{"@type":"ListItem","@id":"https:\/\/contadoreshoy.com\/?p=6600#listItem","name":"Resoluci\u00f3n 0132 diciembre 22 de 2015 DIAN &#8211; Sistema T\u00e9cnico de control para procesadores de pieles y\/o cueros."},"previousItem":{"@type":"ListItem","@id":"https:\/\/contadoreshoy.com#listItem","name":"Home"}},{"@type":"ListItem","@id":"https:\/\/contadoreshoy.com\/?p=6600#listItem","position":3,"name":"Resoluci\u00f3n 0132 diciembre 22 de 2015 DIAN &#8211; Sistema T\u00e9cnico de control para procesadores de pieles y\/o cueros.","previousItem":{"@type":"ListItem","@id":"https:\/\/contadoreshoy.com\/?cat=458#listItem","name":"Ultimas Noticias"}}]},{"@type":"Organization","@id":"https:\/\/contadoreshoy.com\/#organization","name":"Contadores P\u00fablicos","description":"Portal para Contadores P\u00fablicos y empresarios","url":"https:\/\/contadoreshoy.com\/","logo":{"@type":"ImageObject","url":"https:\/\/contadoreshoy.com\/wp-content\/uploads\/2024\/01\/cropped-cropped-Copia-de-M-1.jpg","@id":"https:\/\/contadoreshoy.com\/?p=6600\/#organizationLogo","width":499,"height":500},"image":{"@id":"https:\/\/contadoreshoy.com\/?p=6600\/#organizationLogo"}},{"@type":"Person","@id":"https:\/\/contadoreshoy.com\/?author=1#author","url":"https:\/\/contadoreshoy.com\/?author=1","name":"Miguel Antonio M\u00e1rquez Monta\u00f1ez"},{"@type":"WebPage","@id":"https:\/\/contadoreshoy.com\/?p=6600#webpage","url":"https:\/\/contadoreshoy.com\/?p=6600","name":"Resoluci\u00f3n 0132 diciembre 22 de 2015 DIAN \u2013 Sistema T\u00e9cnico de control para procesadores de pieles y\/o cueros. - Contadores P\u00fablicos","description":"Se encuentran obligados a cumplir con el Sistema T\u00e9cnico de Control previsto en la presente resoluci\u00f3n, las personas naturales y asimiladas, las personas jur\u00eddicas, sociedades y asimiladas que procesen y\/o presten el servicio de curtido, preparaci\u00f3n y te\u00f1ido de cueros y\/o pieles y\/o comercialicen y\/o exporten pieles y\/o cueros de animales bovinos y bufalinos, bien sea en forma directa o a trav\u00e9s de terceros, comprendiendo toda la cadena productiva.","inLanguage":"es-ES","isPartOf":{"@id":"https:\/\/contadoreshoy.com\/#website"},"breadcrumb":{"@id":"https:\/\/contadoreshoy.com\/?p=6600#breadcrumblist"},"author":{"@id":"https:\/\/contadoreshoy.com\/?author=1#author"},"creator":{"@id":"https:\/\/contadoreshoy.com\/?author=1#author"},"image":{"@type":"ImageObject","url":"https:\/\/contadoreshoy.com\/wp-content\/uploads\/2016\/01\/venta-de-cueros.jpg","@id":"https:\/\/contadoreshoy.com\/?p=6600\/#mainImage","width":600,"height":400},"primaryImageOfPage":{"@id":"https:\/\/contadoreshoy.com\/?p=6600#mainImage"},"datePublished":"2016-01-03T22:10:47-05:00","dateModified":"2017-02-04T21:59:39-05:00"},{"@type":"WebSite","@id":"https:\/\/contadoreshoy.com\/#website","url":"https:\/\/contadoreshoy.com\/","name":"Contadores P\u00fablicos","description":"Portal para Contadores P\u00fablicos y empresarios","inLanguage":"es-ES","publisher":{"@id":"https:\/\/contadoreshoy.com\/#organization"}}]},"og:locale":"es_ES","og:site_name":"Contadores P\u00fablicos - Portal para Contadores P\u00fablicos y empresarios","og:type":"article","og:title":"Resoluci\u00f3n 0132 diciembre 22 de 2015 DIAN \u2013 Sistema T\u00e9cnico de control para procesadores de pieles y\/o cueros. - Contadores P\u00fablicos","og:description":"Se encuentran obligados a cumplir con el Sistema T\u00e9cnico de Control previsto en la presente resoluci\u00f3n, las personas naturales y asimiladas, las personas jur\u00eddicas, sociedades y asimiladas que procesen y\/o presten el servicio de curtido, preparaci\u00f3n y te\u00f1ido de cueros y\/o pieles y\/o comercialicen y\/o exporten pieles y\/o cueros de animales bovinos y bufalinos, bien sea en forma directa o a trav\u00e9s de terceros, comprendiendo toda la cadena productiva.","og:url":"https:\/\/contadoreshoy.com\/?p=6600","og:image":"https:\/\/contadoreshoy.com\/wp-content\/uploads\/2024\/01\/cropped-cropped-cropped-Copia-de-M.jpg","og:image:secure_url":"https:\/\/contadoreshoy.com\/wp-content\/uploads\/2024\/01\/cropped-cropped-cropped-Copia-de-M.jpg","og:image:width":512,"og:image:height":371,"article:published_time":"2016-01-04T03:10:47+00:00","article:modified_time":"2017-02-05T02:59:39+00:00","twitter:card":"summary_large_image","twitter:title":"Resoluci\u00f3n 0132 diciembre 22 de 2015 DIAN \u2013 Sistema T\u00e9cnico de control para procesadores de pieles y\/o cueros. - Contadores P\u00fablicos","twitter:description":"Se encuentran obligados a cumplir con el Sistema T\u00e9cnico de Control previsto en la presente resoluci\u00f3n, las personas naturales y asimiladas, las personas jur\u00eddicas, sociedades y asimiladas que procesen y\/o presten el servicio de curtido, preparaci\u00f3n y te\u00f1ido de cueros y\/o pieles y\/o comercialicen y\/o exporten pieles y\/o cueros de animales bovinos y bufalinos, bien sea en forma directa o a trav\u00e9s de terceros, comprendiendo toda la cadena productiva.","twitter:image":"https:\/\/contadoreshoy.com\/wp-content\/uploads\/2024\/01\/cropped-cropped-cropped-Copia-de-M.jpg"},"aioseo_meta_data":{"post_id":"6600","title":null,"description":null,"keywords":null,"keyphrases":null,"primary_term":null,"canonical_url":null,"og_title":null,"og_description":null,"og_object_type":"default","og_image_type":"default","og_image_url":null,"og_image_width":null,"og_image_height":null,"og_image_custom_url":null,"og_image_custom_fields":null,"og_video":null,"og_custom_url":null,"og_article_section":null,"og_article_tags":null,"twitter_use_og":false,"twitter_card":"default","twitter_image_type":"default","twitter_image_url":null,"twitter_image_custom_url":null,"twitter_image_custom_fields":null,"twitter_title":null,"twitter_description":null,"schema":{"blockGraphs":[],"customGraphs":[],"default":{"data":{"Article":[],"Course":[],"Dataset":[],"FAQPage":[],"Movie":[],"Person":[],"Product":[],"ProductReview":[],"Car":[],"Recipe":[],"Service":[],"SoftwareApplication":[],"WebPage":[]},"graphName":"","isEnabled":true},"graphs":[]},"schema_type":"default","schema_type_options":null,"pillar_content":false,"robots_default":true,"robots_noindex":false,"robots_noarchive":false,"robots_nosnippet":false,"robots_nofollow":false,"robots_noimageindex":false,"robots_noodp":false,"robots_notranslate":false,"robots_max_snippet":null,"robots_max_videopreview":null,"robots_max_imagepreview":"large","priority":null,"frequency":null,"local_seo":null,"breadcrumb_settings":null,"limit_modified_date":false,"ai":null,"created":"2024-03-05 01:28:50","updated":"2026-03-03 04:46:09","seo_analyzer_scan_date":null,"focus_keyword":null,"additional_keywords":null,"truseo_locale":null},"aioseo_breadcrumb":"<div class=\"aioseo-breadcrumbs\"><span class=\"aioseo-breadcrumb\">\n\t\t\t<a href=\"https:\/\/contadoreshoy.com\" title=\"Home\">Home<\/a>\n\t\t<\/span><span class=\"aioseo-breadcrumb-separator\">&raquo;<\/span><span class=\"aioseo-breadcrumb\">\n\t\t\t<a href=\"https:\/\/contadoreshoy.com\/?cat=458\" title=\"Ultimas Noticias\">Ultimas Noticias<\/a>\n\t\t<\/span><span class=\"aioseo-breadcrumb-separator\">&raquo;<\/span><span class=\"aioseo-breadcrumb\">\n\t\t\tResoluci\u00f3n 0132 diciembre 22 de 2015 DIAN \u2013 Sistema T\u00e9cnico de control para procesadores de pieles y\/o cueros.\n\t\t<\/span><\/div>","aioseo_breadcrumb_json":[{"label":"Home","link":"https:\/\/contadoreshoy.com"},{"label":"Ultimas Noticias","link":"https:\/\/contadoreshoy.com\/?cat=458"},{"label":"Resoluci\u00f3n 0132 diciembre 22 de 2015 DIAN &#8211; Sistema T\u00e9cnico de control para procesadores de pieles y\/o cueros.","link":"https:\/\/contadoreshoy.com\/?p=6600"}],"yoast_head":"<!-- This site is optimized with the Yoast SEO plugin v28.4 - https:\/\/yoast.com\/product\/yoast-seo-wordpress\/ -->\n<title>Resoluci\u00f3n 0132 diciembre 22 de 2015 DIAN - Sistema T\u00e9cnico de control para procesadores de pieles y\/o cueros. - Contadores P\u00fablicos<\/title>\n<meta name=\"robots\" content=\"index, follow, max-snippet:-1, max-image-preview:large, max-video-preview:-1\" \/>\n<link rel=\"canonical\" href=\"https:\/\/contadoreshoy.com\/?p=6600\" \/>\n<meta property=\"og:locale\" content=\"es_ES\" \/>\n<meta property=\"og:type\" content=\"article\" \/>\n<meta property=\"og:title\" content=\"Resoluci\u00f3n 0132 diciembre 22 de 2015 DIAN - Sistema T\u00e9cnico de control para procesadores de pieles y\/o cueros. - Contadores P\u00fablicos\" \/>\n<meta property=\"og:description\" content=\"Se encuentran obligados a cumplir con el Sistema T\u00e9cnico de Control previsto en la presente resoluci\u00f3n, las personas naturales y asimiladas, las personas jur\u00eddicas, sociedades y asimiladas que procesen y\/o presten el servicio de curtido, preparaci\u00f3n y te\u00f1ido de cueros y\/o pieles y\/o comercialicen y\/o exporten pieles y\/o cueros de animales bovinos y bufalinos, bien sea en forma directa o a trav\u00e9s de terceros, comprendiendo toda la cadena productiva.\" \/>\n<meta property=\"og:url\" content=\"https:\/\/contadoreshoy.com\/?p=6600\" \/>\n<meta property=\"og:site_name\" content=\"Contadores P\u00fablicos\" \/>\n<meta property=\"article:publisher\" content=\"https:\/\/www.facebook.com\/CCCPBucaramanga\/\" \/>\n<meta property=\"article:published_time\" content=\"2016-01-04T03:10:47+00:00\" \/>\n<meta property=\"article:modified_time\" content=\"2017-02-05T02:59:39+00:00\" \/>\n<meta property=\"og:image\" content=\"https:\/\/contadoreshoy.com\/wp-content\/uploads\/2016\/01\/venta-de-cueros.jpg\" \/>\n\t<meta property=\"og:image:width\" content=\"600\" \/>\n\t<meta property=\"og:image:height\" content=\"400\" \/>\n\t<meta property=\"og:image:type\" content=\"image\/jpeg\" \/>\n<meta name=\"author\" content=\"Miguel Antonio M\u00e1rquez Monta\u00f1ez\" \/>\n<meta name=\"twitter:card\" content=\"summary_large_image\" \/>\n<meta name=\"twitter:label1\" content=\"Escrito por\" \/>\n\t<meta name=\"twitter:data1\" content=\"Miguel Antonio M\u00e1rquez Monta\u00f1ez\" \/>\n\t<meta name=\"twitter:label2\" content=\"Tiempo de lectura\" \/>\n\t<meta name=\"twitter:data2\" content=\"18 minutos\" \/>\n<script type=\"application\/ld+json\" class=\"yoast-schema-graph\">{\"@context\":\"https:\\\/\\\/schema.org\",\"@graph\":[{\"@type\":\"Article\",\"@id\":\"https:\\\/\\\/contadoreshoy.com\\\/?p=6600#article\",\"isPartOf\":{\"@id\":\"https:\\\/\\\/contadoreshoy.com\\\/?p=6600\"},\"author\":{\"name\":\"Miguel Antonio M\u00e1rquez Monta\u00f1ez\",\"@id\":\"https:\\\/\\\/contadoreshoy.com\\\/#\\\/schema\\\/person\\\/96d8979cb865537c5dc9345e40089fc5\"},\"headline\":\"Resoluci\u00f3n 0132 diciembre 22 de 2015 DIAN &#8211; Sistema T\u00e9cnico de control para procesadores de pieles y\\\/o cueros.\",\"datePublished\":\"2016-01-04T03:10:47+00:00\",\"dateModified\":\"2017-02-05T02:59:39+00:00\",\"mainEntityOfPage\":{\"@id\":\"https:\\\/\\\/contadoreshoy.com\\\/?p=6600\"},\"wordCount\":3548,\"commentCount\":0,\"publisher\":{\"@id\":\"https:\\\/\\\/contadoreshoy.com\\\/#organization\"},\"image\":{\"@id\":\"https:\\\/\\\/contadoreshoy.com\\\/?p=6600#primaryimage\"},\"thumbnailUrl\":\"https:\\\/\\\/contadoreshoy.com\\\/wp-content\\\/uploads\\\/2016\\\/01\\\/venta-de-cueros.jpg\",\"articleSection\":[\"Ultimas Noticias\"],\"inLanguage\":\"es\",\"potentialAction\":[{\"@type\":\"CommentAction\",\"name\":\"Comment\",\"target\":[\"https:\\\/\\\/contadoreshoy.com\\\/?p=6600#respond\"]}]},{\"@type\":\"WebPage\",\"@id\":\"https:\\\/\\\/contadoreshoy.com\\\/?p=6600\",\"url\":\"https:\\\/\\\/contadoreshoy.com\\\/?p=6600\",\"name\":\"Resoluci\u00f3n 0132 diciembre 22 de 2015 DIAN - Sistema T\u00e9cnico de control para procesadores de pieles y\\\/o cueros. - Contadores P\u00fablicos\",\"isPartOf\":{\"@id\":\"https:\\\/\\\/contadoreshoy.com\\\/#website\"},\"primaryImageOfPage\":{\"@id\":\"https:\\\/\\\/contadoreshoy.com\\\/?p=6600#primaryimage\"},\"image\":{\"@id\":\"https:\\\/\\\/contadoreshoy.com\\\/?p=6600#primaryimage\"},\"thumbnailUrl\":\"https:\\\/\\\/contadoreshoy.com\\\/wp-content\\\/uploads\\\/2016\\\/01\\\/venta-de-cueros.jpg\",\"datePublished\":\"2016-01-04T03:10:47+00:00\",\"dateModified\":\"2017-02-05T02:59:39+00:00\",\"breadcrumb\":{\"@id\":\"https:\\\/\\\/contadoreshoy.com\\\/?p=6600#breadcrumb\"},\"inLanguage\":\"es\",\"potentialAction\":[{\"@type\":\"ReadAction\",\"target\":[\"https:\\\/\\\/contadoreshoy.com\\\/?p=6600\"]}]},{\"@type\":\"ImageObject\",\"inLanguage\":\"es\",\"@id\":\"https:\\\/\\\/contadoreshoy.com\\\/?p=6600#primaryimage\",\"url\":\"https:\\\/\\\/contadoreshoy.com\\\/wp-content\\\/uploads\\\/2016\\\/01\\\/venta-de-cueros.jpg\",\"contentUrl\":\"https:\\\/\\\/contadoreshoy.com\\\/wp-content\\\/uploads\\\/2016\\\/01\\\/venta-de-cueros.jpg\",\"width\":600,\"height\":400},{\"@type\":\"BreadcrumbList\",\"@id\":\"https:\\\/\\\/contadoreshoy.com\\\/?p=6600#breadcrumb\",\"itemListElement\":[{\"@type\":\"ListItem\",\"position\":1,\"name\":\"Portada\",\"item\":\"https:\\\/\\\/contadoreshoy.com\\\/\"},{\"@type\":\"ListItem\",\"position\":2,\"name\":\"Resoluci\u00f3n 0132 diciembre 22 de 2015 DIAN &#8211; Sistema T\u00e9cnico de control para procesadores de pieles y\\\/o cueros.\"}]},{\"@type\":\"WebSite\",\"@id\":\"https:\\\/\\\/contadoreshoy.com\\\/#website\",\"url\":\"https:\\\/\\\/contadoreshoy.com\\\/\",\"name\":\"Contadorespublicossantander\",\"description\":\"Portal para Contadores P\u00fablicos y empresarios\",\"publisher\":{\"@id\":\"https:\\\/\\\/contadoreshoy.com\\\/#organization\"},\"potentialAction\":[{\"@type\":\"SearchAction\",\"target\":{\"@type\":\"EntryPoint\",\"urlTemplate\":\"https:\\\/\\\/contadoreshoy.com\\\/?s={search_term_string}\"},\"query-input\":{\"@type\":\"PropertyValueSpecification\",\"valueRequired\":true,\"valueName\":\"search_term_string\"}}],\"inLanguage\":\"es\"},{\"@type\":\"Organization\",\"@id\":\"https:\\\/\\\/contadoreshoy.com\\\/#organization\",\"name\":\"Contadores P\u00fablicos de Santander\",\"url\":\"https:\\\/\\\/contadoreshoy.com\\\/\",\"logo\":{\"@type\":\"ImageObject\",\"inLanguage\":\"es\",\"@id\":\"https:\\\/\\\/contadoreshoy.com\\\/#\\\/schema\\\/logo\\\/image\\\/\",\"url\":\"https:\\\/\\\/contadoreshoy.com\\\/wp-content\\\/uploads\\\/2024\\\/01\\\/cropped-cropped-Copia-de-M-1.jpg\",\"contentUrl\":\"https:\\\/\\\/contadoreshoy.com\\\/wp-content\\\/uploads\\\/2024\\\/01\\\/cropped-cropped-Copia-de-M-1.jpg\",\"width\":499,\"height\":500,\"caption\":\"Contadores P\u00fablicos de Santander\"},\"image\":{\"@id\":\"https:\\\/\\\/contadoreshoy.com\\\/#\\\/schema\\\/logo\\\/image\\\/\"},\"sameAs\":[\"https:\\\/\\\/www.facebook.com\\\/CCCPBucaramanga\\\/\"]},{\"@type\":\"Person\",\"@id\":\"https:\\\/\\\/contadoreshoy.com\\\/#\\\/schema\\\/person\\\/96d8979cb865537c5dc9345e40089fc5\",\"name\":\"Miguel Antonio M\u00e1rquez Monta\u00f1ez\",\"description\":\"Contador P\u00fablico egresado de la Universidad Aut\u00f3noma de Bucaramanga - Asesor contable tributario con m\u00e1s de 25 a\u00f1os de experiencia - Conferencista en temas contables y tributarios - T\u00e9cnico en Hardware y Dise\u00f1o Web - Creador y director Grupo de Estudio Colegio Colombiano de Contadores P\u00fablicos de Bucaramanga - Creador y Master Web p\u00e1gina www.contadoresp\u00fablicossantander.com - Expresidente Colegio Colombiano de Contadores P\u00fablicos Bucaramanga\",\"url\":\"https:\\\/\\\/contadoreshoy.com\\\/?author=1\"}]}<\/script>\n<!-- \/ Yoast SEO plugin. -->","yoast_head_json":{"title":"Resoluci\u00f3n 0132 diciembre 22 de 2015 DIAN - Sistema T\u00e9cnico de control para procesadores de pieles y\/o cueros. - Contadores P\u00fablicos","robots":{"index":"index","follow":"follow","max-snippet":"max-snippet:-1","max-image-preview":"max-image-preview:large","max-video-preview":"max-video-preview:-1"},"canonical":"https:\/\/contadoreshoy.com\/?p=6600","og_locale":"es_ES","og_type":"article","og_title":"Resoluci\u00f3n 0132 diciembre 22 de 2015 DIAN - Sistema T\u00e9cnico de control para procesadores de pieles y\/o cueros. - Contadores P\u00fablicos","og_description":"Se encuentran obligados a cumplir con el Sistema T\u00e9cnico de Control previsto en la presente resoluci\u00f3n, las personas naturales y asimiladas, las personas jur\u00eddicas, sociedades y asimiladas que procesen y\/o presten el servicio de curtido, preparaci\u00f3n y te\u00f1ido de cueros y\/o pieles y\/o comercialicen y\/o exporten pieles y\/o cueros de animales bovinos y bufalinos, bien sea en forma directa o a trav\u00e9s de terceros, comprendiendo toda la cadena productiva.","og_url":"https:\/\/contadoreshoy.com\/?p=6600","og_site_name":"Contadores P\u00fablicos","article_publisher":"https:\/\/www.facebook.com\/CCCPBucaramanga\/","article_published_time":"2016-01-04T03:10:47+00:00","article_modified_time":"2017-02-05T02:59:39+00:00","og_image":[{"width":600,"height":400,"url":"https:\/\/contadoreshoy.com\/wp-content\/uploads\/2016\/01\/venta-de-cueros.jpg","type":"image\/jpeg"}],"author":"Miguel Antonio M\u00e1rquez Monta\u00f1ez","twitter_card":"summary_large_image","twitter_misc":{"Escrito por":"Miguel Antonio M\u00e1rquez Monta\u00f1ez","Tiempo de lectura":"18 minutos"},"schema":{"@context":"https:\/\/schema.org","@graph":[{"@type":"Article","@id":"https:\/\/contadoreshoy.com\/?p=6600#article","isPartOf":{"@id":"https:\/\/contadoreshoy.com\/?p=6600"},"author":{"name":"Miguel Antonio M\u00e1rquez Monta\u00f1ez","@id":"https:\/\/contadoreshoy.com\/#\/schema\/person\/96d8979cb865537c5dc9345e40089fc5"},"headline":"Resoluci\u00f3n 0132 diciembre 22 de 2015 DIAN &#8211; Sistema T\u00e9cnico de control para procesadores de pieles y\/o cueros.","datePublished":"2016-01-04T03:10:47+00:00","dateModified":"2017-02-05T02:59:39+00:00","mainEntityOfPage":{"@id":"https:\/\/contadoreshoy.com\/?p=6600"},"wordCount":3548,"commentCount":0,"publisher":{"@id":"https:\/\/contadoreshoy.com\/#organization"},"image":{"@id":"https:\/\/contadoreshoy.com\/?p=6600#primaryimage"},"thumbnailUrl":"https:\/\/contadoreshoy.com\/wp-content\/uploads\/2016\/01\/venta-de-cueros.jpg","articleSection":["Ultimas Noticias"],"inLanguage":"es","potentialAction":[{"@type":"CommentAction","name":"Comment","target":["https:\/\/contadoreshoy.com\/?p=6600#respond"]}]},{"@type":"WebPage","@id":"https:\/\/contadoreshoy.com\/?p=6600","url":"https:\/\/contadoreshoy.com\/?p=6600","name":"Resoluci\u00f3n 0132 diciembre 22 de 2015 DIAN - Sistema T\u00e9cnico de control para procesadores de pieles y\/o cueros. - Contadores P\u00fablicos","isPartOf":{"@id":"https:\/\/contadoreshoy.com\/#website"},"primaryImageOfPage":{"@id":"https:\/\/contadoreshoy.com\/?p=6600#primaryimage"},"image":{"@id":"https:\/\/contadoreshoy.com\/?p=6600#primaryimage"},"thumbnailUrl":"https:\/\/contadoreshoy.com\/wp-content\/uploads\/2016\/01\/venta-de-cueros.jpg","datePublished":"2016-01-04T03:10:47+00:00","dateModified":"2017-02-05T02:59:39+00:00","breadcrumb":{"@id":"https:\/\/contadoreshoy.com\/?p=6600#breadcrumb"},"inLanguage":"es","potentialAction":[{"@type":"ReadAction","target":["https:\/\/contadoreshoy.com\/?p=6600"]}]},{"@type":"ImageObject","inLanguage":"es","@id":"https:\/\/contadoreshoy.com\/?p=6600#primaryimage","url":"https:\/\/contadoreshoy.com\/wp-content\/uploads\/2016\/01\/venta-de-cueros.jpg","contentUrl":"https:\/\/contadoreshoy.com\/wp-content\/uploads\/2016\/01\/venta-de-cueros.jpg","width":600,"height":400},{"@type":"BreadcrumbList","@id":"https:\/\/contadoreshoy.com\/?p=6600#breadcrumb","itemListElement":[{"@type":"ListItem","position":1,"name":"Portada","item":"https:\/\/contadoreshoy.com\/"},{"@type":"ListItem","position":2,"name":"Resoluci\u00f3n 0132 diciembre 22 de 2015 DIAN &#8211; Sistema T\u00e9cnico de control para procesadores de pieles y\/o cueros."}]},{"@type":"WebSite","@id":"https:\/\/contadoreshoy.com\/#website","url":"https:\/\/contadoreshoy.com\/","name":"Contadorespublicossantander","description":"Portal para Contadores P\u00fablicos y empresarios","publisher":{"@id":"https:\/\/contadoreshoy.com\/#organization"},"potentialAction":[{"@type":"SearchAction","target":{"@type":"EntryPoint","urlTemplate":"https:\/\/contadoreshoy.com\/?s={search_term_string}"},"query-input":{"@type":"PropertyValueSpecification","valueRequired":true,"valueName":"search_term_string"}}],"inLanguage":"es"},{"@type":"Organization","@id":"https:\/\/contadoreshoy.com\/#organization","name":"Contadores P\u00fablicos de Santander","url":"https:\/\/contadoreshoy.com\/","logo":{"@type":"ImageObject","inLanguage":"es","@id":"https:\/\/contadoreshoy.com\/#\/schema\/logo\/image\/","url":"https:\/\/contadoreshoy.com\/wp-content\/uploads\/2024\/01\/cropped-cropped-Copia-de-M-1.jpg","contentUrl":"https:\/\/contadoreshoy.com\/wp-content\/uploads\/2024\/01\/cropped-cropped-Copia-de-M-1.jpg","width":499,"height":500,"caption":"Contadores P\u00fablicos de Santander"},"image":{"@id":"https:\/\/contadoreshoy.com\/#\/schema\/logo\/image\/"},"sameAs":["https:\/\/www.facebook.com\/CCCPBucaramanga\/"]},{"@type":"Person","@id":"https:\/\/contadoreshoy.com\/#\/schema\/person\/96d8979cb865537c5dc9345e40089fc5","name":"Miguel Antonio M\u00e1rquez Monta\u00f1ez","description":"Contador P\u00fablico egresado de la Universidad Aut\u00f3noma de Bucaramanga - Asesor contable tributario con m\u00e1s de 25 a\u00f1os de experiencia - Conferencista en temas contables y tributarios - T\u00e9cnico en Hardware y Dise\u00f1o Web - Creador y director Grupo de Estudio Colegio Colombiano de Contadores P\u00fablicos de Bucaramanga - Creador y Master Web p\u00e1gina www.contadoresp\u00fablicossantander.com - Expresidente Colegio Colombiano de Contadores P\u00fablicos Bucaramanga","url":"https:\/\/contadoreshoy.com\/?author=1"}]}},"_links":{"self":[{"href":"https:\/\/contadoreshoy.com\/index.php?rest_route=\/wp\/v2\/posts\/6600","targetHints":{"allow":["GET"]}}],"collection":[{"href":"https:\/\/contadoreshoy.com\/index.php?rest_route=\/wp\/v2\/posts"}],"about":[{"href":"https:\/\/contadoreshoy.com\/index.php?rest_route=\/wp\/v2\/types\/post"}],"author":[{"embeddable":true,"href":"https:\/\/contadoreshoy.com\/index.php?rest_route=\/wp\/v2\/users\/1"}],"replies":[{"embeddable":true,"href":"https:\/\/contadoreshoy.com\/index.php?rest_route=%2Fwp%2Fv2%2Fcomments&post=6600"}],"version-history":[{"count":1,"href":"https:\/\/contadoreshoy.com\/index.php?rest_route=\/wp\/v2\/posts\/6600\/revisions"}],"predecessor-version":[{"id":7957,"href":"https:\/\/contadoreshoy.com\/index.php?rest_route=\/wp\/v2\/posts\/6600\/revisions\/7957"}],"wp:featuredmedia":[{"embeddable":true,"href":"https:\/\/contadoreshoy.com\/index.php?rest_route=\/wp\/v2\/media\/6601"}],"wp:attachment":[{"href":"https:\/\/contadoreshoy.com\/index.php?rest_route=%2Fwp%2Fv2%2Fmedia&parent=6600"}],"wp:term":[{"taxonomy":"category","embeddable":true,"href":"https:\/\/contadoreshoy.com\/index.php?rest_route=%2Fwp%2Fv2%2Fcategories&post=6600"},{"taxonomy":"post_tag","embeddable":true,"href":"https:\/\/contadoreshoy.com\/index.php?rest_route=%2Fwp%2Fv2%2Ftags&post=6600"}],"curies":[{"name":"wp","href":"https:\/\/api.w.org\/{rel}","templated":true}]}}