{"id":6759,"date":"2016-02-21T21:17:49","date_gmt":"2016-02-22T02:17:49","guid":{"rendered":"http:\/\/colegiocolombianodecontadores.com\/?p=6759"},"modified":"2017-02-04T21:59:12","modified_gmt":"2017-02-05T02:59:12","slug":"oficio-35259-diciembre-de-2015-dierencia-en-cambio-activos-normalizados","status":"publish","type":"post","link":"https:\/\/contadoreshoy.com\/?p=6759","title":{"rendered":"Oficio 35259 diciembre de 2015 &#8211;  Diferencia en cambio activos normalizados"},"content":{"rendered":"<p style=\"text-align: center;\">OFICIO N\u00daMERO 035259 DE 2015 &#8211; DIAN<br \/>\n(diciembre 11)<\/p>\n<p>&nbsp;<\/p>\n<p style=\"text-align: justify;\">Subdirecci\u00f3n de Gesti\u00f3n Normativa y Doctrina Bogot\u00e1, D. C.<br \/>\n100208221-001589<\/p>\n<p style=\"text-align: justify;\">Se\u00f1ora<br \/>\nMARTHA ISABEL DUE\u00d1AS L\u00d3PEZ marthacont17@gmail.com<br \/>\nDg. 82 G No. 75- 18 Int. 4 Bogot\u00e1 D.C.<br \/>\nRef: Radicado 100029160 del 23\/09\/2015<\/p>\n<p style=\"text-align: justify;\">Tema: Impuesto complementario de normalizaci\u00f3n tributaria<br \/>\nDescriptores: Diferencia en cambio \/activos normalizados<br \/>\nFuentes Formales: Art\u00edculos 32-1, 35, 36, 37, 39 y 66 de la Ley 1739\/14, y art\u00edculos 236, 237, 239-1 del Estatuto Tributario<\/p>\n<p style=\"text-align: justify;\">De conformidad con el art\u00edculo 20 del Decreto 4048 de 2008, este despacho est\u00e1 facultado para absolver en sentido general, las consultas escritas que se formulen sobre la interpretaci\u00f3n y aplicaci\u00f3n de las normas tributarias, aduaneras o de comercio exterior y control cambiario en lo de competencia de la Direcci\u00f3n de Impuestos y Aduanas Nacionales.<\/p>\n<p style=\"text-align: justify;\"><span style=\"color: #0000ff;\">Manifiesta que una persona natural \u201clegaliz\u00f3 activos que ten\u00eda en el exterior\u201d liquidados a una tasa de cambio, no obstante al momento de monetizar se liquidaron a la tasa vigente a esa fecha, por efecto de la tasa de cambio se presenta una mayor suma que la inicialmente liquidada y declarada, por ello pregunta:<\/span><\/p>\n<p style=\"text-align: justify;\"><span style=\"color: #0000ff;\">\u00bfEl mayor valor generado por la diferencia en cambio se toma como renta gravable?<\/span><\/p>\n<p style=\"text-align: justify;\">Para atender su consulta nos permitimos manifestar:<\/p>\n<p style=\"text-align: justify;\">La ley 1739 de 2014, en el art\u00edculo 35, cre\u00f3 el impuesto complementario (al impuesto de riqueza) de normalizaci\u00f3n tributaria;<\/p>\n<p style=\"text-align: justify;\">\u201cArt\u00edculo 35. Impuesto complementario de normalizaci\u00f3n tributaria &#8211; sujetos pasivos. Cr\u00e9ase por los a\u00f1os 2015, 2016 y 2017 el impuesto complementario de normalizaci\u00f3n tributaria como un impuesto complementario al Impuesto a la Riqueza, el cual estar\u00e1 a cargo de los contribuyentes del Impuesto a la Riqueza y los declarantes voluntarios de dicho impuesto a los que se refiere el art\u00edculo 298-7 del Estatuto Tributario que tengan activos omitidos. Este impuesto complementario se declarar\u00e1, liquidar\u00e1 y pagar\u00e1 en la declaraci\u00f3n del Impuesto a la Riqueza.<\/p>\n<p style=\"text-align: justify;\">Par\u00e1grafo. Los activos sometidos al impuesto complementario de normalizaci\u00f3n tributaria que hayan estado gravados en un per\u00edodo, no lo estar\u00e1n en los per\u00edodos subsiguientes. En consecuencia, los contribuyentes del Impuesto a la Riqueza y los declarantes voluntarios de dicho impuesto que no tengan activos omitidos en cualquiera de las fechas de causaci\u00f3n, no ser\u00e1n sujetos pasivos del impuesto complementario de normalizaci\u00f3n tributaria\u201d.<\/p>\n<p style=\"text-align: justify;\">El hecho generador, como lo consagra el art\u00edculo 36 del mismo texto legal, es: \u201c&#8230; la posesi\u00f3n de activos omitidos y pasivos inexistentes a 1\u00b0 de enero de 2015, 2016 y, 2017, respectivamente\u201d.<br \/>\nPor su parte, el art\u00edculo 298-7 del Estatuto Tributario establece que: \u201c&#8230;quienes no est\u00e9n obligados a declarar el Impuesto a la Riqueza de que trata el art\u00edculo 292-2 de este Estatuto podr\u00e1n, libre y espont\u00e1neamente, liquidar y pagar el Impuesto a la Riqueza\u201d.<\/p>\n<p style=\"text-align: justify;\">Por tanto, como se desprende de las disposiciones anteriores, y lo ha se\u00f1alado esta dependencia, <span style=\"color: #ff9900;\">para ser declarante del impuesto complementario de normalizaci\u00f3n tributaria, es indispensable estar catalogado como contribuyente del impuesto a la riqueza o serlo de manera voluntaria.<\/span><\/p>\n<p style=\"text-align: justify;\">Para estos contribuyentes, el art\u00edculo 39 ib\u00eddem, consagra:<\/p>\n<p style=\"text-align: justify;\">\u201cArt\u00edculo 39. No habr\u00e1 lugar a la comparaci\u00f3n patrimonial ni a renta l\u00edquida gravable por concepto de declaraci\u00f3n de activos omitidos. Los activos del contribuyente que sean objeto del impuesto complementario de normalizaci\u00f3n tributaria deber\u00e1n incluirse para efectos patrimoniales en la declaraci\u00f3n del Impuesto sobre la Renta y Complementarios y del Impuesto sobre la Renta para la Equidad (CREE) del a\u00f1o gravable en que se declare el impuesto complementario de normalizaci\u00f3n tributaria y de los a\u00f1os siguientes cuando haya lugar a ello y dejar\u00e1n de considerarse activos omitidos. El incremento patrimonial que pueda generarse por concepto de lo dispuesto en esta norma no dar\u00e1 lugar a la determinaci\u00f3n de renta gravable por el sistema de comparaci\u00f3n patrimonial, ni generar\u00e1 renta l\u00edquida gravable por activos omitidos en el a\u00f1o en que se declaren ni en los a\u00f1os anteriores respecto de las declaraciones del Impuesto sobre la Renta y Complementarios y del Impuesto sobre la Renta para la Equidad (CREE). Esta inclusi\u00f3n no generar\u00e1 sanci\u00f3n alguna en el impuesto sobre la renta y complementarios. Tampoco afectar\u00e1 la determinaci\u00f3n del impuesto a la riqueza de los per\u00edodos gravables anteriores\u201d. (Subrayado fuera de texto).<\/p>\n<p style=\"text-align: justify;\">\u201c(&#8230;) Por consiguiente, solo aquellos contribuyentes que sean objeto del Impuesto complementario de normalizaci\u00f3n tributaria tendr\u00e1n los beneficios que la Ley establece, es decir, el incremento patrimonial que pueda generarse no dar\u00e1 lugar a la determinaci\u00f3n de renta gravable por el sistema de comparaci\u00f3n patrimonial, ni generar\u00e1 renta l\u00edquida gravable en el a\u00f1o en que se declaren ni en los a\u00f1os anteriores respecto de las declaraciones del Impuesto sobre la Renta y Complementarios y del Impuesto sobre la Renta para la Equidad (CREE). Esta inclusi\u00f3n no generar\u00e1 sanci\u00f3n alguna en el impuesto sobre la renta y complementarios.<\/p>\n<p style=\"text-align: justify;\">Por lo anterior, todo aquel sujeto que posea activos omitidos y pasivos inexistentes y no opte por el Impuesto de normalizaci\u00f3n tributaria se someter\u00e1 a las consecuencias previstas en el art\u00edculo 239-1 del Estatuto Tributario Nacional&#8230;\u201d Oficio 013675 mayo 12\/15.<\/p>\n<p style=\"text-align: justify;\">Aclarado lo anterior, frente a los efectos de la diferencia en cambio de los activos normalizados, hay que se\u00f1alar que de conformidad con el art\u00edculo 37 de la Ley 1739 de 2014, la base gravable sobre la cual se debe liquidar el impuesto complementario de normalizaci\u00f3n tributaria, ser\u00e1:<\/p>\n<p style=\"text-align: justify;\">\u201cArt\u00edculo 37. Base gravable. La base gravable del impuesto complementario de normalizaci\u00f3n tributaria ser\u00e1 el valor patrimonial de los activos omitidos determinado conforme a las reglas del T\u00edtulo II del Libro I del Estatuto Tributario o el autoaval\u00fao que establezca el contribuyente, el cual deber\u00e1 corresponder, como m\u00ednimo, al valor patrimonial de los activos omitidos determinado conforme a las reglas del T\u00edtulo II del Libro I del Estatuto Tributario.<\/p>\n<p style=\"text-align: justify;\">La base gravable de los bienes que son objetos del impuesto complementario de normalizaci\u00f3n tributaria ser\u00e1 considerada como el precio de adquisici\u00f3n de dichos bienes para efectos de determinar su costo fiscal.<\/p>\n<p style=\"text-align: justify;\">Par\u00e1grafo. Para efectos de este art\u00edculo, los derechos en fundaciones de inter\u00e9s privado del exterior, trusts o cualquier otro negocio fiduciario del exterior se asimilan derechos fiduciarios pose\u00eddos en Colombia. En consecuencia, su valor patrimonial se determinar\u00e1 con base en el art\u00edculo 271-1 del Estatuto Tributario\u201d.<\/p>\n<p style=\"text-align: justify;\"><span style=\"color: #0000ff;\">Ahora bien, si declarados los activos y liquidado el impuesto en la correspondiente declaraci\u00f3n conforme con las reglas anteriores, se presenta una diferencia por el ajuste en el cambio de la moneda al momento de su monetizaci\u00f3n, ser\u00e1 aplicable la previsi\u00f3n del art\u00edculo 32-1 del Estatuto Tributario, adicionado por el art\u00edculo 66 de la Ley 1739 de 2014, que precisa:<\/span><\/p>\n<p style=\"text-align: justify;\"><span style=\"color: #ff9900;\">\u201cArt\u00edculo 32-1. Ingreso por diferencia en cambio. &gt; El ajuste por diferencia en cambio de los activos en moneda extranjera pose\u00eddos en el \u00faltimo d\u00eda del a\u00f1o o per\u00edodo gravable, constituye ingreso en el mismo ejercicio, para quienes lleven contabilidad de causaci\u00f3n.<\/span><\/p>\n<p style=\"text-align: justify;\"><span style=\"color: #ff9900;\">Par\u00e1grafo &lt;Par\u00e1grafo adicionado por el art\u00edculo 66 de la Ley 1739 de 2014. El nuevo texto es el siguiente:&gt; El ajuste por diferencia en cambio de las inversiones en moneda extranjera, en acciones o participaciones en sociedades extranjeras, que constituyan activos fijos para el contribuyente solamente constituir\u00e1 ingreso, costo o gasto en el momento de la enajenaci\u00f3n, a cualquier t\u00edtulo, o de la liquidaci\u00f3n de la inversi\u00f3n.\u201d (Lo subrayado fuera el texto).<\/span><\/p>\n<p style=\"text-align: justify;\"><span style=\"color: #ff9900;\">En consecuencia, por la anterior raz\u00f3n, no hay lugar a tomar tal diferencia en cambio para efectos de determinar la renta por comparaci\u00f3n patrimonial prevista en los art\u00edculos 236 y siguientes y 239-1 del Estatuto Tributario y dem\u00e1s normas concordantes como el art\u00edculo 39 de la Ley 1739 de 2014.<\/span><\/p>\n<p style=\"text-align: justify;\"><span style=\"color: #000000;\">Finalmente le manifestamos que la Direcci\u00f3n de Impuestos y Aduanas Nacionales, con el fin de facilitar a los contribuyentes, usuarios y p\u00fablico en general el acceso directo a sus pronunciamientos doctrinarios, ha publicado en su p\u00e1gina de internet www.dian.gov.co, la base de conceptos en materia tributaria, aduanera y cambiaria expedidos desde el a\u00f1o 2001, a la cual se puede ingresar por el \u00edcono de \u201cNormatividad\u201d -\u201dt\u00e9cnica\u201d-, dando click en el link \u201cDoctrina Direcci\u00f3n de Gesti\u00f3n Jur\u00eddica\u201d.<\/span><\/p>\n<p style=\"text-align: justify;\">Atentamente,<\/p>\n<p style=\"text-align: justify;\">El Subdirector de Gesti\u00f3n Normativa y Doctrina (e),<br \/>\nPedro Pablo Contreras Camargo.<br \/>\n( C. F. ).<\/p>\n","protected":false},"excerpt":{"rendered":"<p>El ajuste por diferencia en cambio de las inversiones en moneda extranjera, en acciones o participaciones en sociedades extranjeras, que constituyan activos fijos para el contribuyente solamente constituir\u00e1 ingreso, costo o gasto en el momento de la enajenaci\u00f3n, a cualquier t\u00edtulo, o de la liquidaci\u00f3n de la inversi\u00f3n.\u201d<\/p>\n","protected":false},"author":1,"featured_media":6846,"comment_status":"open","ping_status":"open","sticky":false,"template":"","format":"standard","meta":{"_monsterinsights_skip_tracking":false,"ngg_post_thumbnail":0,"footnotes":"","_links_to":"","_links_to_target":""},"categories":[456],"tags":[],"class_list":["post-6759","post","type-post","status-publish","format-standard","has-post-thumbnail","hentry","category-conceptos-y-oficios-dian"],"aioseo_notices":[],"aioseo_head":"\n\t\t<!-- All in One SEO 5.0.1.1 - aioseo.com -->\n\t<meta name=\"description\" content=\"El ajuste por diferencia en cambio de las inversiones en moneda extranjera, en acciones o participaciones en sociedades extranjeras, que constituyan activos fijos para el contribuyente solamente constituir\u00e1 ingreso, costo o gasto en el momento de la enajenaci\u00f3n, a cualquier t\u00edtulo, o de la liquidaci\u00f3n de la inversi\u00f3n.\u201d\" \/>\n\t<meta name=\"robots\" content=\"max-image-preview:large\" \/>\n\t<meta name=\"author\" content=\"Miguel Antonio M\u00e1rquez Monta\u00f1ez\"\/>\n\t<link rel=\"canonical\" href=\"https:\/\/contadoreshoy.com\/?p=6759\" \/>\n\t<meta name=\"generator\" content=\"All in One SEO (AIOSEO) 5.0.1.1\" \/>\n\t\t<meta property=\"og:locale\" content=\"es_ES\" \/>\n\t\t<meta property=\"og:site_name\" content=\"Contadores P\u00fablicos - Portal para Contadores P\u00fablicos y empresarios\" \/>\n\t\t<meta property=\"og:type\" content=\"article\" \/>\n\t\t<meta property=\"og:title\" content=\"Oficio 35259 diciembre de 2015 \u2013 Diferencia en cambio activos normalizados - Contadores P\u00fablicos\" \/>\n\t\t<meta property=\"og:description\" content=\"El ajuste por diferencia en cambio de las inversiones en moneda extranjera, en acciones o participaciones en sociedades extranjeras, que constituyan activos fijos para el contribuyente solamente constituir\u00e1 ingreso, costo o gasto en el momento de la enajenaci\u00f3n, a cualquier t\u00edtulo, o de la liquidaci\u00f3n de la inversi\u00f3n.\u201d\" \/>\n\t\t<meta property=\"og:url\" content=\"https:\/\/contadoreshoy.com\/?p=6759\" \/>\n\t\t<meta property=\"og:image\" content=\"https:\/\/contadoreshoy.com\/wp-content\/uploads\/2024\/01\/cropped-cropped-cropped-Copia-de-M.jpg\" \/>\n\t\t<meta property=\"og:image:secure_url\" content=\"https:\/\/contadoreshoy.com\/wp-content\/uploads\/2024\/01\/cropped-cropped-cropped-Copia-de-M.jpg\" \/>\n\t\t<meta property=\"og:image:width\" content=\"512\" \/>\n\t\t<meta property=\"og:image:height\" content=\"371\" \/>\n\t\t<meta property=\"article:published_time\" content=\"2016-02-22T02:17:49+00:00\" \/>\n\t\t<meta property=\"article:modified_time\" content=\"2017-02-05T02:59:12+00:00\" \/>\n\t\t<meta name=\"twitter:card\" content=\"summary_large_image\" \/>\n\t\t<meta name=\"twitter:title\" content=\"Oficio 35259 diciembre de 2015 \u2013 Diferencia en cambio activos normalizados - Contadores P\u00fablicos\" \/>\n\t\t<meta name=\"twitter:description\" content=\"El ajuste por diferencia en cambio de las inversiones en moneda extranjera, en acciones o participaciones en sociedades extranjeras, que constituyan activos fijos para el contribuyente solamente constituir\u00e1 ingreso, costo o gasto en el momento de la enajenaci\u00f3n, a cualquier t\u00edtulo, o de la liquidaci\u00f3n de la inversi\u00f3n.\u201d\" \/>\n\t\t<meta name=\"twitter:image\" content=\"https:\/\/contadoreshoy.com\/wp-content\/uploads\/2024\/01\/cropped-cropped-cropped-Copia-de-M.jpg\" \/>\n\t\t<script type=\"application\/ld+json\" class=\"aioseo-schema\">\n\t\t\t{\"@context\":\"https:\\\/\\\/schema.org\",\"@graph\":[{\"@type\":\"BlogPosting\",\"@id\":\"https:\\\/\\\/contadoreshoy.com\\\/?p=6759#blogposting\",\"name\":\"Oficio 35259 diciembre de 2015 \\u2013 Diferencia en cambio activos normalizados - Contadores P\\u00fablicos\",\"headline\":\"Oficio 35259 diciembre de 2015 &#8211;  Diferencia en cambio activos normalizados\",\"author\":{\"@id\":\"https:\\\/\\\/contadoreshoy.com\\\/?author=1#author\"},\"publisher\":{\"@id\":\"https:\\\/\\\/contadoreshoy.com\\\/#organization\"},\"image\":{\"@type\":\"ImageObject\",\"url\":\"https:\\\/\\\/contadoreshoy.com\\\/wp-content\\\/uploads\\\/2016\\\/02\\\/Normalizaci\\u00f3n.jpg\",\"width\":600,\"height\":400},\"datePublished\":\"2016-02-21T21:17:49-05:00\",\"dateModified\":\"2017-02-04T21:59:12-05:00\",\"inLanguage\":\"es-ES\",\"mainEntityOfPage\":{\"@id\":\"https:\\\/\\\/contadoreshoy.com\\\/?p=6759#webpage\"},\"isPartOf\":{\"@id\":\"https:\\\/\\\/contadoreshoy.com\\\/?p=6759#webpage\"},\"articleSection\":\"Conceptos y Oficios DIAN\"},{\"@type\":\"BreadcrumbList\",\"@id\":\"https:\\\/\\\/contadoreshoy.com\\\/?p=6759#breadcrumblist\",\"itemListElement\":[{\"@type\":\"ListItem\",\"@id\":\"https:\\\/\\\/contadoreshoy.com#listItem\",\"position\":1,\"name\":\"Home\",\"item\":\"https:\\\/\\\/contadoreshoy.com\",\"nextItem\":{\"@type\":\"ListItem\",\"@id\":\"https:\\\/\\\/contadoreshoy.com\\\/?cat=456#listItem\",\"name\":\"Conceptos y Oficios DIAN\"}},{\"@type\":\"ListItem\",\"@id\":\"https:\\\/\\\/contadoreshoy.com\\\/?cat=456#listItem\",\"position\":2,\"name\":\"Conceptos y Oficios DIAN\",\"item\":\"https:\\\/\\\/contadoreshoy.com\\\/?cat=456\",\"nextItem\":{\"@type\":\"ListItem\",\"@id\":\"https:\\\/\\\/contadoreshoy.com\\\/?p=6759#listItem\",\"name\":\"Oficio 35259 diciembre de 2015 &#8211;  Diferencia en cambio activos normalizados\"},\"previousItem\":{\"@type\":\"ListItem\",\"@id\":\"https:\\\/\\\/contadoreshoy.com#listItem\",\"name\":\"Home\"}},{\"@type\":\"ListItem\",\"@id\":\"https:\\\/\\\/contadoreshoy.com\\\/?p=6759#listItem\",\"position\":3,\"name\":\"Oficio 35259 diciembre de 2015 &#8211;  Diferencia en cambio activos normalizados\",\"previousItem\":{\"@type\":\"ListItem\",\"@id\":\"https:\\\/\\\/contadoreshoy.com\\\/?cat=456#listItem\",\"name\":\"Conceptos y Oficios DIAN\"}}]},{\"@type\":\"Organization\",\"@id\":\"https:\\\/\\\/contadoreshoy.com\\\/#organization\",\"name\":\"Contadores P\\u00fablicos\",\"description\":\"Portal para Contadores P\\u00fablicos y empresarios\",\"url\":\"https:\\\/\\\/contadoreshoy.com\\\/\",\"logo\":{\"@type\":\"ImageObject\",\"url\":\"https:\\\/\\\/contadoreshoy.com\\\/wp-content\\\/uploads\\\/2024\\\/01\\\/cropped-cropped-Copia-de-M-1.jpg\",\"@id\":\"https:\\\/\\\/contadoreshoy.com\\\/?p=6759\\\/#organizationLogo\",\"width\":499,\"height\":500},\"image\":{\"@id\":\"https:\\\/\\\/contadoreshoy.com\\\/?p=6759\\\/#organizationLogo\"}},{\"@type\":\"Person\",\"@id\":\"https:\\\/\\\/contadoreshoy.com\\\/?author=1#author\",\"url\":\"https:\\\/\\\/contadoreshoy.com\\\/?author=1\",\"name\":\"Miguel Antonio M\\u00e1rquez Monta\\u00f1ez\"},{\"@type\":\"WebPage\",\"@id\":\"https:\\\/\\\/contadoreshoy.com\\\/?p=6759#webpage\",\"url\":\"https:\\\/\\\/contadoreshoy.com\\\/?p=6759\",\"name\":\"Oficio 35259 diciembre de 2015 \\u2013 Diferencia en cambio activos normalizados - Contadores P\\u00fablicos\",\"description\":\"El ajuste por diferencia en cambio de las inversiones en moneda extranjera, en acciones o participaciones en sociedades extranjeras, que constituyan activos fijos para el contribuyente solamente constituir\\u00e1 ingreso, costo o gasto en el momento de la enajenaci\\u00f3n, a cualquier t\\u00edtulo, o de la liquidaci\\u00f3n de la inversi\\u00f3n.\\u201d\",\"inLanguage\":\"es-ES\",\"isPartOf\":{\"@id\":\"https:\\\/\\\/contadoreshoy.com\\\/#website\"},\"breadcrumb\":{\"@id\":\"https:\\\/\\\/contadoreshoy.com\\\/?p=6759#breadcrumblist\"},\"author\":{\"@id\":\"https:\\\/\\\/contadoreshoy.com\\\/?author=1#author\"},\"creator\":{\"@id\":\"https:\\\/\\\/contadoreshoy.com\\\/?author=1#author\"},\"image\":{\"@type\":\"ImageObject\",\"url\":\"https:\\\/\\\/contadoreshoy.com\\\/wp-content\\\/uploads\\\/2016\\\/02\\\/Normalizaci\\u00f3n.jpg\",\"@id\":\"https:\\\/\\\/contadoreshoy.com\\\/?p=6759\\\/#mainImage\",\"width\":600,\"height\":400},\"primaryImageOfPage\":{\"@id\":\"https:\\\/\\\/contadoreshoy.com\\\/?p=6759#mainImage\"},\"datePublished\":\"2016-02-21T21:17:49-05:00\",\"dateModified\":\"2017-02-04T21:59:12-05:00\"},{\"@type\":\"WebSite\",\"@id\":\"https:\\\/\\\/contadoreshoy.com\\\/#website\",\"url\":\"https:\\\/\\\/contadoreshoy.com\\\/\",\"name\":\"Contadores P\\u00fablicos\",\"description\":\"Portal para Contadores P\\u00fablicos y empresarios\",\"inLanguage\":\"es-ES\",\"publisher\":{\"@id\":\"https:\\\/\\\/contadoreshoy.com\\\/#organization\"}}]}\n\t\t<\/script>\n\t\t<!-- All in One SEO -->\n\n","aioseo_head_json":{"title":"Oficio 35259 diciembre de 2015 \u2013 Diferencia en cambio activos normalizados - Contadores P\u00fablicos","description":"El ajuste por diferencia en cambio de las inversiones en moneda extranjera, en acciones o participaciones en sociedades extranjeras, que constituyan activos fijos para el contribuyente solamente constituir\u00e1 ingreso, costo o gasto en el momento de la enajenaci\u00f3n, a cualquier t\u00edtulo, o de la liquidaci\u00f3n de la inversi\u00f3n.\u201d","canonical_url":"https:\/\/contadoreshoy.com\/?p=6759","robots":"max-image-preview:large","keywords":"","webmasterTools":{"miscellaneous":""},"schema":{"@context":"https:\/\/schema.org","@graph":[{"@type":"BlogPosting","@id":"https:\/\/contadoreshoy.com\/?p=6759#blogposting","name":"Oficio 35259 diciembre de 2015 \u2013 Diferencia en cambio activos normalizados - Contadores P\u00fablicos","headline":"Oficio 35259 diciembre de 2015 &#8211;  Diferencia en cambio activos normalizados","author":{"@id":"https:\/\/contadoreshoy.com\/?author=1#author"},"publisher":{"@id":"https:\/\/contadoreshoy.com\/#organization"},"image":{"@type":"ImageObject","url":"https:\/\/contadoreshoy.com\/wp-content\/uploads\/2016\/02\/Normalizaci\u00f3n.jpg","width":600,"height":400},"datePublished":"2016-02-21T21:17:49-05:00","dateModified":"2017-02-04T21:59:12-05:00","inLanguage":"es-ES","mainEntityOfPage":{"@id":"https:\/\/contadoreshoy.com\/?p=6759#webpage"},"isPartOf":{"@id":"https:\/\/contadoreshoy.com\/?p=6759#webpage"},"articleSection":"Conceptos y Oficios DIAN"},{"@type":"BreadcrumbList","@id":"https:\/\/contadoreshoy.com\/?p=6759#breadcrumblist","itemListElement":[{"@type":"ListItem","@id":"https:\/\/contadoreshoy.com#listItem","position":1,"name":"Home","item":"https:\/\/contadoreshoy.com","nextItem":{"@type":"ListItem","@id":"https:\/\/contadoreshoy.com\/?cat=456#listItem","name":"Conceptos y Oficios DIAN"}},{"@type":"ListItem","@id":"https:\/\/contadoreshoy.com\/?cat=456#listItem","position":2,"name":"Conceptos y Oficios DIAN","item":"https:\/\/contadoreshoy.com\/?cat=456","nextItem":{"@type":"ListItem","@id":"https:\/\/contadoreshoy.com\/?p=6759#listItem","name":"Oficio 35259 diciembre de 2015 &#8211;  Diferencia en cambio activos normalizados"},"previousItem":{"@type":"ListItem","@id":"https:\/\/contadoreshoy.com#listItem","name":"Home"}},{"@type":"ListItem","@id":"https:\/\/contadoreshoy.com\/?p=6759#listItem","position":3,"name":"Oficio 35259 diciembre de 2015 &#8211;  Diferencia en cambio activos normalizados","previousItem":{"@type":"ListItem","@id":"https:\/\/contadoreshoy.com\/?cat=456#listItem","name":"Conceptos y Oficios DIAN"}}]},{"@type":"Organization","@id":"https:\/\/contadoreshoy.com\/#organization","name":"Contadores P\u00fablicos","description":"Portal para Contadores P\u00fablicos y empresarios","url":"https:\/\/contadoreshoy.com\/","logo":{"@type":"ImageObject","url":"https:\/\/contadoreshoy.com\/wp-content\/uploads\/2024\/01\/cropped-cropped-Copia-de-M-1.jpg","@id":"https:\/\/contadoreshoy.com\/?p=6759\/#organizationLogo","width":499,"height":500},"image":{"@id":"https:\/\/contadoreshoy.com\/?p=6759\/#organizationLogo"}},{"@type":"Person","@id":"https:\/\/contadoreshoy.com\/?author=1#author","url":"https:\/\/contadoreshoy.com\/?author=1","name":"Miguel Antonio M\u00e1rquez Monta\u00f1ez"},{"@type":"WebPage","@id":"https:\/\/contadoreshoy.com\/?p=6759#webpage","url":"https:\/\/contadoreshoy.com\/?p=6759","name":"Oficio 35259 diciembre de 2015 \u2013 Diferencia en cambio activos normalizados - Contadores P\u00fablicos","description":"El ajuste por diferencia en cambio de las inversiones en moneda extranjera, en acciones o participaciones en sociedades extranjeras, que constituyan activos fijos para el contribuyente solamente constituir\u00e1 ingreso, costo o gasto en el momento de la enajenaci\u00f3n, a cualquier t\u00edtulo, o de la liquidaci\u00f3n de la inversi\u00f3n.\u201d","inLanguage":"es-ES","isPartOf":{"@id":"https:\/\/contadoreshoy.com\/#website"},"breadcrumb":{"@id":"https:\/\/contadoreshoy.com\/?p=6759#breadcrumblist"},"author":{"@id":"https:\/\/contadoreshoy.com\/?author=1#author"},"creator":{"@id":"https:\/\/contadoreshoy.com\/?author=1#author"},"image":{"@type":"ImageObject","url":"https:\/\/contadoreshoy.com\/wp-content\/uploads\/2016\/02\/Normalizaci\u00f3n.jpg","@id":"https:\/\/contadoreshoy.com\/?p=6759\/#mainImage","width":600,"height":400},"primaryImageOfPage":{"@id":"https:\/\/contadoreshoy.com\/?p=6759#mainImage"},"datePublished":"2016-02-21T21:17:49-05:00","dateModified":"2017-02-04T21:59:12-05:00"},{"@type":"WebSite","@id":"https:\/\/contadoreshoy.com\/#website","url":"https:\/\/contadoreshoy.com\/","name":"Contadores P\u00fablicos","description":"Portal para Contadores P\u00fablicos y empresarios","inLanguage":"es-ES","publisher":{"@id":"https:\/\/contadoreshoy.com\/#organization"}}]},"og:locale":"es_ES","og:site_name":"Contadores P\u00fablicos - Portal para Contadores P\u00fablicos y empresarios","og:type":"article","og:title":"Oficio 35259 diciembre de 2015 \u2013 Diferencia en cambio activos normalizados - Contadores P\u00fablicos","og:description":"El ajuste por diferencia en cambio de las inversiones en moneda extranjera, en acciones o participaciones en sociedades extranjeras, que constituyan activos fijos para el contribuyente solamente constituir\u00e1 ingreso, costo o gasto en el momento de la enajenaci\u00f3n, a cualquier t\u00edtulo, o de la liquidaci\u00f3n de la inversi\u00f3n.\u201d","og:url":"https:\/\/contadoreshoy.com\/?p=6759","og:image":"https:\/\/contadoreshoy.com\/wp-content\/uploads\/2024\/01\/cropped-cropped-cropped-Copia-de-M.jpg","og:image:secure_url":"https:\/\/contadoreshoy.com\/wp-content\/uploads\/2024\/01\/cropped-cropped-cropped-Copia-de-M.jpg","og:image:width":512,"og:image:height":371,"article:published_time":"2016-02-22T02:17:49+00:00","article:modified_time":"2017-02-05T02:59:12+00:00","twitter:card":"summary_large_image","twitter:title":"Oficio 35259 diciembre de 2015 \u2013 Diferencia en cambio activos normalizados - Contadores P\u00fablicos","twitter:description":"El ajuste por diferencia en cambio de las inversiones en moneda extranjera, en acciones o participaciones en sociedades extranjeras, que constituyan activos fijos para el contribuyente solamente constituir\u00e1 ingreso, costo o gasto en el momento de la enajenaci\u00f3n, a cualquier t\u00edtulo, o de la liquidaci\u00f3n de la inversi\u00f3n.\u201d","twitter:image":"https:\/\/contadoreshoy.com\/wp-content\/uploads\/2024\/01\/cropped-cropped-cropped-Copia-de-M.jpg"},"aioseo_meta_data":{"post_id":"6759","title":null,"description":null,"keywords":null,"keyphrases":null,"primary_term":null,"canonical_url":null,"og_title":null,"og_description":null,"og_object_type":"default","og_image_type":"default","og_image_url":null,"og_image_width":null,"og_image_height":null,"og_image_custom_url":null,"og_image_custom_fields":null,"og_video":null,"og_custom_url":null,"og_article_section":null,"og_article_tags":null,"twitter_use_og":false,"twitter_card":"default","twitter_image_type":"default","twitter_image_url":null,"twitter_image_custom_url":null,"twitter_image_custom_fields":null,"twitter_title":null,"twitter_description":null,"schema":{"blockGraphs":[],"customGraphs":[],"default":{"data":{"Article":[],"Course":[],"Dataset":[],"FAQPage":[],"Movie":[],"Person":[],"Product":[],"ProductReview":[],"Car":[],"Recipe":[],"Service":[],"SoftwareApplication":[],"WebPage":[]},"graphName":"","isEnabled":true},"graphs":[]},"schema_type":"default","schema_type_options":null,"pillar_content":false,"robots_default":true,"robots_noindex":false,"robots_noarchive":false,"robots_nosnippet":false,"robots_nofollow":false,"robots_noimageindex":false,"robots_noodp":false,"robots_notranslate":false,"robots_max_snippet":null,"robots_max_videopreview":null,"robots_max_imagepreview":"large","priority":null,"frequency":null,"local_seo":null,"breadcrumb_settings":null,"limit_modified_date":false,"ai":null,"created":"2024-03-05 01:32:29","updated":"2026-03-03 04:48:41","seo_analyzer_scan_date":null,"focus_keyword":null,"additional_keywords":null,"truseo_locale":null},"aioseo_breadcrumb":"<div class=\"aioseo-breadcrumbs\"><span class=\"aioseo-breadcrumb\">\n\t\t\t<a href=\"https:\/\/contadoreshoy.com\" title=\"Home\">Home<\/a>\n\t\t<\/span><span class=\"aioseo-breadcrumb-separator\">&raquo;<\/span><span class=\"aioseo-breadcrumb\">\n\t\t\t<a href=\"https:\/\/contadoreshoy.com\/?cat=456\" title=\"Conceptos y Oficios DIAN\">Conceptos y Oficios DIAN<\/a>\n\t\t<\/span><span class=\"aioseo-breadcrumb-separator\">&raquo;<\/span><span class=\"aioseo-breadcrumb\">\n\t\t\tOficio 35259 diciembre de 2015 \u2013  Diferencia en cambio activos normalizados\n\t\t<\/span><\/div>","aioseo_breadcrumb_json":[{"label":"Home","link":"https:\/\/contadoreshoy.com"},{"label":"Conceptos y Oficios DIAN","link":"https:\/\/contadoreshoy.com\/?cat=456"},{"label":"Oficio 35259 diciembre de 2015 &#8211;  Diferencia en cambio activos normalizados","link":"https:\/\/contadoreshoy.com\/?p=6759"}],"yoast_head":"<!-- This site is optimized with the Yoast SEO plugin v28.4 - https:\/\/yoast.com\/product\/yoast-seo-wordpress\/ -->\n<title>Oficio 35259 diciembre de 2015 - Diferencia en cambio activos normalizados - Contadores P\u00fablicos<\/title>\n<meta name=\"robots\" content=\"index, follow, max-snippet:-1, max-image-preview:large, max-video-preview:-1\" \/>\n<link rel=\"canonical\" href=\"https:\/\/contadoreshoy.com\/?p=6759\" \/>\n<meta property=\"og:locale\" content=\"es_ES\" \/>\n<meta property=\"og:type\" content=\"article\" \/>\n<meta property=\"og:title\" content=\"Oficio 35259 diciembre de 2015 - Diferencia en cambio activos normalizados - Contadores P\u00fablicos\" \/>\n<meta property=\"og:description\" content=\"El ajuste por diferencia en cambio de las inversiones en moneda extranjera, en acciones o participaciones en sociedades extranjeras, que constituyan activos fijos para el contribuyente solamente constituir\u00e1 ingreso, costo o gasto en el momento de la enajenaci\u00f3n, a cualquier t\u00edtulo, o de la liquidaci\u00f3n de la inversi\u00f3n.\u201d\" \/>\n<meta property=\"og:url\" content=\"https:\/\/contadoreshoy.com\/?p=6759\" \/>\n<meta property=\"og:site_name\" content=\"Contadores P\u00fablicos\" \/>\n<meta property=\"article:publisher\" content=\"https:\/\/www.facebook.com\/CCCPBucaramanga\/\" \/>\n<meta property=\"article:published_time\" content=\"2016-02-22T02:17:49+00:00\" \/>\n<meta property=\"article:modified_time\" content=\"2017-02-05T02:59:12+00:00\" \/>\n<meta property=\"og:image\" content=\"https:\/\/contadoreshoy.com\/wp-content\/uploads\/2016\/02\/Normalizaci\u00f3n.jpg\" \/>\n\t<meta property=\"og:image:width\" content=\"600\" \/>\n\t<meta property=\"og:image:height\" content=\"400\" \/>\n\t<meta property=\"og:image:type\" content=\"image\/jpeg\" \/>\n<meta name=\"author\" content=\"Miguel Antonio M\u00e1rquez Monta\u00f1ez\" \/>\n<meta name=\"twitter:card\" content=\"summary_large_image\" \/>\n<meta name=\"twitter:label1\" content=\"Escrito por\" \/>\n\t<meta name=\"twitter:data1\" content=\"Miguel Antonio M\u00e1rquez Monta\u00f1ez\" \/>\n\t<meta name=\"twitter:label2\" content=\"Tiempo de lectura\" \/>\n\t<meta name=\"twitter:data2\" content=\"7 minutos\" \/>\n<script type=\"application\/ld+json\" class=\"yoast-schema-graph\">{\"@context\":\"https:\\\/\\\/schema.org\",\"@graph\":[{\"@type\":\"Article\",\"@id\":\"https:\\\/\\\/contadoreshoy.com\\\/?p=6759#article\",\"isPartOf\":{\"@id\":\"https:\\\/\\\/contadoreshoy.com\\\/?p=6759\"},\"author\":{\"name\":\"Miguel Antonio M\u00e1rquez Monta\u00f1ez\",\"@id\":\"https:\\\/\\\/contadoreshoy.com\\\/#\\\/schema\\\/person\\\/96d8979cb865537c5dc9345e40089fc5\"},\"headline\":\"Oficio 35259 diciembre de 2015 &#8211; Diferencia en cambio activos normalizados\",\"datePublished\":\"2016-02-22T02:17:49+00:00\",\"dateModified\":\"2017-02-05T02:59:12+00:00\",\"mainEntityOfPage\":{\"@id\":\"https:\\\/\\\/contadoreshoy.com\\\/?p=6759\"},\"wordCount\":1420,\"commentCount\":0,\"publisher\":{\"@id\":\"https:\\\/\\\/contadoreshoy.com\\\/#organization\"},\"image\":{\"@id\":\"https:\\\/\\\/contadoreshoy.com\\\/?p=6759#primaryimage\"},\"thumbnailUrl\":\"https:\\\/\\\/contadoreshoy.com\\\/wp-content\\\/uploads\\\/2016\\\/02\\\/Normalizaci\u00f3n.jpg\",\"articleSection\":[\"Conceptos y Oficios DIAN\"],\"inLanguage\":\"es\",\"potentialAction\":[{\"@type\":\"CommentAction\",\"name\":\"Comment\",\"target\":[\"https:\\\/\\\/contadoreshoy.com\\\/?p=6759#respond\"]}]},{\"@type\":\"WebPage\",\"@id\":\"https:\\\/\\\/contadoreshoy.com\\\/?p=6759\",\"url\":\"https:\\\/\\\/contadoreshoy.com\\\/?p=6759\",\"name\":\"Oficio 35259 diciembre de 2015 - Diferencia en cambio activos normalizados - Contadores P\u00fablicos\",\"isPartOf\":{\"@id\":\"https:\\\/\\\/contadoreshoy.com\\\/#website\"},\"primaryImageOfPage\":{\"@id\":\"https:\\\/\\\/contadoreshoy.com\\\/?p=6759#primaryimage\"},\"image\":{\"@id\":\"https:\\\/\\\/contadoreshoy.com\\\/?p=6759#primaryimage\"},\"thumbnailUrl\":\"https:\\\/\\\/contadoreshoy.com\\\/wp-content\\\/uploads\\\/2016\\\/02\\\/Normalizaci\u00f3n.jpg\",\"datePublished\":\"2016-02-22T02:17:49+00:00\",\"dateModified\":\"2017-02-05T02:59:12+00:00\",\"breadcrumb\":{\"@id\":\"https:\\\/\\\/contadoreshoy.com\\\/?p=6759#breadcrumb\"},\"inLanguage\":\"es\",\"potentialAction\":[{\"@type\":\"ReadAction\",\"target\":[\"https:\\\/\\\/contadoreshoy.com\\\/?p=6759\"]}]},{\"@type\":\"ImageObject\",\"inLanguage\":\"es\",\"@id\":\"https:\\\/\\\/contadoreshoy.com\\\/?p=6759#primaryimage\",\"url\":\"https:\\\/\\\/contadoreshoy.com\\\/wp-content\\\/uploads\\\/2016\\\/02\\\/Normalizaci\u00f3n.jpg\",\"contentUrl\":\"https:\\\/\\\/contadoreshoy.com\\\/wp-content\\\/uploads\\\/2016\\\/02\\\/Normalizaci\u00f3n.jpg\",\"width\":600,\"height\":400},{\"@type\":\"BreadcrumbList\",\"@id\":\"https:\\\/\\\/contadoreshoy.com\\\/?p=6759#breadcrumb\",\"itemListElement\":[{\"@type\":\"ListItem\",\"position\":1,\"name\":\"Portada\",\"item\":\"https:\\\/\\\/contadoreshoy.com\\\/\"},{\"@type\":\"ListItem\",\"position\":2,\"name\":\"Oficio 35259 diciembre de 2015 &#8211; Diferencia en cambio activos normalizados\"}]},{\"@type\":\"WebSite\",\"@id\":\"https:\\\/\\\/contadoreshoy.com\\\/#website\",\"url\":\"https:\\\/\\\/contadoreshoy.com\\\/\",\"name\":\"Contadorespublicossantander\",\"description\":\"Portal para Contadores P\u00fablicos y empresarios\",\"publisher\":{\"@id\":\"https:\\\/\\\/contadoreshoy.com\\\/#organization\"},\"potentialAction\":[{\"@type\":\"SearchAction\",\"target\":{\"@type\":\"EntryPoint\",\"urlTemplate\":\"https:\\\/\\\/contadoreshoy.com\\\/?s={search_term_string}\"},\"query-input\":{\"@type\":\"PropertyValueSpecification\",\"valueRequired\":true,\"valueName\":\"search_term_string\"}}],\"inLanguage\":\"es\"},{\"@type\":\"Organization\",\"@id\":\"https:\\\/\\\/contadoreshoy.com\\\/#organization\",\"name\":\"Contadores P\u00fablicos de Santander\",\"url\":\"https:\\\/\\\/contadoreshoy.com\\\/\",\"logo\":{\"@type\":\"ImageObject\",\"inLanguage\":\"es\",\"@id\":\"https:\\\/\\\/contadoreshoy.com\\\/#\\\/schema\\\/logo\\\/image\\\/\",\"url\":\"https:\\\/\\\/contadoreshoy.com\\\/wp-content\\\/uploads\\\/2024\\\/01\\\/cropped-cropped-Copia-de-M-1.jpg\",\"contentUrl\":\"https:\\\/\\\/contadoreshoy.com\\\/wp-content\\\/uploads\\\/2024\\\/01\\\/cropped-cropped-Copia-de-M-1.jpg\",\"width\":499,\"height\":500,\"caption\":\"Contadores P\u00fablicos de Santander\"},\"image\":{\"@id\":\"https:\\\/\\\/contadoreshoy.com\\\/#\\\/schema\\\/logo\\\/image\\\/\"},\"sameAs\":[\"https:\\\/\\\/www.facebook.com\\\/CCCPBucaramanga\\\/\"]},{\"@type\":\"Person\",\"@id\":\"https:\\\/\\\/contadoreshoy.com\\\/#\\\/schema\\\/person\\\/96d8979cb865537c5dc9345e40089fc5\",\"name\":\"Miguel Antonio M\u00e1rquez Monta\u00f1ez\",\"description\":\"Contador P\u00fablico egresado de la Universidad Aut\u00f3noma de Bucaramanga - Asesor contable tributario con m\u00e1s de 25 a\u00f1os de experiencia - Conferencista en temas contables y tributarios - T\u00e9cnico en Hardware y Dise\u00f1o Web - Creador y director Grupo de Estudio Colegio Colombiano de Contadores P\u00fablicos de Bucaramanga - Creador y Master Web p\u00e1gina www.contadoresp\u00fablicossantander.com - Expresidente Colegio Colombiano de Contadores P\u00fablicos Bucaramanga\",\"url\":\"https:\\\/\\\/contadoreshoy.com\\\/?author=1\"}]}<\/script>\n<!-- \/ Yoast SEO plugin. -->","yoast_head_json":{"title":"Oficio 35259 diciembre de 2015 - Diferencia en cambio activos normalizados - Contadores P\u00fablicos","robots":{"index":"index","follow":"follow","max-snippet":"max-snippet:-1","max-image-preview":"max-image-preview:large","max-video-preview":"max-video-preview:-1"},"canonical":"https:\/\/contadoreshoy.com\/?p=6759","og_locale":"es_ES","og_type":"article","og_title":"Oficio 35259 diciembre de 2015 - Diferencia en cambio activos normalizados - Contadores P\u00fablicos","og_description":"El ajuste por diferencia en cambio de las inversiones en moneda extranjera, en acciones o participaciones en sociedades extranjeras, que constituyan activos fijos para el contribuyente solamente constituir\u00e1 ingreso, costo o gasto en el momento de la enajenaci\u00f3n, a cualquier t\u00edtulo, o de la liquidaci\u00f3n de la inversi\u00f3n.\u201d","og_url":"https:\/\/contadoreshoy.com\/?p=6759","og_site_name":"Contadores P\u00fablicos","article_publisher":"https:\/\/www.facebook.com\/CCCPBucaramanga\/","article_published_time":"2016-02-22T02:17:49+00:00","article_modified_time":"2017-02-05T02:59:12+00:00","og_image":[{"width":600,"height":400,"url":"https:\/\/contadoreshoy.com\/wp-content\/uploads\/2016\/02\/Normalizaci\u00f3n.jpg","type":"image\/jpeg"}],"author":"Miguel Antonio M\u00e1rquez Monta\u00f1ez","twitter_card":"summary_large_image","twitter_misc":{"Escrito por":"Miguel Antonio M\u00e1rquez Monta\u00f1ez","Tiempo de lectura":"7 minutos"},"schema":{"@context":"https:\/\/schema.org","@graph":[{"@type":"Article","@id":"https:\/\/contadoreshoy.com\/?p=6759#article","isPartOf":{"@id":"https:\/\/contadoreshoy.com\/?p=6759"},"author":{"name":"Miguel Antonio M\u00e1rquez Monta\u00f1ez","@id":"https:\/\/contadoreshoy.com\/#\/schema\/person\/96d8979cb865537c5dc9345e40089fc5"},"headline":"Oficio 35259 diciembre de 2015 &#8211; Diferencia en cambio activos normalizados","datePublished":"2016-02-22T02:17:49+00:00","dateModified":"2017-02-05T02:59:12+00:00","mainEntityOfPage":{"@id":"https:\/\/contadoreshoy.com\/?p=6759"},"wordCount":1420,"commentCount":0,"publisher":{"@id":"https:\/\/contadoreshoy.com\/#organization"},"image":{"@id":"https:\/\/contadoreshoy.com\/?p=6759#primaryimage"},"thumbnailUrl":"https:\/\/contadoreshoy.com\/wp-content\/uploads\/2016\/02\/Normalizaci\u00f3n.jpg","articleSection":["Conceptos y Oficios DIAN"],"inLanguage":"es","potentialAction":[{"@type":"CommentAction","name":"Comment","target":["https:\/\/contadoreshoy.com\/?p=6759#respond"]}]},{"@type":"WebPage","@id":"https:\/\/contadoreshoy.com\/?p=6759","url":"https:\/\/contadoreshoy.com\/?p=6759","name":"Oficio 35259 diciembre de 2015 - Diferencia en cambio activos normalizados - Contadores P\u00fablicos","isPartOf":{"@id":"https:\/\/contadoreshoy.com\/#website"},"primaryImageOfPage":{"@id":"https:\/\/contadoreshoy.com\/?p=6759#primaryimage"},"image":{"@id":"https:\/\/contadoreshoy.com\/?p=6759#primaryimage"},"thumbnailUrl":"https:\/\/contadoreshoy.com\/wp-content\/uploads\/2016\/02\/Normalizaci\u00f3n.jpg","datePublished":"2016-02-22T02:17:49+00:00","dateModified":"2017-02-05T02:59:12+00:00","breadcrumb":{"@id":"https:\/\/contadoreshoy.com\/?p=6759#breadcrumb"},"inLanguage":"es","potentialAction":[{"@type":"ReadAction","target":["https:\/\/contadoreshoy.com\/?p=6759"]}]},{"@type":"ImageObject","inLanguage":"es","@id":"https:\/\/contadoreshoy.com\/?p=6759#primaryimage","url":"https:\/\/contadoreshoy.com\/wp-content\/uploads\/2016\/02\/Normalizaci\u00f3n.jpg","contentUrl":"https:\/\/contadoreshoy.com\/wp-content\/uploads\/2016\/02\/Normalizaci\u00f3n.jpg","width":600,"height":400},{"@type":"BreadcrumbList","@id":"https:\/\/contadoreshoy.com\/?p=6759#breadcrumb","itemListElement":[{"@type":"ListItem","position":1,"name":"Portada","item":"https:\/\/contadoreshoy.com\/"},{"@type":"ListItem","position":2,"name":"Oficio 35259 diciembre de 2015 &#8211; Diferencia en cambio activos normalizados"}]},{"@type":"WebSite","@id":"https:\/\/contadoreshoy.com\/#website","url":"https:\/\/contadoreshoy.com\/","name":"Contadorespublicossantander","description":"Portal para Contadores P\u00fablicos y empresarios","publisher":{"@id":"https:\/\/contadoreshoy.com\/#organization"},"potentialAction":[{"@type":"SearchAction","target":{"@type":"EntryPoint","urlTemplate":"https:\/\/contadoreshoy.com\/?s={search_term_string}"},"query-input":{"@type":"PropertyValueSpecification","valueRequired":true,"valueName":"search_term_string"}}],"inLanguage":"es"},{"@type":"Organization","@id":"https:\/\/contadoreshoy.com\/#organization","name":"Contadores P\u00fablicos de Santander","url":"https:\/\/contadoreshoy.com\/","logo":{"@type":"ImageObject","inLanguage":"es","@id":"https:\/\/contadoreshoy.com\/#\/schema\/logo\/image\/","url":"https:\/\/contadoreshoy.com\/wp-content\/uploads\/2024\/01\/cropped-cropped-Copia-de-M-1.jpg","contentUrl":"https:\/\/contadoreshoy.com\/wp-content\/uploads\/2024\/01\/cropped-cropped-Copia-de-M-1.jpg","width":499,"height":500,"caption":"Contadores P\u00fablicos de Santander"},"image":{"@id":"https:\/\/contadoreshoy.com\/#\/schema\/logo\/image\/"},"sameAs":["https:\/\/www.facebook.com\/CCCPBucaramanga\/"]},{"@type":"Person","@id":"https:\/\/contadoreshoy.com\/#\/schema\/person\/96d8979cb865537c5dc9345e40089fc5","name":"Miguel Antonio M\u00e1rquez Monta\u00f1ez","description":"Contador P\u00fablico egresado de la Universidad Aut\u00f3noma de Bucaramanga - Asesor contable tributario con m\u00e1s de 25 a\u00f1os de experiencia - Conferencista en temas contables y tributarios - T\u00e9cnico en Hardware y Dise\u00f1o Web - Creador y director Grupo de Estudio Colegio Colombiano de Contadores P\u00fablicos de Bucaramanga - Creador y Master Web p\u00e1gina www.contadoresp\u00fablicossantander.com - Expresidente Colegio Colombiano de Contadores P\u00fablicos Bucaramanga","url":"https:\/\/contadoreshoy.com\/?author=1"}]}},"_links":{"self":[{"href":"https:\/\/contadoreshoy.com\/index.php?rest_route=\/wp\/v2\/posts\/6759","targetHints":{"allow":["GET"]}}],"collection":[{"href":"https:\/\/contadoreshoy.com\/index.php?rest_route=\/wp\/v2\/posts"}],"about":[{"href":"https:\/\/contadoreshoy.com\/index.php?rest_route=\/wp\/v2\/types\/post"}],"author":[{"embeddable":true,"href":"https:\/\/contadoreshoy.com\/index.php?rest_route=\/wp\/v2\/users\/1"}],"replies":[{"embeddable":true,"href":"https:\/\/contadoreshoy.com\/index.php?rest_route=%2Fwp%2Fv2%2Fcomments&post=6759"}],"version-history":[{"count":1,"href":"https:\/\/contadoreshoy.com\/index.php?rest_route=\/wp\/v2\/posts\/6759\/revisions"}],"predecessor-version":[{"id":7921,"href":"https:\/\/contadoreshoy.com\/index.php?rest_route=\/wp\/v2\/posts\/6759\/revisions\/7921"}],"wp:featuredmedia":[{"embeddable":true,"href":"https:\/\/contadoreshoy.com\/index.php?rest_route=\/wp\/v2\/media\/6846"}],"wp:attachment":[{"href":"https:\/\/contadoreshoy.com\/index.php?rest_route=%2Fwp%2Fv2%2Fmedia&parent=6759"}],"wp:term":[{"taxonomy":"category","embeddable":true,"href":"https:\/\/contadoreshoy.com\/index.php?rest_route=%2Fwp%2Fv2%2Fcategories&post=6759"},{"taxonomy":"post_tag","embeddable":true,"href":"https:\/\/contadoreshoy.com\/index.php?rest_route=%2Fwp%2Fv2%2Ftags&post=6759"}],"curies":[{"name":"wp","href":"https:\/\/api.w.org\/{rel}","templated":true}]}}