{"id":6761,"date":"2016-02-22T21:21:41","date_gmt":"2016-02-23T02:21:41","guid":{"rendered":"http:\/\/colegiocolombianodecontadores.com\/?p=6761"},"modified":"2017-02-04T21:59:12","modified_gmt":"2017-02-05T02:59:12","slug":"oficio-35262-diciembre-2015-dian-retencion-en-venta-vehiculo-a-persona-indeterminada","status":"publish","type":"post","link":"https:\/\/contadoreshoy.com\/?p=6761","title":{"rendered":"Oficio 35262 diciembre 2015 DIAN &#8211; Retenci\u00f3n en venta veh\u00edculo a persona indeterminada"},"content":{"rendered":"<p style=\"text-align: center;\">OFICIO N\u00daMERO 035262 DE 2015 &#8211; DIAN<br \/>\n( diciembre 11)<\/p>\n<p style=\"text-align: justify;\">Subdirecci\u00f3n de Gesti\u00f3n Normativa y Doctrina Bogot\u00e1, D. C. 100208221-001588<\/p>\n<p style=\"text-align: justify;\">Se\u00f1or:<br \/>\n\u00d3SCAR DE JES\u00daS SALDARRIAGA CARDONA<\/p>\n<p style=\"text-align: justify;\">oscarsaca86@yahoo.com Calle 31 No. 23-27<br \/>\nTulu\u00e1 &#8211; Valle del Cauca<\/p>\n<p style=\"text-align: justify;\">Referencia: Radicado 100026278 del 03\/09\/2015<br \/>\nTema Impuesto sobre la Renta y Complementarios<br \/>\nDescriptores Retenci\u00f3n en el Impuesto sobre la Renta<\/p>\n<p style=\"text-align: justify;\">Fuentes formales Art\u00edculos 398, 392, 401, 437-1 y 437-2 del Estatuto Tributario.<\/p>\n<p style=\"text-align: justify;\">Cordial saludo, se\u00f1or Saldarriaga:<\/p>\n<p style=\"text-align: justify;\">Conforme con el art\u00edculo 20 del Decreto 4048 es funci\u00f3n de esta Subdirecci\u00f3n absolver de modo general las consultas escritas que se formulen sobre interpretaci\u00f3n y aplicaci\u00f3n de las normas tributarias de car\u00e1cter nacional, aduaneras y cambiarias en lo de competencia de esta entidad.<\/p>\n<p style=\"text-align: justify;\"><span style=\"color: #0000ff;\">En particular se consulta sobre la retenci\u00f3n en la operaci\u00f3n de venta de un veh\u00edculo en el cual figura en el traspaso como propietario una persona indeterminada y sobre el efecto que esto tiene en la retenci\u00f3n, porque supuestamente se presenta la falta de identificaci\u00f3n del beneficiario del ingreso<\/span>.<\/p>\n<p style=\"text-align: justify;\">1. Sobre esta materia corresponde exponer que la venta de veh\u00edculos se identifica con el contrato de compraventa de bienes muebles, operaci\u00f3n para la cual se debe tener en cuenta la definici\u00f3n legal contenida en el C\u00f3digo Civil en su art\u00edculo 1849 \u201cLa compra venta es un contrato en que una de las partes se obliga a dar una cosa y la otra a pagarla en dinero o en especie. El dinero que el comprador da por la cosa vendida se llama precio\u201d.<\/p>\n<p style=\"text-align: justify;\">Asimismo debe considerarse que de acuerdo con el art\u00edculo 1857 Ib\u00eddem <span style=\"color: #ff9900;\">salvo la venta de bienes ra\u00edces y servidumbre y la de una sucesi\u00f3n hereditaria, la venta se reputa perfecta desde que las partes han convenido en la cosa y en el precio.<\/span><\/p>\n<p style=\"text-align: justify;\"><span style=\"color: #ff9900;\">De lo anterior se puede concluir que la venta de un veh\u00edculo se reputa perfecta desde el momento en que una de las partes se obliga a transferir la propiedad del bien y la otra a pagar el precio acordado.<\/span><\/p>\n<p style=\"text-align: justify;\"><span style=\"color: #ff9900;\">Cabe observar que en los diferentes contratos se deben identificar las partes, dado que este es uno de los elementos esenciales de los contratos; es decir, debe existir un vendedor y un comprador. En tal forma que si no existen las partes plenamente identificadas, no puede hablarse de contrato, porque falta uno de los elementos de la naturaleza de esta figura jur\u00eddica.<\/span><\/p>\n<p style=\"text-align: justify;\"><span style=\"color: #ff9900;\">As\u00ed las cosas, no puede existir una venta sin que exista vendedor, considerando que el derecho de dominio solo puede predicarse como un derecho de una persona jur\u00eddica o natural plenamente identificada sobre una cosa corporal.<\/span><\/p>\n<p style=\"text-align: justify;\">Art\u00edculo 669. &lt;Concepto de dominio&gt;. &lt;Aparte tachado INEXEQUIBLE&gt; El dominio que se llama tambi\u00e9n propiedad es el derecho real en una cosa corporal, para gozar y disponer de ella arbitrariamente, no siendo contra ley o contra derecho ajeno. La propiedad separada del goce de la cosa se llama mera o nuda propiedad.<\/p>\n<p style=\"text-align: justify;\">De lo antes expuesto, deviene concluir que en caso de compraventa de un veh\u00edculo debe existir un vendedor y un comprador, el vendedor es quien tiene la propiedad del bien y el comprador es quien recibe la propiedad, para dicha transferencia puede establecerse como contraprestaci\u00f3n el pago de un precio, el cual debe ser recibido por el vendedor y pagado por el comprador.<\/p>\n<p style=\"text-align: justify;\">El beneficiario del ingreso es el vendedor, por tanto, la persona a quien se realice el pago o abono en cuenta debe estar plenamente identificada en el contrato soporte de la operaci\u00f3n.<\/p>\n<p style=\"text-align: justify;\">2. En lo relacionado con el momento en que se debe practicar la retenci\u00f3n con ocasi\u00f3n del contrato de venta, es necesario remitirnos a las cl\u00e1usulas particulares de cada contrato e identificar si se trata de un pago o abono en cuenta, habida cuenta que estos eventos son los que se identifican con el tiempo en el cual se debe practicar la retenci\u00f3n.<\/p>\n<p style=\"text-align: justify;\">Los art\u00edculos 437-1 y 437-2, del Estatuto Tributario, expresamente se\u00f1alan que se practicar\u00e1 retenci\u00f3n en la fuente a t\u00edtulo del impuesto sobre las ventas, \u201cen el momento del pago o abono en cuenta, lo que ocurra primero\u201d.<\/p>\n<p style=\"text-align: justify;\">Si el retenedor efect\u00faa el pago de manera parcial, sobre esa parte deber\u00e1 efectuarse la retenci\u00f3n del IVA, siempre y cuando el retenido no detente bajo ninguna circunstancia la calidad de agente retenedor frente al impuesto.<\/p>\n<p style=\"text-align: justify;\">Por otra parte, en lo relacionado con pagos que sean ingresos constitutivos de renta se debe practicar retenci\u00f3n en la fuente, para tal efecto, corresponde verificar las normas que regulan tal actuaci\u00f3n, en particular los art\u00edculos 392 a 401 del Estatuto Tributario e identificar de qu\u00e9 tipo de ingreso se trata.<\/p>\n<p style=\"text-align: justify;\">Sobre esta materia en Oficio 052332 de 28 de agosto de 2014 este despacho ya se manifest\u00f3 indicando lo siguiente:<\/p>\n<p style=\"text-align: justify;\">\u201cDe otra parte, los agentes de retenci\u00f3n en la fuente, como mecanismo anticipado del recaudo del impuesto correspondiente, est\u00e1n obligados a efectuar la retenci\u00f3n o percepci\u00f3n del tributo, en raz\u00f3n a sus funciones cuando intervengan en actos u operaciones en los cuales deben, por expresa disposici\u00f3n legal, efectuar dicha retenci\u00f3n o percepci\u00f3n. Tambi\u00e9n, deber\u00e1n consignar el valor retenido en los lugares y dentro de los plazos que para tal efecto se\u00f1ale el Gobierno nacional.<\/p>\n<p style=\"text-align: justify;\">Acorde con los art\u00edculos 392 y 401 del Estatuto ib\u00eddem, est\u00e1n sujetos a retenci\u00f3n en la fuente los pagos o abonos en cuenta que hagan las personas jur\u00eddicas y sociedades de hecho por concepto de honorarios, comisiones, servicios y arrendamientos. Sin perjuicio de las retenciones contempladas en las disposiciones vigentes a la fecha de expedici\u00f3n de la Ley 50 de 1984, a saber: Ingresos laborales, dividendos y participaciones; honorarios, comisiones, servicios, arrendamientos, rendimientos financieros, enajenaci\u00f3n de activos fijos, loter\u00edas, rifas, apuestas y similares; patrimonio, pagos al exterior y remesas, el Gobierno podr\u00e1 establecer retenciones en la fuente sobre los pagos o abonos en cuenta susceptibles de constituir ingreso tributario para el contribuyente del impuesto sobre la renta, que hagan las personas jur\u00eddicas y las sociedades de hecho.<\/p>\n<p style=\"text-align: justify;\">As\u00ed las cosas, quien realice pagos o abonos a nombre propio o de terceros, deber\u00e1 retener a t\u00edtulo del impuesto sobre la renta y complementarios por los conceptos y porcentajes que le corresponda a los contribuyentes beneficiarios de los mismos.<\/p>\n<p style=\"text-align: justify;\">Indistintamente, se utilice cualquier medio de cobro, ll\u00e1mese cuenta de cobro, que factura, bono, etc&#8230; y en raz\u00f3n a que el pago se realiza en cumplimiento de una obligaci\u00f3n que no se encuentra expresamente excluida de la aplicaci\u00f3n de la retenci\u00f3n en la fuente, esta deber\u00e1 efectuarse obligatoriamente\u201d. (Subrayados y negritas fuera de texto).<\/p>\n<p style=\"text-align: justify;\">3. Finalmente debe se\u00f1alarse que <span style=\"color: #0000ff;\">mediante la Resoluci\u00f3n n\u00famero 10028 de 2012 del Ministerio de Transporte se adopt\u00f3 el procedimiento especial para inscribir ante un organismo de tr\u00e1nsito el traspaso de un veh\u00edculo a persona indeterminada y regular el procedimiento para que los organismos de tr\u00e1nsito procedan a realizar la cancelaci\u00f3n del registro de aquellos veh\u00edculos.<\/span><\/p>\n<p style=\"text-align: justify;\">Los art\u00edculos 1\u00b0 y 2\u00b0 de la citada resoluci\u00f3n reglamentan:<\/p>\n<p style=\"text-align: justify;\"><span style=\"color: #ff9900;\">Art\u00edculo 1\u00b0. Objeto. La presente resoluci\u00f3n tiene por objeto adoptar el procedimiento especial para inscribir ante un organismo de tr\u00e1nsito el traspaso de un veh\u00edculo a persona indeterminada y regular el procedimiento para que los organismos de tr\u00e1nsito procedan a realizar la cancelaci\u00f3n del registro de aquellos veh\u00edculos que se encuentren registrados con la inscripci\u00f3n de persona indeterminada, una vez cumplidos los requisitos para tal fin<\/span>.<\/p>\n<p style=\"text-align: justify;\">Art\u00edculo 2\u00b0. Titular del procedimiento para la inscripci\u00f3n del traspaso de un veh\u00edculo a persona indeterminada. <span style=\"color: #ff9900;\">Es titular del procedimiento para la inscripci\u00f3n del traspaso a persona indeterminada, el propietario registrado ante el organismo de tr\u00e1nsito, quien puede actuar directamente o por medio de apoderado, siempre y cuando se encuentre bajo las siguientes circunstancias:<\/span><\/p>\n<p style=\"text-align: justify;\">a) Que se encuentre a paz y salvo por concepto de multas, comparendos y obligaciones<br \/>\ntributarias que graven el veh\u00edculo, salvo que goce de alguna exenci\u00f3n tributaria.<br \/>\n<span style=\"color: #ff9900;\">b) Que demuestre que han transcurrido al menos tres (3) a\u00f1os contados desde el momento<\/span><br \/>\n<span style=\"color: #ff9900;\"> en que dej\u00f3 de ser poseedor.<\/span><br \/>\n<span style=\"color: #ff9900;\">c) Que no cuente con el contrato de compraventa para efectuar el tr\u00e1mite de traspaso.<\/span><br \/>\nd) Que las circunstancias en que se encuentre, no se ajusten a ninguna de las causales de cancelaci\u00f3n de matr\u00edcula, previstas en el art\u00edculo 40 del C\u00f3digo Nacional de Tr\u00e1nsito Terrestre.<\/p>\n<p style=\"text-align: justify;\"><span style=\"color: #ff9900;\">Se observa que dicha reglamentaci\u00f3n tiene entre sus fines crear un procedimiento para solucionar la situaci\u00f3n en que se encuentran los propietarios que han efectuado la enajenaci\u00f3n de sus veh\u00edculos sin realizar los tr\u00e1mites de registro correspondientes y no tienen la posesi\u00f3n de estos automotores.<\/span><\/p>\n<p style=\"text-align: justify;\">Por tanto, es procedente explicar que la hip\u00f3tesis planteada en la presente consulta no puede tener como soporte dicha Resoluci\u00f3n, toda vez que el contenido de este acto administrativo no est\u00e1 autorizando los traspasos o venta de veh\u00edculos que tengan inscritos como propietarios una\u00a0persona indeterminada, sino la inscripci\u00f3n de traspaso de veh\u00edculo por parte de quien aparece como propietario en el registro a una persona indeterminada, porque luego de haber realizado la venta o enajenaci\u00f3n no se realiz\u00f3 el registro correspondiente en su oportunidad y en la actualidad sigue apareciendo como propietario.<\/p>\n<p style=\"text-align: justify;\"><span style=\"color: #ff6600;\"><strong>En todo caso, en relaci\u00f3n con el tema tributario debe tenerse en cuenta lo previsto en el art\u00edculo 398 del Estatuto Tributario, que con respecto a la retenci\u00f3n en la fuente en la venta de veh\u00edculos, precisa:<\/strong><\/span><\/p>\n<p style=\"text-align: justify;\"><span style=\"color: #ff6600;\"><strong>\u201cArt\u00edculo 398. Retenci\u00f3n en la enajenaci\u00f3n de activos fijos de personas naturales. Los ingresos que obtengan las personas naturales por concepto de la enajenaci\u00f3n de activos fijos, estar\u00e1n sometidos a una retenci\u00f3n en la fuente equivalente al uno por ciento (1%) del valor de la enajenaci\u00f3n.<\/strong><\/span><\/p>\n<p style=\"text-align: justify;\"><span style=\"color: #ff6600;\"><strong>La retenci\u00f3n aqu\u00ed prevista deber\u00e1 cancelarse previamente a la enajenaci\u00f3n del bien, ante el notario en el caso de bienes ra\u00edces, ante las oficinas de Tr\u00e1nsito cuando se trate de veh\u00edculos automotores, o ante las entidades autorizadas para recaudar impuestos en los dem\u00e1s casos\u201d. (Negrilla fuera del texto).<\/strong><\/span><\/p>\n<p style=\"text-align: justify;\">Norma que est\u00e1 vigente y se sigue aplicando en el territorio nacional.<\/p>\n<p style=\"text-align: justify;\">En los anteriores t\u00e9rminos se absuelve su consulta y cordialmente le informamos que tanto la normatividad en materia tributaria, aduanera y cambiaria, como los conceptos emitidos por la Direcci\u00f3n de Gesti\u00f3n Jur\u00eddica en estas materias pueden consultarse directamente en nuestras bases de datos jur\u00eddicas ingresando a la p\u00e1gina electr\u00f3nica de la DIAN: http:\/\/ www.dian.gov.co siguiendo el \u00edcono de \u201cNormatividad\u201d \u2013 \u201c t\u00e9cnica\u201d, y seleccionando los v\u00ednculos \u201cdoctrina\u201d y \u201cDirecci\u00f3n de Gesti\u00f3n Jur\u00eddica\u201d.<\/p>\n<p style=\"text-align: justify;\">Atentamente,<\/p>\n<p style=\"text-align: justify;\">El Subdirector de Gesti\u00f3n Normativa y Doctrina (e),<br \/>\nPedro Pablo Contreras Camargo.<br \/>\n( C. F. ).<\/p>\n","protected":false},"excerpt":{"rendered":"<p>Los ingresos que obtengan las personas naturales por concepto de la enajenaci\u00f3n de activos fijos, estar\u00e1n sometidos a una retenci\u00f3n en la fuente equivalente al uno por ciento (1%) del valor de la enajenaci\u00f3n. La retenci\u00f3n aqu\u00ed prevista deber\u00e1 cancelarse previamente a la enajenaci\u00f3n del bien, ante el notario en el caso de bienes ra\u00edces, ante las oficinas de Tr\u00e1nsito cuando se trate de veh\u00edculos automotores, o ante las entidades autorizadas para recaudar impuestos en los dem\u00e1s casos\u201d<\/p>\n","protected":false},"author":1,"featured_media":6434,"comment_status":"open","ping_status":"open","sticky":false,"template":"","format":"standard","meta":{"_monsterinsights_skip_tracking":false,"ngg_post_thumbnail":0,"footnotes":"","_links_to":"","_links_to_target":""},"categories":[456],"tags":[],"class_list":["post-6761","post","type-post","status-publish","format-standard","has-post-thumbnail","hentry","category-conceptos-y-oficios-dian"],"aioseo_notices":[],"aioseo_head":"\n\t\t<!-- All in One SEO 5.0.1.1 - aioseo.com -->\n\t<meta name=\"description\" content=\"Los ingresos que obtengan las personas naturales por concepto de la enajenaci\u00f3n de activos fijos, estar\u00e1n sometidos a una retenci\u00f3n en la fuente equivalente al uno por ciento (1%) del valor de la enajenaci\u00f3n. La retenci\u00f3n aqu\u00ed prevista deber\u00e1 cancelarse previamente a la enajenaci\u00f3n del bien, ante el notario en el caso de bienes ra\u00edces, ante las oficinas de Tr\u00e1nsito cuando se trate de veh\u00edculos automotores, o ante las entidades autorizadas para recaudar impuestos en los dem\u00e1s casos\u201d\" \/>\n\t<meta name=\"robots\" content=\"max-image-preview:large\" \/>\n\t<meta name=\"author\" content=\"Miguel Antonio M\u00e1rquez Monta\u00f1ez\"\/>\n\t<link rel=\"canonical\" href=\"https:\/\/contadoreshoy.com\/?p=6761\" \/>\n\t<meta name=\"generator\" content=\"All in One SEO (AIOSEO) 5.0.1.1\" \/>\n\t\t<meta property=\"og:locale\" content=\"es_ES\" \/>\n\t\t<meta property=\"og:site_name\" content=\"Contadores P\u00fablicos - Portal para Contadores P\u00fablicos y empresarios\" \/>\n\t\t<meta property=\"og:type\" content=\"article\" \/>\n\t\t<meta property=\"og:title\" content=\"Oficio 35262 diciembre 2015 DIAN \u2013 Retenci\u00f3n en venta veh\u00edculo a persona indeterminada - Contadores P\u00fablicos\" \/>\n\t\t<meta property=\"og:description\" content=\"Los ingresos que obtengan las personas naturales por concepto de la enajenaci\u00f3n de activos fijos, estar\u00e1n sometidos a una retenci\u00f3n en la fuente equivalente al uno por ciento (1%) del valor de la enajenaci\u00f3n. La retenci\u00f3n aqu\u00ed prevista deber\u00e1 cancelarse previamente a la enajenaci\u00f3n del bien, ante el notario en el caso de bienes ra\u00edces, ante las oficinas de Tr\u00e1nsito cuando se trate de veh\u00edculos automotores, o ante las entidades autorizadas para recaudar impuestos en los dem\u00e1s casos\u201d\" \/>\n\t\t<meta property=\"og:url\" content=\"https:\/\/contadoreshoy.com\/?p=6761\" \/>\n\t\t<meta property=\"og:image\" content=\"https:\/\/contadoreshoy.com\/wp-content\/uploads\/2024\/01\/cropped-cropped-cropped-Copia-de-M.jpg\" \/>\n\t\t<meta property=\"og:image:secure_url\" content=\"https:\/\/contadoreshoy.com\/wp-content\/uploads\/2024\/01\/cropped-cropped-cropped-Copia-de-M.jpg\" \/>\n\t\t<meta property=\"og:image:width\" content=\"512\" \/>\n\t\t<meta property=\"og:image:height\" content=\"371\" \/>\n\t\t<meta property=\"article:published_time\" content=\"2016-02-23T02:21:41+00:00\" \/>\n\t\t<meta property=\"article:modified_time\" content=\"2017-02-05T02:59:12+00:00\" \/>\n\t\t<meta name=\"twitter:card\" content=\"summary_large_image\" \/>\n\t\t<meta name=\"twitter:title\" content=\"Oficio 35262 diciembre 2015 DIAN \u2013 Retenci\u00f3n en venta veh\u00edculo a persona indeterminada - Contadores P\u00fablicos\" \/>\n\t\t<meta name=\"twitter:description\" content=\"Los ingresos que obtengan las personas naturales por concepto de la enajenaci\u00f3n de activos fijos, estar\u00e1n sometidos a una retenci\u00f3n en la fuente equivalente al uno por ciento (1%) del valor de la enajenaci\u00f3n. La retenci\u00f3n aqu\u00ed prevista deber\u00e1 cancelarse previamente a la enajenaci\u00f3n del bien, ante el notario en el caso de bienes ra\u00edces, ante las oficinas de Tr\u00e1nsito cuando se trate de veh\u00edculos automotores, o ante las entidades autorizadas para recaudar impuestos en los dem\u00e1s casos\u201d\" \/>\n\t\t<meta name=\"twitter:image\" content=\"https:\/\/contadoreshoy.com\/wp-content\/uploads\/2024\/01\/cropped-cropped-cropped-Copia-de-M.jpg\" \/>\n\t\t<script type=\"application\/ld+json\" class=\"aioseo-schema\">\n\t\t\t{\"@context\":\"https:\\\/\\\/schema.org\",\"@graph\":[{\"@type\":\"BlogPosting\",\"@id\":\"https:\\\/\\\/contadoreshoy.com\\\/?p=6761#blogposting\",\"name\":\"Oficio 35262 diciembre 2015 DIAN \\u2013 Retenci\\u00f3n en venta veh\\u00edculo a persona indeterminada - Contadores P\\u00fablicos\",\"headline\":\"Oficio 35262 diciembre 2015 DIAN &#8211; Retenci\\u00f3n en venta veh\\u00edculo a persona indeterminada\",\"author\":{\"@id\":\"https:\\\/\\\/contadoreshoy.com\\\/?author=1#author\"},\"publisher\":{\"@id\":\"https:\\\/\\\/contadoreshoy.com\\\/#organization\"},\"image\":{\"@type\":\"ImageObject\",\"url\":\"https:\\\/\\\/contadoreshoy.com\\\/wp-content\\\/uploads\\\/2015\\\/12\\\/venta_coches.jpg\",\"width\":800,\"height\":600},\"datePublished\":\"2016-02-22T21:21:41-05:00\",\"dateModified\":\"2017-02-04T21:59:12-05:00\",\"inLanguage\":\"es-ES\",\"mainEntityOfPage\":{\"@id\":\"https:\\\/\\\/contadoreshoy.com\\\/?p=6761#webpage\"},\"isPartOf\":{\"@id\":\"https:\\\/\\\/contadoreshoy.com\\\/?p=6761#webpage\"},\"articleSection\":\"Conceptos y Oficios DIAN\"},{\"@type\":\"BreadcrumbList\",\"@id\":\"https:\\\/\\\/contadoreshoy.com\\\/?p=6761#breadcrumblist\",\"itemListElement\":[{\"@type\":\"ListItem\",\"@id\":\"https:\\\/\\\/contadoreshoy.com#listItem\",\"position\":1,\"name\":\"Home\",\"item\":\"https:\\\/\\\/contadoreshoy.com\",\"nextItem\":{\"@type\":\"ListItem\",\"@id\":\"https:\\\/\\\/contadoreshoy.com\\\/?cat=456#listItem\",\"name\":\"Conceptos y Oficios DIAN\"}},{\"@type\":\"ListItem\",\"@id\":\"https:\\\/\\\/contadoreshoy.com\\\/?cat=456#listItem\",\"position\":2,\"name\":\"Conceptos y Oficios DIAN\",\"item\":\"https:\\\/\\\/contadoreshoy.com\\\/?cat=456\",\"nextItem\":{\"@type\":\"ListItem\",\"@id\":\"https:\\\/\\\/contadoreshoy.com\\\/?p=6761#listItem\",\"name\":\"Oficio 35262 diciembre 2015 DIAN &#8211; Retenci\\u00f3n en venta veh\\u00edculo a persona indeterminada\"},\"previousItem\":{\"@type\":\"ListItem\",\"@id\":\"https:\\\/\\\/contadoreshoy.com#listItem\",\"name\":\"Home\"}},{\"@type\":\"ListItem\",\"@id\":\"https:\\\/\\\/contadoreshoy.com\\\/?p=6761#listItem\",\"position\":3,\"name\":\"Oficio 35262 diciembre 2015 DIAN &#8211; Retenci\\u00f3n en venta veh\\u00edculo a persona indeterminada\",\"previousItem\":{\"@type\":\"ListItem\",\"@id\":\"https:\\\/\\\/contadoreshoy.com\\\/?cat=456#listItem\",\"name\":\"Conceptos y Oficios DIAN\"}}]},{\"@type\":\"Organization\",\"@id\":\"https:\\\/\\\/contadoreshoy.com\\\/#organization\",\"name\":\"Contadores P\\u00fablicos\",\"description\":\"Portal para Contadores P\\u00fablicos y empresarios\",\"url\":\"https:\\\/\\\/contadoreshoy.com\\\/\",\"logo\":{\"@type\":\"ImageObject\",\"url\":\"https:\\\/\\\/contadoreshoy.com\\\/wp-content\\\/uploads\\\/2024\\\/01\\\/cropped-cropped-Copia-de-M-1.jpg\",\"@id\":\"https:\\\/\\\/contadoreshoy.com\\\/?p=6761\\\/#organizationLogo\",\"width\":499,\"height\":500},\"image\":{\"@id\":\"https:\\\/\\\/contadoreshoy.com\\\/?p=6761\\\/#organizationLogo\"}},{\"@type\":\"Person\",\"@id\":\"https:\\\/\\\/contadoreshoy.com\\\/?author=1#author\",\"url\":\"https:\\\/\\\/contadoreshoy.com\\\/?author=1\",\"name\":\"Miguel Antonio M\\u00e1rquez Monta\\u00f1ez\"},{\"@type\":\"WebPage\",\"@id\":\"https:\\\/\\\/contadoreshoy.com\\\/?p=6761#webpage\",\"url\":\"https:\\\/\\\/contadoreshoy.com\\\/?p=6761\",\"name\":\"Oficio 35262 diciembre 2015 DIAN \\u2013 Retenci\\u00f3n en venta veh\\u00edculo a persona indeterminada - Contadores P\\u00fablicos\",\"description\":\"Los ingresos que obtengan las personas naturales por concepto de la enajenaci\\u00f3n de activos fijos, estar\\u00e1n sometidos a una retenci\\u00f3n en la fuente equivalente al uno por ciento (1%) del valor de la enajenaci\\u00f3n. La retenci\\u00f3n aqu\\u00ed prevista deber\\u00e1 cancelarse previamente a la enajenaci\\u00f3n del bien, ante el notario en el caso de bienes ra\\u00edces, ante las oficinas de Tr\\u00e1nsito cuando se trate de veh\\u00edculos automotores, o ante las entidades autorizadas para recaudar impuestos en los dem\\u00e1s casos\\u201d\",\"inLanguage\":\"es-ES\",\"isPartOf\":{\"@id\":\"https:\\\/\\\/contadoreshoy.com\\\/#website\"},\"breadcrumb\":{\"@id\":\"https:\\\/\\\/contadoreshoy.com\\\/?p=6761#breadcrumblist\"},\"author\":{\"@id\":\"https:\\\/\\\/contadoreshoy.com\\\/?author=1#author\"},\"creator\":{\"@id\":\"https:\\\/\\\/contadoreshoy.com\\\/?author=1#author\"},\"image\":{\"@type\":\"ImageObject\",\"url\":\"https:\\\/\\\/contadoreshoy.com\\\/wp-content\\\/uploads\\\/2015\\\/12\\\/venta_coches.jpg\",\"@id\":\"https:\\\/\\\/contadoreshoy.com\\\/?p=6761\\\/#mainImage\",\"width\":800,\"height\":600},\"primaryImageOfPage\":{\"@id\":\"https:\\\/\\\/contadoreshoy.com\\\/?p=6761#mainImage\"},\"datePublished\":\"2016-02-22T21:21:41-05:00\",\"dateModified\":\"2017-02-04T21:59:12-05:00\"},{\"@type\":\"WebSite\",\"@id\":\"https:\\\/\\\/contadoreshoy.com\\\/#website\",\"url\":\"https:\\\/\\\/contadoreshoy.com\\\/\",\"name\":\"Contadores P\\u00fablicos\",\"description\":\"Portal para Contadores P\\u00fablicos y empresarios\",\"inLanguage\":\"es-ES\",\"publisher\":{\"@id\":\"https:\\\/\\\/contadoreshoy.com\\\/#organization\"}}]}\n\t\t<\/script>\n\t\t<!-- All in One SEO -->\n\n","aioseo_head_json":{"title":"Oficio 35262 diciembre 2015 DIAN \u2013 Retenci\u00f3n en venta veh\u00edculo a persona indeterminada - Contadores P\u00fablicos","description":"Los ingresos que obtengan las personas naturales por concepto de la enajenaci\u00f3n de activos fijos, estar\u00e1n sometidos a una retenci\u00f3n en la fuente equivalente al uno por ciento (1%) del valor de la enajenaci\u00f3n. La retenci\u00f3n aqu\u00ed prevista deber\u00e1 cancelarse previamente a la enajenaci\u00f3n del bien, ante el notario en el caso de bienes ra\u00edces, ante las oficinas de Tr\u00e1nsito cuando se trate de veh\u00edculos automotores, o ante las entidades autorizadas para recaudar impuestos en los dem\u00e1s casos\u201d","canonical_url":"https:\/\/contadoreshoy.com\/?p=6761","robots":"max-image-preview:large","keywords":"","webmasterTools":{"miscellaneous":""},"schema":{"@context":"https:\/\/schema.org","@graph":[{"@type":"BlogPosting","@id":"https:\/\/contadoreshoy.com\/?p=6761#blogposting","name":"Oficio 35262 diciembre 2015 DIAN \u2013 Retenci\u00f3n en venta veh\u00edculo a persona indeterminada - Contadores P\u00fablicos","headline":"Oficio 35262 diciembre 2015 DIAN &#8211; Retenci\u00f3n en venta veh\u00edculo a persona indeterminada","author":{"@id":"https:\/\/contadoreshoy.com\/?author=1#author"},"publisher":{"@id":"https:\/\/contadoreshoy.com\/#organization"},"image":{"@type":"ImageObject","url":"https:\/\/contadoreshoy.com\/wp-content\/uploads\/2015\/12\/venta_coches.jpg","width":800,"height":600},"datePublished":"2016-02-22T21:21:41-05:00","dateModified":"2017-02-04T21:59:12-05:00","inLanguage":"es-ES","mainEntityOfPage":{"@id":"https:\/\/contadoreshoy.com\/?p=6761#webpage"},"isPartOf":{"@id":"https:\/\/contadoreshoy.com\/?p=6761#webpage"},"articleSection":"Conceptos y Oficios DIAN"},{"@type":"BreadcrumbList","@id":"https:\/\/contadoreshoy.com\/?p=6761#breadcrumblist","itemListElement":[{"@type":"ListItem","@id":"https:\/\/contadoreshoy.com#listItem","position":1,"name":"Home","item":"https:\/\/contadoreshoy.com","nextItem":{"@type":"ListItem","@id":"https:\/\/contadoreshoy.com\/?cat=456#listItem","name":"Conceptos y Oficios DIAN"}},{"@type":"ListItem","@id":"https:\/\/contadoreshoy.com\/?cat=456#listItem","position":2,"name":"Conceptos y Oficios DIAN","item":"https:\/\/contadoreshoy.com\/?cat=456","nextItem":{"@type":"ListItem","@id":"https:\/\/contadoreshoy.com\/?p=6761#listItem","name":"Oficio 35262 diciembre 2015 DIAN &#8211; Retenci\u00f3n en venta veh\u00edculo a persona indeterminada"},"previousItem":{"@type":"ListItem","@id":"https:\/\/contadoreshoy.com#listItem","name":"Home"}},{"@type":"ListItem","@id":"https:\/\/contadoreshoy.com\/?p=6761#listItem","position":3,"name":"Oficio 35262 diciembre 2015 DIAN &#8211; Retenci\u00f3n en venta veh\u00edculo a persona indeterminada","previousItem":{"@type":"ListItem","@id":"https:\/\/contadoreshoy.com\/?cat=456#listItem","name":"Conceptos y Oficios DIAN"}}]},{"@type":"Organization","@id":"https:\/\/contadoreshoy.com\/#organization","name":"Contadores P\u00fablicos","description":"Portal para Contadores P\u00fablicos y empresarios","url":"https:\/\/contadoreshoy.com\/","logo":{"@type":"ImageObject","url":"https:\/\/contadoreshoy.com\/wp-content\/uploads\/2024\/01\/cropped-cropped-Copia-de-M-1.jpg","@id":"https:\/\/contadoreshoy.com\/?p=6761\/#organizationLogo","width":499,"height":500},"image":{"@id":"https:\/\/contadoreshoy.com\/?p=6761\/#organizationLogo"}},{"@type":"Person","@id":"https:\/\/contadoreshoy.com\/?author=1#author","url":"https:\/\/contadoreshoy.com\/?author=1","name":"Miguel Antonio M\u00e1rquez Monta\u00f1ez"},{"@type":"WebPage","@id":"https:\/\/contadoreshoy.com\/?p=6761#webpage","url":"https:\/\/contadoreshoy.com\/?p=6761","name":"Oficio 35262 diciembre 2015 DIAN \u2013 Retenci\u00f3n en venta veh\u00edculo a persona indeterminada - Contadores P\u00fablicos","description":"Los ingresos que obtengan las personas naturales por concepto de la enajenaci\u00f3n de activos fijos, estar\u00e1n sometidos a una retenci\u00f3n en la fuente equivalente al uno por ciento (1%) del valor de la enajenaci\u00f3n. La retenci\u00f3n aqu\u00ed prevista deber\u00e1 cancelarse previamente a la enajenaci\u00f3n del bien, ante el notario en el caso de bienes ra\u00edces, ante las oficinas de Tr\u00e1nsito cuando se trate de veh\u00edculos automotores, o ante las entidades autorizadas para recaudar impuestos en los dem\u00e1s casos\u201d","inLanguage":"es-ES","isPartOf":{"@id":"https:\/\/contadoreshoy.com\/#website"},"breadcrumb":{"@id":"https:\/\/contadoreshoy.com\/?p=6761#breadcrumblist"},"author":{"@id":"https:\/\/contadoreshoy.com\/?author=1#author"},"creator":{"@id":"https:\/\/contadoreshoy.com\/?author=1#author"},"image":{"@type":"ImageObject","url":"https:\/\/contadoreshoy.com\/wp-content\/uploads\/2015\/12\/venta_coches.jpg","@id":"https:\/\/contadoreshoy.com\/?p=6761\/#mainImage","width":800,"height":600},"primaryImageOfPage":{"@id":"https:\/\/contadoreshoy.com\/?p=6761#mainImage"},"datePublished":"2016-02-22T21:21:41-05:00","dateModified":"2017-02-04T21:59:12-05:00"},{"@type":"WebSite","@id":"https:\/\/contadoreshoy.com\/#website","url":"https:\/\/contadoreshoy.com\/","name":"Contadores P\u00fablicos","description":"Portal para Contadores P\u00fablicos y empresarios","inLanguage":"es-ES","publisher":{"@id":"https:\/\/contadoreshoy.com\/#organization"}}]},"og:locale":"es_ES","og:site_name":"Contadores P\u00fablicos - Portal para Contadores P\u00fablicos y empresarios","og:type":"article","og:title":"Oficio 35262 diciembre 2015 DIAN \u2013 Retenci\u00f3n en venta veh\u00edculo a persona indeterminada - Contadores P\u00fablicos","og:description":"Los ingresos que obtengan las personas naturales por concepto de la enajenaci\u00f3n de activos fijos, estar\u00e1n sometidos a una retenci\u00f3n en la fuente equivalente al uno por ciento (1%) del valor de la enajenaci\u00f3n. La retenci\u00f3n aqu\u00ed prevista deber\u00e1 cancelarse previamente a la enajenaci\u00f3n del bien, ante el notario en el caso de bienes ra\u00edces, ante las oficinas de Tr\u00e1nsito cuando se trate de veh\u00edculos automotores, o ante las entidades autorizadas para recaudar impuestos en los dem\u00e1s casos\u201d","og:url":"https:\/\/contadoreshoy.com\/?p=6761","og:image":"https:\/\/contadoreshoy.com\/wp-content\/uploads\/2024\/01\/cropped-cropped-cropped-Copia-de-M.jpg","og:image:secure_url":"https:\/\/contadoreshoy.com\/wp-content\/uploads\/2024\/01\/cropped-cropped-cropped-Copia-de-M.jpg","og:image:width":512,"og:image:height":371,"article:published_time":"2016-02-23T02:21:41+00:00","article:modified_time":"2017-02-05T02:59:12+00:00","twitter:card":"summary_large_image","twitter:title":"Oficio 35262 diciembre 2015 DIAN \u2013 Retenci\u00f3n en venta veh\u00edculo a persona indeterminada - Contadores P\u00fablicos","twitter:description":"Los ingresos que obtengan las personas naturales por concepto de la enajenaci\u00f3n de activos fijos, estar\u00e1n sometidos a una retenci\u00f3n en la fuente equivalente al uno por ciento (1%) del valor de la enajenaci\u00f3n. La retenci\u00f3n aqu\u00ed prevista deber\u00e1 cancelarse previamente a la enajenaci\u00f3n del bien, ante el notario en el caso de bienes ra\u00edces, ante las oficinas de Tr\u00e1nsito cuando se trate de veh\u00edculos automotores, o ante las entidades autorizadas para recaudar impuestos en los dem\u00e1s casos\u201d","twitter:image":"https:\/\/contadoreshoy.com\/wp-content\/uploads\/2024\/01\/cropped-cropped-cropped-Copia-de-M.jpg"},"aioseo_meta_data":{"post_id":"6761","title":null,"description":null,"keywords":null,"keyphrases":null,"primary_term":null,"canonical_url":null,"og_title":null,"og_description":null,"og_object_type":"default","og_image_type":"default","og_image_url":null,"og_image_width":null,"og_image_height":null,"og_image_custom_url":null,"og_image_custom_fields":null,"og_video":null,"og_custom_url":null,"og_article_section":null,"og_article_tags":null,"twitter_use_og":false,"twitter_card":"default","twitter_image_type":"default","twitter_image_url":null,"twitter_image_custom_url":null,"twitter_image_custom_fields":null,"twitter_title":null,"twitter_description":null,"schema":{"blockGraphs":[],"customGraphs":[],"default":{"data":{"Article":[],"Course":[],"Dataset":[],"FAQPage":[],"Movie":[],"Person":[],"Product":[],"ProductReview":[],"Car":[],"Recipe":[],"Service":[],"SoftwareApplication":[],"WebPage":[]},"graphName":"","isEnabled":true},"graphs":[]},"schema_type":"default","schema_type_options":null,"pillar_content":false,"robots_default":true,"robots_noindex":false,"robots_noarchive":false,"robots_nosnippet":false,"robots_nofollow":false,"robots_noimageindex":false,"robots_noodp":false,"robots_notranslate":false,"robots_max_snippet":null,"robots_max_videopreview":null,"robots_max_imagepreview":"large","priority":null,"frequency":null,"local_seo":null,"breadcrumb_settings":null,"limit_modified_date":false,"ai":null,"created":"2024-03-05 01:32:29","updated":"2026-03-03 04:48:41","seo_analyzer_scan_date":null,"focus_keyword":null,"additional_keywords":null,"truseo_locale":null},"aioseo_breadcrumb":"<div class=\"aioseo-breadcrumbs\"><span class=\"aioseo-breadcrumb\">\n\t\t\t<a href=\"https:\/\/contadoreshoy.com\" title=\"Home\">Home<\/a>\n\t\t<\/span><span class=\"aioseo-breadcrumb-separator\">&raquo;<\/span><span class=\"aioseo-breadcrumb\">\n\t\t\t<a href=\"https:\/\/contadoreshoy.com\/?cat=456\" title=\"Conceptos y Oficios DIAN\">Conceptos y Oficios DIAN<\/a>\n\t\t<\/span><span class=\"aioseo-breadcrumb-separator\">&raquo;<\/span><span class=\"aioseo-breadcrumb\">\n\t\t\tOficio 35262 diciembre 2015 DIAN \u2013 Retenci\u00f3n en venta veh\u00edculo a persona indeterminada\n\t\t<\/span><\/div>","aioseo_breadcrumb_json":[{"label":"Home","link":"https:\/\/contadoreshoy.com"},{"label":"Conceptos y Oficios DIAN","link":"https:\/\/contadoreshoy.com\/?cat=456"},{"label":"Oficio 35262 diciembre 2015 DIAN &#8211; Retenci\u00f3n en venta veh\u00edculo a persona indeterminada","link":"https:\/\/contadoreshoy.com\/?p=6761"}],"yoast_head":"<!-- This site is optimized with the Yoast SEO plugin v28.4 - https:\/\/yoast.com\/product\/yoast-seo-wordpress\/ -->\n<title>Oficio 35262 diciembre 2015 DIAN - Retenci\u00f3n en venta veh\u00edculo a persona indeterminada - Contadores P\u00fablicos<\/title>\n<meta name=\"robots\" content=\"index, follow, max-snippet:-1, max-image-preview:large, max-video-preview:-1\" \/>\n<link rel=\"canonical\" href=\"https:\/\/contadoreshoy.com\/?p=6761\" \/>\n<meta property=\"og:locale\" content=\"es_ES\" \/>\n<meta property=\"og:type\" content=\"article\" \/>\n<meta property=\"og:title\" content=\"Oficio 35262 diciembre 2015 DIAN - Retenci\u00f3n en venta veh\u00edculo a persona indeterminada - Contadores P\u00fablicos\" \/>\n<meta property=\"og:description\" content=\"Los ingresos que obtengan las personas naturales por concepto de la enajenaci\u00f3n de activos fijos, estar\u00e1n sometidos a una retenci\u00f3n en la fuente equivalente al uno por ciento (1%) del valor de la enajenaci\u00f3n. La retenci\u00f3n aqu\u00ed prevista deber\u00e1 cancelarse previamente a la enajenaci\u00f3n del bien, ante el notario en el caso de bienes ra\u00edces, ante las oficinas de Tr\u00e1nsito cuando se trate de veh\u00edculos automotores, o ante las entidades autorizadas para recaudar impuestos en los dem\u00e1s casos\u201d\" \/>\n<meta property=\"og:url\" content=\"https:\/\/contadoreshoy.com\/?p=6761\" \/>\n<meta property=\"og:site_name\" content=\"Contadores P\u00fablicos\" \/>\n<meta property=\"article:publisher\" content=\"https:\/\/www.facebook.com\/CCCPBucaramanga\/\" \/>\n<meta property=\"article:published_time\" content=\"2016-02-23T02:21:41+00:00\" \/>\n<meta property=\"article:modified_time\" content=\"2017-02-05T02:59:12+00:00\" \/>\n<meta property=\"og:image\" content=\"https:\/\/contadoreshoy.com\/wp-content\/uploads\/2015\/12\/venta_coches.jpg\" \/>\n\t<meta property=\"og:image:width\" content=\"800\" \/>\n\t<meta property=\"og:image:height\" content=\"600\" \/>\n\t<meta property=\"og:image:type\" content=\"image\/jpeg\" \/>\n<meta name=\"author\" content=\"Miguel Antonio M\u00e1rquez Monta\u00f1ez\" \/>\n<meta name=\"twitter:card\" content=\"summary_large_image\" \/>\n<meta name=\"twitter:label1\" content=\"Escrito por\" \/>\n\t<meta name=\"twitter:data1\" content=\"Miguel Antonio M\u00e1rquez Monta\u00f1ez\" \/>\n\t<meta name=\"twitter:label2\" content=\"Tiempo de lectura\" \/>\n\t<meta name=\"twitter:data2\" content=\"9 minutos\" \/>\n<script type=\"application\/ld+json\" class=\"yoast-schema-graph\">{\"@context\":\"https:\\\/\\\/schema.org\",\"@graph\":[{\"@type\":\"Article\",\"@id\":\"https:\\\/\\\/contadoreshoy.com\\\/?p=6761#article\",\"isPartOf\":{\"@id\":\"https:\\\/\\\/contadoreshoy.com\\\/?p=6761\"},\"author\":{\"name\":\"Miguel Antonio M\u00e1rquez Monta\u00f1ez\",\"@id\":\"https:\\\/\\\/contadoreshoy.com\\\/#\\\/schema\\\/person\\\/96d8979cb865537c5dc9345e40089fc5\"},\"headline\":\"Oficio 35262 diciembre 2015 DIAN &#8211; Retenci\u00f3n en venta veh\u00edculo a persona indeterminada\",\"datePublished\":\"2016-02-23T02:21:41+00:00\",\"dateModified\":\"2017-02-05T02:59:12+00:00\",\"mainEntityOfPage\":{\"@id\":\"https:\\\/\\\/contadoreshoy.com\\\/?p=6761\"},\"wordCount\":1857,\"commentCount\":0,\"publisher\":{\"@id\":\"https:\\\/\\\/contadoreshoy.com\\\/#organization\"},\"image\":{\"@id\":\"https:\\\/\\\/contadoreshoy.com\\\/?p=6761#primaryimage\"},\"thumbnailUrl\":\"https:\\\/\\\/contadoreshoy.com\\\/wp-content\\\/uploads\\\/2015\\\/12\\\/venta_coches.jpg\",\"articleSection\":[\"Conceptos y Oficios DIAN\"],\"inLanguage\":\"es\",\"potentialAction\":[{\"@type\":\"CommentAction\",\"name\":\"Comment\",\"target\":[\"https:\\\/\\\/contadoreshoy.com\\\/?p=6761#respond\"]}]},{\"@type\":\"WebPage\",\"@id\":\"https:\\\/\\\/contadoreshoy.com\\\/?p=6761\",\"url\":\"https:\\\/\\\/contadoreshoy.com\\\/?p=6761\",\"name\":\"Oficio 35262 diciembre 2015 DIAN - Retenci\u00f3n en venta veh\u00edculo a persona indeterminada - Contadores P\u00fablicos\",\"isPartOf\":{\"@id\":\"https:\\\/\\\/contadoreshoy.com\\\/#website\"},\"primaryImageOfPage\":{\"@id\":\"https:\\\/\\\/contadoreshoy.com\\\/?p=6761#primaryimage\"},\"image\":{\"@id\":\"https:\\\/\\\/contadoreshoy.com\\\/?p=6761#primaryimage\"},\"thumbnailUrl\":\"https:\\\/\\\/contadoreshoy.com\\\/wp-content\\\/uploads\\\/2015\\\/12\\\/venta_coches.jpg\",\"datePublished\":\"2016-02-23T02:21:41+00:00\",\"dateModified\":\"2017-02-05T02:59:12+00:00\",\"breadcrumb\":{\"@id\":\"https:\\\/\\\/contadoreshoy.com\\\/?p=6761#breadcrumb\"},\"inLanguage\":\"es\",\"potentialAction\":[{\"@type\":\"ReadAction\",\"target\":[\"https:\\\/\\\/contadoreshoy.com\\\/?p=6761\"]}]},{\"@type\":\"ImageObject\",\"inLanguage\":\"es\",\"@id\":\"https:\\\/\\\/contadoreshoy.com\\\/?p=6761#primaryimage\",\"url\":\"https:\\\/\\\/contadoreshoy.com\\\/wp-content\\\/uploads\\\/2015\\\/12\\\/venta_coches.jpg\",\"contentUrl\":\"https:\\\/\\\/contadoreshoy.com\\\/wp-content\\\/uploads\\\/2015\\\/12\\\/venta_coches.jpg\",\"width\":800,\"height\":600},{\"@type\":\"BreadcrumbList\",\"@id\":\"https:\\\/\\\/contadoreshoy.com\\\/?p=6761#breadcrumb\",\"itemListElement\":[{\"@type\":\"ListItem\",\"position\":1,\"name\":\"Portada\",\"item\":\"https:\\\/\\\/contadoreshoy.com\\\/\"},{\"@type\":\"ListItem\",\"position\":2,\"name\":\"Oficio 35262 diciembre 2015 DIAN &#8211; Retenci\u00f3n en venta veh\u00edculo a persona indeterminada\"}]},{\"@type\":\"WebSite\",\"@id\":\"https:\\\/\\\/contadoreshoy.com\\\/#website\",\"url\":\"https:\\\/\\\/contadoreshoy.com\\\/\",\"name\":\"Contadorespublicossantander\",\"description\":\"Portal para Contadores P\u00fablicos y empresarios\",\"publisher\":{\"@id\":\"https:\\\/\\\/contadoreshoy.com\\\/#organization\"},\"potentialAction\":[{\"@type\":\"SearchAction\",\"target\":{\"@type\":\"EntryPoint\",\"urlTemplate\":\"https:\\\/\\\/contadoreshoy.com\\\/?s={search_term_string}\"},\"query-input\":{\"@type\":\"PropertyValueSpecification\",\"valueRequired\":true,\"valueName\":\"search_term_string\"}}],\"inLanguage\":\"es\"},{\"@type\":\"Organization\",\"@id\":\"https:\\\/\\\/contadoreshoy.com\\\/#organization\",\"name\":\"Contadores P\u00fablicos de Santander\",\"url\":\"https:\\\/\\\/contadoreshoy.com\\\/\",\"logo\":{\"@type\":\"ImageObject\",\"inLanguage\":\"es\",\"@id\":\"https:\\\/\\\/contadoreshoy.com\\\/#\\\/schema\\\/logo\\\/image\\\/\",\"url\":\"https:\\\/\\\/contadoreshoy.com\\\/wp-content\\\/uploads\\\/2024\\\/01\\\/cropped-cropped-Copia-de-M-1.jpg\",\"contentUrl\":\"https:\\\/\\\/contadoreshoy.com\\\/wp-content\\\/uploads\\\/2024\\\/01\\\/cropped-cropped-Copia-de-M-1.jpg\",\"width\":499,\"height\":500,\"caption\":\"Contadores P\u00fablicos de Santander\"},\"image\":{\"@id\":\"https:\\\/\\\/contadoreshoy.com\\\/#\\\/schema\\\/logo\\\/image\\\/\"},\"sameAs\":[\"https:\\\/\\\/www.facebook.com\\\/CCCPBucaramanga\\\/\"]},{\"@type\":\"Person\",\"@id\":\"https:\\\/\\\/contadoreshoy.com\\\/#\\\/schema\\\/person\\\/96d8979cb865537c5dc9345e40089fc5\",\"name\":\"Miguel Antonio M\u00e1rquez Monta\u00f1ez\",\"description\":\"Contador P\u00fablico egresado de la Universidad Aut\u00f3noma de Bucaramanga - Asesor contable tributario con m\u00e1s de 25 a\u00f1os de experiencia - Conferencista en temas contables y tributarios - T\u00e9cnico en Hardware y Dise\u00f1o Web - Creador y director Grupo de Estudio Colegio Colombiano de Contadores P\u00fablicos de Bucaramanga - Creador y Master Web p\u00e1gina www.contadoresp\u00fablicossantander.com - Expresidente Colegio Colombiano de Contadores P\u00fablicos Bucaramanga\",\"url\":\"https:\\\/\\\/contadoreshoy.com\\\/?author=1\"}]}<\/script>\n<!-- \/ Yoast SEO plugin. -->","yoast_head_json":{"title":"Oficio 35262 diciembre 2015 DIAN - Retenci\u00f3n en venta veh\u00edculo a persona indeterminada - Contadores P\u00fablicos","robots":{"index":"index","follow":"follow","max-snippet":"max-snippet:-1","max-image-preview":"max-image-preview:large","max-video-preview":"max-video-preview:-1"},"canonical":"https:\/\/contadoreshoy.com\/?p=6761","og_locale":"es_ES","og_type":"article","og_title":"Oficio 35262 diciembre 2015 DIAN - Retenci\u00f3n en venta veh\u00edculo a persona indeterminada - Contadores P\u00fablicos","og_description":"Los ingresos que obtengan las personas naturales por concepto de la enajenaci\u00f3n de activos fijos, estar\u00e1n sometidos a una retenci\u00f3n en la fuente equivalente al uno por ciento (1%) del valor de la enajenaci\u00f3n. La retenci\u00f3n aqu\u00ed prevista deber\u00e1 cancelarse previamente a la enajenaci\u00f3n del bien, ante el notario en el caso de bienes ra\u00edces, ante las oficinas de Tr\u00e1nsito cuando se trate de veh\u00edculos automotores, o ante las entidades autorizadas para recaudar impuestos en los dem\u00e1s casos\u201d","og_url":"https:\/\/contadoreshoy.com\/?p=6761","og_site_name":"Contadores P\u00fablicos","article_publisher":"https:\/\/www.facebook.com\/CCCPBucaramanga\/","article_published_time":"2016-02-23T02:21:41+00:00","article_modified_time":"2017-02-05T02:59:12+00:00","og_image":[{"width":800,"height":600,"url":"https:\/\/contadoreshoy.com\/wp-content\/uploads\/2015\/12\/venta_coches.jpg","type":"image\/jpeg"}],"author":"Miguel Antonio M\u00e1rquez Monta\u00f1ez","twitter_card":"summary_large_image","twitter_misc":{"Escrito por":"Miguel Antonio M\u00e1rquez Monta\u00f1ez","Tiempo de lectura":"9 minutos"},"schema":{"@context":"https:\/\/schema.org","@graph":[{"@type":"Article","@id":"https:\/\/contadoreshoy.com\/?p=6761#article","isPartOf":{"@id":"https:\/\/contadoreshoy.com\/?p=6761"},"author":{"name":"Miguel Antonio M\u00e1rquez Monta\u00f1ez","@id":"https:\/\/contadoreshoy.com\/#\/schema\/person\/96d8979cb865537c5dc9345e40089fc5"},"headline":"Oficio 35262 diciembre 2015 DIAN &#8211; Retenci\u00f3n en venta veh\u00edculo a persona indeterminada","datePublished":"2016-02-23T02:21:41+00:00","dateModified":"2017-02-05T02:59:12+00:00","mainEntityOfPage":{"@id":"https:\/\/contadoreshoy.com\/?p=6761"},"wordCount":1857,"commentCount":0,"publisher":{"@id":"https:\/\/contadoreshoy.com\/#organization"},"image":{"@id":"https:\/\/contadoreshoy.com\/?p=6761#primaryimage"},"thumbnailUrl":"https:\/\/contadoreshoy.com\/wp-content\/uploads\/2015\/12\/venta_coches.jpg","articleSection":["Conceptos y Oficios DIAN"],"inLanguage":"es","potentialAction":[{"@type":"CommentAction","name":"Comment","target":["https:\/\/contadoreshoy.com\/?p=6761#respond"]}]},{"@type":"WebPage","@id":"https:\/\/contadoreshoy.com\/?p=6761","url":"https:\/\/contadoreshoy.com\/?p=6761","name":"Oficio 35262 diciembre 2015 DIAN - Retenci\u00f3n en venta veh\u00edculo a persona indeterminada - Contadores P\u00fablicos","isPartOf":{"@id":"https:\/\/contadoreshoy.com\/#website"},"primaryImageOfPage":{"@id":"https:\/\/contadoreshoy.com\/?p=6761#primaryimage"},"image":{"@id":"https:\/\/contadoreshoy.com\/?p=6761#primaryimage"},"thumbnailUrl":"https:\/\/contadoreshoy.com\/wp-content\/uploads\/2015\/12\/venta_coches.jpg","datePublished":"2016-02-23T02:21:41+00:00","dateModified":"2017-02-05T02:59:12+00:00","breadcrumb":{"@id":"https:\/\/contadoreshoy.com\/?p=6761#breadcrumb"},"inLanguage":"es","potentialAction":[{"@type":"ReadAction","target":["https:\/\/contadoreshoy.com\/?p=6761"]}]},{"@type":"ImageObject","inLanguage":"es","@id":"https:\/\/contadoreshoy.com\/?p=6761#primaryimage","url":"https:\/\/contadoreshoy.com\/wp-content\/uploads\/2015\/12\/venta_coches.jpg","contentUrl":"https:\/\/contadoreshoy.com\/wp-content\/uploads\/2015\/12\/venta_coches.jpg","width":800,"height":600},{"@type":"BreadcrumbList","@id":"https:\/\/contadoreshoy.com\/?p=6761#breadcrumb","itemListElement":[{"@type":"ListItem","position":1,"name":"Portada","item":"https:\/\/contadoreshoy.com\/"},{"@type":"ListItem","position":2,"name":"Oficio 35262 diciembre 2015 DIAN &#8211; Retenci\u00f3n en venta veh\u00edculo a persona indeterminada"}]},{"@type":"WebSite","@id":"https:\/\/contadoreshoy.com\/#website","url":"https:\/\/contadoreshoy.com\/","name":"Contadorespublicossantander","description":"Portal para Contadores P\u00fablicos y empresarios","publisher":{"@id":"https:\/\/contadoreshoy.com\/#organization"},"potentialAction":[{"@type":"SearchAction","target":{"@type":"EntryPoint","urlTemplate":"https:\/\/contadoreshoy.com\/?s={search_term_string}"},"query-input":{"@type":"PropertyValueSpecification","valueRequired":true,"valueName":"search_term_string"}}],"inLanguage":"es"},{"@type":"Organization","@id":"https:\/\/contadoreshoy.com\/#organization","name":"Contadores P\u00fablicos de Santander","url":"https:\/\/contadoreshoy.com\/","logo":{"@type":"ImageObject","inLanguage":"es","@id":"https:\/\/contadoreshoy.com\/#\/schema\/logo\/image\/","url":"https:\/\/contadoreshoy.com\/wp-content\/uploads\/2024\/01\/cropped-cropped-Copia-de-M-1.jpg","contentUrl":"https:\/\/contadoreshoy.com\/wp-content\/uploads\/2024\/01\/cropped-cropped-Copia-de-M-1.jpg","width":499,"height":500,"caption":"Contadores P\u00fablicos de Santander"},"image":{"@id":"https:\/\/contadoreshoy.com\/#\/schema\/logo\/image\/"},"sameAs":["https:\/\/www.facebook.com\/CCCPBucaramanga\/"]},{"@type":"Person","@id":"https:\/\/contadoreshoy.com\/#\/schema\/person\/96d8979cb865537c5dc9345e40089fc5","name":"Miguel Antonio M\u00e1rquez Monta\u00f1ez","description":"Contador P\u00fablico egresado de la Universidad Aut\u00f3noma de Bucaramanga - Asesor contable tributario con m\u00e1s de 25 a\u00f1os de experiencia - Conferencista en temas contables y tributarios - T\u00e9cnico en Hardware y Dise\u00f1o Web - Creador y director Grupo de Estudio Colegio Colombiano de Contadores P\u00fablicos de Bucaramanga - Creador y Master Web p\u00e1gina www.contadoresp\u00fablicossantander.com - Expresidente Colegio Colombiano de Contadores P\u00fablicos Bucaramanga","url":"https:\/\/contadoreshoy.com\/?author=1"}]}},"_links":{"self":[{"href":"https:\/\/contadoreshoy.com\/index.php?rest_route=\/wp\/v2\/posts\/6761","targetHints":{"allow":["GET"]}}],"collection":[{"href":"https:\/\/contadoreshoy.com\/index.php?rest_route=\/wp\/v2\/posts"}],"about":[{"href":"https:\/\/contadoreshoy.com\/index.php?rest_route=\/wp\/v2\/types\/post"}],"author":[{"embeddable":true,"href":"https:\/\/contadoreshoy.com\/index.php?rest_route=\/wp\/v2\/users\/1"}],"replies":[{"embeddable":true,"href":"https:\/\/contadoreshoy.com\/index.php?rest_route=%2Fwp%2Fv2%2Fcomments&post=6761"}],"version-history":[{"count":1,"href":"https:\/\/contadoreshoy.com\/index.php?rest_route=\/wp\/v2\/posts\/6761\/revisions"}],"predecessor-version":[{"id":7920,"href":"https:\/\/contadoreshoy.com\/index.php?rest_route=\/wp\/v2\/posts\/6761\/revisions\/7920"}],"wp:featuredmedia":[{"embeddable":true,"href":"https:\/\/contadoreshoy.com\/index.php?rest_route=\/wp\/v2\/media\/6434"}],"wp:attachment":[{"href":"https:\/\/contadoreshoy.com\/index.php?rest_route=%2Fwp%2Fv2%2Fmedia&parent=6761"}],"wp:term":[{"taxonomy":"category","embeddable":true,"href":"https:\/\/contadoreshoy.com\/index.php?rest_route=%2Fwp%2Fv2%2Fcategories&post=6761"},{"taxonomy":"post_tag","embeddable":true,"href":"https:\/\/contadoreshoy.com\/index.php?rest_route=%2Fwp%2Fv2%2Ftags&post=6761"}],"curies":[{"name":"wp","href":"https:\/\/api.w.org\/{rel}","templated":true}]}}