{"id":6764,"date":"2016-02-20T21:13:36","date_gmt":"2016-02-21T02:13:36","guid":{"rendered":"http:\/\/colegiocolombianodecontadores.com\/?p=6764"},"modified":"2017-02-04T21:59:12","modified_gmt":"2017-02-05T02:59:12","slug":"oficio-036042-diciembre-de-2015-dian-modificacion-a-la-declaracion-de-importacion","status":"publish","type":"post","link":"https:\/\/contadoreshoy.com\/?p=6764","title":{"rendered":"Oficio 036042 diciembre de 2015 DIAN &#8211; Modificaci\u00f3n a la declaraci\u00f3n de importaci\u00f3n"},"content":{"rendered":"<p>OFICIO N\u00daMERO 036042 DE 2015<br \/>\n( diciembre 21)<\/p>\n<p style=\"text-align: justify;\">Subdirecci\u00f3n de Gesti\u00f3n Normativa y Doctrina<br \/>\nBogot\u00e1, D. C., 18 de diciembre de 2015<br \/>\n100208221-001599<\/p>\n<p style=\"text-align: justify;\">Se\u00f1or<br \/>\nHENRY CAMARGO JOYA<br \/>\nRepresentante Legal<br \/>\nAgencia de Aduanas Siacomex Ltda. Nivel 1<br \/>\nCarrera 70 C No. 48 A &#8211; 42 Henry.camargo@asiacomex.com Bogot\u00e1 D. C.<\/p>\n<p style=\"text-align: justify;\">Referencia: Radicado 041329 del 16\/10\/2015 Atento saludo, se\u00f1or Camargo:<\/p>\n<p style=\"text-align: justify;\">De conformidad con el art\u00edculo 20 del Decreto 4048 de 2008, es funci\u00f3n de este Despacho absolver las consultas escritas que se formulen sobre interpretaci\u00f3n y aplicaci\u00f3n de las normas tributarias de car\u00e1cter nacional, aduaneras y cambiarias en lo de competencia de esta entidad.<\/p>\n<p style=\"text-align: justify;\">En el escrito de la referencia relata unos supuestos para consultar: <span style=\"color: #0000ff;\">Cuando la modificaci\u00f3n al registro o licencia de importaci\u00f3n no sea permitida por el Ministerio de Comercio, Industria y Turismo \u00bfEs procedente presentar como soporte de la declaraci\u00f3n de correcci\u00f3n y\/o legalizaci\u00f3n otro registro de importaci\u00f3n que contenga la informaci\u00f3n correcta?<\/span> El art\u00edculo 121 del Decreto 2685 de 1999, dispone:<\/p>\n<p style=\"text-align: justify;\">\u201c<span style=\"color: #ff9900;\">Documentos soporte de la declaraci\u00f3n de importaci\u00f3n. Para efectos aduaneros, el declarante est\u00e1 obligado a obtener antes de la presentaci\u00f3n y aceptaci\u00f3n de la Declaraci\u00f3n y a conservar por un per\u00edodo de cinco (5) a\u00f1os contados a partir de dicha fecha, el original de los siguientes documentos que deber\u00e1 poner a disposici\u00f3n de la autoridad aduanera, cuando esta as\u00ed lo requiera:<\/span><\/p>\n<p style=\"text-align: justify;\"><span style=\"color: #ff9900;\">a) Registro o licencia de importaci\u00f3n que ampare la mercanc\u00eda, cuando a ello hubiere <\/span><br \/>\n<span style=\"color: #ff9900;\">lugar; (&#8230;)\u201d.<\/span><\/p>\n<p style=\"text-align: justify;\">El art\u00edculo 482 ib\u00eddem, se\u00f1ala:<\/p>\n<p style=\"text-align: justify;\">\u201cInfracciones aduaneras de los declarantes en el r\u00e9gimen de importaci\u00f3n y sanciones aplicables. Las infracciones aduaneras en que pueden incurrir los declarantes del r\u00e9gimen de importaci\u00f3n y las sanciones asociadas a su comisi\u00f3n son las siguientes:<br \/>\n(&#8230;)<br \/>\n2.1. No tener al momento de la presentaci\u00f3n y aceptaci\u00f3n de la declaraci\u00f3n de importaci\u00f3n, o respecto de las declaraciones anticipadas al momento de la inspecci\u00f3n f\u00edsica o documental o al momento de la determinaci\u00f3n de levante autom\u00e1tico de la mercanc\u00eda, los documentos soporte requeridos en el art\u00edculo 121 de este decreto para su despacho, o que los documentos no re\u00fanan los requisitos legales, o no se encuentren vigentes.<\/p>\n<p style=\"text-align: justify;\">La sanci\u00f3n aplicable ser\u00e1 de multa equivalente al quince por ciento (15%) del valor FOB de la mercanc\u00eda. (&#8230;)\u201d.<\/p>\n<p style=\"text-align: justify;\">De otra parte, el art\u00edculo 8\u00b0 del Decreto 925 de 2013, dispone:<\/p>\n<p style=\"text-align: justify;\">\u201c <span style=\"color: #ff9900;\">Modificaciones al registro y a la licencia de importaci\u00f3n. La informaci\u00f3n suministrada en los registros y en las licencias de importaci\u00f3n podr\u00e1 modificarse siempre que estos se encuentren vigentes.<\/span><\/p>\n<p style=\"text-align: justify;\"><span style=\"color: #ff9900;\">Si la nueva informaci\u00f3n conlleva a un r\u00e9gimen diferente por el cual se aprob\u00f3 el registro o la licencia de importaci\u00f3n, estos deber\u00e1n modificarse y la solicitud presentarse por el r\u00e9gimen que le corresponda<\/span>.<\/p>\n<p style=\"text-align: justify;\"><span style=\"color: #ff9900;\">Cuando el registro o la licencia de importaci\u00f3n haya sido utilizado en una declaraci\u00f3n de importaci\u00f3n, no se permitir\u00e1 la modificaci\u00f3n para amparar mayores cantidades ni para cambiar la descripci\u00f3n amparando mercanc\u00edas diferente a la inicialmente aprobada.<\/span><\/p>\n<p style=\"text-align: justify;\"><span style=\"color: #000000;\">Cuando por disposici\u00f3n del Gobierno nacional se establezca una medida de control de aplicaci\u00f3n inmediata a las importaciones; los registros y licencias de importaci\u00f3n que se encuentren aprobados y no hayan sido utilizados en su totalidad, deber\u00e1n ser modificados, cumpliendo los nuevos requisitos\u201d.<\/span><\/p>\n<p style=\"text-align: justify;\"><span style=\"color: #ff9900;\">Teniendo en cuenta las anteriores disposiciones y frente a los supuestos planteados en su consulta se infiere que, una vez obtenido el levante autom\u00e1tico en la declaraci\u00f3n de importaci\u00f3n, o que con ocasi\u00f3n de la diligencia de inspecci\u00f3n f\u00edsica y\/o documental de la autoridad aduanera en donde se detecta y advierte inconsistencias en la informaci\u00f3n (referencia, marca, modelo) consignadas en la declaraci\u00f3n de importaci\u00f3n y el registro de importaci\u00f3n soporte de esa declaraci\u00f3n, se podr\u00e1 modificar el registro o la licencia de importaci\u00f3n, toda vez que la modificaci\u00f3n no ampara mayores cantidades ni mercanc\u00eda diferente a la inicialmente declarada, sirviendo dicho documento como soporte de la declaraci\u00f3n de correcci\u00f3n o legalizaci\u00f3n.<\/span><\/p>\n<p style=\"text-align: justify;\"><span style=\"color: #ff6600;\"><strong>Ahora bien, en el evento que la modificaci\u00f3n del registro o la licencia de importaci\u00f3n no sea aprobada por las causales expresamente se\u00f1aladas en la norma, evidencia que la mercanc\u00eda declarada en la importaci\u00f3n no se encuentra amparada en el registro o la licencia de importaci\u00f3n respectiva, por consiguiente el declarante incurrir\u00e1 en la infracci\u00f3n prevista por el art\u00edculo 482 del Decreto 2685 de 1999.<\/strong><\/span><\/p>\n<p style=\"text-align: justify;\"><span style=\"color: #000000;\">En consecuencia, frente al supuesto de hecho relacionado con una declaraci\u00f3n de correcci\u00f3n y\/o de legalizaci\u00f3n de mercanc\u00eda que requiera para su importaci\u00f3n el acreditar permisos, requisitos y autorizaciones a que haya lugar, el importador tiene la obligaci\u00f3n de obtener el registro o licencia de importaci\u00f3n que la ampare.<\/span><\/p>\n<p style=\"text-align: justify;\"><span style=\"color: #000000;\">En los anteriores t\u00e9rminos se resuelve su consulta.<\/span><\/p>\n<p style=\"text-align: justify;\"><span style=\"color: #000000;\">Atentamente,<\/span><\/p>\n<p style=\"text-align: justify;\"><span style=\"color: #000000;\">El Subdirector de Gesti\u00f3n Normativa y Doctrina (e),<\/span><br \/>\n<span style=\"color: #000000;\">Pedro Pablo Contreras Camargo.<\/span><br \/>\n<span style=\"color: #000000;\">( C. F. ).<\/span><\/p>\n","protected":false},"excerpt":{"rendered":"<p>En el evento que la modificaci\u00f3n del registro o la licencia de importaci\u00f3n no sea aprobada por las causales expresamente se\u00f1aladas en la norma, evidencia que la mercanc\u00eda declarada en la importaci\u00f3n no se encuentra amparada en el registro o la licencia de importaci\u00f3n respectiva, por consiguiente el declarante incurrir\u00e1 en la infracci\u00f3n prevista por el art\u00edculo 482 del Decreto 2685 de 1999.<\/p>\n","protected":false},"author":1,"featured_media":6845,"comment_status":"open","ping_status":"open","sticky":false,"template":"","format":"standard","meta":{"_monsterinsights_skip_tracking":false,"ngg_post_thumbnail":0,"footnotes":"","_links_to":"","_links_to_target":""},"categories":[456],"tags":[],"class_list":["post-6764","post","type-post","status-publish","format-standard","has-post-thumbnail","hentry","category-conceptos-y-oficios-dian"],"aioseo_notices":[],"aioseo_head":"\n\t\t<!-- All in One SEO 5.0.1.1 - aioseo.com -->\n\t<meta name=\"description\" content=\"En el evento que la modificaci\u00f3n del registro o la licencia de importaci\u00f3n no sea aprobada por las causales expresamente se\u00f1aladas en la norma, evidencia que la mercanc\u00eda declarada en la importaci\u00f3n no se encuentra amparada en el registro o la licencia de importaci\u00f3n respectiva, por consiguiente el declarante incurrir\u00e1 en la infracci\u00f3n prevista por el art\u00edculo 482 del Decreto 2685 de 1999.\" \/>\n\t<meta name=\"robots\" content=\"max-image-preview:large\" \/>\n\t<meta name=\"author\" content=\"Miguel Antonio M\u00e1rquez Monta\u00f1ez\"\/>\n\t<link rel=\"canonical\" href=\"https:\/\/contadoreshoy.com\/?p=6764\" \/>\n\t<meta name=\"generator\" content=\"All in One SEO (AIOSEO) 5.0.1.1\" \/>\n\t\t<meta property=\"og:locale\" content=\"es_ES\" \/>\n\t\t<meta property=\"og:site_name\" content=\"Contadores P\u00fablicos - Portal para Contadores P\u00fablicos y empresarios\" \/>\n\t\t<meta property=\"og:type\" content=\"article\" \/>\n\t\t<meta property=\"og:title\" content=\"Oficio 036042 diciembre de 2015 DIAN \u2013 Modificaci\u00f3n a la declaraci\u00f3n de importaci\u00f3n - Contadores P\u00fablicos\" \/>\n\t\t<meta property=\"og:description\" content=\"En el evento que la modificaci\u00f3n del registro o la licencia de importaci\u00f3n no sea aprobada por las causales expresamente se\u00f1aladas en la norma, evidencia que la mercanc\u00eda declarada en la importaci\u00f3n no se encuentra amparada en el registro o la licencia de importaci\u00f3n respectiva, por consiguiente el declarante incurrir\u00e1 en la infracci\u00f3n prevista por el art\u00edculo 482 del Decreto 2685 de 1999.\" \/>\n\t\t<meta property=\"og:url\" content=\"https:\/\/contadoreshoy.com\/?p=6764\" \/>\n\t\t<meta property=\"og:image\" content=\"https:\/\/contadoreshoy.com\/wp-content\/uploads\/2024\/01\/cropped-cropped-cropped-Copia-de-M.jpg\" \/>\n\t\t<meta property=\"og:image:secure_url\" content=\"https:\/\/contadoreshoy.com\/wp-content\/uploads\/2024\/01\/cropped-cropped-cropped-Copia-de-M.jpg\" \/>\n\t\t<meta property=\"og:image:width\" content=\"512\" \/>\n\t\t<meta property=\"og:image:height\" content=\"371\" \/>\n\t\t<meta property=\"article:published_time\" content=\"2016-02-21T02:13:36+00:00\" \/>\n\t\t<meta property=\"article:modified_time\" content=\"2017-02-05T02:59:12+00:00\" \/>\n\t\t<meta name=\"twitter:card\" content=\"summary_large_image\" \/>\n\t\t<meta name=\"twitter:title\" content=\"Oficio 036042 diciembre de 2015 DIAN \u2013 Modificaci\u00f3n a la declaraci\u00f3n de importaci\u00f3n - Contadores P\u00fablicos\" \/>\n\t\t<meta name=\"twitter:description\" content=\"En el evento que la modificaci\u00f3n del registro o la licencia de importaci\u00f3n no sea aprobada por las causales expresamente se\u00f1aladas en la norma, evidencia que la mercanc\u00eda declarada en la importaci\u00f3n no se encuentra amparada en el registro o la licencia de importaci\u00f3n respectiva, por consiguiente el declarante incurrir\u00e1 en la infracci\u00f3n prevista por el art\u00edculo 482 del Decreto 2685 de 1999.\" \/>\n\t\t<meta name=\"twitter:image\" content=\"https:\/\/contadoreshoy.com\/wp-content\/uploads\/2024\/01\/cropped-cropped-cropped-Copia-de-M.jpg\" \/>\n\t\t<script type=\"application\/ld+json\" class=\"aioseo-schema\">\n\t\t\t{\"@context\":\"https:\\\/\\\/schema.org\",\"@graph\":[{\"@type\":\"BlogPosting\",\"@id\":\"https:\\\/\\\/contadoreshoy.com\\\/?p=6764#blogposting\",\"name\":\"Oficio 036042 diciembre de 2015 DIAN \\u2013 Modificaci\\u00f3n a la declaraci\\u00f3n de importaci\\u00f3n - Contadores P\\u00fablicos\",\"headline\":\"Oficio 036042 diciembre de 2015 DIAN &#8211; Modificaci\\u00f3n a la declaraci\\u00f3n de importaci\\u00f3n\",\"author\":{\"@id\":\"https:\\\/\\\/contadoreshoy.com\\\/?author=1#author\"},\"publisher\":{\"@id\":\"https:\\\/\\\/contadoreshoy.com\\\/#organization\"},\"image\":{\"@type\":\"ImageObject\",\"url\":\"https:\\\/\\\/contadoreshoy.com\\\/wp-content\\\/uploads\\\/2016\\\/02\\\/Declaraci\\u00f3n-de-importaci\\u00f3n.jpg\",\"width\":600,\"height\":400},\"datePublished\":\"2016-02-20T21:13:36-05:00\",\"dateModified\":\"2017-02-04T21:59:12-05:00\",\"inLanguage\":\"es-ES\",\"mainEntityOfPage\":{\"@id\":\"https:\\\/\\\/contadoreshoy.com\\\/?p=6764#webpage\"},\"isPartOf\":{\"@id\":\"https:\\\/\\\/contadoreshoy.com\\\/?p=6764#webpage\"},\"articleSection\":\"Conceptos y Oficios DIAN\"},{\"@type\":\"BreadcrumbList\",\"@id\":\"https:\\\/\\\/contadoreshoy.com\\\/?p=6764#breadcrumblist\",\"itemListElement\":[{\"@type\":\"ListItem\",\"@id\":\"https:\\\/\\\/contadoreshoy.com#listItem\",\"position\":1,\"name\":\"Home\",\"item\":\"https:\\\/\\\/contadoreshoy.com\",\"nextItem\":{\"@type\":\"ListItem\",\"@id\":\"https:\\\/\\\/contadoreshoy.com\\\/?cat=456#listItem\",\"name\":\"Conceptos y Oficios DIAN\"}},{\"@type\":\"ListItem\",\"@id\":\"https:\\\/\\\/contadoreshoy.com\\\/?cat=456#listItem\",\"position\":2,\"name\":\"Conceptos y Oficios DIAN\",\"item\":\"https:\\\/\\\/contadoreshoy.com\\\/?cat=456\",\"nextItem\":{\"@type\":\"ListItem\",\"@id\":\"https:\\\/\\\/contadoreshoy.com\\\/?p=6764#listItem\",\"name\":\"Oficio 036042 diciembre de 2015 DIAN &#8211; Modificaci\\u00f3n a la declaraci\\u00f3n de importaci\\u00f3n\"},\"previousItem\":{\"@type\":\"ListItem\",\"@id\":\"https:\\\/\\\/contadoreshoy.com#listItem\",\"name\":\"Home\"}},{\"@type\":\"ListItem\",\"@id\":\"https:\\\/\\\/contadoreshoy.com\\\/?p=6764#listItem\",\"position\":3,\"name\":\"Oficio 036042 diciembre de 2015 DIAN &#8211; Modificaci\\u00f3n a la declaraci\\u00f3n de importaci\\u00f3n\",\"previousItem\":{\"@type\":\"ListItem\",\"@id\":\"https:\\\/\\\/contadoreshoy.com\\\/?cat=456#listItem\",\"name\":\"Conceptos y Oficios DIAN\"}}]},{\"@type\":\"Organization\",\"@id\":\"https:\\\/\\\/contadoreshoy.com\\\/#organization\",\"name\":\"Contadores P\\u00fablicos\",\"description\":\"Portal para Contadores P\\u00fablicos y empresarios\",\"url\":\"https:\\\/\\\/contadoreshoy.com\\\/\",\"logo\":{\"@type\":\"ImageObject\",\"url\":\"https:\\\/\\\/contadoreshoy.com\\\/wp-content\\\/uploads\\\/2024\\\/01\\\/cropped-cropped-Copia-de-M-1.jpg\",\"@id\":\"https:\\\/\\\/contadoreshoy.com\\\/?p=6764\\\/#organizationLogo\",\"width\":499,\"height\":500},\"image\":{\"@id\":\"https:\\\/\\\/contadoreshoy.com\\\/?p=6764\\\/#organizationLogo\"}},{\"@type\":\"Person\",\"@id\":\"https:\\\/\\\/contadoreshoy.com\\\/?author=1#author\",\"url\":\"https:\\\/\\\/contadoreshoy.com\\\/?author=1\",\"name\":\"Miguel Antonio M\\u00e1rquez Monta\\u00f1ez\"},{\"@type\":\"WebPage\",\"@id\":\"https:\\\/\\\/contadoreshoy.com\\\/?p=6764#webpage\",\"url\":\"https:\\\/\\\/contadoreshoy.com\\\/?p=6764\",\"name\":\"Oficio 036042 diciembre de 2015 DIAN \\u2013 Modificaci\\u00f3n a la declaraci\\u00f3n de importaci\\u00f3n - Contadores P\\u00fablicos\",\"description\":\"En el evento que la modificaci\\u00f3n del registro o la licencia de importaci\\u00f3n no sea aprobada por las causales expresamente se\\u00f1aladas en la norma, evidencia que la mercanc\\u00eda declarada en la importaci\\u00f3n no se encuentra amparada en el registro o la licencia de importaci\\u00f3n respectiva, por consiguiente el declarante incurrir\\u00e1 en la infracci\\u00f3n prevista por el art\\u00edculo 482 del Decreto 2685 de 1999.\",\"inLanguage\":\"es-ES\",\"isPartOf\":{\"@id\":\"https:\\\/\\\/contadoreshoy.com\\\/#website\"},\"breadcrumb\":{\"@id\":\"https:\\\/\\\/contadoreshoy.com\\\/?p=6764#breadcrumblist\"},\"author\":{\"@id\":\"https:\\\/\\\/contadoreshoy.com\\\/?author=1#author\"},\"creator\":{\"@id\":\"https:\\\/\\\/contadoreshoy.com\\\/?author=1#author\"},\"image\":{\"@type\":\"ImageObject\",\"url\":\"https:\\\/\\\/contadoreshoy.com\\\/wp-content\\\/uploads\\\/2016\\\/02\\\/Declaraci\\u00f3n-de-importaci\\u00f3n.jpg\",\"@id\":\"https:\\\/\\\/contadoreshoy.com\\\/?p=6764\\\/#mainImage\",\"width\":600,\"height\":400},\"primaryImageOfPage\":{\"@id\":\"https:\\\/\\\/contadoreshoy.com\\\/?p=6764#mainImage\"},\"datePublished\":\"2016-02-20T21:13:36-05:00\",\"dateModified\":\"2017-02-04T21:59:12-05:00\"},{\"@type\":\"WebSite\",\"@id\":\"https:\\\/\\\/contadoreshoy.com\\\/#website\",\"url\":\"https:\\\/\\\/contadoreshoy.com\\\/\",\"name\":\"Contadores P\\u00fablicos\",\"description\":\"Portal para Contadores P\\u00fablicos y empresarios\",\"inLanguage\":\"es-ES\",\"publisher\":{\"@id\":\"https:\\\/\\\/contadoreshoy.com\\\/#organization\"}}]}\n\t\t<\/script>\n\t\t<!-- All in One SEO -->\n\n","aioseo_head_json":{"title":"Oficio 036042 diciembre de 2015 DIAN \u2013 Modificaci\u00f3n a la declaraci\u00f3n de importaci\u00f3n - Contadores P\u00fablicos","description":"En el evento que la modificaci\u00f3n del registro o la licencia de importaci\u00f3n no sea aprobada por las causales expresamente se\u00f1aladas en la norma, evidencia que la mercanc\u00eda declarada en la importaci\u00f3n no se encuentra amparada en el registro o la licencia de importaci\u00f3n respectiva, por consiguiente el declarante incurrir\u00e1 en la infracci\u00f3n prevista por el art\u00edculo 482 del Decreto 2685 de 1999.","canonical_url":"https:\/\/contadoreshoy.com\/?p=6764","robots":"max-image-preview:large","keywords":"","webmasterTools":{"miscellaneous":""},"schema":{"@context":"https:\/\/schema.org","@graph":[{"@type":"BlogPosting","@id":"https:\/\/contadoreshoy.com\/?p=6764#blogposting","name":"Oficio 036042 diciembre de 2015 DIAN \u2013 Modificaci\u00f3n a la declaraci\u00f3n de importaci\u00f3n - Contadores P\u00fablicos","headline":"Oficio 036042 diciembre de 2015 DIAN &#8211; Modificaci\u00f3n a la declaraci\u00f3n de importaci\u00f3n","author":{"@id":"https:\/\/contadoreshoy.com\/?author=1#author"},"publisher":{"@id":"https:\/\/contadoreshoy.com\/#organization"},"image":{"@type":"ImageObject","url":"https:\/\/contadoreshoy.com\/wp-content\/uploads\/2016\/02\/Declaraci\u00f3n-de-importaci\u00f3n.jpg","width":600,"height":400},"datePublished":"2016-02-20T21:13:36-05:00","dateModified":"2017-02-04T21:59:12-05:00","inLanguage":"es-ES","mainEntityOfPage":{"@id":"https:\/\/contadoreshoy.com\/?p=6764#webpage"},"isPartOf":{"@id":"https:\/\/contadoreshoy.com\/?p=6764#webpage"},"articleSection":"Conceptos y Oficios DIAN"},{"@type":"BreadcrumbList","@id":"https:\/\/contadoreshoy.com\/?p=6764#breadcrumblist","itemListElement":[{"@type":"ListItem","@id":"https:\/\/contadoreshoy.com#listItem","position":1,"name":"Home","item":"https:\/\/contadoreshoy.com","nextItem":{"@type":"ListItem","@id":"https:\/\/contadoreshoy.com\/?cat=456#listItem","name":"Conceptos y Oficios DIAN"}},{"@type":"ListItem","@id":"https:\/\/contadoreshoy.com\/?cat=456#listItem","position":2,"name":"Conceptos y Oficios DIAN","item":"https:\/\/contadoreshoy.com\/?cat=456","nextItem":{"@type":"ListItem","@id":"https:\/\/contadoreshoy.com\/?p=6764#listItem","name":"Oficio 036042 diciembre de 2015 DIAN &#8211; Modificaci\u00f3n a la declaraci\u00f3n de importaci\u00f3n"},"previousItem":{"@type":"ListItem","@id":"https:\/\/contadoreshoy.com#listItem","name":"Home"}},{"@type":"ListItem","@id":"https:\/\/contadoreshoy.com\/?p=6764#listItem","position":3,"name":"Oficio 036042 diciembre de 2015 DIAN &#8211; Modificaci\u00f3n a la declaraci\u00f3n de importaci\u00f3n","previousItem":{"@type":"ListItem","@id":"https:\/\/contadoreshoy.com\/?cat=456#listItem","name":"Conceptos y Oficios DIAN"}}]},{"@type":"Organization","@id":"https:\/\/contadoreshoy.com\/#organization","name":"Contadores P\u00fablicos","description":"Portal para Contadores P\u00fablicos y empresarios","url":"https:\/\/contadoreshoy.com\/","logo":{"@type":"ImageObject","url":"https:\/\/contadoreshoy.com\/wp-content\/uploads\/2024\/01\/cropped-cropped-Copia-de-M-1.jpg","@id":"https:\/\/contadoreshoy.com\/?p=6764\/#organizationLogo","width":499,"height":500},"image":{"@id":"https:\/\/contadoreshoy.com\/?p=6764\/#organizationLogo"}},{"@type":"Person","@id":"https:\/\/contadoreshoy.com\/?author=1#author","url":"https:\/\/contadoreshoy.com\/?author=1","name":"Miguel Antonio M\u00e1rquez Monta\u00f1ez"},{"@type":"WebPage","@id":"https:\/\/contadoreshoy.com\/?p=6764#webpage","url":"https:\/\/contadoreshoy.com\/?p=6764","name":"Oficio 036042 diciembre de 2015 DIAN \u2013 Modificaci\u00f3n a la declaraci\u00f3n de importaci\u00f3n - Contadores P\u00fablicos","description":"En el evento que la modificaci\u00f3n del registro o la licencia de importaci\u00f3n no sea aprobada por las causales expresamente se\u00f1aladas en la norma, evidencia que la mercanc\u00eda declarada en la importaci\u00f3n no se encuentra amparada en el registro o la licencia de importaci\u00f3n respectiva, por consiguiente el declarante incurrir\u00e1 en la infracci\u00f3n prevista por el art\u00edculo 482 del Decreto 2685 de 1999.","inLanguage":"es-ES","isPartOf":{"@id":"https:\/\/contadoreshoy.com\/#website"},"breadcrumb":{"@id":"https:\/\/contadoreshoy.com\/?p=6764#breadcrumblist"},"author":{"@id":"https:\/\/contadoreshoy.com\/?author=1#author"},"creator":{"@id":"https:\/\/contadoreshoy.com\/?author=1#author"},"image":{"@type":"ImageObject","url":"https:\/\/contadoreshoy.com\/wp-content\/uploads\/2016\/02\/Declaraci\u00f3n-de-importaci\u00f3n.jpg","@id":"https:\/\/contadoreshoy.com\/?p=6764\/#mainImage","width":600,"height":400},"primaryImageOfPage":{"@id":"https:\/\/contadoreshoy.com\/?p=6764#mainImage"},"datePublished":"2016-02-20T21:13:36-05:00","dateModified":"2017-02-04T21:59:12-05:00"},{"@type":"WebSite","@id":"https:\/\/contadoreshoy.com\/#website","url":"https:\/\/contadoreshoy.com\/","name":"Contadores P\u00fablicos","description":"Portal para Contadores P\u00fablicos y empresarios","inLanguage":"es-ES","publisher":{"@id":"https:\/\/contadoreshoy.com\/#organization"}}]},"og:locale":"es_ES","og:site_name":"Contadores P\u00fablicos - Portal para Contadores P\u00fablicos y empresarios","og:type":"article","og:title":"Oficio 036042 diciembre de 2015 DIAN \u2013 Modificaci\u00f3n a la declaraci\u00f3n de importaci\u00f3n - Contadores P\u00fablicos","og:description":"En el evento que la modificaci\u00f3n del registro o la licencia de importaci\u00f3n no sea aprobada por las causales expresamente se\u00f1aladas en la norma, evidencia que la mercanc\u00eda declarada en la importaci\u00f3n no se encuentra amparada en el registro o la licencia de importaci\u00f3n respectiva, por consiguiente el declarante incurrir\u00e1 en la infracci\u00f3n prevista por el art\u00edculo 482 del Decreto 2685 de 1999.","og:url":"https:\/\/contadoreshoy.com\/?p=6764","og:image":"https:\/\/contadoreshoy.com\/wp-content\/uploads\/2024\/01\/cropped-cropped-cropped-Copia-de-M.jpg","og:image:secure_url":"https:\/\/contadoreshoy.com\/wp-content\/uploads\/2024\/01\/cropped-cropped-cropped-Copia-de-M.jpg","og:image:width":512,"og:image:height":371,"article:published_time":"2016-02-21T02:13:36+00:00","article:modified_time":"2017-02-05T02:59:12+00:00","twitter:card":"summary_large_image","twitter:title":"Oficio 036042 diciembre de 2015 DIAN \u2013 Modificaci\u00f3n a la declaraci\u00f3n de importaci\u00f3n - Contadores P\u00fablicos","twitter:description":"En el evento que la modificaci\u00f3n del registro o la licencia de importaci\u00f3n no sea aprobada por las causales expresamente se\u00f1aladas en la norma, evidencia que la mercanc\u00eda declarada en la importaci\u00f3n no se encuentra amparada en el registro o la licencia de importaci\u00f3n respectiva, por consiguiente el declarante incurrir\u00e1 en la infracci\u00f3n prevista por el art\u00edculo 482 del Decreto 2685 de 1999.","twitter:image":"https:\/\/contadoreshoy.com\/wp-content\/uploads\/2024\/01\/cropped-cropped-cropped-Copia-de-M.jpg"},"aioseo_meta_data":{"post_id":"6764","title":null,"description":null,"keywords":null,"keyphrases":null,"primary_term":null,"canonical_url":null,"og_title":null,"og_description":null,"og_object_type":"default","og_image_type":"default","og_image_url":null,"og_image_width":null,"og_image_height":null,"og_image_custom_url":null,"og_image_custom_fields":null,"og_video":null,"og_custom_url":null,"og_article_section":null,"og_article_tags":null,"twitter_use_og":false,"twitter_card":"default","twitter_image_type":"default","twitter_image_url":null,"twitter_image_custom_url":null,"twitter_image_custom_fields":null,"twitter_title":null,"twitter_description":null,"schema":{"blockGraphs":[],"customGraphs":[],"default":{"data":{"Article":[],"Course":[],"Dataset":[],"FAQPage":[],"Movie":[],"Person":[],"Product":[],"ProductReview":[],"Car":[],"Recipe":[],"Service":[],"SoftwareApplication":[],"WebPage":[]},"graphName":"","isEnabled":true},"graphs":[]},"schema_type":"default","schema_type_options":null,"pillar_content":false,"robots_default":true,"robots_noindex":false,"robots_noarchive":false,"robots_nosnippet":false,"robots_nofollow":false,"robots_noimageindex":false,"robots_noodp":false,"robots_notranslate":false,"robots_max_snippet":null,"robots_max_videopreview":null,"robots_max_imagepreview":"large","priority":null,"frequency":null,"local_seo":null,"breadcrumb_settings":null,"limit_modified_date":false,"ai":null,"created":"2024-03-05 01:32:29","updated":"2026-03-03 04:47:48","seo_analyzer_scan_date":null,"focus_keyword":null,"additional_keywords":null,"truseo_locale":null},"aioseo_breadcrumb":"<div class=\"aioseo-breadcrumbs\"><span class=\"aioseo-breadcrumb\">\n\t\t\t<a href=\"https:\/\/contadoreshoy.com\" title=\"Home\">Home<\/a>\n\t\t<\/span><span class=\"aioseo-breadcrumb-separator\">&raquo;<\/span><span class=\"aioseo-breadcrumb\">\n\t\t\t<a href=\"https:\/\/contadoreshoy.com\/?cat=456\" title=\"Conceptos y Oficios DIAN\">Conceptos y Oficios DIAN<\/a>\n\t\t<\/span><span class=\"aioseo-breadcrumb-separator\">&raquo;<\/span><span class=\"aioseo-breadcrumb\">\n\t\t\tOficio 036042 diciembre de 2015 DIAN \u2013 Modificaci\u00f3n a la declaraci\u00f3n de importaci\u00f3n\n\t\t<\/span><\/div>","aioseo_breadcrumb_json":[{"label":"Home","link":"https:\/\/contadoreshoy.com"},{"label":"Conceptos y Oficios DIAN","link":"https:\/\/contadoreshoy.com\/?cat=456"},{"label":"Oficio 036042 diciembre de 2015 DIAN &#8211; Modificaci\u00f3n a la declaraci\u00f3n de importaci\u00f3n","link":"https:\/\/contadoreshoy.com\/?p=6764"}],"yoast_head":"<!-- This site is optimized with the Yoast SEO plugin v28.4 - https:\/\/yoast.com\/product\/yoast-seo-wordpress\/ -->\n<title>Oficio 036042 diciembre de 2015 DIAN - Modificaci\u00f3n a la declaraci\u00f3n de importaci\u00f3n - Contadores P\u00fablicos<\/title>\n<meta name=\"robots\" content=\"index, follow, max-snippet:-1, max-image-preview:large, max-video-preview:-1\" \/>\n<link rel=\"canonical\" href=\"https:\/\/contadoreshoy.com\/?p=6764\" \/>\n<meta property=\"og:locale\" content=\"es_ES\" \/>\n<meta property=\"og:type\" content=\"article\" \/>\n<meta property=\"og:title\" content=\"Oficio 036042 diciembre de 2015 DIAN - Modificaci\u00f3n a la declaraci\u00f3n de importaci\u00f3n - Contadores P\u00fablicos\" \/>\n<meta property=\"og:description\" content=\"En el evento que la modificaci\u00f3n del registro o la licencia de importaci\u00f3n no sea aprobada por las causales expresamente se\u00f1aladas en la norma, evidencia que la mercanc\u00eda declarada en la importaci\u00f3n no se encuentra amparada en el registro o la licencia de importaci\u00f3n respectiva, por consiguiente el declarante incurrir\u00e1 en la infracci\u00f3n prevista por el art\u00edculo 482 del Decreto 2685 de 1999.\" \/>\n<meta property=\"og:url\" content=\"https:\/\/contadoreshoy.com\/?p=6764\" \/>\n<meta property=\"og:site_name\" content=\"Contadores P\u00fablicos\" \/>\n<meta property=\"article:publisher\" content=\"https:\/\/www.facebook.com\/CCCPBucaramanga\/\" \/>\n<meta property=\"article:published_time\" content=\"2016-02-21T02:13:36+00:00\" \/>\n<meta property=\"article:modified_time\" content=\"2017-02-05T02:59:12+00:00\" \/>\n<meta property=\"og:image\" content=\"https:\/\/contadoreshoy.com\/wp-content\/uploads\/2016\/02\/Declaraci\u00f3n-de-importaci\u00f3n.jpg\" \/>\n\t<meta property=\"og:image:width\" content=\"600\" \/>\n\t<meta property=\"og:image:height\" content=\"400\" \/>\n\t<meta property=\"og:image:type\" content=\"image\/jpeg\" \/>\n<meta name=\"author\" content=\"Miguel Antonio M\u00e1rquez Monta\u00f1ez\" \/>\n<meta name=\"twitter:card\" content=\"summary_large_image\" \/>\n<meta name=\"twitter:label1\" content=\"Escrito por\" \/>\n\t<meta name=\"twitter:data1\" content=\"Miguel Antonio M\u00e1rquez Monta\u00f1ez\" \/>\n\t<meta name=\"twitter:label2\" content=\"Tiempo de lectura\" \/>\n\t<meta name=\"twitter:data2\" content=\"4 minutos\" \/>\n<script type=\"application\/ld+json\" class=\"yoast-schema-graph\">{\"@context\":\"https:\\\/\\\/schema.org\",\"@graph\":[{\"@type\":\"Article\",\"@id\":\"https:\\\/\\\/contadoreshoy.com\\\/?p=6764#article\",\"isPartOf\":{\"@id\":\"https:\\\/\\\/contadoreshoy.com\\\/?p=6764\"},\"author\":{\"name\":\"Miguel Antonio M\u00e1rquez Monta\u00f1ez\",\"@id\":\"https:\\\/\\\/contadoreshoy.com\\\/#\\\/schema\\\/person\\\/96d8979cb865537c5dc9345e40089fc5\"},\"headline\":\"Oficio 036042 diciembre de 2015 DIAN &#8211; Modificaci\u00f3n a la declaraci\u00f3n de importaci\u00f3n\",\"datePublished\":\"2016-02-21T02:13:36+00:00\",\"dateModified\":\"2017-02-05T02:59:12+00:00\",\"mainEntityOfPage\":{\"@id\":\"https:\\\/\\\/contadoreshoy.com\\\/?p=6764\"},\"wordCount\":862,\"commentCount\":0,\"publisher\":{\"@id\":\"https:\\\/\\\/contadoreshoy.com\\\/#organization\"},\"image\":{\"@id\":\"https:\\\/\\\/contadoreshoy.com\\\/?p=6764#primaryimage\"},\"thumbnailUrl\":\"https:\\\/\\\/contadoreshoy.com\\\/wp-content\\\/uploads\\\/2016\\\/02\\\/Declaraci\u00f3n-de-importaci\u00f3n.jpg\",\"articleSection\":[\"Conceptos y Oficios DIAN\"],\"inLanguage\":\"es\",\"potentialAction\":[{\"@type\":\"CommentAction\",\"name\":\"Comment\",\"target\":[\"https:\\\/\\\/contadoreshoy.com\\\/?p=6764#respond\"]}]},{\"@type\":\"WebPage\",\"@id\":\"https:\\\/\\\/contadoreshoy.com\\\/?p=6764\",\"url\":\"https:\\\/\\\/contadoreshoy.com\\\/?p=6764\",\"name\":\"Oficio 036042 diciembre de 2015 DIAN - Modificaci\u00f3n a la declaraci\u00f3n de importaci\u00f3n - Contadores P\u00fablicos\",\"isPartOf\":{\"@id\":\"https:\\\/\\\/contadoreshoy.com\\\/#website\"},\"primaryImageOfPage\":{\"@id\":\"https:\\\/\\\/contadoreshoy.com\\\/?p=6764#primaryimage\"},\"image\":{\"@id\":\"https:\\\/\\\/contadoreshoy.com\\\/?p=6764#primaryimage\"},\"thumbnailUrl\":\"https:\\\/\\\/contadoreshoy.com\\\/wp-content\\\/uploads\\\/2016\\\/02\\\/Declaraci\u00f3n-de-importaci\u00f3n.jpg\",\"datePublished\":\"2016-02-21T02:13:36+00:00\",\"dateModified\":\"2017-02-05T02:59:12+00:00\",\"breadcrumb\":{\"@id\":\"https:\\\/\\\/contadoreshoy.com\\\/?p=6764#breadcrumb\"},\"inLanguage\":\"es\",\"potentialAction\":[{\"@type\":\"ReadAction\",\"target\":[\"https:\\\/\\\/contadoreshoy.com\\\/?p=6764\"]}]},{\"@type\":\"ImageObject\",\"inLanguage\":\"es\",\"@id\":\"https:\\\/\\\/contadoreshoy.com\\\/?p=6764#primaryimage\",\"url\":\"https:\\\/\\\/contadoreshoy.com\\\/wp-content\\\/uploads\\\/2016\\\/02\\\/Declaraci\u00f3n-de-importaci\u00f3n.jpg\",\"contentUrl\":\"https:\\\/\\\/contadoreshoy.com\\\/wp-content\\\/uploads\\\/2016\\\/02\\\/Declaraci\u00f3n-de-importaci\u00f3n.jpg\",\"width\":600,\"height\":400},{\"@type\":\"BreadcrumbList\",\"@id\":\"https:\\\/\\\/contadoreshoy.com\\\/?p=6764#breadcrumb\",\"itemListElement\":[{\"@type\":\"ListItem\",\"position\":1,\"name\":\"Portada\",\"item\":\"https:\\\/\\\/contadoreshoy.com\\\/\"},{\"@type\":\"ListItem\",\"position\":2,\"name\":\"Oficio 036042 diciembre de 2015 DIAN &#8211; Modificaci\u00f3n a la declaraci\u00f3n de importaci\u00f3n\"}]},{\"@type\":\"WebSite\",\"@id\":\"https:\\\/\\\/contadoreshoy.com\\\/#website\",\"url\":\"https:\\\/\\\/contadoreshoy.com\\\/\",\"name\":\"Contadorespublicossantander\",\"description\":\"Portal para Contadores P\u00fablicos y empresarios\",\"publisher\":{\"@id\":\"https:\\\/\\\/contadoreshoy.com\\\/#organization\"},\"potentialAction\":[{\"@type\":\"SearchAction\",\"target\":{\"@type\":\"EntryPoint\",\"urlTemplate\":\"https:\\\/\\\/contadoreshoy.com\\\/?s={search_term_string}\"},\"query-input\":{\"@type\":\"PropertyValueSpecification\",\"valueRequired\":true,\"valueName\":\"search_term_string\"}}],\"inLanguage\":\"es\"},{\"@type\":\"Organization\",\"@id\":\"https:\\\/\\\/contadoreshoy.com\\\/#organization\",\"name\":\"Contadores P\u00fablicos de Santander\",\"url\":\"https:\\\/\\\/contadoreshoy.com\\\/\",\"logo\":{\"@type\":\"ImageObject\",\"inLanguage\":\"es\",\"@id\":\"https:\\\/\\\/contadoreshoy.com\\\/#\\\/schema\\\/logo\\\/image\\\/\",\"url\":\"https:\\\/\\\/contadoreshoy.com\\\/wp-content\\\/uploads\\\/2024\\\/01\\\/cropped-cropped-Copia-de-M-1.jpg\",\"contentUrl\":\"https:\\\/\\\/contadoreshoy.com\\\/wp-content\\\/uploads\\\/2024\\\/01\\\/cropped-cropped-Copia-de-M-1.jpg\",\"width\":499,\"height\":500,\"caption\":\"Contadores P\u00fablicos de Santander\"},\"image\":{\"@id\":\"https:\\\/\\\/contadoreshoy.com\\\/#\\\/schema\\\/logo\\\/image\\\/\"},\"sameAs\":[\"https:\\\/\\\/www.facebook.com\\\/CCCPBucaramanga\\\/\"]},{\"@type\":\"Person\",\"@id\":\"https:\\\/\\\/contadoreshoy.com\\\/#\\\/schema\\\/person\\\/96d8979cb865537c5dc9345e40089fc5\",\"name\":\"Miguel Antonio M\u00e1rquez Monta\u00f1ez\",\"description\":\"Contador P\u00fablico egresado de la Universidad Aut\u00f3noma de Bucaramanga - Asesor contable tributario con m\u00e1s de 25 a\u00f1os de experiencia - Conferencista en temas contables y tributarios - T\u00e9cnico en Hardware y Dise\u00f1o Web - Creador y director Grupo de Estudio Colegio Colombiano de Contadores P\u00fablicos de Bucaramanga - Creador y Master Web p\u00e1gina www.contadoresp\u00fablicossantander.com - Expresidente Colegio Colombiano de Contadores P\u00fablicos Bucaramanga\",\"url\":\"https:\\\/\\\/contadoreshoy.com\\\/?author=1\"}]}<\/script>\n<!-- \/ Yoast SEO plugin. -->","yoast_head_json":{"title":"Oficio 036042 diciembre de 2015 DIAN - Modificaci\u00f3n a la declaraci\u00f3n de importaci\u00f3n - Contadores P\u00fablicos","robots":{"index":"index","follow":"follow","max-snippet":"max-snippet:-1","max-image-preview":"max-image-preview:large","max-video-preview":"max-video-preview:-1"},"canonical":"https:\/\/contadoreshoy.com\/?p=6764","og_locale":"es_ES","og_type":"article","og_title":"Oficio 036042 diciembre de 2015 DIAN - Modificaci\u00f3n a la declaraci\u00f3n de importaci\u00f3n - Contadores P\u00fablicos","og_description":"En el evento que la modificaci\u00f3n del registro o la licencia de importaci\u00f3n no sea aprobada por las causales expresamente se\u00f1aladas en la norma, evidencia que la mercanc\u00eda declarada en la importaci\u00f3n no se encuentra amparada en el registro o la licencia de importaci\u00f3n respectiva, por consiguiente el declarante incurrir\u00e1 en la infracci\u00f3n prevista por el art\u00edculo 482 del Decreto 2685 de 1999.","og_url":"https:\/\/contadoreshoy.com\/?p=6764","og_site_name":"Contadores P\u00fablicos","article_publisher":"https:\/\/www.facebook.com\/CCCPBucaramanga\/","article_published_time":"2016-02-21T02:13:36+00:00","article_modified_time":"2017-02-05T02:59:12+00:00","og_image":[{"width":600,"height":400,"url":"https:\/\/contadoreshoy.com\/wp-content\/uploads\/2016\/02\/Declaraci\u00f3n-de-importaci\u00f3n.jpg","type":"image\/jpeg"}],"author":"Miguel Antonio M\u00e1rquez Monta\u00f1ez","twitter_card":"summary_large_image","twitter_misc":{"Escrito por":"Miguel Antonio M\u00e1rquez Monta\u00f1ez","Tiempo de lectura":"4 minutos"},"schema":{"@context":"https:\/\/schema.org","@graph":[{"@type":"Article","@id":"https:\/\/contadoreshoy.com\/?p=6764#article","isPartOf":{"@id":"https:\/\/contadoreshoy.com\/?p=6764"},"author":{"name":"Miguel Antonio M\u00e1rquez Monta\u00f1ez","@id":"https:\/\/contadoreshoy.com\/#\/schema\/person\/96d8979cb865537c5dc9345e40089fc5"},"headline":"Oficio 036042 diciembre de 2015 DIAN &#8211; Modificaci\u00f3n a la declaraci\u00f3n de importaci\u00f3n","datePublished":"2016-02-21T02:13:36+00:00","dateModified":"2017-02-05T02:59:12+00:00","mainEntityOfPage":{"@id":"https:\/\/contadoreshoy.com\/?p=6764"},"wordCount":862,"commentCount":0,"publisher":{"@id":"https:\/\/contadoreshoy.com\/#organization"},"image":{"@id":"https:\/\/contadoreshoy.com\/?p=6764#primaryimage"},"thumbnailUrl":"https:\/\/contadoreshoy.com\/wp-content\/uploads\/2016\/02\/Declaraci\u00f3n-de-importaci\u00f3n.jpg","articleSection":["Conceptos y Oficios DIAN"],"inLanguage":"es","potentialAction":[{"@type":"CommentAction","name":"Comment","target":["https:\/\/contadoreshoy.com\/?p=6764#respond"]}]},{"@type":"WebPage","@id":"https:\/\/contadoreshoy.com\/?p=6764","url":"https:\/\/contadoreshoy.com\/?p=6764","name":"Oficio 036042 diciembre de 2015 DIAN - Modificaci\u00f3n a la declaraci\u00f3n de importaci\u00f3n - Contadores P\u00fablicos","isPartOf":{"@id":"https:\/\/contadoreshoy.com\/#website"},"primaryImageOfPage":{"@id":"https:\/\/contadoreshoy.com\/?p=6764#primaryimage"},"image":{"@id":"https:\/\/contadoreshoy.com\/?p=6764#primaryimage"},"thumbnailUrl":"https:\/\/contadoreshoy.com\/wp-content\/uploads\/2016\/02\/Declaraci\u00f3n-de-importaci\u00f3n.jpg","datePublished":"2016-02-21T02:13:36+00:00","dateModified":"2017-02-05T02:59:12+00:00","breadcrumb":{"@id":"https:\/\/contadoreshoy.com\/?p=6764#breadcrumb"},"inLanguage":"es","potentialAction":[{"@type":"ReadAction","target":["https:\/\/contadoreshoy.com\/?p=6764"]}]},{"@type":"ImageObject","inLanguage":"es","@id":"https:\/\/contadoreshoy.com\/?p=6764#primaryimage","url":"https:\/\/contadoreshoy.com\/wp-content\/uploads\/2016\/02\/Declaraci\u00f3n-de-importaci\u00f3n.jpg","contentUrl":"https:\/\/contadoreshoy.com\/wp-content\/uploads\/2016\/02\/Declaraci\u00f3n-de-importaci\u00f3n.jpg","width":600,"height":400},{"@type":"BreadcrumbList","@id":"https:\/\/contadoreshoy.com\/?p=6764#breadcrumb","itemListElement":[{"@type":"ListItem","position":1,"name":"Portada","item":"https:\/\/contadoreshoy.com\/"},{"@type":"ListItem","position":2,"name":"Oficio 036042 diciembre de 2015 DIAN &#8211; Modificaci\u00f3n a la declaraci\u00f3n de importaci\u00f3n"}]},{"@type":"WebSite","@id":"https:\/\/contadoreshoy.com\/#website","url":"https:\/\/contadoreshoy.com\/","name":"Contadorespublicossantander","description":"Portal para Contadores P\u00fablicos y empresarios","publisher":{"@id":"https:\/\/contadoreshoy.com\/#organization"},"potentialAction":[{"@type":"SearchAction","target":{"@type":"EntryPoint","urlTemplate":"https:\/\/contadoreshoy.com\/?s={search_term_string}"},"query-input":{"@type":"PropertyValueSpecification","valueRequired":true,"valueName":"search_term_string"}}],"inLanguage":"es"},{"@type":"Organization","@id":"https:\/\/contadoreshoy.com\/#organization","name":"Contadores P\u00fablicos de Santander","url":"https:\/\/contadoreshoy.com\/","logo":{"@type":"ImageObject","inLanguage":"es","@id":"https:\/\/contadoreshoy.com\/#\/schema\/logo\/image\/","url":"https:\/\/contadoreshoy.com\/wp-content\/uploads\/2024\/01\/cropped-cropped-Copia-de-M-1.jpg","contentUrl":"https:\/\/contadoreshoy.com\/wp-content\/uploads\/2024\/01\/cropped-cropped-Copia-de-M-1.jpg","width":499,"height":500,"caption":"Contadores P\u00fablicos de Santander"},"image":{"@id":"https:\/\/contadoreshoy.com\/#\/schema\/logo\/image\/"},"sameAs":["https:\/\/www.facebook.com\/CCCPBucaramanga\/"]},{"@type":"Person","@id":"https:\/\/contadoreshoy.com\/#\/schema\/person\/96d8979cb865537c5dc9345e40089fc5","name":"Miguel Antonio M\u00e1rquez Monta\u00f1ez","description":"Contador P\u00fablico egresado de la Universidad Aut\u00f3noma de Bucaramanga - Asesor contable tributario con m\u00e1s de 25 a\u00f1os de experiencia - Conferencista en temas contables y tributarios - T\u00e9cnico en Hardware y Dise\u00f1o Web - Creador y director Grupo de Estudio Colegio Colombiano de Contadores P\u00fablicos de Bucaramanga - Creador y Master Web p\u00e1gina www.contadoresp\u00fablicossantander.com - Expresidente Colegio Colombiano de Contadores P\u00fablicos Bucaramanga","url":"https:\/\/contadoreshoy.com\/?author=1"}]}},"_links":{"self":[{"href":"https:\/\/contadoreshoy.com\/index.php?rest_route=\/wp\/v2\/posts\/6764","targetHints":{"allow":["GET"]}}],"collection":[{"href":"https:\/\/contadoreshoy.com\/index.php?rest_route=\/wp\/v2\/posts"}],"about":[{"href":"https:\/\/contadoreshoy.com\/index.php?rest_route=\/wp\/v2\/types\/post"}],"author":[{"embeddable":true,"href":"https:\/\/contadoreshoy.com\/index.php?rest_route=\/wp\/v2\/users\/1"}],"replies":[{"embeddable":true,"href":"https:\/\/contadoreshoy.com\/index.php?rest_route=%2Fwp%2Fv2%2Fcomments&post=6764"}],"version-history":[{"count":1,"href":"https:\/\/contadoreshoy.com\/index.php?rest_route=\/wp\/v2\/posts\/6764\/revisions"}],"predecessor-version":[{"id":7922,"href":"https:\/\/contadoreshoy.com\/index.php?rest_route=\/wp\/v2\/posts\/6764\/revisions\/7922"}],"wp:featuredmedia":[{"embeddable":true,"href":"https:\/\/contadoreshoy.com\/index.php?rest_route=\/wp\/v2\/media\/6845"}],"wp:attachment":[{"href":"https:\/\/contadoreshoy.com\/index.php?rest_route=%2Fwp%2Fv2%2Fmedia&parent=6764"}],"wp:term":[{"taxonomy":"category","embeddable":true,"href":"https:\/\/contadoreshoy.com\/index.php?rest_route=%2Fwp%2Fv2%2Fcategories&post=6764"},{"taxonomy":"post_tag","embeddable":true,"href":"https:\/\/contadoreshoy.com\/index.php?rest_route=%2Fwp%2Fv2%2Ftags&post=6764"}],"curies":[{"name":"wp","href":"https:\/\/api.w.org\/{rel}","templated":true}]}}