{"id":6766,"date":"2016-02-19T21:11:46","date_gmt":"2016-02-20T02:11:46","guid":{"rendered":"http:\/\/colegiocolombianodecontadores.com\/?p=6766"},"modified":"2017-02-04T21:59:12","modified_gmt":"2017-02-05T02:59:12","slug":"oficio-900580-enero-de-2016-dian-union-temporal","status":"publish","type":"post","link":"https:\/\/contadoreshoy.com\/?p=6766","title":{"rendered":"Oficio 900580 enero de 2016 DIAN &#8211; Uni\u00f3n Temporal"},"content":{"rendered":"<p style=\"text-align: center;\">OFICIO N\u00daMERO 900580 DE 2016 DIAN<br \/>\n( enero 12)<\/p>\n<p>Subdirecci\u00f3n de Gesti\u00f3n Normativa y Doctrina<br \/>\nBogot\u00e1, D. C., 6 de enero de 2016<br \/>\n100208221-000008<\/p>\n<p>Se\u00f1ora:<br \/>\n\u00c1NGELA PATRICIA SALAMANCA GONZ\u00c1LEZ<br \/>\nAbogado Itrc<br \/>\nItrc<br \/>\nasalamanca@itrc.gov.co Calle 93B No. 16 &#8211; 47 piso 5 Bogot\u00e1 D. C.<br \/>\nReferencia: Radicado 000593 del 12\/12\/2015. Para cualquier solicitud sobre este documento, por favor cite tambi\u00e9n este radicado de la DIAN.<br \/>\nTema Procedimiento Tributario<\/p>\n<p style=\"text-align: justify;\">Descriptores Registro \u00danico Tributario &#8211; Actualizaci\u00f3n<br \/>\nRegistro \u00danico Tributario &#8211; Inscripci\u00f3n<br \/>\nREGISTRO \u00daNICO TRIBUTARIO &#8211; REQUISITOS<br \/>\nFuentes formales Art\u00edculos 10 y 13 del Decreto 2460 de 2013.<\/p>\n<p style=\"text-align: justify;\">Cordial saludo, se\u00f1ora \u00c1ngela.<\/p>\n<p style=\"text-align: justify;\">De conformidad con el art\u00edculo 20 del Decreto 4048 de 2008, es funci\u00f3n de esta Subdirecci\u00f3n absolver de modo general las consultas escritas que se formulen sobre interpretaci\u00f3n y aplicaci\u00f3n de las normas tributarias de car\u00e1cter nacional, aduaneras y cambiarias en lo de competencia de esta entidad.<\/p>\n<p style=\"text-align: justify;\"><span style=\"color: #0000ff;\">En particular solicita conceptuar si en una UNI\u00d3N TEMPORAL compuesta por tres integrantes, el representante legal en el Registro \u00danico Tributario (RUT), se puede cambiar con la firma de un acta de dos de los integrantes en donde as\u00ed lo determinen, o se requiere que este cambio se realice con la autorizaci\u00f3n de los tres integrantes.<\/span><\/p>\n<p style=\"text-align: justify;\">Sobre el tema cabe precisar que de acuerdo con nuestras funciones no es procedente conceptuar sobre los procedimientos espec\u00edficos a seguir, o las actuaciones particulares por adelantar con ocasi\u00f3n de actos o actuaciones administrativas de los funcionarios de esta entidad, tampoco corresponde definir, desatar, investigar o juzgar las actuaciones administrativas de los mismos, considerando que a esta Subdirecci\u00f3n le corresponde absolver consultas sobre interpretaci\u00f3n y aplicaci\u00f3n de normas tributarias de car\u00e1cter nacional, aduaneras y cambiarias.<\/p>\n<p style=\"text-align: justify;\">No obstante lo anterior, y con el \u00e1nimo de despejar dudas sobre el tr\u00e1mite y requisitos de las actualizaciones en el RUT, se puede manifestar que el Decreto 2460 de 2013 reglament\u00f3 el art\u00edculo 555-2 del Estatuto Tributario, disponiendo en sus art\u00edculos 10 y 13 los documentos para la formalizaci\u00f3n de la inscripci\u00f3n en el registro \u00fanico tributario RUT y para la actualizaci\u00f3n del mismo.<\/p>\n<p style=\"text-align: justify;\">Los apartes pertinentes se\u00f1alan lo siguiente:<\/p>\n<p style=\"text-align: justify;\">\u201cArt\u00edculo 10. Documentos para la formalizaci\u00f3n de la inscripci\u00f3n en el Registro \u00danico Tributario (RUT). Para efectos de la formalizaci\u00f3n de la inscripci\u00f3n en el Registro \u00danico Tributario (RUT) se deber\u00e1n adjuntar los siguientes documentos:<\/p>\n<p style=\"text-align: justify;\">(\u2026)<br \/>\nd) Consorcios y Uniones Temporales<\/p>\n<p style=\"text-align: justify;\">1. Fotocopia del documento de identidad del representante legal, con exhibici\u00f3n del original; cuando el tr\u00e1mite se realice a trav\u00e9s de apoderado, fotocopia del documento de identidad del apoderado con exhibici\u00f3n del mismo y fotocopia del documento de identidad del poderdante; original del poder especial o copia simple del poder general con exhibici\u00f3n del original, junto con la certificaci\u00f3n de vigencia del mismo expedida por el notario, cuando el poder general tenga una vigencia mayor de seis (6) meses.<\/p>\n<p style=\"text-align: justify;\">2. Fotocopia de documento de constituci\u00f3n del Consorcio o Uni\u00f3n Temporal, que debe contener por lo menos: nombre del Consorcio o de la Uni\u00f3n Temporal, miembros que lo conforman, domicilio principal, participaci\u00f3n, representante legal y el objeto del Consorcio o de la Uni\u00f3n Temporal.<\/p>\n<p style=\"text-align: justify;\">3. Fotocopia del acta de adjudicaci\u00f3n de la licitaci\u00f3n o del contrato o del documento que haga sus veces.<\/p>\n<p style=\"text-align: justify;\">4. Constancia de titularidad de cuenta corriente o de ahorros activa con fecha de expedici\u00f3n no mayor a un (1) mes en una entidad vigilada por la Superintendencia Financiera de Colombia o cooperativas de ahorro y cr\u00e9dito o cooperativas multiactivas con secci\u00f3n de ahorro y cr\u00e9dito autorizadas por la Superintendencia de la Econom\u00eda Solidaria para adelantar actividad financiera, inscritas en el Fondo de Garant\u00edas de Entidades Cooperativas (Fogacoop), o el \u00faltimo extracto de la misma. La titularidad de la cuenta corriente o de ahorros podr\u00e1 corresponder a alguno de los miembros del Consorcio o de la Uni\u00f3n Temporal;<br \/>\n(\u2026)<\/p>\n<p style=\"text-align: justify;\">Art\u00edculo 13. Actualizaci\u00f3n del Registro \u00danico Tributario (RUT). Es el procedimiento que permite efectuar modificaciones o adiciones a la informaci\u00f3n contenida en el Registro \u00danico Tributario (RUT), acreditando los mismos documentos exigidos para la inscripci\u00f3n.<\/p>\n<p style=\"text-align: justify;\">Es responsabilidad de los obligados, actualizar la informaci\u00f3n contenida en el Registro \u00danico Tributario (RUT), a m\u00e1s tardar dentro del mes siguiente al hecho que genera la actualizaci\u00f3n, conforme a lo previsto en el art\u00edculo 658-3 del Estatuto Tributario.<\/p>\n<p style=\"text-align: justify;\">La actualizaci\u00f3n de la informaci\u00f3n relativa a los datos de identificaci\u00f3n y de las calidades de usuario aduanero se realizar\u00e1 en forma presencial.<\/p>\n<p style=\"text-align: justify;\"><span style=\"color: #ff9900;\">La actualizaci\u00f3n virtual de la informaci\u00f3n relativa a los datos de direcci\u00f3n en el Registro \u00danico Tributario (RUT), no podr\u00e1 exceder de dos modificaciones dentro de un periodo de seis (6) meses, de lo contrario, deber\u00e1 efectuar el tr\u00e1mite de forma presencial.<\/span><\/p>\n<p style=\"text-align: justify;\">Par\u00e1grafo 1\u00b0. Cuando el tr\u00e1mite de actualizaci\u00f3n lo adelante directamente el interesado, el representante legal o el apoderado que se encuentre previamente registrado en la secci\u00f3n de representaci\u00f3n del formulario del obligado, no ser\u00e1 necesario adjuntar fotocopia de su documento de identidad, bastar\u00e1 con la exhibici\u00f3n del documento original.<\/p>\n<p style=\"text-align: justify;\">Par\u00e1grafo 2\u00b0. Cuando se trate de actualizaci\u00f3n del Registro \u00danico Tributario (RUT) por cambio de r\u00e9gimen com\u00fan al simplificado, de que trata el art\u00edculo 505 del Estatuto Tributario, adem\u00e1s de los requisitos se\u00f1alados en el presente decreto, el solicitante deber\u00e1 manifestar por escrito que en los tres (3) a\u00f1os fiscales anteriores, se cumplieron por cada a\u00f1o las condiciones establecidas en el art\u00edculo 499 del Estatuto Tributario. En todos los casos el tr\u00e1mite estar\u00e1 sujeto a verificaci\u00f3n.<\/p>\n<p style=\"text-align: justify;\">Par\u00e1grafo 3\u00b0. Cuando se trate de actualizaci\u00f3n por cese de actividades en el impuesto sobre las ventas para los responsables del r\u00e9gimen com\u00fan, en cumplimiento de lo dispuesto en el art\u00edculo 614 del Estatuto Tributario, adem\u00e1s de los requisitos se\u00f1alados en el presente decreto, deber\u00e1 adjuntar certificaci\u00f3n suscrita por revisor fiscal o contador p\u00fablico seg\u00fan el caso, en la que se especifique que no realiza actividades sometidas al impuesto sobre las ventas y la no existencia de inventario final pendiente de ventas, de conformidad con lo establecido en la Ley 43 de 1990.<\/p>\n<p style=\"text-align: justify;\">Para los inscritos no obligados a tener revisor fiscal o contador p\u00fablico, se debe adjuntar comunicaci\u00f3n suscrita por el contribuyente en donde informe su nueva actividad econ\u00f3mica, la inexistencia de inventario final pendiente de venta, y que al momento de la solicitud no vende productos o presta servicios gravados con el impuesto sobre las ventas. En todos los casos el tr\u00e1mite estar\u00e1 sujeto a verificaci\u00f3n\u201d.<\/p>\n<p style=\"text-align: justify;\"><span style=\"color: #ff9900;\">En el contexto de la pregunta cabe observar que para cualquier modificaci\u00f3n a la informaci\u00f3n contenida en el RUT, se requiere aportar los mismos documentos exigidos para la inscripci\u00f3n; en consecuencia, si la designaci\u00f3n de la representaci\u00f3n de la uni\u00f3n temporal requiere de una modificaci\u00f3n al documento privado de constituci\u00f3n de la misma o un equivalente, este es el documento que se debe aportar para demostrar la nueva representaci\u00f3n.<\/span><\/p>\n<p style=\"text-align: justify;\"><span style=\"color: #ff9900;\">No obstante, es necesario destacar que esta circunstancia depende de las condiciones se\u00f1aladas en el documento privado de constituci\u00f3n de dicha figura contractual, toda vez que es posible que en el clausulado de dicho documento haya quedado se\u00f1alado que la representaci\u00f3n legal de la uni\u00f3n temporal puede ser ejercida por cualquiera de los miembros y designarse por la mayor\u00eda de los integrantes, caso en el cual, la manifestaci\u00f3n de la voluntad contractual es ley para las partes y resultar\u00eda viable una modificaci\u00f3n a la representaci\u00f3n que cumpla con dichas reglas.<\/span><\/p>\n<p style=\"text-align: justify;\"><strong><span style=\"color: #ff9900;\">Cabe recordar que la uni\u00f3n temporal como contrato no se encuentra regulada completamente en nuestra legislaci\u00f3n, raz\u00f3n por la cual parte de los elementos esenciales de los mismos pueden ser determinados con total libertad por parte de sus integrantes, en ejercicio del principio de autonom\u00eda de los particulares; salvo las que tienen una disposici\u00f3n legal en especial como es el caso de la responsabilidad de las partes de acuerdo con la definici\u00f3n contenida en el Estatuto de Contrataci\u00f3n.<\/span><\/strong><\/p>\n<p style=\"text-align: justify;\">Lo anterior considerando que la uni\u00f3n temporal se encuentra definida en el numeral 2 del art\u00edculo 7\u00b0 de la Ley 80 de 1993, cuyo tenor literal dispone:<\/p>\n<p style=\"text-align: justify;\"><span style=\"color: #0000ff;\">2 \u00b0. Uni\u00f3n Temporal :<\/span><\/p>\n<p style=\"text-align: justify;\"><span style=\"color: #ff9900;\">Cuando dos o m\u00e1s personas en forma conjunta presentan una misma propuesta para la adjudicaci\u00f3n, celebraci\u00f3n y ejecuci\u00f3n de un contrato, respondiendo solidariamente por el cumplimiento total de la propuesta y del objeto contratado, pero las sanciones por el incumplimiento de las obligaciones derivadas de la propuesta y del contrato se impondr\u00e1n de acuerdo con la participaci\u00f3n en la ejecuci\u00f3n de cada uno de los miembros de la uni\u00f3n temporal. (Subrayado fuera de texto).<\/span><\/p>\n<p style=\"text-align: justify;\"><strong><span style=\"color: #ff9900;\">Se insiste entonces que no existe una \u00fanica respuesta para el tema, y corresponde al funcionario competente adelantar el an\u00e1lisis de los documentos que permitan demostrar la voluntad de los integrantes de la uni\u00f3n temporal y la designaci\u00f3n de su representaci\u00f3n.<\/span><\/strong><\/p>\n<p style=\"text-align: justify;\">En los anteriores t\u00e9rminos se absuelve su consulta y cordialmente le informamos que tanto la normatividad en materia tributaria, aduanera y cambiaria, como los conceptos emitidos por la Direcci\u00f3n de Gesti\u00f3n Jur\u00eddica en estas materias pueden consultarse directamente en nuestras bases de datos jur\u00eddicas ingresando a la p\u00e1gina electr\u00f3nica de la DIAN: http:\/\/ www.dian.gov.co siguiendo el \u00edcono de \u201cNormatividad\u201d \u2013 \u201c t\u00e9cnica \u201c, y seleccionando los v\u00ednculos \u201cdoctrina\u201d y \u201cDirecci\u00f3n de Gesti\u00f3n Jur\u00eddica\u201d.<\/p>\n<p style=\"text-align: justify;\">Atentamente,<\/p>\n<p style=\"text-align: justify;\">El Subdirector de Gesti\u00f3n Normativa y Doctrina (A),<br \/>\nJuan Manuel Moreno Rodr\u00edguez.<br \/>\n( C. F. ).<\/p>\n","protected":false},"excerpt":{"rendered":"<p>La uni\u00f3n temporal como contrato no se encuentra regulada completamente en nuestra legislaci\u00f3n, raz\u00f3n por la cual parte de los elementos esenciales de los mismos pueden ser determinados con total libertad por parte de sus integrantes, en ejercicio del principio de autonom\u00eda de los particulares; salvo las que tienen una disposici\u00f3n legal en especial como es el caso de la responsabilidad de las partes de acuerdo con la definici\u00f3n contenida en el Estatuto de Contrataci\u00f3n.<\/p>\n","protected":false},"author":1,"featured_media":6844,"comment_status":"open","ping_status":"open","sticky":false,"template":"","format":"standard","meta":{"_monsterinsights_skip_tracking":false,"ngg_post_thumbnail":0,"footnotes":"","_links_to":"","_links_to_target":""},"categories":[456],"tags":[],"class_list":["post-6766","post","type-post","status-publish","format-standard","has-post-thumbnail","hentry","category-conceptos-y-oficios-dian"],"aioseo_notices":[],"aioseo_head":"\n\t\t<!-- All in One SEO 5.0.1.1 - aioseo.com -->\n\t<meta name=\"description\" content=\"La uni\u00f3n temporal como contrato no se encuentra regulada completamente en nuestra legislaci\u00f3n, raz\u00f3n por la cual parte de los elementos esenciales de los mismos pueden ser determinados con total libertad por parte de sus integrantes, en ejercicio del principio de autonom\u00eda de los particulares; salvo las que tienen una disposici\u00f3n legal en especial como es el caso de la responsabilidad de las partes de acuerdo con la definici\u00f3n contenida en el Estatuto de Contrataci\u00f3n.\" \/>\n\t<meta name=\"robots\" content=\"max-image-preview:large\" \/>\n\t<meta name=\"author\" content=\"Miguel Antonio M\u00e1rquez Monta\u00f1ez\"\/>\n\t<link rel=\"canonical\" href=\"https:\/\/contadoreshoy.com\/?p=6766\" \/>\n\t<meta name=\"generator\" content=\"All in One SEO (AIOSEO) 5.0.1.1\" \/>\n\t\t<meta property=\"og:locale\" content=\"es_ES\" \/>\n\t\t<meta property=\"og:site_name\" content=\"Contadores P\u00fablicos - Portal para Contadores P\u00fablicos y empresarios\" \/>\n\t\t<meta property=\"og:type\" content=\"article\" \/>\n\t\t<meta property=\"og:title\" content=\"Oficio 900580 enero de 2016 DIAN \u2013 Uni\u00f3n Temporal - Contadores P\u00fablicos\" \/>\n\t\t<meta property=\"og:description\" content=\"La uni\u00f3n temporal como contrato no se encuentra regulada completamente en nuestra legislaci\u00f3n, raz\u00f3n por la cual parte de los elementos esenciales de los mismos pueden ser determinados con total libertad por parte de sus integrantes, en ejercicio del principio de autonom\u00eda de los particulares; salvo las que tienen una disposici\u00f3n legal en especial como es el caso de la responsabilidad de las partes de acuerdo con la definici\u00f3n contenida en el Estatuto de Contrataci\u00f3n.\" \/>\n\t\t<meta property=\"og:url\" content=\"https:\/\/contadoreshoy.com\/?p=6766\" \/>\n\t\t<meta property=\"og:image\" content=\"https:\/\/contadoreshoy.com\/wp-content\/uploads\/2024\/01\/cropped-cropped-cropped-Copia-de-M.jpg\" \/>\n\t\t<meta property=\"og:image:secure_url\" content=\"https:\/\/contadoreshoy.com\/wp-content\/uploads\/2024\/01\/cropped-cropped-cropped-Copia-de-M.jpg\" \/>\n\t\t<meta property=\"og:image:width\" content=\"512\" \/>\n\t\t<meta property=\"og:image:height\" content=\"371\" \/>\n\t\t<meta property=\"article:published_time\" content=\"2016-02-20T02:11:46+00:00\" \/>\n\t\t<meta property=\"article:modified_time\" content=\"2017-02-05T02:59:12+00:00\" \/>\n\t\t<meta name=\"twitter:card\" content=\"summary_large_image\" \/>\n\t\t<meta name=\"twitter:title\" content=\"Oficio 900580 enero de 2016 DIAN \u2013 Uni\u00f3n Temporal - Contadores P\u00fablicos\" \/>\n\t\t<meta name=\"twitter:description\" content=\"La uni\u00f3n temporal como contrato no se encuentra regulada completamente en nuestra legislaci\u00f3n, raz\u00f3n por la cual parte de los elementos esenciales de los mismos pueden ser determinados con total libertad por parte de sus integrantes, en ejercicio del principio de autonom\u00eda de los particulares; salvo las que tienen una disposici\u00f3n legal en especial como es el caso de la responsabilidad de las partes de acuerdo con la definici\u00f3n contenida en el Estatuto de Contrataci\u00f3n.\" \/>\n\t\t<meta name=\"twitter:image\" content=\"https:\/\/contadoreshoy.com\/wp-content\/uploads\/2024\/01\/cropped-cropped-cropped-Copia-de-M.jpg\" \/>\n\t\t<script type=\"application\/ld+json\" class=\"aioseo-schema\">\n\t\t\t{\"@context\":\"https:\\\/\\\/schema.org\",\"@graph\":[{\"@type\":\"BlogPosting\",\"@id\":\"https:\\\/\\\/contadoreshoy.com\\\/?p=6766#blogposting\",\"name\":\"Oficio 900580 enero de 2016 DIAN \\u2013 Uni\\u00f3n Temporal - Contadores P\\u00fablicos\",\"headline\":\"Oficio 900580 enero de 2016 DIAN &#8211; Uni\\u00f3n Temporal\",\"author\":{\"@id\":\"https:\\\/\\\/contadoreshoy.com\\\/?author=1#author\"},\"publisher\":{\"@id\":\"https:\\\/\\\/contadoreshoy.com\\\/#organization\"},\"image\":{\"@type\":\"ImageObject\",\"url\":\"https:\\\/\\\/contadoreshoy.com\\\/wp-content\\\/uploads\\\/2016\\\/02\\\/Uni\\u00f3n-temporal.jpg\",\"width\":600,\"height\":400},\"datePublished\":\"2016-02-19T21:11:46-05:00\",\"dateModified\":\"2017-02-04T21:59:12-05:00\",\"inLanguage\":\"es-ES\",\"mainEntityOfPage\":{\"@id\":\"https:\\\/\\\/contadoreshoy.com\\\/?p=6766#webpage\"},\"isPartOf\":{\"@id\":\"https:\\\/\\\/contadoreshoy.com\\\/?p=6766#webpage\"},\"articleSection\":\"Conceptos y Oficios DIAN\"},{\"@type\":\"BreadcrumbList\",\"@id\":\"https:\\\/\\\/contadoreshoy.com\\\/?p=6766#breadcrumblist\",\"itemListElement\":[{\"@type\":\"ListItem\",\"@id\":\"https:\\\/\\\/contadoreshoy.com#listItem\",\"position\":1,\"name\":\"Home\",\"item\":\"https:\\\/\\\/contadoreshoy.com\",\"nextItem\":{\"@type\":\"ListItem\",\"@id\":\"https:\\\/\\\/contadoreshoy.com\\\/?cat=456#listItem\",\"name\":\"Conceptos y Oficios DIAN\"}},{\"@type\":\"ListItem\",\"@id\":\"https:\\\/\\\/contadoreshoy.com\\\/?cat=456#listItem\",\"position\":2,\"name\":\"Conceptos y Oficios DIAN\",\"item\":\"https:\\\/\\\/contadoreshoy.com\\\/?cat=456\",\"nextItem\":{\"@type\":\"ListItem\",\"@id\":\"https:\\\/\\\/contadoreshoy.com\\\/?p=6766#listItem\",\"name\":\"Oficio 900580 enero de 2016 DIAN &#8211; Uni\\u00f3n Temporal\"},\"previousItem\":{\"@type\":\"ListItem\",\"@id\":\"https:\\\/\\\/contadoreshoy.com#listItem\",\"name\":\"Home\"}},{\"@type\":\"ListItem\",\"@id\":\"https:\\\/\\\/contadoreshoy.com\\\/?p=6766#listItem\",\"position\":3,\"name\":\"Oficio 900580 enero de 2016 DIAN &#8211; Uni\\u00f3n Temporal\",\"previousItem\":{\"@type\":\"ListItem\",\"@id\":\"https:\\\/\\\/contadoreshoy.com\\\/?cat=456#listItem\",\"name\":\"Conceptos y Oficios DIAN\"}}]},{\"@type\":\"Organization\",\"@id\":\"https:\\\/\\\/contadoreshoy.com\\\/#organization\",\"name\":\"Contadores P\\u00fablicos\",\"description\":\"Portal para Contadores P\\u00fablicos y empresarios\",\"url\":\"https:\\\/\\\/contadoreshoy.com\\\/\",\"logo\":{\"@type\":\"ImageObject\",\"url\":\"https:\\\/\\\/contadoreshoy.com\\\/wp-content\\\/uploads\\\/2024\\\/01\\\/cropped-cropped-Copia-de-M-1.jpg\",\"@id\":\"https:\\\/\\\/contadoreshoy.com\\\/?p=6766\\\/#organizationLogo\",\"width\":499,\"height\":500},\"image\":{\"@id\":\"https:\\\/\\\/contadoreshoy.com\\\/?p=6766\\\/#organizationLogo\"}},{\"@type\":\"Person\",\"@id\":\"https:\\\/\\\/contadoreshoy.com\\\/?author=1#author\",\"url\":\"https:\\\/\\\/contadoreshoy.com\\\/?author=1\",\"name\":\"Miguel Antonio M\\u00e1rquez Monta\\u00f1ez\"},{\"@type\":\"WebPage\",\"@id\":\"https:\\\/\\\/contadoreshoy.com\\\/?p=6766#webpage\",\"url\":\"https:\\\/\\\/contadoreshoy.com\\\/?p=6766\",\"name\":\"Oficio 900580 enero de 2016 DIAN \\u2013 Uni\\u00f3n Temporal - Contadores P\\u00fablicos\",\"description\":\"La uni\\u00f3n temporal como contrato no se encuentra regulada completamente en nuestra legislaci\\u00f3n, raz\\u00f3n por la cual parte de los elementos esenciales de los mismos pueden ser determinados con total libertad por parte de sus integrantes, en ejercicio del principio de autonom\\u00eda de los particulares; salvo las que tienen una disposici\\u00f3n legal en especial como es el caso de la responsabilidad de las partes de acuerdo con la definici\\u00f3n contenida en el Estatuto de Contrataci\\u00f3n.\",\"inLanguage\":\"es-ES\",\"isPartOf\":{\"@id\":\"https:\\\/\\\/contadoreshoy.com\\\/#website\"},\"breadcrumb\":{\"@id\":\"https:\\\/\\\/contadoreshoy.com\\\/?p=6766#breadcrumblist\"},\"author\":{\"@id\":\"https:\\\/\\\/contadoreshoy.com\\\/?author=1#author\"},\"creator\":{\"@id\":\"https:\\\/\\\/contadoreshoy.com\\\/?author=1#author\"},\"image\":{\"@type\":\"ImageObject\",\"url\":\"https:\\\/\\\/contadoreshoy.com\\\/wp-content\\\/uploads\\\/2016\\\/02\\\/Uni\\u00f3n-temporal.jpg\",\"@id\":\"https:\\\/\\\/contadoreshoy.com\\\/?p=6766\\\/#mainImage\",\"width\":600,\"height\":400},\"primaryImageOfPage\":{\"@id\":\"https:\\\/\\\/contadoreshoy.com\\\/?p=6766#mainImage\"},\"datePublished\":\"2016-02-19T21:11:46-05:00\",\"dateModified\":\"2017-02-04T21:59:12-05:00\"},{\"@type\":\"WebSite\",\"@id\":\"https:\\\/\\\/contadoreshoy.com\\\/#website\",\"url\":\"https:\\\/\\\/contadoreshoy.com\\\/\",\"name\":\"Contadores P\\u00fablicos\",\"description\":\"Portal para Contadores P\\u00fablicos y empresarios\",\"inLanguage\":\"es-ES\",\"publisher\":{\"@id\":\"https:\\\/\\\/contadoreshoy.com\\\/#organization\"}}]}\n\t\t<\/script>\n\t\t<!-- All in One SEO -->\n\n","aioseo_head_json":{"title":"Oficio 900580 enero de 2016 DIAN \u2013 Uni\u00f3n Temporal - Contadores P\u00fablicos","description":"La uni\u00f3n temporal como contrato no se encuentra regulada completamente en nuestra legislaci\u00f3n, raz\u00f3n por la cual parte de los elementos esenciales de los mismos pueden ser determinados con total libertad por parte de sus integrantes, en ejercicio del principio de autonom\u00eda de los particulares; salvo las que tienen una disposici\u00f3n legal en especial como es el caso de la responsabilidad de las partes de acuerdo con la definici\u00f3n contenida en el Estatuto de Contrataci\u00f3n.","canonical_url":"https:\/\/contadoreshoy.com\/?p=6766","robots":"max-image-preview:large","keywords":"","webmasterTools":{"miscellaneous":""},"schema":{"@context":"https:\/\/schema.org","@graph":[{"@type":"BlogPosting","@id":"https:\/\/contadoreshoy.com\/?p=6766#blogposting","name":"Oficio 900580 enero de 2016 DIAN \u2013 Uni\u00f3n Temporal - Contadores P\u00fablicos","headline":"Oficio 900580 enero de 2016 DIAN &#8211; Uni\u00f3n Temporal","author":{"@id":"https:\/\/contadoreshoy.com\/?author=1#author"},"publisher":{"@id":"https:\/\/contadoreshoy.com\/#organization"},"image":{"@type":"ImageObject","url":"https:\/\/contadoreshoy.com\/wp-content\/uploads\/2016\/02\/Uni\u00f3n-temporal.jpg","width":600,"height":400},"datePublished":"2016-02-19T21:11:46-05:00","dateModified":"2017-02-04T21:59:12-05:00","inLanguage":"es-ES","mainEntityOfPage":{"@id":"https:\/\/contadoreshoy.com\/?p=6766#webpage"},"isPartOf":{"@id":"https:\/\/contadoreshoy.com\/?p=6766#webpage"},"articleSection":"Conceptos y Oficios DIAN"},{"@type":"BreadcrumbList","@id":"https:\/\/contadoreshoy.com\/?p=6766#breadcrumblist","itemListElement":[{"@type":"ListItem","@id":"https:\/\/contadoreshoy.com#listItem","position":1,"name":"Home","item":"https:\/\/contadoreshoy.com","nextItem":{"@type":"ListItem","@id":"https:\/\/contadoreshoy.com\/?cat=456#listItem","name":"Conceptos y Oficios DIAN"}},{"@type":"ListItem","@id":"https:\/\/contadoreshoy.com\/?cat=456#listItem","position":2,"name":"Conceptos y Oficios DIAN","item":"https:\/\/contadoreshoy.com\/?cat=456","nextItem":{"@type":"ListItem","@id":"https:\/\/contadoreshoy.com\/?p=6766#listItem","name":"Oficio 900580 enero de 2016 DIAN &#8211; Uni\u00f3n Temporal"},"previousItem":{"@type":"ListItem","@id":"https:\/\/contadoreshoy.com#listItem","name":"Home"}},{"@type":"ListItem","@id":"https:\/\/contadoreshoy.com\/?p=6766#listItem","position":3,"name":"Oficio 900580 enero de 2016 DIAN &#8211; Uni\u00f3n Temporal","previousItem":{"@type":"ListItem","@id":"https:\/\/contadoreshoy.com\/?cat=456#listItem","name":"Conceptos y Oficios DIAN"}}]},{"@type":"Organization","@id":"https:\/\/contadoreshoy.com\/#organization","name":"Contadores P\u00fablicos","description":"Portal para Contadores P\u00fablicos y empresarios","url":"https:\/\/contadoreshoy.com\/","logo":{"@type":"ImageObject","url":"https:\/\/contadoreshoy.com\/wp-content\/uploads\/2024\/01\/cropped-cropped-Copia-de-M-1.jpg","@id":"https:\/\/contadoreshoy.com\/?p=6766\/#organizationLogo","width":499,"height":500},"image":{"@id":"https:\/\/contadoreshoy.com\/?p=6766\/#organizationLogo"}},{"@type":"Person","@id":"https:\/\/contadoreshoy.com\/?author=1#author","url":"https:\/\/contadoreshoy.com\/?author=1","name":"Miguel Antonio M\u00e1rquez Monta\u00f1ez"},{"@type":"WebPage","@id":"https:\/\/contadoreshoy.com\/?p=6766#webpage","url":"https:\/\/contadoreshoy.com\/?p=6766","name":"Oficio 900580 enero de 2016 DIAN \u2013 Uni\u00f3n Temporal - Contadores P\u00fablicos","description":"La uni\u00f3n temporal como contrato no se encuentra regulada completamente en nuestra legislaci\u00f3n, raz\u00f3n por la cual parte de los elementos esenciales de los mismos pueden ser determinados con total libertad por parte de sus integrantes, en ejercicio del principio de autonom\u00eda de los particulares; salvo las que tienen una disposici\u00f3n legal en especial como es el caso de la responsabilidad de las partes de acuerdo con la definici\u00f3n contenida en el Estatuto de Contrataci\u00f3n.","inLanguage":"es-ES","isPartOf":{"@id":"https:\/\/contadoreshoy.com\/#website"},"breadcrumb":{"@id":"https:\/\/contadoreshoy.com\/?p=6766#breadcrumblist"},"author":{"@id":"https:\/\/contadoreshoy.com\/?author=1#author"},"creator":{"@id":"https:\/\/contadoreshoy.com\/?author=1#author"},"image":{"@type":"ImageObject","url":"https:\/\/contadoreshoy.com\/wp-content\/uploads\/2016\/02\/Uni\u00f3n-temporal.jpg","@id":"https:\/\/contadoreshoy.com\/?p=6766\/#mainImage","width":600,"height":400},"primaryImageOfPage":{"@id":"https:\/\/contadoreshoy.com\/?p=6766#mainImage"},"datePublished":"2016-02-19T21:11:46-05:00","dateModified":"2017-02-04T21:59:12-05:00"},{"@type":"WebSite","@id":"https:\/\/contadoreshoy.com\/#website","url":"https:\/\/contadoreshoy.com\/","name":"Contadores P\u00fablicos","description":"Portal para Contadores P\u00fablicos y empresarios","inLanguage":"es-ES","publisher":{"@id":"https:\/\/contadoreshoy.com\/#organization"}}]},"og:locale":"es_ES","og:site_name":"Contadores P\u00fablicos - Portal para Contadores P\u00fablicos y empresarios","og:type":"article","og:title":"Oficio 900580 enero de 2016 DIAN \u2013 Uni\u00f3n Temporal - Contadores P\u00fablicos","og:description":"La uni\u00f3n temporal como contrato no se encuentra regulada completamente en nuestra legislaci\u00f3n, raz\u00f3n por la cual parte de los elementos esenciales de los mismos pueden ser determinados con total libertad por parte de sus integrantes, en ejercicio del principio de autonom\u00eda de los particulares; salvo las que tienen una disposici\u00f3n legal en especial como es el caso de la responsabilidad de las partes de acuerdo con la definici\u00f3n contenida en el Estatuto de Contrataci\u00f3n.","og:url":"https:\/\/contadoreshoy.com\/?p=6766","og:image":"https:\/\/contadoreshoy.com\/wp-content\/uploads\/2024\/01\/cropped-cropped-cropped-Copia-de-M.jpg","og:image:secure_url":"https:\/\/contadoreshoy.com\/wp-content\/uploads\/2024\/01\/cropped-cropped-cropped-Copia-de-M.jpg","og:image:width":512,"og:image:height":371,"article:published_time":"2016-02-20T02:11:46+00:00","article:modified_time":"2017-02-05T02:59:12+00:00","twitter:card":"summary_large_image","twitter:title":"Oficio 900580 enero de 2016 DIAN \u2013 Uni\u00f3n Temporal - Contadores P\u00fablicos","twitter:description":"La uni\u00f3n temporal como contrato no se encuentra regulada completamente en nuestra legislaci\u00f3n, raz\u00f3n por la cual parte de los elementos esenciales de los mismos pueden ser determinados con total libertad por parte de sus integrantes, en ejercicio del principio de autonom\u00eda de los particulares; salvo las que tienen una disposici\u00f3n legal en especial como es el caso de la responsabilidad de las partes de acuerdo con la definici\u00f3n contenida en el Estatuto de Contrataci\u00f3n.","twitter:image":"https:\/\/contadoreshoy.com\/wp-content\/uploads\/2024\/01\/cropped-cropped-cropped-Copia-de-M.jpg"},"aioseo_meta_data":{"post_id":"6766","title":null,"description":null,"keywords":null,"keyphrases":null,"primary_term":null,"canonical_url":null,"og_title":null,"og_description":null,"og_object_type":"default","og_image_type":"default","og_image_url":null,"og_image_width":null,"og_image_height":null,"og_image_custom_url":null,"og_image_custom_fields":null,"og_video":null,"og_custom_url":null,"og_article_section":null,"og_article_tags":null,"twitter_use_og":false,"twitter_card":"default","twitter_image_type":"default","twitter_image_url":null,"twitter_image_custom_url":null,"twitter_image_custom_fields":null,"twitter_title":null,"twitter_description":null,"schema":{"blockGraphs":[],"customGraphs":[],"default":{"data":{"Article":[],"Course":[],"Dataset":[],"FAQPage":[],"Movie":[],"Person":[],"Product":[],"ProductReview":[],"Car":[],"Recipe":[],"Service":[],"SoftwareApplication":[],"WebPage":[]},"graphName":"","isEnabled":true},"graphs":[]},"schema_type":"default","schema_type_options":null,"pillar_content":false,"robots_default":true,"robots_noindex":false,"robots_noarchive":false,"robots_nosnippet":false,"robots_nofollow":false,"robots_noimageindex":false,"robots_noodp":false,"robots_notranslate":false,"robots_max_snippet":null,"robots_max_videopreview":null,"robots_max_imagepreview":"large","priority":null,"frequency":null,"local_seo":null,"breadcrumb_settings":null,"limit_modified_date":false,"ai":null,"created":"2024-03-05 01:32:29","updated":"2026-03-03 04:47:48","seo_analyzer_scan_date":null,"focus_keyword":null,"additional_keywords":null,"truseo_locale":null},"aioseo_breadcrumb":"<div class=\"aioseo-breadcrumbs\"><span class=\"aioseo-breadcrumb\">\n\t\t\t<a href=\"https:\/\/contadoreshoy.com\" title=\"Home\">Home<\/a>\n\t\t<\/span><span class=\"aioseo-breadcrumb-separator\">&raquo;<\/span><span class=\"aioseo-breadcrumb\">\n\t\t\t<a href=\"https:\/\/contadoreshoy.com\/?cat=456\" title=\"Conceptos y Oficios DIAN\">Conceptos y Oficios DIAN<\/a>\n\t\t<\/span><span class=\"aioseo-breadcrumb-separator\">&raquo;<\/span><span class=\"aioseo-breadcrumb\">\n\t\t\tOficio 900580 enero de 2016 DIAN \u2013 Uni\u00f3n Temporal\n\t\t<\/span><\/div>","aioseo_breadcrumb_json":[{"label":"Home","link":"https:\/\/contadoreshoy.com"},{"label":"Conceptos y Oficios DIAN","link":"https:\/\/contadoreshoy.com\/?cat=456"},{"label":"Oficio 900580 enero de 2016 DIAN &#8211; Uni\u00f3n Temporal","link":"https:\/\/contadoreshoy.com\/?p=6766"}],"yoast_head":"<!-- This site is optimized with the Yoast SEO plugin v28.4 - https:\/\/yoast.com\/product\/yoast-seo-wordpress\/ -->\n<title>Oficio 900580 enero de 2016 DIAN - Uni\u00f3n Temporal - Contadores P\u00fablicos<\/title>\n<meta name=\"robots\" content=\"index, follow, max-snippet:-1, max-image-preview:large, max-video-preview:-1\" \/>\n<link rel=\"canonical\" href=\"https:\/\/contadoreshoy.com\/?p=6766\" \/>\n<meta property=\"og:locale\" content=\"es_ES\" \/>\n<meta property=\"og:type\" content=\"article\" \/>\n<meta property=\"og:title\" content=\"Oficio 900580 enero de 2016 DIAN - Uni\u00f3n Temporal - Contadores P\u00fablicos\" \/>\n<meta property=\"og:description\" content=\"La uni\u00f3n temporal como contrato no se encuentra regulada completamente en nuestra legislaci\u00f3n, raz\u00f3n por la cual parte de los elementos esenciales de los mismos pueden ser determinados con total libertad por parte de sus integrantes, en ejercicio del principio de autonom\u00eda de los particulares; salvo las que tienen una disposici\u00f3n legal en especial como es el caso de la responsabilidad de las partes de acuerdo con la definici\u00f3n contenida en el Estatuto de Contrataci\u00f3n.\" \/>\n<meta property=\"og:url\" content=\"https:\/\/contadoreshoy.com\/?p=6766\" \/>\n<meta property=\"og:site_name\" content=\"Contadores P\u00fablicos\" \/>\n<meta property=\"article:publisher\" content=\"https:\/\/www.facebook.com\/CCCPBucaramanga\/\" \/>\n<meta property=\"article:published_time\" content=\"2016-02-20T02:11:46+00:00\" \/>\n<meta property=\"article:modified_time\" content=\"2017-02-05T02:59:12+00:00\" \/>\n<meta property=\"og:image\" content=\"https:\/\/contadoreshoy.com\/wp-content\/uploads\/2016\/02\/Uni\u00f3n-temporal.jpg\" \/>\n\t<meta property=\"og:image:width\" content=\"600\" \/>\n\t<meta property=\"og:image:height\" content=\"400\" \/>\n\t<meta property=\"og:image:type\" content=\"image\/jpeg\" \/>\n<meta name=\"author\" content=\"Miguel Antonio M\u00e1rquez Monta\u00f1ez\" \/>\n<meta name=\"twitter:card\" content=\"summary_large_image\" \/>\n<meta name=\"twitter:label1\" content=\"Escrito por\" \/>\n\t<meta name=\"twitter:data1\" content=\"Miguel Antonio M\u00e1rquez Monta\u00f1ez\" \/>\n\t<meta name=\"twitter:label2\" content=\"Tiempo de lectura\" \/>\n\t<meta name=\"twitter:data2\" content=\"8 minutos\" \/>\n<script type=\"application\/ld+json\" class=\"yoast-schema-graph\">{\"@context\":\"https:\\\/\\\/schema.org\",\"@graph\":[{\"@type\":\"Article\",\"@id\":\"https:\\\/\\\/contadoreshoy.com\\\/?p=6766#article\",\"isPartOf\":{\"@id\":\"https:\\\/\\\/contadoreshoy.com\\\/?p=6766\"},\"author\":{\"name\":\"Miguel Antonio M\u00e1rquez Monta\u00f1ez\",\"@id\":\"https:\\\/\\\/contadoreshoy.com\\\/#\\\/schema\\\/person\\\/96d8979cb865537c5dc9345e40089fc5\"},\"headline\":\"Oficio 900580 enero de 2016 DIAN &#8211; Uni\u00f3n Temporal\",\"datePublished\":\"2016-02-20T02:11:46+00:00\",\"dateModified\":\"2017-02-05T02:59:12+00:00\",\"mainEntityOfPage\":{\"@id\":\"https:\\\/\\\/contadoreshoy.com\\\/?p=6766\"},\"wordCount\":1645,\"commentCount\":0,\"publisher\":{\"@id\":\"https:\\\/\\\/contadoreshoy.com\\\/#organization\"},\"image\":{\"@id\":\"https:\\\/\\\/contadoreshoy.com\\\/?p=6766#primaryimage\"},\"thumbnailUrl\":\"https:\\\/\\\/contadoreshoy.com\\\/wp-content\\\/uploads\\\/2016\\\/02\\\/Uni\u00f3n-temporal.jpg\",\"articleSection\":[\"Conceptos y Oficios DIAN\"],\"inLanguage\":\"es\",\"potentialAction\":[{\"@type\":\"CommentAction\",\"name\":\"Comment\",\"target\":[\"https:\\\/\\\/contadoreshoy.com\\\/?p=6766#respond\"]}]},{\"@type\":\"WebPage\",\"@id\":\"https:\\\/\\\/contadoreshoy.com\\\/?p=6766\",\"url\":\"https:\\\/\\\/contadoreshoy.com\\\/?p=6766\",\"name\":\"Oficio 900580 enero de 2016 DIAN - Uni\u00f3n Temporal - Contadores P\u00fablicos\",\"isPartOf\":{\"@id\":\"https:\\\/\\\/contadoreshoy.com\\\/#website\"},\"primaryImageOfPage\":{\"@id\":\"https:\\\/\\\/contadoreshoy.com\\\/?p=6766#primaryimage\"},\"image\":{\"@id\":\"https:\\\/\\\/contadoreshoy.com\\\/?p=6766#primaryimage\"},\"thumbnailUrl\":\"https:\\\/\\\/contadoreshoy.com\\\/wp-content\\\/uploads\\\/2016\\\/02\\\/Uni\u00f3n-temporal.jpg\",\"datePublished\":\"2016-02-20T02:11:46+00:00\",\"dateModified\":\"2017-02-05T02:59:12+00:00\",\"breadcrumb\":{\"@id\":\"https:\\\/\\\/contadoreshoy.com\\\/?p=6766#breadcrumb\"},\"inLanguage\":\"es\",\"potentialAction\":[{\"@type\":\"ReadAction\",\"target\":[\"https:\\\/\\\/contadoreshoy.com\\\/?p=6766\"]}]},{\"@type\":\"ImageObject\",\"inLanguage\":\"es\",\"@id\":\"https:\\\/\\\/contadoreshoy.com\\\/?p=6766#primaryimage\",\"url\":\"https:\\\/\\\/contadoreshoy.com\\\/wp-content\\\/uploads\\\/2016\\\/02\\\/Uni\u00f3n-temporal.jpg\",\"contentUrl\":\"https:\\\/\\\/contadoreshoy.com\\\/wp-content\\\/uploads\\\/2016\\\/02\\\/Uni\u00f3n-temporal.jpg\",\"width\":600,\"height\":400},{\"@type\":\"BreadcrumbList\",\"@id\":\"https:\\\/\\\/contadoreshoy.com\\\/?p=6766#breadcrumb\",\"itemListElement\":[{\"@type\":\"ListItem\",\"position\":1,\"name\":\"Portada\",\"item\":\"https:\\\/\\\/contadoreshoy.com\\\/\"},{\"@type\":\"ListItem\",\"position\":2,\"name\":\"Oficio 900580 enero de 2016 DIAN &#8211; Uni\u00f3n Temporal\"}]},{\"@type\":\"WebSite\",\"@id\":\"https:\\\/\\\/contadoreshoy.com\\\/#website\",\"url\":\"https:\\\/\\\/contadoreshoy.com\\\/\",\"name\":\"Contadorespublicossantander\",\"description\":\"Portal para Contadores P\u00fablicos y empresarios\",\"publisher\":{\"@id\":\"https:\\\/\\\/contadoreshoy.com\\\/#organization\"},\"potentialAction\":[{\"@type\":\"SearchAction\",\"target\":{\"@type\":\"EntryPoint\",\"urlTemplate\":\"https:\\\/\\\/contadoreshoy.com\\\/?s={search_term_string}\"},\"query-input\":{\"@type\":\"PropertyValueSpecification\",\"valueRequired\":true,\"valueName\":\"search_term_string\"}}],\"inLanguage\":\"es\"},{\"@type\":\"Organization\",\"@id\":\"https:\\\/\\\/contadoreshoy.com\\\/#organization\",\"name\":\"Contadores P\u00fablicos de Santander\",\"url\":\"https:\\\/\\\/contadoreshoy.com\\\/\",\"logo\":{\"@type\":\"ImageObject\",\"inLanguage\":\"es\",\"@id\":\"https:\\\/\\\/contadoreshoy.com\\\/#\\\/schema\\\/logo\\\/image\\\/\",\"url\":\"https:\\\/\\\/contadoreshoy.com\\\/wp-content\\\/uploads\\\/2024\\\/01\\\/cropped-cropped-Copia-de-M-1.jpg\",\"contentUrl\":\"https:\\\/\\\/contadoreshoy.com\\\/wp-content\\\/uploads\\\/2024\\\/01\\\/cropped-cropped-Copia-de-M-1.jpg\",\"width\":499,\"height\":500,\"caption\":\"Contadores P\u00fablicos de Santander\"},\"image\":{\"@id\":\"https:\\\/\\\/contadoreshoy.com\\\/#\\\/schema\\\/logo\\\/image\\\/\"},\"sameAs\":[\"https:\\\/\\\/www.facebook.com\\\/CCCPBucaramanga\\\/\"]},{\"@type\":\"Person\",\"@id\":\"https:\\\/\\\/contadoreshoy.com\\\/#\\\/schema\\\/person\\\/96d8979cb865537c5dc9345e40089fc5\",\"name\":\"Miguel Antonio M\u00e1rquez Monta\u00f1ez\",\"description\":\"Contador P\u00fablico egresado de la Universidad Aut\u00f3noma de Bucaramanga - Asesor contable tributario con m\u00e1s de 25 a\u00f1os de experiencia - Conferencista en temas contables y tributarios - T\u00e9cnico en Hardware y Dise\u00f1o Web - Creador y director Grupo de Estudio Colegio Colombiano de Contadores P\u00fablicos de Bucaramanga - Creador y Master Web p\u00e1gina www.contadoresp\u00fablicossantander.com - Expresidente Colegio Colombiano de Contadores P\u00fablicos Bucaramanga\",\"url\":\"https:\\\/\\\/contadoreshoy.com\\\/?author=1\"}]}<\/script>\n<!-- \/ Yoast SEO plugin. -->","yoast_head_json":{"title":"Oficio 900580 enero de 2016 DIAN - Uni\u00f3n Temporal - Contadores P\u00fablicos","robots":{"index":"index","follow":"follow","max-snippet":"max-snippet:-1","max-image-preview":"max-image-preview:large","max-video-preview":"max-video-preview:-1"},"canonical":"https:\/\/contadoreshoy.com\/?p=6766","og_locale":"es_ES","og_type":"article","og_title":"Oficio 900580 enero de 2016 DIAN - Uni\u00f3n Temporal - Contadores P\u00fablicos","og_description":"La uni\u00f3n temporal como contrato no se encuentra regulada completamente en nuestra legislaci\u00f3n, raz\u00f3n por la cual parte de los elementos esenciales de los mismos pueden ser determinados con total libertad por parte de sus integrantes, en ejercicio del principio de autonom\u00eda de los particulares; salvo las que tienen una disposici\u00f3n legal en especial como es el caso de la responsabilidad de las partes de acuerdo con la definici\u00f3n contenida en el Estatuto de Contrataci\u00f3n.","og_url":"https:\/\/contadoreshoy.com\/?p=6766","og_site_name":"Contadores P\u00fablicos","article_publisher":"https:\/\/www.facebook.com\/CCCPBucaramanga\/","article_published_time":"2016-02-20T02:11:46+00:00","article_modified_time":"2017-02-05T02:59:12+00:00","og_image":[{"width":600,"height":400,"url":"https:\/\/contadoreshoy.com\/wp-content\/uploads\/2016\/02\/Uni\u00f3n-temporal.jpg","type":"image\/jpeg"}],"author":"Miguel Antonio M\u00e1rquez Monta\u00f1ez","twitter_card":"summary_large_image","twitter_misc":{"Escrito por":"Miguel Antonio M\u00e1rquez Monta\u00f1ez","Tiempo de lectura":"8 minutos"},"schema":{"@context":"https:\/\/schema.org","@graph":[{"@type":"Article","@id":"https:\/\/contadoreshoy.com\/?p=6766#article","isPartOf":{"@id":"https:\/\/contadoreshoy.com\/?p=6766"},"author":{"name":"Miguel Antonio M\u00e1rquez Monta\u00f1ez","@id":"https:\/\/contadoreshoy.com\/#\/schema\/person\/96d8979cb865537c5dc9345e40089fc5"},"headline":"Oficio 900580 enero de 2016 DIAN &#8211; Uni\u00f3n Temporal","datePublished":"2016-02-20T02:11:46+00:00","dateModified":"2017-02-05T02:59:12+00:00","mainEntityOfPage":{"@id":"https:\/\/contadoreshoy.com\/?p=6766"},"wordCount":1645,"commentCount":0,"publisher":{"@id":"https:\/\/contadoreshoy.com\/#organization"},"image":{"@id":"https:\/\/contadoreshoy.com\/?p=6766#primaryimage"},"thumbnailUrl":"https:\/\/contadoreshoy.com\/wp-content\/uploads\/2016\/02\/Uni\u00f3n-temporal.jpg","articleSection":["Conceptos y Oficios DIAN"],"inLanguage":"es","potentialAction":[{"@type":"CommentAction","name":"Comment","target":["https:\/\/contadoreshoy.com\/?p=6766#respond"]}]},{"@type":"WebPage","@id":"https:\/\/contadoreshoy.com\/?p=6766","url":"https:\/\/contadoreshoy.com\/?p=6766","name":"Oficio 900580 enero de 2016 DIAN - Uni\u00f3n Temporal - Contadores P\u00fablicos","isPartOf":{"@id":"https:\/\/contadoreshoy.com\/#website"},"primaryImageOfPage":{"@id":"https:\/\/contadoreshoy.com\/?p=6766#primaryimage"},"image":{"@id":"https:\/\/contadoreshoy.com\/?p=6766#primaryimage"},"thumbnailUrl":"https:\/\/contadoreshoy.com\/wp-content\/uploads\/2016\/02\/Uni\u00f3n-temporal.jpg","datePublished":"2016-02-20T02:11:46+00:00","dateModified":"2017-02-05T02:59:12+00:00","breadcrumb":{"@id":"https:\/\/contadoreshoy.com\/?p=6766#breadcrumb"},"inLanguage":"es","potentialAction":[{"@type":"ReadAction","target":["https:\/\/contadoreshoy.com\/?p=6766"]}]},{"@type":"ImageObject","inLanguage":"es","@id":"https:\/\/contadoreshoy.com\/?p=6766#primaryimage","url":"https:\/\/contadoreshoy.com\/wp-content\/uploads\/2016\/02\/Uni\u00f3n-temporal.jpg","contentUrl":"https:\/\/contadoreshoy.com\/wp-content\/uploads\/2016\/02\/Uni\u00f3n-temporal.jpg","width":600,"height":400},{"@type":"BreadcrumbList","@id":"https:\/\/contadoreshoy.com\/?p=6766#breadcrumb","itemListElement":[{"@type":"ListItem","position":1,"name":"Portada","item":"https:\/\/contadoreshoy.com\/"},{"@type":"ListItem","position":2,"name":"Oficio 900580 enero de 2016 DIAN &#8211; Uni\u00f3n Temporal"}]},{"@type":"WebSite","@id":"https:\/\/contadoreshoy.com\/#website","url":"https:\/\/contadoreshoy.com\/","name":"Contadorespublicossantander","description":"Portal para Contadores P\u00fablicos y empresarios","publisher":{"@id":"https:\/\/contadoreshoy.com\/#organization"},"potentialAction":[{"@type":"SearchAction","target":{"@type":"EntryPoint","urlTemplate":"https:\/\/contadoreshoy.com\/?s={search_term_string}"},"query-input":{"@type":"PropertyValueSpecification","valueRequired":true,"valueName":"search_term_string"}}],"inLanguage":"es"},{"@type":"Organization","@id":"https:\/\/contadoreshoy.com\/#organization","name":"Contadores P\u00fablicos de Santander","url":"https:\/\/contadoreshoy.com\/","logo":{"@type":"ImageObject","inLanguage":"es","@id":"https:\/\/contadoreshoy.com\/#\/schema\/logo\/image\/","url":"https:\/\/contadoreshoy.com\/wp-content\/uploads\/2024\/01\/cropped-cropped-Copia-de-M-1.jpg","contentUrl":"https:\/\/contadoreshoy.com\/wp-content\/uploads\/2024\/01\/cropped-cropped-Copia-de-M-1.jpg","width":499,"height":500,"caption":"Contadores P\u00fablicos de Santander"},"image":{"@id":"https:\/\/contadoreshoy.com\/#\/schema\/logo\/image\/"},"sameAs":["https:\/\/www.facebook.com\/CCCPBucaramanga\/"]},{"@type":"Person","@id":"https:\/\/contadoreshoy.com\/#\/schema\/person\/96d8979cb865537c5dc9345e40089fc5","name":"Miguel Antonio M\u00e1rquez Monta\u00f1ez","description":"Contador P\u00fablico egresado de la Universidad Aut\u00f3noma de Bucaramanga - Asesor contable tributario con m\u00e1s de 25 a\u00f1os de experiencia - Conferencista en temas contables y tributarios - T\u00e9cnico en Hardware y Dise\u00f1o Web - Creador y director Grupo de Estudio Colegio Colombiano de Contadores P\u00fablicos de Bucaramanga - Creador y Master Web p\u00e1gina www.contadoresp\u00fablicossantander.com - Expresidente Colegio Colombiano de Contadores P\u00fablicos Bucaramanga","url":"https:\/\/contadoreshoy.com\/?author=1"}]}},"_links":{"self":[{"href":"https:\/\/contadoreshoy.com\/index.php?rest_route=\/wp\/v2\/posts\/6766","targetHints":{"allow":["GET"]}}],"collection":[{"href":"https:\/\/contadoreshoy.com\/index.php?rest_route=\/wp\/v2\/posts"}],"about":[{"href":"https:\/\/contadoreshoy.com\/index.php?rest_route=\/wp\/v2\/types\/post"}],"author":[{"embeddable":true,"href":"https:\/\/contadoreshoy.com\/index.php?rest_route=\/wp\/v2\/users\/1"}],"replies":[{"embeddable":true,"href":"https:\/\/contadoreshoy.com\/index.php?rest_route=%2Fwp%2Fv2%2Fcomments&post=6766"}],"version-history":[{"count":1,"href":"https:\/\/contadoreshoy.com\/index.php?rest_route=\/wp\/v2\/posts\/6766\/revisions"}],"predecessor-version":[{"id":7923,"href":"https:\/\/contadoreshoy.com\/index.php?rest_route=\/wp\/v2\/posts\/6766\/revisions\/7923"}],"wp:featuredmedia":[{"embeddable":true,"href":"https:\/\/contadoreshoy.com\/index.php?rest_route=\/wp\/v2\/media\/6844"}],"wp:attachment":[{"href":"https:\/\/contadoreshoy.com\/index.php?rest_route=%2Fwp%2Fv2%2Fmedia&parent=6766"}],"wp:term":[{"taxonomy":"category","embeddable":true,"href":"https:\/\/contadoreshoy.com\/index.php?rest_route=%2Fwp%2Fv2%2Fcategories&post=6766"},{"taxonomy":"post_tag","embeddable":true,"href":"https:\/\/contadoreshoy.com\/index.php?rest_route=%2Fwp%2Fv2%2Ftags&post=6766"}],"curies":[{"name":"wp","href":"https:\/\/api.w.org\/{rel}","templated":true}]}}