{"id":6768,"date":"2016-02-18T20:55:11","date_gmt":"2016-02-19T01:55:11","guid":{"rendered":"http:\/\/colegiocolombianodecontadores.com\/?p=6768"},"modified":"2017-02-04T21:59:12","modified_gmt":"2017-02-05T02:59:12","slug":"oficio-900634-enero-2016-dian-retencion-en-la-fuente-a-fundacion","status":"publish","type":"post","link":"https:\/\/contadoreshoy.com\/?p=6768","title":{"rendered":"Oficio 900634 enero 2016 DIAN &#8211; Retenci\u00f3n en la fuente a Fundaci\u00f3n"},"content":{"rendered":"<p style=\"text-align: center;\">OFICIO N\u00daMERO 900634 DE 2016 DIAN<br \/>\n( enero 13)<\/p>\n<p>Subdirecci\u00f3n de Gesti\u00f3n Normativa y Doctrina<br \/>\n100208221-000003<br \/>\nBogot\u00e1, D. C., 6 de enero de 2016<br \/>\nSe\u00f1ora<br \/>\nCLAUDIA CARVAJAL MANTILLA<br \/>\nCorporaci\u00f3n Aut\u00f3noma Regional para la Defensa del Medio Ambiente (CDMB)<br \/>\nClaudia.carvajal@cdmb.gov.co<br \/>\nCarrera 23 No. 37-63<br \/>\nBucaramanga<br \/>\nCordial saludo se\u00f1ora Carvajal:<\/p>\n<p style=\"text-align: justify;\">De conformidad con el art\u00edculo 20 del Decreto 4048 de 2008 es funci\u00f3n de esta Subdirecci\u00f3n absolver las consultas escritas que se formulen sobre la interpretaci\u00f3n y aplicaci\u00f3n de las normas tributarias de car\u00e1cter nacional, aduaneras y cambiarias en lo de competencia de la Entidad.<\/p>\n<p style=\"text-align: justify;\"><span style=\"color: #0000ff;\">En el radicado de la referencia, se indaga: si el pago en el desarrollo de las actividades de un contrato de consultor\u00eda prestado por una fundaci\u00f3n a una corporaci\u00f3n aut\u00f3noma regional, se encuentra sometido a retenci\u00f3n en la fuente, sin que se adjunte el certificado que la acredite como entidad sin \u00e1nimo de lucro.<\/span><\/p>\n<p style=\"text-align: justify;\">Al respecto, este despacho se pronunci\u00f3 en Oficio 023410 del 26 de marzo del 2007, el cual se adjunta y se evoca el ac\u00e1pite correspondiente para su conocimiento:<br \/>\n( \u2026 )<\/p>\n<p style=\"text-align: justify;\"><span style=\"color: #ff9900;\">Es importante tener en cuenta que cuando los beneficiarios del pago o abono en cuenta son personas no contribuyentes del impuesto sobre la renta, pertenezcan al sector solidario, correspondan a entidades sin \u00e1nimo de lucro o est\u00e9n exentas del impuesto sobre la renta, deber\u00e1n acreditar tal circunstancia ante el agente retenedor quien deber\u00e1 conservar la prueba correspondiente para presentarla a los funcionarios de la administraci\u00f3n tributaria, cuando estos la exijan.<\/span><\/p>\n<p style=\"text-align: justify;\">En cuanto a la devoluci\u00f3n de las retenciones que se le aplicaron indebidamente o en exceso a los no contribuyentes del impuesto a la renta y complementarios y dem\u00e1s personas no sujetas a la retenci\u00f3n en la fuente, el agente de retenci\u00f3n podr\u00e1 reintegrarlas, previa solicitud por escrito por parte del afectado, acompa\u00f1ada de las pruebas a que haya lugar.<\/p>\n<p style=\"text-align: justify;\">( \u2026) Subrayado y negrilla fuera del texto.<\/p>\n<p style=\"text-align: justify;\">As\u00ed mismo, el Oficio 007141 del 24 de enero de 2006, reiter\u00f3 en su doctrina:<\/p>\n<p style=\"text-align: justify;\">( \u2026 )<\/p>\n<p style=\"text-align: justify;\">En atenci\u00f3n a su escrito de la referencia respecto de la entidad encargada de expedir las certificaciones de que trata el art\u00edculo 14 del Decreto 4400 de 2004, le informo que de acuerdo al art\u00edculo 19 del Estatuto Tributario, existen diferentes clases de entidades que pertenecen al R\u00e9gimen Tributario Especial y, del mismo modo, var\u00eda la entidad que las vigila o concede la personer\u00eda jur\u00eddica, que es quien debe expedir la certificaci\u00f3n que demuestra la naturaleza jur\u00eddica; en todo caso, <strong><span style=\"color: #ff9900;\">es obligaci\u00f3n de los contribuyentes entregar al agente de retenci\u00f3n la certificaci\u00f3n para que no se les practique la retenci\u00f3n en la fuente.<\/span><\/strong><\/p>\n<p style=\"text-align: justify;\">( \u2026) Subrayado y negrilla fuera del texto.<\/p>\n<p style=\"text-align: justify;\"><strong><span style=\"color: #ff6600;\">Hechas las consideraciones anteriores y en modo de conclusi\u00f3n, es necesario que se acredite al agente retenedor la naturaleza jur\u00eddica de la entidad \u2013del r\u00e9gimen tributario especial\u2013 receptora del pago por la prestaci\u00f3n del servicio, a trav\u00e9s del certificado correspondiente por parte de la entidad que las vigila o concede personer\u00eda jur\u00eddica, para que el agente retenedor no practique la retenci\u00f3n en la fuente.<\/span><\/strong><\/p>\n<p style=\"text-align: justify;\">En los anteriores t\u00e9rminos se resuelve su consulta y finalmente le manifestamos que la Direcci\u00f3n de Impuestos y Aduanas Nacionales (DIAN), con el fin de facilitar a los contribuyentes, usuarios y p\u00fablico en general el acceso directo a sus pronunciamientos doctrinarios, ha publicado en su p\u00e1gina de internet www.dian.gov.co, la base de conceptos en materia tributaria, aduanera y cambiaria expedidos desde el a\u00f1o 2001, la cual se puede ingresar por el \u00edcono de \u201cNormatividad\u201d \u2013 \u201ct\u00e9cnica\u201d\u2013, dando click en el link \u201cDoctrina Direcci\u00f3n de Gesti\u00f3n Jur\u00eddica\u201d.<\/p>\n<p style=\"text-align: justify;\">Atentamente,<\/p>\n<p style=\"text-align: justify;\">El Subdirector de Gesti\u00f3n Normativa y Doctrina (A),<br \/>\nJuan Manuel Moreno Rodr\u00edguez.<br \/>\n( C. F. ).<\/p>\n","protected":false},"excerpt":{"rendered":"<p>Es necesario que se acredite al agente retenedor la naturaleza jur\u00eddica de la entidad \u2013del r\u00e9gimen tributario especial\u2013 receptora del pago por la prestaci\u00f3n del servicio, a trav\u00e9s del certificado correspondiente por parte de la entidad que las vigila o concede personer\u00eda jur\u00eddica, para que el agente retenedor no practique la retenci\u00f3n en la fuente.<\/p>\n","protected":false},"author":1,"featured_media":6226,"comment_status":"open","ping_status":"open","sticky":false,"template":"","format":"standard","meta":{"_monsterinsights_skip_tracking":false,"ngg_post_thumbnail":0,"footnotes":"","_links_to":"","_links_to_target":""},"categories":[456],"tags":[],"class_list":["post-6768","post","type-post","status-publish","format-standard","has-post-thumbnail","hentry","category-conceptos-y-oficios-dian"],"aioseo_notices":[],"aioseo_head":"\n\t\t<!-- All in One SEO 5.0.1.1 - aioseo.com -->\n\t<meta name=\"description\" content=\"Es necesario que se acredite al agente retenedor la naturaleza jur\u00eddica de la entidad \u2013del r\u00e9gimen tributario especial\u2013 receptora del pago por la prestaci\u00f3n del servicio, a trav\u00e9s del certificado correspondiente por parte de la entidad que las vigila o concede personer\u00eda jur\u00eddica, para que el agente retenedor no practique la retenci\u00f3n en la fuente.\" \/>\n\t<meta name=\"robots\" content=\"max-image-preview:large\" \/>\n\t<meta name=\"author\" content=\"Miguel Antonio M\u00e1rquez Monta\u00f1ez\"\/>\n\t<link rel=\"canonical\" href=\"https:\/\/contadoreshoy.com\/?p=6768\" \/>\n\t<meta name=\"generator\" content=\"All in One SEO (AIOSEO) 5.0.1.1\" \/>\n\t\t<meta property=\"og:locale\" content=\"es_ES\" \/>\n\t\t<meta property=\"og:site_name\" content=\"Contadores P\u00fablicos - Portal para Contadores P\u00fablicos y empresarios\" \/>\n\t\t<meta property=\"og:type\" content=\"article\" \/>\n\t\t<meta property=\"og:title\" content=\"Oficio 900634 enero 2016 DIAN \u2013 Retenci\u00f3n en la fuente a Fundaci\u00f3n - Contadores P\u00fablicos\" \/>\n\t\t<meta property=\"og:description\" content=\"Es necesario que se acredite al agente retenedor la naturaleza jur\u00eddica de la entidad \u2013del r\u00e9gimen tributario especial\u2013 receptora del pago por la prestaci\u00f3n del servicio, a trav\u00e9s del certificado correspondiente por parte de la entidad que las vigila o concede personer\u00eda jur\u00eddica, para que el agente retenedor no practique la retenci\u00f3n en la fuente.\" \/>\n\t\t<meta property=\"og:url\" content=\"https:\/\/contadoreshoy.com\/?p=6768\" \/>\n\t\t<meta property=\"og:image\" content=\"https:\/\/contadoreshoy.com\/wp-content\/uploads\/2024\/01\/cropped-cropped-cropped-Copia-de-M.jpg\" \/>\n\t\t<meta property=\"og:image:secure_url\" content=\"https:\/\/contadoreshoy.com\/wp-content\/uploads\/2024\/01\/cropped-cropped-cropped-Copia-de-M.jpg\" \/>\n\t\t<meta property=\"og:image:width\" content=\"512\" \/>\n\t\t<meta property=\"og:image:height\" content=\"371\" \/>\n\t\t<meta property=\"article:published_time\" content=\"2016-02-19T01:55:11+00:00\" \/>\n\t\t<meta property=\"article:modified_time\" content=\"2017-02-05T02:59:12+00:00\" \/>\n\t\t<meta name=\"twitter:card\" content=\"summary_large_image\" \/>\n\t\t<meta name=\"twitter:title\" content=\"Oficio 900634 enero 2016 DIAN \u2013 Retenci\u00f3n en la fuente a Fundaci\u00f3n - Contadores P\u00fablicos\" \/>\n\t\t<meta name=\"twitter:description\" content=\"Es necesario que se acredite al agente retenedor la naturaleza jur\u00eddica de la entidad \u2013del r\u00e9gimen tributario especial\u2013 receptora del pago por la prestaci\u00f3n del servicio, a trav\u00e9s del certificado correspondiente por parte de la entidad que las vigila o concede personer\u00eda jur\u00eddica, para que el agente retenedor no practique la retenci\u00f3n en la fuente.\" \/>\n\t\t<meta name=\"twitter:image\" content=\"https:\/\/contadoreshoy.com\/wp-content\/uploads\/2024\/01\/cropped-cropped-cropped-Copia-de-M.jpg\" \/>\n\t\t<script type=\"application\/ld+json\" class=\"aioseo-schema\">\n\t\t\t{\"@context\":\"https:\\\/\\\/schema.org\",\"@graph\":[{\"@type\":\"BlogPosting\",\"@id\":\"https:\\\/\\\/contadoreshoy.com\\\/?p=6768#blogposting\",\"name\":\"Oficio 900634 enero 2016 DIAN \\u2013 Retenci\\u00f3n en la fuente a Fundaci\\u00f3n - Contadores P\\u00fablicos\",\"headline\":\"Oficio 900634 enero 2016 DIAN &#8211; Retenci\\u00f3n en la fuente a Fundaci\\u00f3n\",\"author\":{\"@id\":\"https:\\\/\\\/contadoreshoy.com\\\/?author=1#author\"},\"publisher\":{\"@id\":\"https:\\\/\\\/contadoreshoy.com\\\/#organization\"},\"image\":{\"@type\":\"ImageObject\",\"url\":\"https:\\\/\\\/contadoreshoy.com\\\/wp-content\\\/uploads\\\/2015\\\/10\\\/Retenci\\u00f3n.jpg\",\"width\":600,\"height\":400},\"datePublished\":\"2016-02-18T20:55:11-05:00\",\"dateModified\":\"2017-02-04T21:59:12-05:00\",\"inLanguage\":\"es-ES\",\"mainEntityOfPage\":{\"@id\":\"https:\\\/\\\/contadoreshoy.com\\\/?p=6768#webpage\"},\"isPartOf\":{\"@id\":\"https:\\\/\\\/contadoreshoy.com\\\/?p=6768#webpage\"},\"articleSection\":\"Conceptos y Oficios DIAN\"},{\"@type\":\"BreadcrumbList\",\"@id\":\"https:\\\/\\\/contadoreshoy.com\\\/?p=6768#breadcrumblist\",\"itemListElement\":[{\"@type\":\"ListItem\",\"@id\":\"https:\\\/\\\/contadoreshoy.com#listItem\",\"position\":1,\"name\":\"Home\",\"item\":\"https:\\\/\\\/contadoreshoy.com\",\"nextItem\":{\"@type\":\"ListItem\",\"@id\":\"https:\\\/\\\/contadoreshoy.com\\\/?cat=456#listItem\",\"name\":\"Conceptos y Oficios DIAN\"}},{\"@type\":\"ListItem\",\"@id\":\"https:\\\/\\\/contadoreshoy.com\\\/?cat=456#listItem\",\"position\":2,\"name\":\"Conceptos y Oficios DIAN\",\"item\":\"https:\\\/\\\/contadoreshoy.com\\\/?cat=456\",\"nextItem\":{\"@type\":\"ListItem\",\"@id\":\"https:\\\/\\\/contadoreshoy.com\\\/?p=6768#listItem\",\"name\":\"Oficio 900634 enero 2016 DIAN &#8211; Retenci\\u00f3n en la fuente a Fundaci\\u00f3n\"},\"previousItem\":{\"@type\":\"ListItem\",\"@id\":\"https:\\\/\\\/contadoreshoy.com#listItem\",\"name\":\"Home\"}},{\"@type\":\"ListItem\",\"@id\":\"https:\\\/\\\/contadoreshoy.com\\\/?p=6768#listItem\",\"position\":3,\"name\":\"Oficio 900634 enero 2016 DIAN &#8211; Retenci\\u00f3n en la fuente a Fundaci\\u00f3n\",\"previousItem\":{\"@type\":\"ListItem\",\"@id\":\"https:\\\/\\\/contadoreshoy.com\\\/?cat=456#listItem\",\"name\":\"Conceptos y Oficios DIAN\"}}]},{\"@type\":\"Organization\",\"@id\":\"https:\\\/\\\/contadoreshoy.com\\\/#organization\",\"name\":\"Contadores P\\u00fablicos\",\"description\":\"Portal para Contadores P\\u00fablicos y empresarios\",\"url\":\"https:\\\/\\\/contadoreshoy.com\\\/\",\"logo\":{\"@type\":\"ImageObject\",\"url\":\"https:\\\/\\\/contadoreshoy.com\\\/wp-content\\\/uploads\\\/2024\\\/01\\\/cropped-cropped-Copia-de-M-1.jpg\",\"@id\":\"https:\\\/\\\/contadoreshoy.com\\\/?p=6768\\\/#organizationLogo\",\"width\":499,\"height\":500},\"image\":{\"@id\":\"https:\\\/\\\/contadoreshoy.com\\\/?p=6768\\\/#organizationLogo\"}},{\"@type\":\"Person\",\"@id\":\"https:\\\/\\\/contadoreshoy.com\\\/?author=1#author\",\"url\":\"https:\\\/\\\/contadoreshoy.com\\\/?author=1\",\"name\":\"Miguel Antonio M\\u00e1rquez Monta\\u00f1ez\"},{\"@type\":\"WebPage\",\"@id\":\"https:\\\/\\\/contadoreshoy.com\\\/?p=6768#webpage\",\"url\":\"https:\\\/\\\/contadoreshoy.com\\\/?p=6768\",\"name\":\"Oficio 900634 enero 2016 DIAN \\u2013 Retenci\\u00f3n en la fuente a Fundaci\\u00f3n - Contadores P\\u00fablicos\",\"description\":\"Es necesario que se acredite al agente retenedor la naturaleza jur\\u00eddica de la entidad \\u2013del r\\u00e9gimen tributario especial\\u2013 receptora del pago por la prestaci\\u00f3n del servicio, a trav\\u00e9s del certificado correspondiente por parte de la entidad que las vigila o concede personer\\u00eda jur\\u00eddica, para que el agente retenedor no practique la retenci\\u00f3n en la fuente.\",\"inLanguage\":\"es-ES\",\"isPartOf\":{\"@id\":\"https:\\\/\\\/contadoreshoy.com\\\/#website\"},\"breadcrumb\":{\"@id\":\"https:\\\/\\\/contadoreshoy.com\\\/?p=6768#breadcrumblist\"},\"author\":{\"@id\":\"https:\\\/\\\/contadoreshoy.com\\\/?author=1#author\"},\"creator\":{\"@id\":\"https:\\\/\\\/contadoreshoy.com\\\/?author=1#author\"},\"image\":{\"@type\":\"ImageObject\",\"url\":\"https:\\\/\\\/contadoreshoy.com\\\/wp-content\\\/uploads\\\/2015\\\/10\\\/Retenci\\u00f3n.jpg\",\"@id\":\"https:\\\/\\\/contadoreshoy.com\\\/?p=6768\\\/#mainImage\",\"width\":600,\"height\":400},\"primaryImageOfPage\":{\"@id\":\"https:\\\/\\\/contadoreshoy.com\\\/?p=6768#mainImage\"},\"datePublished\":\"2016-02-18T20:55:11-05:00\",\"dateModified\":\"2017-02-04T21:59:12-05:00\"},{\"@type\":\"WebSite\",\"@id\":\"https:\\\/\\\/contadoreshoy.com\\\/#website\",\"url\":\"https:\\\/\\\/contadoreshoy.com\\\/\",\"name\":\"Contadores P\\u00fablicos\",\"description\":\"Portal para Contadores P\\u00fablicos y empresarios\",\"inLanguage\":\"es-ES\",\"publisher\":{\"@id\":\"https:\\\/\\\/contadoreshoy.com\\\/#organization\"}}]}\n\t\t<\/script>\n\t\t<!-- All in One SEO -->\n\n","aioseo_head_json":{"title":"Oficio 900634 enero 2016 DIAN \u2013 Retenci\u00f3n en la fuente a Fundaci\u00f3n - Contadores P\u00fablicos","description":"Es necesario que se acredite al agente retenedor la naturaleza jur\u00eddica de la entidad \u2013del r\u00e9gimen tributario especial\u2013 receptora del pago por la prestaci\u00f3n del servicio, a trav\u00e9s del certificado correspondiente por parte de la entidad que las vigila o concede personer\u00eda jur\u00eddica, para que el agente retenedor no practique la retenci\u00f3n en la fuente.","canonical_url":"https:\/\/contadoreshoy.com\/?p=6768","robots":"max-image-preview:large","keywords":"","webmasterTools":{"miscellaneous":""},"schema":{"@context":"https:\/\/schema.org","@graph":[{"@type":"BlogPosting","@id":"https:\/\/contadoreshoy.com\/?p=6768#blogposting","name":"Oficio 900634 enero 2016 DIAN \u2013 Retenci\u00f3n en la fuente a Fundaci\u00f3n - Contadores P\u00fablicos","headline":"Oficio 900634 enero 2016 DIAN &#8211; Retenci\u00f3n en la fuente a Fundaci\u00f3n","author":{"@id":"https:\/\/contadoreshoy.com\/?author=1#author"},"publisher":{"@id":"https:\/\/contadoreshoy.com\/#organization"},"image":{"@type":"ImageObject","url":"https:\/\/contadoreshoy.com\/wp-content\/uploads\/2015\/10\/Retenci\u00f3n.jpg","width":600,"height":400},"datePublished":"2016-02-18T20:55:11-05:00","dateModified":"2017-02-04T21:59:12-05:00","inLanguage":"es-ES","mainEntityOfPage":{"@id":"https:\/\/contadoreshoy.com\/?p=6768#webpage"},"isPartOf":{"@id":"https:\/\/contadoreshoy.com\/?p=6768#webpage"},"articleSection":"Conceptos y Oficios DIAN"},{"@type":"BreadcrumbList","@id":"https:\/\/contadoreshoy.com\/?p=6768#breadcrumblist","itemListElement":[{"@type":"ListItem","@id":"https:\/\/contadoreshoy.com#listItem","position":1,"name":"Home","item":"https:\/\/contadoreshoy.com","nextItem":{"@type":"ListItem","@id":"https:\/\/contadoreshoy.com\/?cat=456#listItem","name":"Conceptos y Oficios DIAN"}},{"@type":"ListItem","@id":"https:\/\/contadoreshoy.com\/?cat=456#listItem","position":2,"name":"Conceptos y Oficios DIAN","item":"https:\/\/contadoreshoy.com\/?cat=456","nextItem":{"@type":"ListItem","@id":"https:\/\/contadoreshoy.com\/?p=6768#listItem","name":"Oficio 900634 enero 2016 DIAN &#8211; Retenci\u00f3n en la fuente a Fundaci\u00f3n"},"previousItem":{"@type":"ListItem","@id":"https:\/\/contadoreshoy.com#listItem","name":"Home"}},{"@type":"ListItem","@id":"https:\/\/contadoreshoy.com\/?p=6768#listItem","position":3,"name":"Oficio 900634 enero 2016 DIAN &#8211; Retenci\u00f3n en la fuente a Fundaci\u00f3n","previousItem":{"@type":"ListItem","@id":"https:\/\/contadoreshoy.com\/?cat=456#listItem","name":"Conceptos y Oficios DIAN"}}]},{"@type":"Organization","@id":"https:\/\/contadoreshoy.com\/#organization","name":"Contadores P\u00fablicos","description":"Portal para Contadores P\u00fablicos y empresarios","url":"https:\/\/contadoreshoy.com\/","logo":{"@type":"ImageObject","url":"https:\/\/contadoreshoy.com\/wp-content\/uploads\/2024\/01\/cropped-cropped-Copia-de-M-1.jpg","@id":"https:\/\/contadoreshoy.com\/?p=6768\/#organizationLogo","width":499,"height":500},"image":{"@id":"https:\/\/contadoreshoy.com\/?p=6768\/#organizationLogo"}},{"@type":"Person","@id":"https:\/\/contadoreshoy.com\/?author=1#author","url":"https:\/\/contadoreshoy.com\/?author=1","name":"Miguel Antonio M\u00e1rquez Monta\u00f1ez"},{"@type":"WebPage","@id":"https:\/\/contadoreshoy.com\/?p=6768#webpage","url":"https:\/\/contadoreshoy.com\/?p=6768","name":"Oficio 900634 enero 2016 DIAN \u2013 Retenci\u00f3n en la fuente a Fundaci\u00f3n - Contadores P\u00fablicos","description":"Es necesario que se acredite al agente retenedor la naturaleza jur\u00eddica de la entidad \u2013del r\u00e9gimen tributario especial\u2013 receptora del pago por la prestaci\u00f3n del servicio, a trav\u00e9s del certificado correspondiente por parte de la entidad que las vigila o concede personer\u00eda jur\u00eddica, para que el agente retenedor no practique la retenci\u00f3n en la fuente.","inLanguage":"es-ES","isPartOf":{"@id":"https:\/\/contadoreshoy.com\/#website"},"breadcrumb":{"@id":"https:\/\/contadoreshoy.com\/?p=6768#breadcrumblist"},"author":{"@id":"https:\/\/contadoreshoy.com\/?author=1#author"},"creator":{"@id":"https:\/\/contadoreshoy.com\/?author=1#author"},"image":{"@type":"ImageObject","url":"https:\/\/contadoreshoy.com\/wp-content\/uploads\/2015\/10\/Retenci\u00f3n.jpg","@id":"https:\/\/contadoreshoy.com\/?p=6768\/#mainImage","width":600,"height":400},"primaryImageOfPage":{"@id":"https:\/\/contadoreshoy.com\/?p=6768#mainImage"},"datePublished":"2016-02-18T20:55:11-05:00","dateModified":"2017-02-04T21:59:12-05:00"},{"@type":"WebSite","@id":"https:\/\/contadoreshoy.com\/#website","url":"https:\/\/contadoreshoy.com\/","name":"Contadores P\u00fablicos","description":"Portal para Contadores P\u00fablicos y empresarios","inLanguage":"es-ES","publisher":{"@id":"https:\/\/contadoreshoy.com\/#organization"}}]},"og:locale":"es_ES","og:site_name":"Contadores P\u00fablicos - Portal para Contadores P\u00fablicos y empresarios","og:type":"article","og:title":"Oficio 900634 enero 2016 DIAN \u2013 Retenci\u00f3n en la fuente a Fundaci\u00f3n - Contadores P\u00fablicos","og:description":"Es necesario que se acredite al agente retenedor la naturaleza jur\u00eddica de la entidad \u2013del r\u00e9gimen tributario especial\u2013 receptora del pago por la prestaci\u00f3n del servicio, a trav\u00e9s del certificado correspondiente por parte de la entidad que las vigila o concede personer\u00eda jur\u00eddica, para que el agente retenedor no practique la retenci\u00f3n en la fuente.","og:url":"https:\/\/contadoreshoy.com\/?p=6768","og:image":"https:\/\/contadoreshoy.com\/wp-content\/uploads\/2024\/01\/cropped-cropped-cropped-Copia-de-M.jpg","og:image:secure_url":"https:\/\/contadoreshoy.com\/wp-content\/uploads\/2024\/01\/cropped-cropped-cropped-Copia-de-M.jpg","og:image:width":512,"og:image:height":371,"article:published_time":"2016-02-19T01:55:11+00:00","article:modified_time":"2017-02-05T02:59:12+00:00","twitter:card":"summary_large_image","twitter:title":"Oficio 900634 enero 2016 DIAN \u2013 Retenci\u00f3n en la fuente a Fundaci\u00f3n - Contadores P\u00fablicos","twitter:description":"Es necesario que se acredite al agente retenedor la naturaleza jur\u00eddica de la entidad \u2013del r\u00e9gimen tributario especial\u2013 receptora del pago por la prestaci\u00f3n del servicio, a trav\u00e9s del certificado correspondiente por parte de la entidad que las vigila o concede personer\u00eda jur\u00eddica, para que el agente retenedor no practique la retenci\u00f3n en la fuente.","twitter:image":"https:\/\/contadoreshoy.com\/wp-content\/uploads\/2024\/01\/cropped-cropped-cropped-Copia-de-M.jpg"},"aioseo_meta_data":{"post_id":"6768","title":null,"description":null,"keywords":null,"keyphrases":null,"primary_term":null,"canonical_url":null,"og_title":null,"og_description":null,"og_object_type":"default","og_image_type":"default","og_image_url":null,"og_image_width":null,"og_image_height":null,"og_image_custom_url":null,"og_image_custom_fields":null,"og_video":null,"og_custom_url":null,"og_article_section":null,"og_article_tags":null,"twitter_use_og":false,"twitter_card":"default","twitter_image_type":"default","twitter_image_url":null,"twitter_image_custom_url":null,"twitter_image_custom_fields":null,"twitter_title":null,"twitter_description":null,"schema":{"blockGraphs":[],"customGraphs":[],"default":{"data":{"Article":[],"Course":[],"Dataset":[],"FAQPage":[],"Movie":[],"Person":[],"Product":[],"ProductReview":[],"Car":[],"Recipe":[],"Service":[],"SoftwareApplication":[],"WebPage":[]},"graphName":"","isEnabled":true},"graphs":[]},"schema_type":"default","schema_type_options":null,"pillar_content":false,"robots_default":true,"robots_noindex":false,"robots_noarchive":false,"robots_nosnippet":false,"robots_nofollow":false,"robots_noimageindex":false,"robots_noodp":false,"robots_notranslate":false,"robots_max_snippet":null,"robots_max_videopreview":null,"robots_max_imagepreview":"large","priority":null,"frequency":null,"local_seo":null,"breadcrumb_settings":null,"limit_modified_date":false,"ai":null,"created":"2024-03-05 01:32:29","updated":"2026-03-03 04:47:48","seo_analyzer_scan_date":null,"focus_keyword":null,"additional_keywords":null,"truseo_locale":null},"aioseo_breadcrumb":"<div class=\"aioseo-breadcrumbs\"><span class=\"aioseo-breadcrumb\">\n\t\t\t<a href=\"https:\/\/contadoreshoy.com\" title=\"Home\">Home<\/a>\n\t\t<\/span><span class=\"aioseo-breadcrumb-separator\">&raquo;<\/span><span class=\"aioseo-breadcrumb\">\n\t\t\t<a href=\"https:\/\/contadoreshoy.com\/?cat=456\" title=\"Conceptos y Oficios DIAN\">Conceptos y Oficios DIAN<\/a>\n\t\t<\/span><span class=\"aioseo-breadcrumb-separator\">&raquo;<\/span><span class=\"aioseo-breadcrumb\">\n\t\t\tOficio 900634 enero 2016 DIAN \u2013 Retenci\u00f3n en la fuente a Fundaci\u00f3n\n\t\t<\/span><\/div>","aioseo_breadcrumb_json":[{"label":"Home","link":"https:\/\/contadoreshoy.com"},{"label":"Conceptos y Oficios DIAN","link":"https:\/\/contadoreshoy.com\/?cat=456"},{"label":"Oficio 900634 enero 2016 DIAN &#8211; Retenci\u00f3n en la fuente a Fundaci\u00f3n","link":"https:\/\/contadoreshoy.com\/?p=6768"}],"yoast_head":"<!-- This site is optimized with the Yoast SEO plugin v28.4 - https:\/\/yoast.com\/product\/yoast-seo-wordpress\/ -->\n<title>Oficio 900634 enero 2016 DIAN - Retenci\u00f3n en la fuente a Fundaci\u00f3n - Contadores P\u00fablicos<\/title>\n<meta name=\"robots\" content=\"index, follow, max-snippet:-1, max-image-preview:large, max-video-preview:-1\" \/>\n<link rel=\"canonical\" href=\"https:\/\/contadoreshoy.com\/?p=6768\" \/>\n<meta property=\"og:locale\" content=\"es_ES\" \/>\n<meta property=\"og:type\" content=\"article\" \/>\n<meta property=\"og:title\" content=\"Oficio 900634 enero 2016 DIAN - Retenci\u00f3n en la fuente a Fundaci\u00f3n - Contadores P\u00fablicos\" \/>\n<meta property=\"og:description\" content=\"Es necesario que se acredite al agente retenedor la naturaleza jur\u00eddica de la entidad \u2013del r\u00e9gimen tributario especial\u2013 receptora del pago por la prestaci\u00f3n del servicio, a trav\u00e9s del certificado correspondiente por parte de la entidad que las vigila o concede personer\u00eda jur\u00eddica, para que el agente retenedor no practique la retenci\u00f3n en la fuente.\" \/>\n<meta property=\"og:url\" content=\"https:\/\/contadoreshoy.com\/?p=6768\" \/>\n<meta property=\"og:site_name\" content=\"Contadores P\u00fablicos\" \/>\n<meta property=\"article:publisher\" content=\"https:\/\/www.facebook.com\/CCCPBucaramanga\/\" \/>\n<meta property=\"article:published_time\" content=\"2016-02-19T01:55:11+00:00\" \/>\n<meta property=\"article:modified_time\" content=\"2017-02-05T02:59:12+00:00\" \/>\n<meta property=\"og:image\" content=\"https:\/\/contadoreshoy.com\/wp-content\/uploads\/2015\/10\/Retenci\u00f3n.jpg\" \/>\n\t<meta property=\"og:image:width\" content=\"600\" \/>\n\t<meta property=\"og:image:height\" content=\"400\" \/>\n\t<meta property=\"og:image:type\" content=\"image\/jpeg\" \/>\n<meta name=\"author\" content=\"Miguel Antonio M\u00e1rquez Monta\u00f1ez\" \/>\n<meta name=\"twitter:card\" content=\"summary_large_image\" \/>\n<meta name=\"twitter:label1\" content=\"Escrito por\" \/>\n\t<meta name=\"twitter:data1\" content=\"Miguel Antonio M\u00e1rquez Monta\u00f1ez\" \/>\n\t<meta name=\"twitter:label2\" content=\"Tiempo de lectura\" \/>\n\t<meta name=\"twitter:data2\" content=\"3 minutos\" \/>\n<script type=\"application\/ld+json\" class=\"yoast-schema-graph\">{\"@context\":\"https:\\\/\\\/schema.org\",\"@graph\":[{\"@type\":\"Article\",\"@id\":\"https:\\\/\\\/contadoreshoy.com\\\/?p=6768#article\",\"isPartOf\":{\"@id\":\"https:\\\/\\\/contadoreshoy.com\\\/?p=6768\"},\"author\":{\"name\":\"Miguel Antonio M\u00e1rquez Monta\u00f1ez\",\"@id\":\"https:\\\/\\\/contadoreshoy.com\\\/#\\\/schema\\\/person\\\/96d8979cb865537c5dc9345e40089fc5\"},\"headline\":\"Oficio 900634 enero 2016 DIAN &#8211; Retenci\u00f3n en la fuente a Fundaci\u00f3n\",\"datePublished\":\"2016-02-19T01:55:11+00:00\",\"dateModified\":\"2017-02-05T02:59:12+00:00\",\"mainEntityOfPage\":{\"@id\":\"https:\\\/\\\/contadoreshoy.com\\\/?p=6768\"},\"wordCount\":656,\"commentCount\":0,\"publisher\":{\"@id\":\"https:\\\/\\\/contadoreshoy.com\\\/#organization\"},\"image\":{\"@id\":\"https:\\\/\\\/contadoreshoy.com\\\/?p=6768#primaryimage\"},\"thumbnailUrl\":\"https:\\\/\\\/contadoreshoy.com\\\/wp-content\\\/uploads\\\/2015\\\/10\\\/Retenci\u00f3n.jpg\",\"articleSection\":[\"Conceptos y Oficios DIAN\"],\"inLanguage\":\"es\",\"potentialAction\":[{\"@type\":\"CommentAction\",\"name\":\"Comment\",\"target\":[\"https:\\\/\\\/contadoreshoy.com\\\/?p=6768#respond\"]}]},{\"@type\":\"WebPage\",\"@id\":\"https:\\\/\\\/contadoreshoy.com\\\/?p=6768\",\"url\":\"https:\\\/\\\/contadoreshoy.com\\\/?p=6768\",\"name\":\"Oficio 900634 enero 2016 DIAN - Retenci\u00f3n en la fuente a Fundaci\u00f3n - Contadores P\u00fablicos\",\"isPartOf\":{\"@id\":\"https:\\\/\\\/contadoreshoy.com\\\/#website\"},\"primaryImageOfPage\":{\"@id\":\"https:\\\/\\\/contadoreshoy.com\\\/?p=6768#primaryimage\"},\"image\":{\"@id\":\"https:\\\/\\\/contadoreshoy.com\\\/?p=6768#primaryimage\"},\"thumbnailUrl\":\"https:\\\/\\\/contadoreshoy.com\\\/wp-content\\\/uploads\\\/2015\\\/10\\\/Retenci\u00f3n.jpg\",\"datePublished\":\"2016-02-19T01:55:11+00:00\",\"dateModified\":\"2017-02-05T02:59:12+00:00\",\"breadcrumb\":{\"@id\":\"https:\\\/\\\/contadoreshoy.com\\\/?p=6768#breadcrumb\"},\"inLanguage\":\"es\",\"potentialAction\":[{\"@type\":\"ReadAction\",\"target\":[\"https:\\\/\\\/contadoreshoy.com\\\/?p=6768\"]}]},{\"@type\":\"ImageObject\",\"inLanguage\":\"es\",\"@id\":\"https:\\\/\\\/contadoreshoy.com\\\/?p=6768#primaryimage\",\"url\":\"https:\\\/\\\/contadoreshoy.com\\\/wp-content\\\/uploads\\\/2015\\\/10\\\/Retenci\u00f3n.jpg\",\"contentUrl\":\"https:\\\/\\\/contadoreshoy.com\\\/wp-content\\\/uploads\\\/2015\\\/10\\\/Retenci\u00f3n.jpg\",\"width\":600,\"height\":400},{\"@type\":\"BreadcrumbList\",\"@id\":\"https:\\\/\\\/contadoreshoy.com\\\/?p=6768#breadcrumb\",\"itemListElement\":[{\"@type\":\"ListItem\",\"position\":1,\"name\":\"Portada\",\"item\":\"https:\\\/\\\/contadoreshoy.com\\\/\"},{\"@type\":\"ListItem\",\"position\":2,\"name\":\"Oficio 900634 enero 2016 DIAN &#8211; Retenci\u00f3n en la fuente a Fundaci\u00f3n\"}]},{\"@type\":\"WebSite\",\"@id\":\"https:\\\/\\\/contadoreshoy.com\\\/#website\",\"url\":\"https:\\\/\\\/contadoreshoy.com\\\/\",\"name\":\"Contadorespublicossantander\",\"description\":\"Portal para Contadores P\u00fablicos y empresarios\",\"publisher\":{\"@id\":\"https:\\\/\\\/contadoreshoy.com\\\/#organization\"},\"potentialAction\":[{\"@type\":\"SearchAction\",\"target\":{\"@type\":\"EntryPoint\",\"urlTemplate\":\"https:\\\/\\\/contadoreshoy.com\\\/?s={search_term_string}\"},\"query-input\":{\"@type\":\"PropertyValueSpecification\",\"valueRequired\":true,\"valueName\":\"search_term_string\"}}],\"inLanguage\":\"es\"},{\"@type\":\"Organization\",\"@id\":\"https:\\\/\\\/contadoreshoy.com\\\/#organization\",\"name\":\"Contadores P\u00fablicos de Santander\",\"url\":\"https:\\\/\\\/contadoreshoy.com\\\/\",\"logo\":{\"@type\":\"ImageObject\",\"inLanguage\":\"es\",\"@id\":\"https:\\\/\\\/contadoreshoy.com\\\/#\\\/schema\\\/logo\\\/image\\\/\",\"url\":\"https:\\\/\\\/contadoreshoy.com\\\/wp-content\\\/uploads\\\/2024\\\/01\\\/cropped-cropped-Copia-de-M-1.jpg\",\"contentUrl\":\"https:\\\/\\\/contadoreshoy.com\\\/wp-content\\\/uploads\\\/2024\\\/01\\\/cropped-cropped-Copia-de-M-1.jpg\",\"width\":499,\"height\":500,\"caption\":\"Contadores P\u00fablicos de Santander\"},\"image\":{\"@id\":\"https:\\\/\\\/contadoreshoy.com\\\/#\\\/schema\\\/logo\\\/image\\\/\"},\"sameAs\":[\"https:\\\/\\\/www.facebook.com\\\/CCCPBucaramanga\\\/\"]},{\"@type\":\"Person\",\"@id\":\"https:\\\/\\\/contadoreshoy.com\\\/#\\\/schema\\\/person\\\/96d8979cb865537c5dc9345e40089fc5\",\"name\":\"Miguel Antonio M\u00e1rquez Monta\u00f1ez\",\"description\":\"Contador P\u00fablico egresado de la Universidad Aut\u00f3noma de Bucaramanga - Asesor contable tributario con m\u00e1s de 25 a\u00f1os de experiencia - Conferencista en temas contables y tributarios - T\u00e9cnico en Hardware y Dise\u00f1o Web - Creador y director Grupo de Estudio Colegio Colombiano de Contadores P\u00fablicos de Bucaramanga - Creador y Master Web p\u00e1gina www.contadoresp\u00fablicossantander.com - Expresidente Colegio Colombiano de Contadores P\u00fablicos Bucaramanga\",\"url\":\"https:\\\/\\\/contadoreshoy.com\\\/?author=1\"}]}<\/script>\n<!-- \/ Yoast SEO plugin. -->","yoast_head_json":{"title":"Oficio 900634 enero 2016 DIAN - Retenci\u00f3n en la fuente a Fundaci\u00f3n - Contadores P\u00fablicos","robots":{"index":"index","follow":"follow","max-snippet":"max-snippet:-1","max-image-preview":"max-image-preview:large","max-video-preview":"max-video-preview:-1"},"canonical":"https:\/\/contadoreshoy.com\/?p=6768","og_locale":"es_ES","og_type":"article","og_title":"Oficio 900634 enero 2016 DIAN - Retenci\u00f3n en la fuente a Fundaci\u00f3n - Contadores P\u00fablicos","og_description":"Es necesario que se acredite al agente retenedor la naturaleza jur\u00eddica de la entidad \u2013del r\u00e9gimen tributario especial\u2013 receptora del pago por la prestaci\u00f3n del servicio, a trav\u00e9s del certificado correspondiente por parte de la entidad que las vigila o concede personer\u00eda jur\u00eddica, para que el agente retenedor no practique la retenci\u00f3n en la fuente.","og_url":"https:\/\/contadoreshoy.com\/?p=6768","og_site_name":"Contadores P\u00fablicos","article_publisher":"https:\/\/www.facebook.com\/CCCPBucaramanga\/","article_published_time":"2016-02-19T01:55:11+00:00","article_modified_time":"2017-02-05T02:59:12+00:00","og_image":[{"width":600,"height":400,"url":"https:\/\/contadoreshoy.com\/wp-content\/uploads\/2015\/10\/Retenci\u00f3n.jpg","type":"image\/jpeg"}],"author":"Miguel Antonio M\u00e1rquez Monta\u00f1ez","twitter_card":"summary_large_image","twitter_misc":{"Escrito por":"Miguel Antonio M\u00e1rquez Monta\u00f1ez","Tiempo de lectura":"3 minutos"},"schema":{"@context":"https:\/\/schema.org","@graph":[{"@type":"Article","@id":"https:\/\/contadoreshoy.com\/?p=6768#article","isPartOf":{"@id":"https:\/\/contadoreshoy.com\/?p=6768"},"author":{"name":"Miguel Antonio M\u00e1rquez Monta\u00f1ez","@id":"https:\/\/contadoreshoy.com\/#\/schema\/person\/96d8979cb865537c5dc9345e40089fc5"},"headline":"Oficio 900634 enero 2016 DIAN &#8211; Retenci\u00f3n en la fuente a Fundaci\u00f3n","datePublished":"2016-02-19T01:55:11+00:00","dateModified":"2017-02-05T02:59:12+00:00","mainEntityOfPage":{"@id":"https:\/\/contadoreshoy.com\/?p=6768"},"wordCount":656,"commentCount":0,"publisher":{"@id":"https:\/\/contadoreshoy.com\/#organization"},"image":{"@id":"https:\/\/contadoreshoy.com\/?p=6768#primaryimage"},"thumbnailUrl":"https:\/\/contadoreshoy.com\/wp-content\/uploads\/2015\/10\/Retenci\u00f3n.jpg","articleSection":["Conceptos y Oficios DIAN"],"inLanguage":"es","potentialAction":[{"@type":"CommentAction","name":"Comment","target":["https:\/\/contadoreshoy.com\/?p=6768#respond"]}]},{"@type":"WebPage","@id":"https:\/\/contadoreshoy.com\/?p=6768","url":"https:\/\/contadoreshoy.com\/?p=6768","name":"Oficio 900634 enero 2016 DIAN - Retenci\u00f3n en la fuente a Fundaci\u00f3n - Contadores P\u00fablicos","isPartOf":{"@id":"https:\/\/contadoreshoy.com\/#website"},"primaryImageOfPage":{"@id":"https:\/\/contadoreshoy.com\/?p=6768#primaryimage"},"image":{"@id":"https:\/\/contadoreshoy.com\/?p=6768#primaryimage"},"thumbnailUrl":"https:\/\/contadoreshoy.com\/wp-content\/uploads\/2015\/10\/Retenci\u00f3n.jpg","datePublished":"2016-02-19T01:55:11+00:00","dateModified":"2017-02-05T02:59:12+00:00","breadcrumb":{"@id":"https:\/\/contadoreshoy.com\/?p=6768#breadcrumb"},"inLanguage":"es","potentialAction":[{"@type":"ReadAction","target":["https:\/\/contadoreshoy.com\/?p=6768"]}]},{"@type":"ImageObject","inLanguage":"es","@id":"https:\/\/contadoreshoy.com\/?p=6768#primaryimage","url":"https:\/\/contadoreshoy.com\/wp-content\/uploads\/2015\/10\/Retenci\u00f3n.jpg","contentUrl":"https:\/\/contadoreshoy.com\/wp-content\/uploads\/2015\/10\/Retenci\u00f3n.jpg","width":600,"height":400},{"@type":"BreadcrumbList","@id":"https:\/\/contadoreshoy.com\/?p=6768#breadcrumb","itemListElement":[{"@type":"ListItem","position":1,"name":"Portada","item":"https:\/\/contadoreshoy.com\/"},{"@type":"ListItem","position":2,"name":"Oficio 900634 enero 2016 DIAN &#8211; Retenci\u00f3n en la fuente a Fundaci\u00f3n"}]},{"@type":"WebSite","@id":"https:\/\/contadoreshoy.com\/#website","url":"https:\/\/contadoreshoy.com\/","name":"Contadorespublicossantander","description":"Portal para Contadores P\u00fablicos y empresarios","publisher":{"@id":"https:\/\/contadoreshoy.com\/#organization"},"potentialAction":[{"@type":"SearchAction","target":{"@type":"EntryPoint","urlTemplate":"https:\/\/contadoreshoy.com\/?s={search_term_string}"},"query-input":{"@type":"PropertyValueSpecification","valueRequired":true,"valueName":"search_term_string"}}],"inLanguage":"es"},{"@type":"Organization","@id":"https:\/\/contadoreshoy.com\/#organization","name":"Contadores P\u00fablicos de Santander","url":"https:\/\/contadoreshoy.com\/","logo":{"@type":"ImageObject","inLanguage":"es","@id":"https:\/\/contadoreshoy.com\/#\/schema\/logo\/image\/","url":"https:\/\/contadoreshoy.com\/wp-content\/uploads\/2024\/01\/cropped-cropped-Copia-de-M-1.jpg","contentUrl":"https:\/\/contadoreshoy.com\/wp-content\/uploads\/2024\/01\/cropped-cropped-Copia-de-M-1.jpg","width":499,"height":500,"caption":"Contadores P\u00fablicos de Santander"},"image":{"@id":"https:\/\/contadoreshoy.com\/#\/schema\/logo\/image\/"},"sameAs":["https:\/\/www.facebook.com\/CCCPBucaramanga\/"]},{"@type":"Person","@id":"https:\/\/contadoreshoy.com\/#\/schema\/person\/96d8979cb865537c5dc9345e40089fc5","name":"Miguel Antonio M\u00e1rquez Monta\u00f1ez","description":"Contador P\u00fablico egresado de la Universidad Aut\u00f3noma de Bucaramanga - Asesor contable tributario con m\u00e1s de 25 a\u00f1os de experiencia - Conferencista en temas contables y tributarios - T\u00e9cnico en Hardware y Dise\u00f1o Web - Creador y director Grupo de Estudio Colegio Colombiano de Contadores P\u00fablicos de Bucaramanga - Creador y Master Web p\u00e1gina www.contadoresp\u00fablicossantander.com - Expresidente Colegio Colombiano de Contadores P\u00fablicos Bucaramanga","url":"https:\/\/contadoreshoy.com\/?author=1"}]}},"_links":{"self":[{"href":"https:\/\/contadoreshoy.com\/index.php?rest_route=\/wp\/v2\/posts\/6768","targetHints":{"allow":["GET"]}}],"collection":[{"href":"https:\/\/contadoreshoy.com\/index.php?rest_route=\/wp\/v2\/posts"}],"about":[{"href":"https:\/\/contadoreshoy.com\/index.php?rest_route=\/wp\/v2\/types\/post"}],"author":[{"embeddable":true,"href":"https:\/\/contadoreshoy.com\/index.php?rest_route=\/wp\/v2\/users\/1"}],"replies":[{"embeddable":true,"href":"https:\/\/contadoreshoy.com\/index.php?rest_route=%2Fwp%2Fv2%2Fcomments&post=6768"}],"version-history":[{"count":1,"href":"https:\/\/contadoreshoy.com\/index.php?rest_route=\/wp\/v2\/posts\/6768\/revisions"}],"predecessor-version":[{"id":7925,"href":"https:\/\/contadoreshoy.com\/index.php?rest_route=\/wp\/v2\/posts\/6768\/revisions\/7925"}],"wp:featuredmedia":[{"embeddable":true,"href":"https:\/\/contadoreshoy.com\/index.php?rest_route=\/wp\/v2\/media\/6226"}],"wp:attachment":[{"href":"https:\/\/contadoreshoy.com\/index.php?rest_route=%2Fwp%2Fv2%2Fmedia&parent=6768"}],"wp:term":[{"taxonomy":"category","embeddable":true,"href":"https:\/\/contadoreshoy.com\/index.php?rest_route=%2Fwp%2Fv2%2Fcategories&post=6768"},{"taxonomy":"post_tag","embeddable":true,"href":"https:\/\/contadoreshoy.com\/index.php?rest_route=%2Fwp%2Fv2%2Ftags&post=6768"}],"curies":[{"name":"wp","href":"https:\/\/api.w.org\/{rel}","templated":true}]}}