{"id":6787,"date":"2016-02-10T20:10:29","date_gmt":"2016-02-11T01:10:29","guid":{"rendered":"http:\/\/colegiocolombianodecontadores.com\/?p=6787"},"modified":"2017-02-04T21:59:24","modified_gmt":"2017-02-05T02:59:24","slug":"oficio-36950-diciembre-2015-dian-iva-en-cuentas-en-participacion","status":"publish","type":"post","link":"https:\/\/contadoreshoy.com\/?p=6787","title":{"rendered":"Oficio 36950 diciembre 2015 DIAN &#8211; IVA en cuentas en participaci\u00f3n"},"content":{"rendered":"<p style=\"text-align: center;\">OFICIO N\u00daMERO 036950 DE 2015\u00a0 DIAN<br \/>\n( diciembre 30)<\/p>\n<p style=\"text-align: justify;\">Subdirecci\u00f3n de Gesti\u00f3n Normativa y Doctrina<br \/>\nBogot\u00e1 D. C., 24 de diciembre de 2015<br \/>\n100208221-01649<\/p>\n<p style=\"text-align: justify;\">Se\u00f1or<br \/>\nJOHNNY ARMANDO JARAMILLO MONTOYA<br \/>\njjaramillo@goldenplatinocolombia.com jjaramillo71@hotmail.com Carrera 80A #32EE-72 Oficina 1009<br \/>\nMedell\u00edn \u2013 Antioquia<\/p>\n<p style=\"text-align: justify;\">Referencia: Radicado n\u00famero 031959 del 24 de noviembre de 2015<br \/>\nTema Impuesto a las ventas<br \/>\nDescriptores Responsables del Impuesto Sobre las Ventas &#8211; Cuentas en Participaci\u00f3n<br \/>\nFuentes formales Oficios n\u00fameros 012420 del 10 de febrero de 2006 y n\u00famero 099599 del 24 de noviembre de 2006.<\/p>\n<p style=\"text-align: justify;\">Cordial saludo, se\u00f1or Jaramillo:<\/p>\n<p style=\"text-align: justify;\">De conformidad con el art\u00edculo 20 del Decreto n\u00famero 4048 de 2008 es funci\u00f3n de esta Subdirecci\u00f3n absolver las consultas escritas que se formulen sobre la interpretaci\u00f3n y aplicaci\u00f3n de las normas tributarias de car\u00e1cter nacional, aduaneras y cambiarias en lo de competencia de la Entidad.<\/p>\n<p style=\"text-align: justify;\">Mediante el radicado de la referencia<span style=\"color: #0000ff;\"> consulta si se genera el impuesto sobre las ventas entre quienes suscriben un contrato de cuentas en participaci\u00f3n, enumerando para el caso una serie de hip\u00f3tesis en desarrollo de la explotaci\u00f3n artesanal e industrial de oro y su comercializaci\u00f3n.<\/span><\/p>\n<p style=\"text-align: justify;\">Sobre el particular, mediante Oficio n\u00famero 012420 del 10 de febrero de 2006 la Administraci\u00f3n Tributaria manifest\u00f3:<\/p>\n<p style=\"text-align: justify;\"><span style=\"color: #ff9900;\">\u201c(\u2026) la celebraci\u00f3n de un contrato de colaboraci\u00f3n no implica la causaci\u00f3n de este impuesto. En este tipo de contratos el objeto es la colaboraci\u00f3n de las partes mediante el aporte de recursos en dinero o en especie con el fin de alcanzar los cometidos propuestos, objeto que no corresponde al hecho generador del IVA a que se refieren los art\u00edculos 420 y siguientes del Estatuto Tributario.<\/span><\/p>\n<p style=\"text-align: justify;\">No obstante lo anterior, si en la ejecuci\u00f3n del convenio uno de los part\u00edcipes est\u00e1 realizando actividades gravadas con el IVA, bien sea respecto de uno de los asociados o respecto de terceros, como es la venta de bienes o la prestaci\u00f3n de servicios, se causa el impuesto sobre las ventas. (\u2026)\u201d ( negrilla fuera de texto ). Asimismo, en Oficio Tributario n\u00famero 099599 del 24 de noviembre de 2006 se indic\u00f3:<\/p>\n<p style=\"text-align: justify;\">\u201cAl ser el contrato de cuentas en participaci\u00f3n una forma de colaboraci\u00f3n es aplicable lo se\u00f1alado en el Concepto n\u00famero 041483 de 2004 que se\u00f1ala:<br \/>\n\u2018(\u2026)<\/p>\n<p style=\"text-align: justify;\"><span style=\"color: #ff9900;\">(\u2026) las cuentas en participaci\u00f3n constituye un contrato de colaboraci\u00f3n de car\u00e1cter privado, suscrito entre dos o m\u00e1s personas naturales o jur\u00eddicas, una de las cuales asume el papel de gestor y es quien realiza por su cuenta y riesgo el negocio convenido y por tanto la \u00fanica persona visible ante terceros.<\/span><\/p>\n<p style=\"text-align: justify;\">Desde el punto de vista fiscal, la Administraci\u00f3n Tributaria es un tercero m\u00e1s y por tanto no ajeno a la regla comercial.<\/p>\n<p style=\"text-align: justify;\">El art\u00edculo 2\u00b0 del Estatuto Tributario, dice que son contribuyentes o responsables directos del pago del tributo los sujetos respecto de quienes se realiza el hecho generador de la obligaci\u00f3n sustancial. Como se ha visto, <strong><span style=\"color: #ff6600;\">en esta clase de contrato es el gestor quien realiza a su nombre, por su cuenta y riesgo el negocio convenido, por tanto es quien adquiere la calidad de sujeto pasivo de las obligaciones tributarias derivadas de tales hechos (\u2026)\u2019.<\/span><\/strong><\/p>\n<p style=\"text-align: justify;\"><strong><span style=\"color: #ff6600;\">De esta manera al asimilarse a un contrato de colaboraci\u00f3n privado, los aportes entre los colaboradores para el desarrollo del objeto del contrato no generan IVA<\/span><\/strong>. No obstante, los servicios si bien pueden constituir el aporte, se encuentran gravados cuando en desarrollo del contrato son prestados a terceros, pues no de otra forma se puede realizar este. T\u00e9ngase en cuenta que para que se cause el IVA en los servicios, estos deben ser prestados a terceros en los t\u00e9rminos del art\u00edculo 1\u00b0 del Decreto n\u00famero 1372 de 1992.\u201d ( Negrilla fuera de texto ).<\/p>\n<p style=\"text-align: justify;\">De otra parte, solicita pronunciamiento en torno a la validez de una minuta de un contrato de cuentas en participaci\u00f3n, sobre lo cual es preciso recordar que la competencia de este Despacho se circunscribe, entre otras funciones, a \u201cabsolver las consultas escritas que se formulen sobre interpretaci\u00f3n y aplicaci\u00f3n de las normas tributarias nacionales\u201d, motivo por el cual no resulta viable atender dicha petici\u00f3n.<\/p>\n<p style=\"text-align: justify;\">En los anteriores t\u00e9rminos se resuelve su solicitud y cordialmente le informamos que tanto la normatividad en materia tributaria, aduanera y cambiaria, como los conceptos emitidos por la Direcci\u00f3n de Gesti\u00f3n Jur\u00eddica en estas materias pueden consultarse directamente en nuestras bases de datos jur\u00eddica ingresando a la p\u00e1gina electr\u00f3nica de la DIAN: www. dian.gov.co siguiendo los iconos: \u201cNormatividad\u201d &#8211; \u201ct\u00e9cnica\u201d y seleccionando \u201cDoctrina\u201d y Direcci\u00f3n Gesti\u00f3n Jur\u00eddica.<\/p>\n<p style=\"text-align: justify;\">Atentamente,<\/p>\n<p style=\"text-align: justify;\">El Subdirector de Gesti\u00f3n Normativa y Doctrina (e),<br \/>\nPedro Pablo Contreras Camargo.<br \/>\n( C. F. ).<\/p>\n","protected":false},"excerpt":{"rendered":"<p>El contrato de cuentas en participaci\u00f3n al asimilarse a un contrato de colaboraci\u00f3n privado, los aportes entre los colaboradores para el desarrollo del objeto del contrato no generan IVA.<\/p>\n","protected":false},"author":1,"featured_media":6837,"comment_status":"open","ping_status":"open","sticky":false,"template":"","format":"standard","meta":{"_monsterinsights_skip_tracking":false,"ngg_post_thumbnail":0,"footnotes":"","_links_to":"","_links_to_target":""},"categories":[454],"tags":[],"class_list":["post-6787","post","type-post","status-publish","format-standard","has-post-thumbnail","hentry","category-sin-categoria"],"aioseo_notices":[],"aioseo_head":"\n\t\t<!-- All in One SEO 5.0.1.1 - aioseo.com -->\n\t<meta name=\"description\" content=\"El contrato de cuentas en participaci\u00f3n al asimilarse a un contrato de colaboraci\u00f3n privado, los aportes entre los colaboradores para el desarrollo del objeto del contrato no generan IVA.\" \/>\n\t<meta name=\"robots\" content=\"max-image-preview:large\" \/>\n\t<meta name=\"author\" content=\"Miguel Antonio M\u00e1rquez Monta\u00f1ez\"\/>\n\t<link rel=\"canonical\" href=\"https:\/\/contadoreshoy.com\/?p=6787\" \/>\n\t<meta name=\"generator\" content=\"All in One SEO (AIOSEO) 5.0.1.1\" \/>\n\t\t<meta property=\"og:locale\" content=\"es_ES\" \/>\n\t\t<meta property=\"og:site_name\" content=\"Contadores P\u00fablicos - Portal para Contadores P\u00fablicos y empresarios\" \/>\n\t\t<meta property=\"og:type\" content=\"article\" \/>\n\t\t<meta property=\"og:title\" content=\"Oficio 36950 diciembre 2015 DIAN \u2013 IVA en cuentas en participaci\u00f3n - Contadores P\u00fablicos\" \/>\n\t\t<meta property=\"og:description\" content=\"El contrato de cuentas en participaci\u00f3n al asimilarse a un contrato de colaboraci\u00f3n privado, los aportes entre los colaboradores para el desarrollo del objeto del contrato no generan IVA.\" \/>\n\t\t<meta property=\"og:url\" content=\"https:\/\/contadoreshoy.com\/?p=6787\" \/>\n\t\t<meta property=\"og:image\" content=\"https:\/\/contadoreshoy.com\/wp-content\/uploads\/2024\/01\/cropped-cropped-cropped-Copia-de-M.jpg\" \/>\n\t\t<meta property=\"og:image:secure_url\" content=\"https:\/\/contadoreshoy.com\/wp-content\/uploads\/2024\/01\/cropped-cropped-cropped-Copia-de-M.jpg\" \/>\n\t\t<meta property=\"og:image:width\" content=\"512\" \/>\n\t\t<meta property=\"og:image:height\" content=\"371\" \/>\n\t\t<meta property=\"article:published_time\" content=\"2016-02-11T01:10:29+00:00\" \/>\n\t\t<meta property=\"article:modified_time\" content=\"2017-02-05T02:59:24+00:00\" \/>\n\t\t<meta name=\"twitter:card\" content=\"summary_large_image\" \/>\n\t\t<meta name=\"twitter:title\" content=\"Oficio 36950 diciembre 2015 DIAN \u2013 IVA en cuentas en participaci\u00f3n - Contadores P\u00fablicos\" \/>\n\t\t<meta name=\"twitter:description\" content=\"El contrato de cuentas en participaci\u00f3n al asimilarse a un contrato de colaboraci\u00f3n privado, los aportes entre los colaboradores para el desarrollo del objeto del contrato no generan IVA.\" \/>\n\t\t<meta name=\"twitter:image\" content=\"https:\/\/contadoreshoy.com\/wp-content\/uploads\/2024\/01\/cropped-cropped-cropped-Copia-de-M.jpg\" \/>\n\t\t<script type=\"application\/ld+json\" class=\"aioseo-schema\">\n\t\t\t{\"@context\":\"https:\\\/\\\/schema.org\",\"@graph\":[{\"@type\":\"BlogPosting\",\"@id\":\"https:\\\/\\\/contadoreshoy.com\\\/?p=6787#blogposting\",\"name\":\"Oficio 36950 diciembre 2015 DIAN \\u2013 IVA en cuentas en participaci\\u00f3n - Contadores P\\u00fablicos\",\"headline\":\"Oficio 36950 diciembre 2015 DIAN &#8211; IVA en cuentas en participaci\\u00f3n\",\"author\":{\"@id\":\"https:\\\/\\\/contadoreshoy.com\\\/?author=1#author\"},\"publisher\":{\"@id\":\"https:\\\/\\\/contadoreshoy.com\\\/#organization\"},\"image\":{\"@type\":\"ImageObject\",\"url\":\"https:\\\/\\\/contadoreshoy.com\\\/wp-content\\\/uploads\\\/2016\\\/02\\\/Cuentas-en-participaci\\u00f3n.jpg\",\"width\":600,\"height\":400},\"datePublished\":\"2016-02-10T20:10:29-05:00\",\"dateModified\":\"2017-02-04T21:59:24-05:00\",\"inLanguage\":\"es-ES\",\"mainEntityOfPage\":{\"@id\":\"https:\\\/\\\/contadoreshoy.com\\\/?p=6787#webpage\"},\"isPartOf\":{\"@id\":\"https:\\\/\\\/contadoreshoy.com\\\/?p=6787#webpage\"},\"articleSection\":\"Sin categor\\u00eda\"},{\"@type\":\"BreadcrumbList\",\"@id\":\"https:\\\/\\\/contadoreshoy.com\\\/?p=6787#breadcrumblist\",\"itemListElement\":[{\"@type\":\"ListItem\",\"@id\":\"https:\\\/\\\/contadoreshoy.com#listItem\",\"position\":1,\"name\":\"Home\",\"item\":\"https:\\\/\\\/contadoreshoy.com\",\"nextItem\":{\"@type\":\"ListItem\",\"@id\":\"https:\\\/\\\/contadoreshoy.com\\\/?cat=454#listItem\",\"name\":\"Sin categor\\u00eda\"}},{\"@type\":\"ListItem\",\"@id\":\"https:\\\/\\\/contadoreshoy.com\\\/?cat=454#listItem\",\"position\":2,\"name\":\"Sin categor\\u00eda\",\"item\":\"https:\\\/\\\/contadoreshoy.com\\\/?cat=454\",\"nextItem\":{\"@type\":\"ListItem\",\"@id\":\"https:\\\/\\\/contadoreshoy.com\\\/?p=6787#listItem\",\"name\":\"Oficio 36950 diciembre 2015 DIAN &#8211; IVA en cuentas en participaci\\u00f3n\"},\"previousItem\":{\"@type\":\"ListItem\",\"@id\":\"https:\\\/\\\/contadoreshoy.com#listItem\",\"name\":\"Home\"}},{\"@type\":\"ListItem\",\"@id\":\"https:\\\/\\\/contadoreshoy.com\\\/?p=6787#listItem\",\"position\":3,\"name\":\"Oficio 36950 diciembre 2015 DIAN &#8211; IVA en cuentas en participaci\\u00f3n\",\"previousItem\":{\"@type\":\"ListItem\",\"@id\":\"https:\\\/\\\/contadoreshoy.com\\\/?cat=454#listItem\",\"name\":\"Sin categor\\u00eda\"}}]},{\"@type\":\"Organization\",\"@id\":\"https:\\\/\\\/contadoreshoy.com\\\/#organization\",\"name\":\"Contadores P\\u00fablicos\",\"description\":\"Portal para Contadores P\\u00fablicos y empresarios\",\"url\":\"https:\\\/\\\/contadoreshoy.com\\\/\",\"logo\":{\"@type\":\"ImageObject\",\"url\":\"https:\\\/\\\/contadoreshoy.com\\\/wp-content\\\/uploads\\\/2024\\\/01\\\/cropped-cropped-Copia-de-M-1.jpg\",\"@id\":\"https:\\\/\\\/contadoreshoy.com\\\/?p=6787\\\/#organizationLogo\",\"width\":499,\"height\":500},\"image\":{\"@id\":\"https:\\\/\\\/contadoreshoy.com\\\/?p=6787\\\/#organizationLogo\"}},{\"@type\":\"Person\",\"@id\":\"https:\\\/\\\/contadoreshoy.com\\\/?author=1#author\",\"url\":\"https:\\\/\\\/contadoreshoy.com\\\/?author=1\",\"name\":\"Miguel Antonio M\\u00e1rquez Monta\\u00f1ez\"},{\"@type\":\"WebPage\",\"@id\":\"https:\\\/\\\/contadoreshoy.com\\\/?p=6787#webpage\",\"url\":\"https:\\\/\\\/contadoreshoy.com\\\/?p=6787\",\"name\":\"Oficio 36950 diciembre 2015 DIAN \\u2013 IVA en cuentas en participaci\\u00f3n - Contadores P\\u00fablicos\",\"description\":\"El contrato de cuentas en participaci\\u00f3n al asimilarse a un contrato de colaboraci\\u00f3n privado, los aportes entre los colaboradores para el desarrollo del objeto del contrato no generan IVA.\",\"inLanguage\":\"es-ES\",\"isPartOf\":{\"@id\":\"https:\\\/\\\/contadoreshoy.com\\\/#website\"},\"breadcrumb\":{\"@id\":\"https:\\\/\\\/contadoreshoy.com\\\/?p=6787#breadcrumblist\"},\"author\":{\"@id\":\"https:\\\/\\\/contadoreshoy.com\\\/?author=1#author\"},\"creator\":{\"@id\":\"https:\\\/\\\/contadoreshoy.com\\\/?author=1#author\"},\"image\":{\"@type\":\"ImageObject\",\"url\":\"https:\\\/\\\/contadoreshoy.com\\\/wp-content\\\/uploads\\\/2016\\\/02\\\/Cuentas-en-participaci\\u00f3n.jpg\",\"@id\":\"https:\\\/\\\/contadoreshoy.com\\\/?p=6787\\\/#mainImage\",\"width\":600,\"height\":400},\"primaryImageOfPage\":{\"@id\":\"https:\\\/\\\/contadoreshoy.com\\\/?p=6787#mainImage\"},\"datePublished\":\"2016-02-10T20:10:29-05:00\",\"dateModified\":\"2017-02-04T21:59:24-05:00\"},{\"@type\":\"WebSite\",\"@id\":\"https:\\\/\\\/contadoreshoy.com\\\/#website\",\"url\":\"https:\\\/\\\/contadoreshoy.com\\\/\",\"name\":\"Contadores P\\u00fablicos\",\"description\":\"Portal para Contadores P\\u00fablicos y empresarios\",\"inLanguage\":\"es-ES\",\"publisher\":{\"@id\":\"https:\\\/\\\/contadoreshoy.com\\\/#organization\"}}]}\n\t\t<\/script>\n\t\t<!-- All in One SEO -->\n\n","aioseo_head_json":{"title":"Oficio 36950 diciembre 2015 DIAN \u2013 IVA en cuentas en participaci\u00f3n - Contadores P\u00fablicos","description":"El contrato de cuentas en participaci\u00f3n al asimilarse a un contrato de colaboraci\u00f3n privado, los aportes entre los colaboradores para el desarrollo del objeto del contrato no generan IVA.","canonical_url":"https:\/\/contadoreshoy.com\/?p=6787","robots":"max-image-preview:large","keywords":"","webmasterTools":{"miscellaneous":""},"schema":{"@context":"https:\/\/schema.org","@graph":[{"@type":"BlogPosting","@id":"https:\/\/contadoreshoy.com\/?p=6787#blogposting","name":"Oficio 36950 diciembre 2015 DIAN \u2013 IVA en cuentas en participaci\u00f3n - Contadores P\u00fablicos","headline":"Oficio 36950 diciembre 2015 DIAN &#8211; IVA en cuentas en participaci\u00f3n","author":{"@id":"https:\/\/contadoreshoy.com\/?author=1#author"},"publisher":{"@id":"https:\/\/contadoreshoy.com\/#organization"},"image":{"@type":"ImageObject","url":"https:\/\/contadoreshoy.com\/wp-content\/uploads\/2016\/02\/Cuentas-en-participaci\u00f3n.jpg","width":600,"height":400},"datePublished":"2016-02-10T20:10:29-05:00","dateModified":"2017-02-04T21:59:24-05:00","inLanguage":"es-ES","mainEntityOfPage":{"@id":"https:\/\/contadoreshoy.com\/?p=6787#webpage"},"isPartOf":{"@id":"https:\/\/contadoreshoy.com\/?p=6787#webpage"},"articleSection":"Sin categor\u00eda"},{"@type":"BreadcrumbList","@id":"https:\/\/contadoreshoy.com\/?p=6787#breadcrumblist","itemListElement":[{"@type":"ListItem","@id":"https:\/\/contadoreshoy.com#listItem","position":1,"name":"Home","item":"https:\/\/contadoreshoy.com","nextItem":{"@type":"ListItem","@id":"https:\/\/contadoreshoy.com\/?cat=454#listItem","name":"Sin categor\u00eda"}},{"@type":"ListItem","@id":"https:\/\/contadoreshoy.com\/?cat=454#listItem","position":2,"name":"Sin categor\u00eda","item":"https:\/\/contadoreshoy.com\/?cat=454","nextItem":{"@type":"ListItem","@id":"https:\/\/contadoreshoy.com\/?p=6787#listItem","name":"Oficio 36950 diciembre 2015 DIAN &#8211; IVA en cuentas en participaci\u00f3n"},"previousItem":{"@type":"ListItem","@id":"https:\/\/contadoreshoy.com#listItem","name":"Home"}},{"@type":"ListItem","@id":"https:\/\/contadoreshoy.com\/?p=6787#listItem","position":3,"name":"Oficio 36950 diciembre 2015 DIAN &#8211; IVA en cuentas en participaci\u00f3n","previousItem":{"@type":"ListItem","@id":"https:\/\/contadoreshoy.com\/?cat=454#listItem","name":"Sin categor\u00eda"}}]},{"@type":"Organization","@id":"https:\/\/contadoreshoy.com\/#organization","name":"Contadores P\u00fablicos","description":"Portal para Contadores P\u00fablicos y empresarios","url":"https:\/\/contadoreshoy.com\/","logo":{"@type":"ImageObject","url":"https:\/\/contadoreshoy.com\/wp-content\/uploads\/2024\/01\/cropped-cropped-Copia-de-M-1.jpg","@id":"https:\/\/contadoreshoy.com\/?p=6787\/#organizationLogo","width":499,"height":500},"image":{"@id":"https:\/\/contadoreshoy.com\/?p=6787\/#organizationLogo"}},{"@type":"Person","@id":"https:\/\/contadoreshoy.com\/?author=1#author","url":"https:\/\/contadoreshoy.com\/?author=1","name":"Miguel Antonio M\u00e1rquez Monta\u00f1ez"},{"@type":"WebPage","@id":"https:\/\/contadoreshoy.com\/?p=6787#webpage","url":"https:\/\/contadoreshoy.com\/?p=6787","name":"Oficio 36950 diciembre 2015 DIAN \u2013 IVA en cuentas en participaci\u00f3n - Contadores P\u00fablicos","description":"El contrato de cuentas en participaci\u00f3n al asimilarse a un contrato de colaboraci\u00f3n privado, los aportes entre los colaboradores para el desarrollo del objeto del contrato no generan IVA.","inLanguage":"es-ES","isPartOf":{"@id":"https:\/\/contadoreshoy.com\/#website"},"breadcrumb":{"@id":"https:\/\/contadoreshoy.com\/?p=6787#breadcrumblist"},"author":{"@id":"https:\/\/contadoreshoy.com\/?author=1#author"},"creator":{"@id":"https:\/\/contadoreshoy.com\/?author=1#author"},"image":{"@type":"ImageObject","url":"https:\/\/contadoreshoy.com\/wp-content\/uploads\/2016\/02\/Cuentas-en-participaci\u00f3n.jpg","@id":"https:\/\/contadoreshoy.com\/?p=6787\/#mainImage","width":600,"height":400},"primaryImageOfPage":{"@id":"https:\/\/contadoreshoy.com\/?p=6787#mainImage"},"datePublished":"2016-02-10T20:10:29-05:00","dateModified":"2017-02-04T21:59:24-05:00"},{"@type":"WebSite","@id":"https:\/\/contadoreshoy.com\/#website","url":"https:\/\/contadoreshoy.com\/","name":"Contadores P\u00fablicos","description":"Portal para Contadores P\u00fablicos y empresarios","inLanguage":"es-ES","publisher":{"@id":"https:\/\/contadoreshoy.com\/#organization"}}]},"og:locale":"es_ES","og:site_name":"Contadores P\u00fablicos - Portal para Contadores P\u00fablicos y empresarios","og:type":"article","og:title":"Oficio 36950 diciembre 2015 DIAN \u2013 IVA en cuentas en participaci\u00f3n - Contadores P\u00fablicos","og:description":"El contrato de cuentas en participaci\u00f3n al asimilarse a un contrato de colaboraci\u00f3n privado, los aportes entre los colaboradores para el desarrollo del objeto del contrato no generan IVA.","og:url":"https:\/\/contadoreshoy.com\/?p=6787","og:image":"https:\/\/contadoreshoy.com\/wp-content\/uploads\/2024\/01\/cropped-cropped-cropped-Copia-de-M.jpg","og:image:secure_url":"https:\/\/contadoreshoy.com\/wp-content\/uploads\/2024\/01\/cropped-cropped-cropped-Copia-de-M.jpg","og:image:width":512,"og:image:height":371,"article:published_time":"2016-02-11T01:10:29+00:00","article:modified_time":"2017-02-05T02:59:24+00:00","twitter:card":"summary_large_image","twitter:title":"Oficio 36950 diciembre 2015 DIAN \u2013 IVA en cuentas en participaci\u00f3n - Contadores P\u00fablicos","twitter:description":"El contrato de cuentas en participaci\u00f3n al asimilarse a un contrato de colaboraci\u00f3n privado, los aportes entre los colaboradores para el desarrollo del objeto del contrato no generan IVA.","twitter:image":"https:\/\/contadoreshoy.com\/wp-content\/uploads\/2024\/01\/cropped-cropped-cropped-Copia-de-M.jpg"},"aioseo_meta_data":{"post_id":"6787","title":null,"description":null,"keywords":null,"keyphrases":null,"primary_term":null,"canonical_url":null,"og_title":null,"og_description":null,"og_object_type":"default","og_image_type":"default","og_image_url":null,"og_image_width":null,"og_image_height":null,"og_image_custom_url":null,"og_image_custom_fields":null,"og_video":null,"og_custom_url":null,"og_article_section":null,"og_article_tags":null,"twitter_use_og":false,"twitter_card":"default","twitter_image_type":"default","twitter_image_url":null,"twitter_image_custom_url":null,"twitter_image_custom_fields":null,"twitter_title":null,"twitter_description":null,"schema":{"blockGraphs":[],"customGraphs":[],"default":{"data":{"Article":[],"Course":[],"Dataset":[],"FAQPage":[],"Movie":[],"Person":[],"Product":[],"ProductReview":[],"Car":[],"Recipe":[],"Service":[],"SoftwareApplication":[],"WebPage":[]},"graphName":"","isEnabled":true},"graphs":[]},"schema_type":"default","schema_type_options":null,"pillar_content":false,"robots_default":true,"robots_noindex":false,"robots_noarchive":false,"robots_nosnippet":false,"robots_nofollow":false,"robots_noimageindex":false,"robots_noodp":false,"robots_notranslate":false,"robots_max_snippet":null,"robots_max_videopreview":null,"robots_max_imagepreview":"large","priority":null,"frequency":null,"local_seo":null,"breadcrumb_settings":null,"limit_modified_date":false,"ai":null,"created":"2024-03-05 01:30:36","updated":"2026-03-03 04:46:55","seo_analyzer_scan_date":null,"focus_keyword":null,"additional_keywords":null,"truseo_locale":null},"aioseo_breadcrumb":"<div class=\"aioseo-breadcrumbs\"><span class=\"aioseo-breadcrumb\">\n\t\t\t<a href=\"https:\/\/contadoreshoy.com\" title=\"Home\">Home<\/a>\n\t\t<\/span><span class=\"aioseo-breadcrumb-separator\">&raquo;<\/span><span class=\"aioseo-breadcrumb\">\n\t\t\t<a href=\"https:\/\/contadoreshoy.com\/?cat=454\" title=\"Sin categor\u00eda\">Sin categor\u00eda<\/a>\n\t\t<\/span><span class=\"aioseo-breadcrumb-separator\">&raquo;<\/span><span class=\"aioseo-breadcrumb\">\n\t\t\tOficio 36950 diciembre 2015 DIAN \u2013 IVA en cuentas en participaci\u00f3n\n\t\t<\/span><\/div>","aioseo_breadcrumb_json":[{"label":"Home","link":"https:\/\/contadoreshoy.com"},{"label":"Sin categor\u00eda","link":"https:\/\/contadoreshoy.com\/?cat=454"},{"label":"Oficio 36950 diciembre 2015 DIAN &#8211; IVA en cuentas en participaci\u00f3n","link":"https:\/\/contadoreshoy.com\/?p=6787"}],"yoast_head":"<!-- This site is optimized with the Yoast SEO plugin v28.4 - https:\/\/yoast.com\/product\/yoast-seo-wordpress\/ -->\n<title>Oficio 36950 diciembre 2015 DIAN - IVA en cuentas en participaci\u00f3n - Contadores P\u00fablicos<\/title>\n<meta name=\"robots\" content=\"index, follow, max-snippet:-1, max-image-preview:large, max-video-preview:-1\" \/>\n<link rel=\"canonical\" href=\"https:\/\/contadoreshoy.com\/?p=6787\" \/>\n<meta property=\"og:locale\" content=\"es_ES\" \/>\n<meta property=\"og:type\" content=\"article\" \/>\n<meta property=\"og:title\" content=\"Oficio 36950 diciembre 2015 DIAN - IVA en cuentas en participaci\u00f3n - Contadores P\u00fablicos\" \/>\n<meta property=\"og:description\" content=\"El contrato de cuentas en participaci\u00f3n al asimilarse a un contrato de colaboraci\u00f3n privado, los aportes entre los colaboradores para el desarrollo del objeto del contrato no generan IVA.\" \/>\n<meta property=\"og:url\" content=\"https:\/\/contadoreshoy.com\/?p=6787\" \/>\n<meta property=\"og:site_name\" content=\"Contadores P\u00fablicos\" \/>\n<meta property=\"article:publisher\" content=\"https:\/\/www.facebook.com\/CCCPBucaramanga\/\" \/>\n<meta property=\"article:published_time\" content=\"2016-02-11T01:10:29+00:00\" \/>\n<meta property=\"article:modified_time\" content=\"2017-02-05T02:59:24+00:00\" \/>\n<meta property=\"og:image\" content=\"https:\/\/contadoreshoy.com\/wp-content\/uploads\/2016\/02\/Cuentas-en-participaci\u00f3n.jpg\" \/>\n\t<meta property=\"og:image:width\" content=\"600\" \/>\n\t<meta property=\"og:image:height\" content=\"400\" \/>\n\t<meta property=\"og:image:type\" content=\"image\/jpeg\" \/>\n<meta name=\"author\" content=\"Miguel Antonio M\u00e1rquez Monta\u00f1ez\" \/>\n<meta name=\"twitter:card\" content=\"summary_large_image\" \/>\n<meta name=\"twitter:label1\" content=\"Escrito por\" \/>\n\t<meta name=\"twitter:data1\" content=\"Miguel Antonio M\u00e1rquez Monta\u00f1ez\" \/>\n\t<meta name=\"twitter:label2\" content=\"Tiempo de lectura\" \/>\n\t<meta name=\"twitter:data2\" content=\"4 minutos\" \/>\n<script type=\"application\/ld+json\" class=\"yoast-schema-graph\">{\"@context\":\"https:\\\/\\\/schema.org\",\"@graph\":[{\"@type\":\"Article\",\"@id\":\"https:\\\/\\\/contadoreshoy.com\\\/?p=6787#article\",\"isPartOf\":{\"@id\":\"https:\\\/\\\/contadoreshoy.com\\\/?p=6787\"},\"author\":{\"name\":\"Miguel Antonio M\u00e1rquez Monta\u00f1ez\",\"@id\":\"https:\\\/\\\/contadoreshoy.com\\\/#\\\/schema\\\/person\\\/96d8979cb865537c5dc9345e40089fc5\"},\"headline\":\"Oficio 36950 diciembre 2015 DIAN &#8211; IVA en cuentas en participaci\u00f3n\",\"datePublished\":\"2016-02-11T01:10:29+00:00\",\"dateModified\":\"2017-02-05T02:59:24+00:00\",\"mainEntityOfPage\":{\"@id\":\"https:\\\/\\\/contadoreshoy.com\\\/?p=6787\"},\"wordCount\":792,\"commentCount\":0,\"publisher\":{\"@id\":\"https:\\\/\\\/contadoreshoy.com\\\/#organization\"},\"image\":{\"@id\":\"https:\\\/\\\/contadoreshoy.com\\\/?p=6787#primaryimage\"},\"thumbnailUrl\":\"https:\\\/\\\/contadoreshoy.com\\\/wp-content\\\/uploads\\\/2016\\\/02\\\/Cuentas-en-participaci\u00f3n.jpg\",\"inLanguage\":\"es\",\"potentialAction\":[{\"@type\":\"CommentAction\",\"name\":\"Comment\",\"target\":[\"https:\\\/\\\/contadoreshoy.com\\\/?p=6787#respond\"]}]},{\"@type\":\"WebPage\",\"@id\":\"https:\\\/\\\/contadoreshoy.com\\\/?p=6787\",\"url\":\"https:\\\/\\\/contadoreshoy.com\\\/?p=6787\",\"name\":\"Oficio 36950 diciembre 2015 DIAN - IVA en cuentas en participaci\u00f3n - Contadores P\u00fablicos\",\"isPartOf\":{\"@id\":\"https:\\\/\\\/contadoreshoy.com\\\/#website\"},\"primaryImageOfPage\":{\"@id\":\"https:\\\/\\\/contadoreshoy.com\\\/?p=6787#primaryimage\"},\"image\":{\"@id\":\"https:\\\/\\\/contadoreshoy.com\\\/?p=6787#primaryimage\"},\"thumbnailUrl\":\"https:\\\/\\\/contadoreshoy.com\\\/wp-content\\\/uploads\\\/2016\\\/02\\\/Cuentas-en-participaci\u00f3n.jpg\",\"datePublished\":\"2016-02-11T01:10:29+00:00\",\"dateModified\":\"2017-02-05T02:59:24+00:00\",\"breadcrumb\":{\"@id\":\"https:\\\/\\\/contadoreshoy.com\\\/?p=6787#breadcrumb\"},\"inLanguage\":\"es\",\"potentialAction\":[{\"@type\":\"ReadAction\",\"target\":[\"https:\\\/\\\/contadoreshoy.com\\\/?p=6787\"]}]},{\"@type\":\"ImageObject\",\"inLanguage\":\"es\",\"@id\":\"https:\\\/\\\/contadoreshoy.com\\\/?p=6787#primaryimage\",\"url\":\"https:\\\/\\\/contadoreshoy.com\\\/wp-content\\\/uploads\\\/2016\\\/02\\\/Cuentas-en-participaci\u00f3n.jpg\",\"contentUrl\":\"https:\\\/\\\/contadoreshoy.com\\\/wp-content\\\/uploads\\\/2016\\\/02\\\/Cuentas-en-participaci\u00f3n.jpg\",\"width\":600,\"height\":400},{\"@type\":\"BreadcrumbList\",\"@id\":\"https:\\\/\\\/contadoreshoy.com\\\/?p=6787#breadcrumb\",\"itemListElement\":[{\"@type\":\"ListItem\",\"position\":1,\"name\":\"Portada\",\"item\":\"https:\\\/\\\/contadoreshoy.com\\\/\"},{\"@type\":\"ListItem\",\"position\":2,\"name\":\"Oficio 36950 diciembre 2015 DIAN &#8211; IVA en cuentas en participaci\u00f3n\"}]},{\"@type\":\"WebSite\",\"@id\":\"https:\\\/\\\/contadoreshoy.com\\\/#website\",\"url\":\"https:\\\/\\\/contadoreshoy.com\\\/\",\"name\":\"Contadorespublicossantander\",\"description\":\"Portal para Contadores P\u00fablicos y empresarios\",\"publisher\":{\"@id\":\"https:\\\/\\\/contadoreshoy.com\\\/#organization\"},\"potentialAction\":[{\"@type\":\"SearchAction\",\"target\":{\"@type\":\"EntryPoint\",\"urlTemplate\":\"https:\\\/\\\/contadoreshoy.com\\\/?s={search_term_string}\"},\"query-input\":{\"@type\":\"PropertyValueSpecification\",\"valueRequired\":true,\"valueName\":\"search_term_string\"}}],\"inLanguage\":\"es\"},{\"@type\":\"Organization\",\"@id\":\"https:\\\/\\\/contadoreshoy.com\\\/#organization\",\"name\":\"Contadores P\u00fablicos de Santander\",\"url\":\"https:\\\/\\\/contadoreshoy.com\\\/\",\"logo\":{\"@type\":\"ImageObject\",\"inLanguage\":\"es\",\"@id\":\"https:\\\/\\\/contadoreshoy.com\\\/#\\\/schema\\\/logo\\\/image\\\/\",\"url\":\"https:\\\/\\\/contadoreshoy.com\\\/wp-content\\\/uploads\\\/2024\\\/01\\\/cropped-cropped-Copia-de-M-1.jpg\",\"contentUrl\":\"https:\\\/\\\/contadoreshoy.com\\\/wp-content\\\/uploads\\\/2024\\\/01\\\/cropped-cropped-Copia-de-M-1.jpg\",\"width\":499,\"height\":500,\"caption\":\"Contadores P\u00fablicos de Santander\"},\"image\":{\"@id\":\"https:\\\/\\\/contadoreshoy.com\\\/#\\\/schema\\\/logo\\\/image\\\/\"},\"sameAs\":[\"https:\\\/\\\/www.facebook.com\\\/CCCPBucaramanga\\\/\"]},{\"@type\":\"Person\",\"@id\":\"https:\\\/\\\/contadoreshoy.com\\\/#\\\/schema\\\/person\\\/96d8979cb865537c5dc9345e40089fc5\",\"name\":\"Miguel Antonio M\u00e1rquez Monta\u00f1ez\",\"description\":\"Contador P\u00fablico egresado de la Universidad Aut\u00f3noma de Bucaramanga - Asesor contable tributario con m\u00e1s de 25 a\u00f1os de experiencia - Conferencista en temas contables y tributarios - T\u00e9cnico en Hardware y Dise\u00f1o Web - Creador y director Grupo de Estudio Colegio Colombiano de Contadores P\u00fablicos de Bucaramanga - Creador y Master Web p\u00e1gina www.contadoresp\u00fablicossantander.com - Expresidente Colegio Colombiano de Contadores P\u00fablicos Bucaramanga\",\"url\":\"https:\\\/\\\/contadoreshoy.com\\\/?author=1\"}]}<\/script>\n<!-- \/ Yoast SEO plugin. -->","yoast_head_json":{"title":"Oficio 36950 diciembre 2015 DIAN - IVA en cuentas en participaci\u00f3n - Contadores P\u00fablicos","robots":{"index":"index","follow":"follow","max-snippet":"max-snippet:-1","max-image-preview":"max-image-preview:large","max-video-preview":"max-video-preview:-1"},"canonical":"https:\/\/contadoreshoy.com\/?p=6787","og_locale":"es_ES","og_type":"article","og_title":"Oficio 36950 diciembre 2015 DIAN - IVA en cuentas en participaci\u00f3n - Contadores P\u00fablicos","og_description":"El contrato de cuentas en participaci\u00f3n al asimilarse a un contrato de colaboraci\u00f3n privado, los aportes entre los colaboradores para el desarrollo del objeto del contrato no generan IVA.","og_url":"https:\/\/contadoreshoy.com\/?p=6787","og_site_name":"Contadores P\u00fablicos","article_publisher":"https:\/\/www.facebook.com\/CCCPBucaramanga\/","article_published_time":"2016-02-11T01:10:29+00:00","article_modified_time":"2017-02-05T02:59:24+00:00","og_image":[{"width":600,"height":400,"url":"https:\/\/contadoreshoy.com\/wp-content\/uploads\/2016\/02\/Cuentas-en-participaci\u00f3n.jpg","type":"image\/jpeg"}],"author":"Miguel Antonio M\u00e1rquez Monta\u00f1ez","twitter_card":"summary_large_image","twitter_misc":{"Escrito por":"Miguel Antonio M\u00e1rquez Monta\u00f1ez","Tiempo de lectura":"4 minutos"},"schema":{"@context":"https:\/\/schema.org","@graph":[{"@type":"Article","@id":"https:\/\/contadoreshoy.com\/?p=6787#article","isPartOf":{"@id":"https:\/\/contadoreshoy.com\/?p=6787"},"author":{"name":"Miguel Antonio M\u00e1rquez Monta\u00f1ez","@id":"https:\/\/contadoreshoy.com\/#\/schema\/person\/96d8979cb865537c5dc9345e40089fc5"},"headline":"Oficio 36950 diciembre 2015 DIAN &#8211; IVA en cuentas en participaci\u00f3n","datePublished":"2016-02-11T01:10:29+00:00","dateModified":"2017-02-05T02:59:24+00:00","mainEntityOfPage":{"@id":"https:\/\/contadoreshoy.com\/?p=6787"},"wordCount":792,"commentCount":0,"publisher":{"@id":"https:\/\/contadoreshoy.com\/#organization"},"image":{"@id":"https:\/\/contadoreshoy.com\/?p=6787#primaryimage"},"thumbnailUrl":"https:\/\/contadoreshoy.com\/wp-content\/uploads\/2016\/02\/Cuentas-en-participaci\u00f3n.jpg","inLanguage":"es","potentialAction":[{"@type":"CommentAction","name":"Comment","target":["https:\/\/contadoreshoy.com\/?p=6787#respond"]}]},{"@type":"WebPage","@id":"https:\/\/contadoreshoy.com\/?p=6787","url":"https:\/\/contadoreshoy.com\/?p=6787","name":"Oficio 36950 diciembre 2015 DIAN - IVA en cuentas en participaci\u00f3n - Contadores P\u00fablicos","isPartOf":{"@id":"https:\/\/contadoreshoy.com\/#website"},"primaryImageOfPage":{"@id":"https:\/\/contadoreshoy.com\/?p=6787#primaryimage"},"image":{"@id":"https:\/\/contadoreshoy.com\/?p=6787#primaryimage"},"thumbnailUrl":"https:\/\/contadoreshoy.com\/wp-content\/uploads\/2016\/02\/Cuentas-en-participaci\u00f3n.jpg","datePublished":"2016-02-11T01:10:29+00:00","dateModified":"2017-02-05T02:59:24+00:00","breadcrumb":{"@id":"https:\/\/contadoreshoy.com\/?p=6787#breadcrumb"},"inLanguage":"es","potentialAction":[{"@type":"ReadAction","target":["https:\/\/contadoreshoy.com\/?p=6787"]}]},{"@type":"ImageObject","inLanguage":"es","@id":"https:\/\/contadoreshoy.com\/?p=6787#primaryimage","url":"https:\/\/contadoreshoy.com\/wp-content\/uploads\/2016\/02\/Cuentas-en-participaci\u00f3n.jpg","contentUrl":"https:\/\/contadoreshoy.com\/wp-content\/uploads\/2016\/02\/Cuentas-en-participaci\u00f3n.jpg","width":600,"height":400},{"@type":"BreadcrumbList","@id":"https:\/\/contadoreshoy.com\/?p=6787#breadcrumb","itemListElement":[{"@type":"ListItem","position":1,"name":"Portada","item":"https:\/\/contadoreshoy.com\/"},{"@type":"ListItem","position":2,"name":"Oficio 36950 diciembre 2015 DIAN &#8211; IVA en cuentas en participaci\u00f3n"}]},{"@type":"WebSite","@id":"https:\/\/contadoreshoy.com\/#website","url":"https:\/\/contadoreshoy.com\/","name":"Contadorespublicossantander","description":"Portal para Contadores P\u00fablicos y empresarios","publisher":{"@id":"https:\/\/contadoreshoy.com\/#organization"},"potentialAction":[{"@type":"SearchAction","target":{"@type":"EntryPoint","urlTemplate":"https:\/\/contadoreshoy.com\/?s={search_term_string}"},"query-input":{"@type":"PropertyValueSpecification","valueRequired":true,"valueName":"search_term_string"}}],"inLanguage":"es"},{"@type":"Organization","@id":"https:\/\/contadoreshoy.com\/#organization","name":"Contadores P\u00fablicos de Santander","url":"https:\/\/contadoreshoy.com\/","logo":{"@type":"ImageObject","inLanguage":"es","@id":"https:\/\/contadoreshoy.com\/#\/schema\/logo\/image\/","url":"https:\/\/contadoreshoy.com\/wp-content\/uploads\/2024\/01\/cropped-cropped-Copia-de-M-1.jpg","contentUrl":"https:\/\/contadoreshoy.com\/wp-content\/uploads\/2024\/01\/cropped-cropped-Copia-de-M-1.jpg","width":499,"height":500,"caption":"Contadores P\u00fablicos de Santander"},"image":{"@id":"https:\/\/contadoreshoy.com\/#\/schema\/logo\/image\/"},"sameAs":["https:\/\/www.facebook.com\/CCCPBucaramanga\/"]},{"@type":"Person","@id":"https:\/\/contadoreshoy.com\/#\/schema\/person\/96d8979cb865537c5dc9345e40089fc5","name":"Miguel Antonio M\u00e1rquez Monta\u00f1ez","description":"Contador P\u00fablico egresado de la Universidad Aut\u00f3noma de Bucaramanga - Asesor contable tributario con m\u00e1s de 25 a\u00f1os de experiencia - Conferencista en temas contables y tributarios - T\u00e9cnico en Hardware y Dise\u00f1o Web - Creador y director Grupo de Estudio Colegio Colombiano de Contadores P\u00fablicos de Bucaramanga - Creador y Master Web p\u00e1gina www.contadoresp\u00fablicossantander.com - Expresidente Colegio Colombiano de Contadores P\u00fablicos Bucaramanga","url":"https:\/\/contadoreshoy.com\/?author=1"}]}},"_links":{"self":[{"href":"https:\/\/contadoreshoy.com\/index.php?rest_route=\/wp\/v2\/posts\/6787","targetHints":{"allow":["GET"]}}],"collection":[{"href":"https:\/\/contadoreshoy.com\/index.php?rest_route=\/wp\/v2\/posts"}],"about":[{"href":"https:\/\/contadoreshoy.com\/index.php?rest_route=\/wp\/v2\/types\/post"}],"author":[{"embeddable":true,"href":"https:\/\/contadoreshoy.com\/index.php?rest_route=\/wp\/v2\/users\/1"}],"replies":[{"embeddable":true,"href":"https:\/\/contadoreshoy.com\/index.php?rest_route=%2Fwp%2Fv2%2Fcomments&post=6787"}],"version-history":[{"count":1,"href":"https:\/\/contadoreshoy.com\/index.php?rest_route=\/wp\/v2\/posts\/6787\/revisions"}],"predecessor-version":[{"id":7935,"href":"https:\/\/contadoreshoy.com\/index.php?rest_route=\/wp\/v2\/posts\/6787\/revisions\/7935"}],"wp:featuredmedia":[{"embeddable":true,"href":"https:\/\/contadoreshoy.com\/index.php?rest_route=\/wp\/v2\/media\/6837"}],"wp:attachment":[{"href":"https:\/\/contadoreshoy.com\/index.php?rest_route=%2Fwp%2Fv2%2Fmedia&parent=6787"}],"wp:term":[{"taxonomy":"category","embeddable":true,"href":"https:\/\/contadoreshoy.com\/index.php?rest_route=%2Fwp%2Fv2%2Fcategories&post=6787"},{"taxonomy":"post_tag","embeddable":true,"href":"https:\/\/contadoreshoy.com\/index.php?rest_route=%2Fwp%2Fv2%2Ftags&post=6787"}],"curies":[{"name":"wp","href":"https:\/\/api.w.org\/{rel}","templated":true}]}}