{"id":6903,"date":"2016-02-25T19:34:37","date_gmt":"2016-02-26T00:34:37","guid":{"rendered":"http:\/\/colegiocolombianodecontadores.com\/?p=6903"},"modified":"2017-02-04T21:59:11","modified_gmt":"2017-02-05T02:59:11","slug":"oficio-01097-febrero-01-de-2016-dian","status":"publish","type":"post","link":"https:\/\/contadoreshoy.com\/?p=6903","title":{"rendered":"Oficio 01097 febrero 01 de 2016 &#8211; DIAN &#8211;"},"content":{"rendered":"<p style=\"text-align: center;\">OFICIO N\u00daMERO 001097 DE 2016 DIAN<br \/>\n(febrero 1\u00b0)<\/p>\n<p>Bogot\u00e1, D. C., 29 de enero 2016<br \/>\n100208221-000045<br \/>\nSe\u00f1ora<br \/>\nANDREA MORALES MART\u00cdNEZ<br \/>\nCarrera 48 # 76D sur \u2013 34 Apto. 2301 Sabaneta \u2013 Antioquia<br \/>\nReferencia: Radicado n\u00famero 050129 del 23 de diciembre de 2015<br \/>\nTema Impuesto sobre la Renta y Complementarios<br \/>\nDescriptores Precios de Transferencia<br \/>\nFuentes formales Art\u00edculos 260-1 y 260-2 del Estatuto Tributario, Oficio n\u00famero 026426 del 10 de mayo de 2005. Cordial saludo se\u00f1ora Andrea:<\/p>\n<p style=\"text-align: justify;\">\nDe conformidad con el art\u00edculo 20 del Decreto 4048 de 2008 es funci\u00f3n de esta Subdirecci\u00f3n absolver las consultas escritas que se formulen sobre la interpretaci\u00f3n y aplicaci\u00f3n de las normas tributarias de car\u00e1cter nacional, aduaneras y cambiarias en lo de competencia de la Entidad.<\/p>\n<p style=\"text-align: justify;\">\nMediante el radicado de la referencia formula los siguientes interrogantes, los cuales se resolver\u00e1n cada uno a su turno:<\/p>\n<p style=\"text-align: justify;\">\n<span style=\"color: #0000ff;\">1. \u00bfEl r\u00e9gimen de precios de transferencia cobija las operaciones de compraventa de bienes y prestaci\u00f3n de servicios realizadas en el mercado nacional? <\/span><\/p>\n<p style=\"text-align: justify;\">\n<span style=\"color: #333333;\"><span style=\"color: #ff6600;\">Las operaciones de compraventa de bienes y prestaci\u00f3n de servicios realizadas en el mercado nacional se encuentran sometidas al r\u00e9gimen de precios de transferencia en dos eventos, conforme lo dispone el art\u00edculo 260-2 del Estatuto Tributario, a saber:<\/span> <\/span><\/p>\n<p style=\"text-align: justify;\">\n<span style=\"color: #333333;\">\u2022 <span style=\"color: #ff9900;\">\u201cCuando los contribuyentes del impuesto sobre la renta y complementarios celebren operaciones con vinculados residentes en Colombia, en relaci\u00f3n con el establecimiento permanente de uno de ellos en el exterior<\/span>, est\u00e1n obligados a determinar, para efectos del impuesto sobre la renta y complementarios, sus ingresos ordinarios y extraordinarios, sus costos y deducciones, y sus activos y pasivos, considerando para esas operaciones el Principio de Plena Competencia\u201d (negrilla fuera de texto).<\/span><\/p>\n<p style=\"text-align: justify;\">\n<span style=\"color: #333333;\">\u2022 <span style=\"color: #ff9900;\">Cuando \u201clos contribuyentes del impuesto sobre la renta y complementarios ubicados domiciliados o residentes en el Territorio Aduanero Nacional (\u2026) celebren operaciones con vinculados ubicados en zona franca<\/span> est\u00e1n obligados a determinar, para efectos del impuesto sobre la renta y complementarios, sus ingresos ordinarios y extraordinarios, sus costos y deducciones, y sus activos y pasivos, considerando para esas operaciones el Principio de Plena Competencia\u201d ( negrilla fuera de texto ).<\/span><\/p>\n<p style=\"text-align: justify;\">\n<span style=\"color: #0000ff;\"><span style=\"color: #333333;\">2.<span style=\"color: #0000ff;\"> \u00bfSe genera vinculaci\u00f3n cuando m\u00e1s del 50% de las compras nacionalizadas se realizan con una misma empresa ubicada en el exterior?<\/span><\/span> <\/span><\/p>\n<p style=\"text-align: justify;\">Los criterios de vinculaci\u00f3n, para efectos del impuesto sobre la renta y complementario y del r\u00e9gimen de precios de transferencia, se encuentran taxativamente consagrados en el art\u00edculo 260-1 del Estatuto Tributario, as\u00ed:<\/p>\n<p style=\"text-align: justify;\">\n\u201c1. Subordinadas<\/p>\n<p style=\"text-align: justify;\">\na) Una entidad ser\u00e1 subordinada o controlada cuando su poder de decisi\u00f3n se encuentre sometido a la voluntad de otra u otras personas o entidades que ser\u00e1n su matriz o controlante, bien sea directamente, caso en el cual aquella se denominar\u00e1 filial, o con el concurso o por intermedio de las subordinadas de la matriz, en cuyo caso se llamar\u00e1 subsidiaria;<\/p>\n<p style=\"text-align: justify;\">\nb) Ser\u00e1 subordinada una sociedad cuando se encuentre en uno o m\u00e1s de los siguientes casos:<\/p>\n<p style=\"text-align: justify;\">\ni) Cuando m\u00e1s del 50% de su capital pertenezca a la matriz, directamente o por intermedio o con el concurso de sus subordinadas, o de las subordinadas de estas. Para tal efecto, no se computar\u00e1n las acciones con dividendo preferencial y sin derecho a voto;<\/p>\n<p style=\"text-align: justify;\">ii) Cuando la matriz y las subordinadas tengan conjunta o separadamente el derecho de emitir los votos constitutivos de la mayor\u00eda m\u00ednima decisoria en la junta de socios o en la asamblea, o tengan el n\u00famero de votos necesarios para elegir la mayor\u00eda de miembros de la junta directiva, si la hubiere;<\/p>\n<p style=\"text-align: justify;\">\niii) Cuando la matriz, directamente o por intermedio o con el concurso de las subordinadas, en raz\u00f3n de un acto o negocio con la sociedad controlada o con sus socios, ejerza influencia dominante en las decisiones de los \u00f3rganos de administraci\u00f3n de la sociedad;<\/p>\n<p style=\"text-align: justify;\">\niv) Igualmente habr\u00e1 subordinaci\u00f3n, cuando el control conforme a los supuestos previstos en el presente art\u00edculo, sea ejercido por una o varias personas naturales o jur\u00eddicas o entidades o esquemas de naturaleza no societario, bien sea directamente o por intermedio o con el concurso de entidades en las cuales esta posean m\u00e1s del cincuenta (50%) del capital o configuren la mayor\u00eda m\u00ednima para la toma de decisiones o ejerzan influencia dominante en la direcci\u00f3n o toma de decisiones de la entidad;<\/p>\n<p style=\"text-align: justify;\">\nv) Igualmente habr\u00e1 subordinaci\u00f3n cuando una misma persona natural o unas mismas personas naturales o jur\u00eddicas, o un mismo veh\u00edculo no societario o unos mismos veh\u00edculos no societarios, conjunta o separadamente, tengan derecho a percibir el cincuenta por ciento de las utilidades de la sociedad subordinada.<\/p>\n<p style=\"text-align: justify;\">\n2. Sucursales, respecto de sus oficinas principales.<\/p>\n<p style=\"text-align: justify;\">\n3. Agencias, respecto de las sociedades a las que pertenezcan.<\/p>\n<p style=\"text-align: justify;\">\n4. Establecimientos permanentes, respecto de la empresa cuya actividad realizan en todo o en parte.<\/p>\n<p style=\"text-align: justify;\">\n5. Otros casos de Vinculaci\u00f3n Econ\u00f3mica :<\/p>\n<p style=\"text-align: justify;\">\na) Cuando la operaci\u00f3n tiene lugar entre dos subordinadas de una misma matriz;<\/p>\n<p style=\"text-align: justify;\">\nb) Cuando la operaci\u00f3n tiene lugar entre dos subordinadas que pertenezcan directa o indirectamente a una misma persona natural o jur\u00eddica o entidades o esquemas de naturaleza no societaria;<\/p>\n<p style=\"text-align: justify;\">\nc) Cuando la operaci\u00f3n se lleva a cabo entre dos empresas en las cuales una misma persona natural o jur\u00eddica participa directa o indirectamente en la administraci\u00f3n, el control o el capital de ambas. Una persona natural o jur\u00eddica puede participar directa o indirectamente en la administraci\u00f3n, el control o el capital de otra cuando i) posea, directa o indirectamente, m\u00e1s del 50% del capital de esa empresa, o, ii) tenga la capacidad de controlar las decisiones de negocio de la empresa;<\/p>\n<p style=\"text-align: justify;\">\nd) Cuando la operaci\u00f3n tiene lugar entre dos empresas cuyo capital pertenezca directa o indirectamente en m\u00e1s del cincuenta por ciento (50%) a personas ligadas entre s\u00ed por matrimonio, o por parentesco hasta el segundo grado de consanguinidad o afinidad, o \u00fanico civil;<\/p>\n<p style=\"text-align: justify;\">\ne) Cuando la operaci\u00f3n se realice entre vinculados a trav\u00e9s de terceros no vinculados;<\/p>\n<p style=\"text-align: justify;\">\nf) Cuando m\u00e1s del 50% de los ingresos brutos provengan de forma individual o conjunta de sus socios o accionistas, comuneros, asociados, suscriptores o similares;<\/p>\n<p style=\"text-align: justify;\">\ng) Cuando existan consorcios, uniones temporales, cuentas en participaci\u00f3n, otras formas asociativas que no den origen a personas jur\u00eddicas y dem\u00e1s contratos de colaboraci\u00f3n empresarial.<br \/>\nLa vinculaci\u00f3n se predica de todas las sociedades y veh\u00edculos o entidades no societarias que conforman el grupo, aunque su matriz est\u00e9 domiciliada en el exterior.\u201d ( negrilla fuera de texto ).<\/p>\n<p style=\"text-align: justify;\"><span style=\"color: #ff6600;\">Luego, en atenci\u00f3n a lo preguntado y conforme se desprende de la norma transcrita, solo se genera vinculaci\u00f3n por las compras nacionalizadas, realizadas por una compa\u00f1\u00eda nacional a una misma empresa del exterior \u2013 sin que interese el porcentaje de participaci\u00f3n de las mismas en las compras globales \u2013 cuando una y otra:<\/span><\/p>\n<p style=\"text-align: justify;\">i) son subordinadas de una misma matriz,<\/p>\n<p style=\"text-align: justify;\">ii) son subordinadas que pertenecen directa o indirectamente a una misma persona natural o jur\u00eddica o entidades o esquemas de naturaleza no societaria,<\/p>\n<p style=\"text-align: justify;\">iii) son empresas en las cuales una misma persona natural o jur\u00eddica participa directa o indirectamente en la administraci\u00f3n, el control o el capital de ambas,<\/p>\n<p style=\"text-align: justify;\">iv) son empresas cuyo capital pertenezca directa o indirectamente en m\u00e1s del cincuenta por ciento (50%) a personas ligadas entre s\u00ed por matrimonio, o por parentesco hasta el segundo grado de consanguinidad o afinidad, o \u00fanico civil y<\/p>\n<p style=\"text-align: justify;\">v) son vinculadas a trav\u00e9s de terceros no vinculados.<\/p>\n<p style=\"text-align: justify;\">\n<span style=\"color: #0000ff;\">3. \u00bfEs posible que el ajuste en el impuesto sobre la renta se genere producto de la vinculaci\u00f3n con un proveedor del exterior, cuando se viola el Principio de Plena Competencia?<\/span><\/p>\n<p style=\"text-align: justify;\">\nMediante Oficio n\u00famero 026426 del 10 de mayo de 2005, confirmado por el Oficio n\u00famero 091760 del 12 de diciembre de 2005, se indic\u00f3:<\/p>\n<p style=\"text-align: justify;\">\n\u201c(\u2026) el contribuyente que al hacer el estudio de precios de transferencia detecte que se encuentra por fuera del rango porque sus ingresos son menores o sus costos y gastos mayores, debe realizar los ajustes correspondientes para la obtenci\u00f3n de la renta l\u00edquida gravable y la liquidaci\u00f3n del impuesto a que haya lugar. Para el efecto, se considera que el precio o margen de utilidad en operaciones entre partes independientes es la mediana de dicho rango.<\/p>\n<p style=\"text-align: justify;\">\nAhora bien, teniendo en cuenta que la declaraci\u00f3n tributaria por regla general debe ser el trasunto de las operaciones reales o efectivas realizadas, en el caso contrario, es decir, cuando el contribuyente evidencia que obtiene mayores ingresos o menores costos y deducciones, a los resultantes del estudio, no es factible realizar ajustes para disminuir la renta l\u00edquida gravable y determinar un menor impuesto a cargo. Con este proceder podr\u00eda incurrir en una conducta sancionable con inexactitud de conformidad con el par\u00e1grafo del art\u00edculo 260-10 del Estatuto Tributario. Lo se\u00f1alado sin perjuicio de los ajustes previstos en el art\u00edculo 260-5, cuando se den las condiciones all\u00ed previstas\u201d ( negrilla fuera de texto ).<\/p>\n<p style=\"text-align: justify;\">\n<span style=\"color: #ff9900;\">De manera que, palmario es que se deben realizar los ajustes correspondientes para efectos del impuesto sobre la renta y complementario cuando, en las operaciones con vinculados a la luz del art\u00edculo 260-1 del Estatuto Tributario, sometidas al r\u00e9gimen de precios de transferencia, se encuentra que las mismas transgreden el Principio de Plena Competencia.<\/span><\/p>\n<p style=\"text-align: justify;\">\nEn los anteriores t\u00e9rminos se resuelve su consulta y cordialmente le informamos que tanto la normatividad en materia tributaria, aduanera y cambiaria, como los conceptos emitidos por la Direcci\u00f3n de Gesti\u00f3n Jur\u00eddica en estas materias pueden consultarse directamente en nuestra base de datos jur\u00eddica ingresando a la p\u00e1gina electr\u00f3nica de la DIAN: http:\/\/www.dian.gov.co siguiendo los \u00edconos: \u201cNormatividad\u201d \u2013 \u201cT\u00e9cnica\u201d y seleccionando los v\u00ednculos \u201cdoctrina\u201d y \u201cDirecci\u00f3n de Gesti\u00f3n Jur\u00eddica\u201d.<\/p>\n<p style=\"text-align: justify;\">\nAtentamente,<\/p>\n<p style=\"text-align: justify;\">\nEl Subdirector de Gesti\u00f3n Normativa y Doctrina (E),<br \/>\nPedro Pablo Contreras Camargo.<br \/>\n(C. F.).<\/p>\n","protected":false},"excerpt":{"rendered":"<p>. \u00bfEl r\u00e9gimen de precios de transferencia cobija las operaciones de compraventa de bienes y prestaci\u00f3n de servicios realizadas en el mercado nacional? <\/p>\n","protected":false},"author":1,"featured_media":5611,"comment_status":"open","ping_status":"open","sticky":false,"template":"","format":"standard","meta":{"_monsterinsights_skip_tracking":false,"ngg_post_thumbnail":0,"footnotes":"","_links_to":"","_links_to_target":""},"categories":[456,417],"tags":[],"class_list":["post-6903","post","type-post","status-publish","format-standard","has-post-thumbnail","hentry","category-conceptos-y-oficios-dian","category-preguntas-frecuentes"],"aioseo_notices":[],"aioseo_head":"\n\t\t<!-- All in One SEO 5.0.1.1 - aioseo.com -->\n\t<meta name=\"description\" content=\". \u00bfEl r\u00e9gimen de precios de transferencia cobija las operaciones de compraventa de bienes y prestaci\u00f3n de servicios realizadas en el mercado nacional?\" \/>\n\t<meta name=\"robots\" content=\"max-image-preview:large\" \/>\n\t<meta name=\"author\" content=\"Miguel Antonio M\u00e1rquez Monta\u00f1ez\"\/>\n\t<link rel=\"canonical\" href=\"https:\/\/contadoreshoy.com\/?p=6903\" \/>\n\t<meta name=\"generator\" content=\"All in One SEO (AIOSEO) 5.0.1.1\" \/>\n\t\t<meta property=\"og:locale\" content=\"es_ES\" \/>\n\t\t<meta property=\"og:site_name\" content=\"Contadores P\u00fablicos - Portal para Contadores P\u00fablicos y empresarios\" \/>\n\t\t<meta property=\"og:type\" content=\"article\" \/>\n\t\t<meta property=\"og:title\" content=\"Oficio 01097 febrero 01 de 2016 \u2013 DIAN \u2013 - Contadores P\u00fablicos\" \/>\n\t\t<meta property=\"og:description\" content=\". \u00bfEl r\u00e9gimen de precios de transferencia cobija las operaciones de compraventa de bienes y prestaci\u00f3n de servicios realizadas en el mercado nacional?\" \/>\n\t\t<meta property=\"og:url\" content=\"https:\/\/contadoreshoy.com\/?p=6903\" \/>\n\t\t<meta property=\"og:image\" content=\"https:\/\/contadoreshoy.com\/wp-content\/uploads\/2024\/01\/cropped-cropped-cropped-Copia-de-M.jpg\" \/>\n\t\t<meta property=\"og:image:secure_url\" content=\"https:\/\/contadoreshoy.com\/wp-content\/uploads\/2024\/01\/cropped-cropped-cropped-Copia-de-M.jpg\" \/>\n\t\t<meta property=\"og:image:width\" content=\"512\" \/>\n\t\t<meta property=\"og:image:height\" content=\"371\" \/>\n\t\t<meta property=\"article:published_time\" content=\"2016-02-26T00:34:37+00:00\" \/>\n\t\t<meta property=\"article:modified_time\" content=\"2017-02-05T02:59:11+00:00\" \/>\n\t\t<meta name=\"twitter:card\" content=\"summary_large_image\" \/>\n\t\t<meta name=\"twitter:title\" content=\"Oficio 01097 febrero 01 de 2016 \u2013 DIAN \u2013 - Contadores P\u00fablicos\" \/>\n\t\t<meta name=\"twitter:description\" content=\". \u00bfEl r\u00e9gimen de precios de transferencia cobija las operaciones de compraventa de bienes y prestaci\u00f3n de servicios realizadas en el mercado nacional?\" \/>\n\t\t<meta name=\"twitter:image\" content=\"https:\/\/contadoreshoy.com\/wp-content\/uploads\/2024\/01\/cropped-cropped-cropped-Copia-de-M.jpg\" \/>\n\t\t<script type=\"application\/ld+json\" class=\"aioseo-schema\">\n\t\t\t{\"@context\":\"https:\\\/\\\/schema.org\",\"@graph\":[{\"@type\":\"BlogPosting\",\"@id\":\"https:\\\/\\\/contadoreshoy.com\\\/?p=6903#blogposting\",\"name\":\"Oficio 01097 febrero 01 de 2016 \\u2013 DIAN \\u2013 - Contadores P\\u00fablicos\",\"headline\":\"Oficio 01097 febrero 01 de 2016 &#8211; DIAN &#8211;\",\"author\":{\"@id\":\"https:\\\/\\\/contadoreshoy.com\\\/?author=1#author\"},\"publisher\":{\"@id\":\"https:\\\/\\\/contadoreshoy.com\\\/#organization\"},\"image\":{\"@type\":\"ImageObject\",\"url\":\"https:\\\/\\\/contadoreshoy.com\\\/wp-content\\\/uploads\\\/2015\\\/08\\\/DIAN.jpg\",\"width\":350,\"height\":343},\"datePublished\":\"2016-02-25T19:34:37-05:00\",\"dateModified\":\"2017-02-04T21:59:11-05:00\",\"inLanguage\":\"es-ES\",\"mainEntityOfPage\":{\"@id\":\"https:\\\/\\\/contadoreshoy.com\\\/?p=6903#webpage\"},\"isPartOf\":{\"@id\":\"https:\\\/\\\/contadoreshoy.com\\\/?p=6903#webpage\"},\"articleSection\":\"Conceptos y Oficios DIAN, Preguntas Frecuentes\"},{\"@type\":\"BreadcrumbList\",\"@id\":\"https:\\\/\\\/contadoreshoy.com\\\/?p=6903#breadcrumblist\",\"itemListElement\":[{\"@type\":\"ListItem\",\"@id\":\"https:\\\/\\\/contadoreshoy.com#listItem\",\"position\":1,\"name\":\"Home\",\"item\":\"https:\\\/\\\/contadoreshoy.com\",\"nextItem\":{\"@type\":\"ListItem\",\"@id\":\"https:\\\/\\\/contadoreshoy.com\\\/?cat=417#listItem\",\"name\":\"Preguntas Frecuentes\"}},{\"@type\":\"ListItem\",\"@id\":\"https:\\\/\\\/contadoreshoy.com\\\/?cat=417#listItem\",\"position\":2,\"name\":\"Preguntas Frecuentes\",\"item\":\"https:\\\/\\\/contadoreshoy.com\\\/?cat=417\",\"nextItem\":{\"@type\":\"ListItem\",\"@id\":\"https:\\\/\\\/contadoreshoy.com\\\/?p=6903#listItem\",\"name\":\"Oficio 01097 febrero 01 de 2016 &#8211; DIAN &#8211;\"},\"previousItem\":{\"@type\":\"ListItem\",\"@id\":\"https:\\\/\\\/contadoreshoy.com#listItem\",\"name\":\"Home\"}},{\"@type\":\"ListItem\",\"@id\":\"https:\\\/\\\/contadoreshoy.com\\\/?p=6903#listItem\",\"position\":3,\"name\":\"Oficio 01097 febrero 01 de 2016 &#8211; DIAN &#8211;\",\"previousItem\":{\"@type\":\"ListItem\",\"@id\":\"https:\\\/\\\/contadoreshoy.com\\\/?cat=417#listItem\",\"name\":\"Preguntas Frecuentes\"}}]},{\"@type\":\"Organization\",\"@id\":\"https:\\\/\\\/contadoreshoy.com\\\/#organization\",\"name\":\"Contadores P\\u00fablicos\",\"description\":\"Portal para Contadores P\\u00fablicos y empresarios\",\"url\":\"https:\\\/\\\/contadoreshoy.com\\\/\",\"logo\":{\"@type\":\"ImageObject\",\"url\":\"https:\\\/\\\/contadoreshoy.com\\\/wp-content\\\/uploads\\\/2024\\\/01\\\/cropped-cropped-Copia-de-M-1.jpg\",\"@id\":\"https:\\\/\\\/contadoreshoy.com\\\/?p=6903\\\/#organizationLogo\",\"width\":499,\"height\":500},\"image\":{\"@id\":\"https:\\\/\\\/contadoreshoy.com\\\/?p=6903\\\/#organizationLogo\"}},{\"@type\":\"Person\",\"@id\":\"https:\\\/\\\/contadoreshoy.com\\\/?author=1#author\",\"url\":\"https:\\\/\\\/contadoreshoy.com\\\/?author=1\",\"name\":\"Miguel Antonio M\\u00e1rquez Monta\\u00f1ez\"},{\"@type\":\"WebPage\",\"@id\":\"https:\\\/\\\/contadoreshoy.com\\\/?p=6903#webpage\",\"url\":\"https:\\\/\\\/contadoreshoy.com\\\/?p=6903\",\"name\":\"Oficio 01097 febrero 01 de 2016 \\u2013 DIAN \\u2013 - Contadores P\\u00fablicos\",\"description\":\". \\u00bfEl r\\u00e9gimen de precios de transferencia cobija las operaciones de compraventa de bienes y prestaci\\u00f3n de servicios realizadas en el mercado nacional?\",\"inLanguage\":\"es-ES\",\"isPartOf\":{\"@id\":\"https:\\\/\\\/contadoreshoy.com\\\/#website\"},\"breadcrumb\":{\"@id\":\"https:\\\/\\\/contadoreshoy.com\\\/?p=6903#breadcrumblist\"},\"author\":{\"@id\":\"https:\\\/\\\/contadoreshoy.com\\\/?author=1#author\"},\"creator\":{\"@id\":\"https:\\\/\\\/contadoreshoy.com\\\/?author=1#author\"},\"image\":{\"@type\":\"ImageObject\",\"url\":\"https:\\\/\\\/contadoreshoy.com\\\/wp-content\\\/uploads\\\/2015\\\/08\\\/DIAN.jpg\",\"@id\":\"https:\\\/\\\/contadoreshoy.com\\\/?p=6903\\\/#mainImage\",\"width\":350,\"height\":343},\"primaryImageOfPage\":{\"@id\":\"https:\\\/\\\/contadoreshoy.com\\\/?p=6903#mainImage\"},\"datePublished\":\"2016-02-25T19:34:37-05:00\",\"dateModified\":\"2017-02-04T21:59:11-05:00\"},{\"@type\":\"WebSite\",\"@id\":\"https:\\\/\\\/contadoreshoy.com\\\/#website\",\"url\":\"https:\\\/\\\/contadoreshoy.com\\\/\",\"name\":\"Contadores P\\u00fablicos\",\"description\":\"Portal para Contadores P\\u00fablicos y empresarios\",\"inLanguage\":\"es-ES\",\"publisher\":{\"@id\":\"https:\\\/\\\/contadoreshoy.com\\\/#organization\"}}]}\n\t\t<\/script>\n\t\t<!-- All in One SEO -->\n\n","aioseo_head_json":{"title":"Oficio 01097 febrero 01 de 2016 \u2013 DIAN \u2013 - Contadores P\u00fablicos","description":". \u00bfEl r\u00e9gimen de precios de transferencia cobija las operaciones de compraventa de bienes y prestaci\u00f3n de servicios realizadas en el mercado nacional?","canonical_url":"https:\/\/contadoreshoy.com\/?p=6903","robots":"max-image-preview:large","keywords":"","webmasterTools":{"miscellaneous":""},"schema":{"@context":"https:\/\/schema.org","@graph":[{"@type":"BlogPosting","@id":"https:\/\/contadoreshoy.com\/?p=6903#blogposting","name":"Oficio 01097 febrero 01 de 2016 \u2013 DIAN \u2013 - Contadores P\u00fablicos","headline":"Oficio 01097 febrero 01 de 2016 &#8211; DIAN &#8211;","author":{"@id":"https:\/\/contadoreshoy.com\/?author=1#author"},"publisher":{"@id":"https:\/\/contadoreshoy.com\/#organization"},"image":{"@type":"ImageObject","url":"https:\/\/contadoreshoy.com\/wp-content\/uploads\/2015\/08\/DIAN.jpg","width":350,"height":343},"datePublished":"2016-02-25T19:34:37-05:00","dateModified":"2017-02-04T21:59:11-05:00","inLanguage":"es-ES","mainEntityOfPage":{"@id":"https:\/\/contadoreshoy.com\/?p=6903#webpage"},"isPartOf":{"@id":"https:\/\/contadoreshoy.com\/?p=6903#webpage"},"articleSection":"Conceptos y Oficios DIAN, Preguntas Frecuentes"},{"@type":"BreadcrumbList","@id":"https:\/\/contadoreshoy.com\/?p=6903#breadcrumblist","itemListElement":[{"@type":"ListItem","@id":"https:\/\/contadoreshoy.com#listItem","position":1,"name":"Home","item":"https:\/\/contadoreshoy.com","nextItem":{"@type":"ListItem","@id":"https:\/\/contadoreshoy.com\/?cat=417#listItem","name":"Preguntas Frecuentes"}},{"@type":"ListItem","@id":"https:\/\/contadoreshoy.com\/?cat=417#listItem","position":2,"name":"Preguntas Frecuentes","item":"https:\/\/contadoreshoy.com\/?cat=417","nextItem":{"@type":"ListItem","@id":"https:\/\/contadoreshoy.com\/?p=6903#listItem","name":"Oficio 01097 febrero 01 de 2016 &#8211; DIAN &#8211;"},"previousItem":{"@type":"ListItem","@id":"https:\/\/contadoreshoy.com#listItem","name":"Home"}},{"@type":"ListItem","@id":"https:\/\/contadoreshoy.com\/?p=6903#listItem","position":3,"name":"Oficio 01097 febrero 01 de 2016 &#8211; DIAN &#8211;","previousItem":{"@type":"ListItem","@id":"https:\/\/contadoreshoy.com\/?cat=417#listItem","name":"Preguntas Frecuentes"}}]},{"@type":"Organization","@id":"https:\/\/contadoreshoy.com\/#organization","name":"Contadores P\u00fablicos","description":"Portal para Contadores P\u00fablicos y empresarios","url":"https:\/\/contadoreshoy.com\/","logo":{"@type":"ImageObject","url":"https:\/\/contadoreshoy.com\/wp-content\/uploads\/2024\/01\/cropped-cropped-Copia-de-M-1.jpg","@id":"https:\/\/contadoreshoy.com\/?p=6903\/#organizationLogo","width":499,"height":500},"image":{"@id":"https:\/\/contadoreshoy.com\/?p=6903\/#organizationLogo"}},{"@type":"Person","@id":"https:\/\/contadoreshoy.com\/?author=1#author","url":"https:\/\/contadoreshoy.com\/?author=1","name":"Miguel Antonio M\u00e1rquez Monta\u00f1ez"},{"@type":"WebPage","@id":"https:\/\/contadoreshoy.com\/?p=6903#webpage","url":"https:\/\/contadoreshoy.com\/?p=6903","name":"Oficio 01097 febrero 01 de 2016 \u2013 DIAN \u2013 - Contadores P\u00fablicos","description":". \u00bfEl r\u00e9gimen de precios de transferencia cobija las operaciones de compraventa de bienes y prestaci\u00f3n de servicios realizadas en el mercado nacional?","inLanguage":"es-ES","isPartOf":{"@id":"https:\/\/contadoreshoy.com\/#website"},"breadcrumb":{"@id":"https:\/\/contadoreshoy.com\/?p=6903#breadcrumblist"},"author":{"@id":"https:\/\/contadoreshoy.com\/?author=1#author"},"creator":{"@id":"https:\/\/contadoreshoy.com\/?author=1#author"},"image":{"@type":"ImageObject","url":"https:\/\/contadoreshoy.com\/wp-content\/uploads\/2015\/08\/DIAN.jpg","@id":"https:\/\/contadoreshoy.com\/?p=6903\/#mainImage","width":350,"height":343},"primaryImageOfPage":{"@id":"https:\/\/contadoreshoy.com\/?p=6903#mainImage"},"datePublished":"2016-02-25T19:34:37-05:00","dateModified":"2017-02-04T21:59:11-05:00"},{"@type":"WebSite","@id":"https:\/\/contadoreshoy.com\/#website","url":"https:\/\/contadoreshoy.com\/","name":"Contadores P\u00fablicos","description":"Portal para Contadores P\u00fablicos y empresarios","inLanguage":"es-ES","publisher":{"@id":"https:\/\/contadoreshoy.com\/#organization"}}]},"og:locale":"es_ES","og:site_name":"Contadores P\u00fablicos - Portal para Contadores P\u00fablicos y empresarios","og:type":"article","og:title":"Oficio 01097 febrero 01 de 2016 \u2013 DIAN \u2013 - Contadores P\u00fablicos","og:description":". \u00bfEl r\u00e9gimen de precios de transferencia cobija las operaciones de compraventa de bienes y prestaci\u00f3n de servicios realizadas en el mercado nacional?","og:url":"https:\/\/contadoreshoy.com\/?p=6903","og:image":"https:\/\/contadoreshoy.com\/wp-content\/uploads\/2024\/01\/cropped-cropped-cropped-Copia-de-M.jpg","og:image:secure_url":"https:\/\/contadoreshoy.com\/wp-content\/uploads\/2024\/01\/cropped-cropped-cropped-Copia-de-M.jpg","og:image:width":512,"og:image:height":371,"article:published_time":"2016-02-26T00:34:37+00:00","article:modified_time":"2017-02-05T02:59:11+00:00","twitter:card":"summary_large_image","twitter:title":"Oficio 01097 febrero 01 de 2016 \u2013 DIAN \u2013 - Contadores P\u00fablicos","twitter:description":". \u00bfEl r\u00e9gimen de precios de transferencia cobija las operaciones de compraventa de bienes y prestaci\u00f3n de servicios realizadas en el mercado nacional?","twitter:image":"https:\/\/contadoreshoy.com\/wp-content\/uploads\/2024\/01\/cropped-cropped-cropped-Copia-de-M.jpg"},"aioseo_meta_data":{"post_id":"6903","title":null,"description":null,"keywords":null,"keyphrases":null,"primary_term":null,"canonical_url":null,"og_title":null,"og_description":null,"og_object_type":"default","og_image_type":"default","og_image_url":null,"og_image_width":null,"og_image_height":null,"og_image_custom_url":null,"og_image_custom_fields":null,"og_video":null,"og_custom_url":null,"og_article_section":null,"og_article_tags":null,"twitter_use_og":false,"twitter_card":"default","twitter_image_type":"default","twitter_image_url":null,"twitter_image_custom_url":null,"twitter_image_custom_fields":null,"twitter_title":null,"twitter_description":null,"schema":{"blockGraphs":[],"customGraphs":[],"default":{"data":{"Article":[],"Course":[],"Dataset":[],"FAQPage":[],"Movie":[],"Person":[],"Product":[],"ProductReview":[],"Car":[],"Recipe":[],"Service":[],"SoftwareApplication":[],"WebPage":[]},"graphName":"","isEnabled":true},"graphs":[]},"schema_type":"default","schema_type_options":null,"pillar_content":false,"robots_default":true,"robots_noindex":false,"robots_noarchive":false,"robots_nosnippet":false,"robots_nofollow":false,"robots_noimageindex":false,"robots_noodp":false,"robots_notranslate":false,"robots_max_snippet":null,"robots_max_videopreview":null,"robots_max_imagepreview":"large","priority":null,"frequency":null,"local_seo":null,"breadcrumb_settings":null,"limit_modified_date":false,"ai":null,"created":"2024-03-05 01:33:28","updated":"2026-03-03 04:48:42","seo_analyzer_scan_date":null,"focus_keyword":null,"additional_keywords":null,"truseo_locale":null},"aioseo_breadcrumb":"<div class=\"aioseo-breadcrumbs\"><span class=\"aioseo-breadcrumb\">\n\t\t\t<a href=\"https:\/\/contadoreshoy.com\" title=\"Home\">Home<\/a>\n\t\t<\/span><span class=\"aioseo-breadcrumb-separator\">&raquo;<\/span><span class=\"aioseo-breadcrumb\">\n\t\t\t<a href=\"https:\/\/contadoreshoy.com\/?cat=417\" title=\"Preguntas Frecuentes\">Preguntas Frecuentes<\/a>\n\t\t<\/span><span class=\"aioseo-breadcrumb-separator\">&raquo;<\/span><span class=\"aioseo-breadcrumb\">\n\t\t\tOficio 01097 febrero 01 de 2016 \u2013 DIAN \u2013\n\t\t<\/span><\/div>","aioseo_breadcrumb_json":[{"label":"Home","link":"https:\/\/contadoreshoy.com"},{"label":"Preguntas Frecuentes","link":"https:\/\/contadoreshoy.com\/?cat=417"},{"label":"Oficio 01097 febrero 01 de 2016 &#8211; DIAN &#8211;","link":"https:\/\/contadoreshoy.com\/?p=6903"}],"yoast_head":"<!-- This site is optimized with the Yoast SEO plugin v28.4 - https:\/\/yoast.com\/product\/yoast-seo-wordpress\/ -->\n<title>Oficio 01097 febrero 01 de 2016 - DIAN - Contadores P\u00fablicos<\/title>\n<meta name=\"robots\" content=\"index, follow, max-snippet:-1, max-image-preview:large, max-video-preview:-1\" \/>\n<link rel=\"canonical\" href=\"https:\/\/contadoreshoy.com\/?p=6903\" \/>\n<meta property=\"og:locale\" content=\"es_ES\" \/>\n<meta property=\"og:type\" content=\"article\" \/>\n<meta property=\"og:title\" content=\"Oficio 01097 febrero 01 de 2016 - DIAN - Contadores P\u00fablicos\" \/>\n<meta property=\"og:description\" content=\". \u00bfEl r\u00e9gimen de precios de transferencia cobija las operaciones de compraventa de bienes y prestaci\u00f3n de servicios realizadas en el mercado nacional?\" \/>\n<meta property=\"og:url\" content=\"https:\/\/contadoreshoy.com\/?p=6903\" \/>\n<meta property=\"og:site_name\" content=\"Contadores P\u00fablicos\" \/>\n<meta property=\"article:publisher\" content=\"https:\/\/www.facebook.com\/CCCPBucaramanga\/\" \/>\n<meta property=\"article:published_time\" content=\"2016-02-26T00:34:37+00:00\" \/>\n<meta property=\"article:modified_time\" content=\"2017-02-05T02:59:11+00:00\" \/>\n<meta property=\"og:image\" content=\"https:\/\/contadoreshoy.com\/wp-content\/uploads\/2015\/08\/DIAN.jpg\" \/>\n\t<meta property=\"og:image:width\" content=\"350\" \/>\n\t<meta property=\"og:image:height\" content=\"343\" \/>\n\t<meta property=\"og:image:type\" content=\"image\/jpeg\" \/>\n<meta name=\"author\" content=\"Miguel Antonio M\u00e1rquez Monta\u00f1ez\" \/>\n<meta name=\"twitter:card\" content=\"summary_large_image\" \/>\n<meta name=\"twitter:label1\" content=\"Escrito por\" \/>\n\t<meta name=\"twitter:data1\" content=\"Miguel Antonio M\u00e1rquez Monta\u00f1ez\" \/>\n\t<meta name=\"twitter:label2\" content=\"Tiempo de lectura\" \/>\n\t<meta name=\"twitter:data2\" content=\"8 minutos\" \/>\n<script type=\"application\/ld+json\" class=\"yoast-schema-graph\">{\"@context\":\"https:\\\/\\\/schema.org\",\"@graph\":[{\"@type\":\"Article\",\"@id\":\"https:\\\/\\\/contadoreshoy.com\\\/?p=6903#article\",\"isPartOf\":{\"@id\":\"https:\\\/\\\/contadoreshoy.com\\\/?p=6903\"},\"author\":{\"name\":\"Miguel Antonio M\u00e1rquez Monta\u00f1ez\",\"@id\":\"https:\\\/\\\/contadoreshoy.com\\\/#\\\/schema\\\/person\\\/96d8979cb865537c5dc9345e40089fc5\"},\"headline\":\"Oficio 01097 febrero 01 de 2016 &#8211; DIAN &#8211;\",\"datePublished\":\"2016-02-26T00:34:37+00:00\",\"dateModified\":\"2017-02-05T02:59:11+00:00\",\"mainEntityOfPage\":{\"@id\":\"https:\\\/\\\/contadoreshoy.com\\\/?p=6903\"},\"wordCount\":1645,\"commentCount\":0,\"publisher\":{\"@id\":\"https:\\\/\\\/contadoreshoy.com\\\/#organization\"},\"image\":{\"@id\":\"https:\\\/\\\/contadoreshoy.com\\\/?p=6903#primaryimage\"},\"thumbnailUrl\":\"https:\\\/\\\/contadoreshoy.com\\\/wp-content\\\/uploads\\\/2015\\\/08\\\/DIAN.jpg\",\"articleSection\":[\"Conceptos y Oficios DIAN\",\"Preguntas Frecuentes\"],\"inLanguage\":\"es\",\"potentialAction\":[{\"@type\":\"CommentAction\",\"name\":\"Comment\",\"target\":[\"https:\\\/\\\/contadoreshoy.com\\\/?p=6903#respond\"]}]},{\"@type\":\"WebPage\",\"@id\":\"https:\\\/\\\/contadoreshoy.com\\\/?p=6903\",\"url\":\"https:\\\/\\\/contadoreshoy.com\\\/?p=6903\",\"name\":\"Oficio 01097 febrero 01 de 2016 - DIAN - Contadores P\u00fablicos\",\"isPartOf\":{\"@id\":\"https:\\\/\\\/contadoreshoy.com\\\/#website\"},\"primaryImageOfPage\":{\"@id\":\"https:\\\/\\\/contadoreshoy.com\\\/?p=6903#primaryimage\"},\"image\":{\"@id\":\"https:\\\/\\\/contadoreshoy.com\\\/?p=6903#primaryimage\"},\"thumbnailUrl\":\"https:\\\/\\\/contadoreshoy.com\\\/wp-content\\\/uploads\\\/2015\\\/08\\\/DIAN.jpg\",\"datePublished\":\"2016-02-26T00:34:37+00:00\",\"dateModified\":\"2017-02-05T02:59:11+00:00\",\"breadcrumb\":{\"@id\":\"https:\\\/\\\/contadoreshoy.com\\\/?p=6903#breadcrumb\"},\"inLanguage\":\"es\",\"potentialAction\":[{\"@type\":\"ReadAction\",\"target\":[\"https:\\\/\\\/contadoreshoy.com\\\/?p=6903\"]}]},{\"@type\":\"ImageObject\",\"inLanguage\":\"es\",\"@id\":\"https:\\\/\\\/contadoreshoy.com\\\/?p=6903#primaryimage\",\"url\":\"https:\\\/\\\/contadoreshoy.com\\\/wp-content\\\/uploads\\\/2015\\\/08\\\/DIAN.jpg\",\"contentUrl\":\"https:\\\/\\\/contadoreshoy.com\\\/wp-content\\\/uploads\\\/2015\\\/08\\\/DIAN.jpg\",\"width\":350,\"height\":343},{\"@type\":\"BreadcrumbList\",\"@id\":\"https:\\\/\\\/contadoreshoy.com\\\/?p=6903#breadcrumb\",\"itemListElement\":[{\"@type\":\"ListItem\",\"position\":1,\"name\":\"Portada\",\"item\":\"https:\\\/\\\/contadoreshoy.com\\\/\"},{\"@type\":\"ListItem\",\"position\":2,\"name\":\"Oficio 01097 febrero 01 de 2016 &#8211; DIAN &#8211;\"}]},{\"@type\":\"WebSite\",\"@id\":\"https:\\\/\\\/contadoreshoy.com\\\/#website\",\"url\":\"https:\\\/\\\/contadoreshoy.com\\\/\",\"name\":\"Contadorespublicossantander\",\"description\":\"Portal para Contadores P\u00fablicos y empresarios\",\"publisher\":{\"@id\":\"https:\\\/\\\/contadoreshoy.com\\\/#organization\"},\"potentialAction\":[{\"@type\":\"SearchAction\",\"target\":{\"@type\":\"EntryPoint\",\"urlTemplate\":\"https:\\\/\\\/contadoreshoy.com\\\/?s={search_term_string}\"},\"query-input\":{\"@type\":\"PropertyValueSpecification\",\"valueRequired\":true,\"valueName\":\"search_term_string\"}}],\"inLanguage\":\"es\"},{\"@type\":\"Organization\",\"@id\":\"https:\\\/\\\/contadoreshoy.com\\\/#organization\",\"name\":\"Contadores P\u00fablicos de Santander\",\"url\":\"https:\\\/\\\/contadoreshoy.com\\\/\",\"logo\":{\"@type\":\"ImageObject\",\"inLanguage\":\"es\",\"@id\":\"https:\\\/\\\/contadoreshoy.com\\\/#\\\/schema\\\/logo\\\/image\\\/\",\"url\":\"https:\\\/\\\/contadoreshoy.com\\\/wp-content\\\/uploads\\\/2024\\\/01\\\/cropped-cropped-Copia-de-M-1.jpg\",\"contentUrl\":\"https:\\\/\\\/contadoreshoy.com\\\/wp-content\\\/uploads\\\/2024\\\/01\\\/cropped-cropped-Copia-de-M-1.jpg\",\"width\":499,\"height\":500,\"caption\":\"Contadores P\u00fablicos de Santander\"},\"image\":{\"@id\":\"https:\\\/\\\/contadoreshoy.com\\\/#\\\/schema\\\/logo\\\/image\\\/\"},\"sameAs\":[\"https:\\\/\\\/www.facebook.com\\\/CCCPBucaramanga\\\/\"]},{\"@type\":\"Person\",\"@id\":\"https:\\\/\\\/contadoreshoy.com\\\/#\\\/schema\\\/person\\\/96d8979cb865537c5dc9345e40089fc5\",\"name\":\"Miguel Antonio M\u00e1rquez Monta\u00f1ez\",\"description\":\"Contador P\u00fablico egresado de la Universidad Aut\u00f3noma de Bucaramanga - Asesor contable tributario con m\u00e1s de 25 a\u00f1os de experiencia - Conferencista en temas contables y tributarios - T\u00e9cnico en Hardware y Dise\u00f1o Web - Creador y director Grupo de Estudio Colegio Colombiano de Contadores P\u00fablicos de Bucaramanga - Creador y Master Web p\u00e1gina www.contadoresp\u00fablicossantander.com - Expresidente Colegio Colombiano de Contadores P\u00fablicos Bucaramanga\",\"url\":\"https:\\\/\\\/contadoreshoy.com\\\/?author=1\"}]}<\/script>\n<!-- \/ Yoast SEO plugin. -->","yoast_head_json":{"title":"Oficio 01097 febrero 01 de 2016 - DIAN - Contadores P\u00fablicos","robots":{"index":"index","follow":"follow","max-snippet":"max-snippet:-1","max-image-preview":"max-image-preview:large","max-video-preview":"max-video-preview:-1"},"canonical":"https:\/\/contadoreshoy.com\/?p=6903","og_locale":"es_ES","og_type":"article","og_title":"Oficio 01097 febrero 01 de 2016 - DIAN - Contadores P\u00fablicos","og_description":". \u00bfEl r\u00e9gimen de precios de transferencia cobija las operaciones de compraventa de bienes y prestaci\u00f3n de servicios realizadas en el mercado nacional?","og_url":"https:\/\/contadoreshoy.com\/?p=6903","og_site_name":"Contadores P\u00fablicos","article_publisher":"https:\/\/www.facebook.com\/CCCPBucaramanga\/","article_published_time":"2016-02-26T00:34:37+00:00","article_modified_time":"2017-02-05T02:59:11+00:00","og_image":[{"width":350,"height":343,"url":"https:\/\/contadoreshoy.com\/wp-content\/uploads\/2015\/08\/DIAN.jpg","type":"image\/jpeg"}],"author":"Miguel Antonio M\u00e1rquez Monta\u00f1ez","twitter_card":"summary_large_image","twitter_misc":{"Escrito por":"Miguel Antonio M\u00e1rquez Monta\u00f1ez","Tiempo de lectura":"8 minutos"},"schema":{"@context":"https:\/\/schema.org","@graph":[{"@type":"Article","@id":"https:\/\/contadoreshoy.com\/?p=6903#article","isPartOf":{"@id":"https:\/\/contadoreshoy.com\/?p=6903"},"author":{"name":"Miguel Antonio M\u00e1rquez Monta\u00f1ez","@id":"https:\/\/contadoreshoy.com\/#\/schema\/person\/96d8979cb865537c5dc9345e40089fc5"},"headline":"Oficio 01097 febrero 01 de 2016 &#8211; DIAN &#8211;","datePublished":"2016-02-26T00:34:37+00:00","dateModified":"2017-02-05T02:59:11+00:00","mainEntityOfPage":{"@id":"https:\/\/contadoreshoy.com\/?p=6903"},"wordCount":1645,"commentCount":0,"publisher":{"@id":"https:\/\/contadoreshoy.com\/#organization"},"image":{"@id":"https:\/\/contadoreshoy.com\/?p=6903#primaryimage"},"thumbnailUrl":"https:\/\/contadoreshoy.com\/wp-content\/uploads\/2015\/08\/DIAN.jpg","articleSection":["Conceptos y Oficios DIAN","Preguntas Frecuentes"],"inLanguage":"es","potentialAction":[{"@type":"CommentAction","name":"Comment","target":["https:\/\/contadoreshoy.com\/?p=6903#respond"]}]},{"@type":"WebPage","@id":"https:\/\/contadoreshoy.com\/?p=6903","url":"https:\/\/contadoreshoy.com\/?p=6903","name":"Oficio 01097 febrero 01 de 2016 - DIAN - Contadores P\u00fablicos","isPartOf":{"@id":"https:\/\/contadoreshoy.com\/#website"},"primaryImageOfPage":{"@id":"https:\/\/contadoreshoy.com\/?p=6903#primaryimage"},"image":{"@id":"https:\/\/contadoreshoy.com\/?p=6903#primaryimage"},"thumbnailUrl":"https:\/\/contadoreshoy.com\/wp-content\/uploads\/2015\/08\/DIAN.jpg","datePublished":"2016-02-26T00:34:37+00:00","dateModified":"2017-02-05T02:59:11+00:00","breadcrumb":{"@id":"https:\/\/contadoreshoy.com\/?p=6903#breadcrumb"},"inLanguage":"es","potentialAction":[{"@type":"ReadAction","target":["https:\/\/contadoreshoy.com\/?p=6903"]}]},{"@type":"ImageObject","inLanguage":"es","@id":"https:\/\/contadoreshoy.com\/?p=6903#primaryimage","url":"https:\/\/contadoreshoy.com\/wp-content\/uploads\/2015\/08\/DIAN.jpg","contentUrl":"https:\/\/contadoreshoy.com\/wp-content\/uploads\/2015\/08\/DIAN.jpg","width":350,"height":343},{"@type":"BreadcrumbList","@id":"https:\/\/contadoreshoy.com\/?p=6903#breadcrumb","itemListElement":[{"@type":"ListItem","position":1,"name":"Portada","item":"https:\/\/contadoreshoy.com\/"},{"@type":"ListItem","position":2,"name":"Oficio 01097 febrero 01 de 2016 &#8211; DIAN &#8211;"}]},{"@type":"WebSite","@id":"https:\/\/contadoreshoy.com\/#website","url":"https:\/\/contadoreshoy.com\/","name":"Contadorespublicossantander","description":"Portal para Contadores P\u00fablicos y empresarios","publisher":{"@id":"https:\/\/contadoreshoy.com\/#organization"},"potentialAction":[{"@type":"SearchAction","target":{"@type":"EntryPoint","urlTemplate":"https:\/\/contadoreshoy.com\/?s={search_term_string}"},"query-input":{"@type":"PropertyValueSpecification","valueRequired":true,"valueName":"search_term_string"}}],"inLanguage":"es"},{"@type":"Organization","@id":"https:\/\/contadoreshoy.com\/#organization","name":"Contadores P\u00fablicos de Santander","url":"https:\/\/contadoreshoy.com\/","logo":{"@type":"ImageObject","inLanguage":"es","@id":"https:\/\/contadoreshoy.com\/#\/schema\/logo\/image\/","url":"https:\/\/contadoreshoy.com\/wp-content\/uploads\/2024\/01\/cropped-cropped-Copia-de-M-1.jpg","contentUrl":"https:\/\/contadoreshoy.com\/wp-content\/uploads\/2024\/01\/cropped-cropped-Copia-de-M-1.jpg","width":499,"height":500,"caption":"Contadores P\u00fablicos de Santander"},"image":{"@id":"https:\/\/contadoreshoy.com\/#\/schema\/logo\/image\/"},"sameAs":["https:\/\/www.facebook.com\/CCCPBucaramanga\/"]},{"@type":"Person","@id":"https:\/\/contadoreshoy.com\/#\/schema\/person\/96d8979cb865537c5dc9345e40089fc5","name":"Miguel Antonio M\u00e1rquez Monta\u00f1ez","description":"Contador P\u00fablico egresado de la Universidad Aut\u00f3noma de Bucaramanga - Asesor contable tributario con m\u00e1s de 25 a\u00f1os de experiencia - Conferencista en temas contables y tributarios - T\u00e9cnico en Hardware y Dise\u00f1o Web - Creador y director Grupo de Estudio Colegio Colombiano de Contadores P\u00fablicos de Bucaramanga - Creador y Master Web p\u00e1gina www.contadoresp\u00fablicossantander.com - Expresidente Colegio Colombiano de Contadores P\u00fablicos Bucaramanga","url":"https:\/\/contadoreshoy.com\/?author=1"}]}},"_links":{"self":[{"href":"https:\/\/contadoreshoy.com\/index.php?rest_route=\/wp\/v2\/posts\/6903","targetHints":{"allow":["GET"]}}],"collection":[{"href":"https:\/\/contadoreshoy.com\/index.php?rest_route=\/wp\/v2\/posts"}],"about":[{"href":"https:\/\/contadoreshoy.com\/index.php?rest_route=\/wp\/v2\/types\/post"}],"author":[{"embeddable":true,"href":"https:\/\/contadoreshoy.com\/index.php?rest_route=\/wp\/v2\/users\/1"}],"replies":[{"embeddable":true,"href":"https:\/\/contadoreshoy.com\/index.php?rest_route=%2Fwp%2Fv2%2Fcomments&post=6903"}],"version-history":[{"count":1,"href":"https:\/\/contadoreshoy.com\/index.php?rest_route=\/wp\/v2\/posts\/6903\/revisions"}],"predecessor-version":[{"id":7915,"href":"https:\/\/contadoreshoy.com\/index.php?rest_route=\/wp\/v2\/posts\/6903\/revisions\/7915"}],"wp:featuredmedia":[{"embeddable":true,"href":"https:\/\/contadoreshoy.com\/index.php?rest_route=\/wp\/v2\/media\/5611"}],"wp:attachment":[{"href":"https:\/\/contadoreshoy.com\/index.php?rest_route=%2Fwp%2Fv2%2Fmedia&parent=6903"}],"wp:term":[{"taxonomy":"category","embeddable":true,"href":"https:\/\/contadoreshoy.com\/index.php?rest_route=%2Fwp%2Fv2%2Fcategories&post=6903"},{"taxonomy":"post_tag","embeddable":true,"href":"https:\/\/contadoreshoy.com\/index.php?rest_route=%2Fwp%2Fv2%2Ftags&post=6903"}],"curies":[{"name":"wp","href":"https:\/\/api.w.org\/{rel}","templated":true}]}}