{"id":6908,"date":"2016-02-26T21:18:31","date_gmt":"2016-02-27T02:18:31","guid":{"rendered":"http:\/\/colegiocolombianodecontadores.com\/?p=6908"},"modified":"2017-02-04T21:59:11","modified_gmt":"2017-02-05T02:59:11","slug":"oficio-01344-febrero-04-de-2016-dian-sustraccion-de-rentas-exentas-para-asimilados-a-empleados","status":"publish","type":"post","link":"https:\/\/contadoreshoy.com\/?p=6908","title":{"rendered":"Oficio 01344 febrero 04 de 2016 DIAN &#8211; Sustracci\u00f3n de rentas exentas para asimilados a empleados"},"content":{"rendered":"<p style=\"text-align: center;\">OFICIO N\u00daMERO 001344 DE 2016 DIAN<br \/>\n(febrero 4)<\/p>\n<p>Direcci\u00f3n de Gesti\u00f3n Jur\u00eddica<br \/>\n100202208-0078<br \/>\nBogot\u00e1, D. C., 4 de febrero de 2016<br \/>\nSe\u00f1ora<br \/>\nFLOR ZULIAN SALAMANCA D\u00cdAZ<br \/>\nSubdirectora Financiera<br \/>\nDepartamento Nacional de Planeaci\u00f3n<br \/>\nCalle 26 N\u00b0 13-19<br \/>\nBogot\u00e1<br \/>\nReferencia: Radicado 038314 del 25\/09\/2015 Cordial saludo se\u00f1ora Flor Zulian:<br \/>\nDe conformidad con el art\u00edculo 19 del Decreto 4048 de 2008, es funci\u00f3n de esta Direcci\u00f3n absolver las consultas escritas que se formulen sobre la interpretaci\u00f3n y aplicaci\u00f3n de las normas tributarias de car\u00e1cter nacional, aduaneras y cambiarias en lo de competencia de la Entidad, \u00e1mbito dentro del cual ser\u00e1 atendida su solicitud.<\/p>\n<p><span style=\"color: #0000ff;\">En su consulta solicita a este despacho defina el alcance de la Sentencia C-492 de 2015 de la Corte Constitucional en donde el alto \u00f3rgano jurisdiccional declar\u00f3 la constitucionalidad condicionada del art\u00edculo 10 de la Ley 1607 de 2012, bajo el entendido \u201cde que a partir del periodo gravable siguiente a aquel en que se expide este fallo, el c\u00e1lculo de la renta gravable alternativa para empleados, obtenida en virtud de los sistemas IMAN e IMAS-PE, debe permitir la sustracci\u00f3n de las rentas de trabajo exentas, en los t\u00e9rminos previstos por el art\u00edculo 206-10, primera frase, del Estatuto Tributario, una vez se detraigan del valor total de los pagos laborales recibidos por el trabajador, los conceptos permitidos por el art\u00edculo 332 del Estatuto\u201d, en los siguientes supuestos:<\/span><br \/>\n<span style=\"color: #333399;\">1. Alcance de la expresi\u00f3n \u201cprimera frase\u201d utilizada por parte de la Corte Constitucional, ya que en criterio del consultante no resulta claro si dicha expresi\u00f3n se refiere de manera exclusiva a la posibilidad de la inclusi\u00f3n del 25% de tramo de renta exenta sin limitante alguna o por si el contrario, incluye el l\u00edmite que establece el numeral 10 del art\u00edculo 206 del Estatuto Tributario.<\/span><br \/>\n2. Si por efecto de la declaratoria de exequibilidad condicionada de la Corte, los argumentos planteados para la inclusi\u00f3n del 25% de renta exenta para la determinaci\u00f3n de la renta gravable alternativa en el IMAN e IMAS se extrapolan de manera invariable para la depuraci\u00f3n de la base de retenci\u00f3n en la fuente.<br \/>\nAnte lo que este despacho se permite a resolver los siguientes asuntos en su respectivo orden:<br \/>\n1. Frente al alcance de la expresi\u00f3n \u201cprimera fase\u201d se\u00f1alada por parte de la Corte Constitucional, resulta necesario observar lo preceptuado en el numeral 10 del art\u00edculo 206 del Estatuto Tributario, disposici\u00f3n que consagra la determinaci\u00f3n del tramo de renta exenta para el r\u00e9gimen del Impuesto sobre la Renta, esto con el fin de contrastar dicho precepto normativo con lo manifestado por parte del alto tribunal, en aras de llegar a una conclusi\u00f3n al respecto.<br \/>\nAs\u00ed las cosas el numeral 10 del art\u00edculo 206 del Estatuto Tributario se\u00f1ala que:<\/p>\n<p style=\"text-align: justify;\">\n\u201cEl veinticinco por ciento (25%) del valor total de los pagos laborales, limitada mensualmente a doscientas cuarenta (240) UVT. El c\u00e1lculo de esta renta exenta se efectuar\u00e1 una vez se detraiga del valor total de los pagos laborales recibidos por el trabajador, los ingresos no constitutivos de renta, las deducciones y las dem\u00e1s rentas exentas diferentes a la establecida en el presente numeral\u201d.<br \/>\nEl contenido de este art\u00edculo, como es bien conocido, parte de dos supuestos: el primero hace referencia al porcentaje de renta exenta aplicable y su respectivo limitante (25 % y 240 UVT respectivamente), mientras que el segundo evento hace referencia a la metodolog\u00eda para el c\u00e1lculo del precitado porcentaje.<\/p>\n<p style=\"text-align: justify;\">\n<span style=\"color: #ff9900;\">Por su parte, la parte resolutiva de la Sentencia C-492 de 2015 se\u00f1ala que \u201cpara el c\u00e1lculo de la renta gravable alternativa para empleados, obtenida en virtud de los sistemas IMAN e IMAS-PE, debe permitir la sustracci\u00f3n de las rentas de trabajo exentas, en los t\u00e9rminos previstos por el art\u00edculo 206-10, primera frase, del Estatuto Tributario, una vez se detraigan del valor total de los pagos laborales recibidos por el trabajador, los conceptos permitidos por el art\u00edculo 332 del Estatuto\u201d, de lo que debe entenderse que:<\/span><\/p>\n<p style=\"text-align: justify;\">\na) La expresi\u00f3n \u201cprimera frase\u201d contenida en la sentencia en estudio hace referencia al porcentaje de renta exenta aplicable y su limitante, expresi\u00f3n que permite trazar una frontera respecto de la metodolog\u00eda de la determinaci\u00f3n de la renta exenta para efectos del IMAN e IMAS \u201cP-E\u201d, y el r\u00e9gimen ordinario del Impuesto sobre la Renta;<\/p>\n<p style=\"text-align: justify;\">\nb) Como consecuencia de lo anterior, al entender la Corte que para efectos de llegar al resultado de la determinaci\u00f3n de la renta exenta en el r\u00e9gimen ordinario y en los sistemas IMAN e IMAS-PE son diferentes, la misma corporaci\u00f3n se\u00f1ala como metodolog\u00eda para llegar a aquel resultado la posibilidad de restar sobre los conceptos permitidos por el art\u00edculo 332 del Estatuto Tributario.<\/p>\n<p style=\"text-align: justify;\">\n<span style=\"color: #ff6600;\">As\u00ed las cosas, considera este despacho que la expresi\u00f3n \u201cprimera frase\u201d prevista en la parte motiva de la sentencia hace referencia tanto al porcentaje como a su limitante ( 25% y 240 UVT), ya que la misma encuentra su raz\u00f3n de ser en el r\u00e9gimen metodol\u00f3gico diferencial para llegar al resultado en los diferentes Sistema de Determinaci\u00f3n de la Renta vigentes; sistema ordinario, al cual le aplica con todo su vigor lo establecido en la totalidad del numeral 10 del art\u00edculo 206, mientras que para los \u201csistemas\u201d IMAN e IMAS \u201cPE\u201d, en raz\u00f3n a su naturaleza especial de determinaci\u00f3n de la renta no le es aplicable de manera extensiva lo dispuesto en el art\u00edculo 206, siendo necesario la inclusi\u00f3n de la expresi\u00f3n por parte de la Corte Constitucional \u201cuna vez se detraigan del valor total de los pagos laborales recibidos por el trabajador, los conceptos permitidos por el art\u00edculo 332 del Estatuto\u201d.<\/span><\/p>\n<p style=\"text-align: justify;\">\n<span style=\"color: #000000;\">Lo anterior encuentra sustento cuando la Corte se\u00f1ala en este pronunciamiento lo siguiente:<\/span><\/p>\n<p style=\"text-align: justify;\">\n<span style=\"color: #000000;\">\u201cDe otro lado, como el contenido de ese mismo numeral remite a una regulaci\u00f3n conformada por la posibilidad de descontar costos, deducciones y otras rentas exentas, que es extra\u00f1a a la configuraci\u00f3n del IMAN, en el condicionamiento se consignar\u00e1 tambi\u00e9n la previsi\u00f3n de que la exenci\u00f3n porcentual del art\u00edculo 206-10, prima frase, del Estatuto, se aplica una vez se detraigan del valor total de los pagos laborales recibidos por el trabajador, los conceptos permitidos por el art\u00edculo 332 \u00eddem, relativos al sistema IMAN\u201d. <\/span><\/p>\n<p style=\"text-align: justify;\">\n<span style=\"color: #0000ff;\">2. Ahora bien, se consulta por su parte, si los efectos de constitucionalidad condicionada se extrapolan a la determinaci\u00f3n de la retenci\u00f3n en la fuente. <\/span><\/p>\n<p style=\"text-align: justify;\">\nEntiende este despacho en aras de encauzar su solicitud es que si los argumentos de la sentencia de constitucionalidad en lo que respecta al porcentaje de la renta exenta son aplicables para la aplicaci\u00f3n de la retenci\u00f3n en la fuente m\u00ednima prevista en el art\u00edculo 384, por lo que este despacho se permite en primera instancia analizar el pronunciamiento proferido por parte de la Corte Constitucional, para as\u00ed a rengl\u00f3n seguido determinar si los efectos del mismo pueden extenderse a lo previsto en el art\u00edculo 384 del Estatuto Tributario.<\/p>\n<p style=\"text-align: justify;\">\nLos cargos examinados por parte de la Sentencia C- 492 de 2015 parte del supuesto esencial del examen de los sistemas de determinaci\u00f3n de la Renta &#8211; IMAN e IMAS consagrados en la Ley 1607 de 2012.<\/p>\n<p style=\"text-align: justify;\">\nEs bajo este contexto, en donde la Corte Constitucional construye la argumentaci\u00f3n en el an\u00e1lisis de las normas demandadas frente a los principios constitucionales y derechos que considera el accionante vulnerados, y restringe tal y como se desprende de la lectura de la sentencia a analizar aquellos postulados frente aquellos sistemas de determinaci\u00f3n de la renta, se\u00f1alando que:<\/p>\n<p style=\"text-align: justify;\">\nPara garantizar el principio de supremac\u00eda constitucional, en armon\u00eda con el de conservaci\u00f3n del derecho, la Corte declarar\u00e1 exequibles por los cargos examinados los art\u00edculos 3\u00b0, 4\u00b0 y 7\u00b0 (parciales), de la Ley 1607 de 2012. El art\u00edculo 10 (integral) ser\u00e1 declarado exequible, con la condici\u00f3n de que el c\u00e1lculo de la renta gravable alternativa para empleados, obtenida en virtud de los sistemas IMAN e IMAS-PE, permita la sustracci\u00f3n de las rentas de trabajo exentas, en los t\u00e9rminos previstos por el art\u00edculo 206-10, primera frase, del Estatuto Tributario. Aunque esta decisi\u00f3n se funda en que la regulaci\u00f3n, seg\u00fan su contenido, est\u00e1 llamada a interferir en el m\u00ednimo vital de los contribuyentes con niveles medios de renta, y amenaza entonces su goce efectivo, la Corte no tiene competencia para introducir diferencias en el universo de beneficiarios de la exenci\u00f3n, y debe extenderla hacia todos los empleados obligados a aplicar el IMAN, con impactos porcentuales equivalentes (25%), y en los t\u00e9rminos del Estatuto.<\/p>\n<p style=\"text-align: justify;\">\n<span style=\"color: #ff9900;\">Como se observa, el alto tribunal se\u00f1ala que a efectos de la protecci\u00f3n de las garant\u00edas constitucionales y dentro de ellas de manera especial del M\u00ednimo vital, resulta procedente de manera exclusiva para la determinaci\u00f3n de la Renta mediante los sistemas IMAN e IMAS \u2013PE\u2013 la sustracci\u00f3n de las rentas de trabajo exentas en los t\u00e9rminos del art\u00edculo 206-10 del Estatuto Tributario, siendo esta la raz\u00f3n fundamental (ratio decidendi) para tomar la decisi\u00f3n (decisium) consagrada en la Sentencia C-492 de 2015.<\/span><\/p>\n<p style=\"text-align: justify;\">\nLa Corte Constitucional ha se\u00f1alado en sus pronunciamientos, que solo una parte de los mismos resultan vinculantes y de obligatorio cumplimiento, y seg\u00fan la propia doctrina de aquella entidad se han denominado decisum y ratio decidendi las cuales consisten en:<\/p>\n<p style=\"text-align: justify;\">\n(&#8230;) El decisum o parte resolutiva, debe ser entendido como la soluci\u00f3n concreta a un caso de estudio, es decir, la determinaci\u00f3n de si la norma es o no compatible con la Constituci\u00f3n. Esta parte de la decisi\u00f3n tiene efectos erga omnes en las sentencias de constitucionalidad (art\u00edculos 243 de la Constituci\u00f3n y 48 de la Ley Estatutaria de la Administraci\u00f3n de Justicia \u2013Ley 270 de 1996\u2013) y \u201cfuerza vinculante para todos los operadores jur\u00eddicos\u201d.<\/p>\n<p style=\"text-align: justify;\">\nLa ratio decidendi, corresponde a aquellas razones de la parte motiva de la sentencia que constituyen la regla determinante del sentido de la decisi\u00f3n y de su contenido espec\u00edfico. Es decir, es la \u201cformulaci\u00f3n, del principio, regla o raz\u00f3n general [de la sentencia] que constituye la base de la decisi\u00f3n judicial\u201d. \u201c(\u2026) La ratio decidendi est\u00e1 conformada, se dec\u00eda antes en las sentencias de la Corte, por \u2018los conceptos consignados en esta parte [motiva de una sentencia], que guarden una relaci\u00f3n estrecha, directa e inescindible con la parte resolutiva\u2019, sin los cuales \u2018la determinaci\u00f3n final [del fallo] no ser\u00eda comprensible o carecer\u00eda de fundamento\u2019\u201d (&#8230;).<\/p>\n<p style=\"text-align: justify;\">\n<span style=\"color: #ff9900;\">Por consiguiente, y a efectos del pronunciamiento objeto de estudio la ratio decidendi consiste en que para efectos de la protecci\u00f3n del m\u00ednimo vital (principalmente) resulta procedente la inclusi\u00f3n del tramo de renta exenta de que trata el art\u00edculo 260-10 en los sistemas IMAN e IMAS \u201cPE\u201d, por lo que la decisi\u00f3n de la Corte se restringe de manera exclusiva a este supuesto, tal y como se lee de la parte resolutiva de la sentencia transcrita en este concepto.<\/span><\/p>\n<p style=\"text-align: justify;\">\n<span style=\"color: #ff6600;\">En consecuencia, al ser de obligatorio cumplimiento solo los supuestos previstos con antelaci\u00f3n, mal har\u00eda este despacho en extender los efectos de la sentencia de constitucionalidad a eventos no regulados por ella, tal y como se pretende en este caso a la retenci\u00f3n en la fuente m\u00ednima prevista en el art\u00edculo 384 del Estatuto Tributario, el cual consagra los supuestos esenciales a detraer de la base sin que se prevea la renta exenta de que trata el art\u00edculo 206-10 del Estatuto Tributario. <\/span><\/p>\n<p style=\"text-align: justify;\">\n<span style=\"color: #000000;\">En los anteriores t\u00e9rminos se resuelve su solicitud y cordialmente le informamos que tanto la normatividad en materia tributaria, aduanera y cambiaria, como los conceptos emitidos por la Direcci\u00f3n de Gesti\u00f3n Jur\u00eddica en estas materias, pueden consultarse en la p\u00e1gina electr\u00f3nica de la DIAN: http:\/\/www.dian.gov.co siguiendo los \u00edconos: \u201cNormatividad\u201d &#8211; \u201ct\u00e9cnica\u201d y seleccionando los v\u00ednculos \u201cDoctrina\u201d y \u201cDirecci\u00f3n de Gesti\u00f3n Jur\u00eddica\u201d.<\/span><\/p>\n<p style=\"text-align: justify;\">Atentamente,<\/p>\n<p style=\"text-align: justify;\">\nLa Directora de Gesti\u00f3n Jur\u00eddica (E),<br \/>\nLiliana Andrea Forero G\u00f3mez. (C. F.).<\/p>\n","protected":false},"excerpt":{"rendered":"<p>La Sentencia C-492 de 2015 se\u00f1ala que \u201cpara el c\u00e1lculo de la renta gravable alternativa para empleados, obtenida en virtud de los sistemas IMAN e IMAS-PE, debe permitir la sustracci\u00f3n de las rentas de trabajo exentas, en los t\u00e9rminos previstos por el art\u00edculo 206-10, primera frase, del Estatuto Tributario, una vez se detraigan del valor total de los pagos laborales recibidos por el trabajador, los conceptos permitidos por el art\u00edculo 332 del Estatuto.<\/p>\n","protected":false},"author":1,"featured_media":4915,"comment_status":"open","ping_status":"open","sticky":false,"template":"","format":"standard","meta":{"_monsterinsights_skip_tracking":false,"ngg_post_thumbnail":0,"footnotes":"","_links_to":"","_links_to_target":""},"categories":[456,454],"tags":[],"class_list":["post-6908","post","type-post","status-publish","format-standard","has-post-thumbnail","hentry","category-conceptos-y-oficios-dian","category-sin-categoria"],"aioseo_notices":[],"aioseo_head":"\n\t\t<!-- All in One SEO 5.0.1.1 - aioseo.com -->\n\t<meta name=\"description\" content=\"La Sentencia C-492 de 2015 se\u00f1ala que \u201cpara el c\u00e1lculo de la renta gravable alternativa para empleados, obtenida en virtud de los sistemas IMAN e IMAS-PE, debe permitir la sustracci\u00f3n de las rentas de trabajo exentas, en los t\u00e9rminos previstos por el art\u00edculo 206-10, primera frase, del Estatuto Tributario, una vez se detraigan del valor total de los pagos laborales recibidos por el trabajador, los conceptos permitidos por el art\u00edculo 332 del Estatuto.\" \/>\n\t<meta name=\"robots\" content=\"max-image-preview:large\" \/>\n\t<meta name=\"author\" content=\"Miguel Antonio M\u00e1rquez Monta\u00f1ez\"\/>\n\t<link rel=\"canonical\" href=\"https:\/\/contadoreshoy.com\/?p=6908\" \/>\n\t<meta name=\"generator\" content=\"All in One SEO (AIOSEO) 5.0.1.1\" \/>\n\t\t<meta property=\"og:locale\" content=\"es_ES\" \/>\n\t\t<meta property=\"og:site_name\" content=\"Contadores P\u00fablicos - Portal para Contadores P\u00fablicos y empresarios\" \/>\n\t\t<meta property=\"og:type\" content=\"article\" \/>\n\t\t<meta property=\"og:title\" content=\"Oficio 01344 febrero 04 de 2016 DIAN \u2013 Sustracci\u00f3n de rentas exentas para asimilados a empleados - Contadores P\u00fablicos\" \/>\n\t\t<meta property=\"og:description\" content=\"La Sentencia C-492 de 2015 se\u00f1ala que \u201cpara el c\u00e1lculo de la renta gravable alternativa para empleados, obtenida en virtud de los sistemas IMAN e IMAS-PE, debe permitir la sustracci\u00f3n de las rentas de trabajo exentas, en los t\u00e9rminos previstos por el art\u00edculo 206-10, primera frase, del Estatuto Tributario, una vez se detraigan del valor total de los pagos laborales recibidos por el trabajador, los conceptos permitidos por el art\u00edculo 332 del Estatuto.\" \/>\n\t\t<meta property=\"og:url\" content=\"https:\/\/contadoreshoy.com\/?p=6908\" \/>\n\t\t<meta property=\"og:image\" content=\"https:\/\/contadoreshoy.com\/wp-content\/uploads\/2024\/01\/cropped-cropped-cropped-Copia-de-M.jpg\" \/>\n\t\t<meta property=\"og:image:secure_url\" content=\"https:\/\/contadoreshoy.com\/wp-content\/uploads\/2024\/01\/cropped-cropped-cropped-Copia-de-M.jpg\" \/>\n\t\t<meta property=\"og:image:width\" content=\"512\" \/>\n\t\t<meta property=\"og:image:height\" content=\"371\" \/>\n\t\t<meta property=\"article:published_time\" content=\"2016-02-27T02:18:31+00:00\" \/>\n\t\t<meta property=\"article:modified_time\" content=\"2017-02-05T02:59:11+00:00\" \/>\n\t\t<meta name=\"twitter:card\" content=\"summary_large_image\" \/>\n\t\t<meta name=\"twitter:title\" content=\"Oficio 01344 febrero 04 de 2016 DIAN \u2013 Sustracci\u00f3n de rentas exentas para asimilados a empleados - Contadores P\u00fablicos\" \/>\n\t\t<meta name=\"twitter:description\" content=\"La Sentencia C-492 de 2015 se\u00f1ala que \u201cpara el c\u00e1lculo de la renta gravable alternativa para empleados, obtenida en virtud de los sistemas IMAN e IMAS-PE, debe permitir la sustracci\u00f3n de las rentas de trabajo exentas, en los t\u00e9rminos previstos por el art\u00edculo 206-10, primera frase, del Estatuto Tributario, una vez se detraigan del valor total de los pagos laborales recibidos por el trabajador, los conceptos permitidos por el art\u00edculo 332 del Estatuto.\" \/>\n\t\t<meta name=\"twitter:image\" content=\"https:\/\/contadoreshoy.com\/wp-content\/uploads\/2024\/01\/cropped-cropped-cropped-Copia-de-M.jpg\" \/>\n\t\t<script type=\"application\/ld+json\" class=\"aioseo-schema\">\n\t\t\t{\"@context\":\"https:\\\/\\\/schema.org\",\"@graph\":[{\"@type\":\"BlogPosting\",\"@id\":\"https:\\\/\\\/contadoreshoy.com\\\/?p=6908#blogposting\",\"name\":\"Oficio 01344 febrero 04 de 2016 DIAN \\u2013 Sustracci\\u00f3n de rentas exentas para asimilados a empleados - Contadores P\\u00fablicos\",\"headline\":\"Oficio 01344 febrero 04 de 2016 DIAN &#8211; Sustracci\\u00f3n de rentas exentas para asimilados a empleados\",\"author\":{\"@id\":\"https:\\\/\\\/contadoreshoy.com\\\/?author=1#author\"},\"publisher\":{\"@id\":\"https:\\\/\\\/contadoreshoy.com\\\/#organization\"},\"image\":{\"@type\":\"ImageObject\",\"url\":\"https:\\\/\\\/contadoreshoy.com\\\/wp-content\\\/uploads\\\/2015\\\/07\\\/Trabajador-independiente.jpg\",\"width\":1024,\"height\":768},\"datePublished\":\"2016-02-26T21:18:31-05:00\",\"dateModified\":\"2017-02-04T21:59:11-05:00\",\"inLanguage\":\"es-ES\",\"mainEntityOfPage\":{\"@id\":\"https:\\\/\\\/contadoreshoy.com\\\/?p=6908#webpage\"},\"isPartOf\":{\"@id\":\"https:\\\/\\\/contadoreshoy.com\\\/?p=6908#webpage\"},\"articleSection\":\"Conceptos y Oficios DIAN, Sin categor\\u00eda\"},{\"@type\":\"BreadcrumbList\",\"@id\":\"https:\\\/\\\/contadoreshoy.com\\\/?p=6908#breadcrumblist\",\"itemListElement\":[{\"@type\":\"ListItem\",\"@id\":\"https:\\\/\\\/contadoreshoy.com#listItem\",\"position\":1,\"name\":\"Home\",\"item\":\"https:\\\/\\\/contadoreshoy.com\",\"nextItem\":{\"@type\":\"ListItem\",\"@id\":\"https:\\\/\\\/contadoreshoy.com\\\/?cat=454#listItem\",\"name\":\"Sin categor\\u00eda\"}},{\"@type\":\"ListItem\",\"@id\":\"https:\\\/\\\/contadoreshoy.com\\\/?cat=454#listItem\",\"position\":2,\"name\":\"Sin categor\\u00eda\",\"item\":\"https:\\\/\\\/contadoreshoy.com\\\/?cat=454\",\"nextItem\":{\"@type\":\"ListItem\",\"@id\":\"https:\\\/\\\/contadoreshoy.com\\\/?p=6908#listItem\",\"name\":\"Oficio 01344 febrero 04 de 2016 DIAN &#8211; Sustracci\\u00f3n de rentas exentas para asimilados a empleados\"},\"previousItem\":{\"@type\":\"ListItem\",\"@id\":\"https:\\\/\\\/contadoreshoy.com#listItem\",\"name\":\"Home\"}},{\"@type\":\"ListItem\",\"@id\":\"https:\\\/\\\/contadoreshoy.com\\\/?p=6908#listItem\",\"position\":3,\"name\":\"Oficio 01344 febrero 04 de 2016 DIAN &#8211; Sustracci\\u00f3n de rentas exentas para asimilados a empleados\",\"previousItem\":{\"@type\":\"ListItem\",\"@id\":\"https:\\\/\\\/contadoreshoy.com\\\/?cat=454#listItem\",\"name\":\"Sin categor\\u00eda\"}}]},{\"@type\":\"Organization\",\"@id\":\"https:\\\/\\\/contadoreshoy.com\\\/#organization\",\"name\":\"Contadores P\\u00fablicos\",\"description\":\"Portal para Contadores P\\u00fablicos y empresarios\",\"url\":\"https:\\\/\\\/contadoreshoy.com\\\/\",\"logo\":{\"@type\":\"ImageObject\",\"url\":\"https:\\\/\\\/contadoreshoy.com\\\/wp-content\\\/uploads\\\/2024\\\/01\\\/cropped-cropped-Copia-de-M-1.jpg\",\"@id\":\"https:\\\/\\\/contadoreshoy.com\\\/?p=6908\\\/#organizationLogo\",\"width\":499,\"height\":500},\"image\":{\"@id\":\"https:\\\/\\\/contadoreshoy.com\\\/?p=6908\\\/#organizationLogo\"}},{\"@type\":\"Person\",\"@id\":\"https:\\\/\\\/contadoreshoy.com\\\/?author=1#author\",\"url\":\"https:\\\/\\\/contadoreshoy.com\\\/?author=1\",\"name\":\"Miguel Antonio M\\u00e1rquez Monta\\u00f1ez\"},{\"@type\":\"WebPage\",\"@id\":\"https:\\\/\\\/contadoreshoy.com\\\/?p=6908#webpage\",\"url\":\"https:\\\/\\\/contadoreshoy.com\\\/?p=6908\",\"name\":\"Oficio 01344 febrero 04 de 2016 DIAN \\u2013 Sustracci\\u00f3n de rentas exentas para asimilados a empleados - Contadores P\\u00fablicos\",\"description\":\"La Sentencia C-492 de 2015 se\\u00f1ala que \\u201cpara el c\\u00e1lculo de la renta gravable alternativa para empleados, obtenida en virtud de los sistemas IMAN e IMAS-PE, debe permitir la sustracci\\u00f3n de las rentas de trabajo exentas, en los t\\u00e9rminos previstos por el art\\u00edculo 206-10, primera frase, del Estatuto Tributario, una vez se detraigan del valor total de los pagos laborales recibidos por el trabajador, los conceptos permitidos por el art\\u00edculo 332 del Estatuto.\",\"inLanguage\":\"es-ES\",\"isPartOf\":{\"@id\":\"https:\\\/\\\/contadoreshoy.com\\\/#website\"},\"breadcrumb\":{\"@id\":\"https:\\\/\\\/contadoreshoy.com\\\/?p=6908#breadcrumblist\"},\"author\":{\"@id\":\"https:\\\/\\\/contadoreshoy.com\\\/?author=1#author\"},\"creator\":{\"@id\":\"https:\\\/\\\/contadoreshoy.com\\\/?author=1#author\"},\"image\":{\"@type\":\"ImageObject\",\"url\":\"https:\\\/\\\/contadoreshoy.com\\\/wp-content\\\/uploads\\\/2015\\\/07\\\/Trabajador-independiente.jpg\",\"@id\":\"https:\\\/\\\/contadoreshoy.com\\\/?p=6908\\\/#mainImage\",\"width\":1024,\"height\":768},\"primaryImageOfPage\":{\"@id\":\"https:\\\/\\\/contadoreshoy.com\\\/?p=6908#mainImage\"},\"datePublished\":\"2016-02-26T21:18:31-05:00\",\"dateModified\":\"2017-02-04T21:59:11-05:00\"},{\"@type\":\"WebSite\",\"@id\":\"https:\\\/\\\/contadoreshoy.com\\\/#website\",\"url\":\"https:\\\/\\\/contadoreshoy.com\\\/\",\"name\":\"Contadores P\\u00fablicos\",\"description\":\"Portal para Contadores P\\u00fablicos y empresarios\",\"inLanguage\":\"es-ES\",\"publisher\":{\"@id\":\"https:\\\/\\\/contadoreshoy.com\\\/#organization\"}}]}\n\t\t<\/script>\n\t\t<!-- All in One SEO -->\n\n","aioseo_head_json":{"title":"Oficio 01344 febrero 04 de 2016 DIAN \u2013 Sustracci\u00f3n de rentas exentas para asimilados a empleados - Contadores P\u00fablicos","description":"La Sentencia C-492 de 2015 se\u00f1ala que \u201cpara el c\u00e1lculo de la renta gravable alternativa para empleados, obtenida en virtud de los sistemas IMAN e IMAS-PE, debe permitir la sustracci\u00f3n de las rentas de trabajo exentas, en los t\u00e9rminos previstos por el art\u00edculo 206-10, primera frase, del Estatuto Tributario, una vez se detraigan del valor total de los pagos laborales recibidos por el trabajador, los conceptos permitidos por el art\u00edculo 332 del Estatuto.","canonical_url":"https:\/\/contadoreshoy.com\/?p=6908","robots":"max-image-preview:large","keywords":"","webmasterTools":{"miscellaneous":""},"schema":{"@context":"https:\/\/schema.org","@graph":[{"@type":"BlogPosting","@id":"https:\/\/contadoreshoy.com\/?p=6908#blogposting","name":"Oficio 01344 febrero 04 de 2016 DIAN \u2013 Sustracci\u00f3n de rentas exentas para asimilados a empleados - Contadores P\u00fablicos","headline":"Oficio 01344 febrero 04 de 2016 DIAN &#8211; Sustracci\u00f3n de rentas exentas para asimilados a empleados","author":{"@id":"https:\/\/contadoreshoy.com\/?author=1#author"},"publisher":{"@id":"https:\/\/contadoreshoy.com\/#organization"},"image":{"@type":"ImageObject","url":"https:\/\/contadoreshoy.com\/wp-content\/uploads\/2015\/07\/Trabajador-independiente.jpg","width":1024,"height":768},"datePublished":"2016-02-26T21:18:31-05:00","dateModified":"2017-02-04T21:59:11-05:00","inLanguage":"es-ES","mainEntityOfPage":{"@id":"https:\/\/contadoreshoy.com\/?p=6908#webpage"},"isPartOf":{"@id":"https:\/\/contadoreshoy.com\/?p=6908#webpage"},"articleSection":"Conceptos y Oficios DIAN, Sin categor\u00eda"},{"@type":"BreadcrumbList","@id":"https:\/\/contadoreshoy.com\/?p=6908#breadcrumblist","itemListElement":[{"@type":"ListItem","@id":"https:\/\/contadoreshoy.com#listItem","position":1,"name":"Home","item":"https:\/\/contadoreshoy.com","nextItem":{"@type":"ListItem","@id":"https:\/\/contadoreshoy.com\/?cat=454#listItem","name":"Sin categor\u00eda"}},{"@type":"ListItem","@id":"https:\/\/contadoreshoy.com\/?cat=454#listItem","position":2,"name":"Sin categor\u00eda","item":"https:\/\/contadoreshoy.com\/?cat=454","nextItem":{"@type":"ListItem","@id":"https:\/\/contadoreshoy.com\/?p=6908#listItem","name":"Oficio 01344 febrero 04 de 2016 DIAN &#8211; Sustracci\u00f3n de rentas exentas para asimilados a empleados"},"previousItem":{"@type":"ListItem","@id":"https:\/\/contadoreshoy.com#listItem","name":"Home"}},{"@type":"ListItem","@id":"https:\/\/contadoreshoy.com\/?p=6908#listItem","position":3,"name":"Oficio 01344 febrero 04 de 2016 DIAN &#8211; Sustracci\u00f3n de rentas exentas para asimilados a empleados","previousItem":{"@type":"ListItem","@id":"https:\/\/contadoreshoy.com\/?cat=454#listItem","name":"Sin categor\u00eda"}}]},{"@type":"Organization","@id":"https:\/\/contadoreshoy.com\/#organization","name":"Contadores P\u00fablicos","description":"Portal para Contadores P\u00fablicos y empresarios","url":"https:\/\/contadoreshoy.com\/","logo":{"@type":"ImageObject","url":"https:\/\/contadoreshoy.com\/wp-content\/uploads\/2024\/01\/cropped-cropped-Copia-de-M-1.jpg","@id":"https:\/\/contadoreshoy.com\/?p=6908\/#organizationLogo","width":499,"height":500},"image":{"@id":"https:\/\/contadoreshoy.com\/?p=6908\/#organizationLogo"}},{"@type":"Person","@id":"https:\/\/contadoreshoy.com\/?author=1#author","url":"https:\/\/contadoreshoy.com\/?author=1","name":"Miguel Antonio M\u00e1rquez Monta\u00f1ez"},{"@type":"WebPage","@id":"https:\/\/contadoreshoy.com\/?p=6908#webpage","url":"https:\/\/contadoreshoy.com\/?p=6908","name":"Oficio 01344 febrero 04 de 2016 DIAN \u2013 Sustracci\u00f3n de rentas exentas para asimilados a empleados - Contadores P\u00fablicos","description":"La Sentencia C-492 de 2015 se\u00f1ala que \u201cpara el c\u00e1lculo de la renta gravable alternativa para empleados, obtenida en virtud de los sistemas IMAN e IMAS-PE, debe permitir la sustracci\u00f3n de las rentas de trabajo exentas, en los t\u00e9rminos previstos por el art\u00edculo 206-10, primera frase, del Estatuto Tributario, una vez se detraigan del valor total de los pagos laborales recibidos por el trabajador, los conceptos permitidos por el art\u00edculo 332 del Estatuto.","inLanguage":"es-ES","isPartOf":{"@id":"https:\/\/contadoreshoy.com\/#website"},"breadcrumb":{"@id":"https:\/\/contadoreshoy.com\/?p=6908#breadcrumblist"},"author":{"@id":"https:\/\/contadoreshoy.com\/?author=1#author"},"creator":{"@id":"https:\/\/contadoreshoy.com\/?author=1#author"},"image":{"@type":"ImageObject","url":"https:\/\/contadoreshoy.com\/wp-content\/uploads\/2015\/07\/Trabajador-independiente.jpg","@id":"https:\/\/contadoreshoy.com\/?p=6908\/#mainImage","width":1024,"height":768},"primaryImageOfPage":{"@id":"https:\/\/contadoreshoy.com\/?p=6908#mainImage"},"datePublished":"2016-02-26T21:18:31-05:00","dateModified":"2017-02-04T21:59:11-05:00"},{"@type":"WebSite","@id":"https:\/\/contadoreshoy.com\/#website","url":"https:\/\/contadoreshoy.com\/","name":"Contadores P\u00fablicos","description":"Portal para Contadores P\u00fablicos y empresarios","inLanguage":"es-ES","publisher":{"@id":"https:\/\/contadoreshoy.com\/#organization"}}]},"og:locale":"es_ES","og:site_name":"Contadores P\u00fablicos - Portal para Contadores P\u00fablicos y empresarios","og:type":"article","og:title":"Oficio 01344 febrero 04 de 2016 DIAN \u2013 Sustracci\u00f3n de rentas exentas para asimilados a empleados - Contadores P\u00fablicos","og:description":"La Sentencia C-492 de 2015 se\u00f1ala que \u201cpara el c\u00e1lculo de la renta gravable alternativa para empleados, obtenida en virtud de los sistemas IMAN e IMAS-PE, debe permitir la sustracci\u00f3n de las rentas de trabajo exentas, en los t\u00e9rminos previstos por el art\u00edculo 206-10, primera frase, del Estatuto Tributario, una vez se detraigan del valor total de los pagos laborales recibidos por el trabajador, los conceptos permitidos por el art\u00edculo 332 del Estatuto.","og:url":"https:\/\/contadoreshoy.com\/?p=6908","og:image":"https:\/\/contadoreshoy.com\/wp-content\/uploads\/2024\/01\/cropped-cropped-cropped-Copia-de-M.jpg","og:image:secure_url":"https:\/\/contadoreshoy.com\/wp-content\/uploads\/2024\/01\/cropped-cropped-cropped-Copia-de-M.jpg","og:image:width":512,"og:image:height":371,"article:published_time":"2016-02-27T02:18:31+00:00","article:modified_time":"2017-02-05T02:59:11+00:00","twitter:card":"summary_large_image","twitter:title":"Oficio 01344 febrero 04 de 2016 DIAN \u2013 Sustracci\u00f3n de rentas exentas para asimilados a empleados - Contadores P\u00fablicos","twitter:description":"La Sentencia C-492 de 2015 se\u00f1ala que \u201cpara el c\u00e1lculo de la renta gravable alternativa para empleados, obtenida en virtud de los sistemas IMAN e IMAS-PE, debe permitir la sustracci\u00f3n de las rentas de trabajo exentas, en los t\u00e9rminos previstos por el art\u00edculo 206-10, primera frase, del Estatuto Tributario, una vez se detraigan del valor total de los pagos laborales recibidos por el trabajador, los conceptos permitidos por el art\u00edculo 332 del Estatuto.","twitter:image":"https:\/\/contadoreshoy.com\/wp-content\/uploads\/2024\/01\/cropped-cropped-cropped-Copia-de-M.jpg"},"aioseo_meta_data":{"post_id":"6908","title":null,"description":null,"keywords":null,"keyphrases":null,"primary_term":null,"canonical_url":null,"og_title":null,"og_description":null,"og_object_type":"default","og_image_type":"default","og_image_url":null,"og_image_width":null,"og_image_height":null,"og_image_custom_url":null,"og_image_custom_fields":null,"og_video":null,"og_custom_url":null,"og_article_section":null,"og_article_tags":null,"twitter_use_og":false,"twitter_card":"default","twitter_image_type":"default","twitter_image_url":null,"twitter_image_custom_url":null,"twitter_image_custom_fields":null,"twitter_title":null,"twitter_description":null,"schema":{"blockGraphs":[],"customGraphs":[],"default":{"data":{"Article":[],"Course":[],"Dataset":[],"FAQPage":[],"Movie":[],"Person":[],"Product":[],"ProductReview":[],"Car":[],"Recipe":[],"Service":[],"SoftwareApplication":[],"WebPage":[]},"graphName":"","isEnabled":true},"graphs":[]},"schema_type":"default","schema_type_options":null,"pillar_content":false,"robots_default":true,"robots_noindex":false,"robots_noarchive":false,"robots_nosnippet":false,"robots_nofollow":false,"robots_noimageindex":false,"robots_noodp":false,"robots_notranslate":false,"robots_max_snippet":null,"robots_max_videopreview":null,"robots_max_imagepreview":"large","priority":null,"frequency":null,"local_seo":null,"breadcrumb_settings":null,"limit_modified_date":false,"ai":null,"created":"2024-03-05 01:33:28","updated":"2026-03-03 04:48:42","seo_analyzer_scan_date":null,"focus_keyword":null,"additional_keywords":null,"truseo_locale":null},"aioseo_breadcrumb":"<div class=\"aioseo-breadcrumbs\"><span class=\"aioseo-breadcrumb\">\n\t\t\t<a href=\"https:\/\/contadoreshoy.com\" title=\"Home\">Home<\/a>\n\t\t<\/span><span class=\"aioseo-breadcrumb-separator\">&raquo;<\/span><span class=\"aioseo-breadcrumb\">\n\t\t\t<a href=\"https:\/\/contadoreshoy.com\/?cat=454\" title=\"Sin categor\u00eda\">Sin categor\u00eda<\/a>\n\t\t<\/span><span class=\"aioseo-breadcrumb-separator\">&raquo;<\/span><span class=\"aioseo-breadcrumb\">\n\t\t\tOficio 01344 febrero 04 de 2016 DIAN \u2013 Sustracci\u00f3n de rentas exentas para asimilados a empleados\n\t\t<\/span><\/div>","aioseo_breadcrumb_json":[{"label":"Home","link":"https:\/\/contadoreshoy.com"},{"label":"Sin categor\u00eda","link":"https:\/\/contadoreshoy.com\/?cat=454"},{"label":"Oficio 01344 febrero 04 de 2016 DIAN &#8211; Sustracci\u00f3n de rentas exentas para asimilados a empleados","link":"https:\/\/contadoreshoy.com\/?p=6908"}],"yoast_head":"<!-- This site is optimized with the Yoast SEO plugin v28.4 - https:\/\/yoast.com\/product\/yoast-seo-wordpress\/ -->\n<title>Oficio 01344 febrero 04 de 2016 DIAN - Sustracci\u00f3n de rentas exentas para asimilados a empleados - Contadores P\u00fablicos<\/title>\n<meta name=\"robots\" content=\"index, follow, max-snippet:-1, max-image-preview:large, max-video-preview:-1\" \/>\n<link rel=\"canonical\" href=\"https:\/\/contadoreshoy.com\/?p=6908\" \/>\n<meta property=\"og:locale\" content=\"es_ES\" \/>\n<meta property=\"og:type\" content=\"article\" \/>\n<meta property=\"og:title\" content=\"Oficio 01344 febrero 04 de 2016 DIAN - Sustracci\u00f3n de rentas exentas para asimilados a empleados - Contadores P\u00fablicos\" \/>\n<meta property=\"og:description\" content=\"La Sentencia C-492 de 2015 se\u00f1ala que \u201cpara el c\u00e1lculo de la renta gravable alternativa para empleados, obtenida en virtud de los sistemas IMAN e IMAS-PE, debe permitir la sustracci\u00f3n de las rentas de trabajo exentas, en los t\u00e9rminos previstos por el art\u00edculo 206-10, primera frase, del Estatuto Tributario, una vez se detraigan del valor total de los pagos laborales recibidos por el trabajador, los conceptos permitidos por el art\u00edculo 332 del Estatuto.\" \/>\n<meta property=\"og:url\" content=\"https:\/\/contadoreshoy.com\/?p=6908\" \/>\n<meta property=\"og:site_name\" content=\"Contadores P\u00fablicos\" \/>\n<meta property=\"article:publisher\" content=\"https:\/\/www.facebook.com\/CCCPBucaramanga\/\" \/>\n<meta property=\"article:published_time\" content=\"2016-02-27T02:18:31+00:00\" \/>\n<meta property=\"article:modified_time\" content=\"2017-02-05T02:59:11+00:00\" \/>\n<meta property=\"og:image\" content=\"https:\/\/contadoreshoy.com\/wp-content\/uploads\/2015\/07\/Trabajador-independiente.jpg\" \/>\n\t<meta property=\"og:image:width\" content=\"1024\" \/>\n\t<meta property=\"og:image:height\" content=\"768\" \/>\n\t<meta property=\"og:image:type\" content=\"image\/jpeg\" \/>\n<meta name=\"author\" content=\"Miguel Antonio M\u00e1rquez Monta\u00f1ez\" \/>\n<meta name=\"twitter:card\" content=\"summary_large_image\" \/>\n<meta name=\"twitter:label1\" content=\"Escrito por\" \/>\n\t<meta name=\"twitter:data1\" content=\"Miguel Antonio M\u00e1rquez Monta\u00f1ez\" \/>\n\t<meta name=\"twitter:label2\" content=\"Tiempo de lectura\" \/>\n\t<meta name=\"twitter:data2\" content=\"10 minutos\" \/>\n<script type=\"application\/ld+json\" class=\"yoast-schema-graph\">{\"@context\":\"https:\\\/\\\/schema.org\",\"@graph\":[{\"@type\":\"Article\",\"@id\":\"https:\\\/\\\/contadoreshoy.com\\\/?p=6908#article\",\"isPartOf\":{\"@id\":\"https:\\\/\\\/contadoreshoy.com\\\/?p=6908\"},\"author\":{\"name\":\"Miguel Antonio M\u00e1rquez Monta\u00f1ez\",\"@id\":\"https:\\\/\\\/contadoreshoy.com\\\/#\\\/schema\\\/person\\\/96d8979cb865537c5dc9345e40089fc5\"},\"headline\":\"Oficio 01344 febrero 04 de 2016 DIAN &#8211; Sustracci\u00f3n de rentas exentas para asimilados a empleados\",\"datePublished\":\"2016-02-27T02:18:31+00:00\",\"dateModified\":\"2017-02-05T02:59:11+00:00\",\"mainEntityOfPage\":{\"@id\":\"https:\\\/\\\/contadoreshoy.com\\\/?p=6908\"},\"wordCount\":2038,\"commentCount\":0,\"publisher\":{\"@id\":\"https:\\\/\\\/contadoreshoy.com\\\/#organization\"},\"image\":{\"@id\":\"https:\\\/\\\/contadoreshoy.com\\\/?p=6908#primaryimage\"},\"thumbnailUrl\":\"https:\\\/\\\/contadoreshoy.com\\\/wp-content\\\/uploads\\\/2015\\\/07\\\/Trabajador-independiente.jpg\",\"articleSection\":[\"Conceptos y Oficios DIAN\"],\"inLanguage\":\"es\",\"potentialAction\":[{\"@type\":\"CommentAction\",\"name\":\"Comment\",\"target\":[\"https:\\\/\\\/contadoreshoy.com\\\/?p=6908#respond\"]}]},{\"@type\":\"WebPage\",\"@id\":\"https:\\\/\\\/contadoreshoy.com\\\/?p=6908\",\"url\":\"https:\\\/\\\/contadoreshoy.com\\\/?p=6908\",\"name\":\"Oficio 01344 febrero 04 de 2016 DIAN - Sustracci\u00f3n de rentas exentas para asimilados a empleados - Contadores P\u00fablicos\",\"isPartOf\":{\"@id\":\"https:\\\/\\\/contadoreshoy.com\\\/#website\"},\"primaryImageOfPage\":{\"@id\":\"https:\\\/\\\/contadoreshoy.com\\\/?p=6908#primaryimage\"},\"image\":{\"@id\":\"https:\\\/\\\/contadoreshoy.com\\\/?p=6908#primaryimage\"},\"thumbnailUrl\":\"https:\\\/\\\/contadoreshoy.com\\\/wp-content\\\/uploads\\\/2015\\\/07\\\/Trabajador-independiente.jpg\",\"datePublished\":\"2016-02-27T02:18:31+00:00\",\"dateModified\":\"2017-02-05T02:59:11+00:00\",\"breadcrumb\":{\"@id\":\"https:\\\/\\\/contadoreshoy.com\\\/?p=6908#breadcrumb\"},\"inLanguage\":\"es\",\"potentialAction\":[{\"@type\":\"ReadAction\",\"target\":[\"https:\\\/\\\/contadoreshoy.com\\\/?p=6908\"]}]},{\"@type\":\"ImageObject\",\"inLanguage\":\"es\",\"@id\":\"https:\\\/\\\/contadoreshoy.com\\\/?p=6908#primaryimage\",\"url\":\"https:\\\/\\\/contadoreshoy.com\\\/wp-content\\\/uploads\\\/2015\\\/07\\\/Trabajador-independiente.jpg\",\"contentUrl\":\"https:\\\/\\\/contadoreshoy.com\\\/wp-content\\\/uploads\\\/2015\\\/07\\\/Trabajador-independiente.jpg\",\"width\":1024,\"height\":768},{\"@type\":\"BreadcrumbList\",\"@id\":\"https:\\\/\\\/contadoreshoy.com\\\/?p=6908#breadcrumb\",\"itemListElement\":[{\"@type\":\"ListItem\",\"position\":1,\"name\":\"Portada\",\"item\":\"https:\\\/\\\/contadoreshoy.com\\\/\"},{\"@type\":\"ListItem\",\"position\":2,\"name\":\"Oficio 01344 febrero 04 de 2016 DIAN &#8211; Sustracci\u00f3n de rentas exentas para asimilados a empleados\"}]},{\"@type\":\"WebSite\",\"@id\":\"https:\\\/\\\/contadoreshoy.com\\\/#website\",\"url\":\"https:\\\/\\\/contadoreshoy.com\\\/\",\"name\":\"Contadorespublicossantander\",\"description\":\"Portal para Contadores P\u00fablicos y empresarios\",\"publisher\":{\"@id\":\"https:\\\/\\\/contadoreshoy.com\\\/#organization\"},\"potentialAction\":[{\"@type\":\"SearchAction\",\"target\":{\"@type\":\"EntryPoint\",\"urlTemplate\":\"https:\\\/\\\/contadoreshoy.com\\\/?s={search_term_string}\"},\"query-input\":{\"@type\":\"PropertyValueSpecification\",\"valueRequired\":true,\"valueName\":\"search_term_string\"}}],\"inLanguage\":\"es\"},{\"@type\":\"Organization\",\"@id\":\"https:\\\/\\\/contadoreshoy.com\\\/#organization\",\"name\":\"Contadores P\u00fablicos de Santander\",\"url\":\"https:\\\/\\\/contadoreshoy.com\\\/\",\"logo\":{\"@type\":\"ImageObject\",\"inLanguage\":\"es\",\"@id\":\"https:\\\/\\\/contadoreshoy.com\\\/#\\\/schema\\\/logo\\\/image\\\/\",\"url\":\"https:\\\/\\\/contadoreshoy.com\\\/wp-content\\\/uploads\\\/2024\\\/01\\\/cropped-cropped-Copia-de-M-1.jpg\",\"contentUrl\":\"https:\\\/\\\/contadoreshoy.com\\\/wp-content\\\/uploads\\\/2024\\\/01\\\/cropped-cropped-Copia-de-M-1.jpg\",\"width\":499,\"height\":500,\"caption\":\"Contadores P\u00fablicos de Santander\"},\"image\":{\"@id\":\"https:\\\/\\\/contadoreshoy.com\\\/#\\\/schema\\\/logo\\\/image\\\/\"},\"sameAs\":[\"https:\\\/\\\/www.facebook.com\\\/CCCPBucaramanga\\\/\"]},{\"@type\":\"Person\",\"@id\":\"https:\\\/\\\/contadoreshoy.com\\\/#\\\/schema\\\/person\\\/96d8979cb865537c5dc9345e40089fc5\",\"name\":\"Miguel Antonio M\u00e1rquez Monta\u00f1ez\",\"description\":\"Contador P\u00fablico egresado de la Universidad Aut\u00f3noma de Bucaramanga - Asesor contable tributario con m\u00e1s de 25 a\u00f1os de experiencia - Conferencista en temas contables y tributarios - T\u00e9cnico en Hardware y Dise\u00f1o Web - Creador y director Grupo de Estudio Colegio Colombiano de Contadores P\u00fablicos de Bucaramanga - Creador y Master Web p\u00e1gina www.contadoresp\u00fablicossantander.com - Expresidente Colegio Colombiano de Contadores P\u00fablicos Bucaramanga\",\"url\":\"https:\\\/\\\/contadoreshoy.com\\\/?author=1\"}]}<\/script>\n<!-- \/ Yoast SEO plugin. -->","yoast_head_json":{"title":"Oficio 01344 febrero 04 de 2016 DIAN - Sustracci\u00f3n de rentas exentas para asimilados a empleados - Contadores P\u00fablicos","robots":{"index":"index","follow":"follow","max-snippet":"max-snippet:-1","max-image-preview":"max-image-preview:large","max-video-preview":"max-video-preview:-1"},"canonical":"https:\/\/contadoreshoy.com\/?p=6908","og_locale":"es_ES","og_type":"article","og_title":"Oficio 01344 febrero 04 de 2016 DIAN - Sustracci\u00f3n de rentas exentas para asimilados a empleados - Contadores P\u00fablicos","og_description":"La Sentencia C-492 de 2015 se\u00f1ala que \u201cpara el c\u00e1lculo de la renta gravable alternativa para empleados, obtenida en virtud de los sistemas IMAN e IMAS-PE, debe permitir la sustracci\u00f3n de las rentas de trabajo exentas, en los t\u00e9rminos previstos por el art\u00edculo 206-10, primera frase, del Estatuto Tributario, una vez se detraigan del valor total de los pagos laborales recibidos por el trabajador, los conceptos permitidos por el art\u00edculo 332 del Estatuto.","og_url":"https:\/\/contadoreshoy.com\/?p=6908","og_site_name":"Contadores P\u00fablicos","article_publisher":"https:\/\/www.facebook.com\/CCCPBucaramanga\/","article_published_time":"2016-02-27T02:18:31+00:00","article_modified_time":"2017-02-05T02:59:11+00:00","og_image":[{"width":1024,"height":768,"url":"https:\/\/contadoreshoy.com\/wp-content\/uploads\/2015\/07\/Trabajador-independiente.jpg","type":"image\/jpeg"}],"author":"Miguel Antonio M\u00e1rquez Monta\u00f1ez","twitter_card":"summary_large_image","twitter_misc":{"Escrito por":"Miguel Antonio M\u00e1rquez Monta\u00f1ez","Tiempo de lectura":"10 minutos"},"schema":{"@context":"https:\/\/schema.org","@graph":[{"@type":"Article","@id":"https:\/\/contadoreshoy.com\/?p=6908#article","isPartOf":{"@id":"https:\/\/contadoreshoy.com\/?p=6908"},"author":{"name":"Miguel Antonio M\u00e1rquez Monta\u00f1ez","@id":"https:\/\/contadoreshoy.com\/#\/schema\/person\/96d8979cb865537c5dc9345e40089fc5"},"headline":"Oficio 01344 febrero 04 de 2016 DIAN &#8211; Sustracci\u00f3n de rentas exentas para asimilados a empleados","datePublished":"2016-02-27T02:18:31+00:00","dateModified":"2017-02-05T02:59:11+00:00","mainEntityOfPage":{"@id":"https:\/\/contadoreshoy.com\/?p=6908"},"wordCount":2038,"commentCount":0,"publisher":{"@id":"https:\/\/contadoreshoy.com\/#organization"},"image":{"@id":"https:\/\/contadoreshoy.com\/?p=6908#primaryimage"},"thumbnailUrl":"https:\/\/contadoreshoy.com\/wp-content\/uploads\/2015\/07\/Trabajador-independiente.jpg","articleSection":["Conceptos y Oficios DIAN"],"inLanguage":"es","potentialAction":[{"@type":"CommentAction","name":"Comment","target":["https:\/\/contadoreshoy.com\/?p=6908#respond"]}]},{"@type":"WebPage","@id":"https:\/\/contadoreshoy.com\/?p=6908","url":"https:\/\/contadoreshoy.com\/?p=6908","name":"Oficio 01344 febrero 04 de 2016 DIAN - Sustracci\u00f3n de rentas exentas para asimilados a empleados - Contadores P\u00fablicos","isPartOf":{"@id":"https:\/\/contadoreshoy.com\/#website"},"primaryImageOfPage":{"@id":"https:\/\/contadoreshoy.com\/?p=6908#primaryimage"},"image":{"@id":"https:\/\/contadoreshoy.com\/?p=6908#primaryimage"},"thumbnailUrl":"https:\/\/contadoreshoy.com\/wp-content\/uploads\/2015\/07\/Trabajador-independiente.jpg","datePublished":"2016-02-27T02:18:31+00:00","dateModified":"2017-02-05T02:59:11+00:00","breadcrumb":{"@id":"https:\/\/contadoreshoy.com\/?p=6908#breadcrumb"},"inLanguage":"es","potentialAction":[{"@type":"ReadAction","target":["https:\/\/contadoreshoy.com\/?p=6908"]}]},{"@type":"ImageObject","inLanguage":"es","@id":"https:\/\/contadoreshoy.com\/?p=6908#primaryimage","url":"https:\/\/contadoreshoy.com\/wp-content\/uploads\/2015\/07\/Trabajador-independiente.jpg","contentUrl":"https:\/\/contadoreshoy.com\/wp-content\/uploads\/2015\/07\/Trabajador-independiente.jpg","width":1024,"height":768},{"@type":"BreadcrumbList","@id":"https:\/\/contadoreshoy.com\/?p=6908#breadcrumb","itemListElement":[{"@type":"ListItem","position":1,"name":"Portada","item":"https:\/\/contadoreshoy.com\/"},{"@type":"ListItem","position":2,"name":"Oficio 01344 febrero 04 de 2016 DIAN &#8211; Sustracci\u00f3n de rentas exentas para asimilados a empleados"}]},{"@type":"WebSite","@id":"https:\/\/contadoreshoy.com\/#website","url":"https:\/\/contadoreshoy.com\/","name":"Contadorespublicossantander","description":"Portal para Contadores P\u00fablicos y empresarios","publisher":{"@id":"https:\/\/contadoreshoy.com\/#organization"},"potentialAction":[{"@type":"SearchAction","target":{"@type":"EntryPoint","urlTemplate":"https:\/\/contadoreshoy.com\/?s={search_term_string}"},"query-input":{"@type":"PropertyValueSpecification","valueRequired":true,"valueName":"search_term_string"}}],"inLanguage":"es"},{"@type":"Organization","@id":"https:\/\/contadoreshoy.com\/#organization","name":"Contadores P\u00fablicos de Santander","url":"https:\/\/contadoreshoy.com\/","logo":{"@type":"ImageObject","inLanguage":"es","@id":"https:\/\/contadoreshoy.com\/#\/schema\/logo\/image\/","url":"https:\/\/contadoreshoy.com\/wp-content\/uploads\/2024\/01\/cropped-cropped-Copia-de-M-1.jpg","contentUrl":"https:\/\/contadoreshoy.com\/wp-content\/uploads\/2024\/01\/cropped-cropped-Copia-de-M-1.jpg","width":499,"height":500,"caption":"Contadores P\u00fablicos de Santander"},"image":{"@id":"https:\/\/contadoreshoy.com\/#\/schema\/logo\/image\/"},"sameAs":["https:\/\/www.facebook.com\/CCCPBucaramanga\/"]},{"@type":"Person","@id":"https:\/\/contadoreshoy.com\/#\/schema\/person\/96d8979cb865537c5dc9345e40089fc5","name":"Miguel Antonio M\u00e1rquez Monta\u00f1ez","description":"Contador P\u00fablico egresado de la Universidad Aut\u00f3noma de Bucaramanga - Asesor contable tributario con m\u00e1s de 25 a\u00f1os de experiencia - Conferencista en temas contables y tributarios - T\u00e9cnico en Hardware y Dise\u00f1o Web - Creador y director Grupo de Estudio Colegio Colombiano de Contadores P\u00fablicos de Bucaramanga - Creador y Master Web p\u00e1gina www.contadoresp\u00fablicossantander.com - Expresidente Colegio Colombiano de Contadores P\u00fablicos Bucaramanga","url":"https:\/\/contadoreshoy.com\/?author=1"}]}},"_links":{"self":[{"href":"https:\/\/contadoreshoy.com\/index.php?rest_route=\/wp\/v2\/posts\/6908","targetHints":{"allow":["GET"]}}],"collection":[{"href":"https:\/\/contadoreshoy.com\/index.php?rest_route=\/wp\/v2\/posts"}],"about":[{"href":"https:\/\/contadoreshoy.com\/index.php?rest_route=\/wp\/v2\/types\/post"}],"author":[{"embeddable":true,"href":"https:\/\/contadoreshoy.com\/index.php?rest_route=\/wp\/v2\/users\/1"}],"replies":[{"embeddable":true,"href":"https:\/\/contadoreshoy.com\/index.php?rest_route=%2Fwp%2Fv2%2Fcomments&post=6908"}],"version-history":[{"count":1,"href":"https:\/\/contadoreshoy.com\/index.php?rest_route=\/wp\/v2\/posts\/6908\/revisions"}],"predecessor-version":[{"id":7913,"href":"https:\/\/contadoreshoy.com\/index.php?rest_route=\/wp\/v2\/posts\/6908\/revisions\/7913"}],"wp:featuredmedia":[{"embeddable":true,"href":"https:\/\/contadoreshoy.com\/index.php?rest_route=\/wp\/v2\/media\/4915"}],"wp:attachment":[{"href":"https:\/\/contadoreshoy.com\/index.php?rest_route=%2Fwp%2Fv2%2Fmedia&parent=6908"}],"wp:term":[{"taxonomy":"category","embeddable":true,"href":"https:\/\/contadoreshoy.com\/index.php?rest_route=%2Fwp%2Fv2%2Fcategories&post=6908"},{"taxonomy":"post_tag","embeddable":true,"href":"https:\/\/contadoreshoy.com\/index.php?rest_route=%2Fwp%2Fv2%2Ftags&post=6908"}],"curies":[{"name":"wp","href":"https:\/\/api.w.org\/{rel}","templated":true}]}}