{"id":6946,"date":"2016-03-02T08:31:32","date_gmt":"2016-03-02T13:31:32","guid":{"rendered":"http:\/\/colegiocolombianodecontadores.com\/?p=6946"},"modified":"2017-02-04T21:59:11","modified_gmt":"2017-02-05T02:59:11","slug":"6946-2","status":"publish","type":"post","link":"https:\/\/contadoreshoy.com\/?p=6946","title":{"rendered":"Resoluci\u00f3n 482 febrero 19 de 2016 &#8211; Atenci\u00f3n en salud a adultos mayores"},"content":{"rendered":"<p style=\"text-align: center;\">MINISTERIO DE SALUD Y PROTECCI\u00d3N SOCIAL<\/p>\n<p style=\"text-align: center;\">RESOLUCI\u00d3N N\u00daMERO 00000482 DE 2016<br \/>\n( febrero 19)<\/p>\n<p style=\"text-align: justify;\">por medio de la cual se modifica el art\u00edculo 4\u00b0 de la Resoluci\u00f3n 1378 del 28 de abril de 2015, \u201cpor la cual se establecen disposiciones para la atenci\u00f3n en salud y protecci\u00f3n social del adulto mayor y para la conmemoraci\u00f3n del \u2018D\u00eda del Colombiano de Oro\u201d.<\/p>\n<p style=\"text-align: justify;\">El Ministro de Salud y Protecci\u00f3n Social, en uso de sus atribuciones legales, en especial de las conferidas por el numeral primero del art\u00edculo 17 de la Ley 1251 de 2008 y en desarrollo del art\u00edculo 3\u00b0 de la Ley 1091 de 2006, y<\/p>\n<p style=\"text-align: center;\">CONSIDERANDO:<\/p>\n<p style=\"text-align: justify;\">Que de conformidad con lo establecido en el Decreto-ley 4107 de 2011 y la Ley 1251 de 2008, a este Ministerio le corresponde dirigir, orientar, adoptar y evaluar los planes, programas y proyectos del sector salud y protecci\u00f3n social y como parte de ello, coordinar la gesti\u00f3n de la Pol\u00edtica Nacional de Envejecimiento y Vejez, dentro del marco de la Constituci\u00f3n y la ley.<\/p>\n<p style=\"text-align: justify;\">Que mediante la Ley 1091 de 2006, se reconoce como \u201cColombiano de Oro\u201d a la persona colombiana mayor de sesenta y cinco (65) a\u00f1os, residente en el pa\u00eds, debidamente acreditada mediante una tarjeta especial expedida por la Registradur\u00eda Nacional del Estado Civil (RNEC), para garantizar, entre otros, su derecho a acceder al Sistema General de Seguridad Social en Salud y ser atendido de manera preferencial, \u00e1gil y oportuna en las diferentes instituciones, tanto p\u00fablicas como privadas.<\/p>\n<p style=\"text-align: justify;\">Que, en consecuencia, este Ministerio expidi\u00f3 la Resoluci\u00f3n 1378 del 28 de abril de 2015 en cumplimiento con lo dispuesto en la Ley 1091 de 2006, mediante la cual se establecen disposiciones para la atenci\u00f3n en salud y protecci\u00f3n social del adulto mayor y para la conmemoraci\u00f3n del \u201cD\u00eda del Colombiano de Oro\u201d.<\/p>\n<p style=\"text-align: justify;\">Que la Registradur\u00eda Nacional del Estado Civil, mediante Oficio RDRCI-500-088871 del 23 de diciembre de 2015, con radicado en el Ministerio de Salud y Protecci\u00f3n Social n\u00famero 201542302338562 del 30 de diciembre de 2015, comunica a este Ministerio que \u201cla nueva c\u00e9dula de ciudadan\u00eda, que en la actualidad portan todos los colombianos, es m\u00e1s segura, y, a juicio de la Entidad, puede decirse que cumple con el cometido de la Ley 1091 de 2006, pues brinda la debida identificaci\u00f3n para las personas distinguidas como \u201cColombiano y Colombiana de Oro\u201d, como son las mujeres y varones que cumplen 65 a\u00f1os de edad, por tanto, merecedores de los beneficios y prerrogativas que prev\u00e9 la regulaci\u00f3n en cita\u201d.<\/p>\n<p style=\"text-align: justify;\">Que en consideraci\u00f3n de lo anteriormente expuesto, se hace necesario modificar el art\u00edculo 4\u00b0 de la Resoluci\u00f3n 1378 de 2015, \u201cDe la atenci\u00f3n en salud para las personas adultas mayores\u201d, en relaci\u00f3n con la presentaci\u00f3n de la c\u00e9dula de ciudadan\u00eda acreditar tal condici\u00f3n. En m\u00e9rito de lo expuesto,<\/p>\n<p style=\"text-align: center;\">RESUELVE:<\/p>\n<p style=\"text-align: justify;\">Art\u00edculo 1\u00b0. Modif\u00edcase el art\u00edculo 4\u00b0 de la Resoluci\u00f3n 1378 del 28 de abril de 2015, el cual quedar\u00e1 as\u00ed:<\/p>\n<p style=\"text-align: justify;\"><span style=\"color: #0000ff;\">\u201cArt\u00edculo 4\u00b0. De la atenci\u00f3n en salud para las personas adultas mayores<\/span>. <span style=\"color: #ff9900;\">Las entidades territoriales, las Entidades Administradoras de Planes de Beneficios (EAPB) y los Prestadores de Servicios de Salud, en el marco de sus competencias y responsabilidades en el Sistema General de Seguridad Social en Salud, actuar\u00e1n coordinadamente para brindar a la persona adulta mayor una atenci\u00f3n que vincule los principios y elementos que garanticen que sea preferencial, \u00e1gil, oportuna, humanizada y con calidad.<\/span><\/p>\n<p style=\"text-align: justify;\"><span style=\"color: #ff6600;\">La c\u00e9dula de ciudadan\u00eda es el instrumento mediante el cual las personas adultas mayores podr\u00e1n acceder a una atenci\u00f3n preferencial, \u00e1gil y oportuna en salud as\u00ed como los dem\u00e1s beneficios enunciados por este acto administrativo.<\/span><\/p>\n<p style=\"text-align: justify;\"><span style=\"color: #ff9900;\">Par\u00e1grafo. En ning\u00fan caso podr\u00e1n negarse los servicios de atenci\u00f3n a una persona adulta mayor, por razones administrativas o econ\u00f3micas\u201d.<\/span><\/p>\n<p style=\"text-align: justify;\">Art\u00edculo 2\u00b0. Vigencia y modificaciones. La presente resoluci\u00f3n rige a partir de la fecha de su publicaci\u00f3n y modifica lo dispuesto en el art\u00edculo 4\u00b0 de la Resoluci\u00f3n 1378 del 28 de abril de 2015.<\/p>\n<p style=\"text-align: justify;\">Publ\u00edquese y c\u00famplase.<\/p>\n<p style=\"text-align: justify;\">Dada en Bogot\u00e1, D. C., a 19 de febrero de 2016.<\/p>\n<p style=\"text-align: justify;\">El Ministro de Salud y Protecci\u00f3n Social,<br \/>\nAlejandro Gaviria Uribe. (C. F.).<\/p>\n","protected":false},"excerpt":{"rendered":"<p>La c\u00e9dula de ciudadan\u00eda es el instrumento mediante el cual las personas adultas mayores podr\u00e1n acceder a una atenci\u00f3n preferencial, \u00e1gil y oportuna en salud as\u00ed como los dem\u00e1s beneficios enunciados.<br \/>\nEn ning\u00fan caso podr\u00e1n negarse los servicios de atenci\u00f3n a una persona adulta mayor, por razones administrativas o econ\u00f3micas\u201d.<\/p>\n","protected":false},"author":1,"featured_media":5555,"comment_status":"open","ping_status":"open","sticky":false,"template":"","format":"standard","meta":{"_monsterinsights_skip_tracking":false,"ngg_post_thumbnail":0,"footnotes":"","_links_to":"","_links_to_target":""},"categories":[454],"tags":[],"class_list":["post-6946","post","type-post","status-publish","format-standard","has-post-thumbnail","hentry","category-sin-categoria"],"aioseo_notices":[],"aioseo_head":"\n\t\t<!-- All in One SEO 5.0.1.1 - aioseo.com -->\n\t<meta name=\"description\" content=\"La c\u00e9dula de ciudadan\u00eda es el instrumento mediante el cual las personas adultas mayores podr\u00e1n acceder a una atenci\u00f3n preferencial, \u00e1gil y oportuna en salud as\u00ed como los dem\u00e1s beneficios enunciados. En ning\u00fan caso podr\u00e1n negarse los servicios de atenci\u00f3n a una persona adulta mayor, por razones administrativas o econ\u00f3micas\u201d.\" \/>\n\t<meta name=\"robots\" content=\"max-image-preview:large\" \/>\n\t<meta name=\"author\" content=\"Miguel Antonio M\u00e1rquez Monta\u00f1ez\"\/>\n\t<link rel=\"canonical\" href=\"https:\/\/contadoreshoy.com\/?p=6946\" \/>\n\t<meta name=\"generator\" content=\"All in One SEO (AIOSEO) 5.0.1.1\" \/>\n\t\t<meta property=\"og:locale\" content=\"es_ES\" \/>\n\t\t<meta property=\"og:site_name\" content=\"Contadores P\u00fablicos - Portal para Contadores P\u00fablicos y empresarios\" \/>\n\t\t<meta property=\"og:type\" content=\"article\" \/>\n\t\t<meta property=\"og:title\" content=\"Resoluci\u00f3n 482 febrero 19 de 2016 \u2013 Atenci\u00f3n en salud a adultos mayores - Contadores P\u00fablicos\" \/>\n\t\t<meta property=\"og:description\" content=\"La c\u00e9dula de ciudadan\u00eda es el instrumento mediante el cual las personas adultas mayores podr\u00e1n acceder a una atenci\u00f3n preferencial, \u00e1gil y oportuna en salud as\u00ed como los dem\u00e1s beneficios enunciados. En ning\u00fan caso podr\u00e1n negarse los servicios de atenci\u00f3n a una persona adulta mayor, por razones administrativas o econ\u00f3micas\u201d.\" \/>\n\t\t<meta property=\"og:url\" content=\"https:\/\/contadoreshoy.com\/?p=6946\" \/>\n\t\t<meta property=\"og:image\" content=\"https:\/\/contadoreshoy.com\/wp-content\/uploads\/2024\/01\/cropped-cropped-cropped-Copia-de-M.jpg\" \/>\n\t\t<meta property=\"og:image:secure_url\" content=\"https:\/\/contadoreshoy.com\/wp-content\/uploads\/2024\/01\/cropped-cropped-cropped-Copia-de-M.jpg\" \/>\n\t\t<meta property=\"og:image:width\" content=\"512\" \/>\n\t\t<meta property=\"og:image:height\" content=\"371\" \/>\n\t\t<meta property=\"article:published_time\" content=\"2016-03-02T13:31:32+00:00\" \/>\n\t\t<meta property=\"article:modified_time\" content=\"2017-02-05T02:59:11+00:00\" \/>\n\t\t<meta name=\"twitter:card\" content=\"summary_large_image\" \/>\n\t\t<meta name=\"twitter:title\" content=\"Resoluci\u00f3n 482 febrero 19 de 2016 \u2013 Atenci\u00f3n en salud a adultos mayores - Contadores P\u00fablicos\" \/>\n\t\t<meta name=\"twitter:description\" content=\"La c\u00e9dula de ciudadan\u00eda es el instrumento mediante el cual las personas adultas mayores podr\u00e1n acceder a una atenci\u00f3n preferencial, \u00e1gil y oportuna en salud as\u00ed como los dem\u00e1s beneficios enunciados. En ning\u00fan caso podr\u00e1n negarse los servicios de atenci\u00f3n a una persona adulta mayor, por razones administrativas o econ\u00f3micas\u201d.\" \/>\n\t\t<meta name=\"twitter:image\" content=\"https:\/\/contadoreshoy.com\/wp-content\/uploads\/2024\/01\/cropped-cropped-cropped-Copia-de-M.jpg\" \/>\n\t\t<script type=\"application\/ld+json\" class=\"aioseo-schema\">\n\t\t\t{\"@context\":\"https:\\\/\\\/schema.org\",\"@graph\":[{\"@type\":\"BlogPosting\",\"@id\":\"https:\\\/\\\/contadoreshoy.com\\\/?p=6946#blogposting\",\"name\":\"Resoluci\\u00f3n 482 febrero 19 de 2016 \\u2013 Atenci\\u00f3n en salud a adultos mayores - Contadores P\\u00fablicos\",\"headline\":\"Resoluci\\u00f3n 482 febrero 19 de 2016 &#8211; Atenci\\u00f3n en salud a adultos mayores\",\"author\":{\"@id\":\"https:\\\/\\\/contadoreshoy.com\\\/?author=1#author\"},\"publisher\":{\"@id\":\"https:\\\/\\\/contadoreshoy.com\\\/#organization\"},\"image\":{\"@type\":\"ImageObject\",\"url\":\"https:\\\/\\\/contadoreshoy.com\\\/wp-content\\\/uploads\\\/2015\\\/08\\\/Indemnizaci\\u00f3n-laboral.jpg\",\"width\":1024,\"height\":768},\"datePublished\":\"2016-03-02T08:31:32-05:00\",\"dateModified\":\"2017-02-04T21:59:11-05:00\",\"inLanguage\":\"es-ES\",\"mainEntityOfPage\":{\"@id\":\"https:\\\/\\\/contadoreshoy.com\\\/?p=6946#webpage\"},\"isPartOf\":{\"@id\":\"https:\\\/\\\/contadoreshoy.com\\\/?p=6946#webpage\"},\"articleSection\":\"Sin categor\\u00eda\"},{\"@type\":\"BreadcrumbList\",\"@id\":\"https:\\\/\\\/contadoreshoy.com\\\/?p=6946#breadcrumblist\",\"itemListElement\":[{\"@type\":\"ListItem\",\"@id\":\"https:\\\/\\\/contadoreshoy.com#listItem\",\"position\":1,\"name\":\"Home\",\"item\":\"https:\\\/\\\/contadoreshoy.com\",\"nextItem\":{\"@type\":\"ListItem\",\"@id\":\"https:\\\/\\\/contadoreshoy.com\\\/?cat=454#listItem\",\"name\":\"Sin categor\\u00eda\"}},{\"@type\":\"ListItem\",\"@id\":\"https:\\\/\\\/contadoreshoy.com\\\/?cat=454#listItem\",\"position\":2,\"name\":\"Sin categor\\u00eda\",\"item\":\"https:\\\/\\\/contadoreshoy.com\\\/?cat=454\",\"nextItem\":{\"@type\":\"ListItem\",\"@id\":\"https:\\\/\\\/contadoreshoy.com\\\/?p=6946#listItem\",\"name\":\"Resoluci\\u00f3n 482 febrero 19 de 2016 &#8211; Atenci\\u00f3n en salud a adultos mayores\"},\"previousItem\":{\"@type\":\"ListItem\",\"@id\":\"https:\\\/\\\/contadoreshoy.com#listItem\",\"name\":\"Home\"}},{\"@type\":\"ListItem\",\"@id\":\"https:\\\/\\\/contadoreshoy.com\\\/?p=6946#listItem\",\"position\":3,\"name\":\"Resoluci\\u00f3n 482 febrero 19 de 2016 &#8211; Atenci\\u00f3n en salud a adultos mayores\",\"previousItem\":{\"@type\":\"ListItem\",\"@id\":\"https:\\\/\\\/contadoreshoy.com\\\/?cat=454#listItem\",\"name\":\"Sin categor\\u00eda\"}}]},{\"@type\":\"Organization\",\"@id\":\"https:\\\/\\\/contadoreshoy.com\\\/#organization\",\"name\":\"Contadores P\\u00fablicos\",\"description\":\"Portal para Contadores P\\u00fablicos y empresarios\",\"url\":\"https:\\\/\\\/contadoreshoy.com\\\/\",\"logo\":{\"@type\":\"ImageObject\",\"url\":\"https:\\\/\\\/contadoreshoy.com\\\/wp-content\\\/uploads\\\/2024\\\/01\\\/cropped-cropped-Copia-de-M-1.jpg\",\"@id\":\"https:\\\/\\\/contadoreshoy.com\\\/?p=6946\\\/#organizationLogo\",\"width\":499,\"height\":500},\"image\":{\"@id\":\"https:\\\/\\\/contadoreshoy.com\\\/?p=6946\\\/#organizationLogo\"}},{\"@type\":\"Person\",\"@id\":\"https:\\\/\\\/contadoreshoy.com\\\/?author=1#author\",\"url\":\"https:\\\/\\\/contadoreshoy.com\\\/?author=1\",\"name\":\"Miguel Antonio M\\u00e1rquez Monta\\u00f1ez\"},{\"@type\":\"WebPage\",\"@id\":\"https:\\\/\\\/contadoreshoy.com\\\/?p=6946#webpage\",\"url\":\"https:\\\/\\\/contadoreshoy.com\\\/?p=6946\",\"name\":\"Resoluci\\u00f3n 482 febrero 19 de 2016 \\u2013 Atenci\\u00f3n en salud a adultos mayores - Contadores P\\u00fablicos\",\"description\":\"La c\\u00e9dula de ciudadan\\u00eda es el instrumento mediante el cual las personas adultas mayores podr\\u00e1n acceder a una atenci\\u00f3n preferencial, \\u00e1gil y oportuna en salud as\\u00ed como los dem\\u00e1s beneficios enunciados. En ning\\u00fan caso podr\\u00e1n negarse los servicios de atenci\\u00f3n a una persona adulta mayor, por razones administrativas o econ\\u00f3micas\\u201d.\",\"inLanguage\":\"es-ES\",\"isPartOf\":{\"@id\":\"https:\\\/\\\/contadoreshoy.com\\\/#website\"},\"breadcrumb\":{\"@id\":\"https:\\\/\\\/contadoreshoy.com\\\/?p=6946#breadcrumblist\"},\"author\":{\"@id\":\"https:\\\/\\\/contadoreshoy.com\\\/?author=1#author\"},\"creator\":{\"@id\":\"https:\\\/\\\/contadoreshoy.com\\\/?author=1#author\"},\"image\":{\"@type\":\"ImageObject\",\"url\":\"https:\\\/\\\/contadoreshoy.com\\\/wp-content\\\/uploads\\\/2015\\\/08\\\/Indemnizaci\\u00f3n-laboral.jpg\",\"@id\":\"https:\\\/\\\/contadoreshoy.com\\\/?p=6946\\\/#mainImage\",\"width\":1024,\"height\":768},\"primaryImageOfPage\":{\"@id\":\"https:\\\/\\\/contadoreshoy.com\\\/?p=6946#mainImage\"},\"datePublished\":\"2016-03-02T08:31:32-05:00\",\"dateModified\":\"2017-02-04T21:59:11-05:00\"},{\"@type\":\"WebSite\",\"@id\":\"https:\\\/\\\/contadoreshoy.com\\\/#website\",\"url\":\"https:\\\/\\\/contadoreshoy.com\\\/\",\"name\":\"Contadores P\\u00fablicos\",\"description\":\"Portal para Contadores P\\u00fablicos y empresarios\",\"inLanguage\":\"es-ES\",\"publisher\":{\"@id\":\"https:\\\/\\\/contadoreshoy.com\\\/#organization\"}}]}\n\t\t<\/script>\n\t\t<!-- All in One SEO -->\n\n","aioseo_head_json":{"title":"Resoluci\u00f3n 482 febrero 19 de 2016 \u2013 Atenci\u00f3n en salud a adultos mayores - Contadores P\u00fablicos","description":"La c\u00e9dula de ciudadan\u00eda es el instrumento mediante el cual las personas adultas mayores podr\u00e1n acceder a una atenci\u00f3n preferencial, \u00e1gil y oportuna en salud as\u00ed como los dem\u00e1s beneficios enunciados. En ning\u00fan caso podr\u00e1n negarse los servicios de atenci\u00f3n a una persona adulta mayor, por razones administrativas o econ\u00f3micas\u201d.","canonical_url":"https:\/\/contadoreshoy.com\/?p=6946","robots":"max-image-preview:large","keywords":"","webmasterTools":{"miscellaneous":""},"schema":{"@context":"https:\/\/schema.org","@graph":[{"@type":"BlogPosting","@id":"https:\/\/contadoreshoy.com\/?p=6946#blogposting","name":"Resoluci\u00f3n 482 febrero 19 de 2016 \u2013 Atenci\u00f3n en salud a adultos mayores - Contadores P\u00fablicos","headline":"Resoluci\u00f3n 482 febrero 19 de 2016 &#8211; Atenci\u00f3n en salud a adultos mayores","author":{"@id":"https:\/\/contadoreshoy.com\/?author=1#author"},"publisher":{"@id":"https:\/\/contadoreshoy.com\/#organization"},"image":{"@type":"ImageObject","url":"https:\/\/contadoreshoy.com\/wp-content\/uploads\/2015\/08\/Indemnizaci\u00f3n-laboral.jpg","width":1024,"height":768},"datePublished":"2016-03-02T08:31:32-05:00","dateModified":"2017-02-04T21:59:11-05:00","inLanguage":"es-ES","mainEntityOfPage":{"@id":"https:\/\/contadoreshoy.com\/?p=6946#webpage"},"isPartOf":{"@id":"https:\/\/contadoreshoy.com\/?p=6946#webpage"},"articleSection":"Sin categor\u00eda"},{"@type":"BreadcrumbList","@id":"https:\/\/contadoreshoy.com\/?p=6946#breadcrumblist","itemListElement":[{"@type":"ListItem","@id":"https:\/\/contadoreshoy.com#listItem","position":1,"name":"Home","item":"https:\/\/contadoreshoy.com","nextItem":{"@type":"ListItem","@id":"https:\/\/contadoreshoy.com\/?cat=454#listItem","name":"Sin categor\u00eda"}},{"@type":"ListItem","@id":"https:\/\/contadoreshoy.com\/?cat=454#listItem","position":2,"name":"Sin categor\u00eda","item":"https:\/\/contadoreshoy.com\/?cat=454","nextItem":{"@type":"ListItem","@id":"https:\/\/contadoreshoy.com\/?p=6946#listItem","name":"Resoluci\u00f3n 482 febrero 19 de 2016 &#8211; Atenci\u00f3n en salud a adultos mayores"},"previousItem":{"@type":"ListItem","@id":"https:\/\/contadoreshoy.com#listItem","name":"Home"}},{"@type":"ListItem","@id":"https:\/\/contadoreshoy.com\/?p=6946#listItem","position":3,"name":"Resoluci\u00f3n 482 febrero 19 de 2016 &#8211; Atenci\u00f3n en salud a adultos mayores","previousItem":{"@type":"ListItem","@id":"https:\/\/contadoreshoy.com\/?cat=454#listItem","name":"Sin categor\u00eda"}}]},{"@type":"Organization","@id":"https:\/\/contadoreshoy.com\/#organization","name":"Contadores P\u00fablicos","description":"Portal para Contadores P\u00fablicos y empresarios","url":"https:\/\/contadoreshoy.com\/","logo":{"@type":"ImageObject","url":"https:\/\/contadoreshoy.com\/wp-content\/uploads\/2024\/01\/cropped-cropped-Copia-de-M-1.jpg","@id":"https:\/\/contadoreshoy.com\/?p=6946\/#organizationLogo","width":499,"height":500},"image":{"@id":"https:\/\/contadoreshoy.com\/?p=6946\/#organizationLogo"}},{"@type":"Person","@id":"https:\/\/contadoreshoy.com\/?author=1#author","url":"https:\/\/contadoreshoy.com\/?author=1","name":"Miguel Antonio M\u00e1rquez Monta\u00f1ez"},{"@type":"WebPage","@id":"https:\/\/contadoreshoy.com\/?p=6946#webpage","url":"https:\/\/contadoreshoy.com\/?p=6946","name":"Resoluci\u00f3n 482 febrero 19 de 2016 \u2013 Atenci\u00f3n en salud a adultos mayores - Contadores P\u00fablicos","description":"La c\u00e9dula de ciudadan\u00eda es el instrumento mediante el cual las personas adultas mayores podr\u00e1n acceder a una atenci\u00f3n preferencial, \u00e1gil y oportuna en salud as\u00ed como los dem\u00e1s beneficios enunciados. En ning\u00fan caso podr\u00e1n negarse los servicios de atenci\u00f3n a una persona adulta mayor, por razones administrativas o econ\u00f3micas\u201d.","inLanguage":"es-ES","isPartOf":{"@id":"https:\/\/contadoreshoy.com\/#website"},"breadcrumb":{"@id":"https:\/\/contadoreshoy.com\/?p=6946#breadcrumblist"},"author":{"@id":"https:\/\/contadoreshoy.com\/?author=1#author"},"creator":{"@id":"https:\/\/contadoreshoy.com\/?author=1#author"},"image":{"@type":"ImageObject","url":"https:\/\/contadoreshoy.com\/wp-content\/uploads\/2015\/08\/Indemnizaci\u00f3n-laboral.jpg","@id":"https:\/\/contadoreshoy.com\/?p=6946\/#mainImage","width":1024,"height":768},"primaryImageOfPage":{"@id":"https:\/\/contadoreshoy.com\/?p=6946#mainImage"},"datePublished":"2016-03-02T08:31:32-05:00","dateModified":"2017-02-04T21:59:11-05:00"},{"@type":"WebSite","@id":"https:\/\/contadoreshoy.com\/#website","url":"https:\/\/contadoreshoy.com\/","name":"Contadores P\u00fablicos","description":"Portal para Contadores P\u00fablicos y empresarios","inLanguage":"es-ES","publisher":{"@id":"https:\/\/contadoreshoy.com\/#organization"}}]},"og:locale":"es_ES","og:site_name":"Contadores P\u00fablicos - Portal para Contadores P\u00fablicos y empresarios","og:type":"article","og:title":"Resoluci\u00f3n 482 febrero 19 de 2016 \u2013 Atenci\u00f3n en salud a adultos mayores - Contadores P\u00fablicos","og:description":"La c\u00e9dula de ciudadan\u00eda es el instrumento mediante el cual las personas adultas mayores podr\u00e1n acceder a una atenci\u00f3n preferencial, \u00e1gil y oportuna en salud as\u00ed como los dem\u00e1s beneficios enunciados. En ning\u00fan caso podr\u00e1n negarse los servicios de atenci\u00f3n a una persona adulta mayor, por razones administrativas o econ\u00f3micas\u201d.","og:url":"https:\/\/contadoreshoy.com\/?p=6946","og:image":"https:\/\/contadoreshoy.com\/wp-content\/uploads\/2024\/01\/cropped-cropped-cropped-Copia-de-M.jpg","og:image:secure_url":"https:\/\/contadoreshoy.com\/wp-content\/uploads\/2024\/01\/cropped-cropped-cropped-Copia-de-M.jpg","og:image:width":512,"og:image:height":371,"article:published_time":"2016-03-02T13:31:32+00:00","article:modified_time":"2017-02-05T02:59:11+00:00","twitter:card":"summary_large_image","twitter:title":"Resoluci\u00f3n 482 febrero 19 de 2016 \u2013 Atenci\u00f3n en salud a adultos mayores - Contadores P\u00fablicos","twitter:description":"La c\u00e9dula de ciudadan\u00eda es el instrumento mediante el cual las personas adultas mayores podr\u00e1n acceder a una atenci\u00f3n preferencial, \u00e1gil y oportuna en salud as\u00ed como los dem\u00e1s beneficios enunciados. En ning\u00fan caso podr\u00e1n negarse los servicios de atenci\u00f3n a una persona adulta mayor, por razones administrativas o econ\u00f3micas\u201d.","twitter:image":"https:\/\/contadoreshoy.com\/wp-content\/uploads\/2024\/01\/cropped-cropped-cropped-Copia-de-M.jpg"},"aioseo_meta_data":{"post_id":"6946","title":null,"description":null,"keywords":null,"keyphrases":null,"primary_term":null,"canonical_url":null,"og_title":null,"og_description":null,"og_object_type":"default","og_image_type":"default","og_image_url":null,"og_image_width":null,"og_image_height":null,"og_image_custom_url":null,"og_image_custom_fields":null,"og_video":null,"og_custom_url":null,"og_article_section":null,"og_article_tags":null,"twitter_use_og":false,"twitter_card":"default","twitter_image_type":"default","twitter_image_url":null,"twitter_image_custom_url":null,"twitter_image_custom_fields":null,"twitter_title":null,"twitter_description":null,"schema":{"blockGraphs":[],"customGraphs":[],"default":{"data":{"Article":[],"Course":[],"Dataset":[],"FAQPage":[],"Movie":[],"Person":[],"Product":[],"ProductReview":[],"Car":[],"Recipe":[],"Service":[],"SoftwareApplication":[],"WebPage":[]},"graphName":"","isEnabled":true},"graphs":[]},"schema_type":"default","schema_type_options":null,"pillar_content":false,"robots_default":true,"robots_noindex":false,"robots_noarchive":false,"robots_nosnippet":false,"robots_nofollow":false,"robots_noimageindex":false,"robots_noodp":false,"robots_notranslate":false,"robots_max_snippet":null,"robots_max_videopreview":null,"robots_max_imagepreview":"large","priority":null,"frequency":null,"local_seo":null,"breadcrumb_settings":null,"limit_modified_date":false,"ai":null,"created":"2024-03-05 01:33:28","updated":"2026-03-03 04:49:41","seo_analyzer_scan_date":null,"focus_keyword":null,"additional_keywords":null,"truseo_locale":null},"aioseo_breadcrumb":"<div class=\"aioseo-breadcrumbs\"><span class=\"aioseo-breadcrumb\">\n\t\t\t<a href=\"https:\/\/contadoreshoy.com\" title=\"Home\">Home<\/a>\n\t\t<\/span><span class=\"aioseo-breadcrumb-separator\">&raquo;<\/span><span class=\"aioseo-breadcrumb\">\n\t\t\t<a href=\"https:\/\/contadoreshoy.com\/?cat=454\" title=\"Sin categor\u00eda\">Sin categor\u00eda<\/a>\n\t\t<\/span><span class=\"aioseo-breadcrumb-separator\">&raquo;<\/span><span class=\"aioseo-breadcrumb\">\n\t\t\tResoluci\u00f3n 482 febrero 19 de 2016 \u2013 Atenci\u00f3n en salud a adultos mayores\n\t\t<\/span><\/div>","aioseo_breadcrumb_json":[{"label":"Home","link":"https:\/\/contadoreshoy.com"},{"label":"Sin categor\u00eda","link":"https:\/\/contadoreshoy.com\/?cat=454"},{"label":"Resoluci\u00f3n 482 febrero 19 de 2016 &#8211; Atenci\u00f3n en salud a adultos mayores","link":"https:\/\/contadoreshoy.com\/?p=6946"}],"yoast_head":"<!-- This site is optimized with the Yoast SEO plugin v28.4 - https:\/\/yoast.com\/product\/yoast-seo-wordpress\/ -->\n<title>Resoluci\u00f3n 482 febrero 19 de 2016 - Atenci\u00f3n en salud a adultos mayores - Contadores P\u00fablicos<\/title>\n<meta name=\"robots\" content=\"index, follow, max-snippet:-1, max-image-preview:large, max-video-preview:-1\" \/>\n<link rel=\"canonical\" href=\"https:\/\/contadoreshoy.com\/?p=6946\" \/>\n<meta property=\"og:locale\" content=\"es_ES\" \/>\n<meta property=\"og:type\" content=\"article\" \/>\n<meta property=\"og:title\" content=\"Resoluci\u00f3n 482 febrero 19 de 2016 - Atenci\u00f3n en salud a adultos mayores - Contadores P\u00fablicos\" \/>\n<meta property=\"og:description\" content=\"La c\u00e9dula de ciudadan\u00eda es el instrumento mediante el cual las personas adultas mayores podr\u00e1n acceder a una atenci\u00f3n preferencial, \u00e1gil y oportuna en salud as\u00ed como los dem\u00e1s beneficios enunciados. En ning\u00fan caso podr\u00e1n negarse los servicios de atenci\u00f3n a una persona adulta mayor, por razones administrativas o econ\u00f3micas\u201d.\" \/>\n<meta property=\"og:url\" content=\"https:\/\/contadoreshoy.com\/?p=6946\" \/>\n<meta property=\"og:site_name\" content=\"Contadores P\u00fablicos\" \/>\n<meta property=\"article:publisher\" content=\"https:\/\/www.facebook.com\/CCCPBucaramanga\/\" \/>\n<meta property=\"article:published_time\" content=\"2016-03-02T13:31:32+00:00\" \/>\n<meta property=\"article:modified_time\" content=\"2017-02-05T02:59:11+00:00\" \/>\n<meta property=\"og:image\" content=\"https:\/\/contadoreshoy.com\/wp-content\/uploads\/2015\/08\/Indemnizaci\u00f3n-laboral.jpg\" \/>\n\t<meta property=\"og:image:width\" content=\"1024\" \/>\n\t<meta property=\"og:image:height\" content=\"768\" \/>\n\t<meta property=\"og:image:type\" content=\"image\/jpeg\" \/>\n<meta name=\"author\" content=\"Miguel Antonio M\u00e1rquez Monta\u00f1ez\" \/>\n<meta name=\"twitter:card\" content=\"summary_large_image\" \/>\n<meta name=\"twitter:label1\" content=\"Escrito por\" \/>\n\t<meta name=\"twitter:data1\" content=\"Miguel Antonio M\u00e1rquez Monta\u00f1ez\" \/>\n\t<meta name=\"twitter:label2\" content=\"Tiempo de lectura\" \/>\n\t<meta name=\"twitter:data2\" content=\"3 minutos\" \/>\n<script type=\"application\/ld+json\" class=\"yoast-schema-graph\">{\"@context\":\"https:\\\/\\\/schema.org\",\"@graph\":[{\"@type\":\"Article\",\"@id\":\"https:\\\/\\\/contadoreshoy.com\\\/?p=6946#article\",\"isPartOf\":{\"@id\":\"https:\\\/\\\/contadoreshoy.com\\\/?p=6946\"},\"author\":{\"name\":\"Miguel Antonio M\u00e1rquez Monta\u00f1ez\",\"@id\":\"https:\\\/\\\/contadoreshoy.com\\\/#\\\/schema\\\/person\\\/96d8979cb865537c5dc9345e40089fc5\"},\"headline\":\"Resoluci\u00f3n 482 febrero 19 de 2016 &#8211; Atenci\u00f3n en salud a adultos mayores\",\"datePublished\":\"2016-03-02T13:31:32+00:00\",\"dateModified\":\"2017-02-05T02:59:11+00:00\",\"mainEntityOfPage\":{\"@id\":\"https:\\\/\\\/contadoreshoy.com\\\/?p=6946\"},\"wordCount\":707,\"commentCount\":0,\"publisher\":{\"@id\":\"https:\\\/\\\/contadoreshoy.com\\\/#organization\"},\"image\":{\"@id\":\"https:\\\/\\\/contadoreshoy.com\\\/?p=6946#primaryimage\"},\"thumbnailUrl\":\"https:\\\/\\\/contadoreshoy.com\\\/wp-content\\\/uploads\\\/2015\\\/08\\\/Indemnizaci\u00f3n-laboral.jpg\",\"inLanguage\":\"es\",\"potentialAction\":[{\"@type\":\"CommentAction\",\"name\":\"Comment\",\"target\":[\"https:\\\/\\\/contadoreshoy.com\\\/?p=6946#respond\"]}]},{\"@type\":\"WebPage\",\"@id\":\"https:\\\/\\\/contadoreshoy.com\\\/?p=6946\",\"url\":\"https:\\\/\\\/contadoreshoy.com\\\/?p=6946\",\"name\":\"Resoluci\u00f3n 482 febrero 19 de 2016 - Atenci\u00f3n en salud a adultos mayores - Contadores P\u00fablicos\",\"isPartOf\":{\"@id\":\"https:\\\/\\\/contadoreshoy.com\\\/#website\"},\"primaryImageOfPage\":{\"@id\":\"https:\\\/\\\/contadoreshoy.com\\\/?p=6946#primaryimage\"},\"image\":{\"@id\":\"https:\\\/\\\/contadoreshoy.com\\\/?p=6946#primaryimage\"},\"thumbnailUrl\":\"https:\\\/\\\/contadoreshoy.com\\\/wp-content\\\/uploads\\\/2015\\\/08\\\/Indemnizaci\u00f3n-laboral.jpg\",\"datePublished\":\"2016-03-02T13:31:32+00:00\",\"dateModified\":\"2017-02-05T02:59:11+00:00\",\"breadcrumb\":{\"@id\":\"https:\\\/\\\/contadoreshoy.com\\\/?p=6946#breadcrumb\"},\"inLanguage\":\"es\",\"potentialAction\":[{\"@type\":\"ReadAction\",\"target\":[\"https:\\\/\\\/contadoreshoy.com\\\/?p=6946\"]}]},{\"@type\":\"ImageObject\",\"inLanguage\":\"es\",\"@id\":\"https:\\\/\\\/contadoreshoy.com\\\/?p=6946#primaryimage\",\"url\":\"https:\\\/\\\/contadoreshoy.com\\\/wp-content\\\/uploads\\\/2015\\\/08\\\/Indemnizaci\u00f3n-laboral.jpg\",\"contentUrl\":\"https:\\\/\\\/contadoreshoy.com\\\/wp-content\\\/uploads\\\/2015\\\/08\\\/Indemnizaci\u00f3n-laboral.jpg\",\"width\":1024,\"height\":768},{\"@type\":\"BreadcrumbList\",\"@id\":\"https:\\\/\\\/contadoreshoy.com\\\/?p=6946#breadcrumb\",\"itemListElement\":[{\"@type\":\"ListItem\",\"position\":1,\"name\":\"Portada\",\"item\":\"https:\\\/\\\/contadoreshoy.com\\\/\"},{\"@type\":\"ListItem\",\"position\":2,\"name\":\"Resoluci\u00f3n 482 febrero 19 de 2016 &#8211; Atenci\u00f3n en salud a adultos mayores\"}]},{\"@type\":\"WebSite\",\"@id\":\"https:\\\/\\\/contadoreshoy.com\\\/#website\",\"url\":\"https:\\\/\\\/contadoreshoy.com\\\/\",\"name\":\"Contadorespublicossantander\",\"description\":\"Portal para Contadores P\u00fablicos y empresarios\",\"publisher\":{\"@id\":\"https:\\\/\\\/contadoreshoy.com\\\/#organization\"},\"potentialAction\":[{\"@type\":\"SearchAction\",\"target\":{\"@type\":\"EntryPoint\",\"urlTemplate\":\"https:\\\/\\\/contadoreshoy.com\\\/?s={search_term_string}\"},\"query-input\":{\"@type\":\"PropertyValueSpecification\",\"valueRequired\":true,\"valueName\":\"search_term_string\"}}],\"inLanguage\":\"es\"},{\"@type\":\"Organization\",\"@id\":\"https:\\\/\\\/contadoreshoy.com\\\/#organization\",\"name\":\"Contadores P\u00fablicos de Santander\",\"url\":\"https:\\\/\\\/contadoreshoy.com\\\/\",\"logo\":{\"@type\":\"ImageObject\",\"inLanguage\":\"es\",\"@id\":\"https:\\\/\\\/contadoreshoy.com\\\/#\\\/schema\\\/logo\\\/image\\\/\",\"url\":\"https:\\\/\\\/contadoreshoy.com\\\/wp-content\\\/uploads\\\/2024\\\/01\\\/cropped-cropped-Copia-de-M-1.jpg\",\"contentUrl\":\"https:\\\/\\\/contadoreshoy.com\\\/wp-content\\\/uploads\\\/2024\\\/01\\\/cropped-cropped-Copia-de-M-1.jpg\",\"width\":499,\"height\":500,\"caption\":\"Contadores P\u00fablicos de Santander\"},\"image\":{\"@id\":\"https:\\\/\\\/contadoreshoy.com\\\/#\\\/schema\\\/logo\\\/image\\\/\"},\"sameAs\":[\"https:\\\/\\\/www.facebook.com\\\/CCCPBucaramanga\\\/\"]},{\"@type\":\"Person\",\"@id\":\"https:\\\/\\\/contadoreshoy.com\\\/#\\\/schema\\\/person\\\/96d8979cb865537c5dc9345e40089fc5\",\"name\":\"Miguel Antonio M\u00e1rquez Monta\u00f1ez\",\"description\":\"Contador P\u00fablico egresado de la Universidad Aut\u00f3noma de Bucaramanga - Asesor contable tributario con m\u00e1s de 25 a\u00f1os de experiencia - Conferencista en temas contables y tributarios - T\u00e9cnico en Hardware y Dise\u00f1o Web - Creador y director Grupo de Estudio Colegio Colombiano de Contadores P\u00fablicos de Bucaramanga - Creador y Master Web p\u00e1gina www.contadoresp\u00fablicossantander.com - Expresidente Colegio Colombiano de Contadores P\u00fablicos Bucaramanga\",\"url\":\"https:\\\/\\\/contadoreshoy.com\\\/?author=1\"}]}<\/script>\n<!-- \/ Yoast SEO plugin. -->","yoast_head_json":{"title":"Resoluci\u00f3n 482 febrero 19 de 2016 - Atenci\u00f3n en salud a adultos mayores - Contadores P\u00fablicos","robots":{"index":"index","follow":"follow","max-snippet":"max-snippet:-1","max-image-preview":"max-image-preview:large","max-video-preview":"max-video-preview:-1"},"canonical":"https:\/\/contadoreshoy.com\/?p=6946","og_locale":"es_ES","og_type":"article","og_title":"Resoluci\u00f3n 482 febrero 19 de 2016 - Atenci\u00f3n en salud a adultos mayores - Contadores P\u00fablicos","og_description":"La c\u00e9dula de ciudadan\u00eda es el instrumento mediante el cual las personas adultas mayores podr\u00e1n acceder a una atenci\u00f3n preferencial, \u00e1gil y oportuna en salud as\u00ed como los dem\u00e1s beneficios enunciados. En ning\u00fan caso podr\u00e1n negarse los servicios de atenci\u00f3n a una persona adulta mayor, por razones administrativas o econ\u00f3micas\u201d.","og_url":"https:\/\/contadoreshoy.com\/?p=6946","og_site_name":"Contadores P\u00fablicos","article_publisher":"https:\/\/www.facebook.com\/CCCPBucaramanga\/","article_published_time":"2016-03-02T13:31:32+00:00","article_modified_time":"2017-02-05T02:59:11+00:00","og_image":[{"width":1024,"height":768,"url":"https:\/\/contadoreshoy.com\/wp-content\/uploads\/2015\/08\/Indemnizaci\u00f3n-laboral.jpg","type":"image\/jpeg"}],"author":"Miguel Antonio M\u00e1rquez Monta\u00f1ez","twitter_card":"summary_large_image","twitter_misc":{"Escrito por":"Miguel Antonio M\u00e1rquez Monta\u00f1ez","Tiempo de lectura":"3 minutos"},"schema":{"@context":"https:\/\/schema.org","@graph":[{"@type":"Article","@id":"https:\/\/contadoreshoy.com\/?p=6946#article","isPartOf":{"@id":"https:\/\/contadoreshoy.com\/?p=6946"},"author":{"name":"Miguel Antonio M\u00e1rquez Monta\u00f1ez","@id":"https:\/\/contadoreshoy.com\/#\/schema\/person\/96d8979cb865537c5dc9345e40089fc5"},"headline":"Resoluci\u00f3n 482 febrero 19 de 2016 &#8211; Atenci\u00f3n en salud a adultos mayores","datePublished":"2016-03-02T13:31:32+00:00","dateModified":"2017-02-05T02:59:11+00:00","mainEntityOfPage":{"@id":"https:\/\/contadoreshoy.com\/?p=6946"},"wordCount":707,"commentCount":0,"publisher":{"@id":"https:\/\/contadoreshoy.com\/#organization"},"image":{"@id":"https:\/\/contadoreshoy.com\/?p=6946#primaryimage"},"thumbnailUrl":"https:\/\/contadoreshoy.com\/wp-content\/uploads\/2015\/08\/Indemnizaci\u00f3n-laboral.jpg","inLanguage":"es","potentialAction":[{"@type":"CommentAction","name":"Comment","target":["https:\/\/contadoreshoy.com\/?p=6946#respond"]}]},{"@type":"WebPage","@id":"https:\/\/contadoreshoy.com\/?p=6946","url":"https:\/\/contadoreshoy.com\/?p=6946","name":"Resoluci\u00f3n 482 febrero 19 de 2016 - Atenci\u00f3n en salud a adultos mayores - Contadores P\u00fablicos","isPartOf":{"@id":"https:\/\/contadoreshoy.com\/#website"},"primaryImageOfPage":{"@id":"https:\/\/contadoreshoy.com\/?p=6946#primaryimage"},"image":{"@id":"https:\/\/contadoreshoy.com\/?p=6946#primaryimage"},"thumbnailUrl":"https:\/\/contadoreshoy.com\/wp-content\/uploads\/2015\/08\/Indemnizaci\u00f3n-laboral.jpg","datePublished":"2016-03-02T13:31:32+00:00","dateModified":"2017-02-05T02:59:11+00:00","breadcrumb":{"@id":"https:\/\/contadoreshoy.com\/?p=6946#breadcrumb"},"inLanguage":"es","potentialAction":[{"@type":"ReadAction","target":["https:\/\/contadoreshoy.com\/?p=6946"]}]},{"@type":"ImageObject","inLanguage":"es","@id":"https:\/\/contadoreshoy.com\/?p=6946#primaryimage","url":"https:\/\/contadoreshoy.com\/wp-content\/uploads\/2015\/08\/Indemnizaci\u00f3n-laboral.jpg","contentUrl":"https:\/\/contadoreshoy.com\/wp-content\/uploads\/2015\/08\/Indemnizaci\u00f3n-laboral.jpg","width":1024,"height":768},{"@type":"BreadcrumbList","@id":"https:\/\/contadoreshoy.com\/?p=6946#breadcrumb","itemListElement":[{"@type":"ListItem","position":1,"name":"Portada","item":"https:\/\/contadoreshoy.com\/"},{"@type":"ListItem","position":2,"name":"Resoluci\u00f3n 482 febrero 19 de 2016 &#8211; Atenci\u00f3n en salud a adultos mayores"}]},{"@type":"WebSite","@id":"https:\/\/contadoreshoy.com\/#website","url":"https:\/\/contadoreshoy.com\/","name":"Contadorespublicossantander","description":"Portal para Contadores P\u00fablicos y empresarios","publisher":{"@id":"https:\/\/contadoreshoy.com\/#organization"},"potentialAction":[{"@type":"SearchAction","target":{"@type":"EntryPoint","urlTemplate":"https:\/\/contadoreshoy.com\/?s={search_term_string}"},"query-input":{"@type":"PropertyValueSpecification","valueRequired":true,"valueName":"search_term_string"}}],"inLanguage":"es"},{"@type":"Organization","@id":"https:\/\/contadoreshoy.com\/#organization","name":"Contadores P\u00fablicos de Santander","url":"https:\/\/contadoreshoy.com\/","logo":{"@type":"ImageObject","inLanguage":"es","@id":"https:\/\/contadoreshoy.com\/#\/schema\/logo\/image\/","url":"https:\/\/contadoreshoy.com\/wp-content\/uploads\/2024\/01\/cropped-cropped-Copia-de-M-1.jpg","contentUrl":"https:\/\/contadoreshoy.com\/wp-content\/uploads\/2024\/01\/cropped-cropped-Copia-de-M-1.jpg","width":499,"height":500,"caption":"Contadores P\u00fablicos de Santander"},"image":{"@id":"https:\/\/contadoreshoy.com\/#\/schema\/logo\/image\/"},"sameAs":["https:\/\/www.facebook.com\/CCCPBucaramanga\/"]},{"@type":"Person","@id":"https:\/\/contadoreshoy.com\/#\/schema\/person\/96d8979cb865537c5dc9345e40089fc5","name":"Miguel Antonio M\u00e1rquez Monta\u00f1ez","description":"Contador P\u00fablico egresado de la Universidad Aut\u00f3noma de Bucaramanga - Asesor contable tributario con m\u00e1s de 25 a\u00f1os de experiencia - Conferencista en temas contables y tributarios - T\u00e9cnico en Hardware y Dise\u00f1o Web - Creador y director Grupo de Estudio Colegio Colombiano de Contadores P\u00fablicos de Bucaramanga - Creador y Master Web p\u00e1gina www.contadoresp\u00fablicossantander.com - Expresidente Colegio Colombiano de Contadores P\u00fablicos Bucaramanga","url":"https:\/\/contadoreshoy.com\/?author=1"}]}},"_links":{"self":[{"href":"https:\/\/contadoreshoy.com\/index.php?rest_route=\/wp\/v2\/posts\/6946","targetHints":{"allow":["GET"]}}],"collection":[{"href":"https:\/\/contadoreshoy.com\/index.php?rest_route=\/wp\/v2\/posts"}],"about":[{"href":"https:\/\/contadoreshoy.com\/index.php?rest_route=\/wp\/v2\/types\/post"}],"author":[{"embeddable":true,"href":"https:\/\/contadoreshoy.com\/index.php?rest_route=\/wp\/v2\/users\/1"}],"replies":[{"embeddable":true,"href":"https:\/\/contadoreshoy.com\/index.php?rest_route=%2Fwp%2Fv2%2Fcomments&post=6946"}],"version-history":[{"count":1,"href":"https:\/\/contadoreshoy.com\/index.php?rest_route=\/wp\/v2\/posts\/6946\/revisions"}],"predecessor-version":[{"id":7908,"href":"https:\/\/contadoreshoy.com\/index.php?rest_route=\/wp\/v2\/posts\/6946\/revisions\/7908"}],"wp:featuredmedia":[{"embeddable":true,"href":"https:\/\/contadoreshoy.com\/index.php?rest_route=\/wp\/v2\/media\/5555"}],"wp:attachment":[{"href":"https:\/\/contadoreshoy.com\/index.php?rest_route=%2Fwp%2Fv2%2Fmedia&parent=6946"}],"wp:term":[{"taxonomy":"category","embeddable":true,"href":"https:\/\/contadoreshoy.com\/index.php?rest_route=%2Fwp%2Fv2%2Fcategories&post=6946"},{"taxonomy":"post_tag","embeddable":true,"href":"https:\/\/contadoreshoy.com\/index.php?rest_route=%2Fwp%2Fv2%2Ftags&post=6946"}],"curies":[{"name":"wp","href":"https:\/\/api.w.org\/{rel}","templated":true}]}}