{"id":6949,"date":"2016-02-29T16:23:17","date_gmt":"2016-02-29T21:23:17","guid":{"rendered":"http:\/\/colegiocolombianodecontadores.com\/?p=6949"},"modified":"2017-02-04T21:59:11","modified_gmt":"2017-02-05T02:59:11","slug":"decreto-297-febrero-23-de-2016-exencion-iva-para-servicios-turisticos","status":"publish","type":"post","link":"https:\/\/contadoreshoy.com\/?p=6949","title":{"rendered":"Decreto 297 febrero 23 de 2016 &#8211; Exenci\u00f3n IVA para servicios tur\u00edsticos"},"content":{"rendered":"<p style=\"text-align: center;\">MINISTERIO DE COMERCIO, INDUSTRIA Y TURISMO<\/p>\n<p style=\"text-align: center;\">DECRETO N\u00daMERO 297 DE 2016<br \/>\n(febrero 23)<\/p>\n<p style=\"text-align: justify;\">\n<span style=\"color: #0000ff;\">por el cual se reglamenta la exenci\u00f3n del impuesto sobre las ventas para los servicios tur\u00edsticos, establecida en el literal d) del art\u00edculo 481 del Estatuto Tributario, modificado por el art\u00edculo 55 de la Ley 1607 de 2012.<\/span><\/p>\n<p style=\"text-align: justify;\">\nEl Presidente de la Rep\u00fablica de Colombia, en ejercicio de sus facultades constitucionales y legales, en especial las que le confiere los numerales 11 y 20 del art\u00edculo 189 de la Constituci\u00f3n Pol\u00edtica, el art\u00edculo 481 del Estatuto Tributario, modificado por el art\u00edculo 55 de la Ley 1607 de 2012, y el art\u00edculo 26 de la Ley 300 de 1996, modificado por el art\u00edculo 4\u00b0 de la Ley 1558 de 2012, y<\/p>\n<p style=\"text-align: center;\">\nCONSIDERANDO:<\/p>\n<p style=\"text-align: justify;\">\nQue mediante el Decreto 2646 de 2013, el Gobierno nacional reglament\u00f3 el literal d) del art\u00edculo 481 del Estatuto Tributario, modificado por el art\u00edculo 55 de la Ley 1607 de 2012, el cual estableci\u00f3 la exenci\u00f3n del impuesto sobre las ventas de los servicios tur\u00edsticos prestados a residentes en el exterior que sean utilizados en el territorio colombiano, originados en paquetes vendidos por agencias operadoras y hoteles inscritos en el registro nacional de turismo, incluidos los vendidos por hoteles inscritos a las agencias operadoras.<\/p>\n<p style=\"text-align: justify;\">\nQue se hace necesario unificar la reglamentaci\u00f3n de la exenci\u00f3n prevista en el literal d) del art\u00edculo 481 del Estatuto Tributario para incluir los servicios tur\u00edsticos originados en paquetes vendidos por las agencias operadoras y hoteles inscritos en el registro nacional de turismo para ser utilizados en el territorio nacional por los residentes en el exterior, que ingresen a este con fines de cultura u otros eventos, o tratamiento m\u00e9dico.<\/p>\n<p style=\"text-align: justify;\">\nQue en cumplimiento de lo dispuesto en el numeral 8 del art\u00edculo 8\u00b0 del C\u00f3digo de Procedimiento Administrativo y de lo Contencioso Administrativo, el texto del presente Decreto fue publicado en la p\u00e1gina web del Ministerio de Comercio, Industria y Turismo y de la Unidad Administrativa Especial Direcci\u00f3n de Impuestos y Aduanas Nacionales (DIAN).<\/p>\n<p style=\"text-align: center;\">\nDECRETA:<\/p>\n<p style=\"text-align: justify;\">\n<span style=\"color: #0000ff;\">Art\u00edculo 1\u00b0. Exenci\u00f3n del IVA sobre los servicios tur\u00edsticos prestados a residentes en el exterior que sean utilizados en territorio colombiano<\/span>.<span style=\"color: #ff9900;\"> Conforme con lo previsto en el literal d) del art\u00edculo 481 del Estatuto Tributario, se consideran servicios exentos del impuesto sobre las ventas con derecho a devoluci\u00f3n bimestral los servicios tur\u00edsticos prestados a residentes en el exterior que sean utilizados en territorio colombiano, originados en paquetes vendidos por las agencias operadoras u hoteles inscritos en el registro nacional de turismo, seg\u00fan las funciones asignadas, de acuerdo con lo establecido en la Ley 300 de 1996. En el caso de los servicios hoteleros la exenci\u00f3n rige independientemente de que el responsable del pago sea el hu\u00e9sped no residente en Colombia o la agencia de viajes.<\/span><\/p>\n<p style=\"text-align: justify;\">\n<span style=\"color: #ff9900;\">As\u00ed mismo se consideran servicios exentos del impuesto sobre las ventas los servicios hoteleros vendidos por los hoteles a las agencias operadoras, siempre y cuando el beneficiario de los servicios prestados en el territorio nacional sea un residente en el exterior<\/span>.<\/p>\n<p style=\"text-align: justify;\">\nPara el efecto, los hoteles deber\u00e1n facturar a las agencias operadoras los servicios hoteleros prestados en el pa\u00eds, discriminando cada uno de ellos y liquidando el IVA a la tarifa de cero (0%), siempre y cuando el beneficiario de los mismos sea un no residente, e independientemente de que individualmente considerados se presten a t\u00edtulo gratuito u oneroso.<\/p>\n<p style=\"text-align: justify;\">\n<span style=\"color: #0000ff;\">Par\u00e1grafo 1\u00b0. Para la aplicaci\u00f3n de la exenci\u00f3n objeto de este decreto, se consideran residentes en el exterior a los extranjeros y a los nacionales que ingresen al territorio nacional sin el \u00e1nimo de establecerse en Colombia y que acrediten tal condici\u00f3n con los documentos se\u00f1alados en este par\u00e1grafo.<\/span><\/p>\n<p style=\"text-align: justify;\">\n<span style=\"color: #ff9900;\">El extranjero residente en el exterior deber\u00e1 acreditar su condici\u00f3n mediante la presentaci\u00f3n del pasaporte original; la tarjeta Andina o la tarjeta de Mercosur comprobando su estatus migratorio con el sello vigente de Permiso de Ingreso y Permanencia PIP-3, o PIP-5, o PIP-6, o PIP-10; o la Visa Temporal vigente TP-7, o TP-11, o TP-12;<\/span> seg\u00fan sea el fin que asiste al residente en el exterior para ingresar al pa\u00eds sin el \u00e1nimo de establecerse en este, de acuerdo con lo se\u00f1alado el Decreto 1067 de 2015, modificado por el Decreto 1743 de 2015, y en la Resoluci\u00f3n 5512 de 2015 del Ministerio de Relaciones Exteriores, y dem\u00e1s normas que los modifiquen, adicionen o sustituyan, y siempre y cuando se trate de la adquisici\u00f3n de servicios tur\u00edsticos vendidos bajo la modalidad de planes o paquetes tur\u00edsticos por las agencias operadoras y hoteles inscritos en el registro nacional de turismo, incluidos los vendidos por hoteles inscritos a las agencias operadoras.<br \/>\nEl nacional acreditar\u00e1 su condici\u00f3n de residente en el exterior, mediante la presentaci\u00f3n de la documentaci\u00f3n expedida por las autoridades del pa\u00eds de residencia.<\/p>\n<p style=\"text-align: justify;\">\nPar\u00e1grafo 2\u00b0.<span style=\"color: #0000ff;\"> Para efectos de control, los hoteles deber\u00e1n llevar un registro de los servicios hoteleros vendidos a residentes en el exterior en paquetes tur\u00edsticos, bien sea directamente o por intermedio de agencias operadoras, con una relaci\u00f3n de la correspondiente facturaci\u00f3n y fotocopia de los documentos se\u00f1alados en el par\u00e1grafo 1\u00b0 de este art\u00edculo. As\u00ed mismo, las agencias operadoras deber\u00e1n llevar un registro de los servicios tur\u00edsticos vendidos bajo la modalidad de plan o paquete tur\u00edstico a los residentes en el exterior, con una relaci\u00f3n de la correspondiente facturaci\u00f3n.<\/span><\/p>\n<p style=\"text-align: justify;\">\nPar\u00e1grafo 3\u00b0. <span style=\"color: #ff9900;\">Para los casos de los servicios tur\u00edsticos originados en paquetes adquiridos a trav\u00e9s de comercio electr\u00f3nico o de cualquier otro medio, con posterioridad al ingreso del residente en el exterior al pa\u00eds, el prestador del servicio ser\u00e1 responsable de obtener y conservar la copia de los documentos mencionados en el par\u00e1grafo 2\u00b0 de este art\u00edculo, sin los cuales no proceder\u00e1 la exenci\u00f3n ni la correspondiente devoluci\u00f3n.<\/span><\/p>\n<p style=\"text-align: justify;\">\nArt\u00edculo 2\u00b0. Vigencia. El presente decreto rige a partir de la fecha de su publicaci\u00f3n y deroga el Decreto 2646 de 2013.<\/p>\n<p style=\"text-align: justify;\">\nPubl\u00edquese y c\u00famplase.<\/p>\n<p style=\"text-align: justify;\">\nDado en Bogot\u00e1 D. C., a 23 de febrero de 2016.<br \/>\nJUAN MANUEL SANTOS CALDER\u00d3N<\/p>\n","protected":false},"excerpt":{"rendered":"<p>Se consideran servicios exentos del impuesto sobre las ventas con derecho a devoluci\u00f3n bimestral los servicios tur\u00edsticos prestados a residentes en el exterior que sean utilizados en territorio colombiano, originados en paquetes vendidos por las agencias operadoras u hoteles inscritos en el registro nacional de turismo.<\/p>\n","protected":false},"author":1,"featured_media":6298,"comment_status":"open","ping_status":"open","sticky":false,"template":"","format":"standard","meta":{"_monsterinsights_skip_tracking":false,"ngg_post_thumbnail":0,"footnotes":"","_links_to":"","_links_to_target":""},"categories":[454],"tags":[],"class_list":["post-6949","post","type-post","status-publish","format-standard","has-post-thumbnail","hentry","category-sin-categoria"],"aioseo_notices":[],"aioseo_head":"\n\t\t<!-- All in One SEO 5.0.1.1 - aioseo.com -->\n\t<meta name=\"description\" content=\"Se consideran servicios exentos del impuesto sobre las ventas con derecho a devoluci\u00f3n bimestral los servicios tur\u00edsticos prestados a residentes en el exterior que sean utilizados en territorio colombiano, originados en paquetes vendidos por las agencias operadoras u hoteles inscritos en el registro nacional de turismo.\" \/>\n\t<meta name=\"robots\" content=\"max-image-preview:large\" \/>\n\t<meta name=\"author\" content=\"Miguel Antonio M\u00e1rquez Monta\u00f1ez\"\/>\n\t<link rel=\"canonical\" href=\"https:\/\/contadoreshoy.com\/?p=6949\" \/>\n\t<meta name=\"generator\" content=\"All in One SEO (AIOSEO) 5.0.1.1\" \/>\n\t\t<meta property=\"og:locale\" content=\"es_ES\" \/>\n\t\t<meta property=\"og:site_name\" content=\"Contadores P\u00fablicos - Portal para Contadores P\u00fablicos y empresarios\" \/>\n\t\t<meta property=\"og:type\" content=\"article\" \/>\n\t\t<meta property=\"og:title\" content=\"Decreto 297 febrero 23 de 2016 \u2013 Exenci\u00f3n IVA para servicios tur\u00edsticos - Contadores P\u00fablicos\" \/>\n\t\t<meta property=\"og:description\" content=\"Se consideran servicios exentos del impuesto sobre las ventas con derecho a devoluci\u00f3n bimestral los servicios tur\u00edsticos prestados a residentes en el exterior que sean utilizados en territorio colombiano, originados en paquetes vendidos por las agencias operadoras u hoteles inscritos en el registro nacional de turismo.\" \/>\n\t\t<meta property=\"og:url\" content=\"https:\/\/contadoreshoy.com\/?p=6949\" \/>\n\t\t<meta property=\"og:image\" content=\"https:\/\/contadoreshoy.com\/wp-content\/uploads\/2024\/01\/cropped-cropped-cropped-Copia-de-M.jpg\" \/>\n\t\t<meta property=\"og:image:secure_url\" content=\"https:\/\/contadoreshoy.com\/wp-content\/uploads\/2024\/01\/cropped-cropped-cropped-Copia-de-M.jpg\" \/>\n\t\t<meta property=\"og:image:width\" content=\"512\" \/>\n\t\t<meta property=\"og:image:height\" content=\"371\" \/>\n\t\t<meta property=\"article:published_time\" content=\"2016-02-29T21:23:17+00:00\" \/>\n\t\t<meta property=\"article:modified_time\" content=\"2017-02-05T02:59:11+00:00\" \/>\n\t\t<meta name=\"twitter:card\" content=\"summary_large_image\" \/>\n\t\t<meta name=\"twitter:title\" content=\"Decreto 297 febrero 23 de 2016 \u2013 Exenci\u00f3n IVA para servicios tur\u00edsticos - Contadores P\u00fablicos\" \/>\n\t\t<meta name=\"twitter:description\" content=\"Se consideran servicios exentos del impuesto sobre las ventas con derecho a devoluci\u00f3n bimestral los servicios tur\u00edsticos prestados a residentes en el exterior que sean utilizados en territorio colombiano, originados en paquetes vendidos por las agencias operadoras u hoteles inscritos en el registro nacional de turismo.\" \/>\n\t\t<meta name=\"twitter:image\" content=\"https:\/\/contadoreshoy.com\/wp-content\/uploads\/2024\/01\/cropped-cropped-cropped-Copia-de-M.jpg\" \/>\n\t\t<script type=\"application\/ld+json\" class=\"aioseo-schema\">\n\t\t\t{\"@context\":\"https:\\\/\\\/schema.org\",\"@graph\":[{\"@type\":\"BlogPosting\",\"@id\":\"https:\\\/\\\/contadoreshoy.com\\\/?p=6949#blogposting\",\"name\":\"Decreto 297 febrero 23 de 2016 \\u2013 Exenci\\u00f3n IVA para servicios tur\\u00edsticos - Contadores P\\u00fablicos\",\"headline\":\"Decreto 297 febrero 23 de 2016 &#8211; Exenci\\u00f3n IVA para servicios tur\\u00edsticos\",\"author\":{\"@id\":\"https:\\\/\\\/contadoreshoy.com\\\/?author=1#author\"},\"publisher\":{\"@id\":\"https:\\\/\\\/contadoreshoy.com\\\/#organization\"},\"image\":{\"@type\":\"ImageObject\",\"url\":\"https:\\\/\\\/contadoreshoy.com\\\/wp-content\\\/uploads\\\/2015\\\/11\\\/Trabajador-extranjero.jpg\",\"width\":600,\"height\":400},\"datePublished\":\"2016-02-29T16:23:17-05:00\",\"dateModified\":\"2017-02-04T21:59:11-05:00\",\"inLanguage\":\"es-ES\",\"mainEntityOfPage\":{\"@id\":\"https:\\\/\\\/contadoreshoy.com\\\/?p=6949#webpage\"},\"isPartOf\":{\"@id\":\"https:\\\/\\\/contadoreshoy.com\\\/?p=6949#webpage\"},\"articleSection\":\"Sin categor\\u00eda\"},{\"@type\":\"BreadcrumbList\",\"@id\":\"https:\\\/\\\/contadoreshoy.com\\\/?p=6949#breadcrumblist\",\"itemListElement\":[{\"@type\":\"ListItem\",\"@id\":\"https:\\\/\\\/contadoreshoy.com#listItem\",\"position\":1,\"name\":\"Home\",\"item\":\"https:\\\/\\\/contadoreshoy.com\",\"nextItem\":{\"@type\":\"ListItem\",\"@id\":\"https:\\\/\\\/contadoreshoy.com\\\/?cat=454#listItem\",\"name\":\"Sin categor\\u00eda\"}},{\"@type\":\"ListItem\",\"@id\":\"https:\\\/\\\/contadoreshoy.com\\\/?cat=454#listItem\",\"position\":2,\"name\":\"Sin categor\\u00eda\",\"item\":\"https:\\\/\\\/contadoreshoy.com\\\/?cat=454\",\"nextItem\":{\"@type\":\"ListItem\",\"@id\":\"https:\\\/\\\/contadoreshoy.com\\\/?p=6949#listItem\",\"name\":\"Decreto 297 febrero 23 de 2016 &#8211; Exenci\\u00f3n IVA para servicios tur\\u00edsticos\"},\"previousItem\":{\"@type\":\"ListItem\",\"@id\":\"https:\\\/\\\/contadoreshoy.com#listItem\",\"name\":\"Home\"}},{\"@type\":\"ListItem\",\"@id\":\"https:\\\/\\\/contadoreshoy.com\\\/?p=6949#listItem\",\"position\":3,\"name\":\"Decreto 297 febrero 23 de 2016 &#8211; Exenci\\u00f3n IVA para servicios tur\\u00edsticos\",\"previousItem\":{\"@type\":\"ListItem\",\"@id\":\"https:\\\/\\\/contadoreshoy.com\\\/?cat=454#listItem\",\"name\":\"Sin categor\\u00eda\"}}]},{\"@type\":\"Organization\",\"@id\":\"https:\\\/\\\/contadoreshoy.com\\\/#organization\",\"name\":\"Contadores P\\u00fablicos\",\"description\":\"Portal para Contadores P\\u00fablicos y empresarios\",\"url\":\"https:\\\/\\\/contadoreshoy.com\\\/\",\"logo\":{\"@type\":\"ImageObject\",\"url\":\"https:\\\/\\\/contadoreshoy.com\\\/wp-content\\\/uploads\\\/2024\\\/01\\\/cropped-cropped-Copia-de-M-1.jpg\",\"@id\":\"https:\\\/\\\/contadoreshoy.com\\\/?p=6949\\\/#organizationLogo\",\"width\":499,\"height\":500},\"image\":{\"@id\":\"https:\\\/\\\/contadoreshoy.com\\\/?p=6949\\\/#organizationLogo\"}},{\"@type\":\"Person\",\"@id\":\"https:\\\/\\\/contadoreshoy.com\\\/?author=1#author\",\"url\":\"https:\\\/\\\/contadoreshoy.com\\\/?author=1\",\"name\":\"Miguel Antonio M\\u00e1rquez Monta\\u00f1ez\"},{\"@type\":\"WebPage\",\"@id\":\"https:\\\/\\\/contadoreshoy.com\\\/?p=6949#webpage\",\"url\":\"https:\\\/\\\/contadoreshoy.com\\\/?p=6949\",\"name\":\"Decreto 297 febrero 23 de 2016 \\u2013 Exenci\\u00f3n IVA para servicios tur\\u00edsticos - Contadores P\\u00fablicos\",\"description\":\"Se consideran servicios exentos del impuesto sobre las ventas con derecho a devoluci\\u00f3n bimestral los servicios tur\\u00edsticos prestados a residentes en el exterior que sean utilizados en territorio colombiano, originados en paquetes vendidos por las agencias operadoras u hoteles inscritos en el registro nacional de turismo.\",\"inLanguage\":\"es-ES\",\"isPartOf\":{\"@id\":\"https:\\\/\\\/contadoreshoy.com\\\/#website\"},\"breadcrumb\":{\"@id\":\"https:\\\/\\\/contadoreshoy.com\\\/?p=6949#breadcrumblist\"},\"author\":{\"@id\":\"https:\\\/\\\/contadoreshoy.com\\\/?author=1#author\"},\"creator\":{\"@id\":\"https:\\\/\\\/contadoreshoy.com\\\/?author=1#author\"},\"image\":{\"@type\":\"ImageObject\",\"url\":\"https:\\\/\\\/contadoreshoy.com\\\/wp-content\\\/uploads\\\/2015\\\/11\\\/Trabajador-extranjero.jpg\",\"@id\":\"https:\\\/\\\/contadoreshoy.com\\\/?p=6949\\\/#mainImage\",\"width\":600,\"height\":400},\"primaryImageOfPage\":{\"@id\":\"https:\\\/\\\/contadoreshoy.com\\\/?p=6949#mainImage\"},\"datePublished\":\"2016-02-29T16:23:17-05:00\",\"dateModified\":\"2017-02-04T21:59:11-05:00\"},{\"@type\":\"WebSite\",\"@id\":\"https:\\\/\\\/contadoreshoy.com\\\/#website\",\"url\":\"https:\\\/\\\/contadoreshoy.com\\\/\",\"name\":\"Contadores P\\u00fablicos\",\"description\":\"Portal para Contadores P\\u00fablicos y empresarios\",\"inLanguage\":\"es-ES\",\"publisher\":{\"@id\":\"https:\\\/\\\/contadoreshoy.com\\\/#organization\"}}]}\n\t\t<\/script>\n\t\t<!-- All in One SEO -->\n\n","aioseo_head_json":{"title":"Decreto 297 febrero 23 de 2016 \u2013 Exenci\u00f3n IVA para servicios tur\u00edsticos - Contadores P\u00fablicos","description":"Se consideran servicios exentos del impuesto sobre las ventas con derecho a devoluci\u00f3n bimestral los servicios tur\u00edsticos prestados a residentes en el exterior que sean utilizados en territorio colombiano, originados en paquetes vendidos por las agencias operadoras u hoteles inscritos en el registro nacional de turismo.","canonical_url":"https:\/\/contadoreshoy.com\/?p=6949","robots":"max-image-preview:large","keywords":"","webmasterTools":{"miscellaneous":""},"schema":{"@context":"https:\/\/schema.org","@graph":[{"@type":"BlogPosting","@id":"https:\/\/contadoreshoy.com\/?p=6949#blogposting","name":"Decreto 297 febrero 23 de 2016 \u2013 Exenci\u00f3n IVA para servicios tur\u00edsticos - Contadores P\u00fablicos","headline":"Decreto 297 febrero 23 de 2016 &#8211; Exenci\u00f3n IVA para servicios tur\u00edsticos","author":{"@id":"https:\/\/contadoreshoy.com\/?author=1#author"},"publisher":{"@id":"https:\/\/contadoreshoy.com\/#organization"},"image":{"@type":"ImageObject","url":"https:\/\/contadoreshoy.com\/wp-content\/uploads\/2015\/11\/Trabajador-extranjero.jpg","width":600,"height":400},"datePublished":"2016-02-29T16:23:17-05:00","dateModified":"2017-02-04T21:59:11-05:00","inLanguage":"es-ES","mainEntityOfPage":{"@id":"https:\/\/contadoreshoy.com\/?p=6949#webpage"},"isPartOf":{"@id":"https:\/\/contadoreshoy.com\/?p=6949#webpage"},"articleSection":"Sin categor\u00eda"},{"@type":"BreadcrumbList","@id":"https:\/\/contadoreshoy.com\/?p=6949#breadcrumblist","itemListElement":[{"@type":"ListItem","@id":"https:\/\/contadoreshoy.com#listItem","position":1,"name":"Home","item":"https:\/\/contadoreshoy.com","nextItem":{"@type":"ListItem","@id":"https:\/\/contadoreshoy.com\/?cat=454#listItem","name":"Sin categor\u00eda"}},{"@type":"ListItem","@id":"https:\/\/contadoreshoy.com\/?cat=454#listItem","position":2,"name":"Sin categor\u00eda","item":"https:\/\/contadoreshoy.com\/?cat=454","nextItem":{"@type":"ListItem","@id":"https:\/\/contadoreshoy.com\/?p=6949#listItem","name":"Decreto 297 febrero 23 de 2016 &#8211; Exenci\u00f3n IVA para servicios tur\u00edsticos"},"previousItem":{"@type":"ListItem","@id":"https:\/\/contadoreshoy.com#listItem","name":"Home"}},{"@type":"ListItem","@id":"https:\/\/contadoreshoy.com\/?p=6949#listItem","position":3,"name":"Decreto 297 febrero 23 de 2016 &#8211; Exenci\u00f3n IVA para servicios tur\u00edsticos","previousItem":{"@type":"ListItem","@id":"https:\/\/contadoreshoy.com\/?cat=454#listItem","name":"Sin categor\u00eda"}}]},{"@type":"Organization","@id":"https:\/\/contadoreshoy.com\/#organization","name":"Contadores P\u00fablicos","description":"Portal para Contadores P\u00fablicos y empresarios","url":"https:\/\/contadoreshoy.com\/","logo":{"@type":"ImageObject","url":"https:\/\/contadoreshoy.com\/wp-content\/uploads\/2024\/01\/cropped-cropped-Copia-de-M-1.jpg","@id":"https:\/\/contadoreshoy.com\/?p=6949\/#organizationLogo","width":499,"height":500},"image":{"@id":"https:\/\/contadoreshoy.com\/?p=6949\/#organizationLogo"}},{"@type":"Person","@id":"https:\/\/contadoreshoy.com\/?author=1#author","url":"https:\/\/contadoreshoy.com\/?author=1","name":"Miguel Antonio M\u00e1rquez Monta\u00f1ez"},{"@type":"WebPage","@id":"https:\/\/contadoreshoy.com\/?p=6949#webpage","url":"https:\/\/contadoreshoy.com\/?p=6949","name":"Decreto 297 febrero 23 de 2016 \u2013 Exenci\u00f3n IVA para servicios tur\u00edsticos - Contadores P\u00fablicos","description":"Se consideran servicios exentos del impuesto sobre las ventas con derecho a devoluci\u00f3n bimestral los servicios tur\u00edsticos prestados a residentes en el exterior que sean utilizados en territorio colombiano, originados en paquetes vendidos por las agencias operadoras u hoteles inscritos en el registro nacional de turismo.","inLanguage":"es-ES","isPartOf":{"@id":"https:\/\/contadoreshoy.com\/#website"},"breadcrumb":{"@id":"https:\/\/contadoreshoy.com\/?p=6949#breadcrumblist"},"author":{"@id":"https:\/\/contadoreshoy.com\/?author=1#author"},"creator":{"@id":"https:\/\/contadoreshoy.com\/?author=1#author"},"image":{"@type":"ImageObject","url":"https:\/\/contadoreshoy.com\/wp-content\/uploads\/2015\/11\/Trabajador-extranjero.jpg","@id":"https:\/\/contadoreshoy.com\/?p=6949\/#mainImage","width":600,"height":400},"primaryImageOfPage":{"@id":"https:\/\/contadoreshoy.com\/?p=6949#mainImage"},"datePublished":"2016-02-29T16:23:17-05:00","dateModified":"2017-02-04T21:59:11-05:00"},{"@type":"WebSite","@id":"https:\/\/contadoreshoy.com\/#website","url":"https:\/\/contadoreshoy.com\/","name":"Contadores P\u00fablicos","description":"Portal para Contadores P\u00fablicos y empresarios","inLanguage":"es-ES","publisher":{"@id":"https:\/\/contadoreshoy.com\/#organization"}}]},"og:locale":"es_ES","og:site_name":"Contadores P\u00fablicos - Portal para Contadores P\u00fablicos y empresarios","og:type":"article","og:title":"Decreto 297 febrero 23 de 2016 \u2013 Exenci\u00f3n IVA para servicios tur\u00edsticos - Contadores P\u00fablicos","og:description":"Se consideran servicios exentos del impuesto sobre las ventas con derecho a devoluci\u00f3n bimestral los servicios tur\u00edsticos prestados a residentes en el exterior que sean utilizados en territorio colombiano, originados en paquetes vendidos por las agencias operadoras u hoteles inscritos en el registro nacional de turismo.","og:url":"https:\/\/contadoreshoy.com\/?p=6949","og:image":"https:\/\/contadoreshoy.com\/wp-content\/uploads\/2024\/01\/cropped-cropped-cropped-Copia-de-M.jpg","og:image:secure_url":"https:\/\/contadoreshoy.com\/wp-content\/uploads\/2024\/01\/cropped-cropped-cropped-Copia-de-M.jpg","og:image:width":512,"og:image:height":371,"article:published_time":"2016-02-29T21:23:17+00:00","article:modified_time":"2017-02-05T02:59:11+00:00","twitter:card":"summary_large_image","twitter:title":"Decreto 297 febrero 23 de 2016 \u2013 Exenci\u00f3n IVA para servicios tur\u00edsticos - Contadores P\u00fablicos","twitter:description":"Se consideran servicios exentos del impuesto sobre las ventas con derecho a devoluci\u00f3n bimestral los servicios tur\u00edsticos prestados a residentes en el exterior que sean utilizados en territorio colombiano, originados en paquetes vendidos por las agencias operadoras u hoteles inscritos en el registro nacional de turismo.","twitter:image":"https:\/\/contadoreshoy.com\/wp-content\/uploads\/2024\/01\/cropped-cropped-cropped-Copia-de-M.jpg"},"aioseo_meta_data":{"post_id":"6949","title":null,"description":null,"keywords":null,"keyphrases":null,"primary_term":null,"canonical_url":null,"og_title":null,"og_description":null,"og_object_type":"default","og_image_type":"default","og_image_url":null,"og_image_width":null,"og_image_height":null,"og_image_custom_url":null,"og_image_custom_fields":null,"og_video":null,"og_custom_url":null,"og_article_section":null,"og_article_tags":null,"twitter_use_og":false,"twitter_card":"default","twitter_image_type":"default","twitter_image_url":null,"twitter_image_custom_url":null,"twitter_image_custom_fields":null,"twitter_title":null,"twitter_description":null,"schema":{"blockGraphs":[],"customGraphs":[],"default":{"data":{"Article":[],"Course":[],"Dataset":[],"FAQPage":[],"Movie":[],"Person":[],"Product":[],"ProductReview":[],"Car":[],"Recipe":[],"Service":[],"SoftwareApplication":[],"WebPage":[]},"graphName":"","isEnabled":true},"graphs":[]},"schema_type":"default","schema_type_options":null,"pillar_content":false,"robots_default":true,"robots_noindex":false,"robots_noarchive":false,"robots_nosnippet":false,"robots_nofollow":false,"robots_noimageindex":false,"robots_noodp":false,"robots_notranslate":false,"robots_max_snippet":null,"robots_max_videopreview":null,"robots_max_imagepreview":"large","priority":null,"frequency":null,"local_seo":null,"breadcrumb_settings":null,"limit_modified_date":false,"ai":null,"created":"2024-03-05 01:33:28","updated":"2026-03-03 04:49:41","seo_analyzer_scan_date":null,"focus_keyword":null,"additional_keywords":null,"truseo_locale":null},"aioseo_breadcrumb":"<div class=\"aioseo-breadcrumbs\"><span class=\"aioseo-breadcrumb\">\n\t\t\t<a href=\"https:\/\/contadoreshoy.com\" title=\"Home\">Home<\/a>\n\t\t<\/span><span class=\"aioseo-breadcrumb-separator\">&raquo;<\/span><span class=\"aioseo-breadcrumb\">\n\t\t\t<a href=\"https:\/\/contadoreshoy.com\/?cat=454\" title=\"Sin categor\u00eda\">Sin categor\u00eda<\/a>\n\t\t<\/span><span class=\"aioseo-breadcrumb-separator\">&raquo;<\/span><span class=\"aioseo-breadcrumb\">\n\t\t\tDecreto 297 febrero 23 de 2016 \u2013 Exenci\u00f3n IVA para servicios tur\u00edsticos\n\t\t<\/span><\/div>","aioseo_breadcrumb_json":[{"label":"Home","link":"https:\/\/contadoreshoy.com"},{"label":"Sin categor\u00eda","link":"https:\/\/contadoreshoy.com\/?cat=454"},{"label":"Decreto 297 febrero 23 de 2016 &#8211; Exenci\u00f3n IVA para servicios tur\u00edsticos","link":"https:\/\/contadoreshoy.com\/?p=6949"}],"yoast_head":"<!-- This site is optimized with the Yoast SEO plugin v28.4 - https:\/\/yoast.com\/product\/yoast-seo-wordpress\/ -->\n<title>Decreto 297 febrero 23 de 2016 - Exenci\u00f3n IVA para servicios tur\u00edsticos - Contadores P\u00fablicos<\/title>\n<meta name=\"robots\" content=\"index, follow, max-snippet:-1, max-image-preview:large, max-video-preview:-1\" \/>\n<link rel=\"canonical\" href=\"https:\/\/contadoreshoy.com\/?p=6949\" \/>\n<meta property=\"og:locale\" content=\"es_ES\" \/>\n<meta property=\"og:type\" content=\"article\" \/>\n<meta property=\"og:title\" content=\"Decreto 297 febrero 23 de 2016 - Exenci\u00f3n IVA para servicios tur\u00edsticos - Contadores P\u00fablicos\" \/>\n<meta property=\"og:description\" content=\"Se consideran servicios exentos del impuesto sobre las ventas con derecho a devoluci\u00f3n bimestral los servicios tur\u00edsticos prestados a residentes en el exterior que sean utilizados en territorio colombiano, originados en paquetes vendidos por las agencias operadoras u hoteles inscritos en el registro nacional de turismo.\" \/>\n<meta property=\"og:url\" content=\"https:\/\/contadoreshoy.com\/?p=6949\" \/>\n<meta property=\"og:site_name\" content=\"Contadores P\u00fablicos\" \/>\n<meta property=\"article:publisher\" content=\"https:\/\/www.facebook.com\/CCCPBucaramanga\/\" \/>\n<meta property=\"article:published_time\" content=\"2016-02-29T21:23:17+00:00\" \/>\n<meta property=\"article:modified_time\" content=\"2017-02-05T02:59:11+00:00\" \/>\n<meta property=\"og:image\" content=\"https:\/\/contadoreshoy.com\/wp-content\/uploads\/2015\/11\/Trabajador-extranjero.jpg\" \/>\n\t<meta property=\"og:image:width\" content=\"600\" \/>\n\t<meta property=\"og:image:height\" content=\"400\" \/>\n\t<meta property=\"og:image:type\" content=\"image\/jpeg\" \/>\n<meta name=\"author\" content=\"Miguel Antonio M\u00e1rquez Monta\u00f1ez\" \/>\n<meta name=\"twitter:card\" content=\"summary_large_image\" \/>\n<meta name=\"twitter:label1\" content=\"Escrito por\" \/>\n\t<meta name=\"twitter:data1\" content=\"Miguel Antonio M\u00e1rquez Monta\u00f1ez\" \/>\n\t<meta name=\"twitter:label2\" content=\"Tiempo de lectura\" \/>\n\t<meta name=\"twitter:data2\" content=\"5 minutos\" \/>\n<script type=\"application\/ld+json\" class=\"yoast-schema-graph\">{\"@context\":\"https:\\\/\\\/schema.org\",\"@graph\":[{\"@type\":\"Article\",\"@id\":\"https:\\\/\\\/contadoreshoy.com\\\/?p=6949#article\",\"isPartOf\":{\"@id\":\"https:\\\/\\\/contadoreshoy.com\\\/?p=6949\"},\"author\":{\"name\":\"Miguel Antonio M\u00e1rquez Monta\u00f1ez\",\"@id\":\"https:\\\/\\\/contadoreshoy.com\\\/#\\\/schema\\\/person\\\/96d8979cb865537c5dc9345e40089fc5\"},\"headline\":\"Decreto 297 febrero 23 de 2016 &#8211; Exenci\u00f3n IVA para servicios tur\u00edsticos\",\"datePublished\":\"2016-02-29T21:23:17+00:00\",\"dateModified\":\"2017-02-05T02:59:11+00:00\",\"mainEntityOfPage\":{\"@id\":\"https:\\\/\\\/contadoreshoy.com\\\/?p=6949\"},\"wordCount\":1032,\"commentCount\":0,\"publisher\":{\"@id\":\"https:\\\/\\\/contadoreshoy.com\\\/#organization\"},\"image\":{\"@id\":\"https:\\\/\\\/contadoreshoy.com\\\/?p=6949#primaryimage\"},\"thumbnailUrl\":\"https:\\\/\\\/contadoreshoy.com\\\/wp-content\\\/uploads\\\/2015\\\/11\\\/Trabajador-extranjero.jpg\",\"inLanguage\":\"es\",\"potentialAction\":[{\"@type\":\"CommentAction\",\"name\":\"Comment\",\"target\":[\"https:\\\/\\\/contadoreshoy.com\\\/?p=6949#respond\"]}]},{\"@type\":\"WebPage\",\"@id\":\"https:\\\/\\\/contadoreshoy.com\\\/?p=6949\",\"url\":\"https:\\\/\\\/contadoreshoy.com\\\/?p=6949\",\"name\":\"Decreto 297 febrero 23 de 2016 - Exenci\u00f3n IVA para servicios tur\u00edsticos - Contadores P\u00fablicos\",\"isPartOf\":{\"@id\":\"https:\\\/\\\/contadoreshoy.com\\\/#website\"},\"primaryImageOfPage\":{\"@id\":\"https:\\\/\\\/contadoreshoy.com\\\/?p=6949#primaryimage\"},\"image\":{\"@id\":\"https:\\\/\\\/contadoreshoy.com\\\/?p=6949#primaryimage\"},\"thumbnailUrl\":\"https:\\\/\\\/contadoreshoy.com\\\/wp-content\\\/uploads\\\/2015\\\/11\\\/Trabajador-extranjero.jpg\",\"datePublished\":\"2016-02-29T21:23:17+00:00\",\"dateModified\":\"2017-02-05T02:59:11+00:00\",\"breadcrumb\":{\"@id\":\"https:\\\/\\\/contadoreshoy.com\\\/?p=6949#breadcrumb\"},\"inLanguage\":\"es\",\"potentialAction\":[{\"@type\":\"ReadAction\",\"target\":[\"https:\\\/\\\/contadoreshoy.com\\\/?p=6949\"]}]},{\"@type\":\"ImageObject\",\"inLanguage\":\"es\",\"@id\":\"https:\\\/\\\/contadoreshoy.com\\\/?p=6949#primaryimage\",\"url\":\"https:\\\/\\\/contadoreshoy.com\\\/wp-content\\\/uploads\\\/2015\\\/11\\\/Trabajador-extranjero.jpg\",\"contentUrl\":\"https:\\\/\\\/contadoreshoy.com\\\/wp-content\\\/uploads\\\/2015\\\/11\\\/Trabajador-extranjero.jpg\",\"width\":600,\"height\":400},{\"@type\":\"BreadcrumbList\",\"@id\":\"https:\\\/\\\/contadoreshoy.com\\\/?p=6949#breadcrumb\",\"itemListElement\":[{\"@type\":\"ListItem\",\"position\":1,\"name\":\"Portada\",\"item\":\"https:\\\/\\\/contadoreshoy.com\\\/\"},{\"@type\":\"ListItem\",\"position\":2,\"name\":\"Decreto 297 febrero 23 de 2016 &#8211; Exenci\u00f3n IVA para servicios tur\u00edsticos\"}]},{\"@type\":\"WebSite\",\"@id\":\"https:\\\/\\\/contadoreshoy.com\\\/#website\",\"url\":\"https:\\\/\\\/contadoreshoy.com\\\/\",\"name\":\"Contadorespublicossantander\",\"description\":\"Portal para Contadores P\u00fablicos y empresarios\",\"publisher\":{\"@id\":\"https:\\\/\\\/contadoreshoy.com\\\/#organization\"},\"potentialAction\":[{\"@type\":\"SearchAction\",\"target\":{\"@type\":\"EntryPoint\",\"urlTemplate\":\"https:\\\/\\\/contadoreshoy.com\\\/?s={search_term_string}\"},\"query-input\":{\"@type\":\"PropertyValueSpecification\",\"valueRequired\":true,\"valueName\":\"search_term_string\"}}],\"inLanguage\":\"es\"},{\"@type\":\"Organization\",\"@id\":\"https:\\\/\\\/contadoreshoy.com\\\/#organization\",\"name\":\"Contadores P\u00fablicos de Santander\",\"url\":\"https:\\\/\\\/contadoreshoy.com\\\/\",\"logo\":{\"@type\":\"ImageObject\",\"inLanguage\":\"es\",\"@id\":\"https:\\\/\\\/contadoreshoy.com\\\/#\\\/schema\\\/logo\\\/image\\\/\",\"url\":\"https:\\\/\\\/contadoreshoy.com\\\/wp-content\\\/uploads\\\/2024\\\/01\\\/cropped-cropped-Copia-de-M-1.jpg\",\"contentUrl\":\"https:\\\/\\\/contadoreshoy.com\\\/wp-content\\\/uploads\\\/2024\\\/01\\\/cropped-cropped-Copia-de-M-1.jpg\",\"width\":499,\"height\":500,\"caption\":\"Contadores P\u00fablicos de Santander\"},\"image\":{\"@id\":\"https:\\\/\\\/contadoreshoy.com\\\/#\\\/schema\\\/logo\\\/image\\\/\"},\"sameAs\":[\"https:\\\/\\\/www.facebook.com\\\/CCCPBucaramanga\\\/\"]},{\"@type\":\"Person\",\"@id\":\"https:\\\/\\\/contadoreshoy.com\\\/#\\\/schema\\\/person\\\/96d8979cb865537c5dc9345e40089fc5\",\"name\":\"Miguel Antonio M\u00e1rquez Monta\u00f1ez\",\"description\":\"Contador P\u00fablico egresado de la Universidad Aut\u00f3noma de Bucaramanga - Asesor contable tributario con m\u00e1s de 25 a\u00f1os de experiencia - Conferencista en temas contables y tributarios - T\u00e9cnico en Hardware y Dise\u00f1o Web - Creador y director Grupo de Estudio Colegio Colombiano de Contadores P\u00fablicos de Bucaramanga - Creador y Master Web p\u00e1gina www.contadoresp\u00fablicossantander.com - Expresidente Colegio Colombiano de Contadores P\u00fablicos Bucaramanga\",\"url\":\"https:\\\/\\\/contadoreshoy.com\\\/?author=1\"}]}<\/script>\n<!-- \/ Yoast SEO plugin. -->","yoast_head_json":{"title":"Decreto 297 febrero 23 de 2016 - Exenci\u00f3n IVA para servicios tur\u00edsticos - Contadores P\u00fablicos","robots":{"index":"index","follow":"follow","max-snippet":"max-snippet:-1","max-image-preview":"max-image-preview:large","max-video-preview":"max-video-preview:-1"},"canonical":"https:\/\/contadoreshoy.com\/?p=6949","og_locale":"es_ES","og_type":"article","og_title":"Decreto 297 febrero 23 de 2016 - Exenci\u00f3n IVA para servicios tur\u00edsticos - Contadores P\u00fablicos","og_description":"Se consideran servicios exentos del impuesto sobre las ventas con derecho a devoluci\u00f3n bimestral los servicios tur\u00edsticos prestados a residentes en el exterior que sean utilizados en territorio colombiano, originados en paquetes vendidos por las agencias operadoras u hoteles inscritos en el registro nacional de turismo.","og_url":"https:\/\/contadoreshoy.com\/?p=6949","og_site_name":"Contadores P\u00fablicos","article_publisher":"https:\/\/www.facebook.com\/CCCPBucaramanga\/","article_published_time":"2016-02-29T21:23:17+00:00","article_modified_time":"2017-02-05T02:59:11+00:00","og_image":[{"width":600,"height":400,"url":"https:\/\/contadoreshoy.com\/wp-content\/uploads\/2015\/11\/Trabajador-extranjero.jpg","type":"image\/jpeg"}],"author":"Miguel Antonio M\u00e1rquez Monta\u00f1ez","twitter_card":"summary_large_image","twitter_misc":{"Escrito por":"Miguel Antonio M\u00e1rquez Monta\u00f1ez","Tiempo de lectura":"5 minutos"},"schema":{"@context":"https:\/\/schema.org","@graph":[{"@type":"Article","@id":"https:\/\/contadoreshoy.com\/?p=6949#article","isPartOf":{"@id":"https:\/\/contadoreshoy.com\/?p=6949"},"author":{"name":"Miguel Antonio M\u00e1rquez Monta\u00f1ez","@id":"https:\/\/contadoreshoy.com\/#\/schema\/person\/96d8979cb865537c5dc9345e40089fc5"},"headline":"Decreto 297 febrero 23 de 2016 &#8211; Exenci\u00f3n IVA para servicios tur\u00edsticos","datePublished":"2016-02-29T21:23:17+00:00","dateModified":"2017-02-05T02:59:11+00:00","mainEntityOfPage":{"@id":"https:\/\/contadoreshoy.com\/?p=6949"},"wordCount":1032,"commentCount":0,"publisher":{"@id":"https:\/\/contadoreshoy.com\/#organization"},"image":{"@id":"https:\/\/contadoreshoy.com\/?p=6949#primaryimage"},"thumbnailUrl":"https:\/\/contadoreshoy.com\/wp-content\/uploads\/2015\/11\/Trabajador-extranjero.jpg","inLanguage":"es","potentialAction":[{"@type":"CommentAction","name":"Comment","target":["https:\/\/contadoreshoy.com\/?p=6949#respond"]}]},{"@type":"WebPage","@id":"https:\/\/contadoreshoy.com\/?p=6949","url":"https:\/\/contadoreshoy.com\/?p=6949","name":"Decreto 297 febrero 23 de 2016 - Exenci\u00f3n IVA para servicios tur\u00edsticos - Contadores P\u00fablicos","isPartOf":{"@id":"https:\/\/contadoreshoy.com\/#website"},"primaryImageOfPage":{"@id":"https:\/\/contadoreshoy.com\/?p=6949#primaryimage"},"image":{"@id":"https:\/\/contadoreshoy.com\/?p=6949#primaryimage"},"thumbnailUrl":"https:\/\/contadoreshoy.com\/wp-content\/uploads\/2015\/11\/Trabajador-extranjero.jpg","datePublished":"2016-02-29T21:23:17+00:00","dateModified":"2017-02-05T02:59:11+00:00","breadcrumb":{"@id":"https:\/\/contadoreshoy.com\/?p=6949#breadcrumb"},"inLanguage":"es","potentialAction":[{"@type":"ReadAction","target":["https:\/\/contadoreshoy.com\/?p=6949"]}]},{"@type":"ImageObject","inLanguage":"es","@id":"https:\/\/contadoreshoy.com\/?p=6949#primaryimage","url":"https:\/\/contadoreshoy.com\/wp-content\/uploads\/2015\/11\/Trabajador-extranjero.jpg","contentUrl":"https:\/\/contadoreshoy.com\/wp-content\/uploads\/2015\/11\/Trabajador-extranjero.jpg","width":600,"height":400},{"@type":"BreadcrumbList","@id":"https:\/\/contadoreshoy.com\/?p=6949#breadcrumb","itemListElement":[{"@type":"ListItem","position":1,"name":"Portada","item":"https:\/\/contadoreshoy.com\/"},{"@type":"ListItem","position":2,"name":"Decreto 297 febrero 23 de 2016 &#8211; Exenci\u00f3n IVA para servicios tur\u00edsticos"}]},{"@type":"WebSite","@id":"https:\/\/contadoreshoy.com\/#website","url":"https:\/\/contadoreshoy.com\/","name":"Contadorespublicossantander","description":"Portal para Contadores P\u00fablicos y empresarios","publisher":{"@id":"https:\/\/contadoreshoy.com\/#organization"},"potentialAction":[{"@type":"SearchAction","target":{"@type":"EntryPoint","urlTemplate":"https:\/\/contadoreshoy.com\/?s={search_term_string}"},"query-input":{"@type":"PropertyValueSpecification","valueRequired":true,"valueName":"search_term_string"}}],"inLanguage":"es"},{"@type":"Organization","@id":"https:\/\/contadoreshoy.com\/#organization","name":"Contadores P\u00fablicos de Santander","url":"https:\/\/contadoreshoy.com\/","logo":{"@type":"ImageObject","inLanguage":"es","@id":"https:\/\/contadoreshoy.com\/#\/schema\/logo\/image\/","url":"https:\/\/contadoreshoy.com\/wp-content\/uploads\/2024\/01\/cropped-cropped-Copia-de-M-1.jpg","contentUrl":"https:\/\/contadoreshoy.com\/wp-content\/uploads\/2024\/01\/cropped-cropped-Copia-de-M-1.jpg","width":499,"height":500,"caption":"Contadores P\u00fablicos de Santander"},"image":{"@id":"https:\/\/contadoreshoy.com\/#\/schema\/logo\/image\/"},"sameAs":["https:\/\/www.facebook.com\/CCCPBucaramanga\/"]},{"@type":"Person","@id":"https:\/\/contadoreshoy.com\/#\/schema\/person\/96d8979cb865537c5dc9345e40089fc5","name":"Miguel Antonio M\u00e1rquez Monta\u00f1ez","description":"Contador P\u00fablico egresado de la Universidad Aut\u00f3noma de Bucaramanga - Asesor contable tributario con m\u00e1s de 25 a\u00f1os de experiencia - Conferencista en temas contables y tributarios - T\u00e9cnico en Hardware y Dise\u00f1o Web - Creador y director Grupo de Estudio Colegio Colombiano de Contadores P\u00fablicos de Bucaramanga - Creador y Master Web p\u00e1gina www.contadoresp\u00fablicossantander.com - Expresidente Colegio Colombiano de Contadores P\u00fablicos Bucaramanga","url":"https:\/\/contadoreshoy.com\/?author=1"}]}},"_links":{"self":[{"href":"https:\/\/contadoreshoy.com\/index.php?rest_route=\/wp\/v2\/posts\/6949","targetHints":{"allow":["GET"]}}],"collection":[{"href":"https:\/\/contadoreshoy.com\/index.php?rest_route=\/wp\/v2\/posts"}],"about":[{"href":"https:\/\/contadoreshoy.com\/index.php?rest_route=\/wp\/v2\/types\/post"}],"author":[{"embeddable":true,"href":"https:\/\/contadoreshoy.com\/index.php?rest_route=\/wp\/v2\/users\/1"}],"replies":[{"embeddable":true,"href":"https:\/\/contadoreshoy.com\/index.php?rest_route=%2Fwp%2Fv2%2Fcomments&post=6949"}],"version-history":[{"count":1,"href":"https:\/\/contadoreshoy.com\/index.php?rest_route=\/wp\/v2\/posts\/6949\/revisions"}],"predecessor-version":[{"id":7910,"href":"https:\/\/contadoreshoy.com\/index.php?rest_route=\/wp\/v2\/posts\/6949\/revisions\/7910"}],"wp:featuredmedia":[{"embeddable":true,"href":"https:\/\/contadoreshoy.com\/index.php?rest_route=\/wp\/v2\/media\/6298"}],"wp:attachment":[{"href":"https:\/\/contadoreshoy.com\/index.php?rest_route=%2Fwp%2Fv2%2Fmedia&parent=6949"}],"wp:term":[{"taxonomy":"category","embeddable":true,"href":"https:\/\/contadoreshoy.com\/index.php?rest_route=%2Fwp%2Fv2%2Fcategories&post=6949"},{"taxonomy":"post_tag","embeddable":true,"href":"https:\/\/contadoreshoy.com\/index.php?rest_route=%2Fwp%2Fv2%2Ftags&post=6949"}],"curies":[{"name":"wp","href":"https:\/\/api.w.org\/{rel}","templated":true}]}}