{"id":7168,"date":"2016-04-11T17:24:53","date_gmt":"2016-04-11T22:24:53","guid":{"rendered":"http:\/\/colegiocolombianodecontadores.com\/?p=7168"},"modified":"2017-02-04T21:58:57","modified_gmt":"2017-02-05T02:58:57","slug":"oficio-03937-marzo-01-2016-dian-regimen-aplicable-a-los-rendimientos-generados-por-los-fondos-de-inversion-colectiva","status":"publish","type":"post","link":"https:\/\/contadoreshoy.com\/?p=7168","title":{"rendered":"Oficio 03937 marzo 01 2016 DIAN &#8211; R\u00e9gimen aplicable a los rendimientos generados por los Fondos de Inversi\u00f3n Colectiva"},"content":{"rendered":"<h3 style=\"text-align: center;\">OFICIO N\u00daMERO 003937 DE 2016 DIAN<\/h3>\n<p style=\"text-align: center;\">( marzo 1\u00b0 )<\/p>\n<p style=\"text-align: center;\">Subdirecci\u00f3n de Gesti\u00f3n Normativa y Doctrina<\/p>\n<p>Bogot\u00e1, D. C., 29 de febrero de 2016<\/p>\n<p>100202208-0143<\/p>\n<p>&nbsp;<\/p>\n<p style=\"text-align: justify;\">De conformidad con el art\u00edculo 19 del Decreto 4048 de 2008, es funci\u00f3n de \u00e9sta Direcci\u00f3n absolver las consultas escritas que se formulen sobre la interpretaci\u00f3n y aplicaci\u00f3n de las normas tributarias de car\u00e1cter nacional, aduaneras y cambiarias en lo de competencia de la Entidad, \u00e1mbito dentro del cual ser\u00e1 atendida su solicitud.<\/p>\n<p style=\"text-align: justify;\"><span style=\"color: #0000ff;\">En su consulta solicita la aclaraci\u00f3n de los Conceptos 055950 del 5 de septiembre y 9246 del 27 de marzo de 2015., emitidos por parte de la Subdirecci\u00f3n de Normativa y Doctrina relacionados con el r\u00e9gimen aplicable a los rendimientos generados por los Fondos de Inversi\u00f3n Colectiva.<\/span><\/p>\n<p style=\"text-align: justify;\">Para ello se\u00f1ala que los conceptos emitidos al se\u00f1alar que \u201cEn efecto, en el impuesto sobre la renta y complementarios, impera el principio de la independencia de periodos fiscales que implica, que una vez se configure el supuesto de hecho generador de la obligaci\u00f3n tributaria sustancial, los sujetos pasivos del impuesto tributan sobre la base gravable determinada con base en la ley, respecto de los hechos econ\u00f3micos ocurridos dentro del respectivo periodo gravable, aplicando los tipos impositivos determinados en las disposiciones legales; todo de conformidad con el art\u00edculo 338 de la Constituci\u00f3n Pol\u00edtica que precept\u00faa, en lo pertinente, que corresponde a la ley, las ordenanzas y los acuerdos fijar, directamente, los sujetos activos y pasivos, los hechos y las bases gravables, y las tarifas de los impuestos, observando lo all\u00ed dispuesto en relaci\u00f3n con periodo fiscal y la aplicaci\u00f3n de las diposiciones (sic) cuando la base sea el resultado de hechos ocurridos durante un per\u00edodo determinado\u201d, desconocen el r\u00e9gimen de realizaci\u00f3n especial establecido en el art\u00edculo 368-1 y dem\u00e1s disposiciones reglamentarias.<\/p>\n<p style=\"text-align: justify;\">Procede este despacho a realizar el an\u00e1lisis de las disposiciones que rigen el r\u00e9gimen de los fondos de Inversi\u00f3n Colectiva siendo necesario analizar lo establecido en el art\u00edculo 368-1 del Estatuto Tributario el cual se\u00f1ala que:<\/p>\n<p style=\"text-align: justify;\"><span style=\"color: #0000ff;\">\u201c<em>ART\u00cdCULO<\/em> <em>368-1.<\/em> <em>RETENCI\u00d3N SOBRE DISTRIBUCI\u00d3N DE INGRESOS POR LOS FONDOS DE INVERSI\u00d3N, LOS FONDOS DE VALORES Y LOS FONDOS COMUNES<\/em><\/span><\/p>\n<p style=\"text-align: justify;\">&lt;Art\u00edculo modificado por el art\u00edculo <u>131<\/u> de la Ley 1607 de 2012. El nuevo texto es el siguiente:&gt; Los fondos de que trata el art\u00edculo <u>23-1<\/u> de este Estatuto o <strong><span style=\"color: #ff6600;\">las sociedades que los administren o las entidades financieras que realicen pagos a los inversionistas, seg\u00fan lo establezca el Gobierno, <u>efectuar\u00e1n la retenci\u00f3n en la fuente que corresponda a los ingresos<\/u> <u>que distribuyan entre los suscriptores o part\u00edcipes, al momento del pago<\/u>.<\/span><\/strong> <span style=\"color: #ff9900;\">Cuando el pago se haga a una persona sin residencia en el pa\u00eds o a una sociedad o entidad extranjera sin domicilio principal en el pa\u00eds, la retenci\u00f3n en la fuente a t\u00edtulo del impuesto sobre la renta y complementarios se har\u00e1 a la tarifa que corresponda para los pagos al exterior, seg\u00fan el respectivo concepto.<\/span><\/p>\n<p style=\"text-align: justify;\">Par\u00e1grafo. Los derechos en los fondos o carteras colectivas y fondos mutuos mantendr\u00e1n el tratamiento y condiciones tributarias de los bienes o derechos que los conforman\u201d.<\/p>\n<p style=\"text-align: justify;\"><span style=\"color: #0000ff;\">El mandato del art\u00edculo 368-1, es claro al se\u00f1alar que afectos de la aplicaci\u00f3n de la retenci\u00f3n en la fuente la misma se har\u00e1 una vez se haga el respectivo pago a los respectivos suscriptores o part\u00edcipes.<\/span><\/p>\n<p style=\"text-align: justify;\">Bajo esta l\u00ednea el numeral 2 del art\u00edculo 1\u00b0 del Decreto 1848 de 2013 dispone que:<\/p>\n<p style=\"text-align: justify;\">\u201cL<u>a retenci\u00f3n en la fuente se practicar\u00e1 sobre las utilidades que efectivamente se paguen<\/u> <u>a los part\u00edcipes o suscriptores de los fondos<\/u>, las cuales mantendr\u00e1n su fuente nacional o extranjera, naturaleza y, en general, las mismas condiciones tributarias que tendr\u00edan si el part\u00edcipe o suscriptor las hubiese percibido directamente (&#8230;)\u201d.<\/p>\n<p style=\"text-align: justify;\"><span style=\"color: #0000ff;\">Para este despacho es evidente que en lo que respecta a las utilidades que se generen a trav\u00e9s de los fondos de Inversi\u00f3n colectiva, el r\u00e9gimen de retenci\u00f3n en la fuente parte del concepto de lo efectivamente pagado por consiguiente los suscriptores o part\u00edcipes de los fondos deber\u00e1n revelar en sus denuncios rent\u00edsticos el respectivo ingreso, cuando hay lugar a ello, en este momento y no en otro atendiendo esta regla especial de realizaci\u00f3n.<\/span><\/p>\n<p style=\"text-align: justify;\">Sin que sea necesario entrar a analizar las diferentes normas consagradas en el Decreto 1848 de 2013, este despacho procede a aclarar los Conceptos 055950 del 5 de septiembre y 9246 del 27 de marzo de 2015 bajo el entendido de que en virtud de las reglas especiales consagradas en el art\u00edculo 368-1 y numeral 2 del art\u00edculo 1\u00b0 del Decreto 1848 de 2013 los rendimientos que se generen a trav\u00e9s de los fondos de Inversi\u00f3n colectiva deber\u00e1n ser revelados por parte de los suscriptores o part\u00edcipes\u00a0 de los fondos al momento de su pago, momento este en el cual se practicar\u00e1 su respectiva retenci\u00f3n en la fuente.<\/p>\n<p style=\"text-align: justify;\">En los anteriores t\u00e9rminos se resuelve su solicitud y cordialmente le informamos que tanto la normatividad en materia tributaria, aduanera y cambiaria, como los conceptos emitidos por la Direcci\u00f3n de Gesti\u00f3n Jur\u00eddica en estas materias, pueden consultarse en la p\u00e1gina electr\u00f3nica de la DIAN: <a href=\"http:\/\/www.dian.gov.co\">http:\/\/www.dian.gov.co<\/a> siguiendo los \u00edconos: \u201cNormatividad\u201d &#8211; \u201ct\u00e9cnica\u201d y seleccionando los v\u00ednculos \u201cDoctrina\u201d y \u201cDirecci\u00f3n de Gesti\u00f3n Jur\u00eddica.<\/p>\n<p style=\"text-align: justify;\">Atentamente,<\/p>\n<p style=\"text-align: justify;\">La Directora de Gesti\u00f3n Jur\u00eddica (E),<\/p>\n<p style=\"text-align: justify;\"><em>Liliana Andrea Forero G\u00f3mez. <\/em><strong>( C. F. ).<\/strong><\/p>\n","protected":false},"excerpt":{"rendered":"<p>En lo que respecta a las utilidades que se generen a trav\u00e9s de los fondos de Inversi\u00f3n colectiva, el r\u00e9gimen de retenci\u00f3n en la fuente parte del concepto de lo efectivamente pagado por consiguiente los suscriptores o part\u00edcipes de los fondos deber\u00e1n revelar en sus denuncios rent\u00edsticos el respectivo ingreso, cuando hay lugar a ello, en este momento y no en otro atendiendo esta regla especial de realizaci\u00f3n.<\/p>\n","protected":false},"author":1,"featured_media":7169,"comment_status":"open","ping_status":"open","sticky":false,"template":"","format":"standard","meta":{"_monsterinsights_skip_tracking":false,"ngg_post_thumbnail":0,"footnotes":"","_links_to":"","_links_to_target":""},"categories":[456],"tags":[],"class_list":["post-7168","post","type-post","status-publish","format-standard","has-post-thumbnail","hentry","category-conceptos-y-oficios-dian"],"aioseo_notices":[],"aioseo_head":"\n\t\t<!-- All in One SEO 5.0.1.1 - aioseo.com -->\n\t<meta name=\"description\" content=\"En lo que respecta a las utilidades que se generen a trav\u00e9s de los fondos de Inversi\u00f3n colectiva, el r\u00e9gimen de retenci\u00f3n en la fuente parte del concepto de lo efectivamente pagado por consiguiente los suscriptores o part\u00edcipes de los fondos deber\u00e1n revelar en sus denuncios rent\u00edsticos el respectivo ingreso, cuando hay lugar a ello, en este momento y no en otro atendiendo esta regla especial de realizaci\u00f3n.\" \/>\n\t<meta name=\"robots\" content=\"max-image-preview:large\" \/>\n\t<meta name=\"author\" content=\"Miguel Antonio M\u00e1rquez Monta\u00f1ez\"\/>\n\t<link rel=\"canonical\" href=\"https:\/\/contadoreshoy.com\/?p=7168\" \/>\n\t<meta name=\"generator\" content=\"All in One SEO (AIOSEO) 5.0.1.1\" \/>\n\t\t<meta property=\"og:locale\" content=\"es_ES\" \/>\n\t\t<meta property=\"og:site_name\" content=\"Contadores P\u00fablicos - Portal para Contadores P\u00fablicos y empresarios\" \/>\n\t\t<meta property=\"og:type\" content=\"article\" \/>\n\t\t<meta property=\"og:title\" content=\"Oficio 03937 marzo 01 2016 DIAN \u2013 R\u00e9gimen aplicable a los rendimientos generados por los Fondos de Inversi\u00f3n Colectiva - Contadores P\u00fablicos\" \/>\n\t\t<meta property=\"og:description\" content=\"En lo que respecta a las utilidades que se generen a trav\u00e9s de los fondos de Inversi\u00f3n colectiva, el r\u00e9gimen de retenci\u00f3n en la fuente parte del concepto de lo efectivamente pagado por consiguiente los suscriptores o part\u00edcipes de los fondos deber\u00e1n revelar en sus denuncios rent\u00edsticos el respectivo ingreso, cuando hay lugar a ello, en este momento y no en otro atendiendo esta regla especial de realizaci\u00f3n.\" \/>\n\t\t<meta property=\"og:url\" content=\"https:\/\/contadoreshoy.com\/?p=7168\" \/>\n\t\t<meta property=\"og:image\" content=\"https:\/\/contadoreshoy.com\/wp-content\/uploads\/2024\/01\/cropped-cropped-cropped-Copia-de-M.jpg\" \/>\n\t\t<meta property=\"og:image:secure_url\" content=\"https:\/\/contadoreshoy.com\/wp-content\/uploads\/2024\/01\/cropped-cropped-cropped-Copia-de-M.jpg\" \/>\n\t\t<meta property=\"og:image:width\" content=\"512\" \/>\n\t\t<meta property=\"og:image:height\" content=\"371\" \/>\n\t\t<meta property=\"article:published_time\" content=\"2016-04-11T22:24:53+00:00\" \/>\n\t\t<meta property=\"article:modified_time\" content=\"2017-02-05T02:58:57+00:00\" \/>\n\t\t<meta name=\"twitter:card\" content=\"summary_large_image\" \/>\n\t\t<meta name=\"twitter:title\" content=\"Oficio 03937 marzo 01 2016 DIAN \u2013 R\u00e9gimen aplicable a los rendimientos generados por los Fondos de Inversi\u00f3n Colectiva - Contadores P\u00fablicos\" \/>\n\t\t<meta name=\"twitter:description\" content=\"En lo que respecta a las utilidades que se generen a trav\u00e9s de los fondos de Inversi\u00f3n colectiva, el r\u00e9gimen de retenci\u00f3n en la fuente parte del concepto de lo efectivamente pagado por consiguiente los suscriptores o part\u00edcipes de los fondos deber\u00e1n revelar en sus denuncios rent\u00edsticos el respectivo ingreso, cuando hay lugar a ello, en este momento y no en otro atendiendo esta regla especial de realizaci\u00f3n.\" \/>\n\t\t<meta name=\"twitter:image\" content=\"https:\/\/contadoreshoy.com\/wp-content\/uploads\/2024\/01\/cropped-cropped-cropped-Copia-de-M.jpg\" \/>\n\t\t<script type=\"application\/ld+json\" class=\"aioseo-schema\">\n\t\t\t{\"@context\":\"https:\\\/\\\/schema.org\",\"@graph\":[{\"@type\":\"BlogPosting\",\"@id\":\"https:\\\/\\\/contadoreshoy.com\\\/?p=7168#blogposting\",\"name\":\"Oficio 03937 marzo 01 2016 DIAN \\u2013 R\\u00e9gimen aplicable a los rendimientos generados por los Fondos de Inversi\\u00f3n Colectiva - Contadores P\\u00fablicos\",\"headline\":\"Oficio 03937 marzo 01 2016 DIAN &#8211; R\\u00e9gimen aplicable a los rendimientos generados por los Fondos de Inversi\\u00f3n Colectiva\",\"author\":{\"@id\":\"https:\\\/\\\/contadoreshoy.com\\\/?author=1#author\"},\"publisher\":{\"@id\":\"https:\\\/\\\/contadoreshoy.com\\\/#organization\"},\"image\":{\"@type\":\"ImageObject\",\"url\":\"https:\\\/\\\/contadoreshoy.com\\\/wp-content\\\/uploads\\\/2016\\\/04\\\/Fondos-de-inversi\\u00f3n.jpg\",\"width\":600,\"height\":400},\"datePublished\":\"2016-04-11T17:24:53-05:00\",\"dateModified\":\"2017-02-04T21:58:57-05:00\",\"inLanguage\":\"es-ES\",\"mainEntityOfPage\":{\"@id\":\"https:\\\/\\\/contadoreshoy.com\\\/?p=7168#webpage\"},\"isPartOf\":{\"@id\":\"https:\\\/\\\/contadoreshoy.com\\\/?p=7168#webpage\"},\"articleSection\":\"Conceptos y Oficios DIAN\"},{\"@type\":\"BreadcrumbList\",\"@id\":\"https:\\\/\\\/contadoreshoy.com\\\/?p=7168#breadcrumblist\",\"itemListElement\":[{\"@type\":\"ListItem\",\"@id\":\"https:\\\/\\\/contadoreshoy.com#listItem\",\"position\":1,\"name\":\"Home\",\"item\":\"https:\\\/\\\/contadoreshoy.com\",\"nextItem\":{\"@type\":\"ListItem\",\"@id\":\"https:\\\/\\\/contadoreshoy.com\\\/?cat=456#listItem\",\"name\":\"Conceptos y Oficios DIAN\"}},{\"@type\":\"ListItem\",\"@id\":\"https:\\\/\\\/contadoreshoy.com\\\/?cat=456#listItem\",\"position\":2,\"name\":\"Conceptos y Oficios DIAN\",\"item\":\"https:\\\/\\\/contadoreshoy.com\\\/?cat=456\",\"nextItem\":{\"@type\":\"ListItem\",\"@id\":\"https:\\\/\\\/contadoreshoy.com\\\/?p=7168#listItem\",\"name\":\"Oficio 03937 marzo 01 2016 DIAN &#8211; R\\u00e9gimen aplicable a los rendimientos generados por los Fondos de Inversi\\u00f3n Colectiva\"},\"previousItem\":{\"@type\":\"ListItem\",\"@id\":\"https:\\\/\\\/contadoreshoy.com#listItem\",\"name\":\"Home\"}},{\"@type\":\"ListItem\",\"@id\":\"https:\\\/\\\/contadoreshoy.com\\\/?p=7168#listItem\",\"position\":3,\"name\":\"Oficio 03937 marzo 01 2016 DIAN &#8211; R\\u00e9gimen aplicable a los rendimientos generados por los Fondos de Inversi\\u00f3n Colectiva\",\"previousItem\":{\"@type\":\"ListItem\",\"@id\":\"https:\\\/\\\/contadoreshoy.com\\\/?cat=456#listItem\",\"name\":\"Conceptos y Oficios DIAN\"}}]},{\"@type\":\"Organization\",\"@id\":\"https:\\\/\\\/contadoreshoy.com\\\/#organization\",\"name\":\"Contadores P\\u00fablicos\",\"description\":\"Portal para Contadores P\\u00fablicos y empresarios\",\"url\":\"https:\\\/\\\/contadoreshoy.com\\\/\",\"logo\":{\"@type\":\"ImageObject\",\"url\":\"https:\\\/\\\/contadoreshoy.com\\\/wp-content\\\/uploads\\\/2024\\\/01\\\/cropped-cropped-Copia-de-M-1.jpg\",\"@id\":\"https:\\\/\\\/contadoreshoy.com\\\/?p=7168\\\/#organizationLogo\",\"width\":499,\"height\":500},\"image\":{\"@id\":\"https:\\\/\\\/contadoreshoy.com\\\/?p=7168\\\/#organizationLogo\"}},{\"@type\":\"Person\",\"@id\":\"https:\\\/\\\/contadoreshoy.com\\\/?author=1#author\",\"url\":\"https:\\\/\\\/contadoreshoy.com\\\/?author=1\",\"name\":\"Miguel Antonio M\\u00e1rquez Monta\\u00f1ez\"},{\"@type\":\"WebPage\",\"@id\":\"https:\\\/\\\/contadoreshoy.com\\\/?p=7168#webpage\",\"url\":\"https:\\\/\\\/contadoreshoy.com\\\/?p=7168\",\"name\":\"Oficio 03937 marzo 01 2016 DIAN \\u2013 R\\u00e9gimen aplicable a los rendimientos generados por los Fondos de Inversi\\u00f3n Colectiva - Contadores P\\u00fablicos\",\"description\":\"En lo que respecta a las utilidades que se generen a trav\\u00e9s de los fondos de Inversi\\u00f3n colectiva, el r\\u00e9gimen de retenci\\u00f3n en la fuente parte del concepto de lo efectivamente pagado por consiguiente los suscriptores o part\\u00edcipes de los fondos deber\\u00e1n revelar en sus denuncios rent\\u00edsticos el respectivo ingreso, cuando hay lugar a ello, en este momento y no en otro atendiendo esta regla especial de realizaci\\u00f3n.\",\"inLanguage\":\"es-ES\",\"isPartOf\":{\"@id\":\"https:\\\/\\\/contadoreshoy.com\\\/#website\"},\"breadcrumb\":{\"@id\":\"https:\\\/\\\/contadoreshoy.com\\\/?p=7168#breadcrumblist\"},\"author\":{\"@id\":\"https:\\\/\\\/contadoreshoy.com\\\/?author=1#author\"},\"creator\":{\"@id\":\"https:\\\/\\\/contadoreshoy.com\\\/?author=1#author\"},\"image\":{\"@type\":\"ImageObject\",\"url\":\"https:\\\/\\\/contadoreshoy.com\\\/wp-content\\\/uploads\\\/2016\\\/04\\\/Fondos-de-inversi\\u00f3n.jpg\",\"@id\":\"https:\\\/\\\/contadoreshoy.com\\\/?p=7168\\\/#mainImage\",\"width\":600,\"height\":400},\"primaryImageOfPage\":{\"@id\":\"https:\\\/\\\/contadoreshoy.com\\\/?p=7168#mainImage\"},\"datePublished\":\"2016-04-11T17:24:53-05:00\",\"dateModified\":\"2017-02-04T21:58:57-05:00\"},{\"@type\":\"WebSite\",\"@id\":\"https:\\\/\\\/contadoreshoy.com\\\/#website\",\"url\":\"https:\\\/\\\/contadoreshoy.com\\\/\",\"name\":\"Contadores P\\u00fablicos\",\"description\":\"Portal para Contadores P\\u00fablicos y empresarios\",\"inLanguage\":\"es-ES\",\"publisher\":{\"@id\":\"https:\\\/\\\/contadoreshoy.com\\\/#organization\"}}]}\n\t\t<\/script>\n\t\t<!-- All in One SEO -->\n\n","aioseo_head_json":{"title":"Oficio 03937 marzo 01 2016 DIAN \u2013 R\u00e9gimen aplicable a los rendimientos generados por los Fondos de Inversi\u00f3n Colectiva - Contadores P\u00fablicos","description":"En lo que respecta a las utilidades que se generen a trav\u00e9s de los fondos de Inversi\u00f3n colectiva, el r\u00e9gimen de retenci\u00f3n en la fuente parte del concepto de lo efectivamente pagado por consiguiente los suscriptores o part\u00edcipes de los fondos deber\u00e1n revelar en sus denuncios rent\u00edsticos el respectivo ingreso, cuando hay lugar a ello, en este momento y no en otro atendiendo esta regla especial de realizaci\u00f3n.","canonical_url":"https:\/\/contadoreshoy.com\/?p=7168","robots":"max-image-preview:large","keywords":"","webmasterTools":{"miscellaneous":""},"schema":{"@context":"https:\/\/schema.org","@graph":[{"@type":"BlogPosting","@id":"https:\/\/contadoreshoy.com\/?p=7168#blogposting","name":"Oficio 03937 marzo 01 2016 DIAN \u2013 R\u00e9gimen aplicable a los rendimientos generados por los Fondos de Inversi\u00f3n Colectiva - Contadores P\u00fablicos","headline":"Oficio 03937 marzo 01 2016 DIAN &#8211; R\u00e9gimen aplicable a los rendimientos generados por los Fondos de Inversi\u00f3n Colectiva","author":{"@id":"https:\/\/contadoreshoy.com\/?author=1#author"},"publisher":{"@id":"https:\/\/contadoreshoy.com\/#organization"},"image":{"@type":"ImageObject","url":"https:\/\/contadoreshoy.com\/wp-content\/uploads\/2016\/04\/Fondos-de-inversi\u00f3n.jpg","width":600,"height":400},"datePublished":"2016-04-11T17:24:53-05:00","dateModified":"2017-02-04T21:58:57-05:00","inLanguage":"es-ES","mainEntityOfPage":{"@id":"https:\/\/contadoreshoy.com\/?p=7168#webpage"},"isPartOf":{"@id":"https:\/\/contadoreshoy.com\/?p=7168#webpage"},"articleSection":"Conceptos y Oficios DIAN"},{"@type":"BreadcrumbList","@id":"https:\/\/contadoreshoy.com\/?p=7168#breadcrumblist","itemListElement":[{"@type":"ListItem","@id":"https:\/\/contadoreshoy.com#listItem","position":1,"name":"Home","item":"https:\/\/contadoreshoy.com","nextItem":{"@type":"ListItem","@id":"https:\/\/contadoreshoy.com\/?cat=456#listItem","name":"Conceptos y Oficios DIAN"}},{"@type":"ListItem","@id":"https:\/\/contadoreshoy.com\/?cat=456#listItem","position":2,"name":"Conceptos y Oficios DIAN","item":"https:\/\/contadoreshoy.com\/?cat=456","nextItem":{"@type":"ListItem","@id":"https:\/\/contadoreshoy.com\/?p=7168#listItem","name":"Oficio 03937 marzo 01 2016 DIAN &#8211; R\u00e9gimen aplicable a los rendimientos generados por los Fondos de Inversi\u00f3n Colectiva"},"previousItem":{"@type":"ListItem","@id":"https:\/\/contadoreshoy.com#listItem","name":"Home"}},{"@type":"ListItem","@id":"https:\/\/contadoreshoy.com\/?p=7168#listItem","position":3,"name":"Oficio 03937 marzo 01 2016 DIAN &#8211; R\u00e9gimen aplicable a los rendimientos generados por los Fondos de Inversi\u00f3n Colectiva","previousItem":{"@type":"ListItem","@id":"https:\/\/contadoreshoy.com\/?cat=456#listItem","name":"Conceptos y Oficios DIAN"}}]},{"@type":"Organization","@id":"https:\/\/contadoreshoy.com\/#organization","name":"Contadores P\u00fablicos","description":"Portal para Contadores P\u00fablicos y empresarios","url":"https:\/\/contadoreshoy.com\/","logo":{"@type":"ImageObject","url":"https:\/\/contadoreshoy.com\/wp-content\/uploads\/2024\/01\/cropped-cropped-Copia-de-M-1.jpg","@id":"https:\/\/contadoreshoy.com\/?p=7168\/#organizationLogo","width":499,"height":500},"image":{"@id":"https:\/\/contadoreshoy.com\/?p=7168\/#organizationLogo"}},{"@type":"Person","@id":"https:\/\/contadoreshoy.com\/?author=1#author","url":"https:\/\/contadoreshoy.com\/?author=1","name":"Miguel Antonio M\u00e1rquez Monta\u00f1ez"},{"@type":"WebPage","@id":"https:\/\/contadoreshoy.com\/?p=7168#webpage","url":"https:\/\/contadoreshoy.com\/?p=7168","name":"Oficio 03937 marzo 01 2016 DIAN \u2013 R\u00e9gimen aplicable a los rendimientos generados por los Fondos de Inversi\u00f3n Colectiva - Contadores P\u00fablicos","description":"En lo que respecta a las utilidades que se generen a trav\u00e9s de los fondos de Inversi\u00f3n colectiva, el r\u00e9gimen de retenci\u00f3n en la fuente parte del concepto de lo efectivamente pagado por consiguiente los suscriptores o part\u00edcipes de los fondos deber\u00e1n revelar en sus denuncios rent\u00edsticos el respectivo ingreso, cuando hay lugar a ello, en este momento y no en otro atendiendo esta regla especial de realizaci\u00f3n.","inLanguage":"es-ES","isPartOf":{"@id":"https:\/\/contadoreshoy.com\/#website"},"breadcrumb":{"@id":"https:\/\/contadoreshoy.com\/?p=7168#breadcrumblist"},"author":{"@id":"https:\/\/contadoreshoy.com\/?author=1#author"},"creator":{"@id":"https:\/\/contadoreshoy.com\/?author=1#author"},"image":{"@type":"ImageObject","url":"https:\/\/contadoreshoy.com\/wp-content\/uploads\/2016\/04\/Fondos-de-inversi\u00f3n.jpg","@id":"https:\/\/contadoreshoy.com\/?p=7168\/#mainImage","width":600,"height":400},"primaryImageOfPage":{"@id":"https:\/\/contadoreshoy.com\/?p=7168#mainImage"},"datePublished":"2016-04-11T17:24:53-05:00","dateModified":"2017-02-04T21:58:57-05:00"},{"@type":"WebSite","@id":"https:\/\/contadoreshoy.com\/#website","url":"https:\/\/contadoreshoy.com\/","name":"Contadores P\u00fablicos","description":"Portal para Contadores P\u00fablicos y empresarios","inLanguage":"es-ES","publisher":{"@id":"https:\/\/contadoreshoy.com\/#organization"}}]},"og:locale":"es_ES","og:site_name":"Contadores P\u00fablicos - Portal para Contadores P\u00fablicos y empresarios","og:type":"article","og:title":"Oficio 03937 marzo 01 2016 DIAN \u2013 R\u00e9gimen aplicable a los rendimientos generados por los Fondos de Inversi\u00f3n Colectiva - Contadores P\u00fablicos","og:description":"En lo que respecta a las utilidades que se generen a trav\u00e9s de los fondos de Inversi\u00f3n colectiva, el r\u00e9gimen de retenci\u00f3n en la fuente parte del concepto de lo efectivamente pagado por consiguiente los suscriptores o part\u00edcipes de los fondos deber\u00e1n revelar en sus denuncios rent\u00edsticos el respectivo ingreso, cuando hay lugar a ello, en este momento y no en otro atendiendo esta regla especial de realizaci\u00f3n.","og:url":"https:\/\/contadoreshoy.com\/?p=7168","og:image":"https:\/\/contadoreshoy.com\/wp-content\/uploads\/2024\/01\/cropped-cropped-cropped-Copia-de-M.jpg","og:image:secure_url":"https:\/\/contadoreshoy.com\/wp-content\/uploads\/2024\/01\/cropped-cropped-cropped-Copia-de-M.jpg","og:image:width":512,"og:image:height":371,"article:published_time":"2016-04-11T22:24:53+00:00","article:modified_time":"2017-02-05T02:58:57+00:00","twitter:card":"summary_large_image","twitter:title":"Oficio 03937 marzo 01 2016 DIAN \u2013 R\u00e9gimen aplicable a los rendimientos generados por los Fondos de Inversi\u00f3n Colectiva - Contadores P\u00fablicos","twitter:description":"En lo que respecta a las utilidades que se generen a trav\u00e9s de los fondos de Inversi\u00f3n colectiva, el r\u00e9gimen de retenci\u00f3n en la fuente parte del concepto de lo efectivamente pagado por consiguiente los suscriptores o part\u00edcipes de los fondos deber\u00e1n revelar en sus denuncios rent\u00edsticos el respectivo ingreso, cuando hay lugar a ello, en este momento y no en otro atendiendo esta regla especial de realizaci\u00f3n.","twitter:image":"https:\/\/contadoreshoy.com\/wp-content\/uploads\/2024\/01\/cropped-cropped-cropped-Copia-de-M.jpg"},"aioseo_meta_data":{"post_id":"7168","title":null,"description":null,"keywords":null,"keyphrases":null,"primary_term":null,"canonical_url":null,"og_title":null,"og_description":null,"og_object_type":"default","og_image_type":"default","og_image_url":null,"og_image_width":null,"og_image_height":null,"og_image_custom_url":null,"og_image_custom_fields":null,"og_video":null,"og_custom_url":null,"og_article_section":null,"og_article_tags":null,"twitter_use_og":false,"twitter_card":"default","twitter_image_type":"default","twitter_image_url":null,"twitter_image_custom_url":null,"twitter_image_custom_fields":null,"twitter_title":null,"twitter_description":null,"schema":{"blockGraphs":[],"customGraphs":[],"default":{"data":{"Article":[],"Course":[],"Dataset":[],"FAQPage":[],"Movie":[],"Person":[],"Product":[],"ProductReview":[],"Car":[],"Recipe":[],"Service":[],"SoftwareApplication":[],"WebPage":[]},"graphName":"","isEnabled":true},"graphs":[]},"schema_type":"default","schema_type_options":null,"pillar_content":false,"robots_default":true,"robots_noindex":false,"robots_noarchive":false,"robots_nosnippet":false,"robots_nofollow":false,"robots_noimageindex":false,"robots_noodp":false,"robots_notranslate":false,"robots_max_snippet":null,"robots_max_videopreview":null,"robots_max_imagepreview":"large","priority":null,"frequency":null,"local_seo":null,"breadcrumb_settings":null,"limit_modified_date":false,"ai":null,"created":"2024-03-05 01:35:34","updated":"2026-03-03 04:50:58","seo_analyzer_scan_date":null,"focus_keyword":null,"additional_keywords":null,"truseo_locale":null},"aioseo_breadcrumb":"<div class=\"aioseo-breadcrumbs\"><span class=\"aioseo-breadcrumb\">\n\t\t\t<a href=\"https:\/\/contadoreshoy.com\" title=\"Home\">Home<\/a>\n\t\t<\/span><span class=\"aioseo-breadcrumb-separator\">&raquo;<\/span><span class=\"aioseo-breadcrumb\">\n\t\t\t<a href=\"https:\/\/contadoreshoy.com\/?cat=456\" title=\"Conceptos y Oficios DIAN\">Conceptos y Oficios DIAN<\/a>\n\t\t<\/span><span class=\"aioseo-breadcrumb-separator\">&raquo;<\/span><span class=\"aioseo-breadcrumb\">\n\t\t\tOficio 03937 marzo 01 2016 DIAN \u2013 R\u00e9gimen aplicable a los rendimientos generados por los Fondos de Inversi\u00f3n Colectiva\n\t\t<\/span><\/div>","aioseo_breadcrumb_json":[{"label":"Home","link":"https:\/\/contadoreshoy.com"},{"label":"Conceptos y Oficios DIAN","link":"https:\/\/contadoreshoy.com\/?cat=456"},{"label":"Oficio 03937 marzo 01 2016 DIAN &#8211; R\u00e9gimen aplicable a los rendimientos generados por los Fondos de Inversi\u00f3n Colectiva","link":"https:\/\/contadoreshoy.com\/?p=7168"}],"yoast_head":"<!-- This site is optimized with the Yoast SEO plugin v28.4 - https:\/\/yoast.com\/product\/yoast-seo-wordpress\/ -->\n<title>Oficio 03937 marzo 01 2016 DIAN - R\u00e9gimen aplicable a los rendimientos generados por los Fondos de Inversi\u00f3n Colectiva - Contadores P\u00fablicos<\/title>\n<meta name=\"robots\" content=\"index, follow, max-snippet:-1, max-image-preview:large, max-video-preview:-1\" \/>\n<link rel=\"canonical\" href=\"https:\/\/contadoreshoy.com\/?p=7168\" \/>\n<meta property=\"og:locale\" content=\"es_ES\" \/>\n<meta property=\"og:type\" content=\"article\" \/>\n<meta property=\"og:title\" content=\"Oficio 03937 marzo 01 2016 DIAN - R\u00e9gimen aplicable a los rendimientos generados por los Fondos de Inversi\u00f3n Colectiva - Contadores P\u00fablicos\" \/>\n<meta property=\"og:description\" content=\"En lo que respecta a las utilidades que se generen a trav\u00e9s de los fondos de Inversi\u00f3n colectiva, el r\u00e9gimen de retenci\u00f3n en la fuente parte del concepto de lo efectivamente pagado por consiguiente los suscriptores o part\u00edcipes de los fondos deber\u00e1n revelar en sus denuncios rent\u00edsticos el respectivo ingreso, cuando hay lugar a ello, en este momento y no en otro atendiendo esta regla especial de realizaci\u00f3n.\" \/>\n<meta property=\"og:url\" content=\"https:\/\/contadoreshoy.com\/?p=7168\" \/>\n<meta property=\"og:site_name\" content=\"Contadores P\u00fablicos\" \/>\n<meta property=\"article:publisher\" content=\"https:\/\/www.facebook.com\/CCCPBucaramanga\/\" \/>\n<meta property=\"article:published_time\" content=\"2016-04-11T22:24:53+00:00\" \/>\n<meta property=\"article:modified_time\" content=\"2017-02-05T02:58:57+00:00\" \/>\n<meta property=\"og:image\" content=\"https:\/\/contadoreshoy.com\/wp-content\/uploads\/2016\/04\/Fondos-de-inversi\u00f3n.jpg\" \/>\n\t<meta property=\"og:image:width\" content=\"600\" \/>\n\t<meta property=\"og:image:height\" content=\"400\" \/>\n\t<meta property=\"og:image:type\" content=\"image\/jpeg\" \/>\n<meta name=\"author\" content=\"Miguel Antonio M\u00e1rquez Monta\u00f1ez\" \/>\n<meta name=\"twitter:card\" content=\"summary_large_image\" \/>\n<meta name=\"twitter:label1\" content=\"Escrito por\" \/>\n\t<meta name=\"twitter:data1\" content=\"Miguel Antonio M\u00e1rquez Monta\u00f1ez\" \/>\n\t<meta name=\"twitter:label2\" content=\"Tiempo de lectura\" \/>\n\t<meta name=\"twitter:data2\" content=\"5 minutos\" \/>\n<script type=\"application\/ld+json\" class=\"yoast-schema-graph\">{\"@context\":\"https:\\\/\\\/schema.org\",\"@graph\":[{\"@type\":\"Article\",\"@id\":\"https:\\\/\\\/contadoreshoy.com\\\/?p=7168#article\",\"isPartOf\":{\"@id\":\"https:\\\/\\\/contadoreshoy.com\\\/?p=7168\"},\"author\":{\"name\":\"Miguel Antonio M\u00e1rquez Monta\u00f1ez\",\"@id\":\"https:\\\/\\\/contadoreshoy.com\\\/#\\\/schema\\\/person\\\/96d8979cb865537c5dc9345e40089fc5\"},\"headline\":\"Oficio 03937 marzo 01 2016 DIAN &#8211; R\u00e9gimen aplicable a los rendimientos generados por los Fondos de Inversi\u00f3n Colectiva\",\"datePublished\":\"2016-04-11T22:24:53+00:00\",\"dateModified\":\"2017-02-05T02:58:57+00:00\",\"mainEntityOfPage\":{\"@id\":\"https:\\\/\\\/contadoreshoy.com\\\/?p=7168\"},\"wordCount\":947,\"commentCount\":0,\"publisher\":{\"@id\":\"https:\\\/\\\/contadoreshoy.com\\\/#organization\"},\"image\":{\"@id\":\"https:\\\/\\\/contadoreshoy.com\\\/?p=7168#primaryimage\"},\"thumbnailUrl\":\"https:\\\/\\\/contadoreshoy.com\\\/wp-content\\\/uploads\\\/2016\\\/04\\\/Fondos-de-inversi\u00f3n.jpg\",\"articleSection\":[\"Conceptos y Oficios DIAN\"],\"inLanguage\":\"es\",\"potentialAction\":[{\"@type\":\"CommentAction\",\"name\":\"Comment\",\"target\":[\"https:\\\/\\\/contadoreshoy.com\\\/?p=7168#respond\"]}]},{\"@type\":\"WebPage\",\"@id\":\"https:\\\/\\\/contadoreshoy.com\\\/?p=7168\",\"url\":\"https:\\\/\\\/contadoreshoy.com\\\/?p=7168\",\"name\":\"Oficio 03937 marzo 01 2016 DIAN - R\u00e9gimen aplicable a los rendimientos generados por los Fondos de Inversi\u00f3n Colectiva - Contadores P\u00fablicos\",\"isPartOf\":{\"@id\":\"https:\\\/\\\/contadoreshoy.com\\\/#website\"},\"primaryImageOfPage\":{\"@id\":\"https:\\\/\\\/contadoreshoy.com\\\/?p=7168#primaryimage\"},\"image\":{\"@id\":\"https:\\\/\\\/contadoreshoy.com\\\/?p=7168#primaryimage\"},\"thumbnailUrl\":\"https:\\\/\\\/contadoreshoy.com\\\/wp-content\\\/uploads\\\/2016\\\/04\\\/Fondos-de-inversi\u00f3n.jpg\",\"datePublished\":\"2016-04-11T22:24:53+00:00\",\"dateModified\":\"2017-02-05T02:58:57+00:00\",\"breadcrumb\":{\"@id\":\"https:\\\/\\\/contadoreshoy.com\\\/?p=7168#breadcrumb\"},\"inLanguage\":\"es\",\"potentialAction\":[{\"@type\":\"ReadAction\",\"target\":[\"https:\\\/\\\/contadoreshoy.com\\\/?p=7168\"]}]},{\"@type\":\"ImageObject\",\"inLanguage\":\"es\",\"@id\":\"https:\\\/\\\/contadoreshoy.com\\\/?p=7168#primaryimage\",\"url\":\"https:\\\/\\\/contadoreshoy.com\\\/wp-content\\\/uploads\\\/2016\\\/04\\\/Fondos-de-inversi\u00f3n.jpg\",\"contentUrl\":\"https:\\\/\\\/contadoreshoy.com\\\/wp-content\\\/uploads\\\/2016\\\/04\\\/Fondos-de-inversi\u00f3n.jpg\",\"width\":600,\"height\":400},{\"@type\":\"BreadcrumbList\",\"@id\":\"https:\\\/\\\/contadoreshoy.com\\\/?p=7168#breadcrumb\",\"itemListElement\":[{\"@type\":\"ListItem\",\"position\":1,\"name\":\"Portada\",\"item\":\"https:\\\/\\\/contadoreshoy.com\\\/\"},{\"@type\":\"ListItem\",\"position\":2,\"name\":\"Oficio 03937 marzo 01 2016 DIAN &#8211; R\u00e9gimen aplicable a los rendimientos generados por los Fondos de Inversi\u00f3n Colectiva\"}]},{\"@type\":\"WebSite\",\"@id\":\"https:\\\/\\\/contadoreshoy.com\\\/#website\",\"url\":\"https:\\\/\\\/contadoreshoy.com\\\/\",\"name\":\"Contadorespublicossantander\",\"description\":\"Portal para Contadores P\u00fablicos y empresarios\",\"publisher\":{\"@id\":\"https:\\\/\\\/contadoreshoy.com\\\/#organization\"},\"potentialAction\":[{\"@type\":\"SearchAction\",\"target\":{\"@type\":\"EntryPoint\",\"urlTemplate\":\"https:\\\/\\\/contadoreshoy.com\\\/?s={search_term_string}\"},\"query-input\":{\"@type\":\"PropertyValueSpecification\",\"valueRequired\":true,\"valueName\":\"search_term_string\"}}],\"inLanguage\":\"es\"},{\"@type\":\"Organization\",\"@id\":\"https:\\\/\\\/contadoreshoy.com\\\/#organization\",\"name\":\"Contadores P\u00fablicos de Santander\",\"url\":\"https:\\\/\\\/contadoreshoy.com\\\/\",\"logo\":{\"@type\":\"ImageObject\",\"inLanguage\":\"es\",\"@id\":\"https:\\\/\\\/contadoreshoy.com\\\/#\\\/schema\\\/logo\\\/image\\\/\",\"url\":\"https:\\\/\\\/contadoreshoy.com\\\/wp-content\\\/uploads\\\/2024\\\/01\\\/cropped-cropped-Copia-de-M-1.jpg\",\"contentUrl\":\"https:\\\/\\\/contadoreshoy.com\\\/wp-content\\\/uploads\\\/2024\\\/01\\\/cropped-cropped-Copia-de-M-1.jpg\",\"width\":499,\"height\":500,\"caption\":\"Contadores P\u00fablicos de Santander\"},\"image\":{\"@id\":\"https:\\\/\\\/contadoreshoy.com\\\/#\\\/schema\\\/logo\\\/image\\\/\"},\"sameAs\":[\"https:\\\/\\\/www.facebook.com\\\/CCCPBucaramanga\\\/\"]},{\"@type\":\"Person\",\"@id\":\"https:\\\/\\\/contadoreshoy.com\\\/#\\\/schema\\\/person\\\/96d8979cb865537c5dc9345e40089fc5\",\"name\":\"Miguel Antonio M\u00e1rquez Monta\u00f1ez\",\"description\":\"Contador P\u00fablico egresado de la Universidad Aut\u00f3noma de Bucaramanga - Asesor contable tributario con m\u00e1s de 25 a\u00f1os de experiencia - Conferencista en temas contables y tributarios - T\u00e9cnico en Hardware y Dise\u00f1o Web - Creador y director Grupo de Estudio Colegio Colombiano de Contadores P\u00fablicos de Bucaramanga - Creador y Master Web p\u00e1gina www.contadoresp\u00fablicossantander.com - Expresidente Colegio Colombiano de Contadores P\u00fablicos Bucaramanga\",\"url\":\"https:\\\/\\\/contadoreshoy.com\\\/?author=1\"}]}<\/script>\n<!-- \/ Yoast SEO plugin. -->","yoast_head_json":{"title":"Oficio 03937 marzo 01 2016 DIAN - R\u00e9gimen aplicable a los rendimientos generados por los Fondos de Inversi\u00f3n Colectiva - Contadores P\u00fablicos","robots":{"index":"index","follow":"follow","max-snippet":"max-snippet:-1","max-image-preview":"max-image-preview:large","max-video-preview":"max-video-preview:-1"},"canonical":"https:\/\/contadoreshoy.com\/?p=7168","og_locale":"es_ES","og_type":"article","og_title":"Oficio 03937 marzo 01 2016 DIAN - R\u00e9gimen aplicable a los rendimientos generados por los Fondos de Inversi\u00f3n Colectiva - Contadores P\u00fablicos","og_description":"En lo que respecta a las utilidades que se generen a trav\u00e9s de los fondos de Inversi\u00f3n colectiva, el r\u00e9gimen de retenci\u00f3n en la fuente parte del concepto de lo efectivamente pagado por consiguiente los suscriptores o part\u00edcipes de los fondos deber\u00e1n revelar en sus denuncios rent\u00edsticos el respectivo ingreso, cuando hay lugar a ello, en este momento y no en otro atendiendo esta regla especial de realizaci\u00f3n.","og_url":"https:\/\/contadoreshoy.com\/?p=7168","og_site_name":"Contadores P\u00fablicos","article_publisher":"https:\/\/www.facebook.com\/CCCPBucaramanga\/","article_published_time":"2016-04-11T22:24:53+00:00","article_modified_time":"2017-02-05T02:58:57+00:00","og_image":[{"width":600,"height":400,"url":"https:\/\/contadoreshoy.com\/wp-content\/uploads\/2016\/04\/Fondos-de-inversi\u00f3n.jpg","type":"image\/jpeg"}],"author":"Miguel Antonio M\u00e1rquez Monta\u00f1ez","twitter_card":"summary_large_image","twitter_misc":{"Escrito por":"Miguel Antonio M\u00e1rquez Monta\u00f1ez","Tiempo de lectura":"5 minutos"},"schema":{"@context":"https:\/\/schema.org","@graph":[{"@type":"Article","@id":"https:\/\/contadoreshoy.com\/?p=7168#article","isPartOf":{"@id":"https:\/\/contadoreshoy.com\/?p=7168"},"author":{"name":"Miguel Antonio M\u00e1rquez Monta\u00f1ez","@id":"https:\/\/contadoreshoy.com\/#\/schema\/person\/96d8979cb865537c5dc9345e40089fc5"},"headline":"Oficio 03937 marzo 01 2016 DIAN &#8211; R\u00e9gimen aplicable a los rendimientos generados por los Fondos de Inversi\u00f3n Colectiva","datePublished":"2016-04-11T22:24:53+00:00","dateModified":"2017-02-05T02:58:57+00:00","mainEntityOfPage":{"@id":"https:\/\/contadoreshoy.com\/?p=7168"},"wordCount":947,"commentCount":0,"publisher":{"@id":"https:\/\/contadoreshoy.com\/#organization"},"image":{"@id":"https:\/\/contadoreshoy.com\/?p=7168#primaryimage"},"thumbnailUrl":"https:\/\/contadoreshoy.com\/wp-content\/uploads\/2016\/04\/Fondos-de-inversi\u00f3n.jpg","articleSection":["Conceptos y Oficios DIAN"],"inLanguage":"es","potentialAction":[{"@type":"CommentAction","name":"Comment","target":["https:\/\/contadoreshoy.com\/?p=7168#respond"]}]},{"@type":"WebPage","@id":"https:\/\/contadoreshoy.com\/?p=7168","url":"https:\/\/contadoreshoy.com\/?p=7168","name":"Oficio 03937 marzo 01 2016 DIAN - R\u00e9gimen aplicable a los rendimientos generados por los Fondos de Inversi\u00f3n Colectiva - Contadores P\u00fablicos","isPartOf":{"@id":"https:\/\/contadoreshoy.com\/#website"},"primaryImageOfPage":{"@id":"https:\/\/contadoreshoy.com\/?p=7168#primaryimage"},"image":{"@id":"https:\/\/contadoreshoy.com\/?p=7168#primaryimage"},"thumbnailUrl":"https:\/\/contadoreshoy.com\/wp-content\/uploads\/2016\/04\/Fondos-de-inversi\u00f3n.jpg","datePublished":"2016-04-11T22:24:53+00:00","dateModified":"2017-02-05T02:58:57+00:00","breadcrumb":{"@id":"https:\/\/contadoreshoy.com\/?p=7168#breadcrumb"},"inLanguage":"es","potentialAction":[{"@type":"ReadAction","target":["https:\/\/contadoreshoy.com\/?p=7168"]}]},{"@type":"ImageObject","inLanguage":"es","@id":"https:\/\/contadoreshoy.com\/?p=7168#primaryimage","url":"https:\/\/contadoreshoy.com\/wp-content\/uploads\/2016\/04\/Fondos-de-inversi\u00f3n.jpg","contentUrl":"https:\/\/contadoreshoy.com\/wp-content\/uploads\/2016\/04\/Fondos-de-inversi\u00f3n.jpg","width":600,"height":400},{"@type":"BreadcrumbList","@id":"https:\/\/contadoreshoy.com\/?p=7168#breadcrumb","itemListElement":[{"@type":"ListItem","position":1,"name":"Portada","item":"https:\/\/contadoreshoy.com\/"},{"@type":"ListItem","position":2,"name":"Oficio 03937 marzo 01 2016 DIAN &#8211; R\u00e9gimen aplicable a los rendimientos generados por los Fondos de Inversi\u00f3n Colectiva"}]},{"@type":"WebSite","@id":"https:\/\/contadoreshoy.com\/#website","url":"https:\/\/contadoreshoy.com\/","name":"Contadorespublicossantander","description":"Portal para Contadores P\u00fablicos y empresarios","publisher":{"@id":"https:\/\/contadoreshoy.com\/#organization"},"potentialAction":[{"@type":"SearchAction","target":{"@type":"EntryPoint","urlTemplate":"https:\/\/contadoreshoy.com\/?s={search_term_string}"},"query-input":{"@type":"PropertyValueSpecification","valueRequired":true,"valueName":"search_term_string"}}],"inLanguage":"es"},{"@type":"Organization","@id":"https:\/\/contadoreshoy.com\/#organization","name":"Contadores P\u00fablicos de Santander","url":"https:\/\/contadoreshoy.com\/","logo":{"@type":"ImageObject","inLanguage":"es","@id":"https:\/\/contadoreshoy.com\/#\/schema\/logo\/image\/","url":"https:\/\/contadoreshoy.com\/wp-content\/uploads\/2024\/01\/cropped-cropped-Copia-de-M-1.jpg","contentUrl":"https:\/\/contadoreshoy.com\/wp-content\/uploads\/2024\/01\/cropped-cropped-Copia-de-M-1.jpg","width":499,"height":500,"caption":"Contadores P\u00fablicos de Santander"},"image":{"@id":"https:\/\/contadoreshoy.com\/#\/schema\/logo\/image\/"},"sameAs":["https:\/\/www.facebook.com\/CCCPBucaramanga\/"]},{"@type":"Person","@id":"https:\/\/contadoreshoy.com\/#\/schema\/person\/96d8979cb865537c5dc9345e40089fc5","name":"Miguel Antonio M\u00e1rquez Monta\u00f1ez","description":"Contador P\u00fablico egresado de la Universidad Aut\u00f3noma de Bucaramanga - Asesor contable tributario con m\u00e1s de 25 a\u00f1os de experiencia - Conferencista en temas contables y tributarios - T\u00e9cnico en Hardware y Dise\u00f1o Web - Creador y director Grupo de Estudio Colegio Colombiano de Contadores P\u00fablicos de Bucaramanga - Creador y Master Web p\u00e1gina www.contadoresp\u00fablicossantander.com - Expresidente Colegio Colombiano de Contadores P\u00fablicos Bucaramanga","url":"https:\/\/contadoreshoy.com\/?author=1"}]}},"_links":{"self":[{"href":"https:\/\/contadoreshoy.com\/index.php?rest_route=\/wp\/v2\/posts\/7168","targetHints":{"allow":["GET"]}}],"collection":[{"href":"https:\/\/contadoreshoy.com\/index.php?rest_route=\/wp\/v2\/posts"}],"about":[{"href":"https:\/\/contadoreshoy.com\/index.php?rest_route=\/wp\/v2\/types\/post"}],"author":[{"embeddable":true,"href":"https:\/\/contadoreshoy.com\/index.php?rest_route=\/wp\/v2\/users\/1"}],"replies":[{"embeddable":true,"href":"https:\/\/contadoreshoy.com\/index.php?rest_route=%2Fwp%2Fv2%2Fcomments&post=7168"}],"version-history":[{"count":1,"href":"https:\/\/contadoreshoy.com\/index.php?rest_route=\/wp\/v2\/posts\/7168\/revisions"}],"predecessor-version":[{"id":7887,"href":"https:\/\/contadoreshoy.com\/index.php?rest_route=\/wp\/v2\/posts\/7168\/revisions\/7887"}],"wp:featuredmedia":[{"embeddable":true,"href":"https:\/\/contadoreshoy.com\/index.php?rest_route=\/wp\/v2\/media\/7169"}],"wp:attachment":[{"href":"https:\/\/contadoreshoy.com\/index.php?rest_route=%2Fwp%2Fv2%2Fmedia&parent=7168"}],"wp:term":[{"taxonomy":"category","embeddable":true,"href":"https:\/\/contadoreshoy.com\/index.php?rest_route=%2Fwp%2Fv2%2Fcategories&post=7168"},{"taxonomy":"post_tag","embeddable":true,"href":"https:\/\/contadoreshoy.com\/index.php?rest_route=%2Fwp%2Fv2%2Ftags&post=7168"}],"curies":[{"name":"wp","href":"https:\/\/api.w.org\/{rel}","templated":true}]}}