{"id":7171,"date":"2016-04-11T22:41:33","date_gmt":"2016-04-12T03:41:33","guid":{"rendered":"http:\/\/colegiocolombianodecontadores.com\/?p=7171"},"modified":"2017-02-04T21:58:57","modified_gmt":"2017-02-05T02:58:57","slug":"oficio-004858-marzo-04-de-2016-dian-retencion-en-la-fuente-minima-para-empleados","status":"publish","type":"post","link":"https:\/\/contadoreshoy.com\/?p=7171","title":{"rendered":"Oficio 004858 marzo 04 de 2016 DIAN &#8211; Retenci\u00f3n en la fuente m\u00ednima para empleados"},"content":{"rendered":"<h3 style=\"text-align: center;\">OFICIO N\u00daMERO 004858 DE 2016 DIAN<\/h3>\n<p style=\"text-align: center;\">( marzo\u00a0 4)<\/p>\n<p>Tema \u00a0\u00a0\u00a0\u00a0\u00a0\u00a0\u00a0\u00a0\u00a0\u00a0\u00a0\u00a0 \u00a0\u00a0\u00a0\u00a0\u00a0\u00a0\u00a0\u00a0\u00a0\u00a0\u00a0\u00a0\u00a0\u00a0\u00a0 Retenci\u00f3n en la fuente<\/p>\n<p>Descriptores \u00a0 RETENCI\u00d3N EN LA FUENTE M\u00cdNIMA PARA EMPLEADOS<\/p>\n<p>Fuentes formales Art\u00edculos 206, 369 y 384 del Estatuto Tributario Sentencia C-492 de 2015 de la Corte Constitucional y Oficio 001344 de 2016<\/p>\n<p style=\"text-align: justify;\">De conformidad con el art\u00edculo 19 del Decreto 4048 de 2008, es funci\u00f3n de esta Direcci\u00f3n absolver las consultas escritas que se formulen sobre interpretaci\u00f3n y aplicaci\u00f3n de las normas tributarias de car\u00e1cter nacional, aduaneras y cambiarias en lo de competencia de esta Entidad.<\/p>\n<p style=\"text-align: justify;\"><span style=\"color: #0000ff;\">En el escrito de la referencia, solicita la reconsideraci\u00f3n en Oficio 001344 de 04 de febrero del a\u00f1o en curso, en el cual se concluy\u00f3 &#8211; entre otras- que de acuerdo con la <em>ratio decidendi<\/em> de la Sentencia C-492 de 2015 el 25% de renta exenta de que trata el numeral 10 del art\u00edculo 206 del Estatuto Tributario, no aplica para efectos de la retenci\u00f3n en la fuente m\u00ednima establecida en el art\u00edculo 384 ib\u00eddem.<\/span><\/p>\n<p style=\"text-align: justify;\"><span style=\"color: #0000ff;\">Fundamenta su solicitud en que \u201cla exenci\u00f3n del 25% de que trata el art\u00edculo 206-1 (sic) del E. T., a la determinaci\u00f3n de la Renta Gravable Alternativa IMAN, en desarrollo del art\u00edculo 369 del E. T., debe tambi\u00e9n disminuirse la base de retenci\u00f3n m\u00ednima se\u00f1alada en el art\u00edculo 384 del E. T., con este mismo rubro, por ser un ingreso exento del trabajador\u201d.<\/span><\/p>\n<p style=\"text-align: justify;\"><span style=\"color: #0000ff;\">Argumenta adicionalmente que \u201c[l]a sentencia cre\u00f3 una subregla, consistente en un mandato supralegal que reconoce la aplicaci\u00f3n especial de la exenci\u00f3n equivalente al 25% de los pagos o abonos en cuenta, limitada a 240 UVT mensuales, en cabeza de los empleados sujetos a los sistemas IMAN e IMAS-PE<\/span>.<\/p>\n<p style=\"text-align: justify;\">Sobre el particular este Despacho se permite hacer las siguientes consideraciones:<\/p>\n<p style=\"text-align: justify;\">Como bien se expres\u00f3 en el Oficio 001344 de 2016, la Sentencia C-492 de 2015, se refiri\u00f3 en su <em>ratio decidendi <\/em>en que la ampliaci\u00f3n de la renta exenta del 25% de que trata el numeral 10 del art\u00edculo 206 del E. T., en pro de la protecci\u00f3n del m\u00ednimo vital, fue \u00fanica y exclusivamente para la determinaci\u00f3n de la renta para los sistemas IMAN e IMAS-PE.<\/p>\n<p style=\"text-align: justify;\">Ahora bien, en relaci\u00f3n con lo dispuesto en el art\u00edculo 369 del E. T., se debe entender que el mismo opera cuando la totalidad del pago se encuentra exento y no solo un tramo del mismo, tal y como se expres\u00f3 en el Oficio 012642 de 2008.<\/p>\n<p style=\"text-align: justify;\">De acuerdo con lo anterior, y debido a lo expuesto en la sentencia en cita,<span style=\"color: #ff6600;\"> la honorable Corte Constitucional restringe la aplicaci\u00f3n de la renta exenta del 25% ya mencionado a la determinaci\u00f3n de la renta para IMAN e IMAS-PE.<\/span> Por tal motivo, no corresponde a esta Direcci\u00f3n dar un alcance diferente al que se desprende de la jurisprudencia constitucional.<\/p>\n<p style=\"text-align: justify;\"><span style=\"color: #ff6600;\">En raz\u00f3n de lo anterior, y de acuerdo a los argumentos expuestos no aplica el 25% de renta exenta de que trata el numeral 10 del art\u00edculo 206 del Estatuto Tributario, a la retenci\u00f3n m\u00ednima.<\/span><\/p>\n<p style=\"text-align: justify;\">Por consiguiente se confirma la tesis expuesta en el Oficio 001344 de 2016.<\/p>\n<p style=\"text-align: justify;\">En los anteriores t\u00e9rminos se resuelve su consulta. De otra parte le manifestamos que la Direcci\u00f3n de Impuestos y Aduanas Nacionales, con el fin de facilitar a los contribuyentes, usuarios y p\u00fablico en general el acceso directo a sus pronunciamientos doctrinarios, ha publicado en su p\u00e1gina de Internet <a href=\"http:\/\/www.dian.gov.co\">www.dian.gov.co<\/a>, la base de los Conceptos en materia Tributaria, aduanera y cambiaria expedidos desde el a\u00f1o 2001, a la cual se puede ingresar por el icono de <strong>\u201cNormatividad<\/strong>\u201d &#8211; <strong>\u201cT\u00e9cnica\u201d-,<\/strong> dando click en el link \u201cDoctrina &#8211; Direcci\u00f3n de Gesti\u00f3n Jur\u00eddica\u201d.<\/p>\n<p style=\"text-align: justify;\">Atentamente,<\/p>\n<p style=\"text-align: justify;\">La Directora de Gesti\u00f3n Jur\u00eddica (e),<\/p>\n<p style=\"text-align: justify;\"><em>Liliana Andrea Forero G\u00f3mez<\/em>. <strong>( C. F. ).<\/strong><\/p>\n","protected":false},"excerpt":{"rendered":"<p>La honorable Corte Constitucional restringe la aplicaci\u00f3n de la renta exenta del 25% ya mencionado a la determinaci\u00f3n de la renta para IMAN e IMAS-PE. En raz\u00f3n de lo anterior, y de acuerdo a los argumentos expuestos no aplica el 25% de renta exenta de que trata el numeral 10 del art\u00edculo 206 del Estatuto Tributario, a la retenci\u00f3n m\u00ednima.<\/p>\n","protected":false},"author":1,"featured_media":6048,"comment_status":"open","ping_status":"open","sticky":false,"template":"","format":"standard","meta":{"_monsterinsights_skip_tracking":false,"ngg_post_thumbnail":0,"footnotes":"","_links_to":"","_links_to_target":""},"categories":[456],"tags":[],"class_list":["post-7171","post","type-post","status-publish","format-standard","has-post-thumbnail","hentry","category-conceptos-y-oficios-dian"],"aioseo_notices":[],"aioseo_head":"\n\t\t<!-- All in One SEO 5.0.1.1 - aioseo.com -->\n\t<meta name=\"description\" content=\"La honorable Corte Constitucional restringe la aplicaci\u00f3n de la renta exenta del 25% ya mencionado a la determinaci\u00f3n de la renta para IMAN e IMAS-PE. En raz\u00f3n de lo anterior, y de acuerdo a los argumentos expuestos no aplica el 25% de renta exenta de que trata el numeral 10 del art\u00edculo 206 del Estatuto Tributario, a la retenci\u00f3n m\u00ednima.\" \/>\n\t<meta name=\"robots\" content=\"max-image-preview:large\" \/>\n\t<meta name=\"author\" content=\"Miguel Antonio M\u00e1rquez Monta\u00f1ez\"\/>\n\t<link rel=\"canonical\" href=\"https:\/\/contadoreshoy.com\/?p=7171\" \/>\n\t<meta name=\"generator\" content=\"All in One SEO (AIOSEO) 5.0.1.1\" \/>\n\t\t<meta property=\"og:locale\" content=\"es_ES\" \/>\n\t\t<meta property=\"og:site_name\" content=\"Contadores P\u00fablicos - Portal para Contadores P\u00fablicos y empresarios\" \/>\n\t\t<meta property=\"og:type\" content=\"article\" \/>\n\t\t<meta property=\"og:title\" content=\"Oficio 004858 marzo 04 de 2016 DIAN \u2013 Retenci\u00f3n en la fuente m\u00ednima para empleados - Contadores P\u00fablicos\" \/>\n\t\t<meta property=\"og:description\" content=\"La honorable Corte Constitucional restringe la aplicaci\u00f3n de la renta exenta del 25% ya mencionado a la determinaci\u00f3n de la renta para IMAN e IMAS-PE. En raz\u00f3n de lo anterior, y de acuerdo a los argumentos expuestos no aplica el 25% de renta exenta de que trata el numeral 10 del art\u00edculo 206 del Estatuto Tributario, a la retenci\u00f3n m\u00ednima.\" \/>\n\t\t<meta property=\"og:url\" content=\"https:\/\/contadoreshoy.com\/?p=7171\" \/>\n\t\t<meta property=\"og:image\" content=\"https:\/\/contadoreshoy.com\/wp-content\/uploads\/2024\/01\/cropped-cropped-cropped-Copia-de-M.jpg\" \/>\n\t\t<meta property=\"og:image:secure_url\" content=\"https:\/\/contadoreshoy.com\/wp-content\/uploads\/2024\/01\/cropped-cropped-cropped-Copia-de-M.jpg\" \/>\n\t\t<meta property=\"og:image:width\" content=\"512\" \/>\n\t\t<meta property=\"og:image:height\" content=\"371\" \/>\n\t\t<meta property=\"article:published_time\" content=\"2016-04-12T03:41:33+00:00\" \/>\n\t\t<meta property=\"article:modified_time\" content=\"2017-02-05T02:58:57+00:00\" \/>\n\t\t<meta name=\"twitter:card\" content=\"summary_large_image\" \/>\n\t\t<meta name=\"twitter:title\" content=\"Oficio 004858 marzo 04 de 2016 DIAN \u2013 Retenci\u00f3n en la fuente m\u00ednima para empleados - Contadores P\u00fablicos\" \/>\n\t\t<meta name=\"twitter:description\" content=\"La honorable Corte Constitucional restringe la aplicaci\u00f3n de la renta exenta del 25% ya mencionado a la determinaci\u00f3n de la renta para IMAN e IMAS-PE. En raz\u00f3n de lo anterior, y de acuerdo a los argumentos expuestos no aplica el 25% de renta exenta de que trata el numeral 10 del art\u00edculo 206 del Estatuto Tributario, a la retenci\u00f3n m\u00ednima.\" \/>\n\t\t<meta name=\"twitter:image\" content=\"https:\/\/contadoreshoy.com\/wp-content\/uploads\/2024\/01\/cropped-cropped-cropped-Copia-de-M.jpg\" \/>\n\t\t<script type=\"application\/ld+json\" class=\"aioseo-schema\">\n\t\t\t{\"@context\":\"https:\\\/\\\/schema.org\",\"@graph\":[{\"@type\":\"BlogPosting\",\"@id\":\"https:\\\/\\\/contadoreshoy.com\\\/?p=7171#blogposting\",\"name\":\"Oficio 004858 marzo 04 de 2016 DIAN \\u2013 Retenci\\u00f3n en la fuente m\\u00ednima para empleados - Contadores P\\u00fablicos\",\"headline\":\"Oficio 004858 marzo 04 de 2016 DIAN &#8211; Retenci\\u00f3n en la fuente m\\u00ednima para empleados\",\"author\":{\"@id\":\"https:\\\/\\\/contadoreshoy.com\\\/?author=1#author\"},\"publisher\":{\"@id\":\"https:\\\/\\\/contadoreshoy.com\\\/#organization\"},\"image\":{\"@type\":\"ImageObject\",\"url\":\"https:\\\/\\\/contadoreshoy.com\\\/wp-content\\\/uploads\\\/2015\\\/09\\\/pago-de-impuestos.jpg\",\"width\":600,\"height\":400},\"datePublished\":\"2016-04-11T22:41:33-05:00\",\"dateModified\":\"2017-02-04T21:58:57-05:00\",\"inLanguage\":\"es-ES\",\"mainEntityOfPage\":{\"@id\":\"https:\\\/\\\/contadoreshoy.com\\\/?p=7171#webpage\"},\"isPartOf\":{\"@id\":\"https:\\\/\\\/contadoreshoy.com\\\/?p=7171#webpage\"},\"articleSection\":\"Conceptos y Oficios DIAN\"},{\"@type\":\"BreadcrumbList\",\"@id\":\"https:\\\/\\\/contadoreshoy.com\\\/?p=7171#breadcrumblist\",\"itemListElement\":[{\"@type\":\"ListItem\",\"@id\":\"https:\\\/\\\/contadoreshoy.com#listItem\",\"position\":1,\"name\":\"Home\",\"item\":\"https:\\\/\\\/contadoreshoy.com\",\"nextItem\":{\"@type\":\"ListItem\",\"@id\":\"https:\\\/\\\/contadoreshoy.com\\\/?cat=456#listItem\",\"name\":\"Conceptos y Oficios DIAN\"}},{\"@type\":\"ListItem\",\"@id\":\"https:\\\/\\\/contadoreshoy.com\\\/?cat=456#listItem\",\"position\":2,\"name\":\"Conceptos y Oficios DIAN\",\"item\":\"https:\\\/\\\/contadoreshoy.com\\\/?cat=456\",\"nextItem\":{\"@type\":\"ListItem\",\"@id\":\"https:\\\/\\\/contadoreshoy.com\\\/?p=7171#listItem\",\"name\":\"Oficio 004858 marzo 04 de 2016 DIAN &#8211; Retenci\\u00f3n en la fuente m\\u00ednima para empleados\"},\"previousItem\":{\"@type\":\"ListItem\",\"@id\":\"https:\\\/\\\/contadoreshoy.com#listItem\",\"name\":\"Home\"}},{\"@type\":\"ListItem\",\"@id\":\"https:\\\/\\\/contadoreshoy.com\\\/?p=7171#listItem\",\"position\":3,\"name\":\"Oficio 004858 marzo 04 de 2016 DIAN &#8211; Retenci\\u00f3n en la fuente m\\u00ednima para empleados\",\"previousItem\":{\"@type\":\"ListItem\",\"@id\":\"https:\\\/\\\/contadoreshoy.com\\\/?cat=456#listItem\",\"name\":\"Conceptos y Oficios DIAN\"}}]},{\"@type\":\"Organization\",\"@id\":\"https:\\\/\\\/contadoreshoy.com\\\/#organization\",\"name\":\"Contadores P\\u00fablicos\",\"description\":\"Portal para Contadores P\\u00fablicos y empresarios\",\"url\":\"https:\\\/\\\/contadoreshoy.com\\\/\",\"logo\":{\"@type\":\"ImageObject\",\"url\":\"https:\\\/\\\/contadoreshoy.com\\\/wp-content\\\/uploads\\\/2024\\\/01\\\/cropped-cropped-Copia-de-M-1.jpg\",\"@id\":\"https:\\\/\\\/contadoreshoy.com\\\/?p=7171\\\/#organizationLogo\",\"width\":499,\"height\":500},\"image\":{\"@id\":\"https:\\\/\\\/contadoreshoy.com\\\/?p=7171\\\/#organizationLogo\"}},{\"@type\":\"Person\",\"@id\":\"https:\\\/\\\/contadoreshoy.com\\\/?author=1#author\",\"url\":\"https:\\\/\\\/contadoreshoy.com\\\/?author=1\",\"name\":\"Miguel Antonio M\\u00e1rquez Monta\\u00f1ez\"},{\"@type\":\"WebPage\",\"@id\":\"https:\\\/\\\/contadoreshoy.com\\\/?p=7171#webpage\",\"url\":\"https:\\\/\\\/contadoreshoy.com\\\/?p=7171\",\"name\":\"Oficio 004858 marzo 04 de 2016 DIAN \\u2013 Retenci\\u00f3n en la fuente m\\u00ednima para empleados - Contadores P\\u00fablicos\",\"description\":\"La honorable Corte Constitucional restringe la aplicaci\\u00f3n de la renta exenta del 25% ya mencionado a la determinaci\\u00f3n de la renta para IMAN e IMAS-PE. En raz\\u00f3n de lo anterior, y de acuerdo a los argumentos expuestos no aplica el 25% de renta exenta de que trata el numeral 10 del art\\u00edculo 206 del Estatuto Tributario, a la retenci\\u00f3n m\\u00ednima.\",\"inLanguage\":\"es-ES\",\"isPartOf\":{\"@id\":\"https:\\\/\\\/contadoreshoy.com\\\/#website\"},\"breadcrumb\":{\"@id\":\"https:\\\/\\\/contadoreshoy.com\\\/?p=7171#breadcrumblist\"},\"author\":{\"@id\":\"https:\\\/\\\/contadoreshoy.com\\\/?author=1#author\"},\"creator\":{\"@id\":\"https:\\\/\\\/contadoreshoy.com\\\/?author=1#author\"},\"image\":{\"@type\":\"ImageObject\",\"url\":\"https:\\\/\\\/contadoreshoy.com\\\/wp-content\\\/uploads\\\/2015\\\/09\\\/pago-de-impuestos.jpg\",\"@id\":\"https:\\\/\\\/contadoreshoy.com\\\/?p=7171\\\/#mainImage\",\"width\":600,\"height\":400},\"primaryImageOfPage\":{\"@id\":\"https:\\\/\\\/contadoreshoy.com\\\/?p=7171#mainImage\"},\"datePublished\":\"2016-04-11T22:41:33-05:00\",\"dateModified\":\"2017-02-04T21:58:57-05:00\"},{\"@type\":\"WebSite\",\"@id\":\"https:\\\/\\\/contadoreshoy.com\\\/#website\",\"url\":\"https:\\\/\\\/contadoreshoy.com\\\/\",\"name\":\"Contadores P\\u00fablicos\",\"description\":\"Portal para Contadores P\\u00fablicos y empresarios\",\"inLanguage\":\"es-ES\",\"publisher\":{\"@id\":\"https:\\\/\\\/contadoreshoy.com\\\/#organization\"}}]}\n\t\t<\/script>\n\t\t<!-- All in One SEO -->\n\n","aioseo_head_json":{"title":"Oficio 004858 marzo 04 de 2016 DIAN \u2013 Retenci\u00f3n en la fuente m\u00ednima para empleados - Contadores P\u00fablicos","description":"La honorable Corte Constitucional restringe la aplicaci\u00f3n de la renta exenta del 25% ya mencionado a la determinaci\u00f3n de la renta para IMAN e IMAS-PE. En raz\u00f3n de lo anterior, y de acuerdo a los argumentos expuestos no aplica el 25% de renta exenta de que trata el numeral 10 del art\u00edculo 206 del Estatuto Tributario, a la retenci\u00f3n m\u00ednima.","canonical_url":"https:\/\/contadoreshoy.com\/?p=7171","robots":"max-image-preview:large","keywords":"","webmasterTools":{"miscellaneous":""},"schema":{"@context":"https:\/\/schema.org","@graph":[{"@type":"BlogPosting","@id":"https:\/\/contadoreshoy.com\/?p=7171#blogposting","name":"Oficio 004858 marzo 04 de 2016 DIAN \u2013 Retenci\u00f3n en la fuente m\u00ednima para empleados - Contadores P\u00fablicos","headline":"Oficio 004858 marzo 04 de 2016 DIAN &#8211; Retenci\u00f3n en la fuente m\u00ednima para empleados","author":{"@id":"https:\/\/contadoreshoy.com\/?author=1#author"},"publisher":{"@id":"https:\/\/contadoreshoy.com\/#organization"},"image":{"@type":"ImageObject","url":"https:\/\/contadoreshoy.com\/wp-content\/uploads\/2015\/09\/pago-de-impuestos.jpg","width":600,"height":400},"datePublished":"2016-04-11T22:41:33-05:00","dateModified":"2017-02-04T21:58:57-05:00","inLanguage":"es-ES","mainEntityOfPage":{"@id":"https:\/\/contadoreshoy.com\/?p=7171#webpage"},"isPartOf":{"@id":"https:\/\/contadoreshoy.com\/?p=7171#webpage"},"articleSection":"Conceptos y Oficios DIAN"},{"@type":"BreadcrumbList","@id":"https:\/\/contadoreshoy.com\/?p=7171#breadcrumblist","itemListElement":[{"@type":"ListItem","@id":"https:\/\/contadoreshoy.com#listItem","position":1,"name":"Home","item":"https:\/\/contadoreshoy.com","nextItem":{"@type":"ListItem","@id":"https:\/\/contadoreshoy.com\/?cat=456#listItem","name":"Conceptos y Oficios DIAN"}},{"@type":"ListItem","@id":"https:\/\/contadoreshoy.com\/?cat=456#listItem","position":2,"name":"Conceptos y Oficios DIAN","item":"https:\/\/contadoreshoy.com\/?cat=456","nextItem":{"@type":"ListItem","@id":"https:\/\/contadoreshoy.com\/?p=7171#listItem","name":"Oficio 004858 marzo 04 de 2016 DIAN &#8211; Retenci\u00f3n en la fuente m\u00ednima para empleados"},"previousItem":{"@type":"ListItem","@id":"https:\/\/contadoreshoy.com#listItem","name":"Home"}},{"@type":"ListItem","@id":"https:\/\/contadoreshoy.com\/?p=7171#listItem","position":3,"name":"Oficio 004858 marzo 04 de 2016 DIAN &#8211; Retenci\u00f3n en la fuente m\u00ednima para empleados","previousItem":{"@type":"ListItem","@id":"https:\/\/contadoreshoy.com\/?cat=456#listItem","name":"Conceptos y Oficios DIAN"}}]},{"@type":"Organization","@id":"https:\/\/contadoreshoy.com\/#organization","name":"Contadores P\u00fablicos","description":"Portal para Contadores P\u00fablicos y empresarios","url":"https:\/\/contadoreshoy.com\/","logo":{"@type":"ImageObject","url":"https:\/\/contadoreshoy.com\/wp-content\/uploads\/2024\/01\/cropped-cropped-Copia-de-M-1.jpg","@id":"https:\/\/contadoreshoy.com\/?p=7171\/#organizationLogo","width":499,"height":500},"image":{"@id":"https:\/\/contadoreshoy.com\/?p=7171\/#organizationLogo"}},{"@type":"Person","@id":"https:\/\/contadoreshoy.com\/?author=1#author","url":"https:\/\/contadoreshoy.com\/?author=1","name":"Miguel Antonio M\u00e1rquez Monta\u00f1ez"},{"@type":"WebPage","@id":"https:\/\/contadoreshoy.com\/?p=7171#webpage","url":"https:\/\/contadoreshoy.com\/?p=7171","name":"Oficio 004858 marzo 04 de 2016 DIAN \u2013 Retenci\u00f3n en la fuente m\u00ednima para empleados - Contadores P\u00fablicos","description":"La honorable Corte Constitucional restringe la aplicaci\u00f3n de la renta exenta del 25% ya mencionado a la determinaci\u00f3n de la renta para IMAN e IMAS-PE. En raz\u00f3n de lo anterior, y de acuerdo a los argumentos expuestos no aplica el 25% de renta exenta de que trata el numeral 10 del art\u00edculo 206 del Estatuto Tributario, a la retenci\u00f3n m\u00ednima.","inLanguage":"es-ES","isPartOf":{"@id":"https:\/\/contadoreshoy.com\/#website"},"breadcrumb":{"@id":"https:\/\/contadoreshoy.com\/?p=7171#breadcrumblist"},"author":{"@id":"https:\/\/contadoreshoy.com\/?author=1#author"},"creator":{"@id":"https:\/\/contadoreshoy.com\/?author=1#author"},"image":{"@type":"ImageObject","url":"https:\/\/contadoreshoy.com\/wp-content\/uploads\/2015\/09\/pago-de-impuestos.jpg","@id":"https:\/\/contadoreshoy.com\/?p=7171\/#mainImage","width":600,"height":400},"primaryImageOfPage":{"@id":"https:\/\/contadoreshoy.com\/?p=7171#mainImage"},"datePublished":"2016-04-11T22:41:33-05:00","dateModified":"2017-02-04T21:58:57-05:00"},{"@type":"WebSite","@id":"https:\/\/contadoreshoy.com\/#website","url":"https:\/\/contadoreshoy.com\/","name":"Contadores P\u00fablicos","description":"Portal para Contadores P\u00fablicos y empresarios","inLanguage":"es-ES","publisher":{"@id":"https:\/\/contadoreshoy.com\/#organization"}}]},"og:locale":"es_ES","og:site_name":"Contadores P\u00fablicos - Portal para Contadores P\u00fablicos y empresarios","og:type":"article","og:title":"Oficio 004858 marzo 04 de 2016 DIAN \u2013 Retenci\u00f3n en la fuente m\u00ednima para empleados - Contadores P\u00fablicos","og:description":"La honorable Corte Constitucional restringe la aplicaci\u00f3n de la renta exenta del 25% ya mencionado a la determinaci\u00f3n de la renta para IMAN e IMAS-PE. En raz\u00f3n de lo anterior, y de acuerdo a los argumentos expuestos no aplica el 25% de renta exenta de que trata el numeral 10 del art\u00edculo 206 del Estatuto Tributario, a la retenci\u00f3n m\u00ednima.","og:url":"https:\/\/contadoreshoy.com\/?p=7171","og:image":"https:\/\/contadoreshoy.com\/wp-content\/uploads\/2024\/01\/cropped-cropped-cropped-Copia-de-M.jpg","og:image:secure_url":"https:\/\/contadoreshoy.com\/wp-content\/uploads\/2024\/01\/cropped-cropped-cropped-Copia-de-M.jpg","og:image:width":512,"og:image:height":371,"article:published_time":"2016-04-12T03:41:33+00:00","article:modified_time":"2017-02-05T02:58:57+00:00","twitter:card":"summary_large_image","twitter:title":"Oficio 004858 marzo 04 de 2016 DIAN \u2013 Retenci\u00f3n en la fuente m\u00ednima para empleados - Contadores P\u00fablicos","twitter:description":"La honorable Corte Constitucional restringe la aplicaci\u00f3n de la renta exenta del 25% ya mencionado a la determinaci\u00f3n de la renta para IMAN e IMAS-PE. En raz\u00f3n de lo anterior, y de acuerdo a los argumentos expuestos no aplica el 25% de renta exenta de que trata el numeral 10 del art\u00edculo 206 del Estatuto Tributario, a la retenci\u00f3n m\u00ednima.","twitter:image":"https:\/\/contadoreshoy.com\/wp-content\/uploads\/2024\/01\/cropped-cropped-cropped-Copia-de-M.jpg"},"aioseo_meta_data":{"post_id":"7171","title":null,"description":null,"keywords":null,"keyphrases":null,"primary_term":null,"canonical_url":null,"og_title":null,"og_description":null,"og_object_type":"default","og_image_type":"default","og_image_url":null,"og_image_width":null,"og_image_height":null,"og_image_custom_url":null,"og_image_custom_fields":null,"og_video":null,"og_custom_url":null,"og_article_section":null,"og_article_tags":null,"twitter_use_og":false,"twitter_card":"default","twitter_image_type":"default","twitter_image_url":null,"twitter_image_custom_url":null,"twitter_image_custom_fields":null,"twitter_title":null,"twitter_description":null,"schema":{"blockGraphs":[],"customGraphs":[],"default":{"data":{"Article":[],"Course":[],"Dataset":[],"FAQPage":[],"Movie":[],"Person":[],"Product":[],"ProductReview":[],"Car":[],"Recipe":[],"Service":[],"SoftwareApplication":[],"WebPage":[]},"graphName":"","isEnabled":true},"graphs":[]},"schema_type":"default","schema_type_options":null,"pillar_content":false,"robots_default":true,"robots_noindex":false,"robots_noarchive":false,"robots_nosnippet":false,"robots_nofollow":false,"robots_noimageindex":false,"robots_noodp":false,"robots_notranslate":false,"robots_max_snippet":null,"robots_max_videopreview":null,"robots_max_imagepreview":"large","priority":null,"frequency":null,"local_seo":null,"breadcrumb_settings":null,"limit_modified_date":false,"ai":null,"created":"2024-03-05 01:35:34","updated":"2026-03-03 04:51:52","seo_analyzer_scan_date":null,"focus_keyword":null,"additional_keywords":null,"truseo_locale":null},"aioseo_breadcrumb":"<div class=\"aioseo-breadcrumbs\"><span class=\"aioseo-breadcrumb\">\n\t\t\t<a href=\"https:\/\/contadoreshoy.com\" title=\"Home\">Home<\/a>\n\t\t<\/span><span class=\"aioseo-breadcrumb-separator\">&raquo;<\/span><span class=\"aioseo-breadcrumb\">\n\t\t\t<a href=\"https:\/\/contadoreshoy.com\/?cat=456\" title=\"Conceptos y Oficios DIAN\">Conceptos y Oficios DIAN<\/a>\n\t\t<\/span><span class=\"aioseo-breadcrumb-separator\">&raquo;<\/span><span class=\"aioseo-breadcrumb\">\n\t\t\tOficio 004858 marzo 04 de 2016 DIAN \u2013 Retenci\u00f3n en la fuente m\u00ednima para empleados\n\t\t<\/span><\/div>","aioseo_breadcrumb_json":[{"label":"Home","link":"https:\/\/contadoreshoy.com"},{"label":"Conceptos y Oficios DIAN","link":"https:\/\/contadoreshoy.com\/?cat=456"},{"label":"Oficio 004858 marzo 04 de 2016 DIAN &#8211; Retenci\u00f3n en la fuente m\u00ednima para empleados","link":"https:\/\/contadoreshoy.com\/?p=7171"}],"yoast_head":"<!-- This site is optimized with the Yoast SEO plugin v28.4 - https:\/\/yoast.com\/product\/yoast-seo-wordpress\/ -->\n<title>Oficio 004858 marzo 04 de 2016 DIAN - Retenci\u00f3n en la fuente m\u00ednima para empleados - Contadores P\u00fablicos<\/title>\n<meta name=\"robots\" content=\"index, follow, max-snippet:-1, max-image-preview:large, max-video-preview:-1\" \/>\n<link rel=\"canonical\" href=\"https:\/\/contadoreshoy.com\/?p=7171\" \/>\n<meta property=\"og:locale\" content=\"es_ES\" \/>\n<meta property=\"og:type\" content=\"article\" \/>\n<meta property=\"og:title\" content=\"Oficio 004858 marzo 04 de 2016 DIAN - Retenci\u00f3n en la fuente m\u00ednima para empleados - Contadores P\u00fablicos\" \/>\n<meta property=\"og:description\" content=\"La honorable Corte Constitucional restringe la aplicaci\u00f3n de la renta exenta del 25% ya mencionado a la determinaci\u00f3n de la renta para IMAN e IMAS-PE. En raz\u00f3n de lo anterior, y de acuerdo a los argumentos expuestos no aplica el 25% de renta exenta de que trata el numeral 10 del art\u00edculo 206 del Estatuto Tributario, a la retenci\u00f3n m\u00ednima.\" \/>\n<meta property=\"og:url\" content=\"https:\/\/contadoreshoy.com\/?p=7171\" \/>\n<meta property=\"og:site_name\" content=\"Contadores P\u00fablicos\" \/>\n<meta property=\"article:publisher\" content=\"https:\/\/www.facebook.com\/CCCPBucaramanga\/\" \/>\n<meta property=\"article:published_time\" content=\"2016-04-12T03:41:33+00:00\" \/>\n<meta property=\"article:modified_time\" content=\"2017-02-05T02:58:57+00:00\" \/>\n<meta property=\"og:image\" content=\"https:\/\/contadoreshoy.com\/wp-content\/uploads\/2015\/09\/pago-de-impuestos.jpg\" \/>\n\t<meta property=\"og:image:width\" content=\"600\" \/>\n\t<meta property=\"og:image:height\" content=\"400\" \/>\n\t<meta property=\"og:image:type\" content=\"image\/jpeg\" \/>\n<meta name=\"author\" content=\"Miguel Antonio M\u00e1rquez Monta\u00f1ez\" \/>\n<meta name=\"twitter:card\" content=\"summary_large_image\" \/>\n<meta name=\"twitter:label1\" content=\"Escrito por\" \/>\n\t<meta name=\"twitter:data1\" content=\"Miguel Antonio M\u00e1rquez Monta\u00f1ez\" \/>\n\t<meta name=\"twitter:label2\" content=\"Tiempo de lectura\" \/>\n\t<meta name=\"twitter:data2\" content=\"3 minutos\" \/>\n<script type=\"application\/ld+json\" class=\"yoast-schema-graph\">{\"@context\":\"https:\\\/\\\/schema.org\",\"@graph\":[{\"@type\":\"Article\",\"@id\":\"https:\\\/\\\/contadoreshoy.com\\\/?p=7171#article\",\"isPartOf\":{\"@id\":\"https:\\\/\\\/contadoreshoy.com\\\/?p=7171\"},\"author\":{\"name\":\"Miguel Antonio M\u00e1rquez Monta\u00f1ez\",\"@id\":\"https:\\\/\\\/contadoreshoy.com\\\/#\\\/schema\\\/person\\\/96d8979cb865537c5dc9345e40089fc5\"},\"headline\":\"Oficio 004858 marzo 04 de 2016 DIAN &#8211; Retenci\u00f3n en la fuente m\u00ednima para empleados\",\"datePublished\":\"2016-04-12T03:41:33+00:00\",\"dateModified\":\"2017-02-05T02:58:57+00:00\",\"mainEntityOfPage\":{\"@id\":\"https:\\\/\\\/contadoreshoy.com\\\/?p=7171\"},\"wordCount\":643,\"commentCount\":0,\"publisher\":{\"@id\":\"https:\\\/\\\/contadoreshoy.com\\\/#organization\"},\"image\":{\"@id\":\"https:\\\/\\\/contadoreshoy.com\\\/?p=7171#primaryimage\"},\"thumbnailUrl\":\"https:\\\/\\\/contadoreshoy.com\\\/wp-content\\\/uploads\\\/2015\\\/09\\\/pago-de-impuestos.jpg\",\"articleSection\":[\"Conceptos y Oficios DIAN\"],\"inLanguage\":\"es\",\"potentialAction\":[{\"@type\":\"CommentAction\",\"name\":\"Comment\",\"target\":[\"https:\\\/\\\/contadoreshoy.com\\\/?p=7171#respond\"]}]},{\"@type\":\"WebPage\",\"@id\":\"https:\\\/\\\/contadoreshoy.com\\\/?p=7171\",\"url\":\"https:\\\/\\\/contadoreshoy.com\\\/?p=7171\",\"name\":\"Oficio 004858 marzo 04 de 2016 DIAN - Retenci\u00f3n en la fuente m\u00ednima para empleados - Contadores P\u00fablicos\",\"isPartOf\":{\"@id\":\"https:\\\/\\\/contadoreshoy.com\\\/#website\"},\"primaryImageOfPage\":{\"@id\":\"https:\\\/\\\/contadoreshoy.com\\\/?p=7171#primaryimage\"},\"image\":{\"@id\":\"https:\\\/\\\/contadoreshoy.com\\\/?p=7171#primaryimage\"},\"thumbnailUrl\":\"https:\\\/\\\/contadoreshoy.com\\\/wp-content\\\/uploads\\\/2015\\\/09\\\/pago-de-impuestos.jpg\",\"datePublished\":\"2016-04-12T03:41:33+00:00\",\"dateModified\":\"2017-02-05T02:58:57+00:00\",\"breadcrumb\":{\"@id\":\"https:\\\/\\\/contadoreshoy.com\\\/?p=7171#breadcrumb\"},\"inLanguage\":\"es\",\"potentialAction\":[{\"@type\":\"ReadAction\",\"target\":[\"https:\\\/\\\/contadoreshoy.com\\\/?p=7171\"]}]},{\"@type\":\"ImageObject\",\"inLanguage\":\"es\",\"@id\":\"https:\\\/\\\/contadoreshoy.com\\\/?p=7171#primaryimage\",\"url\":\"https:\\\/\\\/contadoreshoy.com\\\/wp-content\\\/uploads\\\/2015\\\/09\\\/pago-de-impuestos.jpg\",\"contentUrl\":\"https:\\\/\\\/contadoreshoy.com\\\/wp-content\\\/uploads\\\/2015\\\/09\\\/pago-de-impuestos.jpg\",\"width\":600,\"height\":400},{\"@type\":\"BreadcrumbList\",\"@id\":\"https:\\\/\\\/contadoreshoy.com\\\/?p=7171#breadcrumb\",\"itemListElement\":[{\"@type\":\"ListItem\",\"position\":1,\"name\":\"Portada\",\"item\":\"https:\\\/\\\/contadoreshoy.com\\\/\"},{\"@type\":\"ListItem\",\"position\":2,\"name\":\"Oficio 004858 marzo 04 de 2016 DIAN &#8211; Retenci\u00f3n en la fuente m\u00ednima para empleados\"}]},{\"@type\":\"WebSite\",\"@id\":\"https:\\\/\\\/contadoreshoy.com\\\/#website\",\"url\":\"https:\\\/\\\/contadoreshoy.com\\\/\",\"name\":\"Contadorespublicossantander\",\"description\":\"Portal para Contadores P\u00fablicos y empresarios\",\"publisher\":{\"@id\":\"https:\\\/\\\/contadoreshoy.com\\\/#organization\"},\"potentialAction\":[{\"@type\":\"SearchAction\",\"target\":{\"@type\":\"EntryPoint\",\"urlTemplate\":\"https:\\\/\\\/contadoreshoy.com\\\/?s={search_term_string}\"},\"query-input\":{\"@type\":\"PropertyValueSpecification\",\"valueRequired\":true,\"valueName\":\"search_term_string\"}}],\"inLanguage\":\"es\"},{\"@type\":\"Organization\",\"@id\":\"https:\\\/\\\/contadoreshoy.com\\\/#organization\",\"name\":\"Contadores P\u00fablicos de Santander\",\"url\":\"https:\\\/\\\/contadoreshoy.com\\\/\",\"logo\":{\"@type\":\"ImageObject\",\"inLanguage\":\"es\",\"@id\":\"https:\\\/\\\/contadoreshoy.com\\\/#\\\/schema\\\/logo\\\/image\\\/\",\"url\":\"https:\\\/\\\/contadoreshoy.com\\\/wp-content\\\/uploads\\\/2024\\\/01\\\/cropped-cropped-Copia-de-M-1.jpg\",\"contentUrl\":\"https:\\\/\\\/contadoreshoy.com\\\/wp-content\\\/uploads\\\/2024\\\/01\\\/cropped-cropped-Copia-de-M-1.jpg\",\"width\":499,\"height\":500,\"caption\":\"Contadores P\u00fablicos de Santander\"},\"image\":{\"@id\":\"https:\\\/\\\/contadoreshoy.com\\\/#\\\/schema\\\/logo\\\/image\\\/\"},\"sameAs\":[\"https:\\\/\\\/www.facebook.com\\\/CCCPBucaramanga\\\/\"]},{\"@type\":\"Person\",\"@id\":\"https:\\\/\\\/contadoreshoy.com\\\/#\\\/schema\\\/person\\\/96d8979cb865537c5dc9345e40089fc5\",\"name\":\"Miguel Antonio M\u00e1rquez Monta\u00f1ez\",\"description\":\"Contador P\u00fablico egresado de la Universidad Aut\u00f3noma de Bucaramanga - Asesor contable tributario con m\u00e1s de 25 a\u00f1os de experiencia - Conferencista en temas contables y tributarios - T\u00e9cnico en Hardware y Dise\u00f1o Web - Creador y director Grupo de Estudio Colegio Colombiano de Contadores P\u00fablicos de Bucaramanga - Creador y Master Web p\u00e1gina www.contadoresp\u00fablicossantander.com - Expresidente Colegio Colombiano de Contadores P\u00fablicos Bucaramanga\",\"url\":\"https:\\\/\\\/contadoreshoy.com\\\/?author=1\"}]}<\/script>\n<!-- \/ Yoast SEO plugin. -->","yoast_head_json":{"title":"Oficio 004858 marzo 04 de 2016 DIAN - Retenci\u00f3n en la fuente m\u00ednima para empleados - Contadores P\u00fablicos","robots":{"index":"index","follow":"follow","max-snippet":"max-snippet:-1","max-image-preview":"max-image-preview:large","max-video-preview":"max-video-preview:-1"},"canonical":"https:\/\/contadoreshoy.com\/?p=7171","og_locale":"es_ES","og_type":"article","og_title":"Oficio 004858 marzo 04 de 2016 DIAN - Retenci\u00f3n en la fuente m\u00ednima para empleados - Contadores P\u00fablicos","og_description":"La honorable Corte Constitucional restringe la aplicaci\u00f3n de la renta exenta del 25% ya mencionado a la determinaci\u00f3n de la renta para IMAN e IMAS-PE. En raz\u00f3n de lo anterior, y de acuerdo a los argumentos expuestos no aplica el 25% de renta exenta de que trata el numeral 10 del art\u00edculo 206 del Estatuto Tributario, a la retenci\u00f3n m\u00ednima.","og_url":"https:\/\/contadoreshoy.com\/?p=7171","og_site_name":"Contadores P\u00fablicos","article_publisher":"https:\/\/www.facebook.com\/CCCPBucaramanga\/","article_published_time":"2016-04-12T03:41:33+00:00","article_modified_time":"2017-02-05T02:58:57+00:00","og_image":[{"width":600,"height":400,"url":"https:\/\/contadoreshoy.com\/wp-content\/uploads\/2015\/09\/pago-de-impuestos.jpg","type":"image\/jpeg"}],"author":"Miguel Antonio M\u00e1rquez Monta\u00f1ez","twitter_card":"summary_large_image","twitter_misc":{"Escrito por":"Miguel Antonio M\u00e1rquez Monta\u00f1ez","Tiempo de lectura":"3 minutos"},"schema":{"@context":"https:\/\/schema.org","@graph":[{"@type":"Article","@id":"https:\/\/contadoreshoy.com\/?p=7171#article","isPartOf":{"@id":"https:\/\/contadoreshoy.com\/?p=7171"},"author":{"name":"Miguel Antonio M\u00e1rquez Monta\u00f1ez","@id":"https:\/\/contadoreshoy.com\/#\/schema\/person\/96d8979cb865537c5dc9345e40089fc5"},"headline":"Oficio 004858 marzo 04 de 2016 DIAN &#8211; Retenci\u00f3n en la fuente m\u00ednima para empleados","datePublished":"2016-04-12T03:41:33+00:00","dateModified":"2017-02-05T02:58:57+00:00","mainEntityOfPage":{"@id":"https:\/\/contadoreshoy.com\/?p=7171"},"wordCount":643,"commentCount":0,"publisher":{"@id":"https:\/\/contadoreshoy.com\/#organization"},"image":{"@id":"https:\/\/contadoreshoy.com\/?p=7171#primaryimage"},"thumbnailUrl":"https:\/\/contadoreshoy.com\/wp-content\/uploads\/2015\/09\/pago-de-impuestos.jpg","articleSection":["Conceptos y Oficios DIAN"],"inLanguage":"es","potentialAction":[{"@type":"CommentAction","name":"Comment","target":["https:\/\/contadoreshoy.com\/?p=7171#respond"]}]},{"@type":"WebPage","@id":"https:\/\/contadoreshoy.com\/?p=7171","url":"https:\/\/contadoreshoy.com\/?p=7171","name":"Oficio 004858 marzo 04 de 2016 DIAN - Retenci\u00f3n en la fuente m\u00ednima para empleados - Contadores P\u00fablicos","isPartOf":{"@id":"https:\/\/contadoreshoy.com\/#website"},"primaryImageOfPage":{"@id":"https:\/\/contadoreshoy.com\/?p=7171#primaryimage"},"image":{"@id":"https:\/\/contadoreshoy.com\/?p=7171#primaryimage"},"thumbnailUrl":"https:\/\/contadoreshoy.com\/wp-content\/uploads\/2015\/09\/pago-de-impuestos.jpg","datePublished":"2016-04-12T03:41:33+00:00","dateModified":"2017-02-05T02:58:57+00:00","breadcrumb":{"@id":"https:\/\/contadoreshoy.com\/?p=7171#breadcrumb"},"inLanguage":"es","potentialAction":[{"@type":"ReadAction","target":["https:\/\/contadoreshoy.com\/?p=7171"]}]},{"@type":"ImageObject","inLanguage":"es","@id":"https:\/\/contadoreshoy.com\/?p=7171#primaryimage","url":"https:\/\/contadoreshoy.com\/wp-content\/uploads\/2015\/09\/pago-de-impuestos.jpg","contentUrl":"https:\/\/contadoreshoy.com\/wp-content\/uploads\/2015\/09\/pago-de-impuestos.jpg","width":600,"height":400},{"@type":"BreadcrumbList","@id":"https:\/\/contadoreshoy.com\/?p=7171#breadcrumb","itemListElement":[{"@type":"ListItem","position":1,"name":"Portada","item":"https:\/\/contadoreshoy.com\/"},{"@type":"ListItem","position":2,"name":"Oficio 004858 marzo 04 de 2016 DIAN &#8211; Retenci\u00f3n en la fuente m\u00ednima para empleados"}]},{"@type":"WebSite","@id":"https:\/\/contadoreshoy.com\/#website","url":"https:\/\/contadoreshoy.com\/","name":"Contadorespublicossantander","description":"Portal para Contadores P\u00fablicos y empresarios","publisher":{"@id":"https:\/\/contadoreshoy.com\/#organization"},"potentialAction":[{"@type":"SearchAction","target":{"@type":"EntryPoint","urlTemplate":"https:\/\/contadoreshoy.com\/?s={search_term_string}"},"query-input":{"@type":"PropertyValueSpecification","valueRequired":true,"valueName":"search_term_string"}}],"inLanguage":"es"},{"@type":"Organization","@id":"https:\/\/contadoreshoy.com\/#organization","name":"Contadores P\u00fablicos de Santander","url":"https:\/\/contadoreshoy.com\/","logo":{"@type":"ImageObject","inLanguage":"es","@id":"https:\/\/contadoreshoy.com\/#\/schema\/logo\/image\/","url":"https:\/\/contadoreshoy.com\/wp-content\/uploads\/2024\/01\/cropped-cropped-Copia-de-M-1.jpg","contentUrl":"https:\/\/contadoreshoy.com\/wp-content\/uploads\/2024\/01\/cropped-cropped-Copia-de-M-1.jpg","width":499,"height":500,"caption":"Contadores P\u00fablicos de Santander"},"image":{"@id":"https:\/\/contadoreshoy.com\/#\/schema\/logo\/image\/"},"sameAs":["https:\/\/www.facebook.com\/CCCPBucaramanga\/"]},{"@type":"Person","@id":"https:\/\/contadoreshoy.com\/#\/schema\/person\/96d8979cb865537c5dc9345e40089fc5","name":"Miguel Antonio M\u00e1rquez Monta\u00f1ez","description":"Contador P\u00fablico egresado de la Universidad Aut\u00f3noma de Bucaramanga - Asesor contable tributario con m\u00e1s de 25 a\u00f1os de experiencia - Conferencista en temas contables y tributarios - T\u00e9cnico en Hardware y Dise\u00f1o Web - Creador y director Grupo de Estudio Colegio Colombiano de Contadores P\u00fablicos de Bucaramanga - Creador y Master Web p\u00e1gina www.contadoresp\u00fablicossantander.com - Expresidente Colegio Colombiano de Contadores P\u00fablicos Bucaramanga","url":"https:\/\/contadoreshoy.com\/?author=1"}]}},"_links":{"self":[{"href":"https:\/\/contadoreshoy.com\/index.php?rest_route=\/wp\/v2\/posts\/7171","targetHints":{"allow":["GET"]}}],"collection":[{"href":"https:\/\/contadoreshoy.com\/index.php?rest_route=\/wp\/v2\/posts"}],"about":[{"href":"https:\/\/contadoreshoy.com\/index.php?rest_route=\/wp\/v2\/types\/post"}],"author":[{"embeddable":true,"href":"https:\/\/contadoreshoy.com\/index.php?rest_route=\/wp\/v2\/users\/1"}],"replies":[{"embeddable":true,"href":"https:\/\/contadoreshoy.com\/index.php?rest_route=%2Fwp%2Fv2%2Fcomments&post=7171"}],"version-history":[{"count":1,"href":"https:\/\/contadoreshoy.com\/index.php?rest_route=\/wp\/v2\/posts\/7171\/revisions"}],"predecessor-version":[{"id":7886,"href":"https:\/\/contadoreshoy.com\/index.php?rest_route=\/wp\/v2\/posts\/7171\/revisions\/7886"}],"wp:featuredmedia":[{"embeddable":true,"href":"https:\/\/contadoreshoy.com\/index.php?rest_route=\/wp\/v2\/media\/6048"}],"wp:attachment":[{"href":"https:\/\/contadoreshoy.com\/index.php?rest_route=%2Fwp%2Fv2%2Fmedia&parent=7171"}],"wp:term":[{"taxonomy":"category","embeddable":true,"href":"https:\/\/contadoreshoy.com\/index.php?rest_route=%2Fwp%2Fv2%2Fcategories&post=7171"},{"taxonomy":"post_tag","embeddable":true,"href":"https:\/\/contadoreshoy.com\/index.php?rest_route=%2Fwp%2Fv2%2Ftags&post=7171"}],"curies":[{"name":"wp","href":"https:\/\/api.w.org\/{rel}","templated":true}]}}