{"id":7211,"date":"2016-04-21T22:32:55","date_gmt":"2016-04-22T03:32:55","guid":{"rendered":"http:\/\/colegiocolombianodecontadores.com\/?p=7211"},"modified":"2017-02-04T21:58:42","modified_gmt":"2017-02-05T02:58:42","slug":"concepto-0286-abril-07-de-2016-dian-retencion-por-servicios-a-favor-de-residentes-en-espana","status":"publish","type":"post","link":"https:\/\/contadoreshoy.com\/?p=7211","title":{"rendered":"CONCEPTO 0286 ABRIL 07 DE 2016 DIAN &#8211; Retenci\u00f3n por servicios a favor de residentes en Espa\u00f1a"},"content":{"rendered":"<p style=\"text-align: center;\"><strong>CONCEPTO N\u00daMERO 0286 DE 2016 DIAN<br \/>\n<\/strong><\/p>\n<p style=\"text-align: center;\">(abril 7)<\/p>\n<p>Direcci\u00f3n de Gesti\u00f3n Jur\u00eddica<\/p>\n<p>Bogot\u00e1, D. C., 7 de abril de 2016<\/p>\n<p>100202208 -0286<\/p>\n<p>Tema: \u00a0\u00a0\u00a0\u00a0\u00a0\u00a0\u00a0\u00a0\u00a0\u00a0\u00a0 \u00a0\u00a0\u00a0\u00a0\u00a0\u00a0\u00a0\u00a0\u00a0\u00a0\u00a0\u00a0\u00a0\u00a0\u00a0 Retenci\u00f3n en la fuente<\/p>\n<p>Descriptores: Convenios para Evitar la Doble Imposici\u00f3n<\/p>\n<p>Fuentes Formales: Ley 1082 del 2006- Convenio para Evitar la Doble Imposici\u00f3n y prevenir la evasi\u00f3n fiscal entre la Rep\u00fablica de Colombia y Espa\u00f1a.<\/p>\n<p>Sentencia C-934 de 2013, Expediente D-9661, M.P., Nilson Pinilla Pinilla, Convenci\u00f3n de Viena sobre el Derecho de los Tratados<\/p>\n<p>Art\u00edculo 1602 del C\u00f3digo Civil, Oficio 094485 de noviembre 17 de 2009<\/p>\n<p style=\"text-align: justify;\"><strong>Problema Jur\u00eddico <\/strong><\/p>\n<p style=\"text-align: justify;\"><span style=\"color: #0000ff;\">En la prestaci\u00f3n de servicios de asesor\u00eda legal y jur\u00eddica prestados por personas naturales y jur\u00eddicas residentes fiscales en Espa\u00f1a (sin establecimiento permanente en Colombia), a favor de empresas o personas naturales residentes fiscales en Colombia, \u00bflos pagos por estos servicios estar\u00edan exentos de tributaci\u00f3n en Colombia y, por lo tanto, no ser\u00edan objeto de retenci\u00f3n? (Sic).<\/span><\/p>\n<p style=\"text-align: justify;\"><strong>Tesis Jur\u00eddica <\/strong><\/p>\n<p style=\"text-align: justify;\"><span style=\"color: #0000ff;\">Los pagos efectuados por el concepto de servicio de consultor\u00eda de un residente colombiano, cuyo beneficiario efectivo sea un residente del otro Estado contratante (Espa\u00f1a), est\u00e1n sometidos a una tarifa de retenci\u00f3n en la fuente del 10% del ingreso bruto pagado<\/span>.<\/p>\n<p style=\"text-align: justify;\"><strong>Interpretaci\u00f3n Jur\u00eddica <\/strong><\/p>\n<p style=\"text-align: justify;\">Al respecto, el inciso 3\u00b0 del art\u00edculo 12 de la Ley 1082 del 2006, <em>\u201cpor medio de la cual se aprueba el \u201cconvenio entre el reino de Espa\u00f1a y la Rep\u00fablica de Colombia para evitar la doble imposici\u00f3n y prevenir la evasi\u00f3n fiscal en materia de impuestos sobre la renta y sobre el patrimonio y su protocolo\u201d,<\/em> se\u00f1ala:<\/p>\n<p style=\"text-align: justify;\"><em>\u201c3. El t\u00e9rmino \u201cc\u00e1nones o regal\u00edas\u201d, en el sentido de este art\u00edculo significa las cantidades de cualquier clase pagadas por el uso, o la concesi\u00f3n de uso, de derechos de autor sobre obras literarias, art\u00edsticas o cient\u00edficas, incluidas las pel\u00edculas cinematogr\u00e1ficas o pel\u00edculas, cintas y otros medios de reproducci\u00f3n de la imagen y el sonido, de patentes, marcas de f\u00e1brica o de comercio, dibujos o modelos, planos, f\u00f3rmulas o procedimientos secretos, o por el uso, o la concesi\u00f3n de uso, de equipos industriales, comerciales o cient\u00edficos, o por informaciones relativas a experiencias industriales, comerciales o cient\u00edficas. <u>Se considerar\u00e1n incluidos en este concepto los servicios prestados por asistencia t\u00e9cnica,<\/u> <u>servicios t\u00e9cnicos y servicios de consultor\u00eda\u201d.<\/u><\/em><\/p>\n<p style=\"text-align: justify;\">Ahora bien, el protocolo del mismo CDI, entre el reino de Espa\u00f1a y la Rep\u00fablica de Colombia, cita:<\/p>\n<p style=\"text-align: justify;\"><em>\u201c1. En el caso de Colombia, en relaci\u00f3n con la definici\u00f3n comprendida dentro del apartado 3 del art\u00edculo 12, se entender\u00e1 que el concepto de <u>asistencia t\u00e9cnica<\/u> se refiere a la asesor\u00eda dada mediante contrato de servicios incorporales, <u>para la utilizaci\u00f3n de<\/u> <u>conocimientos tecnol\u00f3gicos<\/u> aplicados por medio del ejercicio de un arte o t\u00e9cnica\u201d.<\/em><\/p>\n<p style=\"text-align: justify;\">De las normas invocadas, y respecto al asunto de discusi\u00f3n que nos ocupa, se difiere como primera medida que aquellas situaciones que involucren la utilizaci\u00f3n de conocimientos tecnol\u00f3gicos se deben enmarcar dentro de la noci\u00f3n de asistencia t\u00e9cnica. Motivo por el cual, el concepto del servicio de asesor\u00eda legal y\/o jur\u00eddica no est\u00e1 dado a esta calificaci\u00f3n.<\/p>\n<p style=\"text-align: justify;\">Con referencia a lo anterior, es imperativo mencionar que el concepto de <u>servicio consultor\u00eda<\/u> en el derecho privado se encuentra entre la clasificaci\u00f3n de los contratos at\u00edpicos de nuestra legislaci\u00f3n, por lo tanto, est\u00e1 fundamentado y estructurado por el principio de la autonom\u00eda contractual o autonom\u00eda de la voluntad privada que no puede verse vulnerado o impedido por disposiciones legales, ya que goza de protecci\u00f3n constitucional.<\/p>\n<p style=\"text-align: justify;\">De lo anterior, la Sentencia C-934 de 2013, Expediente D-9661, M.P., Nilson Pinilla Pinilla de la honorable Corte Constitucional, ha sentado lo pertinente:<\/p>\n<p style=\"text-align: justify;\"><em>\u201cLa autonom\u00eda de la voluntad privada es la facultad reconocida por el ordenamiento positivo a las personas para disponer de sus intereses con efecto vinculante y, por tanto, para crear derechos y obligaciones, con los l\u00edmites generales del orden p\u00fablico y las buenas costumbres, para el intercambio de bienes y servicios o el desarrollo de actividades de cooperaci\u00f3n.<\/em><\/p>\n<p style=\"text-align: justify;\"><em>( \u2026 )<\/em><\/p>\n<p style=\"text-align: justify;\"><em>Dentro de este cuadro, la autonom\u00eda permite a los particulares: i) celebrar contratos o no celebrarlos, en principio en virtud del solo consentimiento y, por tanto, sin formalidades, pues estas reducen el ejercicio de la voluntad; ii) determinar con amplia libertad el contenido de sus obligaciones y de los derechos correlativos, con el l\u00edmite del orden p\u00fablico, entendido de manera general como la seguridad, la salubridad y la moralidad p\u00fablicas, y de las buenas costumbres; iii) crear relaciones obligatorias entre s\u00ed, las cuales en principio no producen efectos jur\u00eddicos respecto de otras personas, que no son partes del contrato, por no haber prestado su consentimiento, lo cual corresponde al llamado efecto relativo de aquel\u201d.<\/em><\/p>\n<p style=\"text-align: justify;\">Adicionalmente a lo citado, el art\u00edculo 1602 del C\u00f3digo Civil, expresa, \u201ctodo contrato legalmente celebrado es una ley para los contratantes, y no puede ser invalidado sino por un consentimiento mutuo o por causas legales\u201d, que en otras palabras se resumen a un reconocimiento del poder aut\u00f3nomo de las partes para manifestar su voluntad en aras de celebrar negocios jur\u00eddicos dentro de las formalidades legales.<\/p>\n<p style=\"text-align: justify;\">En este orden de ideas, de una interpretaci\u00f3n l\u00f3gica e integral, y en aras de discernir la claridad de los conceptos para la debida calificaci\u00f3n del servicio en menci\u00f3n, la Real Academia Espa\u00f1ola (RAE), define:<\/p>\n<p style=\"text-align: justify;\"><strong><em><u>Consultor\u00eda<\/u><\/em><\/strong><em>: <\/em><\/p>\n<ol style=\"text-align: justify;\">\n<li><em> Actividad del <u>consultor<\/u>.<\/em><\/li>\n<li><em> Despacho o local donde trabaja el consultor.<\/em><\/li>\n<\/ol>\n<p style=\"text-align: justify;\"><strong><em><u>Consultor<\/u><\/em><\/strong>:<\/p>\n<ol style=\"text-align: justify;\" start=\"3\">\n<li>y f. <em><u>Persona experta en una materia sobre la que <strong>asesora<\/strong> <strong>profesionalmente<\/strong>.<\/u><\/em><\/li>\n<\/ol>\n<p style=\"text-align: justify;\">De lo anterior, resulta oportuno evocar lo se\u00f1alado en la obra Principios de Derecho Tributario Internacional del tratadista Roy Rohatgi, p. 71, que explica:<\/p>\n<p style=\"text-align: justify;\">\u201c[l]a CVDT aplica a todos los tratados incluidos los de impuestos. Los tratados de impuestos son derechos y obligaciones obligatorios para los Estados contratantes bajo el derecho internacional p\u00fablico. Son acuerdos entre dos pa\u00edses y no acuerdos entre dos contribuyentes o un pa\u00eds y un contribuyente. En la medida en que son acuerdos internacionales, est\u00e1n gobernados por la CVDT, ya sea porque aplican como un tratado creador de leyes <em>(trait\u00e9 loi) entre los estados, o porque reflejan el derecho internacional consuetudinario aplicable generalmente a ellos.<\/em><\/p>\n<p style=\"text-align: justify;\">La Convenci\u00f3n de Viena sobre el Derecho de los Tratados (CVDT) de 1969 proporciona las pautas generales para interpretar los tratados, bajo los art\u00edculos 31 a 33 de la CVDT.<\/p>\n<p style=\"text-align: justify;\">El art\u00edculo 31 provee la regla general de interpretaci\u00f3n. El art\u00edculo 31(1) dispone: \u201cun tratado debe ser interpretado de buena fe de acuerdo con el significado ordinario dado a los t\u00e9rminos del tratado en su contexto a la luz del objeto y prop\u00f3sito\u201d (regla b\u00e1sica).<\/p>\n<p style=\"text-align: justify;\">Esta regla b\u00e1sica de interpretaci\u00f3n se refiere a lo siguiente:<\/p>\n<ol style=\"text-align: justify;\">\n<li>el \u201csignificado ordinario\u201d de las palabras basado en las palabras concretas del texto.<\/li>\n<\/ol>\n<p style=\"text-align: justify;\">-La interpretaci\u00f3n debe comenzar fundamentalmente con el significado natural de las palabras en el texto, expresadas (esto es, sin considerar su intenci\u00f3n), en el contexto en que estas ocurren.<\/p>\n<p style=\"text-align: justify;\">-La interpretaci\u00f3n debe seguir el \u201csignificado ordinario\u201d, esto es, el significado usual y natural de las palabras. Donde exista una diferencia, el significado ordinario que define los t\u00e9rminos a la luz del objeto y prop\u00f3sito del tratado prevalecer\u00e1 (\u2026).<\/p>\n<p style=\"text-align: justify;\">-Se requiere que un tratado sea interpretado como un todo y su significado debe ser consistente con el acuerdo entero en su contexto, objeto y prop\u00f3sito, y no fundamentarse en sus disposiciones individuales;<\/p>\n<ol style=\"text-align: justify;\">\n<li>Las \u201cintenciones expresas\u201d de las partes derivadas de los t\u00e9rminos del tratado en<\/li>\n<\/ol>\n<p style=\"text-align: justify;\">su \u201ccontexto\u201d.<\/p>\n<p style=\"text-align: justify;\">-Las intenciones expresas de las partes deben establecerse con base en el texto actual del tratado y no basarse en intenciones presumidas (\u2026).<\/p>\n<p style=\"text-align: justify;\">[E]l art\u00edculo 32 de la CVDT permite el uso de otro material relevante como \u201cmedios suplementarios de interpretaci\u00f3n\u201d, para evitar una definici\u00f3n ambigua, oscura o irracional bajo el art\u00edculo 31, o para confirmar el resultado del art\u00edculo 31. El material no incluido en el texto no es sustitutivo del estudio del texto mismo del tratado de impuestos. Este no constituye contexto y solamente puede ser usado para confirmar, pero no para contradecir, o como soporte independiente para la interpretaci\u00f3n bajo el art\u00edculo 31\u201d.<\/p>\n<p style=\"text-align: justify;\">Por lo tanto, en una coherente interpretaci\u00f3n del convenio, se debe entender que el servicio de asesor\u00eda legal y\/o jur\u00eddica se encuentra del marco conceptual de consultor\u00eda y, por lo tanto, estar\u00eda ajustado y correr\u00eda la suerte de lo se\u00f1alado en el art\u00edculo 12 del CDI, ya que calificarlo sin menoscabo como un beneficio empresarial, interrumpir\u00eda el objeto, contexto y prop\u00f3sito de lo se\u00f1alado en el articulado del convenio.<\/p>\n<p style=\"text-align: justify;\"><span style=\"color: #0000ff;\">Es as\u00ed como este Despacho colige que el pago o abono en cuenta realizado por un residente en Colombia a un beneficiario efectivo -residente espa\u00f1ol- estar\u00eda sujeto a una tarifa de retenci\u00f3n en la fuente del 10% del ingreso bruto pagado.<\/span><\/p>\n<p style=\"text-align: justify;\">Por las consideraciones expuestas se revoca el <strong>Oficio 005838 de febrero 25 de 2015.<\/strong><\/p>\n<p style=\"text-align: justify;\">Atentamente,<\/p>\n<p style=\"text-align: justify;\">La Directora de Gesti\u00f3n Jur\u00eddica (E),<\/p>\n<p style=\"text-align: justify;\"><em>Liliana Andrea Forero G\u00f3mez. <\/em><strong>(C. F.).<\/strong><\/p>\n","protected":false},"excerpt":{"rendered":"<p>El pago o abono en cuenta realizado por un residente en Colombia a un beneficiario efectivo -residente espa\u00f1ol- estar\u00eda sujeto a una tarifa de retenci\u00f3n en la fuente del 10% del ingreso bruto pagado.<\/p>\n","protected":false},"author":1,"featured_media":7212,"comment_status":"open","ping_status":"open","sticky":false,"template":"","format":"standard","meta":{"_monsterinsights_skip_tracking":false,"ngg_post_thumbnail":0,"footnotes":"","_links_to":"","_links_to_target":""},"categories":[456],"tags":[],"class_list":["post-7211","post","type-post","status-publish","format-standard","has-post-thumbnail","hentry","category-conceptos-y-oficios-dian"],"aioseo_notices":[],"aioseo_head":"\n\t\t<!-- All in One SEO 5.0.1.1 - aioseo.com -->\n\t<meta name=\"description\" content=\"El pago o abono en cuenta realizado por un residente en Colombia a un beneficiario efectivo -residente espa\u00f1ol- estar\u00eda sujeto a una tarifa de retenci\u00f3n en la fuente del 10% del ingreso bruto pagado.\" \/>\n\t<meta name=\"robots\" content=\"max-image-preview:large\" \/>\n\t<meta name=\"author\" content=\"Miguel Antonio M\u00e1rquez Monta\u00f1ez\"\/>\n\t<link rel=\"canonical\" href=\"https:\/\/contadoreshoy.com\/?p=7211\" \/>\n\t<meta name=\"generator\" content=\"All in One SEO (AIOSEO) 5.0.1.1\" \/>\n\t\t<meta property=\"og:locale\" content=\"es_ES\" \/>\n\t\t<meta property=\"og:site_name\" content=\"Contadores P\u00fablicos - Portal para Contadores P\u00fablicos y empresarios\" \/>\n\t\t<meta property=\"og:type\" content=\"article\" \/>\n\t\t<meta property=\"og:title\" content=\"CONCEPTO 0286 ABRIL 07 DE 2016 DIAN \u2013 Retenci\u00f3n por servicios a favor de residentes en Espa\u00f1a - Contadores P\u00fablicos\" \/>\n\t\t<meta property=\"og:description\" content=\"El pago o abono en cuenta realizado por un residente en Colombia a un beneficiario efectivo -residente espa\u00f1ol- estar\u00eda sujeto a una tarifa de retenci\u00f3n en la fuente del 10% del ingreso bruto pagado.\" \/>\n\t\t<meta property=\"og:url\" content=\"https:\/\/contadoreshoy.com\/?p=7211\" \/>\n\t\t<meta property=\"og:image\" content=\"https:\/\/contadoreshoy.com\/wp-content\/uploads\/2024\/01\/cropped-cropped-cropped-Copia-de-M.jpg\" \/>\n\t\t<meta property=\"og:image:secure_url\" content=\"https:\/\/contadoreshoy.com\/wp-content\/uploads\/2024\/01\/cropped-cropped-cropped-Copia-de-M.jpg\" \/>\n\t\t<meta property=\"og:image:width\" content=\"512\" \/>\n\t\t<meta property=\"og:image:height\" content=\"371\" \/>\n\t\t<meta property=\"article:published_time\" content=\"2016-04-22T03:32:55+00:00\" \/>\n\t\t<meta property=\"article:modified_time\" content=\"2017-02-05T02:58:42+00:00\" \/>\n\t\t<meta name=\"twitter:card\" content=\"summary_large_image\" \/>\n\t\t<meta name=\"twitter:title\" content=\"CONCEPTO 0286 ABRIL 07 DE 2016 DIAN \u2013 Retenci\u00f3n por servicios a favor de residentes en Espa\u00f1a - Contadores P\u00fablicos\" \/>\n\t\t<meta name=\"twitter:description\" content=\"El pago o abono en cuenta realizado por un residente en Colombia a un beneficiario efectivo -residente espa\u00f1ol- estar\u00eda sujeto a una tarifa de retenci\u00f3n en la fuente del 10% del ingreso bruto pagado.\" \/>\n\t\t<meta name=\"twitter:image\" content=\"https:\/\/contadoreshoy.com\/wp-content\/uploads\/2024\/01\/cropped-cropped-cropped-Copia-de-M.jpg\" \/>\n\t\t<script type=\"application\/ld+json\" class=\"aioseo-schema\">\n\t\t\t{\"@context\":\"https:\\\/\\\/schema.org\",\"@graph\":[{\"@type\":\"BlogPosting\",\"@id\":\"https:\\\/\\\/contadoreshoy.com\\\/?p=7211#blogposting\",\"name\":\"CONCEPTO 0286 ABRIL 07 DE 2016 DIAN \\u2013 Retenci\\u00f3n por servicios a favor de residentes en Espa\\u00f1a - Contadores P\\u00fablicos\",\"headline\":\"CONCEPTO 0286 ABRIL 07 DE 2016 DIAN &#8211; Retenci\\u00f3n por servicios a favor de residentes en Espa\\u00f1a\",\"author\":{\"@id\":\"https:\\\/\\\/contadoreshoy.com\\\/?author=1#author\"},\"publisher\":{\"@id\":\"https:\\\/\\\/contadoreshoy.com\\\/#organization\"},\"image\":{\"@type\":\"ImageObject\",\"url\":\"https:\\\/\\\/contadoreshoy.com\\\/wp-content\\\/uploads\\\/2016\\\/04\\\/convenio-Espa\\u00f1a.jpg\",\"width\":600,\"height\":400},\"datePublished\":\"2016-04-21T22:32:55-05:00\",\"dateModified\":\"2017-02-04T21:58:42-05:00\",\"inLanguage\":\"es-ES\",\"mainEntityOfPage\":{\"@id\":\"https:\\\/\\\/contadoreshoy.com\\\/?p=7211#webpage\"},\"isPartOf\":{\"@id\":\"https:\\\/\\\/contadoreshoy.com\\\/?p=7211#webpage\"},\"articleSection\":\"Conceptos y Oficios DIAN\"},{\"@type\":\"BreadcrumbList\",\"@id\":\"https:\\\/\\\/contadoreshoy.com\\\/?p=7211#breadcrumblist\",\"itemListElement\":[{\"@type\":\"ListItem\",\"@id\":\"https:\\\/\\\/contadoreshoy.com#listItem\",\"position\":1,\"name\":\"Home\",\"item\":\"https:\\\/\\\/contadoreshoy.com\",\"nextItem\":{\"@type\":\"ListItem\",\"@id\":\"https:\\\/\\\/contadoreshoy.com\\\/?cat=456#listItem\",\"name\":\"Conceptos y Oficios DIAN\"}},{\"@type\":\"ListItem\",\"@id\":\"https:\\\/\\\/contadoreshoy.com\\\/?cat=456#listItem\",\"position\":2,\"name\":\"Conceptos y Oficios DIAN\",\"item\":\"https:\\\/\\\/contadoreshoy.com\\\/?cat=456\",\"nextItem\":{\"@type\":\"ListItem\",\"@id\":\"https:\\\/\\\/contadoreshoy.com\\\/?p=7211#listItem\",\"name\":\"CONCEPTO 0286 ABRIL 07 DE 2016 DIAN &#8211; Retenci\\u00f3n por servicios a favor de residentes en Espa\\u00f1a\"},\"previousItem\":{\"@type\":\"ListItem\",\"@id\":\"https:\\\/\\\/contadoreshoy.com#listItem\",\"name\":\"Home\"}},{\"@type\":\"ListItem\",\"@id\":\"https:\\\/\\\/contadoreshoy.com\\\/?p=7211#listItem\",\"position\":3,\"name\":\"CONCEPTO 0286 ABRIL 07 DE 2016 DIAN &#8211; Retenci\\u00f3n por servicios a favor de residentes en Espa\\u00f1a\",\"previousItem\":{\"@type\":\"ListItem\",\"@id\":\"https:\\\/\\\/contadoreshoy.com\\\/?cat=456#listItem\",\"name\":\"Conceptos y Oficios DIAN\"}}]},{\"@type\":\"Organization\",\"@id\":\"https:\\\/\\\/contadoreshoy.com\\\/#organization\",\"name\":\"Contadores P\\u00fablicos\",\"description\":\"Portal para Contadores P\\u00fablicos y empresarios\",\"url\":\"https:\\\/\\\/contadoreshoy.com\\\/\",\"logo\":{\"@type\":\"ImageObject\",\"url\":\"https:\\\/\\\/contadoreshoy.com\\\/wp-content\\\/uploads\\\/2024\\\/01\\\/cropped-cropped-Copia-de-M-1.jpg\",\"@id\":\"https:\\\/\\\/contadoreshoy.com\\\/?p=7211\\\/#organizationLogo\",\"width\":499,\"height\":500},\"image\":{\"@id\":\"https:\\\/\\\/contadoreshoy.com\\\/?p=7211\\\/#organizationLogo\"}},{\"@type\":\"Person\",\"@id\":\"https:\\\/\\\/contadoreshoy.com\\\/?author=1#author\",\"url\":\"https:\\\/\\\/contadoreshoy.com\\\/?author=1\",\"name\":\"Miguel Antonio M\\u00e1rquez Monta\\u00f1ez\"},{\"@type\":\"WebPage\",\"@id\":\"https:\\\/\\\/contadoreshoy.com\\\/?p=7211#webpage\",\"url\":\"https:\\\/\\\/contadoreshoy.com\\\/?p=7211\",\"name\":\"CONCEPTO 0286 ABRIL 07 DE 2016 DIAN \\u2013 Retenci\\u00f3n por servicios a favor de residentes en Espa\\u00f1a - Contadores P\\u00fablicos\",\"description\":\"El pago o abono en cuenta realizado por un residente en Colombia a un beneficiario efectivo -residente espa\\u00f1ol- estar\\u00eda sujeto a una tarifa de retenci\\u00f3n en la fuente del 10% del ingreso bruto pagado.\",\"inLanguage\":\"es-ES\",\"isPartOf\":{\"@id\":\"https:\\\/\\\/contadoreshoy.com\\\/#website\"},\"breadcrumb\":{\"@id\":\"https:\\\/\\\/contadoreshoy.com\\\/?p=7211#breadcrumblist\"},\"author\":{\"@id\":\"https:\\\/\\\/contadoreshoy.com\\\/?author=1#author\"},\"creator\":{\"@id\":\"https:\\\/\\\/contadoreshoy.com\\\/?author=1#author\"},\"image\":{\"@type\":\"ImageObject\",\"url\":\"https:\\\/\\\/contadoreshoy.com\\\/wp-content\\\/uploads\\\/2016\\\/04\\\/convenio-Espa\\u00f1a.jpg\",\"@id\":\"https:\\\/\\\/contadoreshoy.com\\\/?p=7211\\\/#mainImage\",\"width\":600,\"height\":400},\"primaryImageOfPage\":{\"@id\":\"https:\\\/\\\/contadoreshoy.com\\\/?p=7211#mainImage\"},\"datePublished\":\"2016-04-21T22:32:55-05:00\",\"dateModified\":\"2017-02-04T21:58:42-05:00\"},{\"@type\":\"WebSite\",\"@id\":\"https:\\\/\\\/contadoreshoy.com\\\/#website\",\"url\":\"https:\\\/\\\/contadoreshoy.com\\\/\",\"name\":\"Contadores P\\u00fablicos\",\"description\":\"Portal para Contadores P\\u00fablicos y empresarios\",\"inLanguage\":\"es-ES\",\"publisher\":{\"@id\":\"https:\\\/\\\/contadoreshoy.com\\\/#organization\"}}]}\n\t\t<\/script>\n\t\t<!-- All in One SEO -->\n\n","aioseo_head_json":{"title":"CONCEPTO 0286 ABRIL 07 DE 2016 DIAN \u2013 Retenci\u00f3n por servicios a favor de residentes en Espa\u00f1a - Contadores P\u00fablicos","description":"El pago o abono en cuenta realizado por un residente en Colombia a un beneficiario efectivo -residente espa\u00f1ol- estar\u00eda sujeto a una tarifa de retenci\u00f3n en la fuente del 10% del ingreso bruto pagado.","canonical_url":"https:\/\/contadoreshoy.com\/?p=7211","robots":"max-image-preview:large","keywords":"","webmasterTools":{"miscellaneous":""},"schema":{"@context":"https:\/\/schema.org","@graph":[{"@type":"BlogPosting","@id":"https:\/\/contadoreshoy.com\/?p=7211#blogposting","name":"CONCEPTO 0286 ABRIL 07 DE 2016 DIAN \u2013 Retenci\u00f3n por servicios a favor de residentes en Espa\u00f1a - Contadores P\u00fablicos","headline":"CONCEPTO 0286 ABRIL 07 DE 2016 DIAN &#8211; Retenci\u00f3n por servicios a favor de residentes en Espa\u00f1a","author":{"@id":"https:\/\/contadoreshoy.com\/?author=1#author"},"publisher":{"@id":"https:\/\/contadoreshoy.com\/#organization"},"image":{"@type":"ImageObject","url":"https:\/\/contadoreshoy.com\/wp-content\/uploads\/2016\/04\/convenio-Espa\u00f1a.jpg","width":600,"height":400},"datePublished":"2016-04-21T22:32:55-05:00","dateModified":"2017-02-04T21:58:42-05:00","inLanguage":"es-ES","mainEntityOfPage":{"@id":"https:\/\/contadoreshoy.com\/?p=7211#webpage"},"isPartOf":{"@id":"https:\/\/contadoreshoy.com\/?p=7211#webpage"},"articleSection":"Conceptos y Oficios DIAN"},{"@type":"BreadcrumbList","@id":"https:\/\/contadoreshoy.com\/?p=7211#breadcrumblist","itemListElement":[{"@type":"ListItem","@id":"https:\/\/contadoreshoy.com#listItem","position":1,"name":"Home","item":"https:\/\/contadoreshoy.com","nextItem":{"@type":"ListItem","@id":"https:\/\/contadoreshoy.com\/?cat=456#listItem","name":"Conceptos y Oficios DIAN"}},{"@type":"ListItem","@id":"https:\/\/contadoreshoy.com\/?cat=456#listItem","position":2,"name":"Conceptos y Oficios DIAN","item":"https:\/\/contadoreshoy.com\/?cat=456","nextItem":{"@type":"ListItem","@id":"https:\/\/contadoreshoy.com\/?p=7211#listItem","name":"CONCEPTO 0286 ABRIL 07 DE 2016 DIAN &#8211; Retenci\u00f3n por servicios a favor de residentes en Espa\u00f1a"},"previousItem":{"@type":"ListItem","@id":"https:\/\/contadoreshoy.com#listItem","name":"Home"}},{"@type":"ListItem","@id":"https:\/\/contadoreshoy.com\/?p=7211#listItem","position":3,"name":"CONCEPTO 0286 ABRIL 07 DE 2016 DIAN &#8211; Retenci\u00f3n por servicios a favor de residentes en Espa\u00f1a","previousItem":{"@type":"ListItem","@id":"https:\/\/contadoreshoy.com\/?cat=456#listItem","name":"Conceptos y Oficios DIAN"}}]},{"@type":"Organization","@id":"https:\/\/contadoreshoy.com\/#organization","name":"Contadores P\u00fablicos","description":"Portal para Contadores P\u00fablicos y empresarios","url":"https:\/\/contadoreshoy.com\/","logo":{"@type":"ImageObject","url":"https:\/\/contadoreshoy.com\/wp-content\/uploads\/2024\/01\/cropped-cropped-Copia-de-M-1.jpg","@id":"https:\/\/contadoreshoy.com\/?p=7211\/#organizationLogo","width":499,"height":500},"image":{"@id":"https:\/\/contadoreshoy.com\/?p=7211\/#organizationLogo"}},{"@type":"Person","@id":"https:\/\/contadoreshoy.com\/?author=1#author","url":"https:\/\/contadoreshoy.com\/?author=1","name":"Miguel Antonio M\u00e1rquez Monta\u00f1ez"},{"@type":"WebPage","@id":"https:\/\/contadoreshoy.com\/?p=7211#webpage","url":"https:\/\/contadoreshoy.com\/?p=7211","name":"CONCEPTO 0286 ABRIL 07 DE 2016 DIAN \u2013 Retenci\u00f3n por servicios a favor de residentes en Espa\u00f1a - Contadores P\u00fablicos","description":"El pago o abono en cuenta realizado por un residente en Colombia a un beneficiario efectivo -residente espa\u00f1ol- estar\u00eda sujeto a una tarifa de retenci\u00f3n en la fuente del 10% del ingreso bruto pagado.","inLanguage":"es-ES","isPartOf":{"@id":"https:\/\/contadoreshoy.com\/#website"},"breadcrumb":{"@id":"https:\/\/contadoreshoy.com\/?p=7211#breadcrumblist"},"author":{"@id":"https:\/\/contadoreshoy.com\/?author=1#author"},"creator":{"@id":"https:\/\/contadoreshoy.com\/?author=1#author"},"image":{"@type":"ImageObject","url":"https:\/\/contadoreshoy.com\/wp-content\/uploads\/2016\/04\/convenio-Espa\u00f1a.jpg","@id":"https:\/\/contadoreshoy.com\/?p=7211\/#mainImage","width":600,"height":400},"primaryImageOfPage":{"@id":"https:\/\/contadoreshoy.com\/?p=7211#mainImage"},"datePublished":"2016-04-21T22:32:55-05:00","dateModified":"2017-02-04T21:58:42-05:00"},{"@type":"WebSite","@id":"https:\/\/contadoreshoy.com\/#website","url":"https:\/\/contadoreshoy.com\/","name":"Contadores P\u00fablicos","description":"Portal para Contadores P\u00fablicos y empresarios","inLanguage":"es-ES","publisher":{"@id":"https:\/\/contadoreshoy.com\/#organization"}}]},"og:locale":"es_ES","og:site_name":"Contadores P\u00fablicos - Portal para Contadores P\u00fablicos y empresarios","og:type":"article","og:title":"CONCEPTO 0286 ABRIL 07 DE 2016 DIAN \u2013 Retenci\u00f3n por servicios a favor de residentes en Espa\u00f1a - Contadores P\u00fablicos","og:description":"El pago o abono en cuenta realizado por un residente en Colombia a un beneficiario efectivo -residente espa\u00f1ol- estar\u00eda sujeto a una tarifa de retenci\u00f3n en la fuente del 10% del ingreso bruto pagado.","og:url":"https:\/\/contadoreshoy.com\/?p=7211","og:image":"https:\/\/contadoreshoy.com\/wp-content\/uploads\/2024\/01\/cropped-cropped-cropped-Copia-de-M.jpg","og:image:secure_url":"https:\/\/contadoreshoy.com\/wp-content\/uploads\/2024\/01\/cropped-cropped-cropped-Copia-de-M.jpg","og:image:width":512,"og:image:height":371,"article:published_time":"2016-04-22T03:32:55+00:00","article:modified_time":"2017-02-05T02:58:42+00:00","twitter:card":"summary_large_image","twitter:title":"CONCEPTO 0286 ABRIL 07 DE 2016 DIAN \u2013 Retenci\u00f3n por servicios a favor de residentes en Espa\u00f1a - Contadores P\u00fablicos","twitter:description":"El pago o abono en cuenta realizado por un residente en Colombia a un beneficiario efectivo -residente espa\u00f1ol- estar\u00eda sujeto a una tarifa de retenci\u00f3n en la fuente del 10% del ingreso bruto pagado.","twitter:image":"https:\/\/contadoreshoy.com\/wp-content\/uploads\/2024\/01\/cropped-cropped-cropped-Copia-de-M.jpg"},"aioseo_meta_data":{"post_id":"7211","title":null,"description":null,"keywords":null,"keyphrases":null,"primary_term":null,"canonical_url":null,"og_title":null,"og_description":null,"og_object_type":"default","og_image_type":"default","og_image_url":null,"og_image_width":null,"og_image_height":null,"og_image_custom_url":null,"og_image_custom_fields":null,"og_video":null,"og_custom_url":null,"og_article_section":null,"og_article_tags":null,"twitter_use_og":false,"twitter_card":"default","twitter_image_type":"default","twitter_image_url":null,"twitter_image_custom_url":null,"twitter_image_custom_fields":null,"twitter_title":null,"twitter_description":null,"schema":{"blockGraphs":[],"customGraphs":[],"default":{"data":{"Article":[],"Course":[],"Dataset":[],"FAQPage":[],"Movie":[],"Person":[],"Product":[],"ProductReview":[],"Car":[],"Recipe":[],"Service":[],"SoftwareApplication":[],"WebPage":[]},"graphName":"","isEnabled":true},"graphs":[]},"schema_type":"default","schema_type_options":null,"pillar_content":false,"robots_default":true,"robots_noindex":false,"robots_noarchive":false,"robots_nosnippet":false,"robots_nofollow":false,"robots_noimageindex":false,"robots_noodp":false,"robots_notranslate":false,"robots_max_snippet":null,"robots_max_videopreview":null,"robots_max_imagepreview":"large","priority":null,"frequency":null,"local_seo":null,"breadcrumb_settings":null,"limit_modified_date":false,"ai":null,"created":"2024-03-05 01:36:26","updated":"2026-03-03 04:51:52","seo_analyzer_scan_date":null,"focus_keyword":null,"additional_keywords":null,"truseo_locale":null},"aioseo_breadcrumb":"<div class=\"aioseo-breadcrumbs\"><span class=\"aioseo-breadcrumb\">\n\t\t\t<a href=\"https:\/\/contadoreshoy.com\" title=\"Home\">Home<\/a>\n\t\t<\/span><span class=\"aioseo-breadcrumb-separator\">&raquo;<\/span><span class=\"aioseo-breadcrumb\">\n\t\t\t<a href=\"https:\/\/contadoreshoy.com\/?cat=456\" title=\"Conceptos y Oficios DIAN\">Conceptos y Oficios DIAN<\/a>\n\t\t<\/span><span class=\"aioseo-breadcrumb-separator\">&raquo;<\/span><span class=\"aioseo-breadcrumb\">\n\t\t\tCONCEPTO 0286 ABRIL 07 DE 2016 DIAN \u2013 Retenci\u00f3n por servicios a favor de residentes en Espa\u00f1a\n\t\t<\/span><\/div>","aioseo_breadcrumb_json":[{"label":"Home","link":"https:\/\/contadoreshoy.com"},{"label":"Conceptos y Oficios DIAN","link":"https:\/\/contadoreshoy.com\/?cat=456"},{"label":"CONCEPTO 0286 ABRIL 07 DE 2016 DIAN &#8211; Retenci\u00f3n por servicios a favor de residentes en Espa\u00f1a","link":"https:\/\/contadoreshoy.com\/?p=7211"}],"yoast_head":"<!-- This site is optimized with the Yoast SEO plugin v28.4 - https:\/\/yoast.com\/product\/yoast-seo-wordpress\/ -->\n<title>CONCEPTO 0286 ABRIL 07 DE 2016 DIAN - Retenci\u00f3n por servicios a favor de residentes en Espa\u00f1a - Contadores P\u00fablicos<\/title>\n<meta name=\"robots\" content=\"index, follow, max-snippet:-1, max-image-preview:large, max-video-preview:-1\" \/>\n<link rel=\"canonical\" href=\"https:\/\/contadoreshoy.com\/?p=7211\" \/>\n<meta property=\"og:locale\" content=\"es_ES\" \/>\n<meta property=\"og:type\" content=\"article\" \/>\n<meta property=\"og:title\" content=\"CONCEPTO 0286 ABRIL 07 DE 2016 DIAN - Retenci\u00f3n por servicios a favor de residentes en Espa\u00f1a - Contadores P\u00fablicos\" \/>\n<meta property=\"og:description\" content=\"El pago o abono en cuenta realizado por un residente en Colombia a un beneficiario efectivo -residente espa\u00f1ol- estar\u00eda sujeto a una tarifa de retenci\u00f3n en la fuente del 10% del ingreso bruto pagado.\" \/>\n<meta property=\"og:url\" content=\"https:\/\/contadoreshoy.com\/?p=7211\" \/>\n<meta property=\"og:site_name\" content=\"Contadores P\u00fablicos\" \/>\n<meta property=\"article:publisher\" content=\"https:\/\/www.facebook.com\/CCCPBucaramanga\/\" \/>\n<meta property=\"article:published_time\" content=\"2016-04-22T03:32:55+00:00\" \/>\n<meta property=\"article:modified_time\" content=\"2017-02-05T02:58:42+00:00\" \/>\n<meta property=\"og:image\" content=\"https:\/\/contadoreshoy.com\/wp-content\/uploads\/2016\/04\/convenio-Espa\u00f1a.jpg\" \/>\n\t<meta property=\"og:image:width\" content=\"600\" \/>\n\t<meta property=\"og:image:height\" content=\"400\" \/>\n\t<meta property=\"og:image:type\" content=\"image\/jpeg\" \/>\n<meta name=\"author\" content=\"Miguel Antonio M\u00e1rquez Monta\u00f1ez\" \/>\n<meta name=\"twitter:card\" content=\"summary_large_image\" \/>\n<meta name=\"twitter:label1\" content=\"Escrito por\" \/>\n\t<meta name=\"twitter:data1\" content=\"Miguel Antonio M\u00e1rquez Monta\u00f1ez\" \/>\n\t<meta name=\"twitter:label2\" content=\"Tiempo de lectura\" \/>\n\t<meta name=\"twitter:data2\" content=\"8 minutos\" \/>\n<script type=\"application\/ld+json\" class=\"yoast-schema-graph\">{\"@context\":\"https:\\\/\\\/schema.org\",\"@graph\":[{\"@type\":\"Article\",\"@id\":\"https:\\\/\\\/contadoreshoy.com\\\/?p=7211#article\",\"isPartOf\":{\"@id\":\"https:\\\/\\\/contadoreshoy.com\\\/?p=7211\"},\"author\":{\"name\":\"Miguel Antonio M\u00e1rquez Monta\u00f1ez\",\"@id\":\"https:\\\/\\\/contadoreshoy.com\\\/#\\\/schema\\\/person\\\/96d8979cb865537c5dc9345e40089fc5\"},\"headline\":\"CONCEPTO 0286 ABRIL 07 DE 2016 DIAN &#8211; Retenci\u00f3n por servicios a favor de residentes en Espa\u00f1a\",\"datePublished\":\"2016-04-22T03:32:55+00:00\",\"dateModified\":\"2017-02-05T02:58:42+00:00\",\"mainEntityOfPage\":{\"@id\":\"https:\\\/\\\/contadoreshoy.com\\\/?p=7211\"},\"wordCount\":1573,\"commentCount\":0,\"publisher\":{\"@id\":\"https:\\\/\\\/contadoreshoy.com\\\/#organization\"},\"image\":{\"@id\":\"https:\\\/\\\/contadoreshoy.com\\\/?p=7211#primaryimage\"},\"thumbnailUrl\":\"https:\\\/\\\/contadoreshoy.com\\\/wp-content\\\/uploads\\\/2016\\\/04\\\/convenio-Espa\u00f1a.jpg\",\"articleSection\":[\"Conceptos y Oficios DIAN\"],\"inLanguage\":\"es\",\"potentialAction\":[{\"@type\":\"CommentAction\",\"name\":\"Comment\",\"target\":[\"https:\\\/\\\/contadoreshoy.com\\\/?p=7211#respond\"]}]},{\"@type\":\"WebPage\",\"@id\":\"https:\\\/\\\/contadoreshoy.com\\\/?p=7211\",\"url\":\"https:\\\/\\\/contadoreshoy.com\\\/?p=7211\",\"name\":\"CONCEPTO 0286 ABRIL 07 DE 2016 DIAN - Retenci\u00f3n por servicios a favor de residentes en Espa\u00f1a - Contadores P\u00fablicos\",\"isPartOf\":{\"@id\":\"https:\\\/\\\/contadoreshoy.com\\\/#website\"},\"primaryImageOfPage\":{\"@id\":\"https:\\\/\\\/contadoreshoy.com\\\/?p=7211#primaryimage\"},\"image\":{\"@id\":\"https:\\\/\\\/contadoreshoy.com\\\/?p=7211#primaryimage\"},\"thumbnailUrl\":\"https:\\\/\\\/contadoreshoy.com\\\/wp-content\\\/uploads\\\/2016\\\/04\\\/convenio-Espa\u00f1a.jpg\",\"datePublished\":\"2016-04-22T03:32:55+00:00\",\"dateModified\":\"2017-02-05T02:58:42+00:00\",\"breadcrumb\":{\"@id\":\"https:\\\/\\\/contadoreshoy.com\\\/?p=7211#breadcrumb\"},\"inLanguage\":\"es\",\"potentialAction\":[{\"@type\":\"ReadAction\",\"target\":[\"https:\\\/\\\/contadoreshoy.com\\\/?p=7211\"]}]},{\"@type\":\"ImageObject\",\"inLanguage\":\"es\",\"@id\":\"https:\\\/\\\/contadoreshoy.com\\\/?p=7211#primaryimage\",\"url\":\"https:\\\/\\\/contadoreshoy.com\\\/wp-content\\\/uploads\\\/2016\\\/04\\\/convenio-Espa\u00f1a.jpg\",\"contentUrl\":\"https:\\\/\\\/contadoreshoy.com\\\/wp-content\\\/uploads\\\/2016\\\/04\\\/convenio-Espa\u00f1a.jpg\",\"width\":600,\"height\":400},{\"@type\":\"BreadcrumbList\",\"@id\":\"https:\\\/\\\/contadoreshoy.com\\\/?p=7211#breadcrumb\",\"itemListElement\":[{\"@type\":\"ListItem\",\"position\":1,\"name\":\"Portada\",\"item\":\"https:\\\/\\\/contadoreshoy.com\\\/\"},{\"@type\":\"ListItem\",\"position\":2,\"name\":\"CONCEPTO 0286 ABRIL 07 DE 2016 DIAN &#8211; Retenci\u00f3n por servicios a favor de residentes en Espa\u00f1a\"}]},{\"@type\":\"WebSite\",\"@id\":\"https:\\\/\\\/contadoreshoy.com\\\/#website\",\"url\":\"https:\\\/\\\/contadoreshoy.com\\\/\",\"name\":\"Contadorespublicossantander\",\"description\":\"Portal para Contadores P\u00fablicos y empresarios\",\"publisher\":{\"@id\":\"https:\\\/\\\/contadoreshoy.com\\\/#organization\"},\"potentialAction\":[{\"@type\":\"SearchAction\",\"target\":{\"@type\":\"EntryPoint\",\"urlTemplate\":\"https:\\\/\\\/contadoreshoy.com\\\/?s={search_term_string}\"},\"query-input\":{\"@type\":\"PropertyValueSpecification\",\"valueRequired\":true,\"valueName\":\"search_term_string\"}}],\"inLanguage\":\"es\"},{\"@type\":\"Organization\",\"@id\":\"https:\\\/\\\/contadoreshoy.com\\\/#organization\",\"name\":\"Contadores P\u00fablicos de Santander\",\"url\":\"https:\\\/\\\/contadoreshoy.com\\\/\",\"logo\":{\"@type\":\"ImageObject\",\"inLanguage\":\"es\",\"@id\":\"https:\\\/\\\/contadoreshoy.com\\\/#\\\/schema\\\/logo\\\/image\\\/\",\"url\":\"https:\\\/\\\/contadoreshoy.com\\\/wp-content\\\/uploads\\\/2024\\\/01\\\/cropped-cropped-Copia-de-M-1.jpg\",\"contentUrl\":\"https:\\\/\\\/contadoreshoy.com\\\/wp-content\\\/uploads\\\/2024\\\/01\\\/cropped-cropped-Copia-de-M-1.jpg\",\"width\":499,\"height\":500,\"caption\":\"Contadores P\u00fablicos de Santander\"},\"image\":{\"@id\":\"https:\\\/\\\/contadoreshoy.com\\\/#\\\/schema\\\/logo\\\/image\\\/\"},\"sameAs\":[\"https:\\\/\\\/www.facebook.com\\\/CCCPBucaramanga\\\/\"]},{\"@type\":\"Person\",\"@id\":\"https:\\\/\\\/contadoreshoy.com\\\/#\\\/schema\\\/person\\\/96d8979cb865537c5dc9345e40089fc5\",\"name\":\"Miguel Antonio M\u00e1rquez Monta\u00f1ez\",\"description\":\"Contador P\u00fablico egresado de la Universidad Aut\u00f3noma de Bucaramanga - Asesor contable tributario con m\u00e1s de 25 a\u00f1os de experiencia - Conferencista en temas contables y tributarios - T\u00e9cnico en Hardware y Dise\u00f1o Web - Creador y director Grupo de Estudio Colegio Colombiano de Contadores P\u00fablicos de Bucaramanga - Creador y Master Web p\u00e1gina www.contadoresp\u00fablicossantander.com - Expresidente Colegio Colombiano de Contadores P\u00fablicos Bucaramanga\",\"url\":\"https:\\\/\\\/contadoreshoy.com\\\/?author=1\"}]}<\/script>\n<!-- \/ Yoast SEO plugin. -->","yoast_head_json":{"title":"CONCEPTO 0286 ABRIL 07 DE 2016 DIAN - Retenci\u00f3n por servicios a favor de residentes en Espa\u00f1a - Contadores P\u00fablicos","robots":{"index":"index","follow":"follow","max-snippet":"max-snippet:-1","max-image-preview":"max-image-preview:large","max-video-preview":"max-video-preview:-1"},"canonical":"https:\/\/contadoreshoy.com\/?p=7211","og_locale":"es_ES","og_type":"article","og_title":"CONCEPTO 0286 ABRIL 07 DE 2016 DIAN - Retenci\u00f3n por servicios a favor de residentes en Espa\u00f1a - Contadores P\u00fablicos","og_description":"El pago o abono en cuenta realizado por un residente en Colombia a un beneficiario efectivo -residente espa\u00f1ol- estar\u00eda sujeto a una tarifa de retenci\u00f3n en la fuente del 10% del ingreso bruto pagado.","og_url":"https:\/\/contadoreshoy.com\/?p=7211","og_site_name":"Contadores P\u00fablicos","article_publisher":"https:\/\/www.facebook.com\/CCCPBucaramanga\/","article_published_time":"2016-04-22T03:32:55+00:00","article_modified_time":"2017-02-05T02:58:42+00:00","og_image":[{"width":600,"height":400,"url":"https:\/\/contadoreshoy.com\/wp-content\/uploads\/2016\/04\/convenio-Espa\u00f1a.jpg","type":"image\/jpeg"}],"author":"Miguel Antonio M\u00e1rquez Monta\u00f1ez","twitter_card":"summary_large_image","twitter_misc":{"Escrito por":"Miguel Antonio M\u00e1rquez Monta\u00f1ez","Tiempo de lectura":"8 minutos"},"schema":{"@context":"https:\/\/schema.org","@graph":[{"@type":"Article","@id":"https:\/\/contadoreshoy.com\/?p=7211#article","isPartOf":{"@id":"https:\/\/contadoreshoy.com\/?p=7211"},"author":{"name":"Miguel Antonio M\u00e1rquez Monta\u00f1ez","@id":"https:\/\/contadoreshoy.com\/#\/schema\/person\/96d8979cb865537c5dc9345e40089fc5"},"headline":"CONCEPTO 0286 ABRIL 07 DE 2016 DIAN &#8211; Retenci\u00f3n por servicios a favor de residentes en Espa\u00f1a","datePublished":"2016-04-22T03:32:55+00:00","dateModified":"2017-02-05T02:58:42+00:00","mainEntityOfPage":{"@id":"https:\/\/contadoreshoy.com\/?p=7211"},"wordCount":1573,"commentCount":0,"publisher":{"@id":"https:\/\/contadoreshoy.com\/#organization"},"image":{"@id":"https:\/\/contadoreshoy.com\/?p=7211#primaryimage"},"thumbnailUrl":"https:\/\/contadoreshoy.com\/wp-content\/uploads\/2016\/04\/convenio-Espa\u00f1a.jpg","articleSection":["Conceptos y Oficios DIAN"],"inLanguage":"es","potentialAction":[{"@type":"CommentAction","name":"Comment","target":["https:\/\/contadoreshoy.com\/?p=7211#respond"]}]},{"@type":"WebPage","@id":"https:\/\/contadoreshoy.com\/?p=7211","url":"https:\/\/contadoreshoy.com\/?p=7211","name":"CONCEPTO 0286 ABRIL 07 DE 2016 DIAN - Retenci\u00f3n por servicios a favor de residentes en Espa\u00f1a - Contadores P\u00fablicos","isPartOf":{"@id":"https:\/\/contadoreshoy.com\/#website"},"primaryImageOfPage":{"@id":"https:\/\/contadoreshoy.com\/?p=7211#primaryimage"},"image":{"@id":"https:\/\/contadoreshoy.com\/?p=7211#primaryimage"},"thumbnailUrl":"https:\/\/contadoreshoy.com\/wp-content\/uploads\/2016\/04\/convenio-Espa\u00f1a.jpg","datePublished":"2016-04-22T03:32:55+00:00","dateModified":"2017-02-05T02:58:42+00:00","breadcrumb":{"@id":"https:\/\/contadoreshoy.com\/?p=7211#breadcrumb"},"inLanguage":"es","potentialAction":[{"@type":"ReadAction","target":["https:\/\/contadoreshoy.com\/?p=7211"]}]},{"@type":"ImageObject","inLanguage":"es","@id":"https:\/\/contadoreshoy.com\/?p=7211#primaryimage","url":"https:\/\/contadoreshoy.com\/wp-content\/uploads\/2016\/04\/convenio-Espa\u00f1a.jpg","contentUrl":"https:\/\/contadoreshoy.com\/wp-content\/uploads\/2016\/04\/convenio-Espa\u00f1a.jpg","width":600,"height":400},{"@type":"BreadcrumbList","@id":"https:\/\/contadoreshoy.com\/?p=7211#breadcrumb","itemListElement":[{"@type":"ListItem","position":1,"name":"Portada","item":"https:\/\/contadoreshoy.com\/"},{"@type":"ListItem","position":2,"name":"CONCEPTO 0286 ABRIL 07 DE 2016 DIAN &#8211; Retenci\u00f3n por servicios a favor de residentes en Espa\u00f1a"}]},{"@type":"WebSite","@id":"https:\/\/contadoreshoy.com\/#website","url":"https:\/\/contadoreshoy.com\/","name":"Contadorespublicossantander","description":"Portal para Contadores P\u00fablicos y empresarios","publisher":{"@id":"https:\/\/contadoreshoy.com\/#organization"},"potentialAction":[{"@type":"SearchAction","target":{"@type":"EntryPoint","urlTemplate":"https:\/\/contadoreshoy.com\/?s={search_term_string}"},"query-input":{"@type":"PropertyValueSpecification","valueRequired":true,"valueName":"search_term_string"}}],"inLanguage":"es"},{"@type":"Organization","@id":"https:\/\/contadoreshoy.com\/#organization","name":"Contadores P\u00fablicos de Santander","url":"https:\/\/contadoreshoy.com\/","logo":{"@type":"ImageObject","inLanguage":"es","@id":"https:\/\/contadoreshoy.com\/#\/schema\/logo\/image\/","url":"https:\/\/contadoreshoy.com\/wp-content\/uploads\/2024\/01\/cropped-cropped-Copia-de-M-1.jpg","contentUrl":"https:\/\/contadoreshoy.com\/wp-content\/uploads\/2024\/01\/cropped-cropped-Copia-de-M-1.jpg","width":499,"height":500,"caption":"Contadores P\u00fablicos de Santander"},"image":{"@id":"https:\/\/contadoreshoy.com\/#\/schema\/logo\/image\/"},"sameAs":["https:\/\/www.facebook.com\/CCCPBucaramanga\/"]},{"@type":"Person","@id":"https:\/\/contadoreshoy.com\/#\/schema\/person\/96d8979cb865537c5dc9345e40089fc5","name":"Miguel Antonio M\u00e1rquez Monta\u00f1ez","description":"Contador P\u00fablico egresado de la Universidad Aut\u00f3noma de Bucaramanga - Asesor contable tributario con m\u00e1s de 25 a\u00f1os de experiencia - Conferencista en temas contables y tributarios - T\u00e9cnico en Hardware y Dise\u00f1o Web - Creador y director Grupo de Estudio Colegio Colombiano de Contadores P\u00fablicos de Bucaramanga - Creador y Master Web p\u00e1gina www.contadoresp\u00fablicossantander.com - Expresidente Colegio Colombiano de Contadores P\u00fablicos Bucaramanga","url":"https:\/\/contadoreshoy.com\/?author=1"}]}},"_links":{"self":[{"href":"https:\/\/contadoreshoy.com\/index.php?rest_route=\/wp\/v2\/posts\/7211","targetHints":{"allow":["GET"]}}],"collection":[{"href":"https:\/\/contadoreshoy.com\/index.php?rest_route=\/wp\/v2\/posts"}],"about":[{"href":"https:\/\/contadoreshoy.com\/index.php?rest_route=\/wp\/v2\/types\/post"}],"author":[{"embeddable":true,"href":"https:\/\/contadoreshoy.com\/index.php?rest_route=\/wp\/v2\/users\/1"}],"replies":[{"embeddable":true,"href":"https:\/\/contadoreshoy.com\/index.php?rest_route=%2Fwp%2Fv2%2Fcomments&post=7211"}],"version-history":[{"count":1,"href":"https:\/\/contadoreshoy.com\/index.php?rest_route=\/wp\/v2\/posts\/7211\/revisions"}],"predecessor-version":[{"id":7880,"href":"https:\/\/contadoreshoy.com\/index.php?rest_route=\/wp\/v2\/posts\/7211\/revisions\/7880"}],"wp:featuredmedia":[{"embeddable":true,"href":"https:\/\/contadoreshoy.com\/index.php?rest_route=\/wp\/v2\/media\/7212"}],"wp:attachment":[{"href":"https:\/\/contadoreshoy.com\/index.php?rest_route=%2Fwp%2Fv2%2Fmedia&parent=7211"}],"wp:term":[{"taxonomy":"category","embeddable":true,"href":"https:\/\/contadoreshoy.com\/index.php?rest_route=%2Fwp%2Fv2%2Fcategories&post=7211"},{"taxonomy":"post_tag","embeddable":true,"href":"https:\/\/contadoreshoy.com\/index.php?rest_route=%2Fwp%2Fv2%2Ftags&post=7211"}],"curies":[{"name":"wp","href":"https:\/\/api.w.org\/{rel}","templated":true}]}}