{"id":7230,"date":"2016-04-27T14:42:13","date_gmt":"2016-04-27T19:42:13","guid":{"rendered":"http:\/\/colegiocolombianodecontadores.com\/?p=7230"},"modified":"2017-02-04T21:58:42","modified_gmt":"2017-02-05T02:58:42","slug":"concepto-047-marzo-20-2015-ctcp-tratamiento-a-los-pasivos-inexistentes-registrados-en-un-balance","status":"publish","type":"post","link":"https:\/\/contadoreshoy.com\/?p=7230","title":{"rendered":"Concepto 047 marzo 20 2015 CTCP &#8211; Tratamiento a los pasivos inexistentes registrados en un balance"},"content":{"rendered":"<table border=\"1\" cellspacing=\"0\" cellpadding=\"0\">\n<tbody>\n<tr>\n<td colspan=\"2\"><strong>REFERENCIA:<\/strong><\/td>\n<\/tr>\n<tr>\n<td>Fecha de Radicado<\/td>\n<td>23\u00a0de Enero de 2015<\/td>\n<\/tr>\n<tr>\n<td>Entidad de Origen<\/td>\n<td>Consejo T\u00e9cnico de la Contadur\u00eda P\u00fablica, CTCP<\/td>\n<\/tr>\n<tr>\n<td>N\u00b0 de Radicaci\u00f3n CTCP<\/td>\n<td>2015-047 -CONSULTA<\/td>\n<\/tr>\n<tr>\n<td>Tema<\/td>\n<td>\u00bfQu\u00e9 tratamiento legal, contable y tributario se debe dar a los pasivos inexistentes registrados en un balance?<\/td>\n<\/tr>\n<\/tbody>\n<\/table>\n<p>&nbsp;<\/p>\n<p>&nbsp;<\/p>\n<p style=\"text-align: justify;\">El Consejo T\u00e9cnico de la Contadur\u00eda P\u00fablica en su car\u00e1cter de organismo gubernamental de normalizaci\u00f3n t\u00e9cnica de normas contables, de informaci\u00f3n financiera y de aseguramiento de la informaci\u00f3n, de acuerdo con lo dispuesto en el par\u00e1grafo 2\u00ba\u00a0del art\u00edculo 3\u00ba del Decreto 2784 de 2012, par\u00e1grafo 3\u00ba\u00a0del art\u00edculo 3\u00ba\u00a0del Decreto 2706 de 2012 y el par\u00e1grafo 2\u00ba\u00a0del art\u00edculo 3\u00ba\u00a0del Decreto 3022 de 2013, resolver\u00e1 las inquietudes que se formulen en la aplicaci\u00f3n de los marcos t\u00e9cnicos normativos de informaci\u00f3n financiera. En desarrollo de esta facultad procede a responder una consulta.<\/p>\n<p style=\"text-align: justify;\">\n<p style=\"text-align: justify;\"><strong>CONSULTA (TEXTUAL)<\/strong><\/p>\n<p style=\"text-align: justify;\"><span style=\"color: #0000ff;\"><em>\u00bfQu\u00e9 tratamiento legal, contable y tributario se le puede dar\u00a0a pasivos inexistentes registrados en un balance y originados por errores contables sin identificar o por posibles ventas sin facturar no identificadas?<\/em><\/span><\/p>\n<p style=\"text-align: justify;\">\n<p style=\"text-align: justify;\"><strong>CONSIDERACIONES Y RESPUESTA<\/strong><\/p>\n<p style=\"text-align: justify;\">\n<p style=\"text-align: justify;\">Dentro del car\u00e1cter ya indicado, las respuestas del CTCP son de naturaleza general y abstracta, dado que su misi\u00f3n no consiste en resolver problemas espec\u00edficos que correspondan a un caso particular.<\/p>\n<p style=\"text-align: justify;\">\n<p style=\"text-align: justify;\">En orden a los planteamientos e inquietudes del consultante, nos permitimos se\u00f1alar:<\/p>\n<p style=\"text-align: justify;\">\n<p style=\"text-align: justify;\">El CTCP es el organismo encargado de dar direccionamiento sobre temas contables. Lo relacionado con los efectos tributarios que se generan por la contabilizaci\u00f3n de pasivos inexistentes ya ha sido respondido por la DIAN.<\/p>\n<p style=\"text-align: justify;\">\n<p style=\"text-align: justify;\">El marco de principios contenido en el Decreto 2649 de 1993 o en los marcos t\u00e9cnicos normativos de las NIIF (aplicables para los Grupos 1, 2 o 3), no permiten la contabilizaci\u00f3n de activos o pasivos que no cumplan los criterios para su reconocimiento. A continuaci\u00f3n incorporamos algunas disposiciones legales que apoyan esta afirmaci\u00f3n:<\/p>\n<p style=\"text-align: justify;\">\n<p style=\"text-align: justify;\"><a id=\"bookmark3\" name=\"bookmark3\"><\/a><strong>Decreto 2649 de 1993<\/strong><\/p>\n<p style=\"text-align: justify;\">\n<p style=\"text-align: justify;\"><em><strong>\u201cArt. 47. Reconocimiento de hechos econ\u00f3micos.\u00a0<\/strong>El reconocimiento es el proceso de identificar y registrar o incorporar formalmente en la contabilidad los hechos econ\u00f3micos realizados. Para que un hecho econ\u00f3mico realizado pueda ser reconocido se requiere que corresponda con la definici\u00f3n de un elemento de los estados financieros, que pueda ser medido, que sea pertinente y que pueda representarse de manera confiable.<\/em><\/p>\n<p style=\"text-align: justify;\">\n<p style=\"text-align: justify;\"><em>La administraci\u00f3n debe reconocer\u00a0las transacciones en la misma forma cada per\u00edodo, salvo que sea indispensable hacer cambios para mejorar la informaci\u00f3n. En adici\u00f3n a lo previsto en este Decreto, normas especiales pueden permitir que para la preparaci\u00f3n y presentaci\u00f3n de estados financieros de per\u00edodos intermedios, el reconocimiento se efect\u00fae con fundamento en bases estad\u00edsticas.\u201d (Negrilla por fuera del texto original).<\/em><\/p>\n<p style=\"text-align: justify;\">\n<p style=\"text-align: justify;\"><em><strong>\u201cArt.<\/strong>\u00a0<strong>56.\u00a0Asientos.\u00a0<\/strong>Con fundamento en comprobantes debidamente soportados, los hechos econ\u00f3micos se deben registrar\u00a0en libros, en idioma castellano, por\u00a0el sistema de partida doble. (&#8230;)\u00a0<strong>Cualquier error u omisi\u00f3n se debe salvar con un nuevo asiento en la fecha en que se advirtiere.<\/strong><\/em><\/p>\n<p style=\"text-align: justify;\">\n<p style=\"text-align: justify;\"><span style=\"color: #ff9900;\"><em><strong>Art. 58. Ajustes.\u00a0<\/strong>Antes de emitir estados financieros deben efectuarse los ajustes necesarios para cumplir la norma t\u00e9cnica de asignaci\u00f3n, registrar los hechos econ\u00f3micos realizados que no hayan sido reconocidos, corregir los asientos que fueron hechos incorrectamente y reconocer el efecto de la p\u00e9rdida de poder adquisitivo de la moneda funcional.<\/em><\/span><\/p>\n<p style=\"text-align: justify;\">\n<p style=\"text-align: justify;\"><span style=\"color: #ff6600;\"><em><strong>Art. 106. Reconocimiento de errores de ejercicios anteriores.<\/strong>\u00a0Las partidas que correspondan a la correcci\u00f3n de errores contables de per\u00edodos anteriores, provenientes de equivocaciones en c\u00f3mputos matem\u00e1ticos, de desviaciones en la aplicaci\u00f3n de normas contables o de haber pasado inadvertidos hechos cuantificables que exist\u00edan a la fecha en que se difundi\u00f3 la informaci\u00f3n financiera, se deben incluir en los resultados del per\u00edodo en que se advirtieren.<\/em><\/span><\/p>\n<p style=\"text-align: justify;\">\n<p style=\"text-align: justify;\"><em><strong>Art. 115. Norma general sobre revelaciones.\u00a0En forma comparativa cuando sea el caso, los estados financieros deben revelar por separado como m\u00ednimo la naturaleza y cuant\u00eda de cada uno de los siguientes asuntos, preferiblemente en los respectivos cuadros para darles \u00e9nfasis o subsidiariamente en notas: (&#8230;)<\/strong><\/em><\/p>\n<p style=\"text-align: justify;\"><strong><em>13. Errores de ejercicios anteriores, con indicaci\u00f3n en nota de su incidencia sobre los resultados de los ejercicios respectivos.\u201d<\/em><\/strong><\/p>\n<p style=\"text-align: justify;\">\n<p style=\"text-align: justify;\"><strong><span style=\"color: #0000ff;\">NIIF 1, p. 10<\/span><\/strong><\/p>\n<p style=\"text-align: justify;\">\n<p style=\"text-align: justify;\"><span style=\"color: #0000ff;\"><em>Excepto por lo se\u00f1alado en los p\u00e1rrafos 13\u00a0a\u00a019\u00a0y\u00a0en los Ap\u00e9ndices B\u00a0a\u00a0E, una entidad deber\u00e1, en su estado de situaci\u00f3n financiera de apertura conforme a las NIIF:<\/em><\/span><\/p>\n<p style=\"text-align: justify;\">\n<p style=\"text-align: justify;\"><em>a. reconocer todos los activos y pasivos cuyo reconocimiento sea requerido por las NIIF;<\/em><\/p>\n<p style=\"text-align: justify;\"><span style=\"color: #ff6600;\"><strong><em>b. no reconocer partidas como activos o pasivos si las NIIF no lo permiten;<\/em><\/strong><\/span><\/p>\n<p style=\"text-align: justify;\"><em>c. reclasificar partidas reconocidas seg\u00fan los PCGA anteriores como un tipo de activo, pasivo o componente del patrimonio, pero que conforme a las NIIF son un tipo diferente de activo, pasivo o componente del patrimonio; y<\/em><\/p>\n<p style=\"text-align: justify;\"><em>d. aplicar las NIIF al medir todos los activos y pasivos reconocidos.<\/em><\/p>\n<p style=\"text-align: justify;\">\n<p style=\"text-align: justify;\"><span style=\"color: #0000ff;\"><strong>NIIF Pymes, Secci\u00f3n 35, p. 35.7<\/strong><\/span><\/p>\n<p style=\"text-align: justify;\">\n<p style=\"text-align: justify;\"><span style=\"color: #0000ff;\"><em>Excepto por lo previsto en los p\u00e1rrafos 35.9 a 35.11,una entidad deber\u00e1, en su estado de situaci\u00f3n financiera de apertura de la fecha de transici\u00f3n a la NIIF para las PYMES (es decir, al comienzo del primer per\u00edodo presentado):<\/em><\/span><\/p>\n<p style=\"text-align: justify;\">\n<p style=\"text-align: justify;\"><em>a. reconocer todos los activos\u00a0ypasivos cuyo reconocimiento sea requerido por la NIIF para las PYMES;<\/em><\/p>\n<p style=\"text-align: justify;\"><span style=\"color: #ff6600;\"><strong><em>b. no reconocer partidas como activos o pasivos si esta NIIF no permite dicho reconocimiento;<\/em><\/strong><\/span><\/p>\n<p style=\"text-align: justify;\"><em>c. reclasificar las partidas que reconoci\u00f3, seg\u00fan su marco de informaci\u00f3n financiera anterior, como un tipo de activo, pasivo o componente de patrimonio, pero que son de un tipo diferente de acuerdo con esta NIIF; y<\/em><\/p>\n<p style=\"text-align: justify;\"><em>d. aplicar esta NIIF al medir todos los activos y pasivos reconocidos.<\/em><\/p>\n<p style=\"text-align: justify;\">\n<p style=\"text-align: justify;\"><span style=\"color: #0000ff;\"><strong>Decreto 2706, Cap. 15, p. 15.7<\/strong><\/span><\/p>\n<p style=\"text-align: justify;\">\n<p style=\"text-align: justify;\"><span style=\"color: #0000ff;\"><em>Una microempresa deber\u00e1, en su estado de situaci\u00f3n financiera de apertura en la fecha de transici\u00f3n a la norma de informaci\u00f3n financiera para las microempresas (es decir, al comienzo del primer per\u00edodo presentado).<\/em><\/span><\/p>\n<p style=\"text-align: justify;\">\n<p style=\"text-align: justify;\"><em>a. reconocer todos los activos y pasivos de acuerdo con lo se\u00f1alado en esta norma.<\/em><\/p>\n<p style=\"text-align: justify;\"><span style=\"color: #ff6600;\"><strong><em>b. no reconocer partidas como activos o pasivos si esta Norma no lo permite.<\/em><\/strong><\/span><\/p>\n<p style=\"text-align: justify;\"><em>c. reclasificar las partidas que reconoci\u00f3, seg\u00fan su marco contable anterior, como activo, pasivo o componente de patrimonio, pero que son de un tipo diferente de acuerdo con esta Norma; y<\/em><\/p>\n<p style=\"text-align: justify;\"><em>d. d) (Sic) aplicar esta Norma al medir todos los activos y pasivos reconocidos.<\/em><\/p>\n<p style=\"text-align: justify;\">\n<p style=\"text-align: justify;\"><span style=\"color: #ff6600;\">En conclusi\u00f3n, un pasivo inexistente deber\u00e1 ser dado de baja en los estados financieros preparados bajo los principios de contabilidad contenidos en el Decreto 2649 de 1993, aplicando lo establecido en el art\u00edculo 106 de este decreto. Estos ajustes no pueden ser considerados como incrementos o disminuciones patrimoniales derivados de la aplicaci\u00f3n de los nuevos marcos t\u00e9cnicos normativos. Si el ajuste es material, la entidad tambi\u00e9n deber\u00e1 analizar los efectos que se derivan de una certificaci\u00f3n inadecuada de los estados financieros, seg\u00fan lo establecido en los art\u00edculos 33 y 57 del Decreto 2649 de 1993.<\/span><\/p>\n<p style=\"text-align: justify;\">En los t\u00e9rminos anteriores se absuelve la consulta, indicando que para hacerlo, este organismo se ci\u00f1\u00f3 a la informaci\u00f3n presentada por el consultante y los efectos de este escrito son los previstos por el art\u00edculo 28 del C\u00f3digo de Procedimiento Administrativo y de lo Contencioso Administrativo, los conceptos emitidos por las autoridades como respuestas a peticiones realizadas en ejercicio del derecho a formular consultas no ser\u00e1n de obligatorio cumplimiento o ejecuci\u00f3n.<\/p>\n<p style=\"text-align: justify;\">\n<p style=\"text-align: justify;\">Cordialmente,<\/p>\n<p style=\"text-align: justify;\">\n<p style=\"text-align: justify;\">\n<p style=\"text-align: justify;\"><strong>WILMAR FRANCO FRANCO<\/strong><\/p>\n<p style=\"text-align: justify;\">Presidente<\/p>\n","protected":false},"excerpt":{"rendered":"<p>En el estado de situaci\u00f3n financiera de apertura, se debe aplicar el principio de no reconocer partidas como activos o pasivos, si la normatividad vigente no lo permite (NIIF plenas, NIIF para Pymes, contabilidad para microempresas). Este principio aplica para el caso de los pasivos inexistentes y los activos omitidos. El tratamiento contable difiere del tratamiento tributario.<\/p>\n","protected":false},"author":1,"featured_media":7231,"comment_status":"open","ping_status":"open","sticky":false,"template":"","format":"standard","meta":{"_monsterinsights_skip_tracking":false,"ngg_post_thumbnail":0,"footnotes":"","_links_to":"","_links_to_target":""},"categories":[454],"tags":[],"class_list":["post-7230","post","type-post","status-publish","format-standard","has-post-thumbnail","hentry","category-sin-categoria"],"aioseo_notices":[],"aioseo_head":"\n\t\t<!-- All in One SEO 5.0.1.1 - aioseo.com -->\n\t<meta name=\"description\" content=\"En el estado de situaci\u00f3n financiera de apertura, se debe aplicar el principio de no reconocer partidas como activos o pasivos, si la normatividad vigente no lo permite (NIIF plenas, NIIF para Pymes, contabilidad para microempresas). Este principio aplica para el caso de los pasivos inexistentes y los activos omitidos. El tratamiento contable difiere del tratamiento tributario.\" \/>\n\t<meta name=\"robots\" content=\"max-image-preview:large\" \/>\n\t<meta name=\"author\" content=\"Miguel Antonio M\u00e1rquez Monta\u00f1ez\"\/>\n\t<link rel=\"canonical\" href=\"https:\/\/contadoreshoy.com\/?p=7230\" \/>\n\t<meta name=\"generator\" content=\"All in One SEO (AIOSEO) 5.0.1.1\" \/>\n\t\t<meta property=\"og:locale\" content=\"es_ES\" \/>\n\t\t<meta property=\"og:site_name\" content=\"Contadores P\u00fablicos - Portal para Contadores P\u00fablicos y empresarios\" \/>\n\t\t<meta property=\"og:type\" content=\"article\" \/>\n\t\t<meta property=\"og:title\" content=\"Concepto 047 marzo 20 2015 CTCP \u2013 Tratamiento a los pasivos inexistentes registrados en un balance - Contadores P\u00fablicos\" \/>\n\t\t<meta property=\"og:description\" content=\"En el estado de situaci\u00f3n financiera de apertura, se debe aplicar el principio de no reconocer partidas como activos o pasivos, si la normatividad vigente no lo permite (NIIF plenas, NIIF para Pymes, contabilidad para microempresas). Este principio aplica para el caso de los pasivos inexistentes y los activos omitidos. El tratamiento contable difiere del tratamiento tributario.\" \/>\n\t\t<meta property=\"og:url\" content=\"https:\/\/contadoreshoy.com\/?p=7230\" \/>\n\t\t<meta property=\"og:image\" content=\"https:\/\/contadoreshoy.com\/wp-content\/uploads\/2024\/01\/cropped-cropped-cropped-Copia-de-M.jpg\" \/>\n\t\t<meta property=\"og:image:secure_url\" content=\"https:\/\/contadoreshoy.com\/wp-content\/uploads\/2024\/01\/cropped-cropped-cropped-Copia-de-M.jpg\" \/>\n\t\t<meta property=\"og:image:width\" content=\"512\" \/>\n\t\t<meta property=\"og:image:height\" content=\"371\" \/>\n\t\t<meta property=\"article:published_time\" content=\"2016-04-27T19:42:13+00:00\" \/>\n\t\t<meta property=\"article:modified_time\" content=\"2017-02-05T02:58:42+00:00\" \/>\n\t\t<meta name=\"twitter:card\" content=\"summary_large_image\" \/>\n\t\t<meta name=\"twitter:title\" content=\"Concepto 047 marzo 20 2015 CTCP \u2013 Tratamiento a los pasivos inexistentes registrados en un balance - Contadores P\u00fablicos\" \/>\n\t\t<meta name=\"twitter:description\" content=\"En el estado de situaci\u00f3n financiera de apertura, se debe aplicar el principio de no reconocer partidas como activos o pasivos, si la normatividad vigente no lo permite (NIIF plenas, NIIF para Pymes, contabilidad para microempresas). Este principio aplica para el caso de los pasivos inexistentes y los activos omitidos. El tratamiento contable difiere del tratamiento tributario.\" \/>\n\t\t<meta name=\"twitter:image\" content=\"https:\/\/contadoreshoy.com\/wp-content\/uploads\/2024\/01\/cropped-cropped-cropped-Copia-de-M.jpg\" \/>\n\t\t<script type=\"application\/ld+json\" class=\"aioseo-schema\">\n\t\t\t{\"@context\":\"https:\\\/\\\/schema.org\",\"@graph\":[{\"@type\":\"BlogPosting\",\"@id\":\"https:\\\/\\\/contadoreshoy.com\\\/?p=7230#blogposting\",\"name\":\"Concepto 047 marzo 20 2015 CTCP \\u2013 Tratamiento a los pasivos inexistentes registrados en un balance - Contadores P\\u00fablicos\",\"headline\":\"Concepto 047 marzo 20 2015 CTCP &#8211; Tratamiento a los pasivos inexistentes registrados en un balance\",\"author\":{\"@id\":\"https:\\\/\\\/contadoreshoy.com\\\/?author=1#author\"},\"publisher\":{\"@id\":\"https:\\\/\\\/contadoreshoy.com\\\/#organization\"},\"image\":{\"@type\":\"ImageObject\",\"url\":\"https:\\\/\\\/contadoreshoy.com\\\/wp-content\\\/uploads\\\/2016\\\/04\\\/activos-omitidos.jpg\",\"width\":600,\"height\":400},\"datePublished\":\"2016-04-27T14:42:13-05:00\",\"dateModified\":\"2017-02-04T21:58:42-05:00\",\"inLanguage\":\"es-ES\",\"mainEntityOfPage\":{\"@id\":\"https:\\\/\\\/contadoreshoy.com\\\/?p=7230#webpage\"},\"isPartOf\":{\"@id\":\"https:\\\/\\\/contadoreshoy.com\\\/?p=7230#webpage\"},\"articleSection\":\"Sin categor\\u00eda\"},{\"@type\":\"BreadcrumbList\",\"@id\":\"https:\\\/\\\/contadoreshoy.com\\\/?p=7230#breadcrumblist\",\"itemListElement\":[{\"@type\":\"ListItem\",\"@id\":\"https:\\\/\\\/contadoreshoy.com#listItem\",\"position\":1,\"name\":\"Home\",\"item\":\"https:\\\/\\\/contadoreshoy.com\",\"nextItem\":{\"@type\":\"ListItem\",\"@id\":\"https:\\\/\\\/contadoreshoy.com\\\/?cat=454#listItem\",\"name\":\"Sin categor\\u00eda\"}},{\"@type\":\"ListItem\",\"@id\":\"https:\\\/\\\/contadoreshoy.com\\\/?cat=454#listItem\",\"position\":2,\"name\":\"Sin categor\\u00eda\",\"item\":\"https:\\\/\\\/contadoreshoy.com\\\/?cat=454\",\"nextItem\":{\"@type\":\"ListItem\",\"@id\":\"https:\\\/\\\/contadoreshoy.com\\\/?p=7230#listItem\",\"name\":\"Concepto 047 marzo 20 2015 CTCP &#8211; Tratamiento a los pasivos inexistentes registrados en un balance\"},\"previousItem\":{\"@type\":\"ListItem\",\"@id\":\"https:\\\/\\\/contadoreshoy.com#listItem\",\"name\":\"Home\"}},{\"@type\":\"ListItem\",\"@id\":\"https:\\\/\\\/contadoreshoy.com\\\/?p=7230#listItem\",\"position\":3,\"name\":\"Concepto 047 marzo 20 2015 CTCP &#8211; Tratamiento a los pasivos inexistentes registrados en un balance\",\"previousItem\":{\"@type\":\"ListItem\",\"@id\":\"https:\\\/\\\/contadoreshoy.com\\\/?cat=454#listItem\",\"name\":\"Sin categor\\u00eda\"}}]},{\"@type\":\"Organization\",\"@id\":\"https:\\\/\\\/contadoreshoy.com\\\/#organization\",\"name\":\"Contadores P\\u00fablicos\",\"description\":\"Portal para Contadores P\\u00fablicos y empresarios\",\"url\":\"https:\\\/\\\/contadoreshoy.com\\\/\",\"logo\":{\"@type\":\"ImageObject\",\"url\":\"https:\\\/\\\/contadoreshoy.com\\\/wp-content\\\/uploads\\\/2024\\\/01\\\/cropped-cropped-Copia-de-M-1.jpg\",\"@id\":\"https:\\\/\\\/contadoreshoy.com\\\/?p=7230\\\/#organizationLogo\",\"width\":499,\"height\":500},\"image\":{\"@id\":\"https:\\\/\\\/contadoreshoy.com\\\/?p=7230\\\/#organizationLogo\"}},{\"@type\":\"Person\",\"@id\":\"https:\\\/\\\/contadoreshoy.com\\\/?author=1#author\",\"url\":\"https:\\\/\\\/contadoreshoy.com\\\/?author=1\",\"name\":\"Miguel Antonio M\\u00e1rquez Monta\\u00f1ez\"},{\"@type\":\"WebPage\",\"@id\":\"https:\\\/\\\/contadoreshoy.com\\\/?p=7230#webpage\",\"url\":\"https:\\\/\\\/contadoreshoy.com\\\/?p=7230\",\"name\":\"Concepto 047 marzo 20 2015 CTCP \\u2013 Tratamiento a los pasivos inexistentes registrados en un balance - Contadores P\\u00fablicos\",\"description\":\"En el estado de situaci\\u00f3n financiera de apertura, se debe aplicar el principio de no reconocer partidas como activos o pasivos, si la normatividad vigente no lo permite (NIIF plenas, NIIF para Pymes, contabilidad para microempresas). Este principio aplica para el caso de los pasivos inexistentes y los activos omitidos. El tratamiento contable difiere del tratamiento tributario.\",\"inLanguage\":\"es-ES\",\"isPartOf\":{\"@id\":\"https:\\\/\\\/contadoreshoy.com\\\/#website\"},\"breadcrumb\":{\"@id\":\"https:\\\/\\\/contadoreshoy.com\\\/?p=7230#breadcrumblist\"},\"author\":{\"@id\":\"https:\\\/\\\/contadoreshoy.com\\\/?author=1#author\"},\"creator\":{\"@id\":\"https:\\\/\\\/contadoreshoy.com\\\/?author=1#author\"},\"image\":{\"@type\":\"ImageObject\",\"url\":\"https:\\\/\\\/contadoreshoy.com\\\/wp-content\\\/uploads\\\/2016\\\/04\\\/activos-omitidos.jpg\",\"@id\":\"https:\\\/\\\/contadoreshoy.com\\\/?p=7230\\\/#mainImage\",\"width\":600,\"height\":400},\"primaryImageOfPage\":{\"@id\":\"https:\\\/\\\/contadoreshoy.com\\\/?p=7230#mainImage\"},\"datePublished\":\"2016-04-27T14:42:13-05:00\",\"dateModified\":\"2017-02-04T21:58:42-05:00\"},{\"@type\":\"WebSite\",\"@id\":\"https:\\\/\\\/contadoreshoy.com\\\/#website\",\"url\":\"https:\\\/\\\/contadoreshoy.com\\\/\",\"name\":\"Contadores P\\u00fablicos\",\"description\":\"Portal para Contadores P\\u00fablicos y empresarios\",\"inLanguage\":\"es-ES\",\"publisher\":{\"@id\":\"https:\\\/\\\/contadoreshoy.com\\\/#organization\"}}]}\n\t\t<\/script>\n\t\t<!-- All in One SEO -->\n\n","aioseo_head_json":{"title":"Concepto 047 marzo 20 2015 CTCP \u2013 Tratamiento a los pasivos inexistentes registrados en un balance - Contadores P\u00fablicos","description":"En el estado de situaci\u00f3n financiera de apertura, se debe aplicar el principio de no reconocer partidas como activos o pasivos, si la normatividad vigente no lo permite (NIIF plenas, NIIF para Pymes, contabilidad para microempresas). Este principio aplica para el caso de los pasivos inexistentes y los activos omitidos. El tratamiento contable difiere del tratamiento tributario.","canonical_url":"https:\/\/contadoreshoy.com\/?p=7230","robots":"max-image-preview:large","keywords":"","webmasterTools":{"miscellaneous":""},"schema":{"@context":"https:\/\/schema.org","@graph":[{"@type":"BlogPosting","@id":"https:\/\/contadoreshoy.com\/?p=7230#blogposting","name":"Concepto 047 marzo 20 2015 CTCP \u2013 Tratamiento a los pasivos inexistentes registrados en un balance - Contadores P\u00fablicos","headline":"Concepto 047 marzo 20 2015 CTCP &#8211; Tratamiento a los pasivos inexistentes registrados en un balance","author":{"@id":"https:\/\/contadoreshoy.com\/?author=1#author"},"publisher":{"@id":"https:\/\/contadoreshoy.com\/#organization"},"image":{"@type":"ImageObject","url":"https:\/\/contadoreshoy.com\/wp-content\/uploads\/2016\/04\/activos-omitidos.jpg","width":600,"height":400},"datePublished":"2016-04-27T14:42:13-05:00","dateModified":"2017-02-04T21:58:42-05:00","inLanguage":"es-ES","mainEntityOfPage":{"@id":"https:\/\/contadoreshoy.com\/?p=7230#webpage"},"isPartOf":{"@id":"https:\/\/contadoreshoy.com\/?p=7230#webpage"},"articleSection":"Sin categor\u00eda"},{"@type":"BreadcrumbList","@id":"https:\/\/contadoreshoy.com\/?p=7230#breadcrumblist","itemListElement":[{"@type":"ListItem","@id":"https:\/\/contadoreshoy.com#listItem","position":1,"name":"Home","item":"https:\/\/contadoreshoy.com","nextItem":{"@type":"ListItem","@id":"https:\/\/contadoreshoy.com\/?cat=454#listItem","name":"Sin categor\u00eda"}},{"@type":"ListItem","@id":"https:\/\/contadoreshoy.com\/?cat=454#listItem","position":2,"name":"Sin categor\u00eda","item":"https:\/\/contadoreshoy.com\/?cat=454","nextItem":{"@type":"ListItem","@id":"https:\/\/contadoreshoy.com\/?p=7230#listItem","name":"Concepto 047 marzo 20 2015 CTCP &#8211; Tratamiento a los pasivos inexistentes registrados en un balance"},"previousItem":{"@type":"ListItem","@id":"https:\/\/contadoreshoy.com#listItem","name":"Home"}},{"@type":"ListItem","@id":"https:\/\/contadoreshoy.com\/?p=7230#listItem","position":3,"name":"Concepto 047 marzo 20 2015 CTCP &#8211; Tratamiento a los pasivos inexistentes registrados en un balance","previousItem":{"@type":"ListItem","@id":"https:\/\/contadoreshoy.com\/?cat=454#listItem","name":"Sin categor\u00eda"}}]},{"@type":"Organization","@id":"https:\/\/contadoreshoy.com\/#organization","name":"Contadores P\u00fablicos","description":"Portal para Contadores P\u00fablicos y empresarios","url":"https:\/\/contadoreshoy.com\/","logo":{"@type":"ImageObject","url":"https:\/\/contadoreshoy.com\/wp-content\/uploads\/2024\/01\/cropped-cropped-Copia-de-M-1.jpg","@id":"https:\/\/contadoreshoy.com\/?p=7230\/#organizationLogo","width":499,"height":500},"image":{"@id":"https:\/\/contadoreshoy.com\/?p=7230\/#organizationLogo"}},{"@type":"Person","@id":"https:\/\/contadoreshoy.com\/?author=1#author","url":"https:\/\/contadoreshoy.com\/?author=1","name":"Miguel Antonio M\u00e1rquez Monta\u00f1ez"},{"@type":"WebPage","@id":"https:\/\/contadoreshoy.com\/?p=7230#webpage","url":"https:\/\/contadoreshoy.com\/?p=7230","name":"Concepto 047 marzo 20 2015 CTCP \u2013 Tratamiento a los pasivos inexistentes registrados en un balance - Contadores P\u00fablicos","description":"En el estado de situaci\u00f3n financiera de apertura, se debe aplicar el principio de no reconocer partidas como activos o pasivos, si la normatividad vigente no lo permite (NIIF plenas, NIIF para Pymes, contabilidad para microempresas). Este principio aplica para el caso de los pasivos inexistentes y los activos omitidos. El tratamiento contable difiere del tratamiento tributario.","inLanguage":"es-ES","isPartOf":{"@id":"https:\/\/contadoreshoy.com\/#website"},"breadcrumb":{"@id":"https:\/\/contadoreshoy.com\/?p=7230#breadcrumblist"},"author":{"@id":"https:\/\/contadoreshoy.com\/?author=1#author"},"creator":{"@id":"https:\/\/contadoreshoy.com\/?author=1#author"},"image":{"@type":"ImageObject","url":"https:\/\/contadoreshoy.com\/wp-content\/uploads\/2016\/04\/activos-omitidos.jpg","@id":"https:\/\/contadoreshoy.com\/?p=7230\/#mainImage","width":600,"height":400},"primaryImageOfPage":{"@id":"https:\/\/contadoreshoy.com\/?p=7230#mainImage"},"datePublished":"2016-04-27T14:42:13-05:00","dateModified":"2017-02-04T21:58:42-05:00"},{"@type":"WebSite","@id":"https:\/\/contadoreshoy.com\/#website","url":"https:\/\/contadoreshoy.com\/","name":"Contadores P\u00fablicos","description":"Portal para Contadores P\u00fablicos y empresarios","inLanguage":"es-ES","publisher":{"@id":"https:\/\/contadoreshoy.com\/#organization"}}]},"og:locale":"es_ES","og:site_name":"Contadores P\u00fablicos - Portal para Contadores P\u00fablicos y empresarios","og:type":"article","og:title":"Concepto 047 marzo 20 2015 CTCP \u2013 Tratamiento a los pasivos inexistentes registrados en un balance - Contadores P\u00fablicos","og:description":"En el estado de situaci\u00f3n financiera de apertura, se debe aplicar el principio de no reconocer partidas como activos o pasivos, si la normatividad vigente no lo permite (NIIF plenas, NIIF para Pymes, contabilidad para microempresas). Este principio aplica para el caso de los pasivos inexistentes y los activos omitidos. El tratamiento contable difiere del tratamiento tributario.","og:url":"https:\/\/contadoreshoy.com\/?p=7230","og:image":"https:\/\/contadoreshoy.com\/wp-content\/uploads\/2024\/01\/cropped-cropped-cropped-Copia-de-M.jpg","og:image:secure_url":"https:\/\/contadoreshoy.com\/wp-content\/uploads\/2024\/01\/cropped-cropped-cropped-Copia-de-M.jpg","og:image:width":512,"og:image:height":371,"article:published_time":"2016-04-27T19:42:13+00:00","article:modified_time":"2017-02-05T02:58:42+00:00","twitter:card":"summary_large_image","twitter:title":"Concepto 047 marzo 20 2015 CTCP \u2013 Tratamiento a los pasivos inexistentes registrados en un balance - Contadores P\u00fablicos","twitter:description":"En el estado de situaci\u00f3n financiera de apertura, se debe aplicar el principio de no reconocer partidas como activos o pasivos, si la normatividad vigente no lo permite (NIIF plenas, NIIF para Pymes, contabilidad para microempresas). Este principio aplica para el caso de los pasivos inexistentes y los activos omitidos. El tratamiento contable difiere del tratamiento tributario.","twitter:image":"https:\/\/contadoreshoy.com\/wp-content\/uploads\/2024\/01\/cropped-cropped-cropped-Copia-de-M.jpg"},"aioseo_meta_data":{"post_id":"7230","title":null,"description":null,"keywords":null,"keyphrases":null,"primary_term":null,"canonical_url":null,"og_title":null,"og_description":null,"og_object_type":"default","og_image_type":"default","og_image_url":null,"og_image_width":null,"og_image_height":null,"og_image_custom_url":null,"og_image_custom_fields":null,"og_video":null,"og_custom_url":null,"og_article_section":null,"og_article_tags":null,"twitter_use_og":false,"twitter_card":"default","twitter_image_type":"default","twitter_image_url":null,"twitter_image_custom_url":null,"twitter_image_custom_fields":null,"twitter_title":null,"twitter_description":null,"schema":{"blockGraphs":[],"customGraphs":[],"default":{"data":{"Article":[],"Course":[],"Dataset":[],"FAQPage":[],"Movie":[],"Person":[],"Product":[],"ProductReview":[],"Car":[],"Recipe":[],"Service":[],"SoftwareApplication":[],"WebPage":[]},"graphName":"","isEnabled":true},"graphs":[]},"schema_type":"default","schema_type_options":null,"pillar_content":false,"robots_default":true,"robots_noindex":false,"robots_noarchive":false,"robots_nosnippet":false,"robots_nofollow":false,"robots_noimageindex":false,"robots_noodp":false,"robots_notranslate":false,"robots_max_snippet":null,"robots_max_videopreview":null,"robots_max_imagepreview":"large","priority":null,"frequency":null,"local_seo":null,"breadcrumb_settings":null,"limit_modified_date":false,"ai":null,"created":"2024-03-05 01:36:26","updated":"2026-03-03 04:53:10","seo_analyzer_scan_date":null,"focus_keyword":null,"additional_keywords":null,"truseo_locale":null},"aioseo_breadcrumb":"<div class=\"aioseo-breadcrumbs\"><span class=\"aioseo-breadcrumb\">\n\t\t\t<a href=\"https:\/\/contadoreshoy.com\" title=\"Home\">Home<\/a>\n\t\t<\/span><span class=\"aioseo-breadcrumb-separator\">&raquo;<\/span><span class=\"aioseo-breadcrumb\">\n\t\t\t<a href=\"https:\/\/contadoreshoy.com\/?cat=454\" title=\"Sin categor\u00eda\">Sin categor\u00eda<\/a>\n\t\t<\/span><span class=\"aioseo-breadcrumb-separator\">&raquo;<\/span><span class=\"aioseo-breadcrumb\">\n\t\t\tConcepto 047 marzo 20 2015 CTCP \u2013 Tratamiento a los pasivos inexistentes registrados en un balance\n\t\t<\/span><\/div>","aioseo_breadcrumb_json":[{"label":"Home","link":"https:\/\/contadoreshoy.com"},{"label":"Sin categor\u00eda","link":"https:\/\/contadoreshoy.com\/?cat=454"},{"label":"Concepto 047 marzo 20 2015 CTCP &#8211; Tratamiento a los pasivos inexistentes registrados en un balance","link":"https:\/\/contadoreshoy.com\/?p=7230"}],"yoast_head":"<!-- This site is optimized with the Yoast SEO plugin v28.4 - https:\/\/yoast.com\/product\/yoast-seo-wordpress\/ -->\n<title>Concepto 047 marzo 20 2015 CTCP - Tratamiento a los pasivos inexistentes registrados en un balance - Contadores P\u00fablicos<\/title>\n<meta name=\"robots\" content=\"index, follow, max-snippet:-1, max-image-preview:large, max-video-preview:-1\" \/>\n<link rel=\"canonical\" href=\"https:\/\/contadoreshoy.com\/?p=7230\" \/>\n<meta property=\"og:locale\" content=\"es_ES\" \/>\n<meta property=\"og:type\" content=\"article\" \/>\n<meta property=\"og:title\" content=\"Concepto 047 marzo 20 2015 CTCP - Tratamiento a los pasivos inexistentes registrados en un balance - Contadores P\u00fablicos\" \/>\n<meta property=\"og:description\" content=\"En el estado de situaci\u00f3n financiera de apertura, se debe aplicar el principio de no reconocer partidas como activos o pasivos, si la normatividad vigente no lo permite (NIIF plenas, NIIF para Pymes, contabilidad para microempresas). Este principio aplica para el caso de los pasivos inexistentes y los activos omitidos. El tratamiento contable difiere del tratamiento tributario.\" \/>\n<meta property=\"og:url\" content=\"https:\/\/contadoreshoy.com\/?p=7230\" \/>\n<meta property=\"og:site_name\" content=\"Contadores P\u00fablicos\" \/>\n<meta property=\"article:publisher\" content=\"https:\/\/www.facebook.com\/CCCPBucaramanga\/\" \/>\n<meta property=\"article:published_time\" content=\"2016-04-27T19:42:13+00:00\" \/>\n<meta property=\"article:modified_time\" content=\"2017-02-05T02:58:42+00:00\" \/>\n<meta property=\"og:image\" content=\"https:\/\/contadoreshoy.com\/wp-content\/uploads\/2016\/04\/activos-omitidos.jpg\" \/>\n\t<meta property=\"og:image:width\" content=\"600\" \/>\n\t<meta property=\"og:image:height\" content=\"400\" \/>\n\t<meta property=\"og:image:type\" content=\"image\/jpeg\" \/>\n<meta name=\"author\" content=\"Miguel Antonio M\u00e1rquez Monta\u00f1ez\" \/>\n<meta name=\"twitter:card\" content=\"summary_large_image\" \/>\n<meta name=\"twitter:label1\" content=\"Escrito por\" \/>\n\t<meta name=\"twitter:data1\" content=\"Miguel Antonio M\u00e1rquez Monta\u00f1ez\" \/>\n\t<meta name=\"twitter:label2\" content=\"Tiempo de lectura\" \/>\n\t<meta name=\"twitter:data2\" content=\"6 minutos\" \/>\n<script type=\"application\/ld+json\" class=\"yoast-schema-graph\">{\"@context\":\"https:\\\/\\\/schema.org\",\"@graph\":[{\"@type\":\"Article\",\"@id\":\"https:\\\/\\\/contadoreshoy.com\\\/?p=7230#article\",\"isPartOf\":{\"@id\":\"https:\\\/\\\/contadoreshoy.com\\\/?p=7230\"},\"author\":{\"name\":\"Miguel Antonio M\u00e1rquez Monta\u00f1ez\",\"@id\":\"https:\\\/\\\/contadoreshoy.com\\\/#\\\/schema\\\/person\\\/96d8979cb865537c5dc9345e40089fc5\"},\"headline\":\"Concepto 047 marzo 20 2015 CTCP &#8211; Tratamiento a los pasivos inexistentes registrados en un balance\",\"datePublished\":\"2016-04-27T19:42:13+00:00\",\"dateModified\":\"2017-02-05T02:58:42+00:00\",\"mainEntityOfPage\":{\"@id\":\"https:\\\/\\\/contadoreshoy.com\\\/?p=7230\"},\"wordCount\":1239,\"commentCount\":0,\"publisher\":{\"@id\":\"https:\\\/\\\/contadoreshoy.com\\\/#organization\"},\"image\":{\"@id\":\"https:\\\/\\\/contadoreshoy.com\\\/?p=7230#primaryimage\"},\"thumbnailUrl\":\"https:\\\/\\\/contadoreshoy.com\\\/wp-content\\\/uploads\\\/2016\\\/04\\\/activos-omitidos.jpg\",\"inLanguage\":\"es\",\"potentialAction\":[{\"@type\":\"CommentAction\",\"name\":\"Comment\",\"target\":[\"https:\\\/\\\/contadoreshoy.com\\\/?p=7230#respond\"]}]},{\"@type\":\"WebPage\",\"@id\":\"https:\\\/\\\/contadoreshoy.com\\\/?p=7230\",\"url\":\"https:\\\/\\\/contadoreshoy.com\\\/?p=7230\",\"name\":\"Concepto 047 marzo 20 2015 CTCP - Tratamiento a los pasivos inexistentes registrados en un balance - Contadores P\u00fablicos\",\"isPartOf\":{\"@id\":\"https:\\\/\\\/contadoreshoy.com\\\/#website\"},\"primaryImageOfPage\":{\"@id\":\"https:\\\/\\\/contadoreshoy.com\\\/?p=7230#primaryimage\"},\"image\":{\"@id\":\"https:\\\/\\\/contadoreshoy.com\\\/?p=7230#primaryimage\"},\"thumbnailUrl\":\"https:\\\/\\\/contadoreshoy.com\\\/wp-content\\\/uploads\\\/2016\\\/04\\\/activos-omitidos.jpg\",\"datePublished\":\"2016-04-27T19:42:13+00:00\",\"dateModified\":\"2017-02-05T02:58:42+00:00\",\"breadcrumb\":{\"@id\":\"https:\\\/\\\/contadoreshoy.com\\\/?p=7230#breadcrumb\"},\"inLanguage\":\"es\",\"potentialAction\":[{\"@type\":\"ReadAction\",\"target\":[\"https:\\\/\\\/contadoreshoy.com\\\/?p=7230\"]}]},{\"@type\":\"ImageObject\",\"inLanguage\":\"es\",\"@id\":\"https:\\\/\\\/contadoreshoy.com\\\/?p=7230#primaryimage\",\"url\":\"https:\\\/\\\/contadoreshoy.com\\\/wp-content\\\/uploads\\\/2016\\\/04\\\/activos-omitidos.jpg\",\"contentUrl\":\"https:\\\/\\\/contadoreshoy.com\\\/wp-content\\\/uploads\\\/2016\\\/04\\\/activos-omitidos.jpg\",\"width\":600,\"height\":400},{\"@type\":\"BreadcrumbList\",\"@id\":\"https:\\\/\\\/contadoreshoy.com\\\/?p=7230#breadcrumb\",\"itemListElement\":[{\"@type\":\"ListItem\",\"position\":1,\"name\":\"Portada\",\"item\":\"https:\\\/\\\/contadoreshoy.com\\\/\"},{\"@type\":\"ListItem\",\"position\":2,\"name\":\"Concepto 047 marzo 20 2015 CTCP &#8211; Tratamiento a los pasivos inexistentes registrados en un balance\"}]},{\"@type\":\"WebSite\",\"@id\":\"https:\\\/\\\/contadoreshoy.com\\\/#website\",\"url\":\"https:\\\/\\\/contadoreshoy.com\\\/\",\"name\":\"Contadorespublicossantander\",\"description\":\"Portal para Contadores P\u00fablicos y empresarios\",\"publisher\":{\"@id\":\"https:\\\/\\\/contadoreshoy.com\\\/#organization\"},\"potentialAction\":[{\"@type\":\"SearchAction\",\"target\":{\"@type\":\"EntryPoint\",\"urlTemplate\":\"https:\\\/\\\/contadoreshoy.com\\\/?s={search_term_string}\"},\"query-input\":{\"@type\":\"PropertyValueSpecification\",\"valueRequired\":true,\"valueName\":\"search_term_string\"}}],\"inLanguage\":\"es\"},{\"@type\":\"Organization\",\"@id\":\"https:\\\/\\\/contadoreshoy.com\\\/#organization\",\"name\":\"Contadores P\u00fablicos de Santander\",\"url\":\"https:\\\/\\\/contadoreshoy.com\\\/\",\"logo\":{\"@type\":\"ImageObject\",\"inLanguage\":\"es\",\"@id\":\"https:\\\/\\\/contadoreshoy.com\\\/#\\\/schema\\\/logo\\\/image\\\/\",\"url\":\"https:\\\/\\\/contadoreshoy.com\\\/wp-content\\\/uploads\\\/2024\\\/01\\\/cropped-cropped-Copia-de-M-1.jpg\",\"contentUrl\":\"https:\\\/\\\/contadoreshoy.com\\\/wp-content\\\/uploads\\\/2024\\\/01\\\/cropped-cropped-Copia-de-M-1.jpg\",\"width\":499,\"height\":500,\"caption\":\"Contadores P\u00fablicos de Santander\"},\"image\":{\"@id\":\"https:\\\/\\\/contadoreshoy.com\\\/#\\\/schema\\\/logo\\\/image\\\/\"},\"sameAs\":[\"https:\\\/\\\/www.facebook.com\\\/CCCPBucaramanga\\\/\"]},{\"@type\":\"Person\",\"@id\":\"https:\\\/\\\/contadoreshoy.com\\\/#\\\/schema\\\/person\\\/96d8979cb865537c5dc9345e40089fc5\",\"name\":\"Miguel Antonio M\u00e1rquez Monta\u00f1ez\",\"description\":\"Contador P\u00fablico egresado de la Universidad Aut\u00f3noma de Bucaramanga - Asesor contable tributario con m\u00e1s de 25 a\u00f1os de experiencia - Conferencista en temas contables y tributarios - T\u00e9cnico en Hardware y Dise\u00f1o Web - Creador y director Grupo de Estudio Colegio Colombiano de Contadores P\u00fablicos de Bucaramanga - Creador y Master Web p\u00e1gina www.contadoresp\u00fablicossantander.com - Expresidente Colegio Colombiano de Contadores P\u00fablicos Bucaramanga\",\"url\":\"https:\\\/\\\/contadoreshoy.com\\\/?author=1\"}]}<\/script>\n<!-- \/ Yoast SEO plugin. -->","yoast_head_json":{"title":"Concepto 047 marzo 20 2015 CTCP - Tratamiento a los pasivos inexistentes registrados en un balance - Contadores P\u00fablicos","robots":{"index":"index","follow":"follow","max-snippet":"max-snippet:-1","max-image-preview":"max-image-preview:large","max-video-preview":"max-video-preview:-1"},"canonical":"https:\/\/contadoreshoy.com\/?p=7230","og_locale":"es_ES","og_type":"article","og_title":"Concepto 047 marzo 20 2015 CTCP - Tratamiento a los pasivos inexistentes registrados en un balance - Contadores P\u00fablicos","og_description":"En el estado de situaci\u00f3n financiera de apertura, se debe aplicar el principio de no reconocer partidas como activos o pasivos, si la normatividad vigente no lo permite (NIIF plenas, NIIF para Pymes, contabilidad para microempresas). Este principio aplica para el caso de los pasivos inexistentes y los activos omitidos. El tratamiento contable difiere del tratamiento tributario.","og_url":"https:\/\/contadoreshoy.com\/?p=7230","og_site_name":"Contadores P\u00fablicos","article_publisher":"https:\/\/www.facebook.com\/CCCPBucaramanga\/","article_published_time":"2016-04-27T19:42:13+00:00","article_modified_time":"2017-02-05T02:58:42+00:00","og_image":[{"width":600,"height":400,"url":"https:\/\/contadoreshoy.com\/wp-content\/uploads\/2016\/04\/activos-omitidos.jpg","type":"image\/jpeg"}],"author":"Miguel Antonio M\u00e1rquez Monta\u00f1ez","twitter_card":"summary_large_image","twitter_misc":{"Escrito por":"Miguel Antonio M\u00e1rquez Monta\u00f1ez","Tiempo de lectura":"6 minutos"},"schema":{"@context":"https:\/\/schema.org","@graph":[{"@type":"Article","@id":"https:\/\/contadoreshoy.com\/?p=7230#article","isPartOf":{"@id":"https:\/\/contadoreshoy.com\/?p=7230"},"author":{"name":"Miguel Antonio M\u00e1rquez Monta\u00f1ez","@id":"https:\/\/contadoreshoy.com\/#\/schema\/person\/96d8979cb865537c5dc9345e40089fc5"},"headline":"Concepto 047 marzo 20 2015 CTCP &#8211; Tratamiento a los pasivos inexistentes registrados en un balance","datePublished":"2016-04-27T19:42:13+00:00","dateModified":"2017-02-05T02:58:42+00:00","mainEntityOfPage":{"@id":"https:\/\/contadoreshoy.com\/?p=7230"},"wordCount":1239,"commentCount":0,"publisher":{"@id":"https:\/\/contadoreshoy.com\/#organization"},"image":{"@id":"https:\/\/contadoreshoy.com\/?p=7230#primaryimage"},"thumbnailUrl":"https:\/\/contadoreshoy.com\/wp-content\/uploads\/2016\/04\/activos-omitidos.jpg","inLanguage":"es","potentialAction":[{"@type":"CommentAction","name":"Comment","target":["https:\/\/contadoreshoy.com\/?p=7230#respond"]}]},{"@type":"WebPage","@id":"https:\/\/contadoreshoy.com\/?p=7230","url":"https:\/\/contadoreshoy.com\/?p=7230","name":"Concepto 047 marzo 20 2015 CTCP - Tratamiento a los pasivos inexistentes registrados en un balance - Contadores P\u00fablicos","isPartOf":{"@id":"https:\/\/contadoreshoy.com\/#website"},"primaryImageOfPage":{"@id":"https:\/\/contadoreshoy.com\/?p=7230#primaryimage"},"image":{"@id":"https:\/\/contadoreshoy.com\/?p=7230#primaryimage"},"thumbnailUrl":"https:\/\/contadoreshoy.com\/wp-content\/uploads\/2016\/04\/activos-omitidos.jpg","datePublished":"2016-04-27T19:42:13+00:00","dateModified":"2017-02-05T02:58:42+00:00","breadcrumb":{"@id":"https:\/\/contadoreshoy.com\/?p=7230#breadcrumb"},"inLanguage":"es","potentialAction":[{"@type":"ReadAction","target":["https:\/\/contadoreshoy.com\/?p=7230"]}]},{"@type":"ImageObject","inLanguage":"es","@id":"https:\/\/contadoreshoy.com\/?p=7230#primaryimage","url":"https:\/\/contadoreshoy.com\/wp-content\/uploads\/2016\/04\/activos-omitidos.jpg","contentUrl":"https:\/\/contadoreshoy.com\/wp-content\/uploads\/2016\/04\/activos-omitidos.jpg","width":600,"height":400},{"@type":"BreadcrumbList","@id":"https:\/\/contadoreshoy.com\/?p=7230#breadcrumb","itemListElement":[{"@type":"ListItem","position":1,"name":"Portada","item":"https:\/\/contadoreshoy.com\/"},{"@type":"ListItem","position":2,"name":"Concepto 047 marzo 20 2015 CTCP &#8211; Tratamiento a los pasivos inexistentes registrados en un balance"}]},{"@type":"WebSite","@id":"https:\/\/contadoreshoy.com\/#website","url":"https:\/\/contadoreshoy.com\/","name":"Contadorespublicossantander","description":"Portal para Contadores P\u00fablicos y empresarios","publisher":{"@id":"https:\/\/contadoreshoy.com\/#organization"},"potentialAction":[{"@type":"SearchAction","target":{"@type":"EntryPoint","urlTemplate":"https:\/\/contadoreshoy.com\/?s={search_term_string}"},"query-input":{"@type":"PropertyValueSpecification","valueRequired":true,"valueName":"search_term_string"}}],"inLanguage":"es"},{"@type":"Organization","@id":"https:\/\/contadoreshoy.com\/#organization","name":"Contadores P\u00fablicos de Santander","url":"https:\/\/contadoreshoy.com\/","logo":{"@type":"ImageObject","inLanguage":"es","@id":"https:\/\/contadoreshoy.com\/#\/schema\/logo\/image\/","url":"https:\/\/contadoreshoy.com\/wp-content\/uploads\/2024\/01\/cropped-cropped-Copia-de-M-1.jpg","contentUrl":"https:\/\/contadoreshoy.com\/wp-content\/uploads\/2024\/01\/cropped-cropped-Copia-de-M-1.jpg","width":499,"height":500,"caption":"Contadores P\u00fablicos de Santander"},"image":{"@id":"https:\/\/contadoreshoy.com\/#\/schema\/logo\/image\/"},"sameAs":["https:\/\/www.facebook.com\/CCCPBucaramanga\/"]},{"@type":"Person","@id":"https:\/\/contadoreshoy.com\/#\/schema\/person\/96d8979cb865537c5dc9345e40089fc5","name":"Miguel Antonio M\u00e1rquez Monta\u00f1ez","description":"Contador P\u00fablico egresado de la Universidad Aut\u00f3noma de Bucaramanga - Asesor contable tributario con m\u00e1s de 25 a\u00f1os de experiencia - Conferencista en temas contables y tributarios - T\u00e9cnico en Hardware y Dise\u00f1o Web - Creador y director Grupo de Estudio Colegio Colombiano de Contadores P\u00fablicos de Bucaramanga - Creador y Master Web p\u00e1gina www.contadoresp\u00fablicossantander.com - Expresidente Colegio Colombiano de Contadores P\u00fablicos Bucaramanga","url":"https:\/\/contadoreshoy.com\/?author=1"}]}},"_links":{"self":[{"href":"https:\/\/contadoreshoy.com\/index.php?rest_route=\/wp\/v2\/posts\/7230","targetHints":{"allow":["GET"]}}],"collection":[{"href":"https:\/\/contadoreshoy.com\/index.php?rest_route=\/wp\/v2\/posts"}],"about":[{"href":"https:\/\/contadoreshoy.com\/index.php?rest_route=\/wp\/v2\/types\/post"}],"author":[{"embeddable":true,"href":"https:\/\/contadoreshoy.com\/index.php?rest_route=\/wp\/v2\/users\/1"}],"replies":[{"embeddable":true,"href":"https:\/\/contadoreshoy.com\/index.php?rest_route=%2Fwp%2Fv2%2Fcomments&post=7230"}],"version-history":[{"count":1,"href":"https:\/\/contadoreshoy.com\/index.php?rest_route=\/wp\/v2\/posts\/7230\/revisions"}],"predecessor-version":[{"id":7875,"href":"https:\/\/contadoreshoy.com\/index.php?rest_route=\/wp\/v2\/posts\/7230\/revisions\/7875"}],"wp:featuredmedia":[{"embeddable":true,"href":"https:\/\/contadoreshoy.com\/index.php?rest_route=\/wp\/v2\/media\/7231"}],"wp:attachment":[{"href":"https:\/\/contadoreshoy.com\/index.php?rest_route=%2Fwp%2Fv2%2Fmedia&parent=7230"}],"wp:term":[{"taxonomy":"category","embeddable":true,"href":"https:\/\/contadoreshoy.com\/index.php?rest_route=%2Fwp%2Fv2%2Fcategories&post=7230"},{"taxonomy":"post_tag","embeddable":true,"href":"https:\/\/contadoreshoy.com\/index.php?rest_route=%2Fwp%2Fv2%2Ftags&post=7230"}],"curies":[{"name":"wp","href":"https:\/\/api.w.org\/{rel}","templated":true}]}}