{"id":7246,"date":"2016-05-02T15:34:38","date_gmt":"2016-05-02T20:34:38","guid":{"rendered":"http:\/\/colegiocolombianodecontadores.com\/?p=7246"},"modified":"2017-02-04T21:58:42","modified_gmt":"2017-02-05T02:58:42","slug":"oficio-05473-marzo-12-de-2016-dian-notificacion-electronica","status":"publish","type":"post","link":"https:\/\/contadoreshoy.com\/?p=7246","title":{"rendered":"Oficio 05473 marzo 12 de 2016 DIAN &#8211; Notificaci\u00f3n electr\u00f3nica"},"content":{"rendered":"<p style=\"text-align: center;\">OFICIO 005473 MARZO 12 DE 2016 DIAN<\/p>\n<p style=\"text-align: center;\">\n<p>Subdirecci\u00f3n de Gesti\u00f3n Normativa y Doctrina<\/p>\n<p>Bogot\u00e1, D.C., marzo 11 de 2016 100208221-000195.<\/p>\n<p>&nbsp;<\/p>\n<p><strong>Referencia<\/strong>:\u00a0 Radicado 050947 del\u00a0 25\/01\/2016<\/p>\n<p><strong>Tema:\u00a0\u00a0\u00a0 <\/strong>Procedimiento<\/p>\n<p><strong>Descriptor:\u00a0\u00a0\u00a0\u00a0\u00a0\u00a0\u00a0\u00a0\u00a0\u00a0\u00a0 <\/strong>Notificaci\u00f3n electr\u00f3nica.<\/p>\n<p><strong>Fuentes Normativas: <\/strong>Estatuto Tributario, art\u00edculo 566-1, adicionado por la Ley 1111 de 2006. Cordial saludo, se\u00f1or Gil:<\/p>\n<p style=\"text-align: justify;\">De conformidad con el art\u00edculo 20 del Decreto 4048 de 2008, este despacho est\u00e1 facultado para absolver las consultas escritas que se formulen sobre la interpretaci\u00f3n y aplicaci\u00f3n de las normas tributarias, aduaneras o de comercio exterior y control cambiario en lo de competencia de la Direcci\u00f3n de Impuestos y Aduanas Nacionales.<\/p>\n<p style=\"text-align: justify;\"><span style=\"color: #0000ff;\">Pregunta usted si actualmente es aplicable la notificaci\u00f3n electr\u00f3nica de que trata el art\u00edculo 566-1 del Estatuto Tributario, considerando que el inciso final de dicha disposici\u00f3n prev\u00e9 que esa forma de notificaci\u00f3n solo ser\u00e1 aplicable a partir de la fecha que establezca el Gobierno Nacional.<\/span><\/p>\n<p style=\"text-align: justify;\">Al respecto se observa:<\/p>\n<p style=\"text-align: justify;\">El art\u00edculo 566-1 del Estatuto Tributario, adicionado por la Ley 1111 de 2006, establece la notificaci\u00f3n electr\u00f3nica, en los siguientes t\u00e9rminos:<\/p>\n<p style=\"text-align: justify;\"><span style=\"color: #ff9900;\"><strong><em>\u201cNotificaci\u00f3n electr\u00f3nica<\/em><\/strong><em>. Es la forma de notificaci\u00f3n que se surte de manera electr\u00f3nica a trav\u00e9s de la cual la Direcci\u00f3n de Impuestos y Aduanas Nacionales pone en conocimiento de los administrados los actos administrativos producidos por ese mismo medio.<\/em><\/span><\/p>\n<p style=\"text-align: justify;\"><em>La notificaci\u00f3n aqu\u00ed prevista se realizar\u00e1 a la direcci\u00f3n electr\u00f3nica o sitio electr\u00f3nico que asigne la Direcci\u00f3n de Impuestos y Aduanas Nacionales a los contribuyentes, responsables, agentes retenedores o declarantes, que opten de manera preferente por esta forma de notificaci\u00f3n, con las condiciones t\u00e9cnicas que establezca el reglamento.<\/em><\/p>\n<p style=\"text-align: justify;\"><span style=\"color: #ff9900;\"><em>Para todos los efectos legales, la notificaci\u00f3n electr\u00f3nica se entender\u00e1 surtida en el momento en que se produzca el acuse de recibo en la direcci\u00f3n o sitio electr\u00f3nico asignado por la Direcci\u00f3n de Impuestos y Aduanas Nacionales. Dicho acuse consiste en el registro electr\u00f3nico de la fecha y hora en la que tenga lugar la recepci\u00f3n en la direcci\u00f3n o sitio electr\u00f3nico. La hora de la notificaci\u00f3n electr\u00f3nica ser\u00e1 la correspondiente a la hora oficial colombiana.<\/em><\/span><\/p>\n<p style=\"text-align: justify;\"><em>Para todos los efectos legales los t\u00e9rminos se computar\u00e1n a partir del d\u00eda h\u00e1bil siguiente a aquel en que quede notificado el acto de conformidad con la presente disposici\u00f3n.<\/em><\/p>\n<p style=\"text-align: justify;\"><em>Cuando la Direcci\u00f3n de Impuestos y Aduanas Nacionales por razones t\u00e9cnicas no pueda efectuar la notificaci\u00f3n de las actuaciones a la direcci\u00f3n o sitio electr\u00f3nico asignado al interesado, podr\u00e1 realizarla a trav\u00e9s de las dem\u00e1s formas de notificaci\u00f3n previstas en este Estatuto, seg\u00fan el tipo de acto de que se trate. <\/em><\/p>\n<p style=\"text-align: justify;\"><em><span style=\"color: #ff9900;\">Cuando el interesado en un t\u00e9rmino no mayor a tres (3) d\u00edas h\u00e1biles contados desde la fecha del acuse de recibo electr\u00f3nico, informe a la Direcci\u00f3n de Impuestos y Aduanas Nacionales por medio electr\u00f3nico, la imposibilidad de acceder al contenido del mensaje de datos por razones inherentes al mismo mensaje, la administraci\u00f3n previa evaluaci\u00f3n del hecho, proceder\u00e1 a efectuar la notificaci\u00f3n a trav\u00e9s de las dem\u00e1s formas de notificaci\u00f3n previstas en este Estatuto, seg\u00fan el tipo de acto de que se trate<\/span>. En estos casos, la notificaci\u00f3n se entender\u00e1 surtida para efectos de los t\u00e9rminos de la Administraci\u00f3n, en la fecha del primer acuse de recibo electr\u00f3nico y para el contribuyente, el t\u00e9rmino para responder o impugnar se contar\u00e1 desde la fecha en que se realice la notificaci\u00f3n de manera efectiva. <\/em><\/p>\n<p style=\"text-align: justify;\"><em>El procedimiento previsto en este art\u00edculo ser\u00e1 aplicable a la notificaci\u00f3n de los actos administrativos que decidan recursos y a las actuaciones que en materia de Aduanas y de Control de Cambios deban notificarse por correo o personalmente.<\/em><\/p>\n<p style=\"text-align: justify;\"><em><u>El Gobierno Nacional se\u00f1alar\u00e1 la fecha a partir de la cual ser\u00e1 aplicable esta forma de notificaci\u00f3n<\/u>\u201d. (Subrayado fuera de texto).<\/em><\/p>\n<p style=\"text-align: justify;\"><strong><span style=\"color: #ff6600;\">Efectivamente, tal como usted lo plantea, en materia tributaria, la norma que se transcribe contempla la notificaci\u00f3n electr\u00f3nica; no obstante, la misma no ha entrado a operar.<\/span><\/strong><\/p>\n<p style=\"text-align: justify;\">Atendemos as\u00ed su solicitud y cordialmente le informamos que tanto la normatividad en materia tributaria, aduanera y cambiaria, como los conceptos emitidos por la Direcci\u00f3n de Gesti\u00f3n Jur\u00eddica en estas materias, pueden consultarse en la p\u00e1gina electr\u00f3nica de la DIAN: <u>http:\/\/www.dian.gov.co<\/u> siguiendo los \u00edconos: \u201cNormatividad\u201d \u2013 \u201ct\u00e9cnica\u201d y seleccionando los v\u00ednculos \u201cDoctrina\u201d y \u201cDirecci\u00f3n de Gesti\u00f3n Jur\u00eddica\u201d.<\/p>\n<p style=\"text-align: justify;\">Atentamente,<\/p>\n<p style=\"text-align: justify;\">El Subdirector de Gesti\u00f3n Normativa y Doctrina (E),<\/p>\n<p style=\"text-align: justify;\"><em>Pedro Pablo Contreras Camargo.<\/em><\/p>\n<p style=\"text-align: justify;\"><strong>\u00a0(C. F.).<\/strong><\/p>\n","protected":false},"excerpt":{"rendered":"<p>Para todos los efectos legales, la notificaci\u00f3n electr\u00f3nica se entender\u00e1 surtida en el momento en que se produzca el acuse de recibo en la direcci\u00f3n o sitio electr\u00f3nico asignado por la Direcci\u00f3n de Impuestos y Aduanas Nacionales. Dicho acuse consiste en el registro electr\u00f3nico de la fecha y hora en la que tenga lugar la recepci\u00f3n en la direcci\u00f3n o sitio electr\u00f3nico. <\/p>\n","protected":false},"author":1,"featured_media":7247,"comment_status":"open","ping_status":"open","sticky":false,"template":"","format":"standard","meta":{"_monsterinsights_skip_tracking":false,"ngg_post_thumbnail":0,"footnotes":"","_links_to":"","_links_to_target":""},"categories":[456],"tags":[],"class_list":["post-7246","post","type-post","status-publish","format-standard","has-post-thumbnail","hentry","category-conceptos-y-oficios-dian"],"aioseo_notices":[],"aioseo_head":"\n\t\t<!-- All in One SEO 5.0.1.1 - aioseo.com -->\n\t<meta name=\"description\" content=\"Para todos los efectos legales, la notificaci\u00f3n electr\u00f3nica se entender\u00e1 surtida en el momento en que se produzca el acuse de recibo en la direcci\u00f3n o sitio electr\u00f3nico asignado por la Direcci\u00f3n de Impuestos y Aduanas Nacionales. Dicho acuse consiste en el registro electr\u00f3nico de la fecha y hora en la que tenga lugar la recepci\u00f3n en la direcci\u00f3n o sitio electr\u00f3nico.\" \/>\n\t<meta name=\"robots\" content=\"max-image-preview:large\" \/>\n\t<meta name=\"author\" content=\"Miguel Antonio M\u00e1rquez Monta\u00f1ez\"\/>\n\t<link rel=\"canonical\" href=\"https:\/\/contadoreshoy.com\/?p=7246\" \/>\n\t<meta name=\"generator\" content=\"All in One SEO (AIOSEO) 5.0.1.1\" \/>\n\t\t<meta property=\"og:locale\" content=\"es_ES\" \/>\n\t\t<meta property=\"og:site_name\" content=\"Contadores P\u00fablicos - Portal para Contadores P\u00fablicos y empresarios\" \/>\n\t\t<meta property=\"og:type\" content=\"article\" \/>\n\t\t<meta property=\"og:title\" content=\"Oficio 05473 marzo 12 de 2016 DIAN \u2013 Notificaci\u00f3n electr\u00f3nica - Contadores P\u00fablicos\" \/>\n\t\t<meta property=\"og:description\" content=\"Para todos los efectos legales, la notificaci\u00f3n electr\u00f3nica se entender\u00e1 surtida en el momento en que se produzca el acuse de recibo en la direcci\u00f3n o sitio electr\u00f3nico asignado por la Direcci\u00f3n de Impuestos y Aduanas Nacionales. Dicho acuse consiste en el registro electr\u00f3nico de la fecha y hora en la que tenga lugar la recepci\u00f3n en la direcci\u00f3n o sitio electr\u00f3nico.\" \/>\n\t\t<meta property=\"og:url\" content=\"https:\/\/contadoreshoy.com\/?p=7246\" \/>\n\t\t<meta property=\"og:image\" content=\"https:\/\/contadoreshoy.com\/wp-content\/uploads\/2024\/01\/cropped-cropped-cropped-Copia-de-M.jpg\" \/>\n\t\t<meta property=\"og:image:secure_url\" content=\"https:\/\/contadoreshoy.com\/wp-content\/uploads\/2024\/01\/cropped-cropped-cropped-Copia-de-M.jpg\" \/>\n\t\t<meta property=\"og:image:width\" content=\"512\" \/>\n\t\t<meta property=\"og:image:height\" content=\"371\" \/>\n\t\t<meta property=\"article:published_time\" content=\"2016-05-02T20:34:38+00:00\" \/>\n\t\t<meta property=\"article:modified_time\" content=\"2017-02-05T02:58:42+00:00\" \/>\n\t\t<meta name=\"twitter:card\" content=\"summary_large_image\" \/>\n\t\t<meta name=\"twitter:title\" content=\"Oficio 05473 marzo 12 de 2016 DIAN \u2013 Notificaci\u00f3n electr\u00f3nica - Contadores P\u00fablicos\" \/>\n\t\t<meta name=\"twitter:description\" content=\"Para todos los efectos legales, la notificaci\u00f3n electr\u00f3nica se entender\u00e1 surtida en el momento en que se produzca el acuse de recibo en la direcci\u00f3n o sitio electr\u00f3nico asignado por la Direcci\u00f3n de Impuestos y Aduanas Nacionales. Dicho acuse consiste en el registro electr\u00f3nico de la fecha y hora en la que tenga lugar la recepci\u00f3n en la direcci\u00f3n o sitio electr\u00f3nico.\" \/>\n\t\t<meta name=\"twitter:image\" content=\"https:\/\/contadoreshoy.com\/wp-content\/uploads\/2024\/01\/cropped-cropped-cropped-Copia-de-M.jpg\" \/>\n\t\t<script type=\"application\/ld+json\" class=\"aioseo-schema\">\n\t\t\t{\"@context\":\"https:\\\/\\\/schema.org\",\"@graph\":[{\"@type\":\"BlogPosting\",\"@id\":\"https:\\\/\\\/contadoreshoy.com\\\/?p=7246#blogposting\",\"name\":\"Oficio 05473 marzo 12 de 2016 DIAN \\u2013 Notificaci\\u00f3n electr\\u00f3nica - Contadores P\\u00fablicos\",\"headline\":\"Oficio 05473 marzo 12 de 2016 DIAN &#8211; Notificaci\\u00f3n electr\\u00f3nica\",\"author\":{\"@id\":\"https:\\\/\\\/contadoreshoy.com\\\/?author=1#author\"},\"publisher\":{\"@id\":\"https:\\\/\\\/contadoreshoy.com\\\/#organization\"},\"image\":{\"@type\":\"ImageObject\",\"url\":\"https:\\\/\\\/contadoreshoy.com\\\/wp-content\\\/uploads\\\/2016\\\/05\\\/correo-electronico.jpg\",\"width\":600,\"height\":400},\"datePublished\":\"2016-05-02T15:34:38-05:00\",\"dateModified\":\"2017-02-04T21:58:42-05:00\",\"inLanguage\":\"es-ES\",\"mainEntityOfPage\":{\"@id\":\"https:\\\/\\\/contadoreshoy.com\\\/?p=7246#webpage\"},\"isPartOf\":{\"@id\":\"https:\\\/\\\/contadoreshoy.com\\\/?p=7246#webpage\"},\"articleSection\":\"Conceptos y Oficios DIAN\"},{\"@type\":\"BreadcrumbList\",\"@id\":\"https:\\\/\\\/contadoreshoy.com\\\/?p=7246#breadcrumblist\",\"itemListElement\":[{\"@type\":\"ListItem\",\"@id\":\"https:\\\/\\\/contadoreshoy.com#listItem\",\"position\":1,\"name\":\"Home\",\"item\":\"https:\\\/\\\/contadoreshoy.com\",\"nextItem\":{\"@type\":\"ListItem\",\"@id\":\"https:\\\/\\\/contadoreshoy.com\\\/?cat=456#listItem\",\"name\":\"Conceptos y Oficios DIAN\"}},{\"@type\":\"ListItem\",\"@id\":\"https:\\\/\\\/contadoreshoy.com\\\/?cat=456#listItem\",\"position\":2,\"name\":\"Conceptos y Oficios DIAN\",\"item\":\"https:\\\/\\\/contadoreshoy.com\\\/?cat=456\",\"nextItem\":{\"@type\":\"ListItem\",\"@id\":\"https:\\\/\\\/contadoreshoy.com\\\/?p=7246#listItem\",\"name\":\"Oficio 05473 marzo 12 de 2016 DIAN &#8211; Notificaci\\u00f3n electr\\u00f3nica\"},\"previousItem\":{\"@type\":\"ListItem\",\"@id\":\"https:\\\/\\\/contadoreshoy.com#listItem\",\"name\":\"Home\"}},{\"@type\":\"ListItem\",\"@id\":\"https:\\\/\\\/contadoreshoy.com\\\/?p=7246#listItem\",\"position\":3,\"name\":\"Oficio 05473 marzo 12 de 2016 DIAN &#8211; Notificaci\\u00f3n electr\\u00f3nica\",\"previousItem\":{\"@type\":\"ListItem\",\"@id\":\"https:\\\/\\\/contadoreshoy.com\\\/?cat=456#listItem\",\"name\":\"Conceptos y Oficios DIAN\"}}]},{\"@type\":\"Organization\",\"@id\":\"https:\\\/\\\/contadoreshoy.com\\\/#organization\",\"name\":\"Contadores P\\u00fablicos\",\"description\":\"Portal para Contadores P\\u00fablicos y empresarios\",\"url\":\"https:\\\/\\\/contadoreshoy.com\\\/\",\"logo\":{\"@type\":\"ImageObject\",\"url\":\"https:\\\/\\\/contadoreshoy.com\\\/wp-content\\\/uploads\\\/2024\\\/01\\\/cropped-cropped-Copia-de-M-1.jpg\",\"@id\":\"https:\\\/\\\/contadoreshoy.com\\\/?p=7246\\\/#organizationLogo\",\"width\":499,\"height\":500},\"image\":{\"@id\":\"https:\\\/\\\/contadoreshoy.com\\\/?p=7246\\\/#organizationLogo\"}},{\"@type\":\"Person\",\"@id\":\"https:\\\/\\\/contadoreshoy.com\\\/?author=1#author\",\"url\":\"https:\\\/\\\/contadoreshoy.com\\\/?author=1\",\"name\":\"Miguel Antonio M\\u00e1rquez Monta\\u00f1ez\"},{\"@type\":\"WebPage\",\"@id\":\"https:\\\/\\\/contadoreshoy.com\\\/?p=7246#webpage\",\"url\":\"https:\\\/\\\/contadoreshoy.com\\\/?p=7246\",\"name\":\"Oficio 05473 marzo 12 de 2016 DIAN \\u2013 Notificaci\\u00f3n electr\\u00f3nica - Contadores P\\u00fablicos\",\"description\":\"Para todos los efectos legales, la notificaci\\u00f3n electr\\u00f3nica se entender\\u00e1 surtida en el momento en que se produzca el acuse de recibo en la direcci\\u00f3n o sitio electr\\u00f3nico asignado por la Direcci\\u00f3n de Impuestos y Aduanas Nacionales. Dicho acuse consiste en el registro electr\\u00f3nico de la fecha y hora en la que tenga lugar la recepci\\u00f3n en la direcci\\u00f3n o sitio electr\\u00f3nico.\",\"inLanguage\":\"es-ES\",\"isPartOf\":{\"@id\":\"https:\\\/\\\/contadoreshoy.com\\\/#website\"},\"breadcrumb\":{\"@id\":\"https:\\\/\\\/contadoreshoy.com\\\/?p=7246#breadcrumblist\"},\"author\":{\"@id\":\"https:\\\/\\\/contadoreshoy.com\\\/?author=1#author\"},\"creator\":{\"@id\":\"https:\\\/\\\/contadoreshoy.com\\\/?author=1#author\"},\"image\":{\"@type\":\"ImageObject\",\"url\":\"https:\\\/\\\/contadoreshoy.com\\\/wp-content\\\/uploads\\\/2016\\\/05\\\/correo-electronico.jpg\",\"@id\":\"https:\\\/\\\/contadoreshoy.com\\\/?p=7246\\\/#mainImage\",\"width\":600,\"height\":400},\"primaryImageOfPage\":{\"@id\":\"https:\\\/\\\/contadoreshoy.com\\\/?p=7246#mainImage\"},\"datePublished\":\"2016-05-02T15:34:38-05:00\",\"dateModified\":\"2017-02-04T21:58:42-05:00\"},{\"@type\":\"WebSite\",\"@id\":\"https:\\\/\\\/contadoreshoy.com\\\/#website\",\"url\":\"https:\\\/\\\/contadoreshoy.com\\\/\",\"name\":\"Contadores P\\u00fablicos\",\"description\":\"Portal para Contadores P\\u00fablicos y empresarios\",\"inLanguage\":\"es-ES\",\"publisher\":{\"@id\":\"https:\\\/\\\/contadoreshoy.com\\\/#organization\"}}]}\n\t\t<\/script>\n\t\t<!-- All in One SEO -->\n\n","aioseo_head_json":{"title":"Oficio 05473 marzo 12 de 2016 DIAN \u2013 Notificaci\u00f3n electr\u00f3nica - Contadores P\u00fablicos","description":"Para todos los efectos legales, la notificaci\u00f3n electr\u00f3nica se entender\u00e1 surtida en el momento en que se produzca el acuse de recibo en la direcci\u00f3n o sitio electr\u00f3nico asignado por la Direcci\u00f3n de Impuestos y Aduanas Nacionales. Dicho acuse consiste en el registro electr\u00f3nico de la fecha y hora en la que tenga lugar la recepci\u00f3n en la direcci\u00f3n o sitio electr\u00f3nico.","canonical_url":"https:\/\/contadoreshoy.com\/?p=7246","robots":"max-image-preview:large","keywords":"","webmasterTools":{"miscellaneous":""},"schema":{"@context":"https:\/\/schema.org","@graph":[{"@type":"BlogPosting","@id":"https:\/\/contadoreshoy.com\/?p=7246#blogposting","name":"Oficio 05473 marzo 12 de 2016 DIAN \u2013 Notificaci\u00f3n electr\u00f3nica - Contadores P\u00fablicos","headline":"Oficio 05473 marzo 12 de 2016 DIAN &#8211; Notificaci\u00f3n electr\u00f3nica","author":{"@id":"https:\/\/contadoreshoy.com\/?author=1#author"},"publisher":{"@id":"https:\/\/contadoreshoy.com\/#organization"},"image":{"@type":"ImageObject","url":"https:\/\/contadoreshoy.com\/wp-content\/uploads\/2016\/05\/correo-electronico.jpg","width":600,"height":400},"datePublished":"2016-05-02T15:34:38-05:00","dateModified":"2017-02-04T21:58:42-05:00","inLanguage":"es-ES","mainEntityOfPage":{"@id":"https:\/\/contadoreshoy.com\/?p=7246#webpage"},"isPartOf":{"@id":"https:\/\/contadoreshoy.com\/?p=7246#webpage"},"articleSection":"Conceptos y Oficios DIAN"},{"@type":"BreadcrumbList","@id":"https:\/\/contadoreshoy.com\/?p=7246#breadcrumblist","itemListElement":[{"@type":"ListItem","@id":"https:\/\/contadoreshoy.com#listItem","position":1,"name":"Home","item":"https:\/\/contadoreshoy.com","nextItem":{"@type":"ListItem","@id":"https:\/\/contadoreshoy.com\/?cat=456#listItem","name":"Conceptos y Oficios DIAN"}},{"@type":"ListItem","@id":"https:\/\/contadoreshoy.com\/?cat=456#listItem","position":2,"name":"Conceptos y Oficios DIAN","item":"https:\/\/contadoreshoy.com\/?cat=456","nextItem":{"@type":"ListItem","@id":"https:\/\/contadoreshoy.com\/?p=7246#listItem","name":"Oficio 05473 marzo 12 de 2016 DIAN &#8211; Notificaci\u00f3n electr\u00f3nica"},"previousItem":{"@type":"ListItem","@id":"https:\/\/contadoreshoy.com#listItem","name":"Home"}},{"@type":"ListItem","@id":"https:\/\/contadoreshoy.com\/?p=7246#listItem","position":3,"name":"Oficio 05473 marzo 12 de 2016 DIAN &#8211; Notificaci\u00f3n electr\u00f3nica","previousItem":{"@type":"ListItem","@id":"https:\/\/contadoreshoy.com\/?cat=456#listItem","name":"Conceptos y Oficios DIAN"}}]},{"@type":"Organization","@id":"https:\/\/contadoreshoy.com\/#organization","name":"Contadores P\u00fablicos","description":"Portal para Contadores P\u00fablicos y empresarios","url":"https:\/\/contadoreshoy.com\/","logo":{"@type":"ImageObject","url":"https:\/\/contadoreshoy.com\/wp-content\/uploads\/2024\/01\/cropped-cropped-Copia-de-M-1.jpg","@id":"https:\/\/contadoreshoy.com\/?p=7246\/#organizationLogo","width":499,"height":500},"image":{"@id":"https:\/\/contadoreshoy.com\/?p=7246\/#organizationLogo"}},{"@type":"Person","@id":"https:\/\/contadoreshoy.com\/?author=1#author","url":"https:\/\/contadoreshoy.com\/?author=1","name":"Miguel Antonio M\u00e1rquez Monta\u00f1ez"},{"@type":"WebPage","@id":"https:\/\/contadoreshoy.com\/?p=7246#webpage","url":"https:\/\/contadoreshoy.com\/?p=7246","name":"Oficio 05473 marzo 12 de 2016 DIAN \u2013 Notificaci\u00f3n electr\u00f3nica - Contadores P\u00fablicos","description":"Para todos los efectos legales, la notificaci\u00f3n electr\u00f3nica se entender\u00e1 surtida en el momento en que se produzca el acuse de recibo en la direcci\u00f3n o sitio electr\u00f3nico asignado por la Direcci\u00f3n de Impuestos y Aduanas Nacionales. Dicho acuse consiste en el registro electr\u00f3nico de la fecha y hora en la que tenga lugar la recepci\u00f3n en la direcci\u00f3n o sitio electr\u00f3nico.","inLanguage":"es-ES","isPartOf":{"@id":"https:\/\/contadoreshoy.com\/#website"},"breadcrumb":{"@id":"https:\/\/contadoreshoy.com\/?p=7246#breadcrumblist"},"author":{"@id":"https:\/\/contadoreshoy.com\/?author=1#author"},"creator":{"@id":"https:\/\/contadoreshoy.com\/?author=1#author"},"image":{"@type":"ImageObject","url":"https:\/\/contadoreshoy.com\/wp-content\/uploads\/2016\/05\/correo-electronico.jpg","@id":"https:\/\/contadoreshoy.com\/?p=7246\/#mainImage","width":600,"height":400},"primaryImageOfPage":{"@id":"https:\/\/contadoreshoy.com\/?p=7246#mainImage"},"datePublished":"2016-05-02T15:34:38-05:00","dateModified":"2017-02-04T21:58:42-05:00"},{"@type":"WebSite","@id":"https:\/\/contadoreshoy.com\/#website","url":"https:\/\/contadoreshoy.com\/","name":"Contadores P\u00fablicos","description":"Portal para Contadores P\u00fablicos y empresarios","inLanguage":"es-ES","publisher":{"@id":"https:\/\/contadoreshoy.com\/#organization"}}]},"og:locale":"es_ES","og:site_name":"Contadores P\u00fablicos - Portal para Contadores P\u00fablicos y empresarios","og:type":"article","og:title":"Oficio 05473 marzo 12 de 2016 DIAN \u2013 Notificaci\u00f3n electr\u00f3nica - Contadores P\u00fablicos","og:description":"Para todos los efectos legales, la notificaci\u00f3n electr\u00f3nica se entender\u00e1 surtida en el momento en que se produzca el acuse de recibo en la direcci\u00f3n o sitio electr\u00f3nico asignado por la Direcci\u00f3n de Impuestos y Aduanas Nacionales. Dicho acuse consiste en el registro electr\u00f3nico de la fecha y hora en la que tenga lugar la recepci\u00f3n en la direcci\u00f3n o sitio electr\u00f3nico.","og:url":"https:\/\/contadoreshoy.com\/?p=7246","og:image":"https:\/\/contadoreshoy.com\/wp-content\/uploads\/2024\/01\/cropped-cropped-cropped-Copia-de-M.jpg","og:image:secure_url":"https:\/\/contadoreshoy.com\/wp-content\/uploads\/2024\/01\/cropped-cropped-cropped-Copia-de-M.jpg","og:image:width":512,"og:image:height":371,"article:published_time":"2016-05-02T20:34:38+00:00","article:modified_time":"2017-02-05T02:58:42+00:00","twitter:card":"summary_large_image","twitter:title":"Oficio 05473 marzo 12 de 2016 DIAN \u2013 Notificaci\u00f3n electr\u00f3nica - Contadores P\u00fablicos","twitter:description":"Para todos los efectos legales, la notificaci\u00f3n electr\u00f3nica se entender\u00e1 surtida en el momento en que se produzca el acuse de recibo en la direcci\u00f3n o sitio electr\u00f3nico asignado por la Direcci\u00f3n de Impuestos y Aduanas Nacionales. Dicho acuse consiste en el registro electr\u00f3nico de la fecha y hora en la que tenga lugar la recepci\u00f3n en la direcci\u00f3n o sitio electr\u00f3nico.","twitter:image":"https:\/\/contadoreshoy.com\/wp-content\/uploads\/2024\/01\/cropped-cropped-cropped-Copia-de-M.jpg"},"aioseo_meta_data":{"post_id":"7246","title":null,"description":null,"keywords":null,"keyphrases":null,"primary_term":null,"canonical_url":null,"og_title":null,"og_description":null,"og_object_type":"default","og_image_type":"default","og_image_url":null,"og_image_width":null,"og_image_height":null,"og_image_custom_url":null,"og_image_custom_fields":null,"og_video":null,"og_custom_url":null,"og_article_section":null,"og_article_tags":null,"twitter_use_og":false,"twitter_card":"default","twitter_image_type":"default","twitter_image_url":null,"twitter_image_custom_url":null,"twitter_image_custom_fields":null,"twitter_title":null,"twitter_description":null,"schema":{"blockGraphs":[],"customGraphs":[],"default":{"data":{"Article":[],"Course":[],"Dataset":[],"FAQPage":[],"Movie":[],"Person":[],"Product":[],"ProductReview":[],"Car":[],"Recipe":[],"Service":[],"SoftwareApplication":[],"WebPage":[]},"graphName":"","isEnabled":true},"graphs":[]},"schema_type":"default","schema_type_options":null,"pillar_content":false,"robots_default":true,"robots_noindex":false,"robots_noarchive":false,"robots_nosnippet":false,"robots_nofollow":false,"robots_noimageindex":false,"robots_noodp":false,"robots_notranslate":false,"robots_max_snippet":null,"robots_max_videopreview":null,"robots_max_imagepreview":"large","priority":null,"frequency":null,"local_seo":null,"breadcrumb_settings":null,"limit_modified_date":false,"ai":null,"created":"2024-03-05 01:36:26","updated":"2026-03-03 04:53:10","seo_analyzer_scan_date":null,"focus_keyword":null,"additional_keywords":null,"truseo_locale":null},"aioseo_breadcrumb":"<div class=\"aioseo-breadcrumbs\"><span class=\"aioseo-breadcrumb\">\n\t\t\t<a href=\"https:\/\/contadoreshoy.com\" title=\"Home\">Home<\/a>\n\t\t<\/span><span class=\"aioseo-breadcrumb-separator\">&raquo;<\/span><span class=\"aioseo-breadcrumb\">\n\t\t\t<a href=\"https:\/\/contadoreshoy.com\/?cat=456\" title=\"Conceptos y Oficios DIAN\">Conceptos y Oficios DIAN<\/a>\n\t\t<\/span><span class=\"aioseo-breadcrumb-separator\">&raquo;<\/span><span class=\"aioseo-breadcrumb\">\n\t\t\tOficio 05473 marzo 12 de 2016 DIAN \u2013 Notificaci\u00f3n electr\u00f3nica\n\t\t<\/span><\/div>","aioseo_breadcrumb_json":[{"label":"Home","link":"https:\/\/contadoreshoy.com"},{"label":"Conceptos y Oficios DIAN","link":"https:\/\/contadoreshoy.com\/?cat=456"},{"label":"Oficio 05473 marzo 12 de 2016 DIAN &#8211; Notificaci\u00f3n electr\u00f3nica","link":"https:\/\/contadoreshoy.com\/?p=7246"}],"yoast_head":"<!-- This site is optimized with the Yoast SEO plugin v28.4 - https:\/\/yoast.com\/product\/yoast-seo-wordpress\/ -->\n<title>Oficio 05473 marzo 12 de 2016 DIAN - Notificaci\u00f3n electr\u00f3nica - Contadores P\u00fablicos<\/title>\n<meta name=\"robots\" content=\"index, follow, max-snippet:-1, max-image-preview:large, max-video-preview:-1\" \/>\n<link rel=\"canonical\" href=\"https:\/\/contadoreshoy.com\/?p=7246\" \/>\n<meta property=\"og:locale\" content=\"es_ES\" \/>\n<meta property=\"og:type\" content=\"article\" \/>\n<meta property=\"og:title\" content=\"Oficio 05473 marzo 12 de 2016 DIAN - Notificaci\u00f3n electr\u00f3nica - Contadores P\u00fablicos\" \/>\n<meta property=\"og:description\" content=\"Para todos los efectos legales, la notificaci\u00f3n electr\u00f3nica se entender\u00e1 surtida en el momento en que se produzca el acuse de recibo en la direcci\u00f3n o sitio electr\u00f3nico asignado por la Direcci\u00f3n de Impuestos y Aduanas Nacionales. Dicho acuse consiste en el registro electr\u00f3nico de la fecha y hora en la que tenga lugar la recepci\u00f3n en la direcci\u00f3n o sitio electr\u00f3nico.\" \/>\n<meta property=\"og:url\" content=\"https:\/\/contadoreshoy.com\/?p=7246\" \/>\n<meta property=\"og:site_name\" content=\"Contadores P\u00fablicos\" \/>\n<meta property=\"article:publisher\" content=\"https:\/\/www.facebook.com\/CCCPBucaramanga\/\" \/>\n<meta property=\"article:published_time\" content=\"2016-05-02T20:34:38+00:00\" \/>\n<meta property=\"article:modified_time\" content=\"2017-02-05T02:58:42+00:00\" \/>\n<meta property=\"og:image\" content=\"https:\/\/contadoreshoy.com\/wp-content\/uploads\/2016\/05\/correo-electronico.jpg\" \/>\n\t<meta property=\"og:image:width\" content=\"600\" \/>\n\t<meta property=\"og:image:height\" content=\"400\" \/>\n\t<meta property=\"og:image:type\" content=\"image\/jpeg\" \/>\n<meta name=\"author\" content=\"Miguel Antonio M\u00e1rquez Monta\u00f1ez\" \/>\n<meta name=\"twitter:card\" content=\"summary_large_image\" \/>\n<meta name=\"twitter:label1\" content=\"Escrito por\" \/>\n\t<meta name=\"twitter:data1\" content=\"Miguel Antonio M\u00e1rquez Monta\u00f1ez\" \/>\n\t<meta name=\"twitter:label2\" content=\"Tiempo de lectura\" \/>\n\t<meta name=\"twitter:data2\" content=\"4 minutos\" \/>\n<script type=\"application\/ld+json\" class=\"yoast-schema-graph\">{\"@context\":\"https:\\\/\\\/schema.org\",\"@graph\":[{\"@type\":\"Article\",\"@id\":\"https:\\\/\\\/contadoreshoy.com\\\/?p=7246#article\",\"isPartOf\":{\"@id\":\"https:\\\/\\\/contadoreshoy.com\\\/?p=7246\"},\"author\":{\"name\":\"Miguel Antonio M\u00e1rquez Monta\u00f1ez\",\"@id\":\"https:\\\/\\\/contadoreshoy.com\\\/#\\\/schema\\\/person\\\/96d8979cb865537c5dc9345e40089fc5\"},\"headline\":\"Oficio 05473 marzo 12 de 2016 DIAN &#8211; Notificaci\u00f3n electr\u00f3nica\",\"datePublished\":\"2016-05-02T20:34:38+00:00\",\"dateModified\":\"2017-02-05T02:58:42+00:00\",\"mainEntityOfPage\":{\"@id\":\"https:\\\/\\\/contadoreshoy.com\\\/?p=7246\"},\"wordCount\":793,\"commentCount\":0,\"publisher\":{\"@id\":\"https:\\\/\\\/contadoreshoy.com\\\/#organization\"},\"image\":{\"@id\":\"https:\\\/\\\/contadoreshoy.com\\\/?p=7246#primaryimage\"},\"thumbnailUrl\":\"https:\\\/\\\/contadoreshoy.com\\\/wp-content\\\/uploads\\\/2016\\\/05\\\/correo-electronico.jpg\",\"articleSection\":[\"Conceptos y Oficios DIAN\"],\"inLanguage\":\"es\",\"potentialAction\":[{\"@type\":\"CommentAction\",\"name\":\"Comment\",\"target\":[\"https:\\\/\\\/contadoreshoy.com\\\/?p=7246#respond\"]}]},{\"@type\":\"WebPage\",\"@id\":\"https:\\\/\\\/contadoreshoy.com\\\/?p=7246\",\"url\":\"https:\\\/\\\/contadoreshoy.com\\\/?p=7246\",\"name\":\"Oficio 05473 marzo 12 de 2016 DIAN - Notificaci\u00f3n electr\u00f3nica - Contadores P\u00fablicos\",\"isPartOf\":{\"@id\":\"https:\\\/\\\/contadoreshoy.com\\\/#website\"},\"primaryImageOfPage\":{\"@id\":\"https:\\\/\\\/contadoreshoy.com\\\/?p=7246#primaryimage\"},\"image\":{\"@id\":\"https:\\\/\\\/contadoreshoy.com\\\/?p=7246#primaryimage\"},\"thumbnailUrl\":\"https:\\\/\\\/contadoreshoy.com\\\/wp-content\\\/uploads\\\/2016\\\/05\\\/correo-electronico.jpg\",\"datePublished\":\"2016-05-02T20:34:38+00:00\",\"dateModified\":\"2017-02-05T02:58:42+00:00\",\"breadcrumb\":{\"@id\":\"https:\\\/\\\/contadoreshoy.com\\\/?p=7246#breadcrumb\"},\"inLanguage\":\"es\",\"potentialAction\":[{\"@type\":\"ReadAction\",\"target\":[\"https:\\\/\\\/contadoreshoy.com\\\/?p=7246\"]}]},{\"@type\":\"ImageObject\",\"inLanguage\":\"es\",\"@id\":\"https:\\\/\\\/contadoreshoy.com\\\/?p=7246#primaryimage\",\"url\":\"https:\\\/\\\/contadoreshoy.com\\\/wp-content\\\/uploads\\\/2016\\\/05\\\/correo-electronico.jpg\",\"contentUrl\":\"https:\\\/\\\/contadoreshoy.com\\\/wp-content\\\/uploads\\\/2016\\\/05\\\/correo-electronico.jpg\",\"width\":600,\"height\":400},{\"@type\":\"BreadcrumbList\",\"@id\":\"https:\\\/\\\/contadoreshoy.com\\\/?p=7246#breadcrumb\",\"itemListElement\":[{\"@type\":\"ListItem\",\"position\":1,\"name\":\"Portada\",\"item\":\"https:\\\/\\\/contadoreshoy.com\\\/\"},{\"@type\":\"ListItem\",\"position\":2,\"name\":\"Oficio 05473 marzo 12 de 2016 DIAN &#8211; Notificaci\u00f3n electr\u00f3nica\"}]},{\"@type\":\"WebSite\",\"@id\":\"https:\\\/\\\/contadoreshoy.com\\\/#website\",\"url\":\"https:\\\/\\\/contadoreshoy.com\\\/\",\"name\":\"Contadorespublicossantander\",\"description\":\"Portal para Contadores P\u00fablicos y empresarios\",\"publisher\":{\"@id\":\"https:\\\/\\\/contadoreshoy.com\\\/#organization\"},\"potentialAction\":[{\"@type\":\"SearchAction\",\"target\":{\"@type\":\"EntryPoint\",\"urlTemplate\":\"https:\\\/\\\/contadoreshoy.com\\\/?s={search_term_string}\"},\"query-input\":{\"@type\":\"PropertyValueSpecification\",\"valueRequired\":true,\"valueName\":\"search_term_string\"}}],\"inLanguage\":\"es\"},{\"@type\":\"Organization\",\"@id\":\"https:\\\/\\\/contadoreshoy.com\\\/#organization\",\"name\":\"Contadores P\u00fablicos de Santander\",\"url\":\"https:\\\/\\\/contadoreshoy.com\\\/\",\"logo\":{\"@type\":\"ImageObject\",\"inLanguage\":\"es\",\"@id\":\"https:\\\/\\\/contadoreshoy.com\\\/#\\\/schema\\\/logo\\\/image\\\/\",\"url\":\"https:\\\/\\\/contadoreshoy.com\\\/wp-content\\\/uploads\\\/2024\\\/01\\\/cropped-cropped-Copia-de-M-1.jpg\",\"contentUrl\":\"https:\\\/\\\/contadoreshoy.com\\\/wp-content\\\/uploads\\\/2024\\\/01\\\/cropped-cropped-Copia-de-M-1.jpg\",\"width\":499,\"height\":500,\"caption\":\"Contadores P\u00fablicos de Santander\"},\"image\":{\"@id\":\"https:\\\/\\\/contadoreshoy.com\\\/#\\\/schema\\\/logo\\\/image\\\/\"},\"sameAs\":[\"https:\\\/\\\/www.facebook.com\\\/CCCPBucaramanga\\\/\"]},{\"@type\":\"Person\",\"@id\":\"https:\\\/\\\/contadoreshoy.com\\\/#\\\/schema\\\/person\\\/96d8979cb865537c5dc9345e40089fc5\",\"name\":\"Miguel Antonio M\u00e1rquez Monta\u00f1ez\",\"description\":\"Contador P\u00fablico egresado de la Universidad Aut\u00f3noma de Bucaramanga - Asesor contable tributario con m\u00e1s de 25 a\u00f1os de experiencia - Conferencista en temas contables y tributarios - T\u00e9cnico en Hardware y Dise\u00f1o Web - Creador y director Grupo de Estudio Colegio Colombiano de Contadores P\u00fablicos de Bucaramanga - Creador y Master Web p\u00e1gina www.contadoresp\u00fablicossantander.com - Expresidente Colegio Colombiano de Contadores P\u00fablicos Bucaramanga\",\"url\":\"https:\\\/\\\/contadoreshoy.com\\\/?author=1\"}]}<\/script>\n<!-- \/ Yoast SEO plugin. -->","yoast_head_json":{"title":"Oficio 05473 marzo 12 de 2016 DIAN - Notificaci\u00f3n electr\u00f3nica - Contadores P\u00fablicos","robots":{"index":"index","follow":"follow","max-snippet":"max-snippet:-1","max-image-preview":"max-image-preview:large","max-video-preview":"max-video-preview:-1"},"canonical":"https:\/\/contadoreshoy.com\/?p=7246","og_locale":"es_ES","og_type":"article","og_title":"Oficio 05473 marzo 12 de 2016 DIAN - Notificaci\u00f3n electr\u00f3nica - Contadores P\u00fablicos","og_description":"Para todos los efectos legales, la notificaci\u00f3n electr\u00f3nica se entender\u00e1 surtida en el momento en que se produzca el acuse de recibo en la direcci\u00f3n o sitio electr\u00f3nico asignado por la Direcci\u00f3n de Impuestos y Aduanas Nacionales. Dicho acuse consiste en el registro electr\u00f3nico de la fecha y hora en la que tenga lugar la recepci\u00f3n en la direcci\u00f3n o sitio electr\u00f3nico.","og_url":"https:\/\/contadoreshoy.com\/?p=7246","og_site_name":"Contadores P\u00fablicos","article_publisher":"https:\/\/www.facebook.com\/CCCPBucaramanga\/","article_published_time":"2016-05-02T20:34:38+00:00","article_modified_time":"2017-02-05T02:58:42+00:00","og_image":[{"width":600,"height":400,"url":"https:\/\/contadoreshoy.com\/wp-content\/uploads\/2016\/05\/correo-electronico.jpg","type":"image\/jpeg"}],"author":"Miguel Antonio M\u00e1rquez Monta\u00f1ez","twitter_card":"summary_large_image","twitter_misc":{"Escrito por":"Miguel Antonio M\u00e1rquez Monta\u00f1ez","Tiempo de lectura":"4 minutos"},"schema":{"@context":"https:\/\/schema.org","@graph":[{"@type":"Article","@id":"https:\/\/contadoreshoy.com\/?p=7246#article","isPartOf":{"@id":"https:\/\/contadoreshoy.com\/?p=7246"},"author":{"name":"Miguel Antonio M\u00e1rquez Monta\u00f1ez","@id":"https:\/\/contadoreshoy.com\/#\/schema\/person\/96d8979cb865537c5dc9345e40089fc5"},"headline":"Oficio 05473 marzo 12 de 2016 DIAN &#8211; Notificaci\u00f3n electr\u00f3nica","datePublished":"2016-05-02T20:34:38+00:00","dateModified":"2017-02-05T02:58:42+00:00","mainEntityOfPage":{"@id":"https:\/\/contadoreshoy.com\/?p=7246"},"wordCount":793,"commentCount":0,"publisher":{"@id":"https:\/\/contadoreshoy.com\/#organization"},"image":{"@id":"https:\/\/contadoreshoy.com\/?p=7246#primaryimage"},"thumbnailUrl":"https:\/\/contadoreshoy.com\/wp-content\/uploads\/2016\/05\/correo-electronico.jpg","articleSection":["Conceptos y Oficios DIAN"],"inLanguage":"es","potentialAction":[{"@type":"CommentAction","name":"Comment","target":["https:\/\/contadoreshoy.com\/?p=7246#respond"]}]},{"@type":"WebPage","@id":"https:\/\/contadoreshoy.com\/?p=7246","url":"https:\/\/contadoreshoy.com\/?p=7246","name":"Oficio 05473 marzo 12 de 2016 DIAN - Notificaci\u00f3n electr\u00f3nica - Contadores P\u00fablicos","isPartOf":{"@id":"https:\/\/contadoreshoy.com\/#website"},"primaryImageOfPage":{"@id":"https:\/\/contadoreshoy.com\/?p=7246#primaryimage"},"image":{"@id":"https:\/\/contadoreshoy.com\/?p=7246#primaryimage"},"thumbnailUrl":"https:\/\/contadoreshoy.com\/wp-content\/uploads\/2016\/05\/correo-electronico.jpg","datePublished":"2016-05-02T20:34:38+00:00","dateModified":"2017-02-05T02:58:42+00:00","breadcrumb":{"@id":"https:\/\/contadoreshoy.com\/?p=7246#breadcrumb"},"inLanguage":"es","potentialAction":[{"@type":"ReadAction","target":["https:\/\/contadoreshoy.com\/?p=7246"]}]},{"@type":"ImageObject","inLanguage":"es","@id":"https:\/\/contadoreshoy.com\/?p=7246#primaryimage","url":"https:\/\/contadoreshoy.com\/wp-content\/uploads\/2016\/05\/correo-electronico.jpg","contentUrl":"https:\/\/contadoreshoy.com\/wp-content\/uploads\/2016\/05\/correo-electronico.jpg","width":600,"height":400},{"@type":"BreadcrumbList","@id":"https:\/\/contadoreshoy.com\/?p=7246#breadcrumb","itemListElement":[{"@type":"ListItem","position":1,"name":"Portada","item":"https:\/\/contadoreshoy.com\/"},{"@type":"ListItem","position":2,"name":"Oficio 05473 marzo 12 de 2016 DIAN &#8211; Notificaci\u00f3n electr\u00f3nica"}]},{"@type":"WebSite","@id":"https:\/\/contadoreshoy.com\/#website","url":"https:\/\/contadoreshoy.com\/","name":"Contadorespublicossantander","description":"Portal para Contadores P\u00fablicos y empresarios","publisher":{"@id":"https:\/\/contadoreshoy.com\/#organization"},"potentialAction":[{"@type":"SearchAction","target":{"@type":"EntryPoint","urlTemplate":"https:\/\/contadoreshoy.com\/?s={search_term_string}"},"query-input":{"@type":"PropertyValueSpecification","valueRequired":true,"valueName":"search_term_string"}}],"inLanguage":"es"},{"@type":"Organization","@id":"https:\/\/contadoreshoy.com\/#organization","name":"Contadores P\u00fablicos de Santander","url":"https:\/\/contadoreshoy.com\/","logo":{"@type":"ImageObject","inLanguage":"es","@id":"https:\/\/contadoreshoy.com\/#\/schema\/logo\/image\/","url":"https:\/\/contadoreshoy.com\/wp-content\/uploads\/2024\/01\/cropped-cropped-Copia-de-M-1.jpg","contentUrl":"https:\/\/contadoreshoy.com\/wp-content\/uploads\/2024\/01\/cropped-cropped-Copia-de-M-1.jpg","width":499,"height":500,"caption":"Contadores P\u00fablicos de Santander"},"image":{"@id":"https:\/\/contadoreshoy.com\/#\/schema\/logo\/image\/"},"sameAs":["https:\/\/www.facebook.com\/CCCPBucaramanga\/"]},{"@type":"Person","@id":"https:\/\/contadoreshoy.com\/#\/schema\/person\/96d8979cb865537c5dc9345e40089fc5","name":"Miguel Antonio M\u00e1rquez Monta\u00f1ez","description":"Contador P\u00fablico egresado de la Universidad Aut\u00f3noma de Bucaramanga - Asesor contable tributario con m\u00e1s de 25 a\u00f1os de experiencia - Conferencista en temas contables y tributarios - T\u00e9cnico en Hardware y Dise\u00f1o Web - Creador y director Grupo de Estudio Colegio Colombiano de Contadores P\u00fablicos de Bucaramanga - Creador y Master Web p\u00e1gina www.contadoresp\u00fablicossantander.com - Expresidente Colegio Colombiano de Contadores P\u00fablicos Bucaramanga","url":"https:\/\/contadoreshoy.com\/?author=1"}]}},"_links":{"self":[{"href":"https:\/\/contadoreshoy.com\/index.php?rest_route=\/wp\/v2\/posts\/7246","targetHints":{"allow":["GET"]}}],"collection":[{"href":"https:\/\/contadoreshoy.com\/index.php?rest_route=\/wp\/v2\/posts"}],"about":[{"href":"https:\/\/contadoreshoy.com\/index.php?rest_route=\/wp\/v2\/types\/post"}],"author":[{"embeddable":true,"href":"https:\/\/contadoreshoy.com\/index.php?rest_route=\/wp\/v2\/users\/1"}],"replies":[{"embeddable":true,"href":"https:\/\/contadoreshoy.com\/index.php?rest_route=%2Fwp%2Fv2%2Fcomments&post=7246"}],"version-history":[{"count":1,"href":"https:\/\/contadoreshoy.com\/index.php?rest_route=\/wp\/v2\/posts\/7246\/revisions"}],"predecessor-version":[{"id":7871,"href":"https:\/\/contadoreshoy.com\/index.php?rest_route=\/wp\/v2\/posts\/7246\/revisions\/7871"}],"wp:featuredmedia":[{"embeddable":true,"href":"https:\/\/contadoreshoy.com\/index.php?rest_route=\/wp\/v2\/media\/7247"}],"wp:attachment":[{"href":"https:\/\/contadoreshoy.com\/index.php?rest_route=%2Fwp%2Fv2%2Fmedia&parent=7246"}],"wp:term":[{"taxonomy":"category","embeddable":true,"href":"https:\/\/contadoreshoy.com\/index.php?rest_route=%2Fwp%2Fv2%2Fcategories&post=7246"},{"taxonomy":"post_tag","embeddable":true,"href":"https:\/\/contadoreshoy.com\/index.php?rest_route=%2Fwp%2Fv2%2Ftags&post=7246"}],"curies":[{"name":"wp","href":"https:\/\/api.w.org\/{rel}","templated":true}]}}