{"id":7255,"date":"2016-05-04T17:08:17","date_gmt":"2016-05-04T22:08:17","guid":{"rendered":"http:\/\/colegiocolombianodecontadores.com\/?p=7255"},"modified":"2017-02-04T21:58:42","modified_gmt":"2017-02-05T02:58:42","slug":"oficio-07097-marzo-31-de-2016-dian-declaracion-cree-sin-pago","status":"publish","type":"post","link":"https:\/\/contadoreshoy.com\/?p=7255","title":{"rendered":"Oficio 07097 marzo 31 de 2016 DIAN &#8211; Declaraci\u00f3n CREE sin pago"},"content":{"rendered":"<p style=\"text-align: center;\">OFICIO 07097 MARZO 31 DE 2016 DIAN<\/p>\n<p><strong>Referencia:<\/strong> Radicado 005831 del 10\/03\/2016<\/p>\n<table style=\"height: 200px;\" width=\"1022\">\n<tbody>\n<tr>\n<td width=\"108\"><strong>Tema:<\/strong><\/td>\n<td width=\"338\">Procedimiento Tributario<\/td>\n<\/tr>\n<tr>\n<td width=\"108\"><strong>Descriptores:<\/strong><\/td>\n<td width=\"338\">Declaraci\u00f3n CREE\/ sin pago<\/td>\n<\/tr>\n<tr>\n<td width=\"108\"><strong>Fuentes Formales:<\/strong><\/td>\n<td width=\"338\">Art\u00edculo 27 de la Ley 1607 de 2012 y art\u00edculos 580, 635, 641 y 642 del Estatuto Tributario.<\/td>\n<\/tr>\n<\/tbody>\n<\/table>\n<p style=\"text-align: justify;\">En desarrollo de la competencia fijada por el art\u00edculo 20 del Decreto 4048 de 2008, referente a la interpretaci\u00f3n de las normas de car\u00e1cter tributario, aduanero y cambiario del orden nacional, este despacho atiende el escrito de la referencia, en el que formula varios interrogantes relacionados con la presentaci\u00f3n de la declaraci\u00f3n del impuesto sobre la renta para la equidad \u2013CREE; como quiera que se refieren al mismo aspecto, se resumir\u00e1n para su respuesta, as\u00ed:<\/p>\n<p style=\"text-align: justify;\">PREGUNTA<\/p>\n<p style=\"text-align: justify;\"><span style=\"color: #0000ff;\">\u00bfDe conformidad con el par\u00e1grafo del art\u00edculo 27 de la Ley 1607 de 2012, se considera v\u00e1lidamente presentada la declaraci\u00f3n del impuesto sobre la renta para la equidad \u2013CREE, que se presenta oportunamente sin pago o con pago parcial y respecto de la cual el contribuyente efect\u00faa su pago total antes de que la Administraci\u00f3n Tributaria profiera el Auto Declarativo que la de c\u00f3mo no presentada?<\/span><\/p>\n<p style=\"text-align: justify;\">RESPUESTA<\/p>\n<p style=\"text-align: justify;\">Respecto de la declaraci\u00f3n del impuesto sobre la renta para la equidad \u2013 CREE\u2013, el art\u00edculo 27 de la ley 1607 de 2012 consagra:<\/p>\n<p style=\"text-align: justify;\">\u201cArt\u00edculo 27. <em>Declaraci\u00f3n y pago. <\/em>La declaraci\u00f3n y pago del Impuesto sobre la Renta para la Equidad (CREE) de que trata el art\u00edculo <u>20<\/u> de la presente ley se har\u00e1 en los plazos y condiciones que se\u00f1ale el Gobierno nacional.<\/p>\n<p style=\"text-align: justify;\">Par\u00e1grafo. <span style=\"color: #ff6600;\">Se entender\u00e1n como no presentadas las declaraciones, para efectos de este impuesto, que se presenten sin pago total dentro del plazo para declarar. Las declaraciones que se hayan presentado sin pago total antes del vencimiento para declarar, producir\u00e1n efectos legales, siempre y cuando el pago del impuesto se efect\u00fae o se haya efectuado dentro del plazo fijado para ello en el ordenamiento jur\u00eddico (&#8230;)<\/span>\u201d.<\/p>\n<p style=\"text-align: justify;\">Se observa que la disposici\u00f3n es expresa al se\u00f1alar la consecuencia de no efectuar dentro del plazo establecido para ello, el pago del total valor arrojado en la declaraci\u00f3n, esto es que se entienden como no presentadas.<\/p>\n<p style=\"text-align: justify;\">Ahora bien, sobre el efecto de que una declaraci\u00f3n se tenga por no presentada, es oportuno citar apartes del Concepto n\u00famero 023073 de agosto 6 de 2015, en el que sobre el tema y al referirse a la declaraci\u00f3n de renta CREE, esta dependencia manifest\u00f3:<\/p>\n<p style=\"text-align: justify;\"><em>\u201c(&#8230;) si se presenta declaraci\u00f3n del impuesto sobre la renta para la Equidad \u2013 CREE sin pago alguno dentro de los t\u00e9rminos legales establecidos, esta se entender\u00e1 como no presentada.<\/em><\/p>\n<p style=\"text-align: justify;\"><em>De otra parte, atendiendo su inquietud general y en particular la segunda, <span style=\"color: #ff6600;\">vale la pena tener en cuenta la jurisprudencia de Corte Constitucional y del Consejo de Estado, mediante la cual han determinado que para considerar como no presentada una declaraci\u00f3n tributaria no basta con que la misma este incursa en la causal contemplada en la norma legal, sino que es necesaria la expedici\u00f3n de un auto declarativo que as\u00ed lo ordene, el cual deber\u00e1 estar debidamente motivado y sujeto a los principios de contradicci\u00f3n y defensa. En tanto no se profiera el mencionado auto, las declaraciones se consideran v\u00e1lidamente presentadas, as\u00ed lo dispuso tambi\u00e9n la circular interna 00066 del 24 de julio de 2008.<\/span><\/em><\/p>\n<p style=\"text-align: justify;\"><em><span style=\"color: #0000ff;\">En este sentido para tener como no presentada una declaraci\u00f3n tributaria, se requiere proferir un acto administrativo que as\u00ed lo declare, es decir, se debe agotar un procedimiento administrativo. Esto es, que se profiera un auto declarativo por la Administraci\u00f3n, que declare como no presentada una declaraci\u00f3n tributaria, en caso contrario si dentro del t\u00e9rmino de dos a\u00f1os la administraci\u00f3n no ha proferido y notificado un acto administrativo en el que declare como no presentada una declaraci\u00f3n, esta queda en firme;<\/span> as\u00ed las cosas resultan aplicables a estos casos los art\u00edculos 714 y 588 del Estatuto Tributario, normas que, pasados los t\u00e9rminos all\u00ed se\u00f1alados, impiden a la Administraci\u00f3n objetar las declaraciones y al contribuyente corregirlas, toda vez que su firmeza es oponible a ambas partes\u201d Consejo de Estado Julio 5 de 1996 Expediente n\u00famero 7770, M. P. doctora Consuelo Sarria.<\/em><\/p>\n<p style=\"text-align: justify;\"><em>Concordante con lo anterior, en los conceptos n\u00famero 053528 de junio 6 de 2000 y 021477 de 2000, este despacho ha acogido los pronunciamientos de la Honorable Corte Constitucional y del Consejo de Estado, en el sentido de que para tener una declaraci\u00f3n por no presentada, debe proferirse un auto que as\u00ed lo declare. (Sentencia del H. C. E. del 14 de agosto de 1998, Ponente doctor Delio G\u00f3mez Leyva. Expediente n\u00famero 8968, sentencia de La Corte Constitucional <u>C-844\/99<\/u>).<\/em><\/p>\n<p style=\"text-align: justify;\"><em>Ahora bien, dando alcance a la primera respuesta dada en el oficio dirigido por la Coordinaci\u00f3n de Relator\u00eda, es importante considerar que as\u00ed no se haya proferido acto administrativo alguno \u2013auto declarativo\u2013, sobre la declaraci\u00f3n aqu\u00ed referida el contribuyente<u> debe<\/u> cancelar los valores adeudados o pendientes de pago, liquid\u00e1ndose los intereses moratorios a que haya lugar, sin perjuicio a que las \u00e1reas competentes verifiquen tal situaci\u00f3n.<\/em><\/p>\n<p style=\"text-align: justify;\"><em>Finalmente, si bien la primera parte del par\u00e1grafo del art\u00edculo 27 de la Ley 1607 de 2012 se\u00f1ala que \u201c\u2026 Se entender\u00e1n como no presentadas las declaraciones, para efectos de este impuesto, que se presenten sin pago total dentro del plazo para declarar\u2026\u201d, este aparte se entiende en el supuesto de haberse exigido el pago total dentro del plazo para declarar.<\/em><\/p>\n<p style=\"text-align: justify;\"><em><span style=\"color: #ff9900;\">Pero considerando que el Gobierno nacional otorg\u00f3 a los contribuyentes la prerrogativa de pagar el impuesto sobre la renta para la equidad \u2013 CREE en dos (2) cuotas de igual valor, la primera en fecha concomitante con la de la presentaci\u00f3n de la declaraci\u00f3n y la segunda, en una fecha posterior al vencimiento del plazo para la presentaci\u00f3n de la declaraci\u00f3n y pago de la primera cuota, considera este Despacho, que el pago de cada una de las cuotas se debe efectuar dentro de los plazos fijados por el Gobierno nacional para que la declaraci\u00f3n adquiera plenos efectos, en caso contrario, la consecuencia ser\u00e1 la de tenerse como no presentada, bajo las condiciones y consideraciones jurisprudenciales y doctrinarias anteriormente expuestas<\/span> (&#8230;)\u201d.<\/em><\/p>\n<p style=\"text-align: justify;\"><strong><span style=\"color: #ff6600;\">Debe resaltarse que no sucede lo mismo con la declaraci\u00f3n de autorretenci\u00f3n CREE pues respecto de esta se predica su \u201cno eficacia legal\u201d en caso de no presentarse con pago total dentro de los plazos legalmente establecidos, tal como lo consagra el art\u00edculo 3\u00b0 del Decreto 1828 de 2013, en cuyo caso no se requiere pronunciamiento alguno por parte de la Administraci\u00f3n Tributaria.<\/span><\/strong><\/p>\n<p style=\"text-align: justify;\"><span style=\"color: #0000ff;\">En cuanto a la pregunta: \u00bfSe considera v\u00e1lidamente presentada la declaraci\u00f3n de renta CREE, presentada extempor\u00e1neamente sin pago o con pago parcial?<\/span><\/p>\n<p style=\"text-align: justify;\">Conforme con el art\u00edculo 27 de la Ley 1607 de 2012, a que se hizo referencia en el punto anterior, <span style=\"color: #ff9900;\">la declaraci\u00f3n de renta CREE se tendr\u00e1 como no presentada si dentro del t\u00e9rmino establecido por el Gobierno nacional no se presenta con pago total.<\/span><\/p>\n<p style=\"text-align: justify;\">Ahora bien, la presentaci\u00f3n extempor\u00e1nea de la declaraci\u00f3n de renta \u2013CREE\u2013 no est\u00e1 incursa en el anterior supuesto legal. <span style=\"color: #ff9900;\">En este caso la declaraci\u00f3n deber\u00e1 incluir el pago no solo del impuesto a carga, sino de los respectivos intereses moratorios y de la sanci\u00f3n por extemporaneidad conforme con los art\u00edculos 634, 635, 641 del Estatuto Tributario o la sanci\u00f3n del art\u00edculo 642 de la norma ib\u00eddem si la declaraci\u00f3n se presenta con posterioridad al emplazamiento para declarar por parte de la Administraci\u00f3n Tributaria.<\/span><\/p>\n<p style=\"text-align: justify;\">Atentamente,<\/p>\n<p style=\"text-align: justify;\">El Subdirector de Gesti\u00f3n Normativa y Doctrina,<\/p>\n<p style=\"text-align: justify;\"><em>Pedro Pablo Contreras Camargo. <\/em><strong>(C. F.).<\/strong><\/p>\n","protected":false},"excerpt":{"rendered":"<p>La jurisprudencia de Corte Constitucional y del Consejo de Estado, han determinado que para considerar como no presentada una declaraci\u00f3n tributaria no basta con que la misma este incursa en la causal contemplada en la norma legal, sino que es necesaria la expedici\u00f3n de un auto declarativo que as\u00ed lo ordene, el cual deber\u00e1 estar debidamente motivado y sujeto a los principios de contradicci\u00f3n y defensa. En tanto no se profiera el mencionado auto, las declaraciones se consideran v\u00e1lidamente presentadas.<\/p>\n","protected":false},"author":1,"featured_media":7256,"comment_status":"open","ping_status":"open","sticky":false,"template":"","format":"standard","meta":{"_monsterinsights_skip_tracking":false,"ngg_post_thumbnail":0,"footnotes":"","_links_to":"","_links_to_target":""},"categories":[456],"tags":[],"class_list":["post-7255","post","type-post","status-publish","format-standard","has-post-thumbnail","hentry","category-conceptos-y-oficios-dian"],"aioseo_notices":[],"aioseo_head":"\n\t\t<!-- All in One SEO 5.0.1.1 - aioseo.com -->\n\t<meta name=\"description\" content=\"La jurisprudencia de Corte Constitucional y del Consejo de Estado, han determinado que para considerar como no presentada una declaraci\u00f3n tributaria no basta con que la misma este incursa en la causal contemplada en la norma legal, sino que es necesaria la expedici\u00f3n de un auto declarativo que as\u00ed lo ordene, el cual deber\u00e1 estar debidamente motivado y sujeto a los principios de contradicci\u00f3n y defensa. En tanto no se profiera el mencionado auto, las declaraciones se consideran v\u00e1lidamente presentadas.\" \/>\n\t<meta name=\"robots\" content=\"max-image-preview:large\" \/>\n\t<meta name=\"author\" content=\"Miguel Antonio M\u00e1rquez Monta\u00f1ez\"\/>\n\t<link rel=\"canonical\" href=\"https:\/\/contadoreshoy.com\/?p=7255\" \/>\n\t<meta name=\"generator\" content=\"All in One SEO (AIOSEO) 5.0.1.1\" \/>\n\t\t<meta property=\"og:locale\" content=\"es_ES\" \/>\n\t\t<meta property=\"og:site_name\" content=\"Contadores P\u00fablicos - Portal para Contadores P\u00fablicos y empresarios\" \/>\n\t\t<meta property=\"og:type\" content=\"article\" \/>\n\t\t<meta property=\"og:title\" content=\"Oficio 07097 marzo 31 de 2016 DIAN \u2013 Declaraci\u00f3n CREE sin pago - Contadores P\u00fablicos\" \/>\n\t\t<meta property=\"og:description\" content=\"La jurisprudencia de Corte Constitucional y del Consejo de Estado, han determinado que para considerar como no presentada una declaraci\u00f3n tributaria no basta con que la misma este incursa en la causal contemplada en la norma legal, sino que es necesaria la expedici\u00f3n de un auto declarativo que as\u00ed lo ordene, el cual deber\u00e1 estar debidamente motivado y sujeto a los principios de contradicci\u00f3n y defensa. En tanto no se profiera el mencionado auto, las declaraciones se consideran v\u00e1lidamente presentadas.\" \/>\n\t\t<meta property=\"og:url\" content=\"https:\/\/contadoreshoy.com\/?p=7255\" \/>\n\t\t<meta property=\"og:image\" content=\"https:\/\/contadoreshoy.com\/wp-content\/uploads\/2024\/01\/cropped-cropped-cropped-Copia-de-M.jpg\" \/>\n\t\t<meta property=\"og:image:secure_url\" content=\"https:\/\/contadoreshoy.com\/wp-content\/uploads\/2024\/01\/cropped-cropped-cropped-Copia-de-M.jpg\" \/>\n\t\t<meta property=\"og:image:width\" content=\"512\" \/>\n\t\t<meta property=\"og:image:height\" content=\"371\" \/>\n\t\t<meta property=\"article:published_time\" content=\"2016-05-04T22:08:17+00:00\" \/>\n\t\t<meta property=\"article:modified_time\" content=\"2017-02-05T02:58:42+00:00\" \/>\n\t\t<meta name=\"twitter:card\" content=\"summary_large_image\" \/>\n\t\t<meta name=\"twitter:title\" content=\"Oficio 07097 marzo 31 de 2016 DIAN \u2013 Declaraci\u00f3n CREE sin pago - Contadores P\u00fablicos\" \/>\n\t\t<meta name=\"twitter:description\" content=\"La jurisprudencia de Corte Constitucional y del Consejo de Estado, han determinado que para considerar como no presentada una declaraci\u00f3n tributaria no basta con que la misma este incursa en la causal contemplada en la norma legal, sino que es necesaria la expedici\u00f3n de un auto declarativo que as\u00ed lo ordene, el cual deber\u00e1 estar debidamente motivado y sujeto a los principios de contradicci\u00f3n y defensa. En tanto no se profiera el mencionado auto, las declaraciones se consideran v\u00e1lidamente presentadas.\" \/>\n\t\t<meta name=\"twitter:image\" content=\"https:\/\/contadoreshoy.com\/wp-content\/uploads\/2024\/01\/cropped-cropped-cropped-Copia-de-M.jpg\" \/>\n\t\t<script type=\"application\/ld+json\" class=\"aioseo-schema\">\n\t\t\t{\"@context\":\"https:\\\/\\\/schema.org\",\"@graph\":[{\"@type\":\"BlogPosting\",\"@id\":\"https:\\\/\\\/contadoreshoy.com\\\/?p=7255#blogposting\",\"name\":\"Oficio 07097 marzo 31 de 2016 DIAN \\u2013 Declaraci\\u00f3n CREE sin pago - Contadores P\\u00fablicos\",\"headline\":\"Oficio 07097 marzo 31 de 2016 DIAN &#8211; Declaraci\\u00f3n CREE sin pago\",\"author\":{\"@id\":\"https:\\\/\\\/contadoreshoy.com\\\/?author=1#author\"},\"publisher\":{\"@id\":\"https:\\\/\\\/contadoreshoy.com\\\/#organization\"},\"image\":{\"@type\":\"ImageObject\",\"url\":\"https:\\\/\\\/contadoreshoy.com\\\/wp-content\\\/uploads\\\/2016\\\/05\\\/cree2.jpg\",\"width\":600,\"height\":400},\"datePublished\":\"2016-05-04T17:08:17-05:00\",\"dateModified\":\"2017-02-04T21:58:42-05:00\",\"inLanguage\":\"es-ES\",\"mainEntityOfPage\":{\"@id\":\"https:\\\/\\\/contadoreshoy.com\\\/?p=7255#webpage\"},\"isPartOf\":{\"@id\":\"https:\\\/\\\/contadoreshoy.com\\\/?p=7255#webpage\"},\"articleSection\":\"Conceptos y Oficios DIAN\"},{\"@type\":\"BreadcrumbList\",\"@id\":\"https:\\\/\\\/contadoreshoy.com\\\/?p=7255#breadcrumblist\",\"itemListElement\":[{\"@type\":\"ListItem\",\"@id\":\"https:\\\/\\\/contadoreshoy.com#listItem\",\"position\":1,\"name\":\"Home\",\"item\":\"https:\\\/\\\/contadoreshoy.com\",\"nextItem\":{\"@type\":\"ListItem\",\"@id\":\"https:\\\/\\\/contadoreshoy.com\\\/?cat=456#listItem\",\"name\":\"Conceptos y Oficios DIAN\"}},{\"@type\":\"ListItem\",\"@id\":\"https:\\\/\\\/contadoreshoy.com\\\/?cat=456#listItem\",\"position\":2,\"name\":\"Conceptos y Oficios DIAN\",\"item\":\"https:\\\/\\\/contadoreshoy.com\\\/?cat=456\",\"nextItem\":{\"@type\":\"ListItem\",\"@id\":\"https:\\\/\\\/contadoreshoy.com\\\/?p=7255#listItem\",\"name\":\"Oficio 07097 marzo 31 de 2016 DIAN &#8211; Declaraci\\u00f3n CREE sin pago\"},\"previousItem\":{\"@type\":\"ListItem\",\"@id\":\"https:\\\/\\\/contadoreshoy.com#listItem\",\"name\":\"Home\"}},{\"@type\":\"ListItem\",\"@id\":\"https:\\\/\\\/contadoreshoy.com\\\/?p=7255#listItem\",\"position\":3,\"name\":\"Oficio 07097 marzo 31 de 2016 DIAN &#8211; Declaraci\\u00f3n CREE sin pago\",\"previousItem\":{\"@type\":\"ListItem\",\"@id\":\"https:\\\/\\\/contadoreshoy.com\\\/?cat=456#listItem\",\"name\":\"Conceptos y Oficios DIAN\"}}]},{\"@type\":\"Organization\",\"@id\":\"https:\\\/\\\/contadoreshoy.com\\\/#organization\",\"name\":\"Contadores P\\u00fablicos\",\"description\":\"Portal para Contadores P\\u00fablicos y empresarios\",\"url\":\"https:\\\/\\\/contadoreshoy.com\\\/\",\"logo\":{\"@type\":\"ImageObject\",\"url\":\"https:\\\/\\\/contadoreshoy.com\\\/wp-content\\\/uploads\\\/2024\\\/01\\\/cropped-cropped-Copia-de-M-1.jpg\",\"@id\":\"https:\\\/\\\/contadoreshoy.com\\\/?p=7255\\\/#organizationLogo\",\"width\":499,\"height\":500},\"image\":{\"@id\":\"https:\\\/\\\/contadoreshoy.com\\\/?p=7255\\\/#organizationLogo\"}},{\"@type\":\"Person\",\"@id\":\"https:\\\/\\\/contadoreshoy.com\\\/?author=1#author\",\"url\":\"https:\\\/\\\/contadoreshoy.com\\\/?author=1\",\"name\":\"Miguel Antonio M\\u00e1rquez Monta\\u00f1ez\"},{\"@type\":\"WebPage\",\"@id\":\"https:\\\/\\\/contadoreshoy.com\\\/?p=7255#webpage\",\"url\":\"https:\\\/\\\/contadoreshoy.com\\\/?p=7255\",\"name\":\"Oficio 07097 marzo 31 de 2016 DIAN \\u2013 Declaraci\\u00f3n CREE sin pago - Contadores P\\u00fablicos\",\"description\":\"La jurisprudencia de Corte Constitucional y del Consejo de Estado, han determinado que para considerar como no presentada una declaraci\\u00f3n tributaria no basta con que la misma este incursa en la causal contemplada en la norma legal, sino que es necesaria la expedici\\u00f3n de un auto declarativo que as\\u00ed lo ordene, el cual deber\\u00e1 estar debidamente motivado y sujeto a los principios de contradicci\\u00f3n y defensa. En tanto no se profiera el mencionado auto, las declaraciones se consideran v\\u00e1lidamente presentadas.\",\"inLanguage\":\"es-ES\",\"isPartOf\":{\"@id\":\"https:\\\/\\\/contadoreshoy.com\\\/#website\"},\"breadcrumb\":{\"@id\":\"https:\\\/\\\/contadoreshoy.com\\\/?p=7255#breadcrumblist\"},\"author\":{\"@id\":\"https:\\\/\\\/contadoreshoy.com\\\/?author=1#author\"},\"creator\":{\"@id\":\"https:\\\/\\\/contadoreshoy.com\\\/?author=1#author\"},\"image\":{\"@type\":\"ImageObject\",\"url\":\"https:\\\/\\\/contadoreshoy.com\\\/wp-content\\\/uploads\\\/2016\\\/05\\\/cree2.jpg\",\"@id\":\"https:\\\/\\\/contadoreshoy.com\\\/?p=7255\\\/#mainImage\",\"width\":600,\"height\":400},\"primaryImageOfPage\":{\"@id\":\"https:\\\/\\\/contadoreshoy.com\\\/?p=7255#mainImage\"},\"datePublished\":\"2016-05-04T17:08:17-05:00\",\"dateModified\":\"2017-02-04T21:58:42-05:00\"},{\"@type\":\"WebSite\",\"@id\":\"https:\\\/\\\/contadoreshoy.com\\\/#website\",\"url\":\"https:\\\/\\\/contadoreshoy.com\\\/\",\"name\":\"Contadores P\\u00fablicos\",\"description\":\"Portal para Contadores P\\u00fablicos y empresarios\",\"inLanguage\":\"es-ES\",\"publisher\":{\"@id\":\"https:\\\/\\\/contadoreshoy.com\\\/#organization\"}}]}\n\t\t<\/script>\n\t\t<!-- All in One SEO -->\n\n","aioseo_head_json":{"title":"Oficio 07097 marzo 31 de 2016 DIAN \u2013 Declaraci\u00f3n CREE sin pago - Contadores P\u00fablicos","description":"La jurisprudencia de Corte Constitucional y del Consejo de Estado, han determinado que para considerar como no presentada una declaraci\u00f3n tributaria no basta con que la misma este incursa en la causal contemplada en la norma legal, sino que es necesaria la expedici\u00f3n de un auto declarativo que as\u00ed lo ordene, el cual deber\u00e1 estar debidamente motivado y sujeto a los principios de contradicci\u00f3n y defensa. En tanto no se profiera el mencionado auto, las declaraciones se consideran v\u00e1lidamente presentadas.","canonical_url":"https:\/\/contadoreshoy.com\/?p=7255","robots":"max-image-preview:large","keywords":"","webmasterTools":{"miscellaneous":""},"schema":{"@context":"https:\/\/schema.org","@graph":[{"@type":"BlogPosting","@id":"https:\/\/contadoreshoy.com\/?p=7255#blogposting","name":"Oficio 07097 marzo 31 de 2016 DIAN \u2013 Declaraci\u00f3n CREE sin pago - Contadores P\u00fablicos","headline":"Oficio 07097 marzo 31 de 2016 DIAN &#8211; Declaraci\u00f3n CREE sin pago","author":{"@id":"https:\/\/contadoreshoy.com\/?author=1#author"},"publisher":{"@id":"https:\/\/contadoreshoy.com\/#organization"},"image":{"@type":"ImageObject","url":"https:\/\/contadoreshoy.com\/wp-content\/uploads\/2016\/05\/cree2.jpg","width":600,"height":400},"datePublished":"2016-05-04T17:08:17-05:00","dateModified":"2017-02-04T21:58:42-05:00","inLanguage":"es-ES","mainEntityOfPage":{"@id":"https:\/\/contadoreshoy.com\/?p=7255#webpage"},"isPartOf":{"@id":"https:\/\/contadoreshoy.com\/?p=7255#webpage"},"articleSection":"Conceptos y Oficios DIAN"},{"@type":"BreadcrumbList","@id":"https:\/\/contadoreshoy.com\/?p=7255#breadcrumblist","itemListElement":[{"@type":"ListItem","@id":"https:\/\/contadoreshoy.com#listItem","position":1,"name":"Home","item":"https:\/\/contadoreshoy.com","nextItem":{"@type":"ListItem","@id":"https:\/\/contadoreshoy.com\/?cat=456#listItem","name":"Conceptos y Oficios DIAN"}},{"@type":"ListItem","@id":"https:\/\/contadoreshoy.com\/?cat=456#listItem","position":2,"name":"Conceptos y Oficios DIAN","item":"https:\/\/contadoreshoy.com\/?cat=456","nextItem":{"@type":"ListItem","@id":"https:\/\/contadoreshoy.com\/?p=7255#listItem","name":"Oficio 07097 marzo 31 de 2016 DIAN &#8211; Declaraci\u00f3n CREE sin pago"},"previousItem":{"@type":"ListItem","@id":"https:\/\/contadoreshoy.com#listItem","name":"Home"}},{"@type":"ListItem","@id":"https:\/\/contadoreshoy.com\/?p=7255#listItem","position":3,"name":"Oficio 07097 marzo 31 de 2016 DIAN &#8211; Declaraci\u00f3n CREE sin pago","previousItem":{"@type":"ListItem","@id":"https:\/\/contadoreshoy.com\/?cat=456#listItem","name":"Conceptos y Oficios DIAN"}}]},{"@type":"Organization","@id":"https:\/\/contadoreshoy.com\/#organization","name":"Contadores P\u00fablicos","description":"Portal para Contadores P\u00fablicos y empresarios","url":"https:\/\/contadoreshoy.com\/","logo":{"@type":"ImageObject","url":"https:\/\/contadoreshoy.com\/wp-content\/uploads\/2024\/01\/cropped-cropped-Copia-de-M-1.jpg","@id":"https:\/\/contadoreshoy.com\/?p=7255\/#organizationLogo","width":499,"height":500},"image":{"@id":"https:\/\/contadoreshoy.com\/?p=7255\/#organizationLogo"}},{"@type":"Person","@id":"https:\/\/contadoreshoy.com\/?author=1#author","url":"https:\/\/contadoreshoy.com\/?author=1","name":"Miguel Antonio M\u00e1rquez Monta\u00f1ez"},{"@type":"WebPage","@id":"https:\/\/contadoreshoy.com\/?p=7255#webpage","url":"https:\/\/contadoreshoy.com\/?p=7255","name":"Oficio 07097 marzo 31 de 2016 DIAN \u2013 Declaraci\u00f3n CREE sin pago - Contadores P\u00fablicos","description":"La jurisprudencia de Corte Constitucional y del Consejo de Estado, han determinado que para considerar como no presentada una declaraci\u00f3n tributaria no basta con que la misma este incursa en la causal contemplada en la norma legal, sino que es necesaria la expedici\u00f3n de un auto declarativo que as\u00ed lo ordene, el cual deber\u00e1 estar debidamente motivado y sujeto a los principios de contradicci\u00f3n y defensa. En tanto no se profiera el mencionado auto, las declaraciones se consideran v\u00e1lidamente presentadas.","inLanguage":"es-ES","isPartOf":{"@id":"https:\/\/contadoreshoy.com\/#website"},"breadcrumb":{"@id":"https:\/\/contadoreshoy.com\/?p=7255#breadcrumblist"},"author":{"@id":"https:\/\/contadoreshoy.com\/?author=1#author"},"creator":{"@id":"https:\/\/contadoreshoy.com\/?author=1#author"},"image":{"@type":"ImageObject","url":"https:\/\/contadoreshoy.com\/wp-content\/uploads\/2016\/05\/cree2.jpg","@id":"https:\/\/contadoreshoy.com\/?p=7255\/#mainImage","width":600,"height":400},"primaryImageOfPage":{"@id":"https:\/\/contadoreshoy.com\/?p=7255#mainImage"},"datePublished":"2016-05-04T17:08:17-05:00","dateModified":"2017-02-04T21:58:42-05:00"},{"@type":"WebSite","@id":"https:\/\/contadoreshoy.com\/#website","url":"https:\/\/contadoreshoy.com\/","name":"Contadores P\u00fablicos","description":"Portal para Contadores P\u00fablicos y empresarios","inLanguage":"es-ES","publisher":{"@id":"https:\/\/contadoreshoy.com\/#organization"}}]},"og:locale":"es_ES","og:site_name":"Contadores P\u00fablicos - Portal para Contadores P\u00fablicos y empresarios","og:type":"article","og:title":"Oficio 07097 marzo 31 de 2016 DIAN \u2013 Declaraci\u00f3n CREE sin pago - Contadores P\u00fablicos","og:description":"La jurisprudencia de Corte Constitucional y del Consejo de Estado, han determinado que para considerar como no presentada una declaraci\u00f3n tributaria no basta con que la misma este incursa en la causal contemplada en la norma legal, sino que es necesaria la expedici\u00f3n de un auto declarativo que as\u00ed lo ordene, el cual deber\u00e1 estar debidamente motivado y sujeto a los principios de contradicci\u00f3n y defensa. En tanto no se profiera el mencionado auto, las declaraciones se consideran v\u00e1lidamente presentadas.","og:url":"https:\/\/contadoreshoy.com\/?p=7255","og:image":"https:\/\/contadoreshoy.com\/wp-content\/uploads\/2024\/01\/cropped-cropped-cropped-Copia-de-M.jpg","og:image:secure_url":"https:\/\/contadoreshoy.com\/wp-content\/uploads\/2024\/01\/cropped-cropped-cropped-Copia-de-M.jpg","og:image:width":512,"og:image:height":371,"article:published_time":"2016-05-04T22:08:17+00:00","article:modified_time":"2017-02-05T02:58:42+00:00","twitter:card":"summary_large_image","twitter:title":"Oficio 07097 marzo 31 de 2016 DIAN \u2013 Declaraci\u00f3n CREE sin pago - Contadores P\u00fablicos","twitter:description":"La jurisprudencia de Corte Constitucional y del Consejo de Estado, han determinado que para considerar como no presentada una declaraci\u00f3n tributaria no basta con que la misma este incursa en la causal contemplada en la norma legal, sino que es necesaria la expedici\u00f3n de un auto declarativo que as\u00ed lo ordene, el cual deber\u00e1 estar debidamente motivado y sujeto a los principios de contradicci\u00f3n y defensa. En tanto no se profiera el mencionado auto, las declaraciones se consideran v\u00e1lidamente presentadas.","twitter:image":"https:\/\/contadoreshoy.com\/wp-content\/uploads\/2024\/01\/cropped-cropped-cropped-Copia-de-M.jpg"},"aioseo_meta_data":{"post_id":"7255","title":null,"description":null,"keywords":null,"keyphrases":null,"primary_term":null,"canonical_url":null,"og_title":null,"og_description":null,"og_object_type":"default","og_image_type":"default","og_image_url":null,"og_image_width":null,"og_image_height":null,"og_image_custom_url":null,"og_image_custom_fields":null,"og_video":null,"og_custom_url":null,"og_article_section":null,"og_article_tags":null,"twitter_use_og":false,"twitter_card":"default","twitter_image_type":"default","twitter_image_url":null,"twitter_image_custom_url":null,"twitter_image_custom_fields":null,"twitter_title":null,"twitter_description":null,"schema":{"blockGraphs":[],"customGraphs":[],"default":{"data":{"Article":[],"Course":[],"Dataset":[],"FAQPage":[],"Movie":[],"Person":[],"Product":[],"ProductReview":[],"Car":[],"Recipe":[],"Service":[],"SoftwareApplication":[],"WebPage":[]},"graphName":"","isEnabled":true},"graphs":[]},"schema_type":"default","schema_type_options":null,"pillar_content":false,"robots_default":true,"robots_noindex":false,"robots_noarchive":false,"robots_nosnippet":false,"robots_nofollow":false,"robots_noimageindex":false,"robots_noodp":false,"robots_notranslate":false,"robots_max_snippet":null,"robots_max_videopreview":null,"robots_max_imagepreview":"large","priority":null,"frequency":null,"local_seo":null,"breadcrumb_settings":null,"limit_modified_date":false,"ai":null,"created":"2024-03-05 01:37:26","updated":"2026-03-03 04:53:10","seo_analyzer_scan_date":null,"focus_keyword":null,"additional_keywords":null,"truseo_locale":null},"aioseo_breadcrumb":"<div class=\"aioseo-breadcrumbs\"><span class=\"aioseo-breadcrumb\">\n\t\t\t<a href=\"https:\/\/contadoreshoy.com\" title=\"Home\">Home<\/a>\n\t\t<\/span><span class=\"aioseo-breadcrumb-separator\">&raquo;<\/span><span class=\"aioseo-breadcrumb\">\n\t\t\t<a href=\"https:\/\/contadoreshoy.com\/?cat=456\" title=\"Conceptos y Oficios DIAN\">Conceptos y Oficios DIAN<\/a>\n\t\t<\/span><span class=\"aioseo-breadcrumb-separator\">&raquo;<\/span><span class=\"aioseo-breadcrumb\">\n\t\t\tOficio 07097 marzo 31 de 2016 DIAN \u2013 Declaraci\u00f3n CREE sin pago\n\t\t<\/span><\/div>","aioseo_breadcrumb_json":[{"label":"Home","link":"https:\/\/contadoreshoy.com"},{"label":"Conceptos y Oficios DIAN","link":"https:\/\/contadoreshoy.com\/?cat=456"},{"label":"Oficio 07097 marzo 31 de 2016 DIAN &#8211; Declaraci\u00f3n CREE sin pago","link":"https:\/\/contadoreshoy.com\/?p=7255"}],"yoast_head":"<!-- This site is optimized with the Yoast SEO plugin v28.4 - https:\/\/yoast.com\/product\/yoast-seo-wordpress\/ -->\n<title>Oficio 07097 marzo 31 de 2016 DIAN - Declaraci\u00f3n CREE sin pago - Contadores P\u00fablicos<\/title>\n<meta name=\"robots\" content=\"index, follow, max-snippet:-1, max-image-preview:large, max-video-preview:-1\" \/>\n<link rel=\"canonical\" href=\"https:\/\/contadoreshoy.com\/?p=7255\" \/>\n<meta property=\"og:locale\" content=\"es_ES\" \/>\n<meta property=\"og:type\" content=\"article\" \/>\n<meta property=\"og:title\" content=\"Oficio 07097 marzo 31 de 2016 DIAN - Declaraci\u00f3n CREE sin pago - Contadores P\u00fablicos\" \/>\n<meta property=\"og:description\" content=\"La jurisprudencia de Corte Constitucional y del Consejo de Estado, han determinado que para considerar como no presentada una declaraci\u00f3n tributaria no basta con que la misma este incursa en la causal contemplada en la norma legal, sino que es necesaria la expedici\u00f3n de un auto declarativo que as\u00ed lo ordene, el cual deber\u00e1 estar debidamente motivado y sujeto a los principios de contradicci\u00f3n y defensa. En tanto no se profiera el mencionado auto, las declaraciones se consideran v\u00e1lidamente presentadas.\" \/>\n<meta property=\"og:url\" content=\"https:\/\/contadoreshoy.com\/?p=7255\" \/>\n<meta property=\"og:site_name\" content=\"Contadores P\u00fablicos\" \/>\n<meta property=\"article:publisher\" content=\"https:\/\/www.facebook.com\/CCCPBucaramanga\/\" \/>\n<meta property=\"article:published_time\" content=\"2016-05-04T22:08:17+00:00\" \/>\n<meta property=\"article:modified_time\" content=\"2017-02-05T02:58:42+00:00\" \/>\n<meta property=\"og:image\" content=\"https:\/\/contadoreshoy.com\/wp-content\/uploads\/2016\/05\/cree2.jpg\" \/>\n\t<meta property=\"og:image:width\" content=\"600\" \/>\n\t<meta property=\"og:image:height\" content=\"400\" \/>\n\t<meta property=\"og:image:type\" content=\"image\/jpeg\" \/>\n<meta name=\"author\" content=\"Miguel Antonio M\u00e1rquez Monta\u00f1ez\" \/>\n<meta name=\"twitter:card\" content=\"summary_large_image\" \/>\n<meta name=\"twitter:label1\" content=\"Escrito por\" \/>\n\t<meta name=\"twitter:data1\" content=\"Miguel Antonio M\u00e1rquez Monta\u00f1ez\" \/>\n\t<meta name=\"twitter:label2\" content=\"Tiempo de lectura\" \/>\n\t<meta name=\"twitter:data2\" content=\"6 minutos\" \/>\n<script type=\"application\/ld+json\" class=\"yoast-schema-graph\">{\"@context\":\"https:\\\/\\\/schema.org\",\"@graph\":[{\"@type\":\"Article\",\"@id\":\"https:\\\/\\\/contadoreshoy.com\\\/?p=7255#article\",\"isPartOf\":{\"@id\":\"https:\\\/\\\/contadoreshoy.com\\\/?p=7255\"},\"author\":{\"name\":\"Miguel Antonio M\u00e1rquez Monta\u00f1ez\",\"@id\":\"https:\\\/\\\/contadoreshoy.com\\\/#\\\/schema\\\/person\\\/96d8979cb865537c5dc9345e40089fc5\"},\"headline\":\"Oficio 07097 marzo 31 de 2016 DIAN &#8211; Declaraci\u00f3n CREE sin pago\",\"datePublished\":\"2016-05-04T22:08:17+00:00\",\"dateModified\":\"2017-02-05T02:58:42+00:00\",\"mainEntityOfPage\":{\"@id\":\"https:\\\/\\\/contadoreshoy.com\\\/?p=7255\"},\"wordCount\":1273,\"commentCount\":0,\"publisher\":{\"@id\":\"https:\\\/\\\/contadoreshoy.com\\\/#organization\"},\"image\":{\"@id\":\"https:\\\/\\\/contadoreshoy.com\\\/?p=7255#primaryimage\"},\"thumbnailUrl\":\"https:\\\/\\\/contadoreshoy.com\\\/wp-content\\\/uploads\\\/2016\\\/05\\\/cree2.jpg\",\"articleSection\":[\"Conceptos y Oficios DIAN\"],\"inLanguage\":\"es\",\"potentialAction\":[{\"@type\":\"CommentAction\",\"name\":\"Comment\",\"target\":[\"https:\\\/\\\/contadoreshoy.com\\\/?p=7255#respond\"]}]},{\"@type\":\"WebPage\",\"@id\":\"https:\\\/\\\/contadoreshoy.com\\\/?p=7255\",\"url\":\"https:\\\/\\\/contadoreshoy.com\\\/?p=7255\",\"name\":\"Oficio 07097 marzo 31 de 2016 DIAN - Declaraci\u00f3n CREE sin pago - Contadores P\u00fablicos\",\"isPartOf\":{\"@id\":\"https:\\\/\\\/contadoreshoy.com\\\/#website\"},\"primaryImageOfPage\":{\"@id\":\"https:\\\/\\\/contadoreshoy.com\\\/?p=7255#primaryimage\"},\"image\":{\"@id\":\"https:\\\/\\\/contadoreshoy.com\\\/?p=7255#primaryimage\"},\"thumbnailUrl\":\"https:\\\/\\\/contadoreshoy.com\\\/wp-content\\\/uploads\\\/2016\\\/05\\\/cree2.jpg\",\"datePublished\":\"2016-05-04T22:08:17+00:00\",\"dateModified\":\"2017-02-05T02:58:42+00:00\",\"breadcrumb\":{\"@id\":\"https:\\\/\\\/contadoreshoy.com\\\/?p=7255#breadcrumb\"},\"inLanguage\":\"es\",\"potentialAction\":[{\"@type\":\"ReadAction\",\"target\":[\"https:\\\/\\\/contadoreshoy.com\\\/?p=7255\"]}]},{\"@type\":\"ImageObject\",\"inLanguage\":\"es\",\"@id\":\"https:\\\/\\\/contadoreshoy.com\\\/?p=7255#primaryimage\",\"url\":\"https:\\\/\\\/contadoreshoy.com\\\/wp-content\\\/uploads\\\/2016\\\/05\\\/cree2.jpg\",\"contentUrl\":\"https:\\\/\\\/contadoreshoy.com\\\/wp-content\\\/uploads\\\/2016\\\/05\\\/cree2.jpg\",\"width\":600,\"height\":400},{\"@type\":\"BreadcrumbList\",\"@id\":\"https:\\\/\\\/contadoreshoy.com\\\/?p=7255#breadcrumb\",\"itemListElement\":[{\"@type\":\"ListItem\",\"position\":1,\"name\":\"Portada\",\"item\":\"https:\\\/\\\/contadoreshoy.com\\\/\"},{\"@type\":\"ListItem\",\"position\":2,\"name\":\"Oficio 07097 marzo 31 de 2016 DIAN &#8211; Declaraci\u00f3n CREE sin pago\"}]},{\"@type\":\"WebSite\",\"@id\":\"https:\\\/\\\/contadoreshoy.com\\\/#website\",\"url\":\"https:\\\/\\\/contadoreshoy.com\\\/\",\"name\":\"Contadorespublicossantander\",\"description\":\"Portal para Contadores P\u00fablicos y empresarios\",\"publisher\":{\"@id\":\"https:\\\/\\\/contadoreshoy.com\\\/#organization\"},\"potentialAction\":[{\"@type\":\"SearchAction\",\"target\":{\"@type\":\"EntryPoint\",\"urlTemplate\":\"https:\\\/\\\/contadoreshoy.com\\\/?s={search_term_string}\"},\"query-input\":{\"@type\":\"PropertyValueSpecification\",\"valueRequired\":true,\"valueName\":\"search_term_string\"}}],\"inLanguage\":\"es\"},{\"@type\":\"Organization\",\"@id\":\"https:\\\/\\\/contadoreshoy.com\\\/#organization\",\"name\":\"Contadores P\u00fablicos de Santander\",\"url\":\"https:\\\/\\\/contadoreshoy.com\\\/\",\"logo\":{\"@type\":\"ImageObject\",\"inLanguage\":\"es\",\"@id\":\"https:\\\/\\\/contadoreshoy.com\\\/#\\\/schema\\\/logo\\\/image\\\/\",\"url\":\"https:\\\/\\\/contadoreshoy.com\\\/wp-content\\\/uploads\\\/2024\\\/01\\\/cropped-cropped-Copia-de-M-1.jpg\",\"contentUrl\":\"https:\\\/\\\/contadoreshoy.com\\\/wp-content\\\/uploads\\\/2024\\\/01\\\/cropped-cropped-Copia-de-M-1.jpg\",\"width\":499,\"height\":500,\"caption\":\"Contadores P\u00fablicos de Santander\"},\"image\":{\"@id\":\"https:\\\/\\\/contadoreshoy.com\\\/#\\\/schema\\\/logo\\\/image\\\/\"},\"sameAs\":[\"https:\\\/\\\/www.facebook.com\\\/CCCPBucaramanga\\\/\"]},{\"@type\":\"Person\",\"@id\":\"https:\\\/\\\/contadoreshoy.com\\\/#\\\/schema\\\/person\\\/96d8979cb865537c5dc9345e40089fc5\",\"name\":\"Miguel Antonio M\u00e1rquez Monta\u00f1ez\",\"description\":\"Contador P\u00fablico egresado de la Universidad Aut\u00f3noma de Bucaramanga - Asesor contable tributario con m\u00e1s de 25 a\u00f1os de experiencia - Conferencista en temas contables y tributarios - T\u00e9cnico en Hardware y Dise\u00f1o Web - Creador y director Grupo de Estudio Colegio Colombiano de Contadores P\u00fablicos de Bucaramanga - Creador y Master Web p\u00e1gina www.contadoresp\u00fablicossantander.com - Expresidente Colegio Colombiano de Contadores P\u00fablicos Bucaramanga\",\"url\":\"https:\\\/\\\/contadoreshoy.com\\\/?author=1\"}]}<\/script>\n<!-- \/ Yoast SEO plugin. -->","yoast_head_json":{"title":"Oficio 07097 marzo 31 de 2016 DIAN - Declaraci\u00f3n CREE sin pago - Contadores P\u00fablicos","robots":{"index":"index","follow":"follow","max-snippet":"max-snippet:-1","max-image-preview":"max-image-preview:large","max-video-preview":"max-video-preview:-1"},"canonical":"https:\/\/contadoreshoy.com\/?p=7255","og_locale":"es_ES","og_type":"article","og_title":"Oficio 07097 marzo 31 de 2016 DIAN - Declaraci\u00f3n CREE sin pago - Contadores P\u00fablicos","og_description":"La jurisprudencia de Corte Constitucional y del Consejo de Estado, han determinado que para considerar como no presentada una declaraci\u00f3n tributaria no basta con que la misma este incursa en la causal contemplada en la norma legal, sino que es necesaria la expedici\u00f3n de un auto declarativo que as\u00ed lo ordene, el cual deber\u00e1 estar debidamente motivado y sujeto a los principios de contradicci\u00f3n y defensa. En tanto no se profiera el mencionado auto, las declaraciones se consideran v\u00e1lidamente presentadas.","og_url":"https:\/\/contadoreshoy.com\/?p=7255","og_site_name":"Contadores P\u00fablicos","article_publisher":"https:\/\/www.facebook.com\/CCCPBucaramanga\/","article_published_time":"2016-05-04T22:08:17+00:00","article_modified_time":"2017-02-05T02:58:42+00:00","og_image":[{"width":600,"height":400,"url":"https:\/\/contadoreshoy.com\/wp-content\/uploads\/2016\/05\/cree2.jpg","type":"image\/jpeg"}],"author":"Miguel Antonio M\u00e1rquez Monta\u00f1ez","twitter_card":"summary_large_image","twitter_misc":{"Escrito por":"Miguel Antonio M\u00e1rquez Monta\u00f1ez","Tiempo de lectura":"6 minutos"},"schema":{"@context":"https:\/\/schema.org","@graph":[{"@type":"Article","@id":"https:\/\/contadoreshoy.com\/?p=7255#article","isPartOf":{"@id":"https:\/\/contadoreshoy.com\/?p=7255"},"author":{"name":"Miguel Antonio M\u00e1rquez Monta\u00f1ez","@id":"https:\/\/contadoreshoy.com\/#\/schema\/person\/96d8979cb865537c5dc9345e40089fc5"},"headline":"Oficio 07097 marzo 31 de 2016 DIAN &#8211; Declaraci\u00f3n CREE sin pago","datePublished":"2016-05-04T22:08:17+00:00","dateModified":"2017-02-05T02:58:42+00:00","mainEntityOfPage":{"@id":"https:\/\/contadoreshoy.com\/?p=7255"},"wordCount":1273,"commentCount":0,"publisher":{"@id":"https:\/\/contadoreshoy.com\/#organization"},"image":{"@id":"https:\/\/contadoreshoy.com\/?p=7255#primaryimage"},"thumbnailUrl":"https:\/\/contadoreshoy.com\/wp-content\/uploads\/2016\/05\/cree2.jpg","articleSection":["Conceptos y Oficios DIAN"],"inLanguage":"es","potentialAction":[{"@type":"CommentAction","name":"Comment","target":["https:\/\/contadoreshoy.com\/?p=7255#respond"]}]},{"@type":"WebPage","@id":"https:\/\/contadoreshoy.com\/?p=7255","url":"https:\/\/contadoreshoy.com\/?p=7255","name":"Oficio 07097 marzo 31 de 2016 DIAN - Declaraci\u00f3n CREE sin pago - Contadores P\u00fablicos","isPartOf":{"@id":"https:\/\/contadoreshoy.com\/#website"},"primaryImageOfPage":{"@id":"https:\/\/contadoreshoy.com\/?p=7255#primaryimage"},"image":{"@id":"https:\/\/contadoreshoy.com\/?p=7255#primaryimage"},"thumbnailUrl":"https:\/\/contadoreshoy.com\/wp-content\/uploads\/2016\/05\/cree2.jpg","datePublished":"2016-05-04T22:08:17+00:00","dateModified":"2017-02-05T02:58:42+00:00","breadcrumb":{"@id":"https:\/\/contadoreshoy.com\/?p=7255#breadcrumb"},"inLanguage":"es","potentialAction":[{"@type":"ReadAction","target":["https:\/\/contadoreshoy.com\/?p=7255"]}]},{"@type":"ImageObject","inLanguage":"es","@id":"https:\/\/contadoreshoy.com\/?p=7255#primaryimage","url":"https:\/\/contadoreshoy.com\/wp-content\/uploads\/2016\/05\/cree2.jpg","contentUrl":"https:\/\/contadoreshoy.com\/wp-content\/uploads\/2016\/05\/cree2.jpg","width":600,"height":400},{"@type":"BreadcrumbList","@id":"https:\/\/contadoreshoy.com\/?p=7255#breadcrumb","itemListElement":[{"@type":"ListItem","position":1,"name":"Portada","item":"https:\/\/contadoreshoy.com\/"},{"@type":"ListItem","position":2,"name":"Oficio 07097 marzo 31 de 2016 DIAN &#8211; Declaraci\u00f3n CREE sin pago"}]},{"@type":"WebSite","@id":"https:\/\/contadoreshoy.com\/#website","url":"https:\/\/contadoreshoy.com\/","name":"Contadorespublicossantander","description":"Portal para Contadores P\u00fablicos y empresarios","publisher":{"@id":"https:\/\/contadoreshoy.com\/#organization"},"potentialAction":[{"@type":"SearchAction","target":{"@type":"EntryPoint","urlTemplate":"https:\/\/contadoreshoy.com\/?s={search_term_string}"},"query-input":{"@type":"PropertyValueSpecification","valueRequired":true,"valueName":"search_term_string"}}],"inLanguage":"es"},{"@type":"Organization","@id":"https:\/\/contadoreshoy.com\/#organization","name":"Contadores P\u00fablicos de Santander","url":"https:\/\/contadoreshoy.com\/","logo":{"@type":"ImageObject","inLanguage":"es","@id":"https:\/\/contadoreshoy.com\/#\/schema\/logo\/image\/","url":"https:\/\/contadoreshoy.com\/wp-content\/uploads\/2024\/01\/cropped-cropped-Copia-de-M-1.jpg","contentUrl":"https:\/\/contadoreshoy.com\/wp-content\/uploads\/2024\/01\/cropped-cropped-Copia-de-M-1.jpg","width":499,"height":500,"caption":"Contadores P\u00fablicos de Santander"},"image":{"@id":"https:\/\/contadoreshoy.com\/#\/schema\/logo\/image\/"},"sameAs":["https:\/\/www.facebook.com\/CCCPBucaramanga\/"]},{"@type":"Person","@id":"https:\/\/contadoreshoy.com\/#\/schema\/person\/96d8979cb865537c5dc9345e40089fc5","name":"Miguel Antonio M\u00e1rquez Monta\u00f1ez","description":"Contador P\u00fablico egresado de la Universidad Aut\u00f3noma de Bucaramanga - Asesor contable tributario con m\u00e1s de 25 a\u00f1os de experiencia - Conferencista en temas contables y tributarios - T\u00e9cnico en Hardware y Dise\u00f1o Web - Creador y director Grupo de Estudio Colegio Colombiano de Contadores P\u00fablicos de Bucaramanga - Creador y Master Web p\u00e1gina www.contadoresp\u00fablicossantander.com - Expresidente Colegio Colombiano de Contadores P\u00fablicos Bucaramanga","url":"https:\/\/contadoreshoy.com\/?author=1"}]}},"_links":{"self":[{"href":"https:\/\/contadoreshoy.com\/index.php?rest_route=\/wp\/v2\/posts\/7255","targetHints":{"allow":["GET"]}}],"collection":[{"href":"https:\/\/contadoreshoy.com\/index.php?rest_route=\/wp\/v2\/posts"}],"about":[{"href":"https:\/\/contadoreshoy.com\/index.php?rest_route=\/wp\/v2\/types\/post"}],"author":[{"embeddable":true,"href":"https:\/\/contadoreshoy.com\/index.php?rest_route=\/wp\/v2\/users\/1"}],"replies":[{"embeddable":true,"href":"https:\/\/contadoreshoy.com\/index.php?rest_route=%2Fwp%2Fv2%2Fcomments&post=7255"}],"version-history":[{"count":1,"href":"https:\/\/contadoreshoy.com\/index.php?rest_route=\/wp\/v2\/posts\/7255\/revisions"}],"predecessor-version":[{"id":7869,"href":"https:\/\/contadoreshoy.com\/index.php?rest_route=\/wp\/v2\/posts\/7255\/revisions\/7869"}],"wp:featuredmedia":[{"embeddable":true,"href":"https:\/\/contadoreshoy.com\/index.php?rest_route=\/wp\/v2\/media\/7256"}],"wp:attachment":[{"href":"https:\/\/contadoreshoy.com\/index.php?rest_route=%2Fwp%2Fv2%2Fmedia&parent=7255"}],"wp:term":[{"taxonomy":"category","embeddable":true,"href":"https:\/\/contadoreshoy.com\/index.php?rest_route=%2Fwp%2Fv2%2Fcategories&post=7255"},{"taxonomy":"post_tag","embeddable":true,"href":"https:\/\/contadoreshoy.com\/index.php?rest_route=%2Fwp%2Fv2%2Ftags&post=7255"}],"curies":[{"name":"wp","href":"https:\/\/api.w.org\/{rel}","templated":true}]}}