{"id":7263,"date":"2016-05-07T18:10:32","date_gmt":"2016-05-07T23:10:32","guid":{"rendered":"http:\/\/colegiocolombianodecontadores.com\/?p=7263"},"modified":"2017-02-04T21:58:41","modified_gmt":"2017-02-05T02:58:41","slug":"oficio-8146-abril-12-de-2016-dian-iva-en-el-acuerdo-de-transaccion","status":"publish","type":"post","link":"https:\/\/contadoreshoy.com\/?p=7263","title":{"rendered":"Oficio 8146 abril 12 de 2016 DIAN -IVA en el acuerdo de transacci\u00f3n."},"content":{"rendered":"<p style=\"text-align: center;\">OFICIO 8146 ABRIL 12 DE 2016 DIAN<\/p>\n<p>Subdirecci\u00f3n de Gesti\u00f3n Normativa y Doctrina<\/p>\n<p>Bogot\u00e1, D. C., 11 de abril de 2016<\/p>\n<p>100208221-000280 <strong>CONCEPTO N\u00b0. <\/strong><\/p>\n<p>\u00c1REA: Tributaria<\/p>\n<p>Se\u00f1or<\/p>\n<p><strong>Andr\u00e9s Torres Rosales <\/strong>Calle 83 BIS N\u00b0 23 &#8211; 51 Apto. 307 Bogot\u00e1, D. C.<\/p>\n<p>Ref.: Radicado 000046 del 05\/02\/2016<\/p>\n<p style=\"text-align: justify;\">De conformidad con el art\u00edculo 20 del Decreto 4048 de 2008, este despacho es competente para absolver las consultas escritas que se formulen sobre la interpretaci\u00f3n y aplicaci\u00f3n de las normas tributarias, aduaneras o de comercio exterior y control cambiario en lo de competencia de la Direcci\u00f3n de Impuestos y Aduanas Nacionales.<\/p>\n<p style=\"text-align: justify;\">Tema\u00a0\u00a0\u00a0\u00a0\u00a0 Impuesto a las ventas<\/p>\n<p style=\"text-align: justify;\">Descriptores\u00a0\u00a0\u00a0\u00a0\u00a0\u00a0\u00a0\u00a0\u00a0 Causaci\u00f3n del impuesto sobre las ventas<\/p>\n<p style=\"text-align: justify;\">Fuentes formales\u00a0\u00a0 Art\u00edculos 1\u00b0, 420, 429 y 689 del Estatuto Tributario C\u00f3digo Civil art\u00edculo 2469<\/p>\n<ol style=\"text-align: justify;\">\n<li>Edo Sentencia 28281\/11<\/li>\n<\/ol>\n<p style=\"text-align: justify;\">Corte Constitucional, C-015 de 1993<\/p>\n<p style=\"text-align: justify;\"><strong>PROBLEMA JUR\u00cdDICO:<\/strong><\/p>\n<p style=\"text-align: justify;\"><span style=\"color: #0000ff;\">Es legalmente v\u00e1lido que una vez causado el impuesto sobre las ventas en la prestaci\u00f3n de servicios, los contribuyentes contratantes, al existir discrepancia en el monto total de la remuneraci\u00f3n, celebren un Acuerdo de Transacci\u00f3n en los t\u00e9rminos del art\u00edculo 2469 del C\u00f3digo Civil y se argumente que dado que el Acuerdo en s\u00ed mismo no genera impuesto, eliminen el impuesto generado con ocasi\u00f3n del servicio prestado que ahora es objeto de transacci\u00f3n?<\/span><\/p>\n<p style=\"text-align: justify;\"><strong>TESIS JUR\u00cdDICA:<\/strong><\/p>\n<p style=\"text-align: justify;\">El Acuerdo de transacci\u00f3n consagrado en el art\u00edculo 2469 del C\u00f3digo Civil no genera <em>per se<\/em>, el impuesto sobre las ventas; sin embargo, con este Acuerdo no es legalmente v\u00e1lido cambiar la naturaleza del ingreso que dio origen a la Transacci\u00f3n y menos eliminar a voluntad de las partes, el impuesto sobre las ventas que, acorde con la legislaci\u00f3n tributaria, se hubiere causado.<\/p>\n<p style=\"text-align: justify;\"><strong>INTERPRETACI\u00d3N JUR\u00cdDICA:<\/strong><\/p>\n<p style=\"text-align: justify;\">Expone en el escrito varios interrogantes que en esencia se resumen en el planteado en el presente problema jur\u00eddico, &#8211; dado que seg\u00fan la competencia antes se\u00f1alada esta dependencia no se adentra en el estudio de casos puntuales-.<\/p>\n<p style=\"text-align: justify;\">Manifiesta, que se presentan casos en los cuales dos contribuyentes celebran un contrato de prestaci\u00f3n de servicios rec\u00edprocos, expiden las facturas y liquidan el Impuesto sobre las ventas causado por la prestaci\u00f3n de estos servicios de conformidad con lo previsto en el literal c) del art\u00edculo 429 del Estatuto Tributario. Contin\u00faa, que puede ocurrir que surjan discrepancias en cuanto a la remuneraci\u00f3n pactada por los servicios prestados, y en consecuencia ello modificar\u00eda la base gravable del impuesto causado. Las partes para precaver un litigio suscriben un Acuerdo de Transacci\u00f3n acordando el monto de la remuneraci\u00f3n.<\/p>\n<p style=\"text-align: justify;\">No obstante, se\u00f1ala, emiten nuevas facturas, anulan las anteriores y como quiera que se trata de un Acuerdo de Transacci\u00f3n, mutan el servicio prestado a este Acuerdo que en s\u00ed mismo no es una prestaci\u00f3n de servicios y por lo cual sobre estas sumas no se liquida el impuesto sobre las ventas que inicialmente se caus\u00f3; argumentan para el efecto que la relaci\u00f3n \u201cdudosa\u201d que manten\u00edan se ha transformado en otra \u201ccierta y firme\u201d diferente de la anterior. Esto da como resultado que el Impuesto sobre las ventas causado acorde con la normatividad tributaria no es reconocido, ya que no se liquida sobre los montos finales transados, que en esencia surgen de la prestaci\u00f3n previa de los servicios pactados. Sobre el asunto se hace necesario efectuar varias precisiones;<\/p>\n<ol style=\"text-align: justify;\">\n<li>Respecto del Impuesto sobre las Ventas, consagra el art\u00edculo 420 del Estatuto Tributario, qu\u00e9 hechos econ\u00f3micos generan el impuesto:<\/li>\n<\/ol>\n<p style=\"text-align: justify;\"><strong>\u201cArt\u00edculo 420.<\/strong> <em>Hechos sobre los que recae el impuesto.<\/em> El impuesto a las ventas se aplicar\u00e1 sobre: a) Las ventas de bienes corporales muebles que no hayan sido excluidas expresamente;<\/p>\n<ol style=\"text-align: justify;\">\n<li>b) La prestaci\u00f3n de servicios en el territorio nacional&#8230;\u201d.<\/li>\n<\/ol>\n<p style=\"text-align: justify;\">Por su parte, el art\u00edculo 429 de la misma obra, precisa el momento de causaci\u00f3n del impuesto. Sobre todo el r\u00e9gimen del impuesto sobre las Ventas, el Concepto Unificado 00001 de 19 de junio de 2003, realiz\u00f3 una exacta interpretaci\u00f3n y frente al tema de la causaci\u00f3n precis\u00f3:<\/p>\n<p style=\"text-align: justify;\"><em>\u201c<strong>(P\u00c1GINAS 238-239)<\/strong><\/em><\/p>\n<ol style=\"text-align: justify;\">\n<li><strong><em> CAUSACI\u00d3N EN LA VENTA DE BIENES, EN LA PRESTACI\u00d3N DE SERVICIOS Y EN LA IMPORTACI\u00d3N<\/em><\/strong><\/li>\n<\/ol>\n<p style=\"text-align: justify;\"><em>Desde la \u00f3ptica del hecho generador, el impuesto sobre las ventas es de car\u00e1cter instant\u00e1neo y se causa por cada operaci\u00f3n sujeta al impuesto, pero para efectos de una adecuada y eficiente administraci\u00f3n del impuesto se consagra un per\u00edodo bimestral para presentar las declaraciones tributarias correspondientes.<\/em><\/p>\n<p style=\"text-align: justify;\"><em>La causaci\u00f3n del impuesto hace referencia al hecho jur\u00eddico material que da lugar al nacimiento de la obligaci\u00f3n tributaria.<\/em><\/p>\n<p style=\"text-align: justify;\"><strong><em>En tal sentido <span style=\"color: #ff6600;\">la ley tributaria establece el momento a partir del cual se entiende configurado el hecho generador. En consecuencia es a partir de dicho momento que el mismo debe ser registrado en la contabilidad y declarado.<\/span><\/em><\/strong><\/p>\n<p style=\"text-align: justify;\"><em>El art\u00edculo 429 del Estatuto Tributario establece de manera general el momento en que se causa el impuesto sobre las ventas respecto de cada uno de los hechos generadores del impuesto, as\u00ed:<\/em><\/p>\n<p style=\"text-align: justify;\">\u00ab<em>a) En las ventas, en la fecha de emisi\u00f3n de la factura o documento equivalente y a falta de estos, en el momento de la entrega, aunque se haya pactado reserva de dominio, pacto de retroventa o condici\u00f3n resolutoria;<\/em><\/p>\n<ol style=\"text-align: justify;\">\n<li><em>En los retiros a que se refiere el literal b) del art\u00edculo 421, en la fecha de retiro;<\/em><\/li>\n<li><span style=\"color: #ff9900;\"><em>En las prestaciones de servicios, en la fecha de emisi\u00f3n de la factura o documento equivalente, <\/em><em>o en la fecha de terminaci\u00f3n de los servicios o del pago o abono en cuenta, la que fuere anterior;<\/em><\/span><\/li>\n<\/ol>\n<ol style=\"text-align: justify;\">\n<li><em>d) En las importaciones, al tiempo de nacionalizaci\u00f3n del bien. En este caso, el impuesto se<\/em><em>liquidar\u00e1 y pagar\u00e1 conjuntamente con la liquidaci\u00f3n y pago de los derechos de aduana.<\/em><\/li>\n<\/ol>\n<p style=\"text-align: justify;\"><strong><em>Par\u00e1grafo.<\/em><\/strong><em><strong><span style=\"color: #ff6600;\"> Cuando el valor convenido sufriere un aumento con posterioridad a la venta, se generar\u00e1 el impuesto sobre ese mayor valor, en la fecha en que este se cause\u00bb<\/span><\/strong>.<\/em><\/p>\n<p style=\"text-align: justify;\"><em>De toda operaci\u00f3n sujeta al IVA surgen obligaciones entre el responsable del recaudo del impuesto (vendedor) y el Estado, pero tambi\u00e9n y primordialmente entre el mismo responsable y el afectado econ\u00f3micamente (comprador) con quien se realiza la transacci\u00f3n. Todo lo cual se establece en la fecha se\u00f1alada para la causaci\u00f3n del impuesto.<\/em><\/p>\n<p style=\"text-align: justify;\"><strong><em>La causaci\u00f3n del IVA establece el momento en que surge la obligaci\u00f3n del afectado econ\u00f3mico de cancelar el valor del impuesto conjuntamente con el precio de la transacci\u00f3n<\/em><\/strong><em>. \u201cEs de recordar, que dentro del precio del bien o del servicio sujeto al IVA, se entiende incluido el impuesto. (&#8230;)\u201d resaltado fuera de texto.<\/em><\/p>\n<p style=\"text-align: justify;\"><em>De tal suerte que una vez realizado el hecho econ\u00f3mico y por ello configurado el hecho generador se da nacimiento a la obligaci\u00f3n tributaria sustancial y causado el impuesto en los t\u00e9rminos del art\u00edculo 429 citado, surge la obligaci\u00f3n de su declaraci\u00f3n y pago, sin que puedan desconocerse los anteriores hechos y elementos que dieron lugar al nacimiento del tributo.<\/em><\/p>\n<ol style=\"text-align: justify;\">\n<li><em> Dejando a salvo lo anterior, cierto es que las partes contratantes pueden tener discrepancias en cuanto a la remuneraci\u00f3n o precio final de los bienes vendidos o servicios prestados y para ello en procura de solucionar esta controversia contractual, leg\u00edtimamente pueden acudir a lograr un Acuerdo de Transacci\u00f3n en los t\u00e9rminos del art\u00edculo 2469 del C\u00f3digo Civil cuyo tenor es el siguiente: <\/em><\/li>\n<\/ol>\n<p style=\"text-align: justify;\"><strong><em>\u201cArt\u00edculo 2469. <\/em><\/strong><span style=\"color: #ff6600;\"><em>La transacci\u00f3n es un contrato en que las partes terminan extrajudicialmente un litigio pendiente o precaven un litigio eventual. <\/em><\/span><\/p>\n<p style=\"text-align: justify;\"><em>No es transacci\u00f3n el acto que solo consiste en la renuncia de un derecho que no se disputa\u201d.<\/em><\/p>\n<p style=\"text-align: justify;\">Si bien no compete a esta Oficina realizar una interpretaci\u00f3n de esta figura, es importante referirnos a ella, no con este \u00e1nimo, sino en el entendido que se hace necesario dada la relaci\u00f3n con el impuesto sobre las ventas que se plantea en la consulta. Para el efecto, resulta relevante traer a colaci\u00f3n algunas de las consideraciones realzadas por Consejo de Estado, Sala de lo Contencioso Administrativo Secci\u00f3n Tercera, C. P. Ruth Stella Correa Palacio, Radicaci\u00f3n (28281), 28 de febrero de 2011:<\/p>\n<p style=\"text-align: justify;\">\u201c(&#8230;)<\/p>\n<p style=\"text-align: justify;\">En efecto, la transacci\u00f3n es un arreglo amigable de un conflicto surgido entre las partes, que est\u00e9 pendiente de decisi\u00f3n judicial o que no haya sido sometido a\u00fan a ella, por medio de concesiones rec\u00edprocas, pues no hay transacci\u00f3n si una de las partes se limita a renunciar sus derechos y la otra a imponer los suyos Cfr. Hinestrosa, Fernando, Tratado de las Obligaciones, Universidad Externado de Colombia, Tercera Edici\u00f3n, marzo de 2007, p\u00e1gs. 735 y ss.<\/p>\n<p style=\"text-align: justify;\">Por eso, puede ser definida la transacci\u00f3n como un negocio jur\u00eddico por el cual las partes terminan una contienda nacida o previenen una por nacer, haci\u00e9ndose concesiones rec\u00edprocas .Cfr. Josserand, Louis, Derecho Civil y contratos, Tomo II, Ed. Jur\u00eddicas Europa &#8211; Am\u00e9rica, 1984, p\u00e1g. 389.<\/p>\n<p style=\"text-align: justify;\">(&#8230;) Desde el punto de vista procesal es un medio anormal de ponerle fin al proceso, cuando se refiere a la totalidad de las cuestiones debatidas entre las partes del mismo o, en el evento de ser parcial, clausura el debate en relaci\u00f3n con las pretensiones sobre las cuales haga referencia.<\/p>\n<p style=\"text-align: justify;\">Es decir, el art\u00edculo 2469 del C\u00f3digo Civil le otorga a la transacci\u00f3n el car\u00e1cter de negocio jur\u00eddico extrajudicial, o sea,<strong> de acto dispositivo de intereses <\/strong>con efectos jur\u00eddicos sustanciales; y de existir un conflicto pendiente entre las partes que lo celebran, con efectos procesales de terminaci\u00f3n del respectivo litigio, siempre que se allegue la prueba del mismo para que el juez pueda valorarlo, constatarlo y proceder a finalizar el proceso (&#8230;).<\/p>\n<p style=\"text-align: justify;\">(&#8230;) En suma, la transacci\u00f3n elimina un litigio presente o futuro, comporta la extinci\u00f3n de obligaciones <strong>e implica la determinaci\u00f3n de los intereses contrapuestos<\/strong> dando certidumbre a la relaci\u00f3n jur\u00eddica en disputa<strong>, a trav\u00e9s de concesiones mutuas.<\/strong><\/p>\n<p style=\"text-align: justify;\">Ahora bien, por regla general, la transacci\u00f3n es un contrato consensual (art. 1500 C. C.), es decir, tiene libertad de forma o lo que es igual no requiere de solemnidades, de manera que puede ser celebrado verbalmente o por escrito (en documento p\u00fablico o privado), salvo los casos expresamente se\u00f1alados en la ley, como cuando afecta bienes inmuebles (arts. 12 del Decreto 960 de 1970, y 2\u00ba del Decreto 1250 de 1970), o en los procesos en curso (art. 430 C. P. C.). Adem\u00e1s, la transacci\u00f3n debe reunir los requisitos generales de todo negocio jur\u00eddico (art. 1502 C.C.), y los presupuestos de validez (capacidad, objeto y causa l\u00edcitos, consentimiento exento de vicios -arts. 2476 a 2479 C.C.-,<strong> no contrariar las normas imperativas o el orden p\u00fablico<\/strong> o las buenas costumbres).<\/p>\n<p style=\"text-align: justify;\"><strong>En efecto, la transacci\u00f3n requiere que los derechos sean susceptibles de libre disposici\u00f3n por las partes, o sea, que verse sobre derechos e intereses de contenido particular, crediticio o personal, con una proyecci\u00f3n patrimonial o econ\u00f3mica y que, por lo mismo, resultan renunciables<\/strong> ( art\u00edculo 15) (Negrillas fuera del texto ).<\/p>\n<p style=\"text-align: justify;\">(&#8230;) \u201d.<\/p>\n<p style=\"text-align: justify;\">De lo expuesto se infiere que, como medio para solucionar sus controversias contractuales, las partes pueden a trav\u00e9s de esta transacci\u00f3n hacer concesiones y disponer de sus derechos, los cuales como bien lo dice el Consejo de Estado deben ser \u201c&#8230; <strong>derechos<\/strong><\/p>\n<p style=\"text-align: justify;\"><strong>e intereses de contenido particular, crediticio o personal, con una proyecci\u00f3n patrimonial o econ\u00f3mica y que, por lo mismo, resultan renunciables\u201d.<\/strong><\/p>\n<p style=\"text-align: justify;\"><span style=\"color: #ff9900;\">Ahora bien, observando el contexto de este escrito, es importante precisar que con la transacci\u00f3n no puede bajo ning\u00fan argumento llegarse a concluir que el mismo transforma el servicio prestado y que el impuesto que se caus\u00f3 por la realizaci\u00f3n de los hechos generadores consagrados en la norma tributaria desaparecen para dar simplemente lugar al Acuerdo de Transacci\u00f3n<\/span>. El Acuerdo que surge no afecta ni transa de ninguna manera los impuestos nacionales cuyo titular solo lo es el Estado, ya que estos no pertenecen a la \u00f3rbita de los particulares ni pueden ser de libre disposici\u00f3n de los contratantes.<\/p>\n<p style=\"text-align: justify;\">El hecho de que en efecto la Transacci\u00f3n misma no genere impuesto sobre las ventas -pues no se est\u00e1 en presencia de uno de los hecho generadores que consagra el art\u00edculo 420 del E. T.-, no puede conllevar en manera alguna a que,- se insiste- se transforme la realidad econ\u00f3mica que dio origen a la misma. Si bien los particulares al amparo del principio de la autonom\u00eda de la voluntad pueden celebrar acuerdos de su \u00f3rbita privada, deben respetar la prevalencia del derecho fiscal y no puede ser utilizado en abuso de las formas jur\u00eddicas, so pena de su desconocimiento.<\/p>\n<p style=\"text-align: justify;\">Para el caso, es pertinente la sentencia C-015 de 1993, de la Corte Constitucional cuando se\u00f1ala en algunos de sus apartes:<\/p>\n<p style=\"text-align: justify;\"><em>\u201c<\/em><\/p>\n<p style=\"text-align: justify;\"><strong>\u201cIV. 2 EVASI\u00d3N FISCAL<\/strong><\/p>\n<p style=\"text-align: justify;\"><strong>&#8230;<\/strong><\/p>\n<ol style=\"text-align: justify;\" start=\"3\">\n<li><strong> Formas jur\u00eddicas y sustancia econ\u00f3mica en la tributaci\u00f3n<\/strong><\/li>\n<\/ol>\n<p style=\"text-align: justify;\">Dada la vocaci\u00f3n general del ordenamiento y la conveniente exigencia de preservar la seguridad jur\u00eddica, el contribuyente tiene el derecho de hacer uso del mismo y de sus formas, con el objeto de encauzar sus asuntos de la manera m\u00e1s apropiada a su naturaleza e intereses y de modo tal que le signifique la menor responsabilidad fiscal.<\/p>\n<p style=\"text-align: justify;\"><span style=\"color: #ff6600;\"><u>La libertad para la utilizaci\u00f3n de las formas jur\u00eddicas, sin embargo, tiene l\u00edmites que es conveniente<\/u> <u>precisar, particularmente cuando a ellas se apela con el prop\u00f3sito prevalente de evitar los impuestos<\/u> <u>o su pago. En estos casos<strong>, la transacci\u00f3n respectiva no podr\u00e1 ser considerada por la legislaci\u00f3n<\/strong><\/u><strong> <u>tributaria, de acuerdo con los efectos que produce de conformidad con el derecho privado, sin<\/u> <u>tomar en consideraci\u00f3n su resultado econ\u00f3mico<\/u><\/strong><u>.<\/u><\/span><\/p>\n<p style=\"text-align: justify;\">El principio de equidad que inspira el sistema tributario (C. P. art. 363), en \u00faltimas expresi\u00f3n de igualdad sustancial (C. P. art. 13), no se concilia con la reverente servidumbre a la forma jur\u00eddica privada puramente artificiosa y con un m\u00f3vil predominante fiscal, pues ella puede conducir a otorgar a una misma transacci\u00f3n diferente trato fiscal<u>. De otra parte, <span style=\"color: #ff6600;\">el \u201cabuso de las formas jur\u00eddicas\u201d, patente<\/span><\/u><span style=\"color: #ff6600;\"> <u>en la utilizaci\u00f3n de definiciones y categor\u00edas jur\u00eddicas con miras principalmente a evadir o eludir el<\/u> <u>pago de impuestos, les sustrae su legitimidad, y obliga al Estado a desestimar sus efectos. La <strong><em>intentio<\/em><\/strong><\/u><strong><em> <u>juris<\/u><\/em> <\/strong><u>deber\u00e1 ser desplazada por la <strong><em>intentio facti<\/em><\/strong><\/u><em>.<\/em><\/span><\/p>\n<p style=\"text-align: justify;\">En este orden de ideas, se impone privilegiar la sustancia sobre la forma. La legislaci\u00f3n tributaria no puede interpretarse literalmente. <u>Los hechos fiscalmente relevantes deben examinarse de acuerdo<\/u> <u>con su sustancia econ\u00f3mica; si su resultado material, as\u00ed comprenda varios actos conexos, independientemente de su forma jur\u00eddica, es equivalente en su resultado econ\u00f3mico a las circunstancias y<\/u> <u>presupuestos que seg\u00fan la ley generan la obligaci\u00f3n tributaria, las personas a las cuales se imputan,<\/u> <u>no pueden evadir o eludir, el pago de los impuestos<\/u>.<\/p>\n<p style=\"text-align: justify;\">El principio de prevalencia del derecho sustancial, consagrado en el art\u00edculo 228 de la C. P., no puede ser ajeno al sistema tributario, m\u00e1xime cuando este se funda expresamente en los principios de equidad, eficiencia y progresividad (C. P. art. 363), de suyo inalcanzables si se eleva la mera forma a criterio \u00fanico y condicionante de la determinaci\u00f3n, exigibilidad y pago de la obligaci\u00f3n fiscal. En fin, el sistema tributario en el Estado social de derecho es el efecto agregado de la solidaridad de las personas, valor constitucional fundante (C. P. art. 1\u00b0), que impone a las autoridades la misi\u00f3n de asegurar el cumplimiento de los deberes sociales de los particulares (C. P. art. 2). La efectividad del deber social de toda persona de \u201ccontribuir al financiamiento de los gastos e inversiones del Estado dentro de concepto de justicia y equidad\u201d, abona el criterio de privilegiar en esta materia la sustancia sobre la forma&#8230;\u201d.<\/p>\n<p style=\"text-align: justify;\">De igual manera debe recordarse que el art\u00edculo 869 del Estatuto Tributario adicionado por el art\u00edculo 122 de la Ley 1607 de 2012 consagr\u00f3 expresamente el Abuso en materia tributaria.<\/p>\n<p style=\"text-align: justify;\"><strong><span style=\"color: #ff6600;\">Por tanto, ante Acuerdos de Transacci\u00f3n que incurran en esta pr\u00e1ctica, la Administraci\u00f3n Tributaria en ejercicio de sus facultades de Fiscalizaci\u00f3n, podr\u00e1 desconocerlos y aplicar el r\u00e9gimen impositivo correspondiente acorde con la realidad de la operaci\u00f3n.<\/span><\/strong><\/p>\n<p style=\"text-align: justify;\">En los anteriores t\u00e9rminos se absuelve su consulta y cordialmente le informamos que tanto la normatividad en materia tributaria, aduanera y cambiaria, como los conceptos emitidos por la Direcci\u00f3n de Gesti\u00f3n Jur\u00eddica en estas materias pueden consultarse directamente en nuestras bases de datos jur\u00eddicas ingresando a la p\u00e1gina electr\u00f3nica de la DIAN: <u>http:\/\/www.dian.gov.co<\/u> siguiendo el \u00edcono de \u201cNormatividad\u201d \u2013 \u201c t\u00e9cnica\u201d, y seleccionando los v\u00ednculos \u201cdoctrina\u201d y \u201cDirecci\u00f3n de Gesti\u00f3n Jur\u00eddica\u201d.<\/p>\n<p style=\"text-align: justify;\">Atentamente,<\/p>\n<p style=\"text-align: justify;\">El Subdirector de Gesti\u00f3n Normativa y Doctrina (e),<\/p>\n<p style=\"text-align: justify;\"><em>Pedro Pablo Contreras Camargo. <\/em><strong>(C. F.).<\/strong><\/p>\n","protected":false},"excerpt":{"rendered":"<p>Ante Acuerdos de Transacci\u00f3n que incurran en esta pr\u00e1ctica, la Administraci\u00f3n Tributaria en ejercicio de sus facultades de Fiscalizaci\u00f3n, podr\u00e1 desconocerlos y aplicar el r\u00e9gimen impositivo correspondiente acorde con la realidad de la operaci\u00f3n.<\/p>\n","protected":false},"author":1,"featured_media":5955,"comment_status":"open","ping_status":"open","sticky":false,"template":"","format":"standard","meta":{"_monsterinsights_skip_tracking":false,"ngg_post_thumbnail":0,"footnotes":"","_links_to":"","_links_to_target":""},"categories":[456],"tags":[],"class_list":["post-7263","post","type-post","status-publish","format-standard","has-post-thumbnail","hentry","category-conceptos-y-oficios-dian"],"aioseo_notices":[],"aioseo_head":"\n\t\t<!-- All in One SEO 5.0.1.1 - aioseo.com -->\n\t<meta name=\"description\" content=\"Ante Acuerdos de Transacci\u00f3n que incurran en esta pr\u00e1ctica, la Administraci\u00f3n Tributaria en ejercicio de sus facultades de Fiscalizaci\u00f3n, podr\u00e1 desconocerlos y aplicar el r\u00e9gimen impositivo correspondiente acorde con la realidad de la operaci\u00f3n.\" \/>\n\t<meta name=\"robots\" content=\"max-image-preview:large\" \/>\n\t<meta name=\"author\" content=\"Miguel Antonio M\u00e1rquez Monta\u00f1ez\"\/>\n\t<link rel=\"canonical\" href=\"https:\/\/contadoreshoy.com\/?p=7263\" \/>\n\t<meta name=\"generator\" content=\"All in One SEO (AIOSEO) 5.0.1.1\" \/>\n\t\t<meta property=\"og:locale\" content=\"es_ES\" \/>\n\t\t<meta property=\"og:site_name\" content=\"Contadores P\u00fablicos - Portal para Contadores P\u00fablicos y empresarios\" \/>\n\t\t<meta property=\"og:type\" content=\"article\" \/>\n\t\t<meta property=\"og:title\" content=\"Oficio 8146 abril 12 de 2016 DIAN -IVA en el acuerdo de transacci\u00f3n. - Contadores P\u00fablicos\" \/>\n\t\t<meta property=\"og:description\" content=\"Ante Acuerdos de Transacci\u00f3n que incurran en esta pr\u00e1ctica, la Administraci\u00f3n Tributaria en ejercicio de sus facultades de Fiscalizaci\u00f3n, podr\u00e1 desconocerlos y aplicar el r\u00e9gimen impositivo correspondiente acorde con la realidad de la operaci\u00f3n.\" \/>\n\t\t<meta property=\"og:url\" content=\"https:\/\/contadoreshoy.com\/?p=7263\" \/>\n\t\t<meta property=\"og:image\" content=\"https:\/\/contadoreshoy.com\/wp-content\/uploads\/2024\/01\/cropped-cropped-cropped-Copia-de-M.jpg\" \/>\n\t\t<meta property=\"og:image:secure_url\" content=\"https:\/\/contadoreshoy.com\/wp-content\/uploads\/2024\/01\/cropped-cropped-cropped-Copia-de-M.jpg\" \/>\n\t\t<meta property=\"og:image:width\" content=\"512\" \/>\n\t\t<meta property=\"og:image:height\" content=\"371\" \/>\n\t\t<meta property=\"article:published_time\" content=\"2016-05-07T23:10:32+00:00\" \/>\n\t\t<meta property=\"article:modified_time\" content=\"2017-02-05T02:58:41+00:00\" \/>\n\t\t<meta name=\"twitter:card\" content=\"summary_large_image\" \/>\n\t\t<meta name=\"twitter:title\" content=\"Oficio 8146 abril 12 de 2016 DIAN -IVA en el acuerdo de transacci\u00f3n. - Contadores P\u00fablicos\" \/>\n\t\t<meta name=\"twitter:description\" content=\"Ante Acuerdos de Transacci\u00f3n que incurran en esta pr\u00e1ctica, la Administraci\u00f3n Tributaria en ejercicio de sus facultades de Fiscalizaci\u00f3n, podr\u00e1 desconocerlos y aplicar el r\u00e9gimen impositivo correspondiente acorde con la realidad de la operaci\u00f3n.\" \/>\n\t\t<meta name=\"twitter:image\" content=\"https:\/\/contadoreshoy.com\/wp-content\/uploads\/2024\/01\/cropped-cropped-cropped-Copia-de-M.jpg\" \/>\n\t\t<script type=\"application\/ld+json\" class=\"aioseo-schema\">\n\t\t\t{\"@context\":\"https:\\\/\\\/schema.org\",\"@graph\":[{\"@type\":\"BlogPosting\",\"@id\":\"https:\\\/\\\/contadoreshoy.com\\\/?p=7263#blogposting\",\"name\":\"Oficio 8146 abril 12 de 2016 DIAN -IVA en el acuerdo de transacci\\u00f3n. - Contadores P\\u00fablicos\",\"headline\":\"Oficio 8146 abril 12 de 2016 DIAN -IVA en el acuerdo de transacci\\u00f3n.\",\"author\":{\"@id\":\"https:\\\/\\\/contadoreshoy.com\\\/?author=1#author\"},\"publisher\":{\"@id\":\"https:\\\/\\\/contadoreshoy.com\\\/#organization\"},\"image\":{\"@type\":\"ImageObject\",\"url\":\"https:\\\/\\\/contadoreshoy.com\\\/wp-content\\\/uploads\\\/2015\\\/09\\\/liquidaci\\u00f3n.jpg\",\"width\":600,\"height\":400},\"datePublished\":\"2016-05-07T18:10:32-05:00\",\"dateModified\":\"2017-02-04T21:58:41-05:00\",\"inLanguage\":\"es-ES\",\"mainEntityOfPage\":{\"@id\":\"https:\\\/\\\/contadoreshoy.com\\\/?p=7263#webpage\"},\"isPartOf\":{\"@id\":\"https:\\\/\\\/contadoreshoy.com\\\/?p=7263#webpage\"},\"articleSection\":\"Conceptos y Oficios DIAN\"},{\"@type\":\"BreadcrumbList\",\"@id\":\"https:\\\/\\\/contadoreshoy.com\\\/?p=7263#breadcrumblist\",\"itemListElement\":[{\"@type\":\"ListItem\",\"@id\":\"https:\\\/\\\/contadoreshoy.com#listItem\",\"position\":1,\"name\":\"Home\",\"item\":\"https:\\\/\\\/contadoreshoy.com\",\"nextItem\":{\"@type\":\"ListItem\",\"@id\":\"https:\\\/\\\/contadoreshoy.com\\\/?cat=456#listItem\",\"name\":\"Conceptos y Oficios DIAN\"}},{\"@type\":\"ListItem\",\"@id\":\"https:\\\/\\\/contadoreshoy.com\\\/?cat=456#listItem\",\"position\":2,\"name\":\"Conceptos y Oficios DIAN\",\"item\":\"https:\\\/\\\/contadoreshoy.com\\\/?cat=456\",\"nextItem\":{\"@type\":\"ListItem\",\"@id\":\"https:\\\/\\\/contadoreshoy.com\\\/?p=7263#listItem\",\"name\":\"Oficio 8146 abril 12 de 2016 DIAN -IVA en el acuerdo de transacci\\u00f3n.\"},\"previousItem\":{\"@type\":\"ListItem\",\"@id\":\"https:\\\/\\\/contadoreshoy.com#listItem\",\"name\":\"Home\"}},{\"@type\":\"ListItem\",\"@id\":\"https:\\\/\\\/contadoreshoy.com\\\/?p=7263#listItem\",\"position\":3,\"name\":\"Oficio 8146 abril 12 de 2016 DIAN -IVA en el acuerdo de transacci\\u00f3n.\",\"previousItem\":{\"@type\":\"ListItem\",\"@id\":\"https:\\\/\\\/contadoreshoy.com\\\/?cat=456#listItem\",\"name\":\"Conceptos y Oficios DIAN\"}}]},{\"@type\":\"Organization\",\"@id\":\"https:\\\/\\\/contadoreshoy.com\\\/#organization\",\"name\":\"Contadores P\\u00fablicos\",\"description\":\"Portal para Contadores P\\u00fablicos y empresarios\",\"url\":\"https:\\\/\\\/contadoreshoy.com\\\/\",\"logo\":{\"@type\":\"ImageObject\",\"url\":\"https:\\\/\\\/contadoreshoy.com\\\/wp-content\\\/uploads\\\/2024\\\/01\\\/cropped-cropped-Copia-de-M-1.jpg\",\"@id\":\"https:\\\/\\\/contadoreshoy.com\\\/?p=7263\\\/#organizationLogo\",\"width\":499,\"height\":500},\"image\":{\"@id\":\"https:\\\/\\\/contadoreshoy.com\\\/?p=7263\\\/#organizationLogo\"}},{\"@type\":\"Person\",\"@id\":\"https:\\\/\\\/contadoreshoy.com\\\/?author=1#author\",\"url\":\"https:\\\/\\\/contadoreshoy.com\\\/?author=1\",\"name\":\"Miguel Antonio M\\u00e1rquez Monta\\u00f1ez\"},{\"@type\":\"WebPage\",\"@id\":\"https:\\\/\\\/contadoreshoy.com\\\/?p=7263#webpage\",\"url\":\"https:\\\/\\\/contadoreshoy.com\\\/?p=7263\",\"name\":\"Oficio 8146 abril 12 de 2016 DIAN -IVA en el acuerdo de transacci\\u00f3n. - Contadores P\\u00fablicos\",\"description\":\"Ante Acuerdos de Transacci\\u00f3n que incurran en esta pr\\u00e1ctica, la Administraci\\u00f3n Tributaria en ejercicio de sus facultades de Fiscalizaci\\u00f3n, podr\\u00e1 desconocerlos y aplicar el r\\u00e9gimen impositivo correspondiente acorde con la realidad de la operaci\\u00f3n.\",\"inLanguage\":\"es-ES\",\"isPartOf\":{\"@id\":\"https:\\\/\\\/contadoreshoy.com\\\/#website\"},\"breadcrumb\":{\"@id\":\"https:\\\/\\\/contadoreshoy.com\\\/?p=7263#breadcrumblist\"},\"author\":{\"@id\":\"https:\\\/\\\/contadoreshoy.com\\\/?author=1#author\"},\"creator\":{\"@id\":\"https:\\\/\\\/contadoreshoy.com\\\/?author=1#author\"},\"image\":{\"@type\":\"ImageObject\",\"url\":\"https:\\\/\\\/contadoreshoy.com\\\/wp-content\\\/uploads\\\/2015\\\/09\\\/liquidaci\\u00f3n.jpg\",\"@id\":\"https:\\\/\\\/contadoreshoy.com\\\/?p=7263\\\/#mainImage\",\"width\":600,\"height\":400},\"primaryImageOfPage\":{\"@id\":\"https:\\\/\\\/contadoreshoy.com\\\/?p=7263#mainImage\"},\"datePublished\":\"2016-05-07T18:10:32-05:00\",\"dateModified\":\"2017-02-04T21:58:41-05:00\"},{\"@type\":\"WebSite\",\"@id\":\"https:\\\/\\\/contadoreshoy.com\\\/#website\",\"url\":\"https:\\\/\\\/contadoreshoy.com\\\/\",\"name\":\"Contadores P\\u00fablicos\",\"description\":\"Portal para Contadores P\\u00fablicos y empresarios\",\"inLanguage\":\"es-ES\",\"publisher\":{\"@id\":\"https:\\\/\\\/contadoreshoy.com\\\/#organization\"}}]}\n\t\t<\/script>\n\t\t<!-- All in One SEO -->\n\n","aioseo_head_json":{"title":"Oficio 8146 abril 12 de 2016 DIAN -IVA en el acuerdo de transacci\u00f3n. - Contadores P\u00fablicos","description":"Ante Acuerdos de Transacci\u00f3n que incurran en esta pr\u00e1ctica, la Administraci\u00f3n Tributaria en ejercicio de sus facultades de Fiscalizaci\u00f3n, podr\u00e1 desconocerlos y aplicar el r\u00e9gimen impositivo correspondiente acorde con la realidad de la operaci\u00f3n.","canonical_url":"https:\/\/contadoreshoy.com\/?p=7263","robots":"max-image-preview:large","keywords":"","webmasterTools":{"miscellaneous":""},"schema":{"@context":"https:\/\/schema.org","@graph":[{"@type":"BlogPosting","@id":"https:\/\/contadoreshoy.com\/?p=7263#blogposting","name":"Oficio 8146 abril 12 de 2016 DIAN -IVA en el acuerdo de transacci\u00f3n. - Contadores P\u00fablicos","headline":"Oficio 8146 abril 12 de 2016 DIAN -IVA en el acuerdo de transacci\u00f3n.","author":{"@id":"https:\/\/contadoreshoy.com\/?author=1#author"},"publisher":{"@id":"https:\/\/contadoreshoy.com\/#organization"},"image":{"@type":"ImageObject","url":"https:\/\/contadoreshoy.com\/wp-content\/uploads\/2015\/09\/liquidaci\u00f3n.jpg","width":600,"height":400},"datePublished":"2016-05-07T18:10:32-05:00","dateModified":"2017-02-04T21:58:41-05:00","inLanguage":"es-ES","mainEntityOfPage":{"@id":"https:\/\/contadoreshoy.com\/?p=7263#webpage"},"isPartOf":{"@id":"https:\/\/contadoreshoy.com\/?p=7263#webpage"},"articleSection":"Conceptos y Oficios DIAN"},{"@type":"BreadcrumbList","@id":"https:\/\/contadoreshoy.com\/?p=7263#breadcrumblist","itemListElement":[{"@type":"ListItem","@id":"https:\/\/contadoreshoy.com#listItem","position":1,"name":"Home","item":"https:\/\/contadoreshoy.com","nextItem":{"@type":"ListItem","@id":"https:\/\/contadoreshoy.com\/?cat=456#listItem","name":"Conceptos y Oficios DIAN"}},{"@type":"ListItem","@id":"https:\/\/contadoreshoy.com\/?cat=456#listItem","position":2,"name":"Conceptos y Oficios DIAN","item":"https:\/\/contadoreshoy.com\/?cat=456","nextItem":{"@type":"ListItem","@id":"https:\/\/contadoreshoy.com\/?p=7263#listItem","name":"Oficio 8146 abril 12 de 2016 DIAN -IVA en el acuerdo de transacci\u00f3n."},"previousItem":{"@type":"ListItem","@id":"https:\/\/contadoreshoy.com#listItem","name":"Home"}},{"@type":"ListItem","@id":"https:\/\/contadoreshoy.com\/?p=7263#listItem","position":3,"name":"Oficio 8146 abril 12 de 2016 DIAN -IVA en el acuerdo de transacci\u00f3n.","previousItem":{"@type":"ListItem","@id":"https:\/\/contadoreshoy.com\/?cat=456#listItem","name":"Conceptos y Oficios DIAN"}}]},{"@type":"Organization","@id":"https:\/\/contadoreshoy.com\/#organization","name":"Contadores P\u00fablicos","description":"Portal para Contadores P\u00fablicos y empresarios","url":"https:\/\/contadoreshoy.com\/","logo":{"@type":"ImageObject","url":"https:\/\/contadoreshoy.com\/wp-content\/uploads\/2024\/01\/cropped-cropped-Copia-de-M-1.jpg","@id":"https:\/\/contadoreshoy.com\/?p=7263\/#organizationLogo","width":499,"height":500},"image":{"@id":"https:\/\/contadoreshoy.com\/?p=7263\/#organizationLogo"}},{"@type":"Person","@id":"https:\/\/contadoreshoy.com\/?author=1#author","url":"https:\/\/contadoreshoy.com\/?author=1","name":"Miguel Antonio M\u00e1rquez Monta\u00f1ez"},{"@type":"WebPage","@id":"https:\/\/contadoreshoy.com\/?p=7263#webpage","url":"https:\/\/contadoreshoy.com\/?p=7263","name":"Oficio 8146 abril 12 de 2016 DIAN -IVA en el acuerdo de transacci\u00f3n. - Contadores P\u00fablicos","description":"Ante Acuerdos de Transacci\u00f3n que incurran en esta pr\u00e1ctica, la Administraci\u00f3n Tributaria en ejercicio de sus facultades de Fiscalizaci\u00f3n, podr\u00e1 desconocerlos y aplicar el r\u00e9gimen impositivo correspondiente acorde con la realidad de la operaci\u00f3n.","inLanguage":"es-ES","isPartOf":{"@id":"https:\/\/contadoreshoy.com\/#website"},"breadcrumb":{"@id":"https:\/\/contadoreshoy.com\/?p=7263#breadcrumblist"},"author":{"@id":"https:\/\/contadoreshoy.com\/?author=1#author"},"creator":{"@id":"https:\/\/contadoreshoy.com\/?author=1#author"},"image":{"@type":"ImageObject","url":"https:\/\/contadoreshoy.com\/wp-content\/uploads\/2015\/09\/liquidaci\u00f3n.jpg","@id":"https:\/\/contadoreshoy.com\/?p=7263\/#mainImage","width":600,"height":400},"primaryImageOfPage":{"@id":"https:\/\/contadoreshoy.com\/?p=7263#mainImage"},"datePublished":"2016-05-07T18:10:32-05:00","dateModified":"2017-02-04T21:58:41-05:00"},{"@type":"WebSite","@id":"https:\/\/contadoreshoy.com\/#website","url":"https:\/\/contadoreshoy.com\/","name":"Contadores P\u00fablicos","description":"Portal para Contadores P\u00fablicos y empresarios","inLanguage":"es-ES","publisher":{"@id":"https:\/\/contadoreshoy.com\/#organization"}}]},"og:locale":"es_ES","og:site_name":"Contadores P\u00fablicos - Portal para Contadores P\u00fablicos y empresarios","og:type":"article","og:title":"Oficio 8146 abril 12 de 2016 DIAN -IVA en el acuerdo de transacci\u00f3n. - Contadores P\u00fablicos","og:description":"Ante Acuerdos de Transacci\u00f3n que incurran en esta pr\u00e1ctica, la Administraci\u00f3n Tributaria en ejercicio de sus facultades de Fiscalizaci\u00f3n, podr\u00e1 desconocerlos y aplicar el r\u00e9gimen impositivo correspondiente acorde con la realidad de la operaci\u00f3n.","og:url":"https:\/\/contadoreshoy.com\/?p=7263","og:image":"https:\/\/contadoreshoy.com\/wp-content\/uploads\/2024\/01\/cropped-cropped-cropped-Copia-de-M.jpg","og:image:secure_url":"https:\/\/contadoreshoy.com\/wp-content\/uploads\/2024\/01\/cropped-cropped-cropped-Copia-de-M.jpg","og:image:width":512,"og:image:height":371,"article:published_time":"2016-05-07T23:10:32+00:00","article:modified_time":"2017-02-05T02:58:41+00:00","twitter:card":"summary_large_image","twitter:title":"Oficio 8146 abril 12 de 2016 DIAN -IVA en el acuerdo de transacci\u00f3n. - Contadores P\u00fablicos","twitter:description":"Ante Acuerdos de Transacci\u00f3n que incurran en esta pr\u00e1ctica, la Administraci\u00f3n Tributaria en ejercicio de sus facultades de Fiscalizaci\u00f3n, podr\u00e1 desconocerlos y aplicar el r\u00e9gimen impositivo correspondiente acorde con la realidad de la operaci\u00f3n.","twitter:image":"https:\/\/contadoreshoy.com\/wp-content\/uploads\/2024\/01\/cropped-cropped-cropped-Copia-de-M.jpg"},"aioseo_meta_data":{"post_id":"7263","title":null,"description":null,"keywords":null,"keyphrases":null,"primary_term":null,"canonical_url":null,"og_title":null,"og_description":null,"og_object_type":"default","og_image_type":"default","og_image_url":null,"og_image_width":null,"og_image_height":null,"og_image_custom_url":null,"og_image_custom_fields":null,"og_video":null,"og_custom_url":null,"og_article_section":null,"og_article_tags":null,"twitter_use_og":false,"twitter_card":"default","twitter_image_type":"default","twitter_image_url":null,"twitter_image_custom_url":null,"twitter_image_custom_fields":null,"twitter_title":null,"twitter_description":null,"schema":{"blockGraphs":[],"customGraphs":[],"default":{"data":{"Article":[],"Course":[],"Dataset":[],"FAQPage":[],"Movie":[],"Person":[],"Product":[],"ProductReview":[],"Car":[],"Recipe":[],"Service":[],"SoftwareApplication":[],"WebPage":[]},"graphName":"","isEnabled":true},"graphs":[]},"schema_type":"default","schema_type_options":null,"pillar_content":false,"robots_default":true,"robots_noindex":false,"robots_noarchive":false,"robots_nosnippet":false,"robots_nofollow":false,"robots_noimageindex":false,"robots_noodp":false,"robots_notranslate":false,"robots_max_snippet":null,"robots_max_videopreview":null,"robots_max_imagepreview":"large","priority":null,"frequency":null,"local_seo":null,"breadcrumb_settings":null,"limit_modified_date":false,"ai":null,"created":"2024-03-05 01:37:26","updated":"2026-03-03 04:53:10","seo_analyzer_scan_date":null,"focus_keyword":null,"additional_keywords":null,"truseo_locale":null},"aioseo_breadcrumb":"<div class=\"aioseo-breadcrumbs\"><span class=\"aioseo-breadcrumb\">\n\t\t\t<a href=\"https:\/\/contadoreshoy.com\" title=\"Home\">Home<\/a>\n\t\t<\/span><span class=\"aioseo-breadcrumb-separator\">&raquo;<\/span><span class=\"aioseo-breadcrumb\">\n\t\t\t<a href=\"https:\/\/contadoreshoy.com\/?cat=456\" title=\"Conceptos y Oficios DIAN\">Conceptos y Oficios DIAN<\/a>\n\t\t<\/span><span class=\"aioseo-breadcrumb-separator\">&raquo;<\/span><span class=\"aioseo-breadcrumb\">\n\t\t\tOficio 8146 abril 12 de 2016 DIAN -IVA en el acuerdo de transacci\u00f3n.\n\t\t<\/span><\/div>","aioseo_breadcrumb_json":[{"label":"Home","link":"https:\/\/contadoreshoy.com"},{"label":"Conceptos y Oficios DIAN","link":"https:\/\/contadoreshoy.com\/?cat=456"},{"label":"Oficio 8146 abril 12 de 2016 DIAN -IVA en el acuerdo de transacci\u00f3n.","link":"https:\/\/contadoreshoy.com\/?p=7263"}],"yoast_head":"<!-- This site is optimized with the Yoast SEO plugin v28.4 - https:\/\/yoast.com\/product\/yoast-seo-wordpress\/ -->\n<title>Oficio 8146 abril 12 de 2016 DIAN -IVA en el acuerdo de transacci\u00f3n. - Contadores P\u00fablicos<\/title>\n<meta name=\"robots\" content=\"index, follow, max-snippet:-1, max-image-preview:large, max-video-preview:-1\" \/>\n<link rel=\"canonical\" href=\"https:\/\/contadoreshoy.com\/?p=7263\" \/>\n<meta property=\"og:locale\" content=\"es_ES\" \/>\n<meta property=\"og:type\" content=\"article\" \/>\n<meta property=\"og:title\" content=\"Oficio 8146 abril 12 de 2016 DIAN -IVA en el acuerdo de transacci\u00f3n. - Contadores P\u00fablicos\" \/>\n<meta property=\"og:description\" content=\"Ante Acuerdos de Transacci\u00f3n que incurran en esta pr\u00e1ctica, la Administraci\u00f3n Tributaria en ejercicio de sus facultades de Fiscalizaci\u00f3n, podr\u00e1 desconocerlos y aplicar el r\u00e9gimen impositivo correspondiente acorde con la realidad de la operaci\u00f3n.\" \/>\n<meta property=\"og:url\" content=\"https:\/\/contadoreshoy.com\/?p=7263\" \/>\n<meta property=\"og:site_name\" content=\"Contadores P\u00fablicos\" \/>\n<meta property=\"article:publisher\" content=\"https:\/\/www.facebook.com\/CCCPBucaramanga\/\" \/>\n<meta property=\"article:published_time\" content=\"2016-05-07T23:10:32+00:00\" \/>\n<meta property=\"article:modified_time\" content=\"2017-02-05T02:58:41+00:00\" \/>\n<meta property=\"og:image\" content=\"https:\/\/contadoreshoy.com\/wp-content\/uploads\/2015\/09\/liquidaci\u00f3n.jpg\" \/>\n\t<meta property=\"og:image:width\" content=\"600\" \/>\n\t<meta property=\"og:image:height\" content=\"400\" \/>\n\t<meta property=\"og:image:type\" content=\"image\/jpeg\" \/>\n<meta name=\"author\" content=\"Miguel Antonio M\u00e1rquez Monta\u00f1ez\" \/>\n<meta name=\"twitter:card\" content=\"summary_large_image\" \/>\n<meta name=\"twitter:label1\" content=\"Escrito por\" \/>\n\t<meta name=\"twitter:data1\" content=\"Miguel Antonio M\u00e1rquez Monta\u00f1ez\" \/>\n\t<meta name=\"twitter:label2\" content=\"Tiempo de lectura\" \/>\n\t<meta name=\"twitter:data2\" content=\"14 minutos\" \/>\n<script type=\"application\/ld+json\" class=\"yoast-schema-graph\">{\"@context\":\"https:\\\/\\\/schema.org\",\"@graph\":[{\"@type\":\"Article\",\"@id\":\"https:\\\/\\\/contadoreshoy.com\\\/?p=7263#article\",\"isPartOf\":{\"@id\":\"https:\\\/\\\/contadoreshoy.com\\\/?p=7263\"},\"author\":{\"name\":\"Miguel Antonio M\u00e1rquez Monta\u00f1ez\",\"@id\":\"https:\\\/\\\/contadoreshoy.com\\\/#\\\/schema\\\/person\\\/96d8979cb865537c5dc9345e40089fc5\"},\"headline\":\"Oficio 8146 abril 12 de 2016 DIAN -IVA en el acuerdo de transacci\u00f3n.\",\"datePublished\":\"2016-05-07T23:10:32+00:00\",\"dateModified\":\"2017-02-05T02:58:41+00:00\",\"mainEntityOfPage\":{\"@id\":\"https:\\\/\\\/contadoreshoy.com\\\/?p=7263\"},\"wordCount\":2836,\"commentCount\":0,\"publisher\":{\"@id\":\"https:\\\/\\\/contadoreshoy.com\\\/#organization\"},\"image\":{\"@id\":\"https:\\\/\\\/contadoreshoy.com\\\/?p=7263#primaryimage\"},\"thumbnailUrl\":\"https:\\\/\\\/contadoreshoy.com\\\/wp-content\\\/uploads\\\/2015\\\/09\\\/liquidaci\u00f3n.jpg\",\"articleSection\":[\"Conceptos y Oficios DIAN\"],\"inLanguage\":\"es\",\"potentialAction\":[{\"@type\":\"CommentAction\",\"name\":\"Comment\",\"target\":[\"https:\\\/\\\/contadoreshoy.com\\\/?p=7263#respond\"]}]},{\"@type\":\"WebPage\",\"@id\":\"https:\\\/\\\/contadoreshoy.com\\\/?p=7263\",\"url\":\"https:\\\/\\\/contadoreshoy.com\\\/?p=7263\",\"name\":\"Oficio 8146 abril 12 de 2016 DIAN -IVA en el acuerdo de transacci\u00f3n. - Contadores P\u00fablicos\",\"isPartOf\":{\"@id\":\"https:\\\/\\\/contadoreshoy.com\\\/#website\"},\"primaryImageOfPage\":{\"@id\":\"https:\\\/\\\/contadoreshoy.com\\\/?p=7263#primaryimage\"},\"image\":{\"@id\":\"https:\\\/\\\/contadoreshoy.com\\\/?p=7263#primaryimage\"},\"thumbnailUrl\":\"https:\\\/\\\/contadoreshoy.com\\\/wp-content\\\/uploads\\\/2015\\\/09\\\/liquidaci\u00f3n.jpg\",\"datePublished\":\"2016-05-07T23:10:32+00:00\",\"dateModified\":\"2017-02-05T02:58:41+00:00\",\"breadcrumb\":{\"@id\":\"https:\\\/\\\/contadoreshoy.com\\\/?p=7263#breadcrumb\"},\"inLanguage\":\"es\",\"potentialAction\":[{\"@type\":\"ReadAction\",\"target\":[\"https:\\\/\\\/contadoreshoy.com\\\/?p=7263\"]}]},{\"@type\":\"ImageObject\",\"inLanguage\":\"es\",\"@id\":\"https:\\\/\\\/contadoreshoy.com\\\/?p=7263#primaryimage\",\"url\":\"https:\\\/\\\/contadoreshoy.com\\\/wp-content\\\/uploads\\\/2015\\\/09\\\/liquidaci\u00f3n.jpg\",\"contentUrl\":\"https:\\\/\\\/contadoreshoy.com\\\/wp-content\\\/uploads\\\/2015\\\/09\\\/liquidaci\u00f3n.jpg\",\"width\":600,\"height\":400},{\"@type\":\"BreadcrumbList\",\"@id\":\"https:\\\/\\\/contadoreshoy.com\\\/?p=7263#breadcrumb\",\"itemListElement\":[{\"@type\":\"ListItem\",\"position\":1,\"name\":\"Portada\",\"item\":\"https:\\\/\\\/contadoreshoy.com\\\/\"},{\"@type\":\"ListItem\",\"position\":2,\"name\":\"Oficio 8146 abril 12 de 2016 DIAN -IVA en el acuerdo de transacci\u00f3n.\"}]},{\"@type\":\"WebSite\",\"@id\":\"https:\\\/\\\/contadoreshoy.com\\\/#website\",\"url\":\"https:\\\/\\\/contadoreshoy.com\\\/\",\"name\":\"Contadorespublicossantander\",\"description\":\"Portal para Contadores P\u00fablicos y empresarios\",\"publisher\":{\"@id\":\"https:\\\/\\\/contadoreshoy.com\\\/#organization\"},\"potentialAction\":[{\"@type\":\"SearchAction\",\"target\":{\"@type\":\"EntryPoint\",\"urlTemplate\":\"https:\\\/\\\/contadoreshoy.com\\\/?s={search_term_string}\"},\"query-input\":{\"@type\":\"PropertyValueSpecification\",\"valueRequired\":true,\"valueName\":\"search_term_string\"}}],\"inLanguage\":\"es\"},{\"@type\":\"Organization\",\"@id\":\"https:\\\/\\\/contadoreshoy.com\\\/#organization\",\"name\":\"Contadores P\u00fablicos de Santander\",\"url\":\"https:\\\/\\\/contadoreshoy.com\\\/\",\"logo\":{\"@type\":\"ImageObject\",\"inLanguage\":\"es\",\"@id\":\"https:\\\/\\\/contadoreshoy.com\\\/#\\\/schema\\\/logo\\\/image\\\/\",\"url\":\"https:\\\/\\\/contadoreshoy.com\\\/wp-content\\\/uploads\\\/2024\\\/01\\\/cropped-cropped-Copia-de-M-1.jpg\",\"contentUrl\":\"https:\\\/\\\/contadoreshoy.com\\\/wp-content\\\/uploads\\\/2024\\\/01\\\/cropped-cropped-Copia-de-M-1.jpg\",\"width\":499,\"height\":500,\"caption\":\"Contadores P\u00fablicos de Santander\"},\"image\":{\"@id\":\"https:\\\/\\\/contadoreshoy.com\\\/#\\\/schema\\\/logo\\\/image\\\/\"},\"sameAs\":[\"https:\\\/\\\/www.facebook.com\\\/CCCPBucaramanga\\\/\"]},{\"@type\":\"Person\",\"@id\":\"https:\\\/\\\/contadoreshoy.com\\\/#\\\/schema\\\/person\\\/96d8979cb865537c5dc9345e40089fc5\",\"name\":\"Miguel Antonio M\u00e1rquez Monta\u00f1ez\",\"description\":\"Contador P\u00fablico egresado de la Universidad Aut\u00f3noma de Bucaramanga - Asesor contable tributario con m\u00e1s de 25 a\u00f1os de experiencia - Conferencista en temas contables y tributarios - T\u00e9cnico en Hardware y Dise\u00f1o Web - Creador y director Grupo de Estudio Colegio Colombiano de Contadores P\u00fablicos de Bucaramanga - Creador y Master Web p\u00e1gina www.contadoresp\u00fablicossantander.com - Expresidente Colegio Colombiano de Contadores P\u00fablicos Bucaramanga\",\"url\":\"https:\\\/\\\/contadoreshoy.com\\\/?author=1\"}]}<\/script>\n<!-- \/ Yoast SEO plugin. -->","yoast_head_json":{"title":"Oficio 8146 abril 12 de 2016 DIAN -IVA en el acuerdo de transacci\u00f3n. - Contadores P\u00fablicos","robots":{"index":"index","follow":"follow","max-snippet":"max-snippet:-1","max-image-preview":"max-image-preview:large","max-video-preview":"max-video-preview:-1"},"canonical":"https:\/\/contadoreshoy.com\/?p=7263","og_locale":"es_ES","og_type":"article","og_title":"Oficio 8146 abril 12 de 2016 DIAN -IVA en el acuerdo de transacci\u00f3n. - Contadores P\u00fablicos","og_description":"Ante Acuerdos de Transacci\u00f3n que incurran en esta pr\u00e1ctica, la Administraci\u00f3n Tributaria en ejercicio de sus facultades de Fiscalizaci\u00f3n, podr\u00e1 desconocerlos y aplicar el r\u00e9gimen impositivo correspondiente acorde con la realidad de la operaci\u00f3n.","og_url":"https:\/\/contadoreshoy.com\/?p=7263","og_site_name":"Contadores P\u00fablicos","article_publisher":"https:\/\/www.facebook.com\/CCCPBucaramanga\/","article_published_time":"2016-05-07T23:10:32+00:00","article_modified_time":"2017-02-05T02:58:41+00:00","og_image":[{"width":600,"height":400,"url":"https:\/\/contadoreshoy.com\/wp-content\/uploads\/2015\/09\/liquidaci\u00f3n.jpg","type":"image\/jpeg"}],"author":"Miguel Antonio M\u00e1rquez Monta\u00f1ez","twitter_card":"summary_large_image","twitter_misc":{"Escrito por":"Miguel Antonio M\u00e1rquez Monta\u00f1ez","Tiempo de lectura":"14 minutos"},"schema":{"@context":"https:\/\/schema.org","@graph":[{"@type":"Article","@id":"https:\/\/contadoreshoy.com\/?p=7263#article","isPartOf":{"@id":"https:\/\/contadoreshoy.com\/?p=7263"},"author":{"name":"Miguel Antonio M\u00e1rquez Monta\u00f1ez","@id":"https:\/\/contadoreshoy.com\/#\/schema\/person\/96d8979cb865537c5dc9345e40089fc5"},"headline":"Oficio 8146 abril 12 de 2016 DIAN -IVA en el acuerdo de transacci\u00f3n.","datePublished":"2016-05-07T23:10:32+00:00","dateModified":"2017-02-05T02:58:41+00:00","mainEntityOfPage":{"@id":"https:\/\/contadoreshoy.com\/?p=7263"},"wordCount":2836,"commentCount":0,"publisher":{"@id":"https:\/\/contadoreshoy.com\/#organization"},"image":{"@id":"https:\/\/contadoreshoy.com\/?p=7263#primaryimage"},"thumbnailUrl":"https:\/\/contadoreshoy.com\/wp-content\/uploads\/2015\/09\/liquidaci\u00f3n.jpg","articleSection":["Conceptos y Oficios DIAN"],"inLanguage":"es","potentialAction":[{"@type":"CommentAction","name":"Comment","target":["https:\/\/contadoreshoy.com\/?p=7263#respond"]}]},{"@type":"WebPage","@id":"https:\/\/contadoreshoy.com\/?p=7263","url":"https:\/\/contadoreshoy.com\/?p=7263","name":"Oficio 8146 abril 12 de 2016 DIAN -IVA en el acuerdo de transacci\u00f3n. - Contadores P\u00fablicos","isPartOf":{"@id":"https:\/\/contadoreshoy.com\/#website"},"primaryImageOfPage":{"@id":"https:\/\/contadoreshoy.com\/?p=7263#primaryimage"},"image":{"@id":"https:\/\/contadoreshoy.com\/?p=7263#primaryimage"},"thumbnailUrl":"https:\/\/contadoreshoy.com\/wp-content\/uploads\/2015\/09\/liquidaci\u00f3n.jpg","datePublished":"2016-05-07T23:10:32+00:00","dateModified":"2017-02-05T02:58:41+00:00","breadcrumb":{"@id":"https:\/\/contadoreshoy.com\/?p=7263#breadcrumb"},"inLanguage":"es","potentialAction":[{"@type":"ReadAction","target":["https:\/\/contadoreshoy.com\/?p=7263"]}]},{"@type":"ImageObject","inLanguage":"es","@id":"https:\/\/contadoreshoy.com\/?p=7263#primaryimage","url":"https:\/\/contadoreshoy.com\/wp-content\/uploads\/2015\/09\/liquidaci\u00f3n.jpg","contentUrl":"https:\/\/contadoreshoy.com\/wp-content\/uploads\/2015\/09\/liquidaci\u00f3n.jpg","width":600,"height":400},{"@type":"BreadcrumbList","@id":"https:\/\/contadoreshoy.com\/?p=7263#breadcrumb","itemListElement":[{"@type":"ListItem","position":1,"name":"Portada","item":"https:\/\/contadoreshoy.com\/"},{"@type":"ListItem","position":2,"name":"Oficio 8146 abril 12 de 2016 DIAN -IVA en el acuerdo de transacci\u00f3n."}]},{"@type":"WebSite","@id":"https:\/\/contadoreshoy.com\/#website","url":"https:\/\/contadoreshoy.com\/","name":"Contadorespublicossantander","description":"Portal para Contadores P\u00fablicos y empresarios","publisher":{"@id":"https:\/\/contadoreshoy.com\/#organization"},"potentialAction":[{"@type":"SearchAction","target":{"@type":"EntryPoint","urlTemplate":"https:\/\/contadoreshoy.com\/?s={search_term_string}"},"query-input":{"@type":"PropertyValueSpecification","valueRequired":true,"valueName":"search_term_string"}}],"inLanguage":"es"},{"@type":"Organization","@id":"https:\/\/contadoreshoy.com\/#organization","name":"Contadores P\u00fablicos de Santander","url":"https:\/\/contadoreshoy.com\/","logo":{"@type":"ImageObject","inLanguage":"es","@id":"https:\/\/contadoreshoy.com\/#\/schema\/logo\/image\/","url":"https:\/\/contadoreshoy.com\/wp-content\/uploads\/2024\/01\/cropped-cropped-Copia-de-M-1.jpg","contentUrl":"https:\/\/contadoreshoy.com\/wp-content\/uploads\/2024\/01\/cropped-cropped-Copia-de-M-1.jpg","width":499,"height":500,"caption":"Contadores P\u00fablicos de Santander"},"image":{"@id":"https:\/\/contadoreshoy.com\/#\/schema\/logo\/image\/"},"sameAs":["https:\/\/www.facebook.com\/CCCPBucaramanga\/"]},{"@type":"Person","@id":"https:\/\/contadoreshoy.com\/#\/schema\/person\/96d8979cb865537c5dc9345e40089fc5","name":"Miguel Antonio M\u00e1rquez Monta\u00f1ez","description":"Contador P\u00fablico egresado de la Universidad Aut\u00f3noma de Bucaramanga - Asesor contable tributario con m\u00e1s de 25 a\u00f1os de experiencia - Conferencista en temas contables y tributarios - T\u00e9cnico en Hardware y Dise\u00f1o Web - Creador y director Grupo de Estudio Colegio Colombiano de Contadores P\u00fablicos de Bucaramanga - Creador y Master Web p\u00e1gina www.contadoresp\u00fablicossantander.com - Expresidente Colegio Colombiano de Contadores P\u00fablicos Bucaramanga","url":"https:\/\/contadoreshoy.com\/?author=1"}]}},"_links":{"self":[{"href":"https:\/\/contadoreshoy.com\/index.php?rest_route=\/wp\/v2\/posts\/7263","targetHints":{"allow":["GET"]}}],"collection":[{"href":"https:\/\/contadoreshoy.com\/index.php?rest_route=\/wp\/v2\/posts"}],"about":[{"href":"https:\/\/contadoreshoy.com\/index.php?rest_route=\/wp\/v2\/types\/post"}],"author":[{"embeddable":true,"href":"https:\/\/contadoreshoy.com\/index.php?rest_route=\/wp\/v2\/users\/1"}],"replies":[{"embeddable":true,"href":"https:\/\/contadoreshoy.com\/index.php?rest_route=%2Fwp%2Fv2%2Fcomments&post=7263"}],"version-history":[{"count":1,"href":"https:\/\/contadoreshoy.com\/index.php?rest_route=\/wp\/v2\/posts\/7263\/revisions"}],"predecessor-version":[{"id":7866,"href":"https:\/\/contadoreshoy.com\/index.php?rest_route=\/wp\/v2\/posts\/7263\/revisions\/7866"}],"wp:featuredmedia":[{"embeddable":true,"href":"https:\/\/contadoreshoy.com\/index.php?rest_route=\/wp\/v2\/media\/5955"}],"wp:attachment":[{"href":"https:\/\/contadoreshoy.com\/index.php?rest_route=%2Fwp%2Fv2%2Fmedia&parent=7263"}],"wp:term":[{"taxonomy":"category","embeddable":true,"href":"https:\/\/contadoreshoy.com\/index.php?rest_route=%2Fwp%2Fv2%2Fcategories&post=7263"},{"taxonomy":"post_tag","embeddable":true,"href":"https:\/\/contadoreshoy.com\/index.php?rest_route=%2Fwp%2Fv2%2Ftags&post=7263"}],"curies":[{"name":"wp","href":"https:\/\/api.w.org\/{rel}","templated":true}]}}