{"id":7473,"date":"2016-07-27T16:54:11","date_gmt":"2016-07-27T21:54:11","guid":{"rendered":"http:\/\/colegiocolombianodecontadores.com\/?p=7473"},"modified":"2017-02-04T21:58:17","modified_gmt":"2017-02-05T02:58:17","slug":"activos-y-pasivos-financieros-niif-completas-orientacion-tecnica-008-ctcp","status":"publish","type":"post","link":"https:\/\/contadoreshoy.com\/?p=7473","title":{"rendered":"Activos y Pasivos financieros NIIF completas &#8211; Orientaci\u00f3n T\u00e9cnica 008 CTCP"},"content":{"rendered":"<p style=\"text-align: center;\"><a href=\"https:\/\/contadoreshoy.com\/wp-content\/uploads\/2016\/07\/ORIENTACI\u00d3N-T\u00c9CNICA-8-NIIF-COMPLETAS-ACTIVOS-Y-PASIVOS-FINANCIEROS.pdf\" target=\"_blank\">ORIENTACI\u00d3N T\u00c9CNICA 008 CTPC<\/a><\/p>\n<p style=\"text-align: center;\">ACTIVOS Y PASIVOS FINANCIEROS NIIF COMPLETAS<\/p>\n<p>&nbsp;<\/p>\n<p style=\"text-align: justify;\">\u00abLos instrumentos financieros forman parte del estado de situaci\u00f3n financiera de todas las compa\u00f1\u00edas, ya que sus deudas y cr\u00e9ditos a terceros se contabilizan bajo estas normas. Sin embargo, las compa\u00f1\u00edas cada vez m\u00e1s recurren a instrumentos financieros m\u00e1s sofisticados tales como los instrumentos derivados o emisiones en el mercado de acciones preferenciales, subordinadas o convertibles.<\/p>\n<p style=\"text-align: justify;\">Por otro lado, en determinados negocios, los instrumentos financieros son el componente principal de sus estados financieros. Sin lugar a dudas, las entidades financieras y de seguros gestionan voluminosas carteras, que representan la pr\u00e1ctica totalidad del peso de sus recursos y un nivel muy elevado de su financiaci\u00f3n, llegando incluso a convertirlas en entidades sist\u00e9micas. Una quiebra en una de estas entidades podr\u00eda poner en jaque al sistema financiero.<\/p>\n<p style=\"text-align: justify;\">Este riesgo se ha percibido como elevadamente probable en la reciente crisis financiera, cuyo comienzo se data en 2007 con las primeras se\u00f1ales de la crisis subprime y que en septiembre de 2008 llev\u00f3 a la quiebra al m\u00edtico Lehman Brothers. El riesgo que se cern\u00eda sobre todo el sistema financiero tuvo su efecto inmediato en la regulaci\u00f3n contable internacional que, en octubre de 2008, tom\u00f3 medidas at\u00edpicas y excepcionales para solventar el riesgo que pod\u00eda suponer la quiebra de entidades financieras sist\u00e9micas.<\/p>\n<p style=\"text-align: justify;\">Los principales l\u00edderes mundiales han impuesto una intensa agenda reformadora del funcionamiento de estos mercados y entre ellos de la informaci\u00f3n financiera que se elabora por estas entidades. Esta labor ha sido llevada coordinadamente durante una parte importante de la agenda entre los dos grandes emisores de normas mundiales: el IASB y el FASB, si bien al final se han producido algunas diferencias entre ambos emisores que ha llevado a pronunciamientos diferenciados. El IASB ha publicado recientemente el conjunto completo de la NIIF 9.<\/p>\n<p style=\"text-align: justify;\">La NIIF 9 ha supuesto una modificaci\u00f3n sustancial de la regulaci\u00f3n anterior de los instrumentos financieros en el seno de la normativa internacional, b\u00e1sicamente con un doble prop\u00f3sito. En primer lugar, la de reducir la complejidad por las dificultades que preparadores y usuarios de los estados financieros encontraban en la aplicaci\u00f3n e interpretaci\u00f3n de los requerimientos de la NIC 39.<\/p>\n<p style=\"text-align: justify;\">A esto hay que unir los requerimientos a los organismos reguladores en el \u00e1mbito de la profesi\u00f3n contable del G20 en la cumbre de Londres de 2009, entre los que espec\u00edficamente se requer\u00eda una reducci\u00f3n de la complejidad de los est\u00e1ndares de contabilidad para los instrumentos financieros. El tratamiento del deterioro de los activos financieros supon\u00eda un mecanismo que, al requerirse un evento de cr\u00e9dito, recibiese duras cr\u00edticas, porque los estados financieros afloraban estas p\u00e9rdidas demasiado tarde (too little, too late).<\/p>\n<p style=\"text-align: justify;\">En segundo lugar, esta b\u00fasqueda de una menor complejidad se ha realizado de la mano del Marco Conceptual. Los instrumentos financieros dan lugar a elementos de situaci\u00f3n financiera, activos y pasivos, pero cuyos flujos de efectivo no dependen del desarrollo de una actividad, sino del cumplimiento de unas condiciones contractuales. Por ello, la valoraci\u00f3n posterior de estos elementos, a valor razonable o costo1, se ha vinculado en gran medida a si estos flujos vendr\u00edan determinados por estas condiciones contractuales o, potencialmente, el modelo de negocio implica que ser\u00e1 el mercado el mecanismo de realizaci\u00f3n de dichos flujos. La NIC 39 aplic\u00f3 esta visi\u00f3n en la valoraci\u00f3n posterior mediante una estricta categorizaci\u00f3n de los instrumentos financieros en carteras con muy limitadas posibilidades de transferencia, sin considerar que las empresas pod\u00edan cambiar la forma como esos flujos de efectivo finalmente se obtendr\u00edan o se entregar\u00edan.<\/p>\n<p style=\"text-align: justify;\">La valoraci\u00f3n posterior bajo la NIIF 9 se realiza considerando la manera en la que una entidad maneja los activos financieros para obtener sus flujos de efectivo. Por otro lado, el hecho de que el instrumento pueda dar lugar a la recuperaci\u00f3n de la inversi\u00f3n a trav\u00e9s de flujos de efectivo determinables se sustituye por otro concepto mucho m\u00e1s delimitado denominado flujos de efectivo contractuales \u201c\u00fanicamente de principal e intereses\u201d.<\/p>\n<p style=\"text-align: justify;\">El presente Documento de Orientaci\u00f3n T\u00e9cnica sobre los activos y pasivos financieros en las NIIF completas est\u00e1 dirigido a los preparadores de informaci\u00f3n financiera de las compa\u00f1\u00edas colombianas, a los inversores, profesionales en materia contable y a cualquier otro interesado en profundizar su comprensi\u00f3n.\u00bb<\/p>\n<p style=\"text-align: justify;\"><span style=\"font-size: 14pt;\"><strong><a href=\"https:\/\/contadoreshoy.com\/wp-content\/uploads\/2016\/07\/ORIENTACI\u00d3N-T\u00c9CNICA-8-NIIF-COMPLETAS-ACTIVOS-Y-PASIVOS-FINANCIEROS.pdf\" target=\"_blank\">Para ver documento completo dar click aqu\u00ed<\/a><\/strong><\/span><\/p>\n","protected":false},"excerpt":{"rendered":"<p>El presente Documento de Orientaci\u00f3n T\u00e9cnica sobre los activos y pasivos financieros en las NIIF completas est\u00e1 dirigido a los preparadores de informaci\u00f3n financiera de las compa\u00f1\u00edas colombianas, a los inversores, profesionales en materia contable y a cualquier otro interesado en profundizar su comprensi\u00f3n.<\/p>\n","protected":false},"author":1,"featured_media":6048,"comment_status":"open","ping_status":"open","sticky":false,"template":"","format":"standard","meta":{"_monsterinsights_skip_tracking":false,"ngg_post_thumbnail":0,"footnotes":"","_links_to":"","_links_to_target":""},"categories":[454],"tags":[],"class_list":["post-7473","post","type-post","status-publish","format-standard","has-post-thumbnail","hentry","category-sin-categoria"],"aioseo_notices":[],"aioseo_head":"\n\t\t<!-- All in One SEO 5.0.1.1 - aioseo.com -->\n\t<meta name=\"description\" content=\"El presente Documento de Orientaci\u00f3n T\u00e9cnica sobre los activos y pasivos financieros en las NIIF completas est\u00e1 dirigido a los preparadores de informaci\u00f3n financiera de las compa\u00f1\u00edas colombianas, a los inversores, profesionales en materia contable y a cualquier otro interesado en profundizar su comprensi\u00f3n.\" \/>\n\t<meta name=\"robots\" content=\"max-image-preview:large\" \/>\n\t<meta name=\"author\" content=\"Miguel Antonio M\u00e1rquez Monta\u00f1ez\"\/>\n\t<link rel=\"canonical\" href=\"https:\/\/contadoreshoy.com\/?p=7473\" \/>\n\t<meta name=\"generator\" content=\"All in One SEO (AIOSEO) 5.0.1.1\" \/>\n\t\t<meta property=\"og:locale\" content=\"es_ES\" \/>\n\t\t<meta property=\"og:site_name\" content=\"Contadores P\u00fablicos - Portal para Contadores P\u00fablicos y empresarios\" \/>\n\t\t<meta property=\"og:type\" content=\"article\" \/>\n\t\t<meta property=\"og:title\" content=\"Activos y Pasivos financieros NIIF completas \u2013 Orientaci\u00f3n T\u00e9cnica 008 CTCP - Contadores P\u00fablicos\" \/>\n\t\t<meta property=\"og:description\" content=\"El presente Documento de Orientaci\u00f3n T\u00e9cnica sobre los activos y pasivos financieros en las NIIF completas est\u00e1 dirigido a los preparadores de informaci\u00f3n financiera de las compa\u00f1\u00edas colombianas, a los inversores, profesionales en materia contable y a cualquier otro interesado en profundizar su comprensi\u00f3n.\" \/>\n\t\t<meta property=\"og:url\" content=\"https:\/\/contadoreshoy.com\/?p=7473\" \/>\n\t\t<meta property=\"og:image\" content=\"https:\/\/contadoreshoy.com\/wp-content\/uploads\/2024\/01\/cropped-cropped-cropped-Copia-de-M.jpg\" \/>\n\t\t<meta property=\"og:image:secure_url\" content=\"https:\/\/contadoreshoy.com\/wp-content\/uploads\/2024\/01\/cropped-cropped-cropped-Copia-de-M.jpg\" \/>\n\t\t<meta property=\"og:image:width\" content=\"512\" \/>\n\t\t<meta property=\"og:image:height\" content=\"371\" \/>\n\t\t<meta property=\"article:published_time\" content=\"2016-07-27T21:54:11+00:00\" \/>\n\t\t<meta property=\"article:modified_time\" content=\"2017-02-05T02:58:17+00:00\" \/>\n\t\t<meta name=\"twitter:card\" content=\"summary_large_image\" \/>\n\t\t<meta name=\"twitter:title\" content=\"Activos y Pasivos financieros NIIF completas \u2013 Orientaci\u00f3n T\u00e9cnica 008 CTCP - Contadores P\u00fablicos\" \/>\n\t\t<meta name=\"twitter:description\" content=\"El presente Documento de Orientaci\u00f3n T\u00e9cnica sobre los activos y pasivos financieros en las NIIF completas est\u00e1 dirigido a los preparadores de informaci\u00f3n financiera de las compa\u00f1\u00edas colombianas, a los inversores, profesionales en materia contable y a cualquier otro interesado en profundizar su comprensi\u00f3n.\" \/>\n\t\t<meta name=\"twitter:image\" content=\"https:\/\/contadoreshoy.com\/wp-content\/uploads\/2024\/01\/cropped-cropped-cropped-Copia-de-M.jpg\" \/>\n\t\t<script type=\"application\/ld+json\" class=\"aioseo-schema\">\n\t\t\t{\"@context\":\"https:\\\/\\\/schema.org\",\"@graph\":[{\"@type\":\"BlogPosting\",\"@id\":\"https:\\\/\\\/contadoreshoy.com\\\/?p=7473#blogposting\",\"name\":\"Activos y Pasivos financieros NIIF completas \\u2013 Orientaci\\u00f3n T\\u00e9cnica 008 CTCP - Contadores P\\u00fablicos\",\"headline\":\"Activos y Pasivos financieros NIIF completas &#8211; Orientaci\\u00f3n T\\u00e9cnica 008 CTCP\",\"author\":{\"@id\":\"https:\\\/\\\/contadoreshoy.com\\\/?author=1#author\"},\"publisher\":{\"@id\":\"https:\\\/\\\/contadoreshoy.com\\\/#organization\"},\"image\":{\"@type\":\"ImageObject\",\"url\":\"https:\\\/\\\/contadoreshoy.com\\\/wp-content\\\/uploads\\\/2015\\\/09\\\/pago-de-impuestos.jpg\",\"width\":600,\"height\":400},\"datePublished\":\"2016-07-27T16:54:11-05:00\",\"dateModified\":\"2017-02-04T21:58:17-05:00\",\"inLanguage\":\"es-ES\",\"mainEntityOfPage\":{\"@id\":\"https:\\\/\\\/contadoreshoy.com\\\/?p=7473#webpage\"},\"isPartOf\":{\"@id\":\"https:\\\/\\\/contadoreshoy.com\\\/?p=7473#webpage\"},\"articleSection\":\"Sin categor\\u00eda\"},{\"@type\":\"BreadcrumbList\",\"@id\":\"https:\\\/\\\/contadoreshoy.com\\\/?p=7473#breadcrumblist\",\"itemListElement\":[{\"@type\":\"ListItem\",\"@id\":\"https:\\\/\\\/contadoreshoy.com#listItem\",\"position\":1,\"name\":\"Home\",\"item\":\"https:\\\/\\\/contadoreshoy.com\",\"nextItem\":{\"@type\":\"ListItem\",\"@id\":\"https:\\\/\\\/contadoreshoy.com\\\/?cat=454#listItem\",\"name\":\"Sin categor\\u00eda\"}},{\"@type\":\"ListItem\",\"@id\":\"https:\\\/\\\/contadoreshoy.com\\\/?cat=454#listItem\",\"position\":2,\"name\":\"Sin categor\\u00eda\",\"item\":\"https:\\\/\\\/contadoreshoy.com\\\/?cat=454\",\"nextItem\":{\"@type\":\"ListItem\",\"@id\":\"https:\\\/\\\/contadoreshoy.com\\\/?p=7473#listItem\",\"name\":\"Activos y Pasivos financieros NIIF completas &#8211; Orientaci\\u00f3n T\\u00e9cnica 008 CTCP\"},\"previousItem\":{\"@type\":\"ListItem\",\"@id\":\"https:\\\/\\\/contadoreshoy.com#listItem\",\"name\":\"Home\"}},{\"@type\":\"ListItem\",\"@id\":\"https:\\\/\\\/contadoreshoy.com\\\/?p=7473#listItem\",\"position\":3,\"name\":\"Activos y Pasivos financieros NIIF completas &#8211; Orientaci\\u00f3n T\\u00e9cnica 008 CTCP\",\"previousItem\":{\"@type\":\"ListItem\",\"@id\":\"https:\\\/\\\/contadoreshoy.com\\\/?cat=454#listItem\",\"name\":\"Sin categor\\u00eda\"}}]},{\"@type\":\"Organization\",\"@id\":\"https:\\\/\\\/contadoreshoy.com\\\/#organization\",\"name\":\"Contadores P\\u00fablicos\",\"description\":\"Portal para Contadores P\\u00fablicos y empresarios\",\"url\":\"https:\\\/\\\/contadoreshoy.com\\\/\",\"logo\":{\"@type\":\"ImageObject\",\"url\":\"https:\\\/\\\/contadoreshoy.com\\\/wp-content\\\/uploads\\\/2024\\\/01\\\/cropped-cropped-Copia-de-M-1.jpg\",\"@id\":\"https:\\\/\\\/contadoreshoy.com\\\/?p=7473\\\/#organizationLogo\",\"width\":499,\"height\":500},\"image\":{\"@id\":\"https:\\\/\\\/contadoreshoy.com\\\/?p=7473\\\/#organizationLogo\"}},{\"@type\":\"Person\",\"@id\":\"https:\\\/\\\/contadoreshoy.com\\\/?author=1#author\",\"url\":\"https:\\\/\\\/contadoreshoy.com\\\/?author=1\",\"name\":\"Miguel Antonio M\\u00e1rquez Monta\\u00f1ez\"},{\"@type\":\"WebPage\",\"@id\":\"https:\\\/\\\/contadoreshoy.com\\\/?p=7473#webpage\",\"url\":\"https:\\\/\\\/contadoreshoy.com\\\/?p=7473\",\"name\":\"Activos y Pasivos financieros NIIF completas \\u2013 Orientaci\\u00f3n T\\u00e9cnica 008 CTCP - Contadores P\\u00fablicos\",\"description\":\"El presente Documento de Orientaci\\u00f3n T\\u00e9cnica sobre los activos y pasivos financieros en las NIIF completas est\\u00e1 dirigido a los preparadores de informaci\\u00f3n financiera de las compa\\u00f1\\u00edas colombianas, a los inversores, profesionales en materia contable y a cualquier otro interesado en profundizar su comprensi\\u00f3n.\",\"inLanguage\":\"es-ES\",\"isPartOf\":{\"@id\":\"https:\\\/\\\/contadoreshoy.com\\\/#website\"},\"breadcrumb\":{\"@id\":\"https:\\\/\\\/contadoreshoy.com\\\/?p=7473#breadcrumblist\"},\"author\":{\"@id\":\"https:\\\/\\\/contadoreshoy.com\\\/?author=1#author\"},\"creator\":{\"@id\":\"https:\\\/\\\/contadoreshoy.com\\\/?author=1#author\"},\"image\":{\"@type\":\"ImageObject\",\"url\":\"https:\\\/\\\/contadoreshoy.com\\\/wp-content\\\/uploads\\\/2015\\\/09\\\/pago-de-impuestos.jpg\",\"@id\":\"https:\\\/\\\/contadoreshoy.com\\\/?p=7473\\\/#mainImage\",\"width\":600,\"height\":400},\"primaryImageOfPage\":{\"@id\":\"https:\\\/\\\/contadoreshoy.com\\\/?p=7473#mainImage\"},\"datePublished\":\"2016-07-27T16:54:11-05:00\",\"dateModified\":\"2017-02-04T21:58:17-05:00\"},{\"@type\":\"WebSite\",\"@id\":\"https:\\\/\\\/contadoreshoy.com\\\/#website\",\"url\":\"https:\\\/\\\/contadoreshoy.com\\\/\",\"name\":\"Contadores P\\u00fablicos\",\"description\":\"Portal para Contadores P\\u00fablicos y empresarios\",\"inLanguage\":\"es-ES\",\"publisher\":{\"@id\":\"https:\\\/\\\/contadoreshoy.com\\\/#organization\"}}]}\n\t\t<\/script>\n\t\t<!-- All in One SEO -->\n\n","aioseo_head_json":{"title":"Activos y Pasivos financieros NIIF completas \u2013 Orientaci\u00f3n T\u00e9cnica 008 CTCP - Contadores P\u00fablicos","description":"El presente Documento de Orientaci\u00f3n T\u00e9cnica sobre los activos y pasivos financieros en las NIIF completas est\u00e1 dirigido a los preparadores de informaci\u00f3n financiera de las compa\u00f1\u00edas colombianas, a los inversores, profesionales en materia contable y a cualquier otro interesado en profundizar su comprensi\u00f3n.","canonical_url":"https:\/\/contadoreshoy.com\/?p=7473","robots":"max-image-preview:large","keywords":"","webmasterTools":{"miscellaneous":""},"schema":{"@context":"https:\/\/schema.org","@graph":[{"@type":"BlogPosting","@id":"https:\/\/contadoreshoy.com\/?p=7473#blogposting","name":"Activos y Pasivos financieros NIIF completas \u2013 Orientaci\u00f3n T\u00e9cnica 008 CTCP - Contadores P\u00fablicos","headline":"Activos y Pasivos financieros NIIF completas &#8211; Orientaci\u00f3n T\u00e9cnica 008 CTCP","author":{"@id":"https:\/\/contadoreshoy.com\/?author=1#author"},"publisher":{"@id":"https:\/\/contadoreshoy.com\/#organization"},"image":{"@type":"ImageObject","url":"https:\/\/contadoreshoy.com\/wp-content\/uploads\/2015\/09\/pago-de-impuestos.jpg","width":600,"height":400},"datePublished":"2016-07-27T16:54:11-05:00","dateModified":"2017-02-04T21:58:17-05:00","inLanguage":"es-ES","mainEntityOfPage":{"@id":"https:\/\/contadoreshoy.com\/?p=7473#webpage"},"isPartOf":{"@id":"https:\/\/contadoreshoy.com\/?p=7473#webpage"},"articleSection":"Sin categor\u00eda"},{"@type":"BreadcrumbList","@id":"https:\/\/contadoreshoy.com\/?p=7473#breadcrumblist","itemListElement":[{"@type":"ListItem","@id":"https:\/\/contadoreshoy.com#listItem","position":1,"name":"Home","item":"https:\/\/contadoreshoy.com","nextItem":{"@type":"ListItem","@id":"https:\/\/contadoreshoy.com\/?cat=454#listItem","name":"Sin categor\u00eda"}},{"@type":"ListItem","@id":"https:\/\/contadoreshoy.com\/?cat=454#listItem","position":2,"name":"Sin categor\u00eda","item":"https:\/\/contadoreshoy.com\/?cat=454","nextItem":{"@type":"ListItem","@id":"https:\/\/contadoreshoy.com\/?p=7473#listItem","name":"Activos y Pasivos financieros NIIF completas &#8211; Orientaci\u00f3n T\u00e9cnica 008 CTCP"},"previousItem":{"@type":"ListItem","@id":"https:\/\/contadoreshoy.com#listItem","name":"Home"}},{"@type":"ListItem","@id":"https:\/\/contadoreshoy.com\/?p=7473#listItem","position":3,"name":"Activos y Pasivos financieros NIIF completas &#8211; Orientaci\u00f3n T\u00e9cnica 008 CTCP","previousItem":{"@type":"ListItem","@id":"https:\/\/contadoreshoy.com\/?cat=454#listItem","name":"Sin categor\u00eda"}}]},{"@type":"Organization","@id":"https:\/\/contadoreshoy.com\/#organization","name":"Contadores P\u00fablicos","description":"Portal para Contadores P\u00fablicos y empresarios","url":"https:\/\/contadoreshoy.com\/","logo":{"@type":"ImageObject","url":"https:\/\/contadoreshoy.com\/wp-content\/uploads\/2024\/01\/cropped-cropped-Copia-de-M-1.jpg","@id":"https:\/\/contadoreshoy.com\/?p=7473\/#organizationLogo","width":499,"height":500},"image":{"@id":"https:\/\/contadoreshoy.com\/?p=7473\/#organizationLogo"}},{"@type":"Person","@id":"https:\/\/contadoreshoy.com\/?author=1#author","url":"https:\/\/contadoreshoy.com\/?author=1","name":"Miguel Antonio M\u00e1rquez Monta\u00f1ez"},{"@type":"WebPage","@id":"https:\/\/contadoreshoy.com\/?p=7473#webpage","url":"https:\/\/contadoreshoy.com\/?p=7473","name":"Activos y Pasivos financieros NIIF completas \u2013 Orientaci\u00f3n T\u00e9cnica 008 CTCP - Contadores P\u00fablicos","description":"El presente Documento de Orientaci\u00f3n T\u00e9cnica sobre los activos y pasivos financieros en las NIIF completas est\u00e1 dirigido a los preparadores de informaci\u00f3n financiera de las compa\u00f1\u00edas colombianas, a los inversores, profesionales en materia contable y a cualquier otro interesado en profundizar su comprensi\u00f3n.","inLanguage":"es-ES","isPartOf":{"@id":"https:\/\/contadoreshoy.com\/#website"},"breadcrumb":{"@id":"https:\/\/contadoreshoy.com\/?p=7473#breadcrumblist"},"author":{"@id":"https:\/\/contadoreshoy.com\/?author=1#author"},"creator":{"@id":"https:\/\/contadoreshoy.com\/?author=1#author"},"image":{"@type":"ImageObject","url":"https:\/\/contadoreshoy.com\/wp-content\/uploads\/2015\/09\/pago-de-impuestos.jpg","@id":"https:\/\/contadoreshoy.com\/?p=7473\/#mainImage","width":600,"height":400},"primaryImageOfPage":{"@id":"https:\/\/contadoreshoy.com\/?p=7473#mainImage"},"datePublished":"2016-07-27T16:54:11-05:00","dateModified":"2017-02-04T21:58:17-05:00"},{"@type":"WebSite","@id":"https:\/\/contadoreshoy.com\/#website","url":"https:\/\/contadoreshoy.com\/","name":"Contadores P\u00fablicos","description":"Portal para Contadores P\u00fablicos y empresarios","inLanguage":"es-ES","publisher":{"@id":"https:\/\/contadoreshoy.com\/#organization"}}]},"og:locale":"es_ES","og:site_name":"Contadores P\u00fablicos - Portal para Contadores P\u00fablicos y empresarios","og:type":"article","og:title":"Activos y Pasivos financieros NIIF completas \u2013 Orientaci\u00f3n T\u00e9cnica 008 CTCP - Contadores P\u00fablicos","og:description":"El presente Documento de Orientaci\u00f3n T\u00e9cnica sobre los activos y pasivos financieros en las NIIF completas est\u00e1 dirigido a los preparadores de informaci\u00f3n financiera de las compa\u00f1\u00edas colombianas, a los inversores, profesionales en materia contable y a cualquier otro interesado en profundizar su comprensi\u00f3n.","og:url":"https:\/\/contadoreshoy.com\/?p=7473","og:image":"https:\/\/contadoreshoy.com\/wp-content\/uploads\/2024\/01\/cropped-cropped-cropped-Copia-de-M.jpg","og:image:secure_url":"https:\/\/contadoreshoy.com\/wp-content\/uploads\/2024\/01\/cropped-cropped-cropped-Copia-de-M.jpg","og:image:width":512,"og:image:height":371,"article:published_time":"2016-07-27T21:54:11+00:00","article:modified_time":"2017-02-05T02:58:17+00:00","twitter:card":"summary_large_image","twitter:title":"Activos y Pasivos financieros NIIF completas \u2013 Orientaci\u00f3n T\u00e9cnica 008 CTCP - Contadores P\u00fablicos","twitter:description":"El presente Documento de Orientaci\u00f3n T\u00e9cnica sobre los activos y pasivos financieros en las NIIF completas est\u00e1 dirigido a los preparadores de informaci\u00f3n financiera de las compa\u00f1\u00edas colombianas, a los inversores, profesionales en materia contable y a cualquier otro interesado en profundizar su comprensi\u00f3n.","twitter:image":"https:\/\/contadoreshoy.com\/wp-content\/uploads\/2024\/01\/cropped-cropped-cropped-Copia-de-M.jpg"},"aioseo_meta_data":{"post_id":"7473","title":null,"description":null,"keywords":null,"keyphrases":null,"primary_term":null,"canonical_url":null,"og_title":null,"og_description":null,"og_object_type":"default","og_image_type":"default","og_image_url":null,"og_image_width":null,"og_image_height":null,"og_image_custom_url":null,"og_image_custom_fields":null,"og_video":null,"og_custom_url":null,"og_article_section":null,"og_article_tags":null,"twitter_use_og":false,"twitter_card":"default","twitter_image_type":"default","twitter_image_url":null,"twitter_image_custom_url":null,"twitter_image_custom_fields":null,"twitter_title":null,"twitter_description":null,"schema":{"blockGraphs":[],"customGraphs":[],"default":{"data":{"Article":[],"Course":[],"Dataset":[],"FAQPage":[],"Movie":[],"Person":[],"Product":[],"ProductReview":[],"Car":[],"Recipe":[],"Service":[],"SoftwareApplication":[],"WebPage":[]},"graphName":"","isEnabled":true},"graphs":[]},"schema_type":"default","schema_type_options":null,"pillar_content":false,"robots_default":true,"robots_noindex":false,"robots_noarchive":false,"robots_nosnippet":false,"robots_nofollow":false,"robots_noimageindex":false,"robots_noodp":false,"robots_notranslate":false,"robots_max_snippet":null,"robots_max_videopreview":null,"robots_max_imagepreview":"large","priority":null,"frequency":null,"local_seo":null,"breadcrumb_settings":null,"limit_modified_date":false,"ai":null,"created":"2024-03-05 01:39:28","updated":"2026-03-03 04:55:51","seo_analyzer_scan_date":null,"focus_keyword":null,"additional_keywords":null,"truseo_locale":null},"aioseo_breadcrumb":"<div class=\"aioseo-breadcrumbs\"><span class=\"aioseo-breadcrumb\">\n\t\t\t<a href=\"https:\/\/contadoreshoy.com\" title=\"Home\">Home<\/a>\n\t\t<\/span><span class=\"aioseo-breadcrumb-separator\">&raquo;<\/span><span class=\"aioseo-breadcrumb\">\n\t\t\t<a href=\"https:\/\/contadoreshoy.com\/?cat=454\" title=\"Sin categor\u00eda\">Sin categor\u00eda<\/a>\n\t\t<\/span><span class=\"aioseo-breadcrumb-separator\">&raquo;<\/span><span class=\"aioseo-breadcrumb\">\n\t\t\tActivos y Pasivos financieros NIIF completas \u2013 Orientaci\u00f3n T\u00e9cnica 008 CTCP\n\t\t<\/span><\/div>","aioseo_breadcrumb_json":[{"label":"Home","link":"https:\/\/contadoreshoy.com"},{"label":"Sin categor\u00eda","link":"https:\/\/contadoreshoy.com\/?cat=454"},{"label":"Activos y Pasivos financieros NIIF completas &#8211; Orientaci\u00f3n T\u00e9cnica 008 CTCP","link":"https:\/\/contadoreshoy.com\/?p=7473"}],"yoast_head":"<!-- This site is optimized with the Yoast SEO plugin v28.4 - https:\/\/yoast.com\/product\/yoast-seo-wordpress\/ -->\n<title>Activos y Pasivos financieros NIIF completas - Orientaci\u00f3n T\u00e9cnica 008 CTCP - Contadores P\u00fablicos<\/title>\n<meta name=\"robots\" content=\"index, follow, max-snippet:-1, max-image-preview:large, max-video-preview:-1\" \/>\n<link rel=\"canonical\" href=\"https:\/\/contadoreshoy.com\/?p=7473\" \/>\n<meta property=\"og:locale\" content=\"es_ES\" \/>\n<meta property=\"og:type\" content=\"article\" \/>\n<meta property=\"og:title\" content=\"Activos y Pasivos financieros NIIF completas - Orientaci\u00f3n T\u00e9cnica 008 CTCP - Contadores P\u00fablicos\" \/>\n<meta property=\"og:description\" content=\"El presente Documento de Orientaci\u00f3n T\u00e9cnica sobre los activos y pasivos financieros en las NIIF completas est\u00e1 dirigido a los preparadores de informaci\u00f3n financiera de las compa\u00f1\u00edas colombianas, a los inversores, profesionales en materia contable y a cualquier otro interesado en profundizar su comprensi\u00f3n.\" \/>\n<meta property=\"og:url\" content=\"https:\/\/contadoreshoy.com\/?p=7473\" \/>\n<meta property=\"og:site_name\" content=\"Contadores P\u00fablicos\" \/>\n<meta property=\"article:publisher\" content=\"https:\/\/www.facebook.com\/CCCPBucaramanga\/\" \/>\n<meta property=\"article:published_time\" content=\"2016-07-27T21:54:11+00:00\" \/>\n<meta property=\"article:modified_time\" content=\"2017-02-05T02:58:17+00:00\" \/>\n<meta property=\"og:image\" content=\"https:\/\/contadoreshoy.com\/wp-content\/uploads\/2015\/09\/pago-de-impuestos.jpg\" \/>\n\t<meta property=\"og:image:width\" content=\"600\" \/>\n\t<meta property=\"og:image:height\" content=\"400\" \/>\n\t<meta property=\"og:image:type\" content=\"image\/jpeg\" \/>\n<meta name=\"author\" content=\"Miguel Antonio M\u00e1rquez Monta\u00f1ez\" \/>\n<meta name=\"twitter:card\" content=\"summary_large_image\" \/>\n<meta name=\"twitter:label1\" content=\"Escrito por\" \/>\n\t<meta name=\"twitter:data1\" content=\"Miguel Antonio M\u00e1rquez Monta\u00f1ez\" \/>\n\t<meta name=\"twitter:label2\" content=\"Tiempo de lectura\" \/>\n\t<meta name=\"twitter:data2\" content=\"4 minutos\" \/>\n<script type=\"application\/ld+json\" class=\"yoast-schema-graph\">{\"@context\":\"https:\\\/\\\/schema.org\",\"@graph\":[{\"@type\":\"Article\",\"@id\":\"https:\\\/\\\/contadoreshoy.com\\\/?p=7473#article\",\"isPartOf\":{\"@id\":\"https:\\\/\\\/contadoreshoy.com\\\/?p=7473\"},\"author\":{\"name\":\"Miguel Antonio M\u00e1rquez Monta\u00f1ez\",\"@id\":\"https:\\\/\\\/contadoreshoy.com\\\/#\\\/schema\\\/person\\\/96d8979cb865537c5dc9345e40089fc5\"},\"headline\":\"Activos y Pasivos financieros NIIF completas &#8211; Orientaci\u00f3n T\u00e9cnica 008 CTCP\",\"datePublished\":\"2016-07-27T21:54:11+00:00\",\"dateModified\":\"2017-02-05T02:58:17+00:00\",\"mainEntityOfPage\":{\"@id\":\"https:\\\/\\\/contadoreshoy.com\\\/?p=7473\"},\"wordCount\":767,\"commentCount\":0,\"publisher\":{\"@id\":\"https:\\\/\\\/contadoreshoy.com\\\/#organization\"},\"image\":{\"@id\":\"https:\\\/\\\/contadoreshoy.com\\\/?p=7473#primaryimage\"},\"thumbnailUrl\":\"https:\\\/\\\/contadoreshoy.com\\\/wp-content\\\/uploads\\\/2015\\\/09\\\/pago-de-impuestos.jpg\",\"inLanguage\":\"es\",\"potentialAction\":[{\"@type\":\"CommentAction\",\"name\":\"Comment\",\"target\":[\"https:\\\/\\\/contadoreshoy.com\\\/?p=7473#respond\"]}]},{\"@type\":\"WebPage\",\"@id\":\"https:\\\/\\\/contadoreshoy.com\\\/?p=7473\",\"url\":\"https:\\\/\\\/contadoreshoy.com\\\/?p=7473\",\"name\":\"Activos y Pasivos financieros NIIF completas - Orientaci\u00f3n T\u00e9cnica 008 CTCP - Contadores P\u00fablicos\",\"isPartOf\":{\"@id\":\"https:\\\/\\\/contadoreshoy.com\\\/#website\"},\"primaryImageOfPage\":{\"@id\":\"https:\\\/\\\/contadoreshoy.com\\\/?p=7473#primaryimage\"},\"image\":{\"@id\":\"https:\\\/\\\/contadoreshoy.com\\\/?p=7473#primaryimage\"},\"thumbnailUrl\":\"https:\\\/\\\/contadoreshoy.com\\\/wp-content\\\/uploads\\\/2015\\\/09\\\/pago-de-impuestos.jpg\",\"datePublished\":\"2016-07-27T21:54:11+00:00\",\"dateModified\":\"2017-02-05T02:58:17+00:00\",\"breadcrumb\":{\"@id\":\"https:\\\/\\\/contadoreshoy.com\\\/?p=7473#breadcrumb\"},\"inLanguage\":\"es\",\"potentialAction\":[{\"@type\":\"ReadAction\",\"target\":[\"https:\\\/\\\/contadoreshoy.com\\\/?p=7473\"]}]},{\"@type\":\"ImageObject\",\"inLanguage\":\"es\",\"@id\":\"https:\\\/\\\/contadoreshoy.com\\\/?p=7473#primaryimage\",\"url\":\"https:\\\/\\\/contadoreshoy.com\\\/wp-content\\\/uploads\\\/2015\\\/09\\\/pago-de-impuestos.jpg\",\"contentUrl\":\"https:\\\/\\\/contadoreshoy.com\\\/wp-content\\\/uploads\\\/2015\\\/09\\\/pago-de-impuestos.jpg\",\"width\":600,\"height\":400},{\"@type\":\"BreadcrumbList\",\"@id\":\"https:\\\/\\\/contadoreshoy.com\\\/?p=7473#breadcrumb\",\"itemListElement\":[{\"@type\":\"ListItem\",\"position\":1,\"name\":\"Portada\",\"item\":\"https:\\\/\\\/contadoreshoy.com\\\/\"},{\"@type\":\"ListItem\",\"position\":2,\"name\":\"Activos y Pasivos financieros NIIF completas &#8211; Orientaci\u00f3n T\u00e9cnica 008 CTCP\"}]},{\"@type\":\"WebSite\",\"@id\":\"https:\\\/\\\/contadoreshoy.com\\\/#website\",\"url\":\"https:\\\/\\\/contadoreshoy.com\\\/\",\"name\":\"Contadorespublicossantander\",\"description\":\"Portal para Contadores P\u00fablicos y empresarios\",\"publisher\":{\"@id\":\"https:\\\/\\\/contadoreshoy.com\\\/#organization\"},\"potentialAction\":[{\"@type\":\"SearchAction\",\"target\":{\"@type\":\"EntryPoint\",\"urlTemplate\":\"https:\\\/\\\/contadoreshoy.com\\\/?s={search_term_string}\"},\"query-input\":{\"@type\":\"PropertyValueSpecification\",\"valueRequired\":true,\"valueName\":\"search_term_string\"}}],\"inLanguage\":\"es\"},{\"@type\":\"Organization\",\"@id\":\"https:\\\/\\\/contadoreshoy.com\\\/#organization\",\"name\":\"Contadores P\u00fablicos de Santander\",\"url\":\"https:\\\/\\\/contadoreshoy.com\\\/\",\"logo\":{\"@type\":\"ImageObject\",\"inLanguage\":\"es\",\"@id\":\"https:\\\/\\\/contadoreshoy.com\\\/#\\\/schema\\\/logo\\\/image\\\/\",\"url\":\"https:\\\/\\\/contadoreshoy.com\\\/wp-content\\\/uploads\\\/2024\\\/01\\\/cropped-cropped-Copia-de-M-1.jpg\",\"contentUrl\":\"https:\\\/\\\/contadoreshoy.com\\\/wp-content\\\/uploads\\\/2024\\\/01\\\/cropped-cropped-Copia-de-M-1.jpg\",\"width\":499,\"height\":500,\"caption\":\"Contadores P\u00fablicos de Santander\"},\"image\":{\"@id\":\"https:\\\/\\\/contadoreshoy.com\\\/#\\\/schema\\\/logo\\\/image\\\/\"},\"sameAs\":[\"https:\\\/\\\/www.facebook.com\\\/CCCPBucaramanga\\\/\"]},{\"@type\":\"Person\",\"@id\":\"https:\\\/\\\/contadoreshoy.com\\\/#\\\/schema\\\/person\\\/96d8979cb865537c5dc9345e40089fc5\",\"name\":\"Miguel Antonio M\u00e1rquez Monta\u00f1ez\",\"description\":\"Contador P\u00fablico egresado de la Universidad Aut\u00f3noma de Bucaramanga - Asesor contable tributario con m\u00e1s de 25 a\u00f1os de experiencia - Conferencista en temas contables y tributarios - T\u00e9cnico en Hardware y Dise\u00f1o Web - Creador y director Grupo de Estudio Colegio Colombiano de Contadores P\u00fablicos de Bucaramanga - Creador y Master Web p\u00e1gina www.contadoresp\u00fablicossantander.com - Expresidente Colegio Colombiano de Contadores P\u00fablicos Bucaramanga\",\"url\":\"https:\\\/\\\/contadoreshoy.com\\\/?author=1\"}]}<\/script>\n<!-- \/ Yoast SEO plugin. -->","yoast_head_json":{"title":"Activos y Pasivos financieros NIIF completas - Orientaci\u00f3n T\u00e9cnica 008 CTCP - Contadores P\u00fablicos","robots":{"index":"index","follow":"follow","max-snippet":"max-snippet:-1","max-image-preview":"max-image-preview:large","max-video-preview":"max-video-preview:-1"},"canonical":"https:\/\/contadoreshoy.com\/?p=7473","og_locale":"es_ES","og_type":"article","og_title":"Activos y Pasivos financieros NIIF completas - Orientaci\u00f3n T\u00e9cnica 008 CTCP - Contadores P\u00fablicos","og_description":"El presente Documento de Orientaci\u00f3n T\u00e9cnica sobre los activos y pasivos financieros en las NIIF completas est\u00e1 dirigido a los preparadores de informaci\u00f3n financiera de las compa\u00f1\u00edas colombianas, a los inversores, profesionales en materia contable y a cualquier otro interesado en profundizar su comprensi\u00f3n.","og_url":"https:\/\/contadoreshoy.com\/?p=7473","og_site_name":"Contadores P\u00fablicos","article_publisher":"https:\/\/www.facebook.com\/CCCPBucaramanga\/","article_published_time":"2016-07-27T21:54:11+00:00","article_modified_time":"2017-02-05T02:58:17+00:00","og_image":[{"width":600,"height":400,"url":"https:\/\/contadoreshoy.com\/wp-content\/uploads\/2015\/09\/pago-de-impuestos.jpg","type":"image\/jpeg"}],"author":"Miguel Antonio M\u00e1rquez Monta\u00f1ez","twitter_card":"summary_large_image","twitter_misc":{"Escrito por":"Miguel Antonio M\u00e1rquez Monta\u00f1ez","Tiempo de lectura":"4 minutos"},"schema":{"@context":"https:\/\/schema.org","@graph":[{"@type":"Article","@id":"https:\/\/contadoreshoy.com\/?p=7473#article","isPartOf":{"@id":"https:\/\/contadoreshoy.com\/?p=7473"},"author":{"name":"Miguel Antonio M\u00e1rquez Monta\u00f1ez","@id":"https:\/\/contadoreshoy.com\/#\/schema\/person\/96d8979cb865537c5dc9345e40089fc5"},"headline":"Activos y Pasivos financieros NIIF completas &#8211; Orientaci\u00f3n T\u00e9cnica 008 CTCP","datePublished":"2016-07-27T21:54:11+00:00","dateModified":"2017-02-05T02:58:17+00:00","mainEntityOfPage":{"@id":"https:\/\/contadoreshoy.com\/?p=7473"},"wordCount":767,"commentCount":0,"publisher":{"@id":"https:\/\/contadoreshoy.com\/#organization"},"image":{"@id":"https:\/\/contadoreshoy.com\/?p=7473#primaryimage"},"thumbnailUrl":"https:\/\/contadoreshoy.com\/wp-content\/uploads\/2015\/09\/pago-de-impuestos.jpg","inLanguage":"es","potentialAction":[{"@type":"CommentAction","name":"Comment","target":["https:\/\/contadoreshoy.com\/?p=7473#respond"]}]},{"@type":"WebPage","@id":"https:\/\/contadoreshoy.com\/?p=7473","url":"https:\/\/contadoreshoy.com\/?p=7473","name":"Activos y Pasivos financieros NIIF completas - Orientaci\u00f3n T\u00e9cnica 008 CTCP - Contadores P\u00fablicos","isPartOf":{"@id":"https:\/\/contadoreshoy.com\/#website"},"primaryImageOfPage":{"@id":"https:\/\/contadoreshoy.com\/?p=7473#primaryimage"},"image":{"@id":"https:\/\/contadoreshoy.com\/?p=7473#primaryimage"},"thumbnailUrl":"https:\/\/contadoreshoy.com\/wp-content\/uploads\/2015\/09\/pago-de-impuestos.jpg","datePublished":"2016-07-27T21:54:11+00:00","dateModified":"2017-02-05T02:58:17+00:00","breadcrumb":{"@id":"https:\/\/contadoreshoy.com\/?p=7473#breadcrumb"},"inLanguage":"es","potentialAction":[{"@type":"ReadAction","target":["https:\/\/contadoreshoy.com\/?p=7473"]}]},{"@type":"ImageObject","inLanguage":"es","@id":"https:\/\/contadoreshoy.com\/?p=7473#primaryimage","url":"https:\/\/contadoreshoy.com\/wp-content\/uploads\/2015\/09\/pago-de-impuestos.jpg","contentUrl":"https:\/\/contadoreshoy.com\/wp-content\/uploads\/2015\/09\/pago-de-impuestos.jpg","width":600,"height":400},{"@type":"BreadcrumbList","@id":"https:\/\/contadoreshoy.com\/?p=7473#breadcrumb","itemListElement":[{"@type":"ListItem","position":1,"name":"Portada","item":"https:\/\/contadoreshoy.com\/"},{"@type":"ListItem","position":2,"name":"Activos y Pasivos financieros NIIF completas &#8211; Orientaci\u00f3n T\u00e9cnica 008 CTCP"}]},{"@type":"WebSite","@id":"https:\/\/contadoreshoy.com\/#website","url":"https:\/\/contadoreshoy.com\/","name":"Contadorespublicossantander","description":"Portal para Contadores P\u00fablicos y empresarios","publisher":{"@id":"https:\/\/contadoreshoy.com\/#organization"},"potentialAction":[{"@type":"SearchAction","target":{"@type":"EntryPoint","urlTemplate":"https:\/\/contadoreshoy.com\/?s={search_term_string}"},"query-input":{"@type":"PropertyValueSpecification","valueRequired":true,"valueName":"search_term_string"}}],"inLanguage":"es"},{"@type":"Organization","@id":"https:\/\/contadoreshoy.com\/#organization","name":"Contadores P\u00fablicos de Santander","url":"https:\/\/contadoreshoy.com\/","logo":{"@type":"ImageObject","inLanguage":"es","@id":"https:\/\/contadoreshoy.com\/#\/schema\/logo\/image\/","url":"https:\/\/contadoreshoy.com\/wp-content\/uploads\/2024\/01\/cropped-cropped-Copia-de-M-1.jpg","contentUrl":"https:\/\/contadoreshoy.com\/wp-content\/uploads\/2024\/01\/cropped-cropped-Copia-de-M-1.jpg","width":499,"height":500,"caption":"Contadores P\u00fablicos de Santander"},"image":{"@id":"https:\/\/contadoreshoy.com\/#\/schema\/logo\/image\/"},"sameAs":["https:\/\/www.facebook.com\/CCCPBucaramanga\/"]},{"@type":"Person","@id":"https:\/\/contadoreshoy.com\/#\/schema\/person\/96d8979cb865537c5dc9345e40089fc5","name":"Miguel Antonio M\u00e1rquez Monta\u00f1ez","description":"Contador P\u00fablico egresado de la Universidad Aut\u00f3noma de Bucaramanga - Asesor contable tributario con m\u00e1s de 25 a\u00f1os de experiencia - Conferencista en temas contables y tributarios - T\u00e9cnico en Hardware y Dise\u00f1o Web - Creador y director Grupo de Estudio Colegio Colombiano de Contadores P\u00fablicos de Bucaramanga - Creador y Master Web p\u00e1gina www.contadoresp\u00fablicossantander.com - Expresidente Colegio Colombiano de Contadores P\u00fablicos Bucaramanga","url":"https:\/\/contadoreshoy.com\/?author=1"}]}},"_links":{"self":[{"href":"https:\/\/contadoreshoy.com\/index.php?rest_route=\/wp\/v2\/posts\/7473","targetHints":{"allow":["GET"]}}],"collection":[{"href":"https:\/\/contadoreshoy.com\/index.php?rest_route=\/wp\/v2\/posts"}],"about":[{"href":"https:\/\/contadoreshoy.com\/index.php?rest_route=\/wp\/v2\/types\/post"}],"author":[{"embeddable":true,"href":"https:\/\/contadoreshoy.com\/index.php?rest_route=\/wp\/v2\/users\/1"}],"replies":[{"embeddable":true,"href":"https:\/\/contadoreshoy.com\/index.php?rest_route=%2Fwp%2Fv2%2Fcomments&post=7473"}],"version-history":[{"count":1,"href":"https:\/\/contadoreshoy.com\/index.php?rest_route=\/wp\/v2\/posts\/7473\/revisions"}],"predecessor-version":[{"id":7836,"href":"https:\/\/contadoreshoy.com\/index.php?rest_route=\/wp\/v2\/posts\/7473\/revisions\/7836"}],"wp:featuredmedia":[{"embeddable":true,"href":"https:\/\/contadoreshoy.com\/index.php?rest_route=\/wp\/v2\/media\/6048"}],"wp:attachment":[{"href":"https:\/\/contadoreshoy.com\/index.php?rest_route=%2Fwp%2Fv2%2Fmedia&parent=7473"}],"wp:term":[{"taxonomy":"category","embeddable":true,"href":"https:\/\/contadoreshoy.com\/index.php?rest_route=%2Fwp%2Fv2%2Fcategories&post=7473"},{"taxonomy":"post_tag","embeddable":true,"href":"https:\/\/contadoreshoy.com\/index.php?rest_route=%2Fwp%2Fv2%2Ftags&post=7473"}],"curies":[{"name":"wp","href":"https:\/\/api.w.org\/{rel}","templated":true}]}}