{"id":7486,"date":"2016-09-01T07:52:39","date_gmt":"2016-09-01T12:52:39","guid":{"rendered":"http:\/\/colegiocolombianodecontadores.com\/?p=7486"},"modified":"2017-02-04T21:58:16","modified_gmt":"2017-02-05T02:58:16","slug":"todo-sobre-el-impuesto-de-renta-personas-naturales","status":"publish","type":"post","link":"https:\/\/contadoreshoy.com\/?p=7486","title":{"rendered":"Todo sobre el impuesto de renta Personas Naturales"},"content":{"rendered":"<p style=\"text-align: center;\"><span style=\"font-size: 24pt;\"><strong>Todo lo que necesita saber sobre el impuesto de renta personas naturales\u00a0<\/strong><\/span><\/p>\n<p style=\"text-align: left;\"><span style=\"color: #ff6600;\">Para acceder a los documentos, dar click sobre el tema.<\/span><\/p>\n<p><span style=\"text-decoration: underline;\"><strong>\u00a0Ayudas e informaci\u00f3n DIAN:<\/strong><\/span><\/p>\n<p>&nbsp;<\/p>\n<p>P<a href=\"http:\/\/www.dian.gov.co\/micrositios\/renta2016\/index.html\" target=\"_blank\">aso a paso del ayuda renta<\/a><\/p>\n<p><a href=\"http:\/\/www.dian.gov.co\/micrositios\/renta2016\/documentos\/Renta_naturales.pdf\" target=\"_blank\">Calendario de vencimientos Declaraci\u00f3n de renta personas naturales<\/a><\/p>\n<p><a href=\"http:\/\/www.dian.gov.co\/micrositios\/renta2016\/documentos\/Test_declaro_Renta.pdf\" target=\"_blank\">Condiciones para estar obligado a declarar renta por el a\u00f1o gravable 2015<\/a><\/p>\n<p><a href=\"http:\/\/www.dian.gov.co\/dian\/12sobred.nsf\/7108940eda4b90a60525710100661b36\/8c290526fb56381d05257fb6005b40aa?OpenDocument\" target=\"_blank\">Programa ayuda renta para persona natural clasificada como empleado o no obligado a llevar libros de contabilidad<\/a><\/p>\n<p>&nbsp;<\/p>\n<p><span style=\"text-decoration: underline;\"><strong>Datos y cifras:<\/strong><\/span><\/p>\n<p>&nbsp;<\/p>\n<p><a href=\"http:\/\/colegiocolombianodecontadores.com\/wp-content\/uploads\/2016\/01\/Ajuste-fiscal-activos-fijos-2015.pdf\" target=\"_blank\">Ajuste Fiscal de activos fijos<\/a><\/p>\n<p><a href=\"http:\/\/www.dane.gov.co\/files\/investigaciones\/boletines\/ipc\/bol_ipc_dic15.pdf\" target=\"_blank\">Indice de Precios al Consumidor<\/a><\/p>\n<p><a href=\"http:\/\/www.dian.gov.co\/Dian\/13normatividad.nsf\/b567ccf43e6839ce0525729100707915\/7808098d2d659c2705257f1c006f65fa?OpenDocument\" target=\"_blank\">Precios de Referencia de productos Agropecuarios<\/a><\/p>\n<p><a href=\"http:\/\/www.banrep.gov.co\/es\/trm\" target=\"_blank\">Tasa de cambio representativa del mercado (TRM)<\/a><\/p>\n<p><a href=\"http:\/\/www.dian.gov.co\/dian\/15servicios.nsf\/2f01d9ea641ed78905256f08007a9b3c\/9353251c403a707e05257f25005f8d12?OpenDocument\" target=\"_blank\">Tasa de cambio correspondiente al per\u00edodo del 28\/12\/2015 hasta el 03\/01\/2016<\/a><\/p>\n<p><a href=\"http:\/\/www.banrep.gov.co\/es\/economia\/tasas_colo4.htm\" target=\"_blank\">Tasa de colocaci\u00f3n<\/a><\/p>\n<p><a href=\"http:\/\/www.minagricultura.gov.co\/Normatividad\/Resoluciones\/Resoluci%C3%B3n%20No.%20%2014%20de%202016.pdf#search=resolucion%2014%20de%202016\" target=\"_blank\">Valores del ganado bovino vigencia fiscal 2015<\/a><\/p>\n<p>&nbsp;<\/p>\n<p><span style=\"text-decoration: underline;\"><strong>An\u00e1lisis temas varios:<\/strong><\/span><\/p>\n<p>&nbsp;<\/p>\n<p><a href=\"http:\/\/colegiocolombianodecontadores.com\/wp-content\/uploads\/2015\/08\/CLASIFICACI%C3%93N-DE-PERSONAS-NATURALES.pdf\" target=\"_blank\">Clasificaci\u00f3n tributaria de las personas naturales<\/a><\/p>\n<p><a href=\"https:\/\/contadoreshoy.com\/wp-content\/uploads\/2016\/08\/Costo-fiscal-de-las-acciones.pdf\" target=\"_blank\">Costo fiscal de las acciones<\/a><\/p>\n<p><a href=\"http:\/\/www.comunidadcontable.com\/BancoMedios\/Documentos%20PDF\/impuestos155-determinacion.pdf\" target=\"_blank\">Costo fiscal de los inmuebles<\/a><\/p>\n<p><a href=\"http:\/\/colegiocolombianodecontadores.com\/?p=5530\" target=\"_blank\">Herencias<\/a><\/p>\n<p><a href=\"http:\/\/colegiocolombianodecontadores.com\/?p=5554\" target=\"_blank\">Indemnizaciones<\/a><\/p>\n<p><a href=\"http:\/\/colegiocolombianodecontadores.com\/wp-content\/uploads\/2015\/07\/MANUAL-JURIDICO-DEL-LEASING-2014-FEDELEASING.pdf\" target=\"_blank\">Leasing<\/a><\/p>\n<p><a href=\"http:\/\/colegiocolombianodecontadores.com\/?p=6908\" target=\"_blank\">Sustracci\u00f3n de rentas exentas para asimilados a empleados<\/a><\/p>\n<p>&nbsp;<\/p>\n<p><span style=\"text-decoration: underline;\"><strong>Renta Gravable Alternativa:<\/strong><\/span><\/p>\n<p>&nbsp;<\/p>\n<p><a href=\"http:\/\/www.dian.gov.co\/dian\/15servicios.nsf\/0108fdc3639d83ff05256f0b006abb3d\/a1ec9731e81a8d7305256f0c007ddb80?OpenDocument\" target=\"_blank\">Renta Gravable Alternativa Empleados (RGA)<\/a><\/p>\n<p><a href=\"http:\/\/www.dian.gov.co\/dian\/15servicios.nsf\/0108fdc3639d83ff05256f0b006abb3d\/4c1112df94fcab0005256f0c007e713a?OpenDocument\" target=\"_blank\">Renta Gravable Alternativa Trabajadores por cuenta propia (RGA)<\/a><\/p>\n<p>&nbsp;<\/p>\n<p><span style=\"text-decoration: underline;\"><strong>Sanciones:<\/strong><\/span><\/p>\n<p><a href=\"http:\/\/colegiocolombianodecontadores.com\/wp-content\/uploads\/2015\/08\/SANCIONES.pdf\" target=\"_blank\">Sanciones<\/a><\/p>\n<p>&nbsp;<\/p>\n<p><span style=\"text-decoration: underline;\"><strong>Tarifas de Impuestos:<\/strong><\/span><\/p>\n<p>&nbsp;<\/p>\n<ol>\n<li><a href=\"http:\/\/www.dian.gov.co\/dian\/15servicios.nsf\/0108fdc3639d83ff05256f0b006abb3d\/4e1401006b8f97e505256f0c007df51b?OpenDocument\" target=\"_blank\">Impuesto M\u00ednimo Alternativo Nacional &#8211; IMAN<\/a><\/li>\n<li><a href=\"http:\/\/www.dian.gov.co\/dian\/15servicios.nsf\/0108fdc3639d83ff05256f0b006abb3d\/8fe527d93c8e0f3705256f0c007e2024?OpenDocument\" target=\"_blank\">Impuesto M\u00ednimo Alternativo Simple de empleados &#8211; IMAS<\/a><\/li>\n<li><a href=\"http:\/\/www.dian.gov.co\/dian\/15servicios.nsf\/0108fdc3639d83ff05256f0b006abb3d\/67f57ad5f3c9434f05256f0c007e80d4?OpenDocument\" target=\"_blank\">Impuesto M\u00ednimo Alternativo Simple de trabajadores por cuenta propia -IMAS<\/a><\/li>\n<li><a href=\"http:\/\/www.dian.gov.co\/dian\/15servicios.nsf\/0108fdc3639d83ff05256f0b006abb3d\/783f29e1b65265ee05256f0c007563a6?OpenDocument\" target=\"_blank\">Tarifa para las personas naturales residentes y asignaciones y donaciones modales<\/a><\/li>\n<li><a href=\"http:\/\/www.dian.gov.co\/dian\/15servicios.nsf\/0108fdc3639d83ff05256f0b006abb3d\/78573ea0ca9731fc05256f0c007603fa?OpenDocument\" target=\"_blank\">Tarifa del impuesto de renta para personas naturales sin residencia<\/a><\/li>\n<\/ol>\n<p>&nbsp;<\/p>\n<p><span style=\"text-decoration: underline;\"><strong>Temas varios Estatuto Tributario:<\/strong><\/span><\/p>\n<p>&nbsp;<\/p>\n<p><a href=\"http:\/\/colegiocolombianodecontadores.com\/wp-content\/uploads\/2015\/08\/COSTOS.pdf\" target=\"_blank\">Costos<\/a><\/p>\n<p><a href=\"http:\/\/colegiocolombianodecontadores.com\/wp-content\/uploads\/2015\/08\/DEDUCCIONES.pdf\" target=\"_blank\">Deducciones<\/a><\/p>\n<p><a href=\"http:\/\/colegiocolombianodecontadores.com\/wp-content\/uploads\/2015\/08\/DESCUENTOS-TRIBUTARIOS.pdf\" target=\"_blank\">Descuentos tributarios<\/a><\/p>\n<p><a href=\"http:\/\/colegiocolombianodecontadores.com\/wp-content\/uploads\/2015\/08\/GANANCIA-OCASIONAL.pdf\" target=\"_blank\">Ganancia Ocasional<\/a><\/p>\n<p><a href=\"http:\/\/colegiocolombianodecontadores.com\/wp-content\/uploads\/2015\/08\/INGRESOS.pdf\" target=\"_blank\">Ingresos<\/a><\/p>\n<p><a href=\"http:\/\/colegiocolombianodecontadores.com\/wp-content\/uploads\/2015\/08\/PRECIOS-DE-TRANSFERENCIA.pdf\" target=\"_blank\">Precios de transferencia<\/a><\/p>\n<p><a href=\"http:\/\/colegiocolombianodecontadores.com\/wp-content\/uploads\/2015\/08\/PERSONAS-NATURALES.pdf\" target=\"_blank\">R\u00e9gimen tributario personas naturales<\/a><\/p>\n<p><a href=\"http:\/\/colegiocolombianodecontadores.com\/wp-content\/uploads\/2015\/08\/RENTAS-BRUTAS-ESPECIALES.pdf\" target=\"_blank\">Rentas brutas especiales<\/a><\/p>\n<p><a href=\"http:\/\/colegiocolombianodecontadores.com\/wp-content\/uploads\/2015\/08\/RENTAS-EXENTAS.pdf\" target=\"_blank\">Rentas exentas<\/a><\/p>\n<p><a href=\"http:\/\/colegiocolombianodecontadores.com\/wp-content\/uploads\/2015\/08\/RENTAS-LIQUIDAS-ESPECIALES.pdf\" target=\"_blank\">Rentas l\u00edquidas especiales<\/a><\/p>\n<p><a href=\"http:\/\/colegiocolombianodecontadores.com\/wp-content\/uploads\/2015\/08\/RENTA-POR-COMPARACI%C3%93N-PATRIMONIAL.pdf\" target=\"_blank\">Renta por comparaci\u00f3n patrimonial<\/a><\/p>\n<p><a href=\"http:\/\/colegiocolombianodecontadores.com\/wp-content\/uploads\/2015\/08\/RENTA-PRESUNTIVA.pdf\" target=\"_blank\">Renta presuntiva<\/a><\/p>\n<p>&nbsp;<\/p>\n","protected":false},"excerpt":{"rendered":"<p>Todo lo que necesita saber sobre el impuesto de renta y complementarios para personas naturales.<\/p>\n","protected":false},"author":1,"featured_media":7485,"comment_status":"open","ping_status":"open","sticky":false,"template":"","format":"standard","meta":{"_monsterinsights_skip_tracking":false,"ngg_post_thumbnail":0,"footnotes":"","_links_to":"","_links_to_target":""},"categories":[454],"tags":[],"class_list":["post-7486","post","type-post","status-publish","format-standard","has-post-thumbnail","hentry","category-sin-categoria"],"aioseo_notices":[],"aioseo_head":"\n\t\t<!-- All in One SEO 5.0.1.1 - aioseo.com -->\n\t<meta name=\"description\" content=\"Todo lo que necesita saber sobre el impuesto de renta y complementarios para personas naturales.\" \/>\n\t<meta name=\"robots\" content=\"max-image-preview:large\" \/>\n\t<meta name=\"author\" content=\"Miguel Antonio M\u00e1rquez Monta\u00f1ez\"\/>\n\t<link rel=\"canonical\" href=\"https:\/\/contadoreshoy.com\/?p=7486\" \/>\n\t<meta name=\"generator\" content=\"All in One SEO (AIOSEO) 5.0.1.1\" \/>\n\t\t<meta property=\"og:locale\" content=\"es_ES\" \/>\n\t\t<meta property=\"og:site_name\" content=\"Contadores P\u00fablicos - Portal para Contadores P\u00fablicos y empresarios\" \/>\n\t\t<meta property=\"og:type\" content=\"article\" \/>\n\t\t<meta property=\"og:title\" content=\"Todo sobre el impuesto de renta Personas Naturales - Contadores P\u00fablicos\" \/>\n\t\t<meta property=\"og:description\" content=\"Todo lo que necesita saber sobre el impuesto de renta y complementarios para personas naturales.\" \/>\n\t\t<meta property=\"og:url\" content=\"https:\/\/contadoreshoy.com\/?p=7486\" \/>\n\t\t<meta property=\"og:image\" content=\"https:\/\/contadoreshoy.com\/wp-content\/uploads\/2024\/01\/cropped-cropped-cropped-Copia-de-M.jpg\" \/>\n\t\t<meta property=\"og:image:secure_url\" content=\"https:\/\/contadoreshoy.com\/wp-content\/uploads\/2024\/01\/cropped-cropped-cropped-Copia-de-M.jpg\" \/>\n\t\t<meta property=\"og:image:width\" content=\"512\" \/>\n\t\t<meta property=\"og:image:height\" content=\"371\" \/>\n\t\t<meta property=\"article:published_time\" content=\"2016-09-01T12:52:39+00:00\" \/>\n\t\t<meta property=\"article:modified_time\" content=\"2017-02-05T02:58:16+00:00\" \/>\n\t\t<meta name=\"twitter:card\" content=\"summary_large_image\" \/>\n\t\t<meta name=\"twitter:title\" content=\"Todo sobre el impuesto de renta Personas Naturales - Contadores P\u00fablicos\" \/>\n\t\t<meta name=\"twitter:description\" content=\"Todo lo que necesita saber sobre el impuesto de renta y complementarios para personas naturales.\" \/>\n\t\t<meta name=\"twitter:image\" content=\"https:\/\/contadoreshoy.com\/wp-content\/uploads\/2024\/01\/cropped-cropped-cropped-Copia-de-M.jpg\" \/>\n\t\t<script type=\"application\/ld+json\" class=\"aioseo-schema\">\n\t\t\t{\"@context\":\"https:\\\/\\\/schema.org\",\"@graph\":[{\"@type\":\"BlogPosting\",\"@id\":\"https:\\\/\\\/contadoreshoy.com\\\/?p=7486#blogposting\",\"name\":\"Todo sobre el impuesto de renta Personas Naturales - Contadores P\\u00fablicos\",\"headline\":\"Todo sobre el impuesto de renta Personas Naturales\",\"author\":{\"@id\":\"https:\\\/\\\/contadoreshoy.com\\\/?author=1#author\"},\"publisher\":{\"@id\":\"https:\\\/\\\/contadoreshoy.com\\\/#organization\"},\"image\":{\"@type\":\"ImageObject\",\"url\":\"https:\\\/\\\/contadoreshoy.com\\\/wp-content\\\/uploads\\\/2016\\\/08\\\/Todo-sobre-renta-personas-naturales.jpg\",\"width\":600,\"height\":400},\"datePublished\":\"2016-09-01T07:52:39-05:00\",\"dateModified\":\"2017-02-04T21:58:16-05:00\",\"inLanguage\":\"es-ES\",\"mainEntityOfPage\":{\"@id\":\"https:\\\/\\\/contadoreshoy.com\\\/?p=7486#webpage\"},\"isPartOf\":{\"@id\":\"https:\\\/\\\/contadoreshoy.com\\\/?p=7486#webpage\"},\"articleSection\":\"Sin categor\\u00eda\"},{\"@type\":\"BreadcrumbList\",\"@id\":\"https:\\\/\\\/contadoreshoy.com\\\/?p=7486#breadcrumblist\",\"itemListElement\":[{\"@type\":\"ListItem\",\"@id\":\"https:\\\/\\\/contadoreshoy.com#listItem\",\"position\":1,\"name\":\"Home\",\"item\":\"https:\\\/\\\/contadoreshoy.com\",\"nextItem\":{\"@type\":\"ListItem\",\"@id\":\"https:\\\/\\\/contadoreshoy.com\\\/?cat=454#listItem\",\"name\":\"Sin categor\\u00eda\"}},{\"@type\":\"ListItem\",\"@id\":\"https:\\\/\\\/contadoreshoy.com\\\/?cat=454#listItem\",\"position\":2,\"name\":\"Sin categor\\u00eda\",\"item\":\"https:\\\/\\\/contadoreshoy.com\\\/?cat=454\",\"nextItem\":{\"@type\":\"ListItem\",\"@id\":\"https:\\\/\\\/contadoreshoy.com\\\/?p=7486#listItem\",\"name\":\"Todo sobre el impuesto de renta Personas Naturales\"},\"previousItem\":{\"@type\":\"ListItem\",\"@id\":\"https:\\\/\\\/contadoreshoy.com#listItem\",\"name\":\"Home\"}},{\"@type\":\"ListItem\",\"@id\":\"https:\\\/\\\/contadoreshoy.com\\\/?p=7486#listItem\",\"position\":3,\"name\":\"Todo sobre el impuesto de renta Personas Naturales\",\"previousItem\":{\"@type\":\"ListItem\",\"@id\":\"https:\\\/\\\/contadoreshoy.com\\\/?cat=454#listItem\",\"name\":\"Sin categor\\u00eda\"}}]},{\"@type\":\"Organization\",\"@id\":\"https:\\\/\\\/contadoreshoy.com\\\/#organization\",\"name\":\"Contadores P\\u00fablicos\",\"description\":\"Portal para Contadores P\\u00fablicos y empresarios\",\"url\":\"https:\\\/\\\/contadoreshoy.com\\\/\",\"logo\":{\"@type\":\"ImageObject\",\"url\":\"https:\\\/\\\/contadoreshoy.com\\\/wp-content\\\/uploads\\\/2024\\\/01\\\/cropped-cropped-Copia-de-M-1.jpg\",\"@id\":\"https:\\\/\\\/contadoreshoy.com\\\/?p=7486\\\/#organizationLogo\",\"width\":499,\"height\":500},\"image\":{\"@id\":\"https:\\\/\\\/contadoreshoy.com\\\/?p=7486\\\/#organizationLogo\"}},{\"@type\":\"Person\",\"@id\":\"https:\\\/\\\/contadoreshoy.com\\\/?author=1#author\",\"url\":\"https:\\\/\\\/contadoreshoy.com\\\/?author=1\",\"name\":\"Miguel Antonio M\\u00e1rquez Monta\\u00f1ez\"},{\"@type\":\"WebPage\",\"@id\":\"https:\\\/\\\/contadoreshoy.com\\\/?p=7486#webpage\",\"url\":\"https:\\\/\\\/contadoreshoy.com\\\/?p=7486\",\"name\":\"Todo sobre el impuesto de renta Personas Naturales - Contadores P\\u00fablicos\",\"description\":\"Todo lo que necesita saber sobre el impuesto de renta y complementarios para personas naturales.\",\"inLanguage\":\"es-ES\",\"isPartOf\":{\"@id\":\"https:\\\/\\\/contadoreshoy.com\\\/#website\"},\"breadcrumb\":{\"@id\":\"https:\\\/\\\/contadoreshoy.com\\\/?p=7486#breadcrumblist\"},\"author\":{\"@id\":\"https:\\\/\\\/contadoreshoy.com\\\/?author=1#author\"},\"creator\":{\"@id\":\"https:\\\/\\\/contadoreshoy.com\\\/?author=1#author\"},\"image\":{\"@type\":\"ImageObject\",\"url\":\"https:\\\/\\\/contadoreshoy.com\\\/wp-content\\\/uploads\\\/2016\\\/08\\\/Todo-sobre-renta-personas-naturales.jpg\",\"@id\":\"https:\\\/\\\/contadoreshoy.com\\\/?p=7486\\\/#mainImage\",\"width\":600,\"height\":400},\"primaryImageOfPage\":{\"@id\":\"https:\\\/\\\/contadoreshoy.com\\\/?p=7486#mainImage\"},\"datePublished\":\"2016-09-01T07:52:39-05:00\",\"dateModified\":\"2017-02-04T21:58:16-05:00\"},{\"@type\":\"WebSite\",\"@id\":\"https:\\\/\\\/contadoreshoy.com\\\/#website\",\"url\":\"https:\\\/\\\/contadoreshoy.com\\\/\",\"name\":\"Contadores P\\u00fablicos\",\"description\":\"Portal para Contadores P\\u00fablicos y empresarios\",\"inLanguage\":\"es-ES\",\"publisher\":{\"@id\":\"https:\\\/\\\/contadoreshoy.com\\\/#organization\"}}]}\n\t\t<\/script>\n\t\t<!-- All in One SEO -->\n\n","aioseo_head_json":{"title":"Todo sobre el impuesto de renta Personas Naturales - Contadores P\u00fablicos","description":"Todo lo que necesita saber sobre el impuesto de renta y complementarios para personas naturales.","canonical_url":"https:\/\/contadoreshoy.com\/?p=7486","robots":"max-image-preview:large","keywords":"","webmasterTools":{"miscellaneous":""},"schema":{"@context":"https:\/\/schema.org","@graph":[{"@type":"BlogPosting","@id":"https:\/\/contadoreshoy.com\/?p=7486#blogposting","name":"Todo sobre el impuesto de renta Personas Naturales - Contadores P\u00fablicos","headline":"Todo sobre el impuesto de renta Personas Naturales","author":{"@id":"https:\/\/contadoreshoy.com\/?author=1#author"},"publisher":{"@id":"https:\/\/contadoreshoy.com\/#organization"},"image":{"@type":"ImageObject","url":"https:\/\/contadoreshoy.com\/wp-content\/uploads\/2016\/08\/Todo-sobre-renta-personas-naturales.jpg","width":600,"height":400},"datePublished":"2016-09-01T07:52:39-05:00","dateModified":"2017-02-04T21:58:16-05:00","inLanguage":"es-ES","mainEntityOfPage":{"@id":"https:\/\/contadoreshoy.com\/?p=7486#webpage"},"isPartOf":{"@id":"https:\/\/contadoreshoy.com\/?p=7486#webpage"},"articleSection":"Sin categor\u00eda"},{"@type":"BreadcrumbList","@id":"https:\/\/contadoreshoy.com\/?p=7486#breadcrumblist","itemListElement":[{"@type":"ListItem","@id":"https:\/\/contadoreshoy.com#listItem","position":1,"name":"Home","item":"https:\/\/contadoreshoy.com","nextItem":{"@type":"ListItem","@id":"https:\/\/contadoreshoy.com\/?cat=454#listItem","name":"Sin categor\u00eda"}},{"@type":"ListItem","@id":"https:\/\/contadoreshoy.com\/?cat=454#listItem","position":2,"name":"Sin categor\u00eda","item":"https:\/\/contadoreshoy.com\/?cat=454","nextItem":{"@type":"ListItem","@id":"https:\/\/contadoreshoy.com\/?p=7486#listItem","name":"Todo sobre el impuesto de renta Personas Naturales"},"previousItem":{"@type":"ListItem","@id":"https:\/\/contadoreshoy.com#listItem","name":"Home"}},{"@type":"ListItem","@id":"https:\/\/contadoreshoy.com\/?p=7486#listItem","position":3,"name":"Todo sobre el impuesto de renta Personas Naturales","previousItem":{"@type":"ListItem","@id":"https:\/\/contadoreshoy.com\/?cat=454#listItem","name":"Sin categor\u00eda"}}]},{"@type":"Organization","@id":"https:\/\/contadoreshoy.com\/#organization","name":"Contadores P\u00fablicos","description":"Portal para Contadores P\u00fablicos y empresarios","url":"https:\/\/contadoreshoy.com\/","logo":{"@type":"ImageObject","url":"https:\/\/contadoreshoy.com\/wp-content\/uploads\/2024\/01\/cropped-cropped-Copia-de-M-1.jpg","@id":"https:\/\/contadoreshoy.com\/?p=7486\/#organizationLogo","width":499,"height":500},"image":{"@id":"https:\/\/contadoreshoy.com\/?p=7486\/#organizationLogo"}},{"@type":"Person","@id":"https:\/\/contadoreshoy.com\/?author=1#author","url":"https:\/\/contadoreshoy.com\/?author=1","name":"Miguel Antonio M\u00e1rquez Monta\u00f1ez"},{"@type":"WebPage","@id":"https:\/\/contadoreshoy.com\/?p=7486#webpage","url":"https:\/\/contadoreshoy.com\/?p=7486","name":"Todo sobre el impuesto de renta Personas Naturales - Contadores P\u00fablicos","description":"Todo lo que necesita saber sobre el impuesto de renta y complementarios para personas naturales.","inLanguage":"es-ES","isPartOf":{"@id":"https:\/\/contadoreshoy.com\/#website"},"breadcrumb":{"@id":"https:\/\/contadoreshoy.com\/?p=7486#breadcrumblist"},"author":{"@id":"https:\/\/contadoreshoy.com\/?author=1#author"},"creator":{"@id":"https:\/\/contadoreshoy.com\/?author=1#author"},"image":{"@type":"ImageObject","url":"https:\/\/contadoreshoy.com\/wp-content\/uploads\/2016\/08\/Todo-sobre-renta-personas-naturales.jpg","@id":"https:\/\/contadoreshoy.com\/?p=7486\/#mainImage","width":600,"height":400},"primaryImageOfPage":{"@id":"https:\/\/contadoreshoy.com\/?p=7486#mainImage"},"datePublished":"2016-09-01T07:52:39-05:00","dateModified":"2017-02-04T21:58:16-05:00"},{"@type":"WebSite","@id":"https:\/\/contadoreshoy.com\/#website","url":"https:\/\/contadoreshoy.com\/","name":"Contadores P\u00fablicos","description":"Portal para Contadores P\u00fablicos y empresarios","inLanguage":"es-ES","publisher":{"@id":"https:\/\/contadoreshoy.com\/#organization"}}]},"og:locale":"es_ES","og:site_name":"Contadores P\u00fablicos - Portal para Contadores P\u00fablicos y empresarios","og:type":"article","og:title":"Todo sobre el impuesto de renta Personas Naturales - Contadores P\u00fablicos","og:description":"Todo lo que necesita saber sobre el impuesto de renta y complementarios para personas naturales.","og:url":"https:\/\/contadoreshoy.com\/?p=7486","og:image":"https:\/\/contadoreshoy.com\/wp-content\/uploads\/2024\/01\/cropped-cropped-cropped-Copia-de-M.jpg","og:image:secure_url":"https:\/\/contadoreshoy.com\/wp-content\/uploads\/2024\/01\/cropped-cropped-cropped-Copia-de-M.jpg","og:image:width":512,"og:image:height":371,"article:published_time":"2016-09-01T12:52:39+00:00","article:modified_time":"2017-02-05T02:58:16+00:00","twitter:card":"summary_large_image","twitter:title":"Todo sobre el impuesto de renta Personas Naturales - Contadores P\u00fablicos","twitter:description":"Todo lo que necesita saber sobre el impuesto de renta y complementarios para personas naturales.","twitter:image":"https:\/\/contadoreshoy.com\/wp-content\/uploads\/2024\/01\/cropped-cropped-cropped-Copia-de-M.jpg"},"aioseo_meta_data":{"post_id":"7486","title":null,"description":null,"keywords":null,"keyphrases":null,"primary_term":null,"canonical_url":null,"og_title":null,"og_description":null,"og_object_type":"default","og_image_type":"default","og_image_url":null,"og_image_width":null,"og_image_height":null,"og_image_custom_url":null,"og_image_custom_fields":null,"og_video":null,"og_custom_url":null,"og_article_section":null,"og_article_tags":null,"twitter_use_og":false,"twitter_card":"default","twitter_image_type":"default","twitter_image_url":null,"twitter_image_custom_url":null,"twitter_image_custom_fields":null,"twitter_title":null,"twitter_description":null,"schema":{"blockGraphs":[],"customGraphs":[],"default":{"data":{"Article":[],"Course":[],"Dataset":[],"FAQPage":[],"Movie":[],"Person":[],"Product":[],"ProductReview":[],"Car":[],"Recipe":[],"Service":[],"SoftwareApplication":[],"WebPage":[]},"graphName":"","isEnabled":true},"graphs":[]},"schema_type":"default","schema_type_options":null,"pillar_content":false,"robots_default":true,"robots_noindex":false,"robots_noarchive":false,"robots_nosnippet":false,"robots_nofollow":false,"robots_noimageindex":false,"robots_noodp":false,"robots_notranslate":false,"robots_max_snippet":null,"robots_max_videopreview":null,"robots_max_imagepreview":"large","priority":null,"frequency":null,"local_seo":null,"breadcrumb_settings":null,"limit_modified_date":false,"ai":null,"created":"2024-03-05 01:40:35","updated":"2026-03-03 04:55:51","seo_analyzer_scan_date":null,"focus_keyword":null,"additional_keywords":null,"truseo_locale":null},"aioseo_breadcrumb":"<div class=\"aioseo-breadcrumbs\"><span class=\"aioseo-breadcrumb\">\n\t\t\t<a href=\"https:\/\/contadoreshoy.com\" title=\"Home\">Home<\/a>\n\t\t<\/span><span class=\"aioseo-breadcrumb-separator\">&raquo;<\/span><span class=\"aioseo-breadcrumb\">\n\t\t\t<a href=\"https:\/\/contadoreshoy.com\/?cat=454\" title=\"Sin categor\u00eda\">Sin categor\u00eda<\/a>\n\t\t<\/span><span class=\"aioseo-breadcrumb-separator\">&raquo;<\/span><span class=\"aioseo-breadcrumb\">\n\t\t\tTodo sobre el impuesto de renta Personas Naturales\n\t\t<\/span><\/div>","aioseo_breadcrumb_json":[{"label":"Home","link":"https:\/\/contadoreshoy.com"},{"label":"Sin categor\u00eda","link":"https:\/\/contadoreshoy.com\/?cat=454"},{"label":"Todo sobre el impuesto de renta Personas Naturales","link":"https:\/\/contadoreshoy.com\/?p=7486"}],"yoast_head":"<!-- This site is optimized with the Yoast SEO plugin v28.4 - https:\/\/yoast.com\/product\/yoast-seo-wordpress\/ -->\n<title>Todo sobre el impuesto de renta Personas Naturales - Contadores P\u00fablicos<\/title>\n<meta name=\"robots\" content=\"index, follow, max-snippet:-1, max-image-preview:large, max-video-preview:-1\" \/>\n<link rel=\"canonical\" href=\"https:\/\/contadoreshoy.com\/?p=7486\" \/>\n<meta property=\"og:locale\" content=\"es_ES\" \/>\n<meta property=\"og:type\" content=\"article\" \/>\n<meta property=\"og:title\" content=\"Todo sobre el impuesto de renta Personas Naturales - Contadores P\u00fablicos\" \/>\n<meta property=\"og:description\" content=\"Todo lo que necesita saber sobre el impuesto de renta y complementarios para personas naturales.\" \/>\n<meta property=\"og:url\" content=\"https:\/\/contadoreshoy.com\/?p=7486\" \/>\n<meta property=\"og:site_name\" content=\"Contadores P\u00fablicos\" \/>\n<meta property=\"article:publisher\" content=\"https:\/\/www.facebook.com\/CCCPBucaramanga\/\" \/>\n<meta property=\"article:published_time\" content=\"2016-09-01T12:52:39+00:00\" \/>\n<meta property=\"article:modified_time\" content=\"2017-02-05T02:58:16+00:00\" \/>\n<meta property=\"og:image\" content=\"https:\/\/contadoreshoy.com\/wp-content\/uploads\/2016\/08\/Todo-sobre-renta-personas-naturales.jpg\" \/>\n\t<meta property=\"og:image:width\" content=\"600\" \/>\n\t<meta property=\"og:image:height\" content=\"400\" \/>\n\t<meta property=\"og:image:type\" content=\"image\/jpeg\" \/>\n<meta name=\"author\" content=\"Miguel Antonio M\u00e1rquez Monta\u00f1ez\" \/>\n<meta name=\"twitter:card\" content=\"summary_large_image\" \/>\n<meta name=\"twitter:label1\" content=\"Escrito por\" \/>\n\t<meta name=\"twitter:data1\" content=\"Miguel Antonio M\u00e1rquez Monta\u00f1ez\" \/>\n\t<meta name=\"twitter:label2\" content=\"Tiempo de lectura\" \/>\n\t<meta name=\"twitter:data2\" content=\"1 minuto\" \/>\n<script type=\"application\/ld+json\" class=\"yoast-schema-graph\">{\"@context\":\"https:\\\/\\\/schema.org\",\"@graph\":[{\"@type\":\"Article\",\"@id\":\"https:\\\/\\\/contadoreshoy.com\\\/?p=7486#article\",\"isPartOf\":{\"@id\":\"https:\\\/\\\/contadoreshoy.com\\\/?p=7486\"},\"author\":{\"name\":\"Miguel Antonio M\u00e1rquez Monta\u00f1ez\",\"@id\":\"https:\\\/\\\/contadoreshoy.com\\\/#\\\/schema\\\/person\\\/96d8979cb865537c5dc9345e40089fc5\"},\"headline\":\"Todo sobre el impuesto de renta Personas Naturales\",\"datePublished\":\"2016-09-01T12:52:39+00:00\",\"dateModified\":\"2017-02-05T02:58:16+00:00\",\"mainEntityOfPage\":{\"@id\":\"https:\\\/\\\/contadoreshoy.com\\\/?p=7486\"},\"wordCount\":275,\"commentCount\":0,\"publisher\":{\"@id\":\"https:\\\/\\\/contadoreshoy.com\\\/#organization\"},\"image\":{\"@id\":\"https:\\\/\\\/contadoreshoy.com\\\/?p=7486#primaryimage\"},\"thumbnailUrl\":\"https:\\\/\\\/contadoreshoy.com\\\/wp-content\\\/uploads\\\/2016\\\/08\\\/Todo-sobre-renta-personas-naturales.jpg\",\"inLanguage\":\"es\",\"potentialAction\":[{\"@type\":\"CommentAction\",\"name\":\"Comment\",\"target\":[\"https:\\\/\\\/contadoreshoy.com\\\/?p=7486#respond\"]}]},{\"@type\":\"WebPage\",\"@id\":\"https:\\\/\\\/contadoreshoy.com\\\/?p=7486\",\"url\":\"https:\\\/\\\/contadoreshoy.com\\\/?p=7486\",\"name\":\"Todo sobre el impuesto de renta Personas Naturales - Contadores P\u00fablicos\",\"isPartOf\":{\"@id\":\"https:\\\/\\\/contadoreshoy.com\\\/#website\"},\"primaryImageOfPage\":{\"@id\":\"https:\\\/\\\/contadoreshoy.com\\\/?p=7486#primaryimage\"},\"image\":{\"@id\":\"https:\\\/\\\/contadoreshoy.com\\\/?p=7486#primaryimage\"},\"thumbnailUrl\":\"https:\\\/\\\/contadoreshoy.com\\\/wp-content\\\/uploads\\\/2016\\\/08\\\/Todo-sobre-renta-personas-naturales.jpg\",\"datePublished\":\"2016-09-01T12:52:39+00:00\",\"dateModified\":\"2017-02-05T02:58:16+00:00\",\"breadcrumb\":{\"@id\":\"https:\\\/\\\/contadoreshoy.com\\\/?p=7486#breadcrumb\"},\"inLanguage\":\"es\",\"potentialAction\":[{\"@type\":\"ReadAction\",\"target\":[\"https:\\\/\\\/contadoreshoy.com\\\/?p=7486\"]}]},{\"@type\":\"ImageObject\",\"inLanguage\":\"es\",\"@id\":\"https:\\\/\\\/contadoreshoy.com\\\/?p=7486#primaryimage\",\"url\":\"https:\\\/\\\/contadoreshoy.com\\\/wp-content\\\/uploads\\\/2016\\\/08\\\/Todo-sobre-renta-personas-naturales.jpg\",\"contentUrl\":\"https:\\\/\\\/contadoreshoy.com\\\/wp-content\\\/uploads\\\/2016\\\/08\\\/Todo-sobre-renta-personas-naturales.jpg\",\"width\":600,\"height\":400},{\"@type\":\"BreadcrumbList\",\"@id\":\"https:\\\/\\\/contadoreshoy.com\\\/?p=7486#breadcrumb\",\"itemListElement\":[{\"@type\":\"ListItem\",\"position\":1,\"name\":\"Portada\",\"item\":\"https:\\\/\\\/contadoreshoy.com\\\/\"},{\"@type\":\"ListItem\",\"position\":2,\"name\":\"Todo sobre el impuesto de renta Personas Naturales\"}]},{\"@type\":\"WebSite\",\"@id\":\"https:\\\/\\\/contadoreshoy.com\\\/#website\",\"url\":\"https:\\\/\\\/contadoreshoy.com\\\/\",\"name\":\"Contadorespublicossantander\",\"description\":\"Portal para Contadores P\u00fablicos y empresarios\",\"publisher\":{\"@id\":\"https:\\\/\\\/contadoreshoy.com\\\/#organization\"},\"potentialAction\":[{\"@type\":\"SearchAction\",\"target\":{\"@type\":\"EntryPoint\",\"urlTemplate\":\"https:\\\/\\\/contadoreshoy.com\\\/?s={search_term_string}\"},\"query-input\":{\"@type\":\"PropertyValueSpecification\",\"valueRequired\":true,\"valueName\":\"search_term_string\"}}],\"inLanguage\":\"es\"},{\"@type\":\"Organization\",\"@id\":\"https:\\\/\\\/contadoreshoy.com\\\/#organization\",\"name\":\"Contadores P\u00fablicos de Santander\",\"url\":\"https:\\\/\\\/contadoreshoy.com\\\/\",\"logo\":{\"@type\":\"ImageObject\",\"inLanguage\":\"es\",\"@id\":\"https:\\\/\\\/contadoreshoy.com\\\/#\\\/schema\\\/logo\\\/image\\\/\",\"url\":\"https:\\\/\\\/contadoreshoy.com\\\/wp-content\\\/uploads\\\/2024\\\/01\\\/cropped-cropped-Copia-de-M-1.jpg\",\"contentUrl\":\"https:\\\/\\\/contadoreshoy.com\\\/wp-content\\\/uploads\\\/2024\\\/01\\\/cropped-cropped-Copia-de-M-1.jpg\",\"width\":499,\"height\":500,\"caption\":\"Contadores P\u00fablicos de Santander\"},\"image\":{\"@id\":\"https:\\\/\\\/contadoreshoy.com\\\/#\\\/schema\\\/logo\\\/image\\\/\"},\"sameAs\":[\"https:\\\/\\\/www.facebook.com\\\/CCCPBucaramanga\\\/\"]},{\"@type\":\"Person\",\"@id\":\"https:\\\/\\\/contadoreshoy.com\\\/#\\\/schema\\\/person\\\/96d8979cb865537c5dc9345e40089fc5\",\"name\":\"Miguel Antonio M\u00e1rquez Monta\u00f1ez\",\"description\":\"Contador P\u00fablico egresado de la Universidad Aut\u00f3noma de Bucaramanga - Asesor contable tributario con m\u00e1s de 25 a\u00f1os de experiencia - Conferencista en temas contables y tributarios - T\u00e9cnico en Hardware y Dise\u00f1o Web - Creador y director Grupo de Estudio Colegio Colombiano de Contadores P\u00fablicos de Bucaramanga - Creador y Master Web p\u00e1gina www.contadoresp\u00fablicossantander.com - Expresidente Colegio Colombiano de Contadores P\u00fablicos Bucaramanga\",\"url\":\"https:\\\/\\\/contadoreshoy.com\\\/?author=1\"}]}<\/script>\n<!-- \/ Yoast SEO plugin. -->","yoast_head_json":{"title":"Todo sobre el impuesto de renta Personas Naturales - Contadores P\u00fablicos","robots":{"index":"index","follow":"follow","max-snippet":"max-snippet:-1","max-image-preview":"max-image-preview:large","max-video-preview":"max-video-preview:-1"},"canonical":"https:\/\/contadoreshoy.com\/?p=7486","og_locale":"es_ES","og_type":"article","og_title":"Todo sobre el impuesto de renta Personas Naturales - Contadores P\u00fablicos","og_description":"Todo lo que necesita saber sobre el impuesto de renta y complementarios para personas naturales.","og_url":"https:\/\/contadoreshoy.com\/?p=7486","og_site_name":"Contadores P\u00fablicos","article_publisher":"https:\/\/www.facebook.com\/CCCPBucaramanga\/","article_published_time":"2016-09-01T12:52:39+00:00","article_modified_time":"2017-02-05T02:58:16+00:00","og_image":[{"width":600,"height":400,"url":"https:\/\/contadoreshoy.com\/wp-content\/uploads\/2016\/08\/Todo-sobre-renta-personas-naturales.jpg","type":"image\/jpeg"}],"author":"Miguel Antonio M\u00e1rquez Monta\u00f1ez","twitter_card":"summary_large_image","twitter_misc":{"Escrito por":"Miguel Antonio M\u00e1rquez Monta\u00f1ez","Tiempo de lectura":"1 minuto"},"schema":{"@context":"https:\/\/schema.org","@graph":[{"@type":"Article","@id":"https:\/\/contadoreshoy.com\/?p=7486#article","isPartOf":{"@id":"https:\/\/contadoreshoy.com\/?p=7486"},"author":{"name":"Miguel Antonio M\u00e1rquez Monta\u00f1ez","@id":"https:\/\/contadoreshoy.com\/#\/schema\/person\/96d8979cb865537c5dc9345e40089fc5"},"headline":"Todo sobre el impuesto de renta Personas Naturales","datePublished":"2016-09-01T12:52:39+00:00","dateModified":"2017-02-05T02:58:16+00:00","mainEntityOfPage":{"@id":"https:\/\/contadoreshoy.com\/?p=7486"},"wordCount":275,"commentCount":0,"publisher":{"@id":"https:\/\/contadoreshoy.com\/#organization"},"image":{"@id":"https:\/\/contadoreshoy.com\/?p=7486#primaryimage"},"thumbnailUrl":"https:\/\/contadoreshoy.com\/wp-content\/uploads\/2016\/08\/Todo-sobre-renta-personas-naturales.jpg","inLanguage":"es","potentialAction":[{"@type":"CommentAction","name":"Comment","target":["https:\/\/contadoreshoy.com\/?p=7486#respond"]}]},{"@type":"WebPage","@id":"https:\/\/contadoreshoy.com\/?p=7486","url":"https:\/\/contadoreshoy.com\/?p=7486","name":"Todo sobre el impuesto de renta Personas Naturales - Contadores P\u00fablicos","isPartOf":{"@id":"https:\/\/contadoreshoy.com\/#website"},"primaryImageOfPage":{"@id":"https:\/\/contadoreshoy.com\/?p=7486#primaryimage"},"image":{"@id":"https:\/\/contadoreshoy.com\/?p=7486#primaryimage"},"thumbnailUrl":"https:\/\/contadoreshoy.com\/wp-content\/uploads\/2016\/08\/Todo-sobre-renta-personas-naturales.jpg","datePublished":"2016-09-01T12:52:39+00:00","dateModified":"2017-02-05T02:58:16+00:00","breadcrumb":{"@id":"https:\/\/contadoreshoy.com\/?p=7486#breadcrumb"},"inLanguage":"es","potentialAction":[{"@type":"ReadAction","target":["https:\/\/contadoreshoy.com\/?p=7486"]}]},{"@type":"ImageObject","inLanguage":"es","@id":"https:\/\/contadoreshoy.com\/?p=7486#primaryimage","url":"https:\/\/contadoreshoy.com\/wp-content\/uploads\/2016\/08\/Todo-sobre-renta-personas-naturales.jpg","contentUrl":"https:\/\/contadoreshoy.com\/wp-content\/uploads\/2016\/08\/Todo-sobre-renta-personas-naturales.jpg","width":600,"height":400},{"@type":"BreadcrumbList","@id":"https:\/\/contadoreshoy.com\/?p=7486#breadcrumb","itemListElement":[{"@type":"ListItem","position":1,"name":"Portada","item":"https:\/\/contadoreshoy.com\/"},{"@type":"ListItem","position":2,"name":"Todo sobre el impuesto de renta Personas Naturales"}]},{"@type":"WebSite","@id":"https:\/\/contadoreshoy.com\/#website","url":"https:\/\/contadoreshoy.com\/","name":"Contadorespublicossantander","description":"Portal para Contadores P\u00fablicos y empresarios","publisher":{"@id":"https:\/\/contadoreshoy.com\/#organization"},"potentialAction":[{"@type":"SearchAction","target":{"@type":"EntryPoint","urlTemplate":"https:\/\/contadoreshoy.com\/?s={search_term_string}"},"query-input":{"@type":"PropertyValueSpecification","valueRequired":true,"valueName":"search_term_string"}}],"inLanguage":"es"},{"@type":"Organization","@id":"https:\/\/contadoreshoy.com\/#organization","name":"Contadores P\u00fablicos de Santander","url":"https:\/\/contadoreshoy.com\/","logo":{"@type":"ImageObject","inLanguage":"es","@id":"https:\/\/contadoreshoy.com\/#\/schema\/logo\/image\/","url":"https:\/\/contadoreshoy.com\/wp-content\/uploads\/2024\/01\/cropped-cropped-Copia-de-M-1.jpg","contentUrl":"https:\/\/contadoreshoy.com\/wp-content\/uploads\/2024\/01\/cropped-cropped-Copia-de-M-1.jpg","width":499,"height":500,"caption":"Contadores P\u00fablicos de Santander"},"image":{"@id":"https:\/\/contadoreshoy.com\/#\/schema\/logo\/image\/"},"sameAs":["https:\/\/www.facebook.com\/CCCPBucaramanga\/"]},{"@type":"Person","@id":"https:\/\/contadoreshoy.com\/#\/schema\/person\/96d8979cb865537c5dc9345e40089fc5","name":"Miguel Antonio M\u00e1rquez Monta\u00f1ez","description":"Contador P\u00fablico egresado de la Universidad Aut\u00f3noma de Bucaramanga - Asesor contable tributario con m\u00e1s de 25 a\u00f1os de experiencia - Conferencista en temas contables y tributarios - T\u00e9cnico en Hardware y Dise\u00f1o Web - Creador y director Grupo de Estudio Colegio Colombiano de Contadores P\u00fablicos de Bucaramanga - Creador y Master Web p\u00e1gina www.contadoresp\u00fablicossantander.com - Expresidente Colegio Colombiano de Contadores P\u00fablicos Bucaramanga","url":"https:\/\/contadoreshoy.com\/?author=1"}]}},"_links":{"self":[{"href":"https:\/\/contadoreshoy.com\/index.php?rest_route=\/wp\/v2\/posts\/7486","targetHints":{"allow":["GET"]}}],"collection":[{"href":"https:\/\/contadoreshoy.com\/index.php?rest_route=\/wp\/v2\/posts"}],"about":[{"href":"https:\/\/contadoreshoy.com\/index.php?rest_route=\/wp\/v2\/types\/post"}],"author":[{"embeddable":true,"href":"https:\/\/contadoreshoy.com\/index.php?rest_route=\/wp\/v2\/users\/1"}],"replies":[{"embeddable":true,"href":"https:\/\/contadoreshoy.com\/index.php?rest_route=%2Fwp%2Fv2%2Fcomments&post=7486"}],"version-history":[{"count":1,"href":"https:\/\/contadoreshoy.com\/index.php?rest_route=\/wp\/v2\/posts\/7486\/revisions"}],"predecessor-version":[{"id":7830,"href":"https:\/\/contadoreshoy.com\/index.php?rest_route=\/wp\/v2\/posts\/7486\/revisions\/7830"}],"wp:featuredmedia":[{"embeddable":true,"href":"https:\/\/contadoreshoy.com\/index.php?rest_route=\/wp\/v2\/media\/7485"}],"wp:attachment":[{"href":"https:\/\/contadoreshoy.com\/index.php?rest_route=%2Fwp%2Fv2%2Fmedia&parent=7486"}],"wp:term":[{"taxonomy":"category","embeddable":true,"href":"https:\/\/contadoreshoy.com\/index.php?rest_route=%2Fwp%2Fv2%2Fcategories&post=7486"},{"taxonomy":"post_tag","embeddable":true,"href":"https:\/\/contadoreshoy.com\/index.php?rest_route=%2Fwp%2Fv2%2Ftags&post=7486"}],"curies":[{"name":"wp","href":"https:\/\/api.w.org\/{rel}","templated":true}]}}