{"id":7496,"date":"2016-08-25T23:21:24","date_gmt":"2016-08-26T04:21:24","guid":{"rendered":"http:\/\/colegiocolombianodecontadores.com\/?p=7496"},"modified":"2017-02-04T21:58:17","modified_gmt":"2017-02-05T02:58:17","slug":"concepto-0570-junio-20-de-2016-dian-periodo-gravable-iva-responsables-del-regimen-comun-que-vienen-del-regimen-simplificado","status":"publish","type":"post","link":"https:\/\/contadoreshoy.com\/?p=7496","title":{"rendered":"Concepto 0570 junio 20 de 2016 DIAN &#8211; Per\u00edodo gravable IVA responsables del r\u00e9gimen com\u00fan que vienen del r\u00e9gimen simplificado"},"content":{"rendered":"<p style=\"text-align: center;\">CONCEPTO 000570 JUNIO 20 DE 2016 &#8211; DIAN<\/p>\n<p>Tema:\u00a0\u00a0\u00a0\u00a0\u00a0\u00a0\u00a0\u00a0\u00a0\u00a0\u00a0\u00a0\u00a0\u00a0\u00a0\u00a0\u00a0\u00a0\u00a0\u00a0\u00a0\u00a0\u00a0 Impuesto a las ventas<\/p>\n<p>Descriptores:\u00a0\u00a0\u00a0\u00a0\u00a0\u00a0\u00a0\u00a0\u00a0\u00a0 Per\u00edodo gravable para nuevos responsables del r\u00e9gimen com\u00fan, que vienen del r\u00e9gimen simplificado<\/p>\n<p style=\"text-align: justify;\">De conformidad con el art\u00edculo 20 del Decreto 4048 de 2008 es funci\u00f3n de esta Subdirecci\u00f3n absolver las consultas escritas que se formulen sobre la interpretaci\u00f3n y aplicaci\u00f3n de las normas tributarias de car\u00e1cter nacional, aduaneras y cambiarias en lo de competencia de la Entidad.<\/p>\n<p style=\"text-align: justify;\">Mediante el radicado de la referencia solicita la aclaraci\u00f3n del Concepto n\u00famero 008724 del 20 de marzo de 2015 bajo los siguientes argumentos:<\/p>\n<p style=\"text-align: justify;\"><span style=\"color: #0000ff;\"><em>\u201cLa empresa X comercializadora de productos gravados y excluidos en el a\u00f1o 2015 obtuvo ingresos por 480.000.000 por tanto <strong>decidi\u00f3 pasar a r\u00e9gimen com\u00fan en forma voluntaria<\/strong> (\u2026). A partir de febrero de 2016 es r\u00e9gimen com\u00fan responsable de IVA, al momento de decidir la periodicidad de las declaraciones de IVA nos remitimos al art\u00edculo 600 del E. T., en donde por el monto de sus ingresos ser\u00eda una declaraci\u00f3n cuatrimestral, al buscar doctrina evidenciamos el concepto de la DIAN 8724 de 2015, en donde mencionan que los nuevos responsables \u2013a partir de la primera operaci\u00f3n gravada\u2013 deben declarar bimestralmente; pero <strong>la empresa lleva dos a\u00f1os aproximadamente, desde entonces ha realizado operaciones con productos gravados, es decir que no es nueva responsable<\/strong>. Al dirigirnos a la Seccional de la DIAN en Armenia (\u2026) argumentaban que deb\u00eda ser bimestral porque no hay una declaraci\u00f3n anterior que soporte los ingresos (\u2026)\u201d (sic) <\/em>(negrilla fuera de texto)<em>.<\/em><\/span><\/p>\n<p style=\"text-align: justify;\">Sobre el particular, es preciso se\u00f1alar que, si la empresa a que se hace referencia en la consulta es una persona jur\u00eddica, esta ha debido inscribirse en el Registro \u00danico Tributario (RUT) como responsable del r\u00e9gimen com\u00fan del impuesto sobre las ventas a partir del inicio de las operaciones gravadas con el mencionado tributo, como se desprende del art\u00edculo 499 del Estatuto Tributario.<\/p>\n<p style=\"text-align: justify;\">En efecto, mediante Oficio n\u00famero 053984 del 23 de agosto de 2004, la autoridad tributaria manifest\u00f3:<\/p>\n<p style=\"text-align: justify;\"><em>\u201c(\u2026) en la comercializaci\u00f3n de bienes gravados por responsables del r\u00e9gimen simplificado (<strong>solo aplicable para personas naturales<\/strong>), estos no deben cobrar el IVA siempre y cuando cumplan la totalidad de los requisitos del art\u00edculo 499 del Estatuto Tributario. Si por alguna circunstancia el responsable del r\u00e9gimen simplificado cobra el IVA debe cumplir con las obligaciones de los responsables del r\u00e9gimen com\u00fan. No obstante, <strong>se reitera que las personas o entidades jur\u00eddicas en ning\u00fan caso pueden pertenecer al r\u00e9gimen simplificado y por ende, en la venta de bienes gravados que efect\u00faen deben facturar y cobrar el impuesto sobre las ventas<\/strong>.\u201d <\/em>(negrilla fuera de texto).<\/p>\n<p style=\"text-align: justify;\">Luego, si la referida persona jur\u00eddica inici\u00f3 actividades sometidas al impuesto sobre las ventas en el a\u00f1o 2014 \u2013partiendo de lo se\u00f1alado en el derecho de petici\u00f3n\u2013 sin lugar a dudas, desde entonces pertenec\u00eda al r\u00e9gimen com\u00fan y se encontraba obligada a declarar por ese a\u00f1o de manera bimestral, como se concluye de una atinada lectura del par\u00e1grafo 1\u00b0 del art\u00edculo 24 del Decreto 1794 de 2013 y del Concepto n\u00famero 008724 de 2015, los cuales contemplan:<\/p>\n<p style=\"text-align: justify;\">Par\u00e1grafo 1\u00b0 del art\u00edculo 24 del Decreto 1794 de 2013:<\/p>\n<p style=\"text-align: justify;\"><em>\u201cLos nuevos responsables del impuesto sobre las ventas que inicien actividades durante el ejercicio <strong>deber\u00e1n presentar su declaraci\u00f3n y pago de manera bimestral<\/strong>, de conformidad con lo dispuesto en el inciso segundo del par\u00e1grafo del art\u00edculo 600 del Estatuto Tributario\u201d. <\/em>(negrilla fuera de texto).<\/p>\n<p style=\"text-align: justify;\">Concepto n\u00famero 008724 de 2015<\/p>\n<p style=\"text-align: justify;\"><em>\u201c(\u2026) este Despacho concluye que los nuevos responsables del impuesto sobre las ventas, entendidos como tales, <strong>quienes inician la actividad econ\u00f3mica gravada durante el respectivo a\u00f1o gravable<\/strong>, independientemente del a\u00f1o de constituci\u00f3n e inscripci\u00f3n en el RUT, <strong>est\u00e1n obligados a presentar declaraciones bimestrales del impuesto sobre las ventas<\/strong>\u201d. <\/em>(negrilla fuera de texto).<\/p>\n<p style=\"text-align: justify;\">Por tanto, no es cierto, como alega la peticionaria, que el concepto <em>\u201cda a entender al contribuyente que la declaraci\u00f3n es cuatrimestral\u201d<\/em>.<\/p>\n<p style=\"text-align: justify;\"><span style=\"color: #ff6600;\">Ahora bien, si la empresa \u2013objeto de an\u00e1lisis\u2013 es ejercida por una persona natural desde el a\u00f1o 2014 y solo a partir del a\u00f1o 2016 se inscribe en el r\u00e9gimen com\u00fan del impuesto sobre las ventas por haber superado el l\u00edmite de ingresos brutos totales provenientes de la actividad de que trata el numeral 1 del art\u00edculo 499 del Estatuto Tributario; <span style=\"text-decoration: underline;\"><strong>para la presente anualidad deber\u00e1 determinar si le corresponde declarar y pagar el tributo bimestral, cuatrimestral o anualmente de conformidad con los ingresos brutos obtenidos en el a\u00f1o anterior, pues no se est\u00e1 en presencia de un nuevo responsable del IVA, en atenci\u00f3n a lo se\u00f1alado en el Concepto n\u00famero 008724 de 2015, pronunciamiento en el cual se coligi\u00f3 que <em>\u201cpor nuevos responsables del impuesto sobre las ventas, debe entenderse aquellos que inician actividades durante el respectivo a\u00f1o gravable, que comportan la realizaci\u00f3n del hecho generador\u201d <\/em><\/strong><\/span><\/span>(negrilla fuera de texto).<\/p>\n<p style=\"text-align: justify;\">En vista de lo antepuesto, este Despacho no encuentra m\u00e9rito para aclarar el Concepto n\u00famero 008724 del 20 de marzo de 2015.<\/p>\n<p style=\"text-align: justify;\">En los anteriores t\u00e9rminos se resuelve su solicitud y cordialmente le informamos que tanto la normatividad en materia tributaria, aduanera y cambiaria, como los conceptos emitidos por la Direcci\u00f3n de Gesti\u00f3n Jur\u00eddica en estas materias pueden consultarse directamente en nuestras bases de datos jur\u00eddica ingresando a la p\u00e1gina electr\u00f3nica de la DIAN: <u>www. dian.gov.co<\/u> siguiendo los iconos: \u201cNormatividad\u201d &#8211; \u201ct\u00e9cnica\u201d y seleccionando \u201cDoctrina\u201d y Direcci\u00f3n Gesti\u00f3n Jur\u00eddica.<\/p>\n<p style=\"text-align: justify;\">Atentamente,<\/p>\n<p style=\"text-align: justify;\">El Subdirector de Gesti\u00f3n Normativa y Doctrina,<\/p>\n<p style=\"text-align: justify;\"><em>Pedro Pablo Contreras Camargo.<\/em><\/p>\n<p style=\"text-align: justify;\"><strong>(C. F.).<\/strong><\/p>\n<p>&nbsp;<\/p>\n<p>&nbsp;<\/p>\n","protected":false},"excerpt":{"rendered":"<p>Por nuevos responsables del impuesto sobre las ventas, debe entenderse aquellos que inician actividades durante el respectivo a\u00f1o gravable, que comportan la realizaci\u00f3n del hecho generador, de tal manera que los responsables del r\u00e9gimen simplificado que pasan al r\u00e9gimen com\u00fan, para determinar su periodo de declaraci\u00f3n, deber\u00e1n verificar los ingresos obtenidos del a\u00f1o anterior, para determinar si su periodo es bimestral, cuatrimestral o anual. <\/p>\n","protected":false},"author":1,"featured_media":7497,"comment_status":"open","ping_status":"open","sticky":false,"template":"","format":"standard","meta":{"_monsterinsights_skip_tracking":false,"ngg_post_thumbnail":0,"footnotes":"","_links_to":"","_links_to_target":""},"categories":[456,454],"tags":[],"class_list":["post-7496","post","type-post","status-publish","format-standard","has-post-thumbnail","hentry","category-conceptos-y-oficios-dian","category-sin-categoria"],"aioseo_notices":[],"aioseo_head":"\n\t\t<!-- All in One SEO 5.0.1.1 - aioseo.com -->\n\t<meta name=\"description\" content=\"Por nuevos responsables del impuesto sobre las ventas, debe entenderse aquellos que inician actividades durante el respectivo a\u00f1o gravable, que comportan la realizaci\u00f3n del hecho generador, de tal manera que los responsables del r\u00e9gimen simplificado que pasan al r\u00e9gimen com\u00fan, para determinar su periodo de declaraci\u00f3n, deber\u00e1n verificar los ingresos obtenidos del a\u00f1o anterior, para determinar si su periodo es bimestral, cuatrimestral o anual.\" \/>\n\t<meta name=\"robots\" content=\"max-image-preview:large\" \/>\n\t<meta name=\"author\" content=\"Miguel Antonio M\u00e1rquez Monta\u00f1ez\"\/>\n\t<link rel=\"canonical\" href=\"https:\/\/contadoreshoy.com\/?p=7496\" \/>\n\t<meta name=\"generator\" content=\"All in One SEO (AIOSEO) 5.0.1.1\" \/>\n\t\t<meta property=\"og:locale\" content=\"es_ES\" \/>\n\t\t<meta property=\"og:site_name\" content=\"Contadores P\u00fablicos - Portal para Contadores P\u00fablicos y empresarios\" \/>\n\t\t<meta property=\"og:type\" content=\"article\" \/>\n\t\t<meta property=\"og:title\" content=\"Concepto 0570 junio 20 de 2016 DIAN \u2013 Per\u00edodo gravable IVA responsables del r\u00e9gimen com\u00fan que vienen del r\u00e9gimen simplificado - Contadores P\u00fablicos\" \/>\n\t\t<meta property=\"og:description\" content=\"Por nuevos responsables del impuesto sobre las ventas, debe entenderse aquellos que inician actividades durante el respectivo a\u00f1o gravable, que comportan la realizaci\u00f3n del hecho generador, de tal manera que los responsables del r\u00e9gimen simplificado que pasan al r\u00e9gimen com\u00fan, para determinar su periodo de declaraci\u00f3n, deber\u00e1n verificar los ingresos obtenidos del a\u00f1o anterior, para determinar si su periodo es bimestral, cuatrimestral o anual.\" \/>\n\t\t<meta property=\"og:url\" content=\"https:\/\/contadoreshoy.com\/?p=7496\" \/>\n\t\t<meta property=\"og:image\" content=\"https:\/\/contadoreshoy.com\/wp-content\/uploads\/2024\/01\/cropped-cropped-cropped-Copia-de-M.jpg\" \/>\n\t\t<meta property=\"og:image:secure_url\" content=\"https:\/\/contadoreshoy.com\/wp-content\/uploads\/2024\/01\/cropped-cropped-cropped-Copia-de-M.jpg\" \/>\n\t\t<meta property=\"og:image:width\" content=\"512\" \/>\n\t\t<meta property=\"og:image:height\" content=\"371\" \/>\n\t\t<meta property=\"article:published_time\" content=\"2016-08-26T04:21:24+00:00\" \/>\n\t\t<meta property=\"article:modified_time\" content=\"2017-02-05T02:58:17+00:00\" \/>\n\t\t<meta name=\"twitter:card\" content=\"summary_large_image\" \/>\n\t\t<meta name=\"twitter:title\" content=\"Concepto 0570 junio 20 de 2016 DIAN \u2013 Per\u00edodo gravable IVA responsables del r\u00e9gimen com\u00fan que vienen del r\u00e9gimen simplificado - Contadores P\u00fablicos\" \/>\n\t\t<meta name=\"twitter:description\" content=\"Por nuevos responsables del impuesto sobre las ventas, debe entenderse aquellos que inician actividades durante el respectivo a\u00f1o gravable, que comportan la realizaci\u00f3n del hecho generador, de tal manera que los responsables del r\u00e9gimen simplificado que pasan al r\u00e9gimen com\u00fan, para determinar su periodo de declaraci\u00f3n, deber\u00e1n verificar los ingresos obtenidos del a\u00f1o anterior, para determinar si su periodo es bimestral, cuatrimestral o anual.\" \/>\n\t\t<meta name=\"twitter:image\" content=\"https:\/\/contadoreshoy.com\/wp-content\/uploads\/2024\/01\/cropped-cropped-cropped-Copia-de-M.jpg\" \/>\n\t\t<script type=\"application\/ld+json\" class=\"aioseo-schema\">\n\t\t\t{\"@context\":\"https:\\\/\\\/schema.org\",\"@graph\":[{\"@type\":\"BlogPosting\",\"@id\":\"https:\\\/\\\/contadoreshoy.com\\\/?p=7496#blogposting\",\"name\":\"Concepto 0570 junio 20 de 2016 DIAN \\u2013 Per\\u00edodo gravable IVA responsables del r\\u00e9gimen com\\u00fan que vienen del r\\u00e9gimen simplificado - Contadores P\\u00fablicos\",\"headline\":\"Concepto 0570 junio 20 de 2016 DIAN &#8211; Per\\u00edodo gravable IVA responsables del r\\u00e9gimen com\\u00fan que vienen del r\\u00e9gimen simplificado\",\"author\":{\"@id\":\"https:\\\/\\\/contadoreshoy.com\\\/?author=1#author\"},\"publisher\":{\"@id\":\"https:\\\/\\\/contadoreshoy.com\\\/#organization\"},\"image\":{\"@type\":\"ImageObject\",\"url\":\"https:\\\/\\\/contadoreshoy.com\\\/wp-content\\\/uploads\\\/2016\\\/08\\\/De-regimen-simplificado-a-comun.jpg\",\"width\":600,\"height\":400},\"datePublished\":\"2016-08-25T23:21:24-05:00\",\"dateModified\":\"2017-02-04T21:58:17-05:00\",\"inLanguage\":\"es-ES\",\"mainEntityOfPage\":{\"@id\":\"https:\\\/\\\/contadoreshoy.com\\\/?p=7496#webpage\"},\"isPartOf\":{\"@id\":\"https:\\\/\\\/contadoreshoy.com\\\/?p=7496#webpage\"},\"articleSection\":\"Conceptos y Oficios DIAN, Sin categor\\u00eda\"},{\"@type\":\"BreadcrumbList\",\"@id\":\"https:\\\/\\\/contadoreshoy.com\\\/?p=7496#breadcrumblist\",\"itemListElement\":[{\"@type\":\"ListItem\",\"@id\":\"https:\\\/\\\/contadoreshoy.com#listItem\",\"position\":1,\"name\":\"Home\",\"item\":\"https:\\\/\\\/contadoreshoy.com\",\"nextItem\":{\"@type\":\"ListItem\",\"@id\":\"https:\\\/\\\/contadoreshoy.com\\\/?cat=454#listItem\",\"name\":\"Sin categor\\u00eda\"}},{\"@type\":\"ListItem\",\"@id\":\"https:\\\/\\\/contadoreshoy.com\\\/?cat=454#listItem\",\"position\":2,\"name\":\"Sin categor\\u00eda\",\"item\":\"https:\\\/\\\/contadoreshoy.com\\\/?cat=454\",\"nextItem\":{\"@type\":\"ListItem\",\"@id\":\"https:\\\/\\\/contadoreshoy.com\\\/?p=7496#listItem\",\"name\":\"Concepto 0570 junio 20 de 2016 DIAN &#8211; Per\\u00edodo gravable IVA responsables del r\\u00e9gimen com\\u00fan que vienen del r\\u00e9gimen simplificado\"},\"previousItem\":{\"@type\":\"ListItem\",\"@id\":\"https:\\\/\\\/contadoreshoy.com#listItem\",\"name\":\"Home\"}},{\"@type\":\"ListItem\",\"@id\":\"https:\\\/\\\/contadoreshoy.com\\\/?p=7496#listItem\",\"position\":3,\"name\":\"Concepto 0570 junio 20 de 2016 DIAN &#8211; Per\\u00edodo gravable IVA responsables del r\\u00e9gimen com\\u00fan que vienen del r\\u00e9gimen simplificado\",\"previousItem\":{\"@type\":\"ListItem\",\"@id\":\"https:\\\/\\\/contadoreshoy.com\\\/?cat=454#listItem\",\"name\":\"Sin categor\\u00eda\"}}]},{\"@type\":\"Organization\",\"@id\":\"https:\\\/\\\/contadoreshoy.com\\\/#organization\",\"name\":\"Contadores P\\u00fablicos\",\"description\":\"Portal para Contadores P\\u00fablicos y empresarios\",\"url\":\"https:\\\/\\\/contadoreshoy.com\\\/\",\"logo\":{\"@type\":\"ImageObject\",\"url\":\"https:\\\/\\\/contadoreshoy.com\\\/wp-content\\\/uploads\\\/2024\\\/01\\\/cropped-cropped-Copia-de-M-1.jpg\",\"@id\":\"https:\\\/\\\/contadoreshoy.com\\\/?p=7496\\\/#organizationLogo\",\"width\":499,\"height\":500},\"image\":{\"@id\":\"https:\\\/\\\/contadoreshoy.com\\\/?p=7496\\\/#organizationLogo\"}},{\"@type\":\"Person\",\"@id\":\"https:\\\/\\\/contadoreshoy.com\\\/?author=1#author\",\"url\":\"https:\\\/\\\/contadoreshoy.com\\\/?author=1\",\"name\":\"Miguel Antonio M\\u00e1rquez Monta\\u00f1ez\"},{\"@type\":\"WebPage\",\"@id\":\"https:\\\/\\\/contadoreshoy.com\\\/?p=7496#webpage\",\"url\":\"https:\\\/\\\/contadoreshoy.com\\\/?p=7496\",\"name\":\"Concepto 0570 junio 20 de 2016 DIAN \\u2013 Per\\u00edodo gravable IVA responsables del r\\u00e9gimen com\\u00fan que vienen del r\\u00e9gimen simplificado - Contadores P\\u00fablicos\",\"description\":\"Por nuevos responsables del impuesto sobre las ventas, debe entenderse aquellos que inician actividades durante el respectivo a\\u00f1o gravable, que comportan la realizaci\\u00f3n del hecho generador, de tal manera que los responsables del r\\u00e9gimen simplificado que pasan al r\\u00e9gimen com\\u00fan, para determinar su periodo de declaraci\\u00f3n, deber\\u00e1n verificar los ingresos obtenidos del a\\u00f1o anterior, para determinar si su periodo es bimestral, cuatrimestral o anual.\",\"inLanguage\":\"es-ES\",\"isPartOf\":{\"@id\":\"https:\\\/\\\/contadoreshoy.com\\\/#website\"},\"breadcrumb\":{\"@id\":\"https:\\\/\\\/contadoreshoy.com\\\/?p=7496#breadcrumblist\"},\"author\":{\"@id\":\"https:\\\/\\\/contadoreshoy.com\\\/?author=1#author\"},\"creator\":{\"@id\":\"https:\\\/\\\/contadoreshoy.com\\\/?author=1#author\"},\"image\":{\"@type\":\"ImageObject\",\"url\":\"https:\\\/\\\/contadoreshoy.com\\\/wp-content\\\/uploads\\\/2016\\\/08\\\/De-regimen-simplificado-a-comun.jpg\",\"@id\":\"https:\\\/\\\/contadoreshoy.com\\\/?p=7496\\\/#mainImage\",\"width\":600,\"height\":400},\"primaryImageOfPage\":{\"@id\":\"https:\\\/\\\/contadoreshoy.com\\\/?p=7496#mainImage\"},\"datePublished\":\"2016-08-25T23:21:24-05:00\",\"dateModified\":\"2017-02-04T21:58:17-05:00\"},{\"@type\":\"WebSite\",\"@id\":\"https:\\\/\\\/contadoreshoy.com\\\/#website\",\"url\":\"https:\\\/\\\/contadoreshoy.com\\\/\",\"name\":\"Contadores P\\u00fablicos\",\"description\":\"Portal para Contadores P\\u00fablicos y empresarios\",\"inLanguage\":\"es-ES\",\"publisher\":{\"@id\":\"https:\\\/\\\/contadoreshoy.com\\\/#organization\"}}]}\n\t\t<\/script>\n\t\t<!-- All in One SEO -->\n\n","aioseo_head_json":{"title":"Concepto 0570 junio 20 de 2016 DIAN \u2013 Per\u00edodo gravable IVA responsables del r\u00e9gimen com\u00fan que vienen del r\u00e9gimen simplificado - Contadores P\u00fablicos","description":"Por nuevos responsables del impuesto sobre las ventas, debe entenderse aquellos que inician actividades durante el respectivo a\u00f1o gravable, que comportan la realizaci\u00f3n del hecho generador, de tal manera que los responsables del r\u00e9gimen simplificado que pasan al r\u00e9gimen com\u00fan, para determinar su periodo de declaraci\u00f3n, deber\u00e1n verificar los ingresos obtenidos del a\u00f1o anterior, para determinar si su periodo es bimestral, cuatrimestral o anual.","canonical_url":"https:\/\/contadoreshoy.com\/?p=7496","robots":"max-image-preview:large","keywords":"","webmasterTools":{"miscellaneous":""},"schema":{"@context":"https:\/\/schema.org","@graph":[{"@type":"BlogPosting","@id":"https:\/\/contadoreshoy.com\/?p=7496#blogposting","name":"Concepto 0570 junio 20 de 2016 DIAN \u2013 Per\u00edodo gravable IVA responsables del r\u00e9gimen com\u00fan que vienen del r\u00e9gimen simplificado - Contadores P\u00fablicos","headline":"Concepto 0570 junio 20 de 2016 DIAN &#8211; Per\u00edodo gravable IVA responsables del r\u00e9gimen com\u00fan que vienen del r\u00e9gimen simplificado","author":{"@id":"https:\/\/contadoreshoy.com\/?author=1#author"},"publisher":{"@id":"https:\/\/contadoreshoy.com\/#organization"},"image":{"@type":"ImageObject","url":"https:\/\/contadoreshoy.com\/wp-content\/uploads\/2016\/08\/De-regimen-simplificado-a-comun.jpg","width":600,"height":400},"datePublished":"2016-08-25T23:21:24-05:00","dateModified":"2017-02-04T21:58:17-05:00","inLanguage":"es-ES","mainEntityOfPage":{"@id":"https:\/\/contadoreshoy.com\/?p=7496#webpage"},"isPartOf":{"@id":"https:\/\/contadoreshoy.com\/?p=7496#webpage"},"articleSection":"Conceptos y Oficios DIAN, Sin categor\u00eda"},{"@type":"BreadcrumbList","@id":"https:\/\/contadoreshoy.com\/?p=7496#breadcrumblist","itemListElement":[{"@type":"ListItem","@id":"https:\/\/contadoreshoy.com#listItem","position":1,"name":"Home","item":"https:\/\/contadoreshoy.com","nextItem":{"@type":"ListItem","@id":"https:\/\/contadoreshoy.com\/?cat=454#listItem","name":"Sin categor\u00eda"}},{"@type":"ListItem","@id":"https:\/\/contadoreshoy.com\/?cat=454#listItem","position":2,"name":"Sin categor\u00eda","item":"https:\/\/contadoreshoy.com\/?cat=454","nextItem":{"@type":"ListItem","@id":"https:\/\/contadoreshoy.com\/?p=7496#listItem","name":"Concepto 0570 junio 20 de 2016 DIAN &#8211; Per\u00edodo gravable IVA responsables del r\u00e9gimen com\u00fan que vienen del r\u00e9gimen simplificado"},"previousItem":{"@type":"ListItem","@id":"https:\/\/contadoreshoy.com#listItem","name":"Home"}},{"@type":"ListItem","@id":"https:\/\/contadoreshoy.com\/?p=7496#listItem","position":3,"name":"Concepto 0570 junio 20 de 2016 DIAN &#8211; Per\u00edodo gravable IVA responsables del r\u00e9gimen com\u00fan que vienen del r\u00e9gimen simplificado","previousItem":{"@type":"ListItem","@id":"https:\/\/contadoreshoy.com\/?cat=454#listItem","name":"Sin categor\u00eda"}}]},{"@type":"Organization","@id":"https:\/\/contadoreshoy.com\/#organization","name":"Contadores P\u00fablicos","description":"Portal para Contadores P\u00fablicos y empresarios","url":"https:\/\/contadoreshoy.com\/","logo":{"@type":"ImageObject","url":"https:\/\/contadoreshoy.com\/wp-content\/uploads\/2024\/01\/cropped-cropped-Copia-de-M-1.jpg","@id":"https:\/\/contadoreshoy.com\/?p=7496\/#organizationLogo","width":499,"height":500},"image":{"@id":"https:\/\/contadoreshoy.com\/?p=7496\/#organizationLogo"}},{"@type":"Person","@id":"https:\/\/contadoreshoy.com\/?author=1#author","url":"https:\/\/contadoreshoy.com\/?author=1","name":"Miguel Antonio M\u00e1rquez Monta\u00f1ez"},{"@type":"WebPage","@id":"https:\/\/contadoreshoy.com\/?p=7496#webpage","url":"https:\/\/contadoreshoy.com\/?p=7496","name":"Concepto 0570 junio 20 de 2016 DIAN \u2013 Per\u00edodo gravable IVA responsables del r\u00e9gimen com\u00fan que vienen del r\u00e9gimen simplificado - Contadores P\u00fablicos","description":"Por nuevos responsables del impuesto sobre las ventas, debe entenderse aquellos que inician actividades durante el respectivo a\u00f1o gravable, que comportan la realizaci\u00f3n del hecho generador, de tal manera que los responsables del r\u00e9gimen simplificado que pasan al r\u00e9gimen com\u00fan, para determinar su periodo de declaraci\u00f3n, deber\u00e1n verificar los ingresos obtenidos del a\u00f1o anterior, para determinar si su periodo es bimestral, cuatrimestral o anual.","inLanguage":"es-ES","isPartOf":{"@id":"https:\/\/contadoreshoy.com\/#website"},"breadcrumb":{"@id":"https:\/\/contadoreshoy.com\/?p=7496#breadcrumblist"},"author":{"@id":"https:\/\/contadoreshoy.com\/?author=1#author"},"creator":{"@id":"https:\/\/contadoreshoy.com\/?author=1#author"},"image":{"@type":"ImageObject","url":"https:\/\/contadoreshoy.com\/wp-content\/uploads\/2016\/08\/De-regimen-simplificado-a-comun.jpg","@id":"https:\/\/contadoreshoy.com\/?p=7496\/#mainImage","width":600,"height":400},"primaryImageOfPage":{"@id":"https:\/\/contadoreshoy.com\/?p=7496#mainImage"},"datePublished":"2016-08-25T23:21:24-05:00","dateModified":"2017-02-04T21:58:17-05:00"},{"@type":"WebSite","@id":"https:\/\/contadoreshoy.com\/#website","url":"https:\/\/contadoreshoy.com\/","name":"Contadores P\u00fablicos","description":"Portal para Contadores P\u00fablicos y empresarios","inLanguage":"es-ES","publisher":{"@id":"https:\/\/contadoreshoy.com\/#organization"}}]},"og:locale":"es_ES","og:site_name":"Contadores P\u00fablicos - Portal para Contadores P\u00fablicos y empresarios","og:type":"article","og:title":"Concepto 0570 junio 20 de 2016 DIAN \u2013 Per\u00edodo gravable IVA responsables del r\u00e9gimen com\u00fan que vienen del r\u00e9gimen simplificado - Contadores P\u00fablicos","og:description":"Por nuevos responsables del impuesto sobre las ventas, debe entenderse aquellos que inician actividades durante el respectivo a\u00f1o gravable, que comportan la realizaci\u00f3n del hecho generador, de tal manera que los responsables del r\u00e9gimen simplificado que pasan al r\u00e9gimen com\u00fan, para determinar su periodo de declaraci\u00f3n, deber\u00e1n verificar los ingresos obtenidos del a\u00f1o anterior, para determinar si su periodo es bimestral, cuatrimestral o anual.","og:url":"https:\/\/contadoreshoy.com\/?p=7496","og:image":"https:\/\/contadoreshoy.com\/wp-content\/uploads\/2024\/01\/cropped-cropped-cropped-Copia-de-M.jpg","og:image:secure_url":"https:\/\/contadoreshoy.com\/wp-content\/uploads\/2024\/01\/cropped-cropped-cropped-Copia-de-M.jpg","og:image:width":512,"og:image:height":371,"article:published_time":"2016-08-26T04:21:24+00:00","article:modified_time":"2017-02-05T02:58:17+00:00","twitter:card":"summary_large_image","twitter:title":"Concepto 0570 junio 20 de 2016 DIAN \u2013 Per\u00edodo gravable IVA responsables del r\u00e9gimen com\u00fan que vienen del r\u00e9gimen simplificado - Contadores P\u00fablicos","twitter:description":"Por nuevos responsables del impuesto sobre las ventas, debe entenderse aquellos que inician actividades durante el respectivo a\u00f1o gravable, que comportan la realizaci\u00f3n del hecho generador, de tal manera que los responsables del r\u00e9gimen simplificado que pasan al r\u00e9gimen com\u00fan, para determinar su periodo de declaraci\u00f3n, deber\u00e1n verificar los ingresos obtenidos del a\u00f1o anterior, para determinar si su periodo es bimestral, cuatrimestral o anual.","twitter:image":"https:\/\/contadoreshoy.com\/wp-content\/uploads\/2024\/01\/cropped-cropped-cropped-Copia-de-M.jpg"},"aioseo_meta_data":{"post_id":"7496","title":null,"description":null,"keywords":null,"keyphrases":null,"primary_term":null,"canonical_url":null,"og_title":null,"og_description":null,"og_object_type":"default","og_image_type":"default","og_image_url":null,"og_image_width":null,"og_image_height":null,"og_image_custom_url":null,"og_image_custom_fields":null,"og_video":null,"og_custom_url":null,"og_article_section":null,"og_article_tags":null,"twitter_use_og":false,"twitter_card":"default","twitter_image_type":"default","twitter_image_url":null,"twitter_image_custom_url":null,"twitter_image_custom_fields":null,"twitter_title":null,"twitter_description":null,"schema":{"blockGraphs":[],"customGraphs":[],"default":{"data":{"Article":[],"Course":[],"Dataset":[],"FAQPage":[],"Movie":[],"Person":[],"Product":[],"ProductReview":[],"Car":[],"Recipe":[],"Service":[],"SoftwareApplication":[],"WebPage":[]},"graphName":"","isEnabled":true},"graphs":[]},"schema_type":"default","schema_type_options":null,"pillar_content":false,"robots_default":true,"robots_noindex":false,"robots_noarchive":false,"robots_nosnippet":false,"robots_nofollow":false,"robots_noimageindex":false,"robots_noodp":false,"robots_notranslate":false,"robots_max_snippet":null,"robots_max_videopreview":null,"robots_max_imagepreview":"large","priority":null,"frequency":null,"local_seo":null,"breadcrumb_settings":null,"limit_modified_date":false,"ai":null,"created":"2024-03-05 01:39:28","updated":"2026-03-03 04:55:51","seo_analyzer_scan_date":null,"focus_keyword":null,"additional_keywords":null,"truseo_locale":null},"aioseo_breadcrumb":"<div class=\"aioseo-breadcrumbs\"><span class=\"aioseo-breadcrumb\">\n\t\t\t<a href=\"https:\/\/contadoreshoy.com\" title=\"Home\">Home<\/a>\n\t\t<\/span><span class=\"aioseo-breadcrumb-separator\">&raquo;<\/span><span class=\"aioseo-breadcrumb\">\n\t\t\t<a href=\"https:\/\/contadoreshoy.com\/?cat=454\" title=\"Sin categor\u00eda\">Sin categor\u00eda<\/a>\n\t\t<\/span><span class=\"aioseo-breadcrumb-separator\">&raquo;<\/span><span class=\"aioseo-breadcrumb\">\n\t\t\tConcepto 0570 junio 20 de 2016 DIAN \u2013 Per\u00edodo gravable IVA responsables del r\u00e9gimen com\u00fan que vienen del r\u00e9gimen simplificado\n\t\t<\/span><\/div>","aioseo_breadcrumb_json":[{"label":"Home","link":"https:\/\/contadoreshoy.com"},{"label":"Sin categor\u00eda","link":"https:\/\/contadoreshoy.com\/?cat=454"},{"label":"Concepto 0570 junio 20 de 2016 DIAN &#8211; Per\u00edodo gravable IVA responsables del r\u00e9gimen com\u00fan que vienen del r\u00e9gimen simplificado","link":"https:\/\/contadoreshoy.com\/?p=7496"}],"yoast_head":"<!-- This site is optimized with the Yoast SEO plugin v28.4 - https:\/\/yoast.com\/product\/yoast-seo-wordpress\/ -->\n<title>Concepto 0570 junio 20 de 2016 DIAN - Per\u00edodo gravable IVA responsables del r\u00e9gimen com\u00fan que vienen del r\u00e9gimen simplificado - Contadores P\u00fablicos<\/title>\n<meta name=\"robots\" content=\"index, follow, max-snippet:-1, max-image-preview:large, max-video-preview:-1\" \/>\n<link rel=\"canonical\" href=\"https:\/\/contadoreshoy.com\/?p=7496\" \/>\n<meta property=\"og:locale\" content=\"es_ES\" \/>\n<meta property=\"og:type\" content=\"article\" \/>\n<meta property=\"og:title\" content=\"Concepto 0570 junio 20 de 2016 DIAN - Per\u00edodo gravable IVA responsables del r\u00e9gimen com\u00fan que vienen del r\u00e9gimen simplificado - Contadores P\u00fablicos\" \/>\n<meta property=\"og:description\" content=\"Por nuevos responsables del impuesto sobre las ventas, debe entenderse aquellos que inician actividades durante el respectivo a\u00f1o gravable, que comportan la realizaci\u00f3n del hecho generador, de tal manera que los responsables del r\u00e9gimen simplificado que pasan al r\u00e9gimen com\u00fan, para determinar su periodo de declaraci\u00f3n, deber\u00e1n verificar los ingresos obtenidos del a\u00f1o anterior, para determinar si su periodo es bimestral, cuatrimestral o anual.\" \/>\n<meta property=\"og:url\" content=\"https:\/\/contadoreshoy.com\/?p=7496\" \/>\n<meta property=\"og:site_name\" content=\"Contadores P\u00fablicos\" \/>\n<meta property=\"article:publisher\" content=\"https:\/\/www.facebook.com\/CCCPBucaramanga\/\" \/>\n<meta property=\"article:published_time\" content=\"2016-08-26T04:21:24+00:00\" \/>\n<meta property=\"article:modified_time\" content=\"2017-02-05T02:58:17+00:00\" \/>\n<meta property=\"og:image\" content=\"https:\/\/contadoreshoy.com\/wp-content\/uploads\/2016\/08\/De-regimen-simplificado-a-comun.jpg\" \/>\n\t<meta property=\"og:image:width\" content=\"600\" \/>\n\t<meta property=\"og:image:height\" content=\"400\" \/>\n\t<meta property=\"og:image:type\" content=\"image\/jpeg\" \/>\n<meta name=\"author\" content=\"Miguel Antonio M\u00e1rquez Monta\u00f1ez\" \/>\n<meta name=\"twitter:card\" content=\"summary_large_image\" \/>\n<meta name=\"twitter:label1\" content=\"Escrito por\" \/>\n\t<meta name=\"twitter:data1\" content=\"Miguel Antonio M\u00e1rquez Monta\u00f1ez\" \/>\n\t<meta name=\"twitter:label2\" content=\"Tiempo de lectura\" \/>\n\t<meta name=\"twitter:data2\" content=\"5 minutos\" \/>\n<script type=\"application\/ld+json\" class=\"yoast-schema-graph\">{\"@context\":\"https:\\\/\\\/schema.org\",\"@graph\":[{\"@type\":\"Article\",\"@id\":\"https:\\\/\\\/contadoreshoy.com\\\/?p=7496#article\",\"isPartOf\":{\"@id\":\"https:\\\/\\\/contadoreshoy.com\\\/?p=7496\"},\"author\":{\"name\":\"Miguel Antonio M\u00e1rquez Monta\u00f1ez\",\"@id\":\"https:\\\/\\\/contadoreshoy.com\\\/#\\\/schema\\\/person\\\/96d8979cb865537c5dc9345e40089fc5\"},\"headline\":\"Concepto 0570 junio 20 de 2016 DIAN &#8211; Per\u00edodo gravable IVA responsables del r\u00e9gimen com\u00fan que vienen del r\u00e9gimen simplificado\",\"datePublished\":\"2016-08-26T04:21:24+00:00\",\"dateModified\":\"2017-02-05T02:58:17+00:00\",\"mainEntityOfPage\":{\"@id\":\"https:\\\/\\\/contadoreshoy.com\\\/?p=7496\"},\"wordCount\":964,\"commentCount\":0,\"publisher\":{\"@id\":\"https:\\\/\\\/contadoreshoy.com\\\/#organization\"},\"image\":{\"@id\":\"https:\\\/\\\/contadoreshoy.com\\\/?p=7496#primaryimage\"},\"thumbnailUrl\":\"https:\\\/\\\/contadoreshoy.com\\\/wp-content\\\/uploads\\\/2016\\\/08\\\/De-regimen-simplificado-a-comun.jpg\",\"articleSection\":[\"Conceptos y Oficios DIAN\"],\"inLanguage\":\"es\",\"potentialAction\":[{\"@type\":\"CommentAction\",\"name\":\"Comment\",\"target\":[\"https:\\\/\\\/contadoreshoy.com\\\/?p=7496#respond\"]}]},{\"@type\":\"WebPage\",\"@id\":\"https:\\\/\\\/contadoreshoy.com\\\/?p=7496\",\"url\":\"https:\\\/\\\/contadoreshoy.com\\\/?p=7496\",\"name\":\"Concepto 0570 junio 20 de 2016 DIAN - Per\u00edodo gravable IVA responsables del r\u00e9gimen com\u00fan que vienen del r\u00e9gimen simplificado - Contadores P\u00fablicos\",\"isPartOf\":{\"@id\":\"https:\\\/\\\/contadoreshoy.com\\\/#website\"},\"primaryImageOfPage\":{\"@id\":\"https:\\\/\\\/contadoreshoy.com\\\/?p=7496#primaryimage\"},\"image\":{\"@id\":\"https:\\\/\\\/contadoreshoy.com\\\/?p=7496#primaryimage\"},\"thumbnailUrl\":\"https:\\\/\\\/contadoreshoy.com\\\/wp-content\\\/uploads\\\/2016\\\/08\\\/De-regimen-simplificado-a-comun.jpg\",\"datePublished\":\"2016-08-26T04:21:24+00:00\",\"dateModified\":\"2017-02-05T02:58:17+00:00\",\"breadcrumb\":{\"@id\":\"https:\\\/\\\/contadoreshoy.com\\\/?p=7496#breadcrumb\"},\"inLanguage\":\"es\",\"potentialAction\":[{\"@type\":\"ReadAction\",\"target\":[\"https:\\\/\\\/contadoreshoy.com\\\/?p=7496\"]}]},{\"@type\":\"ImageObject\",\"inLanguage\":\"es\",\"@id\":\"https:\\\/\\\/contadoreshoy.com\\\/?p=7496#primaryimage\",\"url\":\"https:\\\/\\\/contadoreshoy.com\\\/wp-content\\\/uploads\\\/2016\\\/08\\\/De-regimen-simplificado-a-comun.jpg\",\"contentUrl\":\"https:\\\/\\\/contadoreshoy.com\\\/wp-content\\\/uploads\\\/2016\\\/08\\\/De-regimen-simplificado-a-comun.jpg\",\"width\":600,\"height\":400},{\"@type\":\"BreadcrumbList\",\"@id\":\"https:\\\/\\\/contadoreshoy.com\\\/?p=7496#breadcrumb\",\"itemListElement\":[{\"@type\":\"ListItem\",\"position\":1,\"name\":\"Portada\",\"item\":\"https:\\\/\\\/contadoreshoy.com\\\/\"},{\"@type\":\"ListItem\",\"position\":2,\"name\":\"Concepto 0570 junio 20 de 2016 DIAN &#8211; Per\u00edodo gravable IVA responsables del r\u00e9gimen com\u00fan que vienen del r\u00e9gimen simplificado\"}]},{\"@type\":\"WebSite\",\"@id\":\"https:\\\/\\\/contadoreshoy.com\\\/#website\",\"url\":\"https:\\\/\\\/contadoreshoy.com\\\/\",\"name\":\"Contadorespublicossantander\",\"description\":\"Portal para Contadores P\u00fablicos y empresarios\",\"publisher\":{\"@id\":\"https:\\\/\\\/contadoreshoy.com\\\/#organization\"},\"potentialAction\":[{\"@type\":\"SearchAction\",\"target\":{\"@type\":\"EntryPoint\",\"urlTemplate\":\"https:\\\/\\\/contadoreshoy.com\\\/?s={search_term_string}\"},\"query-input\":{\"@type\":\"PropertyValueSpecification\",\"valueRequired\":true,\"valueName\":\"search_term_string\"}}],\"inLanguage\":\"es\"},{\"@type\":\"Organization\",\"@id\":\"https:\\\/\\\/contadoreshoy.com\\\/#organization\",\"name\":\"Contadores P\u00fablicos de Santander\",\"url\":\"https:\\\/\\\/contadoreshoy.com\\\/\",\"logo\":{\"@type\":\"ImageObject\",\"inLanguage\":\"es\",\"@id\":\"https:\\\/\\\/contadoreshoy.com\\\/#\\\/schema\\\/logo\\\/image\\\/\",\"url\":\"https:\\\/\\\/contadoreshoy.com\\\/wp-content\\\/uploads\\\/2024\\\/01\\\/cropped-cropped-Copia-de-M-1.jpg\",\"contentUrl\":\"https:\\\/\\\/contadoreshoy.com\\\/wp-content\\\/uploads\\\/2024\\\/01\\\/cropped-cropped-Copia-de-M-1.jpg\",\"width\":499,\"height\":500,\"caption\":\"Contadores P\u00fablicos de Santander\"},\"image\":{\"@id\":\"https:\\\/\\\/contadoreshoy.com\\\/#\\\/schema\\\/logo\\\/image\\\/\"},\"sameAs\":[\"https:\\\/\\\/www.facebook.com\\\/CCCPBucaramanga\\\/\"]},{\"@type\":\"Person\",\"@id\":\"https:\\\/\\\/contadoreshoy.com\\\/#\\\/schema\\\/person\\\/96d8979cb865537c5dc9345e40089fc5\",\"name\":\"Miguel Antonio M\u00e1rquez Monta\u00f1ez\",\"description\":\"Contador P\u00fablico egresado de la Universidad Aut\u00f3noma de Bucaramanga - Asesor contable tributario con m\u00e1s de 25 a\u00f1os de experiencia - Conferencista en temas contables y tributarios - T\u00e9cnico en Hardware y Dise\u00f1o Web - Creador y director Grupo de Estudio Colegio Colombiano de Contadores P\u00fablicos de Bucaramanga - Creador y Master Web p\u00e1gina www.contadoresp\u00fablicossantander.com - Expresidente Colegio Colombiano de Contadores P\u00fablicos Bucaramanga\",\"url\":\"https:\\\/\\\/contadoreshoy.com\\\/?author=1\"}]}<\/script>\n<!-- \/ Yoast SEO plugin. -->","yoast_head_json":{"title":"Concepto 0570 junio 20 de 2016 DIAN - Per\u00edodo gravable IVA responsables del r\u00e9gimen com\u00fan que vienen del r\u00e9gimen simplificado - Contadores P\u00fablicos","robots":{"index":"index","follow":"follow","max-snippet":"max-snippet:-1","max-image-preview":"max-image-preview:large","max-video-preview":"max-video-preview:-1"},"canonical":"https:\/\/contadoreshoy.com\/?p=7496","og_locale":"es_ES","og_type":"article","og_title":"Concepto 0570 junio 20 de 2016 DIAN - Per\u00edodo gravable IVA responsables del r\u00e9gimen com\u00fan que vienen del r\u00e9gimen simplificado - Contadores P\u00fablicos","og_description":"Por nuevos responsables del impuesto sobre las ventas, debe entenderse aquellos que inician actividades durante el respectivo a\u00f1o gravable, que comportan la realizaci\u00f3n del hecho generador, de tal manera que los responsables del r\u00e9gimen simplificado que pasan al r\u00e9gimen com\u00fan, para determinar su periodo de declaraci\u00f3n, deber\u00e1n verificar los ingresos obtenidos del a\u00f1o anterior, para determinar si su periodo es bimestral, cuatrimestral o anual.","og_url":"https:\/\/contadoreshoy.com\/?p=7496","og_site_name":"Contadores P\u00fablicos","article_publisher":"https:\/\/www.facebook.com\/CCCPBucaramanga\/","article_published_time":"2016-08-26T04:21:24+00:00","article_modified_time":"2017-02-05T02:58:17+00:00","og_image":[{"width":600,"height":400,"url":"https:\/\/contadoreshoy.com\/wp-content\/uploads\/2016\/08\/De-regimen-simplificado-a-comun.jpg","type":"image\/jpeg"}],"author":"Miguel Antonio M\u00e1rquez Monta\u00f1ez","twitter_card":"summary_large_image","twitter_misc":{"Escrito por":"Miguel Antonio M\u00e1rquez Monta\u00f1ez","Tiempo de lectura":"5 minutos"},"schema":{"@context":"https:\/\/schema.org","@graph":[{"@type":"Article","@id":"https:\/\/contadoreshoy.com\/?p=7496#article","isPartOf":{"@id":"https:\/\/contadoreshoy.com\/?p=7496"},"author":{"name":"Miguel Antonio M\u00e1rquez Monta\u00f1ez","@id":"https:\/\/contadoreshoy.com\/#\/schema\/person\/96d8979cb865537c5dc9345e40089fc5"},"headline":"Concepto 0570 junio 20 de 2016 DIAN &#8211; Per\u00edodo gravable IVA responsables del r\u00e9gimen com\u00fan que vienen del r\u00e9gimen simplificado","datePublished":"2016-08-26T04:21:24+00:00","dateModified":"2017-02-05T02:58:17+00:00","mainEntityOfPage":{"@id":"https:\/\/contadoreshoy.com\/?p=7496"},"wordCount":964,"commentCount":0,"publisher":{"@id":"https:\/\/contadoreshoy.com\/#organization"},"image":{"@id":"https:\/\/contadoreshoy.com\/?p=7496#primaryimage"},"thumbnailUrl":"https:\/\/contadoreshoy.com\/wp-content\/uploads\/2016\/08\/De-regimen-simplificado-a-comun.jpg","articleSection":["Conceptos y Oficios DIAN"],"inLanguage":"es","potentialAction":[{"@type":"CommentAction","name":"Comment","target":["https:\/\/contadoreshoy.com\/?p=7496#respond"]}]},{"@type":"WebPage","@id":"https:\/\/contadoreshoy.com\/?p=7496","url":"https:\/\/contadoreshoy.com\/?p=7496","name":"Concepto 0570 junio 20 de 2016 DIAN - Per\u00edodo gravable IVA responsables del r\u00e9gimen com\u00fan que vienen del r\u00e9gimen simplificado - Contadores P\u00fablicos","isPartOf":{"@id":"https:\/\/contadoreshoy.com\/#website"},"primaryImageOfPage":{"@id":"https:\/\/contadoreshoy.com\/?p=7496#primaryimage"},"image":{"@id":"https:\/\/contadoreshoy.com\/?p=7496#primaryimage"},"thumbnailUrl":"https:\/\/contadoreshoy.com\/wp-content\/uploads\/2016\/08\/De-regimen-simplificado-a-comun.jpg","datePublished":"2016-08-26T04:21:24+00:00","dateModified":"2017-02-05T02:58:17+00:00","breadcrumb":{"@id":"https:\/\/contadoreshoy.com\/?p=7496#breadcrumb"},"inLanguage":"es","potentialAction":[{"@type":"ReadAction","target":["https:\/\/contadoreshoy.com\/?p=7496"]}]},{"@type":"ImageObject","inLanguage":"es","@id":"https:\/\/contadoreshoy.com\/?p=7496#primaryimage","url":"https:\/\/contadoreshoy.com\/wp-content\/uploads\/2016\/08\/De-regimen-simplificado-a-comun.jpg","contentUrl":"https:\/\/contadoreshoy.com\/wp-content\/uploads\/2016\/08\/De-regimen-simplificado-a-comun.jpg","width":600,"height":400},{"@type":"BreadcrumbList","@id":"https:\/\/contadoreshoy.com\/?p=7496#breadcrumb","itemListElement":[{"@type":"ListItem","position":1,"name":"Portada","item":"https:\/\/contadoreshoy.com\/"},{"@type":"ListItem","position":2,"name":"Concepto 0570 junio 20 de 2016 DIAN &#8211; Per\u00edodo gravable IVA responsables del r\u00e9gimen com\u00fan que vienen del r\u00e9gimen simplificado"}]},{"@type":"WebSite","@id":"https:\/\/contadoreshoy.com\/#website","url":"https:\/\/contadoreshoy.com\/","name":"Contadorespublicossantander","description":"Portal para Contadores P\u00fablicos y empresarios","publisher":{"@id":"https:\/\/contadoreshoy.com\/#organization"},"potentialAction":[{"@type":"SearchAction","target":{"@type":"EntryPoint","urlTemplate":"https:\/\/contadoreshoy.com\/?s={search_term_string}"},"query-input":{"@type":"PropertyValueSpecification","valueRequired":true,"valueName":"search_term_string"}}],"inLanguage":"es"},{"@type":"Organization","@id":"https:\/\/contadoreshoy.com\/#organization","name":"Contadores P\u00fablicos de Santander","url":"https:\/\/contadoreshoy.com\/","logo":{"@type":"ImageObject","inLanguage":"es","@id":"https:\/\/contadoreshoy.com\/#\/schema\/logo\/image\/","url":"https:\/\/contadoreshoy.com\/wp-content\/uploads\/2024\/01\/cropped-cropped-Copia-de-M-1.jpg","contentUrl":"https:\/\/contadoreshoy.com\/wp-content\/uploads\/2024\/01\/cropped-cropped-Copia-de-M-1.jpg","width":499,"height":500,"caption":"Contadores P\u00fablicos de Santander"},"image":{"@id":"https:\/\/contadoreshoy.com\/#\/schema\/logo\/image\/"},"sameAs":["https:\/\/www.facebook.com\/CCCPBucaramanga\/"]},{"@type":"Person","@id":"https:\/\/contadoreshoy.com\/#\/schema\/person\/96d8979cb865537c5dc9345e40089fc5","name":"Miguel Antonio M\u00e1rquez Monta\u00f1ez","description":"Contador P\u00fablico egresado de la Universidad Aut\u00f3noma de Bucaramanga - Asesor contable tributario con m\u00e1s de 25 a\u00f1os de experiencia - Conferencista en temas contables y tributarios - T\u00e9cnico en Hardware y Dise\u00f1o Web - Creador y director Grupo de Estudio Colegio Colombiano de Contadores P\u00fablicos de Bucaramanga - Creador y Master Web p\u00e1gina www.contadoresp\u00fablicossantander.com - Expresidente Colegio Colombiano de Contadores P\u00fablicos Bucaramanga","url":"https:\/\/contadoreshoy.com\/?author=1"}]}},"_links":{"self":[{"href":"https:\/\/contadoreshoy.com\/index.php?rest_route=\/wp\/v2\/posts\/7496","targetHints":{"allow":["GET"]}}],"collection":[{"href":"https:\/\/contadoreshoy.com\/index.php?rest_route=\/wp\/v2\/posts"}],"about":[{"href":"https:\/\/contadoreshoy.com\/index.php?rest_route=\/wp\/v2\/types\/post"}],"author":[{"embeddable":true,"href":"https:\/\/contadoreshoy.com\/index.php?rest_route=\/wp\/v2\/users\/1"}],"replies":[{"embeddable":true,"href":"https:\/\/contadoreshoy.com\/index.php?rest_route=%2Fwp%2Fv2%2Fcomments&post=7496"}],"version-history":[{"count":1,"href":"https:\/\/contadoreshoy.com\/index.php?rest_route=\/wp\/v2\/posts\/7496\/revisions"}],"predecessor-version":[{"id":7834,"href":"https:\/\/contadoreshoy.com\/index.php?rest_route=\/wp\/v2\/posts\/7496\/revisions\/7834"}],"wp:featuredmedia":[{"embeddable":true,"href":"https:\/\/contadoreshoy.com\/index.php?rest_route=\/wp\/v2\/media\/7497"}],"wp:attachment":[{"href":"https:\/\/contadoreshoy.com\/index.php?rest_route=%2Fwp%2Fv2%2Fmedia&parent=7496"}],"wp:term":[{"taxonomy":"category","embeddable":true,"href":"https:\/\/contadoreshoy.com\/index.php?rest_route=%2Fwp%2Fv2%2Fcategories&post=7496"},{"taxonomy":"post_tag","embeddable":true,"href":"https:\/\/contadoreshoy.com\/index.php?rest_route=%2Fwp%2Fv2%2Ftags&post=7496"}],"curies":[{"name":"wp","href":"https:\/\/api.w.org\/{rel}","templated":true}]}}