{"id":7613,"date":"2016-11-01T19:25:22","date_gmt":"2016-11-02T00:25:22","guid":{"rendered":"http:\/\/colegiocolombianodecontadores.com\/?p=7613"},"modified":"2017-02-04T21:57:59","modified_gmt":"2017-02-05T02:57:59","slug":"oficio-22777-agosto-24-de-2016-dian-compensacion-de-perdidas-fiscales-dentro-de-la-sociedad","status":"publish","type":"post","link":"https:\/\/contadoreshoy.com\/?p=7613","title":{"rendered":"Oficio 22777 agosto 24 de 2016 DIAN &#8211; Compensaci\u00f3n de p\u00e9rdidas fiscales dentro de la sociedad"},"content":{"rendered":"<p style=\"text-align: center;\">OFICIO 22777 AGOSTO 24 DE 2016 DIAN<\/p>\n<p><strong>Referencia:<\/strong> Radicado 013817 del 14\/07\/2016.<\/p>\n<table style=\"height: 298px;\" width=\"971\">\n<tbody>\n<tr>\n<td width=\"101\"><strong>Tema<\/strong><\/td>\n<td width=\"352\">Impuesto sobre la Renta y Complementarios<\/p>\n<p>Impuesto sobre la renta y complementarios<\/td>\n<\/tr>\n<tr>\n<td width=\"101\"><strong>Descriptores<\/strong><\/td>\n<td width=\"352\">Deducci\u00f3n por P\u00e9rdidas Fiscales, Compensaci\u00f3n de la P\u00e9rdida Fiscal, P\u00e9rdidas Fiscales<\/td>\n<\/tr>\n<tr>\n<td width=\"101\"><strong>Fuentes formales<\/strong><\/td>\n<td width=\"352\">Art\u00edculos 147 y 148 del Estatuto Tributario, Concepto 088314 de 17 de noviembre de 1998<\/td>\n<\/tr>\n<\/tbody>\n<\/table>\n<p style=\"text-align: justify;\">De conformidad con el art\u00edculo 20 del Decreto 4048 de 2008 es funci\u00f3n de esta Subdirecci\u00f3n absolver las consultas escritas que se formulen sobre la interpretaci\u00f3n y aplicaci\u00f3n de las normas tributarias de car\u00e1cter nacional, aduaneras y cambiarias en lo de competencia de la Entidad.<\/p>\n<p style=\"text-align: justify;\"><span style=\"color: #0000ff;\">Mediante el radicado de la referencia solicita un nuevo pronunciamiento frente a la posibilidad de tomar como deducci\u00f3n en el impuesto de renta el capital aportado a una sociedad que se liquida (que recibe en una suma inferior al aporte inicial) y que el consultante califica como p\u00e9rdida<\/span>, pues no le es de recibo lo expuesto en el oficio 013757 del 2 de junio de 2016, el cual concluy\u00f3 que esta no es deducible, con base en lo se\u00f1alado en el concepto 088314 del 17 de noviembre de 1998.<\/p>\n<p style=\"text-align: justify;\">El peticionario manifiesta que el art\u00edculo 147 del Estatuto Tributario se refiere a la compensaci\u00f3n de p\u00e9rdidas fiscales dentro de la sociedad, esa cuenta no tiene que ver con el aporte de un accionista porque los aportes van a la cuenta \u201ccapital\u201d, por eso las p\u00e9rdidas no pueden ser trasladadas ni repartidas.<\/p>\n<p style=\"text-align: justify;\">Tambi\u00e9n indica que el art\u00edculo 148 ib\u00eddem se refiere a dos p\u00e9rdidas, una relacionada con aquellos usados dentro del negocio o la actividad productora de renta y la segunda por fuerza mayor, que indica, no es el caso analizado. Respecto al primer caso se\u00f1ala que no aplica a un activo dentro del negocio, pero si a bienes declarados dentro de la actividad productora de renta, para lo cual el contribuyente puede ser rentista de capital y poner en su RUT la actividad econ\u00f3mica con inversiones en sociedades.<\/p>\n<p style=\"text-align: justify;\">Por \u00faltimo manifiesta que nada tiene que ver un contribuyente que toma su activo para invertirlo en una sociedad, con las p\u00e9rdidas de esta pues se est\u00e1 frente a cuentas diferentes. Al respecto se considera:<\/p>\n<p style=\"text-align: justify;\">Respecto a la posibilidad de deducir las p\u00e9rdidas sufridas durante el a\u00f1o o per\u00edodo gravable el art\u00edculo 148 del Estatuto Tributario en su inciso primero establece:<\/p>\n<p style=\"text-align: justify;\"><em>\u201cArt\u00edculo 148. Deducci\u00f3n por p\u00e9rdidas de activos. Son deducibles las p\u00e9rdidas sufridas durante el a\u00f1o o per\u00edodo gravable, concernientes a los bienes usados en el negocio o actividad productora de renta <strong>y<\/strong> ocurridas por fuerza mayor\u201d.<\/em><\/p>\n<p style=\"text-align: justify;\">(Negrilla fuera del texto).<\/p>\n<p style=\"text-align: justify;\"><span style=\"color: #ff9900;\">Llama la atenci\u00f3n como el consultante interpreta el inciso citado, separando los dos elementos que de acuerdo al tenor literal de la norma est\u00e1n unidos por una conjunci\u00f3n copulativa, en este caso la \u201cY\u201d. Esta conjunci\u00f3n tiene un car\u00e1cter coordinante que forma conjuntos cuyos elementos se suman<\/span><\/p>\n<p style=\"text-align: justify;\"><span style=\"color: #ff9900;\">En efecto, el peticionario interpreta que la norma en comento se refiere a dos p\u00e9rdidas, una relacionada con aquellos usados dentro del negocio o la actividad productora de renta y la segunda por fuerza mayor, criterio del que se aparta este Despacho pues la \u201cY\u201d supone es que la deducci\u00f3n operar\u00e1 en la medida que estos activos contribuyeron a generar renta y su p\u00e9rdida ocurri\u00f3 como consecuencia de un hecho de fuerza mayor.<\/span><\/p>\n<p style=\"text-align: justify;\"><span style=\"color: #ff9900;\">Por esta raz\u00f3n no hay lugar a la tesis expuesta, respecto a que la deducci\u00f3n aplica a bienes declarados dentro de la actividad productora de renta, sin que se requiera que respecto de estos se predique su ocurrencia por fuerza mayor, pues como ya se indic\u00f3 anteriormente se requiere que se re\u00fanan estos requisitos.<\/span><\/p>\n<p style=\"text-align: justify;\"><span style=\"color: #0000ff;\">Por lo expuesto es que el concepto 088314 del 17 de noviembre de 1998 indica que la p\u00e9rdida obtenida en una inversi\u00f3n en acciones cuando se liquida la sociedad en donde se ten\u00eda el aporte social, tiene su origen en el desarrollo del objeto social de la entidad y no por fuerza mayor, raz\u00f3n por la cual no es deducible.<\/span><\/p>\n<p style=\"text-align: justify;\">En los anteriores t\u00e9rminos se resuelve su consulta.<\/p>\n<p style=\"text-align: justify;\">Atentamente,<\/p>\n<p style=\"text-align: justify;\">El Subdirector de Gesti\u00f3n Normativa y Doctrina,<\/p>\n<p style=\"text-align: justify;\"><em>Pedro Pablo Contreras Camargo.<\/em><\/p>\n<p style=\"text-align: justify;\"><strong>(C. F.).<\/strong><\/p>\n","protected":false},"excerpt":{"rendered":"<p>Por lo expuesto es que el concepto 088314 del 17 de noviembre de 1998 indica que la p\u00e9rdida obtenida en una inversi\u00f3n en acciones cuando se liquida la sociedad en donde se ten\u00eda el aporte social, tiene su origen en el desarrollo del objeto social de la entidad y no por fuerza mayor, raz\u00f3n por la cual no es deducible.<\/p>\n","protected":false},"author":1,"featured_media":7614,"comment_status":"open","ping_status":"open","sticky":false,"template":"","format":"standard","meta":{"_monsterinsights_skip_tracking":false,"ngg_post_thumbnail":0,"footnotes":"","_links_to":"","_links_to_target":""},"categories":[454],"tags":[],"class_list":["post-7613","post","type-post","status-publish","format-standard","has-post-thumbnail","hentry","category-sin-categoria"],"aioseo_notices":[],"aioseo_head":"\n\t\t<!-- All in One SEO 5.0.1.1 - aioseo.com -->\n\t<meta name=\"description\" content=\"Por lo expuesto es que el concepto 088314 del 17 de noviembre de 1998 indica que la p\u00e9rdida obtenida en una inversi\u00f3n en acciones cuando se liquida la sociedad en donde se ten\u00eda el aporte social, tiene su origen en el desarrollo del objeto social de la entidad y no por fuerza mayor, raz\u00f3n por la cual no es deducible.\" \/>\n\t<meta name=\"robots\" content=\"max-image-preview:large\" \/>\n\t<meta name=\"author\" content=\"Miguel Antonio M\u00e1rquez Monta\u00f1ez\"\/>\n\t<link rel=\"canonical\" href=\"https:\/\/contadoreshoy.com\/?p=7613\" \/>\n\t<meta name=\"generator\" content=\"All in One SEO (AIOSEO) 5.0.1.1\" \/>\n\t\t<meta property=\"og:locale\" content=\"es_ES\" \/>\n\t\t<meta property=\"og:site_name\" content=\"Contadores P\u00fablicos - Portal para Contadores P\u00fablicos y empresarios\" \/>\n\t\t<meta property=\"og:type\" content=\"article\" \/>\n\t\t<meta property=\"og:title\" content=\"Oficio 22777 agosto 24 de 2016 DIAN \u2013 Compensaci\u00f3n de p\u00e9rdidas fiscales dentro de la sociedad - Contadores P\u00fablicos\" \/>\n\t\t<meta property=\"og:description\" content=\"Por lo expuesto es que el concepto 088314 del 17 de noviembre de 1998 indica que la p\u00e9rdida obtenida en una inversi\u00f3n en acciones cuando se liquida la sociedad en donde se ten\u00eda el aporte social, tiene su origen en el desarrollo del objeto social de la entidad y no por fuerza mayor, raz\u00f3n por la cual no es deducible.\" \/>\n\t\t<meta property=\"og:url\" content=\"https:\/\/contadoreshoy.com\/?p=7613\" \/>\n\t\t<meta property=\"og:image\" content=\"https:\/\/contadoreshoy.com\/wp-content\/uploads\/2024\/01\/cropped-cropped-cropped-Copia-de-M.jpg\" \/>\n\t\t<meta property=\"og:image:secure_url\" content=\"https:\/\/contadoreshoy.com\/wp-content\/uploads\/2024\/01\/cropped-cropped-cropped-Copia-de-M.jpg\" \/>\n\t\t<meta property=\"og:image:width\" content=\"512\" \/>\n\t\t<meta property=\"og:image:height\" content=\"371\" \/>\n\t\t<meta property=\"article:published_time\" content=\"2016-11-02T00:25:22+00:00\" \/>\n\t\t<meta property=\"article:modified_time\" content=\"2017-02-05T02:57:59+00:00\" \/>\n\t\t<meta name=\"twitter:card\" content=\"summary_large_image\" \/>\n\t\t<meta name=\"twitter:title\" content=\"Oficio 22777 agosto 24 de 2016 DIAN \u2013 Compensaci\u00f3n de p\u00e9rdidas fiscales dentro de la sociedad - Contadores P\u00fablicos\" \/>\n\t\t<meta name=\"twitter:description\" content=\"Por lo expuesto es que el concepto 088314 del 17 de noviembre de 1998 indica que la p\u00e9rdida obtenida en una inversi\u00f3n en acciones cuando se liquida la sociedad en donde se ten\u00eda el aporte social, tiene su origen en el desarrollo del objeto social de la entidad y no por fuerza mayor, raz\u00f3n por la cual no es deducible.\" \/>\n\t\t<meta name=\"twitter:image\" content=\"https:\/\/contadoreshoy.com\/wp-content\/uploads\/2024\/01\/cropped-cropped-cropped-Copia-de-M.jpg\" \/>\n\t\t<script type=\"application\/ld+json\" class=\"aioseo-schema\">\n\t\t\t{\"@context\":\"https:\\\/\\\/schema.org\",\"@graph\":[{\"@type\":\"BlogPosting\",\"@id\":\"https:\\\/\\\/contadoreshoy.com\\\/?p=7613#blogposting\",\"name\":\"Oficio 22777 agosto 24 de 2016 DIAN \\u2013 Compensaci\\u00f3n de p\\u00e9rdidas fiscales dentro de la sociedad - Contadores P\\u00fablicos\",\"headline\":\"Oficio 22777 agosto 24 de 2016 DIAN &#8211; Compensaci\\u00f3n de p\\u00e9rdidas fiscales dentro de la sociedad\",\"author\":{\"@id\":\"https:\\\/\\\/contadoreshoy.com\\\/?author=1#author\"},\"publisher\":{\"@id\":\"https:\\\/\\\/contadoreshoy.com\\\/#organization\"},\"image\":{\"@type\":\"ImageObject\",\"url\":\"https:\\\/\\\/contadoreshoy.com\\\/wp-content\\\/uploads\\\/2016\\\/11\\\/perdidas.jpg\",\"width\":600,\"height\":400},\"datePublished\":\"2016-11-01T19:25:22-05:00\",\"dateModified\":\"2017-02-04T21:57:59-05:00\",\"inLanguage\":\"es-ES\",\"mainEntityOfPage\":{\"@id\":\"https:\\\/\\\/contadoreshoy.com\\\/?p=7613#webpage\"},\"isPartOf\":{\"@id\":\"https:\\\/\\\/contadoreshoy.com\\\/?p=7613#webpage\"},\"articleSection\":\"Sin categor\\u00eda\"},{\"@type\":\"BreadcrumbList\",\"@id\":\"https:\\\/\\\/contadoreshoy.com\\\/?p=7613#breadcrumblist\",\"itemListElement\":[{\"@type\":\"ListItem\",\"@id\":\"https:\\\/\\\/contadoreshoy.com#listItem\",\"position\":1,\"name\":\"Home\",\"item\":\"https:\\\/\\\/contadoreshoy.com\",\"nextItem\":{\"@type\":\"ListItem\",\"@id\":\"https:\\\/\\\/contadoreshoy.com\\\/?cat=454#listItem\",\"name\":\"Sin categor\\u00eda\"}},{\"@type\":\"ListItem\",\"@id\":\"https:\\\/\\\/contadoreshoy.com\\\/?cat=454#listItem\",\"position\":2,\"name\":\"Sin categor\\u00eda\",\"item\":\"https:\\\/\\\/contadoreshoy.com\\\/?cat=454\",\"nextItem\":{\"@type\":\"ListItem\",\"@id\":\"https:\\\/\\\/contadoreshoy.com\\\/?p=7613#listItem\",\"name\":\"Oficio 22777 agosto 24 de 2016 DIAN &#8211; Compensaci\\u00f3n de p\\u00e9rdidas fiscales dentro de la sociedad\"},\"previousItem\":{\"@type\":\"ListItem\",\"@id\":\"https:\\\/\\\/contadoreshoy.com#listItem\",\"name\":\"Home\"}},{\"@type\":\"ListItem\",\"@id\":\"https:\\\/\\\/contadoreshoy.com\\\/?p=7613#listItem\",\"position\":3,\"name\":\"Oficio 22777 agosto 24 de 2016 DIAN &#8211; Compensaci\\u00f3n de p\\u00e9rdidas fiscales dentro de la sociedad\",\"previousItem\":{\"@type\":\"ListItem\",\"@id\":\"https:\\\/\\\/contadoreshoy.com\\\/?cat=454#listItem\",\"name\":\"Sin categor\\u00eda\"}}]},{\"@type\":\"Organization\",\"@id\":\"https:\\\/\\\/contadoreshoy.com\\\/#organization\",\"name\":\"Contadores P\\u00fablicos\",\"description\":\"Portal para Contadores P\\u00fablicos y empresarios\",\"url\":\"https:\\\/\\\/contadoreshoy.com\\\/\",\"logo\":{\"@type\":\"ImageObject\",\"url\":\"https:\\\/\\\/contadoreshoy.com\\\/wp-content\\\/uploads\\\/2024\\\/01\\\/cropped-cropped-Copia-de-M-1.jpg\",\"@id\":\"https:\\\/\\\/contadoreshoy.com\\\/?p=7613\\\/#organizationLogo\",\"width\":499,\"height\":500},\"image\":{\"@id\":\"https:\\\/\\\/contadoreshoy.com\\\/?p=7613\\\/#organizationLogo\"}},{\"@type\":\"Person\",\"@id\":\"https:\\\/\\\/contadoreshoy.com\\\/?author=1#author\",\"url\":\"https:\\\/\\\/contadoreshoy.com\\\/?author=1\",\"name\":\"Miguel Antonio M\\u00e1rquez Monta\\u00f1ez\"},{\"@type\":\"WebPage\",\"@id\":\"https:\\\/\\\/contadoreshoy.com\\\/?p=7613#webpage\",\"url\":\"https:\\\/\\\/contadoreshoy.com\\\/?p=7613\",\"name\":\"Oficio 22777 agosto 24 de 2016 DIAN \\u2013 Compensaci\\u00f3n de p\\u00e9rdidas fiscales dentro de la sociedad - Contadores P\\u00fablicos\",\"description\":\"Por lo expuesto es que el concepto 088314 del 17 de noviembre de 1998 indica que la p\\u00e9rdida obtenida en una inversi\\u00f3n en acciones cuando se liquida la sociedad en donde se ten\\u00eda el aporte social, tiene su origen en el desarrollo del objeto social de la entidad y no por fuerza mayor, raz\\u00f3n por la cual no es deducible.\",\"inLanguage\":\"es-ES\",\"isPartOf\":{\"@id\":\"https:\\\/\\\/contadoreshoy.com\\\/#website\"},\"breadcrumb\":{\"@id\":\"https:\\\/\\\/contadoreshoy.com\\\/?p=7613#breadcrumblist\"},\"author\":{\"@id\":\"https:\\\/\\\/contadoreshoy.com\\\/?author=1#author\"},\"creator\":{\"@id\":\"https:\\\/\\\/contadoreshoy.com\\\/?author=1#author\"},\"image\":{\"@type\":\"ImageObject\",\"url\":\"https:\\\/\\\/contadoreshoy.com\\\/wp-content\\\/uploads\\\/2016\\\/11\\\/perdidas.jpg\",\"@id\":\"https:\\\/\\\/contadoreshoy.com\\\/?p=7613\\\/#mainImage\",\"width\":600,\"height\":400},\"primaryImageOfPage\":{\"@id\":\"https:\\\/\\\/contadoreshoy.com\\\/?p=7613#mainImage\"},\"datePublished\":\"2016-11-01T19:25:22-05:00\",\"dateModified\":\"2017-02-04T21:57:59-05:00\"},{\"@type\":\"WebSite\",\"@id\":\"https:\\\/\\\/contadoreshoy.com\\\/#website\",\"url\":\"https:\\\/\\\/contadoreshoy.com\\\/\",\"name\":\"Contadores P\\u00fablicos\",\"description\":\"Portal para Contadores P\\u00fablicos y empresarios\",\"inLanguage\":\"es-ES\",\"publisher\":{\"@id\":\"https:\\\/\\\/contadoreshoy.com\\\/#organization\"}}]}\n\t\t<\/script>\n\t\t<!-- All in One SEO -->\n\n","aioseo_head_json":{"title":"Oficio 22777 agosto 24 de 2016 DIAN \u2013 Compensaci\u00f3n de p\u00e9rdidas fiscales dentro de la sociedad - Contadores P\u00fablicos","description":"Por lo expuesto es que el concepto 088314 del 17 de noviembre de 1998 indica que la p\u00e9rdida obtenida en una inversi\u00f3n en acciones cuando se liquida la sociedad en donde se ten\u00eda el aporte social, tiene su origen en el desarrollo del objeto social de la entidad y no por fuerza mayor, raz\u00f3n por la cual no es deducible.","canonical_url":"https:\/\/contadoreshoy.com\/?p=7613","robots":"max-image-preview:large","keywords":"","webmasterTools":{"miscellaneous":""},"schema":{"@context":"https:\/\/schema.org","@graph":[{"@type":"BlogPosting","@id":"https:\/\/contadoreshoy.com\/?p=7613#blogposting","name":"Oficio 22777 agosto 24 de 2016 DIAN \u2013 Compensaci\u00f3n de p\u00e9rdidas fiscales dentro de la sociedad - Contadores P\u00fablicos","headline":"Oficio 22777 agosto 24 de 2016 DIAN &#8211; Compensaci\u00f3n de p\u00e9rdidas fiscales dentro de la sociedad","author":{"@id":"https:\/\/contadoreshoy.com\/?author=1#author"},"publisher":{"@id":"https:\/\/contadoreshoy.com\/#organization"},"image":{"@type":"ImageObject","url":"https:\/\/contadoreshoy.com\/wp-content\/uploads\/2016\/11\/perdidas.jpg","width":600,"height":400},"datePublished":"2016-11-01T19:25:22-05:00","dateModified":"2017-02-04T21:57:59-05:00","inLanguage":"es-ES","mainEntityOfPage":{"@id":"https:\/\/contadoreshoy.com\/?p=7613#webpage"},"isPartOf":{"@id":"https:\/\/contadoreshoy.com\/?p=7613#webpage"},"articleSection":"Sin categor\u00eda"},{"@type":"BreadcrumbList","@id":"https:\/\/contadoreshoy.com\/?p=7613#breadcrumblist","itemListElement":[{"@type":"ListItem","@id":"https:\/\/contadoreshoy.com#listItem","position":1,"name":"Home","item":"https:\/\/contadoreshoy.com","nextItem":{"@type":"ListItem","@id":"https:\/\/contadoreshoy.com\/?cat=454#listItem","name":"Sin categor\u00eda"}},{"@type":"ListItem","@id":"https:\/\/contadoreshoy.com\/?cat=454#listItem","position":2,"name":"Sin categor\u00eda","item":"https:\/\/contadoreshoy.com\/?cat=454","nextItem":{"@type":"ListItem","@id":"https:\/\/contadoreshoy.com\/?p=7613#listItem","name":"Oficio 22777 agosto 24 de 2016 DIAN &#8211; Compensaci\u00f3n de p\u00e9rdidas fiscales dentro de la sociedad"},"previousItem":{"@type":"ListItem","@id":"https:\/\/contadoreshoy.com#listItem","name":"Home"}},{"@type":"ListItem","@id":"https:\/\/contadoreshoy.com\/?p=7613#listItem","position":3,"name":"Oficio 22777 agosto 24 de 2016 DIAN &#8211; Compensaci\u00f3n de p\u00e9rdidas fiscales dentro de la sociedad","previousItem":{"@type":"ListItem","@id":"https:\/\/contadoreshoy.com\/?cat=454#listItem","name":"Sin categor\u00eda"}}]},{"@type":"Organization","@id":"https:\/\/contadoreshoy.com\/#organization","name":"Contadores P\u00fablicos","description":"Portal para Contadores P\u00fablicos y empresarios","url":"https:\/\/contadoreshoy.com\/","logo":{"@type":"ImageObject","url":"https:\/\/contadoreshoy.com\/wp-content\/uploads\/2024\/01\/cropped-cropped-Copia-de-M-1.jpg","@id":"https:\/\/contadoreshoy.com\/?p=7613\/#organizationLogo","width":499,"height":500},"image":{"@id":"https:\/\/contadoreshoy.com\/?p=7613\/#organizationLogo"}},{"@type":"Person","@id":"https:\/\/contadoreshoy.com\/?author=1#author","url":"https:\/\/contadoreshoy.com\/?author=1","name":"Miguel Antonio M\u00e1rquez Monta\u00f1ez"},{"@type":"WebPage","@id":"https:\/\/contadoreshoy.com\/?p=7613#webpage","url":"https:\/\/contadoreshoy.com\/?p=7613","name":"Oficio 22777 agosto 24 de 2016 DIAN \u2013 Compensaci\u00f3n de p\u00e9rdidas fiscales dentro de la sociedad - Contadores P\u00fablicos","description":"Por lo expuesto es que el concepto 088314 del 17 de noviembre de 1998 indica que la p\u00e9rdida obtenida en una inversi\u00f3n en acciones cuando se liquida la sociedad en donde se ten\u00eda el aporte social, tiene su origen en el desarrollo del objeto social de la entidad y no por fuerza mayor, raz\u00f3n por la cual no es deducible.","inLanguage":"es-ES","isPartOf":{"@id":"https:\/\/contadoreshoy.com\/#website"},"breadcrumb":{"@id":"https:\/\/contadoreshoy.com\/?p=7613#breadcrumblist"},"author":{"@id":"https:\/\/contadoreshoy.com\/?author=1#author"},"creator":{"@id":"https:\/\/contadoreshoy.com\/?author=1#author"},"image":{"@type":"ImageObject","url":"https:\/\/contadoreshoy.com\/wp-content\/uploads\/2016\/11\/perdidas.jpg","@id":"https:\/\/contadoreshoy.com\/?p=7613\/#mainImage","width":600,"height":400},"primaryImageOfPage":{"@id":"https:\/\/contadoreshoy.com\/?p=7613#mainImage"},"datePublished":"2016-11-01T19:25:22-05:00","dateModified":"2017-02-04T21:57:59-05:00"},{"@type":"WebSite","@id":"https:\/\/contadoreshoy.com\/#website","url":"https:\/\/contadoreshoy.com\/","name":"Contadores P\u00fablicos","description":"Portal para Contadores P\u00fablicos y empresarios","inLanguage":"es-ES","publisher":{"@id":"https:\/\/contadoreshoy.com\/#organization"}}]},"og:locale":"es_ES","og:site_name":"Contadores P\u00fablicos - Portal para Contadores P\u00fablicos y empresarios","og:type":"article","og:title":"Oficio 22777 agosto 24 de 2016 DIAN \u2013 Compensaci\u00f3n de p\u00e9rdidas fiscales dentro de la sociedad - Contadores P\u00fablicos","og:description":"Por lo expuesto es que el concepto 088314 del 17 de noviembre de 1998 indica que la p\u00e9rdida obtenida en una inversi\u00f3n en acciones cuando se liquida la sociedad en donde se ten\u00eda el aporte social, tiene su origen en el desarrollo del objeto social de la entidad y no por fuerza mayor, raz\u00f3n por la cual no es deducible.","og:url":"https:\/\/contadoreshoy.com\/?p=7613","og:image":"https:\/\/contadoreshoy.com\/wp-content\/uploads\/2024\/01\/cropped-cropped-cropped-Copia-de-M.jpg","og:image:secure_url":"https:\/\/contadoreshoy.com\/wp-content\/uploads\/2024\/01\/cropped-cropped-cropped-Copia-de-M.jpg","og:image:width":512,"og:image:height":371,"article:published_time":"2016-11-02T00:25:22+00:00","article:modified_time":"2017-02-05T02:57:59+00:00","twitter:card":"summary_large_image","twitter:title":"Oficio 22777 agosto 24 de 2016 DIAN \u2013 Compensaci\u00f3n de p\u00e9rdidas fiscales dentro de la sociedad - Contadores P\u00fablicos","twitter:description":"Por lo expuesto es que el concepto 088314 del 17 de noviembre de 1998 indica que la p\u00e9rdida obtenida en una inversi\u00f3n en acciones cuando se liquida la sociedad en donde se ten\u00eda el aporte social, tiene su origen en el desarrollo del objeto social de la entidad y no por fuerza mayor, raz\u00f3n por la cual no es deducible.","twitter:image":"https:\/\/contadoreshoy.com\/wp-content\/uploads\/2024\/01\/cropped-cropped-cropped-Copia-de-M.jpg"},"aioseo_meta_data":{"post_id":"7613","title":null,"description":null,"keywords":null,"keyphrases":null,"primary_term":null,"canonical_url":null,"og_title":null,"og_description":null,"og_object_type":"default","og_image_type":"default","og_image_url":null,"og_image_width":null,"og_image_height":null,"og_image_custom_url":null,"og_image_custom_fields":null,"og_video":null,"og_custom_url":null,"og_article_section":null,"og_article_tags":null,"twitter_use_og":false,"twitter_card":"default","twitter_image_type":"default","twitter_image_url":null,"twitter_image_custom_url":null,"twitter_image_custom_fields":null,"twitter_title":null,"twitter_description":null,"schema":{"blockGraphs":[],"customGraphs":[],"default":{"data":{"Article":[],"Course":[],"Dataset":[],"FAQPage":[],"Movie":[],"Person":[],"Product":[],"ProductReview":[],"Car":[],"Recipe":[],"Service":[],"SoftwareApplication":[],"WebPage":[]},"graphName":"","isEnabled":true},"graphs":[]},"schema_type":"default","schema_type_options":null,"pillar_content":false,"robots_default":true,"robots_noindex":false,"robots_noarchive":false,"robots_nosnippet":false,"robots_nofollow":false,"robots_noimageindex":false,"robots_noodp":false,"robots_notranslate":false,"robots_max_snippet":null,"robots_max_videopreview":null,"robots_max_imagepreview":"large","priority":null,"frequency":null,"local_seo":null,"breadcrumb_settings":null,"limit_modified_date":false,"ai":null,"created":"2024-03-05 01:40:35","updated":"2026-03-03 04:56:42","seo_analyzer_scan_date":null,"focus_keyword":null,"additional_keywords":null,"truseo_locale":null},"aioseo_breadcrumb":"<div class=\"aioseo-breadcrumbs\"><span class=\"aioseo-breadcrumb\">\n\t\t\t<a href=\"https:\/\/contadoreshoy.com\" title=\"Home\">Home<\/a>\n\t\t<\/span><span class=\"aioseo-breadcrumb-separator\">&raquo;<\/span><span class=\"aioseo-breadcrumb\">\n\t\t\t<a href=\"https:\/\/contadoreshoy.com\/?cat=454\" title=\"Sin categor\u00eda\">Sin categor\u00eda<\/a>\n\t\t<\/span><span class=\"aioseo-breadcrumb-separator\">&raquo;<\/span><span class=\"aioseo-breadcrumb\">\n\t\t\tOficio 22777 agosto 24 de 2016 DIAN \u2013 Compensaci\u00f3n de p\u00e9rdidas fiscales dentro de la sociedad\n\t\t<\/span><\/div>","aioseo_breadcrumb_json":[{"label":"Home","link":"https:\/\/contadoreshoy.com"},{"label":"Sin categor\u00eda","link":"https:\/\/contadoreshoy.com\/?cat=454"},{"label":"Oficio 22777 agosto 24 de 2016 DIAN &#8211; Compensaci\u00f3n de p\u00e9rdidas fiscales dentro de la sociedad","link":"https:\/\/contadoreshoy.com\/?p=7613"}],"yoast_head":"<!-- This site is optimized with the Yoast SEO plugin v28.4 - https:\/\/yoast.com\/product\/yoast-seo-wordpress\/ -->\n<title>Oficio 22777 agosto 24 de 2016 DIAN - Compensaci\u00f3n de p\u00e9rdidas fiscales dentro de la sociedad - Contadores P\u00fablicos<\/title>\n<meta name=\"robots\" content=\"index, follow, max-snippet:-1, max-image-preview:large, max-video-preview:-1\" \/>\n<link rel=\"canonical\" href=\"https:\/\/contadoreshoy.com\/?p=7613\" \/>\n<meta property=\"og:locale\" content=\"es_ES\" \/>\n<meta property=\"og:type\" content=\"article\" \/>\n<meta property=\"og:title\" content=\"Oficio 22777 agosto 24 de 2016 DIAN - Compensaci\u00f3n de p\u00e9rdidas fiscales dentro de la sociedad - Contadores P\u00fablicos\" \/>\n<meta property=\"og:description\" content=\"Por lo expuesto es que el concepto 088314 del 17 de noviembre de 1998 indica que la p\u00e9rdida obtenida en una inversi\u00f3n en acciones cuando se liquida la sociedad en donde se ten\u00eda el aporte social, tiene su origen en el desarrollo del objeto social de la entidad y no por fuerza mayor, raz\u00f3n por la cual no es deducible.\" \/>\n<meta property=\"og:url\" content=\"https:\/\/contadoreshoy.com\/?p=7613\" \/>\n<meta property=\"og:site_name\" content=\"Contadores P\u00fablicos\" \/>\n<meta property=\"article:publisher\" content=\"https:\/\/www.facebook.com\/CCCPBucaramanga\/\" \/>\n<meta property=\"article:published_time\" content=\"2016-11-02T00:25:22+00:00\" \/>\n<meta property=\"article:modified_time\" content=\"2017-02-05T02:57:59+00:00\" \/>\n<meta property=\"og:image\" content=\"https:\/\/contadoreshoy.com\/wp-content\/uploads\/2016\/11\/perdidas.jpg\" \/>\n\t<meta property=\"og:image:width\" content=\"600\" \/>\n\t<meta property=\"og:image:height\" content=\"400\" \/>\n\t<meta property=\"og:image:type\" content=\"image\/jpeg\" \/>\n<meta name=\"author\" content=\"Miguel Antonio M\u00e1rquez Monta\u00f1ez\" \/>\n<meta name=\"twitter:card\" content=\"summary_large_image\" \/>\n<meta name=\"twitter:label1\" content=\"Escrito por\" \/>\n\t<meta name=\"twitter:data1\" content=\"Miguel Antonio M\u00e1rquez Monta\u00f1ez\" \/>\n\t<meta name=\"twitter:label2\" content=\"Tiempo de lectura\" \/>\n\t<meta name=\"twitter:data2\" content=\"4 minutos\" \/>\n<script type=\"application\/ld+json\" class=\"yoast-schema-graph\">{\"@context\":\"https:\\\/\\\/schema.org\",\"@graph\":[{\"@type\":\"Article\",\"@id\":\"https:\\\/\\\/contadoreshoy.com\\\/?p=7613#article\",\"isPartOf\":{\"@id\":\"https:\\\/\\\/contadoreshoy.com\\\/?p=7613\"},\"author\":{\"name\":\"Miguel Antonio M\u00e1rquez Monta\u00f1ez\",\"@id\":\"https:\\\/\\\/contadoreshoy.com\\\/#\\\/schema\\\/person\\\/96d8979cb865537c5dc9345e40089fc5\"},\"headline\":\"Oficio 22777 agosto 24 de 2016 DIAN &#8211; Compensaci\u00f3n de p\u00e9rdidas fiscales dentro de la sociedad\",\"datePublished\":\"2016-11-02T00:25:22+00:00\",\"dateModified\":\"2017-02-05T02:57:59+00:00\",\"mainEntityOfPage\":{\"@id\":\"https:\\\/\\\/contadoreshoy.com\\\/?p=7613\"},\"wordCount\":726,\"commentCount\":0,\"publisher\":{\"@id\":\"https:\\\/\\\/contadoreshoy.com\\\/#organization\"},\"image\":{\"@id\":\"https:\\\/\\\/contadoreshoy.com\\\/?p=7613#primaryimage\"},\"thumbnailUrl\":\"https:\\\/\\\/contadoreshoy.com\\\/wp-content\\\/uploads\\\/2016\\\/11\\\/perdidas.jpg\",\"inLanguage\":\"es\",\"potentialAction\":[{\"@type\":\"CommentAction\",\"name\":\"Comment\",\"target\":[\"https:\\\/\\\/contadoreshoy.com\\\/?p=7613#respond\"]}]},{\"@type\":\"WebPage\",\"@id\":\"https:\\\/\\\/contadoreshoy.com\\\/?p=7613\",\"url\":\"https:\\\/\\\/contadoreshoy.com\\\/?p=7613\",\"name\":\"Oficio 22777 agosto 24 de 2016 DIAN - Compensaci\u00f3n de p\u00e9rdidas fiscales dentro de la sociedad - Contadores P\u00fablicos\",\"isPartOf\":{\"@id\":\"https:\\\/\\\/contadoreshoy.com\\\/#website\"},\"primaryImageOfPage\":{\"@id\":\"https:\\\/\\\/contadoreshoy.com\\\/?p=7613#primaryimage\"},\"image\":{\"@id\":\"https:\\\/\\\/contadoreshoy.com\\\/?p=7613#primaryimage\"},\"thumbnailUrl\":\"https:\\\/\\\/contadoreshoy.com\\\/wp-content\\\/uploads\\\/2016\\\/11\\\/perdidas.jpg\",\"datePublished\":\"2016-11-02T00:25:22+00:00\",\"dateModified\":\"2017-02-05T02:57:59+00:00\",\"breadcrumb\":{\"@id\":\"https:\\\/\\\/contadoreshoy.com\\\/?p=7613#breadcrumb\"},\"inLanguage\":\"es\",\"potentialAction\":[{\"@type\":\"ReadAction\",\"target\":[\"https:\\\/\\\/contadoreshoy.com\\\/?p=7613\"]}]},{\"@type\":\"ImageObject\",\"inLanguage\":\"es\",\"@id\":\"https:\\\/\\\/contadoreshoy.com\\\/?p=7613#primaryimage\",\"url\":\"https:\\\/\\\/contadoreshoy.com\\\/wp-content\\\/uploads\\\/2016\\\/11\\\/perdidas.jpg\",\"contentUrl\":\"https:\\\/\\\/contadoreshoy.com\\\/wp-content\\\/uploads\\\/2016\\\/11\\\/perdidas.jpg\",\"width\":600,\"height\":400},{\"@type\":\"BreadcrumbList\",\"@id\":\"https:\\\/\\\/contadoreshoy.com\\\/?p=7613#breadcrumb\",\"itemListElement\":[{\"@type\":\"ListItem\",\"position\":1,\"name\":\"Portada\",\"item\":\"https:\\\/\\\/contadoreshoy.com\\\/\"},{\"@type\":\"ListItem\",\"position\":2,\"name\":\"Oficio 22777 agosto 24 de 2016 DIAN &#8211; Compensaci\u00f3n de p\u00e9rdidas fiscales dentro de la sociedad\"}]},{\"@type\":\"WebSite\",\"@id\":\"https:\\\/\\\/contadoreshoy.com\\\/#website\",\"url\":\"https:\\\/\\\/contadoreshoy.com\\\/\",\"name\":\"Contadorespublicossantander\",\"description\":\"Portal para Contadores P\u00fablicos y empresarios\",\"publisher\":{\"@id\":\"https:\\\/\\\/contadoreshoy.com\\\/#organization\"},\"potentialAction\":[{\"@type\":\"SearchAction\",\"target\":{\"@type\":\"EntryPoint\",\"urlTemplate\":\"https:\\\/\\\/contadoreshoy.com\\\/?s={search_term_string}\"},\"query-input\":{\"@type\":\"PropertyValueSpecification\",\"valueRequired\":true,\"valueName\":\"search_term_string\"}}],\"inLanguage\":\"es\"},{\"@type\":\"Organization\",\"@id\":\"https:\\\/\\\/contadoreshoy.com\\\/#organization\",\"name\":\"Contadores P\u00fablicos de Santander\",\"url\":\"https:\\\/\\\/contadoreshoy.com\\\/\",\"logo\":{\"@type\":\"ImageObject\",\"inLanguage\":\"es\",\"@id\":\"https:\\\/\\\/contadoreshoy.com\\\/#\\\/schema\\\/logo\\\/image\\\/\",\"url\":\"https:\\\/\\\/contadoreshoy.com\\\/wp-content\\\/uploads\\\/2024\\\/01\\\/cropped-cropped-Copia-de-M-1.jpg\",\"contentUrl\":\"https:\\\/\\\/contadoreshoy.com\\\/wp-content\\\/uploads\\\/2024\\\/01\\\/cropped-cropped-Copia-de-M-1.jpg\",\"width\":499,\"height\":500,\"caption\":\"Contadores P\u00fablicos de Santander\"},\"image\":{\"@id\":\"https:\\\/\\\/contadoreshoy.com\\\/#\\\/schema\\\/logo\\\/image\\\/\"},\"sameAs\":[\"https:\\\/\\\/www.facebook.com\\\/CCCPBucaramanga\\\/\"]},{\"@type\":\"Person\",\"@id\":\"https:\\\/\\\/contadoreshoy.com\\\/#\\\/schema\\\/person\\\/96d8979cb865537c5dc9345e40089fc5\",\"name\":\"Miguel Antonio M\u00e1rquez Monta\u00f1ez\",\"description\":\"Contador P\u00fablico egresado de la Universidad Aut\u00f3noma de Bucaramanga - Asesor contable tributario con m\u00e1s de 25 a\u00f1os de experiencia - Conferencista en temas contables y tributarios - T\u00e9cnico en Hardware y Dise\u00f1o Web - Creador y director Grupo de Estudio Colegio Colombiano de Contadores P\u00fablicos de Bucaramanga - Creador y Master Web p\u00e1gina www.contadoresp\u00fablicossantander.com - Expresidente Colegio Colombiano de Contadores P\u00fablicos Bucaramanga\",\"url\":\"https:\\\/\\\/contadoreshoy.com\\\/?author=1\"}]}<\/script>\n<!-- \/ Yoast SEO plugin. -->","yoast_head_json":{"title":"Oficio 22777 agosto 24 de 2016 DIAN - Compensaci\u00f3n de p\u00e9rdidas fiscales dentro de la sociedad - Contadores P\u00fablicos","robots":{"index":"index","follow":"follow","max-snippet":"max-snippet:-1","max-image-preview":"max-image-preview:large","max-video-preview":"max-video-preview:-1"},"canonical":"https:\/\/contadoreshoy.com\/?p=7613","og_locale":"es_ES","og_type":"article","og_title":"Oficio 22777 agosto 24 de 2016 DIAN - Compensaci\u00f3n de p\u00e9rdidas fiscales dentro de la sociedad - Contadores P\u00fablicos","og_description":"Por lo expuesto es que el concepto 088314 del 17 de noviembre de 1998 indica que la p\u00e9rdida obtenida en una inversi\u00f3n en acciones cuando se liquida la sociedad en donde se ten\u00eda el aporte social, tiene su origen en el desarrollo del objeto social de la entidad y no por fuerza mayor, raz\u00f3n por la cual no es deducible.","og_url":"https:\/\/contadoreshoy.com\/?p=7613","og_site_name":"Contadores P\u00fablicos","article_publisher":"https:\/\/www.facebook.com\/CCCPBucaramanga\/","article_published_time":"2016-11-02T00:25:22+00:00","article_modified_time":"2017-02-05T02:57:59+00:00","og_image":[{"width":600,"height":400,"url":"https:\/\/contadoreshoy.com\/wp-content\/uploads\/2016\/11\/perdidas.jpg","type":"image\/jpeg"}],"author":"Miguel Antonio M\u00e1rquez Monta\u00f1ez","twitter_card":"summary_large_image","twitter_misc":{"Escrito por":"Miguel Antonio M\u00e1rquez Monta\u00f1ez","Tiempo de lectura":"4 minutos"},"schema":{"@context":"https:\/\/schema.org","@graph":[{"@type":"Article","@id":"https:\/\/contadoreshoy.com\/?p=7613#article","isPartOf":{"@id":"https:\/\/contadoreshoy.com\/?p=7613"},"author":{"name":"Miguel Antonio M\u00e1rquez Monta\u00f1ez","@id":"https:\/\/contadoreshoy.com\/#\/schema\/person\/96d8979cb865537c5dc9345e40089fc5"},"headline":"Oficio 22777 agosto 24 de 2016 DIAN &#8211; Compensaci\u00f3n de p\u00e9rdidas fiscales dentro de la sociedad","datePublished":"2016-11-02T00:25:22+00:00","dateModified":"2017-02-05T02:57:59+00:00","mainEntityOfPage":{"@id":"https:\/\/contadoreshoy.com\/?p=7613"},"wordCount":726,"commentCount":0,"publisher":{"@id":"https:\/\/contadoreshoy.com\/#organization"},"image":{"@id":"https:\/\/contadoreshoy.com\/?p=7613#primaryimage"},"thumbnailUrl":"https:\/\/contadoreshoy.com\/wp-content\/uploads\/2016\/11\/perdidas.jpg","inLanguage":"es","potentialAction":[{"@type":"CommentAction","name":"Comment","target":["https:\/\/contadoreshoy.com\/?p=7613#respond"]}]},{"@type":"WebPage","@id":"https:\/\/contadoreshoy.com\/?p=7613","url":"https:\/\/contadoreshoy.com\/?p=7613","name":"Oficio 22777 agosto 24 de 2016 DIAN - Compensaci\u00f3n de p\u00e9rdidas fiscales dentro de la sociedad - Contadores P\u00fablicos","isPartOf":{"@id":"https:\/\/contadoreshoy.com\/#website"},"primaryImageOfPage":{"@id":"https:\/\/contadoreshoy.com\/?p=7613#primaryimage"},"image":{"@id":"https:\/\/contadoreshoy.com\/?p=7613#primaryimage"},"thumbnailUrl":"https:\/\/contadoreshoy.com\/wp-content\/uploads\/2016\/11\/perdidas.jpg","datePublished":"2016-11-02T00:25:22+00:00","dateModified":"2017-02-05T02:57:59+00:00","breadcrumb":{"@id":"https:\/\/contadoreshoy.com\/?p=7613#breadcrumb"},"inLanguage":"es","potentialAction":[{"@type":"ReadAction","target":["https:\/\/contadoreshoy.com\/?p=7613"]}]},{"@type":"ImageObject","inLanguage":"es","@id":"https:\/\/contadoreshoy.com\/?p=7613#primaryimage","url":"https:\/\/contadoreshoy.com\/wp-content\/uploads\/2016\/11\/perdidas.jpg","contentUrl":"https:\/\/contadoreshoy.com\/wp-content\/uploads\/2016\/11\/perdidas.jpg","width":600,"height":400},{"@type":"BreadcrumbList","@id":"https:\/\/contadoreshoy.com\/?p=7613#breadcrumb","itemListElement":[{"@type":"ListItem","position":1,"name":"Portada","item":"https:\/\/contadoreshoy.com\/"},{"@type":"ListItem","position":2,"name":"Oficio 22777 agosto 24 de 2016 DIAN &#8211; Compensaci\u00f3n de p\u00e9rdidas fiscales dentro de la sociedad"}]},{"@type":"WebSite","@id":"https:\/\/contadoreshoy.com\/#website","url":"https:\/\/contadoreshoy.com\/","name":"Contadorespublicossantander","description":"Portal para Contadores P\u00fablicos y empresarios","publisher":{"@id":"https:\/\/contadoreshoy.com\/#organization"},"potentialAction":[{"@type":"SearchAction","target":{"@type":"EntryPoint","urlTemplate":"https:\/\/contadoreshoy.com\/?s={search_term_string}"},"query-input":{"@type":"PropertyValueSpecification","valueRequired":true,"valueName":"search_term_string"}}],"inLanguage":"es"},{"@type":"Organization","@id":"https:\/\/contadoreshoy.com\/#organization","name":"Contadores P\u00fablicos de Santander","url":"https:\/\/contadoreshoy.com\/","logo":{"@type":"ImageObject","inLanguage":"es","@id":"https:\/\/contadoreshoy.com\/#\/schema\/logo\/image\/","url":"https:\/\/contadoreshoy.com\/wp-content\/uploads\/2024\/01\/cropped-cropped-Copia-de-M-1.jpg","contentUrl":"https:\/\/contadoreshoy.com\/wp-content\/uploads\/2024\/01\/cropped-cropped-Copia-de-M-1.jpg","width":499,"height":500,"caption":"Contadores P\u00fablicos de Santander"},"image":{"@id":"https:\/\/contadoreshoy.com\/#\/schema\/logo\/image\/"},"sameAs":["https:\/\/www.facebook.com\/CCCPBucaramanga\/"]},{"@type":"Person","@id":"https:\/\/contadoreshoy.com\/#\/schema\/person\/96d8979cb865537c5dc9345e40089fc5","name":"Miguel Antonio M\u00e1rquez Monta\u00f1ez","description":"Contador P\u00fablico egresado de la Universidad Aut\u00f3noma de Bucaramanga - Asesor contable tributario con m\u00e1s de 25 a\u00f1os de experiencia - Conferencista en temas contables y tributarios - T\u00e9cnico en Hardware y Dise\u00f1o Web - Creador y director Grupo de Estudio Colegio Colombiano de Contadores P\u00fablicos de Bucaramanga - Creador y Master Web p\u00e1gina www.contadoresp\u00fablicossantander.com - Expresidente Colegio Colombiano de Contadores P\u00fablicos Bucaramanga","url":"https:\/\/contadoreshoy.com\/?author=1"}]}},"_links":{"self":[{"href":"https:\/\/contadoreshoy.com\/index.php?rest_route=\/wp\/v2\/posts\/7613","targetHints":{"allow":["GET"]}}],"collection":[{"href":"https:\/\/contadoreshoy.com\/index.php?rest_route=\/wp\/v2\/posts"}],"about":[{"href":"https:\/\/contadoreshoy.com\/index.php?rest_route=\/wp\/v2\/types\/post"}],"author":[{"embeddable":true,"href":"https:\/\/contadoreshoy.com\/index.php?rest_route=\/wp\/v2\/users\/1"}],"replies":[{"embeddable":true,"href":"https:\/\/contadoreshoy.com\/index.php?rest_route=%2Fwp%2Fv2%2Fcomments&post=7613"}],"version-history":[{"count":1,"href":"https:\/\/contadoreshoy.com\/index.php?rest_route=\/wp\/v2\/posts\/7613\/revisions"}],"predecessor-version":[{"id":7820,"href":"https:\/\/contadoreshoy.com\/index.php?rest_route=\/wp\/v2\/posts\/7613\/revisions\/7820"}],"wp:featuredmedia":[{"embeddable":true,"href":"https:\/\/contadoreshoy.com\/index.php?rest_route=\/wp\/v2\/media\/7614"}],"wp:attachment":[{"href":"https:\/\/contadoreshoy.com\/index.php?rest_route=%2Fwp%2Fv2%2Fmedia&parent=7613"}],"wp:term":[{"taxonomy":"category","embeddable":true,"href":"https:\/\/contadoreshoy.com\/index.php?rest_route=%2Fwp%2Fv2%2Fcategories&post=7613"},{"taxonomy":"post_tag","embeddable":true,"href":"https:\/\/contadoreshoy.com\/index.php?rest_route=%2Fwp%2Fv2%2Ftags&post=7613"}],"curies":[{"name":"wp","href":"https:\/\/api.w.org\/{rel}","templated":true}]}}