{"id":7616,"date":"2016-11-03T19:25:35","date_gmt":"2016-11-04T00:25:35","guid":{"rendered":"http:\/\/colegiocolombianodecontadores.com\/?p=7616"},"modified":"2017-02-04T21:57:58","modified_gmt":"2017-02-05T02:57:58","slug":"oficio-22859-agosto-24-de-2016-dian-retencion-en-la-fuente-en-sancion-moratoria","status":"publish","type":"post","link":"https:\/\/contadoreshoy.com\/?p=7616","title":{"rendered":"Oficio 22859 agosto 24 de 2016 DIAN &#8211; Retenci\u00f3n en la fuente en sanci\u00f3n moratoria"},"content":{"rendered":"<p>OFICIO 22859 AGOSTO 24 DE 2016 DIAN<\/p>\n<p><strong>Referencia:<\/strong> Radicado 021389 del 06\/07\/2016<\/p>\n<table width=\"452\">\n<tbody>\n<tr>\n<td width=\"93\"><strong>Tema<\/strong><\/td>\n<td width=\"359\">Retenci\u00f3n en la fuente<\/td>\n<\/tr>\n<tr>\n<td width=\"93\"><strong>Descriptores<\/strong><\/td>\n<td width=\"359\">Excepci\u00f3n de Retenci\u00f3n<\/td>\n<\/tr>\n<tr>\n<td width=\"93\"><strong>Fuentes formales<\/strong><\/td>\n<td width=\"359\">Numeral 4 del art\u00edculo 206 del Estatuto Tributario<\/p>\n<p>Sentencia radicado 11891\/01 del Consejo de Estado<\/td>\n<\/tr>\n<\/tbody>\n<\/table>\n<p style=\"text-align: justify;\">De conformidad con el art\u00edculo 20 del Decreto 4048 de 2008, es funci\u00f3n de esta Direcci\u00f3n absolver las consultas escritas que se formulen sobre la interpretaci\u00f3n y aplicaci\u00f3n de las normas tributarias de car\u00e1cter nacional, aduaneras y cambiarias en lo de competencia de la Entidad, \u00e1mbito dentro del cual ser\u00e1 atendida su petici\u00f3n.<\/p>\n<p style=\"text-align: justify;\">PREGUNTA<\/p>\n<p style=\"text-align: justify;\"><span style=\"color: #0000ff;\">La sanci\u00f3n moratoria prevista en el numeral 3 del art\u00edculo 99 de la Ley 50 de 1990, por el no pago oportuno al trabajador del auxilio de cesant\u00eda, se encuentra sometida a retenci\u00f3n en la fuente, en caso afirmativo a qu\u00e9 tarifa.<\/span><\/p>\n<p style=\"text-align: justify;\">RESPUESTA<\/p>\n<p style=\"text-align: justify;\">Acogiendo un pronunciamiento del Consejo de Estado, mediante el Concepto No. 046276 de junio 8 de 2009 (Publicado en el <strong><em>Diario Oficial<\/em><\/strong> 47.390 de junio 24 de 2009) al efectuar la revisi\u00f3n de la doctrina anterior, este Despacho se\u00f1al\u00f3 respecto de la indemnizaci\u00f3n por el no pago oportuno de las cesant\u00edas:<\/p>\n<p style=\"text-align: justify;\">\u201c(&#8230;)<\/p>\n<p style=\"text-align: justify;\"><em>El concepto citado que se solicita reconsiderar, se\u00f1ala que los intereses moratorios pagados con ocasi\u00f3n del retardo en el cumplimiento de una sentencia judicial, est\u00e1n sometidos a retenci\u00f3n en la fuente a la tarifa establecida para el concepto del pago principal que genera los intereses, lo expuesto con base en sentencia del 15 de junio de 2001 del Honorable Consejo de Estado. M. P. Doctora Mar\u00eda In\u00e9s Barbosa (Expediente 11891), referida a intereses moratorios pagados en cumplimiento de sentencia judicial a ex servidores p\u00fablicos con ocasi\u00f3n del no pago oportuno de la cesant\u00eda y sus intereses, donde se estableci\u00f3 que si la cesant\u00eda y los intereses son rentas exentas, las sanciones monetarias por su no cancelaci\u00f3n no pueden dar lugar a retenci\u00f3n, aspecto al cual se refiere de manera espec\u00edfica la sentencia mencionada y que por ende constituye directriz aplicable en el contexto en que fue expedido dicho pronunciamiento, en virtud de lo cual, <strong>el pago de las cesant\u00edas y sus intereses, as\u00ed como las sanciones monetarias por su no cancelaci\u00f3n oportuna, tienen el car\u00e1cter de rentas laborales exentas en los t\u00e9rminos del numeral 4o del art\u00edculo 206 del Estatuto Tributario<\/strong> (&#8230;)\u201d. Resaltado fuera de texto. <\/em><\/p>\n<p style=\"text-align: justify;\">La Sentencia a que hace referencia el pronunciamiento citado, considera- en uno de sus apartes- :<\/p>\n<p style=\"text-align: justify;\">\u00a0\u201c (&#8230;)<\/p>\n<p style=\"text-align: justify;\"><em>\u00a0Es claro que el servidor p\u00fablico que es retirado de una entidad p\u00fablica tiene derecho a que se le pague oportunamente la cesant\u00eda y sus intereses y en planes de reestructuraci\u00f3n la indemnizaci\u00f3n correspondiente. No puede afirmarse que la mora en estos pagos, sea una renta producida por el capital. Es una sanci\u00f3n a cargo de la entidad deudora, generada por mandato de la ley, en el incumplimiento. <\/em><\/p>\n<p style=\"text-align: justify;\"><em>No puede colocarse en la misma categor\u00eda, como bien lo afirma la demandante, a quien dispone de un capital con la finalidad de obtener despu\u00e9s de un tiempo, una utilidad, y al trabajador que ha quedado sin empleo y que tiene el derecho al pago de su indemnizaci\u00f3n, cesant\u00eda e intereses para solventar sus necesidades b\u00e1sicas. En el primer caso es determinante la voluntad de quien hace la inversi\u00f3n, en el segundo, esa voluntad no cuenta. <\/em><\/p>\n<p style=\"text-align: justify;\"><em>De otra parte el art\u00edculo 206 del Estatuto Tributario, al prescribir en el numeral 4 que son rentas de trabajo exentas, las cesant\u00edas y los intereses, no hace distinci\u00f3n sobre la clase de intereses, raz\u00f3n por la cual debe considerarse que en la exenci\u00f3n est\u00e1n incluidos todos los intereses a las cesant\u00edas, es decir, tambi\u00e9n los moratorios. (&#8230;)\u201d C Edo. Rad 11001-0327-000-2001-0032-01(11891).<\/em><\/p>\n<p style=\"text-align: justify;\"><span style=\"color: #0000ff;\">En consecuencia la sanci\u00f3n moratoria por el no pago oportuno al trabajador del auxilio de cesant\u00eda, se encuentran exentas del impuesto sobre la renta y por ende de la retenci\u00f3n a t\u00edtulo de este impuesto, en los t\u00e9rminos y topes contemplados en el numeral 4 del art\u00edculo 206 del Estatuto Tributario.<\/span><\/p>\n<p style=\"text-align: justify;\">En los anteriores t\u00e9rminos se resuelve su solicitud y cordialmente le informamos que tanto la normatividad en materia tributaria, aduanera y cambiaria, como los conceptos emitidos por la Direcci\u00f3n de Gesti\u00f3n Jur\u00eddica en estas materias, pueden consultarse en la p\u00e1gina electr\u00f3nica de la DIAN: <u>http:\/\/www.dian.gov.co <\/u>siguiendo los iconos: \u201cNormatividad\u201d &#8211; \u201ct\u00e9cnica\u201d y seleccionando los v\u00ednculos \u201cDoctrina\u201d y \u201cDirecci\u00f3n de Gesti\u00f3n Jur\u00eddica\u201d.<\/p>\n<p style=\"text-align: justify;\">Atentamente,<\/p>\n<p style=\"text-align: justify;\">El Subdirector de Gesti\u00f3n Normativa y Doctrina,<\/p>\n<p style=\"text-align: justify;\"><em>Pedro Pablo Contreras Camargo.<\/em><\/p>\n<p style=\"text-align: justify;\">Anexo: Concepto n\u00famero 046276\/09 en (1) un folio.<\/p>\n<p style=\"text-align: justify;\"><strong>(C. F.).<\/strong><\/p>\n","protected":false},"excerpt":{"rendered":"<p> La sanci\u00f3n moratoria por el no pago oportuno al trabajador del auxilio de cesant\u00eda, se encuentran exentas del impuesto sobre la renta y por ende de la retenci\u00f3n a t\u00edtulo de este impuesto, en los t\u00e9rminos y topes contemplados en el numeral 4 del art\u00edculo 206 del Estatuto Tributario.<\/p>\n","protected":false},"author":1,"featured_media":7617,"comment_status":"open","ping_status":"open","sticky":false,"template":"","format":"standard","meta":{"_monsterinsights_skip_tracking":false,"ngg_post_thumbnail":0,"footnotes":"","_links_to":"","_links_to_target":""},"categories":[454],"tags":[],"class_list":["post-7616","post","type-post","status-publish","format-standard","has-post-thumbnail","hentry","category-sin-categoria"],"aioseo_notices":[],"aioseo_head":"\n\t\t<!-- All in One SEO 5.0.1.1 - aioseo.com -->\n\t<meta name=\"description\" content=\"La sanci\u00f3n moratoria por el no pago oportuno al trabajador del auxilio de cesant\u00eda, se encuentran exentas del impuesto sobre la renta y por ende de la retenci\u00f3n a t\u00edtulo de este impuesto, en los t\u00e9rminos y topes contemplados en el numeral 4 del art\u00edculo 206 del Estatuto Tributario.\" \/>\n\t<meta name=\"robots\" content=\"max-image-preview:large\" \/>\n\t<meta name=\"author\" content=\"Miguel Antonio M\u00e1rquez Monta\u00f1ez\"\/>\n\t<link rel=\"canonical\" href=\"https:\/\/contadoreshoy.com\/?p=7616\" \/>\n\t<meta name=\"generator\" content=\"All in One SEO (AIOSEO) 5.0.1.1\" \/>\n\t\t<meta property=\"og:locale\" content=\"es_ES\" \/>\n\t\t<meta property=\"og:site_name\" content=\"Contadores P\u00fablicos - Portal para Contadores P\u00fablicos y empresarios\" \/>\n\t\t<meta property=\"og:type\" content=\"article\" \/>\n\t\t<meta property=\"og:title\" content=\"Oficio 22859 agosto 24 de 2016 DIAN \u2013 Retenci\u00f3n en la fuente en sanci\u00f3n moratoria - Contadores P\u00fablicos\" \/>\n\t\t<meta property=\"og:description\" content=\"La sanci\u00f3n moratoria por el no pago oportuno al trabajador del auxilio de cesant\u00eda, se encuentran exentas del impuesto sobre la renta y por ende de la retenci\u00f3n a t\u00edtulo de este impuesto, en los t\u00e9rminos y topes contemplados en el numeral 4 del art\u00edculo 206 del Estatuto Tributario.\" \/>\n\t\t<meta property=\"og:url\" content=\"https:\/\/contadoreshoy.com\/?p=7616\" \/>\n\t\t<meta property=\"og:image\" content=\"https:\/\/contadoreshoy.com\/wp-content\/uploads\/2024\/01\/cropped-cropped-cropped-Copia-de-M.jpg\" \/>\n\t\t<meta property=\"og:image:secure_url\" content=\"https:\/\/contadoreshoy.com\/wp-content\/uploads\/2024\/01\/cropped-cropped-cropped-Copia-de-M.jpg\" \/>\n\t\t<meta property=\"og:image:width\" content=\"512\" \/>\n\t\t<meta property=\"og:image:height\" content=\"371\" \/>\n\t\t<meta property=\"article:published_time\" content=\"2016-11-04T00:25:35+00:00\" \/>\n\t\t<meta property=\"article:modified_time\" content=\"2017-02-05T02:57:58+00:00\" \/>\n\t\t<meta name=\"twitter:card\" content=\"summary_large_image\" \/>\n\t\t<meta name=\"twitter:title\" content=\"Oficio 22859 agosto 24 de 2016 DIAN \u2013 Retenci\u00f3n en la fuente en sanci\u00f3n moratoria - Contadores P\u00fablicos\" \/>\n\t\t<meta name=\"twitter:description\" content=\"La sanci\u00f3n moratoria por el no pago oportuno al trabajador del auxilio de cesant\u00eda, se encuentran exentas del impuesto sobre la renta y por ende de la retenci\u00f3n a t\u00edtulo de este impuesto, en los t\u00e9rminos y topes contemplados en el numeral 4 del art\u00edculo 206 del Estatuto Tributario.\" \/>\n\t\t<meta name=\"twitter:image\" content=\"https:\/\/contadoreshoy.com\/wp-content\/uploads\/2024\/01\/cropped-cropped-cropped-Copia-de-M.jpg\" \/>\n\t\t<script type=\"application\/ld+json\" class=\"aioseo-schema\">\n\t\t\t{\"@context\":\"https:\\\/\\\/schema.org\",\"@graph\":[{\"@type\":\"BlogPosting\",\"@id\":\"https:\\\/\\\/contadoreshoy.com\\\/?p=7616#blogposting\",\"name\":\"Oficio 22859 agosto 24 de 2016 DIAN \\u2013 Retenci\\u00f3n en la fuente en sanci\\u00f3n moratoria - Contadores P\\u00fablicos\",\"headline\":\"Oficio 22859 agosto 24 de 2016 DIAN &#8211; Retenci\\u00f3n en la fuente en sanci\\u00f3n moratoria\",\"author\":{\"@id\":\"https:\\\/\\\/contadoreshoy.com\\\/?author=1#author\"},\"publisher\":{\"@id\":\"https:\\\/\\\/contadoreshoy.com\\\/#organization\"},\"image\":{\"@type\":\"ImageObject\",\"url\":\"https:\\\/\\\/contadoreshoy.com\\\/wp-content\\\/uploads\\\/2016\\\/11\\\/Retenci\\u00f3n.jpg\",\"width\":600,\"height\":400},\"datePublished\":\"2016-11-03T19:25:35-05:00\",\"dateModified\":\"2017-02-04T21:57:58-05:00\",\"inLanguage\":\"es-ES\",\"mainEntityOfPage\":{\"@id\":\"https:\\\/\\\/contadoreshoy.com\\\/?p=7616#webpage\"},\"isPartOf\":{\"@id\":\"https:\\\/\\\/contadoreshoy.com\\\/?p=7616#webpage\"},\"articleSection\":\"Sin categor\\u00eda\"},{\"@type\":\"BreadcrumbList\",\"@id\":\"https:\\\/\\\/contadoreshoy.com\\\/?p=7616#breadcrumblist\",\"itemListElement\":[{\"@type\":\"ListItem\",\"@id\":\"https:\\\/\\\/contadoreshoy.com#listItem\",\"position\":1,\"name\":\"Home\",\"item\":\"https:\\\/\\\/contadoreshoy.com\",\"nextItem\":{\"@type\":\"ListItem\",\"@id\":\"https:\\\/\\\/contadoreshoy.com\\\/?cat=454#listItem\",\"name\":\"Sin categor\\u00eda\"}},{\"@type\":\"ListItem\",\"@id\":\"https:\\\/\\\/contadoreshoy.com\\\/?cat=454#listItem\",\"position\":2,\"name\":\"Sin categor\\u00eda\",\"item\":\"https:\\\/\\\/contadoreshoy.com\\\/?cat=454\",\"nextItem\":{\"@type\":\"ListItem\",\"@id\":\"https:\\\/\\\/contadoreshoy.com\\\/?p=7616#listItem\",\"name\":\"Oficio 22859 agosto 24 de 2016 DIAN &#8211; Retenci\\u00f3n en la fuente en sanci\\u00f3n moratoria\"},\"previousItem\":{\"@type\":\"ListItem\",\"@id\":\"https:\\\/\\\/contadoreshoy.com#listItem\",\"name\":\"Home\"}},{\"@type\":\"ListItem\",\"@id\":\"https:\\\/\\\/contadoreshoy.com\\\/?p=7616#listItem\",\"position\":3,\"name\":\"Oficio 22859 agosto 24 de 2016 DIAN &#8211; Retenci\\u00f3n en la fuente en sanci\\u00f3n moratoria\",\"previousItem\":{\"@type\":\"ListItem\",\"@id\":\"https:\\\/\\\/contadoreshoy.com\\\/?cat=454#listItem\",\"name\":\"Sin categor\\u00eda\"}}]},{\"@type\":\"Organization\",\"@id\":\"https:\\\/\\\/contadoreshoy.com\\\/#organization\",\"name\":\"Contadores P\\u00fablicos\",\"description\":\"Portal para Contadores P\\u00fablicos y empresarios\",\"url\":\"https:\\\/\\\/contadoreshoy.com\\\/\",\"logo\":{\"@type\":\"ImageObject\",\"url\":\"https:\\\/\\\/contadoreshoy.com\\\/wp-content\\\/uploads\\\/2024\\\/01\\\/cropped-cropped-Copia-de-M-1.jpg\",\"@id\":\"https:\\\/\\\/contadoreshoy.com\\\/?p=7616\\\/#organizationLogo\",\"width\":499,\"height\":500},\"image\":{\"@id\":\"https:\\\/\\\/contadoreshoy.com\\\/?p=7616\\\/#organizationLogo\"}},{\"@type\":\"Person\",\"@id\":\"https:\\\/\\\/contadoreshoy.com\\\/?author=1#author\",\"url\":\"https:\\\/\\\/contadoreshoy.com\\\/?author=1\",\"name\":\"Miguel Antonio M\\u00e1rquez Monta\\u00f1ez\"},{\"@type\":\"WebPage\",\"@id\":\"https:\\\/\\\/contadoreshoy.com\\\/?p=7616#webpage\",\"url\":\"https:\\\/\\\/contadoreshoy.com\\\/?p=7616\",\"name\":\"Oficio 22859 agosto 24 de 2016 DIAN \\u2013 Retenci\\u00f3n en la fuente en sanci\\u00f3n moratoria - Contadores P\\u00fablicos\",\"description\":\"La sanci\\u00f3n moratoria por el no pago oportuno al trabajador del auxilio de cesant\\u00eda, se encuentran exentas del impuesto sobre la renta y por ende de la retenci\\u00f3n a t\\u00edtulo de este impuesto, en los t\\u00e9rminos y topes contemplados en el numeral 4 del art\\u00edculo 206 del Estatuto Tributario.\",\"inLanguage\":\"es-ES\",\"isPartOf\":{\"@id\":\"https:\\\/\\\/contadoreshoy.com\\\/#website\"},\"breadcrumb\":{\"@id\":\"https:\\\/\\\/contadoreshoy.com\\\/?p=7616#breadcrumblist\"},\"author\":{\"@id\":\"https:\\\/\\\/contadoreshoy.com\\\/?author=1#author\"},\"creator\":{\"@id\":\"https:\\\/\\\/contadoreshoy.com\\\/?author=1#author\"},\"image\":{\"@type\":\"ImageObject\",\"url\":\"https:\\\/\\\/contadoreshoy.com\\\/wp-content\\\/uploads\\\/2016\\\/11\\\/Retenci\\u00f3n.jpg\",\"@id\":\"https:\\\/\\\/contadoreshoy.com\\\/?p=7616\\\/#mainImage\",\"width\":600,\"height\":400},\"primaryImageOfPage\":{\"@id\":\"https:\\\/\\\/contadoreshoy.com\\\/?p=7616#mainImage\"},\"datePublished\":\"2016-11-03T19:25:35-05:00\",\"dateModified\":\"2017-02-04T21:57:58-05:00\"},{\"@type\":\"WebSite\",\"@id\":\"https:\\\/\\\/contadoreshoy.com\\\/#website\",\"url\":\"https:\\\/\\\/contadoreshoy.com\\\/\",\"name\":\"Contadores P\\u00fablicos\",\"description\":\"Portal para Contadores P\\u00fablicos y empresarios\",\"inLanguage\":\"es-ES\",\"publisher\":{\"@id\":\"https:\\\/\\\/contadoreshoy.com\\\/#organization\"}}]}\n\t\t<\/script>\n\t\t<!-- All in One SEO -->\n\n","aioseo_head_json":{"title":"Oficio 22859 agosto 24 de 2016 DIAN \u2013 Retenci\u00f3n en la fuente en sanci\u00f3n moratoria - Contadores P\u00fablicos","description":"La sanci\u00f3n moratoria por el no pago oportuno al trabajador del auxilio de cesant\u00eda, se encuentran exentas del impuesto sobre la renta y por ende de la retenci\u00f3n a t\u00edtulo de este impuesto, en los t\u00e9rminos y topes contemplados en el numeral 4 del art\u00edculo 206 del Estatuto Tributario.","canonical_url":"https:\/\/contadoreshoy.com\/?p=7616","robots":"max-image-preview:large","keywords":"","webmasterTools":{"miscellaneous":""},"schema":{"@context":"https:\/\/schema.org","@graph":[{"@type":"BlogPosting","@id":"https:\/\/contadoreshoy.com\/?p=7616#blogposting","name":"Oficio 22859 agosto 24 de 2016 DIAN \u2013 Retenci\u00f3n en la fuente en sanci\u00f3n moratoria - Contadores P\u00fablicos","headline":"Oficio 22859 agosto 24 de 2016 DIAN &#8211; Retenci\u00f3n en la fuente en sanci\u00f3n moratoria","author":{"@id":"https:\/\/contadoreshoy.com\/?author=1#author"},"publisher":{"@id":"https:\/\/contadoreshoy.com\/#organization"},"image":{"@type":"ImageObject","url":"https:\/\/contadoreshoy.com\/wp-content\/uploads\/2016\/11\/Retenci\u00f3n.jpg","width":600,"height":400},"datePublished":"2016-11-03T19:25:35-05:00","dateModified":"2017-02-04T21:57:58-05:00","inLanguage":"es-ES","mainEntityOfPage":{"@id":"https:\/\/contadoreshoy.com\/?p=7616#webpage"},"isPartOf":{"@id":"https:\/\/contadoreshoy.com\/?p=7616#webpage"},"articleSection":"Sin categor\u00eda"},{"@type":"BreadcrumbList","@id":"https:\/\/contadoreshoy.com\/?p=7616#breadcrumblist","itemListElement":[{"@type":"ListItem","@id":"https:\/\/contadoreshoy.com#listItem","position":1,"name":"Home","item":"https:\/\/contadoreshoy.com","nextItem":{"@type":"ListItem","@id":"https:\/\/contadoreshoy.com\/?cat=454#listItem","name":"Sin categor\u00eda"}},{"@type":"ListItem","@id":"https:\/\/contadoreshoy.com\/?cat=454#listItem","position":2,"name":"Sin categor\u00eda","item":"https:\/\/contadoreshoy.com\/?cat=454","nextItem":{"@type":"ListItem","@id":"https:\/\/contadoreshoy.com\/?p=7616#listItem","name":"Oficio 22859 agosto 24 de 2016 DIAN &#8211; Retenci\u00f3n en la fuente en sanci\u00f3n moratoria"},"previousItem":{"@type":"ListItem","@id":"https:\/\/contadoreshoy.com#listItem","name":"Home"}},{"@type":"ListItem","@id":"https:\/\/contadoreshoy.com\/?p=7616#listItem","position":3,"name":"Oficio 22859 agosto 24 de 2016 DIAN &#8211; Retenci\u00f3n en la fuente en sanci\u00f3n moratoria","previousItem":{"@type":"ListItem","@id":"https:\/\/contadoreshoy.com\/?cat=454#listItem","name":"Sin categor\u00eda"}}]},{"@type":"Organization","@id":"https:\/\/contadoreshoy.com\/#organization","name":"Contadores P\u00fablicos","description":"Portal para Contadores P\u00fablicos y empresarios","url":"https:\/\/contadoreshoy.com\/","logo":{"@type":"ImageObject","url":"https:\/\/contadoreshoy.com\/wp-content\/uploads\/2024\/01\/cropped-cropped-Copia-de-M-1.jpg","@id":"https:\/\/contadoreshoy.com\/?p=7616\/#organizationLogo","width":499,"height":500},"image":{"@id":"https:\/\/contadoreshoy.com\/?p=7616\/#organizationLogo"}},{"@type":"Person","@id":"https:\/\/contadoreshoy.com\/?author=1#author","url":"https:\/\/contadoreshoy.com\/?author=1","name":"Miguel Antonio M\u00e1rquez Monta\u00f1ez"},{"@type":"WebPage","@id":"https:\/\/contadoreshoy.com\/?p=7616#webpage","url":"https:\/\/contadoreshoy.com\/?p=7616","name":"Oficio 22859 agosto 24 de 2016 DIAN \u2013 Retenci\u00f3n en la fuente en sanci\u00f3n moratoria - Contadores P\u00fablicos","description":"La sanci\u00f3n moratoria por el no pago oportuno al trabajador del auxilio de cesant\u00eda, se encuentran exentas del impuesto sobre la renta y por ende de la retenci\u00f3n a t\u00edtulo de este impuesto, en los t\u00e9rminos y topes contemplados en el numeral 4 del art\u00edculo 206 del Estatuto Tributario.","inLanguage":"es-ES","isPartOf":{"@id":"https:\/\/contadoreshoy.com\/#website"},"breadcrumb":{"@id":"https:\/\/contadoreshoy.com\/?p=7616#breadcrumblist"},"author":{"@id":"https:\/\/contadoreshoy.com\/?author=1#author"},"creator":{"@id":"https:\/\/contadoreshoy.com\/?author=1#author"},"image":{"@type":"ImageObject","url":"https:\/\/contadoreshoy.com\/wp-content\/uploads\/2016\/11\/Retenci\u00f3n.jpg","@id":"https:\/\/contadoreshoy.com\/?p=7616\/#mainImage","width":600,"height":400},"primaryImageOfPage":{"@id":"https:\/\/contadoreshoy.com\/?p=7616#mainImage"},"datePublished":"2016-11-03T19:25:35-05:00","dateModified":"2017-02-04T21:57:58-05:00"},{"@type":"WebSite","@id":"https:\/\/contadoreshoy.com\/#website","url":"https:\/\/contadoreshoy.com\/","name":"Contadores P\u00fablicos","description":"Portal para Contadores P\u00fablicos y empresarios","inLanguage":"es-ES","publisher":{"@id":"https:\/\/contadoreshoy.com\/#organization"}}]},"og:locale":"es_ES","og:site_name":"Contadores P\u00fablicos - Portal para Contadores P\u00fablicos y empresarios","og:type":"article","og:title":"Oficio 22859 agosto 24 de 2016 DIAN \u2013 Retenci\u00f3n en la fuente en sanci\u00f3n moratoria - Contadores P\u00fablicos","og:description":"La sanci\u00f3n moratoria por el no pago oportuno al trabajador del auxilio de cesant\u00eda, se encuentran exentas del impuesto sobre la renta y por ende de la retenci\u00f3n a t\u00edtulo de este impuesto, en los t\u00e9rminos y topes contemplados en el numeral 4 del art\u00edculo 206 del Estatuto Tributario.","og:url":"https:\/\/contadoreshoy.com\/?p=7616","og:image":"https:\/\/contadoreshoy.com\/wp-content\/uploads\/2024\/01\/cropped-cropped-cropped-Copia-de-M.jpg","og:image:secure_url":"https:\/\/contadoreshoy.com\/wp-content\/uploads\/2024\/01\/cropped-cropped-cropped-Copia-de-M.jpg","og:image:width":512,"og:image:height":371,"article:published_time":"2016-11-04T00:25:35+00:00","article:modified_time":"2017-02-05T02:57:58+00:00","twitter:card":"summary_large_image","twitter:title":"Oficio 22859 agosto 24 de 2016 DIAN \u2013 Retenci\u00f3n en la fuente en sanci\u00f3n moratoria - Contadores P\u00fablicos","twitter:description":"La sanci\u00f3n moratoria por el no pago oportuno al trabajador del auxilio de cesant\u00eda, se encuentran exentas del impuesto sobre la renta y por ende de la retenci\u00f3n a t\u00edtulo de este impuesto, en los t\u00e9rminos y topes contemplados en el numeral 4 del art\u00edculo 206 del Estatuto Tributario.","twitter:image":"https:\/\/contadoreshoy.com\/wp-content\/uploads\/2024\/01\/cropped-cropped-cropped-Copia-de-M.jpg"},"aioseo_meta_data":{"post_id":"7616","title":null,"description":null,"keywords":null,"keyphrases":null,"primary_term":null,"canonical_url":null,"og_title":null,"og_description":null,"og_object_type":"default","og_image_type":"default","og_image_url":null,"og_image_width":null,"og_image_height":null,"og_image_custom_url":null,"og_image_custom_fields":null,"og_video":null,"og_custom_url":null,"og_article_section":null,"og_article_tags":null,"twitter_use_og":false,"twitter_card":"default","twitter_image_type":"default","twitter_image_url":null,"twitter_image_custom_url":null,"twitter_image_custom_fields":null,"twitter_title":null,"twitter_description":null,"schema":{"blockGraphs":[],"customGraphs":[],"default":{"data":{"Article":[],"Course":[],"Dataset":[],"FAQPage":[],"Movie":[],"Person":[],"Product":[],"ProductReview":[],"Car":[],"Recipe":[],"Service":[],"SoftwareApplication":[],"WebPage":[]},"graphName":"","isEnabled":true},"graphs":[]},"schema_type":"default","schema_type_options":null,"pillar_content":false,"robots_default":true,"robots_noindex":false,"robots_noarchive":false,"robots_nosnippet":false,"robots_nofollow":false,"robots_noimageindex":false,"robots_noodp":false,"robots_notranslate":false,"robots_max_snippet":null,"robots_max_videopreview":null,"robots_max_imagepreview":"large","priority":null,"frequency":null,"local_seo":null,"breadcrumb_settings":null,"limit_modified_date":false,"ai":null,"created":"2024-03-05 01:41:34","updated":"2026-03-03 04:56:42","seo_analyzer_scan_date":null,"focus_keyword":null,"additional_keywords":null,"truseo_locale":null},"aioseo_breadcrumb":"<div class=\"aioseo-breadcrumbs\"><span class=\"aioseo-breadcrumb\">\n\t\t\t<a href=\"https:\/\/contadoreshoy.com\" title=\"Home\">Home<\/a>\n\t\t<\/span><span class=\"aioseo-breadcrumb-separator\">&raquo;<\/span><span class=\"aioseo-breadcrumb\">\n\t\t\t<a href=\"https:\/\/contadoreshoy.com\/?cat=454\" title=\"Sin categor\u00eda\">Sin categor\u00eda<\/a>\n\t\t<\/span><span class=\"aioseo-breadcrumb-separator\">&raquo;<\/span><span class=\"aioseo-breadcrumb\">\n\t\t\tOficio 22859 agosto 24 de 2016 DIAN \u2013 Retenci\u00f3n en la fuente en sanci\u00f3n moratoria\n\t\t<\/span><\/div>","aioseo_breadcrumb_json":[{"label":"Home","link":"https:\/\/contadoreshoy.com"},{"label":"Sin categor\u00eda","link":"https:\/\/contadoreshoy.com\/?cat=454"},{"label":"Oficio 22859 agosto 24 de 2016 DIAN &#8211; Retenci\u00f3n en la fuente en sanci\u00f3n moratoria","link":"https:\/\/contadoreshoy.com\/?p=7616"}],"yoast_head":"<!-- This site is optimized with the Yoast SEO plugin v28.4 - https:\/\/yoast.com\/product\/yoast-seo-wordpress\/ -->\n<title>Oficio 22859 agosto 24 de 2016 DIAN - Retenci\u00f3n en la fuente en sanci\u00f3n moratoria - Contadores P\u00fablicos<\/title>\n<meta name=\"robots\" content=\"index, follow, max-snippet:-1, max-image-preview:large, max-video-preview:-1\" \/>\n<link rel=\"canonical\" href=\"https:\/\/contadoreshoy.com\/?p=7616\" \/>\n<meta property=\"og:locale\" content=\"es_ES\" \/>\n<meta property=\"og:type\" content=\"article\" \/>\n<meta property=\"og:title\" content=\"Oficio 22859 agosto 24 de 2016 DIAN - Retenci\u00f3n en la fuente en sanci\u00f3n moratoria - Contadores P\u00fablicos\" \/>\n<meta property=\"og:description\" content=\"La sanci\u00f3n moratoria por el no pago oportuno al trabajador del auxilio de cesant\u00eda, se encuentran exentas del impuesto sobre la renta y por ende de la retenci\u00f3n a t\u00edtulo de este impuesto, en los t\u00e9rminos y topes contemplados en el numeral 4 del art\u00edculo 206 del Estatuto Tributario.\" \/>\n<meta property=\"og:url\" content=\"https:\/\/contadoreshoy.com\/?p=7616\" \/>\n<meta property=\"og:site_name\" content=\"Contadores P\u00fablicos\" \/>\n<meta property=\"article:publisher\" content=\"https:\/\/www.facebook.com\/CCCPBucaramanga\/\" \/>\n<meta property=\"article:published_time\" content=\"2016-11-04T00:25:35+00:00\" \/>\n<meta property=\"article:modified_time\" content=\"2017-02-05T02:57:58+00:00\" \/>\n<meta property=\"og:image\" content=\"https:\/\/contadoreshoy.com\/wp-content\/uploads\/2016\/11\/Retenci\u00f3n.jpg\" \/>\n\t<meta property=\"og:image:width\" content=\"600\" \/>\n\t<meta property=\"og:image:height\" content=\"400\" \/>\n\t<meta property=\"og:image:type\" content=\"image\/jpeg\" \/>\n<meta name=\"author\" content=\"Miguel Antonio M\u00e1rquez Monta\u00f1ez\" \/>\n<meta name=\"twitter:card\" content=\"summary_large_image\" \/>\n<meta name=\"twitter:label1\" content=\"Escrito por\" \/>\n\t<meta name=\"twitter:data1\" content=\"Miguel Antonio M\u00e1rquez Monta\u00f1ez\" \/>\n\t<meta name=\"twitter:label2\" content=\"Tiempo de lectura\" \/>\n\t<meta name=\"twitter:data2\" content=\"4 minutos\" \/>\n<script type=\"application\/ld+json\" class=\"yoast-schema-graph\">{\"@context\":\"https:\\\/\\\/schema.org\",\"@graph\":[{\"@type\":\"Article\",\"@id\":\"https:\\\/\\\/contadoreshoy.com\\\/?p=7616#article\",\"isPartOf\":{\"@id\":\"https:\\\/\\\/contadoreshoy.com\\\/?p=7616\"},\"author\":{\"name\":\"Miguel Antonio M\u00e1rquez Monta\u00f1ez\",\"@id\":\"https:\\\/\\\/contadoreshoy.com\\\/#\\\/schema\\\/person\\\/96d8979cb865537c5dc9345e40089fc5\"},\"headline\":\"Oficio 22859 agosto 24 de 2016 DIAN &#8211; Retenci\u00f3n en la fuente en sanci\u00f3n moratoria\",\"datePublished\":\"2016-11-04T00:25:35+00:00\",\"dateModified\":\"2017-02-05T02:57:58+00:00\",\"mainEntityOfPage\":{\"@id\":\"https:\\\/\\\/contadoreshoy.com\\\/?p=7616\"},\"wordCount\":802,\"commentCount\":0,\"publisher\":{\"@id\":\"https:\\\/\\\/contadoreshoy.com\\\/#organization\"},\"image\":{\"@id\":\"https:\\\/\\\/contadoreshoy.com\\\/?p=7616#primaryimage\"},\"thumbnailUrl\":\"https:\\\/\\\/contadoreshoy.com\\\/wp-content\\\/uploads\\\/2016\\\/11\\\/Retenci\u00f3n.jpg\",\"inLanguage\":\"es\",\"potentialAction\":[{\"@type\":\"CommentAction\",\"name\":\"Comment\",\"target\":[\"https:\\\/\\\/contadoreshoy.com\\\/?p=7616#respond\"]}]},{\"@type\":\"WebPage\",\"@id\":\"https:\\\/\\\/contadoreshoy.com\\\/?p=7616\",\"url\":\"https:\\\/\\\/contadoreshoy.com\\\/?p=7616\",\"name\":\"Oficio 22859 agosto 24 de 2016 DIAN - Retenci\u00f3n en la fuente en sanci\u00f3n moratoria - Contadores P\u00fablicos\",\"isPartOf\":{\"@id\":\"https:\\\/\\\/contadoreshoy.com\\\/#website\"},\"primaryImageOfPage\":{\"@id\":\"https:\\\/\\\/contadoreshoy.com\\\/?p=7616#primaryimage\"},\"image\":{\"@id\":\"https:\\\/\\\/contadoreshoy.com\\\/?p=7616#primaryimage\"},\"thumbnailUrl\":\"https:\\\/\\\/contadoreshoy.com\\\/wp-content\\\/uploads\\\/2016\\\/11\\\/Retenci\u00f3n.jpg\",\"datePublished\":\"2016-11-04T00:25:35+00:00\",\"dateModified\":\"2017-02-05T02:57:58+00:00\",\"breadcrumb\":{\"@id\":\"https:\\\/\\\/contadoreshoy.com\\\/?p=7616#breadcrumb\"},\"inLanguage\":\"es\",\"potentialAction\":[{\"@type\":\"ReadAction\",\"target\":[\"https:\\\/\\\/contadoreshoy.com\\\/?p=7616\"]}]},{\"@type\":\"ImageObject\",\"inLanguage\":\"es\",\"@id\":\"https:\\\/\\\/contadoreshoy.com\\\/?p=7616#primaryimage\",\"url\":\"https:\\\/\\\/contadoreshoy.com\\\/wp-content\\\/uploads\\\/2016\\\/11\\\/Retenci\u00f3n.jpg\",\"contentUrl\":\"https:\\\/\\\/contadoreshoy.com\\\/wp-content\\\/uploads\\\/2016\\\/11\\\/Retenci\u00f3n.jpg\",\"width\":600,\"height\":400},{\"@type\":\"BreadcrumbList\",\"@id\":\"https:\\\/\\\/contadoreshoy.com\\\/?p=7616#breadcrumb\",\"itemListElement\":[{\"@type\":\"ListItem\",\"position\":1,\"name\":\"Portada\",\"item\":\"https:\\\/\\\/contadoreshoy.com\\\/\"},{\"@type\":\"ListItem\",\"position\":2,\"name\":\"Oficio 22859 agosto 24 de 2016 DIAN &#8211; Retenci\u00f3n en la fuente en sanci\u00f3n moratoria\"}]},{\"@type\":\"WebSite\",\"@id\":\"https:\\\/\\\/contadoreshoy.com\\\/#website\",\"url\":\"https:\\\/\\\/contadoreshoy.com\\\/\",\"name\":\"Contadorespublicossantander\",\"description\":\"Portal para Contadores P\u00fablicos y empresarios\",\"publisher\":{\"@id\":\"https:\\\/\\\/contadoreshoy.com\\\/#organization\"},\"potentialAction\":[{\"@type\":\"SearchAction\",\"target\":{\"@type\":\"EntryPoint\",\"urlTemplate\":\"https:\\\/\\\/contadoreshoy.com\\\/?s={search_term_string}\"},\"query-input\":{\"@type\":\"PropertyValueSpecification\",\"valueRequired\":true,\"valueName\":\"search_term_string\"}}],\"inLanguage\":\"es\"},{\"@type\":\"Organization\",\"@id\":\"https:\\\/\\\/contadoreshoy.com\\\/#organization\",\"name\":\"Contadores P\u00fablicos de Santander\",\"url\":\"https:\\\/\\\/contadoreshoy.com\\\/\",\"logo\":{\"@type\":\"ImageObject\",\"inLanguage\":\"es\",\"@id\":\"https:\\\/\\\/contadoreshoy.com\\\/#\\\/schema\\\/logo\\\/image\\\/\",\"url\":\"https:\\\/\\\/contadoreshoy.com\\\/wp-content\\\/uploads\\\/2024\\\/01\\\/cropped-cropped-Copia-de-M-1.jpg\",\"contentUrl\":\"https:\\\/\\\/contadoreshoy.com\\\/wp-content\\\/uploads\\\/2024\\\/01\\\/cropped-cropped-Copia-de-M-1.jpg\",\"width\":499,\"height\":500,\"caption\":\"Contadores P\u00fablicos de Santander\"},\"image\":{\"@id\":\"https:\\\/\\\/contadoreshoy.com\\\/#\\\/schema\\\/logo\\\/image\\\/\"},\"sameAs\":[\"https:\\\/\\\/www.facebook.com\\\/CCCPBucaramanga\\\/\"]},{\"@type\":\"Person\",\"@id\":\"https:\\\/\\\/contadoreshoy.com\\\/#\\\/schema\\\/person\\\/96d8979cb865537c5dc9345e40089fc5\",\"name\":\"Miguel Antonio M\u00e1rquez Monta\u00f1ez\",\"description\":\"Contador P\u00fablico egresado de la Universidad Aut\u00f3noma de Bucaramanga - Asesor contable tributario con m\u00e1s de 25 a\u00f1os de experiencia - Conferencista en temas contables y tributarios - T\u00e9cnico en Hardware y Dise\u00f1o Web - Creador y director Grupo de Estudio Colegio Colombiano de Contadores P\u00fablicos de Bucaramanga - Creador y Master Web p\u00e1gina www.contadoresp\u00fablicossantander.com - Expresidente Colegio Colombiano de Contadores P\u00fablicos Bucaramanga\",\"url\":\"https:\\\/\\\/contadoreshoy.com\\\/?author=1\"}]}<\/script>\n<!-- \/ Yoast SEO plugin. -->","yoast_head_json":{"title":"Oficio 22859 agosto 24 de 2016 DIAN - Retenci\u00f3n en la fuente en sanci\u00f3n moratoria - Contadores P\u00fablicos","robots":{"index":"index","follow":"follow","max-snippet":"max-snippet:-1","max-image-preview":"max-image-preview:large","max-video-preview":"max-video-preview:-1"},"canonical":"https:\/\/contadoreshoy.com\/?p=7616","og_locale":"es_ES","og_type":"article","og_title":"Oficio 22859 agosto 24 de 2016 DIAN - Retenci\u00f3n en la fuente en sanci\u00f3n moratoria - Contadores P\u00fablicos","og_description":"La sanci\u00f3n moratoria por el no pago oportuno al trabajador del auxilio de cesant\u00eda, se encuentran exentas del impuesto sobre la renta y por ende de la retenci\u00f3n a t\u00edtulo de este impuesto, en los t\u00e9rminos y topes contemplados en el numeral 4 del art\u00edculo 206 del Estatuto Tributario.","og_url":"https:\/\/contadoreshoy.com\/?p=7616","og_site_name":"Contadores P\u00fablicos","article_publisher":"https:\/\/www.facebook.com\/CCCPBucaramanga\/","article_published_time":"2016-11-04T00:25:35+00:00","article_modified_time":"2017-02-05T02:57:58+00:00","og_image":[{"width":600,"height":400,"url":"https:\/\/contadoreshoy.com\/wp-content\/uploads\/2016\/11\/Retenci\u00f3n.jpg","type":"image\/jpeg"}],"author":"Miguel Antonio M\u00e1rquez Monta\u00f1ez","twitter_card":"summary_large_image","twitter_misc":{"Escrito por":"Miguel Antonio M\u00e1rquez Monta\u00f1ez","Tiempo de lectura":"4 minutos"},"schema":{"@context":"https:\/\/schema.org","@graph":[{"@type":"Article","@id":"https:\/\/contadoreshoy.com\/?p=7616#article","isPartOf":{"@id":"https:\/\/contadoreshoy.com\/?p=7616"},"author":{"name":"Miguel Antonio M\u00e1rquez Monta\u00f1ez","@id":"https:\/\/contadoreshoy.com\/#\/schema\/person\/96d8979cb865537c5dc9345e40089fc5"},"headline":"Oficio 22859 agosto 24 de 2016 DIAN &#8211; Retenci\u00f3n en la fuente en sanci\u00f3n moratoria","datePublished":"2016-11-04T00:25:35+00:00","dateModified":"2017-02-05T02:57:58+00:00","mainEntityOfPage":{"@id":"https:\/\/contadoreshoy.com\/?p=7616"},"wordCount":802,"commentCount":0,"publisher":{"@id":"https:\/\/contadoreshoy.com\/#organization"},"image":{"@id":"https:\/\/contadoreshoy.com\/?p=7616#primaryimage"},"thumbnailUrl":"https:\/\/contadoreshoy.com\/wp-content\/uploads\/2016\/11\/Retenci\u00f3n.jpg","inLanguage":"es","potentialAction":[{"@type":"CommentAction","name":"Comment","target":["https:\/\/contadoreshoy.com\/?p=7616#respond"]}]},{"@type":"WebPage","@id":"https:\/\/contadoreshoy.com\/?p=7616","url":"https:\/\/contadoreshoy.com\/?p=7616","name":"Oficio 22859 agosto 24 de 2016 DIAN - Retenci\u00f3n en la fuente en sanci\u00f3n moratoria - Contadores P\u00fablicos","isPartOf":{"@id":"https:\/\/contadoreshoy.com\/#website"},"primaryImageOfPage":{"@id":"https:\/\/contadoreshoy.com\/?p=7616#primaryimage"},"image":{"@id":"https:\/\/contadoreshoy.com\/?p=7616#primaryimage"},"thumbnailUrl":"https:\/\/contadoreshoy.com\/wp-content\/uploads\/2016\/11\/Retenci\u00f3n.jpg","datePublished":"2016-11-04T00:25:35+00:00","dateModified":"2017-02-05T02:57:58+00:00","breadcrumb":{"@id":"https:\/\/contadoreshoy.com\/?p=7616#breadcrumb"},"inLanguage":"es","potentialAction":[{"@type":"ReadAction","target":["https:\/\/contadoreshoy.com\/?p=7616"]}]},{"@type":"ImageObject","inLanguage":"es","@id":"https:\/\/contadoreshoy.com\/?p=7616#primaryimage","url":"https:\/\/contadoreshoy.com\/wp-content\/uploads\/2016\/11\/Retenci\u00f3n.jpg","contentUrl":"https:\/\/contadoreshoy.com\/wp-content\/uploads\/2016\/11\/Retenci\u00f3n.jpg","width":600,"height":400},{"@type":"BreadcrumbList","@id":"https:\/\/contadoreshoy.com\/?p=7616#breadcrumb","itemListElement":[{"@type":"ListItem","position":1,"name":"Portada","item":"https:\/\/contadoreshoy.com\/"},{"@type":"ListItem","position":2,"name":"Oficio 22859 agosto 24 de 2016 DIAN &#8211; Retenci\u00f3n en la fuente en sanci\u00f3n moratoria"}]},{"@type":"WebSite","@id":"https:\/\/contadoreshoy.com\/#website","url":"https:\/\/contadoreshoy.com\/","name":"Contadorespublicossantander","description":"Portal para Contadores P\u00fablicos y empresarios","publisher":{"@id":"https:\/\/contadoreshoy.com\/#organization"},"potentialAction":[{"@type":"SearchAction","target":{"@type":"EntryPoint","urlTemplate":"https:\/\/contadoreshoy.com\/?s={search_term_string}"},"query-input":{"@type":"PropertyValueSpecification","valueRequired":true,"valueName":"search_term_string"}}],"inLanguage":"es"},{"@type":"Organization","@id":"https:\/\/contadoreshoy.com\/#organization","name":"Contadores P\u00fablicos de Santander","url":"https:\/\/contadoreshoy.com\/","logo":{"@type":"ImageObject","inLanguage":"es","@id":"https:\/\/contadoreshoy.com\/#\/schema\/logo\/image\/","url":"https:\/\/contadoreshoy.com\/wp-content\/uploads\/2024\/01\/cropped-cropped-Copia-de-M-1.jpg","contentUrl":"https:\/\/contadoreshoy.com\/wp-content\/uploads\/2024\/01\/cropped-cropped-Copia-de-M-1.jpg","width":499,"height":500,"caption":"Contadores P\u00fablicos de Santander"},"image":{"@id":"https:\/\/contadoreshoy.com\/#\/schema\/logo\/image\/"},"sameAs":["https:\/\/www.facebook.com\/CCCPBucaramanga\/"]},{"@type":"Person","@id":"https:\/\/contadoreshoy.com\/#\/schema\/person\/96d8979cb865537c5dc9345e40089fc5","name":"Miguel Antonio M\u00e1rquez Monta\u00f1ez","description":"Contador P\u00fablico egresado de la Universidad Aut\u00f3noma de Bucaramanga - Asesor contable tributario con m\u00e1s de 25 a\u00f1os de experiencia - Conferencista en temas contables y tributarios - T\u00e9cnico en Hardware y Dise\u00f1o Web - Creador y director Grupo de Estudio Colegio Colombiano de Contadores P\u00fablicos de Bucaramanga - Creador y Master Web p\u00e1gina www.contadoresp\u00fablicossantander.com - Expresidente Colegio Colombiano de Contadores P\u00fablicos Bucaramanga","url":"https:\/\/contadoreshoy.com\/?author=1"}]}},"_links":{"self":[{"href":"https:\/\/contadoreshoy.com\/index.php?rest_route=\/wp\/v2\/posts\/7616","targetHints":{"allow":["GET"]}}],"collection":[{"href":"https:\/\/contadoreshoy.com\/index.php?rest_route=\/wp\/v2\/posts"}],"about":[{"href":"https:\/\/contadoreshoy.com\/index.php?rest_route=\/wp\/v2\/types\/post"}],"author":[{"embeddable":true,"href":"https:\/\/contadoreshoy.com\/index.php?rest_route=\/wp\/v2\/users\/1"}],"replies":[{"embeddable":true,"href":"https:\/\/contadoreshoy.com\/index.php?rest_route=%2Fwp%2Fv2%2Fcomments&post=7616"}],"version-history":[{"count":1,"href":"https:\/\/contadoreshoy.com\/index.php?rest_route=\/wp\/v2\/posts\/7616\/revisions"}],"predecessor-version":[{"id":7818,"href":"https:\/\/contadoreshoy.com\/index.php?rest_route=\/wp\/v2\/posts\/7616\/revisions\/7818"}],"wp:featuredmedia":[{"embeddable":true,"href":"https:\/\/contadoreshoy.com\/index.php?rest_route=\/wp\/v2\/media\/7617"}],"wp:attachment":[{"href":"https:\/\/contadoreshoy.com\/index.php?rest_route=%2Fwp%2Fv2%2Fmedia&parent=7616"}],"wp:term":[{"taxonomy":"category","embeddable":true,"href":"https:\/\/contadoreshoy.com\/index.php?rest_route=%2Fwp%2Fv2%2Fcategories&post=7616"},{"taxonomy":"post_tag","embeddable":true,"href":"https:\/\/contadoreshoy.com\/index.php?rest_route=%2Fwp%2Fv2%2Ftags&post=7616"}],"curies":[{"name":"wp","href":"https:\/\/api.w.org\/{rel}","templated":true}]}}