{"id":7641,"date":"2016-11-16T16:21:03","date_gmt":"2016-11-16T21:21:03","guid":{"rendered":"http:\/\/colegiocolombianodecontadores.com\/?p=7641"},"modified":"2017-02-04T21:57:58","modified_gmt":"2017-02-05T02:57:58","slug":"decreto-1759-noviembre-08-de-2016-amplia-plazo-para-registrar-bases-de-datos","status":"publish","type":"post","link":"https:\/\/contadoreshoy.com\/?p=7641","title":{"rendered":"Decreto 1759 noviembre 08 de 2016 &#8211; Ampl\u00eda plazo para registrar Bases de Datos"},"content":{"rendered":"<p style=\"text-align: center;\">DECRETO N\u00daMERO 1759 DE 2016<\/p>\n<p style=\"text-align: center;\">(Noviembre 08)<\/p>\n<p style=\"text-align: center;\"><em>por el cual se modifica el art\u00edculo 2.2.2.26.3.1 del Decreto 1074 de 2015 &#8211; Decreto \u00danico Reglamentario del Sector Comercio, Industria y Turismo.<\/em><\/p>\n<p>El Presidente de la Rep\u00fablica de Colombia, en ejercicio de sus facultades constitucionales y legales, en especial, las conferidas en el numeral 11 del art\u00edculo 189 de la Constituci\u00f3n Pol\u00edtica, y<\/p>\n<p style=\"text-align: center;\">CONSIDERANDO:<\/p>\n<p style=\"text-align: justify;\">Que el art\u00edculo 2.2.2.26.3.1 del Decreto 1074 de 2015 establece un plazo de inscripci\u00f3n, seg\u00fan el cual los responsables del tratamiento de la informaci\u00f3n personal deben inscribir sus bases de datos en el Registro Nacional de Bases de Datos dentro del a\u00f1o siguiente a la fecha en que la Superintendencia de Industria y Comercio habilite dicho registro, de acuerdo con las instrucciones que para el efecto imparta esa entidad.<\/p>\n<p style=\"text-align: justify;\">Que en atenci\u00f3n a las m\u00faltiples solicitudes recibidas en la Superintendencia de Industria y Comercio, entidad que tiene a cargo la administraci\u00f3n del Registro Nacional de Bases de Datos creado por Ley Estatutaria 1581 de 2012, \u201cpor la cual se dictan disposiciones generales para la protecci\u00f3n de datos personales\u201d, se advierte la necesidad de modificar el plazo establecido para que los responsables del tratamiento de la informaci\u00f3n personal inscriban sus bases de datos en dicho registro, con el fin de aumentar la divulgaci\u00f3n y socializaci\u00f3n de esta obligaci\u00f3n legal y garantizar un alto grado de cumplimiento de la citada disposici\u00f3n entre los destinatarios de la norma.<\/p>\n<p style=\"text-align: justify;\">Que, en consecuencia, se hace necesario modificar el t\u00e9rmino de un (1) a\u00f1o previsto en el art\u00edculo 2.2.2.26.3.1. del Decreto 1074 de 2015.<\/p>\n<p style=\"text-align: justify;\">Que las normas de que trata el presente decreto fueron publicadas de conformidad con lo dispuesto en el art\u00edculo 8\u00b0 de la Ley 1437 de 2011 por el t\u00e9rmino de cinco (5) d\u00edas para consulta p\u00fablica.<\/p>\n<p style=\"text-align: center;\">DECRETA:<\/p>\n<p style=\"text-align: justify;\">Art\u00edculo 1\u00b0. Modif\u00edquese el art\u00edculo 2.2.2.26.3.1. del Decreto 1074 de 2015 &#8211; Decreto \u00danico Reglamentario del Sector Comercio, Industria y Turismo, el cual quedar\u00e1 as\u00ed:<\/p>\n<p style=\"text-align: justify;\"><em>\u201c<strong>Art\u00edculo 2.2.2.26.3.1. Plazo de inscripci\u00f3n.<\/strong> La inscripci\u00f3n de las bases de datos en el Registro Nacional de Bases de Datos se llevar\u00e1 a cabo en los siguientes plazos:<\/em><\/p>\n<ol style=\"text-align: justify;\">\n<li><em>Los Responsables del Tratamiento, <span style=\"color: #0000ff;\">personas jur\u00eddicas de naturaleza privada y socie<\/span><\/em><em><span style=\"color: #0000ff;\">dades de econom\u00eda mixta inscritas en las c\u00e1maras de comercio del pa\u00eds<\/span>, <span style=\"color: #0000ff;\">deber\u00e1n realizar la referida inscripci\u00f3n a m\u00e1s tardar el treinta (30) de junio de 2017<\/span>, de acuerdo con las instrucciones que para el efecto imparta la Superintendencia de Industria y Comercio.<\/em><\/li>\n<\/ol>\n<ol style=\"text-align: justify;\">\n<li><em>Los Responsables del Tratamiento, <span style=\"color: #0000ff;\">personas naturales, entidades de naturaleza p\u00fablica distintas de las sociedades de econom\u00eda mixta y personas jur\u00eddicas de naturaleza privada que no est\u00e1n inscritas en las c\u00e1maras de comercio, deber\u00e1n inscribir sus bases de datos en el Registro Nacional de Bases de Datos a m\u00e1s tardar el treinta (30) de junio de 2018<\/span>, conforme con las instrucciones impartidas para tales efectos por la Superintendencia de Industria y Comercio.<\/em><\/li>\n<\/ol>\n<p style=\"text-align: justify;\"><em><span style=\"color: #ff9900;\">Las bases de datos que se creen con posterioridad al vencimiento de los plazos referidos en los literales a) y b) del presente art\u00edculo, deber\u00e1n inscribirse dentro de los dos (2) meses siguientes, contados a partir de su creaci\u00f3n<\/span>\u201d.<\/em><\/p>\n<p style=\"text-align: justify;\">Art\u00edculo 2\u00b0. <em>Vigencias y derogatorias.<\/em> El presente decreto rige a partir de su publicaci\u00f3n y deroga todas las disposiciones que le sean contrarias.<\/p>\n<p style=\"text-align: justify;\">Publ\u00edquese y c\u00famplase.<\/p>\n<p style=\"text-align: justify;\">Dado en Bogot\u00e1, D. C., a 8 de noviembre de 2016.<\/p>\n<p style=\"text-align: justify;\">JUAN MANUEL SANTOS CALDER\u00d3N.<\/p>\n<p style=\"text-align: justify;\">La Ministra de Comercio, Industria y Turismo,<\/p>\n<p style=\"text-align: justify;\"><em>Mar\u00eda Claudia Lacouture Pinedo. <\/em><strong>(C. F.).<\/strong><\/p>\n","protected":false},"excerpt":{"rendered":"<p>Las personas jur\u00eddicas inscritas en c\u00e1maras de comercio, deber\u00e1n inscribir sus bases de datos a mas tardar el 30 de junio de 2017, y las personas naturales y entidades no inscritas en c\u00e1maras de comercio, deber\u00e1n inscribir sus bases de datos a mas tardar el 30 de junio de 2018.<\/p>\n","protected":false},"author":1,"featured_media":0,"comment_status":"open","ping_status":"open","sticky":false,"template":"","format":"standard","meta":{"_monsterinsights_skip_tracking":false,"ngg_post_thumbnail":0,"footnotes":"","_links_to":"","_links_to_target":""},"categories":[454],"tags":[],"class_list":["post-7641","post","type-post","status-publish","format-standard","hentry","category-sin-categoria"],"aioseo_notices":[],"aioseo_head":"\n\t\t<!-- All in One SEO 5.0.1.1 - aioseo.com -->\n\t<meta name=\"description\" content=\"Las personas jur\u00eddicas inscritas en c\u00e1maras de comercio, deber\u00e1n inscribir sus bases de datos a mas tardar el 30 de junio de 2017, y las personas naturales y entidades no inscritas en c\u00e1maras de comercio, deber\u00e1n inscribir sus bases de datos a mas tardar el 30 de junio de 2018.\" \/>\n\t<meta name=\"robots\" content=\"max-image-preview:large\" \/>\n\t<meta name=\"author\" content=\"Miguel Antonio M\u00e1rquez Monta\u00f1ez\"\/>\n\t<link rel=\"canonical\" href=\"https:\/\/contadoreshoy.com\/?p=7641\" \/>\n\t<meta name=\"generator\" content=\"All in One SEO (AIOSEO) 5.0.1.1\" \/>\n\t\t<meta property=\"og:locale\" content=\"es_ES\" \/>\n\t\t<meta property=\"og:site_name\" content=\"Contadores P\u00fablicos - Portal para Contadores P\u00fablicos y empresarios\" \/>\n\t\t<meta property=\"og:type\" content=\"article\" \/>\n\t\t<meta property=\"og:title\" content=\"Decreto 1759 noviembre 08 de 2016 \u2013 Ampl\u00eda plazo para registrar Bases de Datos - Contadores P\u00fablicos\" \/>\n\t\t<meta property=\"og:description\" content=\"Las personas jur\u00eddicas inscritas en c\u00e1maras de comercio, deber\u00e1n inscribir sus bases de datos a mas tardar el 30 de junio de 2017, y las personas naturales y entidades no inscritas en c\u00e1maras de comercio, deber\u00e1n inscribir sus bases de datos a mas tardar el 30 de junio de 2018.\" \/>\n\t\t<meta property=\"og:url\" content=\"https:\/\/contadoreshoy.com\/?p=7641\" \/>\n\t\t<meta property=\"og:image\" content=\"https:\/\/contadoreshoy.com\/wp-content\/uploads\/2024\/01\/cropped-cropped-cropped-Copia-de-M.jpg\" \/>\n\t\t<meta property=\"og:image:secure_url\" content=\"https:\/\/contadoreshoy.com\/wp-content\/uploads\/2024\/01\/cropped-cropped-cropped-Copia-de-M.jpg\" \/>\n\t\t<meta property=\"og:image:width\" content=\"512\" \/>\n\t\t<meta property=\"og:image:height\" content=\"371\" \/>\n\t\t<meta property=\"article:published_time\" content=\"2016-11-16T21:21:03+00:00\" \/>\n\t\t<meta property=\"article:modified_time\" content=\"2017-02-05T02:57:58+00:00\" \/>\n\t\t<meta name=\"twitter:card\" content=\"summary_large_image\" \/>\n\t\t<meta name=\"twitter:title\" content=\"Decreto 1759 noviembre 08 de 2016 \u2013 Ampl\u00eda plazo para registrar Bases de Datos - Contadores P\u00fablicos\" \/>\n\t\t<meta name=\"twitter:description\" content=\"Las personas jur\u00eddicas inscritas en c\u00e1maras de comercio, deber\u00e1n inscribir sus bases de datos a mas tardar el 30 de junio de 2017, y las personas naturales y entidades no inscritas en c\u00e1maras de comercio, deber\u00e1n inscribir sus bases de datos a mas tardar el 30 de junio de 2018.\" \/>\n\t\t<meta name=\"twitter:image\" content=\"https:\/\/contadoreshoy.com\/wp-content\/uploads\/2024\/01\/cropped-cropped-cropped-Copia-de-M.jpg\" \/>\n\t\t<script type=\"application\/ld+json\" class=\"aioseo-schema\">\n\t\t\t{\"@context\":\"https:\\\/\\\/schema.org\",\"@graph\":[{\"@type\":\"BlogPosting\",\"@id\":\"https:\\\/\\\/contadoreshoy.com\\\/?p=7641#blogposting\",\"name\":\"Decreto 1759 noviembre 08 de 2016 \\u2013 Ampl\\u00eda plazo para registrar Bases de Datos - Contadores P\\u00fablicos\",\"headline\":\"Decreto 1759 noviembre 08 de 2016 &#8211; Ampl\\u00eda plazo para registrar Bases de Datos\",\"author\":{\"@id\":\"https:\\\/\\\/contadoreshoy.com\\\/?author=1#author\"},\"publisher\":{\"@id\":\"https:\\\/\\\/contadoreshoy.com\\\/#organization\"},\"image\":{\"@type\":\"ImageObject\",\"url\":\"https:\\\/\\\/contadoreshoy.com\\\/wp-content\\\/uploads\\\/2024\\\/01\\\/cropped-cropped-Copia-de-M-1.jpg\",\"@id\":\"https:\\\/\\\/contadoreshoy.com\\\/#articleImage\",\"width\":499,\"height\":500},\"datePublished\":\"2016-11-16T16:21:03-05:00\",\"dateModified\":\"2017-02-04T21:57:58-05:00\",\"inLanguage\":\"es-ES\",\"mainEntityOfPage\":{\"@id\":\"https:\\\/\\\/contadoreshoy.com\\\/?p=7641#webpage\"},\"isPartOf\":{\"@id\":\"https:\\\/\\\/contadoreshoy.com\\\/?p=7641#webpage\"},\"articleSection\":\"Sin categor\\u00eda\"},{\"@type\":\"BreadcrumbList\",\"@id\":\"https:\\\/\\\/contadoreshoy.com\\\/?p=7641#breadcrumblist\",\"itemListElement\":[{\"@type\":\"ListItem\",\"@id\":\"https:\\\/\\\/contadoreshoy.com#listItem\",\"position\":1,\"name\":\"Home\",\"item\":\"https:\\\/\\\/contadoreshoy.com\",\"nextItem\":{\"@type\":\"ListItem\",\"@id\":\"https:\\\/\\\/contadoreshoy.com\\\/?cat=454#listItem\",\"name\":\"Sin categor\\u00eda\"}},{\"@type\":\"ListItem\",\"@id\":\"https:\\\/\\\/contadoreshoy.com\\\/?cat=454#listItem\",\"position\":2,\"name\":\"Sin categor\\u00eda\",\"item\":\"https:\\\/\\\/contadoreshoy.com\\\/?cat=454\",\"nextItem\":{\"@type\":\"ListItem\",\"@id\":\"https:\\\/\\\/contadoreshoy.com\\\/?p=7641#listItem\",\"name\":\"Decreto 1759 noviembre 08 de 2016 &#8211; Ampl\\u00eda plazo para registrar Bases de Datos\"},\"previousItem\":{\"@type\":\"ListItem\",\"@id\":\"https:\\\/\\\/contadoreshoy.com#listItem\",\"name\":\"Home\"}},{\"@type\":\"ListItem\",\"@id\":\"https:\\\/\\\/contadoreshoy.com\\\/?p=7641#listItem\",\"position\":3,\"name\":\"Decreto 1759 noviembre 08 de 2016 &#8211; Ampl\\u00eda plazo para registrar Bases de Datos\",\"previousItem\":{\"@type\":\"ListItem\",\"@id\":\"https:\\\/\\\/contadoreshoy.com\\\/?cat=454#listItem\",\"name\":\"Sin categor\\u00eda\"}}]},{\"@type\":\"Organization\",\"@id\":\"https:\\\/\\\/contadoreshoy.com\\\/#organization\",\"name\":\"Contadores P\\u00fablicos\",\"description\":\"Portal para Contadores P\\u00fablicos y empresarios\",\"url\":\"https:\\\/\\\/contadoreshoy.com\\\/\",\"logo\":{\"@type\":\"ImageObject\",\"url\":\"https:\\\/\\\/contadoreshoy.com\\\/wp-content\\\/uploads\\\/2024\\\/01\\\/cropped-cropped-Copia-de-M-1.jpg\",\"@id\":\"https:\\\/\\\/contadoreshoy.com\\\/?p=7641\\\/#organizationLogo\",\"width\":499,\"height\":500},\"image\":{\"@id\":\"https:\\\/\\\/contadoreshoy.com\\\/?p=7641\\\/#organizationLogo\"}},{\"@type\":\"Person\",\"@id\":\"https:\\\/\\\/contadoreshoy.com\\\/?author=1#author\",\"url\":\"https:\\\/\\\/contadoreshoy.com\\\/?author=1\",\"name\":\"Miguel Antonio M\\u00e1rquez Monta\\u00f1ez\"},{\"@type\":\"WebPage\",\"@id\":\"https:\\\/\\\/contadoreshoy.com\\\/?p=7641#webpage\",\"url\":\"https:\\\/\\\/contadoreshoy.com\\\/?p=7641\",\"name\":\"Decreto 1759 noviembre 08 de 2016 \\u2013 Ampl\\u00eda plazo para registrar Bases de Datos - Contadores P\\u00fablicos\",\"description\":\"Las personas jur\\u00eddicas inscritas en c\\u00e1maras de comercio, deber\\u00e1n inscribir sus bases de datos a mas tardar el 30 de junio de 2017, y las personas naturales y entidades no inscritas en c\\u00e1maras de comercio, deber\\u00e1n inscribir sus bases de datos a mas tardar el 30 de junio de 2018.\",\"inLanguage\":\"es-ES\",\"isPartOf\":{\"@id\":\"https:\\\/\\\/contadoreshoy.com\\\/#website\"},\"breadcrumb\":{\"@id\":\"https:\\\/\\\/contadoreshoy.com\\\/?p=7641#breadcrumblist\"},\"author\":{\"@id\":\"https:\\\/\\\/contadoreshoy.com\\\/?author=1#author\"},\"creator\":{\"@id\":\"https:\\\/\\\/contadoreshoy.com\\\/?author=1#author\"},\"datePublished\":\"2016-11-16T16:21:03-05:00\",\"dateModified\":\"2017-02-04T21:57:58-05:00\"},{\"@type\":\"WebSite\",\"@id\":\"https:\\\/\\\/contadoreshoy.com\\\/#website\",\"url\":\"https:\\\/\\\/contadoreshoy.com\\\/\",\"name\":\"Contadores P\\u00fablicos\",\"description\":\"Portal para Contadores P\\u00fablicos y empresarios\",\"inLanguage\":\"es-ES\",\"publisher\":{\"@id\":\"https:\\\/\\\/contadoreshoy.com\\\/#organization\"}}]}\n\t\t<\/script>\n\t\t<!-- All in One SEO -->\n\n","aioseo_head_json":{"title":"Decreto 1759 noviembre 08 de 2016 \u2013 Ampl\u00eda plazo para registrar Bases de Datos - Contadores P\u00fablicos","description":"Las personas jur\u00eddicas inscritas en c\u00e1maras de comercio, deber\u00e1n inscribir sus bases de datos a mas tardar el 30 de junio de 2017, y las personas naturales y entidades no inscritas en c\u00e1maras de comercio, deber\u00e1n inscribir sus bases de datos a mas tardar el 30 de junio de 2018.","canonical_url":"https:\/\/contadoreshoy.com\/?p=7641","robots":"max-image-preview:large","keywords":"","webmasterTools":{"miscellaneous":""},"schema":{"@context":"https:\/\/schema.org","@graph":[{"@type":"BlogPosting","@id":"https:\/\/contadoreshoy.com\/?p=7641#blogposting","name":"Decreto 1759 noviembre 08 de 2016 \u2013 Ampl\u00eda plazo para registrar Bases de Datos - Contadores P\u00fablicos","headline":"Decreto 1759 noviembre 08 de 2016 &#8211; Ampl\u00eda plazo para registrar Bases de Datos","author":{"@id":"https:\/\/contadoreshoy.com\/?author=1#author"},"publisher":{"@id":"https:\/\/contadoreshoy.com\/#organization"},"image":{"@type":"ImageObject","url":"https:\/\/contadoreshoy.com\/wp-content\/uploads\/2024\/01\/cropped-cropped-Copia-de-M-1.jpg","@id":"https:\/\/contadoreshoy.com\/#articleImage","width":499,"height":500},"datePublished":"2016-11-16T16:21:03-05:00","dateModified":"2017-02-04T21:57:58-05:00","inLanguage":"es-ES","mainEntityOfPage":{"@id":"https:\/\/contadoreshoy.com\/?p=7641#webpage"},"isPartOf":{"@id":"https:\/\/contadoreshoy.com\/?p=7641#webpage"},"articleSection":"Sin categor\u00eda"},{"@type":"BreadcrumbList","@id":"https:\/\/contadoreshoy.com\/?p=7641#breadcrumblist","itemListElement":[{"@type":"ListItem","@id":"https:\/\/contadoreshoy.com#listItem","position":1,"name":"Home","item":"https:\/\/contadoreshoy.com","nextItem":{"@type":"ListItem","@id":"https:\/\/contadoreshoy.com\/?cat=454#listItem","name":"Sin categor\u00eda"}},{"@type":"ListItem","@id":"https:\/\/contadoreshoy.com\/?cat=454#listItem","position":2,"name":"Sin categor\u00eda","item":"https:\/\/contadoreshoy.com\/?cat=454","nextItem":{"@type":"ListItem","@id":"https:\/\/contadoreshoy.com\/?p=7641#listItem","name":"Decreto 1759 noviembre 08 de 2016 &#8211; Ampl\u00eda plazo para registrar Bases de Datos"},"previousItem":{"@type":"ListItem","@id":"https:\/\/contadoreshoy.com#listItem","name":"Home"}},{"@type":"ListItem","@id":"https:\/\/contadoreshoy.com\/?p=7641#listItem","position":3,"name":"Decreto 1759 noviembre 08 de 2016 &#8211; Ampl\u00eda plazo para registrar Bases de Datos","previousItem":{"@type":"ListItem","@id":"https:\/\/contadoreshoy.com\/?cat=454#listItem","name":"Sin categor\u00eda"}}]},{"@type":"Organization","@id":"https:\/\/contadoreshoy.com\/#organization","name":"Contadores P\u00fablicos","description":"Portal para Contadores P\u00fablicos y empresarios","url":"https:\/\/contadoreshoy.com\/","logo":{"@type":"ImageObject","url":"https:\/\/contadoreshoy.com\/wp-content\/uploads\/2024\/01\/cropped-cropped-Copia-de-M-1.jpg","@id":"https:\/\/contadoreshoy.com\/?p=7641\/#organizationLogo","width":499,"height":500},"image":{"@id":"https:\/\/contadoreshoy.com\/?p=7641\/#organizationLogo"}},{"@type":"Person","@id":"https:\/\/contadoreshoy.com\/?author=1#author","url":"https:\/\/contadoreshoy.com\/?author=1","name":"Miguel Antonio M\u00e1rquez Monta\u00f1ez"},{"@type":"WebPage","@id":"https:\/\/contadoreshoy.com\/?p=7641#webpage","url":"https:\/\/contadoreshoy.com\/?p=7641","name":"Decreto 1759 noviembre 08 de 2016 \u2013 Ampl\u00eda plazo para registrar Bases de Datos - Contadores P\u00fablicos","description":"Las personas jur\u00eddicas inscritas en c\u00e1maras de comercio, deber\u00e1n inscribir sus bases de datos a mas tardar el 30 de junio de 2017, y las personas naturales y entidades no inscritas en c\u00e1maras de comercio, deber\u00e1n inscribir sus bases de datos a mas tardar el 30 de junio de 2018.","inLanguage":"es-ES","isPartOf":{"@id":"https:\/\/contadoreshoy.com\/#website"},"breadcrumb":{"@id":"https:\/\/contadoreshoy.com\/?p=7641#breadcrumblist"},"author":{"@id":"https:\/\/contadoreshoy.com\/?author=1#author"},"creator":{"@id":"https:\/\/contadoreshoy.com\/?author=1#author"},"datePublished":"2016-11-16T16:21:03-05:00","dateModified":"2017-02-04T21:57:58-05:00"},{"@type":"WebSite","@id":"https:\/\/contadoreshoy.com\/#website","url":"https:\/\/contadoreshoy.com\/","name":"Contadores P\u00fablicos","description":"Portal para Contadores P\u00fablicos y empresarios","inLanguage":"es-ES","publisher":{"@id":"https:\/\/contadoreshoy.com\/#organization"}}]},"og:locale":"es_ES","og:site_name":"Contadores P\u00fablicos - Portal para Contadores P\u00fablicos y empresarios","og:type":"article","og:title":"Decreto 1759 noviembre 08 de 2016 \u2013 Ampl\u00eda plazo para registrar Bases de Datos - Contadores P\u00fablicos","og:description":"Las personas jur\u00eddicas inscritas en c\u00e1maras de comercio, deber\u00e1n inscribir sus bases de datos a mas tardar el 30 de junio de 2017, y las personas naturales y entidades no inscritas en c\u00e1maras de comercio, deber\u00e1n inscribir sus bases de datos a mas tardar el 30 de junio de 2018.","og:url":"https:\/\/contadoreshoy.com\/?p=7641","og:image":"https:\/\/contadoreshoy.com\/wp-content\/uploads\/2024\/01\/cropped-cropped-cropped-Copia-de-M.jpg","og:image:secure_url":"https:\/\/contadoreshoy.com\/wp-content\/uploads\/2024\/01\/cropped-cropped-cropped-Copia-de-M.jpg","og:image:width":512,"og:image:height":371,"article:published_time":"2016-11-16T21:21:03+00:00","article:modified_time":"2017-02-05T02:57:58+00:00","twitter:card":"summary_large_image","twitter:title":"Decreto 1759 noviembre 08 de 2016 \u2013 Ampl\u00eda plazo para registrar Bases de Datos - Contadores P\u00fablicos","twitter:description":"Las personas jur\u00eddicas inscritas en c\u00e1maras de comercio, deber\u00e1n inscribir sus bases de datos a mas tardar el 30 de junio de 2017, y las personas naturales y entidades no inscritas en c\u00e1maras de comercio, deber\u00e1n inscribir sus bases de datos a mas tardar el 30 de junio de 2018.","twitter:image":"https:\/\/contadoreshoy.com\/wp-content\/uploads\/2024\/01\/cropped-cropped-cropped-Copia-de-M.jpg"},"aioseo_meta_data":{"post_id":"7641","title":null,"description":null,"keywords":null,"keyphrases":null,"primary_term":null,"canonical_url":null,"og_title":null,"og_description":null,"og_object_type":"default","og_image_type":"default","og_image_url":null,"og_image_width":null,"og_image_height":null,"og_image_custom_url":null,"og_image_custom_fields":null,"og_video":null,"og_custom_url":null,"og_article_section":null,"og_article_tags":null,"twitter_use_og":false,"twitter_card":"default","twitter_image_type":"default","twitter_image_url":null,"twitter_image_custom_url":null,"twitter_image_custom_fields":null,"twitter_title":null,"twitter_description":null,"schema":{"blockGraphs":[],"customGraphs":[],"default":{"data":{"Article":[],"Course":[],"Dataset":[],"FAQPage":[],"Movie":[],"Person":[],"Product":[],"ProductReview":[],"Car":[],"Recipe":[],"Service":[],"SoftwareApplication":[],"WebPage":[]},"graphName":"","isEnabled":true},"graphs":[]},"schema_type":"default","schema_type_options":null,"pillar_content":false,"robots_default":true,"robots_noindex":false,"robots_noarchive":false,"robots_nosnippet":false,"robots_nofollow":false,"robots_noimageindex":false,"robots_noodp":false,"robots_notranslate":false,"robots_max_snippet":null,"robots_max_videopreview":null,"robots_max_imagepreview":"large","priority":null,"frequency":null,"local_seo":null,"breadcrumb_settings":null,"limit_modified_date":false,"ai":null,"created":"2024-03-05 01:41:34","updated":"2026-03-03 04:56:42","seo_analyzer_scan_date":null,"focus_keyword":null,"additional_keywords":null,"truseo_locale":null},"aioseo_breadcrumb":"<div class=\"aioseo-breadcrumbs\"><span class=\"aioseo-breadcrumb\">\n\t\t\t<a href=\"https:\/\/contadoreshoy.com\" title=\"Home\">Home<\/a>\n\t\t<\/span><span class=\"aioseo-breadcrumb-separator\">&raquo;<\/span><span class=\"aioseo-breadcrumb\">\n\t\t\t<a href=\"https:\/\/contadoreshoy.com\/?cat=454\" title=\"Sin categor\u00eda\">Sin categor\u00eda<\/a>\n\t\t<\/span><span class=\"aioseo-breadcrumb-separator\">&raquo;<\/span><span class=\"aioseo-breadcrumb\">\n\t\t\tDecreto 1759 noviembre 08 de 2016 \u2013 Ampl\u00eda plazo para registrar Bases de Datos\n\t\t<\/span><\/div>","aioseo_breadcrumb_json":[{"label":"Home","link":"https:\/\/contadoreshoy.com"},{"label":"Sin categor\u00eda","link":"https:\/\/contadoreshoy.com\/?cat=454"},{"label":"Decreto 1759 noviembre 08 de 2016 &#8211; Ampl\u00eda plazo para registrar Bases de Datos","link":"https:\/\/contadoreshoy.com\/?p=7641"}],"yoast_head":"<!-- This site is optimized with the Yoast SEO plugin v28.4 - https:\/\/yoast.com\/product\/yoast-seo-wordpress\/ -->\n<title>Decreto 1759 noviembre 08 de 2016 - Ampl\u00eda plazo para registrar Bases de Datos - Contadores P\u00fablicos<\/title>\n<meta name=\"robots\" content=\"index, follow, max-snippet:-1, max-image-preview:large, max-video-preview:-1\" \/>\n<link rel=\"canonical\" href=\"https:\/\/contadoreshoy.com\/?p=7641\" \/>\n<meta property=\"og:locale\" content=\"es_ES\" \/>\n<meta property=\"og:type\" content=\"article\" \/>\n<meta property=\"og:title\" content=\"Decreto 1759 noviembre 08 de 2016 - Ampl\u00eda plazo para registrar Bases de Datos - Contadores P\u00fablicos\" \/>\n<meta property=\"og:description\" content=\"Las personas jur\u00eddicas inscritas en c\u00e1maras de comercio, deber\u00e1n inscribir sus bases de datos a mas tardar el 30 de junio de 2017, y las personas naturales y entidades no inscritas en c\u00e1maras de comercio, deber\u00e1n inscribir sus bases de datos a mas tardar el 30 de junio de 2018.\" \/>\n<meta property=\"og:url\" content=\"https:\/\/contadoreshoy.com\/?p=7641\" \/>\n<meta property=\"og:site_name\" content=\"Contadores P\u00fablicos\" \/>\n<meta property=\"article:publisher\" content=\"https:\/\/www.facebook.com\/CCCPBucaramanga\/\" \/>\n<meta property=\"article:published_time\" content=\"2016-11-16T21:21:03+00:00\" \/>\n<meta property=\"article:modified_time\" content=\"2017-02-05T02:57:58+00:00\" \/>\n<meta name=\"author\" content=\"Miguel Antonio M\u00e1rquez Monta\u00f1ez\" \/>\n<meta name=\"twitter:card\" content=\"summary_large_image\" \/>\n<meta name=\"twitter:label1\" content=\"Escrito por\" \/>\n\t<meta name=\"twitter:data1\" content=\"Miguel Antonio M\u00e1rquez Monta\u00f1ez\" \/>\n\t<meta name=\"twitter:label2\" content=\"Tiempo de lectura\" \/>\n\t<meta name=\"twitter:data2\" content=\"3 minutos\" \/>\n<script type=\"application\/ld+json\" class=\"yoast-schema-graph\">{\"@context\":\"https:\\\/\\\/schema.org\",\"@graph\":[{\"@type\":\"Article\",\"@id\":\"https:\\\/\\\/contadoreshoy.com\\\/?p=7641#article\",\"isPartOf\":{\"@id\":\"https:\\\/\\\/contadoreshoy.com\\\/?p=7641\"},\"author\":{\"name\":\"Miguel Antonio M\u00e1rquez Monta\u00f1ez\",\"@id\":\"https:\\\/\\\/contadoreshoy.com\\\/#\\\/schema\\\/person\\\/96d8979cb865537c5dc9345e40089fc5\"},\"headline\":\"Decreto 1759 noviembre 08 de 2016 &#8211; Ampl\u00eda plazo para registrar Bases de Datos\",\"datePublished\":\"2016-11-16T21:21:03+00:00\",\"dateModified\":\"2017-02-05T02:57:58+00:00\",\"mainEntityOfPage\":{\"@id\":\"https:\\\/\\\/contadoreshoy.com\\\/?p=7641\"},\"wordCount\":602,\"commentCount\":0,\"publisher\":{\"@id\":\"https:\\\/\\\/contadoreshoy.com\\\/#organization\"},\"inLanguage\":\"es\",\"potentialAction\":[{\"@type\":\"CommentAction\",\"name\":\"Comment\",\"target\":[\"https:\\\/\\\/contadoreshoy.com\\\/?p=7641#respond\"]}]},{\"@type\":\"WebPage\",\"@id\":\"https:\\\/\\\/contadoreshoy.com\\\/?p=7641\",\"url\":\"https:\\\/\\\/contadoreshoy.com\\\/?p=7641\",\"name\":\"Decreto 1759 noviembre 08 de 2016 - Ampl\u00eda plazo para registrar Bases de Datos - Contadores P\u00fablicos\",\"isPartOf\":{\"@id\":\"https:\\\/\\\/contadoreshoy.com\\\/#website\"},\"datePublished\":\"2016-11-16T21:21:03+00:00\",\"dateModified\":\"2017-02-05T02:57:58+00:00\",\"breadcrumb\":{\"@id\":\"https:\\\/\\\/contadoreshoy.com\\\/?p=7641#breadcrumb\"},\"inLanguage\":\"es\",\"potentialAction\":[{\"@type\":\"ReadAction\",\"target\":[\"https:\\\/\\\/contadoreshoy.com\\\/?p=7641\"]}]},{\"@type\":\"BreadcrumbList\",\"@id\":\"https:\\\/\\\/contadoreshoy.com\\\/?p=7641#breadcrumb\",\"itemListElement\":[{\"@type\":\"ListItem\",\"position\":1,\"name\":\"Portada\",\"item\":\"https:\\\/\\\/contadoreshoy.com\\\/\"},{\"@type\":\"ListItem\",\"position\":2,\"name\":\"Decreto 1759 noviembre 08 de 2016 &#8211; Ampl\u00eda plazo para registrar Bases de Datos\"}]},{\"@type\":\"WebSite\",\"@id\":\"https:\\\/\\\/contadoreshoy.com\\\/#website\",\"url\":\"https:\\\/\\\/contadoreshoy.com\\\/\",\"name\":\"Contadorespublicossantander\",\"description\":\"Portal para Contadores P\u00fablicos y empresarios\",\"publisher\":{\"@id\":\"https:\\\/\\\/contadoreshoy.com\\\/#organization\"},\"potentialAction\":[{\"@type\":\"SearchAction\",\"target\":{\"@type\":\"EntryPoint\",\"urlTemplate\":\"https:\\\/\\\/contadoreshoy.com\\\/?s={search_term_string}\"},\"query-input\":{\"@type\":\"PropertyValueSpecification\",\"valueRequired\":true,\"valueName\":\"search_term_string\"}}],\"inLanguage\":\"es\"},{\"@type\":\"Organization\",\"@id\":\"https:\\\/\\\/contadoreshoy.com\\\/#organization\",\"name\":\"Contadores P\u00fablicos de Santander\",\"url\":\"https:\\\/\\\/contadoreshoy.com\\\/\",\"logo\":{\"@type\":\"ImageObject\",\"inLanguage\":\"es\",\"@id\":\"https:\\\/\\\/contadoreshoy.com\\\/#\\\/schema\\\/logo\\\/image\\\/\",\"url\":\"https:\\\/\\\/contadoreshoy.com\\\/wp-content\\\/uploads\\\/2024\\\/01\\\/cropped-cropped-Copia-de-M-1.jpg\",\"contentUrl\":\"https:\\\/\\\/contadoreshoy.com\\\/wp-content\\\/uploads\\\/2024\\\/01\\\/cropped-cropped-Copia-de-M-1.jpg\",\"width\":499,\"height\":500,\"caption\":\"Contadores P\u00fablicos de Santander\"},\"image\":{\"@id\":\"https:\\\/\\\/contadoreshoy.com\\\/#\\\/schema\\\/logo\\\/image\\\/\"},\"sameAs\":[\"https:\\\/\\\/www.facebook.com\\\/CCCPBucaramanga\\\/\"]},{\"@type\":\"Person\",\"@id\":\"https:\\\/\\\/contadoreshoy.com\\\/#\\\/schema\\\/person\\\/96d8979cb865537c5dc9345e40089fc5\",\"name\":\"Miguel Antonio M\u00e1rquez Monta\u00f1ez\",\"description\":\"Contador P\u00fablico egresado de la Universidad Aut\u00f3noma de Bucaramanga - Asesor contable tributario con m\u00e1s de 25 a\u00f1os de experiencia - Conferencista en temas contables y tributarios - T\u00e9cnico en Hardware y Dise\u00f1o Web - Creador y director Grupo de Estudio Colegio Colombiano de Contadores P\u00fablicos de Bucaramanga - Creador y Master Web p\u00e1gina www.contadoresp\u00fablicossantander.com - Expresidente Colegio Colombiano de Contadores P\u00fablicos Bucaramanga\",\"url\":\"https:\\\/\\\/contadoreshoy.com\\\/?author=1\"}]}<\/script>\n<!-- \/ Yoast SEO plugin. -->","yoast_head_json":{"title":"Decreto 1759 noviembre 08 de 2016 - Ampl\u00eda plazo para registrar Bases de Datos - Contadores P\u00fablicos","robots":{"index":"index","follow":"follow","max-snippet":"max-snippet:-1","max-image-preview":"max-image-preview:large","max-video-preview":"max-video-preview:-1"},"canonical":"https:\/\/contadoreshoy.com\/?p=7641","og_locale":"es_ES","og_type":"article","og_title":"Decreto 1759 noviembre 08 de 2016 - Ampl\u00eda plazo para registrar Bases de Datos - Contadores P\u00fablicos","og_description":"Las personas jur\u00eddicas inscritas en c\u00e1maras de comercio, deber\u00e1n inscribir sus bases de datos a mas tardar el 30 de junio de 2017, y las personas naturales y entidades no inscritas en c\u00e1maras de comercio, deber\u00e1n inscribir sus bases de datos a mas tardar el 30 de junio de 2018.","og_url":"https:\/\/contadoreshoy.com\/?p=7641","og_site_name":"Contadores P\u00fablicos","article_publisher":"https:\/\/www.facebook.com\/CCCPBucaramanga\/","article_published_time":"2016-11-16T21:21:03+00:00","article_modified_time":"2017-02-05T02:57:58+00:00","author":"Miguel Antonio M\u00e1rquez Monta\u00f1ez","twitter_card":"summary_large_image","twitter_misc":{"Escrito por":"Miguel Antonio M\u00e1rquez Monta\u00f1ez","Tiempo de lectura":"3 minutos"},"schema":{"@context":"https:\/\/schema.org","@graph":[{"@type":"Article","@id":"https:\/\/contadoreshoy.com\/?p=7641#article","isPartOf":{"@id":"https:\/\/contadoreshoy.com\/?p=7641"},"author":{"name":"Miguel Antonio M\u00e1rquez Monta\u00f1ez","@id":"https:\/\/contadoreshoy.com\/#\/schema\/person\/96d8979cb865537c5dc9345e40089fc5"},"headline":"Decreto 1759 noviembre 08 de 2016 &#8211; Ampl\u00eda plazo para registrar Bases de Datos","datePublished":"2016-11-16T21:21:03+00:00","dateModified":"2017-02-05T02:57:58+00:00","mainEntityOfPage":{"@id":"https:\/\/contadoreshoy.com\/?p=7641"},"wordCount":602,"commentCount":0,"publisher":{"@id":"https:\/\/contadoreshoy.com\/#organization"},"inLanguage":"es","potentialAction":[{"@type":"CommentAction","name":"Comment","target":["https:\/\/contadoreshoy.com\/?p=7641#respond"]}]},{"@type":"WebPage","@id":"https:\/\/contadoreshoy.com\/?p=7641","url":"https:\/\/contadoreshoy.com\/?p=7641","name":"Decreto 1759 noviembre 08 de 2016 - Ampl\u00eda plazo para registrar Bases de Datos - Contadores P\u00fablicos","isPartOf":{"@id":"https:\/\/contadoreshoy.com\/#website"},"datePublished":"2016-11-16T21:21:03+00:00","dateModified":"2017-02-05T02:57:58+00:00","breadcrumb":{"@id":"https:\/\/contadoreshoy.com\/?p=7641#breadcrumb"},"inLanguage":"es","potentialAction":[{"@type":"ReadAction","target":["https:\/\/contadoreshoy.com\/?p=7641"]}]},{"@type":"BreadcrumbList","@id":"https:\/\/contadoreshoy.com\/?p=7641#breadcrumb","itemListElement":[{"@type":"ListItem","position":1,"name":"Portada","item":"https:\/\/contadoreshoy.com\/"},{"@type":"ListItem","position":2,"name":"Decreto 1759 noviembre 08 de 2016 &#8211; Ampl\u00eda plazo para registrar Bases de Datos"}]},{"@type":"WebSite","@id":"https:\/\/contadoreshoy.com\/#website","url":"https:\/\/contadoreshoy.com\/","name":"Contadorespublicossantander","description":"Portal para Contadores P\u00fablicos y empresarios","publisher":{"@id":"https:\/\/contadoreshoy.com\/#organization"},"potentialAction":[{"@type":"SearchAction","target":{"@type":"EntryPoint","urlTemplate":"https:\/\/contadoreshoy.com\/?s={search_term_string}"},"query-input":{"@type":"PropertyValueSpecification","valueRequired":true,"valueName":"search_term_string"}}],"inLanguage":"es"},{"@type":"Organization","@id":"https:\/\/contadoreshoy.com\/#organization","name":"Contadores P\u00fablicos de Santander","url":"https:\/\/contadoreshoy.com\/","logo":{"@type":"ImageObject","inLanguage":"es","@id":"https:\/\/contadoreshoy.com\/#\/schema\/logo\/image\/","url":"https:\/\/contadoreshoy.com\/wp-content\/uploads\/2024\/01\/cropped-cropped-Copia-de-M-1.jpg","contentUrl":"https:\/\/contadoreshoy.com\/wp-content\/uploads\/2024\/01\/cropped-cropped-Copia-de-M-1.jpg","width":499,"height":500,"caption":"Contadores P\u00fablicos de Santander"},"image":{"@id":"https:\/\/contadoreshoy.com\/#\/schema\/logo\/image\/"},"sameAs":["https:\/\/www.facebook.com\/CCCPBucaramanga\/"]},{"@type":"Person","@id":"https:\/\/contadoreshoy.com\/#\/schema\/person\/96d8979cb865537c5dc9345e40089fc5","name":"Miguel Antonio M\u00e1rquez Monta\u00f1ez","description":"Contador P\u00fablico egresado de la Universidad Aut\u00f3noma de Bucaramanga - Asesor contable tributario con m\u00e1s de 25 a\u00f1os de experiencia - Conferencista en temas contables y tributarios - T\u00e9cnico en Hardware y Dise\u00f1o Web - Creador y director Grupo de Estudio Colegio Colombiano de Contadores P\u00fablicos de Bucaramanga - Creador y Master Web p\u00e1gina www.contadoresp\u00fablicossantander.com - Expresidente Colegio Colombiano de Contadores P\u00fablicos Bucaramanga","url":"https:\/\/contadoreshoy.com\/?author=1"}]}},"_links":{"self":[{"href":"https:\/\/contadoreshoy.com\/index.php?rest_route=\/wp\/v2\/posts\/7641","targetHints":{"allow":["GET"]}}],"collection":[{"href":"https:\/\/contadoreshoy.com\/index.php?rest_route=\/wp\/v2\/posts"}],"about":[{"href":"https:\/\/contadoreshoy.com\/index.php?rest_route=\/wp\/v2\/types\/post"}],"author":[{"embeddable":true,"href":"https:\/\/contadoreshoy.com\/index.php?rest_route=\/wp\/v2\/users\/1"}],"replies":[{"embeddable":true,"href":"https:\/\/contadoreshoy.com\/index.php?rest_route=%2Fwp%2Fv2%2Fcomments&post=7641"}],"version-history":[{"count":1,"href":"https:\/\/contadoreshoy.com\/index.php?rest_route=\/wp\/v2\/posts\/7641\/revisions"}],"predecessor-version":[{"id":7815,"href":"https:\/\/contadoreshoy.com\/index.php?rest_route=\/wp\/v2\/posts\/7641\/revisions\/7815"}],"wp:attachment":[{"href":"https:\/\/contadoreshoy.com\/index.php?rest_route=%2Fwp%2Fv2%2Fmedia&parent=7641"}],"wp:term":[{"taxonomy":"category","embeddable":true,"href":"https:\/\/contadoreshoy.com\/index.php?rest_route=%2Fwp%2Fv2%2Fcategories&post=7641"},{"taxonomy":"post_tag","embeddable":true,"href":"https:\/\/contadoreshoy.com\/index.php?rest_route=%2Fwp%2Fv2%2Ftags&post=7641"}],"curies":[{"name":"wp","href":"https:\/\/api.w.org\/{rel}","templated":true}]}}