{"id":7651,"date":"2016-11-25T23:58:21","date_gmt":"2016-11-26T04:58:21","guid":{"rendered":"http:\/\/colegiocolombianodecontadores.com\/?p=7651"},"modified":"2017-02-04T21:57:58","modified_gmt":"2017-02-05T02:57:58","slug":"oficio-02878-septiembre-27-de-2016-dian-prestador-de-servicios-de-transporte-es-trabajador-independiente-y-se-debe-verificar-pago-de-aportes-de-seguridad-social","status":"publish","type":"post","link":"https:\/\/contadoreshoy.com\/?p=7651","title":{"rendered":"Oficio 02878 septiembre 27 de 2016 DIAN &#8211; Prestador de servicios de Transporte es trabajador independiente y se debe verificar pago de aportes de seguridad social"},"content":{"rendered":"<p style=\"text-align: center;\">OFICIO 020878 SEPTIEMBRE 27 DE 2016 DIAN<\/p>\n<p>Referencia: Radicado n\u00famero 100202513-481 del 26 de mayo de 2016<\/p>\n<table style=\"height: 284px;\" width=\"1289\">\n<tbody>\n<tr>\n<td width=\"113\">Tema<\/td>\n<td width=\"24\">&nbsp;<\/td>\n<td width=\"317\">Impuesto sobre la Renta y Complementarios<\/td>\n<\/tr>\n<tr>\n<td width=\"113\">Descriptores<\/td>\n<td width=\"24\">&nbsp;<\/td>\n<td width=\"317\">Deducciones<\/td>\n<\/tr>\n<tr>\n<td width=\"113\">Fuentes formales<\/td>\n<td width=\"24\">&nbsp;<\/td>\n<td width=\"317\">Oficios n\u00famero 060032 del 23 de septiembre de 2013, n\u00famero 034321 del 6 de junio de 2014 y n\u00famero 000058 del 29 de enero de 2016.<\/td>\n<\/tr>\n<\/tbody>\n<\/table>\n<p style=\"text-align: justify;\">Atento saludo se\u00f1ora Gloria Nancy:<\/p>\n<p style=\"text-align: justify;\">De conformidad con el art\u00edculo 19 del Decreto 4048 de 2008 es funci\u00f3n de esta Direcci\u00f3n absolver las consultas escritas que se formulen sobre la interpretaci\u00f3n y aplicaci\u00f3n de las normas tributarias de car\u00e1cter nacional, aduaneras y cambiarias en lo de competencia de la Entidad, as\u00ed como normas de personal, presupuestal y de contrataci\u00f3n administrativa que formulen las diferentes dependencias a su interior, \u00e1mbito dentro del cual ser\u00e1 atendida su solicitud.<\/p>\n<p style=\"text-align: justify;\"><span style=\"color: #0000ff;\">Mediante el radicado de la referencia solicita la reconsideraci\u00f3n de los Oficios n\u00famero 060032 del 23 de septiembre de 2013 y n\u00famero 034321 del 6 de junio de 2014 de acuerdo con los siguientes argumentos, que fueran manifestados por un contribuyente que ha solicitado <em>\u201cacompa\u00f1amiento por encontrar diferencia de criterios en la procedencia de la deducci\u00f3n por pagos realizados a una persona natural que presta servicios de transporte de carga\u201d<\/em>:<\/span><\/p>\n<p style=\"text-align: justify;\"><em>\u201c3. El art\u00edculo 1\u00b0 del Decreto 3032 de 2013 nos dice que se debe considerar servicio personal toda actividad, labor o trabajo prestado directamente por una persona natural, en donde se d\u00e9 una obligaci\u00f3n de hacer, sin importar si prima el factor material o intelectual, y que de esta relaci\u00f3n se d\u00e9 una contraprestaci\u00f3n; partiendo de esta definici\u00f3n debemos decir que <strong>los contratos que no lleven impl\u00edcito una obligaci\u00f3n de hacer como es el contrato comercial de transporte<\/strong>, por lo cual, no estamos hablando de la prestaci\u00f3n de un servicio personal y por consiguiente, <strong>el contratante del flete no necesitar\u00e1 verificar el pago al Sistema General de Seguridad Social de la otra parte<\/strong>.<\/em><\/p>\n<ol style=\"text-align: justify;\" start=\"4\">\n<li><strong><em>Los Servicios de Transporte que presta una persona natural no pueden caracterizarse como un servicio personal y un transportador no puede ser considerado como trabajador independiente. <\/em><\/strong><em>Y seg\u00fan el Oficio n\u00famero 050629 de 2012, para la Administraci\u00f3n Tributaria el concepto de trabajador independiente no abarca a todas las personas que obtienen ingresos por conceptos diferentes a una relaci\u00f3n laboral, puesto que <strong>en el caso de transporte de carga prestado (\u2026) por una persona natural, no existe una prestaci\u00f3n personal de un servicio, ya que en el transporte se utiliza un bien mueble (veh\u00edculos) para la obtenci\u00f3n de ingresos, cuyo involucramiento hace que no se verifique una prestaci\u00f3n personal de un servicio en forma directa por la personal natural<\/strong> (\u2026).<\/em><\/li>\n<li><em>La doctrina de la DIAN mediante Concepto n\u00famero 050629 de 2012 y el Concepto 048258 de 2014, diferencia un trabajador independiente, de un rentista de capital o de un prestador de servicios comerciales y para que un sujeto pueda caer en la esfera de los trabajadores independientes se requiere que haya una renta de trabajo, sin un v\u00ednculo laboral y que la actuaci\u00f3n sea desarrollada por cuenta propia; configur\u00e1ndose la condici\u00f3n de trabajador independiente sobre aquel que por su actividad personal recibe compensaci\u00f3n por honorarios, comisiones o servicios en los t\u00e9rminos del art\u00edculo 103 del Estatuto Tributario.<\/em><\/li>\n<\/ol>\n<p style=\"text-align: justify;\"><em>(\u2026)<\/em><\/p>\n<ol style=\"text-align: justify;\" start=\"9\">\n<li><em> El concepto 060032 de 2013 vulnera el par\u00e1grafo 2\u00b0 del art\u00edculo 108 del ET (\u2026) pues la procedencia de la deducci\u00f3n por pagos realizados a una persona natural que presta servicios de transporte de carga, no est\u00e1 condicionada a que el contratante verifique la afiliaci\u00f3n y el pago de las cotizaciones y aportes al Sistema General de Seguridad Social que le corresponden al contratista seg\u00fan la ley; est\u00e1 obligado s\u00ed, a realizar esta verificaci\u00f3n por expresa disposici\u00f3n del art\u00edculo 23 del Decreto 1703 de 2002, reglamentario de la Ley 100 de 1993 (\u2026)\u201d (sic) <\/em>(negrilla fuera de texto).<\/li>\n<\/ol>\n<p style=\"text-align: justify;\">Asimismo, la Defensor\u00eda del Contribuyente y del Usuario Aduanero considera:<\/p>\n<p style=\"text-align: justify;\"><em>\u201cAl catalogarse el transportador de carga como empresario y como arrendador, <strong>el contrato de transporte produce una renta comercial y, por lo tanto, no podr\u00eda encajarse en el estricto concepto de un servicio personal o trabajador independiente<\/strong>.<\/em><\/p>\n<p style=\"text-align: justify;\"><em>(\u2026) el contrato es un arrendamiento el cual conlleva anexo, inseparable, un bien mueble, como por ejemplo un cami\u00f3n, conformando una empresa con activos y configurando un ente natural o jur\u00eddico.<\/em><\/p>\n<p style=\"text-align: justify;\"><em>Para identificar la naturaleza de este contrato, prima el objeto contractual, sobre el subjetivo, lo cual, el que sea suscrito por una persona natural o jur\u00eddica no altera la naturaleza del mismo. El contratado decidir\u00e1 si lo hace \u00e9l mismo, lo hace un trabajador suyo o lo subcontrata.<\/em><\/p>\n<p style=\"text-align: justify;\"><em>(\u2026)<\/em><\/p>\n<p style=\"text-align: justify;\"><em>Al determinar que <strong>los contratos de transporte es un arrendamiento con un empresario, de acuerdo al C\u00f3digo Civil, para que ejerza una actividad comercial no podr\u00eda catalogarse como trabajador independiente y, por lo tanto, no se le deber\u00eda exigir el soporte de pago de la seguridad social para tener derecho a la deducci\u00f3n por el pago a personas naturales que prestan servicios de transporte de carga<\/strong>.<\/em><\/p>\n<p style=\"text-align: justify;\"><em>(\u2026)<\/em><\/p>\n<p style=\"text-align: justify;\"><em>Nuestra posici\u00f3n es que la DIAN ha interpretado mediante los conceptos, utilizando la analog\u00eda, para darle un tratamiento al transportador de carga como un trabajador independiente. Esta posici\u00f3n les implica incorporar nuevos requisitos a los contribuyentes respecto de las transacciones que realizan con este tipo de actividades, desconociendo el derecho a la deducibilidad que legalmente pueden tener.<\/em><\/p>\n<p style=\"text-align: justify;\"><em>(\u2026)<\/em><\/p>\n<p style=\"text-align: justify;\"><em>Al no existir una norma expresa donde establezca que la persona que posee un activo para ejercer el transporte de carga y es contratado por una persona natural o jur\u00eddica, es un trabajador independiente, aun analizando las distintas normas que rigen las afiliaciones a la Seguridad Social, es v\u00e1lido interpretar que no es expl\u00edcita y que obliga al contribuyente a aportar m\u00e1s de lo que las normas fiscales establecen.\u201d (sic) <\/em>(negrilla fuera de texto).<\/p>\n<p style=\"text-align: justify;\">Ahora bien, en el Oficio n\u00famero 060032 del 23 de septiembre de 2013, este Despacho expres\u00f3:<\/p>\n<p style=\"text-align: justify;\"><em>\u201cConsulta con fundamento en el art\u00edculo 3\u00b0 del Decreto 1070 de 2013, si para tener derecho a su deducci\u00f3n, el pago realizado a una persona natural que presta servicios de transporte de carga con su propio veh\u00edculo est\u00e1 sujeto a soportarse con la planilla de pago de seguridad social?<\/em><\/p>\n<p style=\"text-align: justify;\"><em>La Ley 1393 de 2010, en sus art\u00edculos 26 y 27 establece lo siguiente:<\/em><\/p>\n<p style=\"text-align: justify;\"><em>\u2018Art\u00edculo 26. La celebraci\u00f3n y cumplimiento de las obligaciones derivadas de contratos de prestaci\u00f3n de servicios estar\u00e1 condicionada a la verificaci\u00f3n por parte del contratante de la afiliaci\u00f3n y pago de los aportes al sistema de protecci\u00f3n social, conforme a la reglamentaci\u00f3n que para tal efecto expida el Gobierno nacional. (\u2026)<\/em><\/p>\n<p style=\"text-align: justify;\"><em>Art\u00edculo 27. Adici\u00f3nese el art\u00edculo 108 del Estatuto Tributario con el siguiente par\u00e1grafo:<\/em><\/p>\n<p style=\"text-align: justify;\"><em>\u2018Par\u00e1grafo 2\u00b0. Para efectos de la deducci\u00f3n por salarios de que trata el presente art\u00edculo se entender\u00e1 que tales aportes parafiscales deben efectuarse de acuerdo con lo establecido en las normas vigentes. Igualmente, para la procedencia de la deducci\u00f3n por pagos a trabajadores independientes, el contratante deber\u00e1 verificar la afiliaci\u00f3n y el pago de las cotizaciones y aportes a la protecci\u00f3n social que le corresponden al contratista seg\u00fan la ley, de acuerdo con el reglamento que se expida por el Gobierno nacional. Lo anterior aplicar\u00e1 igualmente para el cumplimiento de la obligaci\u00f3n de retener cuando esta proceda\u2019\u2019.<\/em><\/p>\n<p style=\"text-align: justify;\"><em>A su turno, el art\u00edculo 3\u00b0 del Decreto Reglamentario 1070 de 2013, se\u00f1ala:<\/em><\/p>\n<p style=\"text-align: justify;\"><em>\u2018(\u2026)<\/em><\/p>\n<p style=\"text-align: justify;\"><em>Para la procedencia de la deducci\u00f3n en el impuesto sobre la renta de los pagos realizados a las personas mencionadas en el inciso anterior, el contratante deber\u00e1 verificar que el pago de dichas contribuciones al Sistema General de Seguridad Social est\u00e9 realizado en debida forma, en relaci\u00f3n con los ingresos obtenidos por los pagos relacionados con el contrato respectivo, en los t\u00e9rminos del art\u00edculo 18 de la Ley 1122 de 2007, aquellas disposiciones que la adicionen, modifiquen o sustituyan, y dem\u00e1s normas aplicables en la materia\u2019.<\/em><\/p>\n<p style=\"text-align: justify;\"><em>En consonancia con las disposiciones anteriores, el Decreto 1406 de 1999 por el cual se reglamenta la Ley 100 de 1993, dispone en su art\u00edculo 16 \u2018Clases de aportantes\u2019 que para efectos de dicho decreto, los aportantes del Sistema de Seguridad Social Integral ser\u00e1n de tres (3) clases: a) Grandes Aportantes, b) Peque\u00f1os Aportantes y c) Trabajadores Independientes. Seg\u00fan la misma norma, se clasifica como trabajador independiente a aquel que no se encuentre vinculado laboralmente a un empleador, mediante contrato de trabajo o a trav\u00e9s de una relaci\u00f3n legal y reglamentaria.<\/em><\/p>\n<p style=\"text-align: justify;\"><em>Por su parte, el inciso primero del art\u00edculo 23 del Decreto 1703 de 2002, reglamentario de la Ley 100 de 1993, establece:<\/em><\/p>\n<p style=\"text-align: justify;\"><em>\u2018<strong>Art\u00edculo 23. Cotizaciones en contrataci\u00f3n no laboral.<\/strong> Para efectos de lo establecido en el art\u00edculo 271 de la Ley 100 de 1993, en los contratos en donde est\u00e9 involucrada la ejecuci\u00f3n de un servicio por una persona natural en favor de una persona natural o jur\u00eddica de derecho p\u00fablico o privado, tales como contratos de obra, de arrendamiento de servicios, de prestaci\u00f3n de servicios, consultor\u00eda, asesor\u00eda y cuya duraci\u00f3n sea superior a tres (3) meses, la parte contratante deber\u00e1 verificar la afiliaci\u00f3n y pago de aportes al Sistema General de Seguridad Social en Salud\u2019.<\/em><\/p>\n<p style=\"text-align: justify;\"><em>En este orden de ideas, <strong>en la determinaci\u00f3n del impuesto sobre la renta, para la procedencia de la deducci\u00f3n por pagos realizados a una persona natural que presta servicios de transporte de carga, el contratante deber\u00e1 verificar la afiliaci\u00f3n y el pago de las cotizaciones y aportes al Sistema General de Seguridad Social que le corresponden al contratista seg\u00fan la ley<\/strong>.\u201d <\/em>(Negrilla fuera de texto).<\/p>\n<p style=\"text-align: justify;\">A su vez, en el Oficio n\u00famero 034321 del 6 de junio de 2014 se reiter\u00f3:<\/p>\n<p style=\"text-align: justify;\"><em>\u201cSolicita la reconsideraci\u00f3n del Oficio n\u00famero 060032 del 23 de septiembre de 2013, en el cual se concluy\u00f3 que para la procedencia de la deducci\u00f3n por pagos realizados a una persona natural que presta servicios de transporte de carga, el contratante deber\u00e1 verificar la afiliaci\u00f3n y el pago de las cotizaciones y aportes al Sistema General de Seguridad Social que le correspondan al contratista seg\u00fan la ley.<\/em><\/p>\n<p style=\"text-align: justify;\"><em>A juicio del peticionario, el contratante no est\u00e1 en la obligaci\u00f3n de verificar la afiliaci\u00f3n y pago de las cotizaciones a la seguridad social, para efectos de la deducibilidad de los pagos, dado que el transportador de carga no se considera trabajador independiente y tampoco se trata de la prestaci\u00f3n de un servicio personal. Al respecto manifiesta, que el art\u00edculo 3\u00b0 del Decreto 1070 de 2013 no aplica en aquellos casos en los que no exista un servicio personal por parte de la persona natural, como en el caso de los arrendamientos, suministros de bienes, transporte de carga, ni en los casos en los cuales el pago no se entienda realizado a un trabajador independiente, seg\u00fan lo previsto en los art\u00edculos 108 y 594-1 del Estatuto Tributario.<\/em><\/p>\n<p style=\"text-align: justify;\"><em>En este sentido, <strong>considera que los servicios de transporte que presta una persona natural no pueden caracterizarse como un servicio personal y un transportador no puede ser considerado como trabajador independiente, porque por una parte, de acuerdo con el Oficio n\u00famero 067669 de 2012, la DIAN entiende que los servicios de transporte son una categor\u00eda particular de ingresos tributarios, sometidos a una retenci\u00f3n en la fuente especial, que tiene prevalencia sobre otras tarifas de retenci\u00f3n en la fuente y por otra, seg\u00fan el Oficio n\u00famero 050629 de 2012, para la Administraci\u00f3n Tributaria el concepto de trabajador independiente no abarca a todas las personas que obtienen ingresos por conceptos diferentes a una relaci\u00f3n laboral, puesto que en el caso de los arrendamientos no existe una prestaci\u00f3n personal de un servicio y entiende que ocurre lo mismo en el caso de los transportadores, ya que en el caso del transporte se utiliza un bien mueble (veh\u00edculos) para la obtenci\u00f3n de los ingresos, cuyo involucramiento hace que no se verifique una prestaci\u00f3n personal de un servicio en forma directa por la persona natural, dado que el servicio se presta a trav\u00e9s del veh\u00edculo respectivo<\/strong>.<\/em><\/p>\n<p style=\"text-align: justify;\"><em>Por otro lado, trae a colaci\u00f3n varias definiciones legales y jurisprudenciales del contrato de prestaci\u00f3n de servicios, concluyendo que existen diversos contratos, entre ellos el de suministro y el de transporte, que aunque pueden llevar impl\u00edcitas obligaciones de hacer, <strong>por tener dichas obligaciones car\u00e1cter comercial, no califican para ser denominados contratos de prestaci\u00f3n de servicios, para efectos de lo dispuesto en la Ley 1393 de 2010 y el Decreto 1070 de 2013<\/strong>.<\/em><\/p>\n<p style=\"text-align: justify;\"><em>Reitera, que la doctrina citada anteriormente, diferencia un trabajador independiente, de un rentista de capital o de un prestador de servicios comerciales y <strong>para que un sujeto pueda caer en la esfera de los trabajadores independientes se requiere que haya una renta de trabajo, sin un v\u00ednculo laboral y que la actuaci\u00f3n sea desarrollada por cuenta propia; configur\u00e1ndose la condici\u00f3n de trabajador independiente sobre aquel que por su actividad personal recibe compensaci\u00f3n por honorarios, comisiones o servicios, en los t\u00e9rminos del art\u00edculo 103 del Estatuto Tributario<\/strong>.<\/em><\/p>\n<p style=\"text-align: justify;\"><em>Todo lo anterior para concluir que <strong>cuando el art\u00edculo 108 del Estatuto Tributario se refiere a los trabajadores independientes, lo hace en la dimensi\u00f3n de aquellas personas naturales que sin un v\u00ednculo de subordinaci\u00f3n, desarrollan una actividad personal que les resulta remunerada con honorarios, comisiones o servicios. Por tanto, no es trabajador independiente, quien presta servicios no personales, tales como el transporte de carga o de pasajeros (renta comercial)<\/strong>, el arrendamiento de bienes (renta de capital), los rendimientos financieros por pr\u00e9stamos (renta de capital) o el suministro de bienes (renta comercial o civil).<\/em><\/p>\n<p style=\"text-align: justify;\"><span style=\"color: #ff6600;\"><em>Al respecto, este Despacho hace las siguientes consideraciones:<\/em><\/span><\/p>\n<p style=\"text-align: justify;\"><em>B\u00e1sicamente los argumentos del peticionario, apuntan a que en el servicio de transporte de carga, no aplica lo previsto en el art\u00edculo 26 de la Ley 1393 de 2010, en el art\u00edculo 108 del Estatuto Tributario y en el Decreto 1070 de 2013, porque de acuerdo con la doctrina de la DIAN vigente, el transportador no encuadra en la definici\u00f3n de trabajador independiente, por las siguientes razones: la persona natural no presta el servicio de manera personal y directa sino mediante la utilizaci\u00f3n de un veh\u00edculo, la remuneraci\u00f3n no corresponde a una renta de trabajo por concepto de honorarios, comisiones o servicios, sino a una renta comercial y la retenci\u00f3n en la fuente a t\u00edtulo de impuesto sobre la renta no se practica por concepto de servicios sino de otros ingresos tributarios.<\/em><\/p>\n<p style=\"text-align: justify;\"><em>En primer lugar se advierte que si bien la doctrina citada fue emitida en el contexto del art\u00edculo 13 de la Ley 1527 de 2012, (hoy derogado por el art\u00edculo 198 de la Ley 1607 de 2012), cuyo prop\u00f3sito era morigerar la retenci\u00f3n en la fuente a t\u00edtulo de impuesto de renta sobre los pagos o abonos en cuenta por concepto de prestaci\u00f3n de servicios, realizados a los trabajadores independientes pertenecientes al r\u00e9gimen simplificado, o que cumplieran los topes y condiciones de este r\u00e9gimen, cuando no fueran responsables del impuesto sobre las ventas; recobra vigencia con ocasi\u00f3n de la expedici\u00f3n del Decreto 3032 del 27 de diciembre de 2013 que modific\u00f3 el Decreto 1070 de 2013 y aporta elementos de juicio para efectos de la consulta que nos ocupa, mas no con el alcance que pretende darle el peticionario.<\/em><\/p>\n<p style=\"text-align: justify;\"><em>En efecto, en el Oficio n\u00famero 050629 del 10 de agosto de 2012 se manifiesta que para efectos fiscales el legislador no se ha ocupado de definir expresamente qu\u00e9 se entiende por trabajador independiente, y de acuerdo con el compendio de la doctrina vigente, se considera como tal a la persona natural que sin tener un v\u00ednculo laboral con un empleador o una relaci\u00f3n legal o reglamentaria, presta un servicio personal y recibe como contraprestaci\u00f3n una remuneraci\u00f3n que bien puede corresponder al concepto de honorarios, comisiones o servicios o cualquier otra compensaci\u00f3n dependiendo de la naturaleza y calificaci\u00f3n del servicio, en los t\u00e9rminos del art\u00edculo 103 del Estatuto Tributario.<\/em><\/p>\n<p style=\"text-align: justify;\"><em><\/em><em>As\u00ed mismo, el mencionado oficio, concluye que en t\u00e9rminos generales la prestaci\u00f3n de servicios, se concreta en una obligaci\u00f3n de hacer por una persona natural sin que medie <\/em>una relaci\u00f3n laboral con quien la contrata y por lo tanto comprende los servicios calificados y los no calificados. (Concepto n\u00famero 015454 del 10 de marzo de 1998).<\/p>\n<p style=\"text-align: justify;\"><em>Por otra parte, es necesario aclarar, que en el Oficio n\u00famero 067669 del 29 de octubre de 2012, lo que concluye la Oficina Jur\u00eddica con base en el Concepto Especial de Retenci\u00f3n en la Fuente a t\u00edtulo de Impuesto sobre la Renta n\u00famero 023562 del 23 de marzo de 2001, es que al servicio de transporte terrestre de carga, se le debe practicar retenci\u00f3n en la fuente a t\u00edtulo de impuesto sobre la renta por concepto de servicios y no por concepto de otros ingresos tributarios, como lo entiende el consultante.<\/em><\/p>\n<p style=\"text-align: justify;\"><em>Consecuente con lo arriba mencionado, el art\u00edculo 1\u00b0 del Decreto Reglamentario 3032 de 2013, trae la siguiente definici\u00f3n de servicio personal, para efectos de la clasificaci\u00f3n en la categor\u00eda tributaria de empleado:<\/em><\/p>\n<p style=\"text-align: justify;\"><em>\u2018Servicio personal: Se considera servicio personal toda actividad, labor o trabajo prestado directamente por una persona natural, que se concreta en una obligaci\u00f3n de hacer, sin importar que en la misma predomine el factor material o intelectual, y que genera una contraprestaci\u00f3n en dinero o en especie, independientemente de su denominaci\u00f3n o forma de remuneraci\u00f3n.\u2019<\/em><\/p>\n<p style=\"text-align: justify;\"><em>Sin perjuicio de lo anterior, el art\u00edculo 3\u00b0 del Decreto Reglamentario 1070 de 2013, debe interpretarse principalmente en el contexto del Sistema General de Seguridad Social.<\/em><\/p>\n<p style=\"text-align: justify;\"><em>Al punto cabe recordar que el art\u00edculo 3\u00b0 del Decreto 1070 de 2013, fue modificado por el art\u00edculo 9\u00b0 del Decreto 3032 de 2013, circunscribiendo su aplicaci\u00f3n a los contratos de prestaci\u00f3n de servicios, en los siguientes t\u00e9rminos:<\/em><\/p>\n<p style=\"text-align: justify;\"><em>\u2018Art\u00edculo 3\u00b0. Contribuciones al Sistema General de Seguridad Social. De acuerdo con lo previsto en el art\u00edculo 26 de la Ley 1393 de 2010 y el art\u00edculo 108 del Estatuto Tributario, la disminuci\u00f3n de la base de retenci\u00f3n para las personas naturales residentes cuyos ingresos no provengan de una relaci\u00f3n laboral, o legal y reglamentaria, por concepto de contribuciones al Sistema General de Seguridad Social, pertenezcan o no a la categor\u00eda de empleados, estar\u00e1 condicionada a su liquidaci\u00f3n y pago en lo relacionado con las sumas que son objeto del contrato, para lo cual se adjuntar\u00e1 a la respectiva factura o documento equivalente copia de la planilla o documento de pago.<\/em><\/p>\n<p style=\"text-align: justify;\"><em>Para la procedencia de la deducci\u00f3n en el impuesto sobre la renta de los pagos realizados a las personas mencionadas en el inciso anterior por concepto de contratos de prestaci\u00f3n de servicios, el contratante deber\u00e1 verificar que los aportes al Sistema General de Seguridad Social est\u00e9n realizados de acuerdo con los ingresos obtenidos en el contrato respectivo, en los t\u00e9rminos del art\u00edculo 18 de la Ley 1122 de 2007, los Decretos n\u00fameros 1703 de 2002 y 510 de 2003, las dem\u00e1s normas vigentes sobre la materia, as\u00ed como aquellas disposiciones que las adicionen, modifiquen o sustituyan. <\/em><\/p>\n<p style=\"text-align: justify;\"><em>(\u2026)\u2019<\/em><\/p>\n<p style=\"text-align: justify;\"><em>A su turno, las normas reglamentadas de la Ley 1393 de 2010, establecen:<\/em><\/p>\n<p style=\"text-align: justify;\"><em>\u2018Art\u00edculo 26. La celebraci\u00f3n y cumplimiento de las obligaciones derivadas de contratos de prestaci\u00f3n de servicios estar\u00e1 condicionada a la verificaci\u00f3n por parte del contratante de la afiliaci\u00f3n y pago de los aportes al sistema de protecci\u00f3n social, conforme a la reglamentaci\u00f3n que para tal efecto expida el Gobierno nacional. (\u2026)<\/em><\/p>\n<p style=\"text-align: justify;\"><em>Art\u00edculo 27. Adici\u00f3nese el art\u00edculo 108 del Estatuto Tributario con el siguiente par\u00e1grafo:<\/em><\/p>\n<p style=\"text-align: justify;\"><em>\u2018<strong>Par\u00e1grafo 2\u00b0.<\/strong> Para efectos de la deducci\u00f3n por salarios de que trata el presente art\u00edculo se entender\u00e1 que tales aportes parafiscales deben efectuarse de acuerdo con lo establecido en las normas vigentes. Igualmente, para la procedencia de la deducci\u00f3n por pagos a trabajadores independientes, el contratante deber\u00e1 verificar la afiliaci\u00f3n y el pago de las cotizaciones y aportes a la protecci\u00f3n social que le corresponden al contratista seg\u00fan la ley, de acuerdo con el reglamento que se expida por el Gobierno nacional. Lo anterior aplicar\u00e1 igualmente para el cumplimiento de la obligaci\u00f3n de retener cuando esta proceda.\u201d<\/em><\/p>\n<p style=\"text-align: justify;\"><em>El aludido Sistema de Seguridad Social Integral, seg\u00fan las voces del art\u00edculo 8\u00b0 de la Ley 100 de 1993, est\u00e1 conformado por los reg\u00edmenes generales establecidos para pensiones, salud, riesgos profesionales (hoy laborales) y los servicios sociales complementarios que se definen en dicha ley.<\/em><\/p>\n<p style=\"text-align: justify;\"><em>En consonancia con las disposiciones anteriores, el Decreto 1406 de 1999 por el cual se reglamenta la Ley 100 de 1993, dispone en su art\u00edculo 16 \u2018Clases de aportantes\u2019, que para efectos de dicho decreto los aportantes del Sistema de Seguridad Social Integral ser\u00e1n de tres (3) clases: a) Grandes Aportantes, b) Peque\u00f1os Aportantes y c) Trabajadores Independientes. Seg\u00fan la misma norma, se clasifica como trabajador independiente a aquel que no se encuentre vinculado laboralmente a un empleador, mediante contrato de trabajo o a trav\u00e9s de una relaci\u00f3n legal y reglamentaria.<\/em><\/p>\n<p style=\"text-align: justify;\"><em>A su vez, el art\u00edculo 15 de la Ley 100 de 1993, modificado por el art\u00edculo 3\u00b0 de la Ley 797 de 2003, se\u00f1ala que ser\u00e1n afiliados al Sistema General de Pensiones en forma obligatoria:<\/em><\/p>\n<p style=\"text-align: justify;\"><em>\u2018Todas aquellas personas vinculadas mediante contrato de trabajo o como servidores p\u00fablicos. As\u00ed mismo, las personas naturales que presten directamente servicios al Estado o a las entidades o empresas del sector privado, bajo la modalidad de contratos de prestaci\u00f3n de servicios, o cualquier otra modalidad de servicios que adopten, los trabajadores independientes y los grupos de poblaci\u00f3n que por sus caracter\u00edsticas o condiciones socioecon\u00f3micas sean elegidos para ser beneficiarios de subsidios a trav\u00e9s del Fondo de Solidaridad Pensional, de acuerdo con las disponibilidades presupuestales.\u2019<\/em><\/p>\n<p style=\"text-align: justify;\"><em>Concordante con lo anterior, el art\u00edculo 1\u00b0 del Decreto Reglamentario 510 de 2003, al que remite expresamente el art\u00edculo 3\u00b0 del Decreto 1070 de 2013, indica:<\/em><\/p>\n<p style=\"text-align: justify;\"><em>\u2018<strong>Art\u00edculo 1\u00b0.<\/strong> De conformidad con lo previsto por el art\u00edculo 15 de la Ley 100 de 1993, modificado por el art\u00edculo 3\u00b0 de la Ley 797 de 2003, las personas naturales que prestan directamente servicios al Estado o a las entidades o empresas del sector privado bajo la modalidad de contratos de prestaci\u00f3n de servicios o cualquier otra modalidad de servicios que adopten, deber\u00e1n estar afiliados al Sistema General de Pensiones y&#8230;\u2019.<\/em><\/p>\n<p style=\"text-align: justify;\"><em>Por su parte, el art\u00edculo 157 de la Ley 100 de 1993, se\u00f1ala que los afiliados al Sistema General de Seguridad Social en Salud mediante el r\u00e9gimen contributivo son las personas vinculadas a trav\u00e9s de contrato de trabajo, los servidores p\u00fablicos, los pensionados y jubilados y los trabajadores independientes con capacidad de pago.<\/em><\/p>\n<p style=\"text-align: justify;\"><em>Ahora bien, el inciso primero del art\u00edculo 23 del Decreto 1703 de 2002, al que remite expresamente el art\u00edculo 3\u00b0 del Decreto 1070 de 2013, se\u00f1ala:<\/em><\/p>\n<p style=\"text-align: justify;\"><em>\u2018<strong>Art\u00edculo 23. Cotizaciones en contrataci\u00f3n no laboral.<\/strong> Para efectos de lo establecido en el art\u00edculo 271 de la Ley 100 de 1993, en los contratos en donde est\u00e9 involucrada la ejecuci\u00f3n de un servicio por una persona natural en favor de una persona natural o jur\u00eddica de derecho p\u00fablico o privado, tales como contratos de obra, de arrendamiento de servicios, de prestaci\u00f3n de servicios, consultor\u00eda, asesor\u00eda y cuya duraci\u00f3n sea superior a tres (3) meses, la parte contratante deber\u00e1 verificar la afiliaci\u00f3n y pago de aportes al Sistema General de Seguridad Social en Salud.\u2019<\/em><\/p>\n<p style=\"text-align: justify;\"><em>En cuanto al Sistema General de Riesgos Laborales, el art\u00edculo 13 del Decreto-ley 1295 de 1994, modificado por el art\u00edculo 2\u00b0 de la Ley 1562 de 2012, ordena: \u2018<strong>Art\u00edculo 13. Afiliados.<\/strong> Son afiliados al Sistema General de Riesgos Laborales: <\/em>a) En forma obligatoria:<\/p>\n<ol style=\"text-align: justify;\">\n<li><em> Los trabajadores dependientes nacionales o extranjeros, vinculados mediante contrato de trabajo escrito o verbal y los servidores p\u00fablicos; las personas vinculadas a trav\u00e9s de un contrato formal de prestaci\u00f3n de servicios con entidades o instituciones p\u00fablicas o privadas, tales como contratos civiles, comerciales o administrativos, con una duraci\u00f3n superior a un mes y con precisi\u00f3n de las situaciones de tiempo, modo y lugar en que se realiza dicha prestaci\u00f3n.<\/em><\/li>\n<\/ol>\n<p style=\"text-align: justify;\">&#8230;\u2019.<\/p>\n<p style=\"text-align: justify;\"><span style=\"color: #0000ff;\"><em>En este contexto, se colige que <strong>por regla general, en los contratos sean civiles, comerciales o administrativos en donde est\u00e9 involucrada la prestaci\u00f3n de un servicio por una persona natural en favor de una persona natural o jur\u00eddica de derecho p\u00fablico o privado, indistintamente de la forma en que se pacte el servicio, de la denominaci\u00f3n de la remuneraci\u00f3n, o de los elementos o maquinaria utilizada para su prestaci\u00f3n (Oficio n\u00famero 072394 del 13 de noviembre de 2013), la parte contratante deber\u00e1 verificar la afiliaci\u00f3n y el pago de aportes al Sistema de Seguridad Social Integral<\/strong>.<\/em><\/span><\/p>\n<p style=\"text-align: justify;\"><span style=\"color: #ff6600;\"><em>Con todo, con el fin de despejar cualquier duda, este Despacho formul\u00f3 la siguiente consulta a la UAE de Gesti\u00f3n Pensional y Contribuciones Parafiscales de la Protecci\u00f3n Social &#8211; UGPP, mediante Oficio n\u00famero 075557 del 25 de noviembre de 2013, por ser la entidad competente al respecto:<\/em><\/span><\/p>\n<p style=\"text-align: justify;\"><em>\u201cLas personas naturales que prestan el servicio de transporte de carga como trabajadores independientes (sin v\u00ednculo laboral) con su propio veh\u00edculo o sin \u00e9l, est\u00e1n obligadas a efectuar aportes al Sistema General de Seguridad Social\u201d.<\/em><\/p>\n<p style=\"text-align: justify;\"><span style=\"color: #ff9900;\"><em>La Subdirecci\u00f3n Jur\u00eddica de Parafiscales de la UAE de Gesti\u00f3n Pensional y Contribuciones Parafiscales de la Protecci\u00f3n Social &#8211; UGPP, dio respuesta a la anterior solicitud, mediante Oficio n\u00famero UGPP 20139014031441 del 20 de diciembre de 2013, en los siguientes t\u00e9rminos:<\/em><\/span><\/p>\n<p style=\"text-align: justify;\"><span style=\"color: #ff9900;\"><em>\u2018- Deber de afiliarse y cotizar a los subsistemas de la protecci\u00f3n social en Salud, Pensi\u00f3n y Riesgos Laborales por parte de los trabajadores independientes, contratistas de prestaci\u00f3n de servicios y el deber del contratante de verificar su afiliaci\u00f3n y pago.<\/em><\/span><\/p>\n<p style=\"text-align: justify;\"><em>La Ley 1393 de 2010 \u2018Por la cual se definen rentas de destinaci\u00f3n espec\u00edfica para la salud, se adoptan medidas para promover actividades generadoras de recursos para la salud, para evitar la evasi\u00f3n y la elusi\u00f3n de aportes a la salud, se redireccionan recursos al interior del sistema de salud y se dictan otras disposiciones\u2019, en el art\u00edculo 26 consagr\u00f3 que en los contratos de prestaci\u00f3n de servicios el contratante debe comprobar la afiliaci\u00f3n y pago de los aportes del contratista al Sistema de la Protecci\u00f3n Social, a saber:<\/em><\/p>\n<p style=\"text-align: justify;\"><em>\u2018<strong>Art\u00edculo 26. <\/strong>La celebraci\u00f3n y cumplimiento de las obligaciones derivadas de contratos de prestaci\u00f3n de servicios estar\u00e1 condicionada a la verificaci\u00f3n por parte del contratante de la afiliaci\u00f3n y pago de los aportes al sistema de protecci\u00f3n social, conforme a la reglamentaci\u00f3n que para el efecto expida el Gobierno nacional.<\/em><\/p>\n<p style=\"text-align: justify;\"><em>(\u2026)\u2019<\/em><\/p>\n<p style=\"text-align: justify;\"><span style=\"color: #0000ff;\"><em>De las citadas disposiciones se colige que la persona jur\u00eddica contratante tiene la obligaci\u00f3n de exigirle a la persona natural con quien va a suscribir el contrato, la afiliaci\u00f3n y pago de los aportes al Sistema de la Protecci\u00f3n Social en Salud, Pensi\u00f3n y Riesgos Laborales si hay lugar, as\u00ed:<\/em><\/span><\/p>\n<ol style=\"text-align: justify;\">\n<li><em>a) Sistema General de Salud<\/em><\/li>\n<\/ol>\n<p style=\"text-align: justify;\"><em>Los objetivos del Sistema General de Seguridad Social en Salud son regular el servicio p\u00fablico esencial de salud y crear condiciones de acceso de toda la poblaci\u00f3n al servicio en todos los niveles de atenci\u00f3n. A su vez el art\u00edculo 157 de la Ley 100 de 1993 determin\u00f3 que existen varios participantes en el Sistema General de Seguridad Social en Salud, unos en calidad de afiliados al r\u00e9gimen contributivo o al r\u00e9gimen subsidiado y otros en forma temporal como participantes vinculados hoy poblaci\u00f3n pobre no asegurada.<\/em><\/p>\n<p style=\"text-align: justify;\"><em>Los afiliados al sistema mediante el r\u00e9gimen contributivo son:<\/em><\/p>\n<ul>\n<li style=\"text-align: justify;\"><em>Las personas vinculadas a trav\u00e9s de contrato de trabajo.<\/em><\/li>\n<li style=\"text-align: justify;\"><em>Los servidores p\u00fablicos.<\/em><\/li>\n<li style=\"text-align: justify;\"><em>Los pensionados y jubilados.<\/em><\/li>\n<li style=\"text-align: justify;\"><em>Los trabajadores independientes con capacidad de pago.<\/em><\/li>\n<li>\n<p style=\"text-align: justify;\"><em>Y los afiliados por medio del r\u00e9gimen subsidiado, son las personas sin capacidad de pago para cubrir el monto total de la cotizaci\u00f3n.<\/em><\/p>\n<p style=\"text-align: justify;\"><em>En el mismo sentido, el art\u00edculo 25 del Decreto 806 de 1998 \u2018por el cual se reglamenta la afiliaci\u00f3n al R\u00e9gimen de Seguridad Social en Salud y la prestaci\u00f3n de los beneficios del servicio p\u00fablico esencial de Seguridad Social en Salud y como servicio de inter\u00e9s general, en todo el territorio nacional\u2019, estableci\u00f3 que son afiliados al Sistema General de Seguridad Social en Salud:<\/em><\/p>\n<p style=\"text-align: justify;\"><em>\u2018(&#8230;) todos los residentes en Colombia que se encuentren afiliados al R\u00e9gimen Contributivo o al R\u00e9gimen Subsidiado y los vinculados temporalmente seg\u00fan lo dispuesto en el presente decreto.<\/em><\/p>\n<p style=\"text-align: justify;\"><em>La afiliaci\u00f3n al Sistema General de Seguridad en Salud, es obligatoria y se efectuar\u00e1 a trav\u00e9s de los reg\u00edmenes contributivo y subsidiado. Temporalmente, participar\u00e1 dentro del sistema la poblaci\u00f3n sin capacidad de pago que se encuentre vinculada al sistema.<\/em><\/p>\n<p style=\"text-align: justify;\"><em>(&#8230;)\u2019<\/em><\/p>\n<p style=\"text-align: justify;\"><em>As\u00ed mismo, el art\u00edculo 26 ib\u00eddem consagr\u00f3 lo siguiente:<\/em><\/p>\n<p style=\"text-align: justify;\"><em>\u2018Las personas con capacidad de pago deber\u00e1n afiliarse al R\u00e9gimen Contributivo mediante el pago de una cotizaci\u00f3n o aporte econ\u00f3mico previo, el cual ser\u00e1 financiado directamente por el afiliado o en concurrencia entre este y su empleador.<\/em><\/p>\n<p style=\"text-align: justify;\"><em>(&#8230;)\u2019<\/em><\/p>\n<p style=\"text-align: justify;\"><em>Con base en las normas estudiadas obs\u00e9rvese que las personas con capacidad de pago, deben estar afiliados al Sistema General de Seguridad Social en Salud por el R\u00e9gimen Contributivo, encontr\u00e1ndose en este grupo poblacional, aquellas personas vinculadas mediante contrato de trabajo verbal o escrito, los servidores p\u00fablicos, los pensionados y jubilados y los trabajadores independientes con capacidad de pago.<\/em><\/p>\n<p style=\"text-align: justify;\"><em>&#8230;<\/em><\/p>\n<ol style=\"text-align: justify;\">\n<li><em>b) Sistema General de Pensiones<\/em><\/li>\n<\/ol>\n<p style=\"text-align: justify;\"><em>Seg\u00fan el art\u00edculo 10 de la Ley 100 de 1993 el Sistema General de Pensiones tiene como objeto \u2018garantizar a la poblaci\u00f3n, el amparo contra las contingencias derivadas de la vejez, la invalidez y la muerte, mediante el reconocimiento de las pensiones y prestaciones que se determinan en la presente ley, as\u00ed como propender por la ampliaci\u00f3n progresiva de cobertura a los segmentos de poblaci\u00f3n no cubiertos con un sistema de pensiones.\u2019 <\/em><\/p>\n<p style=\"text-align: justify;\"><em>El art\u00edculo 3\u00b0 de la Ley 797 de 2003 \u2018por la cual se reforman algunas disposiciones del sistema general de pensiones previsto en la Ley 100 de 1993 y se adoptan disposiciones sobre los Reg\u00edmenes Pensionales exceptuados y especiales\u2019, que modific\u00f3 el art\u00edculo 15 de la Ley 100 de 1993 determin\u00f3 que son afiliados obligatorios al Sistema General de Pensiones:<\/em><\/p>\n<p style=\"text-align: justify;\"><em>\u20181. En forma obligatoria. Todas aquellas personas vinculadas mediante contrato de trabajo o como servidores p\u00fablicos. As\u00ed mismo, las personas naturales que presten directamente servicios al Estado o a las entidades o empresas del sector privado, bajo la modalidad de contratos de prestaci\u00f3n de servicios, o cualquier otra modalidad de servicios que adopten, los trabajadores independientes y los grupos de poblaci\u00f3n que por sus caracter\u00edsticas o condiciones socioecon\u00f3micas sean elegidos para ser beneficiarios de subsidios a trav\u00e9s del Fondo de Solidaridad Pensional, de acuerdo con las disponibilidades presupuestales.<\/em><\/p>\n<p style=\"text-align: justify;\"><em>(&#8230;)\u2019 &#8230;<\/em><\/p>\n<ol style=\"text-align: justify;\">\n<li><em>c) Sistema General de Riesgos Laborales<\/em><\/li>\n<\/ol>\n<p style=\"text-align: justify;\"><em>El art\u00edculo 2\u00b0 de la Ley 1562 de 2012 \u2018por el cual se modifica el sistema de riesgos laborales y se dictan otras disposiciones en materia de salud ocupacional\u2019 que modific\u00f3 el art\u00edculo 13 del Decreto-ley 1295 de 1994 consagr\u00f3 que son afiliados en forma obligatoria al Sistema General de Riesgos Laborales entre otros las personas que cuenten con un contrato de prestaci\u00f3n de servicios con empresas p\u00fablicas o privadas, con una duraci\u00f3n superior a un mes en el siguiente sentido:<\/em><\/p>\n<p style=\"text-align: justify;\"><em>\u2018Art\u00edculo 2\u00b0. Modif\u00edquese el art\u00edculo 13 del Decreto-ley 1295 de 1994, el cual quedar\u00e1 as\u00ed:<\/em><\/p>\n<p style=\"text-align: justify;\"><strong><em>Art\u00edculo 13. Afiliados.<\/em><\/strong><em> Son afiliados al Sistema General de Riesgos Laborales: a) En forma obligatoria:<\/em><\/p>\n<ol style=\"text-align: justify;\">\n<li><em> Los trabajadores dependientes nacionales o extranjeros, vinculados mediante contrato de trabajo escrito o verbal y los servidores p\u00fablicos; las personas vinculadas a trav\u00e9s de un contrato formal de prestaci\u00f3n de servicios con entidades o instituciones p\u00fablicas o privadas, tales como contratos civiles, comerciales o administrativos, con una duraci\u00f3n superior a un mes y con precisi\u00f3n de las situaciones de tiempo, modo y lugar en que se realiza dicha prestaci\u00f3n.<\/em><\/li>\n<\/ol>\n<p style=\"text-align: justify;\"><em>(&#8230;)\u2019 &#8230;<\/em><\/p>\n<p style=\"text-align: justify;\"><em>Efectuadas las anteriores precisiones, y respecto a la consulta esta Subdirecci\u00f3n se permite manifestar lo siguiente:<\/em><\/p>\n<ol style=\"text-align: justify;\">\n<li><em> Las personas naturales que prestan el servicio de transporte de carga como trabajadores independientes (sin v\u00ednculo laboral) con su propio veh\u00edculo o sin \u00e9l, \u00bfest\u00e1n obligadas a efectuar aportes al Sistema de Seguridad Social?<\/em><\/li>\n<\/ol>\n<p style=\"text-align: justify;\"><span style=\"color: #0000ff;\"><em>Respuesta: <strong>S\u00ed,<\/strong> <strong>el art\u00edculo 15 de la Ley 100 de 1993, modificado por el art\u00edculo 3\u00b0 de la Ley 797 de 2003, indica que son afiliados al Sistema General de Pensiones en forma obligatoria las personas naturales que presten servicios al Estado o a las entidades o empresas del sector privado, bajo la modalidad de contratos de prestaci\u00f3n de servicios, o cualquier otra modalidad de servicios que adopten, los trabajadores independientes<\/strong>.<\/em><\/span><\/p>\n<p style=\"text-align: justify;\"><span style=\"color: #ff9900;\"><em>En materia del Sistema General de Seguridad Social en Salud, el art\u00edculo 23 del Decreto 1703 de 2002 \u2018por el cual se adoptan medidas para promover y controlar la afiliaci\u00f3n y pago de aportes en el Sistema General de Seguridad Social en Salud\u2019 establece que en los contratos en los que est\u00e9 involucrada la ejecuci\u00f3n de un servicio por una persona natural en favor de una persona natural o jur\u00eddica de derecho p\u00fablico o privado, tales como contratos de obra, de arrendamiento de servicios, de prestaci\u00f3n de servicios, consultor\u00eda, asesor\u00eda con duraci\u00f3n superior a tres (3) meses, la parte contratante debe verificar la afiliaci\u00f3n y pago de aportes al Sistema General de Seguridad Social en Salud.<\/em><\/span><\/p>\n<p style=\"text-align: justify;\"><span style=\"color: #ff9900;\"><em>En cuanto al Sistema General de Riesgos Laborales el art\u00edculo 13 del Decreto 1295 de 1994, modificado por el art\u00edculo 2\u00b0 de la Ley 1562 de 2012, determin\u00f3 que <strong>son afiliados obligatorios al Sistema General de Riesgos Laborales entre otras personas aquellas vinculadas a trav\u00e9s de un contrato formal de prestaci\u00f3n de servicios con entidades p\u00fablicas o privadas, tales como contratos civiles, comerciales o administrativos<\/strong>, con una duraci\u00f3n superior a un mes y con precisi\u00f3n de las situaciones de tiempo, modo y lugar en que se realiza dicha prestaci\u00f3n.<\/em><\/span><\/p>\n<p style=\"text-align: justify;\"><em>&#8230;\u2019<\/em><\/p>\n<p style=\"text-align: justify;\"><em>En m\u00e9rito de lo expuesto se confirma el Oficio n\u00famero 060032 del 23 de septiembre de 2013.\u201d (sic) <\/em>(negrilla fuera de texto).<\/p>\n<p style=\"text-align: justify;\">Examinados los antepuestos pronunciamientos y ya que la Defensor\u00eda del Contribuyente y del Usuario Aduanero no aport\u00f3 elementos jur\u00eddicos nuevos que sustenten la necesidad de reconsiderar la doctrina previamente rese\u00f1ada, como quiera que tambi\u00e9n lo alegado por el contribuyente, en cuyo favor act\u00faa, fue tenido en cuenta en el Oficio n\u00famero 034321 del 6 de junio de 2014, esta Direcci\u00f3n se permite reiterar lo manifestado en los oficios objeto de disenso.<\/p>\n<p style=\"text-align: justify;\">Y es que, mediante Oficio n\u00famero 000058 del 29 de enero de 2016, la Subdirecci\u00f3n de Gesti\u00f3n de Normativa y Doctrina se pronunci\u00f3 en torno a la solicitud de suspensi\u00f3n provisional de los Oficios n\u00famero 060032 de 2013 y n\u00famero 034321 de 2014 presentada ante el Consejo de Estado y notificada mediante estado a la UAE DIAN el 18 de diciembre de 2015 con los siguientes argumentos, los cuales igualmente conviene tener en cuenta para efectos de absolver la solicitud elevada en esta ocasi\u00f3n:<\/p>\n<p style=\"text-align: justify;\"><em>\u201cEl accionante alega que, en la medida en que el servicio de transporte de carga prestado por una persona natural no es un servicio personal, \u2018por disposici\u00f3n del c\u00f3digo de comercio y civil\u2019 (sic), consecuentemente tampoco podr\u00eda reconocerse que el contratista es un trabajador independiente y por tanto, el contratante no tiene la obligaci\u00f3n de verificar la afiliaci\u00f3n y el pago de las correspondientes cotizaciones y aportes a la protecci\u00f3n social.<\/em><\/p>\n<p style=\"text-align: justify;\"><em>No obstante, al argumentar lo anterior, (\u2026) desconoce que, <strong>precisamente para efectos fiscales, el art\u00edculo 1\u00b0 del Decreto 3032 de 2013 defini\u00f3 el servicio personal como \u2018toda actividad, labor o trabajo prestado directamente por una persona natural, que se concreta en una obligaci\u00f3n de hacer, sin importar que en la misma predomine el factor material o intelectual, y que genera una contraprestaci\u00f3n en dinero o en especie, independientemente de su denominaci\u00f3n o forma de remuneraci\u00f3n\u2019; de modo que, es evidente que el servicio de transporte de carga, en la medida que lo presta una persona natural, es un servicio personal<\/strong>.<\/em><\/p>\n<p style=\"text-align: justify;\"><em>Y es que si bien el art\u00edculo 2070 del C\u00f3digo Civil define el arrendamiento de transporte, es preciso advertir que dicho contrato comprende dos modalidades al establecer que es aquel por el cual \u2018una parte se compromete, mediante cierto flete o precio, a transportar o hacer transportar una persona o cosa de un paraje a otro\u2019, siendo relevante, para el evento subexamine, la primera circunstancia toda vez que en ella se vislumbra la prestaci\u00f3n directa de un servicio, sin que ello signifique que deba tratarse de un contrato intuitu personae.<\/em><\/p>\n<p style=\"text-align: justify;\"><em>En efecto, la disposici\u00f3n en comento indica:<\/em><\/p>\n<p style=\"text-align: justify;\"><em>\u2018El que se encarga de transportar se llama generalmente acarreador, y toma los nombres de arriero, carretero, barquero, naviero, seg\u00fan el modo de hacer el transporte.<\/em><\/p>\n<p style=\"text-align: justify;\"><em>El que ejerce la industria de hacer ejecutar transportes de personas o cargas, se llama empresario de transportes.\u2019.<\/em><\/p>\n<p style=\"text-align: justify;\"><strong><span style=\"color: #0000ff;\"><em>De manera que, no cabe duda que, en el supuesto que se contrate la prestaci\u00f3n del servicio de transporte de carga con un acarreador, y no con un empresario de transportes, es indiscutible que le asiste al contratante \u2013consignante\u2013 la obligaci\u00f3n prevista en el par\u00e1grafo 2\u00b0 del art\u00edculo 108 del Estatuto Tributario con miras a la deducci\u00f3n del gasto.<\/em><\/span><\/strong><\/p>\n<p style=\"text-align: justify;\"><em>La anterior conclusi\u00f3n tampoco se ve alterada en el \u00e1mbito del derecho comercial, pues las modalidades a que se ha hecho referencia est\u00e1n previstas en los art\u00edculos 981 y 983 del C\u00f3digo de Comercio, a saber, respectivamente, contrato de transporte y empresas de transporte.<\/em><\/p>\n<p style=\"text-align: justify;\"><strong><span style=\"color: #0000ff;\"><em>As\u00ed las cosas, ya que se ha considerado doctrinalmente que el trabajador independiente, para efectos fiscales, es la persona natural que sin tener un v\u00ednculo laboral con un empleador o una relaci\u00f3n legal o reglamentaria, presta un servicio personal y recibe como contraprestaci\u00f3n una remuneraci\u00f3n, es de colegir, entonces, que la persona natural contratista que presta el servicio de transporte de carga \u2013directamente\u2013 es un trabajador independiente pues ejecuta un servicio personal.<\/em><\/span><\/strong><\/p>\n<p style=\"text-align: justify;\"><em>Por tanto, esta Subdirecci\u00f3n considera que los Oficios n\u00famero 060032 del 23 de septiembre de 2013 y n\u00famero 034321 del 6 de junio de 2014 se ajustan a la normatividad tributaria.\u201d <\/em>(negrilla fuera de texto).<\/p>\n<p style=\"text-align: justify;\">En los anteriores t\u00e9rminos se resuelve su solicitud y cordialmente le informamos que tanto la normatividad en materia tributaria, aduanera y cambiaria, como los conceptos emitidos por la Direcci\u00f3n de Gesti\u00f3n Jur\u00eddica en estas materias pueden consultarse directamente en nuestras bases de datos jur\u00eddica ingresando a la p\u00e1gina electr\u00f3nica de la DIAN: <u>www. dian.gov.co<\/u> siguiendo los iconos: \u201cNormatividad\u201d &#8211; \u201ct\u00e9cnica\u201d y seleccionando \u201cDoctrina\u201d y Direcci\u00f3n Gesti\u00f3n Jur\u00eddica.<\/p>\n<p style=\"text-align: justify;\">Atentamente,<\/p>\n<p style=\"text-align: justify;\">La Directora de Gesti\u00f3n Jur\u00eddica,<\/p>\n<p style=\"text-align: justify;\"><em>Liliana Andrea Forero G\u00f3mez. <\/em><strong>(C. F.).<\/strong><\/p>\n<\/li>\n<\/ul>\n","protected":false},"excerpt":{"rendered":"<p>El trabajador independiente, para efectos fiscales, es la persona natural que sin tener un v\u00ednculo laboral con un empleador o una relaci\u00f3n legal o reglamentaria, presta un servicio personal y recibe como contraprestaci\u00f3n una remuneraci\u00f3n, es de colegir, entonces, que la persona natural contratista que presta el servicio de transporte de carga \u2013directamente\u2013 es un trabajador independiente pues ejecuta un servicio personal.<\/p>\n","protected":false},"author":1,"featured_media":6191,"comment_status":"open","ping_status":"open","sticky":false,"template":"","format":"standard","meta":{"_monsterinsights_skip_tracking":false,"ngg_post_thumbnail":0,"footnotes":"","_links_to":"","_links_to_target":""},"categories":[456],"tags":[],"class_list":["post-7651","post","type-post","status-publish","format-standard","has-post-thumbnail","hentry","category-conceptos-y-oficios-dian"],"aioseo_notices":[],"aioseo_head":"\n\t\t<!-- All in One SEO 5.0.1.1 - aioseo.com -->\n\t<meta name=\"description\" content=\"El trabajador independiente, para efectos fiscales, es la persona natural que sin tener un v\u00ednculo laboral con un empleador o una relaci\u00f3n legal o reglamentaria, presta un servicio personal y recibe como contraprestaci\u00f3n una remuneraci\u00f3n, es de colegir, entonces, que la persona natural contratista que presta el servicio de transporte de carga \u2013directamente\u2013 es un trabajador independiente pues ejecuta un servicio personal.\" \/>\n\t<meta name=\"robots\" content=\"max-image-preview:large\" \/>\n\t<meta name=\"author\" content=\"Miguel Antonio M\u00e1rquez Monta\u00f1ez\"\/>\n\t<link rel=\"canonical\" href=\"https:\/\/contadoreshoy.com\/?p=7651\" \/>\n\t<meta name=\"generator\" content=\"All in One SEO (AIOSEO) 5.0.1.1\" \/>\n\t\t<meta property=\"og:locale\" content=\"es_ES\" \/>\n\t\t<meta property=\"og:site_name\" content=\"Contadores P\u00fablicos - Portal para Contadores P\u00fablicos y empresarios\" \/>\n\t\t<meta property=\"og:type\" content=\"article\" \/>\n\t\t<meta property=\"og:title\" content=\"Oficio 02878 septiembre 27 de 2016 DIAN \u2013 Prestador de servicios de Transporte es trabajador independiente y se debe verificar pago de aportes de seguridad social - Contadores P\u00fablicos\" \/>\n\t\t<meta property=\"og:description\" content=\"El trabajador independiente, para efectos fiscales, es la persona natural que sin tener un v\u00ednculo laboral con un empleador o una relaci\u00f3n legal o reglamentaria, presta un servicio personal y recibe como contraprestaci\u00f3n una remuneraci\u00f3n, es de colegir, entonces, que la persona natural contratista que presta el servicio de transporte de carga \u2013directamente\u2013 es un trabajador independiente pues ejecuta un servicio personal.\" \/>\n\t\t<meta property=\"og:url\" content=\"https:\/\/contadoreshoy.com\/?p=7651\" \/>\n\t\t<meta property=\"og:image\" content=\"https:\/\/contadoreshoy.com\/wp-content\/uploads\/2024\/01\/cropped-cropped-cropped-Copia-de-M.jpg\" \/>\n\t\t<meta property=\"og:image:secure_url\" content=\"https:\/\/contadoreshoy.com\/wp-content\/uploads\/2024\/01\/cropped-cropped-cropped-Copia-de-M.jpg\" \/>\n\t\t<meta property=\"og:image:width\" content=\"512\" \/>\n\t\t<meta property=\"og:image:height\" content=\"371\" \/>\n\t\t<meta property=\"article:published_time\" content=\"2016-11-26T04:58:21+00:00\" \/>\n\t\t<meta property=\"article:modified_time\" content=\"2017-02-05T02:57:58+00:00\" \/>\n\t\t<meta name=\"twitter:card\" content=\"summary_large_image\" \/>\n\t\t<meta name=\"twitter:title\" content=\"Oficio 02878 septiembre 27 de 2016 DIAN \u2013 Prestador de servicios de Transporte es trabajador independiente y se debe verificar pago de aportes de seguridad social - Contadores P\u00fablicos\" \/>\n\t\t<meta name=\"twitter:description\" content=\"El trabajador independiente, para efectos fiscales, es la persona natural que sin tener un v\u00ednculo laboral con un empleador o una relaci\u00f3n legal o reglamentaria, presta un servicio personal y recibe como contraprestaci\u00f3n una remuneraci\u00f3n, es de colegir, entonces, que la persona natural contratista que presta el servicio de transporte de carga \u2013directamente\u2013 es un trabajador independiente pues ejecuta un servicio personal.\" \/>\n\t\t<meta name=\"twitter:image\" content=\"https:\/\/contadoreshoy.com\/wp-content\/uploads\/2024\/01\/cropped-cropped-cropped-Copia-de-M.jpg\" \/>\n\t\t<script type=\"application\/ld+json\" class=\"aioseo-schema\">\n\t\t\t{\"@context\":\"https:\\\/\\\/schema.org\",\"@graph\":[{\"@type\":\"BlogPosting\",\"@id\":\"https:\\\/\\\/contadoreshoy.com\\\/?p=7651#blogposting\",\"name\":\"Oficio 02878 septiembre 27 de 2016 DIAN \\u2013 Prestador de servicios de Transporte es trabajador independiente y se debe verificar pago de aportes de seguridad social - Contadores P\\u00fablicos\",\"headline\":\"Oficio 02878 septiembre 27 de 2016 DIAN &#8211; Prestador de servicios de Transporte es trabajador independiente y se debe verificar pago de aportes de seguridad social\",\"author\":{\"@id\":\"https:\\\/\\\/contadoreshoy.com\\\/?author=1#author\"},\"publisher\":{\"@id\":\"https:\\\/\\\/contadoreshoy.com\\\/#organization\"},\"image\":{\"@type\":\"ImageObject\",\"url\":\"https:\\\/\\\/contadoreshoy.com\\\/wp-content\\\/uploads\\\/2015\\\/10\\\/cami\\u00f3n.jpg\",\"width\":600,\"height\":400,\"caption\":\"En el supuesto que se contrate la prestaci\\u00f3n del servicio de transporte de carga con un acarreador, y no con un empresario de transportes, es indiscutible que le asiste al contratante \\u2013consignante\\u2013 la obligaci\\u00f3n de verificar la afiliaci\\u00f3n y el pago de las correspondientes cotizaciones y aportes a la protecci\\u00f3n social, con miras a la deducci\\u00f3n del gasto.\"},\"datePublished\":\"2016-11-25T23:58:21-05:00\",\"dateModified\":\"2017-02-04T21:57:58-05:00\",\"inLanguage\":\"es-ES\",\"mainEntityOfPage\":{\"@id\":\"https:\\\/\\\/contadoreshoy.com\\\/?p=7651#webpage\"},\"isPartOf\":{\"@id\":\"https:\\\/\\\/contadoreshoy.com\\\/?p=7651#webpage\"},\"articleSection\":\"Conceptos y Oficios DIAN\"},{\"@type\":\"BreadcrumbList\",\"@id\":\"https:\\\/\\\/contadoreshoy.com\\\/?p=7651#breadcrumblist\",\"itemListElement\":[{\"@type\":\"ListItem\",\"@id\":\"https:\\\/\\\/contadoreshoy.com#listItem\",\"position\":1,\"name\":\"Home\",\"item\":\"https:\\\/\\\/contadoreshoy.com\",\"nextItem\":{\"@type\":\"ListItem\",\"@id\":\"https:\\\/\\\/contadoreshoy.com\\\/?cat=456#listItem\",\"name\":\"Conceptos y Oficios DIAN\"}},{\"@type\":\"ListItem\",\"@id\":\"https:\\\/\\\/contadoreshoy.com\\\/?cat=456#listItem\",\"position\":2,\"name\":\"Conceptos y Oficios DIAN\",\"item\":\"https:\\\/\\\/contadoreshoy.com\\\/?cat=456\",\"nextItem\":{\"@type\":\"ListItem\",\"@id\":\"https:\\\/\\\/contadoreshoy.com\\\/?p=7651#listItem\",\"name\":\"Oficio 02878 septiembre 27 de 2016 DIAN &#8211; Prestador de servicios de Transporte es trabajador independiente y se debe verificar pago de aportes de seguridad social\"},\"previousItem\":{\"@type\":\"ListItem\",\"@id\":\"https:\\\/\\\/contadoreshoy.com#listItem\",\"name\":\"Home\"}},{\"@type\":\"ListItem\",\"@id\":\"https:\\\/\\\/contadoreshoy.com\\\/?p=7651#listItem\",\"position\":3,\"name\":\"Oficio 02878 septiembre 27 de 2016 DIAN &#8211; Prestador de servicios de Transporte es trabajador independiente y se debe verificar pago de aportes de seguridad social\",\"previousItem\":{\"@type\":\"ListItem\",\"@id\":\"https:\\\/\\\/contadoreshoy.com\\\/?cat=456#listItem\",\"name\":\"Conceptos y Oficios DIAN\"}}]},{\"@type\":\"Organization\",\"@id\":\"https:\\\/\\\/contadoreshoy.com\\\/#organization\",\"name\":\"Contadores P\\u00fablicos\",\"description\":\"Portal para Contadores P\\u00fablicos y empresarios\",\"url\":\"https:\\\/\\\/contadoreshoy.com\\\/\",\"logo\":{\"@type\":\"ImageObject\",\"url\":\"https:\\\/\\\/contadoreshoy.com\\\/wp-content\\\/uploads\\\/2024\\\/01\\\/cropped-cropped-Copia-de-M-1.jpg\",\"@id\":\"https:\\\/\\\/contadoreshoy.com\\\/?p=7651\\\/#organizationLogo\",\"width\":499,\"height\":500},\"image\":{\"@id\":\"https:\\\/\\\/contadoreshoy.com\\\/?p=7651\\\/#organizationLogo\"}},{\"@type\":\"Person\",\"@id\":\"https:\\\/\\\/contadoreshoy.com\\\/?author=1#author\",\"url\":\"https:\\\/\\\/contadoreshoy.com\\\/?author=1\",\"name\":\"Miguel Antonio M\\u00e1rquez Monta\\u00f1ez\"},{\"@type\":\"WebPage\",\"@id\":\"https:\\\/\\\/contadoreshoy.com\\\/?p=7651#webpage\",\"url\":\"https:\\\/\\\/contadoreshoy.com\\\/?p=7651\",\"name\":\"Oficio 02878 septiembre 27 de 2016 DIAN \\u2013 Prestador de servicios de Transporte es trabajador independiente y se debe verificar pago de aportes de seguridad social - Contadores P\\u00fablicos\",\"description\":\"El trabajador independiente, para efectos fiscales, es la persona natural que sin tener un v\\u00ednculo laboral con un empleador o una relaci\\u00f3n legal o reglamentaria, presta un servicio personal y recibe como contraprestaci\\u00f3n una remuneraci\\u00f3n, es de colegir, entonces, que la persona natural contratista que presta el servicio de transporte de carga \\u2013directamente\\u2013 es un trabajador independiente pues ejecuta un servicio personal.\",\"inLanguage\":\"es-ES\",\"isPartOf\":{\"@id\":\"https:\\\/\\\/contadoreshoy.com\\\/#website\"},\"breadcrumb\":{\"@id\":\"https:\\\/\\\/contadoreshoy.com\\\/?p=7651#breadcrumblist\"},\"author\":{\"@id\":\"https:\\\/\\\/contadoreshoy.com\\\/?author=1#author\"},\"creator\":{\"@id\":\"https:\\\/\\\/contadoreshoy.com\\\/?author=1#author\"},\"image\":{\"@type\":\"ImageObject\",\"url\":\"https:\\\/\\\/contadoreshoy.com\\\/wp-content\\\/uploads\\\/2015\\\/10\\\/cami\\u00f3n.jpg\",\"@id\":\"https:\\\/\\\/contadoreshoy.com\\\/?p=7651\\\/#mainImage\",\"width\":600,\"height\":400,\"caption\":\"En el supuesto que se contrate la prestaci\\u00f3n del servicio de transporte de carga con un acarreador, y no con un empresario de transportes, es indiscutible que le asiste al contratante \\u2013consignante\\u2013 la obligaci\\u00f3n de verificar la afiliaci\\u00f3n y el pago de las correspondientes cotizaciones y aportes a la protecci\\u00f3n social, con miras a la deducci\\u00f3n del gasto.\"},\"primaryImageOfPage\":{\"@id\":\"https:\\\/\\\/contadoreshoy.com\\\/?p=7651#mainImage\"},\"datePublished\":\"2016-11-25T23:58:21-05:00\",\"dateModified\":\"2017-02-04T21:57:58-05:00\"},{\"@type\":\"WebSite\",\"@id\":\"https:\\\/\\\/contadoreshoy.com\\\/#website\",\"url\":\"https:\\\/\\\/contadoreshoy.com\\\/\",\"name\":\"Contadores P\\u00fablicos\",\"description\":\"Portal para Contadores P\\u00fablicos y empresarios\",\"inLanguage\":\"es-ES\",\"publisher\":{\"@id\":\"https:\\\/\\\/contadoreshoy.com\\\/#organization\"}}]}\n\t\t<\/script>\n\t\t<!-- All in One SEO -->\n\n","aioseo_head_json":{"title":"Oficio 02878 septiembre 27 de 2016 DIAN \u2013 Prestador de servicios de Transporte es trabajador independiente y se debe verificar pago de aportes de seguridad social - Contadores P\u00fablicos","description":"El trabajador independiente, para efectos fiscales, es la persona natural que sin tener un v\u00ednculo laboral con un empleador o una relaci\u00f3n legal o reglamentaria, presta un servicio personal y recibe como contraprestaci\u00f3n una remuneraci\u00f3n, es de colegir, entonces, que la persona natural contratista que presta el servicio de transporte de carga \u2013directamente\u2013 es un trabajador independiente pues ejecuta un servicio personal.","canonical_url":"https:\/\/contadoreshoy.com\/?p=7651","robots":"max-image-preview:large","keywords":"","webmasterTools":{"miscellaneous":""},"schema":{"@context":"https:\/\/schema.org","@graph":[{"@type":"BlogPosting","@id":"https:\/\/contadoreshoy.com\/?p=7651#blogposting","name":"Oficio 02878 septiembre 27 de 2016 DIAN \u2013 Prestador de servicios de Transporte es trabajador independiente y se debe verificar pago de aportes de seguridad social - Contadores P\u00fablicos","headline":"Oficio 02878 septiembre 27 de 2016 DIAN &#8211; Prestador de servicios de Transporte es trabajador independiente y se debe verificar pago de aportes de seguridad social","author":{"@id":"https:\/\/contadoreshoy.com\/?author=1#author"},"publisher":{"@id":"https:\/\/contadoreshoy.com\/#organization"},"image":{"@type":"ImageObject","url":"https:\/\/contadoreshoy.com\/wp-content\/uploads\/2015\/10\/cami\u00f3n.jpg","width":600,"height":400,"caption":"En el supuesto que se contrate la prestaci\u00f3n del servicio de transporte de carga con un acarreador, y no con un empresario de transportes, es indiscutible que le asiste al contratante \u2013consignante\u2013 la obligaci\u00f3n de verificar la afiliaci\u00f3n y el pago de las correspondientes cotizaciones y aportes a la protecci\u00f3n social, con miras a la deducci\u00f3n del gasto."},"datePublished":"2016-11-25T23:58:21-05:00","dateModified":"2017-02-04T21:57:58-05:00","inLanguage":"es-ES","mainEntityOfPage":{"@id":"https:\/\/contadoreshoy.com\/?p=7651#webpage"},"isPartOf":{"@id":"https:\/\/contadoreshoy.com\/?p=7651#webpage"},"articleSection":"Conceptos y Oficios DIAN"},{"@type":"BreadcrumbList","@id":"https:\/\/contadoreshoy.com\/?p=7651#breadcrumblist","itemListElement":[{"@type":"ListItem","@id":"https:\/\/contadoreshoy.com#listItem","position":1,"name":"Home","item":"https:\/\/contadoreshoy.com","nextItem":{"@type":"ListItem","@id":"https:\/\/contadoreshoy.com\/?cat=456#listItem","name":"Conceptos y Oficios DIAN"}},{"@type":"ListItem","@id":"https:\/\/contadoreshoy.com\/?cat=456#listItem","position":2,"name":"Conceptos y Oficios DIAN","item":"https:\/\/contadoreshoy.com\/?cat=456","nextItem":{"@type":"ListItem","@id":"https:\/\/contadoreshoy.com\/?p=7651#listItem","name":"Oficio 02878 septiembre 27 de 2016 DIAN &#8211; Prestador de servicios de Transporte es trabajador independiente y se debe verificar pago de aportes de seguridad social"},"previousItem":{"@type":"ListItem","@id":"https:\/\/contadoreshoy.com#listItem","name":"Home"}},{"@type":"ListItem","@id":"https:\/\/contadoreshoy.com\/?p=7651#listItem","position":3,"name":"Oficio 02878 septiembre 27 de 2016 DIAN &#8211; Prestador de servicios de Transporte es trabajador independiente y se debe verificar pago de aportes de seguridad social","previousItem":{"@type":"ListItem","@id":"https:\/\/contadoreshoy.com\/?cat=456#listItem","name":"Conceptos y Oficios DIAN"}}]},{"@type":"Organization","@id":"https:\/\/contadoreshoy.com\/#organization","name":"Contadores P\u00fablicos","description":"Portal para Contadores P\u00fablicos y empresarios","url":"https:\/\/contadoreshoy.com\/","logo":{"@type":"ImageObject","url":"https:\/\/contadoreshoy.com\/wp-content\/uploads\/2024\/01\/cropped-cropped-Copia-de-M-1.jpg","@id":"https:\/\/contadoreshoy.com\/?p=7651\/#organizationLogo","width":499,"height":500},"image":{"@id":"https:\/\/contadoreshoy.com\/?p=7651\/#organizationLogo"}},{"@type":"Person","@id":"https:\/\/contadoreshoy.com\/?author=1#author","url":"https:\/\/contadoreshoy.com\/?author=1","name":"Miguel Antonio M\u00e1rquez Monta\u00f1ez"},{"@type":"WebPage","@id":"https:\/\/contadoreshoy.com\/?p=7651#webpage","url":"https:\/\/contadoreshoy.com\/?p=7651","name":"Oficio 02878 septiembre 27 de 2016 DIAN \u2013 Prestador de servicios de Transporte es trabajador independiente y se debe verificar pago de aportes de seguridad social - Contadores P\u00fablicos","description":"El trabajador independiente, para efectos fiscales, es la persona natural que sin tener un v\u00ednculo laboral con un empleador o una relaci\u00f3n legal o reglamentaria, presta un servicio personal y recibe como contraprestaci\u00f3n una remuneraci\u00f3n, es de colegir, entonces, que la persona natural contratista que presta el servicio de transporte de carga \u2013directamente\u2013 es un trabajador independiente pues ejecuta un servicio personal.","inLanguage":"es-ES","isPartOf":{"@id":"https:\/\/contadoreshoy.com\/#website"},"breadcrumb":{"@id":"https:\/\/contadoreshoy.com\/?p=7651#breadcrumblist"},"author":{"@id":"https:\/\/contadoreshoy.com\/?author=1#author"},"creator":{"@id":"https:\/\/contadoreshoy.com\/?author=1#author"},"image":{"@type":"ImageObject","url":"https:\/\/contadoreshoy.com\/wp-content\/uploads\/2015\/10\/cami\u00f3n.jpg","@id":"https:\/\/contadoreshoy.com\/?p=7651\/#mainImage","width":600,"height":400,"caption":"En el supuesto que se contrate la prestaci\u00f3n del servicio de transporte de carga con un acarreador, y no con un empresario de transportes, es indiscutible que le asiste al contratante \u2013consignante\u2013 la obligaci\u00f3n de verificar la afiliaci\u00f3n y el pago de las correspondientes cotizaciones y aportes a la protecci\u00f3n social, con miras a la deducci\u00f3n del gasto."},"primaryImageOfPage":{"@id":"https:\/\/contadoreshoy.com\/?p=7651#mainImage"},"datePublished":"2016-11-25T23:58:21-05:00","dateModified":"2017-02-04T21:57:58-05:00"},{"@type":"WebSite","@id":"https:\/\/contadoreshoy.com\/#website","url":"https:\/\/contadoreshoy.com\/","name":"Contadores P\u00fablicos","description":"Portal para Contadores P\u00fablicos y empresarios","inLanguage":"es-ES","publisher":{"@id":"https:\/\/contadoreshoy.com\/#organization"}}]},"og:locale":"es_ES","og:site_name":"Contadores P\u00fablicos - Portal para Contadores P\u00fablicos y empresarios","og:type":"article","og:title":"Oficio 02878 septiembre 27 de 2016 DIAN \u2013 Prestador de servicios de Transporte es trabajador independiente y se debe verificar pago de aportes de seguridad social - Contadores P\u00fablicos","og:description":"El trabajador independiente, para efectos fiscales, es la persona natural que sin tener un v\u00ednculo laboral con un empleador o una relaci\u00f3n legal o reglamentaria, presta un servicio personal y recibe como contraprestaci\u00f3n una remuneraci\u00f3n, es de colegir, entonces, que la persona natural contratista que presta el servicio de transporte de carga \u2013directamente\u2013 es un trabajador independiente pues ejecuta un servicio personal.","og:url":"https:\/\/contadoreshoy.com\/?p=7651","og:image":"https:\/\/contadoreshoy.com\/wp-content\/uploads\/2024\/01\/cropped-cropped-cropped-Copia-de-M.jpg","og:image:secure_url":"https:\/\/contadoreshoy.com\/wp-content\/uploads\/2024\/01\/cropped-cropped-cropped-Copia-de-M.jpg","og:image:width":512,"og:image:height":371,"article:published_time":"2016-11-26T04:58:21+00:00","article:modified_time":"2017-02-05T02:57:58+00:00","twitter:card":"summary_large_image","twitter:title":"Oficio 02878 septiembre 27 de 2016 DIAN \u2013 Prestador de servicios de Transporte es trabajador independiente y se debe verificar pago de aportes de seguridad social - Contadores P\u00fablicos","twitter:description":"El trabajador independiente, para efectos fiscales, es la persona natural que sin tener un v\u00ednculo laboral con un empleador o una relaci\u00f3n legal o reglamentaria, presta un servicio personal y recibe como contraprestaci\u00f3n una remuneraci\u00f3n, es de colegir, entonces, que la persona natural contratista que presta el servicio de transporte de carga \u2013directamente\u2013 es un trabajador independiente pues ejecuta un servicio personal.","twitter:image":"https:\/\/contadoreshoy.com\/wp-content\/uploads\/2024\/01\/cropped-cropped-cropped-Copia-de-M.jpg"},"aioseo_meta_data":{"post_id":"7651","title":null,"description":null,"keywords":null,"keyphrases":null,"primary_term":null,"canonical_url":null,"og_title":null,"og_description":null,"og_object_type":"default","og_image_type":"default","og_image_url":null,"og_image_width":null,"og_image_height":null,"og_image_custom_url":null,"og_image_custom_fields":null,"og_video":null,"og_custom_url":null,"og_article_section":null,"og_article_tags":null,"twitter_use_og":false,"twitter_card":"default","twitter_image_type":"default","twitter_image_url":null,"twitter_image_custom_url":null,"twitter_image_custom_fields":null,"twitter_title":null,"twitter_description":null,"schema":{"blockGraphs":[],"customGraphs":[],"default":{"data":{"Article":[],"Course":[],"Dataset":[],"FAQPage":[],"Movie":[],"Person":[],"Product":[],"ProductReview":[],"Car":[],"Recipe":[],"Service":[],"SoftwareApplication":[],"WebPage":[]},"graphName":"","isEnabled":true},"graphs":[]},"schema_type":"default","schema_type_options":null,"pillar_content":false,"robots_default":true,"robots_noindex":false,"robots_noarchive":false,"robots_nosnippet":false,"robots_nofollow":false,"robots_noimageindex":false,"robots_noodp":false,"robots_notranslate":false,"robots_max_snippet":null,"robots_max_videopreview":null,"robots_max_imagepreview":"large","priority":null,"frequency":null,"local_seo":null,"breadcrumb_settings":null,"limit_modified_date":false,"ai":null,"created":"2024-03-05 01:41:34","updated":"2026-03-03 04:56:42","seo_analyzer_scan_date":null,"focus_keyword":null,"additional_keywords":null,"truseo_locale":null},"aioseo_breadcrumb":"<div class=\"aioseo-breadcrumbs\"><span class=\"aioseo-breadcrumb\">\n\t\t\t<a href=\"https:\/\/contadoreshoy.com\" title=\"Home\">Home<\/a>\n\t\t<\/span><span class=\"aioseo-breadcrumb-separator\">&raquo;<\/span><span class=\"aioseo-breadcrumb\">\n\t\t\t<a href=\"https:\/\/contadoreshoy.com\/?cat=456\" title=\"Conceptos y Oficios DIAN\">Conceptos y Oficios DIAN<\/a>\n\t\t<\/span><span class=\"aioseo-breadcrumb-separator\">&raquo;<\/span><span class=\"aioseo-breadcrumb\">\n\t\t\tOficio 02878 septiembre 27 de 2016 DIAN \u2013 Prestador de servicios de Transporte es trabajador independiente y se debe verificar pago de aportes de seguridad social\n\t\t<\/span><\/div>","aioseo_breadcrumb_json":[{"label":"Home","link":"https:\/\/contadoreshoy.com"},{"label":"Conceptos y Oficios DIAN","link":"https:\/\/contadoreshoy.com\/?cat=456"},{"label":"Oficio 02878 septiembre 27 de 2016 DIAN &#8211; Prestador de servicios de Transporte es trabajador independiente y se debe verificar pago de aportes de seguridad social","link":"https:\/\/contadoreshoy.com\/?p=7651"}],"yoast_head":"<!-- This site is optimized with the Yoast SEO plugin v28.4 - https:\/\/yoast.com\/product\/yoast-seo-wordpress\/ -->\n<title>Oficio 02878 septiembre 27 de 2016 DIAN - Prestador de servicios de Transporte es trabajador independiente y se debe verificar pago de aportes de seguridad social - Contadores P\u00fablicos<\/title>\n<meta name=\"robots\" content=\"index, follow, max-snippet:-1, max-image-preview:large, max-video-preview:-1\" \/>\n<link rel=\"canonical\" href=\"https:\/\/contadoreshoy.com\/?p=7651\" \/>\n<meta property=\"og:locale\" content=\"es_ES\" \/>\n<meta property=\"og:type\" content=\"article\" \/>\n<meta property=\"og:title\" content=\"Oficio 02878 septiembre 27 de 2016 DIAN - Prestador de servicios de Transporte es trabajador independiente y se debe verificar pago de aportes de seguridad social - Contadores P\u00fablicos\" \/>\n<meta property=\"og:description\" content=\"El trabajador independiente, para efectos fiscales, es la persona natural que sin tener un v\u00ednculo laboral con un empleador o una relaci\u00f3n legal o reglamentaria, presta un servicio personal y recibe como contraprestaci\u00f3n una remuneraci\u00f3n, es de colegir, entonces, que la persona natural contratista que presta el servicio de transporte de carga \u2013directamente\u2013 es un trabajador independiente pues ejecuta un servicio personal.\" \/>\n<meta property=\"og:url\" content=\"https:\/\/contadoreshoy.com\/?p=7651\" \/>\n<meta property=\"og:site_name\" content=\"Contadores P\u00fablicos\" \/>\n<meta property=\"article:publisher\" content=\"https:\/\/www.facebook.com\/CCCPBucaramanga\/\" \/>\n<meta property=\"article:published_time\" content=\"2016-11-26T04:58:21+00:00\" \/>\n<meta property=\"article:modified_time\" content=\"2017-02-05T02:57:58+00:00\" \/>\n<meta property=\"og:image\" content=\"https:\/\/contadoreshoy.com\/wp-content\/uploads\/2015\/10\/cami\u00f3n.jpg\" \/>\n\t<meta property=\"og:image:width\" content=\"600\" \/>\n\t<meta property=\"og:image:height\" content=\"400\" \/>\n\t<meta property=\"og:image:type\" content=\"image\/jpeg\" \/>\n<meta name=\"author\" content=\"Miguel Antonio M\u00e1rquez Monta\u00f1ez\" \/>\n<meta name=\"twitter:card\" content=\"summary_large_image\" \/>\n<meta name=\"twitter:label1\" content=\"Escrito por\" \/>\n\t<meta name=\"twitter:data1\" content=\"Miguel Antonio M\u00e1rquez Monta\u00f1ez\" \/>\n\t<meta name=\"twitter:label2\" content=\"Tiempo de lectura\" \/>\n\t<meta name=\"twitter:data2\" content=\"32 minutos\" \/>\n<script type=\"application\/ld+json\" class=\"yoast-schema-graph\">{\"@context\":\"https:\\\/\\\/schema.org\",\"@graph\":[{\"@type\":\"Article\",\"@id\":\"https:\\\/\\\/contadoreshoy.com\\\/?p=7651#article\",\"isPartOf\":{\"@id\":\"https:\\\/\\\/contadoreshoy.com\\\/?p=7651\"},\"author\":{\"name\":\"Miguel Antonio M\u00e1rquez Monta\u00f1ez\",\"@id\":\"https:\\\/\\\/contadoreshoy.com\\\/#\\\/schema\\\/person\\\/96d8979cb865537c5dc9345e40089fc5\"},\"headline\":\"Oficio 02878 septiembre 27 de 2016 DIAN &#8211; Prestador de servicios de Transporte es trabajador independiente y se debe verificar pago de aportes de seguridad social\",\"datePublished\":\"2016-11-26T04:58:21+00:00\",\"dateModified\":\"2017-02-05T02:57:58+00:00\",\"mainEntityOfPage\":{\"@id\":\"https:\\\/\\\/contadoreshoy.com\\\/?p=7651\"},\"wordCount\":6486,\"commentCount\":0,\"publisher\":{\"@id\":\"https:\\\/\\\/contadoreshoy.com\\\/#organization\"},\"image\":{\"@id\":\"https:\\\/\\\/contadoreshoy.com\\\/?p=7651#primaryimage\"},\"thumbnailUrl\":\"https:\\\/\\\/contadoreshoy.com\\\/wp-content\\\/uploads\\\/2015\\\/10\\\/cami\u00f3n.jpg\",\"articleSection\":[\"Conceptos y Oficios DIAN\"],\"inLanguage\":\"es\",\"potentialAction\":[{\"@type\":\"CommentAction\",\"name\":\"Comment\",\"target\":[\"https:\\\/\\\/contadoreshoy.com\\\/?p=7651#respond\"]}]},{\"@type\":\"WebPage\",\"@id\":\"https:\\\/\\\/contadoreshoy.com\\\/?p=7651\",\"url\":\"https:\\\/\\\/contadoreshoy.com\\\/?p=7651\",\"name\":\"Oficio 02878 septiembre 27 de 2016 DIAN - Prestador de servicios de Transporte es trabajador independiente y se debe verificar pago de aportes de seguridad social - Contadores P\u00fablicos\",\"isPartOf\":{\"@id\":\"https:\\\/\\\/contadoreshoy.com\\\/#website\"},\"primaryImageOfPage\":{\"@id\":\"https:\\\/\\\/contadoreshoy.com\\\/?p=7651#primaryimage\"},\"image\":{\"@id\":\"https:\\\/\\\/contadoreshoy.com\\\/?p=7651#primaryimage\"},\"thumbnailUrl\":\"https:\\\/\\\/contadoreshoy.com\\\/wp-content\\\/uploads\\\/2015\\\/10\\\/cami\u00f3n.jpg\",\"datePublished\":\"2016-11-26T04:58:21+00:00\",\"dateModified\":\"2017-02-05T02:57:58+00:00\",\"breadcrumb\":{\"@id\":\"https:\\\/\\\/contadoreshoy.com\\\/?p=7651#breadcrumb\"},\"inLanguage\":\"es\",\"potentialAction\":[{\"@type\":\"ReadAction\",\"target\":[\"https:\\\/\\\/contadoreshoy.com\\\/?p=7651\"]}]},{\"@type\":\"ImageObject\",\"inLanguage\":\"es\",\"@id\":\"https:\\\/\\\/contadoreshoy.com\\\/?p=7651#primaryimage\",\"url\":\"https:\\\/\\\/contadoreshoy.com\\\/wp-content\\\/uploads\\\/2015\\\/10\\\/cami\u00f3n.jpg\",\"contentUrl\":\"https:\\\/\\\/contadoreshoy.com\\\/wp-content\\\/uploads\\\/2015\\\/10\\\/cami\u00f3n.jpg\",\"width\":600,\"height\":400,\"caption\":\"En el supuesto que se contrate la prestaci\u00f3n del servicio de transporte de carga con un acarreador, y no con un empresario de transportes, es indiscutible que le asiste al contratante \u2013consignante\u2013 la obligaci\u00f3n de verificar la afiliaci\u00f3n y el pago de las correspondientes cotizaciones y aportes a la protecci\u00f3n social, con miras a la deducci\u00f3n del gasto.\"},{\"@type\":\"BreadcrumbList\",\"@id\":\"https:\\\/\\\/contadoreshoy.com\\\/?p=7651#breadcrumb\",\"itemListElement\":[{\"@type\":\"ListItem\",\"position\":1,\"name\":\"Portada\",\"item\":\"https:\\\/\\\/contadoreshoy.com\\\/\"},{\"@type\":\"ListItem\",\"position\":2,\"name\":\"Oficio 02878 septiembre 27 de 2016 DIAN &#8211; Prestador de servicios de Transporte es trabajador independiente y se debe verificar pago de aportes de seguridad social\"}]},{\"@type\":\"WebSite\",\"@id\":\"https:\\\/\\\/contadoreshoy.com\\\/#website\",\"url\":\"https:\\\/\\\/contadoreshoy.com\\\/\",\"name\":\"Contadorespublicossantander\",\"description\":\"Portal para Contadores P\u00fablicos y empresarios\",\"publisher\":{\"@id\":\"https:\\\/\\\/contadoreshoy.com\\\/#organization\"},\"potentialAction\":[{\"@type\":\"SearchAction\",\"target\":{\"@type\":\"EntryPoint\",\"urlTemplate\":\"https:\\\/\\\/contadoreshoy.com\\\/?s={search_term_string}\"},\"query-input\":{\"@type\":\"PropertyValueSpecification\",\"valueRequired\":true,\"valueName\":\"search_term_string\"}}],\"inLanguage\":\"es\"},{\"@type\":\"Organization\",\"@id\":\"https:\\\/\\\/contadoreshoy.com\\\/#organization\",\"name\":\"Contadores P\u00fablicos de Santander\",\"url\":\"https:\\\/\\\/contadoreshoy.com\\\/\",\"logo\":{\"@type\":\"ImageObject\",\"inLanguage\":\"es\",\"@id\":\"https:\\\/\\\/contadoreshoy.com\\\/#\\\/schema\\\/logo\\\/image\\\/\",\"url\":\"https:\\\/\\\/contadoreshoy.com\\\/wp-content\\\/uploads\\\/2024\\\/01\\\/cropped-cropped-Copia-de-M-1.jpg\",\"contentUrl\":\"https:\\\/\\\/contadoreshoy.com\\\/wp-content\\\/uploads\\\/2024\\\/01\\\/cropped-cropped-Copia-de-M-1.jpg\",\"width\":499,\"height\":500,\"caption\":\"Contadores P\u00fablicos de Santander\"},\"image\":{\"@id\":\"https:\\\/\\\/contadoreshoy.com\\\/#\\\/schema\\\/logo\\\/image\\\/\"},\"sameAs\":[\"https:\\\/\\\/www.facebook.com\\\/CCCPBucaramanga\\\/\"]},{\"@type\":\"Person\",\"@id\":\"https:\\\/\\\/contadoreshoy.com\\\/#\\\/schema\\\/person\\\/96d8979cb865537c5dc9345e40089fc5\",\"name\":\"Miguel Antonio M\u00e1rquez Monta\u00f1ez\",\"description\":\"Contador P\u00fablico egresado de la Universidad Aut\u00f3noma de Bucaramanga - Asesor contable tributario con m\u00e1s de 25 a\u00f1os de experiencia - Conferencista en temas contables y tributarios - T\u00e9cnico en Hardware y Dise\u00f1o Web - Creador y director Grupo de Estudio Colegio Colombiano de Contadores P\u00fablicos de Bucaramanga - Creador y Master Web p\u00e1gina www.contadoresp\u00fablicossantander.com - Expresidente Colegio Colombiano de Contadores P\u00fablicos Bucaramanga\",\"url\":\"https:\\\/\\\/contadoreshoy.com\\\/?author=1\"}]}<\/script>\n<!-- \/ Yoast SEO plugin. -->","yoast_head_json":{"title":"Oficio 02878 septiembre 27 de 2016 DIAN - Prestador de servicios de Transporte es trabajador independiente y se debe verificar pago de aportes de seguridad social - Contadores P\u00fablicos","robots":{"index":"index","follow":"follow","max-snippet":"max-snippet:-1","max-image-preview":"max-image-preview:large","max-video-preview":"max-video-preview:-1"},"canonical":"https:\/\/contadoreshoy.com\/?p=7651","og_locale":"es_ES","og_type":"article","og_title":"Oficio 02878 septiembre 27 de 2016 DIAN - Prestador de servicios de Transporte es trabajador independiente y se debe verificar pago de aportes de seguridad social - Contadores P\u00fablicos","og_description":"El trabajador independiente, para efectos fiscales, es la persona natural que sin tener un v\u00ednculo laboral con un empleador o una relaci\u00f3n legal o reglamentaria, presta un servicio personal y recibe como contraprestaci\u00f3n una remuneraci\u00f3n, es de colegir, entonces, que la persona natural contratista que presta el servicio de transporte de carga \u2013directamente\u2013 es un trabajador independiente pues ejecuta un servicio personal.","og_url":"https:\/\/contadoreshoy.com\/?p=7651","og_site_name":"Contadores P\u00fablicos","article_publisher":"https:\/\/www.facebook.com\/CCCPBucaramanga\/","article_published_time":"2016-11-26T04:58:21+00:00","article_modified_time":"2017-02-05T02:57:58+00:00","og_image":[{"width":600,"height":400,"url":"https:\/\/contadoreshoy.com\/wp-content\/uploads\/2015\/10\/cami\u00f3n.jpg","type":"image\/jpeg"}],"author":"Miguel Antonio M\u00e1rquez Monta\u00f1ez","twitter_card":"summary_large_image","twitter_misc":{"Escrito por":"Miguel Antonio M\u00e1rquez Monta\u00f1ez","Tiempo de lectura":"32 minutos"},"schema":{"@context":"https:\/\/schema.org","@graph":[{"@type":"Article","@id":"https:\/\/contadoreshoy.com\/?p=7651#article","isPartOf":{"@id":"https:\/\/contadoreshoy.com\/?p=7651"},"author":{"name":"Miguel Antonio M\u00e1rquez Monta\u00f1ez","@id":"https:\/\/contadoreshoy.com\/#\/schema\/person\/96d8979cb865537c5dc9345e40089fc5"},"headline":"Oficio 02878 septiembre 27 de 2016 DIAN &#8211; Prestador de servicios de Transporte es trabajador independiente y se debe verificar pago de aportes de seguridad social","datePublished":"2016-11-26T04:58:21+00:00","dateModified":"2017-02-05T02:57:58+00:00","mainEntityOfPage":{"@id":"https:\/\/contadoreshoy.com\/?p=7651"},"wordCount":6486,"commentCount":0,"publisher":{"@id":"https:\/\/contadoreshoy.com\/#organization"},"image":{"@id":"https:\/\/contadoreshoy.com\/?p=7651#primaryimage"},"thumbnailUrl":"https:\/\/contadoreshoy.com\/wp-content\/uploads\/2015\/10\/cami\u00f3n.jpg","articleSection":["Conceptos y Oficios DIAN"],"inLanguage":"es","potentialAction":[{"@type":"CommentAction","name":"Comment","target":["https:\/\/contadoreshoy.com\/?p=7651#respond"]}]},{"@type":"WebPage","@id":"https:\/\/contadoreshoy.com\/?p=7651","url":"https:\/\/contadoreshoy.com\/?p=7651","name":"Oficio 02878 septiembre 27 de 2016 DIAN - Prestador de servicios de Transporte es trabajador independiente y se debe verificar pago de aportes de seguridad social - Contadores P\u00fablicos","isPartOf":{"@id":"https:\/\/contadoreshoy.com\/#website"},"primaryImageOfPage":{"@id":"https:\/\/contadoreshoy.com\/?p=7651#primaryimage"},"image":{"@id":"https:\/\/contadoreshoy.com\/?p=7651#primaryimage"},"thumbnailUrl":"https:\/\/contadoreshoy.com\/wp-content\/uploads\/2015\/10\/cami\u00f3n.jpg","datePublished":"2016-11-26T04:58:21+00:00","dateModified":"2017-02-05T02:57:58+00:00","breadcrumb":{"@id":"https:\/\/contadoreshoy.com\/?p=7651#breadcrumb"},"inLanguage":"es","potentialAction":[{"@type":"ReadAction","target":["https:\/\/contadoreshoy.com\/?p=7651"]}]},{"@type":"ImageObject","inLanguage":"es","@id":"https:\/\/contadoreshoy.com\/?p=7651#primaryimage","url":"https:\/\/contadoreshoy.com\/wp-content\/uploads\/2015\/10\/cami\u00f3n.jpg","contentUrl":"https:\/\/contadoreshoy.com\/wp-content\/uploads\/2015\/10\/cami\u00f3n.jpg","width":600,"height":400,"caption":"En el supuesto que se contrate la prestaci\u00f3n del servicio de transporte de carga con un acarreador, y no con un empresario de transportes, es indiscutible que le asiste al contratante \u2013consignante\u2013 la obligaci\u00f3n de verificar la afiliaci\u00f3n y el pago de las correspondientes cotizaciones y aportes a la protecci\u00f3n social, con miras a la deducci\u00f3n del gasto."},{"@type":"BreadcrumbList","@id":"https:\/\/contadoreshoy.com\/?p=7651#breadcrumb","itemListElement":[{"@type":"ListItem","position":1,"name":"Portada","item":"https:\/\/contadoreshoy.com\/"},{"@type":"ListItem","position":2,"name":"Oficio 02878 septiembre 27 de 2016 DIAN &#8211; Prestador de servicios de Transporte es trabajador independiente y se debe verificar pago de aportes de seguridad social"}]},{"@type":"WebSite","@id":"https:\/\/contadoreshoy.com\/#website","url":"https:\/\/contadoreshoy.com\/","name":"Contadorespublicossantander","description":"Portal para Contadores P\u00fablicos y empresarios","publisher":{"@id":"https:\/\/contadoreshoy.com\/#organization"},"potentialAction":[{"@type":"SearchAction","target":{"@type":"EntryPoint","urlTemplate":"https:\/\/contadoreshoy.com\/?s={search_term_string}"},"query-input":{"@type":"PropertyValueSpecification","valueRequired":true,"valueName":"search_term_string"}}],"inLanguage":"es"},{"@type":"Organization","@id":"https:\/\/contadoreshoy.com\/#organization","name":"Contadores P\u00fablicos de Santander","url":"https:\/\/contadoreshoy.com\/","logo":{"@type":"ImageObject","inLanguage":"es","@id":"https:\/\/contadoreshoy.com\/#\/schema\/logo\/image\/","url":"https:\/\/contadoreshoy.com\/wp-content\/uploads\/2024\/01\/cropped-cropped-Copia-de-M-1.jpg","contentUrl":"https:\/\/contadoreshoy.com\/wp-content\/uploads\/2024\/01\/cropped-cropped-Copia-de-M-1.jpg","width":499,"height":500,"caption":"Contadores P\u00fablicos de Santander"},"image":{"@id":"https:\/\/contadoreshoy.com\/#\/schema\/logo\/image\/"},"sameAs":["https:\/\/www.facebook.com\/CCCPBucaramanga\/"]},{"@type":"Person","@id":"https:\/\/contadoreshoy.com\/#\/schema\/person\/96d8979cb865537c5dc9345e40089fc5","name":"Miguel Antonio M\u00e1rquez Monta\u00f1ez","description":"Contador P\u00fablico egresado de la Universidad Aut\u00f3noma de Bucaramanga - Asesor contable tributario con m\u00e1s de 25 a\u00f1os de experiencia - Conferencista en temas contables y tributarios - T\u00e9cnico en Hardware y Dise\u00f1o Web - Creador y director Grupo de Estudio Colegio Colombiano de Contadores P\u00fablicos de Bucaramanga - Creador y Master Web p\u00e1gina www.contadoresp\u00fablicossantander.com - Expresidente Colegio Colombiano de Contadores P\u00fablicos Bucaramanga","url":"https:\/\/contadoreshoy.com\/?author=1"}]}},"_links":{"self":[{"href":"https:\/\/contadoreshoy.com\/index.php?rest_route=\/wp\/v2\/posts\/7651","targetHints":{"allow":["GET"]}}],"collection":[{"href":"https:\/\/contadoreshoy.com\/index.php?rest_route=\/wp\/v2\/posts"}],"about":[{"href":"https:\/\/contadoreshoy.com\/index.php?rest_route=\/wp\/v2\/types\/post"}],"author":[{"embeddable":true,"href":"https:\/\/contadoreshoy.com\/index.php?rest_route=\/wp\/v2\/users\/1"}],"replies":[{"embeddable":true,"href":"https:\/\/contadoreshoy.com\/index.php?rest_route=%2Fwp%2Fv2%2Fcomments&post=7651"}],"version-history":[{"count":1,"href":"https:\/\/contadoreshoy.com\/index.php?rest_route=\/wp\/v2\/posts\/7651\/revisions"}],"predecessor-version":[{"id":7812,"href":"https:\/\/contadoreshoy.com\/index.php?rest_route=\/wp\/v2\/posts\/7651\/revisions\/7812"}],"wp:featuredmedia":[{"embeddable":true,"href":"https:\/\/contadoreshoy.com\/index.php?rest_route=\/wp\/v2\/media\/6191"}],"wp:attachment":[{"href":"https:\/\/contadoreshoy.com\/index.php?rest_route=%2Fwp%2Fv2%2Fmedia&parent=7651"}],"wp:term":[{"taxonomy":"category","embeddable":true,"href":"https:\/\/contadoreshoy.com\/index.php?rest_route=%2Fwp%2Fv2%2Fcategories&post=7651"},{"taxonomy":"post_tag","embeddable":true,"href":"https:\/\/contadoreshoy.com\/index.php?rest_route=%2Fwp%2Fv2%2Ftags&post=7651"}],"curies":[{"name":"wp","href":"https:\/\/api.w.org\/{rel}","templated":true}]}}