{"id":8973,"date":"2017-03-17T08:35:09","date_gmt":"2017-03-17T13:35:09","guid":{"rendered":"https:\/\/contadoreshoy.com\/?p=8973"},"modified":"2017-03-17T08:35:09","modified_gmt":"2017-03-17T13:35:09","slug":"responsabilidad-10-usuario-aduanero-no-comporta-obligacion-de-presentar-declaracion-bimestral-concepto-76746-noviembre-29-de-2013-dian","status":"publish","type":"post","link":"https:\/\/contadoreshoy.com\/?p=8973","title":{"rendered":"Responsabilidad 10 \u00abUsuario Aduanero\u00bb no comporta obligaci\u00f3n de presentar declaraci\u00f3n bimestral &#8211; Concepto 76746 Noviembre 29 de 2013 DIAN"},"content":{"rendered":"<p style=\"text-align: justify;\">Tener inscrita en el Registro \u00danico Tributario RUT la responsabilidad 10 \u00abusuario aduanero\u00bb que tiene un espectro m\u00e1s amplio, no comporta per se, la calidad de responsable del Impuesto sobre las ventas, ni de obligado a presentar declaraci\u00f3n bimestral.<\/p>\n<p style=\"text-align: justify;\">Ahora bien, si un usuario aduanero, realiza alguno de los hechos generadores o exentos del impuesto sobre las ventas, adquiere la calidad de responsable del impuesto sobre las ventas y si realiza alguno de los presupuestos se\u00f1alados en los art\u00edculos 477, 481 y 600 numeral 1. del Estatuto Tributario, adquiere de contera la obligaci\u00f3n de presentar declaraci\u00f3n bimestral del impuesto sobre las ventas.<\/p>\n<p><span style=\"font-size: 14pt;\"><a href=\"http:\/\/incp.org.co\/Site\/2014\/info\/archivos\/concepto-76746-dian.pdf\" target=\"_blank\">Para ver concepto 76746 DIAN de noviembre 29 de 2013, dar click aqu\u00ed<\/a><\/span><\/p>\n","protected":false},"excerpt":{"rendered":"<p>Tener inscrita en el Registro \u00danico Tributario RUT la responsabilidad 10 \u00abusuario aduanero\u00bb que tiene un espectro m\u00e1s amplio, no comporta per se, la calidad de responsable del Impuesto sobre&#46;&#46;&#46;<\/p>\n","protected":false},"author":1,"featured_media":5789,"comment_status":"closed","ping_status":"open","sticky":false,"template":"","format":"standard","meta":{"_monsterinsights_skip_tracking":false,"ngg_post_thumbnail":0,"footnotes":"","_links_to":"","_links_to_target":""},"categories":[456,454],"tags":[],"class_list":["post-8973","post","type-post","status-publish","format-standard","has-post-thumbnail","hentry","category-conceptos-y-oficios-dian","category-sin-categoria"],"aioseo_notices":[],"aioseo_head":"\n\t\t<!-- All in One SEO 5.0.1.1 - aioseo.com -->\n\t<meta name=\"description\" content=\"Tener inscrita en el Registro \u00danico Tributario RUT la responsabilidad 10 &quot;usuario aduanero&quot; que tiene un espectro m\u00e1s amplio, no comporta per se, la calidad de responsable del Impuesto sobre las ventas, ni de obligado a presentar declaraci\u00f3n bimestral. Ahora bien, si un usuario aduanero, realiza alguno de los hechos generadores o exentos del impuesto\" \/>\n\t<meta name=\"robots\" content=\"max-image-preview:large\" \/>\n\t<meta name=\"author\" content=\"Miguel Antonio M\u00e1rquez Monta\u00f1ez\"\/>\n\t<link rel=\"canonical\" href=\"https:\/\/contadoreshoy.com\/?p=8973\" \/>\n\t<meta name=\"generator\" content=\"All in One SEO (AIOSEO) 5.0.1.1\" \/>\n\t\t<meta property=\"og:locale\" content=\"es_ES\" \/>\n\t\t<meta property=\"og:site_name\" content=\"Contadores P\u00fablicos - Portal para Contadores P\u00fablicos y empresarios\" \/>\n\t\t<meta property=\"og:type\" content=\"article\" \/>\n\t\t<meta property=\"og:title\" content=\"Responsabilidad 10 \u00abUsuario Aduanero\u00bb no comporta obligaci\u00f3n de presentar declaraci\u00f3n bimestral \u2013 Concepto 76746 Noviembre 29 de 2013 DIAN - Contadores P\u00fablicos\" \/>\n\t\t<meta property=\"og:description\" content=\"Tener inscrita en el Registro \u00danico Tributario RUT la responsabilidad 10 &quot;usuario aduanero&quot; que tiene un espectro m\u00e1s amplio, no comporta per se, la calidad de responsable del Impuesto sobre las ventas, ni de obligado a presentar declaraci\u00f3n bimestral. Ahora bien, si un usuario aduanero, realiza alguno de los hechos generadores o exentos del impuesto\" \/>\n\t\t<meta property=\"og:url\" content=\"https:\/\/contadoreshoy.com\/?p=8973\" \/>\n\t\t<meta property=\"og:image\" content=\"https:\/\/contadoreshoy.com\/wp-content\/uploads\/2024\/01\/cropped-cropped-cropped-Copia-de-M.jpg\" \/>\n\t\t<meta property=\"og:image:secure_url\" content=\"https:\/\/contadoreshoy.com\/wp-content\/uploads\/2024\/01\/cropped-cropped-cropped-Copia-de-M.jpg\" \/>\n\t\t<meta property=\"og:image:width\" content=\"512\" \/>\n\t\t<meta property=\"og:image:height\" content=\"371\" \/>\n\t\t<meta property=\"article:published_time\" content=\"2017-03-17T13:35:09+00:00\" \/>\n\t\t<meta property=\"article:modified_time\" content=\"2017-03-17T13:35:09+00:00\" \/>\n\t\t<meta name=\"twitter:card\" content=\"summary_large_image\" \/>\n\t\t<meta name=\"twitter:title\" content=\"Responsabilidad 10 \u00abUsuario Aduanero\u00bb no comporta obligaci\u00f3n de presentar declaraci\u00f3n bimestral \u2013 Concepto 76746 Noviembre 29 de 2013 DIAN - Contadores P\u00fablicos\" \/>\n\t\t<meta name=\"twitter:description\" content=\"Tener inscrita en el Registro \u00danico Tributario RUT la responsabilidad 10 &quot;usuario aduanero&quot; que tiene un espectro m\u00e1s amplio, no comporta per se, la calidad de responsable del Impuesto sobre las ventas, ni de obligado a presentar declaraci\u00f3n bimestral. Ahora bien, si un usuario aduanero, realiza alguno de los hechos generadores o exentos del impuesto\" \/>\n\t\t<meta name=\"twitter:image\" content=\"https:\/\/contadoreshoy.com\/wp-content\/uploads\/2024\/01\/cropped-cropped-cropped-Copia-de-M.jpg\" \/>\n\t\t<script type=\"application\/ld+json\" class=\"aioseo-schema\">\n\t\t\t{\"@context\":\"https:\\\/\\\/schema.org\",\"@graph\":[{\"@type\":\"BlogPosting\",\"@id\":\"https:\\\/\\\/contadoreshoy.com\\\/?p=8973#blogposting\",\"name\":\"Responsabilidad 10 \\u00abUsuario Aduanero\\u00bb no comporta obligaci\\u00f3n de presentar declaraci\\u00f3n bimestral \\u2013 Concepto 76746 Noviembre 29 de 2013 DIAN - Contadores P\\u00fablicos\",\"headline\":\"Responsabilidad 10 \\u00abUsuario Aduanero\\u00bb no comporta obligaci\\u00f3n de presentar declaraci\\u00f3n bimestral &#8211; Concepto 76746 Noviembre 29 de 2013 DIAN\",\"author\":{\"@id\":\"https:\\\/\\\/contadoreshoy.com\\\/?author=1#author\"},\"publisher\":{\"@id\":\"https:\\\/\\\/contadoreshoy.com\\\/#organization\"},\"image\":{\"@type\":\"ImageObject\",\"url\":\"https:\\\/\\\/contadoreshoy.com\\\/wp-content\\\/uploads\\\/2015\\\/09\\\/Importaciones.jpg\",\"width\":400,\"height\":300},\"datePublished\":\"2017-03-17T08:35:09-05:00\",\"dateModified\":\"2017-03-17T08:35:09-05:00\",\"inLanguage\":\"es-ES\",\"mainEntityOfPage\":{\"@id\":\"https:\\\/\\\/contadoreshoy.com\\\/?p=8973#webpage\"},\"isPartOf\":{\"@id\":\"https:\\\/\\\/contadoreshoy.com\\\/?p=8973#webpage\"},\"articleSection\":\"Conceptos y Oficios DIAN, Sin categor\\u00eda\"},{\"@type\":\"BreadcrumbList\",\"@id\":\"https:\\\/\\\/contadoreshoy.com\\\/?p=8973#breadcrumblist\",\"itemListElement\":[{\"@type\":\"ListItem\",\"@id\":\"https:\\\/\\\/contadoreshoy.com#listItem\",\"position\":1,\"name\":\"Home\",\"item\":\"https:\\\/\\\/contadoreshoy.com\",\"nextItem\":{\"@type\":\"ListItem\",\"@id\":\"https:\\\/\\\/contadoreshoy.com\\\/?cat=454#listItem\",\"name\":\"Sin categor\\u00eda\"}},{\"@type\":\"ListItem\",\"@id\":\"https:\\\/\\\/contadoreshoy.com\\\/?cat=454#listItem\",\"position\":2,\"name\":\"Sin categor\\u00eda\",\"item\":\"https:\\\/\\\/contadoreshoy.com\\\/?cat=454\",\"nextItem\":{\"@type\":\"ListItem\",\"@id\":\"https:\\\/\\\/contadoreshoy.com\\\/?p=8973#listItem\",\"name\":\"Responsabilidad 10 \\u00abUsuario Aduanero\\u00bb no comporta obligaci\\u00f3n de presentar declaraci\\u00f3n bimestral &#8211; Concepto 76746 Noviembre 29 de 2013 DIAN\"},\"previousItem\":{\"@type\":\"ListItem\",\"@id\":\"https:\\\/\\\/contadoreshoy.com#listItem\",\"name\":\"Home\"}},{\"@type\":\"ListItem\",\"@id\":\"https:\\\/\\\/contadoreshoy.com\\\/?p=8973#listItem\",\"position\":3,\"name\":\"Responsabilidad 10 \\u00abUsuario Aduanero\\u00bb no comporta obligaci\\u00f3n de presentar declaraci\\u00f3n bimestral &#8211; Concepto 76746 Noviembre 29 de 2013 DIAN\",\"previousItem\":{\"@type\":\"ListItem\",\"@id\":\"https:\\\/\\\/contadoreshoy.com\\\/?cat=454#listItem\",\"name\":\"Sin categor\\u00eda\"}}]},{\"@type\":\"Organization\",\"@id\":\"https:\\\/\\\/contadoreshoy.com\\\/#organization\",\"name\":\"Contadores P\\u00fablicos\",\"description\":\"Portal para Contadores P\\u00fablicos y empresarios\",\"url\":\"https:\\\/\\\/contadoreshoy.com\\\/\",\"logo\":{\"@type\":\"ImageObject\",\"url\":\"https:\\\/\\\/contadoreshoy.com\\\/wp-content\\\/uploads\\\/2024\\\/01\\\/cropped-cropped-Copia-de-M-1.jpg\",\"@id\":\"https:\\\/\\\/contadoreshoy.com\\\/?p=8973\\\/#organizationLogo\",\"width\":499,\"height\":500},\"image\":{\"@id\":\"https:\\\/\\\/contadoreshoy.com\\\/?p=8973\\\/#organizationLogo\"}},{\"@type\":\"Person\",\"@id\":\"https:\\\/\\\/contadoreshoy.com\\\/?author=1#author\",\"url\":\"https:\\\/\\\/contadoreshoy.com\\\/?author=1\",\"name\":\"Miguel Antonio M\\u00e1rquez Monta\\u00f1ez\"},{\"@type\":\"WebPage\",\"@id\":\"https:\\\/\\\/contadoreshoy.com\\\/?p=8973#webpage\",\"url\":\"https:\\\/\\\/contadoreshoy.com\\\/?p=8973\",\"name\":\"Responsabilidad 10 \\u00abUsuario Aduanero\\u00bb no comporta obligaci\\u00f3n de presentar declaraci\\u00f3n bimestral \\u2013 Concepto 76746 Noviembre 29 de 2013 DIAN - Contadores P\\u00fablicos\",\"description\":\"Tener inscrita en el Registro \\u00danico Tributario RUT la responsabilidad 10 \\\"usuario aduanero\\\" que tiene un espectro m\\u00e1s amplio, no comporta per se, la calidad de responsable del Impuesto sobre las ventas, ni de obligado a presentar declaraci\\u00f3n bimestral. Ahora bien, si un usuario aduanero, realiza alguno de los hechos generadores o exentos del impuesto\",\"inLanguage\":\"es-ES\",\"isPartOf\":{\"@id\":\"https:\\\/\\\/contadoreshoy.com\\\/#website\"},\"breadcrumb\":{\"@id\":\"https:\\\/\\\/contadoreshoy.com\\\/?p=8973#breadcrumblist\"},\"author\":{\"@id\":\"https:\\\/\\\/contadoreshoy.com\\\/?author=1#author\"},\"creator\":{\"@id\":\"https:\\\/\\\/contadoreshoy.com\\\/?author=1#author\"},\"image\":{\"@type\":\"ImageObject\",\"url\":\"https:\\\/\\\/contadoreshoy.com\\\/wp-content\\\/uploads\\\/2015\\\/09\\\/Importaciones.jpg\",\"@id\":\"https:\\\/\\\/contadoreshoy.com\\\/?p=8973\\\/#mainImage\",\"width\":400,\"height\":300},\"primaryImageOfPage\":{\"@id\":\"https:\\\/\\\/contadoreshoy.com\\\/?p=8973#mainImage\"},\"datePublished\":\"2017-03-17T08:35:09-05:00\",\"dateModified\":\"2017-03-17T08:35:09-05:00\"},{\"@type\":\"WebSite\",\"@id\":\"https:\\\/\\\/contadoreshoy.com\\\/#website\",\"url\":\"https:\\\/\\\/contadoreshoy.com\\\/\",\"name\":\"Contadores P\\u00fablicos\",\"description\":\"Portal para Contadores P\\u00fablicos y empresarios\",\"inLanguage\":\"es-ES\",\"publisher\":{\"@id\":\"https:\\\/\\\/contadoreshoy.com\\\/#organization\"}}]}\n\t\t<\/script>\n\t\t<!-- All in One SEO -->\n\n","aioseo_head_json":{"title":"Responsabilidad 10 \u00abUsuario Aduanero\u00bb no comporta obligaci\u00f3n de presentar declaraci\u00f3n bimestral \u2013 Concepto 76746 Noviembre 29 de 2013 DIAN - Contadores P\u00fablicos","description":"Tener inscrita en el Registro \u00danico Tributario RUT la responsabilidad 10 \"usuario aduanero\" que tiene un espectro m\u00e1s amplio, no comporta per se, la calidad de responsable del Impuesto sobre las ventas, ni de obligado a presentar declaraci\u00f3n bimestral. Ahora bien, si un usuario aduanero, realiza alguno de los hechos generadores o exentos del impuesto","canonical_url":"https:\/\/contadoreshoy.com\/?p=8973","robots":"max-image-preview:large","keywords":"","webmasterTools":{"miscellaneous":""},"schema":{"@context":"https:\/\/schema.org","@graph":[{"@type":"BlogPosting","@id":"https:\/\/contadoreshoy.com\/?p=8973#blogposting","name":"Responsabilidad 10 \u00abUsuario Aduanero\u00bb no comporta obligaci\u00f3n de presentar declaraci\u00f3n bimestral \u2013 Concepto 76746 Noviembre 29 de 2013 DIAN - Contadores P\u00fablicos","headline":"Responsabilidad 10 \u00abUsuario Aduanero\u00bb no comporta obligaci\u00f3n de presentar declaraci\u00f3n bimestral &#8211; Concepto 76746 Noviembre 29 de 2013 DIAN","author":{"@id":"https:\/\/contadoreshoy.com\/?author=1#author"},"publisher":{"@id":"https:\/\/contadoreshoy.com\/#organization"},"image":{"@type":"ImageObject","url":"https:\/\/contadoreshoy.com\/wp-content\/uploads\/2015\/09\/Importaciones.jpg","width":400,"height":300},"datePublished":"2017-03-17T08:35:09-05:00","dateModified":"2017-03-17T08:35:09-05:00","inLanguage":"es-ES","mainEntityOfPage":{"@id":"https:\/\/contadoreshoy.com\/?p=8973#webpage"},"isPartOf":{"@id":"https:\/\/contadoreshoy.com\/?p=8973#webpage"},"articleSection":"Conceptos y Oficios DIAN, Sin categor\u00eda"},{"@type":"BreadcrumbList","@id":"https:\/\/contadoreshoy.com\/?p=8973#breadcrumblist","itemListElement":[{"@type":"ListItem","@id":"https:\/\/contadoreshoy.com#listItem","position":1,"name":"Home","item":"https:\/\/contadoreshoy.com","nextItem":{"@type":"ListItem","@id":"https:\/\/contadoreshoy.com\/?cat=454#listItem","name":"Sin categor\u00eda"}},{"@type":"ListItem","@id":"https:\/\/contadoreshoy.com\/?cat=454#listItem","position":2,"name":"Sin categor\u00eda","item":"https:\/\/contadoreshoy.com\/?cat=454","nextItem":{"@type":"ListItem","@id":"https:\/\/contadoreshoy.com\/?p=8973#listItem","name":"Responsabilidad 10 \u00abUsuario Aduanero\u00bb no comporta obligaci\u00f3n de presentar declaraci\u00f3n bimestral &#8211; Concepto 76746 Noviembre 29 de 2013 DIAN"},"previousItem":{"@type":"ListItem","@id":"https:\/\/contadoreshoy.com#listItem","name":"Home"}},{"@type":"ListItem","@id":"https:\/\/contadoreshoy.com\/?p=8973#listItem","position":3,"name":"Responsabilidad 10 \u00abUsuario Aduanero\u00bb no comporta obligaci\u00f3n de presentar declaraci\u00f3n bimestral &#8211; Concepto 76746 Noviembre 29 de 2013 DIAN","previousItem":{"@type":"ListItem","@id":"https:\/\/contadoreshoy.com\/?cat=454#listItem","name":"Sin categor\u00eda"}}]},{"@type":"Organization","@id":"https:\/\/contadoreshoy.com\/#organization","name":"Contadores P\u00fablicos","description":"Portal para Contadores P\u00fablicos y empresarios","url":"https:\/\/contadoreshoy.com\/","logo":{"@type":"ImageObject","url":"https:\/\/contadoreshoy.com\/wp-content\/uploads\/2024\/01\/cropped-cropped-Copia-de-M-1.jpg","@id":"https:\/\/contadoreshoy.com\/?p=8973\/#organizationLogo","width":499,"height":500},"image":{"@id":"https:\/\/contadoreshoy.com\/?p=8973\/#organizationLogo"}},{"@type":"Person","@id":"https:\/\/contadoreshoy.com\/?author=1#author","url":"https:\/\/contadoreshoy.com\/?author=1","name":"Miguel Antonio M\u00e1rquez Monta\u00f1ez"},{"@type":"WebPage","@id":"https:\/\/contadoreshoy.com\/?p=8973#webpage","url":"https:\/\/contadoreshoy.com\/?p=8973","name":"Responsabilidad 10 \u00abUsuario Aduanero\u00bb no comporta obligaci\u00f3n de presentar declaraci\u00f3n bimestral \u2013 Concepto 76746 Noviembre 29 de 2013 DIAN - Contadores P\u00fablicos","description":"Tener inscrita en el Registro \u00danico Tributario RUT la responsabilidad 10 \"usuario aduanero\" que tiene un espectro m\u00e1s amplio, no comporta per se, la calidad de responsable del Impuesto sobre las ventas, ni de obligado a presentar declaraci\u00f3n bimestral. Ahora bien, si un usuario aduanero, realiza alguno de los hechos generadores o exentos del impuesto","inLanguage":"es-ES","isPartOf":{"@id":"https:\/\/contadoreshoy.com\/#website"},"breadcrumb":{"@id":"https:\/\/contadoreshoy.com\/?p=8973#breadcrumblist"},"author":{"@id":"https:\/\/contadoreshoy.com\/?author=1#author"},"creator":{"@id":"https:\/\/contadoreshoy.com\/?author=1#author"},"image":{"@type":"ImageObject","url":"https:\/\/contadoreshoy.com\/wp-content\/uploads\/2015\/09\/Importaciones.jpg","@id":"https:\/\/contadoreshoy.com\/?p=8973\/#mainImage","width":400,"height":300},"primaryImageOfPage":{"@id":"https:\/\/contadoreshoy.com\/?p=8973#mainImage"},"datePublished":"2017-03-17T08:35:09-05:00","dateModified":"2017-03-17T08:35:09-05:00"},{"@type":"WebSite","@id":"https:\/\/contadoreshoy.com\/#website","url":"https:\/\/contadoreshoy.com\/","name":"Contadores P\u00fablicos","description":"Portal para Contadores P\u00fablicos y empresarios","inLanguage":"es-ES","publisher":{"@id":"https:\/\/contadoreshoy.com\/#organization"}}]},"og:locale":"es_ES","og:site_name":"Contadores P\u00fablicos - Portal para Contadores P\u00fablicos y empresarios","og:type":"article","og:title":"Responsabilidad 10 \u00abUsuario Aduanero\u00bb no comporta obligaci\u00f3n de presentar declaraci\u00f3n bimestral \u2013 Concepto 76746 Noviembre 29 de 2013 DIAN - Contadores P\u00fablicos","og:description":"Tener inscrita en el Registro \u00danico Tributario RUT la responsabilidad 10 &quot;usuario aduanero&quot; que tiene un espectro m\u00e1s amplio, no comporta per se, la calidad de responsable del Impuesto sobre las ventas, ni de obligado a presentar declaraci\u00f3n bimestral. Ahora bien, si un usuario aduanero, realiza alguno de los hechos generadores o exentos del impuesto","og:url":"https:\/\/contadoreshoy.com\/?p=8973","og:image":"https:\/\/contadoreshoy.com\/wp-content\/uploads\/2024\/01\/cropped-cropped-cropped-Copia-de-M.jpg","og:image:secure_url":"https:\/\/contadoreshoy.com\/wp-content\/uploads\/2024\/01\/cropped-cropped-cropped-Copia-de-M.jpg","og:image:width":512,"og:image:height":371,"article:published_time":"2017-03-17T13:35:09+00:00","article:modified_time":"2017-03-17T13:35:09+00:00","twitter:card":"summary_large_image","twitter:title":"Responsabilidad 10 \u00abUsuario Aduanero\u00bb no comporta obligaci\u00f3n de presentar declaraci\u00f3n bimestral \u2013 Concepto 76746 Noviembre 29 de 2013 DIAN - Contadores P\u00fablicos","twitter:description":"Tener inscrita en el Registro \u00danico Tributario RUT la responsabilidad 10 &quot;usuario aduanero&quot; que tiene un espectro m\u00e1s amplio, no comporta per se, la calidad de responsable del Impuesto sobre las ventas, ni de obligado a presentar declaraci\u00f3n bimestral. Ahora bien, si un usuario aduanero, realiza alguno de los hechos generadores o exentos del impuesto","twitter:image":"https:\/\/contadoreshoy.com\/wp-content\/uploads\/2024\/01\/cropped-cropped-cropped-Copia-de-M.jpg"},"aioseo_meta_data":{"post_id":"8973","title":null,"description":null,"keywords":null,"keyphrases":null,"primary_term":null,"canonical_url":null,"og_title":null,"og_description":null,"og_object_type":"default","og_image_type":"default","og_image_url":null,"og_image_width":null,"og_image_height":null,"og_image_custom_url":null,"og_image_custom_fields":null,"og_video":null,"og_custom_url":null,"og_article_section":null,"og_article_tags":null,"twitter_use_og":false,"twitter_card":"default","twitter_image_type":"default","twitter_image_url":null,"twitter_image_custom_url":null,"twitter_image_custom_fields":null,"twitter_title":null,"twitter_description":null,"schema":{"blockGraphs":[],"customGraphs":[],"default":{"data":{"Article":[],"Course":[],"Dataset":[],"FAQPage":[],"Movie":[],"Person":[],"Product":[],"ProductReview":[],"Car":[],"Recipe":[],"Service":[],"SoftwareApplication":[],"WebPage":[]},"graphName":"","isEnabled":true},"graphs":[]},"schema_type":"default","schema_type_options":null,"pillar_content":false,"robots_default":true,"robots_noindex":false,"robots_noarchive":false,"robots_nosnippet":false,"robots_nofollow":false,"robots_noimageindex":false,"robots_noodp":false,"robots_notranslate":false,"robots_max_snippet":null,"robots_max_videopreview":null,"robots_max_imagepreview":"large","priority":null,"frequency":null,"local_seo":null,"breadcrumb_settings":null,"limit_modified_date":false,"ai":null,"created":"2024-03-05 01:45:28","updated":"2026-03-03 05:00:59","seo_analyzer_scan_date":null,"focus_keyword":null,"additional_keywords":null,"truseo_locale":null},"aioseo_breadcrumb":"<div class=\"aioseo-breadcrumbs\"><span class=\"aioseo-breadcrumb\">\n\t\t\t<a href=\"https:\/\/contadoreshoy.com\" title=\"Home\">Home<\/a>\n\t\t<\/span><span class=\"aioseo-breadcrumb-separator\">&raquo;<\/span><span class=\"aioseo-breadcrumb\">\n\t\t\t<a href=\"https:\/\/contadoreshoy.com\/?cat=454\" title=\"Sin categor\u00eda\">Sin categor\u00eda<\/a>\n\t\t<\/span><span class=\"aioseo-breadcrumb-separator\">&raquo;<\/span><span class=\"aioseo-breadcrumb\">\n\t\t\tResponsabilidad 10 \u00abUsuario Aduanero\u00bb no comporta obligaci\u00f3n de presentar declaraci\u00f3n bimestral \u2013 Concepto 76746 Noviembre 29 de 2013 DIAN\n\t\t<\/span><\/div>","aioseo_breadcrumb_json":[{"label":"Home","link":"https:\/\/contadoreshoy.com"},{"label":"Sin categor\u00eda","link":"https:\/\/contadoreshoy.com\/?cat=454"},{"label":"Responsabilidad 10 \u00abUsuario Aduanero\u00bb no comporta obligaci\u00f3n de presentar declaraci\u00f3n bimestral &#8211; Concepto 76746 Noviembre 29 de 2013 DIAN","link":"https:\/\/contadoreshoy.com\/?p=8973"}],"yoast_head":"<!-- This site is optimized with the Yoast SEO plugin v28.4 - https:\/\/yoast.com\/product\/yoast-seo-wordpress\/ -->\n<title>Responsabilidad 10 &quot;Usuario Aduanero&quot; no comporta obligaci\u00f3n de presentar declaraci\u00f3n bimestral - Concepto 76746 Noviembre 29 de 2013 DIAN - Contadores P\u00fablicos<\/title>\n<meta name=\"robots\" content=\"index, follow, max-snippet:-1, max-image-preview:large, max-video-preview:-1\" \/>\n<link rel=\"canonical\" href=\"https:\/\/contadoreshoy.com\/?p=8973\" \/>\n<meta property=\"og:locale\" content=\"es_ES\" \/>\n<meta property=\"og:type\" content=\"article\" \/>\n<meta property=\"og:title\" content=\"Responsabilidad 10 &quot;Usuario Aduanero&quot; no comporta obligaci\u00f3n de presentar declaraci\u00f3n bimestral - Concepto 76746 Noviembre 29 de 2013 DIAN - Contadores P\u00fablicos\" \/>\n<meta property=\"og:description\" content=\"Tener inscrita en el Registro \u00danico Tributario RUT la responsabilidad 10 \u00abusuario aduanero\u00bb que tiene un espectro m\u00e1s amplio, no comporta per se, la calidad de responsable del Impuesto sobre&#046;&#046;&#046;\" \/>\n<meta property=\"og:url\" content=\"https:\/\/contadoreshoy.com\/?p=8973\" \/>\n<meta property=\"og:site_name\" content=\"Contadores P\u00fablicos\" \/>\n<meta property=\"article:publisher\" content=\"https:\/\/www.facebook.com\/CCCPBucaramanga\/\" \/>\n<meta property=\"article:published_time\" content=\"2017-03-17T13:35:09+00:00\" \/>\n<meta property=\"og:image\" content=\"https:\/\/contadoreshoy.com\/wp-content\/uploads\/2015\/09\/Importaciones.jpg\" \/>\n\t<meta property=\"og:image:width\" content=\"400\" \/>\n\t<meta property=\"og:image:height\" content=\"300\" \/>\n\t<meta property=\"og:image:type\" content=\"image\/jpeg\" \/>\n<meta name=\"author\" content=\"Miguel Antonio M\u00e1rquez Monta\u00f1ez\" \/>\n<meta name=\"twitter:card\" content=\"summary_large_image\" \/>\n<meta name=\"twitter:label1\" content=\"Escrito por\" \/>\n\t<meta name=\"twitter:data1\" content=\"Miguel Antonio M\u00e1rquez Monta\u00f1ez\" \/>\n\t<meta name=\"twitter:label2\" content=\"Tiempo de lectura\" \/>\n\t<meta name=\"twitter:data2\" content=\"1 minuto\" \/>\n<script type=\"application\/ld+json\" class=\"yoast-schema-graph\">{\"@context\":\"https:\\\/\\\/schema.org\",\"@graph\":[{\"@type\":\"Article\",\"@id\":\"https:\\\/\\\/contadoreshoy.com\\\/?p=8973#article\",\"isPartOf\":{\"@id\":\"https:\\\/\\\/contadoreshoy.com\\\/?p=8973\"},\"author\":{\"name\":\"Miguel Antonio M\u00e1rquez Monta\u00f1ez\",\"@id\":\"https:\\\/\\\/contadoreshoy.com\\\/#\\\/schema\\\/person\\\/96d8979cb865537c5dc9345e40089fc5\"},\"headline\":\"Responsabilidad 10 \u00abUsuario Aduanero\u00bb no comporta obligaci\u00f3n de presentar declaraci\u00f3n bimestral &#8211; Concepto 76746 Noviembre 29 de 2013 DIAN\",\"datePublished\":\"2017-03-17T13:35:09+00:00\",\"mainEntityOfPage\":{\"@id\":\"https:\\\/\\\/contadoreshoy.com\\\/?p=8973\"},\"wordCount\":130,\"publisher\":{\"@id\":\"https:\\\/\\\/contadoreshoy.com\\\/#organization\"},\"image\":{\"@id\":\"https:\\\/\\\/contadoreshoy.com\\\/?p=8973#primaryimage\"},\"thumbnailUrl\":\"https:\\\/\\\/contadoreshoy.com\\\/wp-content\\\/uploads\\\/2015\\\/09\\\/Importaciones.jpg\",\"articleSection\":[\"Conceptos y Oficios DIAN\"],\"inLanguage\":\"es\"},{\"@type\":\"WebPage\",\"@id\":\"https:\\\/\\\/contadoreshoy.com\\\/?p=8973\",\"url\":\"https:\\\/\\\/contadoreshoy.com\\\/?p=8973\",\"name\":\"Responsabilidad 10 \\\"Usuario Aduanero\\\" no comporta obligaci\u00f3n de presentar declaraci\u00f3n bimestral - Concepto 76746 Noviembre 29 de 2013 DIAN - Contadores P\u00fablicos\",\"isPartOf\":{\"@id\":\"https:\\\/\\\/contadoreshoy.com\\\/#website\"},\"primaryImageOfPage\":{\"@id\":\"https:\\\/\\\/contadoreshoy.com\\\/?p=8973#primaryimage\"},\"image\":{\"@id\":\"https:\\\/\\\/contadoreshoy.com\\\/?p=8973#primaryimage\"},\"thumbnailUrl\":\"https:\\\/\\\/contadoreshoy.com\\\/wp-content\\\/uploads\\\/2015\\\/09\\\/Importaciones.jpg\",\"datePublished\":\"2017-03-17T13:35:09+00:00\",\"breadcrumb\":{\"@id\":\"https:\\\/\\\/contadoreshoy.com\\\/?p=8973#breadcrumb\"},\"inLanguage\":\"es\",\"potentialAction\":[{\"@type\":\"ReadAction\",\"target\":[\"https:\\\/\\\/contadoreshoy.com\\\/?p=8973\"]}]},{\"@type\":\"ImageObject\",\"inLanguage\":\"es\",\"@id\":\"https:\\\/\\\/contadoreshoy.com\\\/?p=8973#primaryimage\",\"url\":\"https:\\\/\\\/contadoreshoy.com\\\/wp-content\\\/uploads\\\/2015\\\/09\\\/Importaciones.jpg\",\"contentUrl\":\"https:\\\/\\\/contadoreshoy.com\\\/wp-content\\\/uploads\\\/2015\\\/09\\\/Importaciones.jpg\",\"width\":400,\"height\":300},{\"@type\":\"BreadcrumbList\",\"@id\":\"https:\\\/\\\/contadoreshoy.com\\\/?p=8973#breadcrumb\",\"itemListElement\":[{\"@type\":\"ListItem\",\"position\":1,\"name\":\"Portada\",\"item\":\"https:\\\/\\\/contadoreshoy.com\\\/\"},{\"@type\":\"ListItem\",\"position\":2,\"name\":\"Responsabilidad 10 &#8220;Usuario Aduanero&#8221; no comporta obligaci\u00f3n de presentar declaraci\u00f3n bimestral &#8211; Concepto 76746 Noviembre 29 de 2013 DIAN\"}]},{\"@type\":\"WebSite\",\"@id\":\"https:\\\/\\\/contadoreshoy.com\\\/#website\",\"url\":\"https:\\\/\\\/contadoreshoy.com\\\/\",\"name\":\"Contadorespublicossantander\",\"description\":\"Portal para Contadores P\u00fablicos y empresarios\",\"publisher\":{\"@id\":\"https:\\\/\\\/contadoreshoy.com\\\/#organization\"},\"potentialAction\":[{\"@type\":\"SearchAction\",\"target\":{\"@type\":\"EntryPoint\",\"urlTemplate\":\"https:\\\/\\\/contadoreshoy.com\\\/?s={search_term_string}\"},\"query-input\":{\"@type\":\"PropertyValueSpecification\",\"valueRequired\":true,\"valueName\":\"search_term_string\"}}],\"inLanguage\":\"es\"},{\"@type\":\"Organization\",\"@id\":\"https:\\\/\\\/contadoreshoy.com\\\/#organization\",\"name\":\"Contadores P\u00fablicos de Santander\",\"url\":\"https:\\\/\\\/contadoreshoy.com\\\/\",\"logo\":{\"@type\":\"ImageObject\",\"inLanguage\":\"es\",\"@id\":\"https:\\\/\\\/contadoreshoy.com\\\/#\\\/schema\\\/logo\\\/image\\\/\",\"url\":\"https:\\\/\\\/contadoreshoy.com\\\/wp-content\\\/uploads\\\/2024\\\/01\\\/cropped-cropped-Copia-de-M-1.jpg\",\"contentUrl\":\"https:\\\/\\\/contadoreshoy.com\\\/wp-content\\\/uploads\\\/2024\\\/01\\\/cropped-cropped-Copia-de-M-1.jpg\",\"width\":499,\"height\":500,\"caption\":\"Contadores P\u00fablicos de Santander\"},\"image\":{\"@id\":\"https:\\\/\\\/contadoreshoy.com\\\/#\\\/schema\\\/logo\\\/image\\\/\"},\"sameAs\":[\"https:\\\/\\\/www.facebook.com\\\/CCCPBucaramanga\\\/\"]},{\"@type\":\"Person\",\"@id\":\"https:\\\/\\\/contadoreshoy.com\\\/#\\\/schema\\\/person\\\/96d8979cb865537c5dc9345e40089fc5\",\"name\":\"Miguel Antonio M\u00e1rquez Monta\u00f1ez\",\"description\":\"Contador P\u00fablico egresado de la Universidad Aut\u00f3noma de Bucaramanga - Asesor contable tributario con m\u00e1s de 25 a\u00f1os de experiencia - Conferencista en temas contables y tributarios - T\u00e9cnico en Hardware y Dise\u00f1o Web - Creador y director Grupo de Estudio Colegio Colombiano de Contadores P\u00fablicos de Bucaramanga - Creador y Master Web p\u00e1gina www.contadoresp\u00fablicossantander.com - Expresidente Colegio Colombiano de Contadores P\u00fablicos Bucaramanga\",\"url\":\"https:\\\/\\\/contadoreshoy.com\\\/?author=1\"}]}<\/script>\n<!-- \/ Yoast SEO plugin. -->","yoast_head_json":{"title":"Responsabilidad 10 \"Usuario Aduanero\" no comporta obligaci\u00f3n de presentar declaraci\u00f3n bimestral - Concepto 76746 Noviembre 29 de 2013 DIAN - Contadores P\u00fablicos","robots":{"index":"index","follow":"follow","max-snippet":"max-snippet:-1","max-image-preview":"max-image-preview:large","max-video-preview":"max-video-preview:-1"},"canonical":"https:\/\/contadoreshoy.com\/?p=8973","og_locale":"es_ES","og_type":"article","og_title":"Responsabilidad 10 \"Usuario Aduanero\" no comporta obligaci\u00f3n de presentar declaraci\u00f3n bimestral - Concepto 76746 Noviembre 29 de 2013 DIAN - Contadores P\u00fablicos","og_description":"Tener inscrita en el Registro \u00danico Tributario RUT la responsabilidad 10 \u00abusuario aduanero\u00bb que tiene un espectro m\u00e1s amplio, no comporta per se, la calidad de responsable del Impuesto sobre&#46;&#46;&#46;","og_url":"https:\/\/contadoreshoy.com\/?p=8973","og_site_name":"Contadores P\u00fablicos","article_publisher":"https:\/\/www.facebook.com\/CCCPBucaramanga\/","article_published_time":"2017-03-17T13:35:09+00:00","og_image":[{"width":400,"height":300,"url":"https:\/\/contadoreshoy.com\/wp-content\/uploads\/2015\/09\/Importaciones.jpg","type":"image\/jpeg"}],"author":"Miguel Antonio M\u00e1rquez Monta\u00f1ez","twitter_card":"summary_large_image","twitter_misc":{"Escrito por":"Miguel Antonio M\u00e1rquez Monta\u00f1ez","Tiempo de lectura":"1 minuto"},"schema":{"@context":"https:\/\/schema.org","@graph":[{"@type":"Article","@id":"https:\/\/contadoreshoy.com\/?p=8973#article","isPartOf":{"@id":"https:\/\/contadoreshoy.com\/?p=8973"},"author":{"name":"Miguel Antonio M\u00e1rquez Monta\u00f1ez","@id":"https:\/\/contadoreshoy.com\/#\/schema\/person\/96d8979cb865537c5dc9345e40089fc5"},"headline":"Responsabilidad 10 \u00abUsuario Aduanero\u00bb no comporta obligaci\u00f3n de presentar declaraci\u00f3n bimestral &#8211; Concepto 76746 Noviembre 29 de 2013 DIAN","datePublished":"2017-03-17T13:35:09+00:00","mainEntityOfPage":{"@id":"https:\/\/contadoreshoy.com\/?p=8973"},"wordCount":130,"publisher":{"@id":"https:\/\/contadoreshoy.com\/#organization"},"image":{"@id":"https:\/\/contadoreshoy.com\/?p=8973#primaryimage"},"thumbnailUrl":"https:\/\/contadoreshoy.com\/wp-content\/uploads\/2015\/09\/Importaciones.jpg","articleSection":["Conceptos y Oficios DIAN"],"inLanguage":"es"},{"@type":"WebPage","@id":"https:\/\/contadoreshoy.com\/?p=8973","url":"https:\/\/contadoreshoy.com\/?p=8973","name":"Responsabilidad 10 \"Usuario Aduanero\" no comporta obligaci\u00f3n de presentar declaraci\u00f3n bimestral - Concepto 76746 Noviembre 29 de 2013 DIAN - Contadores P\u00fablicos","isPartOf":{"@id":"https:\/\/contadoreshoy.com\/#website"},"primaryImageOfPage":{"@id":"https:\/\/contadoreshoy.com\/?p=8973#primaryimage"},"image":{"@id":"https:\/\/contadoreshoy.com\/?p=8973#primaryimage"},"thumbnailUrl":"https:\/\/contadoreshoy.com\/wp-content\/uploads\/2015\/09\/Importaciones.jpg","datePublished":"2017-03-17T13:35:09+00:00","breadcrumb":{"@id":"https:\/\/contadoreshoy.com\/?p=8973#breadcrumb"},"inLanguage":"es","potentialAction":[{"@type":"ReadAction","target":["https:\/\/contadoreshoy.com\/?p=8973"]}]},{"@type":"ImageObject","inLanguage":"es","@id":"https:\/\/contadoreshoy.com\/?p=8973#primaryimage","url":"https:\/\/contadoreshoy.com\/wp-content\/uploads\/2015\/09\/Importaciones.jpg","contentUrl":"https:\/\/contadoreshoy.com\/wp-content\/uploads\/2015\/09\/Importaciones.jpg","width":400,"height":300},{"@type":"BreadcrumbList","@id":"https:\/\/contadoreshoy.com\/?p=8973#breadcrumb","itemListElement":[{"@type":"ListItem","position":1,"name":"Portada","item":"https:\/\/contadoreshoy.com\/"},{"@type":"ListItem","position":2,"name":"Responsabilidad 10 &#8220;Usuario Aduanero&#8221; no comporta obligaci\u00f3n de presentar declaraci\u00f3n bimestral &#8211; Concepto 76746 Noviembre 29 de 2013 DIAN"}]},{"@type":"WebSite","@id":"https:\/\/contadoreshoy.com\/#website","url":"https:\/\/contadoreshoy.com\/","name":"Contadorespublicossantander","description":"Portal para Contadores P\u00fablicos y empresarios","publisher":{"@id":"https:\/\/contadoreshoy.com\/#organization"},"potentialAction":[{"@type":"SearchAction","target":{"@type":"EntryPoint","urlTemplate":"https:\/\/contadoreshoy.com\/?s={search_term_string}"},"query-input":{"@type":"PropertyValueSpecification","valueRequired":true,"valueName":"search_term_string"}}],"inLanguage":"es"},{"@type":"Organization","@id":"https:\/\/contadoreshoy.com\/#organization","name":"Contadores P\u00fablicos de Santander","url":"https:\/\/contadoreshoy.com\/","logo":{"@type":"ImageObject","inLanguage":"es","@id":"https:\/\/contadoreshoy.com\/#\/schema\/logo\/image\/","url":"https:\/\/contadoreshoy.com\/wp-content\/uploads\/2024\/01\/cropped-cropped-Copia-de-M-1.jpg","contentUrl":"https:\/\/contadoreshoy.com\/wp-content\/uploads\/2024\/01\/cropped-cropped-Copia-de-M-1.jpg","width":499,"height":500,"caption":"Contadores P\u00fablicos de Santander"},"image":{"@id":"https:\/\/contadoreshoy.com\/#\/schema\/logo\/image\/"},"sameAs":["https:\/\/www.facebook.com\/CCCPBucaramanga\/"]},{"@type":"Person","@id":"https:\/\/contadoreshoy.com\/#\/schema\/person\/96d8979cb865537c5dc9345e40089fc5","name":"Miguel Antonio M\u00e1rquez Monta\u00f1ez","description":"Contador P\u00fablico egresado de la Universidad Aut\u00f3noma de Bucaramanga - Asesor contable tributario con m\u00e1s de 25 a\u00f1os de experiencia - Conferencista en temas contables y tributarios - T\u00e9cnico en Hardware y Dise\u00f1o Web - Creador y director Grupo de Estudio Colegio Colombiano de Contadores P\u00fablicos de Bucaramanga - Creador y Master Web p\u00e1gina www.contadoresp\u00fablicossantander.com - Expresidente Colegio Colombiano de Contadores P\u00fablicos Bucaramanga","url":"https:\/\/contadoreshoy.com\/?author=1"}]}},"_links":{"self":[{"href":"https:\/\/contadoreshoy.com\/index.php?rest_route=\/wp\/v2\/posts\/8973","targetHints":{"allow":["GET"]}}],"collection":[{"href":"https:\/\/contadoreshoy.com\/index.php?rest_route=\/wp\/v2\/posts"}],"about":[{"href":"https:\/\/contadoreshoy.com\/index.php?rest_route=\/wp\/v2\/types\/post"}],"author":[{"embeddable":true,"href":"https:\/\/contadoreshoy.com\/index.php?rest_route=\/wp\/v2\/users\/1"}],"replies":[{"embeddable":true,"href":"https:\/\/contadoreshoy.com\/index.php?rest_route=%2Fwp%2Fv2%2Fcomments&post=8973"}],"version-history":[{"count":1,"href":"https:\/\/contadoreshoy.com\/index.php?rest_route=\/wp\/v2\/posts\/8973\/revisions"}],"predecessor-version":[{"id":8974,"href":"https:\/\/contadoreshoy.com\/index.php?rest_route=\/wp\/v2\/posts\/8973\/revisions\/8974"}],"wp:featuredmedia":[{"embeddable":true,"href":"https:\/\/contadoreshoy.com\/index.php?rest_route=\/wp\/v2\/media\/5789"}],"wp:attachment":[{"href":"https:\/\/contadoreshoy.com\/index.php?rest_route=%2Fwp%2Fv2%2Fmedia&parent=8973"}],"wp:term":[{"taxonomy":"category","embeddable":true,"href":"https:\/\/contadoreshoy.com\/index.php?rest_route=%2Fwp%2Fv2%2Fcategories&post=8973"},{"taxonomy":"post_tag","embeddable":true,"href":"https:\/\/contadoreshoy.com\/index.php?rest_route=%2Fwp%2Fv2%2Ftags&post=8973"}],"curies":[{"name":"wp","href":"https:\/\/api.w.org\/{rel}","templated":true}]}}