{"id":9310,"date":"2017-04-18T22:39:56","date_gmt":"2017-04-19T03:39:56","guid":{"rendered":"https:\/\/contadoreshoy.com\/?p=9310"},"modified":"2017-04-18T22:39:56","modified_gmt":"2017-04-19T03:39:56","slug":"visita-de-inspeccion-a-contadores-publicos","status":"publish","type":"post","link":"https:\/\/contadoreshoy.com\/?p=9310","title":{"rendered":"Visita de inspecci\u00f3n a Contadores P\u00fablicos"},"content":{"rendered":"<p style=\"text-align: justify;\">A partir de mayo la Unidad Administrativa Especial de la Junta Central de Contadores, realizar\u00e1 visitas de inspecci\u00f3n a los contadores p\u00fablicos y entidades prestadoras de servicios contables, verificando el cumplimiento del Decreto \u00danico Reglamentario 2420 de 2015.<\/p>\n<p style=\"text-align: justify;\">\nLa Junta Central de Contadores, procura asegurar que la profesi\u00f3n contable, especialmente la funci\u00f3n de dar fe p\u00fablica, sea ejercida por personas habilitadas legalmente para ello, cumpliendo la normatividad vigente.<\/p>\n<p style=\"text-align: justify;\">\nCada diligencia ser\u00e1 notificada previamente al supervisado, con el fin de hacer m\u00e1s \u00e1gil y expedito el proceso.<\/p>\n<p style=\"text-align: justify;\">\n<a href=\"http:\/\/www.jcc.gov.co\/images\/articulos\/comunicado_de_prensa_N_2_2017_final.pdf\" target=\"_blank\"> Para ver comunicado de prensa No 2 de abril 18 de 2017, dar click aqu\u00ed<\/a><\/p>\n","protected":false},"excerpt":{"rendered":"<p>A partir de mayo la Unidad Administrativa Especial de la Junta Central de Contadores, realizar\u00e1 visitas de inspecci\u00f3n a los contadores p\u00fablicos y entidades prestadoras de servicios contables, verificando el&#46;&#46;&#46;<\/p>\n","protected":false},"author":1,"featured_media":7544,"comment_status":"closed","ping_status":"open","sticky":false,"template":"","format":"standard","meta":{"_monsterinsights_skip_tracking":false,"ngg_post_thumbnail":0,"footnotes":"","_links_to":"","_links_to_target":""},"categories":[454,458],"tags":[],"class_list":["post-9310","post","type-post","status-publish","format-standard","has-post-thumbnail","hentry","category-sin-categoria","category-ultimas"],"aioseo_notices":[],"aioseo_head":"\n\t\t<!-- All in One SEO 5.0.1.1 - aioseo.com -->\n\t<meta name=\"description\" content=\"A partir de mayo la Unidad Administrativa Especial de la Junta Central de Contadores, realizar\u00e1 visitas de inspecci\u00f3n a los contadores p\u00fablicos y entidades prestadoras de servicios contables, verificando el cumplimiento del Decreto \u00danico Reglamentario 2420 de 2015. La Junta Central de Contadores, procura asegurar que la profesi\u00f3n contable, especialmente la funci\u00f3n de dar fe\" \/>\n\t<meta name=\"robots\" content=\"max-image-preview:large\" \/>\n\t<meta name=\"author\" content=\"Miguel Antonio M\u00e1rquez Monta\u00f1ez\"\/>\n\t<link rel=\"canonical\" href=\"https:\/\/contadoreshoy.com\/?p=9310\" \/>\n\t<meta name=\"generator\" content=\"All in One SEO (AIOSEO) 5.0.1.1\" \/>\n\t\t<meta property=\"og:locale\" content=\"es_ES\" \/>\n\t\t<meta property=\"og:site_name\" content=\"Contadores P\u00fablicos - Portal para Contadores P\u00fablicos y empresarios\" \/>\n\t\t<meta property=\"og:type\" content=\"article\" \/>\n\t\t<meta property=\"og:title\" content=\"Visita de inspecci\u00f3n a Contadores P\u00fablicos - Contadores P\u00fablicos\" \/>\n\t\t<meta property=\"og:description\" content=\"A partir de mayo la Unidad Administrativa Especial de la Junta Central de Contadores, realizar\u00e1 visitas de inspecci\u00f3n a los contadores p\u00fablicos y entidades prestadoras de servicios contables, verificando el cumplimiento del Decreto \u00danico Reglamentario 2420 de 2015. La Junta Central de Contadores, procura asegurar que la profesi\u00f3n contable, especialmente la funci\u00f3n de dar fe\" \/>\n\t\t<meta property=\"og:url\" content=\"https:\/\/contadoreshoy.com\/?p=9310\" \/>\n\t\t<meta property=\"og:image\" content=\"https:\/\/contadoreshoy.com\/wp-content\/uploads\/2024\/01\/cropped-cropped-cropped-Copia-de-M.jpg\" \/>\n\t\t<meta property=\"og:image:secure_url\" content=\"https:\/\/contadoreshoy.com\/wp-content\/uploads\/2024\/01\/cropped-cropped-cropped-Copia-de-M.jpg\" \/>\n\t\t<meta property=\"og:image:width\" content=\"512\" \/>\n\t\t<meta property=\"og:image:height\" content=\"371\" \/>\n\t\t<meta property=\"article:published_time\" content=\"2017-04-19T03:39:56+00:00\" \/>\n\t\t<meta property=\"article:modified_time\" content=\"2017-04-19T03:39:56+00:00\" \/>\n\t\t<meta name=\"twitter:card\" content=\"summary_large_image\" \/>\n\t\t<meta name=\"twitter:title\" content=\"Visita de inspecci\u00f3n a Contadores P\u00fablicos - Contadores P\u00fablicos\" \/>\n\t\t<meta name=\"twitter:description\" content=\"A partir de mayo la Unidad Administrativa Especial de la Junta Central de Contadores, realizar\u00e1 visitas de inspecci\u00f3n a los contadores p\u00fablicos y entidades prestadoras de servicios contables, verificando el cumplimiento del Decreto \u00danico Reglamentario 2420 de 2015. La Junta Central de Contadores, procura asegurar que la profesi\u00f3n contable, especialmente la funci\u00f3n de dar fe\" \/>\n\t\t<meta name=\"twitter:image\" content=\"https:\/\/contadoreshoy.com\/wp-content\/uploads\/2024\/01\/cropped-cropped-cropped-Copia-de-M.jpg\" \/>\n\t\t<script type=\"application\/ld+json\" class=\"aioseo-schema\">\n\t\t\t{\"@context\":\"https:\\\/\\\/schema.org\",\"@graph\":[{\"@type\":\"BlogPosting\",\"@id\":\"https:\\\/\\\/contadoreshoy.com\\\/?p=9310#blogposting\",\"name\":\"Visita de inspecci\\u00f3n a Contadores P\\u00fablicos - Contadores P\\u00fablicos\",\"headline\":\"Visita de inspecci\\u00f3n a Contadores P\\u00fablicos\",\"author\":{\"@id\":\"https:\\\/\\\/contadoreshoy.com\\\/?author=1#author\"},\"publisher\":{\"@id\":\"https:\\\/\\\/contadoreshoy.com\\\/#organization\"},\"image\":{\"@type\":\"ImageObject\",\"url\":\"https:\\\/\\\/contadoreshoy.com\\\/wp-content\\\/uploads\\\/2016\\\/10\\\/Auditor2.jpg\",\"width\":600,\"height\":400,\"caption\":\"Documento resumen sobre las Normas de Aseguramiento de la Informaci\\u00f3n.\"},\"datePublished\":\"2017-04-18T22:39:56-05:00\",\"dateModified\":\"2017-04-18T22:39:56-05:00\",\"inLanguage\":\"es-ES\",\"mainEntityOfPage\":{\"@id\":\"https:\\\/\\\/contadoreshoy.com\\\/?p=9310#webpage\"},\"isPartOf\":{\"@id\":\"https:\\\/\\\/contadoreshoy.com\\\/?p=9310#webpage\"},\"articleSection\":\"Sin categor\\u00eda, Ultimas Noticias\"},{\"@type\":\"BreadcrumbList\",\"@id\":\"https:\\\/\\\/contadoreshoy.com\\\/?p=9310#breadcrumblist\",\"itemListElement\":[{\"@type\":\"ListItem\",\"@id\":\"https:\\\/\\\/contadoreshoy.com#listItem\",\"position\":1,\"name\":\"Home\",\"item\":\"https:\\\/\\\/contadoreshoy.com\",\"nextItem\":{\"@type\":\"ListItem\",\"@id\":\"https:\\\/\\\/contadoreshoy.com\\\/?cat=454#listItem\",\"name\":\"Sin categor\\u00eda\"}},{\"@type\":\"ListItem\",\"@id\":\"https:\\\/\\\/contadoreshoy.com\\\/?cat=454#listItem\",\"position\":2,\"name\":\"Sin categor\\u00eda\",\"item\":\"https:\\\/\\\/contadoreshoy.com\\\/?cat=454\",\"nextItem\":{\"@type\":\"ListItem\",\"@id\":\"https:\\\/\\\/contadoreshoy.com\\\/?p=9310#listItem\",\"name\":\"Visita de inspecci\\u00f3n a Contadores P\\u00fablicos\"},\"previousItem\":{\"@type\":\"ListItem\",\"@id\":\"https:\\\/\\\/contadoreshoy.com#listItem\",\"name\":\"Home\"}},{\"@type\":\"ListItem\",\"@id\":\"https:\\\/\\\/contadoreshoy.com\\\/?p=9310#listItem\",\"position\":3,\"name\":\"Visita de inspecci\\u00f3n a Contadores P\\u00fablicos\",\"previousItem\":{\"@type\":\"ListItem\",\"@id\":\"https:\\\/\\\/contadoreshoy.com\\\/?cat=454#listItem\",\"name\":\"Sin categor\\u00eda\"}}]},{\"@type\":\"Organization\",\"@id\":\"https:\\\/\\\/contadoreshoy.com\\\/#organization\",\"name\":\"Contadores P\\u00fablicos\",\"description\":\"Portal para Contadores P\\u00fablicos y empresarios\",\"url\":\"https:\\\/\\\/contadoreshoy.com\\\/\",\"logo\":{\"@type\":\"ImageObject\",\"url\":\"https:\\\/\\\/contadoreshoy.com\\\/wp-content\\\/uploads\\\/2024\\\/01\\\/cropped-cropped-Copia-de-M-1.jpg\",\"@id\":\"https:\\\/\\\/contadoreshoy.com\\\/?p=9310\\\/#organizationLogo\",\"width\":499,\"height\":500},\"image\":{\"@id\":\"https:\\\/\\\/contadoreshoy.com\\\/?p=9310\\\/#organizationLogo\"}},{\"@type\":\"Person\",\"@id\":\"https:\\\/\\\/contadoreshoy.com\\\/?author=1#author\",\"url\":\"https:\\\/\\\/contadoreshoy.com\\\/?author=1\",\"name\":\"Miguel Antonio M\\u00e1rquez Monta\\u00f1ez\"},{\"@type\":\"WebPage\",\"@id\":\"https:\\\/\\\/contadoreshoy.com\\\/?p=9310#webpage\",\"url\":\"https:\\\/\\\/contadoreshoy.com\\\/?p=9310\",\"name\":\"Visita de inspecci\\u00f3n a Contadores P\\u00fablicos - Contadores P\\u00fablicos\",\"description\":\"A partir de mayo la Unidad Administrativa Especial de la Junta Central de Contadores, realizar\\u00e1 visitas de inspecci\\u00f3n a los contadores p\\u00fablicos y entidades prestadoras de servicios contables, verificando el cumplimiento del Decreto \\u00danico Reglamentario 2420 de 2015. La Junta Central de Contadores, procura asegurar que la profesi\\u00f3n contable, especialmente la funci\\u00f3n de dar fe\",\"inLanguage\":\"es-ES\",\"isPartOf\":{\"@id\":\"https:\\\/\\\/contadoreshoy.com\\\/#website\"},\"breadcrumb\":{\"@id\":\"https:\\\/\\\/contadoreshoy.com\\\/?p=9310#breadcrumblist\"},\"author\":{\"@id\":\"https:\\\/\\\/contadoreshoy.com\\\/?author=1#author\"},\"creator\":{\"@id\":\"https:\\\/\\\/contadoreshoy.com\\\/?author=1#author\"},\"image\":{\"@type\":\"ImageObject\",\"url\":\"https:\\\/\\\/contadoreshoy.com\\\/wp-content\\\/uploads\\\/2016\\\/10\\\/Auditor2.jpg\",\"@id\":\"https:\\\/\\\/contadoreshoy.com\\\/?p=9310\\\/#mainImage\",\"width\":600,\"height\":400,\"caption\":\"Documento resumen sobre las Normas de Aseguramiento de la Informaci\\u00f3n.\"},\"primaryImageOfPage\":{\"@id\":\"https:\\\/\\\/contadoreshoy.com\\\/?p=9310#mainImage\"},\"datePublished\":\"2017-04-18T22:39:56-05:00\",\"dateModified\":\"2017-04-18T22:39:56-05:00\"},{\"@type\":\"WebSite\",\"@id\":\"https:\\\/\\\/contadoreshoy.com\\\/#website\",\"url\":\"https:\\\/\\\/contadoreshoy.com\\\/\",\"name\":\"Contadores P\\u00fablicos\",\"description\":\"Portal para Contadores P\\u00fablicos y empresarios\",\"inLanguage\":\"es-ES\",\"publisher\":{\"@id\":\"https:\\\/\\\/contadoreshoy.com\\\/#organization\"}}]}\n\t\t<\/script>\n\t\t<!-- All in One SEO -->\n\n","aioseo_head_json":{"title":"Visita de inspecci\u00f3n a Contadores P\u00fablicos - Contadores P\u00fablicos","description":"A partir de mayo la Unidad Administrativa Especial de la Junta Central de Contadores, realizar\u00e1 visitas de inspecci\u00f3n a los contadores p\u00fablicos y entidades prestadoras de servicios contables, verificando el cumplimiento del Decreto \u00danico Reglamentario 2420 de 2015. La Junta Central de Contadores, procura asegurar que la profesi\u00f3n contable, especialmente la funci\u00f3n de dar fe","canonical_url":"https:\/\/contadoreshoy.com\/?p=9310","robots":"max-image-preview:large","keywords":"","webmasterTools":{"miscellaneous":""},"schema":{"@context":"https:\/\/schema.org","@graph":[{"@type":"BlogPosting","@id":"https:\/\/contadoreshoy.com\/?p=9310#blogposting","name":"Visita de inspecci\u00f3n a Contadores P\u00fablicos - Contadores P\u00fablicos","headline":"Visita de inspecci\u00f3n a Contadores P\u00fablicos","author":{"@id":"https:\/\/contadoreshoy.com\/?author=1#author"},"publisher":{"@id":"https:\/\/contadoreshoy.com\/#organization"},"image":{"@type":"ImageObject","url":"https:\/\/contadoreshoy.com\/wp-content\/uploads\/2016\/10\/Auditor2.jpg","width":600,"height":400,"caption":"Documento resumen sobre las Normas de Aseguramiento de la Informaci\u00f3n."},"datePublished":"2017-04-18T22:39:56-05:00","dateModified":"2017-04-18T22:39:56-05:00","inLanguage":"es-ES","mainEntityOfPage":{"@id":"https:\/\/contadoreshoy.com\/?p=9310#webpage"},"isPartOf":{"@id":"https:\/\/contadoreshoy.com\/?p=9310#webpage"},"articleSection":"Sin categor\u00eda, Ultimas Noticias"},{"@type":"BreadcrumbList","@id":"https:\/\/contadoreshoy.com\/?p=9310#breadcrumblist","itemListElement":[{"@type":"ListItem","@id":"https:\/\/contadoreshoy.com#listItem","position":1,"name":"Home","item":"https:\/\/contadoreshoy.com","nextItem":{"@type":"ListItem","@id":"https:\/\/contadoreshoy.com\/?cat=454#listItem","name":"Sin categor\u00eda"}},{"@type":"ListItem","@id":"https:\/\/contadoreshoy.com\/?cat=454#listItem","position":2,"name":"Sin categor\u00eda","item":"https:\/\/contadoreshoy.com\/?cat=454","nextItem":{"@type":"ListItem","@id":"https:\/\/contadoreshoy.com\/?p=9310#listItem","name":"Visita de inspecci\u00f3n a Contadores P\u00fablicos"},"previousItem":{"@type":"ListItem","@id":"https:\/\/contadoreshoy.com#listItem","name":"Home"}},{"@type":"ListItem","@id":"https:\/\/contadoreshoy.com\/?p=9310#listItem","position":3,"name":"Visita de inspecci\u00f3n a Contadores P\u00fablicos","previousItem":{"@type":"ListItem","@id":"https:\/\/contadoreshoy.com\/?cat=454#listItem","name":"Sin categor\u00eda"}}]},{"@type":"Organization","@id":"https:\/\/contadoreshoy.com\/#organization","name":"Contadores P\u00fablicos","description":"Portal para Contadores P\u00fablicos y empresarios","url":"https:\/\/contadoreshoy.com\/","logo":{"@type":"ImageObject","url":"https:\/\/contadoreshoy.com\/wp-content\/uploads\/2024\/01\/cropped-cropped-Copia-de-M-1.jpg","@id":"https:\/\/contadoreshoy.com\/?p=9310\/#organizationLogo","width":499,"height":500},"image":{"@id":"https:\/\/contadoreshoy.com\/?p=9310\/#organizationLogo"}},{"@type":"Person","@id":"https:\/\/contadoreshoy.com\/?author=1#author","url":"https:\/\/contadoreshoy.com\/?author=1","name":"Miguel Antonio M\u00e1rquez Monta\u00f1ez"},{"@type":"WebPage","@id":"https:\/\/contadoreshoy.com\/?p=9310#webpage","url":"https:\/\/contadoreshoy.com\/?p=9310","name":"Visita de inspecci\u00f3n a Contadores P\u00fablicos - Contadores P\u00fablicos","description":"A partir de mayo la Unidad Administrativa Especial de la Junta Central de Contadores, realizar\u00e1 visitas de inspecci\u00f3n a los contadores p\u00fablicos y entidades prestadoras de servicios contables, verificando el cumplimiento del Decreto \u00danico Reglamentario 2420 de 2015. La Junta Central de Contadores, procura asegurar que la profesi\u00f3n contable, especialmente la funci\u00f3n de dar fe","inLanguage":"es-ES","isPartOf":{"@id":"https:\/\/contadoreshoy.com\/#website"},"breadcrumb":{"@id":"https:\/\/contadoreshoy.com\/?p=9310#breadcrumblist"},"author":{"@id":"https:\/\/contadoreshoy.com\/?author=1#author"},"creator":{"@id":"https:\/\/contadoreshoy.com\/?author=1#author"},"image":{"@type":"ImageObject","url":"https:\/\/contadoreshoy.com\/wp-content\/uploads\/2016\/10\/Auditor2.jpg","@id":"https:\/\/contadoreshoy.com\/?p=9310\/#mainImage","width":600,"height":400,"caption":"Documento resumen sobre las Normas de Aseguramiento de la Informaci\u00f3n."},"primaryImageOfPage":{"@id":"https:\/\/contadoreshoy.com\/?p=9310#mainImage"},"datePublished":"2017-04-18T22:39:56-05:00","dateModified":"2017-04-18T22:39:56-05:00"},{"@type":"WebSite","@id":"https:\/\/contadoreshoy.com\/#website","url":"https:\/\/contadoreshoy.com\/","name":"Contadores P\u00fablicos","description":"Portal para Contadores P\u00fablicos y empresarios","inLanguage":"es-ES","publisher":{"@id":"https:\/\/contadoreshoy.com\/#organization"}}]},"og:locale":"es_ES","og:site_name":"Contadores P\u00fablicos - Portal para Contadores P\u00fablicos y empresarios","og:type":"article","og:title":"Visita de inspecci\u00f3n a Contadores P\u00fablicos - Contadores P\u00fablicos","og:description":"A partir de mayo la Unidad Administrativa Especial de la Junta Central de Contadores, realizar\u00e1 visitas de inspecci\u00f3n a los contadores p\u00fablicos y entidades prestadoras de servicios contables, verificando el cumplimiento del Decreto \u00danico Reglamentario 2420 de 2015. La Junta Central de Contadores, procura asegurar que la profesi\u00f3n contable, especialmente la funci\u00f3n de dar fe","og:url":"https:\/\/contadoreshoy.com\/?p=9310","og:image":"https:\/\/contadoreshoy.com\/wp-content\/uploads\/2024\/01\/cropped-cropped-cropped-Copia-de-M.jpg","og:image:secure_url":"https:\/\/contadoreshoy.com\/wp-content\/uploads\/2024\/01\/cropped-cropped-cropped-Copia-de-M.jpg","og:image:width":512,"og:image:height":371,"article:published_time":"2017-04-19T03:39:56+00:00","article:modified_time":"2017-04-19T03:39:56+00:00","twitter:card":"summary_large_image","twitter:title":"Visita de inspecci\u00f3n a Contadores P\u00fablicos - Contadores P\u00fablicos","twitter:description":"A partir de mayo la Unidad Administrativa Especial de la Junta Central de Contadores, realizar\u00e1 visitas de inspecci\u00f3n a los contadores p\u00fablicos y entidades prestadoras de servicios contables, verificando el cumplimiento del Decreto \u00danico Reglamentario 2420 de 2015. La Junta Central de Contadores, procura asegurar que la profesi\u00f3n contable, especialmente la funci\u00f3n de dar fe","twitter:image":"https:\/\/contadoreshoy.com\/wp-content\/uploads\/2024\/01\/cropped-cropped-cropped-Copia-de-M.jpg"},"aioseo_meta_data":{"post_id":"9310","title":null,"description":null,"keywords":null,"keyphrases":null,"primary_term":null,"canonical_url":null,"og_title":null,"og_description":null,"og_object_type":"default","og_image_type":"default","og_image_url":null,"og_image_width":null,"og_image_height":null,"og_image_custom_url":null,"og_image_custom_fields":null,"og_video":null,"og_custom_url":null,"og_article_section":null,"og_article_tags":null,"twitter_use_og":false,"twitter_card":"default","twitter_image_type":"default","twitter_image_url":null,"twitter_image_custom_url":null,"twitter_image_custom_fields":null,"twitter_title":null,"twitter_description":null,"schema":{"blockGraphs":[],"customGraphs":[],"default":{"data":{"Article":[],"Course":[],"Dataset":[],"FAQPage":[],"Movie":[],"Person":[],"Product":[],"ProductReview":[],"Car":[],"Recipe":[],"Service":[],"SoftwareApplication":[],"WebPage":[]},"graphName":"","isEnabled":true},"graphs":[]},"schema_type":"default","schema_type_options":null,"pillar_content":false,"robots_default":true,"robots_noindex":false,"robots_noarchive":false,"robots_nosnippet":false,"robots_nofollow":false,"robots_noimageindex":false,"robots_noodp":false,"robots_notranslate":false,"robots_max_snippet":null,"robots_max_videopreview":null,"robots_max_imagepreview":"large","priority":null,"frequency":null,"local_seo":null,"breadcrumb_settings":null,"limit_modified_date":false,"ai":null,"created":"2024-03-05 01:46:44","updated":"2026-03-03 05:01:49","seo_analyzer_scan_date":null,"focus_keyword":null,"additional_keywords":null,"truseo_locale":null},"aioseo_breadcrumb":"<div class=\"aioseo-breadcrumbs\"><span class=\"aioseo-breadcrumb\">\n\t\t\t<a href=\"https:\/\/contadoreshoy.com\" title=\"Home\">Home<\/a>\n\t\t<\/span><span class=\"aioseo-breadcrumb-separator\">&raquo;<\/span><span class=\"aioseo-breadcrumb\">\n\t\t\t<a href=\"https:\/\/contadoreshoy.com\/?cat=454\" title=\"Sin categor\u00eda\">Sin categor\u00eda<\/a>\n\t\t<\/span><span class=\"aioseo-breadcrumb-separator\">&raquo;<\/span><span class=\"aioseo-breadcrumb\">\n\t\t\tVisita de inspecci\u00f3n a Contadores P\u00fablicos\n\t\t<\/span><\/div>","aioseo_breadcrumb_json":[{"label":"Home","link":"https:\/\/contadoreshoy.com"},{"label":"Sin categor\u00eda","link":"https:\/\/contadoreshoy.com\/?cat=454"},{"label":"Visita de inspecci\u00f3n a Contadores P\u00fablicos","link":"https:\/\/contadoreshoy.com\/?p=9310"}],"yoast_head":"<!-- This site is optimized with the Yoast SEO plugin v28.4 - https:\/\/yoast.com\/product\/yoast-seo-wordpress\/ -->\n<title>Visita de inspecci\u00f3n a Contadores P\u00fablicos - Contadores P\u00fablicos<\/title>\n<meta name=\"robots\" content=\"index, follow, max-snippet:-1, max-image-preview:large, max-video-preview:-1\" \/>\n<link rel=\"canonical\" href=\"https:\/\/contadoreshoy.com\/?p=9310\" \/>\n<meta property=\"og:locale\" content=\"es_ES\" \/>\n<meta property=\"og:type\" content=\"article\" \/>\n<meta property=\"og:title\" content=\"Visita de inspecci\u00f3n a Contadores P\u00fablicos - Contadores P\u00fablicos\" \/>\n<meta property=\"og:description\" content=\"A partir de mayo la Unidad Administrativa Especial de la Junta Central de Contadores, realizar\u00e1 visitas de inspecci\u00f3n a los contadores p\u00fablicos y entidades prestadoras de servicios contables, verificando el&#046;&#046;&#046;\" \/>\n<meta property=\"og:url\" content=\"https:\/\/contadoreshoy.com\/?p=9310\" \/>\n<meta property=\"og:site_name\" content=\"Contadores P\u00fablicos\" \/>\n<meta property=\"article:publisher\" content=\"https:\/\/www.facebook.com\/CCCPBucaramanga\/\" \/>\n<meta property=\"article:published_time\" content=\"2017-04-19T03:39:56+00:00\" \/>\n<meta property=\"og:image\" content=\"https:\/\/contadoreshoy.com\/wp-content\/uploads\/2016\/10\/Auditor2.jpg\" \/>\n\t<meta property=\"og:image:width\" content=\"600\" \/>\n\t<meta property=\"og:image:height\" content=\"400\" \/>\n\t<meta property=\"og:image:type\" content=\"image\/jpeg\" \/>\n<meta name=\"author\" content=\"Miguel Antonio M\u00e1rquez Monta\u00f1ez\" \/>\n<meta name=\"twitter:card\" content=\"summary_large_image\" \/>\n<meta name=\"twitter:label1\" content=\"Escrito por\" \/>\n\t<meta name=\"twitter:data1\" content=\"Miguel Antonio M\u00e1rquez Monta\u00f1ez\" \/>\n\t<meta name=\"twitter:label2\" content=\"Tiempo de lectura\" \/>\n\t<meta name=\"twitter:data2\" content=\"1 minuto\" \/>\n<script type=\"application\/ld+json\" class=\"yoast-schema-graph\">{\"@context\":\"https:\\\/\\\/schema.org\",\"@graph\":[{\"@type\":\"Article\",\"@id\":\"https:\\\/\\\/contadoreshoy.com\\\/?p=9310#article\",\"isPartOf\":{\"@id\":\"https:\\\/\\\/contadoreshoy.com\\\/?p=9310\"},\"author\":{\"name\":\"Miguel Antonio M\u00e1rquez Monta\u00f1ez\",\"@id\":\"https:\\\/\\\/contadoreshoy.com\\\/#\\\/schema\\\/person\\\/96d8979cb865537c5dc9345e40089fc5\"},\"headline\":\"Visita de inspecci\u00f3n a Contadores P\u00fablicos\",\"datePublished\":\"2017-04-19T03:39:56+00:00\",\"mainEntityOfPage\":{\"@id\":\"https:\\\/\\\/contadoreshoy.com\\\/?p=9310\"},\"wordCount\":110,\"publisher\":{\"@id\":\"https:\\\/\\\/contadoreshoy.com\\\/#organization\"},\"image\":{\"@id\":\"https:\\\/\\\/contadoreshoy.com\\\/?p=9310#primaryimage\"},\"thumbnailUrl\":\"https:\\\/\\\/contadoreshoy.com\\\/wp-content\\\/uploads\\\/2016\\\/10\\\/Auditor2.jpg\",\"articleSection\":{\"1\":\"Ultimas Noticias\"},\"inLanguage\":\"es\"},{\"@type\":\"WebPage\",\"@id\":\"https:\\\/\\\/contadoreshoy.com\\\/?p=9310\",\"url\":\"https:\\\/\\\/contadoreshoy.com\\\/?p=9310\",\"name\":\"Visita de inspecci\u00f3n a Contadores P\u00fablicos - Contadores P\u00fablicos\",\"isPartOf\":{\"@id\":\"https:\\\/\\\/contadoreshoy.com\\\/#website\"},\"primaryImageOfPage\":{\"@id\":\"https:\\\/\\\/contadoreshoy.com\\\/?p=9310#primaryimage\"},\"image\":{\"@id\":\"https:\\\/\\\/contadoreshoy.com\\\/?p=9310#primaryimage\"},\"thumbnailUrl\":\"https:\\\/\\\/contadoreshoy.com\\\/wp-content\\\/uploads\\\/2016\\\/10\\\/Auditor2.jpg\",\"datePublished\":\"2017-04-19T03:39:56+00:00\",\"breadcrumb\":{\"@id\":\"https:\\\/\\\/contadoreshoy.com\\\/?p=9310#breadcrumb\"},\"inLanguage\":\"es\",\"potentialAction\":[{\"@type\":\"ReadAction\",\"target\":[\"https:\\\/\\\/contadoreshoy.com\\\/?p=9310\"]}]},{\"@type\":\"ImageObject\",\"inLanguage\":\"es\",\"@id\":\"https:\\\/\\\/contadoreshoy.com\\\/?p=9310#primaryimage\",\"url\":\"https:\\\/\\\/contadoreshoy.com\\\/wp-content\\\/uploads\\\/2016\\\/10\\\/Auditor2.jpg\",\"contentUrl\":\"https:\\\/\\\/contadoreshoy.com\\\/wp-content\\\/uploads\\\/2016\\\/10\\\/Auditor2.jpg\",\"width\":600,\"height\":400,\"caption\":\"Documento resumen sobre las Normas de Aseguramiento de la Informaci\u00f3n.\"},{\"@type\":\"BreadcrumbList\",\"@id\":\"https:\\\/\\\/contadoreshoy.com\\\/?p=9310#breadcrumb\",\"itemListElement\":[{\"@type\":\"ListItem\",\"position\":1,\"name\":\"Portada\",\"item\":\"https:\\\/\\\/contadoreshoy.com\\\/\"},{\"@type\":\"ListItem\",\"position\":2,\"name\":\"Visita de inspecci\u00f3n a Contadores P\u00fablicos\"}]},{\"@type\":\"WebSite\",\"@id\":\"https:\\\/\\\/contadoreshoy.com\\\/#website\",\"url\":\"https:\\\/\\\/contadoreshoy.com\\\/\",\"name\":\"Contadorespublicossantander\",\"description\":\"Portal para Contadores P\u00fablicos y empresarios\",\"publisher\":{\"@id\":\"https:\\\/\\\/contadoreshoy.com\\\/#organization\"},\"potentialAction\":[{\"@type\":\"SearchAction\",\"target\":{\"@type\":\"EntryPoint\",\"urlTemplate\":\"https:\\\/\\\/contadoreshoy.com\\\/?s={search_term_string}\"},\"query-input\":{\"@type\":\"PropertyValueSpecification\",\"valueRequired\":true,\"valueName\":\"search_term_string\"}}],\"inLanguage\":\"es\"},{\"@type\":\"Organization\",\"@id\":\"https:\\\/\\\/contadoreshoy.com\\\/#organization\",\"name\":\"Contadores P\u00fablicos de Santander\",\"url\":\"https:\\\/\\\/contadoreshoy.com\\\/\",\"logo\":{\"@type\":\"ImageObject\",\"inLanguage\":\"es\",\"@id\":\"https:\\\/\\\/contadoreshoy.com\\\/#\\\/schema\\\/logo\\\/image\\\/\",\"url\":\"https:\\\/\\\/contadoreshoy.com\\\/wp-content\\\/uploads\\\/2024\\\/01\\\/cropped-cropped-Copia-de-M-1.jpg\",\"contentUrl\":\"https:\\\/\\\/contadoreshoy.com\\\/wp-content\\\/uploads\\\/2024\\\/01\\\/cropped-cropped-Copia-de-M-1.jpg\",\"width\":499,\"height\":500,\"caption\":\"Contadores P\u00fablicos de Santander\"},\"image\":{\"@id\":\"https:\\\/\\\/contadoreshoy.com\\\/#\\\/schema\\\/logo\\\/image\\\/\"},\"sameAs\":[\"https:\\\/\\\/www.facebook.com\\\/CCCPBucaramanga\\\/\"]},{\"@type\":\"Person\",\"@id\":\"https:\\\/\\\/contadoreshoy.com\\\/#\\\/schema\\\/person\\\/96d8979cb865537c5dc9345e40089fc5\",\"name\":\"Miguel Antonio M\u00e1rquez Monta\u00f1ez\",\"description\":\"Contador P\u00fablico egresado de la Universidad Aut\u00f3noma de Bucaramanga - Asesor contable tributario con m\u00e1s de 25 a\u00f1os de experiencia - Conferencista en temas contables y tributarios - T\u00e9cnico en Hardware y Dise\u00f1o Web - Creador y director Grupo de Estudio Colegio Colombiano de Contadores P\u00fablicos de Bucaramanga - Creador y Master Web p\u00e1gina www.contadoresp\u00fablicossantander.com - Expresidente Colegio Colombiano de Contadores P\u00fablicos Bucaramanga\",\"url\":\"https:\\\/\\\/contadoreshoy.com\\\/?author=1\"}]}<\/script>\n<!-- \/ Yoast SEO plugin. -->","yoast_head_json":{"title":"Visita de inspecci\u00f3n a Contadores P\u00fablicos - Contadores P\u00fablicos","robots":{"index":"index","follow":"follow","max-snippet":"max-snippet:-1","max-image-preview":"max-image-preview:large","max-video-preview":"max-video-preview:-1"},"canonical":"https:\/\/contadoreshoy.com\/?p=9310","og_locale":"es_ES","og_type":"article","og_title":"Visita de inspecci\u00f3n a Contadores P\u00fablicos - Contadores P\u00fablicos","og_description":"A partir de mayo la Unidad Administrativa Especial de la Junta Central de Contadores, realizar\u00e1 visitas de inspecci\u00f3n a los contadores p\u00fablicos y entidades prestadoras de servicios contables, verificando el&#46;&#46;&#46;","og_url":"https:\/\/contadoreshoy.com\/?p=9310","og_site_name":"Contadores P\u00fablicos","article_publisher":"https:\/\/www.facebook.com\/CCCPBucaramanga\/","article_published_time":"2017-04-19T03:39:56+00:00","og_image":[{"width":600,"height":400,"url":"https:\/\/contadoreshoy.com\/wp-content\/uploads\/2016\/10\/Auditor2.jpg","type":"image\/jpeg"}],"author":"Miguel Antonio M\u00e1rquez Monta\u00f1ez","twitter_card":"summary_large_image","twitter_misc":{"Escrito por":"Miguel Antonio M\u00e1rquez Monta\u00f1ez","Tiempo de lectura":"1 minuto"},"schema":{"@context":"https:\/\/schema.org","@graph":[{"@type":"Article","@id":"https:\/\/contadoreshoy.com\/?p=9310#article","isPartOf":{"@id":"https:\/\/contadoreshoy.com\/?p=9310"},"author":{"name":"Miguel Antonio M\u00e1rquez Monta\u00f1ez","@id":"https:\/\/contadoreshoy.com\/#\/schema\/person\/96d8979cb865537c5dc9345e40089fc5"},"headline":"Visita de inspecci\u00f3n a Contadores P\u00fablicos","datePublished":"2017-04-19T03:39:56+00:00","mainEntityOfPage":{"@id":"https:\/\/contadoreshoy.com\/?p=9310"},"wordCount":110,"publisher":{"@id":"https:\/\/contadoreshoy.com\/#organization"},"image":{"@id":"https:\/\/contadoreshoy.com\/?p=9310#primaryimage"},"thumbnailUrl":"https:\/\/contadoreshoy.com\/wp-content\/uploads\/2016\/10\/Auditor2.jpg","articleSection":{"1":"Ultimas Noticias"},"inLanguage":"es"},{"@type":"WebPage","@id":"https:\/\/contadoreshoy.com\/?p=9310","url":"https:\/\/contadoreshoy.com\/?p=9310","name":"Visita de inspecci\u00f3n a Contadores P\u00fablicos - Contadores P\u00fablicos","isPartOf":{"@id":"https:\/\/contadoreshoy.com\/#website"},"primaryImageOfPage":{"@id":"https:\/\/contadoreshoy.com\/?p=9310#primaryimage"},"image":{"@id":"https:\/\/contadoreshoy.com\/?p=9310#primaryimage"},"thumbnailUrl":"https:\/\/contadoreshoy.com\/wp-content\/uploads\/2016\/10\/Auditor2.jpg","datePublished":"2017-04-19T03:39:56+00:00","breadcrumb":{"@id":"https:\/\/contadoreshoy.com\/?p=9310#breadcrumb"},"inLanguage":"es","potentialAction":[{"@type":"ReadAction","target":["https:\/\/contadoreshoy.com\/?p=9310"]}]},{"@type":"ImageObject","inLanguage":"es","@id":"https:\/\/contadoreshoy.com\/?p=9310#primaryimage","url":"https:\/\/contadoreshoy.com\/wp-content\/uploads\/2016\/10\/Auditor2.jpg","contentUrl":"https:\/\/contadoreshoy.com\/wp-content\/uploads\/2016\/10\/Auditor2.jpg","width":600,"height":400,"caption":"Documento resumen sobre las Normas de Aseguramiento de la Informaci\u00f3n."},{"@type":"BreadcrumbList","@id":"https:\/\/contadoreshoy.com\/?p=9310#breadcrumb","itemListElement":[{"@type":"ListItem","position":1,"name":"Portada","item":"https:\/\/contadoreshoy.com\/"},{"@type":"ListItem","position":2,"name":"Visita de inspecci\u00f3n a Contadores P\u00fablicos"}]},{"@type":"WebSite","@id":"https:\/\/contadoreshoy.com\/#website","url":"https:\/\/contadoreshoy.com\/","name":"Contadorespublicossantander","description":"Portal para Contadores P\u00fablicos y empresarios","publisher":{"@id":"https:\/\/contadoreshoy.com\/#organization"},"potentialAction":[{"@type":"SearchAction","target":{"@type":"EntryPoint","urlTemplate":"https:\/\/contadoreshoy.com\/?s={search_term_string}"},"query-input":{"@type":"PropertyValueSpecification","valueRequired":true,"valueName":"search_term_string"}}],"inLanguage":"es"},{"@type":"Organization","@id":"https:\/\/contadoreshoy.com\/#organization","name":"Contadores P\u00fablicos de Santander","url":"https:\/\/contadoreshoy.com\/","logo":{"@type":"ImageObject","inLanguage":"es","@id":"https:\/\/contadoreshoy.com\/#\/schema\/logo\/image\/","url":"https:\/\/contadoreshoy.com\/wp-content\/uploads\/2024\/01\/cropped-cropped-Copia-de-M-1.jpg","contentUrl":"https:\/\/contadoreshoy.com\/wp-content\/uploads\/2024\/01\/cropped-cropped-Copia-de-M-1.jpg","width":499,"height":500,"caption":"Contadores P\u00fablicos de Santander"},"image":{"@id":"https:\/\/contadoreshoy.com\/#\/schema\/logo\/image\/"},"sameAs":["https:\/\/www.facebook.com\/CCCPBucaramanga\/"]},{"@type":"Person","@id":"https:\/\/contadoreshoy.com\/#\/schema\/person\/96d8979cb865537c5dc9345e40089fc5","name":"Miguel Antonio M\u00e1rquez Monta\u00f1ez","description":"Contador P\u00fablico egresado de la Universidad Aut\u00f3noma de Bucaramanga - Asesor contable tributario con m\u00e1s de 25 a\u00f1os de experiencia - Conferencista en temas contables y tributarios - T\u00e9cnico en Hardware y Dise\u00f1o Web - Creador y director Grupo de Estudio Colegio Colombiano de Contadores P\u00fablicos de Bucaramanga - Creador y Master Web p\u00e1gina www.contadoresp\u00fablicossantander.com - Expresidente Colegio Colombiano de Contadores P\u00fablicos Bucaramanga","url":"https:\/\/contadoreshoy.com\/?author=1"}]}},"_links":{"self":[{"href":"https:\/\/contadoreshoy.com\/index.php?rest_route=\/wp\/v2\/posts\/9310","targetHints":{"allow":["GET"]}}],"collection":[{"href":"https:\/\/contadoreshoy.com\/index.php?rest_route=\/wp\/v2\/posts"}],"about":[{"href":"https:\/\/contadoreshoy.com\/index.php?rest_route=\/wp\/v2\/types\/post"}],"author":[{"embeddable":true,"href":"https:\/\/contadoreshoy.com\/index.php?rest_route=\/wp\/v2\/users\/1"}],"replies":[{"embeddable":true,"href":"https:\/\/contadoreshoy.com\/index.php?rest_route=%2Fwp%2Fv2%2Fcomments&post=9310"}],"version-history":[{"count":2,"href":"https:\/\/contadoreshoy.com\/index.php?rest_route=\/wp\/v2\/posts\/9310\/revisions"}],"predecessor-version":[{"id":9312,"href":"https:\/\/contadoreshoy.com\/index.php?rest_route=\/wp\/v2\/posts\/9310\/revisions\/9312"}],"wp:featuredmedia":[{"embeddable":true,"href":"https:\/\/contadoreshoy.com\/index.php?rest_route=\/wp\/v2\/media\/7544"}],"wp:attachment":[{"href":"https:\/\/contadoreshoy.com\/index.php?rest_route=%2Fwp%2Fv2%2Fmedia&parent=9310"}],"wp:term":[{"taxonomy":"category","embeddable":true,"href":"https:\/\/contadoreshoy.com\/index.php?rest_route=%2Fwp%2Fv2%2Fcategories&post=9310"},{"taxonomy":"post_tag","embeddable":true,"href":"https:\/\/contadoreshoy.com\/index.php?rest_route=%2Fwp%2Fv2%2Ftags&post=9310"}],"curies":[{"name":"wp","href":"https:\/\/api.w.org\/{rel}","templated":true}]}}