{"id":9368,"date":"2017-05-13T09:24:38","date_gmt":"2017-05-13T14:24:38","guid":{"rendered":"https:\/\/contadoreshoy.com\/?p=9368"},"modified":"2017-05-13T09:26:45","modified_gmt":"2017-05-13T14:26:45","slug":"ilegal-exigencia-anulacion-cambio-facturas-expedidas-obtener-pago","status":"publish","type":"post","link":"https:\/\/contadoreshoy.com\/?p=9368","title":{"rendered":"Ilegal exigencia de anulaci\u00f3n y cambio de facturas expedidas"},"content":{"rendered":"<p style=\"text-align: justify;\">De acuerdo al concepto 42219 del a\u00f1o 2000, la DIAN ha considerado que expedida una factura respecto de una operaci\u00f3n realizada, con el lleno de los requisitos legales, puede afirmarse que el vendedor o prestador del servicio cumpli\u00f3 con su obligaci\u00f3n. <strong><span style=\"color: #0000ff;\">Con posterioridad a tal hecho y solamente para efectos de recibir el pago, no podr\u00e1 expedir una nueva factura que corresponda a la operaci\u00f3n ya realizada y ya facturada por que implicar\u00eda que est\u00e1 facturando doblemente una misma operaci\u00f3n, conducta que constituye una infracci\u00f3n a la normatividad tributaria.<\/span><\/strong><\/p>\n<p style=\"text-align: justify;\">Por lo mismo la nueva factura no estar\u00eda cumpliendo con el requisito ni del n\u00famero consecutivo ni de la fecha en tanto la operaci\u00f3n fue realizada con anterioridad a su expedici\u00f3n y el n\u00famero no corresponder\u00eda a la realizaci\u00f3n de la operaci\u00f3n.<\/p>\n<div style=\"text-align: justify;\" data-canvas-width=\"891.1666666666663\"><span style=\"text-decoration: underline;\"><em><strong><span style=\"color: #ff6600; text-decoration: underline;\">El hecho de que las empresas puedan establecer calendarios propios y se\u00f1alar fechas para la recepci\u00f3n de las facturas,&nbsp;<\/span><\/strong><\/em><\/span><span style=\"text-decoration: underline;\"><em><strong><span style=\"color: #ff6600; text-decoration: underline;\">no significa que cuando determinada factura no sea presentada para su cobro dentro de dicho t\u00e9rmino, deba ser&nbsp;<\/span><\/strong><\/em><\/span><span style=\"text-decoration: underline;\"><em><strong><span style=\"color: #ff6600; text-decoration: underline;\">anulada y reemplazada con otra posterior, ya que esta factura conserva su validez y como tal deber\u00e1 surtir los efectos&nbsp;<\/span><\/strong><\/em><\/span><span style=\"text-decoration: underline;\"><em><strong><span style=\"color: #ff6600; text-decoration: underline;\">que la ley le otorga.<\/span><\/strong><\/em><\/span><\/div>\n<p style=\"text-align: justify;\"><span style=\"color: #0000ff;\"><strong>No puede aceptarse que por decisi\u00f3n de las partes, se vulneren las disposiciones relativas a facturaci\u00f3n, se anulen las facturas ya expedidas y se expidan otras que no consulten la realidad de la operaci\u00f3n comercial. El manejo administrativo interno de las empresas si bien es de su absoluta discreci\u00f3n, debe adecuarse de tal manera que no vulnere las normas tributarias o las desconozca. Por ello, se reitera, al tenor de lo previsto en el art\u00edculo 615 del Estatuto Tributario, la factura debe ser expedida al realizarse la operaci\u00f3n y debe contener la fecha de la misma.<\/strong><\/span><\/p>\n<p style=\"text-align: justify;\">&nbsp;<\/p>\n<p style=\"text-align: justify;\"><span style=\"font-size: 18.6667px;\"><b>CONCEPTO DIAN 074982 AGOSTO 09 DE 2000<\/b><\/span><\/p>\n<div id=\"pageContainer1\" class=\"page\" style=\"text-align: justify;\" data-page-number=\"1\" data-loaded=\"true\">\n<div class=\"textLayer\">\n<div data-canvas-width=\"486.1999999999998\"><em>\u00abDIRECCI\u00d3N DE IMPUESTOS Y ADUANAS NACIONALES. DIAN<\/em><\/div>\n<div data-canvas-width=\"330.7666666666667\"><em>Santa Fe de Bogot\u00e1, D. C. Agosto 9 de 2000<\/em><\/div>\n<div data-canvas-width=\"330.7666666666667\">&nbsp;<\/div>\n<div data-canvas-width=\"136.20000000000005\"><em>Concepto: 074982<\/em><\/div>\n<div data-canvas-width=\"136.20000000000005\">&nbsp;<\/div>\n<div data-canvas-width=\"53.733333333333334\">&nbsp;<\/div>\n<div data-canvas-width=\"226.9666666666667\"><em>Fecha expedici\u00f3n de la factura<\/em><\/div>\n<div data-canvas-width=\"226.9666666666667\">&nbsp;<\/div>\n<div data-canvas-width=\"875.4166666666662\"><em>Recibido en este despacho el oficio mencionado, nos permitimos manifestarte que de acuerdo con lo establecido en el&nbsp;art\u00edculo 11 del Decreto 1265 de 1999 este Despacho es competente para absolver en sentido general las consultas&nbsp;escritas que se formulen sobre interpretaci\u00f3n y aplicaci\u00f3n de las normas tributarias nacionales, sentido en el cual se&nbsp;absolver\u00e1 la presente consulta.<\/em><\/div>\n<div data-canvas-width=\"230.6666666666667\">&nbsp;<\/div>\n<div data-canvas-width=\"894.8499999999995\"><em><strong><span style=\"color: #ff6600;\">Nuevamente solicita se concept\u00fae sobre si es posible exigir el cambio de la fecha de expedici\u00f3n de la factura y cual es la&nbsp;<\/span><\/strong><strong><span style=\"color: #ff6600;\">norma que ampara tal actuaci\u00f3n.<\/span><\/strong><\/em><\/div>\n<div data-canvas-width=\"243.63333333333338\">&nbsp;<\/div>\n<div data-canvas-width=\"863.4499999999995\"><em>Se\u00f1ala que mediante el concepto No. 39139 de abril 25 de 2000 se trat\u00f3 el tema pero en esta oportunidad solicita su&nbsp;ampliaci\u00f3n.<\/em><\/div>\n<div data-canvas-width=\"84.28333333333333\">&nbsp;<\/div>\n<div data-canvas-width=\"100.95\"><em>RESPUESTA<\/em><\/div>\n<div data-canvas-width=\"100.95\">&nbsp;<\/div>\n<div data-canvas-width=\"853.1999999999997\"><em>Frente al punto de consulta claramente se dijo en el concepto en referencia, al absolver una consulta formulada por&nbsp;usted , que:<\/em><\/div>\n<div data-canvas-width=\"87.10000000000001\">&nbsp;<\/div>\n<div data-canvas-width=\"877.6666666666661\"><em>\u00ab&#8230; las normas tributarias en ning\u00fan momento establecen cuando procede o no el cambio de fecha de una factura, sino&nbsp;los requisitos que ellas deben contener. Es as\u00ed, como el art\u00edculo 617 del Estatuto, prev\u00e9 los requisitos de la factura dentro&nbsp;de los que se encuentra el literal e) ib\u00eddem, referido a la fecha de su expedici\u00f3n. A su vez, la ley contempla las sanciones&nbsp;aplicables en caso de no expedir factura o hacerlo con incumplimiento de requisitos, que en el caso del literal e) citado,<\/em><\/div>\n<div data-canvas-width=\"897.633333333333\"><em>el art\u00edculo 657 establece como sanci\u00f3n el cierre del establecimiento, salvo cuando se trate de entes que presten servicios&nbsp;p\u00fablicos o se cause un perjuicio grave, en cuyo caso se aplicar\u00e1 multa en los t\u00e9rminos del art\u00edculo 652 del mismo&nbsp;estatuto.<\/em><\/div>\n<div data-canvas-width=\"68.56666666666668\">&nbsp;<\/div>\n<div data-canvas-width=\"840.1999999999997\"><em>Es decir, <strong><span style=\"color: #0000ff;\">que acorde con las disposiciones tributarias, la factura debe corresponder a la fecha de realizaci\u00f3n de la&nbsp;<\/span><\/strong><strong><span style=\"color: #0000ff;\">operaci\u00f3n, raz\u00f3n que impide que una vez expedida pueda modificarse su fecha, situaci\u00f3n que equivaldr\u00eda a alterar la&nbsp;<\/span><\/strong><strong><span style=\"color: #0000ff;\">veracidad de la operaci\u00f3n respecto de la cual se expidi\u00f3.<\/span><\/strong><\/em><\/div>\n<div data-canvas-width=\"419.65000000000003\">&nbsp;<\/div>\n<div data-canvas-width=\"884.6499999999995\"><em><strong><span style=\"color: #0000ff;\">Por lo mismo no existe disposici\u00f3n tributaria que ampare el cambio de la fecha de expedici\u00f3n de la factura y menos a\u00fan&nbsp;<\/span><\/strong><strong><span style=\"color: #0000ff;\">que indique las razones para tal proceder.<\/span><\/strong><\/em><\/div>\n<div data-canvas-width=\"311.26666666666677\">&nbsp;<\/div>\n<div data-canvas-width=\"92.6\"><em>PREGUNTA<\/em><\/div>\n<div data-canvas-width=\"92.6\">&nbsp;<\/div>\n<div data-canvas-width=\"698.4666666666665\"><em><strong><span style=\"color: #ff6600;\">Es posible anular una factura y elaborar otra con fecha posterior, sobre una misma operaci\u00f3n?<\/span><\/strong><\/em><\/div>\n<div data-canvas-width=\"698.4666666666665\">&nbsp;<\/div>\n<div data-canvas-width=\"100.95\"><em>RESPUESTA<\/em><\/div>\n<div data-canvas-width=\"100.95\">&nbsp;<\/div>\n<div data-canvas-width=\"892.516666666666\"><em>Igualmente ha considerado el Despacho que \u00bb expedida una factura respecto de una operaci\u00f3n realizada, con el lleno de&nbsp;los requisitos legales, puede afirmarse que el vendedor o prestador del servicio cumpli\u00f3 con su obligaci\u00f3n.<\/em><\/div>\n<div data-canvas-width=\"785.5166666666667\">&nbsp;<\/div>\n<div data-canvas-width=\"845.8166666666664\"><em><strong><span style=\"color: #0000ff;\">Con posterioridad a tal hecho y solamente para efectos de recibir el pago, no podr\u00e1 expedir una nueva factura que&nbsp;<\/span><\/strong><strong><span style=\"color: #0000ff;\">corresponda a la operaci\u00f3n ya realizada y ya facturada por que implicar\u00eda que est\u00e1 facturando doblemente una misma&nbsp;<\/span><\/strong><strong><span style=\"color: #0000ff;\">operaci\u00f3n, conducta que constituye una infracci\u00f3n a la normatividad tributaria. <\/span><\/strong><\/em><\/div>\n<div data-canvas-width=\"880.0333333333328\">&nbsp;<\/div>\n<div data-canvas-width=\"880.0333333333328\"><em>Por lo mismo la nueva factura no estar\u00eda&nbsp;cumpliendo con el requisito ni del n\u00famero consecutivo ni de la fecha en tanto&nbsp; la operaci\u00f3n fue realizada con anterioridad&nbsp;a su expedici\u00f3n y el n\u00famero no corresponder\u00eda a la realizaci\u00f3n de la&nbsp;operaci\u00f3n &#8230;\u00bb concepto 42219\/2000.<\/em><\/div>\n<div data-canvas-width=\"880.0333333333328\">&nbsp;<\/div>\n<div data-canvas-width=\"877.2666666666667\"><em><strong><span style=\"color: #0000ff;\">No puede aceptarse que por decisi\u00f3n de las partes, se vulneren las disposiciones relativas a facturaci\u00f3n, se anulen las&nbsp;<\/span><\/strong><strong><span style=\"color: #0000ff;\">facturas ya expedidas y se expidan otras que no consulten la realidad de la operaci\u00f3n comercial.<\/span> <\/strong>El manejo administrativo&nbsp;interno de las empresas si bien es de su absoluta discreci\u00f3n debe adecuarse de tal manera que no vulnere las normas&nbsp;tributarias o las desconozca. Por ello, &#8211; se reitera -, al tenor de lo previsto en el art\u00edculo 615 del Estatuto Tributario la factura debe ser expedida al realizarse la operaci\u00f3n y debe contener la fecha de la misma.<\/em><\/div>\n<\/div>\n<\/div>\n<div id=\"pageContainer2\" class=\"page\" data-page-number=\"2\" data-loaded=\"true\">\n<div class=\"textLayer\">\n<div style=\"text-align: justify;\" data-canvas-width=\"668.8333333333331\">&nbsp;<\/div>\n<div style=\"text-align: justify;\" data-canvas-width=\"872.6999999999996\"><em><span style=\"text-decoration: underline;\"><strong><span style=\"color: #0000ff; text-decoration: underline;\">Finalmente frente el planteamiento plasmado en el concepto No. 35073 de 2000 relativo a que no est\u00e1 respaldada por&nbsp;<\/span><\/strong><\/span><span style=\"text-decoration: underline;\"><strong><span style=\"color: #0000ff; text-decoration: underline;\">disposici\u00f3n tributaria alguna la pr\u00e1ctica de algunos proveedores para que las facturas del mes de diciembre se reciban&nbsp;<\/span><\/strong><\/span><span style=\"text-decoration: underline;\"><strong><span style=\"color: #0000ff; text-decoration: underline;\">hasta determinado d\u00eda de dicho mes y las que no se reciban a tal fecha deben quedar con fecha del a\u00f1o siguiente,&nbsp;<\/span><\/strong><\/span>solicita se haga extensivo a la facturaci\u00f3n mensual.<\/em><\/div>\n<div style=\"text-align: justify;\" data-canvas-width=\"379.8000000000001\">&nbsp;<\/div>\n<div style=\"text-align: justify;\" data-canvas-width=\"825.383333333333\"><em>Al respecto le informo que las interpretaciones de esta Oficina son de car\u00e1cter general y en tal medida debe ser&nbsp;consideradas. Cuando en el concepto aludido se dice que la practica descrita no tiene asidero jur\u00eddico debe entenderse&nbsp;referido a todos los eventos en que se pretenda realizar, m\u00e1xime si se a\u00fana a lo ya expresado en el sentido de que la&nbsp;fecha de la factura debe corresponder a la de la efectiva realizaci\u00f3n de la operaci\u00f3n.<\/em><\/div>\n<div style=\"text-align: justify;\" data-canvas-width=\"623.4666666666668\">&nbsp;<\/div>\n<div style=\"text-align: justify;\" data-canvas-width=\"891.1666666666663\"><em><span style=\"text-decoration: underline;\"><strong><span style=\"color: #ff6600; text-decoration: underline;\">El hecho de que las empresas puedan establecer calendarios propios y se\u00f1alar fechas para la recepci\u00f3n de las facturas,&nbsp;<\/span><\/strong><\/span><span style=\"text-decoration: underline;\"><strong><span style=\"color: #ff6600; text-decoration: underline;\">no significa que cuando determinada factura no sea presentada para su cobro dentro de dicho t\u00e9rmino, deba ser&nbsp;<\/span><\/strong><\/span><span style=\"text-decoration: underline;\"><strong><span style=\"color: #ff6600; text-decoration: underline;\">anulada y reemplazada con otra posterior, ya que esta factura conserva su validez y como tal deber\u00e1 surtir los efectos&nbsp;<\/span><\/strong><\/span><span style=\"text-decoration: underline;\"><strong><span style=\"color: #ff6600; text-decoration: underline;\">que la ley le otorga.<\/span><\/strong><\/span><\/em><\/div>\n<div style=\"text-align: justify;\" data-canvas-width=\"145.45000000000002\">&nbsp;<\/div>\n<div style=\"text-align: justify;\" data-canvas-width=\"99.13333333333334\"><em>Atentamente,<\/em><\/div>\n<div style=\"text-align: justify;\" data-canvas-width=\"272.2833333333333\"><em>LlGIA ESMERALDA PARDO MORA<\/em><\/div>\n<div style=\"text-align: justify;\" data-canvas-width=\"294.5166666666667\"><em>Delegada Divisi\u00f3n Normativa y Doctrina\u00bb<\/em><\/div>\n<\/div>\n<\/div>\n<p>&nbsp;<\/p>\n","protected":false},"excerpt":{"rendered":"<p>De acuerdo al concepto 42219 del a\u00f1o 2000, la DIAN ha considerado que expedida una factura respecto de una operaci\u00f3n realizada, con el lleno de los requisitos legales, puede afirmarse&#46;&#46;&#46;<\/p>\n","protected":false},"author":1,"featured_media":9369,"comment_status":"closed","ping_status":"open","sticky":false,"template":"","format":"standard","meta":{"_monsterinsights_skip_tracking":false,"ngg_post_thumbnail":0,"footnotes":"","_links_to":"","_links_to_target":""},"categories":[454],"tags":[],"class_list":["post-9368","post","type-post","status-publish","format-standard","has-post-thumbnail","hentry","category-sin-categoria"],"aioseo_notices":[],"aioseo_head":"\n\t\t<!-- All in One SEO 5.0.1.1 - aioseo.com -->\n\t<meta name=\"description\" content=\"De acuerdo al concepto 42219 del a\u00f1o 2000, la DIAN ha considerado que expedida una factura respecto de una operaci\u00f3n realizada, con el lleno de los requisitos legales, puede afirmarse que el vendedor o prestador del servicio cumpli\u00f3 con su obligaci\u00f3n. Con posterioridad a tal hecho y solamente para efectos de recibir el pago, no\" \/>\n\t<meta name=\"robots\" content=\"max-image-preview:large\" \/>\n\t<meta name=\"author\" content=\"Miguel Antonio M\u00e1rquez Monta\u00f1ez\"\/>\n\t<link rel=\"canonical\" href=\"https:\/\/contadoreshoy.com\/?p=9368\" \/>\n\t<meta name=\"generator\" content=\"All in One SEO (AIOSEO) 5.0.1.1\" \/>\n\t\t<meta property=\"og:locale\" content=\"es_ES\" \/>\n\t\t<meta property=\"og:site_name\" content=\"Contadores P\u00fablicos - Portal para Contadores P\u00fablicos y empresarios\" \/>\n\t\t<meta property=\"og:type\" content=\"article\" \/>\n\t\t<meta property=\"og:title\" content=\"Ilegal exigencia de anulaci\u00f3n y cambio de facturas expedidas - Contadores P\u00fablicos\" \/>\n\t\t<meta property=\"og:description\" content=\"De acuerdo al concepto 42219 del a\u00f1o 2000, la DIAN ha considerado que expedida una factura respecto de una operaci\u00f3n realizada, con el lleno de los requisitos legales, puede afirmarse que el vendedor o prestador del servicio cumpli\u00f3 con su obligaci\u00f3n. Con posterioridad a tal hecho y solamente para efectos de recibir el pago, no\" \/>\n\t\t<meta property=\"og:url\" content=\"https:\/\/contadoreshoy.com\/?p=9368\" \/>\n\t\t<meta property=\"og:image\" content=\"https:\/\/contadoreshoy.com\/wp-content\/uploads\/2024\/01\/cropped-cropped-cropped-Copia-de-M.jpg\" \/>\n\t\t<meta property=\"og:image:secure_url\" content=\"https:\/\/contadoreshoy.com\/wp-content\/uploads\/2024\/01\/cropped-cropped-cropped-Copia-de-M.jpg\" \/>\n\t\t<meta property=\"og:image:width\" content=\"512\" \/>\n\t\t<meta property=\"og:image:height\" content=\"371\" \/>\n\t\t<meta property=\"article:published_time\" content=\"2017-05-13T14:24:38+00:00\" \/>\n\t\t<meta property=\"article:modified_time\" content=\"2017-05-13T14:26:45+00:00\" \/>\n\t\t<meta name=\"twitter:card\" content=\"summary_large_image\" \/>\n\t\t<meta name=\"twitter:title\" content=\"Ilegal exigencia de anulaci\u00f3n y cambio de facturas expedidas - Contadores P\u00fablicos\" \/>\n\t\t<meta name=\"twitter:description\" content=\"De acuerdo al concepto 42219 del a\u00f1o 2000, la DIAN ha considerado que expedida una factura respecto de una operaci\u00f3n realizada, con el lleno de los requisitos legales, puede afirmarse que el vendedor o prestador del servicio cumpli\u00f3 con su obligaci\u00f3n. Con posterioridad a tal hecho y solamente para efectos de recibir el pago, no\" \/>\n\t\t<meta name=\"twitter:image\" content=\"https:\/\/contadoreshoy.com\/wp-content\/uploads\/2024\/01\/cropped-cropped-cropped-Copia-de-M.jpg\" \/>\n\t\t<script type=\"application\/ld+json\" class=\"aioseo-schema\">\n\t\t\t{\"@context\":\"https:\\\/\\\/schema.org\",\"@graph\":[{\"@type\":\"BlogPosting\",\"@id\":\"https:\\\/\\\/contadoreshoy.com\\\/?p=9368#blogposting\",\"name\":\"Ilegal exigencia de anulaci\\u00f3n y cambio de facturas expedidas - Contadores P\\u00fablicos\",\"headline\":\"Ilegal exigencia de anulaci\\u00f3n y cambio de facturas expedidas\",\"author\":{\"@id\":\"https:\\\/\\\/contadoreshoy.com\\\/?author=1#author\"},\"publisher\":{\"@id\":\"https:\\\/\\\/contadoreshoy.com\\\/#organization\"},\"image\":{\"@type\":\"ImageObject\",\"url\":\"https:\\\/\\\/contadoreshoy.com\\\/wp-content\\\/uploads\\\/2017\\\/05\\\/DSC00983.jpg\",\"width\":600,\"height\":400},\"datePublished\":\"2017-05-13T09:24:38-05:00\",\"dateModified\":\"2017-05-13T09:26:45-05:00\",\"inLanguage\":\"es-ES\",\"mainEntityOfPage\":{\"@id\":\"https:\\\/\\\/contadoreshoy.com\\\/?p=9368#webpage\"},\"isPartOf\":{\"@id\":\"https:\\\/\\\/contadoreshoy.com\\\/?p=9368#webpage\"},\"articleSection\":\"Sin categor\\u00eda\"},{\"@type\":\"BreadcrumbList\",\"@id\":\"https:\\\/\\\/contadoreshoy.com\\\/?p=9368#breadcrumblist\",\"itemListElement\":[{\"@type\":\"ListItem\",\"@id\":\"https:\\\/\\\/contadoreshoy.com#listItem\",\"position\":1,\"name\":\"Home\",\"item\":\"https:\\\/\\\/contadoreshoy.com\",\"nextItem\":{\"@type\":\"ListItem\",\"@id\":\"https:\\\/\\\/contadoreshoy.com\\\/?cat=454#listItem\",\"name\":\"Sin categor\\u00eda\"}},{\"@type\":\"ListItem\",\"@id\":\"https:\\\/\\\/contadoreshoy.com\\\/?cat=454#listItem\",\"position\":2,\"name\":\"Sin categor\\u00eda\",\"item\":\"https:\\\/\\\/contadoreshoy.com\\\/?cat=454\",\"nextItem\":{\"@type\":\"ListItem\",\"@id\":\"https:\\\/\\\/contadoreshoy.com\\\/?p=9368#listItem\",\"name\":\"Ilegal exigencia de anulaci\\u00f3n y cambio de facturas expedidas\"},\"previousItem\":{\"@type\":\"ListItem\",\"@id\":\"https:\\\/\\\/contadoreshoy.com#listItem\",\"name\":\"Home\"}},{\"@type\":\"ListItem\",\"@id\":\"https:\\\/\\\/contadoreshoy.com\\\/?p=9368#listItem\",\"position\":3,\"name\":\"Ilegal exigencia de anulaci\\u00f3n y cambio de facturas expedidas\",\"previousItem\":{\"@type\":\"ListItem\",\"@id\":\"https:\\\/\\\/contadoreshoy.com\\\/?cat=454#listItem\",\"name\":\"Sin categor\\u00eda\"}}]},{\"@type\":\"Organization\",\"@id\":\"https:\\\/\\\/contadoreshoy.com\\\/#organization\",\"name\":\"Contadores P\\u00fablicos\",\"description\":\"Portal para Contadores P\\u00fablicos y empresarios\",\"url\":\"https:\\\/\\\/contadoreshoy.com\\\/\",\"logo\":{\"@type\":\"ImageObject\",\"url\":\"https:\\\/\\\/contadoreshoy.com\\\/wp-content\\\/uploads\\\/2024\\\/01\\\/cropped-cropped-Copia-de-M-1.jpg\",\"@id\":\"https:\\\/\\\/contadoreshoy.com\\\/?p=9368\\\/#organizationLogo\",\"width\":499,\"height\":500},\"image\":{\"@id\":\"https:\\\/\\\/contadoreshoy.com\\\/?p=9368\\\/#organizationLogo\"}},{\"@type\":\"Person\",\"@id\":\"https:\\\/\\\/contadoreshoy.com\\\/?author=1#author\",\"url\":\"https:\\\/\\\/contadoreshoy.com\\\/?author=1\",\"name\":\"Miguel Antonio M\\u00e1rquez Monta\\u00f1ez\"},{\"@type\":\"WebPage\",\"@id\":\"https:\\\/\\\/contadoreshoy.com\\\/?p=9368#webpage\",\"url\":\"https:\\\/\\\/contadoreshoy.com\\\/?p=9368\",\"name\":\"Ilegal exigencia de anulaci\\u00f3n y cambio de facturas expedidas - Contadores P\\u00fablicos\",\"description\":\"De acuerdo al concepto 42219 del a\\u00f1o 2000, la DIAN ha considerado que expedida una factura respecto de una operaci\\u00f3n realizada, con el lleno de los requisitos legales, puede afirmarse que el vendedor o prestador del servicio cumpli\\u00f3 con su obligaci\\u00f3n. Con posterioridad a tal hecho y solamente para efectos de recibir el pago, no\",\"inLanguage\":\"es-ES\",\"isPartOf\":{\"@id\":\"https:\\\/\\\/contadoreshoy.com\\\/#website\"},\"breadcrumb\":{\"@id\":\"https:\\\/\\\/contadoreshoy.com\\\/?p=9368#breadcrumblist\"},\"author\":{\"@id\":\"https:\\\/\\\/contadoreshoy.com\\\/?author=1#author\"},\"creator\":{\"@id\":\"https:\\\/\\\/contadoreshoy.com\\\/?author=1#author\"},\"image\":{\"@type\":\"ImageObject\",\"url\":\"https:\\\/\\\/contadoreshoy.com\\\/wp-content\\\/uploads\\\/2017\\\/05\\\/DSC00983.jpg\",\"@id\":\"https:\\\/\\\/contadoreshoy.com\\\/?p=9368\\\/#mainImage\",\"width\":600,\"height\":400},\"primaryImageOfPage\":{\"@id\":\"https:\\\/\\\/contadoreshoy.com\\\/?p=9368#mainImage\"},\"datePublished\":\"2017-05-13T09:24:38-05:00\",\"dateModified\":\"2017-05-13T09:26:45-05:00\"},{\"@type\":\"WebSite\",\"@id\":\"https:\\\/\\\/contadoreshoy.com\\\/#website\",\"url\":\"https:\\\/\\\/contadoreshoy.com\\\/\",\"name\":\"Contadores P\\u00fablicos\",\"description\":\"Portal para Contadores P\\u00fablicos y empresarios\",\"inLanguage\":\"es-ES\",\"publisher\":{\"@id\":\"https:\\\/\\\/contadoreshoy.com\\\/#organization\"}}]}\n\t\t<\/script>\n\t\t<!-- All in One SEO -->\n\n","aioseo_head_json":{"title":"Ilegal exigencia de anulaci\u00f3n y cambio de facturas expedidas - Contadores P\u00fablicos","description":"De acuerdo al concepto 42219 del a\u00f1o 2000, la DIAN ha considerado que expedida una factura respecto de una operaci\u00f3n realizada, con el lleno de los requisitos legales, puede afirmarse que el vendedor o prestador del servicio cumpli\u00f3 con su obligaci\u00f3n. Con posterioridad a tal hecho y solamente para efectos de recibir el pago, no","canonical_url":"https:\/\/contadoreshoy.com\/?p=9368","robots":"max-image-preview:large","keywords":"","webmasterTools":{"miscellaneous":""},"schema":{"@context":"https:\/\/schema.org","@graph":[{"@type":"BlogPosting","@id":"https:\/\/contadoreshoy.com\/?p=9368#blogposting","name":"Ilegal exigencia de anulaci\u00f3n y cambio de facturas expedidas - Contadores P\u00fablicos","headline":"Ilegal exigencia de anulaci\u00f3n y cambio de facturas expedidas","author":{"@id":"https:\/\/contadoreshoy.com\/?author=1#author"},"publisher":{"@id":"https:\/\/contadoreshoy.com\/#organization"},"image":{"@type":"ImageObject","url":"https:\/\/contadoreshoy.com\/wp-content\/uploads\/2017\/05\/DSC00983.jpg","width":600,"height":400},"datePublished":"2017-05-13T09:24:38-05:00","dateModified":"2017-05-13T09:26:45-05:00","inLanguage":"es-ES","mainEntityOfPage":{"@id":"https:\/\/contadoreshoy.com\/?p=9368#webpage"},"isPartOf":{"@id":"https:\/\/contadoreshoy.com\/?p=9368#webpage"},"articleSection":"Sin categor\u00eda"},{"@type":"BreadcrumbList","@id":"https:\/\/contadoreshoy.com\/?p=9368#breadcrumblist","itemListElement":[{"@type":"ListItem","@id":"https:\/\/contadoreshoy.com#listItem","position":1,"name":"Home","item":"https:\/\/contadoreshoy.com","nextItem":{"@type":"ListItem","@id":"https:\/\/contadoreshoy.com\/?cat=454#listItem","name":"Sin categor\u00eda"}},{"@type":"ListItem","@id":"https:\/\/contadoreshoy.com\/?cat=454#listItem","position":2,"name":"Sin categor\u00eda","item":"https:\/\/contadoreshoy.com\/?cat=454","nextItem":{"@type":"ListItem","@id":"https:\/\/contadoreshoy.com\/?p=9368#listItem","name":"Ilegal exigencia de anulaci\u00f3n y cambio de facturas expedidas"},"previousItem":{"@type":"ListItem","@id":"https:\/\/contadoreshoy.com#listItem","name":"Home"}},{"@type":"ListItem","@id":"https:\/\/contadoreshoy.com\/?p=9368#listItem","position":3,"name":"Ilegal exigencia de anulaci\u00f3n y cambio de facturas expedidas","previousItem":{"@type":"ListItem","@id":"https:\/\/contadoreshoy.com\/?cat=454#listItem","name":"Sin categor\u00eda"}}]},{"@type":"Organization","@id":"https:\/\/contadoreshoy.com\/#organization","name":"Contadores P\u00fablicos","description":"Portal para Contadores P\u00fablicos y empresarios","url":"https:\/\/contadoreshoy.com\/","logo":{"@type":"ImageObject","url":"https:\/\/contadoreshoy.com\/wp-content\/uploads\/2024\/01\/cropped-cropped-Copia-de-M-1.jpg","@id":"https:\/\/contadoreshoy.com\/?p=9368\/#organizationLogo","width":499,"height":500},"image":{"@id":"https:\/\/contadoreshoy.com\/?p=9368\/#organizationLogo"}},{"@type":"Person","@id":"https:\/\/contadoreshoy.com\/?author=1#author","url":"https:\/\/contadoreshoy.com\/?author=1","name":"Miguel Antonio M\u00e1rquez Monta\u00f1ez"},{"@type":"WebPage","@id":"https:\/\/contadoreshoy.com\/?p=9368#webpage","url":"https:\/\/contadoreshoy.com\/?p=9368","name":"Ilegal exigencia de anulaci\u00f3n y cambio de facturas expedidas - Contadores P\u00fablicos","description":"De acuerdo al concepto 42219 del a\u00f1o 2000, la DIAN ha considerado que expedida una factura respecto de una operaci\u00f3n realizada, con el lleno de los requisitos legales, puede afirmarse que el vendedor o prestador del servicio cumpli\u00f3 con su obligaci\u00f3n. Con posterioridad a tal hecho y solamente para efectos de recibir el pago, no","inLanguage":"es-ES","isPartOf":{"@id":"https:\/\/contadoreshoy.com\/#website"},"breadcrumb":{"@id":"https:\/\/contadoreshoy.com\/?p=9368#breadcrumblist"},"author":{"@id":"https:\/\/contadoreshoy.com\/?author=1#author"},"creator":{"@id":"https:\/\/contadoreshoy.com\/?author=1#author"},"image":{"@type":"ImageObject","url":"https:\/\/contadoreshoy.com\/wp-content\/uploads\/2017\/05\/DSC00983.jpg","@id":"https:\/\/contadoreshoy.com\/?p=9368\/#mainImage","width":600,"height":400},"primaryImageOfPage":{"@id":"https:\/\/contadoreshoy.com\/?p=9368#mainImage"},"datePublished":"2017-05-13T09:24:38-05:00","dateModified":"2017-05-13T09:26:45-05:00"},{"@type":"WebSite","@id":"https:\/\/contadoreshoy.com\/#website","url":"https:\/\/contadoreshoy.com\/","name":"Contadores P\u00fablicos","description":"Portal para Contadores P\u00fablicos y empresarios","inLanguage":"es-ES","publisher":{"@id":"https:\/\/contadoreshoy.com\/#organization"}}]},"og:locale":"es_ES","og:site_name":"Contadores P\u00fablicos - Portal para Contadores P\u00fablicos y empresarios","og:type":"article","og:title":"Ilegal exigencia de anulaci\u00f3n y cambio de facturas expedidas - Contadores P\u00fablicos","og:description":"De acuerdo al concepto 42219 del a\u00f1o 2000, la DIAN ha considerado que expedida una factura respecto de una operaci\u00f3n realizada, con el lleno de los requisitos legales, puede afirmarse que el vendedor o prestador del servicio cumpli\u00f3 con su obligaci\u00f3n. Con posterioridad a tal hecho y solamente para efectos de recibir el pago, no","og:url":"https:\/\/contadoreshoy.com\/?p=9368","og:image":"https:\/\/contadoreshoy.com\/wp-content\/uploads\/2024\/01\/cropped-cropped-cropped-Copia-de-M.jpg","og:image:secure_url":"https:\/\/contadoreshoy.com\/wp-content\/uploads\/2024\/01\/cropped-cropped-cropped-Copia-de-M.jpg","og:image:width":512,"og:image:height":371,"article:published_time":"2017-05-13T14:24:38+00:00","article:modified_time":"2017-05-13T14:26:45+00:00","twitter:card":"summary_large_image","twitter:title":"Ilegal exigencia de anulaci\u00f3n y cambio de facturas expedidas - Contadores P\u00fablicos","twitter:description":"De acuerdo al concepto 42219 del a\u00f1o 2000, la DIAN ha considerado que expedida una factura respecto de una operaci\u00f3n realizada, con el lleno de los requisitos legales, puede afirmarse que el vendedor o prestador del servicio cumpli\u00f3 con su obligaci\u00f3n. Con posterioridad a tal hecho y solamente para efectos de recibir el pago, no","twitter:image":"https:\/\/contadoreshoy.com\/wp-content\/uploads\/2024\/01\/cropped-cropped-cropped-Copia-de-M.jpg"},"aioseo_meta_data":{"post_id":"9368","title":null,"description":null,"keywords":null,"keyphrases":null,"primary_term":null,"canonical_url":null,"og_title":null,"og_description":null,"og_object_type":"default","og_image_type":"default","og_image_url":null,"og_image_width":null,"og_image_height":null,"og_image_custom_url":null,"og_image_custom_fields":null,"og_video":null,"og_custom_url":null,"og_article_section":null,"og_article_tags":null,"twitter_use_og":false,"twitter_card":"default","twitter_image_type":"default","twitter_image_url":null,"twitter_image_custom_url":null,"twitter_image_custom_fields":null,"twitter_title":null,"twitter_description":null,"schema":{"blockGraphs":[],"customGraphs":[],"default":{"data":{"Article":[],"Course":[],"Dataset":[],"FAQPage":[],"Movie":[],"Person":[],"Product":[],"ProductReview":[],"Car":[],"Recipe":[],"Service":[],"SoftwareApplication":[],"WebPage":[]},"graphName":"","isEnabled":true},"graphs":[]},"schema_type":"default","schema_type_options":null,"pillar_content":false,"robots_default":true,"robots_noindex":false,"robots_noarchive":false,"robots_nosnippet":false,"robots_nofollow":false,"robots_noimageindex":false,"robots_noodp":false,"robots_notranslate":false,"robots_max_snippet":null,"robots_max_videopreview":null,"robots_max_imagepreview":"large","priority":null,"frequency":null,"local_seo":null,"breadcrumb_settings":null,"limit_modified_date":false,"ai":null,"created":"2024-03-05 01:46:44","updated":"2026-03-03 05:02:41","seo_analyzer_scan_date":null,"focus_keyword":null,"additional_keywords":null,"truseo_locale":null},"aioseo_breadcrumb":"<div class=\"aioseo-breadcrumbs\"><span class=\"aioseo-breadcrumb\">\n\t\t\t<a href=\"https:\/\/contadoreshoy.com\" title=\"Home\">Home<\/a>\n\t\t<\/span><span class=\"aioseo-breadcrumb-separator\">&raquo;<\/span><span class=\"aioseo-breadcrumb\">\n\t\t\t<a href=\"https:\/\/contadoreshoy.com\/?cat=454\" title=\"Sin categor\u00eda\">Sin categor\u00eda<\/a>\n\t\t<\/span><span class=\"aioseo-breadcrumb-separator\">&raquo;<\/span><span class=\"aioseo-breadcrumb\">\n\t\t\tIlegal exigencia de anulaci\u00f3n y cambio de facturas expedidas\n\t\t<\/span><\/div>","aioseo_breadcrumb_json":[{"label":"Home","link":"https:\/\/contadoreshoy.com"},{"label":"Sin categor\u00eda","link":"https:\/\/contadoreshoy.com\/?cat=454"},{"label":"Ilegal exigencia de anulaci\u00f3n y cambio de facturas expedidas","link":"https:\/\/contadoreshoy.com\/?p=9368"}],"yoast_head":"<!-- This site is optimized with the Yoast SEO plugin v28.4 - https:\/\/yoast.com\/product\/yoast-seo-wordpress\/ -->\n<title>Ilegal exigencia de anulaci\u00f3n y cambio de facturas expedidas - Contadores P\u00fablicos<\/title>\n<meta name=\"robots\" content=\"index, follow, max-snippet:-1, max-image-preview:large, max-video-preview:-1\" \/>\n<link rel=\"canonical\" href=\"https:\/\/contadoreshoy.com\/?p=9368\" \/>\n<meta property=\"og:locale\" content=\"es_ES\" \/>\n<meta property=\"og:type\" content=\"article\" \/>\n<meta property=\"og:title\" content=\"Ilegal exigencia de anulaci\u00f3n y cambio de facturas expedidas - Contadores P\u00fablicos\" \/>\n<meta property=\"og:description\" content=\"De acuerdo al concepto 42219 del a\u00f1o 2000, la DIAN ha considerado que expedida una factura respecto de una operaci\u00f3n realizada, con el lleno de los requisitos legales, puede afirmarse&#046;&#046;&#046;\" \/>\n<meta property=\"og:url\" content=\"https:\/\/contadoreshoy.com\/?p=9368\" \/>\n<meta property=\"og:site_name\" content=\"Contadores P\u00fablicos\" \/>\n<meta property=\"article:publisher\" content=\"https:\/\/www.facebook.com\/CCCPBucaramanga\/\" \/>\n<meta property=\"article:published_time\" content=\"2017-05-13T14:24:38+00:00\" \/>\n<meta property=\"article:modified_time\" content=\"2017-05-13T14:26:45+00:00\" \/>\n<meta property=\"og:image\" content=\"https:\/\/contadoreshoy.com\/wp-content\/uploads\/2017\/05\/DSC00983.jpg\" \/>\n\t<meta property=\"og:image:width\" content=\"600\" \/>\n\t<meta property=\"og:image:height\" content=\"400\" \/>\n\t<meta property=\"og:image:type\" content=\"image\/jpeg\" \/>\n<meta name=\"author\" content=\"Miguel Antonio M\u00e1rquez Monta\u00f1ez\" \/>\n<meta name=\"twitter:card\" content=\"summary_large_image\" \/>\n<meta name=\"twitter:label1\" content=\"Escrito por\" \/>\n\t<meta name=\"twitter:data1\" content=\"Miguel Antonio M\u00e1rquez Monta\u00f1ez\" \/>\n\t<meta name=\"twitter:label2\" content=\"Tiempo de lectura\" \/>\n\t<meta name=\"twitter:data2\" content=\"6 minutos\" \/>\n<script type=\"application\/ld+json\" class=\"yoast-schema-graph\">{\"@context\":\"https:\\\/\\\/schema.org\",\"@graph\":[{\"@type\":\"Article\",\"@id\":\"https:\\\/\\\/contadoreshoy.com\\\/?p=9368#article\",\"isPartOf\":{\"@id\":\"https:\\\/\\\/contadoreshoy.com\\\/?p=9368\"},\"author\":{\"name\":\"Miguel Antonio M\u00e1rquez Monta\u00f1ez\",\"@id\":\"https:\\\/\\\/contadoreshoy.com\\\/#\\\/schema\\\/person\\\/96d8979cb865537c5dc9345e40089fc5\"},\"headline\":\"Ilegal exigencia de anulaci\u00f3n y cambio de facturas expedidas\",\"datePublished\":\"2017-05-13T14:24:38+00:00\",\"dateModified\":\"2017-05-13T14:26:45+00:00\",\"mainEntityOfPage\":{\"@id\":\"https:\\\/\\\/contadoreshoy.com\\\/?p=9368\"},\"wordCount\":1246,\"publisher\":{\"@id\":\"https:\\\/\\\/contadoreshoy.com\\\/#organization\"},\"image\":{\"@id\":\"https:\\\/\\\/contadoreshoy.com\\\/?p=9368#primaryimage\"},\"thumbnailUrl\":\"https:\\\/\\\/contadoreshoy.com\\\/wp-content\\\/uploads\\\/2017\\\/05\\\/DSC00983.jpg\",\"inLanguage\":\"es\"},{\"@type\":\"WebPage\",\"@id\":\"https:\\\/\\\/contadoreshoy.com\\\/?p=9368\",\"url\":\"https:\\\/\\\/contadoreshoy.com\\\/?p=9368\",\"name\":\"Ilegal exigencia de anulaci\u00f3n y cambio de facturas expedidas - Contadores P\u00fablicos\",\"isPartOf\":{\"@id\":\"https:\\\/\\\/contadoreshoy.com\\\/#website\"},\"primaryImageOfPage\":{\"@id\":\"https:\\\/\\\/contadoreshoy.com\\\/?p=9368#primaryimage\"},\"image\":{\"@id\":\"https:\\\/\\\/contadoreshoy.com\\\/?p=9368#primaryimage\"},\"thumbnailUrl\":\"https:\\\/\\\/contadoreshoy.com\\\/wp-content\\\/uploads\\\/2017\\\/05\\\/DSC00983.jpg\",\"datePublished\":\"2017-05-13T14:24:38+00:00\",\"dateModified\":\"2017-05-13T14:26:45+00:00\",\"breadcrumb\":{\"@id\":\"https:\\\/\\\/contadoreshoy.com\\\/?p=9368#breadcrumb\"},\"inLanguage\":\"es\",\"potentialAction\":[{\"@type\":\"ReadAction\",\"target\":[\"https:\\\/\\\/contadoreshoy.com\\\/?p=9368\"]}]},{\"@type\":\"ImageObject\",\"inLanguage\":\"es\",\"@id\":\"https:\\\/\\\/contadoreshoy.com\\\/?p=9368#primaryimage\",\"url\":\"https:\\\/\\\/contadoreshoy.com\\\/wp-content\\\/uploads\\\/2017\\\/05\\\/DSC00983.jpg\",\"contentUrl\":\"https:\\\/\\\/contadoreshoy.com\\\/wp-content\\\/uploads\\\/2017\\\/05\\\/DSC00983.jpg\",\"width\":600,\"height\":400},{\"@type\":\"BreadcrumbList\",\"@id\":\"https:\\\/\\\/contadoreshoy.com\\\/?p=9368#breadcrumb\",\"itemListElement\":[{\"@type\":\"ListItem\",\"position\":1,\"name\":\"Portada\",\"item\":\"https:\\\/\\\/contadoreshoy.com\\\/\"},{\"@type\":\"ListItem\",\"position\":2,\"name\":\"Ilegal exigencia de anulaci\u00f3n y cambio de facturas expedidas\"}]},{\"@type\":\"WebSite\",\"@id\":\"https:\\\/\\\/contadoreshoy.com\\\/#website\",\"url\":\"https:\\\/\\\/contadoreshoy.com\\\/\",\"name\":\"Contadorespublicossantander\",\"description\":\"Portal para Contadores P\u00fablicos y empresarios\",\"publisher\":{\"@id\":\"https:\\\/\\\/contadoreshoy.com\\\/#organization\"},\"potentialAction\":[{\"@type\":\"SearchAction\",\"target\":{\"@type\":\"EntryPoint\",\"urlTemplate\":\"https:\\\/\\\/contadoreshoy.com\\\/?s={search_term_string}\"},\"query-input\":{\"@type\":\"PropertyValueSpecification\",\"valueRequired\":true,\"valueName\":\"search_term_string\"}}],\"inLanguage\":\"es\"},{\"@type\":\"Organization\",\"@id\":\"https:\\\/\\\/contadoreshoy.com\\\/#organization\",\"name\":\"Contadores P\u00fablicos de Santander\",\"url\":\"https:\\\/\\\/contadoreshoy.com\\\/\",\"logo\":{\"@type\":\"ImageObject\",\"inLanguage\":\"es\",\"@id\":\"https:\\\/\\\/contadoreshoy.com\\\/#\\\/schema\\\/logo\\\/image\\\/\",\"url\":\"https:\\\/\\\/contadoreshoy.com\\\/wp-content\\\/uploads\\\/2024\\\/01\\\/cropped-cropped-Copia-de-M-1.jpg\",\"contentUrl\":\"https:\\\/\\\/contadoreshoy.com\\\/wp-content\\\/uploads\\\/2024\\\/01\\\/cropped-cropped-Copia-de-M-1.jpg\",\"width\":499,\"height\":500,\"caption\":\"Contadores P\u00fablicos de Santander\"},\"image\":{\"@id\":\"https:\\\/\\\/contadoreshoy.com\\\/#\\\/schema\\\/logo\\\/image\\\/\"},\"sameAs\":[\"https:\\\/\\\/www.facebook.com\\\/CCCPBucaramanga\\\/\"]},{\"@type\":\"Person\",\"@id\":\"https:\\\/\\\/contadoreshoy.com\\\/#\\\/schema\\\/person\\\/96d8979cb865537c5dc9345e40089fc5\",\"name\":\"Miguel Antonio M\u00e1rquez Monta\u00f1ez\",\"description\":\"Contador P\u00fablico egresado de la Universidad Aut\u00f3noma de Bucaramanga - Asesor contable tributario con m\u00e1s de 25 a\u00f1os de experiencia - Conferencista en temas contables y tributarios - T\u00e9cnico en Hardware y Dise\u00f1o Web - Creador y director Grupo de Estudio Colegio Colombiano de Contadores P\u00fablicos de Bucaramanga - Creador y Master Web p\u00e1gina www.contadoresp\u00fablicossantander.com - Expresidente Colegio Colombiano de Contadores P\u00fablicos Bucaramanga\",\"url\":\"https:\\\/\\\/contadoreshoy.com\\\/?author=1\"}]}<\/script>\n<!-- \/ Yoast SEO plugin. -->","yoast_head_json":{"title":"Ilegal exigencia de anulaci\u00f3n y cambio de facturas expedidas - Contadores P\u00fablicos","robots":{"index":"index","follow":"follow","max-snippet":"max-snippet:-1","max-image-preview":"max-image-preview:large","max-video-preview":"max-video-preview:-1"},"canonical":"https:\/\/contadoreshoy.com\/?p=9368","og_locale":"es_ES","og_type":"article","og_title":"Ilegal exigencia de anulaci\u00f3n y cambio de facturas expedidas - Contadores P\u00fablicos","og_description":"De acuerdo al concepto 42219 del a\u00f1o 2000, la DIAN ha considerado que expedida una factura respecto de una operaci\u00f3n realizada, con el lleno de los requisitos legales, puede afirmarse&#46;&#46;&#46;","og_url":"https:\/\/contadoreshoy.com\/?p=9368","og_site_name":"Contadores P\u00fablicos","article_publisher":"https:\/\/www.facebook.com\/CCCPBucaramanga\/","article_published_time":"2017-05-13T14:24:38+00:00","article_modified_time":"2017-05-13T14:26:45+00:00","og_image":[{"width":600,"height":400,"url":"https:\/\/contadoreshoy.com\/wp-content\/uploads\/2017\/05\/DSC00983.jpg","type":"image\/jpeg"}],"author":"Miguel Antonio M\u00e1rquez Monta\u00f1ez","twitter_card":"summary_large_image","twitter_misc":{"Escrito por":"Miguel Antonio M\u00e1rquez Monta\u00f1ez","Tiempo de lectura":"6 minutos"},"schema":{"@context":"https:\/\/schema.org","@graph":[{"@type":"Article","@id":"https:\/\/contadoreshoy.com\/?p=9368#article","isPartOf":{"@id":"https:\/\/contadoreshoy.com\/?p=9368"},"author":{"name":"Miguel Antonio M\u00e1rquez Monta\u00f1ez","@id":"https:\/\/contadoreshoy.com\/#\/schema\/person\/96d8979cb865537c5dc9345e40089fc5"},"headline":"Ilegal exigencia de anulaci\u00f3n y cambio de facturas expedidas","datePublished":"2017-05-13T14:24:38+00:00","dateModified":"2017-05-13T14:26:45+00:00","mainEntityOfPage":{"@id":"https:\/\/contadoreshoy.com\/?p=9368"},"wordCount":1246,"publisher":{"@id":"https:\/\/contadoreshoy.com\/#organization"},"image":{"@id":"https:\/\/contadoreshoy.com\/?p=9368#primaryimage"},"thumbnailUrl":"https:\/\/contadoreshoy.com\/wp-content\/uploads\/2017\/05\/DSC00983.jpg","inLanguage":"es"},{"@type":"WebPage","@id":"https:\/\/contadoreshoy.com\/?p=9368","url":"https:\/\/contadoreshoy.com\/?p=9368","name":"Ilegal exigencia de anulaci\u00f3n y cambio de facturas expedidas - Contadores P\u00fablicos","isPartOf":{"@id":"https:\/\/contadoreshoy.com\/#website"},"primaryImageOfPage":{"@id":"https:\/\/contadoreshoy.com\/?p=9368#primaryimage"},"image":{"@id":"https:\/\/contadoreshoy.com\/?p=9368#primaryimage"},"thumbnailUrl":"https:\/\/contadoreshoy.com\/wp-content\/uploads\/2017\/05\/DSC00983.jpg","datePublished":"2017-05-13T14:24:38+00:00","dateModified":"2017-05-13T14:26:45+00:00","breadcrumb":{"@id":"https:\/\/contadoreshoy.com\/?p=9368#breadcrumb"},"inLanguage":"es","potentialAction":[{"@type":"ReadAction","target":["https:\/\/contadoreshoy.com\/?p=9368"]}]},{"@type":"ImageObject","inLanguage":"es","@id":"https:\/\/contadoreshoy.com\/?p=9368#primaryimage","url":"https:\/\/contadoreshoy.com\/wp-content\/uploads\/2017\/05\/DSC00983.jpg","contentUrl":"https:\/\/contadoreshoy.com\/wp-content\/uploads\/2017\/05\/DSC00983.jpg","width":600,"height":400},{"@type":"BreadcrumbList","@id":"https:\/\/contadoreshoy.com\/?p=9368#breadcrumb","itemListElement":[{"@type":"ListItem","position":1,"name":"Portada","item":"https:\/\/contadoreshoy.com\/"},{"@type":"ListItem","position":2,"name":"Ilegal exigencia de anulaci\u00f3n y cambio de facturas expedidas"}]},{"@type":"WebSite","@id":"https:\/\/contadoreshoy.com\/#website","url":"https:\/\/contadoreshoy.com\/","name":"Contadorespublicossantander","description":"Portal para Contadores P\u00fablicos y empresarios","publisher":{"@id":"https:\/\/contadoreshoy.com\/#organization"},"potentialAction":[{"@type":"SearchAction","target":{"@type":"EntryPoint","urlTemplate":"https:\/\/contadoreshoy.com\/?s={search_term_string}"},"query-input":{"@type":"PropertyValueSpecification","valueRequired":true,"valueName":"search_term_string"}}],"inLanguage":"es"},{"@type":"Organization","@id":"https:\/\/contadoreshoy.com\/#organization","name":"Contadores P\u00fablicos de Santander","url":"https:\/\/contadoreshoy.com\/","logo":{"@type":"ImageObject","inLanguage":"es","@id":"https:\/\/contadoreshoy.com\/#\/schema\/logo\/image\/","url":"https:\/\/contadoreshoy.com\/wp-content\/uploads\/2024\/01\/cropped-cropped-Copia-de-M-1.jpg","contentUrl":"https:\/\/contadoreshoy.com\/wp-content\/uploads\/2024\/01\/cropped-cropped-Copia-de-M-1.jpg","width":499,"height":500,"caption":"Contadores P\u00fablicos de Santander"},"image":{"@id":"https:\/\/contadoreshoy.com\/#\/schema\/logo\/image\/"},"sameAs":["https:\/\/www.facebook.com\/CCCPBucaramanga\/"]},{"@type":"Person","@id":"https:\/\/contadoreshoy.com\/#\/schema\/person\/96d8979cb865537c5dc9345e40089fc5","name":"Miguel Antonio M\u00e1rquez Monta\u00f1ez","description":"Contador P\u00fablico egresado de la Universidad Aut\u00f3noma de Bucaramanga - Asesor contable tributario con m\u00e1s de 25 a\u00f1os de experiencia - Conferencista en temas contables y tributarios - T\u00e9cnico en Hardware y Dise\u00f1o Web - Creador y director Grupo de Estudio Colegio Colombiano de Contadores P\u00fablicos de Bucaramanga - Creador y Master Web p\u00e1gina www.contadoresp\u00fablicossantander.com - Expresidente Colegio Colombiano de Contadores P\u00fablicos Bucaramanga","url":"https:\/\/contadoreshoy.com\/?author=1"}]}},"_links":{"self":[{"href":"https:\/\/contadoreshoy.com\/index.php?rest_route=\/wp\/v2\/posts\/9368","targetHints":{"allow":["GET"]}}],"collection":[{"href":"https:\/\/contadoreshoy.com\/index.php?rest_route=\/wp\/v2\/posts"}],"about":[{"href":"https:\/\/contadoreshoy.com\/index.php?rest_route=\/wp\/v2\/types\/post"}],"author":[{"embeddable":true,"href":"https:\/\/contadoreshoy.com\/index.php?rest_route=\/wp\/v2\/users\/1"}],"replies":[{"embeddable":true,"href":"https:\/\/contadoreshoy.com\/index.php?rest_route=%2Fwp%2Fv2%2Fcomments&post=9368"}],"version-history":[{"count":2,"href":"https:\/\/contadoreshoy.com\/index.php?rest_route=\/wp\/v2\/posts\/9368\/revisions"}],"predecessor-version":[{"id":9371,"href":"https:\/\/contadoreshoy.com\/index.php?rest_route=\/wp\/v2\/posts\/9368\/revisions\/9371"}],"wp:featuredmedia":[{"embeddable":true,"href":"https:\/\/contadoreshoy.com\/index.php?rest_route=\/wp\/v2\/media\/9369"}],"wp:attachment":[{"href":"https:\/\/contadoreshoy.com\/index.php?rest_route=%2Fwp%2Fv2%2Fmedia&parent=9368"}],"wp:term":[{"taxonomy":"category","embeddable":true,"href":"https:\/\/contadoreshoy.com\/index.php?rest_route=%2Fwp%2Fv2%2Fcategories&post=9368"},{"taxonomy":"post_tag","embeddable":true,"href":"https:\/\/contadoreshoy.com\/index.php?rest_route=%2Fwp%2Fv2%2Ftags&post=9368"}],"curies":[{"name":"wp","href":"https:\/\/api.w.org\/{rel}","templated":true}]}}