{"id":9468,"date":"2017-06-09T00:27:46","date_gmt":"2017-06-09T05:27:46","guid":{"rendered":"https:\/\/contadoreshoy.com\/?p=9468"},"modified":"2017-06-09T16:12:19","modified_gmt":"2017-06-09T21:12:19","slug":"rentas-trabajo-despues-la-ley-1819-2016","status":"publish","type":"post","link":"https:\/\/contadoreshoy.com\/?p=9468","title":{"rendered":"Rentas de Trabajo despu\u00e9s de la ley 1819 de 2016"},"content":{"rendered":"<p style=\"text-align: center;\"><strong>Rentas de Trabajo despu\u00e9s de la ley 1819 de 2016<\/strong><\/p>\n<p style=\"text-align: justify;\">El art\u00edculo 1 de la ley 1819 de 2016, modific\u00f3 el T\u00edtulo V del Libro I del Estatuto Tributario y, en lo que respecta a las rentas de trabajo y de los trabajadores independientes elimin\u00f3 ciertos conceptos, los cuales fueron reemplazados por nuevo texto. A continuaci\u00f3n se relacionan los art\u00edculos que fueron modificados y que hac\u00edan referencia a las rentas de trabajo y de trabajadores independientes:<\/p>\n<p style=\"text-align: center;\">CONCEPTOS ELIMINADOS DEL T\u00cdTULO V DEL ESTATUTO TRIBUTARIO<\/p>\n<table style=\"height: 434px; width: 1203px;\">\n<tbody>\n<tr>\n<td style=\"width: 79px;\"><strong>ART\u00cdCULO<\/strong><\/td>\n<td style=\"width: 570px; text-align: center;\"><strong>TEXTO ANTERIOR<\/strong><\/td>\n<td style=\"width: 532px; text-align: center;\"><strong>TEXTO NUEVO<\/strong><\/td>\n<\/tr>\n<tr>\n<td style=\"width: 79px;\">329<\/td>\n<td style=\"width: 570px;\">Clasificaci\u00f3n de las personas naturales<\/td>\n<td style=\"width: 532px;\">Determinaci\u00f3n del impuesto sobre la renta de las personas naturales<\/td>\n<\/tr>\n<tr>\n<td style=\"width: 79px;\">330<\/td>\n<td style=\"width: 570px;\">Sistemas de determinaci\u00f3n del impuesto sobre la renta y complementarios para personas naturales empleados<\/td>\n<td style=\"width: 532px;\">Determinaci\u00f3n cedular<\/td>\n<\/tr>\n<tr>\n<td style=\"width: 79px;\">331<\/td>\n<td style=\"width: 570px;\">Impuesto m\u00ednimo alternativo nacional IMAN<\/td>\n<td style=\"width: 532px;\">Rentas l\u00edquidas gravables<\/td>\n<\/tr>\n<tr>\n<td style=\"width: 79px;\">332<\/td>\n<td style=\"width: 570px;\">Determinaci\u00f3n de la Renta Gravable Alternativa<\/td>\n<td style=\"width: 532px;\">Rentas exentas y deducciones<\/td>\n<\/tr>\n<tr>\n<td style=\"width: 79px;\">333<\/td>\n<td style=\"width: 570px;\">Impuesto m\u00ednimo alternativo IMAN<\/td>\n<td style=\"width: 532px;\">Base de renta presuntiva<\/td>\n<\/tr>\n<tr>\n<td style=\"width: 79px;\">334<\/td>\n<td style=\"width: 570px;\">Impuesto m\u00ednimo Alternativo Simple IMAS<\/td>\n<td style=\"width: 532px;\">Facultades de fiscalizaci\u00f3n<\/td>\n<\/tr>\n<tr>\n<td style=\"width: 79px;\">335<\/td>\n<td style=\"width: 570px;\">Firmeza de la liquidaci\u00f3n privada<\/td>\n<td style=\"width: 532px;\">Ingresos de las rentas de trabajo<\/td>\n<\/tr>\n<tr>\n<td style=\"width: 79px;\">336<\/td>\n<td style=\"width: 570px;\">Sistemas de determinaci\u00f3n del impuesto sobre la renta y complementarios para personas naturales trabajadores por cuenta propia.<\/td>\n<td style=\"width: 532px;\">Renta l\u00edquida cedular de las rentas de trabajo<\/td>\n<\/tr>\n<tr>\n<td style=\"width: 79px;\">337<\/td>\n<td style=\"width: 570px;\">Impuesto m\u00ednimo alternativo simplificado IMAS para trabajadores por cuenta propia<\/td>\n<td style=\"width: 532px;\">Ingresos de las rentas de pensiones<\/td>\n<\/tr>\n<tr>\n<td style=\"width: 79px;\">338<\/td>\n<td style=\"width: 570px;\">Requerimiento de informaci\u00f3n para los trabajadores por cuenta propia<\/td>\n<td style=\"width: 532px;\">Ingresos de las rentas de capital<\/td>\n<\/tr>\n<tr>\n<td style=\"width: 79px;\">339<\/td>\n<td style=\"width: 570px;\">Determinaci\u00f3n de la renta gravable alternativa<\/td>\n<td style=\"width: 532px;\">Renta l\u00edquida cedular de las rentas de capital<\/td>\n<\/tr>\n<tr>\n<td style=\"width: 79px;\">340<\/td>\n<td style=\"width: 570px;\">Impuesto m\u00ednimo alternativo simple IMAS de trabajadores por cuenta propia<\/td>\n<td style=\"width: 532px;\">Ingresos de las rentas no laborales<\/td>\n<\/tr>\n<tr>\n<td style=\"width: 79px;\">341<\/td>\n<td style=\"width: 570px;\">Firmeza de la declaraci\u00f3n del IMAS<\/td>\n<td style=\"width: 532px;\">Renta l\u00edquida cedular de las rentas no laborales<\/td>\n<\/tr>\n<\/tbody>\n<\/table>\n<p style=\"text-align: justify;\">De lo anterior se deduce que lo referente a la clasificaci\u00f3n de las personas naturales, IMAN, IMAS y Renta Gravable Alternativa, fueron eliminados, tanto para personas naturales empleados como para personas naturales trabajadores por cuenta propia.<\/p>\n<p style=\"text-align: justify;\"><strong><span style=\"color: #0000ff;\">El art\u00edculo 335 del Estatuto Tributario fue modificado y establece que son ingresos de las rentas de trabajo, \u00fanicamente los se\u00f1alados en el art\u00edculo 103 del Estatuto Tributario<\/span><\/strong><\/p>\n<blockquote><p><em>\u00ab<strong>Art\u00edculo 103 Estatuto Tributario. Rentas de Trabajo. <span style=\"color: #ff6600;\">Se consideran rentas exclusivas de trabajo<\/span>, las obtenidas por personas naturales <span style=\"color: #ff6600;\">por concepto de salarios, comisiones<\/span>, prestaciones sociales, vi\u00e1ticos, gastos de representaci\u00f3n,<span style=\"color: #ff6600;\"> honorarios<\/span>, emolumentos eclesi\u00e1sticos, compensaciones recibidas por el trabajo asociado cooperativo <span style=\"color: #ff6600;\">y en general, las compensaciones por servicios personales<\/span><\/strong><span style=\"color: #ff6600;\">.<\/span><\/em><\/p>\n<p><em><strong>Par\u00e1grafo 1\u00ba.&nbsp;<\/strong>Para que sean consideradas como rentas de trabajo las compensaciones recibidas por el trabajo asociado cooperativo, la precooperativa o cooperativa de trabajo asociado, deber\u00e1 tener registrados sus reg\u00edmenes de trabajo y compensaciones en el Ministerio de Trabajo y Seguridad Social y los trabajadores asociados de aquellas deber\u00e1n estar vinculados a reg\u00edmenes de seguridad social en salud y pensiones aceptados por la Ley, o tener el car\u00e1cter de pensionados o con asignaci\u00f3n de retiro de acuerdo con los reg\u00edmenes especiales establecidos por la Ley. Igualmente deber\u00e1n estar vinculados al sistema general de riesgos profesionales.<\/em><\/p>\n<p><em><strong>Par\u00e1grafo 2\u00ba.&nbsp;<\/strong>Las compensaciones recibidas por el trabajo asociado cooperativo est\u00e1n gravadas con el impuesto a la renta y complementarios en los mismos t\u00e9rminos, condiciones y excepciones establecidos en el Estatuto Tributario para las rentas exentas de trabajo provenientes de la relaci\u00f3n laboral asalariada.\u00bb<\/em><\/p><\/blockquote>\n<p style=\"text-align: justify;\">Antes de la modificaci\u00f3n que trajo el art\u00edculo 17 de la ley 1819 de 2016, el tipo de pagos a los que se aplicaba las tarifas del art\u00edculo 383, eran los efectuados a las personas naturales pertenecientes a la categor\u00eda de empleados, de conformidad con lo establecido en el art\u00edculo 329 y por concepto de pensiones de jubilaci\u00f3n, invalidez, vejez, de sobreviviente y sobre riesgos laborales de conformidad con lo establecido en el art\u00edculo 206.<\/p>\n<p style=\"text-align: justify;\">El art\u00edculo 329 establec\u00eda que era empleado aquella persona natural residente en el pa\u00eds, cuyos ingresos provienen en un 80% o m\u00e1s, de la prestaci\u00f3n de servicios de manera personal o de la realizaci\u00f3n de una actividad econ\u00f3mica por cuenta y riesgo del empleador o contratante, mediante una vinculaci\u00f3n laboral o legal y reglamentaria y\/o de cualquier otra naturaleza, independientemente de su denominaci\u00f3n y aquellas personas naturales residentes que prestaran servicios en ejercicio de profesiones liberales o servicios t\u00e9cnicos que no requirieran de la utilizaci\u00f3n de materiales o insumos especializados o de maquinaria especializada, siempre que el 80% o m\u00e1s de sus ingresos provengan del ejercicio de dicha actividad.<\/p>\n<p style=\"text-align: justify;\">Esta norma fue modificada por el art\u00edculo 1 de la ley 1819 de 2016 y en esa medida se elimin\u00f3 lo relacionado con la clasificaci\u00f3n para efectos tributarios de las personas naturales que este conten\u00eda, en concordancia con esta modificaci\u00f3n el art\u00edculo 383 del Estatuto Tributario ahora se\u00f1ala que este aplica para aquellos pagos originados en la relaci\u00f3n laboral, o legal y reglamentaria, esto a partir del 1 de marzo de 2017.<\/p>\n<p style=\"text-align: justify;\"><strong><span style=\"color: #0000ff;\">El art\u00edculo 336 establece la Renta l\u00edquida Cedular de las Rentas de Trabajo, haciendo \u00e9nfasis en la limitaci\u00f3n de las rentas exentas y las deducciones imputables a \u00e9sta c\u00e9dula, las cuales no pueden exceder del 40% de los ingresos gravados, ni de 5.040 UVT.<\/span><\/strong><\/p>\n<blockquote><p><em>\u00abART\u00edCULO 336. RENTA L\u00edQUIDA CEDULAR DE LAS RENTAS DE TRABAJO. Para efectos de establecer la renta l\u00edquida cedular, del total de los ingresos de esta c\u00e9dula obtenidos en el periodo gravable, se restar\u00e1n los ingresos no constitutivos de renta imputables a esta c\u00e9dula.<\/em><\/p>\n<p><span style=\"color: #ff6600;\"><em>Podr\u00e1n restarse todas las rentas exentas y las deducciones imputables a esta c\u00e9dula, siempre que no excedan el cuarenta (40%) del resultado del inciso anterior, que en todo caso no puede exceder cinco mil cuarenta (5.040) UVT.<\/em><\/span><\/p>\n<p><em>PAR\u00c1GRAFO. En el caso de los servidores p\u00fablicos diplom\u00e1ticos, consulares y administrativos del Ministerio de Relaciones Exteriores, la prima de costo de vida de que trata el Decreto 3357 de 2009 no se tendr\u00e1 en cuenta para efectos del c\u00e1lculo del l\u00edmite porcentual previsto en el presente art\u00edculo.\u00bb<\/em><\/p><\/blockquote>\n<p style=\"text-align: justify;\"><strong><span style=\"color: #0000ff;\">El art\u00edculo 340 hace referencia al requisito para que los honorarios percibidos por personas naturales, no se consideren como incluidos en la c\u00e9dula de trabajo.<\/span><\/strong><\/p>\n<blockquote><p><em>\u00abART\u00edCULO 340. INGRESOS DE LAS RENTAS NO LABORALES. Se consideran ingresos de las rentas no laborales todos los que no se clasifiquen expresamente en ninguna de las dem\u00e1s c\u00e9dulas.<\/em><\/p>\n<p><span style=\"color: #ff6600;\"><em>Los honorarios percibidos por las personas naturales que presten servicios y que contraten o vinculen por al menos noventa (90) d\u00edas continuos o discontinuos, dos (2) o m\u00e1s trabajadores o contratistas asociados a la actividad, ser\u00e1n ingresos de la c\u00e9dula de rentas no laborales. En este caso, ning\u00fan ingreso por honorario podr\u00e1 ser incluido en la c\u00e9dula de rentas de trabajo.\u00bb<\/em><\/span><\/p><\/blockquote>\n<p style=\"text-align: justify;\">Para que los honorarios que reciba una &nbsp;persona natural, por prestaci\u00f3n de servicios en forma personalizada, no sean tenidos en cuenta como rentas de trabajo y no se le aplique la tarifa del art\u00edculo 383 del Estatuto Tributario, es necesario que el prestador del servicio certifique al pagador, que ha vinculado por al menos durante 90 d\u00edas continuos o discontinuos, dos o m\u00e1s trabajadores o contratistas asociados a la actividad. La persona natural que entregue este certificado ser\u00e1 sujeto de retenci\u00f3n en la fuente por honorarios al 10% u 11% seg\u00fan el caso.<\/p>\n<p style=\"text-align: justify;\"><span style=\"color: #0000ff;\">La obligaci\u00f3n<\/span> establecida en el art\u00edculo 1 del decreto reglamentario 1070 de 2013, &nbsp;<span style=\"color: #0000ff;\">para las personas naturales residentes en el pa\u00eds, de reportar anualmente a sus pagadore<\/span>s o agentes de retenci\u00f3n <span style=\"color: #0000ff;\">la informaci\u00f3n necesaria para determinar la categor\u00eda tributaria a la que pertenec\u00edan<\/span>, de acuerdo con lo previsto en el art\u00edculo 329 del Estatuto Tributario, a m\u00e1s tardar el 31 de marzo del respectivo periodo gravable, <span style=\"color: #0000ff;\">fue eliminada<\/span>.<\/p>\n<p style=\"text-align: justify;\">De acuerdo al par\u00e1grafo del art\u00edculo 9 del decreto 3032 de diciembre de 2013,<span style=\"color: #0000ff;\"> la obligaci\u00f3n &nbsp;de verificar, por parte del contratante, &nbsp;el que los aportes<\/span> al Sistema General de Seguridad Social <span style=\"color: #0000ff;\">est\u00e9n debidamente realizados por parte del prestador de servicio<\/span>s,<span style=\"color: #0000ff;\"> solo opera cuando la totalidad de los pagos mensuales sean iguales o superiores a un salario m\u00ednimo mensual vigente.<\/span><\/p>\n<p style=\"text-align: justify;\"><span style=\"color: #0000ff;\">De acuerdo al art\u00edculo 4 del decreto 2271 de 2009, para los trabajadores independientes<\/span>, la base de retenci\u00f3n en la fuente al momento del pago o abono en cuenta, se disminuir\u00e1 con el valor total del aporte obligatorio al sistema general de seguridad social en salud realizado que corresponda al periodo que origina el pago y de manera proporcional a cada contrato en los casos en que hubiere lugar. En tal sentido <span style=\"color: #0000ff;\">no se podr\u00e1 disminuir la base por aportes efectuados en contratos diferentes al que origina el respectivo pago y el monto a deducir no podr\u00e1 exceder el valor de los aportes al Sistema General de Seguridad Social en Salud que le corresponda efectuar al independiente por dicho contrato.<\/span><\/p>\n<p><em>Redactado y publicado por : Miguel Antonio M\u00e1rquez Monta\u00f1ez<\/em><\/p>\n","protected":false},"excerpt":{"rendered":"<p>Rentas de Trabajo despu\u00e9s de la ley 1819 de 2016 El art\u00edculo 1 de la ley 1819 de 2016, modific\u00f3 el T\u00edtulo V del Libro I del Estatuto Tributario y,&#46;&#46;&#46;<\/p>\n","protected":false},"author":1,"featured_media":9465,"comment_status":"closed","ping_status":"open","sticky":false,"template":"","format":"standard","meta":{"_monsterinsights_skip_tracking":false,"ngg_post_thumbnail":0,"footnotes":"","_links_to":"","_links_to_target":""},"categories":[454],"tags":[],"class_list":["post-9468","post","type-post","status-publish","format-standard","has-post-thumbnail","hentry","category-sin-categoria"],"aioseo_notices":[],"aioseo_head":"\n\t\t<!-- All in One SEO 5.0.1.1 - aioseo.com -->\n\t<meta name=\"description\" content=\"Rentas de Trabajo despu\u00e9s de la ley 1819 de 2016 El art\u00edculo 1 de la ley 1819 de 2016, modific\u00f3 el T\u00edtulo V del Libro I del Estatuto Tributario y, en lo que respecta a las rentas de trabajo y de los trabajadores independientes elimin\u00f3 ciertos conceptos, los cuales fueron reemplazados por nuevo texto. A\" \/>\n\t<meta name=\"robots\" content=\"max-image-preview:large\" \/>\n\t<meta name=\"author\" content=\"Miguel Antonio M\u00e1rquez Monta\u00f1ez\"\/>\n\t<link rel=\"canonical\" href=\"https:\/\/contadoreshoy.com\/?p=9468\" \/>\n\t<meta name=\"generator\" content=\"All in One SEO (AIOSEO) 5.0.1.1\" \/>\n\t\t<meta property=\"og:locale\" content=\"es_ES\" \/>\n\t\t<meta property=\"og:site_name\" content=\"Contadores P\u00fablicos - Portal para Contadores P\u00fablicos y empresarios\" \/>\n\t\t<meta property=\"og:type\" content=\"article\" \/>\n\t\t<meta property=\"og:title\" content=\"Rentas de Trabajo despu\u00e9s de la ley 1819 de 2016 - Contadores P\u00fablicos\" \/>\n\t\t<meta property=\"og:description\" content=\"Rentas de Trabajo despu\u00e9s de la ley 1819 de 2016 El art\u00edculo 1 de la ley 1819 de 2016, modific\u00f3 el T\u00edtulo V del Libro I del Estatuto Tributario y, en lo que respecta a las rentas de trabajo y de los trabajadores independientes elimin\u00f3 ciertos conceptos, los cuales fueron reemplazados por nuevo texto. A\" \/>\n\t\t<meta property=\"og:url\" content=\"https:\/\/contadoreshoy.com\/?p=9468\" \/>\n\t\t<meta property=\"og:image\" content=\"https:\/\/contadoreshoy.com\/wp-content\/uploads\/2024\/01\/cropped-cropped-cropped-Copia-de-M.jpg\" \/>\n\t\t<meta property=\"og:image:secure_url\" content=\"https:\/\/contadoreshoy.com\/wp-content\/uploads\/2024\/01\/cropped-cropped-cropped-Copia-de-M.jpg\" \/>\n\t\t<meta property=\"og:image:width\" content=\"512\" \/>\n\t\t<meta property=\"og:image:height\" content=\"371\" \/>\n\t\t<meta property=\"article:published_time\" content=\"2017-06-09T05:27:46+00:00\" \/>\n\t\t<meta property=\"article:modified_time\" content=\"2017-06-09T21:12:19+00:00\" \/>\n\t\t<meta name=\"twitter:card\" content=\"summary_large_image\" \/>\n\t\t<meta name=\"twitter:title\" content=\"Rentas de Trabajo despu\u00e9s de la ley 1819 de 2016 - Contadores P\u00fablicos\" \/>\n\t\t<meta name=\"twitter:description\" content=\"Rentas de Trabajo despu\u00e9s de la ley 1819 de 2016 El art\u00edculo 1 de la ley 1819 de 2016, modific\u00f3 el T\u00edtulo V del Libro I del Estatuto Tributario y, en lo que respecta a las rentas de trabajo y de los trabajadores independientes elimin\u00f3 ciertos conceptos, los cuales fueron reemplazados por nuevo texto. A\" \/>\n\t\t<meta name=\"twitter:image\" content=\"https:\/\/contadoreshoy.com\/wp-content\/uploads\/2024\/01\/cropped-cropped-cropped-Copia-de-M.jpg\" \/>\n\t\t<script type=\"application\/ld+json\" class=\"aioseo-schema\">\n\t\t\t{\"@context\":\"https:\\\/\\\/schema.org\",\"@graph\":[{\"@type\":\"BlogPosting\",\"@id\":\"https:\\\/\\\/contadoreshoy.com\\\/?p=9468#blogposting\",\"name\":\"Rentas de Trabajo despu\\u00e9s de la ley 1819 de 2016 - Contadores P\\u00fablicos\",\"headline\":\"Rentas de Trabajo despu\\u00e9s de la ley 1819 de 2016\",\"author\":{\"@id\":\"https:\\\/\\\/contadoreshoy.com\\\/?author=1#author\"},\"publisher\":{\"@id\":\"https:\\\/\\\/contadoreshoy.com\\\/#organization\"},\"image\":{\"@type\":\"ImageObject\",\"url\":\"https:\\\/\\\/contadoreshoy.com\\\/wp-content\\\/uploads\\\/2017\\\/06\\\/Rentas-de-trabajo.jpg\",\"width\":600,\"height\":400},\"datePublished\":\"2017-06-09T00:27:46-05:00\",\"dateModified\":\"2017-06-09T16:12:19-05:00\",\"inLanguage\":\"es-ES\",\"mainEntityOfPage\":{\"@id\":\"https:\\\/\\\/contadoreshoy.com\\\/?p=9468#webpage\"},\"isPartOf\":{\"@id\":\"https:\\\/\\\/contadoreshoy.com\\\/?p=9468#webpage\"},\"articleSection\":\"Sin categor\\u00eda\"},{\"@type\":\"BreadcrumbList\",\"@id\":\"https:\\\/\\\/contadoreshoy.com\\\/?p=9468#breadcrumblist\",\"itemListElement\":[{\"@type\":\"ListItem\",\"@id\":\"https:\\\/\\\/contadoreshoy.com#listItem\",\"position\":1,\"name\":\"Home\",\"item\":\"https:\\\/\\\/contadoreshoy.com\",\"nextItem\":{\"@type\":\"ListItem\",\"@id\":\"https:\\\/\\\/contadoreshoy.com\\\/?cat=454#listItem\",\"name\":\"Sin categor\\u00eda\"}},{\"@type\":\"ListItem\",\"@id\":\"https:\\\/\\\/contadoreshoy.com\\\/?cat=454#listItem\",\"position\":2,\"name\":\"Sin categor\\u00eda\",\"item\":\"https:\\\/\\\/contadoreshoy.com\\\/?cat=454\",\"nextItem\":{\"@type\":\"ListItem\",\"@id\":\"https:\\\/\\\/contadoreshoy.com\\\/?p=9468#listItem\",\"name\":\"Rentas de Trabajo despu\\u00e9s de la ley 1819 de 2016\"},\"previousItem\":{\"@type\":\"ListItem\",\"@id\":\"https:\\\/\\\/contadoreshoy.com#listItem\",\"name\":\"Home\"}},{\"@type\":\"ListItem\",\"@id\":\"https:\\\/\\\/contadoreshoy.com\\\/?p=9468#listItem\",\"position\":3,\"name\":\"Rentas de Trabajo despu\\u00e9s de la ley 1819 de 2016\",\"previousItem\":{\"@type\":\"ListItem\",\"@id\":\"https:\\\/\\\/contadoreshoy.com\\\/?cat=454#listItem\",\"name\":\"Sin categor\\u00eda\"}}]},{\"@type\":\"Organization\",\"@id\":\"https:\\\/\\\/contadoreshoy.com\\\/#organization\",\"name\":\"Contadores P\\u00fablicos\",\"description\":\"Portal para Contadores P\\u00fablicos y empresarios\",\"url\":\"https:\\\/\\\/contadoreshoy.com\\\/\",\"logo\":{\"@type\":\"ImageObject\",\"url\":\"https:\\\/\\\/contadoreshoy.com\\\/wp-content\\\/uploads\\\/2024\\\/01\\\/cropped-cropped-Copia-de-M-1.jpg\",\"@id\":\"https:\\\/\\\/contadoreshoy.com\\\/?p=9468\\\/#organizationLogo\",\"width\":499,\"height\":500},\"image\":{\"@id\":\"https:\\\/\\\/contadoreshoy.com\\\/?p=9468\\\/#organizationLogo\"}},{\"@type\":\"Person\",\"@id\":\"https:\\\/\\\/contadoreshoy.com\\\/?author=1#author\",\"url\":\"https:\\\/\\\/contadoreshoy.com\\\/?author=1\",\"name\":\"Miguel Antonio M\\u00e1rquez Monta\\u00f1ez\"},{\"@type\":\"WebPage\",\"@id\":\"https:\\\/\\\/contadoreshoy.com\\\/?p=9468#webpage\",\"url\":\"https:\\\/\\\/contadoreshoy.com\\\/?p=9468\",\"name\":\"Rentas de Trabajo despu\\u00e9s de la ley 1819 de 2016 - Contadores P\\u00fablicos\",\"description\":\"Rentas de Trabajo despu\\u00e9s de la ley 1819 de 2016 El art\\u00edculo 1 de la ley 1819 de 2016, modific\\u00f3 el T\\u00edtulo V del Libro I del Estatuto Tributario y, en lo que respecta a las rentas de trabajo y de los trabajadores independientes elimin\\u00f3 ciertos conceptos, los cuales fueron reemplazados por nuevo texto. A\",\"inLanguage\":\"es-ES\",\"isPartOf\":{\"@id\":\"https:\\\/\\\/contadoreshoy.com\\\/#website\"},\"breadcrumb\":{\"@id\":\"https:\\\/\\\/contadoreshoy.com\\\/?p=9468#breadcrumblist\"},\"author\":{\"@id\":\"https:\\\/\\\/contadoreshoy.com\\\/?author=1#author\"},\"creator\":{\"@id\":\"https:\\\/\\\/contadoreshoy.com\\\/?author=1#author\"},\"image\":{\"@type\":\"ImageObject\",\"url\":\"https:\\\/\\\/contadoreshoy.com\\\/wp-content\\\/uploads\\\/2017\\\/06\\\/Rentas-de-trabajo.jpg\",\"@id\":\"https:\\\/\\\/contadoreshoy.com\\\/?p=9468\\\/#mainImage\",\"width\":600,\"height\":400},\"primaryImageOfPage\":{\"@id\":\"https:\\\/\\\/contadoreshoy.com\\\/?p=9468#mainImage\"},\"datePublished\":\"2017-06-09T00:27:46-05:00\",\"dateModified\":\"2017-06-09T16:12:19-05:00\"},{\"@type\":\"WebSite\",\"@id\":\"https:\\\/\\\/contadoreshoy.com\\\/#website\",\"url\":\"https:\\\/\\\/contadoreshoy.com\\\/\",\"name\":\"Contadores P\\u00fablicos\",\"description\":\"Portal para Contadores P\\u00fablicos y empresarios\",\"inLanguage\":\"es-ES\",\"publisher\":{\"@id\":\"https:\\\/\\\/contadoreshoy.com\\\/#organization\"}}]}\n\t\t<\/script>\n\t\t<!-- All in One SEO -->\n\n","aioseo_head_json":{"title":"Rentas de Trabajo despu\u00e9s de la ley 1819 de 2016 - Contadores P\u00fablicos","description":"Rentas de Trabajo despu\u00e9s de la ley 1819 de 2016 El art\u00edculo 1 de la ley 1819 de 2016, modific\u00f3 el T\u00edtulo V del Libro I del Estatuto Tributario y, en lo que respecta a las rentas de trabajo y de los trabajadores independientes elimin\u00f3 ciertos conceptos, los cuales fueron reemplazados por nuevo texto. A","canonical_url":"https:\/\/contadoreshoy.com\/?p=9468","robots":"max-image-preview:large","keywords":"","webmasterTools":{"miscellaneous":""},"schema":{"@context":"https:\/\/schema.org","@graph":[{"@type":"BlogPosting","@id":"https:\/\/contadoreshoy.com\/?p=9468#blogposting","name":"Rentas de Trabajo despu\u00e9s de la ley 1819 de 2016 - Contadores P\u00fablicos","headline":"Rentas de Trabajo despu\u00e9s de la ley 1819 de 2016","author":{"@id":"https:\/\/contadoreshoy.com\/?author=1#author"},"publisher":{"@id":"https:\/\/contadoreshoy.com\/#organization"},"image":{"@type":"ImageObject","url":"https:\/\/contadoreshoy.com\/wp-content\/uploads\/2017\/06\/Rentas-de-trabajo.jpg","width":600,"height":400},"datePublished":"2017-06-09T00:27:46-05:00","dateModified":"2017-06-09T16:12:19-05:00","inLanguage":"es-ES","mainEntityOfPage":{"@id":"https:\/\/contadoreshoy.com\/?p=9468#webpage"},"isPartOf":{"@id":"https:\/\/contadoreshoy.com\/?p=9468#webpage"},"articleSection":"Sin categor\u00eda"},{"@type":"BreadcrumbList","@id":"https:\/\/contadoreshoy.com\/?p=9468#breadcrumblist","itemListElement":[{"@type":"ListItem","@id":"https:\/\/contadoreshoy.com#listItem","position":1,"name":"Home","item":"https:\/\/contadoreshoy.com","nextItem":{"@type":"ListItem","@id":"https:\/\/contadoreshoy.com\/?cat=454#listItem","name":"Sin categor\u00eda"}},{"@type":"ListItem","@id":"https:\/\/contadoreshoy.com\/?cat=454#listItem","position":2,"name":"Sin categor\u00eda","item":"https:\/\/contadoreshoy.com\/?cat=454","nextItem":{"@type":"ListItem","@id":"https:\/\/contadoreshoy.com\/?p=9468#listItem","name":"Rentas de Trabajo despu\u00e9s de la ley 1819 de 2016"},"previousItem":{"@type":"ListItem","@id":"https:\/\/contadoreshoy.com#listItem","name":"Home"}},{"@type":"ListItem","@id":"https:\/\/contadoreshoy.com\/?p=9468#listItem","position":3,"name":"Rentas de Trabajo despu\u00e9s de la ley 1819 de 2016","previousItem":{"@type":"ListItem","@id":"https:\/\/contadoreshoy.com\/?cat=454#listItem","name":"Sin categor\u00eda"}}]},{"@type":"Organization","@id":"https:\/\/contadoreshoy.com\/#organization","name":"Contadores P\u00fablicos","description":"Portal para Contadores P\u00fablicos y empresarios","url":"https:\/\/contadoreshoy.com\/","logo":{"@type":"ImageObject","url":"https:\/\/contadoreshoy.com\/wp-content\/uploads\/2024\/01\/cropped-cropped-Copia-de-M-1.jpg","@id":"https:\/\/contadoreshoy.com\/?p=9468\/#organizationLogo","width":499,"height":500},"image":{"@id":"https:\/\/contadoreshoy.com\/?p=9468\/#organizationLogo"}},{"@type":"Person","@id":"https:\/\/contadoreshoy.com\/?author=1#author","url":"https:\/\/contadoreshoy.com\/?author=1","name":"Miguel Antonio M\u00e1rquez Monta\u00f1ez"},{"@type":"WebPage","@id":"https:\/\/contadoreshoy.com\/?p=9468#webpage","url":"https:\/\/contadoreshoy.com\/?p=9468","name":"Rentas de Trabajo despu\u00e9s de la ley 1819 de 2016 - Contadores P\u00fablicos","description":"Rentas de Trabajo despu\u00e9s de la ley 1819 de 2016 El art\u00edculo 1 de la ley 1819 de 2016, modific\u00f3 el T\u00edtulo V del Libro I del Estatuto Tributario y, en lo que respecta a las rentas de trabajo y de los trabajadores independientes elimin\u00f3 ciertos conceptos, los cuales fueron reemplazados por nuevo texto. A","inLanguage":"es-ES","isPartOf":{"@id":"https:\/\/contadoreshoy.com\/#website"},"breadcrumb":{"@id":"https:\/\/contadoreshoy.com\/?p=9468#breadcrumblist"},"author":{"@id":"https:\/\/contadoreshoy.com\/?author=1#author"},"creator":{"@id":"https:\/\/contadoreshoy.com\/?author=1#author"},"image":{"@type":"ImageObject","url":"https:\/\/contadoreshoy.com\/wp-content\/uploads\/2017\/06\/Rentas-de-trabajo.jpg","@id":"https:\/\/contadoreshoy.com\/?p=9468\/#mainImage","width":600,"height":400},"primaryImageOfPage":{"@id":"https:\/\/contadoreshoy.com\/?p=9468#mainImage"},"datePublished":"2017-06-09T00:27:46-05:00","dateModified":"2017-06-09T16:12:19-05:00"},{"@type":"WebSite","@id":"https:\/\/contadoreshoy.com\/#website","url":"https:\/\/contadoreshoy.com\/","name":"Contadores P\u00fablicos","description":"Portal para Contadores P\u00fablicos y empresarios","inLanguage":"es-ES","publisher":{"@id":"https:\/\/contadoreshoy.com\/#organization"}}]},"og:locale":"es_ES","og:site_name":"Contadores P\u00fablicos - Portal para Contadores P\u00fablicos y empresarios","og:type":"article","og:title":"Rentas de Trabajo despu\u00e9s de la ley 1819 de 2016 - Contadores P\u00fablicos","og:description":"Rentas de Trabajo despu\u00e9s de la ley 1819 de 2016 El art\u00edculo 1 de la ley 1819 de 2016, modific\u00f3 el T\u00edtulo V del Libro I del Estatuto Tributario y, en lo que respecta a las rentas de trabajo y de los trabajadores independientes elimin\u00f3 ciertos conceptos, los cuales fueron reemplazados por nuevo texto. A","og:url":"https:\/\/contadoreshoy.com\/?p=9468","og:image":"https:\/\/contadoreshoy.com\/wp-content\/uploads\/2024\/01\/cropped-cropped-cropped-Copia-de-M.jpg","og:image:secure_url":"https:\/\/contadoreshoy.com\/wp-content\/uploads\/2024\/01\/cropped-cropped-cropped-Copia-de-M.jpg","og:image:width":512,"og:image:height":371,"article:published_time":"2017-06-09T05:27:46+00:00","article:modified_time":"2017-06-09T21:12:19+00:00","twitter:card":"summary_large_image","twitter:title":"Rentas de Trabajo despu\u00e9s de la ley 1819 de 2016 - Contadores P\u00fablicos","twitter:description":"Rentas de Trabajo despu\u00e9s de la ley 1819 de 2016 El art\u00edculo 1 de la ley 1819 de 2016, modific\u00f3 el T\u00edtulo V del Libro I del Estatuto Tributario y, en lo que respecta a las rentas de trabajo y de los trabajadores independientes elimin\u00f3 ciertos conceptos, los cuales fueron reemplazados por nuevo texto. A","twitter:image":"https:\/\/contadoreshoy.com\/wp-content\/uploads\/2024\/01\/cropped-cropped-cropped-Copia-de-M.jpg"},"aioseo_meta_data":{"post_id":"9468","title":null,"description":null,"keywords":null,"keyphrases":null,"primary_term":null,"canonical_url":null,"og_title":null,"og_description":null,"og_object_type":"default","og_image_type":"default","og_image_url":null,"og_image_width":null,"og_image_height":null,"og_image_custom_url":null,"og_image_custom_fields":null,"og_video":null,"og_custom_url":null,"og_article_section":null,"og_article_tags":null,"twitter_use_og":false,"twitter_card":"default","twitter_image_type":"default","twitter_image_url":null,"twitter_image_custom_url":null,"twitter_image_custom_fields":null,"twitter_title":null,"twitter_description":null,"schema":{"blockGraphs":[],"customGraphs":[],"default":{"data":{"Article":[],"Course":[],"Dataset":[],"FAQPage":[],"Movie":[],"Person":[],"Product":[],"ProductReview":[],"Car":[],"Recipe":[],"Service":[],"SoftwareApplication":[],"WebPage":[]},"graphName":"","isEnabled":true},"graphs":[]},"schema_type":"default","schema_type_options":null,"pillar_content":false,"robots_default":true,"robots_noindex":false,"robots_noarchive":false,"robots_nosnippet":false,"robots_nofollow":false,"robots_noimageindex":false,"robots_noodp":false,"robots_notranslate":false,"robots_max_snippet":null,"robots_max_videopreview":null,"robots_max_imagepreview":"large","priority":null,"frequency":null,"local_seo":null,"breadcrumb_settings":null,"limit_modified_date":false,"ai":null,"created":"2024-03-05 01:48:25","updated":"2026-03-03 05:02:41","seo_analyzer_scan_date":null,"focus_keyword":null,"additional_keywords":null,"truseo_locale":null},"aioseo_breadcrumb":"<div class=\"aioseo-breadcrumbs\"><span class=\"aioseo-breadcrumb\">\n\t\t\t<a href=\"https:\/\/contadoreshoy.com\" title=\"Home\">Home<\/a>\n\t\t<\/span><span class=\"aioseo-breadcrumb-separator\">&raquo;<\/span><span class=\"aioseo-breadcrumb\">\n\t\t\t<a href=\"https:\/\/contadoreshoy.com\/?cat=454\" title=\"Sin categor\u00eda\">Sin categor\u00eda<\/a>\n\t\t<\/span><span class=\"aioseo-breadcrumb-separator\">&raquo;<\/span><span class=\"aioseo-breadcrumb\">\n\t\t\tRentas de Trabajo despu\u00e9s de la ley 1819 de 2016\n\t\t<\/span><\/div>","aioseo_breadcrumb_json":[{"label":"Home","link":"https:\/\/contadoreshoy.com"},{"label":"Sin categor\u00eda","link":"https:\/\/contadoreshoy.com\/?cat=454"},{"label":"Rentas de Trabajo despu\u00e9s de la ley 1819 de 2016","link":"https:\/\/contadoreshoy.com\/?p=9468"}],"yoast_head":"<!-- This site is optimized with the Yoast SEO plugin v28.4 - https:\/\/yoast.com\/product\/yoast-seo-wordpress\/ -->\n<title>Rentas de Trabajo despu\u00e9s de la ley 1819 de 2016 - Contadores P\u00fablicos<\/title>\n<meta name=\"robots\" content=\"index, follow, max-snippet:-1, max-image-preview:large, max-video-preview:-1\" \/>\n<link rel=\"canonical\" href=\"https:\/\/contadoreshoy.com\/?p=9468\" \/>\n<meta property=\"og:locale\" content=\"es_ES\" \/>\n<meta property=\"og:type\" content=\"article\" \/>\n<meta property=\"og:title\" content=\"Rentas de Trabajo despu\u00e9s de la ley 1819 de 2016 - Contadores P\u00fablicos\" \/>\n<meta property=\"og:description\" content=\"Rentas de Trabajo despu\u00e9s de la ley 1819 de 2016 El art\u00edculo 1 de la ley 1819 de 2016, modific\u00f3 el T\u00edtulo V del Libro I del Estatuto Tributario y,&#046;&#046;&#046;\" \/>\n<meta property=\"og:url\" content=\"https:\/\/contadoreshoy.com\/?p=9468\" \/>\n<meta property=\"og:site_name\" content=\"Contadores P\u00fablicos\" \/>\n<meta property=\"article:publisher\" content=\"https:\/\/www.facebook.com\/CCCPBucaramanga\/\" \/>\n<meta property=\"article:published_time\" content=\"2017-06-09T05:27:46+00:00\" \/>\n<meta property=\"article:modified_time\" content=\"2017-06-09T21:12:19+00:00\" \/>\n<meta property=\"og:image\" content=\"https:\/\/contadoreshoy.com\/wp-content\/uploads\/2017\/06\/Rentas-de-trabajo.jpg\" \/>\n\t<meta property=\"og:image:width\" content=\"600\" \/>\n\t<meta property=\"og:image:height\" content=\"400\" \/>\n\t<meta property=\"og:image:type\" content=\"image\/jpeg\" \/>\n<meta name=\"author\" content=\"Miguel Antonio M\u00e1rquez Monta\u00f1ez\" \/>\n<meta name=\"twitter:card\" content=\"summary_large_image\" \/>\n<meta name=\"twitter:label1\" content=\"Escrito por\" \/>\n\t<meta name=\"twitter:data1\" content=\"Miguel Antonio M\u00e1rquez Monta\u00f1ez\" \/>\n\t<meta name=\"twitter:label2\" content=\"Tiempo de lectura\" \/>\n\t<meta name=\"twitter:data2\" content=\"7 minutos\" \/>\n<script type=\"application\/ld+json\" class=\"yoast-schema-graph\">{\"@context\":\"https:\\\/\\\/schema.org\",\"@graph\":[{\"@type\":\"Article\",\"@id\":\"https:\\\/\\\/contadoreshoy.com\\\/?p=9468#article\",\"isPartOf\":{\"@id\":\"https:\\\/\\\/contadoreshoy.com\\\/?p=9468\"},\"author\":{\"name\":\"Miguel Antonio M\u00e1rquez Monta\u00f1ez\",\"@id\":\"https:\\\/\\\/contadoreshoy.com\\\/#\\\/schema\\\/person\\\/96d8979cb865537c5dc9345e40089fc5\"},\"headline\":\"Rentas de Trabajo despu\u00e9s de la ley 1819 de 2016\",\"datePublished\":\"2017-06-09T05:27:46+00:00\",\"dateModified\":\"2017-06-09T21:12:19+00:00\",\"mainEntityOfPage\":{\"@id\":\"https:\\\/\\\/contadoreshoy.com\\\/?p=9468\"},\"wordCount\":1498,\"publisher\":{\"@id\":\"https:\\\/\\\/contadoreshoy.com\\\/#organization\"},\"image\":{\"@id\":\"https:\\\/\\\/contadoreshoy.com\\\/?p=9468#primaryimage\"},\"thumbnailUrl\":\"https:\\\/\\\/contadoreshoy.com\\\/wp-content\\\/uploads\\\/2017\\\/06\\\/Rentas-de-trabajo.jpg\",\"inLanguage\":\"es\"},{\"@type\":\"WebPage\",\"@id\":\"https:\\\/\\\/contadoreshoy.com\\\/?p=9468\",\"url\":\"https:\\\/\\\/contadoreshoy.com\\\/?p=9468\",\"name\":\"Rentas de Trabajo despu\u00e9s de la ley 1819 de 2016 - Contadores P\u00fablicos\",\"isPartOf\":{\"@id\":\"https:\\\/\\\/contadoreshoy.com\\\/#website\"},\"primaryImageOfPage\":{\"@id\":\"https:\\\/\\\/contadoreshoy.com\\\/?p=9468#primaryimage\"},\"image\":{\"@id\":\"https:\\\/\\\/contadoreshoy.com\\\/?p=9468#primaryimage\"},\"thumbnailUrl\":\"https:\\\/\\\/contadoreshoy.com\\\/wp-content\\\/uploads\\\/2017\\\/06\\\/Rentas-de-trabajo.jpg\",\"datePublished\":\"2017-06-09T05:27:46+00:00\",\"dateModified\":\"2017-06-09T21:12:19+00:00\",\"breadcrumb\":{\"@id\":\"https:\\\/\\\/contadoreshoy.com\\\/?p=9468#breadcrumb\"},\"inLanguage\":\"es\",\"potentialAction\":[{\"@type\":\"ReadAction\",\"target\":[\"https:\\\/\\\/contadoreshoy.com\\\/?p=9468\"]}]},{\"@type\":\"ImageObject\",\"inLanguage\":\"es\",\"@id\":\"https:\\\/\\\/contadoreshoy.com\\\/?p=9468#primaryimage\",\"url\":\"https:\\\/\\\/contadoreshoy.com\\\/wp-content\\\/uploads\\\/2017\\\/06\\\/Rentas-de-trabajo.jpg\",\"contentUrl\":\"https:\\\/\\\/contadoreshoy.com\\\/wp-content\\\/uploads\\\/2017\\\/06\\\/Rentas-de-trabajo.jpg\",\"width\":600,\"height\":400},{\"@type\":\"BreadcrumbList\",\"@id\":\"https:\\\/\\\/contadoreshoy.com\\\/?p=9468#breadcrumb\",\"itemListElement\":[{\"@type\":\"ListItem\",\"position\":1,\"name\":\"Portada\",\"item\":\"https:\\\/\\\/contadoreshoy.com\\\/\"},{\"@type\":\"ListItem\",\"position\":2,\"name\":\"Rentas de Trabajo despu\u00e9s de la ley 1819 de 2016\"}]},{\"@type\":\"WebSite\",\"@id\":\"https:\\\/\\\/contadoreshoy.com\\\/#website\",\"url\":\"https:\\\/\\\/contadoreshoy.com\\\/\",\"name\":\"Contadorespublicossantander\",\"description\":\"Portal para Contadores P\u00fablicos y empresarios\",\"publisher\":{\"@id\":\"https:\\\/\\\/contadoreshoy.com\\\/#organization\"},\"potentialAction\":[{\"@type\":\"SearchAction\",\"target\":{\"@type\":\"EntryPoint\",\"urlTemplate\":\"https:\\\/\\\/contadoreshoy.com\\\/?s={search_term_string}\"},\"query-input\":{\"@type\":\"PropertyValueSpecification\",\"valueRequired\":true,\"valueName\":\"search_term_string\"}}],\"inLanguage\":\"es\"},{\"@type\":\"Organization\",\"@id\":\"https:\\\/\\\/contadoreshoy.com\\\/#organization\",\"name\":\"Contadores P\u00fablicos de Santander\",\"url\":\"https:\\\/\\\/contadoreshoy.com\\\/\",\"logo\":{\"@type\":\"ImageObject\",\"inLanguage\":\"es\",\"@id\":\"https:\\\/\\\/contadoreshoy.com\\\/#\\\/schema\\\/logo\\\/image\\\/\",\"url\":\"https:\\\/\\\/contadoreshoy.com\\\/wp-content\\\/uploads\\\/2024\\\/01\\\/cropped-cropped-Copia-de-M-1.jpg\",\"contentUrl\":\"https:\\\/\\\/contadoreshoy.com\\\/wp-content\\\/uploads\\\/2024\\\/01\\\/cropped-cropped-Copia-de-M-1.jpg\",\"width\":499,\"height\":500,\"caption\":\"Contadores P\u00fablicos de Santander\"},\"image\":{\"@id\":\"https:\\\/\\\/contadoreshoy.com\\\/#\\\/schema\\\/logo\\\/image\\\/\"},\"sameAs\":[\"https:\\\/\\\/www.facebook.com\\\/CCCPBucaramanga\\\/\"]},{\"@type\":\"Person\",\"@id\":\"https:\\\/\\\/contadoreshoy.com\\\/#\\\/schema\\\/person\\\/96d8979cb865537c5dc9345e40089fc5\",\"name\":\"Miguel Antonio M\u00e1rquez Monta\u00f1ez\",\"description\":\"Contador P\u00fablico egresado de la Universidad Aut\u00f3noma de Bucaramanga - Asesor contable tributario con m\u00e1s de 25 a\u00f1os de experiencia - Conferencista en temas contables y tributarios - T\u00e9cnico en Hardware y Dise\u00f1o Web - Creador y director Grupo de Estudio Colegio Colombiano de Contadores P\u00fablicos de Bucaramanga - Creador y Master Web p\u00e1gina www.contadoresp\u00fablicossantander.com - Expresidente Colegio Colombiano de Contadores P\u00fablicos Bucaramanga\",\"url\":\"https:\\\/\\\/contadoreshoy.com\\\/?author=1\"}]}<\/script>\n<!-- \/ Yoast SEO plugin. -->","yoast_head_json":{"title":"Rentas de Trabajo despu\u00e9s de la ley 1819 de 2016 - Contadores P\u00fablicos","robots":{"index":"index","follow":"follow","max-snippet":"max-snippet:-1","max-image-preview":"max-image-preview:large","max-video-preview":"max-video-preview:-1"},"canonical":"https:\/\/contadoreshoy.com\/?p=9468","og_locale":"es_ES","og_type":"article","og_title":"Rentas de Trabajo despu\u00e9s de la ley 1819 de 2016 - Contadores P\u00fablicos","og_description":"Rentas de Trabajo despu\u00e9s de la ley 1819 de 2016 El art\u00edculo 1 de la ley 1819 de 2016, modific\u00f3 el T\u00edtulo V del Libro I del Estatuto Tributario y,&#46;&#46;&#46;","og_url":"https:\/\/contadoreshoy.com\/?p=9468","og_site_name":"Contadores P\u00fablicos","article_publisher":"https:\/\/www.facebook.com\/CCCPBucaramanga\/","article_published_time":"2017-06-09T05:27:46+00:00","article_modified_time":"2017-06-09T21:12:19+00:00","og_image":[{"width":600,"height":400,"url":"https:\/\/contadoreshoy.com\/wp-content\/uploads\/2017\/06\/Rentas-de-trabajo.jpg","type":"image\/jpeg"}],"author":"Miguel Antonio M\u00e1rquez Monta\u00f1ez","twitter_card":"summary_large_image","twitter_misc":{"Escrito por":"Miguel Antonio M\u00e1rquez Monta\u00f1ez","Tiempo de lectura":"7 minutos"},"schema":{"@context":"https:\/\/schema.org","@graph":[{"@type":"Article","@id":"https:\/\/contadoreshoy.com\/?p=9468#article","isPartOf":{"@id":"https:\/\/contadoreshoy.com\/?p=9468"},"author":{"name":"Miguel Antonio M\u00e1rquez Monta\u00f1ez","@id":"https:\/\/contadoreshoy.com\/#\/schema\/person\/96d8979cb865537c5dc9345e40089fc5"},"headline":"Rentas de Trabajo despu\u00e9s de la ley 1819 de 2016","datePublished":"2017-06-09T05:27:46+00:00","dateModified":"2017-06-09T21:12:19+00:00","mainEntityOfPage":{"@id":"https:\/\/contadoreshoy.com\/?p=9468"},"wordCount":1498,"publisher":{"@id":"https:\/\/contadoreshoy.com\/#organization"},"image":{"@id":"https:\/\/contadoreshoy.com\/?p=9468#primaryimage"},"thumbnailUrl":"https:\/\/contadoreshoy.com\/wp-content\/uploads\/2017\/06\/Rentas-de-trabajo.jpg","inLanguage":"es"},{"@type":"WebPage","@id":"https:\/\/contadoreshoy.com\/?p=9468","url":"https:\/\/contadoreshoy.com\/?p=9468","name":"Rentas de Trabajo despu\u00e9s de la ley 1819 de 2016 - Contadores P\u00fablicos","isPartOf":{"@id":"https:\/\/contadoreshoy.com\/#website"},"primaryImageOfPage":{"@id":"https:\/\/contadoreshoy.com\/?p=9468#primaryimage"},"image":{"@id":"https:\/\/contadoreshoy.com\/?p=9468#primaryimage"},"thumbnailUrl":"https:\/\/contadoreshoy.com\/wp-content\/uploads\/2017\/06\/Rentas-de-trabajo.jpg","datePublished":"2017-06-09T05:27:46+00:00","dateModified":"2017-06-09T21:12:19+00:00","breadcrumb":{"@id":"https:\/\/contadoreshoy.com\/?p=9468#breadcrumb"},"inLanguage":"es","potentialAction":[{"@type":"ReadAction","target":["https:\/\/contadoreshoy.com\/?p=9468"]}]},{"@type":"ImageObject","inLanguage":"es","@id":"https:\/\/contadoreshoy.com\/?p=9468#primaryimage","url":"https:\/\/contadoreshoy.com\/wp-content\/uploads\/2017\/06\/Rentas-de-trabajo.jpg","contentUrl":"https:\/\/contadoreshoy.com\/wp-content\/uploads\/2017\/06\/Rentas-de-trabajo.jpg","width":600,"height":400},{"@type":"BreadcrumbList","@id":"https:\/\/contadoreshoy.com\/?p=9468#breadcrumb","itemListElement":[{"@type":"ListItem","position":1,"name":"Portada","item":"https:\/\/contadoreshoy.com\/"},{"@type":"ListItem","position":2,"name":"Rentas de Trabajo despu\u00e9s de la ley 1819 de 2016"}]},{"@type":"WebSite","@id":"https:\/\/contadoreshoy.com\/#website","url":"https:\/\/contadoreshoy.com\/","name":"Contadorespublicossantander","description":"Portal para Contadores P\u00fablicos y empresarios","publisher":{"@id":"https:\/\/contadoreshoy.com\/#organization"},"potentialAction":[{"@type":"SearchAction","target":{"@type":"EntryPoint","urlTemplate":"https:\/\/contadoreshoy.com\/?s={search_term_string}"},"query-input":{"@type":"PropertyValueSpecification","valueRequired":true,"valueName":"search_term_string"}}],"inLanguage":"es"},{"@type":"Organization","@id":"https:\/\/contadoreshoy.com\/#organization","name":"Contadores P\u00fablicos de Santander","url":"https:\/\/contadoreshoy.com\/","logo":{"@type":"ImageObject","inLanguage":"es","@id":"https:\/\/contadoreshoy.com\/#\/schema\/logo\/image\/","url":"https:\/\/contadoreshoy.com\/wp-content\/uploads\/2024\/01\/cropped-cropped-Copia-de-M-1.jpg","contentUrl":"https:\/\/contadoreshoy.com\/wp-content\/uploads\/2024\/01\/cropped-cropped-Copia-de-M-1.jpg","width":499,"height":500,"caption":"Contadores P\u00fablicos de Santander"},"image":{"@id":"https:\/\/contadoreshoy.com\/#\/schema\/logo\/image\/"},"sameAs":["https:\/\/www.facebook.com\/CCCPBucaramanga\/"]},{"@type":"Person","@id":"https:\/\/contadoreshoy.com\/#\/schema\/person\/96d8979cb865537c5dc9345e40089fc5","name":"Miguel Antonio M\u00e1rquez Monta\u00f1ez","description":"Contador P\u00fablico egresado de la Universidad Aut\u00f3noma de Bucaramanga - Asesor contable tributario con m\u00e1s de 25 a\u00f1os de experiencia - Conferencista en temas contables y tributarios - T\u00e9cnico en Hardware y Dise\u00f1o Web - Creador y director Grupo de Estudio Colegio Colombiano de Contadores P\u00fablicos de Bucaramanga - Creador y Master Web p\u00e1gina www.contadoresp\u00fablicossantander.com - Expresidente Colegio Colombiano de Contadores P\u00fablicos Bucaramanga","url":"https:\/\/contadoreshoy.com\/?author=1"}]}},"_links":{"self":[{"href":"https:\/\/contadoreshoy.com\/index.php?rest_route=\/wp\/v2\/posts\/9468","targetHints":{"allow":["GET"]}}],"collection":[{"href":"https:\/\/contadoreshoy.com\/index.php?rest_route=\/wp\/v2\/posts"}],"about":[{"href":"https:\/\/contadoreshoy.com\/index.php?rest_route=\/wp\/v2\/types\/post"}],"author":[{"embeddable":true,"href":"https:\/\/contadoreshoy.com\/index.php?rest_route=\/wp\/v2\/users\/1"}],"replies":[{"embeddable":true,"href":"https:\/\/contadoreshoy.com\/index.php?rest_route=%2Fwp%2Fv2%2Fcomments&post=9468"}],"version-history":[{"count":8,"href":"https:\/\/contadoreshoy.com\/index.php?rest_route=\/wp\/v2\/posts\/9468\/revisions"}],"predecessor-version":[{"id":9486,"href":"https:\/\/contadoreshoy.com\/index.php?rest_route=\/wp\/v2\/posts\/9468\/revisions\/9486"}],"wp:featuredmedia":[{"embeddable":true,"href":"https:\/\/contadoreshoy.com\/index.php?rest_route=\/wp\/v2\/media\/9465"}],"wp:attachment":[{"href":"https:\/\/contadoreshoy.com\/index.php?rest_route=%2Fwp%2Fv2%2Fmedia&parent=9468"}],"wp:term":[{"taxonomy":"category","embeddable":true,"href":"https:\/\/contadoreshoy.com\/index.php?rest_route=%2Fwp%2Fv2%2Fcategories&post=9468"},{"taxonomy":"post_tag","embeddable":true,"href":"https:\/\/contadoreshoy.com\/index.php?rest_route=%2Fwp%2Fv2%2Ftags&post=9468"}],"curies":[{"name":"wp","href":"https:\/\/api.w.org\/{rel}","templated":true}]}}