{"id":9649,"date":"2017-09-06T12:18:56","date_gmt":"2017-09-06T17:18:56","guid":{"rendered":"https:\/\/contadoreshoy.com\/?p=9649"},"modified":"2017-09-07T22:23:15","modified_gmt":"2017-09-08T03:23:15","slug":"partir-julio-01-2017-cobrar-la-entrega-bolsas-plasticas-al-consumidor","status":"publish","type":"post","link":"https:\/\/contadoreshoy.com\/?p=9649","title":{"rendered":"Primera declaraci\u00f3n bimestral del Impuesto a las bolsas pl\u00e1sticas per\u00edodo julio-agosto 2017"},"content":{"rendered":"<p style=\"text-align: justify;\"><strong>De acuerdo al art\u00edculo 207 de la ley 1819 de 2016 (Reforma Tributaria), que adicion\u00f3 el art\u00edculo 512-15 del Estatuto Tributario, a partir del primero (1) de julio de 2017, la entrega a cualquier t\u00edtulo de bolsas pl\u00e1sticas cuya finalidad sea cargar o llevar productos enajenados por los establecimientos comerciales, generar\u00e1n el \u00abImpuesto Nacional al Consumo de Bolsas pl\u00e1sticas\u00bb<span style=\"color: #0000ff;\"> a cargo del cliente<\/span>.<\/strong><\/p>\n<p style=\"text-align: justify;\">La tarifa del impuesto ser\u00e1 la siguiente:<\/p>\n<table style=\"height: 145px; width: 348px;\">\n<tbody>\n<tr>\n<td style=\"width: 72px; text-align: center;\">A\u00d1O<\/td>\n<td style=\"width: 260px; text-align: center;\">TARIFA EN PESOS POR BOLSA<\/td>\n<\/tr>\n<tr>\n<td style=\"width: 72px; text-align: center;\">2017<\/td>\n<td style=\"width: 260px; text-align: center;\">$20<\/td>\n<\/tr>\n<tr>\n<td style=\"width: 72px; text-align: center;\">2018<\/td>\n<td style=\"width: 260px; text-align: center;\">$30<\/td>\n<\/tr>\n<tr>\n<td style=\"width: 72px; text-align: center;\">2019<\/td>\n<td style=\"width: 260px; text-align: center;\">$40<\/td>\n<\/tr>\n<tr>\n<td style=\"width: 72px; text-align: center;\">2020<\/td>\n<td style=\"width: 260px; text-align: center;\">$50<\/td>\n<\/tr>\n<\/tbody>\n<\/table>\n<p style=\"text-align: justify;\"><span style=\"color: #0000ff;\">El sujeto pasivo del impuesto es la persona que opte por recibir bolsas pl\u00e1sticas cuya finalidad sea cargar o llevar los productos adquiridos en establecimientos de comercio (incluye domicilios).<\/span><\/p>\n<p style=\"text-align: justify;\"><span style=\"color: #ff6600;\">Son responsables de este impuesto las personas naturales o jur\u00eddicas que pertenezcan al r\u00e9gimen com\u00fan de IVA.<\/span><\/p>\n<p style=\"text-align: justify;\">Este impuesto no podr\u00e1 tratarse como costo, deducci\u00f3n o impuesto descontable.<\/p>\n<p style=\"text-align: justify;\"><span style=\"color: #0000ff;\">El impuesto se causar\u00e1 al momento de la entrega de la bolsa. En todos los casos, en la factura de compra o documento equivalente deber\u00e1 constar expresamente el n\u00famero de bolsas y el valor del impuesto causado.<\/span><\/p>\n<p style=\"text-align: justify;\">No est\u00e1 sujeta a este impuesto la entrega de las siguientes bolsas pl\u00e1sticas:<\/p>\n<ol style=\"text-align: justify;\">\n<li>Aquellas cuya finalidad no sea cargar o llevar productos adquiridos en el establecimiento que la entrega.<\/li>\n<li>Las que sean utilizadas como material de empaque de los productos pre-empacados<\/li>\n<li>Las biodegradables certificadas como tal por el Ministerio de Medio Ambiente y Desarrollo Sostenible, con base en la reglamentaci\u00f3n que establezca el Gobierno Nacional.<\/li>\n<li>Las bolsas reutilizables que conforme a la reglamentaci\u00f3n del Gobierno Nacional posean unas caracter\u00edsticas t\u00e9cnicas y mec\u00e1nicas que permiten ser usadas varias veces, sin que para ello requieran procesos de transformaci\u00f3n.<\/li>\n<\/ol>\n<p><strong><span style=\"color: #ff0000;\">El Impuesto Nacional al consumo de bolsas pl\u00e1sticas debe declararse en el formato 310 (Declaraci\u00f3n Impuesto Nacional al Consumo), y se deben diligenciar los renglones del 40 al 44.<\/span><\/strong><\/p>\n<p><strong><span style=\"color: #0000ff;\">La declaraci\u00f3n del Impuesto Nacional al consumo de bolsas pl\u00e1sticas es bimestral.<\/span><\/strong><\/p>\n<p>Este impuesto no se puede tomar como costo ni como deducci\u00f3n.<\/p>\n<p style=\"text-align: justify;\"><span style=\"text-decoration: underline;\"><strong><span style=\"color: #ff0000; text-decoration: underline;\">Si el contribuyente contablemente trata el valor de la bolsa como un gasto, su entrega gratuita estar\u00eda gravada con IVA. Se debe determinar el costo estimado de la bolsa y sobre este valor se liquida el IVA del 19%. En la factura de venta se relaciona el n\u00famero de bolsas entregadas y se factura como impuesto al consumo de bolsas pl\u00e1sticas, la suma de $20 por cada una, al igual que se factura el valor del IVA del 19% sobre el costo estimado de las bolsas.<\/span><\/strong><\/span><\/p>\n<p><span style=\"text-decoration: underline;\"><strong><span style=\"color: #0000ff; text-decoration: underline;\">Cuenta sugerida para registrar el gasto:<\/span><\/strong><\/span><\/p>\n<p>&nbsp; &nbsp; &nbsp;5115 &nbsp; &nbsp; &nbsp; &nbsp; &nbsp; &nbsp; &nbsp;Impuestos<\/p>\n<p>&nbsp; &nbsp; &nbsp;511595 &nbsp; &nbsp; &nbsp; &nbsp; Otros &nbsp;<\/p>\n<p>&nbsp; &nbsp; &nbsp;51159502 &nbsp; &nbsp; Impuesto a las bolsas pl\u00e1sticas<\/p>\n<p><span style=\"text-decoration: underline;\"><span style=\"color: #0000ff;\"><strong>Cuenta sugerida para registrar la obligaci\u00f3n:<\/strong><\/span><\/span><\/p>\n<p>&nbsp; &nbsp; &nbsp; 2495 &nbsp; &nbsp; &nbsp; &nbsp; &nbsp; &nbsp; Otros<\/p>\n<p>&nbsp; &nbsp; &nbsp; 249502 &nbsp; &nbsp; &nbsp; &nbsp; Impuesto a las bolsas pl\u00e1sticas &nbsp; &nbsp; &nbsp; &nbsp;<\/p>\n<p style=\"text-align: justify;\"><span style=\"text-decoration: underline; font-size: 14pt;\"><strong>Normas de referencia:<\/strong><\/span><\/p>\n<p style=\"text-align: justify;\">&nbsp; &nbsp; &nbsp;<span style=\"font-size: 14pt;\"><strong>Art\u00edculos<a href=\"http:\/\/www.dian.gov.co\/dian\/15servicios.nsf\/0108fdc3639d83ff05256f0b006abb3d\/73edabc9e016ca630525813a006f255d?OpenDocument\" target=\"_blank\" rel=\"noopener\"> 512-15<\/a> y <a href=\"http:\/\/www.dian.gov.co\/dian\/15servicios.nsf\/0108fdc3639d83ff05256f0b006abb3d\/54fad0e8cfdd9ff60525813a006fc51d?OpenDocument\" target=\"_blank\" rel=\"noopener\">512-16<\/a> del Estatuto Tributario<\/strong><\/span><\/p>\n<p><span style=\"font-size: 14pt;\"><strong>&nbsp; &nbsp; &nbsp;<a href=\"http:\/\/www.dian.gov.co\/descargas\/centrales\/2017\/Abece_Impuesto_bolsas.pdf\" target=\"_blank\" rel=\"noopener\">Abec\u00e9 del Impuesto al Consumo de Bolsas Pl\u00e1sticas &#8211; DIAN<\/a><\/strong><\/span><\/p>\n<p><span style=\"font-size: 14pt;\"><strong>&nbsp; &nbsp; &nbsp;<a href=\"http:\/\/www.dian.gov.co\/descargas\/Formularios\/2017\/310_2017.pdf\" target=\"_blank\" rel=\"noopener\">Formato 310<\/a><\/strong><\/span><\/p>\n<p>&nbsp;<\/p>\n","protected":false},"excerpt":{"rendered":"<p>De acuerdo al art\u00edculo 207 de la ley 1819 de 2016 (Reforma Tributaria), que adicion\u00f3 el art\u00edculo 512-15 del Estatuto Tributario, a partir del primero (1) de julio de 2017,&#46;&#46;&#46;<\/p>\n","protected":false},"author":1,"featured_media":9650,"comment_status":"closed","ping_status":"open","sticky":false,"template":"","format":"standard","meta":{"_monsterinsights_skip_tracking":false,"ngg_post_thumbnail":0,"footnotes":"","_links_to":"","_links_to_target":""},"categories":[454],"tags":[],"class_list":["post-9649","post","type-post","status-publish","format-standard","has-post-thumbnail","hentry","category-sin-categoria"],"aioseo_notices":[],"aioseo_head":"\n\t\t<!-- All in One SEO 5.0.1.1 - aioseo.com -->\n\t<meta name=\"description\" content=\"De acuerdo al art\u00edculo 207 de la ley 1819 de 2016 (Reforma Tributaria), que adicion\u00f3 el art\u00edculo 512-15 del Estatuto Tributario, a partir del primero (1) de julio de 2017, la entrega a cualquier t\u00edtulo de bolsas pl\u00e1sticas cuya finalidad sea cargar o llevar productos enajenados por los establecimientos comerciales, generar\u00e1n el &quot;Impuesto Nacional al\" \/>\n\t<meta name=\"robots\" content=\"max-image-preview:large\" \/>\n\t<meta name=\"author\" content=\"Miguel Antonio M\u00e1rquez Monta\u00f1ez\"\/>\n\t<link rel=\"canonical\" href=\"https:\/\/contadoreshoy.com\/?p=9649\" \/>\n\t<meta name=\"generator\" content=\"All in One SEO (AIOSEO) 5.0.1.1\" \/>\n\t\t<meta property=\"og:locale\" content=\"es_ES\" \/>\n\t\t<meta property=\"og:site_name\" content=\"Contadores P\u00fablicos - Portal para Contadores P\u00fablicos y empresarios\" \/>\n\t\t<meta property=\"og:type\" content=\"article\" \/>\n\t\t<meta property=\"og:title\" content=\"Primera declaraci\u00f3n bimestral del Impuesto a las bolsas pl\u00e1sticas per\u00edodo julio-agosto 2017 - Contadores P\u00fablicos\" \/>\n\t\t<meta property=\"og:description\" content=\"De acuerdo al art\u00edculo 207 de la ley 1819 de 2016 (Reforma Tributaria), que adicion\u00f3 el art\u00edculo 512-15 del Estatuto Tributario, a partir del primero (1) de julio de 2017, la entrega a cualquier t\u00edtulo de bolsas pl\u00e1sticas cuya finalidad sea cargar o llevar productos enajenados por los establecimientos comerciales, generar\u00e1n el &quot;Impuesto Nacional al\" \/>\n\t\t<meta property=\"og:url\" content=\"https:\/\/contadoreshoy.com\/?p=9649\" \/>\n\t\t<meta property=\"og:image\" content=\"https:\/\/contadoreshoy.com\/wp-content\/uploads\/2024\/01\/cropped-cropped-cropped-Copia-de-M.jpg\" \/>\n\t\t<meta property=\"og:image:secure_url\" content=\"https:\/\/contadoreshoy.com\/wp-content\/uploads\/2024\/01\/cropped-cropped-cropped-Copia-de-M.jpg\" \/>\n\t\t<meta property=\"og:image:width\" content=\"512\" \/>\n\t\t<meta property=\"og:image:height\" content=\"371\" \/>\n\t\t<meta property=\"article:published_time\" content=\"2017-09-06T17:18:56+00:00\" \/>\n\t\t<meta property=\"article:modified_time\" content=\"2017-09-08T03:23:15+00:00\" \/>\n\t\t<meta name=\"twitter:card\" content=\"summary_large_image\" \/>\n\t\t<meta name=\"twitter:title\" content=\"Primera declaraci\u00f3n bimestral del Impuesto a las bolsas pl\u00e1sticas per\u00edodo julio-agosto 2017 - Contadores P\u00fablicos\" \/>\n\t\t<meta name=\"twitter:description\" content=\"De acuerdo al art\u00edculo 207 de la ley 1819 de 2016 (Reforma Tributaria), que adicion\u00f3 el art\u00edculo 512-15 del Estatuto Tributario, a partir del primero (1) de julio de 2017, la entrega a cualquier t\u00edtulo de bolsas pl\u00e1sticas cuya finalidad sea cargar o llevar productos enajenados por los establecimientos comerciales, generar\u00e1n el &quot;Impuesto Nacional al\" \/>\n\t\t<meta name=\"twitter:image\" content=\"https:\/\/contadoreshoy.com\/wp-content\/uploads\/2024\/01\/cropped-cropped-cropped-Copia-de-M.jpg\" \/>\n\t\t<script type=\"application\/ld+json\" class=\"aioseo-schema\">\n\t\t\t{\"@context\":\"https:\\\/\\\/schema.org\",\"@graph\":[{\"@type\":\"BlogPosting\",\"@id\":\"https:\\\/\\\/contadoreshoy.com\\\/?p=9649#blogposting\",\"name\":\"Primera declaraci\\u00f3n bimestral del Impuesto a las bolsas pl\\u00e1sticas per\\u00edodo julio-agosto 2017 - Contadores P\\u00fablicos\",\"headline\":\"Primera declaraci\\u00f3n bimestral del Impuesto a las bolsas pl\\u00e1sticas per\\u00edodo julio-agosto 2017\",\"author\":{\"@id\":\"https:\\\/\\\/contadoreshoy.com\\\/?author=1#author\"},\"publisher\":{\"@id\":\"https:\\\/\\\/contadoreshoy.com\\\/#organization\"},\"image\":{\"@type\":\"ImageObject\",\"url\":\"https:\\\/\\\/contadoreshoy.com\\\/wp-content\\\/uploads\\\/2017\\\/06\\\/bolsas-plasticas.jpg\",\"width\":600,\"height\":400},\"datePublished\":\"2017-09-06T12:18:56-05:00\",\"dateModified\":\"2017-09-07T22:23:15-05:00\",\"inLanguage\":\"es-ES\",\"mainEntityOfPage\":{\"@id\":\"https:\\\/\\\/contadoreshoy.com\\\/?p=9649#webpage\"},\"isPartOf\":{\"@id\":\"https:\\\/\\\/contadoreshoy.com\\\/?p=9649#webpage\"},\"articleSection\":\"Sin categor\\u00eda\"},{\"@type\":\"BreadcrumbList\",\"@id\":\"https:\\\/\\\/contadoreshoy.com\\\/?p=9649#breadcrumblist\",\"itemListElement\":[{\"@type\":\"ListItem\",\"@id\":\"https:\\\/\\\/contadoreshoy.com#listItem\",\"position\":1,\"name\":\"Home\",\"item\":\"https:\\\/\\\/contadoreshoy.com\",\"nextItem\":{\"@type\":\"ListItem\",\"@id\":\"https:\\\/\\\/contadoreshoy.com\\\/?cat=454#listItem\",\"name\":\"Sin categor\\u00eda\"}},{\"@type\":\"ListItem\",\"@id\":\"https:\\\/\\\/contadoreshoy.com\\\/?cat=454#listItem\",\"position\":2,\"name\":\"Sin categor\\u00eda\",\"item\":\"https:\\\/\\\/contadoreshoy.com\\\/?cat=454\",\"nextItem\":{\"@type\":\"ListItem\",\"@id\":\"https:\\\/\\\/contadoreshoy.com\\\/?p=9649#listItem\",\"name\":\"Primera declaraci\\u00f3n bimestral del Impuesto a las bolsas pl\\u00e1sticas per\\u00edodo julio-agosto 2017\"},\"previousItem\":{\"@type\":\"ListItem\",\"@id\":\"https:\\\/\\\/contadoreshoy.com#listItem\",\"name\":\"Home\"}},{\"@type\":\"ListItem\",\"@id\":\"https:\\\/\\\/contadoreshoy.com\\\/?p=9649#listItem\",\"position\":3,\"name\":\"Primera declaraci\\u00f3n bimestral del Impuesto a las bolsas pl\\u00e1sticas per\\u00edodo julio-agosto 2017\",\"previousItem\":{\"@type\":\"ListItem\",\"@id\":\"https:\\\/\\\/contadoreshoy.com\\\/?cat=454#listItem\",\"name\":\"Sin categor\\u00eda\"}}]},{\"@type\":\"Organization\",\"@id\":\"https:\\\/\\\/contadoreshoy.com\\\/#organization\",\"name\":\"Contadores P\\u00fablicos\",\"description\":\"Portal para Contadores P\\u00fablicos y empresarios\",\"url\":\"https:\\\/\\\/contadoreshoy.com\\\/\",\"logo\":{\"@type\":\"ImageObject\",\"url\":\"https:\\\/\\\/contadoreshoy.com\\\/wp-content\\\/uploads\\\/2024\\\/01\\\/cropped-cropped-Copia-de-M-1.jpg\",\"@id\":\"https:\\\/\\\/contadoreshoy.com\\\/?p=9649\\\/#organizationLogo\",\"width\":499,\"height\":500},\"image\":{\"@id\":\"https:\\\/\\\/contadoreshoy.com\\\/?p=9649\\\/#organizationLogo\"}},{\"@type\":\"Person\",\"@id\":\"https:\\\/\\\/contadoreshoy.com\\\/?author=1#author\",\"url\":\"https:\\\/\\\/contadoreshoy.com\\\/?author=1\",\"name\":\"Miguel Antonio M\\u00e1rquez Monta\\u00f1ez\"},{\"@type\":\"WebPage\",\"@id\":\"https:\\\/\\\/contadoreshoy.com\\\/?p=9649#webpage\",\"url\":\"https:\\\/\\\/contadoreshoy.com\\\/?p=9649\",\"name\":\"Primera declaraci\\u00f3n bimestral del Impuesto a las bolsas pl\\u00e1sticas per\\u00edodo julio-agosto 2017 - Contadores P\\u00fablicos\",\"description\":\"De acuerdo al art\\u00edculo 207 de la ley 1819 de 2016 (Reforma Tributaria), que adicion\\u00f3 el art\\u00edculo 512-15 del Estatuto Tributario, a partir del primero (1) de julio de 2017, la entrega a cualquier t\\u00edtulo de bolsas pl\\u00e1sticas cuya finalidad sea cargar o llevar productos enajenados por los establecimientos comerciales, generar\\u00e1n el \\\"Impuesto Nacional al\",\"inLanguage\":\"es-ES\",\"isPartOf\":{\"@id\":\"https:\\\/\\\/contadoreshoy.com\\\/#website\"},\"breadcrumb\":{\"@id\":\"https:\\\/\\\/contadoreshoy.com\\\/?p=9649#breadcrumblist\"},\"author\":{\"@id\":\"https:\\\/\\\/contadoreshoy.com\\\/?author=1#author\"},\"creator\":{\"@id\":\"https:\\\/\\\/contadoreshoy.com\\\/?author=1#author\"},\"image\":{\"@type\":\"ImageObject\",\"url\":\"https:\\\/\\\/contadoreshoy.com\\\/wp-content\\\/uploads\\\/2017\\\/06\\\/bolsas-plasticas.jpg\",\"@id\":\"https:\\\/\\\/contadoreshoy.com\\\/?p=9649\\\/#mainImage\",\"width\":600,\"height\":400},\"primaryImageOfPage\":{\"@id\":\"https:\\\/\\\/contadoreshoy.com\\\/?p=9649#mainImage\"},\"datePublished\":\"2017-09-06T12:18:56-05:00\",\"dateModified\":\"2017-09-07T22:23:15-05:00\"},{\"@type\":\"WebSite\",\"@id\":\"https:\\\/\\\/contadoreshoy.com\\\/#website\",\"url\":\"https:\\\/\\\/contadoreshoy.com\\\/\",\"name\":\"Contadores P\\u00fablicos\",\"description\":\"Portal para Contadores P\\u00fablicos y empresarios\",\"inLanguage\":\"es-ES\",\"publisher\":{\"@id\":\"https:\\\/\\\/contadoreshoy.com\\\/#organization\"}}]}\n\t\t<\/script>\n\t\t<!-- All in One SEO -->\n\n","aioseo_head_json":{"title":"Primera declaraci\u00f3n bimestral del Impuesto a las bolsas pl\u00e1sticas per\u00edodo julio-agosto 2017 - Contadores P\u00fablicos","description":"De acuerdo al art\u00edculo 207 de la ley 1819 de 2016 (Reforma Tributaria), que adicion\u00f3 el art\u00edculo 512-15 del Estatuto Tributario, a partir del primero (1) de julio de 2017, la entrega a cualquier t\u00edtulo de bolsas pl\u00e1sticas cuya finalidad sea cargar o llevar productos enajenados por los establecimientos comerciales, generar\u00e1n el \"Impuesto Nacional al","canonical_url":"https:\/\/contadoreshoy.com\/?p=9649","robots":"max-image-preview:large","keywords":"","webmasterTools":{"miscellaneous":""},"schema":{"@context":"https:\/\/schema.org","@graph":[{"@type":"BlogPosting","@id":"https:\/\/contadoreshoy.com\/?p=9649#blogposting","name":"Primera declaraci\u00f3n bimestral del Impuesto a las bolsas pl\u00e1sticas per\u00edodo julio-agosto 2017 - Contadores P\u00fablicos","headline":"Primera declaraci\u00f3n bimestral del Impuesto a las bolsas pl\u00e1sticas per\u00edodo julio-agosto 2017","author":{"@id":"https:\/\/contadoreshoy.com\/?author=1#author"},"publisher":{"@id":"https:\/\/contadoreshoy.com\/#organization"},"image":{"@type":"ImageObject","url":"https:\/\/contadoreshoy.com\/wp-content\/uploads\/2017\/06\/bolsas-plasticas.jpg","width":600,"height":400},"datePublished":"2017-09-06T12:18:56-05:00","dateModified":"2017-09-07T22:23:15-05:00","inLanguage":"es-ES","mainEntityOfPage":{"@id":"https:\/\/contadoreshoy.com\/?p=9649#webpage"},"isPartOf":{"@id":"https:\/\/contadoreshoy.com\/?p=9649#webpage"},"articleSection":"Sin categor\u00eda"},{"@type":"BreadcrumbList","@id":"https:\/\/contadoreshoy.com\/?p=9649#breadcrumblist","itemListElement":[{"@type":"ListItem","@id":"https:\/\/contadoreshoy.com#listItem","position":1,"name":"Home","item":"https:\/\/contadoreshoy.com","nextItem":{"@type":"ListItem","@id":"https:\/\/contadoreshoy.com\/?cat=454#listItem","name":"Sin categor\u00eda"}},{"@type":"ListItem","@id":"https:\/\/contadoreshoy.com\/?cat=454#listItem","position":2,"name":"Sin categor\u00eda","item":"https:\/\/contadoreshoy.com\/?cat=454","nextItem":{"@type":"ListItem","@id":"https:\/\/contadoreshoy.com\/?p=9649#listItem","name":"Primera declaraci\u00f3n bimestral del Impuesto a las bolsas pl\u00e1sticas per\u00edodo julio-agosto 2017"},"previousItem":{"@type":"ListItem","@id":"https:\/\/contadoreshoy.com#listItem","name":"Home"}},{"@type":"ListItem","@id":"https:\/\/contadoreshoy.com\/?p=9649#listItem","position":3,"name":"Primera declaraci\u00f3n bimestral del Impuesto a las bolsas pl\u00e1sticas per\u00edodo julio-agosto 2017","previousItem":{"@type":"ListItem","@id":"https:\/\/contadoreshoy.com\/?cat=454#listItem","name":"Sin categor\u00eda"}}]},{"@type":"Organization","@id":"https:\/\/contadoreshoy.com\/#organization","name":"Contadores P\u00fablicos","description":"Portal para Contadores P\u00fablicos y empresarios","url":"https:\/\/contadoreshoy.com\/","logo":{"@type":"ImageObject","url":"https:\/\/contadoreshoy.com\/wp-content\/uploads\/2024\/01\/cropped-cropped-Copia-de-M-1.jpg","@id":"https:\/\/contadoreshoy.com\/?p=9649\/#organizationLogo","width":499,"height":500},"image":{"@id":"https:\/\/contadoreshoy.com\/?p=9649\/#organizationLogo"}},{"@type":"Person","@id":"https:\/\/contadoreshoy.com\/?author=1#author","url":"https:\/\/contadoreshoy.com\/?author=1","name":"Miguel Antonio M\u00e1rquez Monta\u00f1ez"},{"@type":"WebPage","@id":"https:\/\/contadoreshoy.com\/?p=9649#webpage","url":"https:\/\/contadoreshoy.com\/?p=9649","name":"Primera declaraci\u00f3n bimestral del Impuesto a las bolsas pl\u00e1sticas per\u00edodo julio-agosto 2017 - Contadores P\u00fablicos","description":"De acuerdo al art\u00edculo 207 de la ley 1819 de 2016 (Reforma Tributaria), que adicion\u00f3 el art\u00edculo 512-15 del Estatuto Tributario, a partir del primero (1) de julio de 2017, la entrega a cualquier t\u00edtulo de bolsas pl\u00e1sticas cuya finalidad sea cargar o llevar productos enajenados por los establecimientos comerciales, generar\u00e1n el \"Impuesto Nacional al","inLanguage":"es-ES","isPartOf":{"@id":"https:\/\/contadoreshoy.com\/#website"},"breadcrumb":{"@id":"https:\/\/contadoreshoy.com\/?p=9649#breadcrumblist"},"author":{"@id":"https:\/\/contadoreshoy.com\/?author=1#author"},"creator":{"@id":"https:\/\/contadoreshoy.com\/?author=1#author"},"image":{"@type":"ImageObject","url":"https:\/\/contadoreshoy.com\/wp-content\/uploads\/2017\/06\/bolsas-plasticas.jpg","@id":"https:\/\/contadoreshoy.com\/?p=9649\/#mainImage","width":600,"height":400},"primaryImageOfPage":{"@id":"https:\/\/contadoreshoy.com\/?p=9649#mainImage"},"datePublished":"2017-09-06T12:18:56-05:00","dateModified":"2017-09-07T22:23:15-05:00"},{"@type":"WebSite","@id":"https:\/\/contadoreshoy.com\/#website","url":"https:\/\/contadoreshoy.com\/","name":"Contadores P\u00fablicos","description":"Portal para Contadores P\u00fablicos y empresarios","inLanguage":"es-ES","publisher":{"@id":"https:\/\/contadoreshoy.com\/#organization"}}]},"og:locale":"es_ES","og:site_name":"Contadores P\u00fablicos - Portal para Contadores P\u00fablicos y empresarios","og:type":"article","og:title":"Primera declaraci\u00f3n bimestral del Impuesto a las bolsas pl\u00e1sticas per\u00edodo julio-agosto 2017 - Contadores P\u00fablicos","og:description":"De acuerdo al art\u00edculo 207 de la ley 1819 de 2016 (Reforma Tributaria), que adicion\u00f3 el art\u00edculo 512-15 del Estatuto Tributario, a partir del primero (1) de julio de 2017, la entrega a cualquier t\u00edtulo de bolsas pl\u00e1sticas cuya finalidad sea cargar o llevar productos enajenados por los establecimientos comerciales, generar\u00e1n el &quot;Impuesto Nacional al","og:url":"https:\/\/contadoreshoy.com\/?p=9649","og:image":"https:\/\/contadoreshoy.com\/wp-content\/uploads\/2024\/01\/cropped-cropped-cropped-Copia-de-M.jpg","og:image:secure_url":"https:\/\/contadoreshoy.com\/wp-content\/uploads\/2024\/01\/cropped-cropped-cropped-Copia-de-M.jpg","og:image:width":512,"og:image:height":371,"article:published_time":"2017-09-06T17:18:56+00:00","article:modified_time":"2017-09-08T03:23:15+00:00","twitter:card":"summary_large_image","twitter:title":"Primera declaraci\u00f3n bimestral del Impuesto a las bolsas pl\u00e1sticas per\u00edodo julio-agosto 2017 - Contadores P\u00fablicos","twitter:description":"De acuerdo al art\u00edculo 207 de la ley 1819 de 2016 (Reforma Tributaria), que adicion\u00f3 el art\u00edculo 512-15 del Estatuto Tributario, a partir del primero (1) de julio de 2017, la entrega a cualquier t\u00edtulo de bolsas pl\u00e1sticas cuya finalidad sea cargar o llevar productos enajenados por los establecimientos comerciales, generar\u00e1n el &quot;Impuesto Nacional al","twitter:image":"https:\/\/contadoreshoy.com\/wp-content\/uploads\/2024\/01\/cropped-cropped-cropped-Copia-de-M.jpg"},"aioseo_meta_data":{"post_id":"9649","title":null,"description":null,"keywords":null,"keyphrases":null,"primary_term":null,"canonical_url":null,"og_title":null,"og_description":null,"og_object_type":"default","og_image_type":"default","og_image_url":null,"og_image_width":null,"og_image_height":null,"og_image_custom_url":null,"og_image_custom_fields":null,"og_video":null,"og_custom_url":null,"og_article_section":null,"og_article_tags":null,"twitter_use_og":false,"twitter_card":"default","twitter_image_type":"default","twitter_image_url":null,"twitter_image_custom_url":null,"twitter_image_custom_fields":null,"twitter_title":null,"twitter_description":null,"schema":{"blockGraphs":[],"customGraphs":[],"default":{"data":{"Article":[],"Course":[],"Dataset":[],"FAQPage":[],"Movie":[],"Person":[],"Product":[],"ProductReview":[],"Car":[],"Recipe":[],"Service":[],"SoftwareApplication":[],"WebPage":[]},"graphName":"","isEnabled":true},"graphs":[]},"schema_type":"default","schema_type_options":null,"pillar_content":false,"robots_default":true,"robots_noindex":false,"robots_noarchive":false,"robots_nosnippet":false,"robots_nofollow":false,"robots_noimageindex":false,"robots_noodp":false,"robots_notranslate":false,"robots_max_snippet":null,"robots_max_videopreview":null,"robots_max_imagepreview":"large","priority":null,"frequency":null,"local_seo":null,"breadcrumb_settings":null,"limit_modified_date":false,"ai":null,"created":"2024-03-05 01:50:54","updated":"2026-03-03 05:05:06","seo_analyzer_scan_date":null,"focus_keyword":null,"additional_keywords":null,"truseo_locale":null},"aioseo_breadcrumb":"<div class=\"aioseo-breadcrumbs\"><span class=\"aioseo-breadcrumb\">\n\t\t\t<a href=\"https:\/\/contadoreshoy.com\" title=\"Home\">Home<\/a>\n\t\t<\/span><span class=\"aioseo-breadcrumb-separator\">&raquo;<\/span><span class=\"aioseo-breadcrumb\">\n\t\t\t<a href=\"https:\/\/contadoreshoy.com\/?cat=454\" title=\"Sin categor\u00eda\">Sin categor\u00eda<\/a>\n\t\t<\/span><span class=\"aioseo-breadcrumb-separator\">&raquo;<\/span><span class=\"aioseo-breadcrumb\">\n\t\t\tPrimera declaraci\u00f3n bimestral del Impuesto a las bolsas pl\u00e1sticas per\u00edodo julio-agosto 2017\n\t\t<\/span><\/div>","aioseo_breadcrumb_json":[{"label":"Home","link":"https:\/\/contadoreshoy.com"},{"label":"Sin categor\u00eda","link":"https:\/\/contadoreshoy.com\/?cat=454"},{"label":"Primera declaraci\u00f3n bimestral del Impuesto a las bolsas pl\u00e1sticas per\u00edodo julio-agosto 2017","link":"https:\/\/contadoreshoy.com\/?p=9649"}],"yoast_head":"<!-- This site is optimized with the Yoast SEO plugin v28.4 - https:\/\/yoast.com\/product\/yoast-seo-wordpress\/ -->\n<title>Primera declaraci\u00f3n bimestral del Impuesto a las bolsas pl\u00e1sticas per\u00edodo julio-agosto 2017 - Contadores P\u00fablicos<\/title>\n<meta name=\"robots\" content=\"index, follow, max-snippet:-1, max-image-preview:large, max-video-preview:-1\" \/>\n<link rel=\"canonical\" href=\"https:\/\/contadoreshoy.com\/?p=9649\" \/>\n<meta property=\"og:locale\" content=\"es_ES\" \/>\n<meta property=\"og:type\" content=\"article\" \/>\n<meta property=\"og:title\" content=\"Primera declaraci\u00f3n bimestral del Impuesto a las bolsas pl\u00e1sticas per\u00edodo julio-agosto 2017 - Contadores P\u00fablicos\" \/>\n<meta property=\"og:description\" content=\"De acuerdo al art\u00edculo 207 de la ley 1819 de 2016 (Reforma Tributaria), que adicion\u00f3 el art\u00edculo 512-15 del Estatuto Tributario, a partir del primero (1) de julio de 2017,&#046;&#046;&#046;\" \/>\n<meta property=\"og:url\" content=\"https:\/\/contadoreshoy.com\/?p=9649\" \/>\n<meta property=\"og:site_name\" content=\"Contadores P\u00fablicos\" \/>\n<meta property=\"article:publisher\" content=\"https:\/\/www.facebook.com\/CCCPBucaramanga\/\" \/>\n<meta property=\"article:published_time\" content=\"2017-09-06T17:18:56+00:00\" \/>\n<meta property=\"article:modified_time\" content=\"2017-09-08T03:23:15+00:00\" \/>\n<meta property=\"og:image\" content=\"https:\/\/contadoreshoy.com\/wp-content\/uploads\/2017\/06\/bolsas-plasticas.jpg\" \/>\n\t<meta property=\"og:image:width\" content=\"600\" \/>\n\t<meta property=\"og:image:height\" content=\"400\" \/>\n\t<meta property=\"og:image:type\" content=\"image\/jpeg\" \/>\n<meta name=\"author\" content=\"Miguel Antonio M\u00e1rquez Monta\u00f1ez\" \/>\n<meta name=\"twitter:card\" content=\"summary_large_image\" \/>\n<meta name=\"twitter:label1\" content=\"Escrito por\" \/>\n\t<meta name=\"twitter:data1\" content=\"Miguel Antonio M\u00e1rquez Monta\u00f1ez\" \/>\n\t<meta name=\"twitter:label2\" content=\"Tiempo de lectura\" \/>\n\t<meta name=\"twitter:data2\" content=\"3 minutos\" \/>\n<script type=\"application\/ld+json\" class=\"yoast-schema-graph\">{\"@context\":\"https:\\\/\\\/schema.org\",\"@graph\":[{\"@type\":\"Article\",\"@id\":\"https:\\\/\\\/contadoreshoy.com\\\/?p=9649#article\",\"isPartOf\":{\"@id\":\"https:\\\/\\\/contadoreshoy.com\\\/?p=9649\"},\"author\":{\"name\":\"Miguel Antonio M\u00e1rquez Monta\u00f1ez\",\"@id\":\"https:\\\/\\\/contadoreshoy.com\\\/#\\\/schema\\\/person\\\/96d8979cb865537c5dc9345e40089fc5\"},\"headline\":\"Primera declaraci\u00f3n bimestral del Impuesto a las bolsas pl\u00e1sticas per\u00edodo julio-agosto 2017\",\"datePublished\":\"2017-09-06T17:18:56+00:00\",\"dateModified\":\"2017-09-08T03:23:15+00:00\",\"mainEntityOfPage\":{\"@id\":\"https:\\\/\\\/contadoreshoy.com\\\/?p=9649\"},\"wordCount\":539,\"publisher\":{\"@id\":\"https:\\\/\\\/contadoreshoy.com\\\/#organization\"},\"image\":{\"@id\":\"https:\\\/\\\/contadoreshoy.com\\\/?p=9649#primaryimage\"},\"thumbnailUrl\":\"https:\\\/\\\/contadoreshoy.com\\\/wp-content\\\/uploads\\\/2017\\\/06\\\/bolsas-plasticas.jpg\",\"inLanguage\":\"es\"},{\"@type\":\"WebPage\",\"@id\":\"https:\\\/\\\/contadoreshoy.com\\\/?p=9649\",\"url\":\"https:\\\/\\\/contadoreshoy.com\\\/?p=9649\",\"name\":\"Primera declaraci\u00f3n bimestral del Impuesto a las bolsas pl\u00e1sticas per\u00edodo julio-agosto 2017 - Contadores P\u00fablicos\",\"isPartOf\":{\"@id\":\"https:\\\/\\\/contadoreshoy.com\\\/#website\"},\"primaryImageOfPage\":{\"@id\":\"https:\\\/\\\/contadoreshoy.com\\\/?p=9649#primaryimage\"},\"image\":{\"@id\":\"https:\\\/\\\/contadoreshoy.com\\\/?p=9649#primaryimage\"},\"thumbnailUrl\":\"https:\\\/\\\/contadoreshoy.com\\\/wp-content\\\/uploads\\\/2017\\\/06\\\/bolsas-plasticas.jpg\",\"datePublished\":\"2017-09-06T17:18:56+00:00\",\"dateModified\":\"2017-09-08T03:23:15+00:00\",\"breadcrumb\":{\"@id\":\"https:\\\/\\\/contadoreshoy.com\\\/?p=9649#breadcrumb\"},\"inLanguage\":\"es\",\"potentialAction\":[{\"@type\":\"ReadAction\",\"target\":[\"https:\\\/\\\/contadoreshoy.com\\\/?p=9649\"]}]},{\"@type\":\"ImageObject\",\"inLanguage\":\"es\",\"@id\":\"https:\\\/\\\/contadoreshoy.com\\\/?p=9649#primaryimage\",\"url\":\"https:\\\/\\\/contadoreshoy.com\\\/wp-content\\\/uploads\\\/2017\\\/06\\\/bolsas-plasticas.jpg\",\"contentUrl\":\"https:\\\/\\\/contadoreshoy.com\\\/wp-content\\\/uploads\\\/2017\\\/06\\\/bolsas-plasticas.jpg\",\"width\":600,\"height\":400},{\"@type\":\"BreadcrumbList\",\"@id\":\"https:\\\/\\\/contadoreshoy.com\\\/?p=9649#breadcrumb\",\"itemListElement\":[{\"@type\":\"ListItem\",\"position\":1,\"name\":\"Portada\",\"item\":\"https:\\\/\\\/contadoreshoy.com\\\/\"},{\"@type\":\"ListItem\",\"position\":2,\"name\":\"Primera declaraci\u00f3n bimestral del Impuesto a las bolsas pl\u00e1sticas per\u00edodo julio-agosto 2017\"}]},{\"@type\":\"WebSite\",\"@id\":\"https:\\\/\\\/contadoreshoy.com\\\/#website\",\"url\":\"https:\\\/\\\/contadoreshoy.com\\\/\",\"name\":\"Contadorespublicossantander\",\"description\":\"Portal para Contadores P\u00fablicos y empresarios\",\"publisher\":{\"@id\":\"https:\\\/\\\/contadoreshoy.com\\\/#organization\"},\"potentialAction\":[{\"@type\":\"SearchAction\",\"target\":{\"@type\":\"EntryPoint\",\"urlTemplate\":\"https:\\\/\\\/contadoreshoy.com\\\/?s={search_term_string}\"},\"query-input\":{\"@type\":\"PropertyValueSpecification\",\"valueRequired\":true,\"valueName\":\"search_term_string\"}}],\"inLanguage\":\"es\"},{\"@type\":\"Organization\",\"@id\":\"https:\\\/\\\/contadoreshoy.com\\\/#organization\",\"name\":\"Contadores P\u00fablicos de Santander\",\"url\":\"https:\\\/\\\/contadoreshoy.com\\\/\",\"logo\":{\"@type\":\"ImageObject\",\"inLanguage\":\"es\",\"@id\":\"https:\\\/\\\/contadoreshoy.com\\\/#\\\/schema\\\/logo\\\/image\\\/\",\"url\":\"https:\\\/\\\/contadoreshoy.com\\\/wp-content\\\/uploads\\\/2024\\\/01\\\/cropped-cropped-Copia-de-M-1.jpg\",\"contentUrl\":\"https:\\\/\\\/contadoreshoy.com\\\/wp-content\\\/uploads\\\/2024\\\/01\\\/cropped-cropped-Copia-de-M-1.jpg\",\"width\":499,\"height\":500,\"caption\":\"Contadores P\u00fablicos de Santander\"},\"image\":{\"@id\":\"https:\\\/\\\/contadoreshoy.com\\\/#\\\/schema\\\/logo\\\/image\\\/\"},\"sameAs\":[\"https:\\\/\\\/www.facebook.com\\\/CCCPBucaramanga\\\/\"]},{\"@type\":\"Person\",\"@id\":\"https:\\\/\\\/contadoreshoy.com\\\/#\\\/schema\\\/person\\\/96d8979cb865537c5dc9345e40089fc5\",\"name\":\"Miguel Antonio M\u00e1rquez Monta\u00f1ez\",\"description\":\"Contador P\u00fablico egresado de la Universidad Aut\u00f3noma de Bucaramanga - Asesor contable tributario con m\u00e1s de 25 a\u00f1os de experiencia - Conferencista en temas contables y tributarios - T\u00e9cnico en Hardware y Dise\u00f1o Web - Creador y director Grupo de Estudio Colegio Colombiano de Contadores P\u00fablicos de Bucaramanga - Creador y Master Web p\u00e1gina www.contadoresp\u00fablicossantander.com - Expresidente Colegio Colombiano de Contadores P\u00fablicos Bucaramanga\",\"url\":\"https:\\\/\\\/contadoreshoy.com\\\/?author=1\"}]}<\/script>\n<!-- \/ Yoast SEO plugin. -->","yoast_head_json":{"title":"Primera declaraci\u00f3n bimestral del Impuesto a las bolsas pl\u00e1sticas per\u00edodo julio-agosto 2017 - Contadores P\u00fablicos","robots":{"index":"index","follow":"follow","max-snippet":"max-snippet:-1","max-image-preview":"max-image-preview:large","max-video-preview":"max-video-preview:-1"},"canonical":"https:\/\/contadoreshoy.com\/?p=9649","og_locale":"es_ES","og_type":"article","og_title":"Primera declaraci\u00f3n bimestral del Impuesto a las bolsas pl\u00e1sticas per\u00edodo julio-agosto 2017 - Contadores P\u00fablicos","og_description":"De acuerdo al art\u00edculo 207 de la ley 1819 de 2016 (Reforma Tributaria), que adicion\u00f3 el art\u00edculo 512-15 del Estatuto Tributario, a partir del primero (1) de julio de 2017,&#46;&#46;&#46;","og_url":"https:\/\/contadoreshoy.com\/?p=9649","og_site_name":"Contadores P\u00fablicos","article_publisher":"https:\/\/www.facebook.com\/CCCPBucaramanga\/","article_published_time":"2017-09-06T17:18:56+00:00","article_modified_time":"2017-09-08T03:23:15+00:00","og_image":[{"width":600,"height":400,"url":"https:\/\/contadoreshoy.com\/wp-content\/uploads\/2017\/06\/bolsas-plasticas.jpg","type":"image\/jpeg"}],"author":"Miguel Antonio M\u00e1rquez Monta\u00f1ez","twitter_card":"summary_large_image","twitter_misc":{"Escrito por":"Miguel Antonio M\u00e1rquez Monta\u00f1ez","Tiempo de lectura":"3 minutos"},"schema":{"@context":"https:\/\/schema.org","@graph":[{"@type":"Article","@id":"https:\/\/contadoreshoy.com\/?p=9649#article","isPartOf":{"@id":"https:\/\/contadoreshoy.com\/?p=9649"},"author":{"name":"Miguel Antonio M\u00e1rquez Monta\u00f1ez","@id":"https:\/\/contadoreshoy.com\/#\/schema\/person\/96d8979cb865537c5dc9345e40089fc5"},"headline":"Primera declaraci\u00f3n bimestral del Impuesto a las bolsas pl\u00e1sticas per\u00edodo julio-agosto 2017","datePublished":"2017-09-06T17:18:56+00:00","dateModified":"2017-09-08T03:23:15+00:00","mainEntityOfPage":{"@id":"https:\/\/contadoreshoy.com\/?p=9649"},"wordCount":539,"publisher":{"@id":"https:\/\/contadoreshoy.com\/#organization"},"image":{"@id":"https:\/\/contadoreshoy.com\/?p=9649#primaryimage"},"thumbnailUrl":"https:\/\/contadoreshoy.com\/wp-content\/uploads\/2017\/06\/bolsas-plasticas.jpg","inLanguage":"es"},{"@type":"WebPage","@id":"https:\/\/contadoreshoy.com\/?p=9649","url":"https:\/\/contadoreshoy.com\/?p=9649","name":"Primera declaraci\u00f3n bimestral del Impuesto a las bolsas pl\u00e1sticas per\u00edodo julio-agosto 2017 - Contadores P\u00fablicos","isPartOf":{"@id":"https:\/\/contadoreshoy.com\/#website"},"primaryImageOfPage":{"@id":"https:\/\/contadoreshoy.com\/?p=9649#primaryimage"},"image":{"@id":"https:\/\/contadoreshoy.com\/?p=9649#primaryimage"},"thumbnailUrl":"https:\/\/contadoreshoy.com\/wp-content\/uploads\/2017\/06\/bolsas-plasticas.jpg","datePublished":"2017-09-06T17:18:56+00:00","dateModified":"2017-09-08T03:23:15+00:00","breadcrumb":{"@id":"https:\/\/contadoreshoy.com\/?p=9649#breadcrumb"},"inLanguage":"es","potentialAction":[{"@type":"ReadAction","target":["https:\/\/contadoreshoy.com\/?p=9649"]}]},{"@type":"ImageObject","inLanguage":"es","@id":"https:\/\/contadoreshoy.com\/?p=9649#primaryimage","url":"https:\/\/contadoreshoy.com\/wp-content\/uploads\/2017\/06\/bolsas-plasticas.jpg","contentUrl":"https:\/\/contadoreshoy.com\/wp-content\/uploads\/2017\/06\/bolsas-plasticas.jpg","width":600,"height":400},{"@type":"BreadcrumbList","@id":"https:\/\/contadoreshoy.com\/?p=9649#breadcrumb","itemListElement":[{"@type":"ListItem","position":1,"name":"Portada","item":"https:\/\/contadoreshoy.com\/"},{"@type":"ListItem","position":2,"name":"Primera declaraci\u00f3n bimestral del Impuesto a las bolsas pl\u00e1sticas per\u00edodo julio-agosto 2017"}]},{"@type":"WebSite","@id":"https:\/\/contadoreshoy.com\/#website","url":"https:\/\/contadoreshoy.com\/","name":"Contadorespublicossantander","description":"Portal para Contadores P\u00fablicos y empresarios","publisher":{"@id":"https:\/\/contadoreshoy.com\/#organization"},"potentialAction":[{"@type":"SearchAction","target":{"@type":"EntryPoint","urlTemplate":"https:\/\/contadoreshoy.com\/?s={search_term_string}"},"query-input":{"@type":"PropertyValueSpecification","valueRequired":true,"valueName":"search_term_string"}}],"inLanguage":"es"},{"@type":"Organization","@id":"https:\/\/contadoreshoy.com\/#organization","name":"Contadores P\u00fablicos de Santander","url":"https:\/\/contadoreshoy.com\/","logo":{"@type":"ImageObject","inLanguage":"es","@id":"https:\/\/contadoreshoy.com\/#\/schema\/logo\/image\/","url":"https:\/\/contadoreshoy.com\/wp-content\/uploads\/2024\/01\/cropped-cropped-Copia-de-M-1.jpg","contentUrl":"https:\/\/contadoreshoy.com\/wp-content\/uploads\/2024\/01\/cropped-cropped-Copia-de-M-1.jpg","width":499,"height":500,"caption":"Contadores P\u00fablicos de Santander"},"image":{"@id":"https:\/\/contadoreshoy.com\/#\/schema\/logo\/image\/"},"sameAs":["https:\/\/www.facebook.com\/CCCPBucaramanga\/"]},{"@type":"Person","@id":"https:\/\/contadoreshoy.com\/#\/schema\/person\/96d8979cb865537c5dc9345e40089fc5","name":"Miguel Antonio M\u00e1rquez Monta\u00f1ez","description":"Contador P\u00fablico egresado de la Universidad Aut\u00f3noma de Bucaramanga - Asesor contable tributario con m\u00e1s de 25 a\u00f1os de experiencia - Conferencista en temas contables y tributarios - T\u00e9cnico en Hardware y Dise\u00f1o Web - Creador y director Grupo de Estudio Colegio Colombiano de Contadores P\u00fablicos de Bucaramanga - Creador y Master Web p\u00e1gina www.contadoresp\u00fablicossantander.com - Expresidente Colegio Colombiano de Contadores P\u00fablicos Bucaramanga","url":"https:\/\/contadoreshoy.com\/?author=1"}]}},"_links":{"self":[{"href":"https:\/\/contadoreshoy.com\/index.php?rest_route=\/wp\/v2\/posts\/9649","targetHints":{"allow":["GET"]}}],"collection":[{"href":"https:\/\/contadoreshoy.com\/index.php?rest_route=\/wp\/v2\/posts"}],"about":[{"href":"https:\/\/contadoreshoy.com\/index.php?rest_route=\/wp\/v2\/types\/post"}],"author":[{"embeddable":true,"href":"https:\/\/contadoreshoy.com\/index.php?rest_route=\/wp\/v2\/users\/1"}],"replies":[{"embeddable":true,"href":"https:\/\/contadoreshoy.com\/index.php?rest_route=%2Fwp%2Fv2%2Fcomments&post=9649"}],"version-history":[{"count":10,"href":"https:\/\/contadoreshoy.com\/index.php?rest_route=\/wp\/v2\/posts\/9649\/revisions"}],"predecessor-version":[{"id":10077,"href":"https:\/\/contadoreshoy.com\/index.php?rest_route=\/wp\/v2\/posts\/9649\/revisions\/10077"}],"wp:featuredmedia":[{"embeddable":true,"href":"https:\/\/contadoreshoy.com\/index.php?rest_route=\/wp\/v2\/media\/9650"}],"wp:attachment":[{"href":"https:\/\/contadoreshoy.com\/index.php?rest_route=%2Fwp%2Fv2%2Fmedia&parent=9649"}],"wp:term":[{"taxonomy":"category","embeddable":true,"href":"https:\/\/contadoreshoy.com\/index.php?rest_route=%2Fwp%2Fv2%2Fcategories&post=9649"},{"taxonomy":"post_tag","embeddable":true,"href":"https:\/\/contadoreshoy.com\/index.php?rest_route=%2Fwp%2Fv2%2Ftags&post=9649"}],"curies":[{"name":"wp","href":"https:\/\/api.w.org\/{rel}","templated":true}]}}