{"id":9697,"date":"2022-03-29T10:38:00","date_gmt":"2022-03-29T15:38:00","guid":{"rendered":"https:\/\/contadoreshoy.com\/?p=9697"},"modified":"2023-04-18T23:05:58","modified_gmt":"2023-04-19T04:05:58","slug":"inversiones-temporales-valor-patrimonial","status":"publish","type":"post","link":"https:\/\/contadoreshoy.com\/?p=9697","title":{"rendered":"Inversiones Temporales &#8211; Valor Patrimonial"},"content":{"rendered":"<p>&nbsp;<\/p>\n<p style=\"text-align: center;\"><img loading=\"lazy\" decoding=\"async\" class=\"aligncenter wp-image-11060 size-full\" src=\"https:\/\/contadoreshoy.com\/wp-content\/uploads\/2017\/06\/Inversiones-Temporales-1.jpg\" alt=\"\" width=\"800\" height=\"600\" srcset=\"https:\/\/contadoreshoy.com\/wp-content\/uploads\/2017\/06\/Inversiones-Temporales-1.jpg 800w, https:\/\/contadoreshoy.com\/wp-content\/uploads\/2017\/06\/Inversiones-Temporales-1-600x450.jpg 600w, https:\/\/contadoreshoy.com\/wp-content\/uploads\/2017\/06\/Inversiones-Temporales-1-200x150.jpg 200w, https:\/\/contadoreshoy.com\/wp-content\/uploads\/2017\/06\/Inversiones-Temporales-1-533x400.jpg 533w, https:\/\/contadoreshoy.com\/wp-content\/uploads\/2017\/06\/Inversiones-Temporales-1-768x576.jpg 768w\" sizes=\"auto, (max-width: 800px) 100vw, 800px\" \/><span style=\"font-size: 14pt;\"><strong>INVERSIONES TEMPORALES<\/strong><\/span><\/p>\n<p style=\"text-align: justify;\"><strong><span style=\"color: #0000ff;\">Para determinar el valor fiscal de las inversiones temporales, tanto el obligado como el no obligado a llevar contabilidad deber\u00e1n aplicar lo que se indica en el&nbsp;<a href=\"http:\/\/www.dian.gov.co\/dian\/15servicios.nsf\/0108fdc3639d83ff05256f0b006abb3d\/82008e922a6316da05256f0c0078abce?OpenDocument\" target=\"_blank\" rel=\"noopener\">art\u00edculo 271 del ET<\/a>, en donde se lee:<\/span><\/strong><\/p>\n<p style=\"text-align: justify;\"><strong><em>\u201cArt\u00edculo 271. Valor Patrimonial de los T\u00edtulos, Bonos y Seguros de Vida. El valor de los t\u00edtulos, bonos, certificados y otros documentos negociables que generan intereses y rendimientos financieros, es el costo de adquisici\u00f3n m\u00e1s los descuentos o rendimientos causados y no cobrados hasta el \u00faltimo d\u00eda del per\u00edodo gravable.<\/em><\/strong><\/p>\n<p style=\"text-align: justify;\"><strong><span style=\"color: #0000ff;\"><em>Cuando estos documentos se coticen en bolsa,<\/em> <span style=\"color: #000000;\"><span style=\"text-decoration: underline; font-size: 14pt;\"><span style=\"font-size: 12pt;\">la base para determinar el valor patrimonial y el rendimiento causado ser\u00e1<\/span> <\/span>el promedio de transacciones en bolsa del \u00faltimo mes del per\u00edodo gravable.<\/span><\/span><\/strong><\/p>\n<p style=\"text-align: justify;\"><strong><em><span style=\"color: #ff6600;\"><span style=\"color: #0000ff;\">Cuando no se coticen en bolsa,<\/span> <span style=\"color: #000000;\">el rendimiento causado ser\u00e1 el que corresponda al tiempo de posesi\u00f3n del t\u00edtulo, dentro del respectivo ejercicio<\/span><\/span>, en proporci\u00f3n al total de rendimientos generados por el respectivo documento, desde su emisi\u00f3n hasta su redenci\u00f3n. El valor de las c\u00e9dulas de capitalizaci\u00f3n y de las p\u00f3lizas de seguro de vida es el de rescisi\u00f3n\u201d.<\/em><\/strong><\/p>\n<p style=\"text-align: justify;\"><strong><u><em>Para los contribuyentes obligados a utilizar sistemas especiales de valoraci\u00f3n de inversiones, de acuerdo con las disposiciones expedidas al respecto por las entidades de control, el valor patrimonial ser\u00e1 el que resulte de la aplicaci\u00f3n de tales mecanismos de valoraci\u00f3n.<\/em>\u00ab<\/u><\/strong><\/p>\n<p style=\"text-align: justify;\"><strong><span style=\"color: #0000ff;\">El valor de rescisi\u00f3n en los seguros de vida, equivale al ciento por ciento (100%) del monto del reembolso entregado por el asegurador, en el evento de que se haga uso del derecho a cancelar la p\u00f3liza.<\/span><\/strong><\/p>\n<p style=\"text-align: justify;\"><strong>En raz\u00f3n a esta norma, la DIAN public\u00f3 en marzo 09 de 2022 la <a href=\"https:\/\/contadoreshoy.com\/wp-content\/uploads\/2022\/03\/Circular-000002-de-09-03-2022.pdf\" target=\"_blank\" rel=\"noopener\">Circular 000002 <\/a>con los \u00edndices de cotizaci\u00f3n en bolsa a diciembre 31 del 2021 de CDT, bonos y dem\u00e1s tipos de inversiones.<\/strong><\/p>\n<p style=\"text-align: justify;\"><span style=\"font-size: 14pt;\"><strong><span style=\"color: #ff6600;\">Ejemplo:<\/span><\/strong><\/span><\/p>\n<p style=\"text-align: justify;\"><strong>Para entender mejor lo que expresa la norma, supongamos que el se\u00f1or Pedro P\u00e9rez,&nbsp; el primero de diciembre de 2021 invirti\u00f3 en un CDT a seis meses en el Banco de Occidente por valor de $10.000.000, con una tasa anual del 8%; dichos CDT cotizan en bolsa, y a diciembre 31 de 2021 su valor fue del 102,12% de su valor nominal (de acuerdo a la <a href=\"https:\/\/contadoreshoy.com\/wp-content\/uploads\/2022\/03\/Circular-000002-de-09-03-2022.pdf\" target=\"_blank\" rel=\"noopener\">Circular DIAN 0002 de marzo 09 de 2022<\/a>).<\/strong><\/p>\n<p style=\"text-align: justify;\"><strong>Los ajustes que se deben hacer para definir el valor patrimonial o valor fiscal a diciembre 31 de 2021 para el CDT, y para los intereses causados y no cobrados por el per\u00edodo diciembre 1 a diciembre 31 de 2021 ser\u00edan:<\/strong><\/p>\n<table style=\"width: 554.9px; height: 174px;\">\n<tbody>\n<tr>\n<td style=\"width: 434px; text-align: left;\"><strong>Valor nominal del CDT a diciembre 31 de 2021<\/strong><\/td>\n<td style=\"width: 103.9px; text-align: right;\"><strong>$10.000.000<\/strong><\/td>\n<\/tr>\n<tr>\n<td style=\"width: 434px; text-align: left;\"><strong>\u00cdndice promedio de cotizaci\u00f3n en bolsa en diciembre de 2021<\/strong><\/td>\n<td style=\"width: 103.9px; text-align: right;\"><strong>102,12%<\/strong><\/td>\n<\/tr>\n<tr>\n<td style=\"width: 434px; text-align: left;\"><strong>Subtotal<\/strong><\/td>\n<td style=\"width: 103.9px; text-align: right;\"><strong>$10.212.000<\/strong><\/td>\n<\/tr>\n<tr>\n<td style=\"width: 434px; text-align: left;\"><strong>M\u00e1s intereses generados entre el 1 y el 31 de diciembre de 2021 (($10.212.000&#215;8%)\/360)x30<\/strong><\/td>\n<td style=\"width: 103.9px; text-align: right;\"><strong>$68.080<\/strong><\/td>\n<\/tr>\n<tr>\n<td style=\"width: 434px; text-align: left;\"><strong>Valor patrimonial a diciembre 31 de 2020<\/strong><\/td>\n<td style=\"width: 103.9px; text-align: right;\"><strong>$10.280.080<\/strong><\/td>\n<\/tr>\n<\/tbody>\n<\/table>\n<p style=\"text-align: justify;\"><strong><span style=\"color: #ff6600;\">La persona natural no obligada a llevar libros de contabilidad, no tiene que reconocer en su declaraci\u00f3n de renta como ingreso del a\u00f1o los intereses de $68.080, pues no los recibi\u00f3 efectivamente<\/span>. En cambio, el obligado a llevar contabilidad si tiene que declarar los intereses causados.<\/strong><\/p>\n<p style=\"text-align: justify;\"><strong>Si el CDT no cotizara en bolsa de valores, entonces los intereses a declarar ser\u00edan sobre el valor de la inversi\u00f3n ($10.000.000) = (($10.000.000 * 8%)\/360)*30 = $66.667, y el valor patrimonial del t\u00edtulo a diciembre 31 de 2020 ser\u00eda de $10.066.667.<\/strong><\/p>\n<p style=\"text-align: justify;\"><strong><span style=\"color: #0000ff;\">Los saldos de los aportes obligatorios a los fondos de pensiones, no se incluyen en la declaraci\u00f3n de renta, por no ser de libre disposici\u00f3n.<\/span><\/strong><\/p>\n<p style=\"text-align: justify;\"><strong><a href=\"https:\/\/contadoreshoy.com\/wp-content\/uploads\/2022\/03\/Circular-000002-de-09-03-2022.pdf\" target=\"_blank\" rel=\"noopener\">Para ver circular 000002 DIAN de marzo 09 de 2022, dar click aqu\u00ed.<\/a><\/strong><\/p>\n\n\n<p class=\"wp-block-paragraph\"><\/p>\n","protected":false},"excerpt":{"rendered":"<p>&nbsp; INVERSIONES TEMPORALES Para determinar el valor fiscal de las inversiones temporales, tanto el obligado como el no obligado a llevar contabilidad deber\u00e1n aplicar lo que se indica en el&nbsp;art\u00edculo&#46;&#46;&#46;<\/p>\n","protected":false},"author":1,"featured_media":11060,"comment_status":"closed","ping_status":"open","sticky":false,"template":"","format":"standard","meta":{"_monsterinsights_skip_tracking":false,"ngg_post_thumbnail":0,"footnotes":"","_links_to":"","_links_to_target":""},"categories":[454],"tags":[],"class_list":["post-9697","post","type-post","status-publish","format-standard","has-post-thumbnail","hentry","category-sin-categoria"],"aioseo_notices":[],"aioseo_head":"\n\t\t<!-- All in One SEO 5.0.1.1 - aioseo.com -->\n\t<meta name=\"description\" content=\"INVERSIONES TEMPORALES Para determinar el valor fiscal de las inversiones temporales, tanto el obligado como el no obligado a llevar contabilidad deber\u00e1n aplicar lo que se indica en el art\u00edculo 271 del ET, en donde se lee: \u201cArt\u00edculo 271. Valor Patrimonial de los T\u00edtulos, Bonos y Seguros de Vida. El valor de los t\u00edtulos, bonos,\" \/>\n\t<meta name=\"robots\" content=\"max-image-preview:large\" \/>\n\t<meta name=\"author\" content=\"Miguel Antonio M\u00e1rquez Monta\u00f1ez\"\/>\n\t<link rel=\"canonical\" href=\"https:\/\/contadoreshoy.com\/?p=9697\" \/>\n\t<meta name=\"generator\" content=\"All in One SEO (AIOSEO) 5.0.1.1\" \/>\n\t\t<meta property=\"og:locale\" content=\"es_ES\" \/>\n\t\t<meta property=\"og:site_name\" content=\"Contadores P\u00fablicos - Portal para Contadores P\u00fablicos y empresarios\" \/>\n\t\t<meta property=\"og:type\" content=\"article\" \/>\n\t\t<meta property=\"og:title\" content=\"Inversiones Temporales \u2013 Valor Patrimonial - Contadores P\u00fablicos\" \/>\n\t\t<meta property=\"og:description\" content=\"INVERSIONES TEMPORALES Para determinar el valor fiscal de las inversiones temporales, tanto el obligado como el no obligado a llevar contabilidad deber\u00e1n aplicar lo que se indica en el art\u00edculo 271 del ET, en donde se lee: \u201cArt\u00edculo 271. Valor Patrimonial de los T\u00edtulos, Bonos y Seguros de Vida. El valor de los t\u00edtulos, bonos,\" \/>\n\t\t<meta property=\"og:url\" content=\"https:\/\/contadoreshoy.com\/?p=9697\" \/>\n\t\t<meta property=\"og:image\" content=\"https:\/\/contadoreshoy.com\/wp-content\/uploads\/2024\/01\/cropped-cropped-cropped-Copia-de-M.jpg\" \/>\n\t\t<meta property=\"og:image:secure_url\" content=\"https:\/\/contadoreshoy.com\/wp-content\/uploads\/2024\/01\/cropped-cropped-cropped-Copia-de-M.jpg\" \/>\n\t\t<meta property=\"og:image:width\" content=\"512\" \/>\n\t\t<meta property=\"og:image:height\" content=\"371\" \/>\n\t\t<meta property=\"article:published_time\" content=\"2022-03-29T15:38:00+00:00\" \/>\n\t\t<meta property=\"article:modified_time\" content=\"2023-04-19T04:05:58+00:00\" \/>\n\t\t<meta name=\"twitter:card\" content=\"summary_large_image\" \/>\n\t\t<meta name=\"twitter:title\" content=\"Inversiones Temporales \u2013 Valor Patrimonial - Contadores P\u00fablicos\" \/>\n\t\t<meta name=\"twitter:description\" content=\"INVERSIONES TEMPORALES Para determinar el valor fiscal de las inversiones temporales, tanto el obligado como el no obligado a llevar contabilidad deber\u00e1n aplicar lo que se indica en el art\u00edculo 271 del ET, en donde se lee: \u201cArt\u00edculo 271. Valor Patrimonial de los T\u00edtulos, Bonos y Seguros de Vida. El valor de los t\u00edtulos, bonos,\" \/>\n\t\t<meta name=\"twitter:image\" content=\"https:\/\/contadoreshoy.com\/wp-content\/uploads\/2024\/01\/cropped-cropped-cropped-Copia-de-M.jpg\" \/>\n\t\t<script type=\"application\/ld+json\" class=\"aioseo-schema\">\n\t\t\t{\"@context\":\"https:\\\/\\\/schema.org\",\"@graph\":[{\"@type\":\"BlogPosting\",\"@id\":\"https:\\\/\\\/contadoreshoy.com\\\/?p=9697#blogposting\",\"name\":\"Inversiones Temporales \\u2013 Valor Patrimonial - Contadores P\\u00fablicos\",\"headline\":\"Inversiones Temporales &#8211; Valor Patrimonial\",\"author\":{\"@id\":\"https:\\\/\\\/contadoreshoy.com\\\/?author=1#author\"},\"publisher\":{\"@id\":\"https:\\\/\\\/contadoreshoy.com\\\/#organization\"},\"image\":{\"@type\":\"ImageObject\",\"url\":\"https:\\\/\\\/contadoreshoy.com\\\/wp-content\\\/uploads\\\/2017\\\/06\\\/Inversiones-Temporales-1.jpg\",\"width\":800,\"height\":600},\"datePublished\":\"2022-03-29T10:38:00-05:00\",\"dateModified\":\"2023-04-18T23:05:58-05:00\",\"inLanguage\":\"es-ES\",\"mainEntityOfPage\":{\"@id\":\"https:\\\/\\\/contadoreshoy.com\\\/?p=9697#webpage\"},\"isPartOf\":{\"@id\":\"https:\\\/\\\/contadoreshoy.com\\\/?p=9697#webpage\"},\"articleSection\":\"Sin categor\\u00eda\"},{\"@type\":\"BreadcrumbList\",\"@id\":\"https:\\\/\\\/contadoreshoy.com\\\/?p=9697#breadcrumblist\",\"itemListElement\":[{\"@type\":\"ListItem\",\"@id\":\"https:\\\/\\\/contadoreshoy.com#listItem\",\"position\":1,\"name\":\"Home\",\"item\":\"https:\\\/\\\/contadoreshoy.com\",\"nextItem\":{\"@type\":\"ListItem\",\"@id\":\"https:\\\/\\\/contadoreshoy.com\\\/?cat=454#listItem\",\"name\":\"Sin categor\\u00eda\"}},{\"@type\":\"ListItem\",\"@id\":\"https:\\\/\\\/contadoreshoy.com\\\/?cat=454#listItem\",\"position\":2,\"name\":\"Sin categor\\u00eda\",\"item\":\"https:\\\/\\\/contadoreshoy.com\\\/?cat=454\",\"nextItem\":{\"@type\":\"ListItem\",\"@id\":\"https:\\\/\\\/contadoreshoy.com\\\/?p=9697#listItem\",\"name\":\"Inversiones Temporales &#8211; Valor Patrimonial\"},\"previousItem\":{\"@type\":\"ListItem\",\"@id\":\"https:\\\/\\\/contadoreshoy.com#listItem\",\"name\":\"Home\"}},{\"@type\":\"ListItem\",\"@id\":\"https:\\\/\\\/contadoreshoy.com\\\/?p=9697#listItem\",\"position\":3,\"name\":\"Inversiones Temporales &#8211; Valor Patrimonial\",\"previousItem\":{\"@type\":\"ListItem\",\"@id\":\"https:\\\/\\\/contadoreshoy.com\\\/?cat=454#listItem\",\"name\":\"Sin categor\\u00eda\"}}]},{\"@type\":\"Organization\",\"@id\":\"https:\\\/\\\/contadoreshoy.com\\\/#organization\",\"name\":\"Contadores P\\u00fablicos\",\"description\":\"Portal para Contadores P\\u00fablicos y empresarios\",\"url\":\"https:\\\/\\\/contadoreshoy.com\\\/\",\"logo\":{\"@type\":\"ImageObject\",\"url\":\"https:\\\/\\\/contadoreshoy.com\\\/wp-content\\\/uploads\\\/2024\\\/01\\\/cropped-cropped-Copia-de-M-1.jpg\",\"@id\":\"https:\\\/\\\/contadoreshoy.com\\\/?p=9697\\\/#organizationLogo\",\"width\":499,\"height\":500},\"image\":{\"@id\":\"https:\\\/\\\/contadoreshoy.com\\\/?p=9697\\\/#organizationLogo\"}},{\"@type\":\"Person\",\"@id\":\"https:\\\/\\\/contadoreshoy.com\\\/?author=1#author\",\"url\":\"https:\\\/\\\/contadoreshoy.com\\\/?author=1\",\"name\":\"Miguel Antonio M\\u00e1rquez Monta\\u00f1ez\"},{\"@type\":\"WebPage\",\"@id\":\"https:\\\/\\\/contadoreshoy.com\\\/?p=9697#webpage\",\"url\":\"https:\\\/\\\/contadoreshoy.com\\\/?p=9697\",\"name\":\"Inversiones Temporales \\u2013 Valor Patrimonial - Contadores P\\u00fablicos\",\"description\":\"INVERSIONES TEMPORALES Para determinar el valor fiscal de las inversiones temporales, tanto el obligado como el no obligado a llevar contabilidad deber\\u00e1n aplicar lo que se indica en el art\\u00edculo 271 del ET, en donde se lee: \\u201cArt\\u00edculo 271. Valor Patrimonial de los T\\u00edtulos, Bonos y Seguros de Vida. El valor de los t\\u00edtulos, bonos,\",\"inLanguage\":\"es-ES\",\"isPartOf\":{\"@id\":\"https:\\\/\\\/contadoreshoy.com\\\/#website\"},\"breadcrumb\":{\"@id\":\"https:\\\/\\\/contadoreshoy.com\\\/?p=9697#breadcrumblist\"},\"author\":{\"@id\":\"https:\\\/\\\/contadoreshoy.com\\\/?author=1#author\"},\"creator\":{\"@id\":\"https:\\\/\\\/contadoreshoy.com\\\/?author=1#author\"},\"image\":{\"@type\":\"ImageObject\",\"url\":\"https:\\\/\\\/contadoreshoy.com\\\/wp-content\\\/uploads\\\/2017\\\/06\\\/Inversiones-Temporales-1.jpg\",\"@id\":\"https:\\\/\\\/contadoreshoy.com\\\/?p=9697\\\/#mainImage\",\"width\":800,\"height\":600},\"primaryImageOfPage\":{\"@id\":\"https:\\\/\\\/contadoreshoy.com\\\/?p=9697#mainImage\"},\"datePublished\":\"2022-03-29T10:38:00-05:00\",\"dateModified\":\"2023-04-18T23:05:58-05:00\"},{\"@type\":\"WebSite\",\"@id\":\"https:\\\/\\\/contadoreshoy.com\\\/#website\",\"url\":\"https:\\\/\\\/contadoreshoy.com\\\/\",\"name\":\"Contadores P\\u00fablicos\",\"description\":\"Portal para Contadores P\\u00fablicos y empresarios\",\"inLanguage\":\"es-ES\",\"publisher\":{\"@id\":\"https:\\\/\\\/contadoreshoy.com\\\/#organization\"}}]}\n\t\t<\/script>\n\t\t<!-- All in One SEO -->\n\n","aioseo_head_json":{"title":"Inversiones Temporales \u2013 Valor Patrimonial - Contadores P\u00fablicos","description":"INVERSIONES TEMPORALES Para determinar el valor fiscal de las inversiones temporales, tanto el obligado como el no obligado a llevar contabilidad deber\u00e1n aplicar lo que se indica en el art\u00edculo 271 del ET, en donde se lee: \u201cArt\u00edculo 271. Valor Patrimonial de los T\u00edtulos, Bonos y Seguros de Vida. El valor de los t\u00edtulos, bonos,","canonical_url":"https:\/\/contadoreshoy.com\/?p=9697","robots":"max-image-preview:large","keywords":"","webmasterTools":{"miscellaneous":""},"schema":{"@context":"https:\/\/schema.org","@graph":[{"@type":"BlogPosting","@id":"https:\/\/contadoreshoy.com\/?p=9697#blogposting","name":"Inversiones Temporales \u2013 Valor Patrimonial - Contadores P\u00fablicos","headline":"Inversiones Temporales &#8211; Valor Patrimonial","author":{"@id":"https:\/\/contadoreshoy.com\/?author=1#author"},"publisher":{"@id":"https:\/\/contadoreshoy.com\/#organization"},"image":{"@type":"ImageObject","url":"https:\/\/contadoreshoy.com\/wp-content\/uploads\/2017\/06\/Inversiones-Temporales-1.jpg","width":800,"height":600},"datePublished":"2022-03-29T10:38:00-05:00","dateModified":"2023-04-18T23:05:58-05:00","inLanguage":"es-ES","mainEntityOfPage":{"@id":"https:\/\/contadoreshoy.com\/?p=9697#webpage"},"isPartOf":{"@id":"https:\/\/contadoreshoy.com\/?p=9697#webpage"},"articleSection":"Sin categor\u00eda"},{"@type":"BreadcrumbList","@id":"https:\/\/contadoreshoy.com\/?p=9697#breadcrumblist","itemListElement":[{"@type":"ListItem","@id":"https:\/\/contadoreshoy.com#listItem","position":1,"name":"Home","item":"https:\/\/contadoreshoy.com","nextItem":{"@type":"ListItem","@id":"https:\/\/contadoreshoy.com\/?cat=454#listItem","name":"Sin categor\u00eda"}},{"@type":"ListItem","@id":"https:\/\/contadoreshoy.com\/?cat=454#listItem","position":2,"name":"Sin categor\u00eda","item":"https:\/\/contadoreshoy.com\/?cat=454","nextItem":{"@type":"ListItem","@id":"https:\/\/contadoreshoy.com\/?p=9697#listItem","name":"Inversiones Temporales &#8211; Valor Patrimonial"},"previousItem":{"@type":"ListItem","@id":"https:\/\/contadoreshoy.com#listItem","name":"Home"}},{"@type":"ListItem","@id":"https:\/\/contadoreshoy.com\/?p=9697#listItem","position":3,"name":"Inversiones Temporales &#8211; Valor Patrimonial","previousItem":{"@type":"ListItem","@id":"https:\/\/contadoreshoy.com\/?cat=454#listItem","name":"Sin categor\u00eda"}}]},{"@type":"Organization","@id":"https:\/\/contadoreshoy.com\/#organization","name":"Contadores P\u00fablicos","description":"Portal para Contadores P\u00fablicos y empresarios","url":"https:\/\/contadoreshoy.com\/","logo":{"@type":"ImageObject","url":"https:\/\/contadoreshoy.com\/wp-content\/uploads\/2024\/01\/cropped-cropped-Copia-de-M-1.jpg","@id":"https:\/\/contadoreshoy.com\/?p=9697\/#organizationLogo","width":499,"height":500},"image":{"@id":"https:\/\/contadoreshoy.com\/?p=9697\/#organizationLogo"}},{"@type":"Person","@id":"https:\/\/contadoreshoy.com\/?author=1#author","url":"https:\/\/contadoreshoy.com\/?author=1","name":"Miguel Antonio M\u00e1rquez Monta\u00f1ez"},{"@type":"WebPage","@id":"https:\/\/contadoreshoy.com\/?p=9697#webpage","url":"https:\/\/contadoreshoy.com\/?p=9697","name":"Inversiones Temporales \u2013 Valor Patrimonial - Contadores P\u00fablicos","description":"INVERSIONES TEMPORALES Para determinar el valor fiscal de las inversiones temporales, tanto el obligado como el no obligado a llevar contabilidad deber\u00e1n aplicar lo que se indica en el art\u00edculo 271 del ET, en donde se lee: \u201cArt\u00edculo 271. Valor Patrimonial de los T\u00edtulos, Bonos y Seguros de Vida. El valor de los t\u00edtulos, bonos,","inLanguage":"es-ES","isPartOf":{"@id":"https:\/\/contadoreshoy.com\/#website"},"breadcrumb":{"@id":"https:\/\/contadoreshoy.com\/?p=9697#breadcrumblist"},"author":{"@id":"https:\/\/contadoreshoy.com\/?author=1#author"},"creator":{"@id":"https:\/\/contadoreshoy.com\/?author=1#author"},"image":{"@type":"ImageObject","url":"https:\/\/contadoreshoy.com\/wp-content\/uploads\/2017\/06\/Inversiones-Temporales-1.jpg","@id":"https:\/\/contadoreshoy.com\/?p=9697\/#mainImage","width":800,"height":600},"primaryImageOfPage":{"@id":"https:\/\/contadoreshoy.com\/?p=9697#mainImage"},"datePublished":"2022-03-29T10:38:00-05:00","dateModified":"2023-04-18T23:05:58-05:00"},{"@type":"WebSite","@id":"https:\/\/contadoreshoy.com\/#website","url":"https:\/\/contadoreshoy.com\/","name":"Contadores P\u00fablicos","description":"Portal para Contadores P\u00fablicos y empresarios","inLanguage":"es-ES","publisher":{"@id":"https:\/\/contadoreshoy.com\/#organization"}}]},"og:locale":"es_ES","og:site_name":"Contadores P\u00fablicos - Portal para Contadores P\u00fablicos y empresarios","og:type":"article","og:title":"Inversiones Temporales \u2013 Valor Patrimonial - Contadores P\u00fablicos","og:description":"INVERSIONES TEMPORALES Para determinar el valor fiscal de las inversiones temporales, tanto el obligado como el no obligado a llevar contabilidad deber\u00e1n aplicar lo que se indica en el art\u00edculo 271 del ET, en donde se lee: \u201cArt\u00edculo 271. Valor Patrimonial de los T\u00edtulos, Bonos y Seguros de Vida. El valor de los t\u00edtulos, bonos,","og:url":"https:\/\/contadoreshoy.com\/?p=9697","og:image":"https:\/\/contadoreshoy.com\/wp-content\/uploads\/2024\/01\/cropped-cropped-cropped-Copia-de-M.jpg","og:image:secure_url":"https:\/\/contadoreshoy.com\/wp-content\/uploads\/2024\/01\/cropped-cropped-cropped-Copia-de-M.jpg","og:image:width":512,"og:image:height":371,"article:published_time":"2022-03-29T15:38:00+00:00","article:modified_time":"2023-04-19T04:05:58+00:00","twitter:card":"summary_large_image","twitter:title":"Inversiones Temporales \u2013 Valor Patrimonial - Contadores P\u00fablicos","twitter:description":"INVERSIONES TEMPORALES Para determinar el valor fiscal de las inversiones temporales, tanto el obligado como el no obligado a llevar contabilidad deber\u00e1n aplicar lo que se indica en el art\u00edculo 271 del ET, en donde se lee: \u201cArt\u00edculo 271. Valor Patrimonial de los T\u00edtulos, Bonos y Seguros de Vida. El valor de los t\u00edtulos, bonos,","twitter:image":"https:\/\/contadoreshoy.com\/wp-content\/uploads\/2024\/01\/cropped-cropped-cropped-Copia-de-M.jpg"},"aioseo_meta_data":{"post_id":"9697","title":null,"description":null,"keywords":null,"keyphrases":null,"primary_term":null,"canonical_url":null,"og_title":null,"og_description":null,"og_object_type":"default","og_image_type":"default","og_image_url":null,"og_image_width":null,"og_image_height":null,"og_image_custom_url":null,"og_image_custom_fields":null,"og_video":null,"og_custom_url":null,"og_article_section":null,"og_article_tags":null,"twitter_use_og":false,"twitter_card":"default","twitter_image_type":"default","twitter_image_url":null,"twitter_image_custom_url":null,"twitter_image_custom_fields":null,"twitter_title":null,"twitter_description":null,"schema":{"blockGraphs":[],"customGraphs":[],"default":{"data":{"Article":[],"Course":[],"Dataset":[],"FAQPage":[],"Movie":[],"Person":[],"Product":[],"ProductReview":[],"Car":[],"Recipe":[],"Service":[],"SoftwareApplication":[],"WebPage":[]},"graphName":"","isEnabled":true},"graphs":[]},"schema_type":"default","schema_type_options":null,"pillar_content":false,"robots_default":true,"robots_noindex":false,"robots_noarchive":false,"robots_nosnippet":false,"robots_nofollow":false,"robots_noimageindex":false,"robots_noodp":false,"robots_notranslate":false,"robots_max_snippet":null,"robots_max_videopreview":null,"robots_max_imagepreview":"large","priority":null,"frequency":null,"local_seo":null,"breadcrumb_settings":null,"limit_modified_date":false,"ai":null,"created":"2024-03-05 02:38:46","updated":"2026-03-03 05:41:41","seo_analyzer_scan_date":null,"focus_keyword":null,"additional_keywords":null,"truseo_locale":null},"aioseo_breadcrumb":"<div class=\"aioseo-breadcrumbs\"><span class=\"aioseo-breadcrumb\">\n\t\t\t<a href=\"https:\/\/contadoreshoy.com\" title=\"Home\">Home<\/a>\n\t\t<\/span><span class=\"aioseo-breadcrumb-separator\">&raquo;<\/span><span class=\"aioseo-breadcrumb\">\n\t\t\t<a href=\"https:\/\/contadoreshoy.com\/?cat=454\" title=\"Sin categor\u00eda\">Sin categor\u00eda<\/a>\n\t\t<\/span><span class=\"aioseo-breadcrumb-separator\">&raquo;<\/span><span class=\"aioseo-breadcrumb\">\n\t\t\tInversiones Temporales \u2013 Valor Patrimonial\n\t\t<\/span><\/div>","aioseo_breadcrumb_json":[{"label":"Home","link":"https:\/\/contadoreshoy.com"},{"label":"Sin categor\u00eda","link":"https:\/\/contadoreshoy.com\/?cat=454"},{"label":"Inversiones Temporales &#8211; Valor Patrimonial","link":"https:\/\/contadoreshoy.com\/?p=9697"}],"yoast_head":"<!-- This site is optimized with the Yoast SEO plugin v28.4 - https:\/\/yoast.com\/product\/yoast-seo-wordpress\/ -->\n<title>Inversiones Temporales - Valor Patrimonial - Contadores P\u00fablicos<\/title>\n<meta name=\"robots\" content=\"index, follow, max-snippet:-1, max-image-preview:large, max-video-preview:-1\" \/>\n<link rel=\"canonical\" href=\"https:\/\/contadoreshoy.com\/?p=9697\" \/>\n<meta property=\"og:locale\" content=\"es_ES\" \/>\n<meta property=\"og:type\" content=\"article\" \/>\n<meta property=\"og:title\" content=\"Inversiones Temporales - Valor Patrimonial - Contadores P\u00fablicos\" \/>\n<meta property=\"og:description\" content=\"&nbsp; INVERSIONES TEMPORALES Para determinar el valor fiscal de las inversiones temporales, tanto el obligado como el no obligado a llevar contabilidad deber\u00e1n aplicar lo que se indica en el&nbsp;art\u00edculo&#046;&#046;&#046;\" \/>\n<meta property=\"og:url\" content=\"https:\/\/contadoreshoy.com\/?p=9697\" \/>\n<meta property=\"og:site_name\" content=\"Contadores P\u00fablicos\" \/>\n<meta property=\"article:publisher\" content=\"https:\/\/www.facebook.com\/CCCPBucaramanga\/\" \/>\n<meta property=\"article:published_time\" content=\"2022-03-29T15:38:00+00:00\" \/>\n<meta property=\"article:modified_time\" content=\"2023-04-19T04:05:58+00:00\" \/>\n<meta property=\"og:image\" content=\"https:\/\/contadoreshoy.com\/wp-content\/uploads\/2017\/06\/Inversiones-Temporales-1.jpg\" \/>\n\t<meta property=\"og:image:width\" content=\"800\" \/>\n\t<meta property=\"og:image:height\" content=\"600\" \/>\n\t<meta property=\"og:image:type\" content=\"image\/jpeg\" \/>\n<meta name=\"author\" content=\"Miguel Antonio M\u00e1rquez Monta\u00f1ez\" \/>\n<meta name=\"twitter:card\" content=\"summary_large_image\" \/>\n<meta name=\"twitter:label1\" content=\"Escrito por\" \/>\n\t<meta name=\"twitter:data1\" content=\"Miguel Antonio M\u00e1rquez Monta\u00f1ez\" \/>\n\t<meta name=\"twitter:label2\" content=\"Tiempo de lectura\" \/>\n\t<meta name=\"twitter:data2\" content=\"3 minutos\" \/>\n<script type=\"application\/ld+json\" class=\"yoast-schema-graph\">{\"@context\":\"https:\\\/\\\/schema.org\",\"@graph\":[{\"@type\":\"Article\",\"@id\":\"https:\\\/\\\/contadoreshoy.com\\\/?p=9697#article\",\"isPartOf\":{\"@id\":\"https:\\\/\\\/contadoreshoy.com\\\/?p=9697\"},\"author\":{\"name\":\"Miguel Antonio M\u00e1rquez Monta\u00f1ez\",\"@id\":\"https:\\\/\\\/contadoreshoy.com\\\/#\\\/schema\\\/person\\\/96d8979cb865537c5dc9345e40089fc5\"},\"headline\":\"Inversiones Temporales &#8211; Valor Patrimonial\",\"datePublished\":\"2022-03-29T15:38:00+00:00\",\"dateModified\":\"2023-04-19T04:05:58+00:00\",\"mainEntityOfPage\":{\"@id\":\"https:\\\/\\\/contadoreshoy.com\\\/?p=9697\"},\"wordCount\":579,\"publisher\":{\"@id\":\"https:\\\/\\\/contadoreshoy.com\\\/#organization\"},\"image\":{\"@id\":\"https:\\\/\\\/contadoreshoy.com\\\/?p=9697#primaryimage\"},\"thumbnailUrl\":\"https:\\\/\\\/contadoreshoy.com\\\/wp-content\\\/uploads\\\/2017\\\/06\\\/Inversiones-Temporales-1.jpg\",\"inLanguage\":\"es\"},{\"@type\":\"WebPage\",\"@id\":\"https:\\\/\\\/contadoreshoy.com\\\/?p=9697\",\"url\":\"https:\\\/\\\/contadoreshoy.com\\\/?p=9697\",\"name\":\"Inversiones Temporales - Valor Patrimonial - Contadores P\u00fablicos\",\"isPartOf\":{\"@id\":\"https:\\\/\\\/contadoreshoy.com\\\/#website\"},\"primaryImageOfPage\":{\"@id\":\"https:\\\/\\\/contadoreshoy.com\\\/?p=9697#primaryimage\"},\"image\":{\"@id\":\"https:\\\/\\\/contadoreshoy.com\\\/?p=9697#primaryimage\"},\"thumbnailUrl\":\"https:\\\/\\\/contadoreshoy.com\\\/wp-content\\\/uploads\\\/2017\\\/06\\\/Inversiones-Temporales-1.jpg\",\"datePublished\":\"2022-03-29T15:38:00+00:00\",\"dateModified\":\"2023-04-19T04:05:58+00:00\",\"breadcrumb\":{\"@id\":\"https:\\\/\\\/contadoreshoy.com\\\/?p=9697#breadcrumb\"},\"inLanguage\":\"es\",\"potentialAction\":[{\"@type\":\"ReadAction\",\"target\":[\"https:\\\/\\\/contadoreshoy.com\\\/?p=9697\"]}]},{\"@type\":\"ImageObject\",\"inLanguage\":\"es\",\"@id\":\"https:\\\/\\\/contadoreshoy.com\\\/?p=9697#primaryimage\",\"url\":\"https:\\\/\\\/contadoreshoy.com\\\/wp-content\\\/uploads\\\/2017\\\/06\\\/Inversiones-Temporales-1.jpg\",\"contentUrl\":\"https:\\\/\\\/contadoreshoy.com\\\/wp-content\\\/uploads\\\/2017\\\/06\\\/Inversiones-Temporales-1.jpg\",\"width\":800,\"height\":600},{\"@type\":\"BreadcrumbList\",\"@id\":\"https:\\\/\\\/contadoreshoy.com\\\/?p=9697#breadcrumb\",\"itemListElement\":[{\"@type\":\"ListItem\",\"position\":1,\"name\":\"Portada\",\"item\":\"https:\\\/\\\/contadoreshoy.com\\\/\"},{\"@type\":\"ListItem\",\"position\":2,\"name\":\"Inversiones Temporales &#8211; Valor Patrimonial\"}]},{\"@type\":\"WebSite\",\"@id\":\"https:\\\/\\\/contadoreshoy.com\\\/#website\",\"url\":\"https:\\\/\\\/contadoreshoy.com\\\/\",\"name\":\"Contadorespublicossantander\",\"description\":\"Portal para Contadores P\u00fablicos y empresarios\",\"publisher\":{\"@id\":\"https:\\\/\\\/contadoreshoy.com\\\/#organization\"},\"potentialAction\":[{\"@type\":\"SearchAction\",\"target\":{\"@type\":\"EntryPoint\",\"urlTemplate\":\"https:\\\/\\\/contadoreshoy.com\\\/?s={search_term_string}\"},\"query-input\":{\"@type\":\"PropertyValueSpecification\",\"valueRequired\":true,\"valueName\":\"search_term_string\"}}],\"inLanguage\":\"es\"},{\"@type\":\"Organization\",\"@id\":\"https:\\\/\\\/contadoreshoy.com\\\/#organization\",\"name\":\"Contadores P\u00fablicos de Santander\",\"url\":\"https:\\\/\\\/contadoreshoy.com\\\/\",\"logo\":{\"@type\":\"ImageObject\",\"inLanguage\":\"es\",\"@id\":\"https:\\\/\\\/contadoreshoy.com\\\/#\\\/schema\\\/logo\\\/image\\\/\",\"url\":\"https:\\\/\\\/contadoreshoy.com\\\/wp-content\\\/uploads\\\/2024\\\/01\\\/cropped-cropped-Copia-de-M-1.jpg\",\"contentUrl\":\"https:\\\/\\\/contadoreshoy.com\\\/wp-content\\\/uploads\\\/2024\\\/01\\\/cropped-cropped-Copia-de-M-1.jpg\",\"width\":499,\"height\":500,\"caption\":\"Contadores P\u00fablicos de Santander\"},\"image\":{\"@id\":\"https:\\\/\\\/contadoreshoy.com\\\/#\\\/schema\\\/logo\\\/image\\\/\"},\"sameAs\":[\"https:\\\/\\\/www.facebook.com\\\/CCCPBucaramanga\\\/\"]},{\"@type\":\"Person\",\"@id\":\"https:\\\/\\\/contadoreshoy.com\\\/#\\\/schema\\\/person\\\/96d8979cb865537c5dc9345e40089fc5\",\"name\":\"Miguel Antonio M\u00e1rquez Monta\u00f1ez\",\"description\":\"Contador P\u00fablico egresado de la Universidad Aut\u00f3noma de Bucaramanga - Asesor contable tributario con m\u00e1s de 25 a\u00f1os de experiencia - Conferencista en temas contables y tributarios - T\u00e9cnico en Hardware y Dise\u00f1o Web - Creador y director Grupo de Estudio Colegio Colombiano de Contadores P\u00fablicos de Bucaramanga - Creador y Master Web p\u00e1gina www.contadoresp\u00fablicossantander.com - Expresidente Colegio Colombiano de Contadores P\u00fablicos Bucaramanga\",\"url\":\"https:\\\/\\\/contadoreshoy.com\\\/?author=1\"}]}<\/script>\n<!-- \/ Yoast SEO plugin. -->","yoast_head_json":{"title":"Inversiones Temporales - Valor Patrimonial - Contadores P\u00fablicos","robots":{"index":"index","follow":"follow","max-snippet":"max-snippet:-1","max-image-preview":"max-image-preview:large","max-video-preview":"max-video-preview:-1"},"canonical":"https:\/\/contadoreshoy.com\/?p=9697","og_locale":"es_ES","og_type":"article","og_title":"Inversiones Temporales - Valor Patrimonial - Contadores P\u00fablicos","og_description":"&nbsp; INVERSIONES TEMPORALES Para determinar el valor fiscal de las inversiones temporales, tanto el obligado como el no obligado a llevar contabilidad deber\u00e1n aplicar lo que se indica en el&nbsp;art\u00edculo&#46;&#46;&#46;","og_url":"https:\/\/contadoreshoy.com\/?p=9697","og_site_name":"Contadores P\u00fablicos","article_publisher":"https:\/\/www.facebook.com\/CCCPBucaramanga\/","article_published_time":"2022-03-29T15:38:00+00:00","article_modified_time":"2023-04-19T04:05:58+00:00","og_image":[{"width":800,"height":600,"url":"https:\/\/contadoreshoy.com\/wp-content\/uploads\/2017\/06\/Inversiones-Temporales-1.jpg","type":"image\/jpeg"}],"author":"Miguel Antonio M\u00e1rquez Monta\u00f1ez","twitter_card":"summary_large_image","twitter_misc":{"Escrito por":"Miguel Antonio M\u00e1rquez Monta\u00f1ez","Tiempo de lectura":"3 minutos"},"schema":{"@context":"https:\/\/schema.org","@graph":[{"@type":"Article","@id":"https:\/\/contadoreshoy.com\/?p=9697#article","isPartOf":{"@id":"https:\/\/contadoreshoy.com\/?p=9697"},"author":{"name":"Miguel Antonio M\u00e1rquez Monta\u00f1ez","@id":"https:\/\/contadoreshoy.com\/#\/schema\/person\/96d8979cb865537c5dc9345e40089fc5"},"headline":"Inversiones Temporales &#8211; Valor Patrimonial","datePublished":"2022-03-29T15:38:00+00:00","dateModified":"2023-04-19T04:05:58+00:00","mainEntityOfPage":{"@id":"https:\/\/contadoreshoy.com\/?p=9697"},"wordCount":579,"publisher":{"@id":"https:\/\/contadoreshoy.com\/#organization"},"image":{"@id":"https:\/\/contadoreshoy.com\/?p=9697#primaryimage"},"thumbnailUrl":"https:\/\/contadoreshoy.com\/wp-content\/uploads\/2017\/06\/Inversiones-Temporales-1.jpg","inLanguage":"es"},{"@type":"WebPage","@id":"https:\/\/contadoreshoy.com\/?p=9697","url":"https:\/\/contadoreshoy.com\/?p=9697","name":"Inversiones Temporales - Valor Patrimonial - Contadores P\u00fablicos","isPartOf":{"@id":"https:\/\/contadoreshoy.com\/#website"},"primaryImageOfPage":{"@id":"https:\/\/contadoreshoy.com\/?p=9697#primaryimage"},"image":{"@id":"https:\/\/contadoreshoy.com\/?p=9697#primaryimage"},"thumbnailUrl":"https:\/\/contadoreshoy.com\/wp-content\/uploads\/2017\/06\/Inversiones-Temporales-1.jpg","datePublished":"2022-03-29T15:38:00+00:00","dateModified":"2023-04-19T04:05:58+00:00","breadcrumb":{"@id":"https:\/\/contadoreshoy.com\/?p=9697#breadcrumb"},"inLanguage":"es","potentialAction":[{"@type":"ReadAction","target":["https:\/\/contadoreshoy.com\/?p=9697"]}]},{"@type":"ImageObject","inLanguage":"es","@id":"https:\/\/contadoreshoy.com\/?p=9697#primaryimage","url":"https:\/\/contadoreshoy.com\/wp-content\/uploads\/2017\/06\/Inversiones-Temporales-1.jpg","contentUrl":"https:\/\/contadoreshoy.com\/wp-content\/uploads\/2017\/06\/Inversiones-Temporales-1.jpg","width":800,"height":600},{"@type":"BreadcrumbList","@id":"https:\/\/contadoreshoy.com\/?p=9697#breadcrumb","itemListElement":[{"@type":"ListItem","position":1,"name":"Portada","item":"https:\/\/contadoreshoy.com\/"},{"@type":"ListItem","position":2,"name":"Inversiones Temporales &#8211; Valor Patrimonial"}]},{"@type":"WebSite","@id":"https:\/\/contadoreshoy.com\/#website","url":"https:\/\/contadoreshoy.com\/","name":"Contadorespublicossantander","description":"Portal para Contadores P\u00fablicos y empresarios","publisher":{"@id":"https:\/\/contadoreshoy.com\/#organization"},"potentialAction":[{"@type":"SearchAction","target":{"@type":"EntryPoint","urlTemplate":"https:\/\/contadoreshoy.com\/?s={search_term_string}"},"query-input":{"@type":"PropertyValueSpecification","valueRequired":true,"valueName":"search_term_string"}}],"inLanguage":"es"},{"@type":"Organization","@id":"https:\/\/contadoreshoy.com\/#organization","name":"Contadores P\u00fablicos de Santander","url":"https:\/\/contadoreshoy.com\/","logo":{"@type":"ImageObject","inLanguage":"es","@id":"https:\/\/contadoreshoy.com\/#\/schema\/logo\/image\/","url":"https:\/\/contadoreshoy.com\/wp-content\/uploads\/2024\/01\/cropped-cropped-Copia-de-M-1.jpg","contentUrl":"https:\/\/contadoreshoy.com\/wp-content\/uploads\/2024\/01\/cropped-cropped-Copia-de-M-1.jpg","width":499,"height":500,"caption":"Contadores P\u00fablicos de Santander"},"image":{"@id":"https:\/\/contadoreshoy.com\/#\/schema\/logo\/image\/"},"sameAs":["https:\/\/www.facebook.com\/CCCPBucaramanga\/"]},{"@type":"Person","@id":"https:\/\/contadoreshoy.com\/#\/schema\/person\/96d8979cb865537c5dc9345e40089fc5","name":"Miguel Antonio M\u00e1rquez Monta\u00f1ez","description":"Contador P\u00fablico egresado de la Universidad Aut\u00f3noma de Bucaramanga - Asesor contable tributario con m\u00e1s de 25 a\u00f1os de experiencia - Conferencista en temas contables y tributarios - T\u00e9cnico en Hardware y Dise\u00f1o Web - Creador y director Grupo de Estudio Colegio Colombiano de Contadores P\u00fablicos de Bucaramanga - Creador y Master Web p\u00e1gina www.contadoresp\u00fablicossantander.com - Expresidente Colegio Colombiano de Contadores P\u00fablicos Bucaramanga","url":"https:\/\/contadoreshoy.com\/?author=1"}]}},"_links":{"self":[{"href":"https:\/\/contadoreshoy.com\/index.php?rest_route=\/wp\/v2\/posts\/9697","targetHints":{"allow":["GET"]}}],"collection":[{"href":"https:\/\/contadoreshoy.com\/index.php?rest_route=\/wp\/v2\/posts"}],"about":[{"href":"https:\/\/contadoreshoy.com\/index.php?rest_route=\/wp\/v2\/types\/post"}],"author":[{"embeddable":true,"href":"https:\/\/contadoreshoy.com\/index.php?rest_route=\/wp\/v2\/users\/1"}],"replies":[{"embeddable":true,"href":"https:\/\/contadoreshoy.com\/index.php?rest_route=%2Fwp%2Fv2%2Fcomments&post=9697"}],"version-history":[{"count":22,"href":"https:\/\/contadoreshoy.com\/index.php?rest_route=\/wp\/v2\/posts\/9697\/revisions"}],"predecessor-version":[{"id":14257,"href":"https:\/\/contadoreshoy.com\/index.php?rest_route=\/wp\/v2\/posts\/9697\/revisions\/14257"}],"wp:featuredmedia":[{"embeddable":true,"href":"https:\/\/contadoreshoy.com\/index.php?rest_route=\/wp\/v2\/media\/11060"}],"wp:attachment":[{"href":"https:\/\/contadoreshoy.com\/index.php?rest_route=%2Fwp%2Fv2%2Fmedia&parent=9697"}],"wp:term":[{"taxonomy":"category","embeddable":true,"href":"https:\/\/contadoreshoy.com\/index.php?rest_route=%2Fwp%2Fv2%2Fcategories&post=9697"},{"taxonomy":"post_tag","embeddable":true,"href":"https:\/\/contadoreshoy.com\/index.php?rest_route=%2Fwp%2Fv2%2Ftags&post=9697"}],"curies":[{"name":"wp","href":"https:\/\/api.w.org\/{rel}","templated":true}]}}