{"id":9736,"date":"2017-07-03T17:33:45","date_gmt":"2017-07-03T22:33:45","guid":{"rendered":"https:\/\/contadoreshoy.com\/?p=9736"},"modified":"2017-07-03T17:33:45","modified_gmt":"2017-07-03T22:33:45","slug":"tasa-usura-julio-01-septiembre-30-2017","status":"publish","type":"post","link":"https:\/\/contadoreshoy.com\/?p=9736","title":{"rendered":"Tasa de usura julio 01 a septiembre 30 de 2017"},"content":{"rendered":"<p><img loading=\"lazy\" decoding=\"async\" class=\"aligncenter wp-image-9737 size-full\" src=\"https:\/\/contadoreshoy.com\/wp-content\/uploads\/2017\/07\/Tasa-de-Usura.jpg\" alt=\"\" width=\"800\" height=\"600\" srcset=\"https:\/\/contadoreshoy.com\/wp-content\/uploads\/2017\/07\/Tasa-de-Usura.jpg 800w, https:\/\/contadoreshoy.com\/wp-content\/uploads\/2017\/07\/Tasa-de-Usura-600x450.jpg 600w, https:\/\/contadoreshoy.com\/wp-content\/uploads\/2017\/07\/Tasa-de-Usura-200x150.jpg 200w, https:\/\/contadoreshoy.com\/wp-content\/uploads\/2017\/07\/Tasa-de-Usura-533x400.jpg 533w, https:\/\/contadoreshoy.com\/wp-content\/uploads\/2017\/07\/Tasa-de-Usura-768x576.jpg 768w\" sizes=\"auto, (max-width: 800px) 100vw, 800px\" \/><\/p>\n<p style=\"text-align: center;\"><strong>CERTIFICACI\u00d3N DEL INTER\u00c9S BANCARIO CORRIENTE PARA LA MODALIDAD DE CR\u00c9DITO DE CONSUMO Y ORDINARIO<\/strong><\/p>\n<p style=\"text-align: justify;\">La Superintendencia Financiera de Colombia, en ejercicio de sus atribuciones legales y en especial de lo dispuesto en los art\u00edculos 11.2.5.1.1 y siguientes del Decreto 2555 de 2010, expidi\u00f3 el 30 de junio de 2017 la <strong><u><a href=\"https:\/\/www.superfinanciera.gov.co\/descargas?com=institucional&amp;name=pubFile1025120&amp;downloadname=r0907_17.pdf\">Resoluci\u00f3n No. 0907<\/a><\/u> <\/strong>por medio de la cual certifica el Inter\u00e9s Bancario Corriente para el siguiente per\u00edodo y modalidad de cr\u00e9dito:<\/p>\n<ul style=\"text-align: justify;\">\n<li>Consumo y Ordinario: entre el 1 de julio y el 30 de septiembre de 2017.<\/li>\n<\/ul>\n<p style=\"text-align: justify;\">Con la mencionada Resoluci\u00f3n se certifica el Inter\u00e9s Bancario Corriente efectivo anual&nbsp; para la modalidad de cr\u00e9dito de consumo y ordinario en <strong>21.98%, <\/strong>lo cual representa una disminuci\u00f3n de <strong>35 puntos b\u00e1sicos (-0.35%) <\/strong>en relaci\u00f3n con la anterior certificaci\u00f3n <strong>(22.33%).<\/strong><\/p>\n<p style=\"text-align: justify;\"><strong>&nbsp;<\/strong><span style=\"color: #0000ff;\"><strong>INTER\u00c9S REMUNERATORIO Y DE MORA<\/strong><\/span><\/p>\n<p style=\"text-align: justify;\">En atenci\u00f3n a lo dispuesto en el art\u00edculo 884 del C\u00f3digo de Comercio, en concordancia con lo se\u00f1alado en los art\u00edculos 11.2.5.1.2 y 11.2.5.1.3 del Decreto 2555 de 2010,<span style=\"font-size: 14pt;\"><strong><span style=\"color: #0000ff;\"> los intereses remuneratorio y moratorio no podr\u00e1n exceder 1.5 veces el Inter\u00e9s Bancario Corriente, es decir, el <span style=\"color: #ff6600; font-size: 18pt;\">32.97%<\/span> efectivo anual<\/span><\/strong><\/span> para la modalidad de cr\u00e9dito de consumo y ordinario.<\/p>\n<p style=\"text-align: justify;\"><strong>&nbsp;<\/strong><span style=\"color: #0000ff;\"><strong>USURA<\/strong><\/span><\/p>\n<p style=\"text-align: justify;\"><strong>&nbsp;<\/strong>Para los efectos de la norma sobre usura (Art\u00edculo 305 del C\u00f3digo Penal), puede incurrir en este delito el que reciba o cobre, directa o indirectamente, a cambio de pr\u00e9stamo de dinero o por concepto de venta de bienes o servicios a plazo, utilidad o ventaja <span style=\"text-decoration: underline;\"><span style=\"color: #0000ff; text-decoration: underline;\">que exceda en la mitad del Inter\u00e9s Bancario Corriente que para los per\u00edodos correspondientes est\u00e9n cobrando los bancos, cifra que para el per\u00edodo se\u00f1alado se sit\u00faa en<\/span> <\/span><span style=\"color: #ff6600; font-size: 18pt;\"><strong>32.97%<\/strong><\/span> efectivo anual para la modalidad de cr\u00e9dito de consumo y ordinario, resultado que representa una disminuci\u00f3n de <strong>53 puntos b\u00e1sicos<\/strong> <strong>(-0.53%) <\/strong>con respecto al periodo anterior <strong>(33.50%)<\/strong>.<\/p>\n<p style=\"text-align: justify;\"><strong>OTRAS CERTIFICACIONES VIGENTES<\/strong><\/p>\n<p style=\"text-align: justify;\"><strong>&nbsp;<\/strong>Vale la pena recordar que la Superintendencia Financiera, en desarrollo de sus atribuciones legales y reglamentarias, mediante la Resoluci\u00f3n 1233 de 2016 certific\u00f3 el inter\u00e9s bancario corriente para las modalidades de microcr\u00e9dito y cr\u00e9dito de consumo de bajo monto, en los siguientes t\u00e9rminos:<\/p>\n<p>&nbsp;<\/p>\n<table width=\"599\">\n<tbody>\n<tr>\n<td style=\"text-align: center;\" width=\"147\"><strong>Modalidad de cr\u00e9dito que aplica<\/strong><\/td>\n<td style=\"text-align: center;\" width=\"108\"><strong>Inter\u00e9s Bancario Corriente<\/strong><\/td>\n<td style=\"text-align: center;\" width=\"92\"><strong>Usura<\/strong><\/td>\n<td style=\"text-align: center;\" width=\"253\"><strong>Vigencia<\/strong><\/td>\n<\/tr>\n<tr>\n<td width=\"147\">Microcr\u00e9dito<\/td>\n<td style=\"text-align: center;\" width=\"108\">36.73%<\/td>\n<td style=\"text-align: center;\" width=\"92\">55.10%<\/td>\n<td width=\"253\">1\u00ba octubre de 2016 al 30 de septiembre de 2017<\/td>\n<\/tr>\n<tr>\n<td width=\"147\">Consumo de bajo monto<\/td>\n<td style=\"text-align: center;\" width=\"108\">35.47%<\/td>\n<td style=\"text-align: center;\" width=\"92\">53.21%<\/td>\n<td width=\"253\">1\u00ba octubre de 2016 al 30 de septiembre de 2017<\/td>\n<\/tr>\n<\/tbody>\n<\/table>\n<p>&nbsp;<\/p>\n","protected":false},"excerpt":{"rendered":"<p>CERTIFICACI\u00d3N DEL INTER\u00c9S BANCARIO CORRIENTE PARA LA MODALIDAD DE CR\u00c9DITO DE CONSUMO Y ORDINARIO La Superintendencia Financiera de Colombia, en ejercicio de sus atribuciones legales y en especial de lo&#46;&#46;&#46;<\/p>\n","protected":false},"author":1,"featured_media":9738,"comment_status":"closed","ping_status":"open","sticky":false,"template":"","format":"standard","meta":{"_monsterinsights_skip_tracking":false,"ngg_post_thumbnail":0,"footnotes":"","_links_to":"","_links_to_target":""},"categories":[454],"tags":[],"class_list":["post-9736","post","type-post","status-publish","format-standard","has-post-thumbnail","hentry","category-sin-categoria"],"aioseo_notices":[],"aioseo_head":"\n\t\t<!-- All in One SEO 5.0.1.1 - aioseo.com -->\n\t<meta name=\"description\" content=\"CERTIFICACI\u00d3N DEL INTER\u00c9S BANCARIO CORRIENTE PARA LA MODALIDAD DE CR\u00c9DITO DE CONSUMO Y ORDINARIO La Superintendencia Financiera de Colombia, en ejercicio de sus atribuciones legales y en especial de lo dispuesto en los art\u00edculos 11.2.5.1.1 y siguientes del Decreto 2555 de 2010, expidi\u00f3 el 30 de junio de 2017 la Resoluci\u00f3n No. 0907 por medio\" \/>\n\t<meta name=\"robots\" content=\"max-image-preview:large\" \/>\n\t<meta name=\"author\" content=\"Miguel Antonio M\u00e1rquez Monta\u00f1ez\"\/>\n\t<link rel=\"canonical\" href=\"https:\/\/contadoreshoy.com\/?p=9736\" \/>\n\t<meta name=\"generator\" content=\"All in One SEO (AIOSEO) 5.0.1.1\" \/>\n\t\t<meta property=\"og:locale\" content=\"es_ES\" \/>\n\t\t<meta property=\"og:site_name\" content=\"Contadores P\u00fablicos - Portal para Contadores P\u00fablicos y empresarios\" \/>\n\t\t<meta property=\"og:type\" content=\"article\" \/>\n\t\t<meta property=\"og:title\" content=\"Tasa de usura julio 01 a septiembre 30 de 2017 - Contadores P\u00fablicos\" \/>\n\t\t<meta property=\"og:description\" content=\"CERTIFICACI\u00d3N DEL INTER\u00c9S BANCARIO CORRIENTE PARA LA MODALIDAD DE CR\u00c9DITO DE CONSUMO Y ORDINARIO La Superintendencia Financiera de Colombia, en ejercicio de sus atribuciones legales y en especial de lo dispuesto en los art\u00edculos 11.2.5.1.1 y siguientes del Decreto 2555 de 2010, expidi\u00f3 el 30 de junio de 2017 la Resoluci\u00f3n No. 0907 por medio\" \/>\n\t\t<meta property=\"og:url\" content=\"https:\/\/contadoreshoy.com\/?p=9736\" \/>\n\t\t<meta property=\"og:image\" content=\"https:\/\/contadoreshoy.com\/wp-content\/uploads\/2024\/01\/cropped-cropped-cropped-Copia-de-M.jpg\" \/>\n\t\t<meta property=\"og:image:secure_url\" content=\"https:\/\/contadoreshoy.com\/wp-content\/uploads\/2024\/01\/cropped-cropped-cropped-Copia-de-M.jpg\" \/>\n\t\t<meta property=\"og:image:width\" content=\"512\" \/>\n\t\t<meta property=\"og:image:height\" content=\"371\" \/>\n\t\t<meta property=\"article:published_time\" content=\"2017-07-03T22:33:45+00:00\" \/>\n\t\t<meta property=\"article:modified_time\" content=\"2017-07-03T22:33:45+00:00\" \/>\n\t\t<meta name=\"twitter:card\" content=\"summary_large_image\" \/>\n\t\t<meta name=\"twitter:title\" content=\"Tasa de usura julio 01 a septiembre 30 de 2017 - Contadores P\u00fablicos\" \/>\n\t\t<meta name=\"twitter:description\" content=\"CERTIFICACI\u00d3N DEL INTER\u00c9S BANCARIO CORRIENTE PARA LA MODALIDAD DE CR\u00c9DITO DE CONSUMO Y ORDINARIO La Superintendencia Financiera de Colombia, en ejercicio de sus atribuciones legales y en especial de lo dispuesto en los art\u00edculos 11.2.5.1.1 y siguientes del Decreto 2555 de 2010, expidi\u00f3 el 30 de junio de 2017 la Resoluci\u00f3n No. 0907 por medio\" \/>\n\t\t<meta name=\"twitter:image\" content=\"https:\/\/contadoreshoy.com\/wp-content\/uploads\/2024\/01\/cropped-cropped-cropped-Copia-de-M.jpg\" \/>\n\t\t<script type=\"application\/ld+json\" class=\"aioseo-schema\">\n\t\t\t{\"@context\":\"https:\\\/\\\/schema.org\",\"@graph\":[{\"@type\":\"BlogPosting\",\"@id\":\"https:\\\/\\\/contadoreshoy.com\\\/?p=9736#blogposting\",\"name\":\"Tasa de usura julio 01 a septiembre 30 de 2017 - Contadores P\\u00fablicos\",\"headline\":\"Tasa de usura julio 01 a septiembre 30 de 2017\",\"author\":{\"@id\":\"https:\\\/\\\/contadoreshoy.com\\\/?author=1#author\"},\"publisher\":{\"@id\":\"https:\\\/\\\/contadoreshoy.com\\\/#organization\"},\"image\":{\"@type\":\"ImageObject\",\"url\":\"https:\\\/\\\/contadoreshoy.com\\\/wp-content\\\/uploads\\\/2017\\\/07\\\/Tasa-de-Usura2.jpg\",\"width\":600,\"height\":400},\"datePublished\":\"2017-07-03T17:33:45-05:00\",\"dateModified\":\"2017-07-03T17:33:45-05:00\",\"inLanguage\":\"es-ES\",\"mainEntityOfPage\":{\"@id\":\"https:\\\/\\\/contadoreshoy.com\\\/?p=9736#webpage\"},\"isPartOf\":{\"@id\":\"https:\\\/\\\/contadoreshoy.com\\\/?p=9736#webpage\"},\"articleSection\":\"Sin categor\\u00eda\"},{\"@type\":\"BreadcrumbList\",\"@id\":\"https:\\\/\\\/contadoreshoy.com\\\/?p=9736#breadcrumblist\",\"itemListElement\":[{\"@type\":\"ListItem\",\"@id\":\"https:\\\/\\\/contadoreshoy.com#listItem\",\"position\":1,\"name\":\"Home\",\"item\":\"https:\\\/\\\/contadoreshoy.com\",\"nextItem\":{\"@type\":\"ListItem\",\"@id\":\"https:\\\/\\\/contadoreshoy.com\\\/?cat=454#listItem\",\"name\":\"Sin categor\\u00eda\"}},{\"@type\":\"ListItem\",\"@id\":\"https:\\\/\\\/contadoreshoy.com\\\/?cat=454#listItem\",\"position\":2,\"name\":\"Sin categor\\u00eda\",\"item\":\"https:\\\/\\\/contadoreshoy.com\\\/?cat=454\",\"nextItem\":{\"@type\":\"ListItem\",\"@id\":\"https:\\\/\\\/contadoreshoy.com\\\/?p=9736#listItem\",\"name\":\"Tasa de usura julio 01 a septiembre 30 de 2017\"},\"previousItem\":{\"@type\":\"ListItem\",\"@id\":\"https:\\\/\\\/contadoreshoy.com#listItem\",\"name\":\"Home\"}},{\"@type\":\"ListItem\",\"@id\":\"https:\\\/\\\/contadoreshoy.com\\\/?p=9736#listItem\",\"position\":3,\"name\":\"Tasa de usura julio 01 a septiembre 30 de 2017\",\"previousItem\":{\"@type\":\"ListItem\",\"@id\":\"https:\\\/\\\/contadoreshoy.com\\\/?cat=454#listItem\",\"name\":\"Sin categor\\u00eda\"}}]},{\"@type\":\"Organization\",\"@id\":\"https:\\\/\\\/contadoreshoy.com\\\/#organization\",\"name\":\"Contadores P\\u00fablicos\",\"description\":\"Portal para Contadores P\\u00fablicos y empresarios\",\"url\":\"https:\\\/\\\/contadoreshoy.com\\\/\",\"logo\":{\"@type\":\"ImageObject\",\"url\":\"https:\\\/\\\/contadoreshoy.com\\\/wp-content\\\/uploads\\\/2024\\\/01\\\/cropped-cropped-Copia-de-M-1.jpg\",\"@id\":\"https:\\\/\\\/contadoreshoy.com\\\/?p=9736\\\/#organizationLogo\",\"width\":499,\"height\":500},\"image\":{\"@id\":\"https:\\\/\\\/contadoreshoy.com\\\/?p=9736\\\/#organizationLogo\"}},{\"@type\":\"Person\",\"@id\":\"https:\\\/\\\/contadoreshoy.com\\\/?author=1#author\",\"url\":\"https:\\\/\\\/contadoreshoy.com\\\/?author=1\",\"name\":\"Miguel Antonio M\\u00e1rquez Monta\\u00f1ez\"},{\"@type\":\"WebPage\",\"@id\":\"https:\\\/\\\/contadoreshoy.com\\\/?p=9736#webpage\",\"url\":\"https:\\\/\\\/contadoreshoy.com\\\/?p=9736\",\"name\":\"Tasa de usura julio 01 a septiembre 30 de 2017 - Contadores P\\u00fablicos\",\"description\":\"CERTIFICACI\\u00d3N DEL INTER\\u00c9S BANCARIO CORRIENTE PARA LA MODALIDAD DE CR\\u00c9DITO DE CONSUMO Y ORDINARIO La Superintendencia Financiera de Colombia, en ejercicio de sus atribuciones legales y en especial de lo dispuesto en los art\\u00edculos 11.2.5.1.1 y siguientes del Decreto 2555 de 2010, expidi\\u00f3 el 30 de junio de 2017 la Resoluci\\u00f3n No. 0907 por medio\",\"inLanguage\":\"es-ES\",\"isPartOf\":{\"@id\":\"https:\\\/\\\/contadoreshoy.com\\\/#website\"},\"breadcrumb\":{\"@id\":\"https:\\\/\\\/contadoreshoy.com\\\/?p=9736#breadcrumblist\"},\"author\":{\"@id\":\"https:\\\/\\\/contadoreshoy.com\\\/?author=1#author\"},\"creator\":{\"@id\":\"https:\\\/\\\/contadoreshoy.com\\\/?author=1#author\"},\"image\":{\"@type\":\"ImageObject\",\"url\":\"https:\\\/\\\/contadoreshoy.com\\\/wp-content\\\/uploads\\\/2017\\\/07\\\/Tasa-de-Usura2.jpg\",\"@id\":\"https:\\\/\\\/contadoreshoy.com\\\/?p=9736\\\/#mainImage\",\"width\":600,\"height\":400},\"primaryImageOfPage\":{\"@id\":\"https:\\\/\\\/contadoreshoy.com\\\/?p=9736#mainImage\"},\"datePublished\":\"2017-07-03T17:33:45-05:00\",\"dateModified\":\"2017-07-03T17:33:45-05:00\"},{\"@type\":\"WebSite\",\"@id\":\"https:\\\/\\\/contadoreshoy.com\\\/#website\",\"url\":\"https:\\\/\\\/contadoreshoy.com\\\/\",\"name\":\"Contadores P\\u00fablicos\",\"description\":\"Portal para Contadores P\\u00fablicos y empresarios\",\"inLanguage\":\"es-ES\",\"publisher\":{\"@id\":\"https:\\\/\\\/contadoreshoy.com\\\/#organization\"}}]}\n\t\t<\/script>\n\t\t<!-- All in One SEO -->\n\n","aioseo_head_json":{"title":"Tasa de usura julio 01 a septiembre 30 de 2017 - Contadores P\u00fablicos","description":"CERTIFICACI\u00d3N DEL INTER\u00c9S BANCARIO CORRIENTE PARA LA MODALIDAD DE CR\u00c9DITO DE CONSUMO Y ORDINARIO La Superintendencia Financiera de Colombia, en ejercicio de sus atribuciones legales y en especial de lo dispuesto en los art\u00edculos 11.2.5.1.1 y siguientes del Decreto 2555 de 2010, expidi\u00f3 el 30 de junio de 2017 la Resoluci\u00f3n No. 0907 por medio","canonical_url":"https:\/\/contadoreshoy.com\/?p=9736","robots":"max-image-preview:large","keywords":"","webmasterTools":{"miscellaneous":""},"schema":{"@context":"https:\/\/schema.org","@graph":[{"@type":"BlogPosting","@id":"https:\/\/contadoreshoy.com\/?p=9736#blogposting","name":"Tasa de usura julio 01 a septiembre 30 de 2017 - Contadores P\u00fablicos","headline":"Tasa de usura julio 01 a septiembre 30 de 2017","author":{"@id":"https:\/\/contadoreshoy.com\/?author=1#author"},"publisher":{"@id":"https:\/\/contadoreshoy.com\/#organization"},"image":{"@type":"ImageObject","url":"https:\/\/contadoreshoy.com\/wp-content\/uploads\/2017\/07\/Tasa-de-Usura2.jpg","width":600,"height":400},"datePublished":"2017-07-03T17:33:45-05:00","dateModified":"2017-07-03T17:33:45-05:00","inLanguage":"es-ES","mainEntityOfPage":{"@id":"https:\/\/contadoreshoy.com\/?p=9736#webpage"},"isPartOf":{"@id":"https:\/\/contadoreshoy.com\/?p=9736#webpage"},"articleSection":"Sin categor\u00eda"},{"@type":"BreadcrumbList","@id":"https:\/\/contadoreshoy.com\/?p=9736#breadcrumblist","itemListElement":[{"@type":"ListItem","@id":"https:\/\/contadoreshoy.com#listItem","position":1,"name":"Home","item":"https:\/\/contadoreshoy.com","nextItem":{"@type":"ListItem","@id":"https:\/\/contadoreshoy.com\/?cat=454#listItem","name":"Sin categor\u00eda"}},{"@type":"ListItem","@id":"https:\/\/contadoreshoy.com\/?cat=454#listItem","position":2,"name":"Sin categor\u00eda","item":"https:\/\/contadoreshoy.com\/?cat=454","nextItem":{"@type":"ListItem","@id":"https:\/\/contadoreshoy.com\/?p=9736#listItem","name":"Tasa de usura julio 01 a septiembre 30 de 2017"},"previousItem":{"@type":"ListItem","@id":"https:\/\/contadoreshoy.com#listItem","name":"Home"}},{"@type":"ListItem","@id":"https:\/\/contadoreshoy.com\/?p=9736#listItem","position":3,"name":"Tasa de usura julio 01 a septiembre 30 de 2017","previousItem":{"@type":"ListItem","@id":"https:\/\/contadoreshoy.com\/?cat=454#listItem","name":"Sin categor\u00eda"}}]},{"@type":"Organization","@id":"https:\/\/contadoreshoy.com\/#organization","name":"Contadores P\u00fablicos","description":"Portal para Contadores P\u00fablicos y empresarios","url":"https:\/\/contadoreshoy.com\/","logo":{"@type":"ImageObject","url":"https:\/\/contadoreshoy.com\/wp-content\/uploads\/2024\/01\/cropped-cropped-Copia-de-M-1.jpg","@id":"https:\/\/contadoreshoy.com\/?p=9736\/#organizationLogo","width":499,"height":500},"image":{"@id":"https:\/\/contadoreshoy.com\/?p=9736\/#organizationLogo"}},{"@type":"Person","@id":"https:\/\/contadoreshoy.com\/?author=1#author","url":"https:\/\/contadoreshoy.com\/?author=1","name":"Miguel Antonio M\u00e1rquez Monta\u00f1ez"},{"@type":"WebPage","@id":"https:\/\/contadoreshoy.com\/?p=9736#webpage","url":"https:\/\/contadoreshoy.com\/?p=9736","name":"Tasa de usura julio 01 a septiembre 30 de 2017 - Contadores P\u00fablicos","description":"CERTIFICACI\u00d3N DEL INTER\u00c9S BANCARIO CORRIENTE PARA LA MODALIDAD DE CR\u00c9DITO DE CONSUMO Y ORDINARIO La Superintendencia Financiera de Colombia, en ejercicio de sus atribuciones legales y en especial de lo dispuesto en los art\u00edculos 11.2.5.1.1 y siguientes del Decreto 2555 de 2010, expidi\u00f3 el 30 de junio de 2017 la Resoluci\u00f3n No. 0907 por medio","inLanguage":"es-ES","isPartOf":{"@id":"https:\/\/contadoreshoy.com\/#website"},"breadcrumb":{"@id":"https:\/\/contadoreshoy.com\/?p=9736#breadcrumblist"},"author":{"@id":"https:\/\/contadoreshoy.com\/?author=1#author"},"creator":{"@id":"https:\/\/contadoreshoy.com\/?author=1#author"},"image":{"@type":"ImageObject","url":"https:\/\/contadoreshoy.com\/wp-content\/uploads\/2017\/07\/Tasa-de-Usura2.jpg","@id":"https:\/\/contadoreshoy.com\/?p=9736\/#mainImage","width":600,"height":400},"primaryImageOfPage":{"@id":"https:\/\/contadoreshoy.com\/?p=9736#mainImage"},"datePublished":"2017-07-03T17:33:45-05:00","dateModified":"2017-07-03T17:33:45-05:00"},{"@type":"WebSite","@id":"https:\/\/contadoreshoy.com\/#website","url":"https:\/\/contadoreshoy.com\/","name":"Contadores P\u00fablicos","description":"Portal para Contadores P\u00fablicos y empresarios","inLanguage":"es-ES","publisher":{"@id":"https:\/\/contadoreshoy.com\/#organization"}}]},"og:locale":"es_ES","og:site_name":"Contadores P\u00fablicos - Portal para Contadores P\u00fablicos y empresarios","og:type":"article","og:title":"Tasa de usura julio 01 a septiembre 30 de 2017 - Contadores P\u00fablicos","og:description":"CERTIFICACI\u00d3N DEL INTER\u00c9S BANCARIO CORRIENTE PARA LA MODALIDAD DE CR\u00c9DITO DE CONSUMO Y ORDINARIO La Superintendencia Financiera de Colombia, en ejercicio de sus atribuciones legales y en especial de lo dispuesto en los art\u00edculos 11.2.5.1.1 y siguientes del Decreto 2555 de 2010, expidi\u00f3 el 30 de junio de 2017 la Resoluci\u00f3n No. 0907 por medio","og:url":"https:\/\/contadoreshoy.com\/?p=9736","og:image":"https:\/\/contadoreshoy.com\/wp-content\/uploads\/2024\/01\/cropped-cropped-cropped-Copia-de-M.jpg","og:image:secure_url":"https:\/\/contadoreshoy.com\/wp-content\/uploads\/2024\/01\/cropped-cropped-cropped-Copia-de-M.jpg","og:image:width":512,"og:image:height":371,"article:published_time":"2017-07-03T22:33:45+00:00","article:modified_time":"2017-07-03T22:33:45+00:00","twitter:card":"summary_large_image","twitter:title":"Tasa de usura julio 01 a septiembre 30 de 2017 - Contadores P\u00fablicos","twitter:description":"CERTIFICACI\u00d3N DEL INTER\u00c9S BANCARIO CORRIENTE PARA LA MODALIDAD DE CR\u00c9DITO DE CONSUMO Y ORDINARIO La Superintendencia Financiera de Colombia, en ejercicio de sus atribuciones legales y en especial de lo dispuesto en los art\u00edculos 11.2.5.1.1 y siguientes del Decreto 2555 de 2010, expidi\u00f3 el 30 de junio de 2017 la Resoluci\u00f3n No. 0907 por medio","twitter:image":"https:\/\/contadoreshoy.com\/wp-content\/uploads\/2024\/01\/cropped-cropped-cropped-Copia-de-M.jpg"},"aioseo_meta_data":{"post_id":"9736","title":null,"description":null,"keywords":null,"keyphrases":null,"primary_term":null,"canonical_url":null,"og_title":null,"og_description":null,"og_object_type":"default","og_image_type":"default","og_image_url":null,"og_image_width":null,"og_image_height":null,"og_image_custom_url":null,"og_image_custom_fields":null,"og_video":null,"og_custom_url":null,"og_article_section":null,"og_article_tags":null,"twitter_use_og":false,"twitter_card":"default","twitter_image_type":"default","twitter_image_url":null,"twitter_image_custom_url":null,"twitter_image_custom_fields":null,"twitter_title":null,"twitter_description":null,"schema":{"blockGraphs":[],"customGraphs":[],"default":{"data":{"Article":[],"Course":[],"Dataset":[],"FAQPage":[],"Movie":[],"Person":[],"Product":[],"ProductReview":[],"Car":[],"Recipe":[],"Service":[],"SoftwareApplication":[],"WebPage":[]},"graphName":"","isEnabled":true},"graphs":[]},"schema_type":"default","schema_type_options":null,"pillar_content":false,"robots_default":true,"robots_noindex":false,"robots_noarchive":false,"robots_nosnippet":false,"robots_nofollow":false,"robots_noimageindex":false,"robots_noodp":false,"robots_notranslate":false,"robots_max_snippet":null,"robots_max_videopreview":null,"robots_max_imagepreview":"large","priority":null,"frequency":null,"local_seo":null,"breadcrumb_settings":null,"limit_modified_date":false,"ai":null,"created":"2024-03-05 01:49:32","updated":"2026-03-03 05:03:40","seo_analyzer_scan_date":null,"focus_keyword":null,"additional_keywords":null,"truseo_locale":null},"aioseo_breadcrumb":"<div class=\"aioseo-breadcrumbs\"><span class=\"aioseo-breadcrumb\">\n\t\t\t<a href=\"https:\/\/contadoreshoy.com\" title=\"Home\">Home<\/a>\n\t\t<\/span><span class=\"aioseo-breadcrumb-separator\">&raquo;<\/span><span class=\"aioseo-breadcrumb\">\n\t\t\t<a href=\"https:\/\/contadoreshoy.com\/?cat=454\" title=\"Sin categor\u00eda\">Sin categor\u00eda<\/a>\n\t\t<\/span><span class=\"aioseo-breadcrumb-separator\">&raquo;<\/span><span class=\"aioseo-breadcrumb\">\n\t\t\tTasa de usura julio 01 a septiembre 30 de 2017\n\t\t<\/span><\/div>","aioseo_breadcrumb_json":[{"label":"Home","link":"https:\/\/contadoreshoy.com"},{"label":"Sin categor\u00eda","link":"https:\/\/contadoreshoy.com\/?cat=454"},{"label":"Tasa de usura julio 01 a septiembre 30 de 2017","link":"https:\/\/contadoreshoy.com\/?p=9736"}],"yoast_head":"<!-- This site is optimized with the Yoast SEO plugin v28.4 - https:\/\/yoast.com\/product\/yoast-seo-wordpress\/ -->\n<title>Tasa de usura julio 01 a septiembre 30 de 2017 - Contadores P\u00fablicos<\/title>\n<meta name=\"robots\" content=\"index, follow, max-snippet:-1, max-image-preview:large, max-video-preview:-1\" \/>\n<link rel=\"canonical\" href=\"https:\/\/contadoreshoy.com\/?p=9736\" \/>\n<meta property=\"og:locale\" content=\"es_ES\" \/>\n<meta property=\"og:type\" content=\"article\" \/>\n<meta property=\"og:title\" content=\"Tasa de usura julio 01 a septiembre 30 de 2017 - Contadores P\u00fablicos\" \/>\n<meta property=\"og:description\" content=\"CERTIFICACI\u00d3N DEL INTER\u00c9S BANCARIO CORRIENTE PARA LA MODALIDAD DE CR\u00c9DITO DE CONSUMO Y ORDINARIO La Superintendencia Financiera de Colombia, en ejercicio de sus atribuciones legales y en especial de lo&#046;&#046;&#046;\" \/>\n<meta property=\"og:url\" content=\"https:\/\/contadoreshoy.com\/?p=9736\" \/>\n<meta property=\"og:site_name\" content=\"Contadores P\u00fablicos\" \/>\n<meta property=\"article:publisher\" content=\"https:\/\/www.facebook.com\/CCCPBucaramanga\/\" \/>\n<meta property=\"article:published_time\" content=\"2017-07-03T22:33:45+00:00\" \/>\n<meta property=\"og:image\" content=\"https:\/\/contadoreshoy.com\/wp-content\/uploads\/2017\/07\/Tasa-de-Usura2.jpg\" \/>\n\t<meta property=\"og:image:width\" content=\"600\" \/>\n\t<meta property=\"og:image:height\" content=\"400\" \/>\n\t<meta property=\"og:image:type\" content=\"image\/jpeg\" \/>\n<meta name=\"author\" content=\"Miguel Antonio M\u00e1rquez Monta\u00f1ez\" \/>\n<meta name=\"twitter:card\" content=\"summary_large_image\" \/>\n<meta name=\"twitter:label1\" content=\"Escrito por\" \/>\n\t<meta name=\"twitter:data1\" content=\"Miguel Antonio M\u00e1rquez Monta\u00f1ez\" \/>\n\t<meta name=\"twitter:label2\" content=\"Tiempo de lectura\" \/>\n\t<meta name=\"twitter:data2\" content=\"2 minutos\" \/>\n<script type=\"application\/ld+json\" class=\"yoast-schema-graph\">{\"@context\":\"https:\\\/\\\/schema.org\",\"@graph\":[{\"@type\":\"Article\",\"@id\":\"https:\\\/\\\/contadoreshoy.com\\\/?p=9736#article\",\"isPartOf\":{\"@id\":\"https:\\\/\\\/contadoreshoy.com\\\/?p=9736\"},\"author\":{\"name\":\"Miguel Antonio M\u00e1rquez Monta\u00f1ez\",\"@id\":\"https:\\\/\\\/contadoreshoy.com\\\/#\\\/schema\\\/person\\\/96d8979cb865537c5dc9345e40089fc5\"},\"headline\":\"Tasa de usura julio 01 a septiembre 30 de 2017\",\"datePublished\":\"2017-07-03T22:33:45+00:00\",\"mainEntityOfPage\":{\"@id\":\"https:\\\/\\\/contadoreshoy.com\\\/?p=9736\"},\"wordCount\":397,\"publisher\":{\"@id\":\"https:\\\/\\\/contadoreshoy.com\\\/#organization\"},\"image\":{\"@id\":\"https:\\\/\\\/contadoreshoy.com\\\/?p=9736#primaryimage\"},\"thumbnailUrl\":\"https:\\\/\\\/contadoreshoy.com\\\/wp-content\\\/uploads\\\/2017\\\/07\\\/Tasa-de-Usura2.jpg\",\"inLanguage\":\"es\"},{\"@type\":\"WebPage\",\"@id\":\"https:\\\/\\\/contadoreshoy.com\\\/?p=9736\",\"url\":\"https:\\\/\\\/contadoreshoy.com\\\/?p=9736\",\"name\":\"Tasa de usura julio 01 a septiembre 30 de 2017 - Contadores P\u00fablicos\",\"isPartOf\":{\"@id\":\"https:\\\/\\\/contadoreshoy.com\\\/#website\"},\"primaryImageOfPage\":{\"@id\":\"https:\\\/\\\/contadoreshoy.com\\\/?p=9736#primaryimage\"},\"image\":{\"@id\":\"https:\\\/\\\/contadoreshoy.com\\\/?p=9736#primaryimage\"},\"thumbnailUrl\":\"https:\\\/\\\/contadoreshoy.com\\\/wp-content\\\/uploads\\\/2017\\\/07\\\/Tasa-de-Usura2.jpg\",\"datePublished\":\"2017-07-03T22:33:45+00:00\",\"breadcrumb\":{\"@id\":\"https:\\\/\\\/contadoreshoy.com\\\/?p=9736#breadcrumb\"},\"inLanguage\":\"es\",\"potentialAction\":[{\"@type\":\"ReadAction\",\"target\":[\"https:\\\/\\\/contadoreshoy.com\\\/?p=9736\"]}]},{\"@type\":\"ImageObject\",\"inLanguage\":\"es\",\"@id\":\"https:\\\/\\\/contadoreshoy.com\\\/?p=9736#primaryimage\",\"url\":\"https:\\\/\\\/contadoreshoy.com\\\/wp-content\\\/uploads\\\/2017\\\/07\\\/Tasa-de-Usura2.jpg\",\"contentUrl\":\"https:\\\/\\\/contadoreshoy.com\\\/wp-content\\\/uploads\\\/2017\\\/07\\\/Tasa-de-Usura2.jpg\",\"width\":600,\"height\":400},{\"@type\":\"BreadcrumbList\",\"@id\":\"https:\\\/\\\/contadoreshoy.com\\\/?p=9736#breadcrumb\",\"itemListElement\":[{\"@type\":\"ListItem\",\"position\":1,\"name\":\"Portada\",\"item\":\"https:\\\/\\\/contadoreshoy.com\\\/\"},{\"@type\":\"ListItem\",\"position\":2,\"name\":\"Tasa de usura julio 01 a septiembre 30 de 2017\"}]},{\"@type\":\"WebSite\",\"@id\":\"https:\\\/\\\/contadoreshoy.com\\\/#website\",\"url\":\"https:\\\/\\\/contadoreshoy.com\\\/\",\"name\":\"Contadorespublicossantander\",\"description\":\"Portal para Contadores P\u00fablicos y empresarios\",\"publisher\":{\"@id\":\"https:\\\/\\\/contadoreshoy.com\\\/#organization\"},\"potentialAction\":[{\"@type\":\"SearchAction\",\"target\":{\"@type\":\"EntryPoint\",\"urlTemplate\":\"https:\\\/\\\/contadoreshoy.com\\\/?s={search_term_string}\"},\"query-input\":{\"@type\":\"PropertyValueSpecification\",\"valueRequired\":true,\"valueName\":\"search_term_string\"}}],\"inLanguage\":\"es\"},{\"@type\":\"Organization\",\"@id\":\"https:\\\/\\\/contadoreshoy.com\\\/#organization\",\"name\":\"Contadores P\u00fablicos de Santander\",\"url\":\"https:\\\/\\\/contadoreshoy.com\\\/\",\"logo\":{\"@type\":\"ImageObject\",\"inLanguage\":\"es\",\"@id\":\"https:\\\/\\\/contadoreshoy.com\\\/#\\\/schema\\\/logo\\\/image\\\/\",\"url\":\"https:\\\/\\\/contadoreshoy.com\\\/wp-content\\\/uploads\\\/2024\\\/01\\\/cropped-cropped-Copia-de-M-1.jpg\",\"contentUrl\":\"https:\\\/\\\/contadoreshoy.com\\\/wp-content\\\/uploads\\\/2024\\\/01\\\/cropped-cropped-Copia-de-M-1.jpg\",\"width\":499,\"height\":500,\"caption\":\"Contadores P\u00fablicos de Santander\"},\"image\":{\"@id\":\"https:\\\/\\\/contadoreshoy.com\\\/#\\\/schema\\\/logo\\\/image\\\/\"},\"sameAs\":[\"https:\\\/\\\/www.facebook.com\\\/CCCPBucaramanga\\\/\"]},{\"@type\":\"Person\",\"@id\":\"https:\\\/\\\/contadoreshoy.com\\\/#\\\/schema\\\/person\\\/96d8979cb865537c5dc9345e40089fc5\",\"name\":\"Miguel Antonio M\u00e1rquez Monta\u00f1ez\",\"description\":\"Contador P\u00fablico egresado de la Universidad Aut\u00f3noma de Bucaramanga - Asesor contable tributario con m\u00e1s de 25 a\u00f1os de experiencia - Conferencista en temas contables y tributarios - T\u00e9cnico en Hardware y Dise\u00f1o Web - Creador y director Grupo de Estudio Colegio Colombiano de Contadores P\u00fablicos de Bucaramanga - Creador y Master Web p\u00e1gina www.contadoresp\u00fablicossantander.com - Expresidente Colegio Colombiano de Contadores P\u00fablicos Bucaramanga\",\"url\":\"https:\\\/\\\/contadoreshoy.com\\\/?author=1\"}]}<\/script>\n<!-- \/ Yoast SEO plugin. -->","yoast_head_json":{"title":"Tasa de usura julio 01 a septiembre 30 de 2017 - Contadores P\u00fablicos","robots":{"index":"index","follow":"follow","max-snippet":"max-snippet:-1","max-image-preview":"max-image-preview:large","max-video-preview":"max-video-preview:-1"},"canonical":"https:\/\/contadoreshoy.com\/?p=9736","og_locale":"es_ES","og_type":"article","og_title":"Tasa de usura julio 01 a septiembre 30 de 2017 - Contadores P\u00fablicos","og_description":"CERTIFICACI\u00d3N DEL INTER\u00c9S BANCARIO CORRIENTE PARA LA MODALIDAD DE CR\u00c9DITO DE CONSUMO Y ORDINARIO La Superintendencia Financiera de Colombia, en ejercicio de sus atribuciones legales y en especial de lo&#46;&#46;&#46;","og_url":"https:\/\/contadoreshoy.com\/?p=9736","og_site_name":"Contadores P\u00fablicos","article_publisher":"https:\/\/www.facebook.com\/CCCPBucaramanga\/","article_published_time":"2017-07-03T22:33:45+00:00","og_image":[{"width":600,"height":400,"url":"https:\/\/contadoreshoy.com\/wp-content\/uploads\/2017\/07\/Tasa-de-Usura2.jpg","type":"image\/jpeg"}],"author":"Miguel Antonio M\u00e1rquez Monta\u00f1ez","twitter_card":"summary_large_image","twitter_misc":{"Escrito por":"Miguel Antonio M\u00e1rquez Monta\u00f1ez","Tiempo de lectura":"2 minutos"},"schema":{"@context":"https:\/\/schema.org","@graph":[{"@type":"Article","@id":"https:\/\/contadoreshoy.com\/?p=9736#article","isPartOf":{"@id":"https:\/\/contadoreshoy.com\/?p=9736"},"author":{"name":"Miguel Antonio M\u00e1rquez Monta\u00f1ez","@id":"https:\/\/contadoreshoy.com\/#\/schema\/person\/96d8979cb865537c5dc9345e40089fc5"},"headline":"Tasa de usura julio 01 a septiembre 30 de 2017","datePublished":"2017-07-03T22:33:45+00:00","mainEntityOfPage":{"@id":"https:\/\/contadoreshoy.com\/?p=9736"},"wordCount":397,"publisher":{"@id":"https:\/\/contadoreshoy.com\/#organization"},"image":{"@id":"https:\/\/contadoreshoy.com\/?p=9736#primaryimage"},"thumbnailUrl":"https:\/\/contadoreshoy.com\/wp-content\/uploads\/2017\/07\/Tasa-de-Usura2.jpg","inLanguage":"es"},{"@type":"WebPage","@id":"https:\/\/contadoreshoy.com\/?p=9736","url":"https:\/\/contadoreshoy.com\/?p=9736","name":"Tasa de usura julio 01 a septiembre 30 de 2017 - Contadores P\u00fablicos","isPartOf":{"@id":"https:\/\/contadoreshoy.com\/#website"},"primaryImageOfPage":{"@id":"https:\/\/contadoreshoy.com\/?p=9736#primaryimage"},"image":{"@id":"https:\/\/contadoreshoy.com\/?p=9736#primaryimage"},"thumbnailUrl":"https:\/\/contadoreshoy.com\/wp-content\/uploads\/2017\/07\/Tasa-de-Usura2.jpg","datePublished":"2017-07-03T22:33:45+00:00","breadcrumb":{"@id":"https:\/\/contadoreshoy.com\/?p=9736#breadcrumb"},"inLanguage":"es","potentialAction":[{"@type":"ReadAction","target":["https:\/\/contadoreshoy.com\/?p=9736"]}]},{"@type":"ImageObject","inLanguage":"es","@id":"https:\/\/contadoreshoy.com\/?p=9736#primaryimage","url":"https:\/\/contadoreshoy.com\/wp-content\/uploads\/2017\/07\/Tasa-de-Usura2.jpg","contentUrl":"https:\/\/contadoreshoy.com\/wp-content\/uploads\/2017\/07\/Tasa-de-Usura2.jpg","width":600,"height":400},{"@type":"BreadcrumbList","@id":"https:\/\/contadoreshoy.com\/?p=9736#breadcrumb","itemListElement":[{"@type":"ListItem","position":1,"name":"Portada","item":"https:\/\/contadoreshoy.com\/"},{"@type":"ListItem","position":2,"name":"Tasa de usura julio 01 a septiembre 30 de 2017"}]},{"@type":"WebSite","@id":"https:\/\/contadoreshoy.com\/#website","url":"https:\/\/contadoreshoy.com\/","name":"Contadorespublicossantander","description":"Portal para Contadores P\u00fablicos y empresarios","publisher":{"@id":"https:\/\/contadoreshoy.com\/#organization"},"potentialAction":[{"@type":"SearchAction","target":{"@type":"EntryPoint","urlTemplate":"https:\/\/contadoreshoy.com\/?s={search_term_string}"},"query-input":{"@type":"PropertyValueSpecification","valueRequired":true,"valueName":"search_term_string"}}],"inLanguage":"es"},{"@type":"Organization","@id":"https:\/\/contadoreshoy.com\/#organization","name":"Contadores P\u00fablicos de Santander","url":"https:\/\/contadoreshoy.com\/","logo":{"@type":"ImageObject","inLanguage":"es","@id":"https:\/\/contadoreshoy.com\/#\/schema\/logo\/image\/","url":"https:\/\/contadoreshoy.com\/wp-content\/uploads\/2024\/01\/cropped-cropped-Copia-de-M-1.jpg","contentUrl":"https:\/\/contadoreshoy.com\/wp-content\/uploads\/2024\/01\/cropped-cropped-Copia-de-M-1.jpg","width":499,"height":500,"caption":"Contadores P\u00fablicos de Santander"},"image":{"@id":"https:\/\/contadoreshoy.com\/#\/schema\/logo\/image\/"},"sameAs":["https:\/\/www.facebook.com\/CCCPBucaramanga\/"]},{"@type":"Person","@id":"https:\/\/contadoreshoy.com\/#\/schema\/person\/96d8979cb865537c5dc9345e40089fc5","name":"Miguel Antonio M\u00e1rquez Monta\u00f1ez","description":"Contador P\u00fablico egresado de la Universidad Aut\u00f3noma de Bucaramanga - Asesor contable tributario con m\u00e1s de 25 a\u00f1os de experiencia - Conferencista en temas contables y tributarios - T\u00e9cnico en Hardware y Dise\u00f1o Web - Creador y director Grupo de Estudio Colegio Colombiano de Contadores P\u00fablicos de Bucaramanga - Creador y Master Web p\u00e1gina www.contadoresp\u00fablicossantander.com - Expresidente Colegio Colombiano de Contadores P\u00fablicos Bucaramanga","url":"https:\/\/contadoreshoy.com\/?author=1"}]}},"_links":{"self":[{"href":"https:\/\/contadoreshoy.com\/index.php?rest_route=\/wp\/v2\/posts\/9736","targetHints":{"allow":["GET"]}}],"collection":[{"href":"https:\/\/contadoreshoy.com\/index.php?rest_route=\/wp\/v2\/posts"}],"about":[{"href":"https:\/\/contadoreshoy.com\/index.php?rest_route=\/wp\/v2\/types\/post"}],"author":[{"embeddable":true,"href":"https:\/\/contadoreshoy.com\/index.php?rest_route=\/wp\/v2\/users\/1"}],"replies":[{"embeddable":true,"href":"https:\/\/contadoreshoy.com\/index.php?rest_route=%2Fwp%2Fv2%2Fcomments&post=9736"}],"version-history":[{"count":1,"href":"https:\/\/contadoreshoy.com\/index.php?rest_route=\/wp\/v2\/posts\/9736\/revisions"}],"predecessor-version":[{"id":9739,"href":"https:\/\/contadoreshoy.com\/index.php?rest_route=\/wp\/v2\/posts\/9736\/revisions\/9739"}],"wp:featuredmedia":[{"embeddable":true,"href":"https:\/\/contadoreshoy.com\/index.php?rest_route=\/wp\/v2\/media\/9738"}],"wp:attachment":[{"href":"https:\/\/contadoreshoy.com\/index.php?rest_route=%2Fwp%2Fv2%2Fmedia&parent=9736"}],"wp:term":[{"taxonomy":"category","embeddable":true,"href":"https:\/\/contadoreshoy.com\/index.php?rest_route=%2Fwp%2Fv2%2Fcategories&post=9736"},{"taxonomy":"post_tag","embeddable":true,"href":"https:\/\/contadoreshoy.com\/index.php?rest_route=%2Fwp%2Fv2%2Ftags&post=9736"}],"curies":[{"name":"wp","href":"https:\/\/api.w.org\/{rel}","templated":true}]}}