{"id":9757,"date":"2017-07-04T21:36:01","date_gmt":"2017-07-05T02:36:01","guid":{"rendered":"https:\/\/contadoreshoy.com\/?p=9757"},"modified":"2017-07-04T21:36:01","modified_gmt":"2017-07-05T02:36:01","slug":"bienes-incorporales-valor-patrimonial","status":"publish","type":"post","link":"https:\/\/contadoreshoy.com\/?p=9757","title":{"rendered":"Bienes Incorporales &#8211; Valor Patrimonial"},"content":{"rendered":"<p><img loading=\"lazy\" decoding=\"async\" class=\"aligncenter wp-image-9754 size-full\" src=\"https:\/\/contadoreshoy.com\/wp-content\/uploads\/2017\/07\/Activos-incorporales.jpg\" alt=\"\" width=\"800\" height=\"600\" srcset=\"https:\/\/contadoreshoy.com\/wp-content\/uploads\/2017\/07\/Activos-incorporales.jpg 800w, https:\/\/contadoreshoy.com\/wp-content\/uploads\/2017\/07\/Activos-incorporales-600x450.jpg 600w, https:\/\/contadoreshoy.com\/wp-content\/uploads\/2017\/07\/Activos-incorporales-200x150.jpg 200w, https:\/\/contadoreshoy.com\/wp-content\/uploads\/2017\/07\/Activos-incorporales-533x400.jpg 533w, https:\/\/contadoreshoy.com\/wp-content\/uploads\/2017\/07\/Activos-incorporales-768x576.jpg 768w\" sizes=\"auto, (max-width: 800px) 100vw, 800px\" \/><\/p>\n<p style=\"text-align: center;\"><strong>VALOR PATRIMONIAL DE LOS BIENES INCORPORALES<\/strong><\/p>\n<p style=\"text-align: justify;\"><span style=\"color: #0000ff; font-size: 14pt;\"><strong>Bienes incorporales Formados:<\/strong><\/span><\/p>\n<p style=\"text-align: justify;\"><span style=\"color: #3366ff;\"><strong>Art\u00edculo&nbsp;<\/strong><strong>75<\/strong><strong>.&nbsp;<em>Costo fiscal de los bienes incorporales formados<\/em><\/strong>.<\/span>&nbsp;<strong>(ART. MODIFICADO POR ART. 55 DE LA LEY 1819 DE 2016 ).<\/strong>&nbsp; <em>El costo de los bienes incorporales, formados por los contribuyentes, concernientes a la propiedad industrial, literaria, art\u00edstica y cient\u00edfica, tales como patentes de invenci\u00f3n, marcas, good-will, derechos de autor y otros intangibles, <span style=\"color: #ff6600;\"><strong>se presume constituido por el treinta por ciento (30%) del valor de la enajenaci\u00f3n<\/strong><\/span>. Para que proceda el costo previsto en este art\u00edculo, el respectivo intangible deber\u00e1 figurar en la declaraci\u00f3n de renta y complementarios del contribuyente correspondiente al a\u00f1o inmediatamente anterior al gravable, y estar debidamente soportado mediante aval\u00fao t\u00e9cnico\u201d.<\/em><\/p>\n<p style=\"text-align: justify;\"><span style=\"color: #ff6600;\"><strong><em>Ejemplo:<\/em><\/strong><\/span><\/p>\n<p style=\"text-align: justify;\">Lo anterior significa que, por ejemplo,&nbsp;<strong>si durante el a\u00f1o 2017 se piensa vender el<\/strong><strong>&nbsp;<\/strong><em><strong>Know-How<\/strong><\/em><strong>&nbsp;<\/strong><strong>de la empresa, y el precio de venta ser\u00e1 $100.000.000, en la declaraci\u00f3n de renta del a\u00f1o 2016 se deber\u00e1 incluir como otros activos un valor de $30.000.000.<\/strong>&nbsp;<\/p>\n<p style=\"text-align: justify;\"><span style=\"font-size: 14pt; color: #0000ff;\"><strong>Bienes incorporales adquiridos:<\/strong><\/span><\/p>\n<p style=\"text-align: justify;\"><strong><em>\u201c<span style=\"color: #3366ff;\">Art\u00edculo&nbsp;<\/span><\/em><\/strong><span style=\"color: #3366ff;\"><strong><em><u>279<\/u><\/em><\/strong><\/span><strong><em><span style=\"color: #3366ff;\">.&nbsp;Valor de los bienes incorporales.<\/span>&nbsp;(ART. MODIFICADO POR ART 118 DE LA LEY 1819 DE 2016 ART).<\/em><\/strong><em>&nbsp;<\/em><em>El valor patrimonial de los bienes incorporales concernientes a la propiedad industrial, literaria, art\u00edstica y cient\u00edfica, tales como patentes de invenci\u00f3n, marcas, plusval\u00eda, derechos de autor, otros intangibles e inversiones adquiridos a cualquier t\u00edtulo, <strong><span style=\"color: #ff6600;\">se estima por su costo de adquisici\u00f3n demostrado, m\u00e1s cualquier costo directamente atribuible a la preparaci\u00f3n del activo para su uso previsto menos las amortizaciones concedidas y la solicitada por el a\u00f1o o per\u00edodo gravable<\/span>.\u201d<\/strong><\/em><\/p>\n","protected":false},"excerpt":{"rendered":"<p>VALOR PATRIMONIAL DE LOS BIENES INCORPORALES Bienes incorporales Formados: Art\u00edculo&nbsp;75.&nbsp;Costo fiscal de los bienes incorporales formados.&nbsp;(ART. MODIFICADO POR ART. 55 DE LA LEY 1819 DE 2016 ).&nbsp; El costo de&#46;&#46;&#46;<\/p>\n","protected":false},"author":1,"featured_media":9755,"comment_status":"closed","ping_status":"open","sticky":false,"template":"","format":"standard","meta":{"_monsterinsights_skip_tracking":false,"ngg_post_thumbnail":0,"footnotes":"","_links_to":"","_links_to_target":""},"categories":[454],"tags":[],"class_list":["post-9757","post","type-post","status-publish","format-standard","has-post-thumbnail","hentry","category-sin-categoria"],"aioseo_notices":[],"aioseo_head":"\n\t\t<!-- All in One SEO 5.0.1.1 - aioseo.com -->\n\t<meta name=\"description\" content=\"VALOR PATRIMONIAL DE LOS BIENES INCORPORALES Bienes incorporales Formados: Art\u00edculo 75. Costo fiscal de los bienes incorporales formados. (ART. MODIFICADO POR ART. 55 DE LA LEY 1819 DE 2016 ). El costo de los bienes incorporales, formados por los contribuyentes, concernientes a la propiedad industrial, literaria, art\u00edstica y cient\u00edfica, tales como patentes de invenci\u00f3n, marcas, good-will, derechos de\" \/>\n\t<meta name=\"robots\" content=\"max-image-preview:large\" \/>\n\t<meta name=\"author\" content=\"Miguel Antonio M\u00e1rquez Monta\u00f1ez\"\/>\n\t<link rel=\"canonical\" href=\"https:\/\/contadoreshoy.com\/?p=9757\" \/>\n\t<meta name=\"generator\" content=\"All in One SEO (AIOSEO) 5.0.1.1\" \/>\n\t\t<meta property=\"og:locale\" content=\"es_ES\" \/>\n\t\t<meta property=\"og:site_name\" content=\"Contadores P\u00fablicos - Portal para Contadores P\u00fablicos y empresarios\" \/>\n\t\t<meta property=\"og:type\" content=\"article\" \/>\n\t\t<meta property=\"og:title\" content=\"Bienes Incorporales \u2013 Valor Patrimonial - Contadores P\u00fablicos\" \/>\n\t\t<meta property=\"og:description\" content=\"VALOR PATRIMONIAL DE LOS BIENES INCORPORALES Bienes incorporales Formados: Art\u00edculo 75. Costo fiscal de los bienes incorporales formados. (ART. MODIFICADO POR ART. 55 DE LA LEY 1819 DE 2016 ). El costo de los bienes incorporales, formados por los contribuyentes, concernientes a la propiedad industrial, literaria, art\u00edstica y cient\u00edfica, tales como patentes de invenci\u00f3n, marcas, good-will, derechos de\" \/>\n\t\t<meta property=\"og:url\" content=\"https:\/\/contadoreshoy.com\/?p=9757\" \/>\n\t\t<meta property=\"og:image\" content=\"https:\/\/contadoreshoy.com\/wp-content\/uploads\/2024\/01\/cropped-cropped-cropped-Copia-de-M.jpg\" \/>\n\t\t<meta property=\"og:image:secure_url\" content=\"https:\/\/contadoreshoy.com\/wp-content\/uploads\/2024\/01\/cropped-cropped-cropped-Copia-de-M.jpg\" \/>\n\t\t<meta property=\"og:image:width\" content=\"512\" \/>\n\t\t<meta property=\"og:image:height\" content=\"371\" \/>\n\t\t<meta property=\"article:published_time\" content=\"2017-07-05T02:36:01+00:00\" \/>\n\t\t<meta property=\"article:modified_time\" content=\"2017-07-05T02:36:01+00:00\" \/>\n\t\t<meta name=\"twitter:card\" content=\"summary_large_image\" \/>\n\t\t<meta name=\"twitter:title\" content=\"Bienes Incorporales \u2013 Valor Patrimonial - Contadores P\u00fablicos\" \/>\n\t\t<meta name=\"twitter:description\" content=\"VALOR PATRIMONIAL DE LOS BIENES INCORPORALES Bienes incorporales Formados: Art\u00edculo 75. Costo fiscal de los bienes incorporales formados. (ART. MODIFICADO POR ART. 55 DE LA LEY 1819 DE 2016 ). El costo de los bienes incorporales, formados por los contribuyentes, concernientes a la propiedad industrial, literaria, art\u00edstica y cient\u00edfica, tales como patentes de invenci\u00f3n, marcas, good-will, derechos de\" \/>\n\t\t<meta name=\"twitter:image\" content=\"https:\/\/contadoreshoy.com\/wp-content\/uploads\/2024\/01\/cropped-cropped-cropped-Copia-de-M.jpg\" \/>\n\t\t<script type=\"application\/ld+json\" class=\"aioseo-schema\">\n\t\t\t{\"@context\":\"https:\\\/\\\/schema.org\",\"@graph\":[{\"@type\":\"BlogPosting\",\"@id\":\"https:\\\/\\\/contadoreshoy.com\\\/?p=9757#blogposting\",\"name\":\"Bienes Incorporales \\u2013 Valor Patrimonial - Contadores P\\u00fablicos\",\"headline\":\"Bienes Incorporales &#8211; Valor Patrimonial\",\"author\":{\"@id\":\"https:\\\/\\\/contadoreshoy.com\\\/?author=1#author\"},\"publisher\":{\"@id\":\"https:\\\/\\\/contadoreshoy.com\\\/#organization\"},\"image\":{\"@type\":\"ImageObject\",\"url\":\"https:\\\/\\\/contadoreshoy.com\\\/wp-content\\\/uploads\\\/2017\\\/07\\\/Activos-Incorporales2.jpg\",\"width\":600,\"height\":400},\"datePublished\":\"2017-07-04T21:36:01-05:00\",\"dateModified\":\"2017-07-04T21:36:01-05:00\",\"inLanguage\":\"es-ES\",\"mainEntityOfPage\":{\"@id\":\"https:\\\/\\\/contadoreshoy.com\\\/?p=9757#webpage\"},\"isPartOf\":{\"@id\":\"https:\\\/\\\/contadoreshoy.com\\\/?p=9757#webpage\"},\"articleSection\":\"Sin categor\\u00eda\"},{\"@type\":\"BreadcrumbList\",\"@id\":\"https:\\\/\\\/contadoreshoy.com\\\/?p=9757#breadcrumblist\",\"itemListElement\":[{\"@type\":\"ListItem\",\"@id\":\"https:\\\/\\\/contadoreshoy.com#listItem\",\"position\":1,\"name\":\"Home\",\"item\":\"https:\\\/\\\/contadoreshoy.com\",\"nextItem\":{\"@type\":\"ListItem\",\"@id\":\"https:\\\/\\\/contadoreshoy.com\\\/?cat=454#listItem\",\"name\":\"Sin categor\\u00eda\"}},{\"@type\":\"ListItem\",\"@id\":\"https:\\\/\\\/contadoreshoy.com\\\/?cat=454#listItem\",\"position\":2,\"name\":\"Sin categor\\u00eda\",\"item\":\"https:\\\/\\\/contadoreshoy.com\\\/?cat=454\",\"nextItem\":{\"@type\":\"ListItem\",\"@id\":\"https:\\\/\\\/contadoreshoy.com\\\/?p=9757#listItem\",\"name\":\"Bienes Incorporales &#8211; Valor Patrimonial\"},\"previousItem\":{\"@type\":\"ListItem\",\"@id\":\"https:\\\/\\\/contadoreshoy.com#listItem\",\"name\":\"Home\"}},{\"@type\":\"ListItem\",\"@id\":\"https:\\\/\\\/contadoreshoy.com\\\/?p=9757#listItem\",\"position\":3,\"name\":\"Bienes Incorporales &#8211; Valor Patrimonial\",\"previousItem\":{\"@type\":\"ListItem\",\"@id\":\"https:\\\/\\\/contadoreshoy.com\\\/?cat=454#listItem\",\"name\":\"Sin categor\\u00eda\"}}]},{\"@type\":\"Organization\",\"@id\":\"https:\\\/\\\/contadoreshoy.com\\\/#organization\",\"name\":\"Contadores P\\u00fablicos\",\"description\":\"Portal para Contadores P\\u00fablicos y empresarios\",\"url\":\"https:\\\/\\\/contadoreshoy.com\\\/\",\"logo\":{\"@type\":\"ImageObject\",\"url\":\"https:\\\/\\\/contadoreshoy.com\\\/wp-content\\\/uploads\\\/2024\\\/01\\\/cropped-cropped-Copia-de-M-1.jpg\",\"@id\":\"https:\\\/\\\/contadoreshoy.com\\\/?p=9757\\\/#organizationLogo\",\"width\":499,\"height\":500},\"image\":{\"@id\":\"https:\\\/\\\/contadoreshoy.com\\\/?p=9757\\\/#organizationLogo\"}},{\"@type\":\"Person\",\"@id\":\"https:\\\/\\\/contadoreshoy.com\\\/?author=1#author\",\"url\":\"https:\\\/\\\/contadoreshoy.com\\\/?author=1\",\"name\":\"Miguel Antonio M\\u00e1rquez Monta\\u00f1ez\"},{\"@type\":\"WebPage\",\"@id\":\"https:\\\/\\\/contadoreshoy.com\\\/?p=9757#webpage\",\"url\":\"https:\\\/\\\/contadoreshoy.com\\\/?p=9757\",\"name\":\"Bienes Incorporales \\u2013 Valor Patrimonial - Contadores P\\u00fablicos\",\"description\":\"VALOR PATRIMONIAL DE LOS BIENES INCORPORALES Bienes incorporales Formados: Art\\u00edculo 75. Costo fiscal de los bienes incorporales formados. (ART. MODIFICADO POR ART. 55 DE LA LEY 1819 DE 2016 ). El costo de los bienes incorporales, formados por los contribuyentes, concernientes a la propiedad industrial, literaria, art\\u00edstica y cient\\u00edfica, tales como patentes de invenci\\u00f3n, marcas, good-will, derechos de\",\"inLanguage\":\"es-ES\",\"isPartOf\":{\"@id\":\"https:\\\/\\\/contadoreshoy.com\\\/#website\"},\"breadcrumb\":{\"@id\":\"https:\\\/\\\/contadoreshoy.com\\\/?p=9757#breadcrumblist\"},\"author\":{\"@id\":\"https:\\\/\\\/contadoreshoy.com\\\/?author=1#author\"},\"creator\":{\"@id\":\"https:\\\/\\\/contadoreshoy.com\\\/?author=1#author\"},\"image\":{\"@type\":\"ImageObject\",\"url\":\"https:\\\/\\\/contadoreshoy.com\\\/wp-content\\\/uploads\\\/2017\\\/07\\\/Activos-Incorporales2.jpg\",\"@id\":\"https:\\\/\\\/contadoreshoy.com\\\/?p=9757\\\/#mainImage\",\"width\":600,\"height\":400},\"primaryImageOfPage\":{\"@id\":\"https:\\\/\\\/contadoreshoy.com\\\/?p=9757#mainImage\"},\"datePublished\":\"2017-07-04T21:36:01-05:00\",\"dateModified\":\"2017-07-04T21:36:01-05:00\"},{\"@type\":\"WebSite\",\"@id\":\"https:\\\/\\\/contadoreshoy.com\\\/#website\",\"url\":\"https:\\\/\\\/contadoreshoy.com\\\/\",\"name\":\"Contadores P\\u00fablicos\",\"description\":\"Portal para Contadores P\\u00fablicos y empresarios\",\"inLanguage\":\"es-ES\",\"publisher\":{\"@id\":\"https:\\\/\\\/contadoreshoy.com\\\/#organization\"}}]}\n\t\t<\/script>\n\t\t<!-- All in One SEO -->\n\n","aioseo_head_json":{"title":"Bienes Incorporales \u2013 Valor Patrimonial - Contadores P\u00fablicos","description":"VALOR PATRIMONIAL DE LOS BIENES INCORPORALES Bienes incorporales Formados: Art\u00edculo 75. Costo fiscal de los bienes incorporales formados. (ART. MODIFICADO POR ART. 55 DE LA LEY 1819 DE 2016 ). El costo de los bienes incorporales, formados por los contribuyentes, concernientes a la propiedad industrial, literaria, art\u00edstica y cient\u00edfica, tales como patentes de invenci\u00f3n, marcas, good-will, derechos de","canonical_url":"https:\/\/contadoreshoy.com\/?p=9757","robots":"max-image-preview:large","keywords":"","webmasterTools":{"miscellaneous":""},"schema":{"@context":"https:\/\/schema.org","@graph":[{"@type":"BlogPosting","@id":"https:\/\/contadoreshoy.com\/?p=9757#blogposting","name":"Bienes Incorporales \u2013 Valor Patrimonial - Contadores P\u00fablicos","headline":"Bienes Incorporales &#8211; Valor Patrimonial","author":{"@id":"https:\/\/contadoreshoy.com\/?author=1#author"},"publisher":{"@id":"https:\/\/contadoreshoy.com\/#organization"},"image":{"@type":"ImageObject","url":"https:\/\/contadoreshoy.com\/wp-content\/uploads\/2017\/07\/Activos-Incorporales2.jpg","width":600,"height":400},"datePublished":"2017-07-04T21:36:01-05:00","dateModified":"2017-07-04T21:36:01-05:00","inLanguage":"es-ES","mainEntityOfPage":{"@id":"https:\/\/contadoreshoy.com\/?p=9757#webpage"},"isPartOf":{"@id":"https:\/\/contadoreshoy.com\/?p=9757#webpage"},"articleSection":"Sin categor\u00eda"},{"@type":"BreadcrumbList","@id":"https:\/\/contadoreshoy.com\/?p=9757#breadcrumblist","itemListElement":[{"@type":"ListItem","@id":"https:\/\/contadoreshoy.com#listItem","position":1,"name":"Home","item":"https:\/\/contadoreshoy.com","nextItem":{"@type":"ListItem","@id":"https:\/\/contadoreshoy.com\/?cat=454#listItem","name":"Sin categor\u00eda"}},{"@type":"ListItem","@id":"https:\/\/contadoreshoy.com\/?cat=454#listItem","position":2,"name":"Sin categor\u00eda","item":"https:\/\/contadoreshoy.com\/?cat=454","nextItem":{"@type":"ListItem","@id":"https:\/\/contadoreshoy.com\/?p=9757#listItem","name":"Bienes Incorporales &#8211; Valor Patrimonial"},"previousItem":{"@type":"ListItem","@id":"https:\/\/contadoreshoy.com#listItem","name":"Home"}},{"@type":"ListItem","@id":"https:\/\/contadoreshoy.com\/?p=9757#listItem","position":3,"name":"Bienes Incorporales &#8211; Valor Patrimonial","previousItem":{"@type":"ListItem","@id":"https:\/\/contadoreshoy.com\/?cat=454#listItem","name":"Sin categor\u00eda"}}]},{"@type":"Organization","@id":"https:\/\/contadoreshoy.com\/#organization","name":"Contadores P\u00fablicos","description":"Portal para Contadores P\u00fablicos y empresarios","url":"https:\/\/contadoreshoy.com\/","logo":{"@type":"ImageObject","url":"https:\/\/contadoreshoy.com\/wp-content\/uploads\/2024\/01\/cropped-cropped-Copia-de-M-1.jpg","@id":"https:\/\/contadoreshoy.com\/?p=9757\/#organizationLogo","width":499,"height":500},"image":{"@id":"https:\/\/contadoreshoy.com\/?p=9757\/#organizationLogo"}},{"@type":"Person","@id":"https:\/\/contadoreshoy.com\/?author=1#author","url":"https:\/\/contadoreshoy.com\/?author=1","name":"Miguel Antonio M\u00e1rquez Monta\u00f1ez"},{"@type":"WebPage","@id":"https:\/\/contadoreshoy.com\/?p=9757#webpage","url":"https:\/\/contadoreshoy.com\/?p=9757","name":"Bienes Incorporales \u2013 Valor Patrimonial - Contadores P\u00fablicos","description":"VALOR PATRIMONIAL DE LOS BIENES INCORPORALES Bienes incorporales Formados: Art\u00edculo 75. Costo fiscal de los bienes incorporales formados. (ART. MODIFICADO POR ART. 55 DE LA LEY 1819 DE 2016 ). El costo de los bienes incorporales, formados por los contribuyentes, concernientes a la propiedad industrial, literaria, art\u00edstica y cient\u00edfica, tales como patentes de invenci\u00f3n, marcas, good-will, derechos de","inLanguage":"es-ES","isPartOf":{"@id":"https:\/\/contadoreshoy.com\/#website"},"breadcrumb":{"@id":"https:\/\/contadoreshoy.com\/?p=9757#breadcrumblist"},"author":{"@id":"https:\/\/contadoreshoy.com\/?author=1#author"},"creator":{"@id":"https:\/\/contadoreshoy.com\/?author=1#author"},"image":{"@type":"ImageObject","url":"https:\/\/contadoreshoy.com\/wp-content\/uploads\/2017\/07\/Activos-Incorporales2.jpg","@id":"https:\/\/contadoreshoy.com\/?p=9757\/#mainImage","width":600,"height":400},"primaryImageOfPage":{"@id":"https:\/\/contadoreshoy.com\/?p=9757#mainImage"},"datePublished":"2017-07-04T21:36:01-05:00","dateModified":"2017-07-04T21:36:01-05:00"},{"@type":"WebSite","@id":"https:\/\/contadoreshoy.com\/#website","url":"https:\/\/contadoreshoy.com\/","name":"Contadores P\u00fablicos","description":"Portal para Contadores P\u00fablicos y empresarios","inLanguage":"es-ES","publisher":{"@id":"https:\/\/contadoreshoy.com\/#organization"}}]},"og:locale":"es_ES","og:site_name":"Contadores P\u00fablicos - Portal para Contadores P\u00fablicos y empresarios","og:type":"article","og:title":"Bienes Incorporales \u2013 Valor Patrimonial - Contadores P\u00fablicos","og:description":"VALOR PATRIMONIAL DE LOS BIENES INCORPORALES Bienes incorporales Formados: Art\u00edculo 75. Costo fiscal de los bienes incorporales formados. (ART. MODIFICADO POR ART. 55 DE LA LEY 1819 DE 2016 ). El costo de los bienes incorporales, formados por los contribuyentes, concernientes a la propiedad industrial, literaria, art\u00edstica y cient\u00edfica, tales como patentes de invenci\u00f3n, marcas, good-will, derechos de","og:url":"https:\/\/contadoreshoy.com\/?p=9757","og:image":"https:\/\/contadoreshoy.com\/wp-content\/uploads\/2024\/01\/cropped-cropped-cropped-Copia-de-M.jpg","og:image:secure_url":"https:\/\/contadoreshoy.com\/wp-content\/uploads\/2024\/01\/cropped-cropped-cropped-Copia-de-M.jpg","og:image:width":512,"og:image:height":371,"article:published_time":"2017-07-05T02:36:01+00:00","article:modified_time":"2017-07-05T02:36:01+00:00","twitter:card":"summary_large_image","twitter:title":"Bienes Incorporales \u2013 Valor Patrimonial - Contadores P\u00fablicos","twitter:description":"VALOR PATRIMONIAL DE LOS BIENES INCORPORALES Bienes incorporales Formados: Art\u00edculo 75. Costo fiscal de los bienes incorporales formados. (ART. MODIFICADO POR ART. 55 DE LA LEY 1819 DE 2016 ). El costo de los bienes incorporales, formados por los contribuyentes, concernientes a la propiedad industrial, literaria, art\u00edstica y cient\u00edfica, tales como patentes de invenci\u00f3n, marcas, good-will, derechos de","twitter:image":"https:\/\/contadoreshoy.com\/wp-content\/uploads\/2024\/01\/cropped-cropped-cropped-Copia-de-M.jpg"},"aioseo_meta_data":{"post_id":"9757","title":null,"description":null,"keywords":null,"keyphrases":null,"primary_term":null,"canonical_url":null,"og_title":null,"og_description":null,"og_object_type":"default","og_image_type":"default","og_image_url":null,"og_image_width":null,"og_image_height":null,"og_image_custom_url":null,"og_image_custom_fields":null,"og_video":null,"og_custom_url":null,"og_article_section":null,"og_article_tags":null,"twitter_use_og":false,"twitter_card":"default","twitter_image_type":"default","twitter_image_url":null,"twitter_image_custom_url":null,"twitter_image_custom_fields":null,"twitter_title":null,"twitter_description":null,"schema":{"blockGraphs":[],"customGraphs":[],"default":{"data":{"Article":[],"Course":[],"Dataset":[],"FAQPage":[],"Movie":[],"Person":[],"Product":[],"ProductReview":[],"Car":[],"Recipe":[],"Service":[],"SoftwareApplication":[],"WebPage":[]},"graphName":"","isEnabled":true},"graphs":[]},"schema_type":"default","schema_type_options":null,"pillar_content":false,"robots_default":true,"robots_noindex":false,"robots_noarchive":false,"robots_nosnippet":false,"robots_nofollow":false,"robots_noimageindex":false,"robots_noodp":false,"robots_notranslate":false,"robots_max_snippet":null,"robots_max_videopreview":null,"robots_max_imagepreview":"large","priority":null,"frequency":null,"local_seo":null,"breadcrumb_settings":null,"limit_modified_date":false,"ai":null,"created":"2024-03-05 01:49:32","updated":"2026-03-03 05:03:40","seo_analyzer_scan_date":null,"focus_keyword":null,"additional_keywords":null,"truseo_locale":null},"aioseo_breadcrumb":"<div class=\"aioseo-breadcrumbs\"><span class=\"aioseo-breadcrumb\">\n\t\t\t<a href=\"https:\/\/contadoreshoy.com\" title=\"Home\">Home<\/a>\n\t\t<\/span><span class=\"aioseo-breadcrumb-separator\">&raquo;<\/span><span class=\"aioseo-breadcrumb\">\n\t\t\t<a href=\"https:\/\/contadoreshoy.com\/?cat=454\" title=\"Sin categor\u00eda\">Sin categor\u00eda<\/a>\n\t\t<\/span><span class=\"aioseo-breadcrumb-separator\">&raquo;<\/span><span class=\"aioseo-breadcrumb\">\n\t\t\tBienes Incorporales \u2013 Valor Patrimonial\n\t\t<\/span><\/div>","aioseo_breadcrumb_json":[{"label":"Home","link":"https:\/\/contadoreshoy.com"},{"label":"Sin categor\u00eda","link":"https:\/\/contadoreshoy.com\/?cat=454"},{"label":"Bienes Incorporales &#8211; Valor Patrimonial","link":"https:\/\/contadoreshoy.com\/?p=9757"}],"yoast_head":"<!-- This site is optimized with the Yoast SEO plugin v28.4 - https:\/\/yoast.com\/product\/yoast-seo-wordpress\/ -->\n<title>Bienes Incorporales - Valor Patrimonial - Contadores P\u00fablicos<\/title>\n<meta name=\"robots\" content=\"index, follow, max-snippet:-1, max-image-preview:large, max-video-preview:-1\" \/>\n<link rel=\"canonical\" href=\"https:\/\/contadoreshoy.com\/?p=9757\" \/>\n<meta property=\"og:locale\" content=\"es_ES\" \/>\n<meta property=\"og:type\" content=\"article\" \/>\n<meta property=\"og:title\" content=\"Bienes Incorporales - Valor Patrimonial - Contadores P\u00fablicos\" \/>\n<meta property=\"og:description\" content=\"VALOR PATRIMONIAL DE LOS BIENES INCORPORALES Bienes incorporales Formados: Art\u00edculo&nbsp;75.&nbsp;Costo fiscal de los bienes incorporales formados.&nbsp;(ART. MODIFICADO POR ART. 55 DE LA LEY 1819 DE 2016 ).&nbsp; El costo de&#046;&#046;&#046;\" \/>\n<meta property=\"og:url\" content=\"https:\/\/contadoreshoy.com\/?p=9757\" \/>\n<meta property=\"og:site_name\" content=\"Contadores P\u00fablicos\" \/>\n<meta property=\"article:publisher\" content=\"https:\/\/www.facebook.com\/CCCPBucaramanga\/\" \/>\n<meta property=\"article:published_time\" content=\"2017-07-05T02:36:01+00:00\" \/>\n<meta property=\"og:image\" content=\"https:\/\/contadoreshoy.com\/wp-content\/uploads\/2017\/07\/Activos-Incorporales2.jpg\" \/>\n\t<meta property=\"og:image:width\" content=\"600\" \/>\n\t<meta property=\"og:image:height\" content=\"400\" \/>\n\t<meta property=\"og:image:type\" content=\"image\/jpeg\" \/>\n<meta name=\"author\" content=\"Miguel Antonio M\u00e1rquez Monta\u00f1ez\" \/>\n<meta name=\"twitter:card\" content=\"summary_large_image\" \/>\n<meta name=\"twitter:label1\" content=\"Escrito por\" \/>\n\t<meta name=\"twitter:data1\" content=\"Miguel Antonio M\u00e1rquez Monta\u00f1ez\" \/>\n\t<meta name=\"twitter:label2\" content=\"Tiempo de lectura\" \/>\n\t<meta name=\"twitter:data2\" content=\"1 minuto\" \/>\n<script type=\"application\/ld+json\" class=\"yoast-schema-graph\">{\"@context\":\"https:\\\/\\\/schema.org\",\"@graph\":[{\"@type\":\"Article\",\"@id\":\"https:\\\/\\\/contadoreshoy.com\\\/?p=9757#article\",\"isPartOf\":{\"@id\":\"https:\\\/\\\/contadoreshoy.com\\\/?p=9757\"},\"author\":{\"name\":\"Miguel Antonio M\u00e1rquez Monta\u00f1ez\",\"@id\":\"https:\\\/\\\/contadoreshoy.com\\\/#\\\/schema\\\/person\\\/96d8979cb865537c5dc9345e40089fc5\"},\"headline\":\"Bienes Incorporales &#8211; Valor Patrimonial\",\"datePublished\":\"2017-07-05T02:36:01+00:00\",\"mainEntityOfPage\":{\"@id\":\"https:\\\/\\\/contadoreshoy.com\\\/?p=9757\"},\"wordCount\":276,\"publisher\":{\"@id\":\"https:\\\/\\\/contadoreshoy.com\\\/#organization\"},\"image\":{\"@id\":\"https:\\\/\\\/contadoreshoy.com\\\/?p=9757#primaryimage\"},\"thumbnailUrl\":\"https:\\\/\\\/contadoreshoy.com\\\/wp-content\\\/uploads\\\/2017\\\/07\\\/Activos-Incorporales2.jpg\",\"inLanguage\":\"es\"},{\"@type\":\"WebPage\",\"@id\":\"https:\\\/\\\/contadoreshoy.com\\\/?p=9757\",\"url\":\"https:\\\/\\\/contadoreshoy.com\\\/?p=9757\",\"name\":\"Bienes Incorporales - Valor Patrimonial - Contadores P\u00fablicos\",\"isPartOf\":{\"@id\":\"https:\\\/\\\/contadoreshoy.com\\\/#website\"},\"primaryImageOfPage\":{\"@id\":\"https:\\\/\\\/contadoreshoy.com\\\/?p=9757#primaryimage\"},\"image\":{\"@id\":\"https:\\\/\\\/contadoreshoy.com\\\/?p=9757#primaryimage\"},\"thumbnailUrl\":\"https:\\\/\\\/contadoreshoy.com\\\/wp-content\\\/uploads\\\/2017\\\/07\\\/Activos-Incorporales2.jpg\",\"datePublished\":\"2017-07-05T02:36:01+00:00\",\"breadcrumb\":{\"@id\":\"https:\\\/\\\/contadoreshoy.com\\\/?p=9757#breadcrumb\"},\"inLanguage\":\"es\",\"potentialAction\":[{\"@type\":\"ReadAction\",\"target\":[\"https:\\\/\\\/contadoreshoy.com\\\/?p=9757\"]}]},{\"@type\":\"ImageObject\",\"inLanguage\":\"es\",\"@id\":\"https:\\\/\\\/contadoreshoy.com\\\/?p=9757#primaryimage\",\"url\":\"https:\\\/\\\/contadoreshoy.com\\\/wp-content\\\/uploads\\\/2017\\\/07\\\/Activos-Incorporales2.jpg\",\"contentUrl\":\"https:\\\/\\\/contadoreshoy.com\\\/wp-content\\\/uploads\\\/2017\\\/07\\\/Activos-Incorporales2.jpg\",\"width\":600,\"height\":400},{\"@type\":\"BreadcrumbList\",\"@id\":\"https:\\\/\\\/contadoreshoy.com\\\/?p=9757#breadcrumb\",\"itemListElement\":[{\"@type\":\"ListItem\",\"position\":1,\"name\":\"Portada\",\"item\":\"https:\\\/\\\/contadoreshoy.com\\\/\"},{\"@type\":\"ListItem\",\"position\":2,\"name\":\"Bienes Incorporales &#8211; Valor Patrimonial\"}]},{\"@type\":\"WebSite\",\"@id\":\"https:\\\/\\\/contadoreshoy.com\\\/#website\",\"url\":\"https:\\\/\\\/contadoreshoy.com\\\/\",\"name\":\"Contadorespublicossantander\",\"description\":\"Portal para Contadores P\u00fablicos y empresarios\",\"publisher\":{\"@id\":\"https:\\\/\\\/contadoreshoy.com\\\/#organization\"},\"potentialAction\":[{\"@type\":\"SearchAction\",\"target\":{\"@type\":\"EntryPoint\",\"urlTemplate\":\"https:\\\/\\\/contadoreshoy.com\\\/?s={search_term_string}\"},\"query-input\":{\"@type\":\"PropertyValueSpecification\",\"valueRequired\":true,\"valueName\":\"search_term_string\"}}],\"inLanguage\":\"es\"},{\"@type\":\"Organization\",\"@id\":\"https:\\\/\\\/contadoreshoy.com\\\/#organization\",\"name\":\"Contadores P\u00fablicos de Santander\",\"url\":\"https:\\\/\\\/contadoreshoy.com\\\/\",\"logo\":{\"@type\":\"ImageObject\",\"inLanguage\":\"es\",\"@id\":\"https:\\\/\\\/contadoreshoy.com\\\/#\\\/schema\\\/logo\\\/image\\\/\",\"url\":\"https:\\\/\\\/contadoreshoy.com\\\/wp-content\\\/uploads\\\/2024\\\/01\\\/cropped-cropped-Copia-de-M-1.jpg\",\"contentUrl\":\"https:\\\/\\\/contadoreshoy.com\\\/wp-content\\\/uploads\\\/2024\\\/01\\\/cropped-cropped-Copia-de-M-1.jpg\",\"width\":499,\"height\":500,\"caption\":\"Contadores P\u00fablicos de Santander\"},\"image\":{\"@id\":\"https:\\\/\\\/contadoreshoy.com\\\/#\\\/schema\\\/logo\\\/image\\\/\"},\"sameAs\":[\"https:\\\/\\\/www.facebook.com\\\/CCCPBucaramanga\\\/\"]},{\"@type\":\"Person\",\"@id\":\"https:\\\/\\\/contadoreshoy.com\\\/#\\\/schema\\\/person\\\/96d8979cb865537c5dc9345e40089fc5\",\"name\":\"Miguel Antonio M\u00e1rquez Monta\u00f1ez\",\"description\":\"Contador P\u00fablico egresado de la Universidad Aut\u00f3noma de Bucaramanga - Asesor contable tributario con m\u00e1s de 25 a\u00f1os de experiencia - Conferencista en temas contables y tributarios - T\u00e9cnico en Hardware y Dise\u00f1o Web - Creador y director Grupo de Estudio Colegio Colombiano de Contadores P\u00fablicos de Bucaramanga - Creador y Master Web p\u00e1gina www.contadoresp\u00fablicossantander.com - Expresidente Colegio Colombiano de Contadores P\u00fablicos Bucaramanga\",\"url\":\"https:\\\/\\\/contadoreshoy.com\\\/?author=1\"}]}<\/script>\n<!-- \/ Yoast SEO plugin. -->","yoast_head_json":{"title":"Bienes Incorporales - Valor Patrimonial - Contadores P\u00fablicos","robots":{"index":"index","follow":"follow","max-snippet":"max-snippet:-1","max-image-preview":"max-image-preview:large","max-video-preview":"max-video-preview:-1"},"canonical":"https:\/\/contadoreshoy.com\/?p=9757","og_locale":"es_ES","og_type":"article","og_title":"Bienes Incorporales - Valor Patrimonial - Contadores P\u00fablicos","og_description":"VALOR PATRIMONIAL DE LOS BIENES INCORPORALES Bienes incorporales Formados: Art\u00edculo&nbsp;75.&nbsp;Costo fiscal de los bienes incorporales formados.&nbsp;(ART. MODIFICADO POR ART. 55 DE LA LEY 1819 DE 2016 ).&nbsp; El costo de&#46;&#46;&#46;","og_url":"https:\/\/contadoreshoy.com\/?p=9757","og_site_name":"Contadores P\u00fablicos","article_publisher":"https:\/\/www.facebook.com\/CCCPBucaramanga\/","article_published_time":"2017-07-05T02:36:01+00:00","og_image":[{"width":600,"height":400,"url":"https:\/\/contadoreshoy.com\/wp-content\/uploads\/2017\/07\/Activos-Incorporales2.jpg","type":"image\/jpeg"}],"author":"Miguel Antonio M\u00e1rquez Monta\u00f1ez","twitter_card":"summary_large_image","twitter_misc":{"Escrito por":"Miguel Antonio M\u00e1rquez Monta\u00f1ez","Tiempo de lectura":"1 minuto"},"schema":{"@context":"https:\/\/schema.org","@graph":[{"@type":"Article","@id":"https:\/\/contadoreshoy.com\/?p=9757#article","isPartOf":{"@id":"https:\/\/contadoreshoy.com\/?p=9757"},"author":{"name":"Miguel Antonio M\u00e1rquez Monta\u00f1ez","@id":"https:\/\/contadoreshoy.com\/#\/schema\/person\/96d8979cb865537c5dc9345e40089fc5"},"headline":"Bienes Incorporales &#8211; Valor Patrimonial","datePublished":"2017-07-05T02:36:01+00:00","mainEntityOfPage":{"@id":"https:\/\/contadoreshoy.com\/?p=9757"},"wordCount":276,"publisher":{"@id":"https:\/\/contadoreshoy.com\/#organization"},"image":{"@id":"https:\/\/contadoreshoy.com\/?p=9757#primaryimage"},"thumbnailUrl":"https:\/\/contadoreshoy.com\/wp-content\/uploads\/2017\/07\/Activos-Incorporales2.jpg","inLanguage":"es"},{"@type":"WebPage","@id":"https:\/\/contadoreshoy.com\/?p=9757","url":"https:\/\/contadoreshoy.com\/?p=9757","name":"Bienes Incorporales - Valor Patrimonial - Contadores P\u00fablicos","isPartOf":{"@id":"https:\/\/contadoreshoy.com\/#website"},"primaryImageOfPage":{"@id":"https:\/\/contadoreshoy.com\/?p=9757#primaryimage"},"image":{"@id":"https:\/\/contadoreshoy.com\/?p=9757#primaryimage"},"thumbnailUrl":"https:\/\/contadoreshoy.com\/wp-content\/uploads\/2017\/07\/Activos-Incorporales2.jpg","datePublished":"2017-07-05T02:36:01+00:00","breadcrumb":{"@id":"https:\/\/contadoreshoy.com\/?p=9757#breadcrumb"},"inLanguage":"es","potentialAction":[{"@type":"ReadAction","target":["https:\/\/contadoreshoy.com\/?p=9757"]}]},{"@type":"ImageObject","inLanguage":"es","@id":"https:\/\/contadoreshoy.com\/?p=9757#primaryimage","url":"https:\/\/contadoreshoy.com\/wp-content\/uploads\/2017\/07\/Activos-Incorporales2.jpg","contentUrl":"https:\/\/contadoreshoy.com\/wp-content\/uploads\/2017\/07\/Activos-Incorporales2.jpg","width":600,"height":400},{"@type":"BreadcrumbList","@id":"https:\/\/contadoreshoy.com\/?p=9757#breadcrumb","itemListElement":[{"@type":"ListItem","position":1,"name":"Portada","item":"https:\/\/contadoreshoy.com\/"},{"@type":"ListItem","position":2,"name":"Bienes Incorporales &#8211; Valor Patrimonial"}]},{"@type":"WebSite","@id":"https:\/\/contadoreshoy.com\/#website","url":"https:\/\/contadoreshoy.com\/","name":"Contadorespublicossantander","description":"Portal para Contadores P\u00fablicos y empresarios","publisher":{"@id":"https:\/\/contadoreshoy.com\/#organization"},"potentialAction":[{"@type":"SearchAction","target":{"@type":"EntryPoint","urlTemplate":"https:\/\/contadoreshoy.com\/?s={search_term_string}"},"query-input":{"@type":"PropertyValueSpecification","valueRequired":true,"valueName":"search_term_string"}}],"inLanguage":"es"},{"@type":"Organization","@id":"https:\/\/contadoreshoy.com\/#organization","name":"Contadores P\u00fablicos de Santander","url":"https:\/\/contadoreshoy.com\/","logo":{"@type":"ImageObject","inLanguage":"es","@id":"https:\/\/contadoreshoy.com\/#\/schema\/logo\/image\/","url":"https:\/\/contadoreshoy.com\/wp-content\/uploads\/2024\/01\/cropped-cropped-Copia-de-M-1.jpg","contentUrl":"https:\/\/contadoreshoy.com\/wp-content\/uploads\/2024\/01\/cropped-cropped-Copia-de-M-1.jpg","width":499,"height":500,"caption":"Contadores P\u00fablicos de Santander"},"image":{"@id":"https:\/\/contadoreshoy.com\/#\/schema\/logo\/image\/"},"sameAs":["https:\/\/www.facebook.com\/CCCPBucaramanga\/"]},{"@type":"Person","@id":"https:\/\/contadoreshoy.com\/#\/schema\/person\/96d8979cb865537c5dc9345e40089fc5","name":"Miguel Antonio M\u00e1rquez Monta\u00f1ez","description":"Contador P\u00fablico egresado de la Universidad Aut\u00f3noma de Bucaramanga - Asesor contable tributario con m\u00e1s de 25 a\u00f1os de experiencia - Conferencista en temas contables y tributarios - T\u00e9cnico en Hardware y Dise\u00f1o Web - Creador y director Grupo de Estudio Colegio Colombiano de Contadores P\u00fablicos de Bucaramanga - Creador y Master Web p\u00e1gina www.contadoresp\u00fablicossantander.com - Expresidente Colegio Colombiano de Contadores P\u00fablicos Bucaramanga","url":"https:\/\/contadoreshoy.com\/?author=1"}]}},"_links":{"self":[{"href":"https:\/\/contadoreshoy.com\/index.php?rest_route=\/wp\/v2\/posts\/9757","targetHints":{"allow":["GET"]}}],"collection":[{"href":"https:\/\/contadoreshoy.com\/index.php?rest_route=\/wp\/v2\/posts"}],"about":[{"href":"https:\/\/contadoreshoy.com\/index.php?rest_route=\/wp\/v2\/types\/post"}],"author":[{"embeddable":true,"href":"https:\/\/contadoreshoy.com\/index.php?rest_route=\/wp\/v2\/users\/1"}],"replies":[{"embeddable":true,"href":"https:\/\/contadoreshoy.com\/index.php?rest_route=%2Fwp%2Fv2%2Fcomments&post=9757"}],"version-history":[{"count":1,"href":"https:\/\/contadoreshoy.com\/index.php?rest_route=\/wp\/v2\/posts\/9757\/revisions"}],"predecessor-version":[{"id":9758,"href":"https:\/\/contadoreshoy.com\/index.php?rest_route=\/wp\/v2\/posts\/9757\/revisions\/9758"}],"wp:featuredmedia":[{"embeddable":true,"href":"https:\/\/contadoreshoy.com\/index.php?rest_route=\/wp\/v2\/media\/9755"}],"wp:attachment":[{"href":"https:\/\/contadoreshoy.com\/index.php?rest_route=%2Fwp%2Fv2%2Fmedia&parent=9757"}],"wp:term":[{"taxonomy":"category","embeddable":true,"href":"https:\/\/contadoreshoy.com\/index.php?rest_route=%2Fwp%2Fv2%2Fcategories&post=9757"},{"taxonomy":"post_tag","embeddable":true,"href":"https:\/\/contadoreshoy.com\/index.php?rest_route=%2Fwp%2Fv2%2Ftags&post=9757"}],"curies":[{"name":"wp","href":"https:\/\/api.w.org\/{rel}","templated":true}]}}